{"id":10154,"date":"2017-08-17T18:48:06","date_gmt":"2017-08-17T21:48:06","guid":{"rendered":"https:\/\/www.socialismoobarbarie.org\/?p=10154"},"modified":"2019-11-19T23:06:46","modified_gmt":"2019-11-20T02:06:46","slug":"argentina-apuntes-sobre-la-campana-electoral-un-balance-extraordinario","status":"publish","type":"post","link":"https:\/\/www.socialismoobarbarie.org\/?p=10154","title":{"rendered":"Argentina &#8211; Apuntes sobre la campa\u00f1a electoral: Un balance extraordinario"},"content":{"rendered":"<p>A la hora de desarrollar un balance de la campa\u00f1a electoral de nuestro partido hay que tomar estos apuntes como un borrador inicial.<\/p>\n<p>Lo primero a subrayar es que realizamos la campa\u00f1a electoral m\u00e1s importante en la historia de nuestro partido. Desde la iniciativa de aprovechar el giro pol\u00edtico en la situaci\u00f3n con la asunci\u00f3n de Macri para llamar a conformar un frente electoral de independencia de clase con el MST (con el que ven\u00edamos y subsisten enormes diferencias pol\u00edticas y estrat\u00e9gicas), pasando por la mudanza estrat\u00e9gica de Manuela a la provincia de Buenos Aires, los ejes pol\u00edticos que desarrollamos en la campa\u00f1a, la actividad desplegada por el partido en todo el pa\u00eds, y el hecho que estuvimos muy cerca de romper el piso proscriptivo en la provincia de Buenos Aires, adem\u00e1s de lograrlo en todo el interior del pa\u00eds, <strong>el balance de la campa\u00f1a electoral es extraordinario. <\/strong><\/p>\n<p>Dicho balance podemos dividirlo en tres partes. Nuestra iniciativa de conformaci\u00f3n del frente propiamente dicho, la apuesta pol\u00edtica a la instalaci\u00f3n de Manuela Casta\u00f1eira como una de las principales figuras emergentes de la izquierda argentina y la pol\u00edtica que sostuvimos a lo largo de la campa\u00f1a, en todos los rubros el balance de la campa\u00f1a es de un \u00e9xito enorme, m\u00e1s all\u00e1 de no haber podido lograr el objetivo de quebrar las PASO en la provincia.<\/p>\n<p><strong>Una pol\u00edtica electoral revolucionaria <\/strong><\/p>\n<p>Arranquemos por nuestra pol\u00edtica electoral. Lo primero a se\u00f1alar es la <strong>ratificaci\u00f3n <\/strong>de los ejes que sostuvimos en la campa\u00f1a. Se\u00f1alemos que la campa\u00f1a proces\u00f3 un debate estrat\u00e9gico en el seno de la izquierda. Desde el vamos partimos de la idea que deb\u00edamos presentar <strong>un programa global<\/strong>, no s\u00f3lo consignas sueltas.<\/p>\n<p>Es que si no pod\u00eda colocarse el problema del gobierno en su conjunto \u2013no estuvo planteada la salida de Macri- s\u00ed se coloc\u00f3 en el centro de la escena -y se ratific\u00f3 con las contrarreformas que impulsa el gobierno-, <strong>el problema de su orientaci\u00f3n de conjunto.<\/strong><\/p>\n<p>El planteo de un <em>Plan B<\/em> aun si requer\u00eda -y requiere- una explicaci\u00f3n de medidas pedag\u00f3gicas espec\u00edficas, parti\u00f3 correctamente de esta <strong>globalidad<\/strong> (por oposici\u00f3n a la suma de consignas fragmentarias, que es lo que caracteriz\u00f3 la campa\u00f1a del FIT<a href=\"#_ftn1\" name=\"_ftnref1\">[1]<\/a>).<\/p>\n<p>Pero el transcurso de la campa\u00f1a puso en el centro de la escena el problema del ajuste, as\u00ed como coloc\u00f3 un debate estrat\u00e9gico en el seno de la izquierda.<\/p>\n<p>La campa\u00f1a de nuestro partido, nuestro frente y de Manuela colabor\u00f3 de manera muy concreta en <strong>alertar<\/strong> a amplios sectores de los trabajadores, las mujeres y la juventud, <strong>sobre los ataques y el ajuste que se viene<\/strong>. En esto el rol de Manuela fue extraordinario, objetiv\u00e1ndose en un papel de un <strong>verdadero tribuno popular<\/strong>; una cuesti\u00f3n sobre la que deberemos seguir desarrollando.<\/p>\n<p>Un tribuno popular recoge los sentimientos, aspiraciones, que vienen desde abajo, las broncas, y les da una perspectiva de conjunto, una perspectiva pol\u00edtica, una perspectiva que busca contribuir a la conciencia de clase<a href=\"#_ftn2\" name=\"_ftnref2\">[2]<\/a>.<\/p>\n<p>Por lo dem\u00e1s, la campa\u00f1a desarroll\u00f3 un debate estrat\u00e9gico de enorme importancia (adem\u00e1s de uno metodol\u00f3gico y principista, que veremos m\u00e1s abajo). La acentuaci\u00f3n de Del Ca\u00f1o y el FIT alrededor de la elecci\u00f3n de 20 o 30 diputados como el objetivo de la campa\u00f1a fue realmente un desastre por donde se lo mire: <strong>estrat\u00e9gica y concretamente<a href=\"#_ftn3\" name=\"_ftnref3\">[3]<\/a><\/strong>. Un objetivo no solamente irreal sino oportunista, que no educa a los trabajadores en las perspectivas correctas que tienen que ver con tomar en sus manos todas las tareas, en confiar solamente en su movilizaci\u00f3n, sino en un c\u00e1lculo de aparatos por lo dem\u00e1s rid\u00edculo.<\/p>\n<p>Cuando Manuela retruc\u00f3 que al gobierno \u201cse lo castiga en las urnas y se lo derrota en la calles\u201d coloc\u00f3 la perspectiva correcta hasta por el hecho que a lo sumo la izquierda (de la mano del FIT) podr\u00e1 elegir un diputado por provincia de Buenos Aires en octubre.<\/p>\n<p>Finalmente, no desarrollaremos aqu\u00ed <em>in extenso<\/em> el esc\u00e1ndalo principista de los ataques provocadores contra Manuela, las impugnaciones del frente en la justicia electoral, el intentar dirimir representaciones de la izquierda con el arbitraje de nuestros enemigos de clase, el querer quitarnos votos en el escrutinio definitivo, etc\u00e9tera.<\/p>\n<p>Todo esto debe ser materia de una reflexi\u00f3n mucho m\u00e1s profunda que la que podemos hacer aqu\u00ed, pero que remite a la sustituci\u00f3n de la pol\u00edtica revolucionaria por las maniobras; a la p\u00e9rdida de criterios elementales de principios en funci\u00f3n de un curso aparatista.<\/p>\n<p>Tambi\u00e9n en esto nuestro partido y nuestro frente dimos un ejemplo distinto en esta elecci\u00f3n: <strong>la de la construcci\u00f3n de la izquierda revolucionaria que no tiene por qu\u00e9 ser una cloaca metodol\u00f3gica<\/strong>, que supone una lucha de tendencias dur\u00edsima, mortal, pero con los m\u00e9todos de la clase trabajadora y no de nuestros enemigos de clase.<\/p>\n<p><strong>La conformaci\u00f3n de Izquierda al Frente por el Socialismo <\/strong><\/p>\n<p>El segundo acierto fue la conformaci\u00f3n del frente con el MST. Esto ocurri\u00f3 dadas las circunstancias de cerraz\u00f3n del FIT y aprovechando el giro pol\u00edtico nacional que signific\u00f3 la asunci\u00f3n de Macri, que abri\u00f3 una posibilidad de acuerdos pol\u00edticos entre nuestros partidos.<\/p>\n<p>Un acierto que educa en que la pol\u00edtica revolucionaria es <strong>concreta<\/strong>, que se formula en funci\u00f3n de las circunstancias concretas y no en base a abstracciones fuera de tiempo y lugar; un acierto que alej\u00f3 al MST de sus alianzas de conciliaci\u00f3n de clases \u2013m\u00e1s all\u00e1 del caso de Santa Fe- y lo trajo \u2013aun as\u00ed sea provisoriamente- <strong>hacia un acuerdo de independencia de clases<\/strong>; es decir, hacia la izquierda.<\/p>\n<p>La realidad es que a pesar de las enormes diferencias con el MST, el car\u00e1cter poco claro \u2013desde el punto de vista de clase- de sus llamados a la unidad, adem\u00e1s de otros problemas estrat\u00e9gicos, de momento los integrantes de la Izquierda al Frente por el Socialismo tenemos quiz\u00e1s m\u00e1s acuerdos <strong>pol\u00edticos<\/strong> que lo que ocurre entre las fuerzas del FIT, donde el PO recae en una orientaci\u00f3n que pierde de vista el centro en el enfrentamiento al gobierno de Macri, que fabula que en la Argentina habr\u00eda un \u201ccogobierno oficialismo- oposici\u00f3n\u201d, que lleg\u00f3 a definir a Macri como \u201cm\u00e1s de lo mismo\u201d en relaci\u00f3n a los K y otra serie de definiciones bordiguistas o del tercer per\u00edodo, o una IS que apoya a los escu\u00e1lidos en Venezuela\u2026<\/p>\n<p>Estos son problemas pol\u00edticos que de momento no tenemos en la Izquierda al Frente, esto m\u00e1s all\u00e1 que subsisten con el MST \u2013entre otras diferencias, como por ejemplo, frente al tema De Vido<a href=\"#_ftn4\" name=\"_ftnref4\">[4]<\/a>&#8211; el problema que nunca est\u00e1 claro el alcance de clase de sus llamados a la unidad (ver otra vez el caso de Santa Fe).<\/p>\n<p>En todo caso, la conformaci\u00f3n de Izquierda al Frente y su primera experiencia electoral permitieron colocar a la ofensiva el problema de la unidad de la izquierda, cuesti\u00f3n que se refuerza de aqu\u00ed en m\u00e1s, incluso debido a que pasamos las PASO en el interior del pa\u00eds; sumado a esto que el FIT no logre consagrar nuevos diputados, podr\u00eda colocarse con fecha cierta la finalizaci\u00f3n de su monopolio de la representaci\u00f3n de la izquierda.<\/p>\n<p><strong>La instalaci\u00f3n de Manuela como figura nacional <\/strong><\/p>\n<p>Por \u00faltimo pero de la m\u00e1xima importancia, est\u00e1 toda la inmensa experiencia de la instalaci\u00f3n de Manuela como una de las principales figuras de la izquierda argentina. A fuerza de pol\u00edtica revolucionaria, de pasi\u00f3n, de sensibilidad, de valent\u00eda y coraje en la confrontaci\u00f3n con los representantes pol\u00edticos burgueses, de una pol\u00edtica de di\u00e1logo hacia la base K, as\u00ed se fue forjando la figura de Manuela, <strong>que sale de esta campa\u00f1a electoral con un nivel de instalaci\u00f3n y conocimiento sin precedentes<\/strong>.<\/p>\n<p>Muchas cuestiones podr\u00edamos desarrollar aqu\u00ed que son enormemente importantes y que han dejado enormes ense\u00f1anzas; preferimos abordarlas en un texto espec\u00edfico trabajado m\u00e1s en profundidad.<\/p>\n<p>La cosa parte de una suerte de <em>mix <\/em>entre el peso hoy de las personalidades pol\u00edticas, as\u00ed como su proyecci\u00f3n al campo pol\u00edtico, el terreno de los medios, la representaci\u00f3n de una figura que <strong>no es un pol\u00edtico profesional<\/strong>: es una militante proveniente del movimiento de mujeres, que expresa a las nuevas generaciones, una joven trabajadora no docente.<\/p>\n<p>La apuesta a darle ese contenido de <strong>renovaci\u00f3n pol\u00edtica militante<\/strong> \u2013\u201cla izquierda renueva sus fuerzas\u201d- se revel\u00f3 tambi\u00e9n como un enorme acierto. Pero no s\u00f3lo como un tema de \u201cimagen\u201d, como una persona sin atributos propios (ver otras figuras de la izquierda en este sentido), sino como la emergente de un movimiento real, en el caso de Manuela, repetimos, del movimiento de mujeres, con una personalidad propia que se hacer valer como tal en todas las luchas, en las relaciones con los trabajadores, con la juventud, en la pol\u00e9mica en los medios, etc\u00e9tera.<\/p>\n<p>De esas confrontaciones Manuela sali\u00f3 con un enorme reconocimiento mostrando elementos de objetivaci\u00f3n creciente entre sectores de masas, con los m\u00e1s de cien mil votos obtenido en provincia, teniendo en cuenta adem\u00e1s que Manuela colabor\u00f3 a los votos del frente en todo el pa\u00eds transform\u00e1ndose sin duda alguna en la principal figura nacional de nuestro frente.<\/p>\n<p>No cabe duda que la proyecci\u00f3n de Manuela como figura de la izquierda ha dado un salto cualitativo sin antecedentes, lo que es otro logro enorme de nuestro partido en esta campa\u00f1a.<\/p>\n<p><strong>La actividad del partido <\/strong><\/p>\n<p>Finalmente, cabe destacar la tit\u00e1nica actividad del partido en esta campa\u00f1a, de toda su militancia, la fiscalizaci\u00f3n enorme en la provincia de Buenos Aires, el que toda una nueva camada de militantes se haya fogueado en la campa\u00f1a, saliendo de los \u201cnichos de la vanguardia\u201d hacia un di\u00e1logo amplio con sectores de masas.<\/p>\n<p>El partido fue m\u00e1s all\u00e1 de sus l\u00edmites; el partido se extendi\u00f3 a nivel nacional en provincias y regiones donde no est\u00e1bamos, abrimos decenas de nuevos locales, toda una actividad inconmensurable que todav\u00eda no podemos evaluar en todos sus verdaderos alcances.<\/p>\n<p>En todo caso, lo que queremos se\u00f1alar es la <strong>maduraci\u00f3n de toda la militancia partidaria <\/strong>y c\u00f3mo el partido est\u00e1 para m\u00e1s en materia organizativa y territorial a partir de esta campa\u00f1a; c\u00f3mo el partido debe ir a m\u00e1s en ambos terrenos.<\/p>\n<p>La campa\u00f1a electoral ha sido un \u00e9xito inmenso para el partido, un triunfo de proporciones aun si debemos ser objetivos que el objetivo de romper las PASO en provincia<strong> no se logr\u00f3<\/strong>, lo que no dej\u00f3 de ser un trago amargo dentro del \u00e9xito inmenso de esta campa\u00f1a.<\/p>\n<p>Pero est\u00e1 claro que el Nuevo MAS est\u00e1 acerc\u00e1ndose a un salto hist\u00f3rico en su desarrollo; salto hist\u00f3rico para el cual venimos acumulando cada vez mayores condiciones.<\/p>\n<p><a href=\"#_ftnref1\" name=\"_ftn1\">[1]<\/a> Esto m\u00e1s all\u00e1 que el FIT tom\u00f3 correctamente como uno de sus ejes de campa\u00f1a el conflicto del Pepsico, lo que de todas maneras no obsta para su habitual <strong>auto-referencialidad<\/strong>.<\/p>\n<p><a href=\"#_ftnref2\" name=\"_ftn2\">[2]<\/a> Un elemento de importancia aqu\u00ed fue el esfuerzo por desnudar el car\u00e1cter empresarial del gobierno de Macri, su profundo sentido de clase, adem\u00e1s de dejar en evidencia como todas las fuerzas de la oposici\u00f3n patronal de una u otra manera vienen colaborando para dejar que pase el ajuste,<\/p>\n<p><a href=\"#_ftnref3\" name=\"_ftn3\">[3]<\/a> Del Ca\u00f1o repiti\u00f3 varias veces que ese era el objetivo del FIT en la campa\u00f1a; que con \u201c20 o 30 diputados, senadores, la represi\u00f3n en Pepsico no hubiera ocurrido\u201d\u2026 una perspectiva falsa por donde se la mire, m\u00e1s all\u00e1 que t\u00e1cticamente es de enorme importancia poder tener diputados de la izquierda.<\/p>\n<p><a href=\"#_ftnref4\" name=\"_ftn4\">[4]<\/a> Al igual que el MES en Brasil, el MST defiende una orientaci\u00f3n que no es de clase frente al tema de la corrupci\u00f3n patronal y burguesa.<\/p>\n","protected":false},"excerpt":{"rendered":"<p>A la hora de desarrollar un balance de la campa\u00f1a electoral de nuestro partido hay que tomar estos apuntes como un borrador inicial. Lo primero a subrayar es que realizamos la campa\u00f1a electoral m\u00e1s importante en la historia de nuestro partido. Desde la iniciativa de aprovechar el giro pol\u00edtico en la situaci\u00f3n con la asunci\u00f3n [&hellip;]<\/p>\n","protected":false},"author":8,"featured_media":10155,"comment_status":"closed","ping_status":"closed","sticky":false,"template":"","format":"standard","meta":{"footnotes":""},"categories":[122,1656,1612],"tags":[1727,35],"class_list":{"0":"post-10154","1":"post","2":"type-post","3":"status-publish","4":"format-standard","5":"has-post-thumbnail","7":"category-america-latina-y-el-caribe","8":"category-argentina","9":"category-izquierda-al-frente-por-el-socialismo","10":"tag-edicion-85","11":"tag-roberto-saenz"},"yoast_head":"<!-- This site is optimized with the Yoast SEO plugin v27.5 - https:\/\/yoast.com\/product\/yoast-seo-wordpress\/ -->\n<title>Argentina - Apuntes sobre la campa\u00f1a electoral: Un balance extraordinario - Socialismo o Barbarie<\/title>\n<meta name=\"robots\" content=\"index, follow, max-snippet:-1, max-image-preview:large, max-video-preview:-1\" \/>\n<link rel=\"canonical\" href=\"https:\/\/www.socialismoobarbarie.org\/?p=10154\" \/>\n<meta property=\"og:locale\" content=\"es_ES\" \/>\n<meta property=\"og:type\" content=\"article\" \/>\n<meta property=\"og:title\" content=\"Argentina - Apuntes sobre la campa\u00f1a electoral: Un balance extraordinario - Socialismo o Barbarie\" \/>\n<meta property=\"og:description\" content=\"A la hora de desarrollar un balance de la campa\u00f1a electoral de nuestro partido hay que tomar estos apuntes como un borrador inicial. Lo primero a subrayar es que realizamos la campa\u00f1a electoral m\u00e1s importante en la historia de nuestro partido. Desde la iniciativa de aprovechar el giro pol\u00edtico en la situaci\u00f3n con la asunci\u00f3n [&hellip;]\" \/>\n<meta property=\"og:url\" content=\"https:\/\/www.socialismoobarbarie.org\/?p=10154\" \/>\n<meta property=\"og:site_name\" content=\"Socialismo o Barbarie\" \/>\n<meta property=\"article:published_time\" content=\"2017-08-17T21:48:06+00:00\" \/>\n<meta property=\"article:modified_time\" content=\"2019-11-20T02:06:46+00:00\" \/>\n<meta property=\"og:image\" content=\"https:\/\/www.socialismoobarbarie.org\/wp-content\/uploads\/2017\/08\/IMG_2609.jpg\" \/>\n\t<meta property=\"og:image:width\" content=\"700\" \/>\n\t<meta property=\"og:image:height\" content=\"467\" \/>\n\t<meta property=\"og:image:type\" content=\"image\/jpeg\" \/>\n<meta name=\"author\" content=\"SOB\" \/>\n<meta name=\"twitter:card\" content=\"summary_large_image\" \/>\n<meta name=\"twitter:label1\" content=\"Escrito por\" \/>\n\t<meta name=\"twitter:data1\" content=\"SOB\" \/>\n\t<meta name=\"twitter:label2\" content=\"Tiempo de lectura\" \/>\n\t<meta name=\"twitter:data2\" content=\"10 minutos\" \/>\n<script type=\"application\/ld+json\" class=\"yoast-schema-graph\">{\"@context\":\"https:\\\/\\\/schema.org\",\"@graph\":[{\"@type\":\"Article\",\"@id\":\"https:\\\/\\\/www.socialismoobarbarie.org\\\/?p=10154#article\",\"isPartOf\":{\"@id\":\"https:\\\/\\\/www.socialismoobarbarie.org\\\/?p=10154\"},\"author\":{\"name\":\"SOB\",\"@id\":\"https:\\\/\\\/www.socialismoobarbarie.org\\\/#\\\/schema\\\/person\\\/bc1c3b321d47ed092405949c77e35a8e\"},\"headline\":\"Argentina &#8211; Apuntes sobre la campa\u00f1a electoral: Un balance extraordinario\",\"datePublished\":\"2017-08-17T21:48:06+00:00\",\"dateModified\":\"2019-11-20T02:06:46+00:00\",\"mainEntityOfPage\":{\"@id\":\"https:\\\/\\\/www.socialismoobarbarie.org\\\/?p=10154\"},\"wordCount\":2071,\"publisher\":{\"@id\":\"https:\\\/\\\/www.socialismoobarbarie.org\\\/#organization\"},\"image\":{\"@id\":\"https:\\\/\\\/www.socialismoobarbarie.org\\\/?p=10154#primaryimage\"},\"thumbnailUrl\":\"https:\\\/\\\/www.socialismoobarbarie.org\\\/wp-content\\\/uploads\\\/2017\\\/08\\\/IMG_2609.jpg\",\"keywords\":[\"Edicion 85\",\"Roberto S\u00e1enz\"],\"articleSection\":[\"Am\u00e9rica Latina\",\"Argentina\",\"Izquierda al Frente por el Socialismo\"],\"inLanguage\":\"es\"},{\"@type\":\"WebPage\",\"@id\":\"https:\\\/\\\/www.socialismoobarbarie.org\\\/?p=10154\",\"url\":\"https:\\\/\\\/www.socialismoobarbarie.org\\\/?p=10154\",\"name\":\"Argentina - Apuntes sobre la campa\u00f1a electoral: Un balance extraordinario - Socialismo o Barbarie\",\"isPartOf\":{\"@id\":\"https:\\\/\\\/www.socialismoobarbarie.org\\\/#website\"},\"primaryImageOfPage\":{\"@id\":\"https:\\\/\\\/www.socialismoobarbarie.org\\\/?p=10154#primaryimage\"},\"image\":{\"@id\":\"https:\\\/\\\/www.socialismoobarbarie.org\\\/?p=10154#primaryimage\"},\"thumbnailUrl\":\"https:\\\/\\\/www.socialismoobarbarie.org\\\/wp-content\\\/uploads\\\/2017\\\/08\\\/IMG_2609.jpg\",\"datePublished\":\"2017-08-17T21:48:06+00:00\",\"dateModified\":\"2019-11-20T02:06:46+00:00\",\"breadcrumb\":{\"@id\":\"https:\\\/\\\/www.socialismoobarbarie.org\\\/?p=10154#breadcrumb\"},\"inLanguage\":\"es\",\"potentialAction\":[{\"@type\":\"ReadAction\",\"target\":[\"https:\\\/\\\/www.socialismoobarbarie.org\\\/?p=10154\"]}]},{\"@type\":\"ImageObject\",\"inLanguage\":\"es\",\"@id\":\"https:\\\/\\\/www.socialismoobarbarie.org\\\/?p=10154#primaryimage\",\"url\":\"https:\\\/\\\/www.socialismoobarbarie.org\\\/wp-content\\\/uploads\\\/2017\\\/08\\\/IMG_2609.jpg\",\"contentUrl\":\"https:\\\/\\\/www.socialismoobarbarie.org\\\/wp-content\\\/uploads\\\/2017\\\/08\\\/IMG_2609.jpg\",\"width\":700,\"height\":467},{\"@type\":\"BreadcrumbList\",\"@id\":\"https:\\\/\\\/www.socialismoobarbarie.org\\\/?p=10154#breadcrumb\",\"itemListElement\":[{\"@type\":\"ListItem\",\"position\":1,\"name\":\"Portada\",\"item\":\"https:\\\/\\\/www.socialismoobarbarie.org\\\/\"},{\"@type\":\"ListItem\",\"position\":2,\"name\":\"Argentina &#8211; Apuntes sobre la campa\u00f1a electoral: Un balance extraordinario\"}]},{\"@type\":\"WebSite\",\"@id\":\"https:\\\/\\\/www.socialismoobarbarie.org\\\/#website\",\"url\":\"https:\\\/\\\/www.socialismoobarbarie.org\\\/\",\"name\":\"Socialismo o Barbarie\",\"description\":\"Sitio web de la corriente internacional Socialismo o Barbarie\",\"publisher\":{\"@id\":\"https:\\\/\\\/www.socialismoobarbarie.org\\\/#organization\"},\"potentialAction\":[{\"@type\":\"SearchAction\",\"target\":{\"@type\":\"EntryPoint\",\"urlTemplate\":\"https:\\\/\\\/www.socialismoobarbarie.org\\\/?s={search_term_string}\"},\"query-input\":{\"@type\":\"PropertyValueSpecification\",\"valueRequired\":true,\"valueName\":\"search_term_string\"}}],\"inLanguage\":\"es\"},{\"@type\":\"Organization\",\"@id\":\"https:\\\/\\\/www.socialismoobarbarie.org\\\/#organization\",\"name\":\"Socialismo o Barbarie\",\"url\":\"https:\\\/\\\/www.socialismoobarbarie.org\\\/\",\"logo\":{\"@type\":\"ImageObject\",\"inLanguage\":\"es\",\"@id\":\"https:\\\/\\\/www.socialismoobarbarie.org\\\/#\\\/schema\\\/logo\\\/image\\\/\",\"url\":\"https:\\\/\\\/www.socialismoobarbarie.org\\\/wp-content\\\/uploads\\\/2025\\\/02\\\/soblogoweb-2025.png\",\"contentUrl\":\"https:\\\/\\\/www.socialismoobarbarie.org\\\/wp-content\\\/uploads\\\/2025\\\/02\\\/soblogoweb-2025.png\",\"width\":450,\"height\":161,\"caption\":\"Socialismo o Barbarie\"},\"image\":{\"@id\":\"https:\\\/\\\/www.socialismoobarbarie.org\\\/#\\\/schema\\\/logo\\\/image\\\/\"}},{\"@type\":\"Person\",\"@id\":\"https:\\\/\\\/www.socialismoobarbarie.org\\\/#\\\/schema\\\/person\\\/bc1c3b321d47ed092405949c77e35a8e\",\"name\":\"SOB\",\"url\":\"https:\\\/\\\/www.socialismoobarbarie.org\\\/?author=8\"}]}<\/script>\n<!-- \/ Yoast SEO plugin. -->","yoast_head_json":{"title":"Argentina - Apuntes sobre la campa\u00f1a electoral: Un balance extraordinario - Socialismo o Barbarie","robots":{"index":"index","follow":"follow","max-snippet":"max-snippet:-1","max-image-preview":"max-image-preview:large","max-video-preview":"max-video-preview:-1"},"canonical":"https:\/\/www.socialismoobarbarie.org\/?p=10154","og_locale":"es_ES","og_type":"article","og_title":"Argentina - Apuntes sobre la campa\u00f1a electoral: Un balance extraordinario - Socialismo o Barbarie","og_description":"A la hora de desarrollar un balance de la campa\u00f1a electoral de nuestro partido hay que tomar estos apuntes como un borrador inicial. Lo primero a subrayar es que realizamos la campa\u00f1a electoral m\u00e1s importante en la historia de nuestro partido. Desde la iniciativa de aprovechar el giro pol\u00edtico en la situaci\u00f3n con la asunci\u00f3n [&hellip;]","og_url":"https:\/\/www.socialismoobarbarie.org\/?p=10154","og_site_name":"Socialismo o Barbarie","article_published_time":"2017-08-17T21:48:06+00:00","article_modified_time":"2019-11-20T02:06:46+00:00","og_image":[{"width":700,"height":467,"url":"https:\/\/www.socialismoobarbarie.org\/wp-content\/uploads\/2017\/08\/IMG_2609.jpg","type":"image\/jpeg"}],"author":"SOB","twitter_card":"summary_large_image","twitter_misc":{"Escrito por":"SOB","Tiempo de lectura":"10 minutos"},"schema":{"@context":"https:\/\/schema.org","@graph":[{"@type":"Article","@id":"https:\/\/www.socialismoobarbarie.org\/?p=10154#article","isPartOf":{"@id":"https:\/\/www.socialismoobarbarie.org\/?p=10154"},"author":{"name":"SOB","@id":"https:\/\/www.socialismoobarbarie.org\/#\/schema\/person\/bc1c3b321d47ed092405949c77e35a8e"},"headline":"Argentina &#8211; Apuntes sobre la campa\u00f1a electoral: Un balance extraordinario","datePublished":"2017-08-17T21:48:06+00:00","dateModified":"2019-11-20T02:06:46+00:00","mainEntityOfPage":{"@id":"https:\/\/www.socialismoobarbarie.org\/?p=10154"},"wordCount":2071,"publisher":{"@id":"https:\/\/www.socialismoobarbarie.org\/#organization"},"image":{"@id":"https:\/\/www.socialismoobarbarie.org\/?p=10154#primaryimage"},"thumbnailUrl":"https:\/\/www.socialismoobarbarie.org\/wp-content\/uploads\/2017\/08\/IMG_2609.jpg","keywords":["Edicion 85","Roberto S\u00e1enz"],"articleSection":["Am\u00e9rica Latina","Argentina","Izquierda al Frente por el Socialismo"],"inLanguage":"es"},{"@type":"WebPage","@id":"https:\/\/www.socialismoobarbarie.org\/?p=10154","url":"https:\/\/www.socialismoobarbarie.org\/?p=10154","name":"Argentina - Apuntes sobre la campa\u00f1a electoral: Un balance extraordinario - Socialismo o Barbarie","isPartOf":{"@id":"https:\/\/www.socialismoobarbarie.org\/#website"},"primaryImageOfPage":{"@id":"https:\/\/www.socialismoobarbarie.org\/?p=10154#primaryimage"},"image":{"@id":"https:\/\/www.socialismoobarbarie.org\/?p=10154#primaryimage"},"thumbnailUrl":"https:\/\/www.socialismoobarbarie.org\/wp-content\/uploads\/2017\/08\/IMG_2609.jpg","datePublished":"2017-08-17T21:48:06+00:00","dateModified":"2019-11-20T02:06:46+00:00","breadcrumb":{"@id":"https:\/\/www.socialismoobarbarie.org\/?p=10154#breadcrumb"},"inLanguage":"es","potentialAction":[{"@type":"ReadAction","target":["https:\/\/www.socialismoobarbarie.org\/?p=10154"]}]},{"@type":"ImageObject","inLanguage":"es","@id":"https:\/\/www.socialismoobarbarie.org\/?p=10154#primaryimage","url":"https:\/\/www.socialismoobarbarie.org\/wp-content\/uploads\/2017\/08\/IMG_2609.jpg","contentUrl":"https:\/\/www.socialismoobarbarie.org\/wp-content\/uploads\/2017\/08\/IMG_2609.jpg","width":700,"height":467},{"@type":"BreadcrumbList","@id":"https:\/\/www.socialismoobarbarie.org\/?p=10154#breadcrumb","itemListElement":[{"@type":"ListItem","position":1,"name":"Portada","item":"https:\/\/www.socialismoobarbarie.org\/"},{"@type":"ListItem","position":2,"name":"Argentina &#8211; Apuntes sobre la campa\u00f1a electoral: Un balance extraordinario"}]},{"@type":"WebSite","@id":"https:\/\/www.socialismoobarbarie.org\/#website","url":"https:\/\/www.socialismoobarbarie.org\/","name":"Socialismo o Barbarie","description":"Sitio web de la corriente internacional Socialismo o Barbarie","publisher":{"@id":"https:\/\/www.socialismoobarbarie.org\/#organization"},"potentialAction":[{"@type":"SearchAction","target":{"@type":"EntryPoint","urlTemplate":"https:\/\/www.socialismoobarbarie.org\/?s={search_term_string}"},"query-input":{"@type":"PropertyValueSpecification","valueRequired":true,"valueName":"search_term_string"}}],"inLanguage":"es"},{"@type":"Organization","@id":"https:\/\/www.socialismoobarbarie.org\/#organization","name":"Socialismo o Barbarie","url":"https:\/\/www.socialismoobarbarie.org\/","logo":{"@type":"ImageObject","inLanguage":"es","@id":"https:\/\/www.socialismoobarbarie.org\/#\/schema\/logo\/image\/","url":"https:\/\/www.socialismoobarbarie.org\/wp-content\/uploads\/2025\/02\/soblogoweb-2025.png","contentUrl":"https:\/\/www.socialismoobarbarie.org\/wp-content\/uploads\/2025\/02\/soblogoweb-2025.png","width":450,"height":161,"caption":"Socialismo o Barbarie"},"image":{"@id":"https:\/\/www.socialismoobarbarie.org\/#\/schema\/logo\/image\/"}},{"@type":"Person","@id":"https:\/\/www.socialismoobarbarie.org\/#\/schema\/person\/bc1c3b321d47ed092405949c77e35a8e","name":"SOB","url":"https:\/\/www.socialismoobarbarie.org\/?author=8"}]}},"_links":{"self":[{"href":"https:\/\/www.socialismoobarbarie.org\/index.php?rest_route=\/wp\/v2\/posts\/10154","targetHints":{"allow":["GET"]}}],"collection":[{"href":"https:\/\/www.socialismoobarbarie.org\/index.php?rest_route=\/wp\/v2\/posts"}],"about":[{"href":"https:\/\/www.socialismoobarbarie.org\/index.php?rest_route=\/wp\/v2\/types\/post"}],"author":[{"embeddable":true,"href":"https:\/\/www.socialismoobarbarie.org\/index.php?rest_route=\/wp\/v2\/users\/8"}],"replies":[{"embeddable":true,"href":"https:\/\/www.socialismoobarbarie.org\/index.php?rest_route=%2Fwp%2Fv2%2Fcomments&post=10154"}],"version-history":[{"count":1,"href":"https:\/\/www.socialismoobarbarie.org\/index.php?rest_route=\/wp\/v2\/posts\/10154\/revisions"}],"predecessor-version":[{"id":10156,"href":"https:\/\/www.socialismoobarbarie.org\/index.php?rest_route=\/wp\/v2\/posts\/10154\/revisions\/10156"}],"wp:featuredmedia":[{"embeddable":true,"href":"https:\/\/www.socialismoobarbarie.org\/index.php?rest_route=\/wp\/v2\/media\/10155"}],"wp:attachment":[{"href":"https:\/\/www.socialismoobarbarie.org\/index.php?rest_route=%2Fwp%2Fv2%2Fmedia&parent=10154"}],"wp:term":[{"taxonomy":"category","embeddable":true,"href":"https:\/\/www.socialismoobarbarie.org\/index.php?rest_route=%2Fwp%2Fv2%2Fcategories&post=10154"},{"taxonomy":"post_tag","embeddable":true,"href":"https:\/\/www.socialismoobarbarie.org\/index.php?rest_route=%2Fwp%2Fv2%2Ftags&post=10154"}],"curies":[{"name":"wp","href":"https:\/\/api.w.org\/{rel}","templated":true}]}}