{"id":10179,"date":"2017-08-24T20:28:03","date_gmt":"2017-08-24T23:28:03","guid":{"rendered":"https:\/\/www.socialismoobarbarie.org\/?p=10179"},"modified":"2019-11-20T00:59:40","modified_gmt":"2019-11-20T03:59:40","slug":"estados-unidos-el-ataque-racista-de-charlottesville-abrio-una-crisis-politica","status":"publish","type":"post","link":"https:\/\/www.socialismoobarbarie.org\/?p=10179","title":{"rendered":"Estados Unidos \u2013 El ataque racista de Charlottesville abri\u00f3 una crisis pol\u00edtica"},"content":{"rendered":"<p>El fin de semana del 12 de agosto ocurrieron hechos de gran importancia en Estados Unidos. En la ciudad de Charlottesville (Virginia), se realiz\u00f3 una muy visible movilizaci\u00f3n racista impulsada por neonazis, miembros del Ku Klux Klan y otros grupos similares, en defensa de un monumento hist\u00f3rico que posee una fuerte carga \u201csupremacista blanca\u201d. En respuesta a ella se organiz\u00f3 una contramanifestaci\u00f3n de grupos antifascistas. Pero esta termin\u00f3 en un grav\u00edsimo ataque: un ultraderechista embisti\u00f3 con su auto a los manifestantes, asesinando a una de ellas e hiriendo a muchos otros. La v\u00edctima, Heather D. Heyer, era una joven de 32 a\u00f1os, activista por los derechos civiles. El asesino, un joven blanco de 20 a\u00f1os llamado James Alex Fields, simpatizante del nazismo.<\/p>\n<p>El origen de la movilizaci\u00f3n fascista fue la decisi\u00f3n del concejo de la ciudad de remover la estatua del general Robert Lee, quien comand\u00f3 a las tropas de la Confederaci\u00f3n en la guerra civil norteamericana (1861-1865). La Confederaci\u00f3n era el bando de los once Estados esclavistas del sur del pa\u00eds, que viv\u00edan de las plantaciones donde trabajaban millones de esclavos provenientes de \u00c1frica y sus descendientes. El triunfo de la Uni\u00f3n (los estados del Norte) llev\u00f3 a la abolici\u00f3n de la esclavitud, liberando a m\u00e1s de cuatro millones de personas de su yugo. Si bien la Confederaci\u00f3n fue disuelta y su causa derrotada, muchos de sus Estados continuaron levantando abiertamente la memoria de sus \u201ch\u00e9roes\u201d y reivindicando sus s\u00edmbolos (como la bandera confederada). Dichos s\u00edmbolos persisten todav\u00eda hasta el d\u00eda de hoy, siendo fuente de una enorme pol\u00e9mica.<\/p>\n<p>En los \u00faltimos a\u00f1os, el problema racial se volvi\u00f3 enormemente candente en Estados Unidos. Los muy frecuentes asesinatos de afroamericanos a manos de las \u201cfuerzas de seguridad\u201d generaron grandes revueltas y movilizaciones, que dieron nacimiento al movimiento \u201cBlack Lives Matter\u201d. Este responde no solamente al racismo del Estado y de sectores reaccionarios de la sociedad, sino a la situaci\u00f3n de marginaci\u00f3n, pobreza y explotaci\u00f3n a la que se encuentran sometidos millones de afroamericanos.<\/p>\n<p>El triunfo de Trump ech\u00f3 m\u00e1s le\u00f1a al fuego: su perfil es abiertamente racista, y en el centro de su base pol\u00edtico-social se encuentran grupos \u201csupremacistas blancos\u201d como el KKK, los neonazis y la \u201cderecha alternativa\u201d (\u201calt-right\u201d). Dichos grupos jugaron un importante rol en su campa\u00f1a electoral, son su principal soporte ideol\u00f3gico y salen a la calle en defensa de su gobierno.<\/p>\n<p>En este caldo de cultivo, la discusi\u00f3n sobre los monumentos a los generales confederados actu\u00f3 como catalizador de una enorme polarizaci\u00f3n pol\u00edtico-social. Los grupos fascistas que defienden a Trump tomaron como una cuesti\u00f3n de principios la defensa de sus s\u00edmbolos, pero m\u00e1s a\u00fan, lo consideraron la ocasi\u00f3n ideal para lanzar una contraofensiva, mostr\u00e1ndose p\u00fablicamente de manera provocadora y buscando generar un \u201cshock\u201d medi\u00e1tico.<\/p>\n<p>Por otro lado, el gobierno de Trump viene debilitado, sin capacidad de establecer un equipo de gobierno estable, sin poder hacer pasar gran parte de sus medidas, y sin poder mostrar ning\u00fan gran \u00e9xito en el terreno econ\u00f3mico. Su popularidad parece estar en retroceso, y esto se combina con el enorme odio que genera entre los sectores progresistas de la sociedad, en las minor\u00edas, etc.<\/p>\n<p>As\u00ed es como el escenario qued\u00f3 planteado para el choque entre los dos campos pol\u00edticos. Los grupos fascistas convocaron en Charlottesville a una movilizaci\u00f3n con la consigna \u201cunir a la derecha\u201d, incluyendo a conocidos oradores de la \u201cderecha alternativa\u201d, y d\u00e1ndole de esta manera un perfil nacional a su actividad. En el campus de la universidad realizaron una siniestra marcha de antorchas recordando la est\u00e9tica de los linchamientos racistas de la \u00e9poca cl\u00e1sica del Ku Klux Klan. En los alrededores del monumento se movilizaron por las calles desplegando sus s\u00edmbolos (esv\u00e1sticas y otros) y cantando slogans racistas, antisemitas, homof\u00f3bicos y xen\u00f3fobos. Entre esos espec\u00edmenes se encontraba el asesino que atropell\u00f3 de manera deliberada a los antifascistas (record\u00e1ndole de paso al mundo que el terrorismo no es propiedad exclusiva de ISIS o del islamismo).<\/p>\n<p>A lo largo de la jornada se desataron fuertes enfrentamientos entre los fascistas y los antifascistas, totalizando por lo menos 34 heridos. Las im\u00e1genes de estos choques recorrieron el pa\u00eds desatando una fuerte crisis pol\u00edtica y obligando a Trump a posicionarse p\u00fablicamente. Pero es precisamente aqu\u00ed donde el presidente norteamericano nuevamente mostr\u00f3 la hilacha: en sus declaraciones sostuvo que la culpa era de \u201cambos bandos\u201d por generar violencia, evitando de esa manera una condena a los grupos de ultraderecha. Esto desat\u00f3 una ola de indignaci\u00f3n en Estados Unidos, con cr\u00edticas de un amplio espectro de sectores pol\u00edticos y sociales. La crisis se agrav\u00f3 a\u00fan m\u00e1s, replic\u00e1ndose las movilizaciones tanto de los antirracistas como de los \u201csupremacistas blancos\u201d.<\/p>\n<p><strong>La ca\u00edda de Steve Bannon<\/strong><\/p>\n<p>La crisis abierta por Charlottesville termin\u00f3 de precipitar otro acontecimiento: la ca\u00edda en desgracia de Steve Bannon, principal asesor y estratega de Donald Trump. Bannon es a su vez el jefe principal de la publicaci\u00f3n \u201cBreitbart News\u201d, medio de comunicaci\u00f3n insignia del nuevo nacionalismo norteamericano. Esta corriente es la que sustenta la filosof\u00eda pol\u00edtica de Trump: pone en el centro de la escena al sujeto norteamericano blanco, occidental, en contraposici\u00f3n con los extranjeros, los musulmanes, los inmigrantes latinos, etc. Las idea-fuerza de la campa\u00f1a de Trump \u201chacer a Am\u00e9rica grande de vuelta\u201d y \u201cAm\u00e9rica primero\u201d son los emblemas de esta concepci\u00f3n.<\/p>\n<p>Tras los acontecimientos de Charlottesville, Bannon debi\u00f3 abandonar su puesto de \u201cjefe de estrategia\u201d de la Casa Blanca, ante una creciente presi\u00f3n del resto del gabinete. Esto fue precipitado precisamente por ser visto como el ala \u201cradical\u201d del nacionalismo reaccionario de Trump, como el principal instigador de las simpat\u00edas ultraderechistas del gobierno.<\/p>\n<p>Sin embargo, las tensiones ven\u00edan ya de mucho antes. El problema de fondo es que la agenda nacionalista de Bannon fue vetada desde un comienzo por el \u201cestablishment\u201d norteamericano, que ve\u00eda como una grave amenaza los giros propuestos por aquel. Entre ellos se encontraban la propuesta de un reacercamiento con Rusia (r\u00e1pidamente obstaculizado por los organismos de \u201cseguridad nacional\u201d como el Pent\u00e1gono, el FBI, la CIA, etc.), una mayor dureza en el enfrentamiento comercial con China, el levantamiento de barreras arancelarias, una pol\u00edtica mucho m\u00e1s dura contra la inmigraci\u00f3n, etc.<\/p>\n<p>El choque del \u201cestablishment\u201d imperialista con Trump se hizo visible en los cambios ministeriales que se le impusieron: la salida temprana del general Michael Flynn como asesor de Seguridad Nacional y su reemplazo por el general H.R McMaster, mucho m\u00e1s \u201ctradicional\u201d. Este \u00faltimo, como representante del \u201cstatu quo\u201d vigente durante d\u00e9cadas en la pol\u00edtica norteamericana, se encarg\u00f3 (junto a otros altos funcionarios) de poner en caja a Steve Bannon, releg\u00e1ndolo cada vez m\u00e1s. Otros choques similares culminaron en la salida de otros importantes asesores de Trump y de su jefe de gabinete, Reince Priebus.<\/p>\n<p>Poco antes de ser despedido, Bannon realiz\u00f3 importantes declaraciones en los medios de comunicaci\u00f3n. Se\u00f1al\u00f3 que EEUU se encuentra en una \u201cguerra econ\u00f3mica\u201d con China y que, peor a\u00fan, la est\u00e1 perdiendo. Advirti\u00f3 que, de seguirse ese curso, en unos 5 o 10 a\u00f1os se producir\u00eda un \u201cpunto de inflexi\u00f3n sin retorno\u201d, en el cual China sobrepasar\u00eda a EEUU como potencia hegem\u00f3nica mundial. De esta manera lanzaba agresivamente su campa\u00f1a por el establecimiento de mayores tarifas arancelarias y otras formas de sanci\u00f3n comercial contra China. Otros cortocircuitos tambi\u00e9n incluyeron la cuesti\u00f3n de Corea del Norte, donde Bannon se\u00f1al\u00f3 que \u201cno hab\u00eda opci\u00f3n militar\u201d sobre la mesa, contradiciendo las amenazas de Trump. El nacionalismo imperialista de Bannon prefiere evitar por el momento las aventuras militares externas, priorizando la hegemon\u00eda mundial por medios comerciales.<\/p>\n<p>Los graves acontecimientos de Charlottesville, la crisis pol\u00edtica desatada y la ca\u00edda de Bannon ponen en evidencia que la situaci\u00f3n de EEUU est\u00e1 muy lejos de ser estable. Por el contrario, se acumulan graves problemas de fondo, que remiten en \u00faltima instancia a su retroceso como potencia hegem\u00f3nica mundial, a su declive econ\u00f3mico-comercial y a su perdida relativa de influencia geopol\u00edtica. \u00a0La administraci\u00f3n de Trump (caracterizada por su \u201cheterodoxia\u201d, su car\u00e1cter de \u201coutsider\u201d frente a los c\u00f3digos del mundo pol\u00edtico, sus exabruptos, su personalidad agresiva y desagradable, etc.) agrava estos problemas al exacerbar las tensiones pol\u00edticas internas y externas, aumentando la inestabilidad y generando una enorme polarizaci\u00f3n. De continuar por esta v\u00eda, queda inclusive en cuesti\u00f3n la permanencia en el cargo de Trump, acosado tambi\u00e9n por las investigaciones judiciales (que mantienen en el horizonte la perspectiva de un posible \u201cimpeachment\u201d en el mediano plazo). Importantes sectores de la propia burgues\u00eda norteamericana se preguntan si est\u00e1 apto para el cargo, como ilustran varios titulares en medios de comunicaci\u00f3n como el New York Times, el Washington Post, etc.<\/p>\n<p>Por otra parte, el crecimiento en la actividad de los grupos fascistas plantea m\u00e1s que nunca la necesidad de la m\u00e1s amplia movilizaci\u00f3n popular (incluyendo elementos de autodefensa), con la perspectiva de derrotar al reaccionario gobierno de Trump. Es necesario tirarlo abajo para acabar con los ataques racistas y asegurar los derechos de todos los grupos oprimidos de Norteam\u00e9rica y del mundo. La presencia de un personaje de este tipo al frente de la primera potencia mundial (especialmente en un contexto de crisis e inestabilidad), entra\u00f1a un enorme peligro para la humanidad. Su ca\u00edda a manos de la movilizaci\u00f3n de los de abajo ser\u00eda un enorme triunfo, que abrir\u00eda las puertas para una verdadera salida a la crisis, que ponga en el centro a los explotados y oprimidos.<\/p>\n","protected":false},"excerpt":{"rendered":"<p>El fin de semana del 12 de agosto ocurrieron hechos de gran importancia en Estados Unidos. En la ciudad de Charlottesville (Virginia), se realiz\u00f3 una muy visible movilizaci\u00f3n racista impulsada por neonazis, miembros del Ku Klux Klan y otros grupos similares, en defensa de un monumento hist\u00f3rico que posee una fuerte carga \u201csupremacista blanca\u201d. En [&hellip;]<\/p>\n","protected":false},"author":8,"featured_media":10180,"comment_status":"closed","ping_status":"closed","sticky":false,"template":"","format":"standard","meta":{"footnotes":""},"categories":[1689],"tags":[1168,1728],"class_list":{"0":"post-10179","1":"post","2":"type-post","3":"status-publish","4":"format-standard","5":"has-post-thumbnail","7":"category-estados-unidos","8":"tag-ale-kur","9":"tag-edicion-86"},"yoast_head":"<!-- This site is optimized with the Yoast SEO plugin v27.5 - https:\/\/yoast.com\/product\/yoast-seo-wordpress\/ -->\n<title>Estados Unidos \u2013 El ataque racista de Charlottesville abri\u00f3 una crisis pol\u00edtica - Socialismo o Barbarie<\/title>\n<meta name=\"robots\" content=\"index, follow, max-snippet:-1, max-image-preview:large, max-video-preview:-1\" \/>\n<link rel=\"canonical\" href=\"https:\/\/www.socialismoobarbarie.org\/?p=10179\" \/>\n<meta property=\"og:locale\" content=\"es_ES\" \/>\n<meta property=\"og:type\" content=\"article\" \/>\n<meta property=\"og:title\" content=\"Estados Unidos \u2013 El ataque racista de Charlottesville abri\u00f3 una crisis pol\u00edtica - Socialismo o Barbarie\" \/>\n<meta property=\"og:description\" content=\"El fin de semana del 12 de agosto ocurrieron hechos de gran importancia en Estados Unidos. En la ciudad de Charlottesville (Virginia), se realiz\u00f3 una muy visible movilizaci\u00f3n racista impulsada por neonazis, miembros del Ku Klux Klan y otros grupos similares, en defensa de un monumento hist\u00f3rico que posee una fuerte carga \u201csupremacista blanca\u201d. En [&hellip;]\" \/>\n<meta property=\"og:url\" content=\"https:\/\/www.socialismoobarbarie.org\/?p=10179\" \/>\n<meta property=\"og:site_name\" content=\"Socialismo o Barbarie\" \/>\n<meta property=\"article:published_time\" content=\"2017-08-24T23:28:03+00:00\" \/>\n<meta property=\"article:modified_time\" content=\"2019-11-20T03:59:40+00:00\" \/>\n<meta property=\"og:image\" content=\"https:\/\/www.socialismoobarbarie.org\/wp-content\/uploads\/2017\/08\/charlottesville-alt-right-protest-01-gty-jef-170812_3x2_1600-e1503617267462.jpg\" \/>\n\t<meta property=\"og:image:width\" content=\"700\" \/>\n\t<meta property=\"og:image:height\" content=\"467\" \/>\n\t<meta property=\"og:image:type\" content=\"image\/jpeg\" \/>\n<meta name=\"author\" content=\"SOB\" \/>\n<meta name=\"twitter:card\" content=\"summary_large_image\" \/>\n<meta name=\"twitter:label1\" content=\"Escrito por\" \/>\n\t<meta name=\"twitter:data1\" content=\"SOB\" \/>\n\t<meta name=\"twitter:label2\" content=\"Tiempo de lectura\" \/>\n\t<meta name=\"twitter:data2\" content=\"8 minutos\" \/>\n<script type=\"application\/ld+json\" class=\"yoast-schema-graph\">{\"@context\":\"https:\\\/\\\/schema.org\",\"@graph\":[{\"@type\":\"Article\",\"@id\":\"https:\\\/\\\/www.socialismoobarbarie.org\\\/?p=10179#article\",\"isPartOf\":{\"@id\":\"https:\\\/\\\/www.socialismoobarbarie.org\\\/?p=10179\"},\"author\":{\"name\":\"SOB\",\"@id\":\"https:\\\/\\\/www.socialismoobarbarie.org\\\/#\\\/schema\\\/person\\\/bc1c3b321d47ed092405949c77e35a8e\"},\"headline\":\"Estados Unidos \u2013 El ataque racista de Charlottesville abri\u00f3 una crisis pol\u00edtica\",\"datePublished\":\"2017-08-24T23:28:03+00:00\",\"dateModified\":\"2019-11-20T03:59:40+00:00\",\"mainEntityOfPage\":{\"@id\":\"https:\\\/\\\/www.socialismoobarbarie.org\\\/?p=10179\"},\"wordCount\":1693,\"publisher\":{\"@id\":\"https:\\\/\\\/www.socialismoobarbarie.org\\\/#organization\"},\"image\":{\"@id\":\"https:\\\/\\\/www.socialismoobarbarie.org\\\/?p=10179#primaryimage\"},\"thumbnailUrl\":\"https:\\\/\\\/www.socialismoobarbarie.org\\\/wp-content\\\/uploads\\\/2017\\\/08\\\/charlottesville-alt-right-protest-01-gty-jef-170812_3x2_1600-e1503617267462.jpg\",\"keywords\":[\"Ale Kur\",\"Edicion 86\"],\"articleSection\":[\"Estados Unidos\"],\"inLanguage\":\"es\"},{\"@type\":\"WebPage\",\"@id\":\"https:\\\/\\\/www.socialismoobarbarie.org\\\/?p=10179\",\"url\":\"https:\\\/\\\/www.socialismoobarbarie.org\\\/?p=10179\",\"name\":\"Estados Unidos \u2013 El ataque racista de Charlottesville abri\u00f3 una crisis pol\u00edtica - Socialismo o Barbarie\",\"isPartOf\":{\"@id\":\"https:\\\/\\\/www.socialismoobarbarie.org\\\/#website\"},\"primaryImageOfPage\":{\"@id\":\"https:\\\/\\\/www.socialismoobarbarie.org\\\/?p=10179#primaryimage\"},\"image\":{\"@id\":\"https:\\\/\\\/www.socialismoobarbarie.org\\\/?p=10179#primaryimage\"},\"thumbnailUrl\":\"https:\\\/\\\/www.socialismoobarbarie.org\\\/wp-content\\\/uploads\\\/2017\\\/08\\\/charlottesville-alt-right-protest-01-gty-jef-170812_3x2_1600-e1503617267462.jpg\",\"datePublished\":\"2017-08-24T23:28:03+00:00\",\"dateModified\":\"2019-11-20T03:59:40+00:00\",\"breadcrumb\":{\"@id\":\"https:\\\/\\\/www.socialismoobarbarie.org\\\/?p=10179#breadcrumb\"},\"inLanguage\":\"es\",\"potentialAction\":[{\"@type\":\"ReadAction\",\"target\":[\"https:\\\/\\\/www.socialismoobarbarie.org\\\/?p=10179\"]}]},{\"@type\":\"ImageObject\",\"inLanguage\":\"es\",\"@id\":\"https:\\\/\\\/www.socialismoobarbarie.org\\\/?p=10179#primaryimage\",\"url\":\"https:\\\/\\\/www.socialismoobarbarie.org\\\/wp-content\\\/uploads\\\/2017\\\/08\\\/charlottesville-alt-right-protest-01-gty-jef-170812_3x2_1600-e1503617267462.jpg\",\"contentUrl\":\"https:\\\/\\\/www.socialismoobarbarie.org\\\/wp-content\\\/uploads\\\/2017\\\/08\\\/charlottesville-alt-right-protest-01-gty-jef-170812_3x2_1600-e1503617267462.jpg\",\"width\":700,\"height\":467},{\"@type\":\"BreadcrumbList\",\"@id\":\"https:\\\/\\\/www.socialismoobarbarie.org\\\/?p=10179#breadcrumb\",\"itemListElement\":[{\"@type\":\"ListItem\",\"position\":1,\"name\":\"Portada\",\"item\":\"https:\\\/\\\/www.socialismoobarbarie.org\\\/\"},{\"@type\":\"ListItem\",\"position\":2,\"name\":\"Estados Unidos \u2013 El ataque racista de Charlottesville abri\u00f3 una crisis pol\u00edtica\"}]},{\"@type\":\"WebSite\",\"@id\":\"https:\\\/\\\/www.socialismoobarbarie.org\\\/#website\",\"url\":\"https:\\\/\\\/www.socialismoobarbarie.org\\\/\",\"name\":\"Socialismo o Barbarie\",\"description\":\"Sitio web de la corriente internacional Socialismo o Barbarie\",\"publisher\":{\"@id\":\"https:\\\/\\\/www.socialismoobarbarie.org\\\/#organization\"},\"potentialAction\":[{\"@type\":\"SearchAction\",\"target\":{\"@type\":\"EntryPoint\",\"urlTemplate\":\"https:\\\/\\\/www.socialismoobarbarie.org\\\/?s={search_term_string}\"},\"query-input\":{\"@type\":\"PropertyValueSpecification\",\"valueRequired\":true,\"valueName\":\"search_term_string\"}}],\"inLanguage\":\"es\"},{\"@type\":\"Organization\",\"@id\":\"https:\\\/\\\/www.socialismoobarbarie.org\\\/#organization\",\"name\":\"Socialismo o Barbarie\",\"url\":\"https:\\\/\\\/www.socialismoobarbarie.org\\\/\",\"logo\":{\"@type\":\"ImageObject\",\"inLanguage\":\"es\",\"@id\":\"https:\\\/\\\/www.socialismoobarbarie.org\\\/#\\\/schema\\\/logo\\\/image\\\/\",\"url\":\"https:\\\/\\\/www.socialismoobarbarie.org\\\/wp-content\\\/uploads\\\/2025\\\/02\\\/soblogoweb-2025.png\",\"contentUrl\":\"https:\\\/\\\/www.socialismoobarbarie.org\\\/wp-content\\\/uploads\\\/2025\\\/02\\\/soblogoweb-2025.png\",\"width\":450,\"height\":161,\"caption\":\"Socialismo o Barbarie\"},\"image\":{\"@id\":\"https:\\\/\\\/www.socialismoobarbarie.org\\\/#\\\/schema\\\/logo\\\/image\\\/\"}},{\"@type\":\"Person\",\"@id\":\"https:\\\/\\\/www.socialismoobarbarie.org\\\/#\\\/schema\\\/person\\\/bc1c3b321d47ed092405949c77e35a8e\",\"name\":\"SOB\",\"url\":\"https:\\\/\\\/www.socialismoobarbarie.org\\\/?author=8\"}]}<\/script>\n<!-- \/ Yoast SEO plugin. -->","yoast_head_json":{"title":"Estados Unidos \u2013 El ataque racista de Charlottesville abri\u00f3 una crisis pol\u00edtica - Socialismo o Barbarie","robots":{"index":"index","follow":"follow","max-snippet":"max-snippet:-1","max-image-preview":"max-image-preview:large","max-video-preview":"max-video-preview:-1"},"canonical":"https:\/\/www.socialismoobarbarie.org\/?p=10179","og_locale":"es_ES","og_type":"article","og_title":"Estados Unidos \u2013 El ataque racista de Charlottesville abri\u00f3 una crisis pol\u00edtica - Socialismo o Barbarie","og_description":"El fin de semana del 12 de agosto ocurrieron hechos de gran importancia en Estados Unidos. En la ciudad de Charlottesville (Virginia), se realiz\u00f3 una muy visible movilizaci\u00f3n racista impulsada por neonazis, miembros del Ku Klux Klan y otros grupos similares, en defensa de un monumento hist\u00f3rico que posee una fuerte carga \u201csupremacista blanca\u201d. En [&hellip;]","og_url":"https:\/\/www.socialismoobarbarie.org\/?p=10179","og_site_name":"Socialismo o Barbarie","article_published_time":"2017-08-24T23:28:03+00:00","article_modified_time":"2019-11-20T03:59:40+00:00","og_image":[{"width":700,"height":467,"url":"https:\/\/www.socialismoobarbarie.org\/wp-content\/uploads\/2017\/08\/charlottesville-alt-right-protest-01-gty-jef-170812_3x2_1600-e1503617267462.jpg","type":"image\/jpeg"}],"author":"SOB","twitter_card":"summary_large_image","twitter_misc":{"Escrito por":"SOB","Tiempo de lectura":"8 minutos"},"schema":{"@context":"https:\/\/schema.org","@graph":[{"@type":"Article","@id":"https:\/\/www.socialismoobarbarie.org\/?p=10179#article","isPartOf":{"@id":"https:\/\/www.socialismoobarbarie.org\/?p=10179"},"author":{"name":"SOB","@id":"https:\/\/www.socialismoobarbarie.org\/#\/schema\/person\/bc1c3b321d47ed092405949c77e35a8e"},"headline":"Estados Unidos \u2013 El ataque racista de Charlottesville abri\u00f3 una crisis pol\u00edtica","datePublished":"2017-08-24T23:28:03+00:00","dateModified":"2019-11-20T03:59:40+00:00","mainEntityOfPage":{"@id":"https:\/\/www.socialismoobarbarie.org\/?p=10179"},"wordCount":1693,"publisher":{"@id":"https:\/\/www.socialismoobarbarie.org\/#organization"},"image":{"@id":"https:\/\/www.socialismoobarbarie.org\/?p=10179#primaryimage"},"thumbnailUrl":"https:\/\/www.socialismoobarbarie.org\/wp-content\/uploads\/2017\/08\/charlottesville-alt-right-protest-01-gty-jef-170812_3x2_1600-e1503617267462.jpg","keywords":["Ale Kur","Edicion 86"],"articleSection":["Estados Unidos"],"inLanguage":"es"},{"@type":"WebPage","@id":"https:\/\/www.socialismoobarbarie.org\/?p=10179","url":"https:\/\/www.socialismoobarbarie.org\/?p=10179","name":"Estados Unidos \u2013 El ataque racista de Charlottesville abri\u00f3 una crisis pol\u00edtica - Socialismo o Barbarie","isPartOf":{"@id":"https:\/\/www.socialismoobarbarie.org\/#website"},"primaryImageOfPage":{"@id":"https:\/\/www.socialismoobarbarie.org\/?p=10179#primaryimage"},"image":{"@id":"https:\/\/www.socialismoobarbarie.org\/?p=10179#primaryimage"},"thumbnailUrl":"https:\/\/www.socialismoobarbarie.org\/wp-content\/uploads\/2017\/08\/charlottesville-alt-right-protest-01-gty-jef-170812_3x2_1600-e1503617267462.jpg","datePublished":"2017-08-24T23:28:03+00:00","dateModified":"2019-11-20T03:59:40+00:00","breadcrumb":{"@id":"https:\/\/www.socialismoobarbarie.org\/?p=10179#breadcrumb"},"inLanguage":"es","potentialAction":[{"@type":"ReadAction","target":["https:\/\/www.socialismoobarbarie.org\/?p=10179"]}]},{"@type":"ImageObject","inLanguage":"es","@id":"https:\/\/www.socialismoobarbarie.org\/?p=10179#primaryimage","url":"https:\/\/www.socialismoobarbarie.org\/wp-content\/uploads\/2017\/08\/charlottesville-alt-right-protest-01-gty-jef-170812_3x2_1600-e1503617267462.jpg","contentUrl":"https:\/\/www.socialismoobarbarie.org\/wp-content\/uploads\/2017\/08\/charlottesville-alt-right-protest-01-gty-jef-170812_3x2_1600-e1503617267462.jpg","width":700,"height":467},{"@type":"BreadcrumbList","@id":"https:\/\/www.socialismoobarbarie.org\/?p=10179#breadcrumb","itemListElement":[{"@type":"ListItem","position":1,"name":"Portada","item":"https:\/\/www.socialismoobarbarie.org\/"},{"@type":"ListItem","position":2,"name":"Estados Unidos \u2013 El ataque racista de Charlottesville abri\u00f3 una crisis pol\u00edtica"}]},{"@type":"WebSite","@id":"https:\/\/www.socialismoobarbarie.org\/#website","url":"https:\/\/www.socialismoobarbarie.org\/","name":"Socialismo o Barbarie","description":"Sitio web de la corriente internacional Socialismo o Barbarie","publisher":{"@id":"https:\/\/www.socialismoobarbarie.org\/#organization"},"potentialAction":[{"@type":"SearchAction","target":{"@type":"EntryPoint","urlTemplate":"https:\/\/www.socialismoobarbarie.org\/?s={search_term_string}"},"query-input":{"@type":"PropertyValueSpecification","valueRequired":true,"valueName":"search_term_string"}}],"inLanguage":"es"},{"@type":"Organization","@id":"https:\/\/www.socialismoobarbarie.org\/#organization","name":"Socialismo o Barbarie","url":"https:\/\/www.socialismoobarbarie.org\/","logo":{"@type":"ImageObject","inLanguage":"es","@id":"https:\/\/www.socialismoobarbarie.org\/#\/schema\/logo\/image\/","url":"https:\/\/www.socialismoobarbarie.org\/wp-content\/uploads\/2025\/02\/soblogoweb-2025.png","contentUrl":"https:\/\/www.socialismoobarbarie.org\/wp-content\/uploads\/2025\/02\/soblogoweb-2025.png","width":450,"height":161,"caption":"Socialismo o Barbarie"},"image":{"@id":"https:\/\/www.socialismoobarbarie.org\/#\/schema\/logo\/image\/"}},{"@type":"Person","@id":"https:\/\/www.socialismoobarbarie.org\/#\/schema\/person\/bc1c3b321d47ed092405949c77e35a8e","name":"SOB","url":"https:\/\/www.socialismoobarbarie.org\/?author=8"}]}},"_links":{"self":[{"href":"https:\/\/www.socialismoobarbarie.org\/index.php?rest_route=\/wp\/v2\/posts\/10179","targetHints":{"allow":["GET"]}}],"collection":[{"href":"https:\/\/www.socialismoobarbarie.org\/index.php?rest_route=\/wp\/v2\/posts"}],"about":[{"href":"https:\/\/www.socialismoobarbarie.org\/index.php?rest_route=\/wp\/v2\/types\/post"}],"author":[{"embeddable":true,"href":"https:\/\/www.socialismoobarbarie.org\/index.php?rest_route=\/wp\/v2\/users\/8"}],"replies":[{"embeddable":true,"href":"https:\/\/www.socialismoobarbarie.org\/index.php?rest_route=%2Fwp%2Fv2%2Fcomments&post=10179"}],"version-history":[{"count":1,"href":"https:\/\/www.socialismoobarbarie.org\/index.php?rest_route=\/wp\/v2\/posts\/10179\/revisions"}],"predecessor-version":[{"id":10181,"href":"https:\/\/www.socialismoobarbarie.org\/index.php?rest_route=\/wp\/v2\/posts\/10179\/revisions\/10181"}],"wp:featuredmedia":[{"embeddable":true,"href":"https:\/\/www.socialismoobarbarie.org\/index.php?rest_route=\/wp\/v2\/media\/10180"}],"wp:attachment":[{"href":"https:\/\/www.socialismoobarbarie.org\/index.php?rest_route=%2Fwp%2Fv2%2Fmedia&parent=10179"}],"wp:term":[{"taxonomy":"category","embeddable":true,"href":"https:\/\/www.socialismoobarbarie.org\/index.php?rest_route=%2Fwp%2Fv2%2Fcategories&post=10179"},{"taxonomy":"post_tag","embeddable":true,"href":"https:\/\/www.socialismoobarbarie.org\/index.php?rest_route=%2Fwp%2Fv2%2Ftags&post=10179"}],"curies":[{"name":"wp","href":"https:\/\/api.w.org\/{rel}","templated":true}]}}