{"id":10426,"date":"2017-10-19T21:24:42","date_gmt":"2017-10-20T00:24:42","guid":{"rendered":"https:\/\/www.socialismoobarbarie.org\/?p=10426"},"modified":"2019-11-19T23:06:45","modified_gmt":"2019-11-20T02:06:45","slug":"argentina-a-las-calles-por-santiago","status":"publish","type":"post","link":"https:\/\/www.socialismoobarbarie.org\/?p=10426","title":{"rendered":"Argentina &#8211; A las calles por Santiago"},"content":{"rendered":"<p>Aparici\u00f3n con vida y juicio y castigo a los culpables<\/p>\n<h2><strong>A las calles por Santiago <\/strong><\/h2>\n<p>Roberto S\u00e1enz<\/p>\n<p>En el transcurso de ayer martes 17\/10 el pa\u00eds se conmocion\u00f3: apareci\u00f3 un cuerpo 300 metros r\u00edo arriba de donde hab\u00eda sido la represi\u00f3n de la Gendarmer\u00eda el 1\u00ba de agosto en el Pu Lof de Cushamen.<\/p>\n<p>El acontecimiento cruz\u00f3 la coyuntura pol\u00edtica paralizando la campa\u00f1a electoral. Se abri\u00f3 as\u00ed una crisis pol\u00edtica cuyo desarrollo es todav\u00eda incierto.<\/p>\n<p>Dicha crisis afect\u00f3 tambi\u00e9n al kirchnerismo y al FIT que, en frente \u00fanico, se plantaron contra la movilizaci\u00f3n.<\/p>\n<p>Por el contrario, nuestro partido se movi\u00f3 con el criterio que no se puede dejar pasar un acontecimiento as\u00ed sin responder en las calles.<\/p>\n<p>Sostuvimos que hab\u00eda que movilizarse. Y as\u00ed lo hicimos con una importante columna; esto a pesar de todas las campa\u00f1as del miedo surgidas desde el macrismo y las usinas k (agreguemos de paso que en la marcha no se verific\u00f3 ninguna provocaci\u00f3n).<\/p>\n<p><strong>La crisis de un gobierno encubridor\u00a0 \u00a0<\/strong><\/p>\n<p>Luego de 78 d\u00edas de su desaparici\u00f3n forzada, la aparici\u00f3n de un cuerpo que todav\u00eda no se sabe si pertenece a Santiago termin\u00f3 abriendo una crisis pol\u00edtica anunciada que no terminaba de decantar.<\/p>\n<p>Por m\u00e1s campa\u00f1a sucia que haya desatado el macrismo en los \u00faltimos meses, los reclamos democr\u00e1ticos est\u00e1n muy a flor de piel en nuestro pa\u00eds, y no es tan sencillo reprimir y forzar la desaparici\u00f3n de una persona como si nada pasara.<\/p>\n<p>El gobierno se jug\u00f3 la carta del encubrimiento antes de las PASO y le sali\u00f3 bien. Pero patear la pelota para adelante no es una soluci\u00f3n: la cuesti\u00f3n se hizo patente con la multitudinaria marcha el 1\u00ba de septiembre a Plaza de Mayo.<\/p>\n<p>Con la inestimable colaboraci\u00f3n del juez Otranto, el gobierno logr\u00f3 ir recuperando terreno, lo que no le evit\u00f3, de todos modos, pagar el costo pol\u00edtico de que su amigo juez quedara desplazado.<\/p>\n<p>Lleral tom\u00f3 el mando de la causa y cuando todo se encaminaba a que los plazos de la investigaci\u00f3n excedieran los de la campa\u00f1a electoral, <strong>la desaparici\u00f3n de Santiago le estall\u00f3 en la cara al oficialismo.<\/strong><\/p>\n<p>Varios periodistas a sueldo del gobierno buscan crear sospechas alrededor de que \u201cno se crean que sea casualidad que un cuerpo haya aparecido poco tiempo antes de las elecciones\u201d (Feinmann).<\/p>\n<p>Pero m\u00e1s all\u00e1 de las especulaciones (que todav\u00eda no pueden ser aclaradas), la realidad es que en una sociedad movilizada como la de nuestro pa\u00eds, donde arraigan tradiciones de lucha tan importantes, no hay manera que una desaparici\u00f3n forzada no se le vuelva como un boomerang contra sus autores.<\/p>\n<p>Sergio Maldonado brind\u00f3 horas atr\u00e1s una conferencia de prensa donde si bien dej\u00f3 justificadamente abierta la identidad del cuerpo aparecido (hasta que se hagan los peritajes del caso, lo que ocurrir\u00eda la semana pr\u00f3xima), entreg\u00f3 sin embargo una definici\u00f3n de suma importancia: insisti\u00f3 que considera que lo que le pas\u00f3 a Santiago es una \u201cdesaparici\u00f3n forzada\u201d, que fueron las instituciones del Estado las que lo capturaron, que luego de haberse realizado tres rastrillajes previos en el mismo lugar donde apareci\u00f3 el cuerpo, la \u00fanica conclusi\u00f3n que se puede sacar es que alguien lo \u201cplant\u00f3\u201d all\u00ed.<\/p>\n<p>Hasta el momento el gobierno no ha dicho esta boca es m\u00eda. Ampar\u00e1ndose en excusas varias, <strong>no ha hecho declaraci\u00f3n alguna<\/strong>. De todos modos ha hecho algunos movimientos. Los mismos tienen que ver con la bajeza de siempre: <strong>intentar<\/strong> <strong>criminalizar al pueblo mapuche<\/strong>. Avruj ha denunciado que ayer se \u201catent\u00f3 contra su vida\u201d\u2026 Esto simplemente porque algunos integrantes de la comunidad mapuche le dieron algunos empujones mientras denunciaban al gobierno como \u201casesino\u201d.<\/p>\n<p>La \u00fanica acci\u00f3n de Cambiemos frente a los hechos ha sido una demag\u00f3gica \u201csuspensi\u00f3n\u201d de su campa\u00f1a electoral. \u00a1Como si con esto les alcanzara para lavarse la ropa cuando son los responsables de la desaparici\u00f3n de Santiago!<\/p>\n<p>El desencadenamiento de los acontecimientos ha dejado en la picota a Bullrich. Tambi\u00e9n podr\u00eda arrastrar al juicio pol\u00edtico al juez Otranto (evidente organizador del encubrimiento).<\/p>\n<p>Pero no se trata solamente de ellos. D\u00edas atr\u00e1s Carrio tuvo el tup\u00e9 de afirmar que \u201cexist\u00eda un 20% de posibilidades que Santiago se encontrara en Chile\u201d: una infamia de la cual ahora ha salido a despegarse pidi\u00e9ndole \u201cdisculpas\u201d a la familia (una maniobra c\u00ednica y electoralista para no perder votos el domingo).<\/p>\n<p><strong>La canallada de los k <\/strong><\/p>\n<p>Es aqu\u00ed donde se instala la canallada de los dirigentes kirchneristas frente a los \u00faltimos acontecimientos: se jugaron con alma y vida a impedir la movilizaci\u00f3n con la excusa que la familia \u201cno hab\u00eda convocado\u201d.<\/p>\n<p>Esto no es m\u00e1s que un pretexto, porque en las reuniones de los organismos de derechos humanos semanas atr\u00e1s, los k ya hab\u00edan anticipado que \u201cno convocar\u00edan a ning\u00fan nueva marcha por Santiago\u201d. La \u201cjustificaci\u00f3n\u201d: que esto ser\u00eda para evitar provocaciones, que hay que evitar que el gobierno \u201cdecrete un Estado de sitio\u201d y argumentos por el estilo.<\/p>\n<p>Pero si esto fuera as\u00ed, frente a cualquier manotazo reaccionario de los gobiernos, frente a cualquier giro a la derecha de la coyuntura habr\u00eda que correr a ponerse debajo de la cama dejando que los pretendientes a \u201cdictadores\u201d se ense\u00f1oreen del pa\u00eds.<\/p>\n<p>La tradici\u00f3n popular es la contraria: salir a las calles, movilizarse frente a cualquier manotazo reaccionario, teniendo el cuidado, a la vez, de no caer en provocaciones.<\/p>\n<p>En la jornada de hoy los k llevaron su pol\u00edtica desmovilizadora m\u00e1s lejos: <strong>militaron para que no haya movilizaci\u00f3n<\/strong>. Esto se explica porque el kirchnerismo es una fuerza burguesa: de ninguna manera va a convocar a una movilizaci\u00f3n sino la tiene perfectamente controlada; pero incluso m\u00e1s: va a jugarse a paralizar cualquier manifestaci\u00f3n que apunte a un cuestionamiento del Estado patronal (como puede ser este caso ante la circunstancia aberrante de la desaparici\u00f3n de Santiago).<\/p>\n<p>La l\u00f3gica de clase de su comportamiento sigue los manuales cl\u00e1sicos del marxismo: aunque la burgues\u00eda les escupa el ojo todos los d\u00edas, aunque haya judicializado la campa\u00f1a llevando frente al banquillo de los acusados a cada uno de sus dirigentes (\u00a1dirigentes que est\u00e1n hundidos en el lodo del enriquecimiento il\u00edcito!), aun as\u00ed, se desviven por recuperar los favores de la patronal. Y para eso tienen que hacer profesi\u00f3n de fe de que no est\u00e1n dispuestos a movilizar siquiera frente a situaciones como las que estamos viviendo.<\/p>\n<p>Desde Macri hacia abajo, el gobierno \u00edntegro tiene la responsabilidad directa en la desaparici\u00f3n de Santiago. Un acontecimiento que ha introducido un componente reaccionario grav\u00edsimo en el r\u00e9gimen pol\u00edtico colocando en un terreno at\u00edpico las elecciones.<\/p>\n<p>De ah\u00ed que la tarea sea redoblar la pelea por la aparici\u00f3n con vida de Santiago, por el juicio y castigo a los culpables, por no hacerle el juego a un gobierno reaccionario que se juega a imponer un clima de temor para hacer pasar un duro ajuste econ\u00f3mico; un gobierno que, quiz\u00e1s, se haya subido demasiado al caballo y que aunque se alce con un triunfo electoral el domingo pr\u00f3ximo, quiz\u00e1s le convendr\u00eda no perder de vista que las relaciones de fuerzas no han sido del todo probadas; que a pesar de las direcciones traidoras en cualquier giro de las circunstancias, <strong>el proceso de la movilizaci\u00f3n podr\u00eda desbordarse<\/strong>.<\/p>\n<p><strong>El FIT como soldado de la democracia patronal \u00a0<\/strong><\/p>\n<p>Pero lo que m\u00e1s revolvi\u00f3 el est\u00f3mago en la jornada de hoy fue el nefasto rol que jugaron el PTS y el PO: <strong>su adaptaci\u00f3n pusil\u00e1nime al electoralismo<\/strong><a href=\"#_ftn1\" name=\"_ftnref1\">[1]<\/a>.<\/p>\n<p>Con la excusa de que la familia no convocaba, se negaron a movilizar. Y no solamente no convocaron: <strong>\u00a1hicieron frente \u00fanico con los k para desmovilizar! <\/strong><\/p>\n<p>Llama la atenci\u00f3n que el FIT que se viene negando a la unidad de acci\u00f3n cuando hay escenarios de movilizaci\u00f3n, se haya colocado como furg\u00f3n de cola del kirchnerismo para desmovilizar.<\/p>\n<p>Mientras que el kirchnerismo sali\u00f3 a jugarse para impedir la movilizaci\u00f3n, el FIT le rindi\u00f3 una pleites\u00eda pol\u00edtica que la \u00fanica explicaci\u00f3n <strong>materialista<\/strong> que puede tener es su adaptaci\u00f3n electoralista al r\u00e9gimen patronal (es decir, en una pol\u00edtica basada, primordial y exclusivamente, sobre la base de los c\u00e1lculos de los votos que se pueden ganar o perder).<\/p>\n<p>La excusa es que la familia no convoc\u00f3. Pero tampoco ha convocado para ma\u00f1ana ni pasado ma\u00f1ana. Sergio Maldonado ha sido claro en que ese no es su rol; que en este momento no pueden convocar a nada, que est\u00e1n conmovidos por los acontecimientos y que su \u00fanica tarea es la autopsia del cuerpo para saber si es Santiago.<\/p>\n<p>Se entiende la posici\u00f3n de la familia; se entiende que quieran seguir esos pasos; quiz\u00e1s la semana que viene convoquen.<\/p>\n<p>Pero nos parece una grav\u00edsima adaptaci\u00f3n a las presiones del r\u00e9gimen que el FIT, en vez de llamar a las calles, se haya dedicado la jornada de hoy a combatir a nuestro partido.<\/p>\n<p>Y no se trata de un mero problema \u201ct\u00e1ctico\u201d: estaba en juego un elemento principista en la medida que, frente a semejante acontecimiento, hay que lograr que la poblaci\u00f3n salga a las calles. Dejar pasar varios d\u00edas frente a un acontecimiento as\u00ed es <strong>grav\u00edsimo<\/strong>.<\/p>\n<p>\u00bfCu\u00e1l es la excusa de la militancia de estos partidos para este comportamiento? Que el domingo hay elecciones \u00bfCu\u00e1l es el problema? Ser\u00eda un error izquierdista plantear suspender las elecciones; paralizar nuestras campa\u00f1as electorales. Nuestro partido se presenta en much\u00edsimas provincias como parte de Izquierda al Frente por el socialismo (incluso en varios municipios del gran Buenos Aires y La Plata); en ninguno de estos casos hemos frenado nuestra campa\u00f1a.<\/p>\n<p>Pero nos parece un caso grave de adaptaci\u00f3n oportunista lo que ha protagonizado hoy el FIT: <strong>que en funci\u00f3n de que el domingo se vota se hayan jugado a boicotear la movilizaci\u00f3n<\/strong>.<\/p>\n<p><strong>Saber ir contra la corriente <\/strong><\/p>\n<p>Nuestro partido actu\u00f3 con un criterio diferente.<\/p>\n<p>Consideramos una obligaci\u00f3n principista salir a las calles. Defendemos las acciones m\u00e1s masivas que sean posibles, no confiamos en la actuaci\u00f3n de peque\u00f1os grupos para transformar la realidad. Pero tampoco hacemos <strong>seguidismo<\/strong> a las direcciones burguesas o peque\u00f1o-burguesas como los k y adl\u00e1teres, que est\u00e1n en el juego de la gobernabilidad.<\/p>\n<p>Cuando ocurre un acontecimiento como el de las \u00faltimas horas, la educaci\u00f3n que debemos trasmitirle a nuestra militancia es la necesidad de salir a las calles: <strong>no dejarlos pasar impunemente<\/strong>.<\/p>\n<p>Es verdad que la negativa de los k iba a dificultar la masividad. Pero este no es el \u00fanico criterio: muchas veces los revolucionarios estamos obligados a ir <strong>contra la corriente<\/strong>; si no fuera as\u00ed deber\u00edamos vivir rindi\u00e9ndole pleites\u00eda a las direcciones traidoras.<\/p>\n<p>El Nuevo MAS va a seguir impulsando la movilizaci\u00f3n por Santiago. Ma\u00f1ana jueves 19 participaremos en la ronda de las Madres en Plaza de Mayo. Adem\u00e1s, hemos puesto parte de la agitaci\u00f3n de nuestra campa\u00f1a electoral al servicio de la causa por su aparici\u00f3n con vida.<\/p>\n<p>Esperemos que en los pr\u00f3ximos d\u00edas se logre una movilizaci\u00f3n multitudinaria. Porque como dijimos en nuestra \u00faltima editorial, las relaciones de fuerzas est\u00e1n abiertas en nuestro pa\u00eds. Y aunque el pr\u00f3ximo domingo el macrismo seguramente se alce con un importante triunfo electoral, m\u00e1s temprano que tarde se vendr\u00e1n importantes enfrentamientos de clase. Para ellos debemos prepararnos.<\/p>\n<p><a href=\"#_ftnref1\" name=\"_ftn1\">[1]<\/a> El PTS ya ven\u00eda de hacerle reverencias el r\u00e9gimen patronal cuando el fin de semana pasado se ausentaron el encuentro en Chaco (con excusas de segunda o tercera consideraci\u00f3n). Cuando m\u00e1s hab\u00eda que estar en dicha provincia defendiendo un encuentro de mujeres que es una conquista que incluso traspasa las fronteras del pa\u00eds, el PTS se las arregl\u00f3 para ausentarse sin ninguna otra justificaci\u00f3n que su confesado objetivo de obtener \u201c20 diputados\u201d el pr\u00f3ximo domingo\u2026<\/p>\n","protected":false},"excerpt":{"rendered":"<p>Aparici\u00f3n con vida y juicio y castigo a los culpables A las calles por Santiago Roberto S\u00e1enz En el transcurso de ayer martes 17\/10 el pa\u00eds se conmocion\u00f3: apareci\u00f3 un cuerpo 300 metros r\u00edo arriba de donde hab\u00eda sido la represi\u00f3n de la Gendarmer\u00eda el 1\u00ba de agosto en el Pu Lof de Cushamen. El [&hellip;]<\/p>\n","protected":false},"author":8,"featured_media":10427,"comment_status":"closed","ping_status":"closed","sticky":false,"template":"","format":"standard","meta":{"footnotes":""},"categories":[122,1656],"tags":[1738,1339,35],"class_list":{"0":"post-10426","1":"post","2":"type-post","3":"status-publish","4":"format-standard","5":"has-post-thumbnail","7":"category-america-latina-y-el-caribe","8":"category-argentina","9":"tag-edicion-94","10":"tag-editorial-sob-argentina","11":"tag-roberto-saenz"},"yoast_head":"<!-- This site is optimized with the Yoast SEO plugin v28.2 - https:\/\/yoast.com\/product\/yoast-seo-wordpress\/ -->\n<title>Argentina - A las calles por Santiago - Socialismo o Barbarie<\/title>\n<meta name=\"robots\" content=\"index, follow, max-snippet:-1, max-image-preview:large, max-video-preview:-1\" \/>\n<link rel=\"canonical\" href=\"https:\/\/www.socialismoobarbarie.org\/?p=10426\" \/>\n<meta property=\"og:locale\" content=\"es_ES\" \/>\n<meta property=\"og:type\" content=\"article\" \/>\n<meta property=\"og:title\" content=\"Argentina - A las calles por Santiago - Socialismo o Barbarie\" \/>\n<meta property=\"og:description\" content=\"Aparici\u00f3n con vida y juicio y castigo a los culpables A las calles por Santiago Roberto S\u00e1enz En el transcurso de ayer martes 17\/10 el pa\u00eds se conmocion\u00f3: apareci\u00f3 un cuerpo 300 metros r\u00edo arriba de donde hab\u00eda sido la represi\u00f3n de la Gendarmer\u00eda el 1\u00ba de agosto en el Pu Lof de Cushamen. El [&hellip;]\" \/>\n<meta property=\"og:url\" content=\"https:\/\/www.socialismoobarbarie.org\/?p=10426\" \/>\n<meta property=\"og:site_name\" content=\"Socialismo o Barbarie\" \/>\n<meta property=\"article:published_time\" content=\"2017-10-20T00:24:42+00:00\" \/>\n<meta property=\"article:modified_time\" content=\"2019-11-20T02:06:45+00:00\" \/>\n<meta property=\"og:image\" content=\"https:\/\/www.socialismoobarbarie.org\/wp-content\/uploads\/2017\/10\/edito-e1508456069460.jpg\" \/>\n\t<meta property=\"og:image:width\" content=\"500\" \/>\n\t<meta property=\"og:image:height\" content=\"500\" \/>\n\t<meta property=\"og:image:type\" content=\"image\/jpeg\" \/>\n<meta name=\"author\" content=\"SOB\" \/>\n<meta name=\"twitter:card\" content=\"summary_large_image\" \/>\n<meta name=\"twitter:label1\" content=\"Escrito por\" \/>\n\t<meta name=\"twitter:data1\" content=\"SOB\" \/>\n\t<meta name=\"twitter:label2\" content=\"Tiempo de lectura\" \/>\n\t<meta name=\"twitter:data2\" content=\"10 minutos\" \/>\n<script type=\"application\/ld+json\" class=\"yoast-schema-graph\">{\"@context\":\"https:\\\/\\\/schema.org\",\"@graph\":[{\"@type\":\"Article\",\"@id\":\"https:\\\/\\\/www.socialismoobarbarie.org\\\/?p=10426#article\",\"isPartOf\":{\"@id\":\"https:\\\/\\\/www.socialismoobarbarie.org\\\/?p=10426\"},\"author\":{\"name\":\"SOB\",\"@id\":\"https:\\\/\\\/www.socialismoobarbarie.org\\\/#\\\/schema\\\/person\\\/bc1c3b321d47ed092405949c77e35a8e\"},\"headline\":\"Argentina &#8211; A las calles por Santiago\",\"datePublished\":\"2017-10-20T00:24:42+00:00\",\"dateModified\":\"2019-11-20T02:06:45+00:00\",\"mainEntityOfPage\":{\"@id\":\"https:\\\/\\\/www.socialismoobarbarie.org\\\/?p=10426\"},\"wordCount\":2078,\"publisher\":{\"@id\":\"https:\\\/\\\/www.socialismoobarbarie.org\\\/#organization\"},\"image\":{\"@id\":\"https:\\\/\\\/www.socialismoobarbarie.org\\\/?p=10426#primaryimage\"},\"thumbnailUrl\":\"https:\\\/\\\/www.socialismoobarbarie.org\\\/wp-content\\\/uploads\\\/2017\\\/10\\\/edito-e1508456069460.jpg\",\"keywords\":[\"Edicion 94\",\"Editorial SoB Argentina\",\"Roberto S\u00e1enz\"],\"articleSection\":[\"Am\u00e9rica Latina\",\"Argentina\"],\"inLanguage\":\"es\"},{\"@type\":\"WebPage\",\"@id\":\"https:\\\/\\\/www.socialismoobarbarie.org\\\/?p=10426\",\"url\":\"https:\\\/\\\/www.socialismoobarbarie.org\\\/?p=10426\",\"name\":\"Argentina - A las calles por Santiago - Socialismo o Barbarie\",\"isPartOf\":{\"@id\":\"https:\\\/\\\/www.socialismoobarbarie.org\\\/#website\"},\"primaryImageOfPage\":{\"@id\":\"https:\\\/\\\/www.socialismoobarbarie.org\\\/?p=10426#primaryimage\"},\"image\":{\"@id\":\"https:\\\/\\\/www.socialismoobarbarie.org\\\/?p=10426#primaryimage\"},\"thumbnailUrl\":\"https:\\\/\\\/www.socialismoobarbarie.org\\\/wp-content\\\/uploads\\\/2017\\\/10\\\/edito-e1508456069460.jpg\",\"datePublished\":\"2017-10-20T00:24:42+00:00\",\"dateModified\":\"2019-11-20T02:06:45+00:00\",\"breadcrumb\":{\"@id\":\"https:\\\/\\\/www.socialismoobarbarie.org\\\/?p=10426#breadcrumb\"},\"inLanguage\":\"es\",\"potentialAction\":[{\"@type\":\"ReadAction\",\"target\":[\"https:\\\/\\\/www.socialismoobarbarie.org\\\/?p=10426\"]}]},{\"@type\":\"ImageObject\",\"inLanguage\":\"es\",\"@id\":\"https:\\\/\\\/www.socialismoobarbarie.org\\\/?p=10426#primaryimage\",\"url\":\"https:\\\/\\\/www.socialismoobarbarie.org\\\/wp-content\\\/uploads\\\/2017\\\/10\\\/edito-e1508456069460.jpg\",\"contentUrl\":\"https:\\\/\\\/www.socialismoobarbarie.org\\\/wp-content\\\/uploads\\\/2017\\\/10\\\/edito-e1508456069460.jpg\",\"width\":500,\"height\":500},{\"@type\":\"BreadcrumbList\",\"@id\":\"https:\\\/\\\/www.socialismoobarbarie.org\\\/?p=10426#breadcrumb\",\"itemListElement\":[{\"@type\":\"ListItem\",\"position\":1,\"name\":\"Portada\",\"item\":\"https:\\\/\\\/www.socialismoobarbarie.org\\\/\"},{\"@type\":\"ListItem\",\"position\":2,\"name\":\"Argentina &#8211; A las calles por Santiago\"}]},{\"@type\":\"WebSite\",\"@id\":\"https:\\\/\\\/www.socialismoobarbarie.org\\\/#website\",\"url\":\"https:\\\/\\\/www.socialismoobarbarie.org\\\/\",\"name\":\"Socialismo o Barbarie\",\"description\":\"Sitio web de la corriente internacional Socialismo o Barbarie\",\"publisher\":{\"@id\":\"https:\\\/\\\/www.socialismoobarbarie.org\\\/#organization\"},\"potentialAction\":[{\"@type\":\"SearchAction\",\"target\":{\"@type\":\"EntryPoint\",\"urlTemplate\":\"https:\\\/\\\/www.socialismoobarbarie.org\\\/?s={search_term_string}\"},\"query-input\":{\"@type\":\"PropertyValueSpecification\",\"valueRequired\":true,\"valueName\":\"search_term_string\"}}],\"inLanguage\":\"es\"},{\"@type\":\"Organization\",\"@id\":\"https:\\\/\\\/www.socialismoobarbarie.org\\\/#organization\",\"name\":\"Socialismo o Barbarie\",\"url\":\"https:\\\/\\\/www.socialismoobarbarie.org\\\/\",\"logo\":{\"@type\":\"ImageObject\",\"inLanguage\":\"es\",\"@id\":\"https:\\\/\\\/www.socialismoobarbarie.org\\\/#\\\/schema\\\/logo\\\/image\\\/\",\"url\":\"https:\\\/\\\/www.socialismoobarbarie.org\\\/wp-content\\\/uploads\\\/2025\\\/02\\\/soblogoweb-2025.png\",\"contentUrl\":\"https:\\\/\\\/www.socialismoobarbarie.org\\\/wp-content\\\/uploads\\\/2025\\\/02\\\/soblogoweb-2025.png\",\"width\":450,\"height\":161,\"caption\":\"Socialismo o Barbarie\"},\"image\":{\"@id\":\"https:\\\/\\\/www.socialismoobarbarie.org\\\/#\\\/schema\\\/logo\\\/image\\\/\"}},{\"@type\":\"Person\",\"@id\":\"https:\\\/\\\/www.socialismoobarbarie.org\\\/#\\\/schema\\\/person\\\/bc1c3b321d47ed092405949c77e35a8e\",\"name\":\"SOB\",\"url\":\"https:\\\/\\\/www.socialismoobarbarie.org\\\/?author=8\"}]}<\/script>\n<!-- \/ Yoast SEO plugin. -->","yoast_head_json":{"title":"Argentina - A las calles por Santiago - Socialismo o Barbarie","robots":{"index":"index","follow":"follow","max-snippet":"max-snippet:-1","max-image-preview":"max-image-preview:large","max-video-preview":"max-video-preview:-1"},"canonical":"https:\/\/www.socialismoobarbarie.org\/?p=10426","og_locale":"es_ES","og_type":"article","og_title":"Argentina - A las calles por Santiago - Socialismo o Barbarie","og_description":"Aparici\u00f3n con vida y juicio y castigo a los culpables A las calles por Santiago Roberto S\u00e1enz En el transcurso de ayer martes 17\/10 el pa\u00eds se conmocion\u00f3: apareci\u00f3 un cuerpo 300 metros r\u00edo arriba de donde hab\u00eda sido la represi\u00f3n de la Gendarmer\u00eda el 1\u00ba de agosto en el Pu Lof de Cushamen. El [&hellip;]","og_url":"https:\/\/www.socialismoobarbarie.org\/?p=10426","og_site_name":"Socialismo o Barbarie","article_published_time":"2017-10-20T00:24:42+00:00","article_modified_time":"2019-11-20T02:06:45+00:00","og_image":[{"width":500,"height":500,"url":"https:\/\/www.socialismoobarbarie.org\/wp-content\/uploads\/2017\/10\/edito-e1508456069460.jpg","type":"image\/jpeg"}],"author":"SOB","twitter_card":"summary_large_image","twitter_misc":{"Escrito por":"SOB","Tiempo de lectura":"10 minutos"},"schema":{"@context":"https:\/\/schema.org","@graph":[{"@type":"Article","@id":"https:\/\/www.socialismoobarbarie.org\/?p=10426#article","isPartOf":{"@id":"https:\/\/www.socialismoobarbarie.org\/?p=10426"},"author":{"name":"SOB","@id":"https:\/\/www.socialismoobarbarie.org\/#\/schema\/person\/bc1c3b321d47ed092405949c77e35a8e"},"headline":"Argentina &#8211; A las calles por Santiago","datePublished":"2017-10-20T00:24:42+00:00","dateModified":"2019-11-20T02:06:45+00:00","mainEntityOfPage":{"@id":"https:\/\/www.socialismoobarbarie.org\/?p=10426"},"wordCount":2078,"publisher":{"@id":"https:\/\/www.socialismoobarbarie.org\/#organization"},"image":{"@id":"https:\/\/www.socialismoobarbarie.org\/?p=10426#primaryimage"},"thumbnailUrl":"https:\/\/www.socialismoobarbarie.org\/wp-content\/uploads\/2017\/10\/edito-e1508456069460.jpg","keywords":["Edicion 94","Editorial SoB Argentina","Roberto S\u00e1enz"],"articleSection":["Am\u00e9rica Latina","Argentina"],"inLanguage":"es"},{"@type":"WebPage","@id":"https:\/\/www.socialismoobarbarie.org\/?p=10426","url":"https:\/\/www.socialismoobarbarie.org\/?p=10426","name":"Argentina - A las calles por Santiago - Socialismo o Barbarie","isPartOf":{"@id":"https:\/\/www.socialismoobarbarie.org\/#website"},"primaryImageOfPage":{"@id":"https:\/\/www.socialismoobarbarie.org\/?p=10426#primaryimage"},"image":{"@id":"https:\/\/www.socialismoobarbarie.org\/?p=10426#primaryimage"},"thumbnailUrl":"https:\/\/www.socialismoobarbarie.org\/wp-content\/uploads\/2017\/10\/edito-e1508456069460.jpg","datePublished":"2017-10-20T00:24:42+00:00","dateModified":"2019-11-20T02:06:45+00:00","breadcrumb":{"@id":"https:\/\/www.socialismoobarbarie.org\/?p=10426#breadcrumb"},"inLanguage":"es","potentialAction":[{"@type":"ReadAction","target":["https:\/\/www.socialismoobarbarie.org\/?p=10426"]}]},{"@type":"ImageObject","inLanguage":"es","@id":"https:\/\/www.socialismoobarbarie.org\/?p=10426#primaryimage","url":"https:\/\/www.socialismoobarbarie.org\/wp-content\/uploads\/2017\/10\/edito-e1508456069460.jpg","contentUrl":"https:\/\/www.socialismoobarbarie.org\/wp-content\/uploads\/2017\/10\/edito-e1508456069460.jpg","width":500,"height":500},{"@type":"BreadcrumbList","@id":"https:\/\/www.socialismoobarbarie.org\/?p=10426#breadcrumb","itemListElement":[{"@type":"ListItem","position":1,"name":"Portada","item":"https:\/\/www.socialismoobarbarie.org\/"},{"@type":"ListItem","position":2,"name":"Argentina &#8211; A las calles por Santiago"}]},{"@type":"WebSite","@id":"https:\/\/www.socialismoobarbarie.org\/#website","url":"https:\/\/www.socialismoobarbarie.org\/","name":"Socialismo o Barbarie","description":"Sitio web de la corriente internacional Socialismo o Barbarie","publisher":{"@id":"https:\/\/www.socialismoobarbarie.org\/#organization"},"potentialAction":[{"@type":"SearchAction","target":{"@type":"EntryPoint","urlTemplate":"https:\/\/www.socialismoobarbarie.org\/?s={search_term_string}"},"query-input":{"@type":"PropertyValueSpecification","valueRequired":true,"valueName":"search_term_string"}}],"inLanguage":"es"},{"@type":"Organization","@id":"https:\/\/www.socialismoobarbarie.org\/#organization","name":"Socialismo o Barbarie","url":"https:\/\/www.socialismoobarbarie.org\/","logo":{"@type":"ImageObject","inLanguage":"es","@id":"https:\/\/www.socialismoobarbarie.org\/#\/schema\/logo\/image\/","url":"https:\/\/www.socialismoobarbarie.org\/wp-content\/uploads\/2025\/02\/soblogoweb-2025.png","contentUrl":"https:\/\/www.socialismoobarbarie.org\/wp-content\/uploads\/2025\/02\/soblogoweb-2025.png","width":450,"height":161,"caption":"Socialismo o Barbarie"},"image":{"@id":"https:\/\/www.socialismoobarbarie.org\/#\/schema\/logo\/image\/"}},{"@type":"Person","@id":"https:\/\/www.socialismoobarbarie.org\/#\/schema\/person\/bc1c3b321d47ed092405949c77e35a8e","name":"SOB","url":"https:\/\/www.socialismoobarbarie.org\/?author=8"}]}},"_links":{"self":[{"href":"https:\/\/www.socialismoobarbarie.org\/index.php?rest_route=\/wp\/v2\/posts\/10426","targetHints":{"allow":["GET"]}}],"collection":[{"href":"https:\/\/www.socialismoobarbarie.org\/index.php?rest_route=\/wp\/v2\/posts"}],"about":[{"href":"https:\/\/www.socialismoobarbarie.org\/index.php?rest_route=\/wp\/v2\/types\/post"}],"author":[{"embeddable":true,"href":"https:\/\/www.socialismoobarbarie.org\/index.php?rest_route=\/wp\/v2\/users\/8"}],"replies":[{"embeddable":true,"href":"https:\/\/www.socialismoobarbarie.org\/index.php?rest_route=%2Fwp%2Fv2%2Fcomments&post=10426"}],"version-history":[{"count":1,"href":"https:\/\/www.socialismoobarbarie.org\/index.php?rest_route=\/wp\/v2\/posts\/10426\/revisions"}],"predecessor-version":[{"id":10428,"href":"https:\/\/www.socialismoobarbarie.org\/index.php?rest_route=\/wp\/v2\/posts\/10426\/revisions\/10428"}],"wp:featuredmedia":[{"embeddable":true,"href":"https:\/\/www.socialismoobarbarie.org\/index.php?rest_route=\/wp\/v2\/media\/10427"}],"wp:attachment":[{"href":"https:\/\/www.socialismoobarbarie.org\/index.php?rest_route=%2Fwp%2Fv2%2Fmedia&parent=10426"}],"wp:term":[{"taxonomy":"category","embeddable":true,"href":"https:\/\/www.socialismoobarbarie.org\/index.php?rest_route=%2Fwp%2Fv2%2Fcategories&post=10426"},{"taxonomy":"post_tag","embeddable":true,"href":"https:\/\/www.socialismoobarbarie.org\/index.php?rest_route=%2Fwp%2Fv2%2Ftags&post=10426"}],"curies":[{"name":"wp","href":"https:\/\/api.w.org\/{rel}","templated":true}]}}