{"id":10490,"date":"2017-11-02T17:26:04","date_gmt":"2017-11-02T20:26:04","guid":{"rendered":"https:\/\/www.socialismoobarbarie.org\/?p=10490"},"modified":"2019-11-20T10:50:59","modified_gmt":"2019-11-20T13:50:59","slug":"brasil-balance-del-3-congreso-de-csp-conlutas","status":"publish","type":"post","link":"https:\/\/www.socialismoobarbarie.org\/?p=10490","title":{"rendered":"Brasil &#8211; Balance del 3\u00b0 Congreso de CSP- Conlutas"},"content":{"rendered":"<p><em>Balance del 3\u00b0 Congreso de CSP- Conlutas<\/em><\/p>\n<p><strong>Superar el sectarismo est\u00e9ril y construir una central democr\u00e1tica, combativa y de masas<\/strong><\/p>\n<p>Por Andr\u00e9ia Silva y Antonio Soler<\/p>\n<p>La CSP-Conlutas tuvo su 3\u00ba Congreso entre los d\u00edas 12 y 15 de octubre, en Sumar\u00e9-SP. La central lleg\u00f3 a este Congreso con aproximadamente 1900 delegados que representan a 308 entidades, en el 2\u00ba Congreso cont\u00f3 con 1700 delegados y 373 organizaciones afiliadas.<a href=\"#_ftn1\" name=\"_ftnref1\">[1]<\/a><\/p>\n<p>Este n\u00famero de organizaciones afiliadas, en comparaci\u00f3n con las centrales como la CUT, con 3438 entidades afiliadas, demuestra que, a pesar de ser una conquista de los luchadores socialistas y de su papel estrat\u00e9gico como central independiente de los patrones y del gobierno, la central es extremadamente minoritaria en relaci\u00f3n a la organizaci\u00f3n de la clase trabajadora en todo el pa\u00eds.<\/p>\n<p>La situaci\u00f3n no puede ser naturalizada, sino que debe superarse con pol\u00edticas que busquen el fortalecimiento de la central, con intervenciones acertadas en la lucha de clases, con el fortalecimiento de nuestras posiciones y t\u00e1cticas en el interior de la amplia vanguardia y con la profundizaci\u00f3n del trabajo de base. Pero el crecimiento molecular de la CSP debe combinarse con pol\u00edticas que busquen fusiones con los que est\u00e1n actuando de forma independiente en la lucha de clases en defensa de los intereses de los trabajadores, como es el caso de sectores del movimiento popular, sindical y estudiantil, con los cuales la central no ha desarrollado ninguna estrategia de unificaci\u00f3n desde el fat\u00eddico CONCLAT de Santos.<a href=\"#_ftn2\" name=\"_ftnref2\">[2]<\/a><\/p>\n<p>Sin el fortalecimiento org\u00e1nico y la ampliaci\u00f3n de la influencia de la CSP entre los luchadores del pa\u00eds, que s\u00f3lo puede lograrse mediante la combinaci\u00f3n de esas dos estrategias constructivas, la central nunca podr\u00e1 ser un factor real en la lucha de clases y no podr\u00e1 contribuir efectivamente a la lucha en defensa de los intereses inmediatos e hist\u00f3ricos de la clase obrera y de la juventud, o sea, no pasar\u00e1 de un centro de propaganda sindical de izquierda.<\/p>\n<p>Este avance pol\u00edtico-organizativo de la CSP s\u00f3lo puede ser hecho a partir de la superaci\u00f3n del sectarismo que marc\u00f3 la central en el \u00faltimo per\u00edodo. Por eso, en nuestro manifiesto al 3\u00ba Congreso, defendemos que los principales desaf\u00edos de la central, para que este polo de independencia de la lucha de la clase trabajadora se fortaleciera, iban en el sentido de superar la pol\u00edtica de su direcci\u00f3n mayoritaria (PSTU).<\/p>\n<p>Este sector viene imponiendo a la CSP una pol\u00edtica est\u00e9ril que no contribuye al desarrollo de la lucha del campo de la izquierda socialista contra el gobierno y los patrones. Pol\u00edtica que en el \u00faltimo per\u00edodo impidi\u00f3 que la CSP tuviera una posici\u00f3n de hecho independiente en el impeachment en 2016, que acab\u00f3 en la asunci\u00f3n del gobierno Temer y el fortalecimiento de la ofensiva reaccionaria que ha impuesto retrocesos hist\u00f3ricos para los trabajadores y oprimidos.<\/p>\n<p>A partir de la caracterizaci\u00f3n de que el impeachment era apoyado por la mayor\u00eda de los trabajadores, que significar\u00eda la asunci\u00f3n de un gobierno sin capacidad de avanzar en las contrarreformas y que era indiferente para los trabajadores un gobierno de colaboraci\u00f3n de clases o un gobierno neoliberal puro y duro, la direcci\u00f3n mayoritaria de la central desarroll\u00f3 una pol\u00edtica que no pudo ponerse contra la ofensiva reaccionaria, unificar a la izquierda socialista en ese proceso y fortalecer el campo independiente de los patrones y del lulismo.<\/p>\n<p><strong>Fortalecimiento de la oposici\u00f3n en el 3\u00ba Congreso<\/strong><\/p>\n<p>Esta pol\u00edtica, desde entonces, ha sido consubstanciada en la bandera del \u00abFuera Todos\u00bb, en la negativa a organizar un frente de lucha con los dem\u00e1s sectores independientes de los patrones y el frente de izquierda socialista compuesta por las organizaciones que representan los intereses de los trabajadores, por ejemplo el PSOL, PSTU y PCB, adem\u00e1s de otras organizaciones pol\u00edticas que no est\u00e1n legalizadas, con el objetivo de colocarse como una alternativa al lulismo ante la crisis hist\u00f3rica de ese sector.<\/p>\n<p>Fue precisamente esa apreciaci\u00f3n (de la direcci\u00f3n mayoritaria), totalmente distorsionada del escenario nacional y la consiguiente pol\u00edtica sectaria, que hizo que en el \u00faltimo per\u00edodo la CSP se aislara completamente de los sectores de masa que identificaron en el impeachment y en Temer amenazas reales a sus condiciones vida. Es decir, fue llevada por la CSP una pol\u00edtica que impidi\u00f3 a la central combatir el avance de la ofensiva reaccionaria y, al mismo tiempo, colocarse como alternativa al lulismo.<\/p>\n<p>El 3\u00ba Congreso de la CSP fue entonces impregnado por el balance de la pol\u00edtica de la direcci\u00f3n mayoritaria en el \u00faltimo per\u00edodo. Las discusiones y deliberaciones sobre la coyuntura internacional y nacional y el balance de la central demostraron que existen evaluaciones muy divergentes dentro de la CSP.<\/p>\n<p>Las fuerzas que constituyen la central tienen apreciaciones diferentes sobre la correlaci\u00f3n de fuerzas y l\u00edneas para la defensa de los intereses de los trabajadores ante esta marea reaccionaria en que vivimos. Pero, acab\u00f3 prevaleciendo la posici\u00f3n del PSTU en las resoluciones del 3\u00ba Congreso, sector que contin\u00faa con una monstruosa insensibilidad ante la realidad.<\/p>\n<p>Este sector no ve que a pesar de los importantes procesos de resistencia verificados en muchos frentes, predomina una coyuntura de avances de la pol\u00edtica de derecha en el pa\u00eds y en el mundo, y que, adem\u00e1s de la unidad de acci\u00f3n para derribar a Temer y sus ataques, es fundamental construir frentes de lucha con los sectores independientes que est\u00e1n haciendo luchas importantes, como es el caso del MTST. Y en el campo pol\u00edtico m\u00e1s general, que es decisivo construir un frente de izquierda socialista entre el PSOL, PSTU y PCB para disputar la conciencia de la clase trabajadora ante la crisis hist\u00f3rica del lulismo.<\/p>\n<p>Pero, a pesar de que esta posici\u00f3n sectaria se mantiene mayoritaria, con la ruptura de un importante sector con el PSTU, se fortaleci\u00f3 la posici\u00f3n dentro de la central de la necesidad de trabajar para construir frentes con los dem\u00e1s sectores en lucha. No s\u00f3lo desarrollar t\u00e1cticas de unidad de acci\u00f3n en las huelgas y luchas, sino tambi\u00e9n desarrollar t\u00e1cticas para construir frentes de lucha y frentes de la izquierda socialista. As\u00ed, parte importante de la oposici\u00f3n se organiz\u00f3 en el bloque \u00abSomos Todos CSP\u00bb que logr\u00f3 articularse en el 3\u00ba Congreso para defender la necesidad de un frente pol\u00edtico de izquierda socialista en Brasil; bloque que tambi\u00e9n realiz\u00f3 el acto \u00abPor un polo pol\u00edtico alternativo de la clase trabajadora\u00bb, que cont\u00f3 con la representaci\u00f3n de corrientes del PSOL y del PCB. A pesar de haber sido invitado al acto, el PSTU no compareci\u00f3&#8230;<\/p>\n<p><strong>Continuar la pelea por el fortalecimiento de la izquierda socialista<\/strong><\/p>\n<p>La central camin\u00f3 hacia la aprobaci\u00f3n de un plan de luchas para la organizaci\u00f3n de los trabajadores para el pr\u00f3ximo per\u00edodo, quedando as\u00ed el plan de luchas de la central limitada al d\u00eda de huelgas y paralizaciones, el 10 de noviembre, contra la reforma de la previsi\u00f3n y aplicaci\u00f3n de la reforma laboral, adem\u00e1s de las luchas encabezadas por el movimiento Brasil Metal\u00fargico.<\/p>\n<p>La unilateralidad de la caracterizaci\u00f3n y de la pol\u00edtica de la direcci\u00f3n mayoritaria no permiti\u00f3 que se sacasen propuestas de acci\u00f3n para retomar la lucha por el Fuera Temer<a href=\"#_ftn3\" name=\"_ftnref3\">[3]<\/a>, as\u00ed como acciones efectivas para buscar la unificaci\u00f3n con los dem\u00e1s sectores combativos o incluso acciones para impulsar la necesaria construcci\u00f3n de frentes en el mismo interior de la izquierda socialista para la lucha de clases, para derribar a Temer, sus contrarreformas; y para construir una alternativa de masas al lulismo, tareas fundamentales de la izquierda socialista sobre las que seguiremos luchando en el movimiento y en los foros de nuestra central.<\/p>\n<p>Para finalizar, pensamos que el fortalecimiento de la oposici\u00f3n en la central pasa, entre otras cuestiones, por una lucha contra el sectarismo del PSTU que deje claro que no se trata de renunciar a la gran conquista que fue la construcci\u00f3n de la CSP. Pero s\u00ed que su fortalecimiento pasa necesariamente por una estrategia que supere el sectarismo de la direcci\u00f3n mayoritaria.<\/p>\n<p>Esto se hace dejando claro que nuestra estrategia pasa por t\u00e1cticas precisas en relaci\u00f3n con los sectores del movimiento sindical, popular y estudiantil. Es decir, que nuestra t\u00e1ctica de frente para luchar no pasa por renunciar al car\u00e1cter independiente de la CSP, sino por construir algo superior a partir de las bases principiantes que hemos consolidado en la central. Y que, por otro lado, nuestra t\u00e1ctica de frente de izquierda tiene un claro corte de independencia de clases y que alcanza s\u00f3lo a los partidos y organizaciones independientes de la burocracia lulista y de los patrones, o sea, que es a partir de un frente entre el PSOL, PSTU y PCB que iremos a polarizar los sectores independientes y semi-independientes. La falta de precisi\u00f3n en ese campo s\u00f3lo favorece la posici\u00f3n del sectarismo de la actual direcci\u00f3n mayoritaria de la CSP.<\/p>\n<p><a href=\"#_ftnref1\" name=\"_ftn1\">[1]<\/a> Una buena noticia para superar la marginalidad de la CSP fue el anuncio de la filiaci\u00f3n de una minor\u00eda sindical que es bastante estrat\u00e9gica, la de los trabajadores por carretera del municipio de S\u00e3o Paulo, que tuvo un importante papel en la huelga general del 28 de abril.<\/p>\n<p><a href=\"#_ftnref2\" name=\"_ftn2\">[2]<\/a> El CONCLAT (Congreso de la Clase Trabajadora) de la ciudad de Santos-SP ocurri\u00f3 en junio de 2010 y tuvo por objetivo unificar el entonces Conlutas e Intersindical, dos expresiones de la reorganizaci\u00f3n del movimiento de los trabajadores a partir de los gobiernos de Lula y de la integraci\u00f3n total de la CUT al orden dominante. Pero la pol\u00edtica sectaria del PSTU, que quer\u00eda imponer todas las resoluciones a los dem\u00e1s sectores sin ninguna negociaci\u00f3n, hizo que ese Congreso implosionara y desde entonces no se retom\u00f3 el proceso de reunificaci\u00f3n entre estos sectores.<\/p>\n<p><a href=\"#_ftnref3\" name=\"_ftn3\">[3]<\/a> Mientras varios sectores se dirigieron a las calles el d\u00eda de hoy para exigir la ca\u00edda de Temer ante la votaci\u00f3n de la segunda denuncia en el Congreso, la CSP no sac\u00f3 ninguna resoluci\u00f3n, o sea, qued\u00f3 paralizada ante un momento extremadamente significativo del escenario pol\u00edtico nacional.<\/p>\n","protected":false},"excerpt":{"rendered":"<p>Balance del 3\u00b0 Congreso de CSP- Conlutas Superar el sectarismo est\u00e9ril y construir una central democr\u00e1tica, combativa y de masas Por Andr\u00e9ia Silva y Antonio Soler La CSP-Conlutas tuvo su 3\u00ba Congreso entre los d\u00edas 12 y 15 de octubre, en Sumar\u00e9-SP. La central lleg\u00f3 a este Congreso con aproximadamente 1900 delegados que representan a [&hellip;]<\/p>\n","protected":false},"author":8,"featured_media":10472,"comment_status":"closed","ping_status":"closed","sticky":false,"template":"","format":"standard","meta":{"footnotes":""},"categories":[122,1657],"tags":[1119,1740],"class_list":{"0":"post-10490","1":"post","2":"type-post","3":"status-publish","4":"format-standard","5":"has-post-thumbnail","7":"category-america-latina-y-el-caribe","8":"category-brasil","9":"tag-antonio-soler","10":"tag-edicion-96"},"yoast_head":"<!-- This site is optimized with the Yoast SEO plugin v27.5 - https:\/\/yoast.com\/product\/yoast-seo-wordpress\/ -->\n<title>Brasil - Balance del 3\u00b0 Congreso de CSP- Conlutas - Socialismo o Barbarie<\/title>\n<meta name=\"robots\" content=\"index, follow, max-snippet:-1, max-image-preview:large, max-video-preview:-1\" \/>\n<link rel=\"canonical\" href=\"https:\/\/www.socialismoobarbarie.org\/?p=10490\" \/>\n<meta property=\"og:locale\" content=\"es_ES\" \/>\n<meta property=\"og:type\" content=\"article\" \/>\n<meta property=\"og:title\" content=\"Brasil - Balance del 3\u00b0 Congreso de CSP- Conlutas - Socialismo o Barbarie\" \/>\n<meta property=\"og:description\" content=\"Balance del 3\u00b0 Congreso de CSP- Conlutas Superar el sectarismo est\u00e9ril y construir una central democr\u00e1tica, combativa y de masas Por Andr\u00e9ia Silva y Antonio Soler La CSP-Conlutas tuvo su 3\u00ba Congreso entre los d\u00edas 12 y 15 de octubre, en Sumar\u00e9-SP. La central lleg\u00f3 a este Congreso con aproximadamente 1900 delegados que representan a [&hellip;]\" \/>\n<meta property=\"og:url\" content=\"https:\/\/www.socialismoobarbarie.org\/?p=10490\" \/>\n<meta property=\"og:site_name\" content=\"Socialismo o Barbarie\" \/>\n<meta property=\"article:published_time\" content=\"2017-11-02T20:26:04+00:00\" \/>\n<meta property=\"article:modified_time\" content=\"2019-11-20T13:50:59+00:00\" \/>\n<meta property=\"og:image\" content=\"https:\/\/www.socialismoobarbarie.org\/wp-content\/uploads\/2017\/10\/59f21e4f784d7318976652-e1509061762326.jpg\" \/>\n\t<meta property=\"og:image:width\" content=\"700\" \/>\n\t<meta property=\"og:image:height\" content=\"467\" \/>\n\t<meta property=\"og:image:type\" content=\"image\/jpeg\" \/>\n<meta name=\"author\" content=\"SOB\" \/>\n<meta name=\"twitter:card\" content=\"summary_large_image\" \/>\n<meta name=\"twitter:label1\" content=\"Escrito por\" \/>\n\t<meta name=\"twitter:data1\" content=\"SOB\" \/>\n\t<meta name=\"twitter:label2\" content=\"Tiempo de lectura\" \/>\n\t<meta name=\"twitter:data2\" content=\"9 minutos\" \/>\n<script type=\"application\/ld+json\" class=\"yoast-schema-graph\">{\"@context\":\"https:\\\/\\\/schema.org\",\"@graph\":[{\"@type\":\"Article\",\"@id\":\"https:\\\/\\\/www.socialismoobarbarie.org\\\/?p=10490#article\",\"isPartOf\":{\"@id\":\"https:\\\/\\\/www.socialismoobarbarie.org\\\/?p=10490\"},\"author\":{\"name\":\"SOB\",\"@id\":\"https:\\\/\\\/www.socialismoobarbarie.org\\\/#\\\/schema\\\/person\\\/bc1c3b321d47ed092405949c77e35a8e\"},\"headline\":\"Brasil &#8211; Balance del 3\u00b0 Congreso de CSP- Conlutas\",\"datePublished\":\"2017-11-02T20:26:04+00:00\",\"dateModified\":\"2019-11-20T13:50:59+00:00\",\"mainEntityOfPage\":{\"@id\":\"https:\\\/\\\/www.socialismoobarbarie.org\\\/?p=10490\"},\"wordCount\":1761,\"publisher\":{\"@id\":\"https:\\\/\\\/www.socialismoobarbarie.org\\\/#organization\"},\"image\":{\"@id\":\"https:\\\/\\\/www.socialismoobarbarie.org\\\/?p=10490#primaryimage\"},\"thumbnailUrl\":\"https:\\\/\\\/www.socialismoobarbarie.org\\\/wp-content\\\/uploads\\\/2017\\\/10\\\/59f21e4f784d7318976652-e1509061762326.jpg\",\"keywords\":[\"Antonio Soler\",\"Edicion 96\"],\"articleSection\":[\"Am\u00e9rica Latina\",\"Brasil\"],\"inLanguage\":\"es\"},{\"@type\":\"WebPage\",\"@id\":\"https:\\\/\\\/www.socialismoobarbarie.org\\\/?p=10490\",\"url\":\"https:\\\/\\\/www.socialismoobarbarie.org\\\/?p=10490\",\"name\":\"Brasil - Balance del 3\u00b0 Congreso de CSP- Conlutas - Socialismo o Barbarie\",\"isPartOf\":{\"@id\":\"https:\\\/\\\/www.socialismoobarbarie.org\\\/#website\"},\"primaryImageOfPage\":{\"@id\":\"https:\\\/\\\/www.socialismoobarbarie.org\\\/?p=10490#primaryimage\"},\"image\":{\"@id\":\"https:\\\/\\\/www.socialismoobarbarie.org\\\/?p=10490#primaryimage\"},\"thumbnailUrl\":\"https:\\\/\\\/www.socialismoobarbarie.org\\\/wp-content\\\/uploads\\\/2017\\\/10\\\/59f21e4f784d7318976652-e1509061762326.jpg\",\"datePublished\":\"2017-11-02T20:26:04+00:00\",\"dateModified\":\"2019-11-20T13:50:59+00:00\",\"breadcrumb\":{\"@id\":\"https:\\\/\\\/www.socialismoobarbarie.org\\\/?p=10490#breadcrumb\"},\"inLanguage\":\"es\",\"potentialAction\":[{\"@type\":\"ReadAction\",\"target\":[\"https:\\\/\\\/www.socialismoobarbarie.org\\\/?p=10490\"]}]},{\"@type\":\"ImageObject\",\"inLanguage\":\"es\",\"@id\":\"https:\\\/\\\/www.socialismoobarbarie.org\\\/?p=10490#primaryimage\",\"url\":\"https:\\\/\\\/www.socialismoobarbarie.org\\\/wp-content\\\/uploads\\\/2017\\\/10\\\/59f21e4f784d7318976652-e1509061762326.jpg\",\"contentUrl\":\"https:\\\/\\\/www.socialismoobarbarie.org\\\/wp-content\\\/uploads\\\/2017\\\/10\\\/59f21e4f784d7318976652-e1509061762326.jpg\",\"width\":700,\"height\":467},{\"@type\":\"BreadcrumbList\",\"@id\":\"https:\\\/\\\/www.socialismoobarbarie.org\\\/?p=10490#breadcrumb\",\"itemListElement\":[{\"@type\":\"ListItem\",\"position\":1,\"name\":\"Portada\",\"item\":\"https:\\\/\\\/www.socialismoobarbarie.org\\\/\"},{\"@type\":\"ListItem\",\"position\":2,\"name\":\"Brasil &#8211; Balance del 3\u00b0 Congreso de CSP- Conlutas\"}]},{\"@type\":\"WebSite\",\"@id\":\"https:\\\/\\\/www.socialismoobarbarie.org\\\/#website\",\"url\":\"https:\\\/\\\/www.socialismoobarbarie.org\\\/\",\"name\":\"Socialismo o Barbarie\",\"description\":\"Sitio web de la corriente internacional Socialismo o Barbarie\",\"publisher\":{\"@id\":\"https:\\\/\\\/www.socialismoobarbarie.org\\\/#organization\"},\"potentialAction\":[{\"@type\":\"SearchAction\",\"target\":{\"@type\":\"EntryPoint\",\"urlTemplate\":\"https:\\\/\\\/www.socialismoobarbarie.org\\\/?s={search_term_string}\"},\"query-input\":{\"@type\":\"PropertyValueSpecification\",\"valueRequired\":true,\"valueName\":\"search_term_string\"}}],\"inLanguage\":\"es\"},{\"@type\":\"Organization\",\"@id\":\"https:\\\/\\\/www.socialismoobarbarie.org\\\/#organization\",\"name\":\"Socialismo o Barbarie\",\"url\":\"https:\\\/\\\/www.socialismoobarbarie.org\\\/\",\"logo\":{\"@type\":\"ImageObject\",\"inLanguage\":\"es\",\"@id\":\"https:\\\/\\\/www.socialismoobarbarie.org\\\/#\\\/schema\\\/logo\\\/image\\\/\",\"url\":\"https:\\\/\\\/www.socialismoobarbarie.org\\\/wp-content\\\/uploads\\\/2025\\\/02\\\/soblogoweb-2025.png\",\"contentUrl\":\"https:\\\/\\\/www.socialismoobarbarie.org\\\/wp-content\\\/uploads\\\/2025\\\/02\\\/soblogoweb-2025.png\",\"width\":450,\"height\":161,\"caption\":\"Socialismo o Barbarie\"},\"image\":{\"@id\":\"https:\\\/\\\/www.socialismoobarbarie.org\\\/#\\\/schema\\\/logo\\\/image\\\/\"}},{\"@type\":\"Person\",\"@id\":\"https:\\\/\\\/www.socialismoobarbarie.org\\\/#\\\/schema\\\/person\\\/bc1c3b321d47ed092405949c77e35a8e\",\"name\":\"SOB\",\"url\":\"https:\\\/\\\/www.socialismoobarbarie.org\\\/?author=8\"}]}<\/script>\n<!-- \/ Yoast SEO plugin. -->","yoast_head_json":{"title":"Brasil - Balance del 3\u00b0 Congreso de CSP- Conlutas - Socialismo o Barbarie","robots":{"index":"index","follow":"follow","max-snippet":"max-snippet:-1","max-image-preview":"max-image-preview:large","max-video-preview":"max-video-preview:-1"},"canonical":"https:\/\/www.socialismoobarbarie.org\/?p=10490","og_locale":"es_ES","og_type":"article","og_title":"Brasil - Balance del 3\u00b0 Congreso de CSP- Conlutas - Socialismo o Barbarie","og_description":"Balance del 3\u00b0 Congreso de CSP- Conlutas Superar el sectarismo est\u00e9ril y construir una central democr\u00e1tica, combativa y de masas Por Andr\u00e9ia Silva y Antonio Soler La CSP-Conlutas tuvo su 3\u00ba Congreso entre los d\u00edas 12 y 15 de octubre, en Sumar\u00e9-SP. La central lleg\u00f3 a este Congreso con aproximadamente 1900 delegados que representan a [&hellip;]","og_url":"https:\/\/www.socialismoobarbarie.org\/?p=10490","og_site_name":"Socialismo o Barbarie","article_published_time":"2017-11-02T20:26:04+00:00","article_modified_time":"2019-11-20T13:50:59+00:00","og_image":[{"width":700,"height":467,"url":"https:\/\/www.socialismoobarbarie.org\/wp-content\/uploads\/2017\/10\/59f21e4f784d7318976652-e1509061762326.jpg","type":"image\/jpeg"}],"author":"SOB","twitter_card":"summary_large_image","twitter_misc":{"Escrito por":"SOB","Tiempo de lectura":"9 minutos"},"schema":{"@context":"https:\/\/schema.org","@graph":[{"@type":"Article","@id":"https:\/\/www.socialismoobarbarie.org\/?p=10490#article","isPartOf":{"@id":"https:\/\/www.socialismoobarbarie.org\/?p=10490"},"author":{"name":"SOB","@id":"https:\/\/www.socialismoobarbarie.org\/#\/schema\/person\/bc1c3b321d47ed092405949c77e35a8e"},"headline":"Brasil &#8211; Balance del 3\u00b0 Congreso de CSP- Conlutas","datePublished":"2017-11-02T20:26:04+00:00","dateModified":"2019-11-20T13:50:59+00:00","mainEntityOfPage":{"@id":"https:\/\/www.socialismoobarbarie.org\/?p=10490"},"wordCount":1761,"publisher":{"@id":"https:\/\/www.socialismoobarbarie.org\/#organization"},"image":{"@id":"https:\/\/www.socialismoobarbarie.org\/?p=10490#primaryimage"},"thumbnailUrl":"https:\/\/www.socialismoobarbarie.org\/wp-content\/uploads\/2017\/10\/59f21e4f784d7318976652-e1509061762326.jpg","keywords":["Antonio Soler","Edicion 96"],"articleSection":["Am\u00e9rica Latina","Brasil"],"inLanguage":"es"},{"@type":"WebPage","@id":"https:\/\/www.socialismoobarbarie.org\/?p=10490","url":"https:\/\/www.socialismoobarbarie.org\/?p=10490","name":"Brasil - Balance del 3\u00b0 Congreso de CSP- Conlutas - Socialismo o Barbarie","isPartOf":{"@id":"https:\/\/www.socialismoobarbarie.org\/#website"},"primaryImageOfPage":{"@id":"https:\/\/www.socialismoobarbarie.org\/?p=10490#primaryimage"},"image":{"@id":"https:\/\/www.socialismoobarbarie.org\/?p=10490#primaryimage"},"thumbnailUrl":"https:\/\/www.socialismoobarbarie.org\/wp-content\/uploads\/2017\/10\/59f21e4f784d7318976652-e1509061762326.jpg","datePublished":"2017-11-02T20:26:04+00:00","dateModified":"2019-11-20T13:50:59+00:00","breadcrumb":{"@id":"https:\/\/www.socialismoobarbarie.org\/?p=10490#breadcrumb"},"inLanguage":"es","potentialAction":[{"@type":"ReadAction","target":["https:\/\/www.socialismoobarbarie.org\/?p=10490"]}]},{"@type":"ImageObject","inLanguage":"es","@id":"https:\/\/www.socialismoobarbarie.org\/?p=10490#primaryimage","url":"https:\/\/www.socialismoobarbarie.org\/wp-content\/uploads\/2017\/10\/59f21e4f784d7318976652-e1509061762326.jpg","contentUrl":"https:\/\/www.socialismoobarbarie.org\/wp-content\/uploads\/2017\/10\/59f21e4f784d7318976652-e1509061762326.jpg","width":700,"height":467},{"@type":"BreadcrumbList","@id":"https:\/\/www.socialismoobarbarie.org\/?p=10490#breadcrumb","itemListElement":[{"@type":"ListItem","position":1,"name":"Portada","item":"https:\/\/www.socialismoobarbarie.org\/"},{"@type":"ListItem","position":2,"name":"Brasil &#8211; Balance del 3\u00b0 Congreso de CSP- Conlutas"}]},{"@type":"WebSite","@id":"https:\/\/www.socialismoobarbarie.org\/#website","url":"https:\/\/www.socialismoobarbarie.org\/","name":"Socialismo o Barbarie","description":"Sitio web de la corriente internacional Socialismo o Barbarie","publisher":{"@id":"https:\/\/www.socialismoobarbarie.org\/#organization"},"potentialAction":[{"@type":"SearchAction","target":{"@type":"EntryPoint","urlTemplate":"https:\/\/www.socialismoobarbarie.org\/?s={search_term_string}"},"query-input":{"@type":"PropertyValueSpecification","valueRequired":true,"valueName":"search_term_string"}}],"inLanguage":"es"},{"@type":"Organization","@id":"https:\/\/www.socialismoobarbarie.org\/#organization","name":"Socialismo o Barbarie","url":"https:\/\/www.socialismoobarbarie.org\/","logo":{"@type":"ImageObject","inLanguage":"es","@id":"https:\/\/www.socialismoobarbarie.org\/#\/schema\/logo\/image\/","url":"https:\/\/www.socialismoobarbarie.org\/wp-content\/uploads\/2025\/02\/soblogoweb-2025.png","contentUrl":"https:\/\/www.socialismoobarbarie.org\/wp-content\/uploads\/2025\/02\/soblogoweb-2025.png","width":450,"height":161,"caption":"Socialismo o Barbarie"},"image":{"@id":"https:\/\/www.socialismoobarbarie.org\/#\/schema\/logo\/image\/"}},{"@type":"Person","@id":"https:\/\/www.socialismoobarbarie.org\/#\/schema\/person\/bc1c3b321d47ed092405949c77e35a8e","name":"SOB","url":"https:\/\/www.socialismoobarbarie.org\/?author=8"}]}},"_links":{"self":[{"href":"https:\/\/www.socialismoobarbarie.org\/index.php?rest_route=\/wp\/v2\/posts\/10490","targetHints":{"allow":["GET"]}}],"collection":[{"href":"https:\/\/www.socialismoobarbarie.org\/index.php?rest_route=\/wp\/v2\/posts"}],"about":[{"href":"https:\/\/www.socialismoobarbarie.org\/index.php?rest_route=\/wp\/v2\/types\/post"}],"author":[{"embeddable":true,"href":"https:\/\/www.socialismoobarbarie.org\/index.php?rest_route=\/wp\/v2\/users\/8"}],"replies":[{"embeddable":true,"href":"https:\/\/www.socialismoobarbarie.org\/index.php?rest_route=%2Fwp%2Fv2%2Fcomments&post=10490"}],"version-history":[{"count":1,"href":"https:\/\/www.socialismoobarbarie.org\/index.php?rest_route=\/wp\/v2\/posts\/10490\/revisions"}],"predecessor-version":[{"id":10491,"href":"https:\/\/www.socialismoobarbarie.org\/index.php?rest_route=\/wp\/v2\/posts\/10490\/revisions\/10491"}],"wp:featuredmedia":[{"embeddable":true,"href":"https:\/\/www.socialismoobarbarie.org\/index.php?rest_route=\/wp\/v2\/media\/10472"}],"wp:attachment":[{"href":"https:\/\/www.socialismoobarbarie.org\/index.php?rest_route=%2Fwp%2Fv2%2Fmedia&parent=10490"}],"wp:term":[{"taxonomy":"category","embeddable":true,"href":"https:\/\/www.socialismoobarbarie.org\/index.php?rest_route=%2Fwp%2Fv2%2Fcategories&post=10490"},{"taxonomy":"post_tag","embeddable":true,"href":"https:\/\/www.socialismoobarbarie.org\/index.php?rest_route=%2Fwp%2Fv2%2Ftags&post=10490"}],"curies":[{"name":"wp","href":"https:\/\/api.w.org\/{rel}","templated":true}]}}