{"id":10777,"date":"2018-02-08T19:02:49","date_gmt":"2018-02-08T22:02:49","guid":{"rendered":"https:\/\/www.socialismoobarbarie.org\/?p=10777"},"modified":"2018-07-12T19:18:39","modified_gmt":"2018-07-12T22:18:39","slug":"argentina-nace-la-corriente-sindical-18-de-diciembre","status":"publish","type":"post","link":"https:\/\/www.socialismoobarbarie.org\/?p=10777","title":{"rendered":"Argentina &#8211; Nace la corriente sindical \u201c18 de diciembre\u201d"},"content":{"rendered":"<p><strong>Contra Macri, la patronal y los dirigentes vendidos<\/strong><\/p>\n<p><strong>\u00a0\u00a0\u00a0\u00a0\u00a0\u00a0\u00a0\u00a0\u00a0\u00a0\u00a0\u00a0\u00a0\u00a0\u00a0\u00a0\u00a0\u00a0\u00a0\u00a0\u00a0\u00a0\u00a0\u00a0 NACE LA CORRIENTE SINDICAL \u201c18 DE DICIEMBRE\u201d<\/strong><\/p>\n<p>El lunes 18 de diciembre del 2017 va a quedar en la historia como el d\u00eda en que cientos de miles de trabajadores y\u00a0 j\u00f3venes salimos a las calles y en la Plaza Congreso nos plantamos y le dijimos \u00a0\u201c\u00a1Basta!\u201d al gobierno de Macri. Fue el estallido de la bronca acumulada durante 2 a\u00f1os de gobierno macrista.<\/p>\n<p>Fueron 2 a\u00f1os de mentiras en los que no cumpli\u00f3 una sola promesa electoral; al contrario: sufrimos miles de despidos, nos bajaron el salario, nos sacudieron terribles tarifazos. No conforme con eso, y envalentonado por el resultado electoral, \u201cquiso ir por m\u00e1s\u201d y reformar las leyes laborales y previsionales. Se crey\u00f3 que le alcanzaba con \u201ccomprar\u201d el voto de los diputados y senadores peronistas (que siguen las \u00f3rdenes de los gobernadores) y \u201ctransar\u201d por arriba con los bur\u00f3cratas de la CGT.<\/p>\n<p>Pero le sali\u00f3 el tiro por la culata. El 14 de diciembre cerc\u00f3 el Congreso con miles de milicos de Gendarmer\u00eda y Polic\u00eda, y desat\u00f3 una salvaje represi\u00f3n para impedir la protesta de los miles de manifestantes que fuimos a rechazar las reformas. Por m\u00e1s gases y balas de goma que tiraron, la gente se mantuvo firme y todos juntos logramos con la lucha que se suspenda la sesi\u00f3n. Un primer triunfo que miles festejamos abraz\u00e1ndonos en la Plaza Congreso. La represi\u00f3n continu\u00f3 luego de la ca\u00edda de la sesi\u00f3n con decenas de heridos y m\u00e1s de 40 presos, todo con el objetivo de meter miedo: si manifest\u00e1s \u201cpod\u00e9s comerte un palo, una bala de goma o ir en cana\u201d\u2026<\/p>\n<p>Si alguien todav\u00eda ten\u00eda una esperanza en que el gobierno \u201cescuchar\u00eda\u201d a la gente, Macri y sus ministros \u201cempresarios\u201d volvieron a la carga, \u201capretaron\u201d a los gobernadores con la chequera para que se presenten y voten a favor de la reforma, y convocaron nueva sesi\u00f3n de emergencia para el 18.<\/p>\n<p>La insistencia con la reforma cay\u00f3 mal en todos lados. Las charlas en las f\u00e1bricas, en los lugares de trabajo, en los barrios y en los colectivos fueron creciendo, y fue como la gota que rebals\u00f3 el vaso. Hab\u00eda que decirle \u201c\u00a1Basta!\u201d a este gobierno de los ricos, \u00a1no puede ser que se meta con los viejos!, \u00a1no se puede permitir! \u00a1Encima que ganan miseria les quiere robar una parte de la jubilaci\u00f3n!<\/p>\n<p>Y as\u00ed fue que la bronca se transform\u00f3 en \u201cnafta\u201d que prendi\u00f3 los \u201cmotores\u201d de una verdadera rebeli\u00f3n de trabajadores y j\u00f3venes que se sumaron a las columnas de los sindicatos, movimientos sociales, partidos de izquierda y agrupaciones que se convocaron el 18 de diciembre a la Plaza Congreso.\u00a0 \u00a0Tambi\u00e9n se sumaron \u201cpor la suya\u201d muchos trabajadores de gremios cuyos dirigentes se \u201cborraron\u201d, conformando una multitud de 200.000 trabajadores decididos a \u201cpararle la mano a Macri\u201d.<\/p>\n<p>Otra vez la represi\u00f3n salvaje. El gobierno larg\u00f3 la polic\u00eda para garantizar que adentro los diputados oficialistas y los otros, que se dicen \u201copositores\u201d (como muchos peronistas), consumaran el robo a los jubilados. Afuera la manifestaci\u00f3n ard\u00eda de bronca e indignaci\u00f3n, y se le par\u00f3 enfrente a la represi\u00f3n y volvi\u00f3 a gritar \u201c\u00a1Basta!\u201d Esta vez los gases y balas de goma tuvieron respuesta: una verdadera batalla campal en defensa de nuestros viejos y tambi\u00e9n por nuestros derechos.<\/p>\n<p>La tele mostraba todo en directo. El pa\u00eds vio c\u00f3mo nac\u00eda una nueva vanguardia en la lucha contra Macri: miles de trabajadores hombres y mujeres, la mayor\u00eda j\u00f3venes, otros no tanto, se plantaron y le dieron pelea al gobierno; una ola de simpat\u00eda recorri\u00f3 las f\u00e1bricas, los barrios: \u201c\u00a1Por fin! \u00a1As\u00ed hay que hacer! \u00a1Hay que luchar as\u00ed por nuestros derechos! \u00a1Qu\u00e9 ganas de estar ah\u00ed!\u201d Finalmente el gobierno consigui\u00f3 los votos; logr\u00f3 aprobar la ley pero al mismo tiempo perdi\u00f3 legitimidad: es como que en la cabeza de la gente se produjo un click. La historia comenz\u00f3 a ser otra. Los que lo votaron se arrepintieron. Ahora la mayor\u00eda est\u00e1 en contra del gobierno y por eso muchos de los que no pudieron estar por la tarde salieron por la noche a cacerolear en muchas ciudades contra el gobierno.<\/p>\n<p>El 18 de diciembre va a quedar en la historia como el d\u00eda en que naci\u00f3 la verdadera oposici\u00f3n al gobierno: una nueva generaci\u00f3n de trabajadores y j\u00f3venes que ya \u201cno se comen una\u201d, que odian a Macri y su gobierno de empresarios, que van al frente para defender sus derechos y pararle la mano, que luch\u00f3 y sigue luchando en cada lugar de trabajo defendiendo al compa\u00f1ero contra las injusticias de la patronal, que no aguanta m\u00e1s y le pasa por arriba a los dirigentes sindicales traidores (que hablan de \u201cdi\u00e1logo y tranquilidad\u201d mientras despiden y bajan el sueldo todos los d\u00edas), que ya no espera en las plazas como los dirigentes kirchneristas tomando mate \u201cresistiendo con aguante\u201d o que la soluci\u00f3n es s\u00f3lo votar en las elecciones, que impulsan las asambleas y la democracia por las bases.<\/p>\n<p>Es una generaci\u00f3n combativa, antiburocr\u00e1tica y unitaria, que canta \u201cUnidad de los trabajadores y al que no le gusta se jode, se jode\u201d, porque sabe que la pelea es dura y es necesaria la unidad de todos los que no queremos a este gobierno y que deseamos un futuro mejor para nuestra familia; una salida desde la clase trabajadora.<\/p>\n<p>El gobierno acus\u00f3 el golpe. Pero \u00a1ojo! que, aunque qued\u00f3 desprestigiado y est\u00e1 para abajo en las encuestas, eso no quiere decir que est\u00e9 d\u00e9bil. Macri y los empresarios est\u00e1n emperrados en ponernos un pie en la cabeza y que aceptemos laburar por una par de chirolas sin convenios ni paritarias. Nos quieren esclavos. Quieren retroceder la historia cien a\u00f1os cuando los trabajadores no ten\u00edamos derechos. Nos quieren sacar la indemnizaci\u00f3n, las horas extras, los bonos. Si te romp\u00e9s en la m\u00e1quina, te ofrecen una miseria de compensaci\u00f3n, y si no te gusta, \u201cque pase el que sigue\u201d.<\/p>\n<p>Por eso en pleno verano Macri larg\u00f3 un nuevo ajuste: le puso un techo del 15% a las paritarias, y llovieron miles de despidos entre los estatales, enfermeros del Hospital Posadas, mineros de R\u00edo Turbio, Fanazul, el INTI, ANSeS, FADEA y todos los ministerios sufrieron bajas. Despidos que los empresarios privados toman como un gui\u00f1o para despedir y subir los ritmos de producci\u00f3n en sus f\u00e1bricas, como las metal\u00fargicas Envases del Plata, St\u00f6ckl, los ingenios azucareros del Norte y las f\u00e1bricas del Neum\u00e1tico como FATE, Pirelli y Bridgestone.<\/p>\n<p>Las \u201cJornadas de diciembre\u201d pusieron al rojo vivo el \u00bfc\u00f3mo? \u00bfCon qui\u00e9n? y de \u00bfqu\u00e9 manera? seguir la pelea contra el gobierno. Ese d\u00eda fuimos una multitud en las calles. Y cuando charlamos en las f\u00e1bricas y lugares de trabajo, hay cientos de miles m\u00e1s que se est\u00e1n preguntando lo mismo. \u00a0Necesitamos una nueva organizaci\u00f3n para encarar esta tarea. Los tiempos que se vienen van ser dif\u00edciles, van a ser duros: el gobierno viene por todo y no va a retroceder f\u00e1cil porque se juega su continuidad para el 2019.<\/p>\n<p>Los sindicalistas tradicionales patean en contra nuestro. Se creen \u201clos due\u00f1os del sindicato\u201d. Por eso no quieren largar los sillones y los millones. Para conservar sus privilegios siempre andan transando con el gobierno de turno y las patronales. No hay que depositar ninguna confianza en estos personajes. S\u00f3lo debemos tener confianza en nuestras propias fuerzas. Hay que exigirles que convoquen a luchar. Y, si no lo hacen, hay que desbordarlos y echarlos.<\/p>\n<p>Por eso un grupo de trabajadores y activistas, delegados y agrupaciones de \u00a0base como la Marr\u00f3n del Neum\u00e1tico, la \u201cCarlos Fuentealba\u201d de estatales y docentes, la Marr\u00f3n del Vidrio, Judiciales Clasistas, RH Combativo trabajadores de la salud y otras agrupaciones y dirigentes de los trabajadores, te proponemos que construyamos juntos una nueva corriente independiente que pelee por nuestros reclamos.<\/p>\n<p><strong>Contra el gobierno:<\/strong> somos\u00a0\u201clos rabiosos\u201d anti-Macri\u00a0y todo su gabinete de empresarios, que usan el gobierno y el Estado para explotar a los de abajo y enriquecer a los de arriba.<\/p>\n<p><strong>Combativa<\/strong>:\u00a0para pararle la mano a Macri hay que luchar.\u00a0Macri y los empresarios vienen por todo y por culpa de la dirigencia sindical que \u201cnegocia por arriba\u201d perdimos salario y conquistas. Basta de \u201ccolaboracionistas y dialoguistas\u201d. Las jornadas de diciembre demostraron que se puede luchar y frenar las reformas del gobierno. Hay que exigir a la dirigencia sindical una huelga general\u00a0con movilizaci\u00f3n y conquistarla imponi\u00e9ndola con asambleas en los lugares de trabajo.<\/p>\n<p><strong>Unitaria<\/strong>: para pararle la mano al gobierno necesitamos la mayor unidad de todos los que estamos contra el gobierno. Impulsamos la unidad de acci\u00f3n para luchar, para hacer paros y marchas. Exigimos a los dirigentes que se pongan al frente, que convoquen, que organicen, y los que no lo hacen los desbordamos, los marcamos a fuego y trabajamos para sacarlos construyendo una nueva direcci\u00f3n.<\/p>\n<p><strong>Por la democracia de las bases<\/strong>: vamos por un nuevo sindicalismo combativo. Macri nos quiere reventar: necesitamos nuevos dirigentes para luchar contra este gobierno, porque los dirigentes tradicionales \u201ctransan\u201d. Ninguna confianza en estos dirigentes.\u00a0Por eso impulsamos la organizaci\u00f3n desde abajo y la democracia sindical:\u00a0para\u00a0que la decisi\u00f3n la tengan las asambleas de base.\u00a0Por nuevos cuerpos de delegados. Por nuevas agrupaciones en los gremios.<\/p>\n<p><strong>Antipatronal<\/strong>: la patronal siempre nos quiere embromar gobierne Macri, Cristina o Menem. La diferencia es que con el gobierno de Macri gobiernan directamente los empresarios. Por eso las patronales se envalentonaron. Nuestro primer enemigo son los empresarios. Ellos viven de nuestro trabajo. Por eso quieren s\u00faper explotarnos: para tener m\u00e1s ganancias quieren que trabajemos m\u00e1s por menos salario y menos conquistas. Las reformas de Macri son para favorecer a los empresarios. Hay que pelear contra los dos. Para ser anti-Macri hay que ser antipatronal y viceversa. Por eso tambi\u00e9n hay que cambiar a los dirigentes porque pueden hablar mal o bien del gobierno, pero siempre transan con la patronal.<\/p>\n<p><strong>Independiente: <\/strong>que no dependa de ning\u00fan gobierno, ni de ning\u00fan partido patronal, como los peronistas y radicales que apoyaron y votaron la reforma previsional del gobierno; que defienda la independencia pol\u00edtica de los trabajadores.<\/p>\n<p><strong>Juvenil<\/strong>: para enfrentar a este gobierno necesitamos\u00a0fuerza y decisi\u00f3n, \u00a1paso a la juventud! \u00a0\u00a1Macri nos quiere robar el futuro!\u00a0 La juventud tiene que agarrar la direcci\u00f3n de los sindicatos. Basta de \u201cviejos transeros\u201d que buscan m\u00e1s cuidar el sill\u00f3n y sus privilegios de millonarios que no representan a las bases.<\/p>\n<p><strong>Programa<\/strong><\/p>\n<p>Basta de despidos y suspensiones<\/p>\n<p>No a la reforma laboral, ni entera ni en partes<\/p>\n<p>Aumento general de salarios. Paritarias libres sin techo<\/p>\n<p>Apoyo y solidaridad con todos los sectores en lucha<\/p>\n<p>Ocupaci\u00f3n y expropiaci\u00f3n con control de los trabajadores de toda f\u00e1brica que cierre<\/p>\n<p>No al robo de los jubilados. Derogaci\u00f3n de la Reforma Jubilatoria<\/p>\n<p>Basta de aumentos en el transporte y los servicios<\/p>\n<p>Derogaci\u00f3n del Impuesto al salario<\/p>\n<p>Que se vaya el negrero y corrupto Triaca. Basta de trabajo en negro y precarizado<\/p>\n<p>Por la unidad en la acci\u00f3n de todos los sectores que quieran enfrentar los ataques del gobierno y la patronal<\/p>\n<p>Asambleas para que las bases participen y decidan los pasos a seguir<\/p>\n<p>Por un nuevo sindicalismo independiente y combativo. Que luche contra el gobierno de Macri, la patronal y la burocracia sindical. Que se construya desde abajo con asambleas y respetando la democracia de las bases<\/p>\n<p>Por la coordinaci\u00f3n de las luchas en curso<\/p>\n<p>Apoyo a la lucha de las mujeres y sus reclamos. Ni una menos<\/p>\n<p>Basta de represi\u00f3n a las luchas de los trabajadores. Libertad y desprocesamiento a los presos del 14 de diciembre y todos los presos por luchar<\/p>\n<p>Exigimos que los gremios de la CGT y las CTA\u00a0llamen a un Plan de Lucha que comience con un paro general con movilizaci\u00f3n.<\/p>\n<p>&nbsp;<\/p>\n<p>\u00a1SUMATE!<\/p>\n<p>\u00a1VAMOS A LUCHAR JUNTOS CONTRA MACRI, LOS DIRIGENTES VENDIDOS Y LA PATRONAL!<\/p>\n<p>&nbsp;<\/p>\n<p>\u201cCORRIENTE DE TRABAJADORES 18 DE DICIEMBRE\u201d<\/p>\n","protected":false},"excerpt":{"rendered":"<p>Contra Macri, la patronal y los dirigentes vendidos \u00a0\u00a0\u00a0\u00a0\u00a0\u00a0\u00a0\u00a0\u00a0\u00a0\u00a0\u00a0\u00a0\u00a0\u00a0\u00a0\u00a0\u00a0\u00a0\u00a0\u00a0\u00a0\u00a0\u00a0 NACE LA CORRIENTE SINDICAL \u201c18 DE DICIEMBRE\u201d El lunes 18 de diciembre del 2017 va a quedar en la historia como el d\u00eda en que cientos de miles de trabajadores y\u00a0 j\u00f3venes salimos a las calles y en la Plaza Congreso nos plantamos y le dijimos [&hellip;]<\/p>\n","protected":false},"author":8,"featured_media":10778,"comment_status":"closed","ping_status":"closed","sticky":false,"template":"","format":"standard","meta":{"footnotes":""},"categories":[122,1656,14],"tags":[1753],"class_list":{"0":"post-10777","1":"post","2":"type-post","3":"status-publish","4":"format-standard","5":"has-post-thumbnail","7":"category-america-latina-y-el-caribe","8":"category-argentina","9":"category-movimiento-obrero","10":"tag-edicion-106"},"yoast_head":"<!-- This site is optimized with the Yoast SEO plugin v27.5 - https:\/\/yoast.com\/product\/yoast-seo-wordpress\/ -->\n<title>Argentina - Nace la corriente sindical \u201c18 de diciembre\u201d - Socialismo o Barbarie<\/title>\n<meta name=\"robots\" content=\"index, follow, max-snippet:-1, max-image-preview:large, max-video-preview:-1\" \/>\n<link rel=\"canonical\" href=\"https:\/\/www.socialismoobarbarie.org\/?p=10777\" \/>\n<meta property=\"og:locale\" content=\"es_ES\" \/>\n<meta property=\"og:type\" content=\"article\" \/>\n<meta property=\"og:title\" content=\"Argentina - Nace la corriente sindical \u201c18 de diciembre\u201d - Socialismo o Barbarie\" \/>\n<meta property=\"og:description\" content=\"Contra Macri, la patronal y los dirigentes vendidos \u00a0\u00a0\u00a0\u00a0\u00a0\u00a0\u00a0\u00a0\u00a0\u00a0\u00a0\u00a0\u00a0\u00a0\u00a0\u00a0\u00a0\u00a0\u00a0\u00a0\u00a0\u00a0\u00a0\u00a0 NACE LA CORRIENTE SINDICAL \u201c18 DE DICIEMBRE\u201d El lunes 18 de diciembre del 2017 va a quedar en la historia como el d\u00eda en que cientos de miles de trabajadores y\u00a0 j\u00f3venes salimos a las calles y en la Plaza Congreso nos plantamos y le dijimos [&hellip;]\" \/>\n<meta property=\"og:url\" content=\"https:\/\/www.socialismoobarbarie.org\/?p=10777\" \/>\n<meta property=\"og:site_name\" content=\"Socialismo o Barbarie\" \/>\n<meta property=\"article:published_time\" content=\"2018-02-08T22:02:49+00:00\" \/>\n<meta property=\"article:modified_time\" content=\"2018-07-12T22:18:39+00:00\" \/>\n<meta property=\"og:image\" content=\"https:\/\/www.socialismoobarbarie.org\/wp-content\/uploads\/2018\/02\/contratapa-arg-e1518127328329.png\" \/>\n\t<meta property=\"og:image:width\" content=\"350\" \/>\n\t<meta property=\"og:image:height\" content=\"500\" \/>\n\t<meta property=\"og:image:type\" content=\"image\/png\" \/>\n<meta name=\"author\" content=\"SOB\" \/>\n<meta name=\"twitter:card\" content=\"summary_large_image\" \/>\n<meta name=\"twitter:label1\" content=\"Escrito por\" \/>\n\t<meta name=\"twitter:data1\" content=\"SOB\" \/>\n\t<meta name=\"twitter:label2\" content=\"Tiempo de lectura\" \/>\n\t<meta name=\"twitter:data2\" content=\"10 minutos\" \/>\n<script type=\"application\/ld+json\" class=\"yoast-schema-graph\">{\"@context\":\"https:\\\/\\\/schema.org\",\"@graph\":[{\"@type\":\"Article\",\"@id\":\"https:\\\/\\\/www.socialismoobarbarie.org\\\/?p=10777#article\",\"isPartOf\":{\"@id\":\"https:\\\/\\\/www.socialismoobarbarie.org\\\/?p=10777\"},\"author\":{\"name\":\"SOB\",\"@id\":\"https:\\\/\\\/www.socialismoobarbarie.org\\\/#\\\/schema\\\/person\\\/bc1c3b321d47ed092405949c77e35a8e\"},\"headline\":\"Argentina &#8211; Nace la corriente sindical \u201c18 de diciembre\u201d\",\"datePublished\":\"2018-02-08T22:02:49+00:00\",\"dateModified\":\"2018-07-12T22:18:39+00:00\",\"mainEntityOfPage\":{\"@id\":\"https:\\\/\\\/www.socialismoobarbarie.org\\\/?p=10777\"},\"wordCount\":2072,\"publisher\":{\"@id\":\"https:\\\/\\\/www.socialismoobarbarie.org\\\/#organization\"},\"image\":{\"@id\":\"https:\\\/\\\/www.socialismoobarbarie.org\\\/?p=10777#primaryimage\"},\"thumbnailUrl\":\"https:\\\/\\\/www.socialismoobarbarie.org\\\/wp-content\\\/uploads\\\/2018\\\/02\\\/contratapa-arg-e1518127328329.png\",\"keywords\":[\"Edicion 106\"],\"articleSection\":[\"Am\u00e9rica Latina\",\"Argentina\",\"Movimiento obrero\"],\"inLanguage\":\"es\"},{\"@type\":\"WebPage\",\"@id\":\"https:\\\/\\\/www.socialismoobarbarie.org\\\/?p=10777\",\"url\":\"https:\\\/\\\/www.socialismoobarbarie.org\\\/?p=10777\",\"name\":\"Argentina - Nace la corriente sindical \u201c18 de diciembre\u201d - Socialismo o Barbarie\",\"isPartOf\":{\"@id\":\"https:\\\/\\\/www.socialismoobarbarie.org\\\/#website\"},\"primaryImageOfPage\":{\"@id\":\"https:\\\/\\\/www.socialismoobarbarie.org\\\/?p=10777#primaryimage\"},\"image\":{\"@id\":\"https:\\\/\\\/www.socialismoobarbarie.org\\\/?p=10777#primaryimage\"},\"thumbnailUrl\":\"https:\\\/\\\/www.socialismoobarbarie.org\\\/wp-content\\\/uploads\\\/2018\\\/02\\\/contratapa-arg-e1518127328329.png\",\"datePublished\":\"2018-02-08T22:02:49+00:00\",\"dateModified\":\"2018-07-12T22:18:39+00:00\",\"breadcrumb\":{\"@id\":\"https:\\\/\\\/www.socialismoobarbarie.org\\\/?p=10777#breadcrumb\"},\"inLanguage\":\"es\",\"potentialAction\":[{\"@type\":\"ReadAction\",\"target\":[\"https:\\\/\\\/www.socialismoobarbarie.org\\\/?p=10777\"]}]},{\"@type\":\"ImageObject\",\"inLanguage\":\"es\",\"@id\":\"https:\\\/\\\/www.socialismoobarbarie.org\\\/?p=10777#primaryimage\",\"url\":\"https:\\\/\\\/www.socialismoobarbarie.org\\\/wp-content\\\/uploads\\\/2018\\\/02\\\/contratapa-arg-e1518127328329.png\",\"contentUrl\":\"https:\\\/\\\/www.socialismoobarbarie.org\\\/wp-content\\\/uploads\\\/2018\\\/02\\\/contratapa-arg-e1518127328329.png\",\"width\":350,\"height\":500},{\"@type\":\"BreadcrumbList\",\"@id\":\"https:\\\/\\\/www.socialismoobarbarie.org\\\/?p=10777#breadcrumb\",\"itemListElement\":[{\"@type\":\"ListItem\",\"position\":1,\"name\":\"Portada\",\"item\":\"https:\\\/\\\/www.socialismoobarbarie.org\\\/\"},{\"@type\":\"ListItem\",\"position\":2,\"name\":\"Argentina &#8211; Nace la corriente sindical \u201c18 de diciembre\u201d\"}]},{\"@type\":\"WebSite\",\"@id\":\"https:\\\/\\\/www.socialismoobarbarie.org\\\/#website\",\"url\":\"https:\\\/\\\/www.socialismoobarbarie.org\\\/\",\"name\":\"Socialismo o Barbarie\",\"description\":\"Sitio web de la corriente internacional Socialismo o Barbarie\",\"publisher\":{\"@id\":\"https:\\\/\\\/www.socialismoobarbarie.org\\\/#organization\"},\"potentialAction\":[{\"@type\":\"SearchAction\",\"target\":{\"@type\":\"EntryPoint\",\"urlTemplate\":\"https:\\\/\\\/www.socialismoobarbarie.org\\\/?s={search_term_string}\"},\"query-input\":{\"@type\":\"PropertyValueSpecification\",\"valueRequired\":true,\"valueName\":\"search_term_string\"}}],\"inLanguage\":\"es\"},{\"@type\":\"Organization\",\"@id\":\"https:\\\/\\\/www.socialismoobarbarie.org\\\/#organization\",\"name\":\"Socialismo o Barbarie\",\"url\":\"https:\\\/\\\/www.socialismoobarbarie.org\\\/\",\"logo\":{\"@type\":\"ImageObject\",\"inLanguage\":\"es\",\"@id\":\"https:\\\/\\\/www.socialismoobarbarie.org\\\/#\\\/schema\\\/logo\\\/image\\\/\",\"url\":\"https:\\\/\\\/www.socialismoobarbarie.org\\\/wp-content\\\/uploads\\\/2025\\\/02\\\/soblogoweb-2025.png\",\"contentUrl\":\"https:\\\/\\\/www.socialismoobarbarie.org\\\/wp-content\\\/uploads\\\/2025\\\/02\\\/soblogoweb-2025.png\",\"width\":450,\"height\":161,\"caption\":\"Socialismo o Barbarie\"},\"image\":{\"@id\":\"https:\\\/\\\/www.socialismoobarbarie.org\\\/#\\\/schema\\\/logo\\\/image\\\/\"}},{\"@type\":\"Person\",\"@id\":\"https:\\\/\\\/www.socialismoobarbarie.org\\\/#\\\/schema\\\/person\\\/bc1c3b321d47ed092405949c77e35a8e\",\"name\":\"SOB\",\"url\":\"https:\\\/\\\/www.socialismoobarbarie.org\\\/?author=8\"}]}<\/script>\n<!-- \/ Yoast SEO plugin. -->","yoast_head_json":{"title":"Argentina - Nace la corriente sindical \u201c18 de diciembre\u201d - Socialismo o Barbarie","robots":{"index":"index","follow":"follow","max-snippet":"max-snippet:-1","max-image-preview":"max-image-preview:large","max-video-preview":"max-video-preview:-1"},"canonical":"https:\/\/www.socialismoobarbarie.org\/?p=10777","og_locale":"es_ES","og_type":"article","og_title":"Argentina - Nace la corriente sindical \u201c18 de diciembre\u201d - Socialismo o Barbarie","og_description":"Contra Macri, la patronal y los dirigentes vendidos \u00a0\u00a0\u00a0\u00a0\u00a0\u00a0\u00a0\u00a0\u00a0\u00a0\u00a0\u00a0\u00a0\u00a0\u00a0\u00a0\u00a0\u00a0\u00a0\u00a0\u00a0\u00a0\u00a0\u00a0 NACE LA CORRIENTE SINDICAL \u201c18 DE DICIEMBRE\u201d El lunes 18 de diciembre del 2017 va a quedar en la historia como el d\u00eda en que cientos de miles de trabajadores y\u00a0 j\u00f3venes salimos a las calles y en la Plaza Congreso nos plantamos y le dijimos [&hellip;]","og_url":"https:\/\/www.socialismoobarbarie.org\/?p=10777","og_site_name":"Socialismo o Barbarie","article_published_time":"2018-02-08T22:02:49+00:00","article_modified_time":"2018-07-12T22:18:39+00:00","og_image":[{"width":350,"height":500,"url":"https:\/\/www.socialismoobarbarie.org\/wp-content\/uploads\/2018\/02\/contratapa-arg-e1518127328329.png","type":"image\/png"}],"author":"SOB","twitter_card":"summary_large_image","twitter_misc":{"Escrito por":"SOB","Tiempo de lectura":"10 minutos"},"schema":{"@context":"https:\/\/schema.org","@graph":[{"@type":"Article","@id":"https:\/\/www.socialismoobarbarie.org\/?p=10777#article","isPartOf":{"@id":"https:\/\/www.socialismoobarbarie.org\/?p=10777"},"author":{"name":"SOB","@id":"https:\/\/www.socialismoobarbarie.org\/#\/schema\/person\/bc1c3b321d47ed092405949c77e35a8e"},"headline":"Argentina &#8211; Nace la corriente sindical \u201c18 de diciembre\u201d","datePublished":"2018-02-08T22:02:49+00:00","dateModified":"2018-07-12T22:18:39+00:00","mainEntityOfPage":{"@id":"https:\/\/www.socialismoobarbarie.org\/?p=10777"},"wordCount":2072,"publisher":{"@id":"https:\/\/www.socialismoobarbarie.org\/#organization"},"image":{"@id":"https:\/\/www.socialismoobarbarie.org\/?p=10777#primaryimage"},"thumbnailUrl":"https:\/\/www.socialismoobarbarie.org\/wp-content\/uploads\/2018\/02\/contratapa-arg-e1518127328329.png","keywords":["Edicion 106"],"articleSection":["Am\u00e9rica Latina","Argentina","Movimiento obrero"],"inLanguage":"es"},{"@type":"WebPage","@id":"https:\/\/www.socialismoobarbarie.org\/?p=10777","url":"https:\/\/www.socialismoobarbarie.org\/?p=10777","name":"Argentina - Nace la corriente sindical \u201c18 de diciembre\u201d - Socialismo o Barbarie","isPartOf":{"@id":"https:\/\/www.socialismoobarbarie.org\/#website"},"primaryImageOfPage":{"@id":"https:\/\/www.socialismoobarbarie.org\/?p=10777#primaryimage"},"image":{"@id":"https:\/\/www.socialismoobarbarie.org\/?p=10777#primaryimage"},"thumbnailUrl":"https:\/\/www.socialismoobarbarie.org\/wp-content\/uploads\/2018\/02\/contratapa-arg-e1518127328329.png","datePublished":"2018-02-08T22:02:49+00:00","dateModified":"2018-07-12T22:18:39+00:00","breadcrumb":{"@id":"https:\/\/www.socialismoobarbarie.org\/?p=10777#breadcrumb"},"inLanguage":"es","potentialAction":[{"@type":"ReadAction","target":["https:\/\/www.socialismoobarbarie.org\/?p=10777"]}]},{"@type":"ImageObject","inLanguage":"es","@id":"https:\/\/www.socialismoobarbarie.org\/?p=10777#primaryimage","url":"https:\/\/www.socialismoobarbarie.org\/wp-content\/uploads\/2018\/02\/contratapa-arg-e1518127328329.png","contentUrl":"https:\/\/www.socialismoobarbarie.org\/wp-content\/uploads\/2018\/02\/contratapa-arg-e1518127328329.png","width":350,"height":500},{"@type":"BreadcrumbList","@id":"https:\/\/www.socialismoobarbarie.org\/?p=10777#breadcrumb","itemListElement":[{"@type":"ListItem","position":1,"name":"Portada","item":"https:\/\/www.socialismoobarbarie.org\/"},{"@type":"ListItem","position":2,"name":"Argentina &#8211; Nace la corriente sindical \u201c18 de diciembre\u201d"}]},{"@type":"WebSite","@id":"https:\/\/www.socialismoobarbarie.org\/#website","url":"https:\/\/www.socialismoobarbarie.org\/","name":"Socialismo o Barbarie","description":"Sitio web de la corriente internacional Socialismo o Barbarie","publisher":{"@id":"https:\/\/www.socialismoobarbarie.org\/#organization"},"potentialAction":[{"@type":"SearchAction","target":{"@type":"EntryPoint","urlTemplate":"https:\/\/www.socialismoobarbarie.org\/?s={search_term_string}"},"query-input":{"@type":"PropertyValueSpecification","valueRequired":true,"valueName":"search_term_string"}}],"inLanguage":"es"},{"@type":"Organization","@id":"https:\/\/www.socialismoobarbarie.org\/#organization","name":"Socialismo o Barbarie","url":"https:\/\/www.socialismoobarbarie.org\/","logo":{"@type":"ImageObject","inLanguage":"es","@id":"https:\/\/www.socialismoobarbarie.org\/#\/schema\/logo\/image\/","url":"https:\/\/www.socialismoobarbarie.org\/wp-content\/uploads\/2025\/02\/soblogoweb-2025.png","contentUrl":"https:\/\/www.socialismoobarbarie.org\/wp-content\/uploads\/2025\/02\/soblogoweb-2025.png","width":450,"height":161,"caption":"Socialismo o Barbarie"},"image":{"@id":"https:\/\/www.socialismoobarbarie.org\/#\/schema\/logo\/image\/"}},{"@type":"Person","@id":"https:\/\/www.socialismoobarbarie.org\/#\/schema\/person\/bc1c3b321d47ed092405949c77e35a8e","name":"SOB","url":"https:\/\/www.socialismoobarbarie.org\/?author=8"}]}},"_links":{"self":[{"href":"https:\/\/www.socialismoobarbarie.org\/index.php?rest_route=\/wp\/v2\/posts\/10777","targetHints":{"allow":["GET"]}}],"collection":[{"href":"https:\/\/www.socialismoobarbarie.org\/index.php?rest_route=\/wp\/v2\/posts"}],"about":[{"href":"https:\/\/www.socialismoobarbarie.org\/index.php?rest_route=\/wp\/v2\/types\/post"}],"author":[{"embeddable":true,"href":"https:\/\/www.socialismoobarbarie.org\/index.php?rest_route=\/wp\/v2\/users\/8"}],"replies":[{"embeddable":true,"href":"https:\/\/www.socialismoobarbarie.org\/index.php?rest_route=%2Fwp%2Fv2%2Fcomments&post=10777"}],"version-history":[{"count":1,"href":"https:\/\/www.socialismoobarbarie.org\/index.php?rest_route=\/wp\/v2\/posts\/10777\/revisions"}],"predecessor-version":[{"id":10779,"href":"https:\/\/www.socialismoobarbarie.org\/index.php?rest_route=\/wp\/v2\/posts\/10777\/revisions\/10779"}],"wp:featuredmedia":[{"embeddable":true,"href":"https:\/\/www.socialismoobarbarie.org\/index.php?rest_route=\/wp\/v2\/media\/10778"}],"wp:attachment":[{"href":"https:\/\/www.socialismoobarbarie.org\/index.php?rest_route=%2Fwp%2Fv2%2Fmedia&parent=10777"}],"wp:term":[{"taxonomy":"category","embeddable":true,"href":"https:\/\/www.socialismoobarbarie.org\/index.php?rest_route=%2Fwp%2Fv2%2Fcategories&post=10777"},{"taxonomy":"post_tag","embeddable":true,"href":"https:\/\/www.socialismoobarbarie.org\/index.php?rest_route=%2Fwp%2Fv2%2Ftags&post=10777"}],"curies":[{"name":"wp","href":"https:\/\/api.w.org\/{rel}","templated":true}]}}