{"id":10989,"date":"2018-04-05T18:48:43","date_gmt":"2018-04-05T21:48:43","guid":{"rendered":"https:\/\/www.socialismoobarbarie.org\/?p=10989"},"modified":"2019-11-20T10:50:59","modified_gmt":"2019-11-20T13:50:59","slug":"brasil-la-justicia-le-niega-el-habeas-corpus-a-lula","status":"publish","type":"post","link":"https:\/\/www.socialismoobarbarie.org\/?p=10989","title":{"rendered":"Brasil: La Justicia le niega el habeas corpus a Lula"},"content":{"rendered":"<p>Hace instantes el Supremo Tribunal Federal de Brasil le neg\u00f3 a Lula (ex presidente de Brasil) un pedido de habeas corpus, que dejase suspendida la orden de prisi\u00f3n en su contra, por una mayor\u00eda de 6 votos a 5. En el actual contexto de ofensiva reaccionaria, y pese a las profundas diferencias que nos separan de Lula y del PT, significa un elemento m\u00e1s de endurecimiento del r\u00e9gimen pol\u00edtico contra el cual todas las organizaciones socialistas, los defensores de las garant\u00edas democr\u00e1ticas y de los derechos humanos en general debemos luchar.<\/p>\n<p>En enero la sentencia de prisi\u00f3n contra Lula fue confirmada y aumentada, de los 9 a\u00f1os que se dictaron en primera instancia, a los 12 que se resolvieron en segunda instancia de forma un\u00e1nime por el Tribunal Regional Federal de la 4ta regi\u00f3n (TRF-4). Condena que se dict\u00f3 contra el ex presidente por la supuesta<a href=\"https:\/\/www.mas.org.ar\/?p=15471#_ftn1\" name=\"_ftnref1\">[1]<\/a>\u00a0aceptaci\u00f3n de coimas por la suma de 2,4 millones de reales (14.540.000 pesos), dada por la contratista OAS en forma de un apartamento en el litoral paulista (Guaruj\u00e1).<\/p>\n<p>Despu\u00e9s de esa decisi\u00f3n, la defensa de Lula apel\u00f3 al Superior Tribunal de Justicia (STJ) con una solicitud de habeas corpus preventivo y en marzo el pedido fue negado un\u00e1nimemente. A partir de entonces la defensa de Lula present\u00f3 un recurso en el Supremo Tribunal Federal (STF) que como vimos confirm\u00f3 la decisi\u00f3n del STJ.<\/p>\n<p>Este proceso se inserta en el contexto de ofensiva reaccionaria y particularmente del impeachment a Dilma, dado que s\u00f3lo unos meses despu\u00e9s de la destituci\u00f3n de Dilma en octubre de 2016, el STF decidi\u00f3 por 6 votos contra 5 que tras una condena en segunda instancia corresponde la ejecuci\u00f3n inmediata de la pena. Obviamente que esa decisi\u00f3n, que se produjo en el marco de la ofensiva reaccionaria y del fortalecimiento de la Operaci\u00f3n Lava Jato, no es el resultado de ning\u00fan intento \u201cmodernizador\u201d del poder judicial para agilizar el castigo de malhechores\u2026<\/p>\n<p>La resoluci\u00f3n de \u00faltima hora del STF contra el pedido de habeas corpus se inserta en una coyuntura de mayor polarizaci\u00f3n pol\u00edtica marcada por la intervenci\u00f3n federal militar en R\u00edo de Janeiro, de la ejecuci\u00f3n de Marielle Franco, del crecimiento de las acciones proto-fascistas contra las \u201ccaravanas de Lula\u201d y los posteos en twitter del jefe del ej\u00e9rcito en tono amenazador.<strong>\u00a0<\/strong><\/p>\n<p><strong>No renunciar a la independencia pol\u00edtica<\/strong><strong>\u00a0<\/strong><\/p>\n<p>Esta sentencia, que puede llevar a Lula a la c\u00e1rcel en las pr\u00f3ximas semanas, significa la profundizaci\u00f3n de la ofensiva reaccionaria en que vivimos. No podemos, como hacen algunas corrientes, especialmente el PSTU, comportarnos como un sapo en agua hirviendo. Es decir, si dejamos pasar el calentamiento gradual de la temperatura del agua, al final acabaremos escaldados.<\/p>\n<p>Vivimos un serio proceso de endurecimiento del r\u00e9gimen que ahora le pega al jefe de una burocracia traidora, pero que va acumulando elementos bonapartistas que necesariamente se vuelven contra el conjunto de los trabajadores, de los movimientos sociales y de la izquierda (el caso de Marielle es emblem\u00e1tico).<\/p>\n<p>Por otro lado, no podemos comportarnos como algunos sectores de la izquierda del PSOL y de otros partidos que en el af\u00e1n de sostener una justa lucha contra el gobierno, en defensa de la democracia y contra el crecimiento del fascismo simplemente diluyen toda cr\u00edtica pol\u00edtica al lulismo. Puesto que esa burocracia, que ahora est\u00e1 siendo v\u00edctima por el avance de la ofensiva reaccionaria, es co-responsable por la situaci\u00f3n en que estamos viviendo<a href=\"https:\/\/www.mas.org.ar\/?p=15471#_ftn2\" name=\"_ftnref2\">[2]<\/a>.<\/p>\n<p>Por eso, la t\u00e1ctica de frente \u00fanico en defensa de la democracia, contra la prisi\u00f3n de Lula, contra el bonapartismo y el avance del fascismo no puede en ning\u00fan caso traducirse en un relajamiento de la dura y sistem\u00e1tica denuncia del lulismo, no pueden ocultarse nuestras profundas diferencias pol\u00edticas, no se puede dejar de responsabilizar al lulismo por la situaci\u00f3n actual y no puede dejarse de presentar otro proyecto y otra estrategia pol\u00edtica.<\/p>\n<p>Un frente \u00fanico, desde nuestro punto de vista, tiene el objetivo de fortalecer la lucha contra el enemigo com\u00fan, pero tambi\u00e9n de forma obligatoria fortalecer la posici\u00f3n socialista revolucionaria en el interior del movimiento. De lo contrario s\u00f3lo crear\u00edamos mayores ilusiones en esa burocracia y no construir\u00edamos una alternativa de direcci\u00f3n a ese sector que s\u00f3lo a tra\u00eddo perjuicios a la causa de los trabajadores y de los oprimidos.<\/p>\n<p>Adem\u00e1s, es preciso exigirle sistem\u00e1ticamente a esa burocracia que movilice, no s\u00f3lo contra la prisi\u00f3n de Lula (lo que por otra parte no ha movido multitudes), sino tambi\u00e9n por justicia para Marielle, contra la intervenci\u00f3n militar en R\u00edo de Janeiro y por la suspensi\u00f3n de todas las contrarreformas.<\/p>\n<p>Por otro lado, no alcanza con que en los actos que se desarrollen la izquierda s\u00f3lo se delimite pol\u00edticamente, es necesario que el PSOL, sus candidatos, con Boulos al frente, y, principalmente, sus corrientes de izquierda se diferencien pol\u00edtica y f\u00edsicamente de la burocracia con columnas y banderas propias.<\/p>\n<p><a href=\"https:\/\/www.mas.org.ar\/?p=15471#_ftnref1\" name=\"_ftn1\">[1]<\/a>\u00a0Decimos supuesto porqu\u00e9, a pesar de los indicios, no hay en el expediente pruebas cabales contra el ex presidente, lo que configura un abordaje jur\u00eddico que no se encuadra en el marco del derecho brasile\u00f1o que se fundamenta en la condena a partir de pruebas irrefutables.<\/p>\n<p><a href=\"https:\/\/www.mas.org.ar\/?p=15471#_ftnref2\" name=\"_ftn2\">[2]<\/a>\u00a0Podr\u00edamos hacer una larga lista de las traiciones del lulismo que van desde las medidas neoliberales y reaccionarias mientras estaban en el poder hasta la traici\u00f3n del proceso de movilizaci\u00f3n del primer semestre del a\u00f1o pasado que podr\u00eda haber frenado la avanzada reaccionaria.<\/p>\n","protected":false},"excerpt":{"rendered":"<p>Hace instantes el Supremo Tribunal Federal de Brasil le neg\u00f3 a Lula (ex presidente de Brasil) un pedido de habeas corpus, que dejase suspendida la orden de prisi\u00f3n en su contra, por una mayor\u00eda de 6 votos a 5. En el actual contexto de ofensiva reaccionaria, y pese a las profundas diferencias que nos separan [&hellip;]<\/p>\n","protected":false},"author":8,"featured_media":10990,"comment_status":"closed","ping_status":"closed","sticky":false,"template":"","format":"standard","meta":{"footnotes":""},"categories":[122,1657],"tags":[1119,1767],"class_list":{"0":"post-10989","1":"post","2":"type-post","3":"status-publish","4":"format-standard","5":"has-post-thumbnail","7":"category-america-latina-y-el-caribe","8":"category-brasil","9":"tag-antonio-soler","10":"tag-edicion-113"},"yoast_head":"<!-- This site is optimized with the Yoast SEO plugin v27.5 - https:\/\/yoast.com\/product\/yoast-seo-wordpress\/ -->\n<title>Brasil: La Justicia le niega el habeas corpus a Lula - Socialismo o Barbarie<\/title>\n<meta name=\"robots\" content=\"index, follow, max-snippet:-1, max-image-preview:large, max-video-preview:-1\" \/>\n<link rel=\"canonical\" href=\"https:\/\/www.socialismoobarbarie.org\/?p=10989\" \/>\n<meta property=\"og:locale\" content=\"es_ES\" \/>\n<meta property=\"og:type\" content=\"article\" \/>\n<meta property=\"og:title\" content=\"Brasil: La Justicia le niega el habeas corpus a Lula - Socialismo o Barbarie\" \/>\n<meta property=\"og:description\" content=\"Hace instantes el Supremo Tribunal Federal de Brasil le neg\u00f3 a Lula (ex presidente de Brasil) un pedido de habeas corpus, que dejase suspendida la orden de prisi\u00f3n en su contra, por una mayor\u00eda de 6 votos a 5. En el actual contexto de ofensiva reaccionaria, y pese a las profundas diferencias que nos separan [&hellip;]\" \/>\n<meta property=\"og:url\" content=\"https:\/\/www.socialismoobarbarie.org\/?p=10989\" \/>\n<meta property=\"og:site_name\" content=\"Socialismo o Barbarie\" \/>\n<meta property=\"article:published_time\" content=\"2018-04-05T21:48:43+00:00\" \/>\n<meta property=\"article:modified_time\" content=\"2019-11-20T13:50:59+00:00\" \/>\n<meta property=\"og:image\" content=\"https:\/\/www.socialismoobarbarie.org\/wp-content\/uploads\/2018\/04\/Brasil-Lula-da-Silva_CYMIMA20170716_0012_16.jpg\" \/>\n\t<meta property=\"og:image:width\" content=\"700\" \/>\n\t<meta property=\"og:image:height\" content=\"394\" \/>\n\t<meta property=\"og:image:type\" content=\"image\/jpeg\" \/>\n<meta name=\"author\" content=\"SOB\" \/>\n<meta name=\"twitter:card\" content=\"summary_large_image\" \/>\n<meta name=\"twitter:label1\" content=\"Escrito por\" \/>\n\t<meta name=\"twitter:data1\" content=\"SOB\" \/>\n\t<meta name=\"twitter:label2\" content=\"Tiempo de lectura\" \/>\n\t<meta name=\"twitter:data2\" content=\"5 minutos\" \/>\n<script type=\"application\/ld+json\" class=\"yoast-schema-graph\">{\"@context\":\"https:\\\/\\\/schema.org\",\"@graph\":[{\"@type\":\"Article\",\"@id\":\"https:\\\/\\\/www.socialismoobarbarie.org\\\/?p=10989#article\",\"isPartOf\":{\"@id\":\"https:\\\/\\\/www.socialismoobarbarie.org\\\/?p=10989\"},\"author\":{\"name\":\"SOB\",\"@id\":\"https:\\\/\\\/www.socialismoobarbarie.org\\\/#\\\/schema\\\/person\\\/bc1c3b321d47ed092405949c77e35a8e\"},\"headline\":\"Brasil: La Justicia le niega el habeas corpus a Lula\",\"datePublished\":\"2018-04-05T21:48:43+00:00\",\"dateModified\":\"2019-11-20T13:50:59+00:00\",\"mainEntityOfPage\":{\"@id\":\"https:\\\/\\\/www.socialismoobarbarie.org\\\/?p=10989\"},\"wordCount\":971,\"publisher\":{\"@id\":\"https:\\\/\\\/www.socialismoobarbarie.org\\\/#organization\"},\"image\":{\"@id\":\"https:\\\/\\\/www.socialismoobarbarie.org\\\/?p=10989#primaryimage\"},\"thumbnailUrl\":\"https:\\\/\\\/www.socialismoobarbarie.org\\\/wp-content\\\/uploads\\\/2018\\\/04\\\/Brasil-Lula-da-Silva_CYMIMA20170716_0012_16.jpg\",\"keywords\":[\"Antonio Soler\",\"Edicion 113\"],\"articleSection\":[\"Am\u00e9rica Latina\",\"Brasil\"],\"inLanguage\":\"es\"},{\"@type\":\"WebPage\",\"@id\":\"https:\\\/\\\/www.socialismoobarbarie.org\\\/?p=10989\",\"url\":\"https:\\\/\\\/www.socialismoobarbarie.org\\\/?p=10989\",\"name\":\"Brasil: La Justicia le niega el habeas corpus a Lula - Socialismo o Barbarie\",\"isPartOf\":{\"@id\":\"https:\\\/\\\/www.socialismoobarbarie.org\\\/#website\"},\"primaryImageOfPage\":{\"@id\":\"https:\\\/\\\/www.socialismoobarbarie.org\\\/?p=10989#primaryimage\"},\"image\":{\"@id\":\"https:\\\/\\\/www.socialismoobarbarie.org\\\/?p=10989#primaryimage\"},\"thumbnailUrl\":\"https:\\\/\\\/www.socialismoobarbarie.org\\\/wp-content\\\/uploads\\\/2018\\\/04\\\/Brasil-Lula-da-Silva_CYMIMA20170716_0012_16.jpg\",\"datePublished\":\"2018-04-05T21:48:43+00:00\",\"dateModified\":\"2019-11-20T13:50:59+00:00\",\"breadcrumb\":{\"@id\":\"https:\\\/\\\/www.socialismoobarbarie.org\\\/?p=10989#breadcrumb\"},\"inLanguage\":\"es\",\"potentialAction\":[{\"@type\":\"ReadAction\",\"target\":[\"https:\\\/\\\/www.socialismoobarbarie.org\\\/?p=10989\"]}]},{\"@type\":\"ImageObject\",\"inLanguage\":\"es\",\"@id\":\"https:\\\/\\\/www.socialismoobarbarie.org\\\/?p=10989#primaryimage\",\"url\":\"https:\\\/\\\/www.socialismoobarbarie.org\\\/wp-content\\\/uploads\\\/2018\\\/04\\\/Brasil-Lula-da-Silva_CYMIMA20170716_0012_16.jpg\",\"contentUrl\":\"https:\\\/\\\/www.socialismoobarbarie.org\\\/wp-content\\\/uploads\\\/2018\\\/04\\\/Brasil-Lula-da-Silva_CYMIMA20170716_0012_16.jpg\",\"width\":700,\"height\":394},{\"@type\":\"BreadcrumbList\",\"@id\":\"https:\\\/\\\/www.socialismoobarbarie.org\\\/?p=10989#breadcrumb\",\"itemListElement\":[{\"@type\":\"ListItem\",\"position\":1,\"name\":\"Portada\",\"item\":\"https:\\\/\\\/www.socialismoobarbarie.org\\\/\"},{\"@type\":\"ListItem\",\"position\":2,\"name\":\"Brasil: La Justicia le niega el habeas corpus a Lula\"}]},{\"@type\":\"WebSite\",\"@id\":\"https:\\\/\\\/www.socialismoobarbarie.org\\\/#website\",\"url\":\"https:\\\/\\\/www.socialismoobarbarie.org\\\/\",\"name\":\"Socialismo o Barbarie\",\"description\":\"Sitio web de la corriente internacional Socialismo o Barbarie\",\"publisher\":{\"@id\":\"https:\\\/\\\/www.socialismoobarbarie.org\\\/#organization\"},\"potentialAction\":[{\"@type\":\"SearchAction\",\"target\":{\"@type\":\"EntryPoint\",\"urlTemplate\":\"https:\\\/\\\/www.socialismoobarbarie.org\\\/?s={search_term_string}\"},\"query-input\":{\"@type\":\"PropertyValueSpecification\",\"valueRequired\":true,\"valueName\":\"search_term_string\"}}],\"inLanguage\":\"es\"},{\"@type\":\"Organization\",\"@id\":\"https:\\\/\\\/www.socialismoobarbarie.org\\\/#organization\",\"name\":\"Socialismo o Barbarie\",\"url\":\"https:\\\/\\\/www.socialismoobarbarie.org\\\/\",\"logo\":{\"@type\":\"ImageObject\",\"inLanguage\":\"es\",\"@id\":\"https:\\\/\\\/www.socialismoobarbarie.org\\\/#\\\/schema\\\/logo\\\/image\\\/\",\"url\":\"https:\\\/\\\/www.socialismoobarbarie.org\\\/wp-content\\\/uploads\\\/2025\\\/02\\\/soblogoweb-2025.png\",\"contentUrl\":\"https:\\\/\\\/www.socialismoobarbarie.org\\\/wp-content\\\/uploads\\\/2025\\\/02\\\/soblogoweb-2025.png\",\"width\":450,\"height\":161,\"caption\":\"Socialismo o Barbarie\"},\"image\":{\"@id\":\"https:\\\/\\\/www.socialismoobarbarie.org\\\/#\\\/schema\\\/logo\\\/image\\\/\"}},{\"@type\":\"Person\",\"@id\":\"https:\\\/\\\/www.socialismoobarbarie.org\\\/#\\\/schema\\\/person\\\/bc1c3b321d47ed092405949c77e35a8e\",\"name\":\"SOB\",\"url\":\"https:\\\/\\\/www.socialismoobarbarie.org\\\/?author=8\"}]}<\/script>\n<!-- \/ Yoast SEO plugin. -->","yoast_head_json":{"title":"Brasil: La Justicia le niega el habeas corpus a Lula - Socialismo o Barbarie","robots":{"index":"index","follow":"follow","max-snippet":"max-snippet:-1","max-image-preview":"max-image-preview:large","max-video-preview":"max-video-preview:-1"},"canonical":"https:\/\/www.socialismoobarbarie.org\/?p=10989","og_locale":"es_ES","og_type":"article","og_title":"Brasil: La Justicia le niega el habeas corpus a Lula - Socialismo o Barbarie","og_description":"Hace instantes el Supremo Tribunal Federal de Brasil le neg\u00f3 a Lula (ex presidente de Brasil) un pedido de habeas corpus, que dejase suspendida la orden de prisi\u00f3n en su contra, por una mayor\u00eda de 6 votos a 5. En el actual contexto de ofensiva reaccionaria, y pese a las profundas diferencias que nos separan [&hellip;]","og_url":"https:\/\/www.socialismoobarbarie.org\/?p=10989","og_site_name":"Socialismo o Barbarie","article_published_time":"2018-04-05T21:48:43+00:00","article_modified_time":"2019-11-20T13:50:59+00:00","og_image":[{"width":700,"height":394,"url":"https:\/\/www.socialismoobarbarie.org\/wp-content\/uploads\/2018\/04\/Brasil-Lula-da-Silva_CYMIMA20170716_0012_16.jpg","type":"image\/jpeg"}],"author":"SOB","twitter_card":"summary_large_image","twitter_misc":{"Escrito por":"SOB","Tiempo de lectura":"5 minutos"},"schema":{"@context":"https:\/\/schema.org","@graph":[{"@type":"Article","@id":"https:\/\/www.socialismoobarbarie.org\/?p=10989#article","isPartOf":{"@id":"https:\/\/www.socialismoobarbarie.org\/?p=10989"},"author":{"name":"SOB","@id":"https:\/\/www.socialismoobarbarie.org\/#\/schema\/person\/bc1c3b321d47ed092405949c77e35a8e"},"headline":"Brasil: La Justicia le niega el habeas corpus a Lula","datePublished":"2018-04-05T21:48:43+00:00","dateModified":"2019-11-20T13:50:59+00:00","mainEntityOfPage":{"@id":"https:\/\/www.socialismoobarbarie.org\/?p=10989"},"wordCount":971,"publisher":{"@id":"https:\/\/www.socialismoobarbarie.org\/#organization"},"image":{"@id":"https:\/\/www.socialismoobarbarie.org\/?p=10989#primaryimage"},"thumbnailUrl":"https:\/\/www.socialismoobarbarie.org\/wp-content\/uploads\/2018\/04\/Brasil-Lula-da-Silva_CYMIMA20170716_0012_16.jpg","keywords":["Antonio Soler","Edicion 113"],"articleSection":["Am\u00e9rica Latina","Brasil"],"inLanguage":"es"},{"@type":"WebPage","@id":"https:\/\/www.socialismoobarbarie.org\/?p=10989","url":"https:\/\/www.socialismoobarbarie.org\/?p=10989","name":"Brasil: La Justicia le niega el habeas corpus a Lula - Socialismo o Barbarie","isPartOf":{"@id":"https:\/\/www.socialismoobarbarie.org\/#website"},"primaryImageOfPage":{"@id":"https:\/\/www.socialismoobarbarie.org\/?p=10989#primaryimage"},"image":{"@id":"https:\/\/www.socialismoobarbarie.org\/?p=10989#primaryimage"},"thumbnailUrl":"https:\/\/www.socialismoobarbarie.org\/wp-content\/uploads\/2018\/04\/Brasil-Lula-da-Silva_CYMIMA20170716_0012_16.jpg","datePublished":"2018-04-05T21:48:43+00:00","dateModified":"2019-11-20T13:50:59+00:00","breadcrumb":{"@id":"https:\/\/www.socialismoobarbarie.org\/?p=10989#breadcrumb"},"inLanguage":"es","potentialAction":[{"@type":"ReadAction","target":["https:\/\/www.socialismoobarbarie.org\/?p=10989"]}]},{"@type":"ImageObject","inLanguage":"es","@id":"https:\/\/www.socialismoobarbarie.org\/?p=10989#primaryimage","url":"https:\/\/www.socialismoobarbarie.org\/wp-content\/uploads\/2018\/04\/Brasil-Lula-da-Silva_CYMIMA20170716_0012_16.jpg","contentUrl":"https:\/\/www.socialismoobarbarie.org\/wp-content\/uploads\/2018\/04\/Brasil-Lula-da-Silva_CYMIMA20170716_0012_16.jpg","width":700,"height":394},{"@type":"BreadcrumbList","@id":"https:\/\/www.socialismoobarbarie.org\/?p=10989#breadcrumb","itemListElement":[{"@type":"ListItem","position":1,"name":"Portada","item":"https:\/\/www.socialismoobarbarie.org\/"},{"@type":"ListItem","position":2,"name":"Brasil: La Justicia le niega el habeas corpus a Lula"}]},{"@type":"WebSite","@id":"https:\/\/www.socialismoobarbarie.org\/#website","url":"https:\/\/www.socialismoobarbarie.org\/","name":"Socialismo o Barbarie","description":"Sitio web de la corriente internacional Socialismo o Barbarie","publisher":{"@id":"https:\/\/www.socialismoobarbarie.org\/#organization"},"potentialAction":[{"@type":"SearchAction","target":{"@type":"EntryPoint","urlTemplate":"https:\/\/www.socialismoobarbarie.org\/?s={search_term_string}"},"query-input":{"@type":"PropertyValueSpecification","valueRequired":true,"valueName":"search_term_string"}}],"inLanguage":"es"},{"@type":"Organization","@id":"https:\/\/www.socialismoobarbarie.org\/#organization","name":"Socialismo o Barbarie","url":"https:\/\/www.socialismoobarbarie.org\/","logo":{"@type":"ImageObject","inLanguage":"es","@id":"https:\/\/www.socialismoobarbarie.org\/#\/schema\/logo\/image\/","url":"https:\/\/www.socialismoobarbarie.org\/wp-content\/uploads\/2025\/02\/soblogoweb-2025.png","contentUrl":"https:\/\/www.socialismoobarbarie.org\/wp-content\/uploads\/2025\/02\/soblogoweb-2025.png","width":450,"height":161,"caption":"Socialismo o Barbarie"},"image":{"@id":"https:\/\/www.socialismoobarbarie.org\/#\/schema\/logo\/image\/"}},{"@type":"Person","@id":"https:\/\/www.socialismoobarbarie.org\/#\/schema\/person\/bc1c3b321d47ed092405949c77e35a8e","name":"SOB","url":"https:\/\/www.socialismoobarbarie.org\/?author=8"}]}},"_links":{"self":[{"href":"https:\/\/www.socialismoobarbarie.org\/index.php?rest_route=\/wp\/v2\/posts\/10989","targetHints":{"allow":["GET"]}}],"collection":[{"href":"https:\/\/www.socialismoobarbarie.org\/index.php?rest_route=\/wp\/v2\/posts"}],"about":[{"href":"https:\/\/www.socialismoobarbarie.org\/index.php?rest_route=\/wp\/v2\/types\/post"}],"author":[{"embeddable":true,"href":"https:\/\/www.socialismoobarbarie.org\/index.php?rest_route=\/wp\/v2\/users\/8"}],"replies":[{"embeddable":true,"href":"https:\/\/www.socialismoobarbarie.org\/index.php?rest_route=%2Fwp%2Fv2%2Fcomments&post=10989"}],"version-history":[{"count":1,"href":"https:\/\/www.socialismoobarbarie.org\/index.php?rest_route=\/wp\/v2\/posts\/10989\/revisions"}],"predecessor-version":[{"id":10991,"href":"https:\/\/www.socialismoobarbarie.org\/index.php?rest_route=\/wp\/v2\/posts\/10989\/revisions\/10991"}],"wp:featuredmedia":[{"embeddable":true,"href":"https:\/\/www.socialismoobarbarie.org\/index.php?rest_route=\/wp\/v2\/media\/10990"}],"wp:attachment":[{"href":"https:\/\/www.socialismoobarbarie.org\/index.php?rest_route=%2Fwp%2Fv2%2Fmedia&parent=10989"}],"wp:term":[{"taxonomy":"category","embeddable":true,"href":"https:\/\/www.socialismoobarbarie.org\/index.php?rest_route=%2Fwp%2Fv2%2Fcategories&post=10989"},{"taxonomy":"post_tag","embeddable":true,"href":"https:\/\/www.socialismoobarbarie.org\/index.php?rest_route=%2Fwp%2Fv2%2Ftags&post=10989"}],"curies":[{"name":"wp","href":"https:\/\/api.w.org\/{rel}","templated":true}]}}