{"id":11087,"date":"2018-04-26T18:07:51","date_gmt":"2018-04-26T21:07:51","guid":{"rendered":"https:\/\/www.socialismoobarbarie.org\/?p=11087"},"modified":"2019-11-20T10:34:13","modified_gmt":"2019-11-20T13:34:13","slug":"argentina-hacia-el-1o-de-mayo-una-estabilidad-atada-con-alambre","status":"publish","type":"post","link":"https:\/\/www.socialismoobarbarie.org\/?p=11087","title":{"rendered":"Argentina &#8211; Hacia el 1\u00ba de Mayo: Una \u201cestabilidad\u201d atada con alambre"},"content":{"rendered":"<p><em>La decisi\u00f3n de apelar al \u2018ancla cambiaria\u2019 para tratar de estabilizar precios lleg\u00f3 en mal momento. Ocurre que toda la regi\u00f3n (y los mercados emergentes en general) enfrenta un proceso de salida de capitales y devaluaci\u00f3n de sus monedas. Esto deriva del sostenido aumento de las tasas de inter\u00e9s en EE.UU. (el bono a 10 a\u00f1os rinde ahora 3.03%, su mayor nivel en largos meses) y del impacto que eso tuvo al impulsar una revaluaci\u00f3n del d\u00f3lar estadounidense contra el resto de las monedas<\/em>\u00a0(La Naci\u00f3n\u00a0<em>on line<\/em>, 25\/04\/18).<\/p>\n<p>Nuevamente el pa\u00eds parece estar basculando hacia una crisis. Luego de que la oposici\u00f3n patronal y la CGT le salvaran las papas al gobierno con un mes de marzo caracterizado por la tranquilidad, en los \u00faltimos d\u00edas las\u00a0<strong>se\u00f1ales de alarma<\/strong>\u00a0no paran de encenderse.<\/p>\n<p>La semana pasada ocurri\u00f3 el estallido de furia de los choferes de la zona oeste del gran Buenos Aires por el asesinato de un compa\u00f1ero de trabajo. Simult\u00e1neamente, se vivieron cacerolazos y marchas en repudio al aumento de las tarifas; aumentos que han generado una suerte de \u201cmini crisis pol\u00edtica\u201d con tironeos p\u00fablicos en la coalici\u00f3n Cambiemos y debate en el Congreso.<\/p>\n<p>Y al cierre de esta edici\u00f3n, el Banco Central debi\u00f3 desprenderse de casi 1500 millones de d\u00f3lares para mantener estable la cotizaci\u00f3n. Se trata de la mayor venta de divisas en los \u00faltimos 15 a\u00f1os (lo que muestra que una crisis econ\u00f3mica de magnitud\u00a0<strong>podr\u00eda estar en ciernes)<\/strong>.<\/p>\n<p>La crisis econ\u00f3mica, la crisis social y la bronca que crece entre amplias porciones de la poblaci\u00f3n, muestran que la \u201cestabilidad\u201d que se est\u00e1 viviendo es bastante\u00a0<strong>irreal<\/strong>: un equilibrio socio-pol\u00edtico fr\u00e1gil, \u201catado con alambre\u201d, que ha dependido, sobre todo, de la \u201cbuena voluntad\u201d de la oposici\u00f3n patronal, los k y las direcciones sindicales en\u00a0<strong>resguardo de la gobernabilidad<\/strong>.<\/p>\n<p>Esta situaci\u00f3n de crisis en ciernes da el marco hacia un nuevo 1\u00ba de Mayo, D\u00eda Internacional de los Trabajadores.<\/p>\n<p><strong>Un fr\u00e1gil equilibrio \u00a0\u00a0<\/strong><\/p>\n<p>Debido al atraso hist\u00f3rico de la industria argentina es conocida la frase \u201clo atamos con alambre\u201d. Remite a una situaci\u00f3n de\u00a0<strong>provisoriedad<\/strong>\u00a0cuando no se tiene dinero, o no se quiere hacer las inversiones necesarias, tanto para arreglar maquinas rotas como recambiar capital fijo obsoleto; se ata con alambre lo existente y se sigue produciendo\u2026<\/p>\n<p>Eso es un poco lo que est\u00e1 pasando en la actual coyuntura. La estabilidad que se vivi\u00f3 en los \u00faltimos meses es\u00a0<strong>muy fr\u00e1gil<\/strong>. Esto es as\u00ed porque los elementos que est\u00e1n en la base de la sociedad, en primer lugar la econom\u00eda,\u00a0<strong>dan muestras de crisis.<\/strong>\u00a0Tambi\u00e9n porque luego de las jornadas de diciembre, la oposici\u00f3n patronal (k y no k) y las direcciones sindicales burocr\u00e1ticas plancharon las luchas para que las cosas no se desmadren.<\/p>\n<p>Sin embargo, los factores pol\u00edticos, las direcciones sindicales, las representaciones opositoras, pueden mediatizar las cosas solo hasta cierto punto. Porque existen factores estructurales, m\u00e1s objetivos, que muchas veces irrumpen dando vuelta las cosas. Estos tienen una l\u00f3gica propia m\u00e1s all\u00e1 de la pol\u00edtica: nos referimos a la econom\u00eda y la situaci\u00f3n social. Factores ambos que son el\u00a0<strong>fundamento\u00a0<\/strong>(junto a las relaciones de fuerzas no resueltas) para que la situaci\u00f3n<strong>\u00a0no se estabilice.<\/strong><\/p>\n<p>La mini-corrida contra el peso ocurrida hoy es una categ\u00f3rica se\u00f1al de alerta de que la econom\u00eda no anda bien (un s\u00edntoma que viene acumulando elementos desde hace varios meses): \u00a1no todos los d\u00edas se venden 1500 millones de d\u00f3lares para mantener estable el tipo de cambio!<\/p>\n<p>\u00bfDe d\u00f3nde vienen las presiones contra el peso? De varias fuentes. La primera son los eventos de la econom\u00eda mundial. Un disparador central es que el d\u00f3lar se est\u00e1 apreciando conforme las tasas de inter\u00e9s est\u00e1n aumentando en los EE.UU. El aumento de las tasas hace m\u00e1s atractivo invertir en el centro del mundo, generando que las divisas salgan de los pa\u00edses emergentes. Los pesos se pasan al d\u00f3lar y luego se fugan al exterior (recordemos que hoy el mercado cambiario es libre en la Argentina);\u00a0<strong>de aqu\u00ed proviene la presi\u00f3n contra la cotizaci\u00f3n del peso<\/strong>.<\/p>\n<p>Sturzenegger vendi\u00f3 una enormidad de divisas hoy y, simult\u00e1neamente, aument\u00f3 nuevamente las tasas de inter\u00e9s de manera de intentar mantener esos capitales en nuestro pa\u00eds. Pero ese aumento de las tasas tiene la contraindicaci\u00f3n de que si es m\u00e1s rentable mantener el dinero en la plaza financiera, no conviene invertirlo en la econom\u00eda real (am\u00e9n de que todo aumento de las tasas encarece \/ restringe el cr\u00e9dito de consumo y productivo). Conclusi\u00f3n:\u00a0<strong>la econom\u00eda se enfr\u00eda y la producci\u00f3n no se recupera<\/strong>(chau pron\u00f3stico de crecimiento del 3% para este a\u00f1o).<\/p>\n<p>El gobierno tiene una segunda raz\u00f3n para (intentar) no convalidar una nueva devaluaci\u00f3n. Las cifras del endeudamiento externo var\u00edan: Dujovne declara que la deuda es \u201csolo\u201d un 30% del PBI y el Banco Mundial informa que est\u00e1 cerca del 60%. M\u00e1s all\u00e1 de que esta desavenencia no es menor, cualquier devaluaci\u00f3n tiene el efecto de\u00a0<strong>aumentar la proporci\u00f3n de deuda respecto del PBI<\/strong>.<\/p>\n<p>En el fondo, las presiones devaluacionistas remiten siempre a\u00a0<strong>la baja productividad de la econom\u00eda nacional<\/strong>. El atraso general del pa\u00eds se paga con inflaci\u00f3n: una moneda nacional de menor valor. Y para colmo esto ocurre en un contexto donde la proporci\u00f3n de las importaciones en la producci\u00f3n nacional ha\u00a0<strong>aumentado,<\/strong>\u00a0cuando el desbalance comercial anda por los cielos (10.000 millones de d\u00f3lares anuales), cuando el requerimiento de divisas para el funcionamiento cotidiano del pa\u00eds y para afrontar deuda externa,\u00a0<strong>no hace m\u00e1s que crecer<\/strong>.<\/p>\n<p>Para colmo, es el propio gobierno quien atiza la inflaci\u00f3n al imponer aumentos siderales de las tarifas y al haber liberalizado las naftas (\u00a1otra medida escandalosa que deja al pa\u00eds desprotegido frente a los vaivenes del petr\u00f3leo!). La inflaci\u00f3n tambi\u00e9n presiona para la devaluaci\u00f3n de la moneda.<\/p>\n<p>El\u00a0<em>cocktail<\/em>\u00a0que suman las presiones devaluatorias, la fuga de divisas, los tarifazos, el aumento de los precios, etc\u00e9tera;\u00a0<strong>amenaza en cualquier momento con desencadenar una crisis econ\u00f3mica. \u00a0<\/strong><\/p>\n<p>De ah\u00ed que ya haya economistas liberales que est\u00e9n planteando que lo mejor que podr\u00eda hacer el gobierno es \u201cdejar escapar el d\u00f3lar\u201d, dejar de invertir preciosas divisas (\u00a1que son pr\u00e9stamos al Banco Central y no recursos genuinos!) para sostener la cotizaci\u00f3n, frenar el ritmo de endeudamiento nacional girando a un \u201cshock de medidas antiinflacionarias\u201d (es decir, un ajuste m\u00e1s brutal que el actual): \u201cVender 1250 millones de d\u00f3lares en un d\u00eda para sostener un d\u00f3lar\u00a0<strong>insostenible<\/strong>\u00a0es una mal\u00edsima pol\u00edtica que pagaremos todos. Cuanto antes termine esta gente de hacer locuras mejor. Est\u00e1n desarmando posiciones contra el peso. No sean ciegos. Va\u00a0<em>in crescendo<\/em>\u2019, advirti\u00f3 el economista Carlos Rodr\u00edguez (\u2026), cuando todav\u00eda no estaba confirmado el n\u00famero final [de ventas del central] (1472 millones de d\u00f3lares)\u201d (La Naci\u00f3n, \u00eddem).<\/p>\n<p>Que la suma de todo esto podr\u00eda hacer\u00a0<strong>explotar el pa\u00eds<\/strong>, no es problema para este economista archi-liberal. Este tipo de analistas se quejan de que se \u201cpropongan soluciones pol\u00edticas para problemas econ\u00f3micos\u201d, desentendi\u00e9ndose de los efectos pol\u00edticos de una u otra medida econ\u00f3mica.<\/p>\n<p><strong>La crisis de las tarifas \u00a0<\/strong><\/p>\n<p>El segundo elemento que amenaza la estabilidad es la crisis social. Los \u00edndices de deterioro se apilan todos los d\u00edas. En la palestra est\u00e1 el problema tarifario, entre otros; un \u00e1rea donde el gobierno est\u00e1 ensayando una pol\u00edtica de shock (\u00a1atenci\u00f3n que a Aranguren lo sostiene directamente Macri!).<\/p>\n<p>El problema afecta a\u00a0<strong>varios sectores sociales<\/strong>; de ah\u00ed que incluso en Cambiemos, sectores como los radicales y Carrio hayan salido a poner el grito en el cielo preocupados por la popularidad del gobierno; lo mismo que tambi\u00e9n han salido a agarrar el tema los bloques parlamentarios opositores, Moyano y ambas CTA (ver la \u201cmarcha de las velas\u201d realizada la semana pasada).<\/p>\n<p>Un elemento de peso para este desplazamiento pol\u00edtico opositor es que el tema tarifario no afecta solamente a los trabajadores y \/ o sectores medios: afecta tambi\u00e9n a sectores de la patronal; m\u00e1s espec\u00edficamente a peque\u00f1as y medias empresas.<\/p>\n<p>La suba de las tarifas el\u00e9ctricas, del gas, del agua, del transporte y de las naftas,\u00a0<strong>entran a jugar en los costos<\/strong>. Y si bien algunos trasladan a precios estos costos incrementados, la ca\u00edda del consumo hace que incluso este traslado muchas veces no se compense debido a la ca\u00edda de las ventas.<\/p>\n<p>Se entiende que la oposici\u00f3n patronal y la burocracia se sientan m\u00e1s a gusto tomando un problema<strong>\u00a0\u201cpoliclasista\u201d (<\/strong>que, de cualquier manera, quienes m\u00e1s lo sientes son los propios trabajadores), al tiempo que siguen \u201csilbando bajito\u201d en materia de la estafa de las paritarias.<\/p>\n<p>Pero incluso en este terreno las cosas se\u00a0<strong>dilatan<\/strong>. Tanto la UOM como bancarios est\u00e1n esperando que el gobierno les de v\u00eda libre a un acuerdo paritario que, dadas las circunstancias, estar\u00eda en torno al 18%, es decir, por encima de la pauta oficial (las patronales acuerdan en otorgarlo; es Triaca el que lo est\u00e1 frenando).<\/p>\n<p>Por su parte, el Frente Gremial docente de la provincia de Buenos Aires, sigue administrando medidas a\u00a0<strong>cuentagotas<\/strong>. Pero las propuestas de Vidal son tan\u00a0<strong>provocativas<\/strong>\u00a0(\u00a1una suba del 10% en el primer semestre y un compromiso para volver a negociar durante el segundo!), que as\u00ed no pueden cerrar (agr\u00e9guese el \u201cplus por presentismo\u201d, una medida antisindical de las peores).<\/p>\n<p>A esto podr\u00edamos sumarle otro conjunto de \u00edtems de deterioro social. Entre ellos, la ca\u00edda del consumo en h\u00edper y supermercados, que se derrumb\u00f3 el a\u00f1o pasado en un 12% (de ah\u00ed la crisis en Carrefour, obviamente endosada a sus trabajadores). Much\u00edsimas especulaciones se han desatado ante esta ca\u00edda,\u00a0<strong>una m\u00e1s disparatada que la otra<\/strong>. La primera insiste en supuestos \u201ccambios de h\u00e1bitos en el consumo\u201d\u2026 Resulta ser que ahora las compras en la verduler\u00eda o la carnicer\u00eda se har\u00edan\u2026 \u201con line\u201d.<\/p>\n<p>Otro disparate ser\u00eda que una mayor\u00eda estar\u00eda optando por \u201cmudar sus consumos\u201d hacia los bienes durables tipo autom\u00f3viles (ver las compras el a\u00f1o pasado de 500.000 unidades importadas). \u00a1A cuantos les gustar\u00eda tener un BMW o un Mercedes Benz! Pero esta circunstancia s\u00f3lo puede ser explicada porque simult\u00e1neamente al empobrecimiento de una franja creciente de los trabajadores, existe un sector de las clases medias altas y de la burgues\u00eda que se han venido\u00a0<strong>enriqueciendo\u00a0<\/strong>bajo Macri, \u00a1mientras la mayor\u00eda se ha empobrecido y no puede llenar ni un changuito, una minor\u00eda privilegiada adquiere autos importados!<\/p>\n<p>La suma de la crisis econ\u00f3mica y la crisis social es lo que ha llevado al sideral aumento de la bronca contra el gobierno, a la ca\u00edda sostenida de su popularidad (tanto de Macri como del gabinete); una ca\u00edda que est\u00e1 encendiendo\u00a0<strong>luces de alarma<\/strong>\u00a0en la coalici\u00f3n Cambiemos y que muestra la fragilidad de la actual estabilidad.<\/p>\n<p><strong>La contenci\u00f3n de las direcciones<\/strong><\/p>\n<p>Es en este contexto que se deben colocar los\u00a0<strong>factores mediadores<\/strong>. \u00bfA qu\u00e9 nos referimos por \u201cfactores mediadores\u201d? A las representaciones pol\u00edticas y sindicales que juegan de \u201copositoras\u201d (o, incluso, de \u201coficialistas cr\u00edticas\u201d como Carri\u00f3 o Cornejo), que buscan llevar la discusi\u00f3n al s\u00f3lo \u00e1mbito parlamentario para que la gobernabilidad no se vea desbordada.<\/p>\n<p>En este terreno los elementos son variados. El primero es que por primeva vez en su gesti\u00f3n \u2013si excluimos el posicionamiento cr\u00edtico de Carri\u00f3 frente a la eventual rebaja de las jubilaciones por decreto en la noche del 14 de diciembre-, se abri\u00f3 una crisis real en Cambiemos en torno a las tarifas.<\/p>\n<p>Un poco para diferenciarse, otro poco para presionar hacia el 2019, lo real es que la propia Carri\u00f3 y Cornejo, el jefe de la UCR, expresaron p\u00fablicamente diferencias en torno a la pol\u00edtica tarifaria (habr\u00edan emergido dos alas en el gobierno, la dura est\u00e1 encabezada por el propio Macri).<\/p>\n<p>Cual \u201cv\u00e1lvulas de seguridad\u201d, obligaron al gobierno a tomar la\u00a0<strong>miserable medida<\/strong>\u00a0de llevar adelante el aumento mediante el mecanismo de la \u201ctarifa plana\u201d (una medida que no soluciona nada, sino que es m\u00e1s bien una nueva\u00a0<strong>estafa<\/strong>\u00a0del gobierno).<\/p>\n<p>Este mecanismo implica que se\u00a0<strong>prorratea\u00a0<\/strong>el aumento de manera indexada tanto en los meses de alto consumo como en los de bajo (por ejemplo: el gas se cobra algo menos que proporcional en el invierno y algo m\u00e1s en el verano, cuando cae el consumo general), de manera tal que el impacto inmediato en los bolsillos aparezca m\u00e1s \u201creducido\u201d.<\/p>\n<p>Como con esto no alcanz\u00f3 y como el Frente Renovador, el Peronismo Federal y los k lograron imponer hoy una sesi\u00f3n en diputados por tarifas, el gobierno sali\u00f3 con la propuesta\u00a0<strong>\u2013\u00a1que es<\/strong>\u00a0<strong>otro enga\u00f1a pichanga!<\/strong>\u2013 de \u201creducir los impuestos que se cobran sobre las tarifas\u201d. No el IVA e ingresos brutos, que son los que se llevan la parte del le\u00f3n de los mismos. Sino otras tasas menores, provinciales o municipales, que en muchos casos siquiera se cobran (salvo en provincia de Buenos Aires, donde alcanzan una proporci\u00f3n m\u00e1s real).<\/p>\n<p>Sin embargo, tampoco con esto apagaron el \u201cfuego\u201d opositor. Es que como ya hemos se\u00f1alado, existen sectores empresarios de por medio. Adem\u00e1s, ya era demasiado\u00a0<strong>quemo<\/strong>\u00a0no hacer nada frente a la crisis social y al crecimiento de la bronca popular.<\/p>\n<p>Conclusi\u00f3n: como las tarifas no afectan directamente la sacrosanta relaci\u00f3n capital \/ trabajo, es un buen motivo de posicionamiento opositor; al menos de una oposici\u00f3n que se sustancie entre las cuatro paredes parlamentarias.<\/p>\n<p>Pero ser\u00eda un grave error asumir una posici\u00f3n sectaria frente al problema. Un debate parlamentario en medio de una crisis creciente, puede terminar\u00a0<strong>agitando las aguas del descontento social<\/strong>; dar lugar a consecuencias no queridas. Incluso si las direcciones siguen neg\u00e1ndose a convocar a un paro general, en un contexto que se enrarece, las convocatorias por tarifas podr\u00edan llegar a\u00a0<strong>desbordarse<\/strong>.<\/p>\n<p>Las direcciones son poderosas, pero no todopoderosas. Cuando los fundamentos econ\u00f3mico-sociales est\u00e1n s\u00f3lidos, es muy dif\u00edcil que haya desbordes. Pero cuanto todo est\u00e1 atado con alambre, un desarreglo econ\u00f3mico\u00a0<strong>puede mover toda la estanter\u00eda<\/strong>\u00a0(y tambi\u00e9n podr\u00eda hacerlo un paso en falso de estas mismas direcciones).<\/p>\n<p><strong>\u00a1El martes 1\u00ba todos al Congreso!<\/strong><\/p>\n<p>\u00bfC\u00f3mo se explican estos r\u00e1pidos cambios de coyunturas y mini-coyunturas que se est\u00e1n viviendo? Junto con el deterioro econ\u00f3mico, la base de todo es que las relaciones de fuerzas no est\u00e1n saldadas. Con Macri el pa\u00eds gir\u00f3 a la derecha, la patronal y el imperialismo se alinearon detr\u00e1s del gobierno y Cambiemos larg\u00f3 un duro ajuste econ\u00f3mico, adem\u00e1s de todo un conjunto de medidas reaccionarias.<\/p>\n<p>Sin embargo,\u00a0<strong>el gobierno ha intentado pero no logrado modificar las relaciones de fuerzas\u00a0<\/strong>(ver las jornadas de diciembre y la nueva situaci\u00f3n pol\u00edtica que abrieron). El mentado \u201cgradualismo\u201d es una concesi\u00f3n a esto. Y, sin embargo, una y otra vez el gobierno ha pretendido volver a la carga, desafiar dichas relaciones tanto por razones pol\u00edticas como econ\u00f3micas<strong>.<\/strong><\/p>\n<p>Unas relaciones de fuerza no resueltas es lo que se expresa en\u00a0<strong>coyunturas y mini coyunturas cambiantes,<\/strong>\u00a0donde la estabilizaci\u00f3n s\u00f3lo podr\u00e1 venir de que las cosas se resuelvan para un lado o para el otro.<\/p>\n<p>Incluso un debate como el derecho al aborto, que muestra una din\u00e1mica ascendente del sector de la sociedad que est\u00e1 a favor (lo que no excluye maniobras por parte del oficialismo), opera como contrapeso al giro a la derecha, al car\u00e1cter reaccionario que el gobierno intent\u00f3 imponer a la situaci\u00f3n del pa\u00eds.<\/p>\n<p>Es en esta circunstancia de pre-crisis que se va a un nuevo 1\u00ba de Mayo. En medio, tambi\u00e9n, de una serie de duras luchas que siguen aisladas como el Posadas y otras, pero que heroicamente resisten la ofensiva oficial. El FIT se ha negado nuevamente a un acto unificado. Buscan hacerle creer a todo el mundo que existe un solo frente de izquierda. \u00a1Esta ser\u00e1 otra de las batallas hacia el 1\u00ba!<\/p>\n<p>Izquierda al Frente por el Socialismo levantar\u00e1 en el Congreso un enorme acto de la izquierda clasista. Por los derechos de los trabajadores, las mujeres y la juventud. Por la lucha del Posadas, el aborto legal y la independencia pol\u00edtica de los trabajadores. Por el internacionalismo militante.<\/p>\n<p>Nuestro partido tendr\u00e1 este 1\u00ba una jornada doble con la fundaci\u00f3n de la Corriente Sindical 18 de Diciembre por la ma\u00f1ana en el Hotel Bauen y el acto por la tarde en el Congreso. Acto en el que estamos orgullosos de anunciar que nos representar\u00e1n Andrea Dopazo, dirigente de la agrupaci\u00f3n \u201cUnidad de los que luchan\u201d del Posadas; Mart\u00edn Gonz\u00e1lez Bayon, ex candidato a diputado nacional en CABA; Marcelo Quiroz, integrante de la agrupaci\u00f3n Marr\u00f3n del neum\u00e1tico y dirigente de la Corriente Sindical 18 de Diciembre; cerrando nuestra representaci\u00f3n Manuela Casta\u00f1eira, sin duda alguna la principal figura de nuestro frente.<\/p>\n<p>En los d\u00edas que faltan hasta el 1\u00ba nuestra militancia sale con todo a garantizar la participaci\u00f3n en ambos eventos. Invitamos a todos nuestros simpatizantes, amigos y amigas, compa\u00f1eras y compa\u00f1eros de trabajo y estudio a sumarse al acto en Congreso.<\/p>\n","protected":false},"excerpt":{"rendered":"<p>La decisi\u00f3n de apelar al \u2018ancla cambiaria\u2019 para tratar de estabilizar precios lleg\u00f3 en mal momento. Ocurre que toda la regi\u00f3n (y los mercados emergentes en general) enfrenta un proceso de salida de capitales y devaluaci\u00f3n de sus monedas. Esto deriva del sostenido aumento de las tasas de inter\u00e9s en EE.UU. (el bono a 10 [&hellip;]<\/p>\n","protected":false},"author":8,"featured_media":11088,"comment_status":"closed","ping_status":"closed","sticky":false,"template":"","format":"standard","meta":{"footnotes":""},"categories":[122,1656],"tags":[1771,1339,49],"class_list":{"0":"post-11087","1":"post","2":"type-post","3":"status-publish","4":"format-standard","5":"has-post-thumbnail","7":"category-america-latina-y-el-caribe","8":"category-argentina","9":"tag-edicion-116","10":"tag-editorial-sob-argentina","11":"tag-jose-luis-rojo"},"yoast_head":"<!-- This site is optimized with the Yoast SEO plugin v27.5 - https:\/\/yoast.com\/product\/yoast-seo-wordpress\/ -->\n<title>Argentina - Hacia el 1\u00ba de Mayo: Una \u201cestabilidad\u201d atada con alambre - Socialismo o Barbarie<\/title>\n<meta name=\"robots\" content=\"index, follow, max-snippet:-1, max-image-preview:large, max-video-preview:-1\" \/>\n<link rel=\"canonical\" href=\"https:\/\/www.socialismoobarbarie.org\/?p=11087\" \/>\n<meta property=\"og:locale\" content=\"es_ES\" \/>\n<meta property=\"og:type\" content=\"article\" \/>\n<meta property=\"og:title\" content=\"Argentina - Hacia el 1\u00ba de Mayo: Una \u201cestabilidad\u201d atada con alambre - Socialismo o Barbarie\" \/>\n<meta property=\"og:description\" content=\"La decisi\u00f3n de apelar al \u2018ancla cambiaria\u2019 para tratar de estabilizar precios lleg\u00f3 en mal momento. Ocurre que toda la regi\u00f3n (y los mercados emergentes en general) enfrenta un proceso de salida de capitales y devaluaci\u00f3n de sus monedas. Esto deriva del sostenido aumento de las tasas de inter\u00e9s en EE.UU. (el bono a 10 [&hellip;]\" \/>\n<meta property=\"og:url\" content=\"https:\/\/www.socialismoobarbarie.org\/?p=11087\" \/>\n<meta property=\"og:site_name\" content=\"Socialismo o Barbarie\" \/>\n<meta property=\"article:published_time\" content=\"2018-04-26T21:07:51+00:00\" \/>\n<meta property=\"article:modified_time\" content=\"2019-11-20T13:34:13+00:00\" \/>\n<meta property=\"og:image\" content=\"https:\/\/www.socialismoobarbarie.org\/wp-content\/uploads\/2018\/04\/3-2-e1524776854765.jpg\" \/>\n\t<meta property=\"og:image:width\" content=\"700\" \/>\n\t<meta property=\"og:image:height\" content=\"393\" \/>\n\t<meta property=\"og:image:type\" content=\"image\/jpeg\" \/>\n<meta name=\"author\" content=\"SOB\" \/>\n<meta name=\"twitter:card\" content=\"summary_large_image\" \/>\n<meta name=\"twitter:label1\" content=\"Escrito por\" \/>\n\t<meta name=\"twitter:data1\" content=\"SOB\" \/>\n\t<meta name=\"twitter:label2\" content=\"Tiempo de lectura\" \/>\n\t<meta name=\"twitter:data2\" content=\"15 minutos\" \/>\n<script type=\"application\/ld+json\" class=\"yoast-schema-graph\">{\"@context\":\"https:\\\/\\\/schema.org\",\"@graph\":[{\"@type\":\"Article\",\"@id\":\"https:\\\/\\\/www.socialismoobarbarie.org\\\/?p=11087#article\",\"isPartOf\":{\"@id\":\"https:\\\/\\\/www.socialismoobarbarie.org\\\/?p=11087\"},\"author\":{\"name\":\"SOB\",\"@id\":\"https:\\\/\\\/www.socialismoobarbarie.org\\\/#\\\/schema\\\/person\\\/bc1c3b321d47ed092405949c77e35a8e\"},\"headline\":\"Argentina &#8211; Hacia el 1\u00ba de Mayo: Una \u201cestabilidad\u201d atada con alambre\",\"datePublished\":\"2018-04-26T21:07:51+00:00\",\"dateModified\":\"2019-11-20T13:34:13+00:00\",\"mainEntityOfPage\":{\"@id\":\"https:\\\/\\\/www.socialismoobarbarie.org\\\/?p=11087\"},\"wordCount\":2998,\"publisher\":{\"@id\":\"https:\\\/\\\/www.socialismoobarbarie.org\\\/#organization\"},\"image\":{\"@id\":\"https:\\\/\\\/www.socialismoobarbarie.org\\\/?p=11087#primaryimage\"},\"thumbnailUrl\":\"https:\\\/\\\/www.socialismoobarbarie.org\\\/wp-content\\\/uploads\\\/2018\\\/04\\\/3-2-e1524776854765.jpg\",\"keywords\":[\"Edicion 116\",\"Editorial SoB Argentina\",\"Jos\u00e9 Luis Rojo\"],\"articleSection\":[\"Am\u00e9rica Latina\",\"Argentina\"],\"inLanguage\":\"es\"},{\"@type\":\"WebPage\",\"@id\":\"https:\\\/\\\/www.socialismoobarbarie.org\\\/?p=11087\",\"url\":\"https:\\\/\\\/www.socialismoobarbarie.org\\\/?p=11087\",\"name\":\"Argentina - Hacia el 1\u00ba de Mayo: Una \u201cestabilidad\u201d atada con alambre - Socialismo o Barbarie\",\"isPartOf\":{\"@id\":\"https:\\\/\\\/www.socialismoobarbarie.org\\\/#website\"},\"primaryImageOfPage\":{\"@id\":\"https:\\\/\\\/www.socialismoobarbarie.org\\\/?p=11087#primaryimage\"},\"image\":{\"@id\":\"https:\\\/\\\/www.socialismoobarbarie.org\\\/?p=11087#primaryimage\"},\"thumbnailUrl\":\"https:\\\/\\\/www.socialismoobarbarie.org\\\/wp-content\\\/uploads\\\/2018\\\/04\\\/3-2-e1524776854765.jpg\",\"datePublished\":\"2018-04-26T21:07:51+00:00\",\"dateModified\":\"2019-11-20T13:34:13+00:00\",\"breadcrumb\":{\"@id\":\"https:\\\/\\\/www.socialismoobarbarie.org\\\/?p=11087#breadcrumb\"},\"inLanguage\":\"es\",\"potentialAction\":[{\"@type\":\"ReadAction\",\"target\":[\"https:\\\/\\\/www.socialismoobarbarie.org\\\/?p=11087\"]}]},{\"@type\":\"ImageObject\",\"inLanguage\":\"es\",\"@id\":\"https:\\\/\\\/www.socialismoobarbarie.org\\\/?p=11087#primaryimage\",\"url\":\"https:\\\/\\\/www.socialismoobarbarie.org\\\/wp-content\\\/uploads\\\/2018\\\/04\\\/3-2-e1524776854765.jpg\",\"contentUrl\":\"https:\\\/\\\/www.socialismoobarbarie.org\\\/wp-content\\\/uploads\\\/2018\\\/04\\\/3-2-e1524776854765.jpg\",\"width\":700,\"height\":393},{\"@type\":\"BreadcrumbList\",\"@id\":\"https:\\\/\\\/www.socialismoobarbarie.org\\\/?p=11087#breadcrumb\",\"itemListElement\":[{\"@type\":\"ListItem\",\"position\":1,\"name\":\"Portada\",\"item\":\"https:\\\/\\\/www.socialismoobarbarie.org\\\/\"},{\"@type\":\"ListItem\",\"position\":2,\"name\":\"Argentina &#8211; Hacia el 1\u00ba de Mayo: Una \u201cestabilidad\u201d atada con alambre\"}]},{\"@type\":\"WebSite\",\"@id\":\"https:\\\/\\\/www.socialismoobarbarie.org\\\/#website\",\"url\":\"https:\\\/\\\/www.socialismoobarbarie.org\\\/\",\"name\":\"Socialismo o Barbarie\",\"description\":\"Sitio web de la corriente internacional Socialismo o Barbarie\",\"publisher\":{\"@id\":\"https:\\\/\\\/www.socialismoobarbarie.org\\\/#organization\"},\"potentialAction\":[{\"@type\":\"SearchAction\",\"target\":{\"@type\":\"EntryPoint\",\"urlTemplate\":\"https:\\\/\\\/www.socialismoobarbarie.org\\\/?s={search_term_string}\"},\"query-input\":{\"@type\":\"PropertyValueSpecification\",\"valueRequired\":true,\"valueName\":\"search_term_string\"}}],\"inLanguage\":\"es\"},{\"@type\":\"Organization\",\"@id\":\"https:\\\/\\\/www.socialismoobarbarie.org\\\/#organization\",\"name\":\"Socialismo o Barbarie\",\"url\":\"https:\\\/\\\/www.socialismoobarbarie.org\\\/\",\"logo\":{\"@type\":\"ImageObject\",\"inLanguage\":\"es\",\"@id\":\"https:\\\/\\\/www.socialismoobarbarie.org\\\/#\\\/schema\\\/logo\\\/image\\\/\",\"url\":\"https:\\\/\\\/www.socialismoobarbarie.org\\\/wp-content\\\/uploads\\\/2025\\\/02\\\/soblogoweb-2025.png\",\"contentUrl\":\"https:\\\/\\\/www.socialismoobarbarie.org\\\/wp-content\\\/uploads\\\/2025\\\/02\\\/soblogoweb-2025.png\",\"width\":450,\"height\":161,\"caption\":\"Socialismo o Barbarie\"},\"image\":{\"@id\":\"https:\\\/\\\/www.socialismoobarbarie.org\\\/#\\\/schema\\\/logo\\\/image\\\/\"}},{\"@type\":\"Person\",\"@id\":\"https:\\\/\\\/www.socialismoobarbarie.org\\\/#\\\/schema\\\/person\\\/bc1c3b321d47ed092405949c77e35a8e\",\"name\":\"SOB\",\"url\":\"https:\\\/\\\/www.socialismoobarbarie.org\\\/?author=8\"}]}<\/script>\n<!-- \/ Yoast SEO plugin. -->","yoast_head_json":{"title":"Argentina - Hacia el 1\u00ba de Mayo: Una \u201cestabilidad\u201d atada con alambre - Socialismo o Barbarie","robots":{"index":"index","follow":"follow","max-snippet":"max-snippet:-1","max-image-preview":"max-image-preview:large","max-video-preview":"max-video-preview:-1"},"canonical":"https:\/\/www.socialismoobarbarie.org\/?p=11087","og_locale":"es_ES","og_type":"article","og_title":"Argentina - Hacia el 1\u00ba de Mayo: Una \u201cestabilidad\u201d atada con alambre - Socialismo o Barbarie","og_description":"La decisi\u00f3n de apelar al \u2018ancla cambiaria\u2019 para tratar de estabilizar precios lleg\u00f3 en mal momento. Ocurre que toda la regi\u00f3n (y los mercados emergentes en general) enfrenta un proceso de salida de capitales y devaluaci\u00f3n de sus monedas. Esto deriva del sostenido aumento de las tasas de inter\u00e9s en EE.UU. (el bono a 10 [&hellip;]","og_url":"https:\/\/www.socialismoobarbarie.org\/?p=11087","og_site_name":"Socialismo o Barbarie","article_published_time":"2018-04-26T21:07:51+00:00","article_modified_time":"2019-11-20T13:34:13+00:00","og_image":[{"width":700,"height":393,"url":"https:\/\/www.socialismoobarbarie.org\/wp-content\/uploads\/2018\/04\/3-2-e1524776854765.jpg","type":"image\/jpeg"}],"author":"SOB","twitter_card":"summary_large_image","twitter_misc":{"Escrito por":"SOB","Tiempo de lectura":"15 minutos"},"schema":{"@context":"https:\/\/schema.org","@graph":[{"@type":"Article","@id":"https:\/\/www.socialismoobarbarie.org\/?p=11087#article","isPartOf":{"@id":"https:\/\/www.socialismoobarbarie.org\/?p=11087"},"author":{"name":"SOB","@id":"https:\/\/www.socialismoobarbarie.org\/#\/schema\/person\/bc1c3b321d47ed092405949c77e35a8e"},"headline":"Argentina &#8211; Hacia el 1\u00ba de Mayo: Una \u201cestabilidad\u201d atada con alambre","datePublished":"2018-04-26T21:07:51+00:00","dateModified":"2019-11-20T13:34:13+00:00","mainEntityOfPage":{"@id":"https:\/\/www.socialismoobarbarie.org\/?p=11087"},"wordCount":2998,"publisher":{"@id":"https:\/\/www.socialismoobarbarie.org\/#organization"},"image":{"@id":"https:\/\/www.socialismoobarbarie.org\/?p=11087#primaryimage"},"thumbnailUrl":"https:\/\/www.socialismoobarbarie.org\/wp-content\/uploads\/2018\/04\/3-2-e1524776854765.jpg","keywords":["Edicion 116","Editorial SoB Argentina","Jos\u00e9 Luis Rojo"],"articleSection":["Am\u00e9rica Latina","Argentina"],"inLanguage":"es"},{"@type":"WebPage","@id":"https:\/\/www.socialismoobarbarie.org\/?p=11087","url":"https:\/\/www.socialismoobarbarie.org\/?p=11087","name":"Argentina - Hacia el 1\u00ba de Mayo: Una \u201cestabilidad\u201d atada con alambre - Socialismo o Barbarie","isPartOf":{"@id":"https:\/\/www.socialismoobarbarie.org\/#website"},"primaryImageOfPage":{"@id":"https:\/\/www.socialismoobarbarie.org\/?p=11087#primaryimage"},"image":{"@id":"https:\/\/www.socialismoobarbarie.org\/?p=11087#primaryimage"},"thumbnailUrl":"https:\/\/www.socialismoobarbarie.org\/wp-content\/uploads\/2018\/04\/3-2-e1524776854765.jpg","datePublished":"2018-04-26T21:07:51+00:00","dateModified":"2019-11-20T13:34:13+00:00","breadcrumb":{"@id":"https:\/\/www.socialismoobarbarie.org\/?p=11087#breadcrumb"},"inLanguage":"es","potentialAction":[{"@type":"ReadAction","target":["https:\/\/www.socialismoobarbarie.org\/?p=11087"]}]},{"@type":"ImageObject","inLanguage":"es","@id":"https:\/\/www.socialismoobarbarie.org\/?p=11087#primaryimage","url":"https:\/\/www.socialismoobarbarie.org\/wp-content\/uploads\/2018\/04\/3-2-e1524776854765.jpg","contentUrl":"https:\/\/www.socialismoobarbarie.org\/wp-content\/uploads\/2018\/04\/3-2-e1524776854765.jpg","width":700,"height":393},{"@type":"BreadcrumbList","@id":"https:\/\/www.socialismoobarbarie.org\/?p=11087#breadcrumb","itemListElement":[{"@type":"ListItem","position":1,"name":"Portada","item":"https:\/\/www.socialismoobarbarie.org\/"},{"@type":"ListItem","position":2,"name":"Argentina &#8211; Hacia el 1\u00ba de Mayo: Una \u201cestabilidad\u201d atada con alambre"}]},{"@type":"WebSite","@id":"https:\/\/www.socialismoobarbarie.org\/#website","url":"https:\/\/www.socialismoobarbarie.org\/","name":"Socialismo o Barbarie","description":"Sitio web de la corriente internacional Socialismo o Barbarie","publisher":{"@id":"https:\/\/www.socialismoobarbarie.org\/#organization"},"potentialAction":[{"@type":"SearchAction","target":{"@type":"EntryPoint","urlTemplate":"https:\/\/www.socialismoobarbarie.org\/?s={search_term_string}"},"query-input":{"@type":"PropertyValueSpecification","valueRequired":true,"valueName":"search_term_string"}}],"inLanguage":"es"},{"@type":"Organization","@id":"https:\/\/www.socialismoobarbarie.org\/#organization","name":"Socialismo o Barbarie","url":"https:\/\/www.socialismoobarbarie.org\/","logo":{"@type":"ImageObject","inLanguage":"es","@id":"https:\/\/www.socialismoobarbarie.org\/#\/schema\/logo\/image\/","url":"https:\/\/www.socialismoobarbarie.org\/wp-content\/uploads\/2025\/02\/soblogoweb-2025.png","contentUrl":"https:\/\/www.socialismoobarbarie.org\/wp-content\/uploads\/2025\/02\/soblogoweb-2025.png","width":450,"height":161,"caption":"Socialismo o Barbarie"},"image":{"@id":"https:\/\/www.socialismoobarbarie.org\/#\/schema\/logo\/image\/"}},{"@type":"Person","@id":"https:\/\/www.socialismoobarbarie.org\/#\/schema\/person\/bc1c3b321d47ed092405949c77e35a8e","name":"SOB","url":"https:\/\/www.socialismoobarbarie.org\/?author=8"}]}},"_links":{"self":[{"href":"https:\/\/www.socialismoobarbarie.org\/index.php?rest_route=\/wp\/v2\/posts\/11087","targetHints":{"allow":["GET"]}}],"collection":[{"href":"https:\/\/www.socialismoobarbarie.org\/index.php?rest_route=\/wp\/v2\/posts"}],"about":[{"href":"https:\/\/www.socialismoobarbarie.org\/index.php?rest_route=\/wp\/v2\/types\/post"}],"author":[{"embeddable":true,"href":"https:\/\/www.socialismoobarbarie.org\/index.php?rest_route=\/wp\/v2\/users\/8"}],"replies":[{"embeddable":true,"href":"https:\/\/www.socialismoobarbarie.org\/index.php?rest_route=%2Fwp%2Fv2%2Fcomments&post=11087"}],"version-history":[{"count":1,"href":"https:\/\/www.socialismoobarbarie.org\/index.php?rest_route=\/wp\/v2\/posts\/11087\/revisions"}],"predecessor-version":[{"id":11089,"href":"https:\/\/www.socialismoobarbarie.org\/index.php?rest_route=\/wp\/v2\/posts\/11087\/revisions\/11089"}],"wp:featuredmedia":[{"embeddable":true,"href":"https:\/\/www.socialismoobarbarie.org\/index.php?rest_route=\/wp\/v2\/media\/11088"}],"wp:attachment":[{"href":"https:\/\/www.socialismoobarbarie.org\/index.php?rest_route=%2Fwp%2Fv2%2Fmedia&parent=11087"}],"wp:term":[{"taxonomy":"category","embeddable":true,"href":"https:\/\/www.socialismoobarbarie.org\/index.php?rest_route=%2Fwp%2Fv2%2Fcategories&post=11087"},{"taxonomy":"post_tag","embeddable":true,"href":"https:\/\/www.socialismoobarbarie.org\/index.php?rest_route=%2Fwp%2Fv2%2Ftags&post=11087"}],"curies":[{"name":"wp","href":"https:\/\/api.w.org\/{rel}","templated":true}]}}