{"id":11105,"date":"2018-04-26T18:23:35","date_gmt":"2018-04-26T21:23:35","guid":{"rendered":"https:\/\/www.socialismoobarbarie.org\/?p=11105"},"modified":"2019-11-20T11:04:11","modified_gmt":"2019-11-20T14:04:11","slug":"brasil-crisis-politica-en-medio-de-un-ano-electoral","status":"publish","type":"post","link":"https:\/\/www.socialismoobarbarie.org\/?p=11105","title":{"rendered":"Brasil \u2013 Crisis pol\u00edtica en medio de un a\u00f1o electoral"},"content":{"rendered":"<p><strong>Brasil <\/strong><\/p>\n<h2><strong>Crisis pol\u00edtica en medio de un a\u00f1o electoral<\/strong><\/h2>\n<p>Rosi Luxemburgo<\/p>\n<p>Consultoras divulgaron en las \u00faltimas semanas \u00edndices sobre la carrera electoral hacia la presidencia de Brasil. Estando preso desde el d\u00eda 7 de abril, el ex presidente Lula sigue siendo el pre candidato con mayores \u00edndices de intenci\u00f3n de voto para la elecci\u00f3n de octubre. Lula aparece en la primera vuelta con el 33,4%. Luego aparece Jair Bolsonaro con el 16%.<\/p>\n<p>La candidatura del petista puede ser lanzada incluso con \u00e9l en la c\u00e1rcel en r\u00e9gimen cerrado; eso depender\u00e1 de un entendimiento favorable del Tribunal Superior Electoral (TSE). Todo indica que el TSE, basado en la interpretaci\u00f3n de la Ley de \u201cFicha Limpia\u201d, niegue el registro de Lula. En el acto de inscripci\u00f3n se deber\u00e1n presentar antecedentes penales, y estando aun preso y condenado el candidato, tendr\u00eda negada la misma.<\/p>\n<p>Sin embargo, dentro de la propia Ley de \u201cFicha Limpia\u201d existe un art\u00edculo que permite un recurso especial para suspender la exclusi\u00f3n. El PT intentar\u00e1 hacer uso del mismo ante el TSE hasta el 15 de agosto; si el TSE acepta su candidatura, y eventualmente Lula ganara las elecciones, podr\u00eda perder el derecho de asumir la presidencia y se deber\u00e1 convocar a nuevas elecciones.<\/p>\n<p>El hecho es que numerosos parlamentarios utilizaron esa posibilidad legal para obtener el registro y concurrir a elecciones. El PT conf\u00eda en esas diversas ejecuciones concedidas a candidatos condenados por corrupci\u00f3n. Actualmente veinte parlamentarios de distintos partidos ejercen mandato con la condici\u00f3n provisional de suspensi\u00f3n de la condena. Como vemos hasta ahora, seguramente el PT concentrar\u00e1 todas sus energ\u00edas no en la radicalizaci\u00f3n, sino en los pasos legales y dentro de la institucionalidad. Las encuestas exploran tambi\u00e9n diversos escenarios pol\u00edticos con la ausencia de Lula. En caso de que la justicia electoral no otorgue el visto bueno a Lula, el PT se encontrar\u00e1 en condiciones igualmente dif\u00edciles para concurrir en m\u00ednimas condiciones a las elecciones presidenciales. Una vez que el \u00absuplente natural\u00bb de Lula, Fernando Haddad, sea electo, puede enfrentar los mismos problemas que enfrent\u00f3 Dilma Rousseff en la sucesi\u00f3n de Lula. Hadad gobern\u00f3 la ciudad de San Pablo y tuvo muchas dificultades con la derecha paulistana, llegando en algunos momentos a dejar dudas si terminar\u00eda su mandato.<\/p>\n<p>El segundo candidato en las intenciones de voto es Jair Bolsonaro (PSL), candidato de la ultra derecha evangelista. En tercer lugar figura Marina Silva (Rede) con el 10%, con una presentaci\u00f3n desmoralizada por haber hecho campa\u00f1a en 2104 por A\u00e9cio Neves (PSDB), actualmente envuelto en casos de corrupci\u00f3n y posiblemente condenado en lo sucesivo. El candidato m\u00e1s serio de la burgues\u00eda puede ser Geraldo Alckmin (PSDB), que figura con el 8% de intenci\u00f3n de voto. Alckmin tiene dos mandatos estables en el gobierno del estado de San Pablo por lo que posee una trayectoria pol\u00edtica bastante s\u00f3lida; incluso tambi\u00e9n estando envuelto en casos de corrupci\u00f3n. Por otro lado, el ex presidente del Supremo Tribunal Federal, Joaquim Barbosa, a pesar de a\u00fan no haberse presentado como candidato, tambi\u00e9n aparece en las intenciones de voto. Joaquim Barbosa, que defendi\u00f3 al PT en algunas oportunidades, aparece en algunas encuestas ganando frente a otros candidatos de larga trayectoria como Alckmin y Ciro Gomes (PDT)<a href=\"#_ftn1\" name=\"_ftnref1\">[1]<\/a>.<\/p>\n<p>Michel Temer (PMDB) mantiene su car\u00e1cter de presidente mu\u00f1eco de la burgues\u00eda y aparece en las encuestas sin ninguna posibilidad de sobrevivencia en las urnas, inviable desde el punto de vista de la competitividad electoral. Es temprano para cerrar caracterizaciones basadas en esos datos, porque la burgues\u00eda todav\u00eda no termin\u00f3 la etapa de acuerdos y coaliciones, y no est\u00e1 dado que nada m\u00e1s pasar\u00e1 en las calles, lo que a su vez, podr\u00eda fortalecer el campo de la izquierda a nivel tambi\u00e9n electoral. Al menos eso es lo que refleja la candidatura de Guillermo Boulos (PSOL), que aunque presente s\u00f3lo el 1% en algunas encuestas, tender\u00eda a crecer ante una eventual radicalizaci\u00f3n. En medio de toda la crisis que enfrenta el pa\u00eds e incluso en la relativa baja de resistencia de los trabajadores desde el impeachment de 2015, la izquierda socialista creci\u00f3 y present\u00f3 un relativo fortalecimiento electoral a trav\u00e9s del PSOL, que a pesar de no haber tenido victorias de cargos directivos importantes en las capitales donde disput\u00f3, proyect\u00f3 en amplios sectores de masas un programa radical de oposici\u00f3n clara al gobierno Temer y el petismo, como fue el caso de R\u00edo de Janeiro con Marcelo Freixo que lleg\u00f3 a la segunda vuelta en la disputa de la intendencia, adem\u00e1s de consagrar a muchas mujeres a la Legislatura, entre ellas la estimada Marielle Franco. Hoy con el candidato de la izquierda Guilherme Boulos el PSOL posee un inmenso potencial para hacer una excelente campa\u00f1a a la izquierda. El PSTU (LIT), por su parte, lanza por primera vez una nueva figura pol\u00edtica para la candidatura presidencial, Vera L\u00facia, zapatera y ligada al movimiento negro de Sergipe, norte del pa\u00eds; una candidatura que mantiene la pol\u00edtica criminal que su partido tuvo en relaci\u00f3n al impeachment y a la prisi\u00f3n de Lula. Dicha candidatura, como suele pasar con las del PSTU, no figura en las encuestas realizadas.<\/p>\n<p>Guilherme Boulos es la \u00fanica alternativa viable de izquierda. Boulos es un luchador que durante todos sus a\u00f1os de militancia mantuvo total independencia pol\u00edtica del gobierno del PT y otros; su candidatura expresa inmensas potencialidades para el campo de la izquierda amplia en general y principalmente para la izquierda revolucionaria. Su plataforma hoy se sustenta con un programa claramente anticapitalista. Expresa la lucha social directa con un proyecto independiente de la clase dominante, combinado con la defensa de las libertades democr\u00e1ticas que, a nuestro entender, implica la defensa del derecho de Lula a presentarse como candidato. La candidatura de Boulos es una excelente novedad en la izquierda brasilera por traer no solamente trabajadores ya organizados, por medio del frente \u201cPovo sem medo\u201d (Pueblo sin miedo) sino que tambi\u00e9n es un luchador en plena actividad, profesor y l\u00edder del Movimento dos Trabalhadores Sem Teto (MTST), movimiento que m\u00e1s gente coloca en las calles del pa\u00eds.<\/p>\n<p>Como dijimos anteriormente, es prematuro para sacar conclusiones respecto de una coyuntura tan din\u00e1mica como la actual en Brasil. No obstante, con el abstencionismo del PT durante el gobierno de Temer, resta solamente a la izquierda disputar este flanco. De esta manera, sin dudas, las elecciones de este a\u00f1o tender\u00e1n a ser extremadamente politizadas y polarizadas.<\/p>\n<p><a href=\"#_ftnref1\" name=\"_ftn1\">[1]<\/a>Una candidata tenida difusamente como de izquierda o progresista es Manuela D&#8217;\u00c1vila (PCdoB), que oscila entre el 1% y el 3%, pero es una candidatura que a\u00fan no sabemos si el partido mantiene, pueden en cualquier momento retirarla a partir de acuerdos desde la c\u00fapula partidaria.<\/p>\n","protected":false},"excerpt":{"rendered":"<p>Brasil Crisis pol\u00edtica en medio de un a\u00f1o electoral Rosi Luxemburgo Consultoras divulgaron en las \u00faltimas semanas \u00edndices sobre la carrera electoral hacia la presidencia de Brasil. Estando preso desde el d\u00eda 7 de abril, el ex presidente Lula sigue siendo el pre candidato con mayores \u00edndices de intenci\u00f3n de voto para la elecci\u00f3n de [&hellip;]<\/p>\n","protected":false},"author":8,"featured_media":11106,"comment_status":"closed","ping_status":"closed","sticky":false,"template":"","format":"standard","meta":{"footnotes":""},"categories":[122,1657],"tags":[1771,1773],"class_list":{"0":"post-11105","1":"post","2":"type-post","3":"status-publish","4":"format-standard","5":"has-post-thumbnail","7":"category-america-latina-y-el-caribe","8":"category-brasil","9":"tag-edicion-116","10":"tag-rosi-luxemburgo"},"yoast_head":"<!-- This site is optimized with the Yoast SEO plugin v28.2 - https:\/\/yoast.com\/product\/yoast-seo-wordpress\/ -->\n<title>Brasil \u2013 Crisis pol\u00edtica en medio de un a\u00f1o electoral - Socialismo o Barbarie<\/title>\n<meta name=\"robots\" content=\"index, follow, max-snippet:-1, max-image-preview:large, max-video-preview:-1\" \/>\n<link rel=\"canonical\" href=\"https:\/\/www.socialismoobarbarie.org\/?p=11105\" \/>\n<meta property=\"og:locale\" content=\"es_ES\" \/>\n<meta property=\"og:type\" content=\"article\" \/>\n<meta property=\"og:title\" content=\"Brasil \u2013 Crisis pol\u00edtica en medio de un a\u00f1o electoral - Socialismo o Barbarie\" \/>\n<meta property=\"og:description\" content=\"Brasil Crisis pol\u00edtica en medio de un a\u00f1o electoral Rosi Luxemburgo Consultoras divulgaron en las \u00faltimas semanas \u00edndices sobre la carrera electoral hacia la presidencia de Brasil. Estando preso desde el d\u00eda 7 de abril, el ex presidente Lula sigue siendo el pre candidato con mayores \u00edndices de intenci\u00f3n de voto para la elecci\u00f3n de [&hellip;]\" \/>\n<meta property=\"og:url\" content=\"https:\/\/www.socialismoobarbarie.org\/?p=11105\" \/>\n<meta property=\"og:site_name\" content=\"Socialismo o Barbarie\" \/>\n<meta property=\"article:published_time\" content=\"2018-04-26T21:23:35+00:00\" \/>\n<meta property=\"article:modified_time\" content=\"2019-11-20T14:04:11+00:00\" \/>\n<meta property=\"og:image\" content=\"https:\/\/www.socialismoobarbarie.org\/wp-content\/uploads\/2018\/04\/crisis-brasil-e1438271394619.jpg\" \/>\n\t<meta property=\"og:image:width\" content=\"700\" \/>\n\t<meta property=\"og:image:height\" content=\"393\" \/>\n\t<meta property=\"og:image:type\" content=\"image\/jpeg\" \/>\n<meta name=\"author\" content=\"SOB\" \/>\n<meta name=\"twitter:card\" content=\"summary_large_image\" \/>\n<meta name=\"twitter:label1\" content=\"Escrito por\" \/>\n\t<meta name=\"twitter:data1\" content=\"SOB\" \/>\n\t<meta name=\"twitter:label2\" content=\"Tiempo de lectura\" \/>\n\t<meta name=\"twitter:data2\" content=\"6 minutos\" \/>\n<script type=\"application\/ld+json\" class=\"yoast-schema-graph\">{\"@context\":\"https:\\\/\\\/schema.org\",\"@graph\":[{\"@type\":\"Article\",\"@id\":\"https:\\\/\\\/www.socialismoobarbarie.org\\\/?p=11105#article\",\"isPartOf\":{\"@id\":\"https:\\\/\\\/www.socialismoobarbarie.org\\\/?p=11105\"},\"author\":{\"name\":\"SOB\",\"@id\":\"https:\\\/\\\/www.socialismoobarbarie.org\\\/#\\\/schema\\\/person\\\/bc1c3b321d47ed092405949c77e35a8e\"},\"headline\":\"Brasil \u2013 Crisis pol\u00edtica en medio de un a\u00f1o electoral\",\"datePublished\":\"2018-04-26T21:23:35+00:00\",\"dateModified\":\"2019-11-20T14:04:11+00:00\",\"mainEntityOfPage\":{\"@id\":\"https:\\\/\\\/www.socialismoobarbarie.org\\\/?p=11105\"},\"wordCount\":1179,\"publisher\":{\"@id\":\"https:\\\/\\\/www.socialismoobarbarie.org\\\/#organization\"},\"image\":{\"@id\":\"https:\\\/\\\/www.socialismoobarbarie.org\\\/?p=11105#primaryimage\"},\"thumbnailUrl\":\"https:\\\/\\\/www.socialismoobarbarie.org\\\/wp-content\\\/uploads\\\/2018\\\/04\\\/crisis-brasil-e1438271394619.jpg\",\"keywords\":[\"Edicion 116\",\"Rosi Luxemburgo\"],\"articleSection\":[\"Am\u00e9rica Latina\",\"Brasil\"],\"inLanguage\":\"es\"},{\"@type\":\"WebPage\",\"@id\":\"https:\\\/\\\/www.socialismoobarbarie.org\\\/?p=11105\",\"url\":\"https:\\\/\\\/www.socialismoobarbarie.org\\\/?p=11105\",\"name\":\"Brasil \u2013 Crisis pol\u00edtica en medio de un a\u00f1o electoral - Socialismo o Barbarie\",\"isPartOf\":{\"@id\":\"https:\\\/\\\/www.socialismoobarbarie.org\\\/#website\"},\"primaryImageOfPage\":{\"@id\":\"https:\\\/\\\/www.socialismoobarbarie.org\\\/?p=11105#primaryimage\"},\"image\":{\"@id\":\"https:\\\/\\\/www.socialismoobarbarie.org\\\/?p=11105#primaryimage\"},\"thumbnailUrl\":\"https:\\\/\\\/www.socialismoobarbarie.org\\\/wp-content\\\/uploads\\\/2018\\\/04\\\/crisis-brasil-e1438271394619.jpg\",\"datePublished\":\"2018-04-26T21:23:35+00:00\",\"dateModified\":\"2019-11-20T14:04:11+00:00\",\"breadcrumb\":{\"@id\":\"https:\\\/\\\/www.socialismoobarbarie.org\\\/?p=11105#breadcrumb\"},\"inLanguage\":\"es\",\"potentialAction\":[{\"@type\":\"ReadAction\",\"target\":[\"https:\\\/\\\/www.socialismoobarbarie.org\\\/?p=11105\"]}]},{\"@type\":\"ImageObject\",\"inLanguage\":\"es\",\"@id\":\"https:\\\/\\\/www.socialismoobarbarie.org\\\/?p=11105#primaryimage\",\"url\":\"https:\\\/\\\/www.socialismoobarbarie.org\\\/wp-content\\\/uploads\\\/2018\\\/04\\\/crisis-brasil-e1438271394619.jpg\",\"contentUrl\":\"https:\\\/\\\/www.socialismoobarbarie.org\\\/wp-content\\\/uploads\\\/2018\\\/04\\\/crisis-brasil-e1438271394619.jpg\",\"width\":700,\"height\":393},{\"@type\":\"BreadcrumbList\",\"@id\":\"https:\\\/\\\/www.socialismoobarbarie.org\\\/?p=11105#breadcrumb\",\"itemListElement\":[{\"@type\":\"ListItem\",\"position\":1,\"name\":\"Portada\",\"item\":\"https:\\\/\\\/www.socialismoobarbarie.org\\\/\"},{\"@type\":\"ListItem\",\"position\":2,\"name\":\"Brasil \u2013 Crisis pol\u00edtica en medio de un a\u00f1o electoral\"}]},{\"@type\":\"WebSite\",\"@id\":\"https:\\\/\\\/www.socialismoobarbarie.org\\\/#website\",\"url\":\"https:\\\/\\\/www.socialismoobarbarie.org\\\/\",\"name\":\"Socialismo o Barbarie\",\"description\":\"Sitio web de la corriente internacional Socialismo o Barbarie\",\"publisher\":{\"@id\":\"https:\\\/\\\/www.socialismoobarbarie.org\\\/#organization\"},\"potentialAction\":[{\"@type\":\"SearchAction\",\"target\":{\"@type\":\"EntryPoint\",\"urlTemplate\":\"https:\\\/\\\/www.socialismoobarbarie.org\\\/?s={search_term_string}\"},\"query-input\":{\"@type\":\"PropertyValueSpecification\",\"valueRequired\":true,\"valueName\":\"search_term_string\"}}],\"inLanguage\":\"es\"},{\"@type\":\"Organization\",\"@id\":\"https:\\\/\\\/www.socialismoobarbarie.org\\\/#organization\",\"name\":\"Socialismo o Barbarie\",\"url\":\"https:\\\/\\\/www.socialismoobarbarie.org\\\/\",\"logo\":{\"@type\":\"ImageObject\",\"inLanguage\":\"es\",\"@id\":\"https:\\\/\\\/www.socialismoobarbarie.org\\\/#\\\/schema\\\/logo\\\/image\\\/\",\"url\":\"https:\\\/\\\/www.socialismoobarbarie.org\\\/wp-content\\\/uploads\\\/2025\\\/02\\\/soblogoweb-2025.png\",\"contentUrl\":\"https:\\\/\\\/www.socialismoobarbarie.org\\\/wp-content\\\/uploads\\\/2025\\\/02\\\/soblogoweb-2025.png\",\"width\":450,\"height\":161,\"caption\":\"Socialismo o Barbarie\"},\"image\":{\"@id\":\"https:\\\/\\\/www.socialismoobarbarie.org\\\/#\\\/schema\\\/logo\\\/image\\\/\"}},{\"@type\":\"Person\",\"@id\":\"https:\\\/\\\/www.socialismoobarbarie.org\\\/#\\\/schema\\\/person\\\/bc1c3b321d47ed092405949c77e35a8e\",\"name\":\"SOB\",\"url\":\"https:\\\/\\\/www.socialismoobarbarie.org\\\/?author=8\"}]}<\/script>\n<!-- \/ Yoast SEO plugin. -->","yoast_head_json":{"title":"Brasil \u2013 Crisis pol\u00edtica en medio de un a\u00f1o electoral - Socialismo o Barbarie","robots":{"index":"index","follow":"follow","max-snippet":"max-snippet:-1","max-image-preview":"max-image-preview:large","max-video-preview":"max-video-preview:-1"},"canonical":"https:\/\/www.socialismoobarbarie.org\/?p=11105","og_locale":"es_ES","og_type":"article","og_title":"Brasil \u2013 Crisis pol\u00edtica en medio de un a\u00f1o electoral - Socialismo o Barbarie","og_description":"Brasil Crisis pol\u00edtica en medio de un a\u00f1o electoral Rosi Luxemburgo Consultoras divulgaron en las \u00faltimas semanas \u00edndices sobre la carrera electoral hacia la presidencia de Brasil. Estando preso desde el d\u00eda 7 de abril, el ex presidente Lula sigue siendo el pre candidato con mayores \u00edndices de intenci\u00f3n de voto para la elecci\u00f3n de [&hellip;]","og_url":"https:\/\/www.socialismoobarbarie.org\/?p=11105","og_site_name":"Socialismo o Barbarie","article_published_time":"2018-04-26T21:23:35+00:00","article_modified_time":"2019-11-20T14:04:11+00:00","og_image":[{"width":700,"height":393,"url":"https:\/\/www.socialismoobarbarie.org\/wp-content\/uploads\/2018\/04\/crisis-brasil-e1438271394619.jpg","type":"image\/jpeg"}],"author":"SOB","twitter_card":"summary_large_image","twitter_misc":{"Escrito por":"SOB","Tiempo de lectura":"6 minutos"},"schema":{"@context":"https:\/\/schema.org","@graph":[{"@type":"Article","@id":"https:\/\/www.socialismoobarbarie.org\/?p=11105#article","isPartOf":{"@id":"https:\/\/www.socialismoobarbarie.org\/?p=11105"},"author":{"name":"SOB","@id":"https:\/\/www.socialismoobarbarie.org\/#\/schema\/person\/bc1c3b321d47ed092405949c77e35a8e"},"headline":"Brasil \u2013 Crisis pol\u00edtica en medio de un a\u00f1o electoral","datePublished":"2018-04-26T21:23:35+00:00","dateModified":"2019-11-20T14:04:11+00:00","mainEntityOfPage":{"@id":"https:\/\/www.socialismoobarbarie.org\/?p=11105"},"wordCount":1179,"publisher":{"@id":"https:\/\/www.socialismoobarbarie.org\/#organization"},"image":{"@id":"https:\/\/www.socialismoobarbarie.org\/?p=11105#primaryimage"},"thumbnailUrl":"https:\/\/www.socialismoobarbarie.org\/wp-content\/uploads\/2018\/04\/crisis-brasil-e1438271394619.jpg","keywords":["Edicion 116","Rosi Luxemburgo"],"articleSection":["Am\u00e9rica Latina","Brasil"],"inLanguage":"es"},{"@type":"WebPage","@id":"https:\/\/www.socialismoobarbarie.org\/?p=11105","url":"https:\/\/www.socialismoobarbarie.org\/?p=11105","name":"Brasil \u2013 Crisis pol\u00edtica en medio de un a\u00f1o electoral - Socialismo o Barbarie","isPartOf":{"@id":"https:\/\/www.socialismoobarbarie.org\/#website"},"primaryImageOfPage":{"@id":"https:\/\/www.socialismoobarbarie.org\/?p=11105#primaryimage"},"image":{"@id":"https:\/\/www.socialismoobarbarie.org\/?p=11105#primaryimage"},"thumbnailUrl":"https:\/\/www.socialismoobarbarie.org\/wp-content\/uploads\/2018\/04\/crisis-brasil-e1438271394619.jpg","datePublished":"2018-04-26T21:23:35+00:00","dateModified":"2019-11-20T14:04:11+00:00","breadcrumb":{"@id":"https:\/\/www.socialismoobarbarie.org\/?p=11105#breadcrumb"},"inLanguage":"es","potentialAction":[{"@type":"ReadAction","target":["https:\/\/www.socialismoobarbarie.org\/?p=11105"]}]},{"@type":"ImageObject","inLanguage":"es","@id":"https:\/\/www.socialismoobarbarie.org\/?p=11105#primaryimage","url":"https:\/\/www.socialismoobarbarie.org\/wp-content\/uploads\/2018\/04\/crisis-brasil-e1438271394619.jpg","contentUrl":"https:\/\/www.socialismoobarbarie.org\/wp-content\/uploads\/2018\/04\/crisis-brasil-e1438271394619.jpg","width":700,"height":393},{"@type":"BreadcrumbList","@id":"https:\/\/www.socialismoobarbarie.org\/?p=11105#breadcrumb","itemListElement":[{"@type":"ListItem","position":1,"name":"Portada","item":"https:\/\/www.socialismoobarbarie.org\/"},{"@type":"ListItem","position":2,"name":"Brasil \u2013 Crisis pol\u00edtica en medio de un a\u00f1o electoral"}]},{"@type":"WebSite","@id":"https:\/\/www.socialismoobarbarie.org\/#website","url":"https:\/\/www.socialismoobarbarie.org\/","name":"Socialismo o Barbarie","description":"Sitio web de la corriente internacional Socialismo o Barbarie","publisher":{"@id":"https:\/\/www.socialismoobarbarie.org\/#organization"},"potentialAction":[{"@type":"SearchAction","target":{"@type":"EntryPoint","urlTemplate":"https:\/\/www.socialismoobarbarie.org\/?s={search_term_string}"},"query-input":{"@type":"PropertyValueSpecification","valueRequired":true,"valueName":"search_term_string"}}],"inLanguage":"es"},{"@type":"Organization","@id":"https:\/\/www.socialismoobarbarie.org\/#organization","name":"Socialismo o Barbarie","url":"https:\/\/www.socialismoobarbarie.org\/","logo":{"@type":"ImageObject","inLanguage":"es","@id":"https:\/\/www.socialismoobarbarie.org\/#\/schema\/logo\/image\/","url":"https:\/\/www.socialismoobarbarie.org\/wp-content\/uploads\/2025\/02\/soblogoweb-2025.png","contentUrl":"https:\/\/www.socialismoobarbarie.org\/wp-content\/uploads\/2025\/02\/soblogoweb-2025.png","width":450,"height":161,"caption":"Socialismo o Barbarie"},"image":{"@id":"https:\/\/www.socialismoobarbarie.org\/#\/schema\/logo\/image\/"}},{"@type":"Person","@id":"https:\/\/www.socialismoobarbarie.org\/#\/schema\/person\/bc1c3b321d47ed092405949c77e35a8e","name":"SOB","url":"https:\/\/www.socialismoobarbarie.org\/?author=8"}]}},"_links":{"self":[{"href":"https:\/\/www.socialismoobarbarie.org\/index.php?rest_route=\/wp\/v2\/posts\/11105","targetHints":{"allow":["GET"]}}],"collection":[{"href":"https:\/\/www.socialismoobarbarie.org\/index.php?rest_route=\/wp\/v2\/posts"}],"about":[{"href":"https:\/\/www.socialismoobarbarie.org\/index.php?rest_route=\/wp\/v2\/types\/post"}],"author":[{"embeddable":true,"href":"https:\/\/www.socialismoobarbarie.org\/index.php?rest_route=\/wp\/v2\/users\/8"}],"replies":[{"embeddable":true,"href":"https:\/\/www.socialismoobarbarie.org\/index.php?rest_route=%2Fwp%2Fv2%2Fcomments&post=11105"}],"version-history":[{"count":1,"href":"https:\/\/www.socialismoobarbarie.org\/index.php?rest_route=\/wp\/v2\/posts\/11105\/revisions"}],"predecessor-version":[{"id":11107,"href":"https:\/\/www.socialismoobarbarie.org\/index.php?rest_route=\/wp\/v2\/posts\/11105\/revisions\/11107"}],"wp:featuredmedia":[{"embeddable":true,"href":"https:\/\/www.socialismoobarbarie.org\/index.php?rest_route=\/wp\/v2\/media\/11106"}],"wp:attachment":[{"href":"https:\/\/www.socialismoobarbarie.org\/index.php?rest_route=%2Fwp%2Fv2%2Fmedia&parent=11105"}],"wp:term":[{"taxonomy":"category","embeddable":true,"href":"https:\/\/www.socialismoobarbarie.org\/index.php?rest_route=%2Fwp%2Fv2%2Fcategories&post=11105"},{"taxonomy":"post_tag","embeddable":true,"href":"https:\/\/www.socialismoobarbarie.org\/index.php?rest_route=%2Fwp%2Fv2%2Ftags&post=11105"}],"curies":[{"name":"wp","href":"https:\/\/api.w.org\/{rel}","templated":true}]}}