{"id":11169,"date":"2018-05-10T17:47:31","date_gmt":"2018-05-10T20:47:31","guid":{"rendered":"https:\/\/www.socialismoobarbarie.org\/?p=11169"},"modified":"2018-07-12T19:22:03","modified_gmt":"2018-07-12T22:22:03","slug":"costa-rica-pronunciamiento-frente-de-izquierda-socialista-ante-el-nuevo-gobierno-del-pac-a-preparar-la-lucha","status":"publish","type":"post","link":"https:\/\/www.socialismoobarbarie.org\/?p=11169","title":{"rendered":"Costa Rica: Pronunciamiento Frente De Izquierda Socialista \u2013 \u00a1Ante el nuevo gobierno del PAC, a preparar la lucha!"},"content":{"rendered":"<p>Para los trabajadores, estudiantes y mujeres en lucha, el nuevo gobierno de Carlos Alvarado y el PAC, denominado de Unidad Nacional, no representa ni el cambio, ni brinda ninguna opci\u00f3n. Por el contrario, Carlos Alvarado, constituye el candidato del imperialismo y la burgues\u00eda para dar continuidad a la pol\u00edtica de ajuste contra los trabajadores implementada durante el gobierno de Luis Guillermo Sol\u00eds. Recordando la efectividad antiobrera del PAC en los \u00faltimos cuatro a\u00f1os con el congelamiento salarial, la apertura de los puertos y la destrucci\u00f3n de las convenciones colectivas.<\/p>\n<p>La trampa del gobierno de Carlos Alvarado, de \u201cUnidad Nacional\u201d, no es otra cosa que un bloque con los cuadros del viejo bipartidismo burgu\u00e9s y proimperialista del PUSC. Adem\u00e1s del respaldo del Frente Amplio. Ambos apoyando al oficialismo para la aplicaci\u00f3n de los planes contra la clase trabajadora y los sectores populares.<\/p>\n<p>La demagogia del PAC y sus aliados PUSC y FA, de una Costa Rica de unidad, di\u00e1logo y negociaci\u00f3n, constituye el camino de la concertaci\u00f3n y la desmovilizaci\u00f3n, para justificar la implementaci\u00f3n de la reforma fiscal, la ley de empleo p\u00fablico, reventar el salario, ajustar los reg\u00edmenes de jubilaci\u00f3n y destrozar la seguridad social.<\/p>\n<p>Carlos Alvarado, ha demostrado que su gobierno tiene ejes claros para cargar la crisis econ\u00f3mica sobre las espaldas de los trabajadores p\u00fablicos y privados. Adem\u00e1s, luego del circo electoral, ha dado un paso con sus promesas, la m\u00e1s evidente el Estado Laico. Alvarado va aplicar las orientaciones de los organismos financieros internacionales y busca el apoyo de las burocracias sindicales con a trav\u00e9s de la concertaci\u00f3n, como mecanismo de freno a las luchas.<\/p>\n<p>Ante el nuevo gobierno, trabajadores, estudiantes y mujeres en lucha s\u00f3lo tienen el camino de la movilizaci\u00f3n. Desde el Frente de Izquierda Socialista, Partido Socialista de los Trabajadores y Nuevo Partido Socialista, llamamos a la organizaci\u00f3n y construcci\u00f3n de un plan de lucha unitario para resistir el ataque y pasar a la ofensiva. Consideramos prioritario impulsar en el seno del movimiento obrero y popular, en sus luchas, el llamado por un Gobierno de los Trabajadores, \u00fanico camino para enfrentar los planes y pol\u00edticas contra la clase trabajadora. La \u00fanica salida es Socialista a la crisis Capitalista<\/p>\n<p><strong>\u00a1Abajo la concertaci\u00f3n con el gobierno!<\/strong><\/p>\n<p><strong>\u00a1Que la crisis la paguen los grandes capitalistas!\u00a0<\/strong><\/p>\n<p><strong>\u00a1Por la unidad en un Frente de Izquierda Socialista en la lucha y la organizaci\u00f3n de clase trabajadora!<\/strong><br \/>\n<strong>\u00a1Por un programa socialista ante la crisis capitalista!<\/strong><\/p>\n<p><strong>Frente De Izquierda Socialista\u00a0(Costa Rica)<\/strong><\/p>\n","protected":false},"excerpt":{"rendered":"<p>Para los trabajadores, estudiantes y mujeres en lucha, el nuevo gobierno de Carlos Alvarado y el PAC, denominado de Unidad Nacional, no representa ni el cambio, ni brinda ninguna opci\u00f3n. Por el contrario, Carlos Alvarado, constituye el candidato del imperialismo y la burgues\u00eda para dar continuidad a la pol\u00edtica de ajuste contra los trabajadores implementada [&hellip;]<\/p>\n","protected":false},"author":8,"featured_media":11170,"comment_status":"closed","ping_status":"closed","sticky":false,"template":"","format":"standard","meta":{"footnotes":""},"categories":[122,1662],"tags":[1776,1035],"class_list":{"0":"post-11169","1":"post","2":"type-post","3":"status-publish","4":"format-standard","5":"has-post-thumbnail","7":"category-america-latina-y-el-caribe","8":"category-costa-rica","9":"tag-edicion-118","10":"tag-nps"},"yoast_head":"<!-- This site is optimized with the Yoast SEO plugin v27.5 - https:\/\/yoast.com\/product\/yoast-seo-wordpress\/ -->\n<title>Costa Rica: Pronunciamiento Frente De Izquierda Socialista \u2013 \u00a1Ante el nuevo gobierno del PAC, a preparar la lucha! - Socialismo o Barbarie<\/title>\n<meta name=\"robots\" content=\"index, follow, max-snippet:-1, max-image-preview:large, max-video-preview:-1\" \/>\n<link rel=\"canonical\" href=\"https:\/\/www.socialismoobarbarie.org\/?p=11169\" \/>\n<meta property=\"og:locale\" content=\"es_ES\" \/>\n<meta property=\"og:type\" content=\"article\" \/>\n<meta property=\"og:title\" content=\"Costa Rica: Pronunciamiento Frente De Izquierda Socialista \u2013 \u00a1Ante el nuevo gobierno del PAC, a preparar la lucha! - Socialismo o Barbarie\" \/>\n<meta property=\"og:description\" content=\"Para los trabajadores, estudiantes y mujeres en lucha, el nuevo gobierno de Carlos Alvarado y el PAC, denominado de Unidad Nacional, no representa ni el cambio, ni brinda ninguna opci\u00f3n. Por el contrario, Carlos Alvarado, constituye el candidato del imperialismo y la burgues\u00eda para dar continuidad a la pol\u00edtica de ajuste contra los trabajadores implementada [&hellip;]\" \/>\n<meta property=\"og:url\" content=\"https:\/\/www.socialismoobarbarie.org\/?p=11169\" \/>\n<meta property=\"og:site_name\" content=\"Socialismo o Barbarie\" \/>\n<meta property=\"article:published_time\" content=\"2018-05-10T20:47:31+00:00\" \/>\n<meta property=\"article:modified_time\" content=\"2018-07-12T22:22:03+00:00\" \/>\n<meta property=\"og:image\" content=\"https:\/\/www.socialismoobarbarie.org\/wp-content\/uploads\/2018\/05\/nps-costa-rica-700px..jpg\" \/>\n\t<meta property=\"og:image:width\" content=\"700\" \/>\n\t<meta property=\"og:image:height\" content=\"525\" \/>\n\t<meta property=\"og:image:type\" content=\"image\/jpeg\" \/>\n<meta name=\"author\" content=\"SOB\" \/>\n<meta name=\"twitter:card\" content=\"summary_large_image\" \/>\n<meta name=\"twitter:label1\" content=\"Escrito por\" \/>\n\t<meta name=\"twitter:data1\" content=\"SOB\" \/>\n\t<meta name=\"twitter:label2\" content=\"Tiempo de lectura\" \/>\n\t<meta name=\"twitter:data2\" content=\"2 minutos\" \/>\n<script type=\"application\/ld+json\" class=\"yoast-schema-graph\">{\"@context\":\"https:\\\/\\\/schema.org\",\"@graph\":[{\"@type\":\"Article\",\"@id\":\"https:\\\/\\\/www.socialismoobarbarie.org\\\/?p=11169#article\",\"isPartOf\":{\"@id\":\"https:\\\/\\\/www.socialismoobarbarie.org\\\/?p=11169\"},\"author\":{\"name\":\"SOB\",\"@id\":\"https:\\\/\\\/www.socialismoobarbarie.org\\\/#\\\/schema\\\/person\\\/bc1c3b321d47ed092405949c77e35a8e\"},\"headline\":\"Costa Rica: Pronunciamiento Frente De Izquierda Socialista \u2013 \u00a1Ante el nuevo gobierno del PAC, a preparar la lucha!\",\"datePublished\":\"2018-05-10T20:47:31+00:00\",\"dateModified\":\"2018-07-12T22:22:03+00:00\",\"mainEntityOfPage\":{\"@id\":\"https:\\\/\\\/www.socialismoobarbarie.org\\\/?p=11169\"},\"wordCount\":457,\"publisher\":{\"@id\":\"https:\\\/\\\/www.socialismoobarbarie.org\\\/#organization\"},\"image\":{\"@id\":\"https:\\\/\\\/www.socialismoobarbarie.org\\\/?p=11169#primaryimage\"},\"thumbnailUrl\":\"https:\\\/\\\/www.socialismoobarbarie.org\\\/wp-content\\\/uploads\\\/2018\\\/05\\\/nps-costa-rica-700px..jpg\",\"keywords\":[\"Edicion 118\",\"NPS\"],\"articleSection\":[\"Am\u00e9rica Latina\",\"Costa Rica\"],\"inLanguage\":\"es\"},{\"@type\":\"WebPage\",\"@id\":\"https:\\\/\\\/www.socialismoobarbarie.org\\\/?p=11169\",\"url\":\"https:\\\/\\\/www.socialismoobarbarie.org\\\/?p=11169\",\"name\":\"Costa Rica: Pronunciamiento Frente De Izquierda Socialista \u2013 \u00a1Ante el nuevo gobierno del PAC, a preparar la lucha! - Socialismo o Barbarie\",\"isPartOf\":{\"@id\":\"https:\\\/\\\/www.socialismoobarbarie.org\\\/#website\"},\"primaryImageOfPage\":{\"@id\":\"https:\\\/\\\/www.socialismoobarbarie.org\\\/?p=11169#primaryimage\"},\"image\":{\"@id\":\"https:\\\/\\\/www.socialismoobarbarie.org\\\/?p=11169#primaryimage\"},\"thumbnailUrl\":\"https:\\\/\\\/www.socialismoobarbarie.org\\\/wp-content\\\/uploads\\\/2018\\\/05\\\/nps-costa-rica-700px..jpg\",\"datePublished\":\"2018-05-10T20:47:31+00:00\",\"dateModified\":\"2018-07-12T22:22:03+00:00\",\"breadcrumb\":{\"@id\":\"https:\\\/\\\/www.socialismoobarbarie.org\\\/?p=11169#breadcrumb\"},\"inLanguage\":\"es\",\"potentialAction\":[{\"@type\":\"ReadAction\",\"target\":[\"https:\\\/\\\/www.socialismoobarbarie.org\\\/?p=11169\"]}]},{\"@type\":\"ImageObject\",\"inLanguage\":\"es\",\"@id\":\"https:\\\/\\\/www.socialismoobarbarie.org\\\/?p=11169#primaryimage\",\"url\":\"https:\\\/\\\/www.socialismoobarbarie.org\\\/wp-content\\\/uploads\\\/2018\\\/05\\\/nps-costa-rica-700px..jpg\",\"contentUrl\":\"https:\\\/\\\/www.socialismoobarbarie.org\\\/wp-content\\\/uploads\\\/2018\\\/05\\\/nps-costa-rica-700px..jpg\",\"width\":700,\"height\":525},{\"@type\":\"BreadcrumbList\",\"@id\":\"https:\\\/\\\/www.socialismoobarbarie.org\\\/?p=11169#breadcrumb\",\"itemListElement\":[{\"@type\":\"ListItem\",\"position\":1,\"name\":\"Portada\",\"item\":\"https:\\\/\\\/www.socialismoobarbarie.org\\\/\"},{\"@type\":\"ListItem\",\"position\":2,\"name\":\"Costa Rica: Pronunciamiento Frente De Izquierda Socialista \u2013 \u00a1Ante el nuevo gobierno del PAC, a preparar la lucha!\"}]},{\"@type\":\"WebSite\",\"@id\":\"https:\\\/\\\/www.socialismoobarbarie.org\\\/#website\",\"url\":\"https:\\\/\\\/www.socialismoobarbarie.org\\\/\",\"name\":\"Socialismo o Barbarie\",\"description\":\"Sitio web de la corriente internacional Socialismo o Barbarie\",\"publisher\":{\"@id\":\"https:\\\/\\\/www.socialismoobarbarie.org\\\/#organization\"},\"potentialAction\":[{\"@type\":\"SearchAction\",\"target\":{\"@type\":\"EntryPoint\",\"urlTemplate\":\"https:\\\/\\\/www.socialismoobarbarie.org\\\/?s={search_term_string}\"},\"query-input\":{\"@type\":\"PropertyValueSpecification\",\"valueRequired\":true,\"valueName\":\"search_term_string\"}}],\"inLanguage\":\"es\"},{\"@type\":\"Organization\",\"@id\":\"https:\\\/\\\/www.socialismoobarbarie.org\\\/#organization\",\"name\":\"Socialismo o Barbarie\",\"url\":\"https:\\\/\\\/www.socialismoobarbarie.org\\\/\",\"logo\":{\"@type\":\"ImageObject\",\"inLanguage\":\"es\",\"@id\":\"https:\\\/\\\/www.socialismoobarbarie.org\\\/#\\\/schema\\\/logo\\\/image\\\/\",\"url\":\"https:\\\/\\\/www.socialismoobarbarie.org\\\/wp-content\\\/uploads\\\/2025\\\/02\\\/soblogoweb-2025.png\",\"contentUrl\":\"https:\\\/\\\/www.socialismoobarbarie.org\\\/wp-content\\\/uploads\\\/2025\\\/02\\\/soblogoweb-2025.png\",\"width\":450,\"height\":161,\"caption\":\"Socialismo o Barbarie\"},\"image\":{\"@id\":\"https:\\\/\\\/www.socialismoobarbarie.org\\\/#\\\/schema\\\/logo\\\/image\\\/\"}},{\"@type\":\"Person\",\"@id\":\"https:\\\/\\\/www.socialismoobarbarie.org\\\/#\\\/schema\\\/person\\\/bc1c3b321d47ed092405949c77e35a8e\",\"name\":\"SOB\",\"url\":\"https:\\\/\\\/www.socialismoobarbarie.org\\\/?author=8\"}]}<\/script>\n<!-- \/ Yoast SEO plugin. -->","yoast_head_json":{"title":"Costa Rica: Pronunciamiento Frente De Izquierda Socialista \u2013 \u00a1Ante el nuevo gobierno del PAC, a preparar la lucha! - Socialismo o Barbarie","robots":{"index":"index","follow":"follow","max-snippet":"max-snippet:-1","max-image-preview":"max-image-preview:large","max-video-preview":"max-video-preview:-1"},"canonical":"https:\/\/www.socialismoobarbarie.org\/?p=11169","og_locale":"es_ES","og_type":"article","og_title":"Costa Rica: Pronunciamiento Frente De Izquierda Socialista \u2013 \u00a1Ante el nuevo gobierno del PAC, a preparar la lucha! - Socialismo o Barbarie","og_description":"Para los trabajadores, estudiantes y mujeres en lucha, el nuevo gobierno de Carlos Alvarado y el PAC, denominado de Unidad Nacional, no representa ni el cambio, ni brinda ninguna opci\u00f3n. Por el contrario, Carlos Alvarado, constituye el candidato del imperialismo y la burgues\u00eda para dar continuidad a la pol\u00edtica de ajuste contra los trabajadores implementada [&hellip;]","og_url":"https:\/\/www.socialismoobarbarie.org\/?p=11169","og_site_name":"Socialismo o Barbarie","article_published_time":"2018-05-10T20:47:31+00:00","article_modified_time":"2018-07-12T22:22:03+00:00","og_image":[{"width":700,"height":525,"url":"https:\/\/www.socialismoobarbarie.org\/wp-content\/uploads\/2018\/05\/nps-costa-rica-700px..jpg","type":"image\/jpeg"}],"author":"SOB","twitter_card":"summary_large_image","twitter_misc":{"Escrito por":"SOB","Tiempo de lectura":"2 minutos"},"schema":{"@context":"https:\/\/schema.org","@graph":[{"@type":"Article","@id":"https:\/\/www.socialismoobarbarie.org\/?p=11169#article","isPartOf":{"@id":"https:\/\/www.socialismoobarbarie.org\/?p=11169"},"author":{"name":"SOB","@id":"https:\/\/www.socialismoobarbarie.org\/#\/schema\/person\/bc1c3b321d47ed092405949c77e35a8e"},"headline":"Costa Rica: Pronunciamiento Frente De Izquierda Socialista \u2013 \u00a1Ante el nuevo gobierno del PAC, a preparar la lucha!","datePublished":"2018-05-10T20:47:31+00:00","dateModified":"2018-07-12T22:22:03+00:00","mainEntityOfPage":{"@id":"https:\/\/www.socialismoobarbarie.org\/?p=11169"},"wordCount":457,"publisher":{"@id":"https:\/\/www.socialismoobarbarie.org\/#organization"},"image":{"@id":"https:\/\/www.socialismoobarbarie.org\/?p=11169#primaryimage"},"thumbnailUrl":"https:\/\/www.socialismoobarbarie.org\/wp-content\/uploads\/2018\/05\/nps-costa-rica-700px..jpg","keywords":["Edicion 118","NPS"],"articleSection":["Am\u00e9rica Latina","Costa Rica"],"inLanguage":"es"},{"@type":"WebPage","@id":"https:\/\/www.socialismoobarbarie.org\/?p=11169","url":"https:\/\/www.socialismoobarbarie.org\/?p=11169","name":"Costa Rica: Pronunciamiento Frente De Izquierda Socialista \u2013 \u00a1Ante el nuevo gobierno del PAC, a preparar la lucha! - Socialismo o Barbarie","isPartOf":{"@id":"https:\/\/www.socialismoobarbarie.org\/#website"},"primaryImageOfPage":{"@id":"https:\/\/www.socialismoobarbarie.org\/?p=11169#primaryimage"},"image":{"@id":"https:\/\/www.socialismoobarbarie.org\/?p=11169#primaryimage"},"thumbnailUrl":"https:\/\/www.socialismoobarbarie.org\/wp-content\/uploads\/2018\/05\/nps-costa-rica-700px..jpg","datePublished":"2018-05-10T20:47:31+00:00","dateModified":"2018-07-12T22:22:03+00:00","breadcrumb":{"@id":"https:\/\/www.socialismoobarbarie.org\/?p=11169#breadcrumb"},"inLanguage":"es","potentialAction":[{"@type":"ReadAction","target":["https:\/\/www.socialismoobarbarie.org\/?p=11169"]}]},{"@type":"ImageObject","inLanguage":"es","@id":"https:\/\/www.socialismoobarbarie.org\/?p=11169#primaryimage","url":"https:\/\/www.socialismoobarbarie.org\/wp-content\/uploads\/2018\/05\/nps-costa-rica-700px..jpg","contentUrl":"https:\/\/www.socialismoobarbarie.org\/wp-content\/uploads\/2018\/05\/nps-costa-rica-700px..jpg","width":700,"height":525},{"@type":"BreadcrumbList","@id":"https:\/\/www.socialismoobarbarie.org\/?p=11169#breadcrumb","itemListElement":[{"@type":"ListItem","position":1,"name":"Portada","item":"https:\/\/www.socialismoobarbarie.org\/"},{"@type":"ListItem","position":2,"name":"Costa Rica: Pronunciamiento Frente De Izquierda Socialista \u2013 \u00a1Ante el nuevo gobierno del PAC, a preparar la lucha!"}]},{"@type":"WebSite","@id":"https:\/\/www.socialismoobarbarie.org\/#website","url":"https:\/\/www.socialismoobarbarie.org\/","name":"Socialismo o Barbarie","description":"Sitio web de la corriente internacional Socialismo o Barbarie","publisher":{"@id":"https:\/\/www.socialismoobarbarie.org\/#organization"},"potentialAction":[{"@type":"SearchAction","target":{"@type":"EntryPoint","urlTemplate":"https:\/\/www.socialismoobarbarie.org\/?s={search_term_string}"},"query-input":{"@type":"PropertyValueSpecification","valueRequired":true,"valueName":"search_term_string"}}],"inLanguage":"es"},{"@type":"Organization","@id":"https:\/\/www.socialismoobarbarie.org\/#organization","name":"Socialismo o Barbarie","url":"https:\/\/www.socialismoobarbarie.org\/","logo":{"@type":"ImageObject","inLanguage":"es","@id":"https:\/\/www.socialismoobarbarie.org\/#\/schema\/logo\/image\/","url":"https:\/\/www.socialismoobarbarie.org\/wp-content\/uploads\/2025\/02\/soblogoweb-2025.png","contentUrl":"https:\/\/www.socialismoobarbarie.org\/wp-content\/uploads\/2025\/02\/soblogoweb-2025.png","width":450,"height":161,"caption":"Socialismo o Barbarie"},"image":{"@id":"https:\/\/www.socialismoobarbarie.org\/#\/schema\/logo\/image\/"}},{"@type":"Person","@id":"https:\/\/www.socialismoobarbarie.org\/#\/schema\/person\/bc1c3b321d47ed092405949c77e35a8e","name":"SOB","url":"https:\/\/www.socialismoobarbarie.org\/?author=8"}]}},"_links":{"self":[{"href":"https:\/\/www.socialismoobarbarie.org\/index.php?rest_route=\/wp\/v2\/posts\/11169","targetHints":{"allow":["GET"]}}],"collection":[{"href":"https:\/\/www.socialismoobarbarie.org\/index.php?rest_route=\/wp\/v2\/posts"}],"about":[{"href":"https:\/\/www.socialismoobarbarie.org\/index.php?rest_route=\/wp\/v2\/types\/post"}],"author":[{"embeddable":true,"href":"https:\/\/www.socialismoobarbarie.org\/index.php?rest_route=\/wp\/v2\/users\/8"}],"replies":[{"embeddable":true,"href":"https:\/\/www.socialismoobarbarie.org\/index.php?rest_route=%2Fwp%2Fv2%2Fcomments&post=11169"}],"version-history":[{"count":1,"href":"https:\/\/www.socialismoobarbarie.org\/index.php?rest_route=\/wp\/v2\/posts\/11169\/revisions"}],"predecessor-version":[{"id":11171,"href":"https:\/\/www.socialismoobarbarie.org\/index.php?rest_route=\/wp\/v2\/posts\/11169\/revisions\/11171"}],"wp:featuredmedia":[{"embeddable":true,"href":"https:\/\/www.socialismoobarbarie.org\/index.php?rest_route=\/wp\/v2\/media\/11170"}],"wp:attachment":[{"href":"https:\/\/www.socialismoobarbarie.org\/index.php?rest_route=%2Fwp%2Fv2%2Fmedia&parent=11169"}],"wp:term":[{"taxonomy":"category","embeddable":true,"href":"https:\/\/www.socialismoobarbarie.org\/index.php?rest_route=%2Fwp%2Fv2%2Fcategories&post=11169"},{"taxonomy":"post_tag","embeddable":true,"href":"https:\/\/www.socialismoobarbarie.org\/index.php?rest_route=%2Fwp%2Fv2%2Ftags&post=11169"}],"curies":[{"name":"wp","href":"https:\/\/api.w.org\/{rel}","templated":true}]}}