{"id":11300,"date":"2018-06-07T20:19:53","date_gmt":"2018-06-07T23:19:53","guid":{"rendered":"https:\/\/www.socialismoobarbarie.org\/?p=11300"},"modified":"2018-07-12T19:23:20","modified_gmt":"2018-07-12T22:23:20","slug":"colombia-despues-de-la-primera-vuelta-entre-el-giro-a-la-derecha-extrema-y-la-afirmacion-centroizquierdista","status":"publish","type":"post","link":"https:\/\/www.socialismoobarbarie.org\/?p=11300","title":{"rendered":"Colombia despu\u00e9s de la primera vuelta \u2013 Entre el giro a la derecha extrema y la afirmaci\u00f3n centroizquierdista"},"content":{"rendered":"<p>Colombia despu\u00e9s de la primera vuelta \u2013 Entre el giro a la derecha extrema y la afirmaci\u00f3n centroizquierdista<\/p>\n<p><strong><em>por John C. (Bogot\u00e1)<\/em><\/strong><\/p>\n<p>Los datos esenciales, luego de la primera ronda a presidente de Colombia, podr\u00edamos resumirlos de la siguiente manera: Iv\u00e1n Duque, de la derecha Uribista, fue el gran triunfador de la jornada con m\u00e1s de 7,5 millones de votos, el 39.14%, triunf\u00f3 en el mayor n\u00famero de departamentos y en la zona central del pa\u00eds, destac\u00e1ndose en el eje cafetero (fort\u00edn del Uribismo).<\/p>\n<p>Gustavo Petro, con el segundo lugar, obtuvo los mejores comicios hist\u00f3ricos de la izquierda y conforma una tercera fuerza diferente a las elites tradicionales. Triunf\u00f3 en 9 departamentos, casi todos en las costas, con 4,85 millones de votos aproximadamente, un 25,08%.<\/p>\n<p>Sergio Fajardo, alcanz\u00f3 los 4,58 millones aprox., con el 23.73% en Bogot\u00e1, el mayor fort\u00edn electoral del pa\u00eds. Su partido, Compromiso Ciudadano, y su alianza electoral con los Verdes y el Polo Democr\u00e1tico, como tercera fuerza electoral, pasan a ser de gran importancia para las pretensiones del Petrismo.<\/p>\n<p>En cuarto lugar, Germ\u00e1n Vargas Lleras, con 1,4 millones de votos, fue el gran derrotado. \u00c9l era el candidato de la \u201cmaquinaria\u201d (1) y del partido liberal. Es parte de las familias de pol\u00edticos tradicionales de Bogot\u00e1 (su abuelo fue presidente).<\/p>\n<p>Los votos de este \u00faltimo, por las caracter\u00edsticas de su base social, son f\u00e1cilmente endosables a Iv\u00e1n Duque. Lo contrario sucede con los votos de Fajardo en un posible endose a Petro; era aqu\u00e9l una propuesta de \u201ccentro\u201d, pero un centro bien derechizado, sus bases sociales no son del todo coincidentes con las del Petrismo.<\/p>\n<p>En quinto lugar, est\u00e1n los aproximadamente 400 mil votos en blanco (en sus dos opciones en la papeleta electoral) y la misma cifra para De La Calle, principal negociador de los acuerdos de paz con la guerrilla de las FARC (las simpat\u00edas de un sector amplio de colombianos con este acuerdo no se reflejan directamente en su pobre votaci\u00f3n).<strong>\u00a0<\/strong><\/p>\n<p>Agreguemos, que las denuncias de posible fraude fueron desestimadas al final del conteo de la registradur\u00eda y que la cantidad de votantes fue de m\u00e1s de 19 millones, un 53.36%.<\/p>\n<p>El ejercicio de sumar y restar de una campa\u00f1a para con las otras y hacer futurolog\u00eda, de c\u00f3mo ser\u00eda la segunda y definitiva ronda electoral a presidente, no es el objetivo principal de estas l\u00edneas.<\/p>\n<p>Dig\u00e1moslo claramente:\u00a0<strong>el candidato de Uribe es el que m\u00e1s probablemente se alzar\u00e1 en el cargo del Ejecutivo<\/strong>. La votaci\u00f3n de esta fuerza, que cuenta con apoyo de la clase media retr\u00f3grada, las castas del campo, figuras de la clase pol\u00edtica religiosa y conservadora, las nuevas iglesias cristianas y parte de la tradicional cat\u00f3lica, el empresariado tradicional y, tristemente, sectores pobres y de algunos trabajadores, ha mostrado ser consecuente a la hora de votar. Podr\u00edamos asegurar que sus votos, sum\u00e1ndole las huestes de Vargas Lleras, crecer\u00e1n m\u00e1s. El Petrismo es m\u00e1s incierto a la hora de aumentar sus huestes, ya lo se\u00f1alamos arriba; de la campa\u00f1a de Fajardo recibir\u00e1 s\u00f3lo un porcentaje del total.<\/p>\n<p>Lo que es m\u00e1s importante al d\u00eda de hoy es inventariar cu\u00e1les son los hechos nuevos en Colombia y c\u00f3mo act\u00faan sobre la realidad. Los factores m\u00e1s importantes que se entrecruzan en la coyuntura son el acuerdo de paz y el proceso electoral. Del primero nombremos que tiene impulsores y detractores y que unos y otros tienen su trayectoria hist\u00f3rica en el pa\u00eds.<\/p>\n<p>Al d\u00eda de hoy estas dos fuerzas se enfrentan no s\u00f3lo en la superestructura y lucha de aparatos, tambi\u00e9n lo hacen en la base de la sociedad. Estos dos factores y su combinaci\u00f3n, aunque no son nuevos, tienen un elemento de calidad: es que la guerrilla m\u00e1s antigua del mundo (centralmente las FARC) hizo entrega de las armas y est\u00e1 haciendo su experiencia en la vida civil y pol\u00edtica de la democracia burguesa.<\/p>\n<p>Esto cambia mucho de lo establecido hasta el momento. Y aunque este cambio no se desarrolle principalmente por el canal que deb\u00eda expresarse, unas FARC protagonistas de primera l\u00ednea de las transformaciones que acontecen, s\u00ed lo hacen en el protagonismo de Petro<sub>2<\/sub>\u00a0y su campa\u00f1a electoral.<\/p>\n<p>Por tanto, el fen\u00f3meno \u201cPetro presidente\u201d, como consigna, expresa una nueva situaci\u00f3n nacional, que deformadamente patentiza el \u201cbajonazo\u201d de los partidos tradicionales:\u00a0<strong>sectores amplios de la poblaci\u00f3n que quieren acabar con d\u00e9cadas de violencia pol\u00edtica, nuevas generaciones en busca de cambio ante la inocultable inequidad e injusticias sociales, la avanzada de minor\u00edas de todo tipo<\/strong>.<\/p>\n<p>Hasta aqu\u00ed otra aclaraci\u00f3n, el Petrismo, aunque canalizador de estos factores, es\u00a0<strong>incapaz<\/strong>\u00a0de dar buen fin a todas estas expectativas: su programa, su organismo partidario o movimiento, su extracci\u00f3n de clase y su historial de conducta ante lo establecido, as\u00ed lo demuestran.<\/p>\n<p>El uribismo procesa de manera contraria al petrismo la coyuntura de negociaciones de paz y la carrera electoral. Capitalizan por extrema derecha la crisis de partidos tradicionales. Pero defienden el status-quo de grandes terratenientes y ganaderos; supuestamente las injusticias las sufrir\u00edan \u201clos poderosos y avivatos\u201d, la violencia la ejercer\u00edan \u201clos pobres y rebeldes contra las instituciones establecidas\u201d; los reclamos ser\u00edan aceptables, siempre y cuando \u201cno violen los principios morales y obedezcan las leyes\u201d\u2026 En este marco cabe su \u201cpaz\u201d, de rendici\u00f3n y c\u00e1rcel a los subversivos (guerrilleros).<\/p>\n<p>Si el petrismo es incapaz de dar salida a estas expectativas, y si Iv\u00e1n Duque se opone a las mismas, los pr\u00f3ximos 4 a\u00f1os (independientemente de qui\u00e9n salga elegido) presentan, sin embargo,\u00a0<strong>grandes oportunidades de lucha<\/strong>\u00a0para avanzar en la b\u00fasqueda de conquistas de los trabajadores, para acabar con una represi\u00f3n que ha dejado muertos de los hijos de trabajadores y campesinos en la confrontaci\u00f3n armada, persistir en la lucha de conquistas para las minor\u00edas que han venido haciendo su aparici\u00f3n en el escenario nacional.<\/p>\n<p>Respecto a los trabajadores, en esta coyuntura la realidad tangible es que como clase o movimiento ha estado\u00a0<strong>desaparecida desde hace muchos a\u00f1os<\/strong>: la clase obrera no es protagonista del acontecer nacional m\u00e1s que segmentadamente y de manera epis\u00f3dica. Electoralmente sucede lo mismo: no cuentan con organismos fuertes y pol\u00edticamente no se expresa en un partido y programa que aglutine amplios sectores. Por tanto, los trabajadores y la clase como tal pasan a ser simples \u201cciudadanos\u201d que ejercen su actividad pol\u00edtica dentro de los partidos del r\u00e9gimen.<\/p>\n<p>El balance electoral del pasado 26 de Mayo deja dos posibilidades, m\u00e1s all\u00e1 de que gane Petro o Duque el pr\u00f3ximo 17 de junio (alternativa que, evidentemente, no es igual desde el punto de vista pol\u00edtico).<\/p>\n<p>Por un lado, prepararse para ser una oposici\u00f3n de clase viendo los cambios en la situaci\u00f3n nacional, emergiendo de ella mejores posibilidades para la construcci\u00f3n de alternativas reales de cambio que favorezcan a las inmensas mayor\u00edas y los trabajadores. Es necesario emprender ese camino de discusi\u00f3n, organizaci\u00f3n, y construcci\u00f3n de alternativas socialistas, revolucionarias e internacionalistas,\u00a0 que enfrenten a\u00a0 enemigos de estas mayor\u00edas, la burgues\u00eda nativa e internacional y a quienes posando de\u00a0 izquierdistas o progresistas hacen el juego a los poderosos para administrar sus negocios de manera m\u00e1s \u201chumana\u201d.<\/p>\n<p>Desde el punto de vista electoral, la opci\u00f3n es el voto nulo o blanco.<\/p>\n<ol>\n<li>Se refiere a quienes controlan mediante la distribuci\u00f3n de beneficios la organizaci\u00f3n de masas de un partido dentro de una localidad o regi\u00f3n.<\/li>\n<\/ol>\n<ol start=\"2\">\n<li>Petro, en esta posible nueva situaci\u00f3n nacional no es ni mucho menos el conductor de la misma o su hacedor. \u00c9l simplemente juega un protagonismo circunstancial, es una ficha colocada por una realidad compleja, y su actuar lo confirma. En pro de un protagonista consciente de la realidad, el marxismo crea el partido como una necesidad de la conciencia colectiva, pero \u00e9sta a\u00fan no es la conciencia plena de esta realidad, es en el conjunto del proletariado y en su salto de clase en s\u00ed a clase para s\u00ed donde se asciende un escal\u00f3n m\u00e1s de esta conciencia colectiva.<\/li>\n<\/ol>\n","protected":false},"excerpt":{"rendered":"<p>Colombia despu\u00e9s de la primera vuelta \u2013 Entre el giro a la derecha extrema y la afirmaci\u00f3n centroizquierdista por John C. (Bogot\u00e1) Los datos esenciales, luego de la primera ronda a presidente de Colombia, podr\u00edamos resumirlos de la siguiente manera: Iv\u00e1n Duque, de la derecha Uribista, fue el gran triunfador de la jornada con m\u00e1s [&hellip;]<\/p>\n","protected":false},"author":8,"featured_media":11301,"comment_status":"closed","ping_status":"closed","sticky":false,"template":"","format":"standard","meta":{"footnotes":""},"categories":[122],"tags":[1661,1788],"class_list":{"0":"post-11300","1":"post","2":"type-post","3":"status-publish","4":"format-standard","5":"has-post-thumbnail","7":"category-america-latina-y-el-caribe","8":"tag-colombia","9":"tag-edicion-122"},"yoast_head":"<!-- This site is optimized with the Yoast SEO plugin v27.5 - https:\/\/yoast.com\/product\/yoast-seo-wordpress\/ -->\n<title>Colombia despu\u00e9s de la primera vuelta \u2013 Entre el giro a la derecha extrema y la afirmaci\u00f3n centroizquierdista - Socialismo o Barbarie<\/title>\n<meta name=\"robots\" content=\"index, follow, max-snippet:-1, max-image-preview:large, max-video-preview:-1\" \/>\n<link rel=\"canonical\" href=\"https:\/\/www.socialismoobarbarie.org\/?p=11300\" \/>\n<meta property=\"og:locale\" content=\"es_ES\" \/>\n<meta property=\"og:type\" content=\"article\" \/>\n<meta property=\"og:title\" content=\"Colombia despu\u00e9s de la primera vuelta \u2013 Entre el giro a la derecha extrema y la afirmaci\u00f3n centroizquierdista - Socialismo o Barbarie\" \/>\n<meta property=\"og:description\" content=\"Colombia despu\u00e9s de la primera vuelta \u2013 Entre el giro a la derecha extrema y la afirmaci\u00f3n centroizquierdista por John C. (Bogot\u00e1) Los datos esenciales, luego de la primera ronda a presidente de Colombia, podr\u00edamos resumirlos de la siguiente manera: Iv\u00e1n Duque, de la derecha Uribista, fue el gran triunfador de la jornada con m\u00e1s [&hellip;]\" \/>\n<meta property=\"og:url\" content=\"https:\/\/www.socialismoobarbarie.org\/?p=11300\" \/>\n<meta property=\"og:site_name\" content=\"Socialismo o Barbarie\" \/>\n<meta property=\"article:published_time\" content=\"2018-06-07T23:19:53+00:00\" \/>\n<meta property=\"article:modified_time\" content=\"2018-07-12T22:23:20+00:00\" \/>\n<meta property=\"og:image\" content=\"https:\/\/www.socialismoobarbarie.org\/wp-content\/uploads\/2018\/06\/elecciones_colombia.jpg_1718483347.jpg\" \/>\n\t<meta property=\"og:image:width\" content=\"600\" \/>\n\t<meta property=\"og:image:height\" content=\"338\" \/>\n\t<meta property=\"og:image:type\" content=\"image\/jpeg\" \/>\n<meta name=\"author\" content=\"SOB\" \/>\n<meta name=\"twitter:card\" content=\"summary_large_image\" \/>\n<meta name=\"twitter:label1\" content=\"Escrito por\" \/>\n\t<meta name=\"twitter:data1\" content=\"SOB\" \/>\n\t<meta name=\"twitter:label2\" content=\"Tiempo de lectura\" \/>\n\t<meta name=\"twitter:data2\" content=\"7 minutos\" \/>\n<script type=\"application\/ld+json\" class=\"yoast-schema-graph\">{\"@context\":\"https:\\\/\\\/schema.org\",\"@graph\":[{\"@type\":\"Article\",\"@id\":\"https:\\\/\\\/www.socialismoobarbarie.org\\\/?p=11300#article\",\"isPartOf\":{\"@id\":\"https:\\\/\\\/www.socialismoobarbarie.org\\\/?p=11300\"},\"author\":{\"name\":\"SOB\",\"@id\":\"https:\\\/\\\/www.socialismoobarbarie.org\\\/#\\\/schema\\\/person\\\/bc1c3b321d47ed092405949c77e35a8e\"},\"headline\":\"Colombia despu\u00e9s de la primera vuelta \u2013 Entre el giro a la derecha extrema y la afirmaci\u00f3n centroizquierdista\",\"datePublished\":\"2018-06-07T23:19:53+00:00\",\"dateModified\":\"2018-07-12T22:23:20+00:00\",\"mainEntityOfPage\":{\"@id\":\"https:\\\/\\\/www.socialismoobarbarie.org\\\/?p=11300\"},\"wordCount\":1419,\"publisher\":{\"@id\":\"https:\\\/\\\/www.socialismoobarbarie.org\\\/#organization\"},\"image\":{\"@id\":\"https:\\\/\\\/www.socialismoobarbarie.org\\\/?p=11300#primaryimage\"},\"thumbnailUrl\":\"https:\\\/\\\/www.socialismoobarbarie.org\\\/wp-content\\\/uploads\\\/2018\\\/06\\\/elecciones_colombia.jpg_1718483347.jpg\",\"keywords\":[\"Colombia\",\"Edicion 122\"],\"articleSection\":[\"Am\u00e9rica Latina\"],\"inLanguage\":\"es\"},{\"@type\":\"WebPage\",\"@id\":\"https:\\\/\\\/www.socialismoobarbarie.org\\\/?p=11300\",\"url\":\"https:\\\/\\\/www.socialismoobarbarie.org\\\/?p=11300\",\"name\":\"Colombia despu\u00e9s de la primera vuelta \u2013 Entre el giro a la derecha extrema y la afirmaci\u00f3n centroizquierdista - Socialismo o Barbarie\",\"isPartOf\":{\"@id\":\"https:\\\/\\\/www.socialismoobarbarie.org\\\/#website\"},\"primaryImageOfPage\":{\"@id\":\"https:\\\/\\\/www.socialismoobarbarie.org\\\/?p=11300#primaryimage\"},\"image\":{\"@id\":\"https:\\\/\\\/www.socialismoobarbarie.org\\\/?p=11300#primaryimage\"},\"thumbnailUrl\":\"https:\\\/\\\/www.socialismoobarbarie.org\\\/wp-content\\\/uploads\\\/2018\\\/06\\\/elecciones_colombia.jpg_1718483347.jpg\",\"datePublished\":\"2018-06-07T23:19:53+00:00\",\"dateModified\":\"2018-07-12T22:23:20+00:00\",\"breadcrumb\":{\"@id\":\"https:\\\/\\\/www.socialismoobarbarie.org\\\/?p=11300#breadcrumb\"},\"inLanguage\":\"es\",\"potentialAction\":[{\"@type\":\"ReadAction\",\"target\":[\"https:\\\/\\\/www.socialismoobarbarie.org\\\/?p=11300\"]}]},{\"@type\":\"ImageObject\",\"inLanguage\":\"es\",\"@id\":\"https:\\\/\\\/www.socialismoobarbarie.org\\\/?p=11300#primaryimage\",\"url\":\"https:\\\/\\\/www.socialismoobarbarie.org\\\/wp-content\\\/uploads\\\/2018\\\/06\\\/elecciones_colombia.jpg_1718483347.jpg\",\"contentUrl\":\"https:\\\/\\\/www.socialismoobarbarie.org\\\/wp-content\\\/uploads\\\/2018\\\/06\\\/elecciones_colombia.jpg_1718483347.jpg\",\"width\":600,\"height\":338},{\"@type\":\"BreadcrumbList\",\"@id\":\"https:\\\/\\\/www.socialismoobarbarie.org\\\/?p=11300#breadcrumb\",\"itemListElement\":[{\"@type\":\"ListItem\",\"position\":1,\"name\":\"Portada\",\"item\":\"https:\\\/\\\/www.socialismoobarbarie.org\\\/\"},{\"@type\":\"ListItem\",\"position\":2,\"name\":\"Colombia despu\u00e9s de la primera vuelta \u2013 Entre el giro a la derecha extrema y la afirmaci\u00f3n centroizquierdista\"}]},{\"@type\":\"WebSite\",\"@id\":\"https:\\\/\\\/www.socialismoobarbarie.org\\\/#website\",\"url\":\"https:\\\/\\\/www.socialismoobarbarie.org\\\/\",\"name\":\"Socialismo o Barbarie\",\"description\":\"Sitio web de la corriente internacional Socialismo o Barbarie\",\"publisher\":{\"@id\":\"https:\\\/\\\/www.socialismoobarbarie.org\\\/#organization\"},\"potentialAction\":[{\"@type\":\"SearchAction\",\"target\":{\"@type\":\"EntryPoint\",\"urlTemplate\":\"https:\\\/\\\/www.socialismoobarbarie.org\\\/?s={search_term_string}\"},\"query-input\":{\"@type\":\"PropertyValueSpecification\",\"valueRequired\":true,\"valueName\":\"search_term_string\"}}],\"inLanguage\":\"es\"},{\"@type\":\"Organization\",\"@id\":\"https:\\\/\\\/www.socialismoobarbarie.org\\\/#organization\",\"name\":\"Socialismo o Barbarie\",\"url\":\"https:\\\/\\\/www.socialismoobarbarie.org\\\/\",\"logo\":{\"@type\":\"ImageObject\",\"inLanguage\":\"es\",\"@id\":\"https:\\\/\\\/www.socialismoobarbarie.org\\\/#\\\/schema\\\/logo\\\/image\\\/\",\"url\":\"https:\\\/\\\/www.socialismoobarbarie.org\\\/wp-content\\\/uploads\\\/2025\\\/02\\\/soblogoweb-2025.png\",\"contentUrl\":\"https:\\\/\\\/www.socialismoobarbarie.org\\\/wp-content\\\/uploads\\\/2025\\\/02\\\/soblogoweb-2025.png\",\"width\":450,\"height\":161,\"caption\":\"Socialismo o Barbarie\"},\"image\":{\"@id\":\"https:\\\/\\\/www.socialismoobarbarie.org\\\/#\\\/schema\\\/logo\\\/image\\\/\"}},{\"@type\":\"Person\",\"@id\":\"https:\\\/\\\/www.socialismoobarbarie.org\\\/#\\\/schema\\\/person\\\/bc1c3b321d47ed092405949c77e35a8e\",\"name\":\"SOB\",\"url\":\"https:\\\/\\\/www.socialismoobarbarie.org\\\/?author=8\"}]}<\/script>\n<!-- \/ Yoast SEO plugin. -->","yoast_head_json":{"title":"Colombia despu\u00e9s de la primera vuelta \u2013 Entre el giro a la derecha extrema y la afirmaci\u00f3n centroizquierdista - Socialismo o Barbarie","robots":{"index":"index","follow":"follow","max-snippet":"max-snippet:-1","max-image-preview":"max-image-preview:large","max-video-preview":"max-video-preview:-1"},"canonical":"https:\/\/www.socialismoobarbarie.org\/?p=11300","og_locale":"es_ES","og_type":"article","og_title":"Colombia despu\u00e9s de la primera vuelta \u2013 Entre el giro a la derecha extrema y la afirmaci\u00f3n centroizquierdista - Socialismo o Barbarie","og_description":"Colombia despu\u00e9s de la primera vuelta \u2013 Entre el giro a la derecha extrema y la afirmaci\u00f3n centroizquierdista por John C. (Bogot\u00e1) Los datos esenciales, luego de la primera ronda a presidente de Colombia, podr\u00edamos resumirlos de la siguiente manera: Iv\u00e1n Duque, de la derecha Uribista, fue el gran triunfador de la jornada con m\u00e1s [&hellip;]","og_url":"https:\/\/www.socialismoobarbarie.org\/?p=11300","og_site_name":"Socialismo o Barbarie","article_published_time":"2018-06-07T23:19:53+00:00","article_modified_time":"2018-07-12T22:23:20+00:00","og_image":[{"width":600,"height":338,"url":"https:\/\/www.socialismoobarbarie.org\/wp-content\/uploads\/2018\/06\/elecciones_colombia.jpg_1718483347.jpg","type":"image\/jpeg"}],"author":"SOB","twitter_card":"summary_large_image","twitter_misc":{"Escrito por":"SOB","Tiempo de lectura":"7 minutos"},"schema":{"@context":"https:\/\/schema.org","@graph":[{"@type":"Article","@id":"https:\/\/www.socialismoobarbarie.org\/?p=11300#article","isPartOf":{"@id":"https:\/\/www.socialismoobarbarie.org\/?p=11300"},"author":{"name":"SOB","@id":"https:\/\/www.socialismoobarbarie.org\/#\/schema\/person\/bc1c3b321d47ed092405949c77e35a8e"},"headline":"Colombia despu\u00e9s de la primera vuelta \u2013 Entre el giro a la derecha extrema y la afirmaci\u00f3n centroizquierdista","datePublished":"2018-06-07T23:19:53+00:00","dateModified":"2018-07-12T22:23:20+00:00","mainEntityOfPage":{"@id":"https:\/\/www.socialismoobarbarie.org\/?p=11300"},"wordCount":1419,"publisher":{"@id":"https:\/\/www.socialismoobarbarie.org\/#organization"},"image":{"@id":"https:\/\/www.socialismoobarbarie.org\/?p=11300#primaryimage"},"thumbnailUrl":"https:\/\/www.socialismoobarbarie.org\/wp-content\/uploads\/2018\/06\/elecciones_colombia.jpg_1718483347.jpg","keywords":["Colombia","Edicion 122"],"articleSection":["Am\u00e9rica Latina"],"inLanguage":"es"},{"@type":"WebPage","@id":"https:\/\/www.socialismoobarbarie.org\/?p=11300","url":"https:\/\/www.socialismoobarbarie.org\/?p=11300","name":"Colombia despu\u00e9s de la primera vuelta \u2013 Entre el giro a la derecha extrema y la afirmaci\u00f3n centroizquierdista - Socialismo o Barbarie","isPartOf":{"@id":"https:\/\/www.socialismoobarbarie.org\/#website"},"primaryImageOfPage":{"@id":"https:\/\/www.socialismoobarbarie.org\/?p=11300#primaryimage"},"image":{"@id":"https:\/\/www.socialismoobarbarie.org\/?p=11300#primaryimage"},"thumbnailUrl":"https:\/\/www.socialismoobarbarie.org\/wp-content\/uploads\/2018\/06\/elecciones_colombia.jpg_1718483347.jpg","datePublished":"2018-06-07T23:19:53+00:00","dateModified":"2018-07-12T22:23:20+00:00","breadcrumb":{"@id":"https:\/\/www.socialismoobarbarie.org\/?p=11300#breadcrumb"},"inLanguage":"es","potentialAction":[{"@type":"ReadAction","target":["https:\/\/www.socialismoobarbarie.org\/?p=11300"]}]},{"@type":"ImageObject","inLanguage":"es","@id":"https:\/\/www.socialismoobarbarie.org\/?p=11300#primaryimage","url":"https:\/\/www.socialismoobarbarie.org\/wp-content\/uploads\/2018\/06\/elecciones_colombia.jpg_1718483347.jpg","contentUrl":"https:\/\/www.socialismoobarbarie.org\/wp-content\/uploads\/2018\/06\/elecciones_colombia.jpg_1718483347.jpg","width":600,"height":338},{"@type":"BreadcrumbList","@id":"https:\/\/www.socialismoobarbarie.org\/?p=11300#breadcrumb","itemListElement":[{"@type":"ListItem","position":1,"name":"Portada","item":"https:\/\/www.socialismoobarbarie.org\/"},{"@type":"ListItem","position":2,"name":"Colombia despu\u00e9s de la primera vuelta \u2013 Entre el giro a la derecha extrema y la afirmaci\u00f3n centroizquierdista"}]},{"@type":"WebSite","@id":"https:\/\/www.socialismoobarbarie.org\/#website","url":"https:\/\/www.socialismoobarbarie.org\/","name":"Socialismo o Barbarie","description":"Sitio web de la corriente internacional Socialismo o Barbarie","publisher":{"@id":"https:\/\/www.socialismoobarbarie.org\/#organization"},"potentialAction":[{"@type":"SearchAction","target":{"@type":"EntryPoint","urlTemplate":"https:\/\/www.socialismoobarbarie.org\/?s={search_term_string}"},"query-input":{"@type":"PropertyValueSpecification","valueRequired":true,"valueName":"search_term_string"}}],"inLanguage":"es"},{"@type":"Organization","@id":"https:\/\/www.socialismoobarbarie.org\/#organization","name":"Socialismo o Barbarie","url":"https:\/\/www.socialismoobarbarie.org\/","logo":{"@type":"ImageObject","inLanguage":"es","@id":"https:\/\/www.socialismoobarbarie.org\/#\/schema\/logo\/image\/","url":"https:\/\/www.socialismoobarbarie.org\/wp-content\/uploads\/2025\/02\/soblogoweb-2025.png","contentUrl":"https:\/\/www.socialismoobarbarie.org\/wp-content\/uploads\/2025\/02\/soblogoweb-2025.png","width":450,"height":161,"caption":"Socialismo o Barbarie"},"image":{"@id":"https:\/\/www.socialismoobarbarie.org\/#\/schema\/logo\/image\/"}},{"@type":"Person","@id":"https:\/\/www.socialismoobarbarie.org\/#\/schema\/person\/bc1c3b321d47ed092405949c77e35a8e","name":"SOB","url":"https:\/\/www.socialismoobarbarie.org\/?author=8"}]}},"_links":{"self":[{"href":"https:\/\/www.socialismoobarbarie.org\/index.php?rest_route=\/wp\/v2\/posts\/11300","targetHints":{"allow":["GET"]}}],"collection":[{"href":"https:\/\/www.socialismoobarbarie.org\/index.php?rest_route=\/wp\/v2\/posts"}],"about":[{"href":"https:\/\/www.socialismoobarbarie.org\/index.php?rest_route=\/wp\/v2\/types\/post"}],"author":[{"embeddable":true,"href":"https:\/\/www.socialismoobarbarie.org\/index.php?rest_route=\/wp\/v2\/users\/8"}],"replies":[{"embeddable":true,"href":"https:\/\/www.socialismoobarbarie.org\/index.php?rest_route=%2Fwp%2Fv2%2Fcomments&post=11300"}],"version-history":[{"count":1,"href":"https:\/\/www.socialismoobarbarie.org\/index.php?rest_route=\/wp\/v2\/posts\/11300\/revisions"}],"predecessor-version":[{"id":11302,"href":"https:\/\/www.socialismoobarbarie.org\/index.php?rest_route=\/wp\/v2\/posts\/11300\/revisions\/11302"}],"wp:featuredmedia":[{"embeddable":true,"href":"https:\/\/www.socialismoobarbarie.org\/index.php?rest_route=\/wp\/v2\/media\/11301"}],"wp:attachment":[{"href":"https:\/\/www.socialismoobarbarie.org\/index.php?rest_route=%2Fwp%2Fv2%2Fmedia&parent=11300"}],"wp:term":[{"taxonomy":"category","embeddable":true,"href":"https:\/\/www.socialismoobarbarie.org\/index.php?rest_route=%2Fwp%2Fv2%2Fcategories&post=11300"},{"taxonomy":"post_tag","embeddable":true,"href":"https:\/\/www.socialismoobarbarie.org\/index.php?rest_route=%2Fwp%2Fv2%2Ftags&post=11300"}],"curies":[{"name":"wp","href":"https:\/\/api.w.org\/{rel}","templated":true}]}}