{"id":11303,"date":"2018-06-07T20:27:55","date_gmt":"2018-06-07T23:27:55","guid":{"rendered":"https:\/\/www.socialismoobarbarie.org\/?p=11303"},"modified":"2019-11-20T10:39:07","modified_gmt":"2019-11-20T13:39:07","slug":"italia-que-hacer-frente-al-nuevo-gobierno-xenofobo-y-racista","status":"publish","type":"post","link":"https:\/\/www.socialismoobarbarie.org\/?p=11303","title":{"rendered":"Italia &#8211; Qu\u00e9 hacer frente al nuevo gobierno xen\u00f3fobo y racista"},"content":{"rendered":"<p><strong>Italia<\/strong><\/p>\n<p><strong>Qu\u00e9 hacer frente al nuevo gobierno xen\u00f3fobo y racista<\/strong><\/p>\n<p><strong>Los trabajadores no tienen nada que ganar con esta \u201cnueva\u201d pandilla<\/strong><\/p>\n<p><strong>Por Claudio Testa<\/strong><\/p>\n<p>La semana pasada, nuestro art\u00edculo sobre la crisis pol\u00edtica en Italia [<sup>1<\/sup>], finalizaba informando <strong>c\u00f3mo no se hab\u00eda logrado formar un gobierno <\/strong>desde las elecciones de marzo de este a\u00f1o\u2026 pero al poco tiempo, volvieron a la carga y lo lograron. Es \u00fatil explicar c\u00f3mo y por qu\u00e9 sucedi\u00f3 esto.<\/p>\n<p>El presidente Sergio Mattarella hab\u00eda <strong>vetado<\/strong> al candidato a ministro de Econom\u00eda \u2013Paolo Savona\u2013 propuesto por la alianza de la Lega (ex Lega Nord), encabezada por Matteo Salvini, y del Movimento 5 Stelle, liderado por Luigi di Maio.<\/p>\n<p>La raz\u00f3n del veto del presidente Mattarella consist\u00eda en que Paolo Savona era <strong>extremadamente cr\u00edtico del euro <\/strong>\u2013del que propon\u00eda desligarse\u2013 y tambi\u00e9n <strong>de la misma Uni\u00f3n Europea<\/strong> y, en especial, <strong>de Alemania<\/strong>, que de hecho la comanda.<\/p>\n<p>Al fracasar en la formaci\u00f3n de gobierno luego de tantos meses, se anunci\u00f3 que el presidente Mattarella descartaba volver a intentarlo con la Lega y el 5 Stelle. Se <strong>llamar\u00eda entonces a nuevas elecciones<\/strong> programadas para antes de fin de a\u00f1o. Mientras tanto se formar\u00eda un \u201cgobierno t\u00e9cnico\u201d, encabezado por un funcionario del FMI. Se trataba de Carlo Cottarelli, m\u00e1s conocido como \u201cMr. Tijeras\u201d, que ya hab\u00eda participado anteriormente en la aplicaci\u00f3n de planes de \u201crecortes\u201d y \u201cajustes\u201d que llevaron a un amplio sector de trabajadores al desempleo y la miseria.<\/p>\n<p>El presidente Mattarella supon\u00eda que tanto Salvini y su Lega, como di Maio y el 5 Stelle hab\u00edan quedado \u201cincinerados\u201d pol\u00edticamente por los meses perdidos en negociaciones, tretas y volteretas, algunas tragic\u00f3micas\u2026 y que en esas nuevas elecciones recuperar\u00edan terreno los partidos y los pol\u00edticos \u201cserios\u201d, como los del Partito Democratico y otros similares\u2026<\/p>\n<p>Pero las encuestas que inmediatamente se hicieron sobre las nuevas elecciones, dieron <strong>resultados muy diferentes<\/strong> de los que supon\u00edan Mattarella\u2026 y tambi\u00e9n la \u201cprensa seria\u201d de Italia. El veto presidencial no hizo m\u00e1s que enfurecer a los cada vez m\u00e1s amplios sectores que detestan a la Uni\u00f3n Europea y\/o al euro, y tambi\u00e9n a sus \u201cpatrones\u201d de Berl\u00edn que dictan los libretos de la UE y la Eurozona.<\/p>\n<p>Efectivamente, las encuestas pronosticaban un <strong>aumento importante<\/strong> de votantes irritados, <strong>a favor de la Lega y el M 5 Stelle<\/strong>.<\/p>\n<p>Esto determin\u00f3 casi inmediatamente <strong>dos volteretas <\/strong>dignas de<strong> acr\u00f3batas de circo<\/strong>. Primero, la del presidente Mattarella, que olvid\u00f3 su dura excomuni\u00f3n al d\u00fao Salvini\u2013di Maio (y tambi\u00e9n su propia convocatoria a nuevas elecciones). La segunda voltereta fue la de ese d\u00fao, que se avinieron a un acuerdo por el cual no tocar\u00edan ni un pelo al sometimiento a la Uni\u00f3n Europea y en especial no intentar\u00edan salir de la Eurozona.<\/p>\n<p>Como garant\u00eda de esto \u00faltimo, el nuevo ministro de Econom\u00eda no es el eur\u00f3fobo Paolo Savona, que d\u00edas antes hab\u00eda hecho explotar todo, sino un devoto <strong>siervo de Berl\u00edn-Bruselas<\/strong> y por supuesto <strong>neoliberal garantizado<\/strong>. Se trata de Giovanni Tria, profesor universitario en Roma.<\/p>\n<p>Pero en las negociaciones por debajo de la mesa, no lograron deshacerse totalmente del \u201cantieuropeo\u201d Paolo Savona. Entonces Savona fue nombrado\u2026 <strong>ministro de Asuntos Europeos<\/strong>\u2026 \u00a1y todos contentos!<\/p>\n<p><strong>\u00a1Ninguna ilusi\u00f3n en el nuevo gobierno! \u00a1Son una pandilla de servidores de las burgues\u00edas de Italia y Europa, que ahora apelan al racismo para dividir y neutralizar a la clase trabajadora!<\/strong><\/p>\n<p>Las campa\u00f1as demag\u00f3gicas tanto de la Lega como de su actual socio el M 5 Stelle han aprovechado el justificado descontento de los trabajadores y los sectores populares con una situaci\u00f3n social que ha ido empeorando d\u00eda a d\u00eda y desde hace muchos a\u00f1os.<\/p>\n<p>Los partidos tradicionales, de derecha e \u201cizquierda\u201d, bajo el paraguas de la Uni\u00f3n Europea (de los explotadores), se fueron sucediendo en el poder, para ir recortando una conquista tras otra. El nivel de vida de las amplias masas trabajadoras y populares fue cayendo. Y la mayor\u00eda de la juventud, aunque haga los mayores esfuerzos de estudio y trabajo, hoy enfrenta un infierno de precarizaci\u00f3n del empleo y de un porvenir a\u00fan m\u00e1s sombr\u00edo e incierto, incluso para las minor\u00edas que tienen acceso a la universidad.<\/p>\n<p>Las corrientes pol\u00edticas tradicionales en las que confiaban la mayor\u00eda de los trabajadores (como el Partido Comunista y otras) los traicionaron, recicl\u00e1ndose en engendros como el Partito Democratico, que cuando gobernaron, arrasaron con conquistas hist\u00f3ricas, e impusieron una precarizaci\u00f3n total del empleo y salarios a la baja, sobre todo para las nuevas generaciones.<\/p>\n<p>Por su parte, los sindicatos burocr\u00e1ticos, como la CGIL (Confederazione Generale Italiana del Lavoro) han sido c\u00f3mplices en impedir que la clase trabajadora diese una respuesta combativa y de conjunto a esta ofensiva.<\/p>\n<p>Ante la migraci\u00f3n de poblaciones de \u00c1frica y Medio Oriente, permitieron, sin mover un dedo, que la burgues\u00eda los utilizase para ponerlos a competir con los trabajadores italianos. \u00a1Aunque muchos de estos bur\u00f3cratas se dec\u00edan \u201csocialistas\u201d y \u201ccomunistas\u201d, se \u201colvidaron\u201d que en 1864 Marx funda la I Internacional, entre otro motivos, para hacer frente a esa maniobra de los explotadores, que ya funcionaba en Gran Breta\u00f1a y otros pa\u00edses!<\/p>\n<p>La crisis de las masas trabajadoras y populares con sus viejos partidos (que en buena parte se dec\u00edan de \u201cizquierda\u201d, y todos reivindicaban a la Uni\u00f3n Europea), hizo que esta crisis pol\u00edtica se decantara hacia la derecha. \u00a1En eso, Italia no es un fen\u00f3meno \u00fanico ni excepcional! En mayor o menor medida, tambi\u00e9n sucede en otros pa\u00edses de Europa.<\/p>\n<p><strong>\u00a1Enfrentar la campa\u00f1a racista de deportaciones!<\/strong><\/p>\n<p>Esto pone a la (verdadera) izquierda italiana, a los luchadores obreros y juveniles, ante un desaf\u00edo de enorme magnitud y consecuencias. Y lo mismo implica para todo el activismo europeo.<\/p>\n<p>La coalici\u00f3n Lega\u20135 Stelle que ha llegado al gobierno, se aprovecha de esta situaci\u00f3n para desviar el justo descontento de los trabajadores italianos. \u00a1En vez de hacerlos apuntar contra sus explotadores y los pol\u00edticos a su servicio, pone en la mira a sus hermanos de clase de otros pa\u00edses y continentes!<\/p>\n<p>Este gobierno ha lanzado la campa\u00f1a de deportar a unos 500.000 inmigrantes. \u00a1\u00a1Son en su gran mayor\u00eda refugiados de las guerras y la miseria auspiciadas por los imperialismos, entre ellos los de la Uni\u00f3n Europea!!<\/p>\n<p>\u00a1Esto no s\u00f3lo es una atrocidad inhumana! \u00a1Al mismo tiempo es un negocio en el que s\u00f3lo sectores de la burgues\u00eda se van a beneficiar! \u00a1Quieren ilusionar a los trabajadores italianos que con esta barbarie van a lograr m\u00e1s y mejores empleos! \u00a1Pero eso no ha sucedido jam\u00e1s cuando se han tomado medidas por el estilo! \u00a1Es una operaci\u00f3n pol\u00edtica que, al mismo tiempo, si se la apoya, implica un suicidio como clase trabajadora! Los pone en guerra fratricida contra sus hermanos de clase\u2026 \u00a1y eso en un mundo cada vez m\u00e1s globalizado!<\/p>\n<p>Y esto no s\u00f3lo ata\u00f1e a los trabajadores en cuanto tal. Tambi\u00e9n es imprescindible dirigirse y unir a este combate a <strong>todos los movimientos progresivos<\/strong> que se han desarrollado en los \u00faltimos tiempos, por ejemplo, el de mujeres. En Italia, el \u201cNon una di meno\u201d (\u201cNi una menos\u201d) ha realizado importantes movilizaciones\u2026 \u00a1Y no se puede, en verdad separar la violencia que sufren las mujeres, de otras violencias y opresiones, como las que sufren los migrantes obligados a dejar su suelo natal!<\/p>\n<p>Para poder movilizar un amplio espectro, deberemos explicar a los m\u00e1s amplios sectores una simple verdad:<\/p>\n<p>\u00a1Los \u00fanicos que saldr\u00e1n ganando de todo esto, ser\u00e1n los explotadores y opresores de todos los colores! \u00a1Para ellos no hay mejor negocio que los seres humanos a los que oprimen y explotan \u2013sean blancos, negros, amarillos, italianos, turcos o libios, hombres o mujeres\u2013 se dividan y se enfrenten entre s\u00ed! \u00a1Cuanto m\u00e1s enfrentados est\u00e9n, m\u00e1s f\u00e1cil ser\u00e1 dominarlos y\/o explotarlos a todos!<\/p>\n<p>1.- \u201cItalia en la c\u00e1rcel de la Uni\u00f3n Europea &#8211; Se redobla la crisis pol\u00edtica\u201d, <em>Socialismo o Barbarie<\/em> N\u00b0 471, 31\/05\/2018.<\/p>\n","protected":false},"excerpt":{"rendered":"<p>Italia Qu\u00e9 hacer frente al nuevo gobierno xen\u00f3fobo y racista Los trabajadores no tienen nada que ganar con esta \u201cnueva\u201d pandilla Por Claudio Testa La semana pasada, nuestro art\u00edculo sobre la crisis pol\u00edtica en Italia [1], finalizaba informando c\u00f3mo no se hab\u00eda logrado formar un gobierno desde las elecciones de marzo de este a\u00f1o\u2026 pero [&hellip;]<\/p>\n","protected":false},"author":8,"featured_media":11304,"comment_status":"closed","ping_status":"closed","sticky":false,"template":"","format":"standard","meta":{"footnotes":""},"categories":[1690],"tags":[165,1788,1535],"class_list":{"0":"post-11303","1":"post","2":"type-post","3":"status-publish","4":"format-standard","5":"has-post-thumbnail","7":"category-europa","8":"tag-claudio-testa","9":"tag-edicion-122","10":"tag-italia"},"yoast_head":"<!-- This site is optimized with the Yoast SEO plugin v28.2 - https:\/\/yoast.com\/product\/yoast-seo-wordpress\/ -->\n<title>Italia - Qu\u00e9 hacer frente al nuevo gobierno xen\u00f3fobo y racista - Socialismo o Barbarie<\/title>\n<meta name=\"robots\" content=\"index, follow, max-snippet:-1, max-image-preview:large, max-video-preview:-1\" \/>\n<link rel=\"canonical\" href=\"https:\/\/www.socialismoobarbarie.org\/?p=11303\" \/>\n<meta property=\"og:locale\" content=\"es_ES\" \/>\n<meta property=\"og:type\" content=\"article\" \/>\n<meta property=\"og:title\" content=\"Italia - Qu\u00e9 hacer frente al nuevo gobierno xen\u00f3fobo y racista - Socialismo o Barbarie\" \/>\n<meta property=\"og:description\" content=\"Italia Qu\u00e9 hacer frente al nuevo gobierno xen\u00f3fobo y racista Los trabajadores no tienen nada que ganar con esta \u201cnueva\u201d pandilla Por Claudio Testa La semana pasada, nuestro art\u00edculo sobre la crisis pol\u00edtica en Italia [1], finalizaba informando c\u00f3mo no se hab\u00eda logrado formar un gobierno desde las elecciones de marzo de este a\u00f1o\u2026 pero [&hellip;]\" \/>\n<meta property=\"og:url\" content=\"https:\/\/www.socialismoobarbarie.org\/?p=11303\" \/>\n<meta property=\"og:site_name\" content=\"Socialismo o Barbarie\" \/>\n<meta property=\"article:published_time\" content=\"2018-06-07T23:27:55+00:00\" \/>\n<meta property=\"article:modified_time\" content=\"2019-11-20T13:39:07+00:00\" \/>\n<meta property=\"og:image\" content=\"https:\/\/www.socialismoobarbarie.org\/wp-content\/uploads\/2018\/06\/giuseppe-conte-addresses-jo180527201938-1527445286095-e1528414061751.jpg\" \/>\n\t<meta property=\"og:image:width\" content=\"700\" \/>\n\t<meta property=\"og:image:height\" content=\"393\" \/>\n\t<meta property=\"og:image:type\" content=\"image\/jpeg\" \/>\n<meta name=\"author\" content=\"SOB\" \/>\n<meta name=\"twitter:card\" content=\"summary_large_image\" \/>\n<meta name=\"twitter:label1\" content=\"Escrito por\" \/>\n\t<meta name=\"twitter:data1\" content=\"SOB\" \/>\n\t<meta name=\"twitter:label2\" content=\"Tiempo de lectura\" \/>\n\t<meta name=\"twitter:data2\" content=\"7 minutos\" \/>\n<script type=\"application\/ld+json\" class=\"yoast-schema-graph\">{\"@context\":\"https:\\\/\\\/schema.org\",\"@graph\":[{\"@type\":\"Article\",\"@id\":\"https:\\\/\\\/www.socialismoobarbarie.org\\\/?p=11303#article\",\"isPartOf\":{\"@id\":\"https:\\\/\\\/www.socialismoobarbarie.org\\\/?p=11303\"},\"author\":{\"name\":\"SOB\",\"@id\":\"https:\\\/\\\/www.socialismoobarbarie.org\\\/#\\\/schema\\\/person\\\/bc1c3b321d47ed092405949c77e35a8e\"},\"headline\":\"Italia &#8211; Qu\u00e9 hacer frente al nuevo gobierno xen\u00f3fobo y racista\",\"datePublished\":\"2018-06-07T23:27:55+00:00\",\"dateModified\":\"2019-11-20T13:39:07+00:00\",\"mainEntityOfPage\":{\"@id\":\"https:\\\/\\\/www.socialismoobarbarie.org\\\/?p=11303\"},\"wordCount\":1414,\"publisher\":{\"@id\":\"https:\\\/\\\/www.socialismoobarbarie.org\\\/#organization\"},\"image\":{\"@id\":\"https:\\\/\\\/www.socialismoobarbarie.org\\\/?p=11303#primaryimage\"},\"thumbnailUrl\":\"https:\\\/\\\/www.socialismoobarbarie.org\\\/wp-content\\\/uploads\\\/2018\\\/06\\\/giuseppe-conte-addresses-jo180527201938-1527445286095-e1528414061751.jpg\",\"keywords\":[\"Claudio Testa\",\"Edicion 122\",\"Italia\"],\"articleSection\":[\"Europa\"],\"inLanguage\":\"es\"},{\"@type\":\"WebPage\",\"@id\":\"https:\\\/\\\/www.socialismoobarbarie.org\\\/?p=11303\",\"url\":\"https:\\\/\\\/www.socialismoobarbarie.org\\\/?p=11303\",\"name\":\"Italia - Qu\u00e9 hacer frente al nuevo gobierno xen\u00f3fobo y racista - Socialismo o Barbarie\",\"isPartOf\":{\"@id\":\"https:\\\/\\\/www.socialismoobarbarie.org\\\/#website\"},\"primaryImageOfPage\":{\"@id\":\"https:\\\/\\\/www.socialismoobarbarie.org\\\/?p=11303#primaryimage\"},\"image\":{\"@id\":\"https:\\\/\\\/www.socialismoobarbarie.org\\\/?p=11303#primaryimage\"},\"thumbnailUrl\":\"https:\\\/\\\/www.socialismoobarbarie.org\\\/wp-content\\\/uploads\\\/2018\\\/06\\\/giuseppe-conte-addresses-jo180527201938-1527445286095-e1528414061751.jpg\",\"datePublished\":\"2018-06-07T23:27:55+00:00\",\"dateModified\":\"2019-11-20T13:39:07+00:00\",\"breadcrumb\":{\"@id\":\"https:\\\/\\\/www.socialismoobarbarie.org\\\/?p=11303#breadcrumb\"},\"inLanguage\":\"es\",\"potentialAction\":[{\"@type\":\"ReadAction\",\"target\":[\"https:\\\/\\\/www.socialismoobarbarie.org\\\/?p=11303\"]}]},{\"@type\":\"ImageObject\",\"inLanguage\":\"es\",\"@id\":\"https:\\\/\\\/www.socialismoobarbarie.org\\\/?p=11303#primaryimage\",\"url\":\"https:\\\/\\\/www.socialismoobarbarie.org\\\/wp-content\\\/uploads\\\/2018\\\/06\\\/giuseppe-conte-addresses-jo180527201938-1527445286095-e1528414061751.jpg\",\"contentUrl\":\"https:\\\/\\\/www.socialismoobarbarie.org\\\/wp-content\\\/uploads\\\/2018\\\/06\\\/giuseppe-conte-addresses-jo180527201938-1527445286095-e1528414061751.jpg\",\"width\":700,\"height\":393,\"caption\":\"Italy s Prime minister candidate Giuseppe Conte addresses journalists after a meeting with Italy s President Sergio Mattarella on May 27 2018 at the Quirinale presidential palace in Rome Italy s prime ministerial candidate Giuseppe Conte gave up on Sunday his mandate to form a government after talks with the president over his cabinet collapsed AFP PHOTO Vincenzo PINTO\"},{\"@type\":\"BreadcrumbList\",\"@id\":\"https:\\\/\\\/www.socialismoobarbarie.org\\\/?p=11303#breadcrumb\",\"itemListElement\":[{\"@type\":\"ListItem\",\"position\":1,\"name\":\"Portada\",\"item\":\"https:\\\/\\\/www.socialismoobarbarie.org\\\/\"},{\"@type\":\"ListItem\",\"position\":2,\"name\":\"Italia &#8211; Qu\u00e9 hacer frente al nuevo gobierno xen\u00f3fobo y racista\"}]},{\"@type\":\"WebSite\",\"@id\":\"https:\\\/\\\/www.socialismoobarbarie.org\\\/#website\",\"url\":\"https:\\\/\\\/www.socialismoobarbarie.org\\\/\",\"name\":\"Socialismo o Barbarie\",\"description\":\"Sitio web de la corriente internacional Socialismo o Barbarie\",\"publisher\":{\"@id\":\"https:\\\/\\\/www.socialismoobarbarie.org\\\/#organization\"},\"potentialAction\":[{\"@type\":\"SearchAction\",\"target\":{\"@type\":\"EntryPoint\",\"urlTemplate\":\"https:\\\/\\\/www.socialismoobarbarie.org\\\/?s={search_term_string}\"},\"query-input\":{\"@type\":\"PropertyValueSpecification\",\"valueRequired\":true,\"valueName\":\"search_term_string\"}}],\"inLanguage\":\"es\"},{\"@type\":\"Organization\",\"@id\":\"https:\\\/\\\/www.socialismoobarbarie.org\\\/#organization\",\"name\":\"Socialismo o Barbarie\",\"url\":\"https:\\\/\\\/www.socialismoobarbarie.org\\\/\",\"logo\":{\"@type\":\"ImageObject\",\"inLanguage\":\"es\",\"@id\":\"https:\\\/\\\/www.socialismoobarbarie.org\\\/#\\\/schema\\\/logo\\\/image\\\/\",\"url\":\"https:\\\/\\\/www.socialismoobarbarie.org\\\/wp-content\\\/uploads\\\/2025\\\/02\\\/soblogoweb-2025.png\",\"contentUrl\":\"https:\\\/\\\/www.socialismoobarbarie.org\\\/wp-content\\\/uploads\\\/2025\\\/02\\\/soblogoweb-2025.png\",\"width\":450,\"height\":161,\"caption\":\"Socialismo o Barbarie\"},\"image\":{\"@id\":\"https:\\\/\\\/www.socialismoobarbarie.org\\\/#\\\/schema\\\/logo\\\/image\\\/\"}},{\"@type\":\"Person\",\"@id\":\"https:\\\/\\\/www.socialismoobarbarie.org\\\/#\\\/schema\\\/person\\\/bc1c3b321d47ed092405949c77e35a8e\",\"name\":\"SOB\",\"url\":\"https:\\\/\\\/www.socialismoobarbarie.org\\\/?author=8\"}]}<\/script>\n<!-- \/ Yoast SEO plugin. -->","yoast_head_json":{"title":"Italia - Qu\u00e9 hacer frente al nuevo gobierno xen\u00f3fobo y racista - Socialismo o Barbarie","robots":{"index":"index","follow":"follow","max-snippet":"max-snippet:-1","max-image-preview":"max-image-preview:large","max-video-preview":"max-video-preview:-1"},"canonical":"https:\/\/www.socialismoobarbarie.org\/?p=11303","og_locale":"es_ES","og_type":"article","og_title":"Italia - Qu\u00e9 hacer frente al nuevo gobierno xen\u00f3fobo y racista - Socialismo o Barbarie","og_description":"Italia Qu\u00e9 hacer frente al nuevo gobierno xen\u00f3fobo y racista Los trabajadores no tienen nada que ganar con esta \u201cnueva\u201d pandilla Por Claudio Testa La semana pasada, nuestro art\u00edculo sobre la crisis pol\u00edtica en Italia [1], finalizaba informando c\u00f3mo no se hab\u00eda logrado formar un gobierno desde las elecciones de marzo de este a\u00f1o\u2026 pero [&hellip;]","og_url":"https:\/\/www.socialismoobarbarie.org\/?p=11303","og_site_name":"Socialismo o Barbarie","article_published_time":"2018-06-07T23:27:55+00:00","article_modified_time":"2019-11-20T13:39:07+00:00","og_image":[{"width":700,"height":393,"url":"https:\/\/www.socialismoobarbarie.org\/wp-content\/uploads\/2018\/06\/giuseppe-conte-addresses-jo180527201938-1527445286095-e1528414061751.jpg","type":"image\/jpeg"}],"author":"SOB","twitter_card":"summary_large_image","twitter_misc":{"Escrito por":"SOB","Tiempo de lectura":"7 minutos"},"schema":{"@context":"https:\/\/schema.org","@graph":[{"@type":"Article","@id":"https:\/\/www.socialismoobarbarie.org\/?p=11303#article","isPartOf":{"@id":"https:\/\/www.socialismoobarbarie.org\/?p=11303"},"author":{"name":"SOB","@id":"https:\/\/www.socialismoobarbarie.org\/#\/schema\/person\/bc1c3b321d47ed092405949c77e35a8e"},"headline":"Italia &#8211; Qu\u00e9 hacer frente al nuevo gobierno xen\u00f3fobo y racista","datePublished":"2018-06-07T23:27:55+00:00","dateModified":"2019-11-20T13:39:07+00:00","mainEntityOfPage":{"@id":"https:\/\/www.socialismoobarbarie.org\/?p=11303"},"wordCount":1414,"publisher":{"@id":"https:\/\/www.socialismoobarbarie.org\/#organization"},"image":{"@id":"https:\/\/www.socialismoobarbarie.org\/?p=11303#primaryimage"},"thumbnailUrl":"https:\/\/www.socialismoobarbarie.org\/wp-content\/uploads\/2018\/06\/giuseppe-conte-addresses-jo180527201938-1527445286095-e1528414061751.jpg","keywords":["Claudio Testa","Edicion 122","Italia"],"articleSection":["Europa"],"inLanguage":"es"},{"@type":"WebPage","@id":"https:\/\/www.socialismoobarbarie.org\/?p=11303","url":"https:\/\/www.socialismoobarbarie.org\/?p=11303","name":"Italia - Qu\u00e9 hacer frente al nuevo gobierno xen\u00f3fobo y racista - Socialismo o Barbarie","isPartOf":{"@id":"https:\/\/www.socialismoobarbarie.org\/#website"},"primaryImageOfPage":{"@id":"https:\/\/www.socialismoobarbarie.org\/?p=11303#primaryimage"},"image":{"@id":"https:\/\/www.socialismoobarbarie.org\/?p=11303#primaryimage"},"thumbnailUrl":"https:\/\/www.socialismoobarbarie.org\/wp-content\/uploads\/2018\/06\/giuseppe-conte-addresses-jo180527201938-1527445286095-e1528414061751.jpg","datePublished":"2018-06-07T23:27:55+00:00","dateModified":"2019-11-20T13:39:07+00:00","breadcrumb":{"@id":"https:\/\/www.socialismoobarbarie.org\/?p=11303#breadcrumb"},"inLanguage":"es","potentialAction":[{"@type":"ReadAction","target":["https:\/\/www.socialismoobarbarie.org\/?p=11303"]}]},{"@type":"ImageObject","inLanguage":"es","@id":"https:\/\/www.socialismoobarbarie.org\/?p=11303#primaryimage","url":"https:\/\/www.socialismoobarbarie.org\/wp-content\/uploads\/2018\/06\/giuseppe-conte-addresses-jo180527201938-1527445286095-e1528414061751.jpg","contentUrl":"https:\/\/www.socialismoobarbarie.org\/wp-content\/uploads\/2018\/06\/giuseppe-conte-addresses-jo180527201938-1527445286095-e1528414061751.jpg","width":700,"height":393,"caption":"Italy s Prime minister candidate Giuseppe Conte addresses journalists after a meeting with Italy s President Sergio Mattarella on May 27 2018 at the Quirinale presidential palace in Rome Italy s prime ministerial candidate Giuseppe Conte gave up on Sunday his mandate to form a government after talks with the president over his cabinet collapsed AFP PHOTO Vincenzo PINTO"},{"@type":"BreadcrumbList","@id":"https:\/\/www.socialismoobarbarie.org\/?p=11303#breadcrumb","itemListElement":[{"@type":"ListItem","position":1,"name":"Portada","item":"https:\/\/www.socialismoobarbarie.org\/"},{"@type":"ListItem","position":2,"name":"Italia &#8211; Qu\u00e9 hacer frente al nuevo gobierno xen\u00f3fobo y racista"}]},{"@type":"WebSite","@id":"https:\/\/www.socialismoobarbarie.org\/#website","url":"https:\/\/www.socialismoobarbarie.org\/","name":"Socialismo o Barbarie","description":"Sitio web de la corriente internacional Socialismo o Barbarie","publisher":{"@id":"https:\/\/www.socialismoobarbarie.org\/#organization"},"potentialAction":[{"@type":"SearchAction","target":{"@type":"EntryPoint","urlTemplate":"https:\/\/www.socialismoobarbarie.org\/?s={search_term_string}"},"query-input":{"@type":"PropertyValueSpecification","valueRequired":true,"valueName":"search_term_string"}}],"inLanguage":"es"},{"@type":"Organization","@id":"https:\/\/www.socialismoobarbarie.org\/#organization","name":"Socialismo o Barbarie","url":"https:\/\/www.socialismoobarbarie.org\/","logo":{"@type":"ImageObject","inLanguage":"es","@id":"https:\/\/www.socialismoobarbarie.org\/#\/schema\/logo\/image\/","url":"https:\/\/www.socialismoobarbarie.org\/wp-content\/uploads\/2025\/02\/soblogoweb-2025.png","contentUrl":"https:\/\/www.socialismoobarbarie.org\/wp-content\/uploads\/2025\/02\/soblogoweb-2025.png","width":450,"height":161,"caption":"Socialismo o Barbarie"},"image":{"@id":"https:\/\/www.socialismoobarbarie.org\/#\/schema\/logo\/image\/"}},{"@type":"Person","@id":"https:\/\/www.socialismoobarbarie.org\/#\/schema\/person\/bc1c3b321d47ed092405949c77e35a8e","name":"SOB","url":"https:\/\/www.socialismoobarbarie.org\/?author=8"}]}},"_links":{"self":[{"href":"https:\/\/www.socialismoobarbarie.org\/index.php?rest_route=\/wp\/v2\/posts\/11303","targetHints":{"allow":["GET"]}}],"collection":[{"href":"https:\/\/www.socialismoobarbarie.org\/index.php?rest_route=\/wp\/v2\/posts"}],"about":[{"href":"https:\/\/www.socialismoobarbarie.org\/index.php?rest_route=\/wp\/v2\/types\/post"}],"author":[{"embeddable":true,"href":"https:\/\/www.socialismoobarbarie.org\/index.php?rest_route=\/wp\/v2\/users\/8"}],"replies":[{"embeddable":true,"href":"https:\/\/www.socialismoobarbarie.org\/index.php?rest_route=%2Fwp%2Fv2%2Fcomments&post=11303"}],"version-history":[{"count":1,"href":"https:\/\/www.socialismoobarbarie.org\/index.php?rest_route=\/wp\/v2\/posts\/11303\/revisions"}],"predecessor-version":[{"id":11305,"href":"https:\/\/www.socialismoobarbarie.org\/index.php?rest_route=\/wp\/v2\/posts\/11303\/revisions\/11305"}],"wp:featuredmedia":[{"embeddable":true,"href":"https:\/\/www.socialismoobarbarie.org\/index.php?rest_route=\/wp\/v2\/media\/11304"}],"wp:attachment":[{"href":"https:\/\/www.socialismoobarbarie.org\/index.php?rest_route=%2Fwp%2Fv2%2Fmedia&parent=11303"}],"wp:term":[{"taxonomy":"category","embeddable":true,"href":"https:\/\/www.socialismoobarbarie.org\/index.php?rest_route=%2Fwp%2Fv2%2Fcategories&post=11303"},{"taxonomy":"post_tag","embeddable":true,"href":"https:\/\/www.socialismoobarbarie.org\/index.php?rest_route=%2Fwp%2Fv2%2Ftags&post=11303"}],"curies":[{"name":"wp","href":"https:\/\/api.w.org\/{rel}","templated":true}]}}