{"id":11322,"date":"2018-06-16T12:48:57","date_gmt":"2018-06-16T15:48:57","guid":{"rendered":"https:\/\/www.socialismoobarbarie.org\/?p=11322"},"modified":"2019-11-19T23:06:27","modified_gmt":"2019-11-20T02:06:27","slug":"argentina-media-sancion-en-la-camara-de-diputados-por-el-aborto-legal-una-jornada-historica","status":"publish","type":"post","link":"https:\/\/www.socialismoobarbarie.org\/?p=11322","title":{"rendered":"Argentina &#8211; Media sanci\u00f3n en la C\u00e1mara de Diputados por el aborto legal: Una jornada hist\u00f3rica"},"content":{"rendered":"<p>Media sanci\u00f3n en la C\u00e1mara de Diputados por el aborto legal<\/p>\n<h2><strong>Una jornada hist\u00f3rica<\/strong><\/h2>\n<p>Roberto S\u00e1enz<\/p>\n<p><strong><em>\u201cEl gobierno de Mauricio Macri sigui\u00f3 con atenci\u00f3n la sesi\u00f3n en el Congreso; aunque mantuvo su neutralidad: el bloque de Cambiemos qued\u00f3 virtualmente divididos en dos a lo largo del debate\u201d<\/em><\/strong> (La Naci\u00f3n, 14\/06\/18)<\/p>\n<p>Cuando cerramos esta edici\u00f3n estamos viviendo un d\u00eda hist\u00f3rico en nuestro pa\u00eds. En horas de la ma\u00f1ana la C\u00e1mara de Diputados le dio media sanci\u00f3n al proyecto de ley de aborto legal y dej\u00f3 mucho m\u00e1s cerca que nunca antes en la historia argentina la conquista de este derecho de las mujeres.<\/p>\n<p>Lo que ocurri\u00f3 en diputados fue, en realidad, la expresi\u00f3n de un proceso que se sustanci\u00f3 mayormente <strong>fuera<\/strong> del Congreso: la emergencia desde hace varios a\u00f1os de un enorme movimiento de mujeres, el desarrollo de un debate sobre el aborto legal que lleg\u00f3 a abarcar pr\u00e1cticamente a todas las capas de la sociedad; un debate en el cual, claramente, <strong>una mayor\u00eda social se pronunci\u00f3 por este derecho.\u00a0 <\/strong><\/p>\n<p>En el medio hubo algunos hechos determinantes. En primer lugar, la \u201cjugada\u201d de Macri de dejar correr la apertura del debate parlamentario, lo que le dio una resonancia nacional. El macrismo se top\u00f3 de frente con el hecho que, en la vida pol\u00edtica, en la lucha de clases, <strong>ninguna cuesti\u00f3n es \u201cneutra\u201d<\/strong>. No se trata de un mero debate \u201ctransversal\u201d, ni de que \u201cno importa que posici\u00f3n se tenga, el tema es debatir\u201d\u2026<\/p>\n<p>Una vez que una cuesti\u00f3n candente se pone sobre la mesa, <strong>son las fuerzas sociales las que tallan<\/strong> (las que le dan el contenido). Y si bien no siempre esas fuerzas son estrictamente de clase \u2013est\u00e1 claro que hay sectores burgueses que est\u00e1n a favor del derecho al aborto-, cuando un debate pol\u00edtico decanta, hay que tomar posici\u00f3n.<\/p>\n<p>El gobierno est\u00e1 mayoritariamente en contra del derecho al aborto y perdi\u00f3; siendo este un factor que en confluencia con la nueva corrida cambiaria ocurrida a estas horas, <strong>termin\u00f3 abri\u00e9ndole una crisis pol\u00edtica de magnitud<\/strong>.<\/p>\n<p>Pero a esto se le debe sumar otro factor. Mientras que una mayor\u00eda social se pronunci\u00f3 por el derecho al aborto; mientras que un sector de masas de las mujeres y, sobre todo, de las mujeres j\u00f3venes y muy j\u00f3venes y de la juventud en general, sali\u00f3 a las calles a ponerle el cuerpo al reclamo; mientras que frente al Congreso se congregaron ayer en la vigilia medio mill\u00f3n de mujeres, j\u00f3venes y militantes de la izquierda por el aborto legal, <strong>el campo \u201cantiabortista\u201d fracas\u00f3 redondamente en su campa\u00f1a. <\/strong><\/p>\n<p>La iglesia qued\u00f3 colocada a la defensiva desde el comienzo de esta historia sin lograr movilizar masivamente. Al parecer el Papa Bergoglio no simpatiz\u00f3 demasiado en jugarse a una cruzada reaccionaria contra el aborto legal condenada al fracaso. Tampoco el gobierno, con Macri a la cabeza, logr\u00f3 articular una orientaci\u00f3n coherente para lo que es su (incoherente) posici\u00f3n: abrir el debate estando en contra del aborto legal\u2026<\/p>\n<p>Conclusi\u00f3n: sometido el Congreso nuevamente (como en las jornadas de diciembre) a la presi\u00f3n de las calles, t\u00e9rmino cediendo en diputados la media sanci\u00f3n al proyecto. Ahora hay que <strong>mantener la guardia en alto<\/strong> para la discusi\u00f3n en el Senado.<\/p>\n<p>Un desenlace que si termina en la sanci\u00f3n de la ley de aborto legal, constituir\u00e1 para el gobierno un <strong>contrasentido,<\/strong> ya que mientras debe intentar hacer girar el pa\u00eds hacia la derecha, hacia un ajuste brutal, hemos quedado m\u00e1s cerca de lograr una conquista hist\u00f3rica de las mujeres que corre el clima general hacia la <strong>izquierda<\/strong> (y que puede ser <strong>un ejemplo de lucha<\/strong> para el resto de los trabajadores).<\/p>\n<p>La confluencia de la votaci\u00f3n de hoy a la ma\u00f1ana, sumada a la nueva corrida contra el peso y a la renuncia de Sturzenegger, han dejado colocada <strong>una crisis pol\u00edtica<\/strong> expresada, incluso, en la incipiente crisis de la propia coalici\u00f3n Cambiemos, con Elisa Carri\u00f3 amenazando p\u00fablicamente con dar el portazo.<\/p>\n<p>Luego de la hist\u00f3rica vigilia protagonizada por el movimiento de mujeres y la juventud, y en la cual Las Rojas y el Nuevo MAS junto a Manuela Casta\u00f1eira y toda nuestra militancia, cumplimos un papel protag\u00f3nico, hemos quedado m\u00e1s cerca de<strong> un triunfo hist\u00f3rico llamado a tener consecuencias sobre la coyuntura en curso<\/strong>. \u00a0<strong>\u00a0<\/strong><\/p>\n<p><strong>Aborto legal <\/strong><\/p>\n<p>Lo primero que queremos se\u00f1alar es la importancia de que se conquiste una reivindicaci\u00f3n as\u00ed. Partiendo del hecho inmenso de que el aborto legal significa que las mujeres puedan decidir sobre su propio cuerpo, sacarse de encima las cadenas patriarcales de una maternidad obligatoria, el impacto va m\u00e1s all\u00e1 y supone <strong>un golpe sobre la familia tradicional<\/strong>.<\/p>\n<p>Es que la forma tradicional de la familia tiene que ver con una serie de pr\u00e1cticas conservadoras, de una consagrada divisi\u00f3n del trabajo en su seno. La mujer hace de madre, el hombre va a trabajar, las relaciones est\u00e1n santificadas por la iglesia y la religi\u00f3n, impera el machismo, etc\u00e9tera; esta estructura social patriarcal es funcional a la explotaci\u00f3n capitalista.<\/p>\n<p>Aunque el movimiento de mujeres no es expl\u00edcitamente anticapitalista, ni lograr una reivindicaci\u00f3n (por m\u00e1s importante que sea) resuelva el problema del patriarcado y la explotaci\u00f3n capitalista, obtener un derecho as\u00ed, de esta magnitud, tendr\u00e1 un impacto enorme sobre una serie de pr\u00e1cticas consagradas, una de cuyas esferas es la opresi\u00f3n de la mujer y la familia tradicional: <strong>colocar un elemento de revolucionamiento de estas relaciones no es algo menor.<\/strong><\/p>\n<p>Hay que recordar que en la Argentina se ha logrado el matrimonio igualitario. Y si ahora se conquista el aborto legal, constituir\u00e1 un golpe en profundidad en las arraigadas relaciones sociales conservadoras m\u00e1s all\u00e1 que, claro est\u00e1, <strong>una conquista siempre abre la v\u00eda a nuevas peleas<\/strong> (como por ejemplo los problemas que subsisten de violencia hacia las mujeres, o el vinculado a la mujer trabajadora).<\/p>\n<p>De cualquier manera, aqu\u00ed nos queremos referir a algo m\u00e1s general. Una cuesti\u00f3n que dijo Manuela Casta\u00f1eira en su cierre de la jornada: la sanci\u00f3n del aborto legal significar\u00eda en cierto modo dejar atr\u00e1s el siglo XIX en materia de relaciones sociales y humanas; comenzar a acceder al siglo XXI entendido esto desde el punto de vista de un progreso en las relaciones de desigualdad entre hombres y mujeres<a href=\"#_ftn1\" name=\"_ftnref1\">[1]<\/a>.<\/p>\n<p>Conquistar al aborto legal no ser\u00e1 solo un logro para la Argentina: <strong>su impacto ser\u00e1<\/strong> <strong>generalizado en toda Latinoam\u00e9rica<\/strong>.<\/p>\n<p>Desde ya que una sanci\u00f3n legal s\u00f3lo facilita una lucha que debe continuar, porque lo que se consagra legalmente tampoco se transforma autom\u00e1ticamente en pr\u00e1cticas sociales m\u00e1s humanas sin<strong> un cambio global del sistema<\/strong>; de ah\u00ed que la pelea del movimiento de mujeres hace parte de una pelea m\u00e1s general, junto a la clase obrera, por acabar con el capitalismo. Y, tambi\u00e9n, el hecho que Las Rojas hagan parte de una totalidad mayor que es el partido; un partido revolucionario cuya estrategia es el poder de la clase obrera: el Nuevo MAS.<\/p>\n<p>En un hermoso texto de Le\u00f3n Trotsky titulado <em>Problemas de la vida cotidiana,<\/em> el gran revolucionario ruso hac\u00eda alusi\u00f3n a como la revoluci\u00f3n, la pol\u00edtica revolucionaria, buscaba transformar no solo el Estado y la sociedad, <strong>sino la vida misma<\/strong>.<\/p>\n<p>Conquistas como el derecho al aborto pueden ser una palanca para <strong>comenzar a cambiar aspectos ancestrales<\/strong>, medievales, en materia de las mujeres y de la familia. Y ese es el valor de una lucha como la que estamos protagonizando. Ese es el golpe que, si se termina aprobando la ley, le propinaremos al gobierno, a las fuerzas pol\u00edticas m\u00e1s reaccionarias como la iglesia; instituciones garantes de la explotaci\u00f3n y opresi\u00f3n de los de abajo.<strong>\u00a0<\/strong><\/p>\n<p><strong>La plaza y el palacio \u00a0\u00a0\u00a0<\/strong><\/p>\n<p>Pero hay otro elemento de estas jornadas que ha dejado <strong>inmensas ense\u00f1anzas<\/strong>: el hecho de que apostando a la lucha en las calles se puedan lograr conquistas.<\/p>\n<p>Aqu\u00ed salta la incoherencia del gobierno, repetimos, que mientras debe operar un giro a la derecha con un ajuste brutal, haya <strong>facilitado<\/strong>, al abrir el debate parlamentario por el aborto legal, <strong>las condiciones para una conquista por la izquierda<\/strong>.<\/p>\n<p>Ocurre que la lucha del movimiento de mujeres, la vigilia multitudinaria frente al Congreso, la acci\u00f3n en las calles, no pueden menos que operar como ejemplos para otros sectores <strong>de que se puede luchar, de que se puede ganar. <\/strong><\/p>\n<p>Desde ya que existe una gran diferencia con el movimiento obrero, porque el movimiento de mujeres es un movimiento <strong>independiente<\/strong>. Es decir: es un movimiento con varias tendencias en su interior (desde reformistas hasta revolucionarias, como Las Rojas), pero, en general, no est\u00e1 dirigido por una burocracia; incluso no posee una direcci\u00f3n cristalizada.<\/p>\n<p>En el movimiento obrero, evidentemente, dado su peso organizativo y estructural estrat\u00e9gico, <strong>las cosas son muy distintas<\/strong>. En la Argentina existe una burocracia sindical consolidada, que si se ha visto repetidamente desbordada como en las jornadas de diciembre, si bien no ha podido impedir que la izquierda venga ganando posiciones en los \u00faltimos a\u00f1os, de todas maneras conserva el monopolio de la representaci\u00f3n de sus batallones principales.<\/p>\n<p>Pero un triunfo como el que acabamos de protagonizar, podr\u00eda <strong>tonificar<\/strong> las luchas de los trabajadores; por ejemplo, facilitando en cierto modo la pelea por hacer <strong>activo<\/strong> el paro general convocado para el pr\u00f3ximo lunes 25.<\/p>\n<p>En este contexto, queremos subrayar una ense\u00f1anza m\u00e1s: la que tiene que ver con las <strong>complejas relaciones entre el Congreso y la movilizaci\u00f3n popular<\/strong>. No hay duda de que la mayor\u00eda ve en el Congreso la \u00fanica forma de expresi\u00f3n de la \u201cdemocracia\u201d. Esta circunstancia es la que da sustento material a las ense\u00f1anzas del bolchevismo, de la izquierda revolucionaria, del grave error que significar\u00eda obviar el Congreso; la necesidad de alcanzar una representaci\u00f3n en \u00e9l como veh\u00edculo necesario para lograr una mayor influencia entre las masas; ense\u00f1anzas que la \u201cmec\u00e1nica\u201d de los \u00faltimos acontecimientos vienen a ratificar<a href=\"#_ftn2\" name=\"_ftnref2\">[2]<\/a>.<\/p>\n<p>Al mismo tiempo, jornadas como las de diciembre pasado o la vigilia las \u00faltimas 24 horas, y m\u00e1s en general los desarrollos en la opini\u00f3n p\u00fablica y en la lucha de clases directa <strong>reafirman<\/strong>, como dec\u00eda Rosa Luxemburgo, que las fuerzas sociales principales est\u00e1n<strong> fuera del Congreso<\/strong>; que son en \u00faltima instancia las mismas las que eventualmente \u201cobligan\u201d al Congreso a ceder conquistas: \u201cLa ilusi\u00f3n sostenida por la burgues\u00eda en su lucha por el poder (y m\u00e1s a\u00fan, por una burgues\u00eda en el poder) de que el parlamento es el eje central de la vida social y la fuerza decisiva de la historia mundial no es s\u00f3lo algo hist\u00f3ricamente [explicable] sino adem\u00e1s, necesario. Es una noci\u00f3n que naturalmente desemboca en un espl\u00e9ndido \u2018cretinismo parlamentario\u2019 que no puede ver m\u00e1s all\u00e1 [del] parloteo de algunos cientos de parlamentarios en una asamblea legislativa, hacia las <strong>gigantescas fuerzas de la historia mundial<\/strong>, fuerzas que est\u00e1n trabajando afuera, <strong>en el seno del desarrollo social<\/strong>, y que no le dan la menor importancia a su creaci\u00f3n legal parlamentaria\u201d (Rosa Luxemburgo citada en \u201cCuestiones de estrategia\u201d<a href=\"#_ftn3\" name=\"_ftnref3\">[3]<\/a>).<\/p>\n<p>Esta mec\u00e1nica es la que se ha escenificado durante las \u00faltimas 24 horas, sin menoscabo que el Congreso puede tanto sentir la presi\u00f3n de la \u201cvoluntad popular\u201d; as\u00ed como cuando hay mayor\u00edas parlamentarias s\u00f3lidas funcionar como una mera <strong>escriban\u00eda<\/strong> del Poder Ejecutivo.<\/p>\n<p>Si en esta oportunidad no ocurri\u00f3 esto es porque el movimiento de mujeres es un movimiento que posee una enorme legitimidad social; un movimiento que, por lo dem\u00e1s, viene en ascenso internacionalmente, elementos todos que confluyeron sum\u00e1ndose a la debilidad parlamentaria de Cambiemos, para forzar -a trav\u00e9s de una y mil mediaciones- la media sanci\u00f3n.<\/p>\n<p>Hay que seguir alertas. La cosa no est\u00e1 cantada en el Senado. No se puede confiar ni por un minuto en lo que pase entre las cuatro puertas del Congreso. Se ver\u00e1 qu\u00e9 medidas tomar si se confirma que el 28 de junio el Senado sesionar\u00eda por el aborto legal. As\u00ed y todo, es un hecho que hemos quedado much\u00edsimo m\u00e1s cerca de la sanci\u00f3n de la ley.<\/p>\n<p>En todo caso, este ida y vuelta entre la \u201cdemocracia representativa\u201d del Congreso y la democracia directa en las calles; el manejo justo de la dial\u00e9ctica entre ambas; el car\u00e1cter siempre estrat\u00e9gico del impulso de la lucha extraparlamentaria sin caer en el infantilismo de desconocer el lugar objetivo que tiene el Congreso en las representaciones pol\u00edticas de las masas, es otra de las ense\u00f1anzas de estas \u00faltimas jornadas.<\/p>\n<p><strong>\u00a1Vamos por un paro general activo el 25! <\/strong><\/p>\n<p>El gobierno ha quedado sumido en una enorme crisis pol\u00edtica, necesita girar rotundamente a la derecha pero el tiro sale por la culata&#8230;<\/p>\n<p>Al mismo tiempo, lo que alimenta la corrida contra el peso es la <strong>desconfianza<\/strong> de los famosos \u201cmercados\u201d en que el gobierno pueda ir hasta el final con el ajuste; el reemplazo de Sturzenegger por Caputo se enmarca en esta contradicci\u00f3n.<\/p>\n<p>En este contexto, <strong>la CGT se ha visto obligada a convocar al paro general<\/strong>. Siguen (como todo el resto del peronismo y los K), detr\u00e1s de la estrategia del \u201chay 2019\u201d. Sin embargo, los tiempos podr\u00edan estar acort\u00e1ndose en la medida que el gobierno no acierte en sostener el rumbo, en que de a ratos parezca quedar en el limbo, tener <strong>un d\u00e9ficit efectivo de gobernabilidad<\/strong>.<\/p>\n<p>Se ver\u00e1 c\u00f3mo siguen las cosas. Pero, en todo caso, desde ahora mismo, hay que largar la pelea en los lugares de trabajo por la realizaci\u00f3n de asambleas; por superar el car\u00e1cter meramente dominguero que los bur\u00f3cratas sindicales quieren darle al paro general; por romper el car\u00e1cter de medida aislada y sin continuidad, logrando el lunes 25 <strong>una jornada de paro general activo<\/strong> que nos deje m\u00e1s cerca de derrotar el ajuste del gobierno y el FMI.<\/p>\n<p>Todas las posibilidades est\u00e1n abiertas. Incluso, si la crisis pol\u00edtica se profundiza, <strong>una salida anticipada de Macri<\/strong>. No se puede esperar al 2019. Hay que salir a las calles a conquistar definitivamente el aborto legal y derrotar el acuerdo con el FMI.<\/p>\n<p>La militancia del Nuevo MAS y Las Rojas, que nuevamente venimos de ser <strong>protagonistas <\/strong>en la vigilia por el aborto legal (como lo fuimos en las jornadas de diciembre pasado), nos vamos a jugar con todo en la perspectiva de una salida desde los trabajadores, las mujeres y la juventud.<\/p>\n<p>Camino a las nuevas jornadas de luchas que se vienen luego del triunfo de hoy, queremos invitar a toda una nueva camada de compa\u00f1eros y compa\u00f1eras que ya se est\u00e1n sumando a nuestras filas en todo el pa\u00eds: <strong>\u00a1vamos por un salto del Nuevo MAS, porque tenemos por delante desaf\u00edos hist\u00f3ricos!<\/strong><\/p>\n<p><a href=\"#_ftnref1\" name=\"_ftn1\">[1]<\/a> Una ense\u00f1anza que aqu\u00ed no podemos desarrollar es como las reformas son siempre el subproducto de luchas revolucionarias; se pueden lograr entonces reformas dentro del sistema que sean progresivas, pero las mismas tienen una doble condici\u00f3n: a) que se desarrolle una fuerte movilizaci\u00f3n social y b), que para sostenerlas y profundizarlas la movilizaci\u00f3n contin\u00fae hasta cambiar el sistema.<\/p>\n<p><a href=\"#_ftnref2\" name=\"_ftn2\">[2]<\/a> Tanto en las jornadas de diciembre como ahora con la vigilia por el aborto legal, se produjo esta <strong>interrelaci\u00f3n<\/strong> entre el Congreso como \u00e1mbito de la representaci\u00f3n pol\u00edtica y el proceso desarrollado fuera del Congreso.<\/p>\n<p><a href=\"#_ftnref3\" name=\"_ftn3\">[3]<\/a> Recomendamos a este respecto leer textos educativos extraordinarios como el <em>El izquierdismo, enfermedad infantil del comunismo<\/em>, de Lenin, o mismo <em>Cuestiones de estrategia<\/em>, de nuestra autor\u00eda, para avanzar en la comprensi\u00f3n de estas relaciones entre el Congreso y la movilizaci\u00f3n extraparlamentaria.<\/p>\n","protected":false},"excerpt":{"rendered":"<p>Media sanci\u00f3n en la C\u00e1mara de Diputados por el aborto legal Una jornada hist\u00f3rica Roberto S\u00e1enz \u201cEl gobierno de Mauricio Macri sigui\u00f3 con atenci\u00f3n la sesi\u00f3n en el Congreso; aunque mantuvo su neutralidad: el bloque de Cambiemos qued\u00f3 virtualmente divididos en dos a lo largo del debate\u201d (La Naci\u00f3n, 14\/06\/18) Cuando cerramos esta edici\u00f3n estamos [&hellip;]<\/p>\n","protected":false},"author":8,"featured_media":11325,"comment_status":"closed","ping_status":"closed","sticky":false,"template":"","format":"standard","meta":{"footnotes":""},"categories":[122,1656,144],"tags":[1792,1339,35],"class_list":{"0":"post-11322","1":"post","2":"type-post","3":"status-publish","4":"format-standard","5":"has-post-thumbnail","7":"category-america-latina-y-el-caribe","8":"category-argentina","9":"category-movimiento-de-mujeres","10":"tag-edicion-123","11":"tag-editorial-sob-argentina","12":"tag-roberto-saenz"},"yoast_head":"<!-- This site is optimized with the Yoast SEO plugin v27.5 - https:\/\/yoast.com\/product\/yoast-seo-wordpress\/ -->\n<title>Argentina - Media sanci\u00f3n en la C\u00e1mara de Diputados por el aborto legal: Una jornada hist\u00f3rica - Socialismo o Barbarie<\/title>\n<meta name=\"robots\" content=\"index, follow, max-snippet:-1, max-image-preview:large, max-video-preview:-1\" \/>\n<link rel=\"canonical\" href=\"https:\/\/www.socialismoobarbarie.org\/?p=11322\" \/>\n<meta property=\"og:locale\" content=\"es_ES\" \/>\n<meta property=\"og:type\" content=\"article\" \/>\n<meta property=\"og:title\" content=\"Argentina - Media sanci\u00f3n en la C\u00e1mara de Diputados por el aborto legal: Una jornada hist\u00f3rica - Socialismo o Barbarie\" \/>\n<meta property=\"og:description\" content=\"Media sanci\u00f3n en la C\u00e1mara de Diputados por el aborto legal Una jornada hist\u00f3rica Roberto S\u00e1enz \u201cEl gobierno de Mauricio Macri sigui\u00f3 con atenci\u00f3n la sesi\u00f3n en el Congreso; aunque mantuvo su neutralidad: el bloque de Cambiemos qued\u00f3 virtualmente divididos en dos a lo largo del debate\u201d (La Naci\u00f3n, 14\/06\/18) Cuando cerramos esta edici\u00f3n estamos [&hellip;]\" \/>\n<meta property=\"og:url\" content=\"https:\/\/www.socialismoobarbarie.org\/?p=11322\" \/>\n<meta property=\"og:site_name\" content=\"Socialismo o Barbarie\" \/>\n<meta property=\"article:published_time\" content=\"2018-06-16T15:48:57+00:00\" \/>\n<meta property=\"article:modified_time\" content=\"2019-11-20T02:06:27+00:00\" \/>\n<meta property=\"og:image\" content=\"https:\/\/www.socialismoobarbarie.org\/wp-content\/uploads\/2018\/06\/35405019_1974209712653895_1327101687093002240_o.jpg\" \/>\n\t<meta property=\"og:image:width\" content=\"1280\" \/>\n\t<meta property=\"og:image:height\" content=\"861\" \/>\n\t<meta property=\"og:image:type\" content=\"image\/jpeg\" \/>\n<meta name=\"author\" content=\"SOB\" \/>\n<meta name=\"twitter:card\" content=\"summary_large_image\" \/>\n<meta name=\"twitter:label1\" content=\"Escrito por\" \/>\n\t<meta name=\"twitter:data1\" content=\"SOB\" \/>\n\t<meta name=\"twitter:label2\" content=\"Tiempo de lectura\" \/>\n\t<meta name=\"twitter:data2\" content=\"13 minutos\" \/>\n<script type=\"application\/ld+json\" class=\"yoast-schema-graph\">{\"@context\":\"https:\\\/\\\/schema.org\",\"@graph\":[{\"@type\":\"Article\",\"@id\":\"https:\\\/\\\/www.socialismoobarbarie.org\\\/?p=11322#article\",\"isPartOf\":{\"@id\":\"https:\\\/\\\/www.socialismoobarbarie.org\\\/?p=11322\"},\"author\":{\"name\":\"SOB\",\"@id\":\"https:\\\/\\\/www.socialismoobarbarie.org\\\/#\\\/schema\\\/person\\\/bc1c3b321d47ed092405949c77e35a8e\"},\"headline\":\"Argentina &#8211; Media sanci\u00f3n en la C\u00e1mara de Diputados por el aborto legal: Una jornada hist\u00f3rica\",\"datePublished\":\"2018-06-16T15:48:57+00:00\",\"dateModified\":\"2019-11-20T02:06:27+00:00\",\"mainEntityOfPage\":{\"@id\":\"https:\\\/\\\/www.socialismoobarbarie.org\\\/?p=11322\"},\"wordCount\":2711,\"publisher\":{\"@id\":\"https:\\\/\\\/www.socialismoobarbarie.org\\\/#organization\"},\"image\":{\"@id\":\"https:\\\/\\\/www.socialismoobarbarie.org\\\/?p=11322#primaryimage\"},\"thumbnailUrl\":\"https:\\\/\\\/www.socialismoobarbarie.org\\\/wp-content\\\/uploads\\\/2018\\\/06\\\/35405019_1974209712653895_1327101687093002240_o.jpg\",\"keywords\":[\"Edicion 123\",\"Editorial SoB Argentina\",\"Roberto S\u00e1enz\"],\"articleSection\":[\"Am\u00e9rica Latina\",\"Argentina\",\"Movimiento de mujeres\"],\"inLanguage\":\"es\"},{\"@type\":\"WebPage\",\"@id\":\"https:\\\/\\\/www.socialismoobarbarie.org\\\/?p=11322\",\"url\":\"https:\\\/\\\/www.socialismoobarbarie.org\\\/?p=11322\",\"name\":\"Argentina - Media sanci\u00f3n en la C\u00e1mara de Diputados por el aborto legal: Una jornada hist\u00f3rica - Socialismo o Barbarie\",\"isPartOf\":{\"@id\":\"https:\\\/\\\/www.socialismoobarbarie.org\\\/#website\"},\"primaryImageOfPage\":{\"@id\":\"https:\\\/\\\/www.socialismoobarbarie.org\\\/?p=11322#primaryimage\"},\"image\":{\"@id\":\"https:\\\/\\\/www.socialismoobarbarie.org\\\/?p=11322#primaryimage\"},\"thumbnailUrl\":\"https:\\\/\\\/www.socialismoobarbarie.org\\\/wp-content\\\/uploads\\\/2018\\\/06\\\/35405019_1974209712653895_1327101687093002240_o.jpg\",\"datePublished\":\"2018-06-16T15:48:57+00:00\",\"dateModified\":\"2019-11-20T02:06:27+00:00\",\"breadcrumb\":{\"@id\":\"https:\\\/\\\/www.socialismoobarbarie.org\\\/?p=11322#breadcrumb\"},\"inLanguage\":\"es\",\"potentialAction\":[{\"@type\":\"ReadAction\",\"target\":[\"https:\\\/\\\/www.socialismoobarbarie.org\\\/?p=11322\"]}]},{\"@type\":\"ImageObject\",\"inLanguage\":\"es\",\"@id\":\"https:\\\/\\\/www.socialismoobarbarie.org\\\/?p=11322#primaryimage\",\"url\":\"https:\\\/\\\/www.socialismoobarbarie.org\\\/wp-content\\\/uploads\\\/2018\\\/06\\\/35405019_1974209712653895_1327101687093002240_o.jpg\",\"contentUrl\":\"https:\\\/\\\/www.socialismoobarbarie.org\\\/wp-content\\\/uploads\\\/2018\\\/06\\\/35405019_1974209712653895_1327101687093002240_o.jpg\",\"width\":1280,\"height\":861},{\"@type\":\"BreadcrumbList\",\"@id\":\"https:\\\/\\\/www.socialismoobarbarie.org\\\/?p=11322#breadcrumb\",\"itemListElement\":[{\"@type\":\"ListItem\",\"position\":1,\"name\":\"Portada\",\"item\":\"https:\\\/\\\/www.socialismoobarbarie.org\\\/\"},{\"@type\":\"ListItem\",\"position\":2,\"name\":\"Argentina &#8211; Media sanci\u00f3n en la C\u00e1mara de Diputados por el aborto legal: Una jornada hist\u00f3rica\"}]},{\"@type\":\"WebSite\",\"@id\":\"https:\\\/\\\/www.socialismoobarbarie.org\\\/#website\",\"url\":\"https:\\\/\\\/www.socialismoobarbarie.org\\\/\",\"name\":\"Socialismo o Barbarie\",\"description\":\"Sitio web de la corriente internacional Socialismo o Barbarie\",\"publisher\":{\"@id\":\"https:\\\/\\\/www.socialismoobarbarie.org\\\/#organization\"},\"potentialAction\":[{\"@type\":\"SearchAction\",\"target\":{\"@type\":\"EntryPoint\",\"urlTemplate\":\"https:\\\/\\\/www.socialismoobarbarie.org\\\/?s={search_term_string}\"},\"query-input\":{\"@type\":\"PropertyValueSpecification\",\"valueRequired\":true,\"valueName\":\"search_term_string\"}}],\"inLanguage\":\"es\"},{\"@type\":\"Organization\",\"@id\":\"https:\\\/\\\/www.socialismoobarbarie.org\\\/#organization\",\"name\":\"Socialismo o Barbarie\",\"url\":\"https:\\\/\\\/www.socialismoobarbarie.org\\\/\",\"logo\":{\"@type\":\"ImageObject\",\"inLanguage\":\"es\",\"@id\":\"https:\\\/\\\/www.socialismoobarbarie.org\\\/#\\\/schema\\\/logo\\\/image\\\/\",\"url\":\"https:\\\/\\\/www.socialismoobarbarie.org\\\/wp-content\\\/uploads\\\/2025\\\/02\\\/soblogoweb-2025.png\",\"contentUrl\":\"https:\\\/\\\/www.socialismoobarbarie.org\\\/wp-content\\\/uploads\\\/2025\\\/02\\\/soblogoweb-2025.png\",\"width\":450,\"height\":161,\"caption\":\"Socialismo o Barbarie\"},\"image\":{\"@id\":\"https:\\\/\\\/www.socialismoobarbarie.org\\\/#\\\/schema\\\/logo\\\/image\\\/\"}},{\"@type\":\"Person\",\"@id\":\"https:\\\/\\\/www.socialismoobarbarie.org\\\/#\\\/schema\\\/person\\\/bc1c3b321d47ed092405949c77e35a8e\",\"name\":\"SOB\",\"url\":\"https:\\\/\\\/www.socialismoobarbarie.org\\\/?author=8\"}]}<\/script>\n<!-- \/ Yoast SEO plugin. -->","yoast_head_json":{"title":"Argentina - Media sanci\u00f3n en la C\u00e1mara de Diputados por el aborto legal: Una jornada hist\u00f3rica - Socialismo o Barbarie","robots":{"index":"index","follow":"follow","max-snippet":"max-snippet:-1","max-image-preview":"max-image-preview:large","max-video-preview":"max-video-preview:-1"},"canonical":"https:\/\/www.socialismoobarbarie.org\/?p=11322","og_locale":"es_ES","og_type":"article","og_title":"Argentina - Media sanci\u00f3n en la C\u00e1mara de Diputados por el aborto legal: Una jornada hist\u00f3rica - Socialismo o Barbarie","og_description":"Media sanci\u00f3n en la C\u00e1mara de Diputados por el aborto legal Una jornada hist\u00f3rica Roberto S\u00e1enz \u201cEl gobierno de Mauricio Macri sigui\u00f3 con atenci\u00f3n la sesi\u00f3n en el Congreso; aunque mantuvo su neutralidad: el bloque de Cambiemos qued\u00f3 virtualmente divididos en dos a lo largo del debate\u201d (La Naci\u00f3n, 14\/06\/18) Cuando cerramos esta edici\u00f3n estamos [&hellip;]","og_url":"https:\/\/www.socialismoobarbarie.org\/?p=11322","og_site_name":"Socialismo o Barbarie","article_published_time":"2018-06-16T15:48:57+00:00","article_modified_time":"2019-11-20T02:06:27+00:00","og_image":[{"width":1280,"height":861,"url":"https:\/\/www.socialismoobarbarie.org\/wp-content\/uploads\/2018\/06\/35405019_1974209712653895_1327101687093002240_o.jpg","type":"image\/jpeg"}],"author":"SOB","twitter_card":"summary_large_image","twitter_misc":{"Escrito por":"SOB","Tiempo de lectura":"13 minutos"},"schema":{"@context":"https:\/\/schema.org","@graph":[{"@type":"Article","@id":"https:\/\/www.socialismoobarbarie.org\/?p=11322#article","isPartOf":{"@id":"https:\/\/www.socialismoobarbarie.org\/?p=11322"},"author":{"name":"SOB","@id":"https:\/\/www.socialismoobarbarie.org\/#\/schema\/person\/bc1c3b321d47ed092405949c77e35a8e"},"headline":"Argentina &#8211; Media sanci\u00f3n en la C\u00e1mara de Diputados por el aborto legal: Una jornada hist\u00f3rica","datePublished":"2018-06-16T15:48:57+00:00","dateModified":"2019-11-20T02:06:27+00:00","mainEntityOfPage":{"@id":"https:\/\/www.socialismoobarbarie.org\/?p=11322"},"wordCount":2711,"publisher":{"@id":"https:\/\/www.socialismoobarbarie.org\/#organization"},"image":{"@id":"https:\/\/www.socialismoobarbarie.org\/?p=11322#primaryimage"},"thumbnailUrl":"https:\/\/www.socialismoobarbarie.org\/wp-content\/uploads\/2018\/06\/35405019_1974209712653895_1327101687093002240_o.jpg","keywords":["Edicion 123","Editorial SoB Argentina","Roberto S\u00e1enz"],"articleSection":["Am\u00e9rica Latina","Argentina","Movimiento de mujeres"],"inLanguage":"es"},{"@type":"WebPage","@id":"https:\/\/www.socialismoobarbarie.org\/?p=11322","url":"https:\/\/www.socialismoobarbarie.org\/?p=11322","name":"Argentina - Media sanci\u00f3n en la C\u00e1mara de Diputados por el aborto legal: Una jornada hist\u00f3rica - Socialismo o Barbarie","isPartOf":{"@id":"https:\/\/www.socialismoobarbarie.org\/#website"},"primaryImageOfPage":{"@id":"https:\/\/www.socialismoobarbarie.org\/?p=11322#primaryimage"},"image":{"@id":"https:\/\/www.socialismoobarbarie.org\/?p=11322#primaryimage"},"thumbnailUrl":"https:\/\/www.socialismoobarbarie.org\/wp-content\/uploads\/2018\/06\/35405019_1974209712653895_1327101687093002240_o.jpg","datePublished":"2018-06-16T15:48:57+00:00","dateModified":"2019-11-20T02:06:27+00:00","breadcrumb":{"@id":"https:\/\/www.socialismoobarbarie.org\/?p=11322#breadcrumb"},"inLanguage":"es","potentialAction":[{"@type":"ReadAction","target":["https:\/\/www.socialismoobarbarie.org\/?p=11322"]}]},{"@type":"ImageObject","inLanguage":"es","@id":"https:\/\/www.socialismoobarbarie.org\/?p=11322#primaryimage","url":"https:\/\/www.socialismoobarbarie.org\/wp-content\/uploads\/2018\/06\/35405019_1974209712653895_1327101687093002240_o.jpg","contentUrl":"https:\/\/www.socialismoobarbarie.org\/wp-content\/uploads\/2018\/06\/35405019_1974209712653895_1327101687093002240_o.jpg","width":1280,"height":861},{"@type":"BreadcrumbList","@id":"https:\/\/www.socialismoobarbarie.org\/?p=11322#breadcrumb","itemListElement":[{"@type":"ListItem","position":1,"name":"Portada","item":"https:\/\/www.socialismoobarbarie.org\/"},{"@type":"ListItem","position":2,"name":"Argentina &#8211; Media sanci\u00f3n en la C\u00e1mara de Diputados por el aborto legal: Una jornada hist\u00f3rica"}]},{"@type":"WebSite","@id":"https:\/\/www.socialismoobarbarie.org\/#website","url":"https:\/\/www.socialismoobarbarie.org\/","name":"Socialismo o Barbarie","description":"Sitio web de la corriente internacional Socialismo o Barbarie","publisher":{"@id":"https:\/\/www.socialismoobarbarie.org\/#organization"},"potentialAction":[{"@type":"SearchAction","target":{"@type":"EntryPoint","urlTemplate":"https:\/\/www.socialismoobarbarie.org\/?s={search_term_string}"},"query-input":{"@type":"PropertyValueSpecification","valueRequired":true,"valueName":"search_term_string"}}],"inLanguage":"es"},{"@type":"Organization","@id":"https:\/\/www.socialismoobarbarie.org\/#organization","name":"Socialismo o Barbarie","url":"https:\/\/www.socialismoobarbarie.org\/","logo":{"@type":"ImageObject","inLanguage":"es","@id":"https:\/\/www.socialismoobarbarie.org\/#\/schema\/logo\/image\/","url":"https:\/\/www.socialismoobarbarie.org\/wp-content\/uploads\/2025\/02\/soblogoweb-2025.png","contentUrl":"https:\/\/www.socialismoobarbarie.org\/wp-content\/uploads\/2025\/02\/soblogoweb-2025.png","width":450,"height":161,"caption":"Socialismo o Barbarie"},"image":{"@id":"https:\/\/www.socialismoobarbarie.org\/#\/schema\/logo\/image\/"}},{"@type":"Person","@id":"https:\/\/www.socialismoobarbarie.org\/#\/schema\/person\/bc1c3b321d47ed092405949c77e35a8e","name":"SOB","url":"https:\/\/www.socialismoobarbarie.org\/?author=8"}]}},"_links":{"self":[{"href":"https:\/\/www.socialismoobarbarie.org\/index.php?rest_route=\/wp\/v2\/posts\/11322","targetHints":{"allow":["GET"]}}],"collection":[{"href":"https:\/\/www.socialismoobarbarie.org\/index.php?rest_route=\/wp\/v2\/posts"}],"about":[{"href":"https:\/\/www.socialismoobarbarie.org\/index.php?rest_route=\/wp\/v2\/types\/post"}],"author":[{"embeddable":true,"href":"https:\/\/www.socialismoobarbarie.org\/index.php?rest_route=\/wp\/v2\/users\/8"}],"replies":[{"embeddable":true,"href":"https:\/\/www.socialismoobarbarie.org\/index.php?rest_route=%2Fwp%2Fv2%2Fcomments&post=11322"}],"version-history":[{"count":1,"href":"https:\/\/www.socialismoobarbarie.org\/index.php?rest_route=\/wp\/v2\/posts\/11322\/revisions"}],"predecessor-version":[{"id":11324,"href":"https:\/\/www.socialismoobarbarie.org\/index.php?rest_route=\/wp\/v2\/posts\/11322\/revisions\/11324"}],"wp:featuredmedia":[{"embeddable":true,"href":"https:\/\/www.socialismoobarbarie.org\/index.php?rest_route=\/wp\/v2\/media\/11325"}],"wp:attachment":[{"href":"https:\/\/www.socialismoobarbarie.org\/index.php?rest_route=%2Fwp%2Fv2%2Fmedia&parent=11322"}],"wp:term":[{"taxonomy":"category","embeddable":true,"href":"https:\/\/www.socialismoobarbarie.org\/index.php?rest_route=%2Fwp%2Fv2%2Fcategories&post=11322"},{"taxonomy":"post_tag","embeddable":true,"href":"https:\/\/www.socialismoobarbarie.org\/index.php?rest_route=%2Fwp%2Fv2%2Ftags&post=11322"}],"curies":[{"name":"wp","href":"https:\/\/api.w.org\/{rel}","templated":true}]}}