{"id":11877,"date":"2018-10-12T13:08:27","date_gmt":"2018-10-12T16:08:27","guid":{"rendered":"https:\/\/www.socialismoobarbarie.org\/?p=11877"},"modified":"2019-11-20T11:05:10","modified_gmt":"2019-11-20T14:05:10","slug":"francia-300-000-trabajadores-en-las-calles-contra-macron","status":"publish","type":"post","link":"https:\/\/www.socialismoobarbarie.org\/?p=11877","title":{"rendered":"Francia | 300.000 trabajadores en las calles contra Macron"},"content":{"rendered":"<p>Alrededor\u00a0de 300.000\u00a0trabajadores\u00a0se han movilizado\u00a0en las calles de toda Francia\u00a0en repudio a las pol\u00edticas del gobierno de Macron, sum\u00e1ndose a la convocatoria lanzada por la intersindical compuesta por las principales centrales obreras (CGT, FO,\u00a0SUD-Solidaires, UNEF,\u00a0UNL, etc.)<\/p>\n<p>La movilizaci\u00f3n \u00abinterprofesional\u00bb\u00a0ha sido la primera demostraci\u00f3n de fuerza de importancia luego del receso veraniego y ha\u00a0contado con la presencia de numerosos sectores en lucha contra el gobierno:\u00a0ferroviarios, carteros, trabajadores de la salud, estudiantes en lucha contra la selecci\u00f3n universitaria, jubilados en\u00a0contra de la baja de las pensiones, etc.<\/p>\n<p>La cantidad\u00a0de manifestantes que se ha visto hoy demuestra que hay un\u00a0buen n\u00famero de trabajadores dispuestos a salir a luchar contra el gobierno, elemento que es necesario profundizar, sobre todo\u00a0en momentos en los que Macron se encuentra debilitado,\u00a0luego del esc\u00e1ndalo \u00abBenalla\u00bb y de las renuncias de sus principales ministros.<\/p>\n<p>Por ese motivo, es necesario que esta movilizaci\u00f3n sea seguida por un plan de lucha a la altura de la situaci\u00f3n,\u00a0para derrotar las pol\u00edticas de ajuste del gobierno. En este sentido, la movilizaci\u00f3n\u00a0en las calles marca un\u00a0camino que debe tener\u00a0una necesaria\u00a0continuidad\u00a0en las pr\u00f3ximas semanas.<\/p>\n<p>Decimos esto teniendo en cuenta que las direcciones sindicales han convocado a esta movilizaci\u00f3n\u00a0\u00abpor arriba\u00bb, con la mente puesta en las elecciones\u00a0que se llevar\u00e1n a cabo en\u00a0los gremios de trabajadores y\u00a0estudiantiles en las pr\u00f3ximas semanas, al tiempo que se disponen a reunirse con el gobierno apelando al \u00abdi\u00e1logo social\u00bb.<\/p>\n<p>Por eso decimos que no alcanza con una sola movilizaci\u00f3n y el 9 de octubre no debe quedar en el calendario como una fecha anecd\u00f3tica, sino como el puntapi\u00e9\u00a0para comenzar a organizarse en los lugares de estudio y de trabajo para enfrentar en las calles\u00a0las pol\u00edticas de ajuste del gobierno de Macron.<\/p>\n","protected":false},"excerpt":{"rendered":"<p>Alrededor\u00a0de 300.000\u00a0trabajadores\u00a0se han movilizado\u00a0en las calles de toda Francia\u00a0en repudio a las pol\u00edticas del gobierno de Macron, sum\u00e1ndose a la convocatoria lanzada por la intersindical compuesta por las principales centrales obreras (CGT, FO,\u00a0SUD-Solidaires, UNEF,\u00a0UNL, etc.) La movilizaci\u00f3n \u00abinterprofesional\u00bb\u00a0ha sido la primera demostraci\u00f3n de fuerza de importancia luego del receso veraniego y ha\u00a0contado con la presencia [&hellip;]<\/p>\n","protected":false},"author":8,"featured_media":11878,"comment_status":"closed","ping_status":"closed","sticky":false,"template":"","format":"standard","meta":{"footnotes":""},"categories":[1665],"tags":[1827,1741],"class_list":{"0":"post-11877","1":"post","2":"type-post","3":"status-publish","4":"format-standard","5":"has-post-thumbnail","7":"category-francia","8":"tag-edicion-140","9":"tag-santiago-follet"},"yoast_head":"<!-- This site is optimized with the Yoast SEO plugin v27.5 - https:\/\/yoast.com\/product\/yoast-seo-wordpress\/ -->\n<title>Francia | 300.000 trabajadores en las calles contra Macron - Socialismo o Barbarie<\/title>\n<meta name=\"robots\" content=\"index, follow, max-snippet:-1, max-image-preview:large, max-video-preview:-1\" \/>\n<link rel=\"canonical\" href=\"https:\/\/www.socialismoobarbarie.org\/?p=11877\" \/>\n<meta property=\"og:locale\" content=\"es_ES\" \/>\n<meta property=\"og:type\" content=\"article\" \/>\n<meta property=\"og:title\" content=\"Francia | 300.000 trabajadores en las calles contra Macron - Socialismo o Barbarie\" \/>\n<meta property=\"og:description\" content=\"Alrededor\u00a0de 300.000\u00a0trabajadores\u00a0se han movilizado\u00a0en las calles de toda Francia\u00a0en repudio a las pol\u00edticas del gobierno de Macron, sum\u00e1ndose a la convocatoria lanzada por la intersindical compuesta por las principales centrales obreras (CGT, FO,\u00a0SUD-Solidaires, UNEF,\u00a0UNL, etc.) La movilizaci\u00f3n \u00abinterprofesional\u00bb\u00a0ha sido la primera demostraci\u00f3n de fuerza de importancia luego del receso veraniego y ha\u00a0contado con la presencia [&hellip;]\" \/>\n<meta property=\"og:url\" content=\"https:\/\/www.socialismoobarbarie.org\/?p=11877\" \/>\n<meta property=\"og:site_name\" content=\"Socialismo o Barbarie\" \/>\n<meta property=\"article:published_time\" content=\"2018-10-12T16:08:27+00:00\" \/>\n<meta property=\"article:modified_time\" content=\"2019-11-20T14:05:10+00:00\" \/>\n<meta property=\"og:image\" content=\"https:\/\/www.socialismoobarbarie.org\/wp-content\/uploads\/2018\/10\/capture_decran_2018-10-09_a_17.28.48-e1539362860262.png\" \/>\n\t<meta property=\"og:image:width\" content=\"700\" \/>\n\t<meta property=\"og:image:height\" content=\"393\" \/>\n\t<meta property=\"og:image:type\" content=\"image\/png\" \/>\n<meta name=\"author\" content=\"SOB\" \/>\n<meta name=\"twitter:card\" content=\"summary_large_image\" \/>\n<meta name=\"twitter:label1\" content=\"Escrito por\" \/>\n\t<meta name=\"twitter:data1\" content=\"SOB\" \/>\n\t<meta name=\"twitter:label2\" content=\"Tiempo de lectura\" \/>\n\t<meta name=\"twitter:data2\" content=\"2 minutos\" \/>\n<script type=\"application\/ld+json\" class=\"yoast-schema-graph\">{\"@context\":\"https:\\\/\\\/schema.org\",\"@graph\":[{\"@type\":\"Article\",\"@id\":\"https:\\\/\\\/www.socialismoobarbarie.org\\\/?p=11877#article\",\"isPartOf\":{\"@id\":\"https:\\\/\\\/www.socialismoobarbarie.org\\\/?p=11877\"},\"author\":{\"name\":\"SOB\",\"@id\":\"https:\\\/\\\/www.socialismoobarbarie.org\\\/#\\\/schema\\\/person\\\/bc1c3b321d47ed092405949c77e35a8e\"},\"headline\":\"Francia | 300.000 trabajadores en las calles contra Macron\",\"datePublished\":\"2018-10-12T16:08:27+00:00\",\"dateModified\":\"2019-11-20T14:05:10+00:00\",\"mainEntityOfPage\":{\"@id\":\"https:\\\/\\\/www.socialismoobarbarie.org\\\/?p=11877\"},\"wordCount\":329,\"publisher\":{\"@id\":\"https:\\\/\\\/www.socialismoobarbarie.org\\\/#organization\"},\"image\":{\"@id\":\"https:\\\/\\\/www.socialismoobarbarie.org\\\/?p=11877#primaryimage\"},\"thumbnailUrl\":\"https:\\\/\\\/www.socialismoobarbarie.org\\\/wp-content\\\/uploads\\\/2018\\\/10\\\/capture_decran_2018-10-09_a_17.28.48-e1539362860262.png\",\"keywords\":[\"Edicion 140\",\"Santiago Follet\"],\"articleSection\":[\"Francia\"],\"inLanguage\":\"es\"},{\"@type\":\"WebPage\",\"@id\":\"https:\\\/\\\/www.socialismoobarbarie.org\\\/?p=11877\",\"url\":\"https:\\\/\\\/www.socialismoobarbarie.org\\\/?p=11877\",\"name\":\"Francia | 300.000 trabajadores en las calles contra Macron - Socialismo o Barbarie\",\"isPartOf\":{\"@id\":\"https:\\\/\\\/www.socialismoobarbarie.org\\\/#website\"},\"primaryImageOfPage\":{\"@id\":\"https:\\\/\\\/www.socialismoobarbarie.org\\\/?p=11877#primaryimage\"},\"image\":{\"@id\":\"https:\\\/\\\/www.socialismoobarbarie.org\\\/?p=11877#primaryimage\"},\"thumbnailUrl\":\"https:\\\/\\\/www.socialismoobarbarie.org\\\/wp-content\\\/uploads\\\/2018\\\/10\\\/capture_decran_2018-10-09_a_17.28.48-e1539362860262.png\",\"datePublished\":\"2018-10-12T16:08:27+00:00\",\"dateModified\":\"2019-11-20T14:05:10+00:00\",\"breadcrumb\":{\"@id\":\"https:\\\/\\\/www.socialismoobarbarie.org\\\/?p=11877#breadcrumb\"},\"inLanguage\":\"es\",\"potentialAction\":[{\"@type\":\"ReadAction\",\"target\":[\"https:\\\/\\\/www.socialismoobarbarie.org\\\/?p=11877\"]}]},{\"@type\":\"ImageObject\",\"inLanguage\":\"es\",\"@id\":\"https:\\\/\\\/www.socialismoobarbarie.org\\\/?p=11877#primaryimage\",\"url\":\"https:\\\/\\\/www.socialismoobarbarie.org\\\/wp-content\\\/uploads\\\/2018\\\/10\\\/capture_decran_2018-10-09_a_17.28.48-e1539362860262.png\",\"contentUrl\":\"https:\\\/\\\/www.socialismoobarbarie.org\\\/wp-content\\\/uploads\\\/2018\\\/10\\\/capture_decran_2018-10-09_a_17.28.48-e1539362860262.png\",\"width\":700,\"height\":393},{\"@type\":\"BreadcrumbList\",\"@id\":\"https:\\\/\\\/www.socialismoobarbarie.org\\\/?p=11877#breadcrumb\",\"itemListElement\":[{\"@type\":\"ListItem\",\"position\":1,\"name\":\"Portada\",\"item\":\"https:\\\/\\\/www.socialismoobarbarie.org\\\/\"},{\"@type\":\"ListItem\",\"position\":2,\"name\":\"Francia | 300.000 trabajadores en las calles contra Macron\"}]},{\"@type\":\"WebSite\",\"@id\":\"https:\\\/\\\/www.socialismoobarbarie.org\\\/#website\",\"url\":\"https:\\\/\\\/www.socialismoobarbarie.org\\\/\",\"name\":\"Socialismo o Barbarie\",\"description\":\"Sitio web de la corriente internacional Socialismo o Barbarie\",\"publisher\":{\"@id\":\"https:\\\/\\\/www.socialismoobarbarie.org\\\/#organization\"},\"potentialAction\":[{\"@type\":\"SearchAction\",\"target\":{\"@type\":\"EntryPoint\",\"urlTemplate\":\"https:\\\/\\\/www.socialismoobarbarie.org\\\/?s={search_term_string}\"},\"query-input\":{\"@type\":\"PropertyValueSpecification\",\"valueRequired\":true,\"valueName\":\"search_term_string\"}}],\"inLanguage\":\"es\"},{\"@type\":\"Organization\",\"@id\":\"https:\\\/\\\/www.socialismoobarbarie.org\\\/#organization\",\"name\":\"Socialismo o Barbarie\",\"url\":\"https:\\\/\\\/www.socialismoobarbarie.org\\\/\",\"logo\":{\"@type\":\"ImageObject\",\"inLanguage\":\"es\",\"@id\":\"https:\\\/\\\/www.socialismoobarbarie.org\\\/#\\\/schema\\\/logo\\\/image\\\/\",\"url\":\"https:\\\/\\\/www.socialismoobarbarie.org\\\/wp-content\\\/uploads\\\/2025\\\/02\\\/soblogoweb-2025.png\",\"contentUrl\":\"https:\\\/\\\/www.socialismoobarbarie.org\\\/wp-content\\\/uploads\\\/2025\\\/02\\\/soblogoweb-2025.png\",\"width\":450,\"height\":161,\"caption\":\"Socialismo o Barbarie\"},\"image\":{\"@id\":\"https:\\\/\\\/www.socialismoobarbarie.org\\\/#\\\/schema\\\/logo\\\/image\\\/\"}},{\"@type\":\"Person\",\"@id\":\"https:\\\/\\\/www.socialismoobarbarie.org\\\/#\\\/schema\\\/person\\\/bc1c3b321d47ed092405949c77e35a8e\",\"name\":\"SOB\",\"url\":\"https:\\\/\\\/www.socialismoobarbarie.org\\\/?author=8\"}]}<\/script>\n<!-- \/ Yoast SEO plugin. -->","yoast_head_json":{"title":"Francia | 300.000 trabajadores en las calles contra Macron - Socialismo o Barbarie","robots":{"index":"index","follow":"follow","max-snippet":"max-snippet:-1","max-image-preview":"max-image-preview:large","max-video-preview":"max-video-preview:-1"},"canonical":"https:\/\/www.socialismoobarbarie.org\/?p=11877","og_locale":"es_ES","og_type":"article","og_title":"Francia | 300.000 trabajadores en las calles contra Macron - Socialismo o Barbarie","og_description":"Alrededor\u00a0de 300.000\u00a0trabajadores\u00a0se han movilizado\u00a0en las calles de toda Francia\u00a0en repudio a las pol\u00edticas del gobierno de Macron, sum\u00e1ndose a la convocatoria lanzada por la intersindical compuesta por las principales centrales obreras (CGT, FO,\u00a0SUD-Solidaires, UNEF,\u00a0UNL, etc.) La movilizaci\u00f3n \u00abinterprofesional\u00bb\u00a0ha sido la primera demostraci\u00f3n de fuerza de importancia luego del receso veraniego y ha\u00a0contado con la presencia [&hellip;]","og_url":"https:\/\/www.socialismoobarbarie.org\/?p=11877","og_site_name":"Socialismo o Barbarie","article_published_time":"2018-10-12T16:08:27+00:00","article_modified_time":"2019-11-20T14:05:10+00:00","og_image":[{"width":700,"height":393,"url":"https:\/\/www.socialismoobarbarie.org\/wp-content\/uploads\/2018\/10\/capture_decran_2018-10-09_a_17.28.48-e1539362860262.png","type":"image\/png"}],"author":"SOB","twitter_card":"summary_large_image","twitter_misc":{"Escrito por":"SOB","Tiempo de lectura":"2 minutos"},"schema":{"@context":"https:\/\/schema.org","@graph":[{"@type":"Article","@id":"https:\/\/www.socialismoobarbarie.org\/?p=11877#article","isPartOf":{"@id":"https:\/\/www.socialismoobarbarie.org\/?p=11877"},"author":{"name":"SOB","@id":"https:\/\/www.socialismoobarbarie.org\/#\/schema\/person\/bc1c3b321d47ed092405949c77e35a8e"},"headline":"Francia | 300.000 trabajadores en las calles contra Macron","datePublished":"2018-10-12T16:08:27+00:00","dateModified":"2019-11-20T14:05:10+00:00","mainEntityOfPage":{"@id":"https:\/\/www.socialismoobarbarie.org\/?p=11877"},"wordCount":329,"publisher":{"@id":"https:\/\/www.socialismoobarbarie.org\/#organization"},"image":{"@id":"https:\/\/www.socialismoobarbarie.org\/?p=11877#primaryimage"},"thumbnailUrl":"https:\/\/www.socialismoobarbarie.org\/wp-content\/uploads\/2018\/10\/capture_decran_2018-10-09_a_17.28.48-e1539362860262.png","keywords":["Edicion 140","Santiago Follet"],"articleSection":["Francia"],"inLanguage":"es"},{"@type":"WebPage","@id":"https:\/\/www.socialismoobarbarie.org\/?p=11877","url":"https:\/\/www.socialismoobarbarie.org\/?p=11877","name":"Francia | 300.000 trabajadores en las calles contra Macron - Socialismo o Barbarie","isPartOf":{"@id":"https:\/\/www.socialismoobarbarie.org\/#website"},"primaryImageOfPage":{"@id":"https:\/\/www.socialismoobarbarie.org\/?p=11877#primaryimage"},"image":{"@id":"https:\/\/www.socialismoobarbarie.org\/?p=11877#primaryimage"},"thumbnailUrl":"https:\/\/www.socialismoobarbarie.org\/wp-content\/uploads\/2018\/10\/capture_decran_2018-10-09_a_17.28.48-e1539362860262.png","datePublished":"2018-10-12T16:08:27+00:00","dateModified":"2019-11-20T14:05:10+00:00","breadcrumb":{"@id":"https:\/\/www.socialismoobarbarie.org\/?p=11877#breadcrumb"},"inLanguage":"es","potentialAction":[{"@type":"ReadAction","target":["https:\/\/www.socialismoobarbarie.org\/?p=11877"]}]},{"@type":"ImageObject","inLanguage":"es","@id":"https:\/\/www.socialismoobarbarie.org\/?p=11877#primaryimage","url":"https:\/\/www.socialismoobarbarie.org\/wp-content\/uploads\/2018\/10\/capture_decran_2018-10-09_a_17.28.48-e1539362860262.png","contentUrl":"https:\/\/www.socialismoobarbarie.org\/wp-content\/uploads\/2018\/10\/capture_decran_2018-10-09_a_17.28.48-e1539362860262.png","width":700,"height":393},{"@type":"BreadcrumbList","@id":"https:\/\/www.socialismoobarbarie.org\/?p=11877#breadcrumb","itemListElement":[{"@type":"ListItem","position":1,"name":"Portada","item":"https:\/\/www.socialismoobarbarie.org\/"},{"@type":"ListItem","position":2,"name":"Francia | 300.000 trabajadores en las calles contra Macron"}]},{"@type":"WebSite","@id":"https:\/\/www.socialismoobarbarie.org\/#website","url":"https:\/\/www.socialismoobarbarie.org\/","name":"Socialismo o Barbarie","description":"Sitio web de la corriente internacional Socialismo o Barbarie","publisher":{"@id":"https:\/\/www.socialismoobarbarie.org\/#organization"},"potentialAction":[{"@type":"SearchAction","target":{"@type":"EntryPoint","urlTemplate":"https:\/\/www.socialismoobarbarie.org\/?s={search_term_string}"},"query-input":{"@type":"PropertyValueSpecification","valueRequired":true,"valueName":"search_term_string"}}],"inLanguage":"es"},{"@type":"Organization","@id":"https:\/\/www.socialismoobarbarie.org\/#organization","name":"Socialismo o Barbarie","url":"https:\/\/www.socialismoobarbarie.org\/","logo":{"@type":"ImageObject","inLanguage":"es","@id":"https:\/\/www.socialismoobarbarie.org\/#\/schema\/logo\/image\/","url":"https:\/\/www.socialismoobarbarie.org\/wp-content\/uploads\/2025\/02\/soblogoweb-2025.png","contentUrl":"https:\/\/www.socialismoobarbarie.org\/wp-content\/uploads\/2025\/02\/soblogoweb-2025.png","width":450,"height":161,"caption":"Socialismo o Barbarie"},"image":{"@id":"https:\/\/www.socialismoobarbarie.org\/#\/schema\/logo\/image\/"}},{"@type":"Person","@id":"https:\/\/www.socialismoobarbarie.org\/#\/schema\/person\/bc1c3b321d47ed092405949c77e35a8e","name":"SOB","url":"https:\/\/www.socialismoobarbarie.org\/?author=8"}]}},"_links":{"self":[{"href":"https:\/\/www.socialismoobarbarie.org\/index.php?rest_route=\/wp\/v2\/posts\/11877","targetHints":{"allow":["GET"]}}],"collection":[{"href":"https:\/\/www.socialismoobarbarie.org\/index.php?rest_route=\/wp\/v2\/posts"}],"about":[{"href":"https:\/\/www.socialismoobarbarie.org\/index.php?rest_route=\/wp\/v2\/types\/post"}],"author":[{"embeddable":true,"href":"https:\/\/www.socialismoobarbarie.org\/index.php?rest_route=\/wp\/v2\/users\/8"}],"replies":[{"embeddable":true,"href":"https:\/\/www.socialismoobarbarie.org\/index.php?rest_route=%2Fwp%2Fv2%2Fcomments&post=11877"}],"version-history":[{"count":1,"href":"https:\/\/www.socialismoobarbarie.org\/index.php?rest_route=\/wp\/v2\/posts\/11877\/revisions"}],"predecessor-version":[{"id":11879,"href":"https:\/\/www.socialismoobarbarie.org\/index.php?rest_route=\/wp\/v2\/posts\/11877\/revisions\/11879"}],"wp:featuredmedia":[{"embeddable":true,"href":"https:\/\/www.socialismoobarbarie.org\/index.php?rest_route=\/wp\/v2\/media\/11878"}],"wp:attachment":[{"href":"https:\/\/www.socialismoobarbarie.org\/index.php?rest_route=%2Fwp%2Fv2%2Fmedia&parent=11877"}],"wp:term":[{"taxonomy":"category","embeddable":true,"href":"https:\/\/www.socialismoobarbarie.org\/index.php?rest_route=%2Fwp%2Fv2%2Fcategories&post=11877"},{"taxonomy":"post_tag","embeddable":true,"href":"https:\/\/www.socialismoobarbarie.org\/index.php?rest_route=%2Fwp%2Fv2%2Ftags&post=11877"}],"curies":[{"name":"wp","href":"https:\/\/api.w.org\/{rel}","templated":true}]}}