{"id":12182,"date":"2018-12-20T19:41:10","date_gmt":"2018-12-20T22:41:10","guid":{"rendered":"https:\/\/www.socialismoobarbarie.org\/?p=12182"},"modified":"2018-12-20T20:24:22","modified_gmt":"2018-12-20T23:24:22","slug":"belgica-crisis-politica-y-polarizacion-en-las-calles-por-la-cuestion-de-la-inmigracion","status":"publish","type":"post","link":"https:\/\/www.socialismoobarbarie.org\/?p=12182","title":{"rendered":"B\u00e9lgica &#8211; Crisis pol\u00edtica y polarizaci\u00f3n en las calles por la cuesti\u00f3n de la inmigraci\u00f3n"},"content":{"rendered":"\n<p><\/p>\n\n\n\n<p><strong>Por <\/strong><em><strong>Agust\u00edn S.,\u00a0SoB\u00a0499,\u00a020\/12\/18<\/strong><\/em><strong> <\/strong><\/p>\n\n\n\n<p>La marcha contra el Pacto migratorio de la ONU, que cont\u00f3\ncon alrededor de 5000 personas, se concentr\u00f3 en el edificio de la Comisi\u00f3n\nEuropea en Bruselas, hab\u00eda sido convocada por grupos de extrema derecha, como\nel Vlaams Belang, la Asociaci\u00f3n de Estudiantes Cat\u00f3licos Flamencos (KVHV) y la\nAsociaci\u00f3n de Estudiantes Nacionalistas (NSV).<\/p>\n\n\n\n<p>El Pacto Mundial sobre Migraci\u00f3n, tambi\u00e9n conocido como&nbsp;Pacto Marrakesh&nbsp;por haber sido\nfirmado en Marruecos, pretende regular los flujos migratorios en todo el mundo,\ndando cuenta de hasta qu\u00e9 punto las migraciones son unos de los problemas m\u00e1s\nacuciantes de la situaci\u00f3n internacional. En los \u00faltimos a\u00f1os, ha sido siempre\nnoticia la marea de migrantes que llegan a los pa\u00edses de la Uni\u00f3n Europea fruto\nde las guerras civiles de Medio Oriente y la miseria que se vive en \u00c1frica,\nplanteando serios problemas pol\u00edticos a los gobiernos europeos en el marco de\nvarios a\u00f1os de ajuste brutal y una crisis econ\u00f3mica sin resolver. El Pacto fue\nfirmado por 150 pa\u00edses, teniendo entre sus detractores a Estados Unidos e\nIsrael. Hecho significativo en tanto el primero es uno de los principales\nexplotadores de mano de obra migrante y el segundo es un Estado ileg\u00edtimo,\nfundado en el genocidio perpetrado contra el pueblo palestino.<a href=\"http:\/\/izquierdaweb.com\/belgica-crisis-politica-y-polarizacion-en-las-calles-por-la-cuestion-de-la-inmigracion\/?fbclid=IwAR3w800Q8aEi0pWxkb0QWZx9p8flo5a38iX5lQE_2V-vXpJbFIArpnyVBGs#_ftn1\">[1]<\/a>&nbsp;La\nrecepci\u00f3n de los migrantes por parte de los gobiernos y los pueblos europeos\nviene estando marcada por una creciente polarizaci\u00f3n, que incluye la\nmarginaci\u00f3n (cuando los gobiernos nacionales deciden cerrar sus fronteras) y la\nquema de campamentos de refugiados, pero tambi\u00e9n incipientes muestras de\nsolidaridad popular hacia los migrantes. Esta divisi\u00f3n de aguas en la opini\u00f3n\np\u00fablica se hizo expl\u00edcita en la existencia de las dos marchas, pero hay que\naclarar que en esta oportunidad la convocatoria dominante fue la anti-Pacto (la\nconvocada por la derecha xen\u00f3foba).<\/p>\n\n\n\n<p>El car\u00e1cter de la movilizaci\u00f3n anti-pacto fue\nclaramente&nbsp;<strong>reaccionario y xen\u00f3fobo<\/strong>:&nbsp;\u201cPor el camino,&nbsp;[los manifestantes]&nbsp;corearon c\u00e1nticos contra la izquierda, a favor del cierre de\nfronteras\u201d<a href=\"http:\/\/izquierdaweb.com\/belgica-crisis-politica-y-polarizacion-en-las-calles-por-la-cuestion-de-la-inmigracion\/?fbclid=IwAR3w800Q8aEi0pWxkb0QWZx9p8flo5a38iX5lQE_2V-vXpJbFIArpnyVBGs#_ftn2\">[2]<\/a>.\nUna vez en el edificio de la Comisi\u00f3n Europea, cuando se estaba empezando a\ndesconcentrar, varios cientos de manifestantes se enfrentaron con la Polic\u00eda\nbelga, en una lluvia de adoquines, vallas, gases lacrim\u00f3genos y descargas de\nhidrante.<\/p>\n\n\n\n<p>La marcha fue convocada por los sectores m\u00e1s recalcitrantes\nde la derecha belga. El Vlaams Belang (\u201cInter\u00e9s\nFlamenco\u201d&nbsp;en neerland\u00e9s), principal convocante, es un partido\nabiertamente racista y xenof\u00f3bico. Se encuadra en el independentismo flamenco,\npugna por la separaci\u00f3n de Flandes de B\u00e9lgica y (a diferencia de otros sectores\nindependentistas de Europa) hace de la persecuci\u00f3n a los inmigrantes parte\ncentral de su intervenci\u00f3n en la vida pol\u00edtica. Su eslogan&nbsp;\u201cNuestro pueblo primero\u201d recuerda a\notros sectores populistas de derecha como Donald Trump con su&nbsp;\u201cAm\u00e9rica first\u201d<a href=\"http:\/\/izquierdaweb.com\/belgica-crisis-politica-y-polarizacion-en-las-calles-por-la-cuestion-de-la-inmigracion\/?fbclid=IwAR3w800Q8aEi0pWxkb0QWZx9p8flo5a38iX5lQE_2V-vXpJbFIArpnyVBGs#_ftn3\"><strong>[3]<\/strong><\/a>.<\/p>\n\n\n\n<p>Adem\u00e1s, la marcha cont\u00f3 con el visto bueno del N-VA (\u201cNueva Alianza Flamenca\u201d), que si\nbien no fue convocante, expres\u00f3 su apoyo pol\u00edtico a la movilizaci\u00f3n a trav\u00e9s de\nTheo Francken, una de sus principales figuras y ex Secretario de Estado de\nInmigraci\u00f3n. El N-VA es tambi\u00e9n parte del independentismo flamenco (aunque m\u00e1s\nmoderado y pro-europe\u00edsta, lo que lo diferencia del Vlaams Belang) y es la\nprimer fuerza electoral del pa\u00eds, habiendo obtenido el 20% de los votos en las\n\u00faltimas elecciones. Pocos d\u00edas atr\u00e1s, el N-VA rompi\u00f3 la coalici\u00f3n de gobierno\nque conformaba&nbsp;junto al Movimiento Reformador (liberales franc\u00f3fonos, que\nlideran el gobierno a trav\u00e9s del Primer Ministro Charles Michel), el CD&amp;V\n(dem\u00f3cratas-cristianos flamencos) y el OPEN VLD (liberales flamencos).<\/p>\n\n\n\n<p>La crisis pol\u00edtica que se abri\u00f3 con la ruptura de la\ncoalici\u00f3n de gobierno parec\u00eda cerrarse (o al menos estabilizarse) en la medida\nen que el N-VA declar\u00f3 no tener intenciones de interponerse en las \u201cpr\u00f3ximas\nreformas\u201d que el gobierno enviar\u00e1 al Parlamento, lo que permitir\u00eda canalizar la\nsituaci\u00f3n hacia las pr\u00f3ximas elecciones (que realizar\u00e1n en 6 meses).<\/p>\n\n\n\n<p>Sin embargo, la polarizaci\u00f3n que se expres\u00f3 en la marcha y\nla contra-marcha con respecto al Pacto Marrakesh, en consonancia con la\ninestabilidad que se vive en otros pa\u00edses de Europa (Francia y Hungr\u00eda, por\nejemplo), da cuenta de que la situaci\u00f3n pol\u00edtica puede desestabilizarse sin\ndemasiados avisos previos e \u00edrsele de las manos a un gobierno que perdi\u00f3 un\napoyo pol\u00edtico importante con la salida del N-VA. En esta oportunidad, el\ndesborde parece haberse volcado hacia la derecha (en tanto la marcha contra el\nPacto super\u00f3 ampliamente en convocatoria a la marcha en defensa de los\nmigrantes) pero no puede descartarse un rebote hacia la izquierda. Esto\ndepender\u00e1 del desarrollo de las luchas tanto en B\u00e9lgica como en el resto de\nEuropa.<\/p>\n\n\n\n<p><strong><em>Agust\u00edn S.<\/em><\/strong><\/p>\n\n\n\n<p><a href=\"http:\/\/izquierdaweb.com\/belgica-crisis-politica-y-polarizacion-en-las-calles-por-la-cuestion-de-la-inmigracion\/?fbclid=IwAR3w800Q8aEi0pWxkb0QWZx9p8flo5a38iX5lQE_2V-vXpJbFIArpnyVBGs#_ftnref1\">[1]<\/a>&nbsp;&nbsp;&nbsp;\nDe todas maneras, cabe aclarar que el Pacto Marrakesh es&nbsp;<em>no vinculante<\/em>,\nlo que demuestra hasta qu\u00e9 punto las resoluciones de la ONU son poco m\u00e1s que\nuna declaraci\u00f3n de buenas intenciones.<\/p>\n\n\n\n<p><a href=\"http:\/\/izquierdaweb.com\/belgica-crisis-politica-y-polarizacion-en-las-calles-por-la-cuestion-de-la-inmigracion\/?fbclid=IwAR3w800Q8aEi0pWxkb0QWZx9p8flo5a38iX5lQE_2V-vXpJbFIArpnyVBGs#_ftnref2\">[2]<\/a>&nbsp;&nbsp;&nbsp;\nhttps:\/\/elpais.com\/internacional\/2018\/12\/16\/actualidad\/1544978603_505093.html<\/p>\n\n\n\n<p><a href=\"http:\/\/izquierdaweb.com\/belgica-crisis-politica-y-polarizacion-en-las-calles-por-la-cuestion-de-la-inmigracion\/?fbclid=IwAR3w800Q8aEi0pWxkb0QWZx9p8flo5a38iX5lQE_2V-vXpJbFIArpnyVBGs#_ftnref3\">[3]<\/a>&nbsp;&nbsp;&nbsp;\nPara dejar m\u00e1s en claro la filiaci\u00f3n pol\u00edtica del Vlaams Belang, cabe mencionar\nque hace pocos d\u00edas este partido fue anfitri\u00f3n de un acto realizado por Steve\nBannon (ex-director de campa\u00f1a de Trump) y Marine Le Pen (derecha nacionalista\nde Francia) en B\u00e9lgica, en el cual llamaron al&nbsp;<em>\u201creagrupamiento\u201d<\/em>&nbsp;de\nla derecha internacional.\nhttps:\/\/elpais.com\/internacional\/2018\/12\/08\/actualidad\/1544301096_606231.html<\/p>\n\n\n\n<p><a href=\"http:\/\/izquierdaweb.com\/belgica-crisis-politica-y-polarizacion-en-las-calles-por-la-cuestion-de-la-inmigracion\/?fbclid=IwAR3w800Q8aEi0pWxkb0QWZx9p8flo5a38iX5lQE_2V-vXpJbFIArpnyVBGs\"><br \/>\n<\/a><\/p>\n","protected":false},"excerpt":{"rendered":"<p>Por Agust\u00edn S.,\u00a0SoB\u00a0499,\u00a020\/12\/18 La marcha contra el Pacto migratorio de la ONU, que cont\u00f3 con alrededor de 5000 personas, se concentr\u00f3 en el edificio de la Comisi\u00f3n Europea en Bruselas, hab\u00eda sido convocada por grupos de extrema derecha, como el Vlaams Belang, la Asociaci\u00f3n de Estudiantes Cat\u00f3licos Flamencos (KVHV) y la Asociaci\u00f3n de Estudiantes Nacionalistas [&hellip;]<\/p>\n","protected":false},"author":8,"featured_media":12183,"comment_status":"closed","ping_status":"closed","sticky":false,"template":"","format":"standard","meta":{"footnotes":""},"categories":[1690],"tags":[1843,62,1841],"class_list":{"0":"post-12182","1":"post","2":"type-post","3":"status-publish","4":"format-standard","5":"has-post-thumbnail","7":"category-europa","8":"tag-agustin-s","9":"tag-belgica","10":"tag-edicion-149"},"yoast_head":"<!-- This site is optimized with the Yoast SEO plugin v27.5 - https:\/\/yoast.com\/product\/yoast-seo-wordpress\/ -->\n<title>B\u00e9lgica - Crisis pol\u00edtica y polarizaci\u00f3n en las calles por la cuesti\u00f3n de la inmigraci\u00f3n - Socialismo o Barbarie<\/title>\n<meta name=\"robots\" content=\"index, follow, max-snippet:-1, max-image-preview:large, max-video-preview:-1\" \/>\n<link rel=\"canonical\" href=\"https:\/\/www.socialismoobarbarie.org\/?p=12182\" \/>\n<meta property=\"og:locale\" content=\"es_ES\" \/>\n<meta property=\"og:type\" content=\"article\" \/>\n<meta property=\"og:title\" content=\"B\u00e9lgica - Crisis pol\u00edtica y polarizaci\u00f3n en las calles por la cuesti\u00f3n de la inmigraci\u00f3n - Socialismo o Barbarie\" \/>\n<meta property=\"og:description\" content=\"Por Agust\u00edn S.,\u00a0SoB\u00a0499,\u00a020\/12\/18 La marcha contra el Pacto migratorio de la ONU, que cont\u00f3 con alrededor de 5000 personas, se concentr\u00f3 en el edificio de la Comisi\u00f3n Europea en Bruselas, hab\u00eda sido convocada por grupos de extrema derecha, como el Vlaams Belang, la Asociaci\u00f3n de Estudiantes Cat\u00f3licos Flamencos (KVHV) y la Asociaci\u00f3n de Estudiantes Nacionalistas [&hellip;]\" \/>\n<meta property=\"og:url\" content=\"https:\/\/www.socialismoobarbarie.org\/?p=12182\" \/>\n<meta property=\"og:site_name\" content=\"Socialismo o Barbarie\" \/>\n<meta property=\"article:published_time\" content=\"2018-12-20T22:41:10+00:00\" \/>\n<meta property=\"article:modified_time\" content=\"2018-12-20T23:24:22+00:00\" \/>\n<meta property=\"og:image\" content=\"https:\/\/www.socialismoobarbarie.org\/wp-content\/uploads\/2018\/12\/belgica-1.png\" \/>\n\t<meta property=\"og:image:width\" content=\"685\" \/>\n\t<meta property=\"og:image:height\" content=\"470\" \/>\n\t<meta property=\"og:image:type\" content=\"image\/png\" \/>\n<meta name=\"author\" content=\"SOB\" \/>\n<meta name=\"twitter:card\" content=\"summary_large_image\" \/>\n<meta name=\"twitter:label1\" content=\"Escrito por\" \/>\n\t<meta name=\"twitter:data1\" content=\"SOB\" \/>\n\t<meta name=\"twitter:label2\" content=\"Tiempo de lectura\" \/>\n\t<meta name=\"twitter:data2\" content=\"5 minutos\" \/>\n<script type=\"application\/ld+json\" class=\"yoast-schema-graph\">{\"@context\":\"https:\\\/\\\/schema.org\",\"@graph\":[{\"@type\":\"Article\",\"@id\":\"https:\\\/\\\/www.socialismoobarbarie.org\\\/?p=12182#article\",\"isPartOf\":{\"@id\":\"https:\\\/\\\/www.socialismoobarbarie.org\\\/?p=12182\"},\"author\":{\"name\":\"SOB\",\"@id\":\"https:\\\/\\\/www.socialismoobarbarie.org\\\/#\\\/schema\\\/person\\\/bc1c3b321d47ed092405949c77e35a8e\"},\"headline\":\"B\u00e9lgica &#8211; Crisis pol\u00edtica y polarizaci\u00f3n en las calles por la cuesti\u00f3n de la inmigraci\u00f3n\",\"datePublished\":\"2018-12-20T22:41:10+00:00\",\"dateModified\":\"2018-12-20T23:24:22+00:00\",\"mainEntityOfPage\":{\"@id\":\"https:\\\/\\\/www.socialismoobarbarie.org\\\/?p=12182\"},\"wordCount\":975,\"publisher\":{\"@id\":\"https:\\\/\\\/www.socialismoobarbarie.org\\\/#organization\"},\"image\":{\"@id\":\"https:\\\/\\\/www.socialismoobarbarie.org\\\/?p=12182#primaryimage\"},\"thumbnailUrl\":\"https:\\\/\\\/www.socialismoobarbarie.org\\\/wp-content\\\/uploads\\\/2018\\\/12\\\/belgica-1.png\",\"keywords\":[\"Agust\u00edn S.\",\"B\u00e9lgica\",\"Edicion 149\"],\"articleSection\":[\"Europa\"],\"inLanguage\":\"es\"},{\"@type\":\"WebPage\",\"@id\":\"https:\\\/\\\/www.socialismoobarbarie.org\\\/?p=12182\",\"url\":\"https:\\\/\\\/www.socialismoobarbarie.org\\\/?p=12182\",\"name\":\"B\u00e9lgica - Crisis pol\u00edtica y polarizaci\u00f3n en las calles por la cuesti\u00f3n de la inmigraci\u00f3n - Socialismo o Barbarie\",\"isPartOf\":{\"@id\":\"https:\\\/\\\/www.socialismoobarbarie.org\\\/#website\"},\"primaryImageOfPage\":{\"@id\":\"https:\\\/\\\/www.socialismoobarbarie.org\\\/?p=12182#primaryimage\"},\"image\":{\"@id\":\"https:\\\/\\\/www.socialismoobarbarie.org\\\/?p=12182#primaryimage\"},\"thumbnailUrl\":\"https:\\\/\\\/www.socialismoobarbarie.org\\\/wp-content\\\/uploads\\\/2018\\\/12\\\/belgica-1.png\",\"datePublished\":\"2018-12-20T22:41:10+00:00\",\"dateModified\":\"2018-12-20T23:24:22+00:00\",\"breadcrumb\":{\"@id\":\"https:\\\/\\\/www.socialismoobarbarie.org\\\/?p=12182#breadcrumb\"},\"inLanguage\":\"es\",\"potentialAction\":[{\"@type\":\"ReadAction\",\"target\":[\"https:\\\/\\\/www.socialismoobarbarie.org\\\/?p=12182\"]}]},{\"@type\":\"ImageObject\",\"inLanguage\":\"es\",\"@id\":\"https:\\\/\\\/www.socialismoobarbarie.org\\\/?p=12182#primaryimage\",\"url\":\"https:\\\/\\\/www.socialismoobarbarie.org\\\/wp-content\\\/uploads\\\/2018\\\/12\\\/belgica-1.png\",\"contentUrl\":\"https:\\\/\\\/www.socialismoobarbarie.org\\\/wp-content\\\/uploads\\\/2018\\\/12\\\/belgica-1.png\",\"width\":685,\"height\":470},{\"@type\":\"BreadcrumbList\",\"@id\":\"https:\\\/\\\/www.socialismoobarbarie.org\\\/?p=12182#breadcrumb\",\"itemListElement\":[{\"@type\":\"ListItem\",\"position\":1,\"name\":\"Portada\",\"item\":\"https:\\\/\\\/www.socialismoobarbarie.org\\\/\"},{\"@type\":\"ListItem\",\"position\":2,\"name\":\"B\u00e9lgica &#8211; Crisis pol\u00edtica y polarizaci\u00f3n en las calles por la cuesti\u00f3n de la inmigraci\u00f3n\"}]},{\"@type\":\"WebSite\",\"@id\":\"https:\\\/\\\/www.socialismoobarbarie.org\\\/#website\",\"url\":\"https:\\\/\\\/www.socialismoobarbarie.org\\\/\",\"name\":\"Socialismo o Barbarie\",\"description\":\"Sitio web de la corriente internacional Socialismo o Barbarie\",\"publisher\":{\"@id\":\"https:\\\/\\\/www.socialismoobarbarie.org\\\/#organization\"},\"potentialAction\":[{\"@type\":\"SearchAction\",\"target\":{\"@type\":\"EntryPoint\",\"urlTemplate\":\"https:\\\/\\\/www.socialismoobarbarie.org\\\/?s={search_term_string}\"},\"query-input\":{\"@type\":\"PropertyValueSpecification\",\"valueRequired\":true,\"valueName\":\"search_term_string\"}}],\"inLanguage\":\"es\"},{\"@type\":\"Organization\",\"@id\":\"https:\\\/\\\/www.socialismoobarbarie.org\\\/#organization\",\"name\":\"Socialismo o Barbarie\",\"url\":\"https:\\\/\\\/www.socialismoobarbarie.org\\\/\",\"logo\":{\"@type\":\"ImageObject\",\"inLanguage\":\"es\",\"@id\":\"https:\\\/\\\/www.socialismoobarbarie.org\\\/#\\\/schema\\\/logo\\\/image\\\/\",\"url\":\"https:\\\/\\\/www.socialismoobarbarie.org\\\/wp-content\\\/uploads\\\/2025\\\/02\\\/soblogoweb-2025.png\",\"contentUrl\":\"https:\\\/\\\/www.socialismoobarbarie.org\\\/wp-content\\\/uploads\\\/2025\\\/02\\\/soblogoweb-2025.png\",\"width\":450,\"height\":161,\"caption\":\"Socialismo o Barbarie\"},\"image\":{\"@id\":\"https:\\\/\\\/www.socialismoobarbarie.org\\\/#\\\/schema\\\/logo\\\/image\\\/\"}},{\"@type\":\"Person\",\"@id\":\"https:\\\/\\\/www.socialismoobarbarie.org\\\/#\\\/schema\\\/person\\\/bc1c3b321d47ed092405949c77e35a8e\",\"name\":\"SOB\",\"url\":\"https:\\\/\\\/www.socialismoobarbarie.org\\\/?author=8\"}]}<\/script>\n<!-- \/ Yoast SEO plugin. -->","yoast_head_json":{"title":"B\u00e9lgica - Crisis pol\u00edtica y polarizaci\u00f3n en las calles por la cuesti\u00f3n de la inmigraci\u00f3n - Socialismo o Barbarie","robots":{"index":"index","follow":"follow","max-snippet":"max-snippet:-1","max-image-preview":"max-image-preview:large","max-video-preview":"max-video-preview:-1"},"canonical":"https:\/\/www.socialismoobarbarie.org\/?p=12182","og_locale":"es_ES","og_type":"article","og_title":"B\u00e9lgica - Crisis pol\u00edtica y polarizaci\u00f3n en las calles por la cuesti\u00f3n de la inmigraci\u00f3n - Socialismo o Barbarie","og_description":"Por Agust\u00edn S.,\u00a0SoB\u00a0499,\u00a020\/12\/18 La marcha contra el Pacto migratorio de la ONU, que cont\u00f3 con alrededor de 5000 personas, se concentr\u00f3 en el edificio de la Comisi\u00f3n Europea en Bruselas, hab\u00eda sido convocada por grupos de extrema derecha, como el Vlaams Belang, la Asociaci\u00f3n de Estudiantes Cat\u00f3licos Flamencos (KVHV) y la Asociaci\u00f3n de Estudiantes Nacionalistas [&hellip;]","og_url":"https:\/\/www.socialismoobarbarie.org\/?p=12182","og_site_name":"Socialismo o Barbarie","article_published_time":"2018-12-20T22:41:10+00:00","article_modified_time":"2018-12-20T23:24:22+00:00","og_image":[{"width":685,"height":470,"url":"https:\/\/www.socialismoobarbarie.org\/wp-content\/uploads\/2018\/12\/belgica-1.png","type":"image\/png"}],"author":"SOB","twitter_card":"summary_large_image","twitter_misc":{"Escrito por":"SOB","Tiempo de lectura":"5 minutos"},"schema":{"@context":"https:\/\/schema.org","@graph":[{"@type":"Article","@id":"https:\/\/www.socialismoobarbarie.org\/?p=12182#article","isPartOf":{"@id":"https:\/\/www.socialismoobarbarie.org\/?p=12182"},"author":{"name":"SOB","@id":"https:\/\/www.socialismoobarbarie.org\/#\/schema\/person\/bc1c3b321d47ed092405949c77e35a8e"},"headline":"B\u00e9lgica &#8211; Crisis pol\u00edtica y polarizaci\u00f3n en las calles por la cuesti\u00f3n de la inmigraci\u00f3n","datePublished":"2018-12-20T22:41:10+00:00","dateModified":"2018-12-20T23:24:22+00:00","mainEntityOfPage":{"@id":"https:\/\/www.socialismoobarbarie.org\/?p=12182"},"wordCount":975,"publisher":{"@id":"https:\/\/www.socialismoobarbarie.org\/#organization"},"image":{"@id":"https:\/\/www.socialismoobarbarie.org\/?p=12182#primaryimage"},"thumbnailUrl":"https:\/\/www.socialismoobarbarie.org\/wp-content\/uploads\/2018\/12\/belgica-1.png","keywords":["Agust\u00edn S.","B\u00e9lgica","Edicion 149"],"articleSection":["Europa"],"inLanguage":"es"},{"@type":"WebPage","@id":"https:\/\/www.socialismoobarbarie.org\/?p=12182","url":"https:\/\/www.socialismoobarbarie.org\/?p=12182","name":"B\u00e9lgica - Crisis pol\u00edtica y polarizaci\u00f3n en las calles por la cuesti\u00f3n de la inmigraci\u00f3n - Socialismo o Barbarie","isPartOf":{"@id":"https:\/\/www.socialismoobarbarie.org\/#website"},"primaryImageOfPage":{"@id":"https:\/\/www.socialismoobarbarie.org\/?p=12182#primaryimage"},"image":{"@id":"https:\/\/www.socialismoobarbarie.org\/?p=12182#primaryimage"},"thumbnailUrl":"https:\/\/www.socialismoobarbarie.org\/wp-content\/uploads\/2018\/12\/belgica-1.png","datePublished":"2018-12-20T22:41:10+00:00","dateModified":"2018-12-20T23:24:22+00:00","breadcrumb":{"@id":"https:\/\/www.socialismoobarbarie.org\/?p=12182#breadcrumb"},"inLanguage":"es","potentialAction":[{"@type":"ReadAction","target":["https:\/\/www.socialismoobarbarie.org\/?p=12182"]}]},{"@type":"ImageObject","inLanguage":"es","@id":"https:\/\/www.socialismoobarbarie.org\/?p=12182#primaryimage","url":"https:\/\/www.socialismoobarbarie.org\/wp-content\/uploads\/2018\/12\/belgica-1.png","contentUrl":"https:\/\/www.socialismoobarbarie.org\/wp-content\/uploads\/2018\/12\/belgica-1.png","width":685,"height":470},{"@type":"BreadcrumbList","@id":"https:\/\/www.socialismoobarbarie.org\/?p=12182#breadcrumb","itemListElement":[{"@type":"ListItem","position":1,"name":"Portada","item":"https:\/\/www.socialismoobarbarie.org\/"},{"@type":"ListItem","position":2,"name":"B\u00e9lgica &#8211; Crisis pol\u00edtica y polarizaci\u00f3n en las calles por la cuesti\u00f3n de la inmigraci\u00f3n"}]},{"@type":"WebSite","@id":"https:\/\/www.socialismoobarbarie.org\/#website","url":"https:\/\/www.socialismoobarbarie.org\/","name":"Socialismo o Barbarie","description":"Sitio web de la corriente internacional Socialismo o Barbarie","publisher":{"@id":"https:\/\/www.socialismoobarbarie.org\/#organization"},"potentialAction":[{"@type":"SearchAction","target":{"@type":"EntryPoint","urlTemplate":"https:\/\/www.socialismoobarbarie.org\/?s={search_term_string}"},"query-input":{"@type":"PropertyValueSpecification","valueRequired":true,"valueName":"search_term_string"}}],"inLanguage":"es"},{"@type":"Organization","@id":"https:\/\/www.socialismoobarbarie.org\/#organization","name":"Socialismo o Barbarie","url":"https:\/\/www.socialismoobarbarie.org\/","logo":{"@type":"ImageObject","inLanguage":"es","@id":"https:\/\/www.socialismoobarbarie.org\/#\/schema\/logo\/image\/","url":"https:\/\/www.socialismoobarbarie.org\/wp-content\/uploads\/2025\/02\/soblogoweb-2025.png","contentUrl":"https:\/\/www.socialismoobarbarie.org\/wp-content\/uploads\/2025\/02\/soblogoweb-2025.png","width":450,"height":161,"caption":"Socialismo o Barbarie"},"image":{"@id":"https:\/\/www.socialismoobarbarie.org\/#\/schema\/logo\/image\/"}},{"@type":"Person","@id":"https:\/\/www.socialismoobarbarie.org\/#\/schema\/person\/bc1c3b321d47ed092405949c77e35a8e","name":"SOB","url":"https:\/\/www.socialismoobarbarie.org\/?author=8"}]}},"_links":{"self":[{"href":"https:\/\/www.socialismoobarbarie.org\/index.php?rest_route=\/wp\/v2\/posts\/12182","targetHints":{"allow":["GET"]}}],"collection":[{"href":"https:\/\/www.socialismoobarbarie.org\/index.php?rest_route=\/wp\/v2\/posts"}],"about":[{"href":"https:\/\/www.socialismoobarbarie.org\/index.php?rest_route=\/wp\/v2\/types\/post"}],"author":[{"embeddable":true,"href":"https:\/\/www.socialismoobarbarie.org\/index.php?rest_route=\/wp\/v2\/users\/8"}],"replies":[{"embeddable":true,"href":"https:\/\/www.socialismoobarbarie.org\/index.php?rest_route=%2Fwp%2Fv2%2Fcomments&post=12182"}],"version-history":[{"count":1,"href":"https:\/\/www.socialismoobarbarie.org\/index.php?rest_route=\/wp\/v2\/posts\/12182\/revisions"}],"predecessor-version":[{"id":12184,"href":"https:\/\/www.socialismoobarbarie.org\/index.php?rest_route=\/wp\/v2\/posts\/12182\/revisions\/12184"}],"wp:featuredmedia":[{"embeddable":true,"href":"https:\/\/www.socialismoobarbarie.org\/index.php?rest_route=\/wp\/v2\/media\/12183"}],"wp:attachment":[{"href":"https:\/\/www.socialismoobarbarie.org\/index.php?rest_route=%2Fwp%2Fv2%2Fmedia&parent=12182"}],"wp:term":[{"taxonomy":"category","embeddable":true,"href":"https:\/\/www.socialismoobarbarie.org\/index.php?rest_route=%2Fwp%2Fv2%2Fcategories&post=12182"},{"taxonomy":"post_tag","embeddable":true,"href":"https:\/\/www.socialismoobarbarie.org\/index.php?rest_route=%2Fwp%2Fv2%2Ftags&post=12182"}],"curies":[{"name":"wp","href":"https:\/\/api.w.org\/{rel}","templated":true}]}}