{"id":12291,"date":"2019-04-28T20:54:29","date_gmt":"2019-04-28T23:54:29","guid":{"rendered":"https:\/\/www.socialismoobarbarie.org\/?p=12291"},"modified":"2019-04-28T20:54:32","modified_gmt":"2019-04-28T23:54:32","slug":"exitosa-semana-del-pensamiento-socialista-es-necesaria-una-alternativa-de-izquierda","status":"publish","type":"post","link":"https:\/\/www.socialismoobarbarie.org\/?p=12291","title":{"rendered":"Exitosa Semana del Pensamiento Socialista, es necesaria una alternativa de izquierda"},"content":{"rendered":"\n<p>Por Johan Madriz<\/p>\n\n\n\n<p>Del 22 al 26 de abril desde el Nuevo Partido Socialista (NPS), Las Rojas y\nYa Basta se realiz\u00f3 la Semana del Pensamiento Socialista 2019 en la Universidad\nde Costa Rica. Una oportunidad para el intercambio de ideas ante un capitalismo\nque no va m\u00e1s, que no genera perspectivas y est\u00e1 llevando al mundo (en todo\nsentido) al desastre.<\/p>\n\n\n\n<p>Las diferentes actividades lograron aglutinar a unas 200 personas y suscitaron\nun intenso debate (presencialmente y en redes sociales) que demostr\u00f3 la\nnecesidad de espacios discusi\u00f3n y an\u00e1lisis como este en la agenda pol\u00edtica del pa\u00eds.<\/p>\n\n\n\n<p><strong>Un Marx para el siglo XXI<\/strong><\/p>\n\n\n\n<p>El d\u00eda 23 iniciamos el primer conversatorio con la participaci\u00f3n de Jorge\nBarrientos (profesor de Historia de la UCR), Graciela Mora (docente de Sociolog\u00eda\nde la UCR y militante de Las Rojas y el NPS) y V\u00edctor Artavia (historiador y\nmilitante del NPS); adem\u00e1s de la moderaci\u00f3n de Sthefanny Z\u00fa\u00f1iga, estudiante de\nArtes de la UCR.<\/p>\n\n\n\n<p>A 200 a\u00f1os del nacimiento de Marx todav\u00eda sus ideas generan grandes \u00edmpetus,\nya sean por sus adeptos o sus detractores. En este panel se discutieron sus\naportes te\u00f3ricos y program\u00e1ticos para entender el modelo capitalista de producci\u00f3n\ny el antagonismo entre las clases poseedoras y las explotadas. <\/p>\n\n\n\n<p>Su obra te\u00f3rico program\u00e1tica es integral al abordar globalmente la econom\u00eda,\nla pol\u00edtica, la historia, la filosof\u00eda y las ciencias naturales. Es as\u00ed que no\nse puede reducir su obra solamente a la cr\u00edtica econ\u00f3mica sino que desarrolla\nun m\u00e9todo de an\u00e1lisis para ser utilizado en el examen de la vida social.<\/p>\n\n\n\n\n\n<p>En ese sentido se recalc\u00f3 la necesidad de estudiar el marxismo de una forma\nno dogm\u00e1tica, como realizan algunos sectores de izquierda, sino \u201cpensando por uno\nmismo\u201d seg\u00fan las circunstancias y problem\u00e1ticas. Adem\u00e1s es necesario ser coherente\ncon estas ideas y por tanto se muestra necesaria la praxis pol\u00edtica, la\nnecesidad de la militancia revolucionaria para transformar el mundo y no solo\nexplicarlo.<\/p>\n\n\n\n<figure class=\"wp-block-image\"><img loading=\"lazy\" decoding=\"async\" width=\"667\" height=\"500\" src=\"https:\/\/www.socialismoobarbarie.org\/wp-content\/uploads\/2019\/04\/2-667x500.jpg\" alt=\"\" class=\"wp-image-12292\" srcset=\"https:\/\/www.socialismoobarbarie.org\/wp-content\/uploads\/2019\/04\/2-667x500.jpg 667w, https:\/\/www.socialismoobarbarie.org\/wp-content\/uploads\/2019\/04\/2-100x75.jpg 100w, https:\/\/www.socialismoobarbarie.org\/wp-content\/uploads\/2019\/04\/2-440x330.jpg 440w, https:\/\/www.socialismoobarbarie.org\/wp-content\/uploads\/2019\/04\/2.jpg 1152w\" sizes=\"auto, (max-width: 667px) 100vw, 667px\" \/><\/figure>\n\n\n\n<p><strong>La crisis ecol\u00f3gica del\ncapitalismo<\/strong><\/p>\n\n\n\n<p>El mi\u00e9rcoles 24 de abril se abord\u00f3 la problem\u00e1tica medioambiental y ecol\u00f3gica\nque ha provocado el capitalismo y se expusieron tres casos de luchas que se est\u00e1n\nllevando adelante en estos momentos en el pa\u00eds; para lo cual se cont\u00f3 con la moderaci\u00f3n\nde Karynm Osegueda, estudiante de Trabajo Social de la UCR.<\/p>\n\n\n\n<p>Esteban Barquero, del Movimiento R\u00edos Libres, explic\u00f3 la lucha en defensa\nde los r\u00edos en el cant\u00f3n de Turrialba, donde una empresa privada pretende acabar\ncon toda una zona boscosa para la construcci\u00f3n de una hidroel\u00e9ctrica que no es\nnecesaria. Luego Ang\u00e9lica Alvarado del Movimiento R\u00edos Vivos relat\u00f3 la pugna que\nest\u00e1n desarrollando en diferentes comunidades de P\u00e9rez Zeled\u00f3n contra las\npeque\u00f1as represas hidroel\u00e9ctricas que intentan apropiarse de los r\u00edos de la\nzona para obtener ganancias a partir de la obligaci\u00f3n del ICE de adquirir la\nelectricidad de generadores privados. <\/p>\n\n\n\n<p>Por su parte Alejandro Garc\u00eda de la Asociaci\u00f3n Ecologista Desamparade\u00f1a convers\u00f3\nsobre la problem\u00e1tica en cuanto a la defensa de la Loma Salitral, en ese cant\u00f3n\njosefino, uno de los \u00faltimos bosques h\u00famedos premontanos del Valle Central que est\u00e1\nsiendo amenazada con el desarrollo urban\u00edstico privado.<\/p>\n\n\n\n<p>Finalmente Deby Calder\u00f3n, militante de Ya Basta y el NPS, expuso la visi\u00f3n\nque desde el marxismo se ha desarrollado sobre la problem\u00e1tica ambiental bajo\nel capitalismo que ha alienado al ser humano no solo de su trabajo sino tambi\u00e9n\nde su relaci\u00f3n con el medio ambiente. El capitalismo como sistema explotador y\ndepredador est\u00e1 en funci\u00f3n de las ganancias y por lo tanto concibe a la\nnaturaleza como una mercanc\u00eda m\u00e1s y busca las formas de convertirla en tal. De esta\nmanera el supuesto \u201ccapitalismo verde\u201d y las soluciones individuales que\nplantea no son una soluci\u00f3n real a la cat\u00e1strofe del planeta.<\/p>\n\n\n\n<p>Adem\u00e1s, durante la actividad se record\u00f3 que justamente ese d\u00eda se conmemora\nel 48 aniversario de la lucha social contra ALCOA, abanderada por el movimiento\nestudiantil secundario y universitario que logr\u00f3 ganar la pelea contra el\ngobierno y esta empresa estadounidense que pretend\u00eda desarrollar una explotaci\u00f3n\nde bauxita en San Isidro del General. <\/p>\n\n\n\n<figure class=\"wp-block-image\"><img loading=\"lazy\" decoding=\"async\" width=\"667\" height=\"500\" src=\"https:\/\/www.socialismoobarbarie.org\/wp-content\/uploads\/2019\/04\/3-667x500.jpg\" alt=\"\" class=\"wp-image-12293\" srcset=\"https:\/\/www.socialismoobarbarie.org\/wp-content\/uploads\/2019\/04\/3-667x500.jpg 667w, https:\/\/www.socialismoobarbarie.org\/wp-content\/uploads\/2019\/04\/3-100x75.jpg 100w, https:\/\/www.socialismoobarbarie.org\/wp-content\/uploads\/2019\/04\/3-440x330.jpg 440w, https:\/\/www.socialismoobarbarie.org\/wp-content\/uploads\/2019\/04\/3.jpg 1152w\" sizes=\"auto, (max-width: 667px) 100vw, 667px\" \/><\/figure>\n\n\n\n<p><strong>Rosa Luxemburgo, su legado te\u00f3rico\ny la vigencia de su pensamiento<\/strong><\/p>\n\n\n\n<p>Finalmente se cerr\u00f3 la semana con el panel conformado por Sonia Angulo (profesora\nde Trabajo Social de la UCR) y Heidy Valencia (docente y militante de Las Rojas\ny el NPS); con la moderaci\u00f3n de Daniela Rojas, militante de Las Rojas y el NPS.<\/p>\n\n\n\n<p>Esta gran revolucionaria que aun hoy, tras cien a\u00f1os de su asesinato, es poco\nestudiada y abordada con mucha cautela por algunos sectores, fue una\nextraordinaria militante revolucionaria, estudiosa y gran oradora. Su abordaje\nde temas como la huelga general, el papel de los parlamentarios de izquierda,\nel imperialismo y el feminismo, son algunos de los grandes aportes que ha legado\na la teor\u00eda y praxis pol\u00edtica marxista.<\/p>\n\n\n\n<p>Desde muy joven, e influenciada por su entorno, se interes\u00f3 por la participaci\u00f3n\npol\u00edtica y logr\u00f3 hacerse un espacio hasta ser una de las principales figuras de\nsu \u00e9poca en el movimiento obrero alem\u00e1n. Se opone a la direcci\u00f3n que toma su\npartido (el SPS) al abandonar los postulados del marxismo y colaborar en la aprobaci\u00f3n\nde los cr\u00e9ditos de guerras que permitieron la masacre de la Primera Guerra\nMundial. Form\u00f3 el grupo Spartacus junto al Karl Liebknecht, que ser\u00eda el\nprecursor del Partido Comunista Alem\u00e1n, desde donde continuo su actividad pol\u00edtica\nhasta que fue asesinada.<\/p>\n\n\n\n<p>Su f\u00f3rmula de socialismo o barbarie, sint\u00e9tica pero con un contenido pol\u00edtico\ngigante, se adelant\u00f3 a su \u00e9poca para describir el futuro de la humanidad (y el\nplaneta) bajo la egida del capitalismo y que hoy d\u00eda es plenamente vigente. <\/p>\n\n\n\n<figure class=\"wp-block-image\"><img loading=\"lazy\" decoding=\"async\" width=\"375\" height=\"500\" src=\"https:\/\/www.socialismoobarbarie.org\/wp-content\/uploads\/2019\/04\/4-375x500.jpg\" alt=\"\" class=\"wp-image-12294\" srcset=\"https:\/\/www.socialismoobarbarie.org\/wp-content\/uploads\/2019\/04\/4-375x500.jpg 375w, https:\/\/www.socialismoobarbarie.org\/wp-content\/uploads\/2019\/04\/4-75x100.jpg 75w, https:\/\/www.socialismoobarbarie.org\/wp-content\/uploads\/2019\/04\/4-248x330.jpg 248w, https:\/\/www.socialismoobarbarie.org\/wp-content\/uploads\/2019\/04\/4.jpg 720w\" sizes=\"auto, (max-width: 375px) 100vw, 375px\" \/><\/figure>\n\n\n\n<p><strong>Es necesaria una alternativa\nde izquierda<\/strong><\/p>\n\n\n\n<p>Es as\u00ed que esta jornada result\u00f3 ser un \u00e9xito al colocarse como un espacio de\namplia discusi\u00f3n y an\u00e1lisis. En un mundo bajo el imperio del capitalismo que no\ntiene, ni merece, ninguna legitimidad social, que genera guerras, migraciones forzosas,\npobreza, desigualdad, crisis y destrucci\u00f3n, la soluci\u00f3n no pasa por \u201cmejorar\u201d\nel sistema, por hacerlo mas \u201chumano\u201d. Estas recetas son una contradicci\u00f3n en s\u00ed\nmismas. <\/p>\n\n\n\n<p>Las crisis del modelo actual solo podr\u00e1n ser abordadas si son las grandes mayor\u00edas\nlas que deciden los asuntos de la sociedad y organizan la econom\u00eda en funci\u00f3n\nde las necesidades del ser humano y la naturaleza no en funci\u00f3n de las\nganancias de unos cuantos.<\/p>\n\n\n\n<p>M\u00e1s all\u00e1 del aprendizaje te\u00f3rico, esta SPS dej\u00f3 en claro la necesidad de\nrelanzar una alternativa de izquierda, socialista, anticapitalista, feminista y\necologista que enfrente al capitalismo, que aglutine a esos amplios sectores (principalmente\nde la juventud) que ahora ven bien la palabra socialismo. <\/p>\n","protected":false},"excerpt":{"rendered":"<p>Por Johan Madriz Del 22 al 26 de abril desde el Nuevo Partido Socialista (NPS), Las Rojas y Ya Basta se realiz\u00f3 la Semana del Pensamiento Socialista 2019 en la Universidad de Costa Rica. Una oportunidad para el intercambio de ideas ante un capitalismo que no va m\u00e1s, que no genera perspectivas y est\u00e1 llevando [&hellip;]<\/p>\n","protected":false},"author":101015,"featured_media":12295,"comment_status":"closed","ping_status":"closed","sticky":false,"template":"","format":"standard","meta":{"footnotes":""},"categories":[122,1662],"tags":[1851,1872,1871,1870,1035,1869,1868],"class_list":{"0":"post-12291","1":"post","2":"type-post","3":"status-publish","4":"format-standard","5":"has-post-thumbnail","7":"category-america-latina-y-el-caribe","8":"category-costa-rica","9":"tag-costa-rica","10":"tag-ecologismo","11":"tag-luxemburgo","12":"tag-marx","13":"tag-nps","14":"tag-socialismo","15":"tag-sps"},"yoast_head":"<!-- This site is optimized with the Yoast SEO plugin v27.5 - https:\/\/yoast.com\/product\/yoast-seo-wordpress\/ -->\n<title>Exitosa Semana del Pensamiento Socialista, es necesaria una alternativa de izquierda - Socialismo o Barbarie<\/title>\n<meta name=\"robots\" content=\"index, follow, max-snippet:-1, max-image-preview:large, max-video-preview:-1\" \/>\n<link rel=\"canonical\" href=\"https:\/\/www.socialismoobarbarie.org\/?p=12291\" \/>\n<meta property=\"og:locale\" content=\"es_ES\" \/>\n<meta property=\"og:type\" content=\"article\" \/>\n<meta property=\"og:title\" content=\"Exitosa Semana del Pensamiento Socialista, es necesaria una alternativa de izquierda - Socialismo o Barbarie\" \/>\n<meta property=\"og:description\" content=\"Por Johan Madriz Del 22 al 26 de abril desde el Nuevo Partido Socialista (NPS), Las Rojas y Ya Basta se realiz\u00f3 la Semana del Pensamiento Socialista 2019 en la Universidad de Costa Rica. Una oportunidad para el intercambio de ideas ante un capitalismo que no va m\u00e1s, que no genera perspectivas y est\u00e1 llevando [&hellip;]\" \/>\n<meta property=\"og:url\" content=\"https:\/\/www.socialismoobarbarie.org\/?p=12291\" \/>\n<meta property=\"og:site_name\" content=\"Socialismo o Barbarie\" \/>\n<meta property=\"article:published_time\" content=\"2019-04-28T23:54:29+00:00\" \/>\n<meta property=\"article:modified_time\" content=\"2019-04-28T23:54:32+00:00\" \/>\n<meta property=\"og:image\" content=\"https:\/\/www.socialismoobarbarie.org\/wp-content\/uploads\/2019\/04\/1.jpg\" \/>\n\t<meta property=\"og:image:width\" content=\"991\" \/>\n\t<meta property=\"og:image:height\" content=\"1282\" \/>\n\t<meta property=\"og:image:type\" content=\"image\/jpeg\" \/>\n<meta name=\"author\" content=\"Redacci\u00f3n\" \/>\n<meta name=\"twitter:card\" content=\"summary_large_image\" \/>\n<meta name=\"twitter:label1\" content=\"Escrito por\" \/>\n\t<meta name=\"twitter:data1\" content=\"Redacci\u00f3n\" \/>\n\t<meta name=\"twitter:label2\" content=\"Tiempo de lectura\" \/>\n\t<meta name=\"twitter:data2\" content=\"6 minutos\" \/>\n<script type=\"application\/ld+json\" class=\"yoast-schema-graph\">{\"@context\":\"https:\\\/\\\/schema.org\",\"@graph\":[{\"@type\":\"Article\",\"@id\":\"https:\\\/\\\/www.socialismoobarbarie.org\\\/?p=12291#article\",\"isPartOf\":{\"@id\":\"https:\\\/\\\/www.socialismoobarbarie.org\\\/?p=12291\"},\"author\":{\"name\":\"Redacci\u00f3n\",\"@id\":\"https:\\\/\\\/www.socialismoobarbarie.org\\\/#\\\/schema\\\/person\\\/cc4f599d5f96bedd8f25c32595586e43\"},\"headline\":\"Exitosa Semana del Pensamiento Socialista, es necesaria una alternativa de izquierda\",\"datePublished\":\"2019-04-28T23:54:29+00:00\",\"dateModified\":\"2019-04-28T23:54:32+00:00\",\"mainEntityOfPage\":{\"@id\":\"https:\\\/\\\/www.socialismoobarbarie.org\\\/?p=12291\"},\"wordCount\":1199,\"publisher\":{\"@id\":\"https:\\\/\\\/www.socialismoobarbarie.org\\\/#organization\"},\"image\":{\"@id\":\"https:\\\/\\\/www.socialismoobarbarie.org\\\/?p=12291#primaryimage\"},\"thumbnailUrl\":\"https:\\\/\\\/www.socialismoobarbarie.org\\\/wp-content\\\/uploads\\\/2019\\\/04\\\/1.jpg\",\"keywords\":[\"costa rica\",\"ecologismo\",\"luxemburgo\",\"marx\",\"NPS\",\"socialismo\",\"sps\"],\"articleSection\":[\"Am\u00e9rica Latina\",\"Costa Rica\"],\"inLanguage\":\"es\"},{\"@type\":\"WebPage\",\"@id\":\"https:\\\/\\\/www.socialismoobarbarie.org\\\/?p=12291\",\"url\":\"https:\\\/\\\/www.socialismoobarbarie.org\\\/?p=12291\",\"name\":\"Exitosa Semana del Pensamiento Socialista, es necesaria una alternativa de izquierda - Socialismo o Barbarie\",\"isPartOf\":{\"@id\":\"https:\\\/\\\/www.socialismoobarbarie.org\\\/#website\"},\"primaryImageOfPage\":{\"@id\":\"https:\\\/\\\/www.socialismoobarbarie.org\\\/?p=12291#primaryimage\"},\"image\":{\"@id\":\"https:\\\/\\\/www.socialismoobarbarie.org\\\/?p=12291#primaryimage\"},\"thumbnailUrl\":\"https:\\\/\\\/www.socialismoobarbarie.org\\\/wp-content\\\/uploads\\\/2019\\\/04\\\/1.jpg\",\"datePublished\":\"2019-04-28T23:54:29+00:00\",\"dateModified\":\"2019-04-28T23:54:32+00:00\",\"breadcrumb\":{\"@id\":\"https:\\\/\\\/www.socialismoobarbarie.org\\\/?p=12291#breadcrumb\"},\"inLanguage\":\"es\",\"potentialAction\":[{\"@type\":\"ReadAction\",\"target\":[\"https:\\\/\\\/www.socialismoobarbarie.org\\\/?p=12291\"]}]},{\"@type\":\"ImageObject\",\"inLanguage\":\"es\",\"@id\":\"https:\\\/\\\/www.socialismoobarbarie.org\\\/?p=12291#primaryimage\",\"url\":\"https:\\\/\\\/www.socialismoobarbarie.org\\\/wp-content\\\/uploads\\\/2019\\\/04\\\/1.jpg\",\"contentUrl\":\"https:\\\/\\\/www.socialismoobarbarie.org\\\/wp-content\\\/uploads\\\/2019\\\/04\\\/1.jpg\",\"width\":991,\"height\":1282},{\"@type\":\"BreadcrumbList\",\"@id\":\"https:\\\/\\\/www.socialismoobarbarie.org\\\/?p=12291#breadcrumb\",\"itemListElement\":[{\"@type\":\"ListItem\",\"position\":1,\"name\":\"Portada\",\"item\":\"https:\\\/\\\/www.socialismoobarbarie.org\\\/\"},{\"@type\":\"ListItem\",\"position\":2,\"name\":\"Exitosa Semana del Pensamiento Socialista, es necesaria una alternativa de izquierda\"}]},{\"@type\":\"WebSite\",\"@id\":\"https:\\\/\\\/www.socialismoobarbarie.org\\\/#website\",\"url\":\"https:\\\/\\\/www.socialismoobarbarie.org\\\/\",\"name\":\"Socialismo o Barbarie\",\"description\":\"Sitio web de la corriente internacional Socialismo o Barbarie\",\"publisher\":{\"@id\":\"https:\\\/\\\/www.socialismoobarbarie.org\\\/#organization\"},\"potentialAction\":[{\"@type\":\"SearchAction\",\"target\":{\"@type\":\"EntryPoint\",\"urlTemplate\":\"https:\\\/\\\/www.socialismoobarbarie.org\\\/?s={search_term_string}\"},\"query-input\":{\"@type\":\"PropertyValueSpecification\",\"valueRequired\":true,\"valueName\":\"search_term_string\"}}],\"inLanguage\":\"es\"},{\"@type\":\"Organization\",\"@id\":\"https:\\\/\\\/www.socialismoobarbarie.org\\\/#organization\",\"name\":\"Socialismo o Barbarie\",\"url\":\"https:\\\/\\\/www.socialismoobarbarie.org\\\/\",\"logo\":{\"@type\":\"ImageObject\",\"inLanguage\":\"es\",\"@id\":\"https:\\\/\\\/www.socialismoobarbarie.org\\\/#\\\/schema\\\/logo\\\/image\\\/\",\"url\":\"https:\\\/\\\/www.socialismoobarbarie.org\\\/wp-content\\\/uploads\\\/2025\\\/02\\\/soblogoweb-2025.png\",\"contentUrl\":\"https:\\\/\\\/www.socialismoobarbarie.org\\\/wp-content\\\/uploads\\\/2025\\\/02\\\/soblogoweb-2025.png\",\"width\":450,\"height\":161,\"caption\":\"Socialismo o Barbarie\"},\"image\":{\"@id\":\"https:\\\/\\\/www.socialismoobarbarie.org\\\/#\\\/schema\\\/logo\\\/image\\\/\"}},{\"@type\":\"Person\",\"@id\":\"https:\\\/\\\/www.socialismoobarbarie.org\\\/#\\\/schema\\\/person\\\/cc4f599d5f96bedd8f25c32595586e43\",\"name\":\"Redacci\u00f3n\",\"url\":\"https:\\\/\\\/www.socialismoobarbarie.org\\\/?author=101015\"}]}<\/script>\n<!-- \/ Yoast SEO plugin. -->","yoast_head_json":{"title":"Exitosa Semana del Pensamiento Socialista, es necesaria una alternativa de izquierda - Socialismo o Barbarie","robots":{"index":"index","follow":"follow","max-snippet":"max-snippet:-1","max-image-preview":"max-image-preview:large","max-video-preview":"max-video-preview:-1"},"canonical":"https:\/\/www.socialismoobarbarie.org\/?p=12291","og_locale":"es_ES","og_type":"article","og_title":"Exitosa Semana del Pensamiento Socialista, es necesaria una alternativa de izquierda - Socialismo o Barbarie","og_description":"Por Johan Madriz Del 22 al 26 de abril desde el Nuevo Partido Socialista (NPS), Las Rojas y Ya Basta se realiz\u00f3 la Semana del Pensamiento Socialista 2019 en la Universidad de Costa Rica. Una oportunidad para el intercambio de ideas ante un capitalismo que no va m\u00e1s, que no genera perspectivas y est\u00e1 llevando [&hellip;]","og_url":"https:\/\/www.socialismoobarbarie.org\/?p=12291","og_site_name":"Socialismo o Barbarie","article_published_time":"2019-04-28T23:54:29+00:00","article_modified_time":"2019-04-28T23:54:32+00:00","og_image":[{"width":991,"height":1282,"url":"https:\/\/www.socialismoobarbarie.org\/wp-content\/uploads\/2019\/04\/1.jpg","type":"image\/jpeg"}],"author":"Redacci\u00f3n","twitter_card":"summary_large_image","twitter_misc":{"Escrito por":"Redacci\u00f3n","Tiempo de lectura":"6 minutos"},"schema":{"@context":"https:\/\/schema.org","@graph":[{"@type":"Article","@id":"https:\/\/www.socialismoobarbarie.org\/?p=12291#article","isPartOf":{"@id":"https:\/\/www.socialismoobarbarie.org\/?p=12291"},"author":{"name":"Redacci\u00f3n","@id":"https:\/\/www.socialismoobarbarie.org\/#\/schema\/person\/cc4f599d5f96bedd8f25c32595586e43"},"headline":"Exitosa Semana del Pensamiento Socialista, es necesaria una alternativa de izquierda","datePublished":"2019-04-28T23:54:29+00:00","dateModified":"2019-04-28T23:54:32+00:00","mainEntityOfPage":{"@id":"https:\/\/www.socialismoobarbarie.org\/?p=12291"},"wordCount":1199,"publisher":{"@id":"https:\/\/www.socialismoobarbarie.org\/#organization"},"image":{"@id":"https:\/\/www.socialismoobarbarie.org\/?p=12291#primaryimage"},"thumbnailUrl":"https:\/\/www.socialismoobarbarie.org\/wp-content\/uploads\/2019\/04\/1.jpg","keywords":["costa rica","ecologismo","luxemburgo","marx","NPS","socialismo","sps"],"articleSection":["Am\u00e9rica Latina","Costa Rica"],"inLanguage":"es"},{"@type":"WebPage","@id":"https:\/\/www.socialismoobarbarie.org\/?p=12291","url":"https:\/\/www.socialismoobarbarie.org\/?p=12291","name":"Exitosa Semana del Pensamiento Socialista, es necesaria una alternativa de izquierda - Socialismo o Barbarie","isPartOf":{"@id":"https:\/\/www.socialismoobarbarie.org\/#website"},"primaryImageOfPage":{"@id":"https:\/\/www.socialismoobarbarie.org\/?p=12291#primaryimage"},"image":{"@id":"https:\/\/www.socialismoobarbarie.org\/?p=12291#primaryimage"},"thumbnailUrl":"https:\/\/www.socialismoobarbarie.org\/wp-content\/uploads\/2019\/04\/1.jpg","datePublished":"2019-04-28T23:54:29+00:00","dateModified":"2019-04-28T23:54:32+00:00","breadcrumb":{"@id":"https:\/\/www.socialismoobarbarie.org\/?p=12291#breadcrumb"},"inLanguage":"es","potentialAction":[{"@type":"ReadAction","target":["https:\/\/www.socialismoobarbarie.org\/?p=12291"]}]},{"@type":"ImageObject","inLanguage":"es","@id":"https:\/\/www.socialismoobarbarie.org\/?p=12291#primaryimage","url":"https:\/\/www.socialismoobarbarie.org\/wp-content\/uploads\/2019\/04\/1.jpg","contentUrl":"https:\/\/www.socialismoobarbarie.org\/wp-content\/uploads\/2019\/04\/1.jpg","width":991,"height":1282},{"@type":"BreadcrumbList","@id":"https:\/\/www.socialismoobarbarie.org\/?p=12291#breadcrumb","itemListElement":[{"@type":"ListItem","position":1,"name":"Portada","item":"https:\/\/www.socialismoobarbarie.org\/"},{"@type":"ListItem","position":2,"name":"Exitosa Semana del Pensamiento Socialista, es necesaria una alternativa de izquierda"}]},{"@type":"WebSite","@id":"https:\/\/www.socialismoobarbarie.org\/#website","url":"https:\/\/www.socialismoobarbarie.org\/","name":"Socialismo o Barbarie","description":"Sitio web de la corriente internacional Socialismo o Barbarie","publisher":{"@id":"https:\/\/www.socialismoobarbarie.org\/#organization"},"potentialAction":[{"@type":"SearchAction","target":{"@type":"EntryPoint","urlTemplate":"https:\/\/www.socialismoobarbarie.org\/?s={search_term_string}"},"query-input":{"@type":"PropertyValueSpecification","valueRequired":true,"valueName":"search_term_string"}}],"inLanguage":"es"},{"@type":"Organization","@id":"https:\/\/www.socialismoobarbarie.org\/#organization","name":"Socialismo o Barbarie","url":"https:\/\/www.socialismoobarbarie.org\/","logo":{"@type":"ImageObject","inLanguage":"es","@id":"https:\/\/www.socialismoobarbarie.org\/#\/schema\/logo\/image\/","url":"https:\/\/www.socialismoobarbarie.org\/wp-content\/uploads\/2025\/02\/soblogoweb-2025.png","contentUrl":"https:\/\/www.socialismoobarbarie.org\/wp-content\/uploads\/2025\/02\/soblogoweb-2025.png","width":450,"height":161,"caption":"Socialismo o Barbarie"},"image":{"@id":"https:\/\/www.socialismoobarbarie.org\/#\/schema\/logo\/image\/"}},{"@type":"Person","@id":"https:\/\/www.socialismoobarbarie.org\/#\/schema\/person\/cc4f599d5f96bedd8f25c32595586e43","name":"Redacci\u00f3n","url":"https:\/\/www.socialismoobarbarie.org\/?author=101015"}]}},"_links":{"self":[{"href":"https:\/\/www.socialismoobarbarie.org\/index.php?rest_route=\/wp\/v2\/posts\/12291","targetHints":{"allow":["GET"]}}],"collection":[{"href":"https:\/\/www.socialismoobarbarie.org\/index.php?rest_route=\/wp\/v2\/posts"}],"about":[{"href":"https:\/\/www.socialismoobarbarie.org\/index.php?rest_route=\/wp\/v2\/types\/post"}],"author":[{"embeddable":true,"href":"https:\/\/www.socialismoobarbarie.org\/index.php?rest_route=\/wp\/v2\/users\/101015"}],"replies":[{"embeddable":true,"href":"https:\/\/www.socialismoobarbarie.org\/index.php?rest_route=%2Fwp%2Fv2%2Fcomments&post=12291"}],"version-history":[{"count":1,"href":"https:\/\/www.socialismoobarbarie.org\/index.php?rest_route=\/wp\/v2\/posts\/12291\/revisions"}],"predecessor-version":[{"id":12296,"href":"https:\/\/www.socialismoobarbarie.org\/index.php?rest_route=\/wp\/v2\/posts\/12291\/revisions\/12296"}],"wp:featuredmedia":[{"embeddable":true,"href":"https:\/\/www.socialismoobarbarie.org\/index.php?rest_route=\/wp\/v2\/media\/12295"}],"wp:attachment":[{"href":"https:\/\/www.socialismoobarbarie.org\/index.php?rest_route=%2Fwp%2Fv2%2Fmedia&parent=12291"}],"wp:term":[{"taxonomy":"category","embeddable":true,"href":"https:\/\/www.socialismoobarbarie.org\/index.php?rest_route=%2Fwp%2Fv2%2Fcategories&post=12291"},{"taxonomy":"post_tag","embeddable":true,"href":"https:\/\/www.socialismoobarbarie.org\/index.php?rest_route=%2Fwp%2Fv2%2Ftags&post=12291"}],"curies":[{"name":"wp","href":"https:\/\/api.w.org\/{rel}","templated":true}]}}