{"id":12312,"date":"2019-04-30T16:10:43","date_gmt":"2019-04-30T19:10:43","guid":{"rendered":"https:\/\/www.socialismoobarbarie.org\/?p=12312"},"modified":"2019-04-30T16:10:54","modified_gmt":"2019-04-30T19:10:54","slug":"carlos-alvarado-un-presidente-de-los-de-arriba-contra-los-de-abajo","status":"publish","type":"post","link":"https:\/\/www.socialismoobarbarie.org\/?p=12312","title":{"rendered":"Carlos Alvarado: un presidente de los de arriba contra los de abajo"},"content":{"rendered":"\n<p><em>\u201cY as\u00ed como\nen la vida privada se distingue entre lo que un hombre piensa y dice de s\u00ed\nmismo y lo que realmente es y hace, en las luchas hist\u00f3ricas hay que distinguir\ntodav\u00eda m\u00e1s entre las frases y las figuraciones de los partidos y su organismo\nreal y sus intereses reales, entre lo que se imaginan ser y lo que en realidad\nson\u201d.<\/em><\/p>\n\n\n\n<p><strong><em>Carlos Marx en \u201cEl 18 Brumario de Luis Bonaparte\u201d<\/em><\/strong><\/p>\n\n\n\n<p><strong>Por V\u00edctor\nArtavia Quir\u00f3s<\/strong><\/p>\n\n\n\n<p>El 8 de mayo se cumple el primer a\u00f1o de gobierno\nde Carlos Alvarado y, como es usual para la ocasi\u00f3n, es buen momento de hacer\nbalance sobre su gesti\u00f3n. Recordemos que asumi\u00f3 la presidencia luego de una\ncampa\u00f1a electoral altamente polarizada con Fabricio Alvarado, candidato del\npartido evang\u00e9lico-fundamentalista Restauraci\u00f3n Nacional. Esto fue vital para\nel triunfo de Carlos Alvarado, quien se present\u00f3 como un candidato joven que\ndefend\u00eda una agenda progresista y los derechos democr\u00e1ticos (como el Estado\nlaico y la firma de la norma t\u00e9cnica de aborto impune) ante el peligro\nfundamentalista que representaba su contrincante. <\/p>\n\n\n\n<p>Pero ese discurso\nprogresista mostr\u00f3 sus l\u00edmites desde el inicio, cuando el nuevo gobierno de\n\u201cunidad nacional\u201d dej\u00f3 en claro su vinculaci\u00f3n directa con el gran capital\ntransnacional y nacional, incluyendo en su gabinete a figuras de la <strong>Unidad Social Cristiana (PUSC)<\/strong> que\nmanejan la pol\u00edtica econ\u00f3mica de ajuste fiscal, as\u00ed como a otros representantes\ndirectos de los empresarios (como Andr\u00e9 Garnier).<\/p>\n\n\n\n<p>As\u00ed, la car\u00e1tula progre\ndel nuevo gobierno del PAC no tard\u00f3 en diluirse, demostrando que en realidad\ngobierna al mejor estilo de cualquier partido neoliberal tradicional. <\/p>\n\n\n\n<p><strong>Un gobierno\nde los de arriba<\/strong><\/p>\n\n\n\n<p>Reci\u00e9n asumi\u00f3 funciones,\nAlvarado se avoc\u00f3 a la aprobaci\u00f3n del Plan Fiscal con el objetivo de paliar (de\nforma parcial y coyuntural) el d\u00e9ficit fiscal, mediante el aumento de impuestos\nindirectos que afectan a los sectores trabajadores y populares, adem\u00e1s de\nincluir en la reforma medidas de austeridad como la \u201cregla fiscal\u201d que abre el\nportillo para aplicar recortes brutales sobre el presupuesto de instituciones\np\u00fablicas. <\/p>\n\n\n\n<p>Esto desat\u00f3 la huelga\ncontra el Combo Fiscal, donde el gobierno demostr\u00f3 su faceta autoritaria con la\nrepresi\u00f3n a las manifestaciones en varios puntos del pa\u00eds, adem\u00e1s de promover\nuna campa\u00f1a de mentiras acusando a los huelguistas de sabotear los planteles de\nRECOPE. Incluso el trabajador Carlos Andr\u00e9s P\u00e9rez estuvo preso varios meses, aunque\nposteriormente fue liberado por los innumerables vicios procesales del juicio donde\nse le conden\u00f3 (a grado tal que, el juez que lo presidi\u00f3, est\u00e1 bajo\ninvestigaci\u00f3n del Tribunal de Inspecci\u00f3n Judicial). <\/p>\n\n\n\n<p>Para este a\u00f1o el gobierno\nsigue a la ofensiva con sus ataques contra la clase trabajadora, en particular\ncon sus proyectos de ley de empleo p\u00fablico mediante la imposici\u00f3n del \u201csalario\nglobal\u201d, con la finalidad de que los salarios disminuyan paulatinamente y\nabriendo el portillo para facilitar los despidos en el sector p\u00fablico por medio\ndel sistema de evaluaci\u00f3n de labores, el cual dar\u00e1 pie a mayor acoso laboral y\nanti-sindical en los centros de trabajo (ver nota en p\u00e1gina 3). De igual\nmanera, el gobierno con sus ataques a la huelga, habilit\u00f3 a un sector de\npartido patronales para que presentaran un proyecto de ley que viene a prohibir\nen los hechos las huelgas en el sector p\u00fablico, el cual est\u00e1 pr\u00f3ximo a votarse\nen la Asamblea Legislativa con el benepl\u00e1cito de la fracci\u00f3n del PAC (y ante lo\ncual las dirigencias sindicales no pasan de una oposici\u00f3n en comunicados).<\/p>\n\n\n\n<p>&nbsp;Por \u00faltimo, Alvarado demostr\u00f3 su sumisi\u00f3n\ntotal al imperialismo al sumarse al operativo golpista en Venezuela con el\n\u201cGrupo de Lima\u201d, pretendiendo imponer como presidente al t\u00edtere de Guaid\u00f3 como\nagente directo de Trump. Desde el NPS somos cr\u00edticos del chavismo, del gobierno\nde Maduro y rechazamos que su gesti\u00f3n sea socialista (en realidad es un\ncapitalismo de Estado que realiz\u00f3 algunas reformas, pero que tambi\u00e9n cre\u00f3 una boliburgues\u00eda\nque se enriqueci\u00f3 desde el poder), pero esto no significa que apoyemos un golpe\nde Estado orquestado desde la Casa Blanca en beneficio directo del imperialismo\nyanqui. <\/p>\n\n\n\n<p><strong>Frente Amplio: la sombra \u201cizquierda\u201d del PAC<\/strong><\/p>\n\n\n\n<p>&nbsp;&nbsp;&nbsp;&nbsp; No podemos dejar de se\u00f1alar el papel c\u00f3mplice de la c\u00fapula del <strong>Frente Amplio (FA)<\/strong> con el gobierno,\nrepresentado con la participaci\u00f3n de Patricia Mora como Ministra de la\nCondici\u00f3n de la Mujer, quien sostiene que acept\u00f3 el puesto porque comparte la\nagenda de Alvarado en derechos humanos, aunque se opone a la agenda de ajuste\nfiscal. <\/p>\n\n\n\n<p>&nbsp;&nbsp;&nbsp;&nbsp; Es absurdo pretender defender los derechos de las mujeres siendo\nparte de un gobierno neoliberal y de ajuste fiscal, donde las mujeres son las\nprimeras afectadas (por ejemplo el desempleo siempre es mayor entre las\nmujeres, como se indica en el art\u00edculo del tema en p\u00e1gina 7). Pero tambi\u00e9n\nporque Patricia Mora, quiera o no, en su calidad de ministra legitima al\ngobierno para presentarse como \u201cprogresista\u201d y hace m\u00e1s dif\u00edcil que la clase\ntrabajadora, estudiantes y mujeres, comprendan el car\u00e1cter neoliberal de la\nadministraci\u00f3n Alvarado y la necesidad de enfrentar su agenda de ajuste en las\ncalles. <\/p>\n\n\n\n<p>&nbsp;&nbsp;&nbsp;&nbsp; En el caso de Jos\u00e9 Mar\u00eda Villalta se opuso al combo fiscal en la\nAsamblea Legislativa y, cada tanto, critica al gobierno en los medios de\ncomunicaci\u00f3n. Eso est\u00e1 bien, pero pierde sentido si no coloca su intervenci\u00f3n\nlegislativa como punto de apoyo para derrotar al gobierno en las calles, para\nlo cual deber\u00eda empezar por exigir la salida inmediata de Mora del gobierno, un\ngolpe pol\u00edtico que deteriorar\u00eda (aunque sea de forma parcial) la gobernabilidad\nde Carlos Alvarado. <\/p>\n\n\n\n<p>&nbsp;&nbsp;&nbsp;&nbsp; Esto explica que, en medio de una coyuntura de creciente\npolarizaci\u00f3n pol\u00edtica, el FA pierda protagonismo en las luchas y acompa\u00f1e el\ngiro a la derecha del gobierno. Tambi\u00e9n da cuentas de la molestia de sectores\nhonestos y luchadores de base del FA que adversan al gobierno de Alvarado y no\napoyan las orientaciones colaboracionistas impuestas por la c\u00fapula del partido.\n<\/p>\n\n\n\n<p><strong>\u00a1Organic\u00e9monos para luchar por los derechos de la clase\ntrabajadora, las mujeres y en defensa del medio ambiente!<\/strong><\/p>\n\n\n\n<p>&nbsp;&nbsp;&nbsp;&nbsp; El gobierno de Carlos Alvarado est\u00e1 a la ofensiva con la\nimposici\u00f3n de medidas de ajuste que la burgues\u00eda a\u00f1ora desde hac\u00eda varias\nd\u00e9cadas y profundizando el car\u00e1cter reaccionario del Estado costarricense. La\naprobaci\u00f3n del Plan Fiscal, la inminente destrucci\u00f3n de JAPDEVA por la entrega\nvergonzosa de los muelles a APM Terminals, la ley de empleo p\u00fablico, entre\notras medidas, hacen parte de la hoja de ruta que tiene la burgues\u00eda para\nlograr una <strong>nueva configuraci\u00f3n pol\u00edtica\nen el Estado<\/strong>, m\u00e1s acorde a sus intereses como clase dominante. <\/p>\n\n\n\n<p>Es una apuesta riesgosa,\nporque lo hace en medio de una situaci\u00f3n econ\u00f3mica dif\u00edcil que potencia el\nmalestar con el gobierno desde abajo, sobre todo con el aumento del desempleo e\nimplica <strong>forzar hacia la derecha la\ncorrelaci\u00f3n de fuerzas entre las clases sociales. <\/strong><\/p>\n\n\n\n<p>Esto alimenta el <strong>clima de polarizaci\u00f3n pol\u00edtica<\/strong>, el cual\nno se cerr\u00f3 luego de las elecciones; por el contrario, persisten elementos que\nexpresan los avances de un <strong>polo\nreaccionario<\/strong> (como el crecimiento de los partidos evang\u00e9licos que son <strong>oposici\u00f3n<\/strong> <strong>sistem\u00e1tica<\/strong> <strong>por la derecha <\/strong>al\nPAC o los discursos anti-sindicales del PLN y el PUSC), pero tambi\u00e9n la emergencia\nde un <strong>polo democr\u00e1tico<\/strong> con\nrespuestas desde <strong>abajo<\/strong> y <strong>por la izquierda<\/strong> contra los ataques del\ngobierno y los sectores conservadores, lo cual se expresa en la emergencia del\nmovimiento de mujeres (un fen\u00f3meno internacional con replica en el pa\u00eds), las\nluchas ambientalistas, etc.<\/p>\n\n\n\n<p>En este contexto se hace\nnecesario la construcci\u00f3n de una alternativa de izquierda anticapitalista que\ncuestione el sistema dominante, para luchar porque la crisis capitalista la\npaguen los ricos con impuestos al gran capital, pero que tambi\u00e9n levante las\nbanderas de la lucha feminista y ecologista, movimientos de una enorme\nimportancia en el siglo XXI. El FA demostr\u00f3 que su proyecto no va m\u00e1s all\u00e1 de\nlas paredes de la Asamblea Legislativa, convirti\u00e9ndose en la sombra izquierda\ndel PAC. Desde el <strong>Nuevo Partido\nSocialista (NPS)<\/strong>,<strong> Las Rojas <\/strong>y<strong> Ya Basta<\/strong> trabajamos en la perspectiva\nde construir un partido socialista, anticapitalista, feminista y ecologista\npara las luchas de la clase trabajadora, las mujeres y la juventud, e invitamos\na todos nuestros lectores y lectoras a sumarse. <\/p>\n","protected":false},"excerpt":{"rendered":"<p>\u201cY as\u00ed como en la vida privada se distingue entre lo que un hombre piensa y dice de s\u00ed mismo y lo que realmente es y hace, en las luchas hist\u00f3ricas hay que distinguir todav\u00eda m\u00e1s entre las frases y las figuraciones de los partidos y su organismo real y sus intereses reales, entre lo [&hellip;]<\/p>\n","protected":false},"author":101015,"featured_media":12313,"comment_status":"closed","ping_status":"closed","sticky":false,"template":"","format":"standard","meta":{"footnotes":""},"categories":[122,1662],"tags":[1854,1851,1889,1035,1888,1858],"class_list":{"0":"post-12312","1":"post","2":"type-post","3":"status-publish","4":"format-standard","5":"has-post-thumbnail","7":"category-america-latina-y-el-caribe","8":"category-costa-rica","9":"tag-carlos-alvarado","10":"tag-costa-rica","11":"tag-frente-amplio","12":"tag-nps","13":"tag-pac","14":"tag-plan-fiscal"},"yoast_head":"<!-- This site is optimized with the Yoast SEO plugin v27.5 - https:\/\/yoast.com\/product\/yoast-seo-wordpress\/ -->\n<title>Carlos Alvarado: un presidente de los de arriba contra los de abajo - Socialismo o Barbarie<\/title>\n<meta name=\"robots\" content=\"index, follow, max-snippet:-1, max-image-preview:large, max-video-preview:-1\" \/>\n<link rel=\"canonical\" href=\"https:\/\/www.socialismoobarbarie.org\/?p=12312\" \/>\n<meta property=\"og:locale\" content=\"es_ES\" \/>\n<meta property=\"og:type\" content=\"article\" \/>\n<meta property=\"og:title\" content=\"Carlos Alvarado: un presidente de los de arriba contra los de abajo - Socialismo o Barbarie\" \/>\n<meta property=\"og:description\" content=\"\u201cY as\u00ed como en la vida privada se distingue entre lo que un hombre piensa y dice de s\u00ed mismo y lo que realmente es y hace, en las luchas hist\u00f3ricas hay que distinguir todav\u00eda m\u00e1s entre las frases y las figuraciones de los partidos y su organismo real y sus intereses reales, entre lo [&hellip;]\" \/>\n<meta property=\"og:url\" content=\"https:\/\/www.socialismoobarbarie.org\/?p=12312\" \/>\n<meta property=\"og:site_name\" content=\"Socialismo o Barbarie\" \/>\n<meta property=\"article:published_time\" content=\"2019-04-30T19:10:43+00:00\" \/>\n<meta property=\"article:modified_time\" content=\"2019-04-30T19:10:54+00:00\" \/>\n<meta property=\"og:image\" content=\"https:\/\/www.socialismoobarbarie.org\/wp-content\/uploads\/2019\/04\/edito1.png\" \/>\n\t<meta property=\"og:image:width\" content=\"991\" \/>\n\t<meta property=\"og:image:height\" content=\"1220\" \/>\n\t<meta property=\"og:image:type\" content=\"image\/png\" \/>\n<meta name=\"author\" content=\"Redacci\u00f3n\" \/>\n<meta name=\"twitter:card\" content=\"summary_large_image\" \/>\n<meta name=\"twitter:label1\" content=\"Escrito por\" \/>\n\t<meta name=\"twitter:data1\" content=\"Redacci\u00f3n\" \/>\n\t<meta name=\"twitter:label2\" content=\"Tiempo de lectura\" \/>\n\t<meta name=\"twitter:data2\" content=\"7 minutos\" \/>\n<script type=\"application\/ld+json\" class=\"yoast-schema-graph\">{\"@context\":\"https:\\\/\\\/schema.org\",\"@graph\":[{\"@type\":\"Article\",\"@id\":\"https:\\\/\\\/www.socialismoobarbarie.org\\\/?p=12312#article\",\"isPartOf\":{\"@id\":\"https:\\\/\\\/www.socialismoobarbarie.org\\\/?p=12312\"},\"author\":{\"name\":\"Redacci\u00f3n\",\"@id\":\"https:\\\/\\\/www.socialismoobarbarie.org\\\/#\\\/schema\\\/person\\\/cc4f599d5f96bedd8f25c32595586e43\"},\"headline\":\"Carlos Alvarado: un presidente de los de arriba contra los de abajo\",\"datePublished\":\"2019-04-30T19:10:43+00:00\",\"dateModified\":\"2019-04-30T19:10:54+00:00\",\"mainEntityOfPage\":{\"@id\":\"https:\\\/\\\/www.socialismoobarbarie.org\\\/?p=12312\"},\"wordCount\":1479,\"publisher\":{\"@id\":\"https:\\\/\\\/www.socialismoobarbarie.org\\\/#organization\"},\"image\":{\"@id\":\"https:\\\/\\\/www.socialismoobarbarie.org\\\/?p=12312#primaryimage\"},\"thumbnailUrl\":\"https:\\\/\\\/www.socialismoobarbarie.org\\\/wp-content\\\/uploads\\\/2019\\\/04\\\/edito1.png\",\"keywords\":[\"carlos alvarado\",\"costa rica\",\"frente amplio\",\"NPS\",\"pac\",\"plan fiscal\"],\"articleSection\":[\"Am\u00e9rica Latina\",\"Costa Rica\"],\"inLanguage\":\"es\"},{\"@type\":\"WebPage\",\"@id\":\"https:\\\/\\\/www.socialismoobarbarie.org\\\/?p=12312\",\"url\":\"https:\\\/\\\/www.socialismoobarbarie.org\\\/?p=12312\",\"name\":\"Carlos Alvarado: un presidente de los de arriba contra los de abajo - Socialismo o Barbarie\",\"isPartOf\":{\"@id\":\"https:\\\/\\\/www.socialismoobarbarie.org\\\/#website\"},\"primaryImageOfPage\":{\"@id\":\"https:\\\/\\\/www.socialismoobarbarie.org\\\/?p=12312#primaryimage\"},\"image\":{\"@id\":\"https:\\\/\\\/www.socialismoobarbarie.org\\\/?p=12312#primaryimage\"},\"thumbnailUrl\":\"https:\\\/\\\/www.socialismoobarbarie.org\\\/wp-content\\\/uploads\\\/2019\\\/04\\\/edito1.png\",\"datePublished\":\"2019-04-30T19:10:43+00:00\",\"dateModified\":\"2019-04-30T19:10:54+00:00\",\"breadcrumb\":{\"@id\":\"https:\\\/\\\/www.socialismoobarbarie.org\\\/?p=12312#breadcrumb\"},\"inLanguage\":\"es\",\"potentialAction\":[{\"@type\":\"ReadAction\",\"target\":[\"https:\\\/\\\/www.socialismoobarbarie.org\\\/?p=12312\"]}]},{\"@type\":\"ImageObject\",\"inLanguage\":\"es\",\"@id\":\"https:\\\/\\\/www.socialismoobarbarie.org\\\/?p=12312#primaryimage\",\"url\":\"https:\\\/\\\/www.socialismoobarbarie.org\\\/wp-content\\\/uploads\\\/2019\\\/04\\\/edito1.png\",\"contentUrl\":\"https:\\\/\\\/www.socialismoobarbarie.org\\\/wp-content\\\/uploads\\\/2019\\\/04\\\/edito1.png\",\"width\":991,\"height\":1220},{\"@type\":\"BreadcrumbList\",\"@id\":\"https:\\\/\\\/www.socialismoobarbarie.org\\\/?p=12312#breadcrumb\",\"itemListElement\":[{\"@type\":\"ListItem\",\"position\":1,\"name\":\"Portada\",\"item\":\"https:\\\/\\\/www.socialismoobarbarie.org\\\/\"},{\"@type\":\"ListItem\",\"position\":2,\"name\":\"Carlos Alvarado: un presidente de los de arriba contra los de abajo\"}]},{\"@type\":\"WebSite\",\"@id\":\"https:\\\/\\\/www.socialismoobarbarie.org\\\/#website\",\"url\":\"https:\\\/\\\/www.socialismoobarbarie.org\\\/\",\"name\":\"Socialismo o Barbarie\",\"description\":\"Sitio web de la corriente internacional Socialismo o Barbarie\",\"publisher\":{\"@id\":\"https:\\\/\\\/www.socialismoobarbarie.org\\\/#organization\"},\"potentialAction\":[{\"@type\":\"SearchAction\",\"target\":{\"@type\":\"EntryPoint\",\"urlTemplate\":\"https:\\\/\\\/www.socialismoobarbarie.org\\\/?s={search_term_string}\"},\"query-input\":{\"@type\":\"PropertyValueSpecification\",\"valueRequired\":true,\"valueName\":\"search_term_string\"}}],\"inLanguage\":\"es\"},{\"@type\":\"Organization\",\"@id\":\"https:\\\/\\\/www.socialismoobarbarie.org\\\/#organization\",\"name\":\"Socialismo o Barbarie\",\"url\":\"https:\\\/\\\/www.socialismoobarbarie.org\\\/\",\"logo\":{\"@type\":\"ImageObject\",\"inLanguage\":\"es\",\"@id\":\"https:\\\/\\\/www.socialismoobarbarie.org\\\/#\\\/schema\\\/logo\\\/image\\\/\",\"url\":\"https:\\\/\\\/www.socialismoobarbarie.org\\\/wp-content\\\/uploads\\\/2025\\\/02\\\/soblogoweb-2025.png\",\"contentUrl\":\"https:\\\/\\\/www.socialismoobarbarie.org\\\/wp-content\\\/uploads\\\/2025\\\/02\\\/soblogoweb-2025.png\",\"width\":450,\"height\":161,\"caption\":\"Socialismo o Barbarie\"},\"image\":{\"@id\":\"https:\\\/\\\/www.socialismoobarbarie.org\\\/#\\\/schema\\\/logo\\\/image\\\/\"}},{\"@type\":\"Person\",\"@id\":\"https:\\\/\\\/www.socialismoobarbarie.org\\\/#\\\/schema\\\/person\\\/cc4f599d5f96bedd8f25c32595586e43\",\"name\":\"Redacci\u00f3n\",\"url\":\"https:\\\/\\\/www.socialismoobarbarie.org\\\/?author=101015\"}]}<\/script>\n<!-- \/ Yoast SEO plugin. -->","yoast_head_json":{"title":"Carlos Alvarado: un presidente de los de arriba contra los de abajo - Socialismo o Barbarie","robots":{"index":"index","follow":"follow","max-snippet":"max-snippet:-1","max-image-preview":"max-image-preview:large","max-video-preview":"max-video-preview:-1"},"canonical":"https:\/\/www.socialismoobarbarie.org\/?p=12312","og_locale":"es_ES","og_type":"article","og_title":"Carlos Alvarado: un presidente de los de arriba contra los de abajo - Socialismo o Barbarie","og_description":"\u201cY as\u00ed como en la vida privada se distingue entre lo que un hombre piensa y dice de s\u00ed mismo y lo que realmente es y hace, en las luchas hist\u00f3ricas hay que distinguir todav\u00eda m\u00e1s entre las frases y las figuraciones de los partidos y su organismo real y sus intereses reales, entre lo [&hellip;]","og_url":"https:\/\/www.socialismoobarbarie.org\/?p=12312","og_site_name":"Socialismo o Barbarie","article_published_time":"2019-04-30T19:10:43+00:00","article_modified_time":"2019-04-30T19:10:54+00:00","og_image":[{"width":991,"height":1220,"url":"https:\/\/www.socialismoobarbarie.org\/wp-content\/uploads\/2019\/04\/edito1.png","type":"image\/png"}],"author":"Redacci\u00f3n","twitter_card":"summary_large_image","twitter_misc":{"Escrito por":"Redacci\u00f3n","Tiempo de lectura":"7 minutos"},"schema":{"@context":"https:\/\/schema.org","@graph":[{"@type":"Article","@id":"https:\/\/www.socialismoobarbarie.org\/?p=12312#article","isPartOf":{"@id":"https:\/\/www.socialismoobarbarie.org\/?p=12312"},"author":{"name":"Redacci\u00f3n","@id":"https:\/\/www.socialismoobarbarie.org\/#\/schema\/person\/cc4f599d5f96bedd8f25c32595586e43"},"headline":"Carlos Alvarado: un presidente de los de arriba contra los de abajo","datePublished":"2019-04-30T19:10:43+00:00","dateModified":"2019-04-30T19:10:54+00:00","mainEntityOfPage":{"@id":"https:\/\/www.socialismoobarbarie.org\/?p=12312"},"wordCount":1479,"publisher":{"@id":"https:\/\/www.socialismoobarbarie.org\/#organization"},"image":{"@id":"https:\/\/www.socialismoobarbarie.org\/?p=12312#primaryimage"},"thumbnailUrl":"https:\/\/www.socialismoobarbarie.org\/wp-content\/uploads\/2019\/04\/edito1.png","keywords":["carlos alvarado","costa rica","frente amplio","NPS","pac","plan fiscal"],"articleSection":["Am\u00e9rica Latina","Costa Rica"],"inLanguage":"es"},{"@type":"WebPage","@id":"https:\/\/www.socialismoobarbarie.org\/?p=12312","url":"https:\/\/www.socialismoobarbarie.org\/?p=12312","name":"Carlos Alvarado: un presidente de los de arriba contra los de abajo - Socialismo o Barbarie","isPartOf":{"@id":"https:\/\/www.socialismoobarbarie.org\/#website"},"primaryImageOfPage":{"@id":"https:\/\/www.socialismoobarbarie.org\/?p=12312#primaryimage"},"image":{"@id":"https:\/\/www.socialismoobarbarie.org\/?p=12312#primaryimage"},"thumbnailUrl":"https:\/\/www.socialismoobarbarie.org\/wp-content\/uploads\/2019\/04\/edito1.png","datePublished":"2019-04-30T19:10:43+00:00","dateModified":"2019-04-30T19:10:54+00:00","breadcrumb":{"@id":"https:\/\/www.socialismoobarbarie.org\/?p=12312#breadcrumb"},"inLanguage":"es","potentialAction":[{"@type":"ReadAction","target":["https:\/\/www.socialismoobarbarie.org\/?p=12312"]}]},{"@type":"ImageObject","inLanguage":"es","@id":"https:\/\/www.socialismoobarbarie.org\/?p=12312#primaryimage","url":"https:\/\/www.socialismoobarbarie.org\/wp-content\/uploads\/2019\/04\/edito1.png","contentUrl":"https:\/\/www.socialismoobarbarie.org\/wp-content\/uploads\/2019\/04\/edito1.png","width":991,"height":1220},{"@type":"BreadcrumbList","@id":"https:\/\/www.socialismoobarbarie.org\/?p=12312#breadcrumb","itemListElement":[{"@type":"ListItem","position":1,"name":"Portada","item":"https:\/\/www.socialismoobarbarie.org\/"},{"@type":"ListItem","position":2,"name":"Carlos Alvarado: un presidente de los de arriba contra los de abajo"}]},{"@type":"WebSite","@id":"https:\/\/www.socialismoobarbarie.org\/#website","url":"https:\/\/www.socialismoobarbarie.org\/","name":"Socialismo o Barbarie","description":"Sitio web de la corriente internacional Socialismo o Barbarie","publisher":{"@id":"https:\/\/www.socialismoobarbarie.org\/#organization"},"potentialAction":[{"@type":"SearchAction","target":{"@type":"EntryPoint","urlTemplate":"https:\/\/www.socialismoobarbarie.org\/?s={search_term_string}"},"query-input":{"@type":"PropertyValueSpecification","valueRequired":true,"valueName":"search_term_string"}}],"inLanguage":"es"},{"@type":"Organization","@id":"https:\/\/www.socialismoobarbarie.org\/#organization","name":"Socialismo o Barbarie","url":"https:\/\/www.socialismoobarbarie.org\/","logo":{"@type":"ImageObject","inLanguage":"es","@id":"https:\/\/www.socialismoobarbarie.org\/#\/schema\/logo\/image\/","url":"https:\/\/www.socialismoobarbarie.org\/wp-content\/uploads\/2025\/02\/soblogoweb-2025.png","contentUrl":"https:\/\/www.socialismoobarbarie.org\/wp-content\/uploads\/2025\/02\/soblogoweb-2025.png","width":450,"height":161,"caption":"Socialismo o Barbarie"},"image":{"@id":"https:\/\/www.socialismoobarbarie.org\/#\/schema\/logo\/image\/"}},{"@type":"Person","@id":"https:\/\/www.socialismoobarbarie.org\/#\/schema\/person\/cc4f599d5f96bedd8f25c32595586e43","name":"Redacci\u00f3n","url":"https:\/\/www.socialismoobarbarie.org\/?author=101015"}]}},"_links":{"self":[{"href":"https:\/\/www.socialismoobarbarie.org\/index.php?rest_route=\/wp\/v2\/posts\/12312","targetHints":{"allow":["GET"]}}],"collection":[{"href":"https:\/\/www.socialismoobarbarie.org\/index.php?rest_route=\/wp\/v2\/posts"}],"about":[{"href":"https:\/\/www.socialismoobarbarie.org\/index.php?rest_route=\/wp\/v2\/types\/post"}],"author":[{"embeddable":true,"href":"https:\/\/www.socialismoobarbarie.org\/index.php?rest_route=\/wp\/v2\/users\/101015"}],"replies":[{"embeddable":true,"href":"https:\/\/www.socialismoobarbarie.org\/index.php?rest_route=%2Fwp%2Fv2%2Fcomments&post=12312"}],"version-history":[{"count":1,"href":"https:\/\/www.socialismoobarbarie.org\/index.php?rest_route=\/wp\/v2\/posts\/12312\/revisions"}],"predecessor-version":[{"id":12314,"href":"https:\/\/www.socialismoobarbarie.org\/index.php?rest_route=\/wp\/v2\/posts\/12312\/revisions\/12314"}],"wp:featuredmedia":[{"embeddable":true,"href":"https:\/\/www.socialismoobarbarie.org\/index.php?rest_route=\/wp\/v2\/media\/12313"}],"wp:attachment":[{"href":"https:\/\/www.socialismoobarbarie.org\/index.php?rest_route=%2Fwp%2Fv2%2Fmedia&parent=12312"}],"wp:term":[{"taxonomy":"category","embeddable":true,"href":"https:\/\/www.socialismoobarbarie.org\/index.php?rest_route=%2Fwp%2Fv2%2Fcategories&post=12312"},{"taxonomy":"post_tag","embeddable":true,"href":"https:\/\/www.socialismoobarbarie.org\/index.php?rest_route=%2Fwp%2Fv2%2Ftags&post=12312"}],"curies":[{"name":"wp","href":"https:\/\/api.w.org\/{rel}","templated":true}]}}