{"id":12351,"date":"2019-05-27T10:54:22","date_gmt":"2019-05-27T13:54:22","guid":{"rendered":"https:\/\/www.socialismoobarbarie.org\/?p=12351"},"modified":"2019-11-20T00:58:57","modified_gmt":"2019-11-20T03:58:57","slug":"elecciones-en-la-u-e-avanza-la-fragmentacion-de-la-representacion-politica","status":"publish","type":"post","link":"https:\/\/www.socialismoobarbarie.org\/?p=12351","title":{"rendered":"Elecciones en la U. E.: Avanza la fragmentaci\u00f3n de la representaci\u00f3n pol\u00edtica"},"content":{"rendered":"\n<h3 class=\"wp-block-heading\"><strong>Elecciones parlamentarias de la Uni\u00f3n Europea: <\/strong><\/h3>\n\n\n\n<h2 class=\"wp-block-heading\"><strong>Avanza la fragmentaci\u00f3n de la representaci\u00f3n pol\u00edtica\nen Europa<\/strong><\/h2>\n\n\n\n<p><strong>Por Ale Kur, 26\/5\/19<\/strong><\/p>\n\n\n\n<p>Esta semana se\nrealizaron en los pa\u00edses miembros de la Uni\u00f3n Europea las elecciones para\nrenovar el Parlamento de dicho bloque. Si bien al momento de escribir esta nota\ntodav\u00eda no est\u00e1n los resultados definitivos, ya hay varias tendencias claras\nque permiten esbozar un primer balance.<\/p>\n\n\n\n<p>1) Empecemos por el\nan\u00e1lisis de los resultados de los dos grandes partidos tradicionales europeos:\nel \u201cPartido Popular Europeo\u201d (centroderecha, formado por los partidos\nconservadores y de tradici\u00f3n social-cristiana) y los partidos socialdem\u00f3cratas\ny afines (centroizquierda o centrismo \u201cprogresista\u201d). Esos dos partidos son los\nque, desde la fundaci\u00f3n de la U.E., ven\u00edan abarcando la mayor parte de los\nvotos y esca\u00f1os, y orientando el rumbo del bloque. Seg\u00fan el diario espa\u00f1ol El Pa\u00eds,\nla proyecci\u00f3n indica que el partido m\u00e1s votado sigue siendo el PPE, aunque\nperdiendo una importante cantidad de esca\u00f1os desde las elecciones de 2014:\nhabr\u00edan pasado de 221 a 178. Con respecto al bloque de Socialistas y\nDem\u00f3cratas, este habr\u00eda retrocedido de 191 a 152 esca\u00f1os. <a href=\"#_ftn1\"><sup>[1]<\/sup><\/a><\/p>\n\n\n\n<p>Entonces, un primer\ndato es el <strong>retroceso de ambos partidos\ntradicionales<\/strong>, que por primera vez pasar\u00edan a poseer <strong>menos de la mitad <\/strong>de la cantidad de esca\u00f1os del Parlamento Europeo.\nDe ah\u00ed que tomemos como primer definici\u00f3n, la de <strong>fragmentaci\u00f3n de la representaci\u00f3n pol\u00edtica<\/strong>.<\/p>\n\n\n\n<p>En este marco,\nqueremos se\u00f1alar un aspecto particular con respecto a los resultados del Reino\nUnido: <strong>all\u00ed el gobernante Partido\nConservador se estar\u00eda desplomando al bochornoso 9% de los votos, es decir, al\nQUINTO lugar<\/strong>. La gran mayor\u00eda de su base social parece haberse fugado al\n\u201cPartido del Brexit\u201d de Nigel Farage (que obtiene el primer lugar), o al\npro-europeo partido Liberal Dem\u00f3crata (que estar\u00eda obteniendo el segundo\nlugar). El Partido Laborista de Jeremy Corbyn tambi\u00e9n habr\u00eda retrocedido\nfuertemente, quedando tercero. Esto deja al Reino Unido a las puertas de una\nenorme crisis pol\u00edtica, cuesti\u00f3n que se retroalimenta con el anuncio, hace\npocos d\u00edas atr\u00e1s, de la Primera Ministra Theresa May de que en las pr\u00f3ximas\nsemanas estar\u00eda renunciando a su puesto.<\/p>\n\n\n\n<p>Los resultados en\nAlemania, con la ca\u00edda en votos de los dos grandes partidos de la coalici\u00f3n que\nsostiene a Merkel, tambi\u00e9n puede hacer peligrar al gobierno alem\u00e1n,\ncontribuyendo a una <strong>mayor inestabilidad\ndel panorama pol\u00edtico europeo.<\/strong><\/p>\n\n\n\n<p>2) Un segundo elemento\nes el avance moderado de las fuerzas de la \u201cderecha dura\u201d. Los mejores\nresultados los habr\u00eda obtenido en Italia (donde encuentra su nave insignia\ncontinental en la figura \u201ceuroesc\u00e9ptica\u201d de Salvini), en pa\u00edses de Europa\nOriental y probablemente en el Reino Unido (de la mano de haber logrado\ncapitalizar al sector social partidario del \u201cBrexit\u201d). Tambi\u00e9n se se\u00f1ala el\nprobable triunfo de Le Pen en Francia, pero este debe tomarse con pinzas:\npareciera que no rompi\u00f3 el techo del 25% del electorado, es decir, solo una\ncuarta parte de los votos. Y especialmente, es necesario tener en cuenta que\nesto no implica un aumento del caudal de votos respecto a las anteriores\nelecciones europeas, sino solamente una \u201csubida\u201d en la tabla de posiciones por\nla ca\u00edda de la anterior primera fuerza.<\/p>\n\n\n\n<p>Sin dejar de tener en\ncuenta ni por un momento que, tomado el resultado de conjunto, contin\u00faa el\navance de la derecha, el dato m\u00e1s significativo pareciera ser que est\u00e1 <strong>disminuyendo el ritmo de su avance<\/strong>.\nTeniendo en cuenta la irrupci\u00f3n de fuerzas ultrareaccionarias, xen\u00f3fobas,\nnacionalistas y racistas en Europa y en el mundo en los \u00faltimos 5 a\u00f1os, los\ntriunfos de Trump en EEUU y Bolsonaro en Brasil, etc., sectores tanto pol\u00edticos\ncomo period\u00edsticos impresionistas cre\u00edan ver una avalancha imparable del\nfascismo. Pero con respecto a esas visiones exageradas y pesimistas, la\nrealidad se mostr\u00f3 mucho m\u00e1s <strong>moderada<\/strong>.\nEn pa\u00edses muy importantes como Alemania, donde se tem\u00eda un \u201cbatacazo\u201d de la\nderecha dura, esta apenas subi\u00f3 unos pocos puntos porcentuales respecto a las\nelecciones de 2014. En Espa\u00f1a el p\u00e9ndulo pol\u00edtico sigue inclinando hacia la\ncentroizquierda, o por lo menos hacia el \u201ccentro progresista\u201d. En Francia, pese\na quedar como primera fuerza, Marine Le Pen no logr\u00f3 perforar su techo\nhist\u00f3rico. De esta manera, aunque la t\u00f3nica&nbsp;\npol\u00edtica sigue siendo globalmente <strong>conservadora<\/strong>,\nel peor momento de la derechizaci\u00f3n parece haber quedado atr\u00e1s, por lo menos\npor ahora.<\/p>\n\n\n\n<p>3) El tercero de los\ngrandes elementos que queremos tomar aqu\u00ed es el <strong>muy buen resultado obtenido por los Partidos Verdes (ecologistas)<\/strong>.\nEn Alemania, con un 20% de los votos, habr\u00edan conquistado el segundo lugar,\ndesplazando del mismo a la socialdemocracia (que quedar\u00eda tercera). En Francia,\ncon un 13%, el ecologismo estar\u00eda conquistando el segundo lugar. En Reino\nUnido, con un 12%, habr\u00eda alcanzado el cuarto lugar. De conjunto, en toda\nEuropa estar\u00edan consiguiendo 70 esca\u00f1os, 20 m\u00e1s que en 2014. <\/p>\n\n\n\n<p>Sin duda alguna, este\navance del ecologismo es un resultado directo de las grandes movilizaciones\njuveniles que en los \u00faltimos meses se vienen realizando en toda Europa, y\nespecialmente en sus principales pa\u00edses. Movilizaciones protagonizadas por\nadolescentes (generaci\u00f3n \u201ccentennial\u201d, nacidos a partir del a\u00f1o 2000) y por\n\u201cmillennials\u201d (nacidos en la d\u00e9cada de 1990), que vienen alertando sobre el\nenorme riesgo que corre la humanidad debido a la grave amenaza del cambio\nclim\u00e1tico. Pero m\u00e1s a\u00fan, estas movilizaciones se\u00f1alan la <strong>responsabilidad concreta del capitalismo<\/strong>, que en su af\u00e1n de lucro,\ndescuida el medio ambiente y genera las condiciones para una cat\u00e1strofe. <\/p>\n\n\n\n<p>Citamos un p\u00e1rrafo muy\nilustrativo del diario El Pa\u00eds: \u201cEl medio ambiente ha sido la principal\npreocupaci\u00f3n de estas elecciones en Alemania, seg\u00fan un reciente sondeo de\nInfratest Dimap para la cadena ARD. Muestra de ello es el \u00e9xito de las\nmanifestaciones de Fridays for Future en Alemania. El viernes, decenas de miles\nde j\u00f3venes volvieron a salir a la calle en m\u00e1s de un centenar de ciudades alemanes\npara decirle a sus mayores que est\u00e1n hartos de esperar a que act\u00faen de forma\ndecisiva contra el deterioro ambiental.\u201d<a href=\"#_ftn2\"><sup>[2]<\/sup><\/a>.\n<\/p>\n\n\n\n<p>Otra nota del mismo\ndiario, de hace algunos d\u00edas atr\u00e1s, se\u00f1ala tambi\u00e9n elementos muy similares: \u201cEl\npeor enemigo pol\u00edtico que tiene la CDU y su partido hermano de Baviera, la CSU,\ntiene 26 a\u00f1os, se llama Rezo, tiene el cabello pintado de azul y es conocido en\nel mundo de la cibern\u00e9tica donde tiene unos dos millones de fieles que siguen\ncon pasi\u00f3n sus v\u00eddeos en YouTube. Rezo, un joven que no hab\u00eda incursionado en\nla pol\u00edtica ofreci\u00f3 el s\u00e1bado pasado un v\u00eddeo, de t\u00edtulo <em>La destrucci\u00f3n de la CDU <\/em>en el que, a lo largo de 55 minutos, acusa\nal partido de Angela Merkel de estar destruyendo el futuro del pa\u00eds a causa de\nsu pasividad para luchar contra el cambio clim\u00e1tico y de favorecer a los\nricos.\u201d<a href=\"#_ftn3\"><sup>[3]<\/sup><\/a><\/p>\n\n\n\n<p>De esta manera, los\nPartidos Ecologistas ocuparon en estas elecciones europeas el lugar del\n\u201ccontrapolo\u201d progresista a las fuerzas reaccionarias, expresando a un\nmovimiento muy progresivo de j\u00f3venes, el mismo fen\u00f3meno que expresa el\nmovimiento feminista en Argentina y Am\u00e9rica Latina, o el \u201csocialismo\ndemocr\u00e1tico\u201d en EEUU. Sin embargo, los resultados europeos tambi\u00e9n expresan los\nl\u00edmites de esta nueva generaci\u00f3n, por tratarse los \u201cPartidos Verdes\u201d de fuerzas\nreformistas completamente adaptadas al sistema. De esta manera, el polo \u201cde\nizquierda\u201d de la elecci\u00f3n aparece bastante lavado y centrista.<\/p>\n\n\n\n<p>4) Queremos retomar\naqu\u00ed un \u00faltimo elemento. En Grecia, el gobierno de Tsipras habr\u00eda quedado\nsegundo, cayendo por debajo de los conservadores de Nueva Democracia. El\ngobierno griego ya realiz\u00f3 declaraciones en el sentido de adelantar la\nconvocatoria a elecciones generales, donde tiene todas las de perder. Esto\nser\u00eda la \u00faltima piedra sobre el ata\u00fad de la experiencia fallida de la mal\nllamada \u201cizquierda radical\u201d, que capitul\u00f3 en toda la l\u00ednea a la Troika del FMI\ny las instituciones europeas. El caso griego tiene que servir de ejemplo de lo\nque, en cualquier lugar del mundo, le ocurre a los gobiernos \u201cprogresistas\u201d\ncuando no desaf\u00edan el \u201cstatu quo\u201d y ceden a todas las exigencias de los\ncapitalistas. Es una advertencia, por lo tanto, al operativo de \u201cregreso del\nkirchnerismo\u201d en la Argentina, pa\u00eds que tambi\u00e9n est\u00e1 amenazado por el enorme\npeso de la deuda externa.&nbsp; <\/p>\n\n\n\n<p>5) En conclusi\u00f3n, las\nelecciones europeas parecen dejar un panorama de mayor fragmentaci\u00f3n de la\nrepresentaci\u00f3n pol\u00edtica y de una mayor inestabilidad, con un importante\nretroceso del bipartidismo tradicional, donde se confirma que lo que predomina\nes la insatisfacci\u00f3n de cientos de millones de europeos con el estados de las\ncosas. Una insatisfacci\u00f3n que se manifiesta de manera heterog\u00e9nea y a trav\u00e9s de\ntodas las variantes del espectro pol\u00edtico-ideol\u00f3gico. Si bien sigue\npredominando una t\u00f3nica m\u00e1s bien conservadora (y por eso las fuerzas de derecha\nencuentran m\u00e1s facilidad para crecer que las fuerzas de izquierda), no se puede\ndecir que haya hegemon\u00edas claras (ni de la derecha, ni de ning\u00fan otro sector)\nni que se haya cerrado el panorama pol\u00edtico. El avance de las fuerzas\necologistas (con sus enormes l\u00edmites pro-capitalistas) refleja, a\u00fan de manera\ndistorsionada, que las movilizaciones en las calles (enormemente progresivas)\npor parte de la juventud siguen siendo parte influyente de la situaci\u00f3n\npol\u00edtica europea, y que no pueden ser ignoradas.<br \/><\/p>\n\n\n\n<hr class=\"wp-block-separator\"\/>\n\n\n\n<p><a href=\"#_ftnref1\"><sup>[1]<\/sup><\/a> \u201cLos nacionalistas vencen en pa\u00edses clave,\npero no ganan poder en la Euroc\u00e1mara\u201d, El Pa\u00eds, 26\/5\/19. <a href=\"https:\/\/elpais.com\/internacional\/2019\/05\/26\/actualidad\/1558887561_830895.html\">https:\/\/elpais.com\/internacional\/2019\/05\/26\/actualidad\/1558887561_830895.html<\/a><\/p>\n\n\n\n<p><a href=\"#_ftnref2\"><sup>[2]<\/sup><\/a> \u201cLa CDU y el SPD se desploman mientras Los\nVerdes logran un fuerte avance en Alemania\u201d, El Pa\u00eds, 26\/5\/19. <a href=\"https:\/\/elpais.com\/internacional\/2019\/05\/25\/actualidad\/1558782891_795289.html\">https:\/\/elpais.com\/internacional\/2019\/05\/25\/actualidad\/1558782891_795289.html<\/a><\/p>\n\n\n\n<p><a href=\"#_ftnref3\"><sup>[3]<\/sup><\/a> \u201cUn \u2018youtuber\u2019 pone en jaque al partido de\nMerkel con un v\u00eddeo viral\u201d, El Pa\u00eds, 23\/5\/19. <a href=\"https:\/\/elpais.com\/internacional\/2019\/05\/23\/actualidad\/1558634251_116333.html\">https:\/\/elpais.com\/internacional\/2019\/05\/23\/actualidad\/1558634251_116333.html<\/a><\/p>\n","protected":false},"excerpt":{"rendered":"<p>Elecciones parlamentarias de la Uni\u00f3n Europea: Avanza la fragmentaci\u00f3n de la representaci\u00f3n pol\u00edtica en Europa Por Ale Kur, 26\/5\/19 Esta semana se realizaron en los pa\u00edses miembros de la Uni\u00f3n Europea las elecciones para renovar el Parlamento de dicho bloque. Si bien al momento de escribir esta nota todav\u00eda no est\u00e1n los resultados definitivos, ya [&hellip;]<\/p>\n","protected":false},"author":8,"featured_media":12352,"comment_status":"closed","ping_status":"closed","sticky":false,"template":"","format":"standard","meta":{"footnotes":""},"categories":[1690],"tags":[1168],"class_list":{"0":"post-12351","1":"post","2":"type-post","3":"status-publish","4":"format-standard","5":"has-post-thumbnail","7":"category-europa","8":"tag-ale-kur"},"yoast_head":"<!-- This site is optimized with the Yoast SEO plugin v27.5 - https:\/\/yoast.com\/product\/yoast-seo-wordpress\/ -->\n<title>Elecciones en la U. E.: Avanza la fragmentaci\u00f3n de la representaci\u00f3n pol\u00edtica - Socialismo o Barbarie<\/title>\n<meta name=\"robots\" content=\"index, follow, max-snippet:-1, max-image-preview:large, max-video-preview:-1\" \/>\n<link rel=\"canonical\" href=\"https:\/\/www.socialismoobarbarie.org\/?p=12351\" \/>\n<meta property=\"og:locale\" content=\"es_ES\" \/>\n<meta property=\"og:type\" content=\"article\" \/>\n<meta property=\"og:title\" content=\"Elecciones en la U. E.: Avanza la fragmentaci\u00f3n de la representaci\u00f3n pol\u00edtica - Socialismo o Barbarie\" \/>\n<meta property=\"og:description\" content=\"Elecciones parlamentarias de la Uni\u00f3n Europea: Avanza la fragmentaci\u00f3n de la representaci\u00f3n pol\u00edtica en Europa Por Ale Kur, 26\/5\/19 Esta semana se realizaron en los pa\u00edses miembros de la Uni\u00f3n Europea las elecciones para renovar el Parlamento de dicho bloque. Si bien al momento de escribir esta nota todav\u00eda no est\u00e1n los resultados definitivos, ya [&hellip;]\" \/>\n<meta property=\"og:url\" content=\"https:\/\/www.socialismoobarbarie.org\/?p=12351\" \/>\n<meta property=\"og:site_name\" content=\"Socialismo o Barbarie\" \/>\n<meta property=\"article:published_time\" content=\"2019-05-27T13:54:22+00:00\" \/>\n<meta property=\"article:modified_time\" content=\"2019-11-20T03:58:57+00:00\" \/>\n<meta property=\"og:image\" content=\"https:\/\/www.socialismoobarbarie.org\/wp-content\/uploads\/2019\/05\/Elecciones-Union-europea-Europa-800x400.jpg\" \/>\n\t<meta property=\"og:image:width\" content=\"800\" \/>\n\t<meta property=\"og:image:height\" content=\"400\" \/>\n\t<meta property=\"og:image:type\" content=\"image\/jpeg\" \/>\n<meta name=\"author\" content=\"SOB\" \/>\n<meta name=\"twitter:card\" content=\"summary_large_image\" \/>\n<meta name=\"twitter:label1\" content=\"Escrito por\" \/>\n\t<meta name=\"twitter:data1\" content=\"SOB\" \/>\n\t<meta name=\"twitter:label2\" content=\"Tiempo de lectura\" \/>\n\t<meta name=\"twitter:data2\" content=\"9 minutos\" \/>\n<script type=\"application\/ld+json\" class=\"yoast-schema-graph\">{\"@context\":\"https:\\\/\\\/schema.org\",\"@graph\":[{\"@type\":\"Article\",\"@id\":\"https:\\\/\\\/www.socialismoobarbarie.org\\\/?p=12351#article\",\"isPartOf\":{\"@id\":\"https:\\\/\\\/www.socialismoobarbarie.org\\\/?p=12351\"},\"author\":{\"name\":\"SOB\",\"@id\":\"https:\\\/\\\/www.socialismoobarbarie.org\\\/#\\\/schema\\\/person\\\/bc1c3b321d47ed092405949c77e35a8e\"},\"headline\":\"Elecciones en la U. E.: Avanza la fragmentaci\u00f3n de la representaci\u00f3n pol\u00edtica\",\"datePublished\":\"2019-05-27T13:54:22+00:00\",\"dateModified\":\"2019-11-20T03:58:57+00:00\",\"mainEntityOfPage\":{\"@id\":\"https:\\\/\\\/www.socialismoobarbarie.org\\\/?p=12351\"},\"wordCount\":1721,\"publisher\":{\"@id\":\"https:\\\/\\\/www.socialismoobarbarie.org\\\/#organization\"},\"image\":{\"@id\":\"https:\\\/\\\/www.socialismoobarbarie.org\\\/?p=12351#primaryimage\"},\"thumbnailUrl\":\"https:\\\/\\\/www.socialismoobarbarie.org\\\/wp-content\\\/uploads\\\/2019\\\/05\\\/Elecciones-Union-europea-Europa-800x400.jpg\",\"keywords\":[\"Ale Kur\"],\"articleSection\":[\"Europa\"],\"inLanguage\":\"es\"},{\"@type\":\"WebPage\",\"@id\":\"https:\\\/\\\/www.socialismoobarbarie.org\\\/?p=12351\",\"url\":\"https:\\\/\\\/www.socialismoobarbarie.org\\\/?p=12351\",\"name\":\"Elecciones en la U. E.: Avanza la fragmentaci\u00f3n de la representaci\u00f3n pol\u00edtica - Socialismo o Barbarie\",\"isPartOf\":{\"@id\":\"https:\\\/\\\/www.socialismoobarbarie.org\\\/#website\"},\"primaryImageOfPage\":{\"@id\":\"https:\\\/\\\/www.socialismoobarbarie.org\\\/?p=12351#primaryimage\"},\"image\":{\"@id\":\"https:\\\/\\\/www.socialismoobarbarie.org\\\/?p=12351#primaryimage\"},\"thumbnailUrl\":\"https:\\\/\\\/www.socialismoobarbarie.org\\\/wp-content\\\/uploads\\\/2019\\\/05\\\/Elecciones-Union-europea-Europa-800x400.jpg\",\"datePublished\":\"2019-05-27T13:54:22+00:00\",\"dateModified\":\"2019-11-20T03:58:57+00:00\",\"breadcrumb\":{\"@id\":\"https:\\\/\\\/www.socialismoobarbarie.org\\\/?p=12351#breadcrumb\"},\"inLanguage\":\"es\",\"potentialAction\":[{\"@type\":\"ReadAction\",\"target\":[\"https:\\\/\\\/www.socialismoobarbarie.org\\\/?p=12351\"]}]},{\"@type\":\"ImageObject\",\"inLanguage\":\"es\",\"@id\":\"https:\\\/\\\/www.socialismoobarbarie.org\\\/?p=12351#primaryimage\",\"url\":\"https:\\\/\\\/www.socialismoobarbarie.org\\\/wp-content\\\/uploads\\\/2019\\\/05\\\/Elecciones-Union-europea-Europa-800x400.jpg\",\"contentUrl\":\"https:\\\/\\\/www.socialismoobarbarie.org\\\/wp-content\\\/uploads\\\/2019\\\/05\\\/Elecciones-Union-europea-Europa-800x400.jpg\",\"width\":800,\"height\":400,\"caption\":\"man voting on elections in europe\"},{\"@type\":\"BreadcrumbList\",\"@id\":\"https:\\\/\\\/www.socialismoobarbarie.org\\\/?p=12351#breadcrumb\",\"itemListElement\":[{\"@type\":\"ListItem\",\"position\":1,\"name\":\"Portada\",\"item\":\"https:\\\/\\\/www.socialismoobarbarie.org\\\/\"},{\"@type\":\"ListItem\",\"position\":2,\"name\":\"Elecciones en la U. E.: Avanza la fragmentaci\u00f3n de la representaci\u00f3n pol\u00edtica\"}]},{\"@type\":\"WebSite\",\"@id\":\"https:\\\/\\\/www.socialismoobarbarie.org\\\/#website\",\"url\":\"https:\\\/\\\/www.socialismoobarbarie.org\\\/\",\"name\":\"Socialismo o Barbarie\",\"description\":\"Sitio web de la corriente internacional Socialismo o Barbarie\",\"publisher\":{\"@id\":\"https:\\\/\\\/www.socialismoobarbarie.org\\\/#organization\"},\"potentialAction\":[{\"@type\":\"SearchAction\",\"target\":{\"@type\":\"EntryPoint\",\"urlTemplate\":\"https:\\\/\\\/www.socialismoobarbarie.org\\\/?s={search_term_string}\"},\"query-input\":{\"@type\":\"PropertyValueSpecification\",\"valueRequired\":true,\"valueName\":\"search_term_string\"}}],\"inLanguage\":\"es\"},{\"@type\":\"Organization\",\"@id\":\"https:\\\/\\\/www.socialismoobarbarie.org\\\/#organization\",\"name\":\"Socialismo o Barbarie\",\"url\":\"https:\\\/\\\/www.socialismoobarbarie.org\\\/\",\"logo\":{\"@type\":\"ImageObject\",\"inLanguage\":\"es\",\"@id\":\"https:\\\/\\\/www.socialismoobarbarie.org\\\/#\\\/schema\\\/logo\\\/image\\\/\",\"url\":\"https:\\\/\\\/www.socialismoobarbarie.org\\\/wp-content\\\/uploads\\\/2025\\\/02\\\/soblogoweb-2025.png\",\"contentUrl\":\"https:\\\/\\\/www.socialismoobarbarie.org\\\/wp-content\\\/uploads\\\/2025\\\/02\\\/soblogoweb-2025.png\",\"width\":450,\"height\":161,\"caption\":\"Socialismo o Barbarie\"},\"image\":{\"@id\":\"https:\\\/\\\/www.socialismoobarbarie.org\\\/#\\\/schema\\\/logo\\\/image\\\/\"}},{\"@type\":\"Person\",\"@id\":\"https:\\\/\\\/www.socialismoobarbarie.org\\\/#\\\/schema\\\/person\\\/bc1c3b321d47ed092405949c77e35a8e\",\"name\":\"SOB\",\"url\":\"https:\\\/\\\/www.socialismoobarbarie.org\\\/?author=8\"}]}<\/script>\n<!-- \/ Yoast SEO plugin. -->","yoast_head_json":{"title":"Elecciones en la U. E.: Avanza la fragmentaci\u00f3n de la representaci\u00f3n pol\u00edtica - Socialismo o Barbarie","robots":{"index":"index","follow":"follow","max-snippet":"max-snippet:-1","max-image-preview":"max-image-preview:large","max-video-preview":"max-video-preview:-1"},"canonical":"https:\/\/www.socialismoobarbarie.org\/?p=12351","og_locale":"es_ES","og_type":"article","og_title":"Elecciones en la U. E.: Avanza la fragmentaci\u00f3n de la representaci\u00f3n pol\u00edtica - Socialismo o Barbarie","og_description":"Elecciones parlamentarias de la Uni\u00f3n Europea: Avanza la fragmentaci\u00f3n de la representaci\u00f3n pol\u00edtica en Europa Por Ale Kur, 26\/5\/19 Esta semana se realizaron en los pa\u00edses miembros de la Uni\u00f3n Europea las elecciones para renovar el Parlamento de dicho bloque. Si bien al momento de escribir esta nota todav\u00eda no est\u00e1n los resultados definitivos, ya [&hellip;]","og_url":"https:\/\/www.socialismoobarbarie.org\/?p=12351","og_site_name":"Socialismo o Barbarie","article_published_time":"2019-05-27T13:54:22+00:00","article_modified_time":"2019-11-20T03:58:57+00:00","og_image":[{"width":800,"height":400,"url":"https:\/\/www.socialismoobarbarie.org\/wp-content\/uploads\/2019\/05\/Elecciones-Union-europea-Europa-800x400.jpg","type":"image\/jpeg"}],"author":"SOB","twitter_card":"summary_large_image","twitter_misc":{"Escrito por":"SOB","Tiempo de lectura":"9 minutos"},"schema":{"@context":"https:\/\/schema.org","@graph":[{"@type":"Article","@id":"https:\/\/www.socialismoobarbarie.org\/?p=12351#article","isPartOf":{"@id":"https:\/\/www.socialismoobarbarie.org\/?p=12351"},"author":{"name":"SOB","@id":"https:\/\/www.socialismoobarbarie.org\/#\/schema\/person\/bc1c3b321d47ed092405949c77e35a8e"},"headline":"Elecciones en la U. E.: Avanza la fragmentaci\u00f3n de la representaci\u00f3n pol\u00edtica","datePublished":"2019-05-27T13:54:22+00:00","dateModified":"2019-11-20T03:58:57+00:00","mainEntityOfPage":{"@id":"https:\/\/www.socialismoobarbarie.org\/?p=12351"},"wordCount":1721,"publisher":{"@id":"https:\/\/www.socialismoobarbarie.org\/#organization"},"image":{"@id":"https:\/\/www.socialismoobarbarie.org\/?p=12351#primaryimage"},"thumbnailUrl":"https:\/\/www.socialismoobarbarie.org\/wp-content\/uploads\/2019\/05\/Elecciones-Union-europea-Europa-800x400.jpg","keywords":["Ale Kur"],"articleSection":["Europa"],"inLanguage":"es"},{"@type":"WebPage","@id":"https:\/\/www.socialismoobarbarie.org\/?p=12351","url":"https:\/\/www.socialismoobarbarie.org\/?p=12351","name":"Elecciones en la U. E.: Avanza la fragmentaci\u00f3n de la representaci\u00f3n pol\u00edtica - Socialismo o Barbarie","isPartOf":{"@id":"https:\/\/www.socialismoobarbarie.org\/#website"},"primaryImageOfPage":{"@id":"https:\/\/www.socialismoobarbarie.org\/?p=12351#primaryimage"},"image":{"@id":"https:\/\/www.socialismoobarbarie.org\/?p=12351#primaryimage"},"thumbnailUrl":"https:\/\/www.socialismoobarbarie.org\/wp-content\/uploads\/2019\/05\/Elecciones-Union-europea-Europa-800x400.jpg","datePublished":"2019-05-27T13:54:22+00:00","dateModified":"2019-11-20T03:58:57+00:00","breadcrumb":{"@id":"https:\/\/www.socialismoobarbarie.org\/?p=12351#breadcrumb"},"inLanguage":"es","potentialAction":[{"@type":"ReadAction","target":["https:\/\/www.socialismoobarbarie.org\/?p=12351"]}]},{"@type":"ImageObject","inLanguage":"es","@id":"https:\/\/www.socialismoobarbarie.org\/?p=12351#primaryimage","url":"https:\/\/www.socialismoobarbarie.org\/wp-content\/uploads\/2019\/05\/Elecciones-Union-europea-Europa-800x400.jpg","contentUrl":"https:\/\/www.socialismoobarbarie.org\/wp-content\/uploads\/2019\/05\/Elecciones-Union-europea-Europa-800x400.jpg","width":800,"height":400,"caption":"man voting on elections in europe"},{"@type":"BreadcrumbList","@id":"https:\/\/www.socialismoobarbarie.org\/?p=12351#breadcrumb","itemListElement":[{"@type":"ListItem","position":1,"name":"Portada","item":"https:\/\/www.socialismoobarbarie.org\/"},{"@type":"ListItem","position":2,"name":"Elecciones en la U. E.: Avanza la fragmentaci\u00f3n de la representaci\u00f3n pol\u00edtica"}]},{"@type":"WebSite","@id":"https:\/\/www.socialismoobarbarie.org\/#website","url":"https:\/\/www.socialismoobarbarie.org\/","name":"Socialismo o Barbarie","description":"Sitio web de la corriente internacional Socialismo o Barbarie","publisher":{"@id":"https:\/\/www.socialismoobarbarie.org\/#organization"},"potentialAction":[{"@type":"SearchAction","target":{"@type":"EntryPoint","urlTemplate":"https:\/\/www.socialismoobarbarie.org\/?s={search_term_string}"},"query-input":{"@type":"PropertyValueSpecification","valueRequired":true,"valueName":"search_term_string"}}],"inLanguage":"es"},{"@type":"Organization","@id":"https:\/\/www.socialismoobarbarie.org\/#organization","name":"Socialismo o Barbarie","url":"https:\/\/www.socialismoobarbarie.org\/","logo":{"@type":"ImageObject","inLanguage":"es","@id":"https:\/\/www.socialismoobarbarie.org\/#\/schema\/logo\/image\/","url":"https:\/\/www.socialismoobarbarie.org\/wp-content\/uploads\/2025\/02\/soblogoweb-2025.png","contentUrl":"https:\/\/www.socialismoobarbarie.org\/wp-content\/uploads\/2025\/02\/soblogoweb-2025.png","width":450,"height":161,"caption":"Socialismo o Barbarie"},"image":{"@id":"https:\/\/www.socialismoobarbarie.org\/#\/schema\/logo\/image\/"}},{"@type":"Person","@id":"https:\/\/www.socialismoobarbarie.org\/#\/schema\/person\/bc1c3b321d47ed092405949c77e35a8e","name":"SOB","url":"https:\/\/www.socialismoobarbarie.org\/?author=8"}]}},"_links":{"self":[{"href":"https:\/\/www.socialismoobarbarie.org\/index.php?rest_route=\/wp\/v2\/posts\/12351","targetHints":{"allow":["GET"]}}],"collection":[{"href":"https:\/\/www.socialismoobarbarie.org\/index.php?rest_route=\/wp\/v2\/posts"}],"about":[{"href":"https:\/\/www.socialismoobarbarie.org\/index.php?rest_route=\/wp\/v2\/types\/post"}],"author":[{"embeddable":true,"href":"https:\/\/www.socialismoobarbarie.org\/index.php?rest_route=\/wp\/v2\/users\/8"}],"replies":[{"embeddable":true,"href":"https:\/\/www.socialismoobarbarie.org\/index.php?rest_route=%2Fwp%2Fv2%2Fcomments&post=12351"}],"version-history":[{"count":1,"href":"https:\/\/www.socialismoobarbarie.org\/index.php?rest_route=\/wp\/v2\/posts\/12351\/revisions"}],"predecessor-version":[{"id":12353,"href":"https:\/\/www.socialismoobarbarie.org\/index.php?rest_route=\/wp\/v2\/posts\/12351\/revisions\/12353"}],"wp:featuredmedia":[{"embeddable":true,"href":"https:\/\/www.socialismoobarbarie.org\/index.php?rest_route=\/wp\/v2\/media\/12352"}],"wp:attachment":[{"href":"https:\/\/www.socialismoobarbarie.org\/index.php?rest_route=%2Fwp%2Fv2%2Fmedia&parent=12351"}],"wp:term":[{"taxonomy":"category","embeddable":true,"href":"https:\/\/www.socialismoobarbarie.org\/index.php?rest_route=%2Fwp%2Fv2%2Fcategories&post=12351"},{"taxonomy":"post_tag","embeddable":true,"href":"https:\/\/www.socialismoobarbarie.org\/index.php?rest_route=%2Fwp%2Fv2%2Ftags&post=12351"}],"curies":[{"name":"wp","href":"https:\/\/api.w.org\/{rel}","templated":true}]}}