{"id":12482,"date":"2019-06-19T22:43:32","date_gmt":"2019-06-20T01:43:32","guid":{"rendered":"https:\/\/www.socialismoobarbarie.org\/?p=12482"},"modified":"2019-06-19T22:43:35","modified_gmt":"2019-06-20T01:43:35","slug":"participemos-en-la-huelga-para-defender-la-protesta-social-2","status":"publish","type":"post","link":"https:\/\/www.socialismoobarbarie.org\/?p=12482","title":{"rendered":"Participemos en la huelga para defender la protesta social"},"content":{"rendered":"\n<p><strong>Por Marcela Ram\u00edrez\nAguilar<\/strong><\/p>\n\n\n\n<p><strong>Coordinadora Regional\n15-APSE<\/strong><\/p>\n\n\n\n<p>En momentos en que el pa\u00eds afronta\nsituaciones cr\u00edticas como el 12% de desempleo, un mill\u00f3n de personas en pobreza\ny los efectos del combo fiscal, se prepara una serie de ataques desde los\npol\u00edticos y empresarios para restringir el derecho a participar en huelgas. Por\neso, desde el jueves 6 de junio se gesta una huelga intermitente aprobada por la\n<strong>Asociaci\u00f3n de Profesores de Segunda\nEnse\u00f1anza (APSE)<\/strong> para defender el derecho a huelga, pues el proyecto de ley\n21.049, impulsado por los partidos de los empresarios y el gobierno de Carlos\nAlvarado,&nbsp; pretende limitar al extremo\n(en realidad prohibir) el derecho a huelga.<\/p>\n\n\n\n<p>Justamente los dos primeros proyectos que\nser\u00e1n dictaminados en la Asamblea Legislativa, son el de \u201cSeguridad Jur\u00eddica\npara las huelga\u201d y el de \u201cServicios Esenciales\u201d, los cuales definir\u00edan 78\nservicios como esenciales. El inter\u00e9s del gobierno y los diputados es que, una\nvez aprobados, avanzar con: proyectos sobre empleo p\u00fablico para imponer el\nsalario global (afectando el salario); aplicar una contrarreforma al sistema de\npensiones en detrimento de la calidad de vida de las personas pensionadas;\nestablecer la educaci\u00f3n dual para explotar a la ni\u00f1ez y juventud haci\u00e9ndoles trabajar\nen las empresas privadas &nbsp;sin contrato de\ntrabajo, salarios, seguro laboral ni cobertura de seguro social. En el fondo,\nes el objetivo es pasarle factura de la crisis fiscal a la gente de abajo. <\/p>\n\n\n\n<p>Por eso, desde el jueves 6 APSE lanz\u00f3 esta\nhuelga intermitente, en la que se extiende un llamado al conjunto de la\nafiliaci\u00f3n sindical, organizaciones sindicales, estudiantiles, de mujeres y\necologistas para que se sumen de defender el derecho&nbsp; a la protesta social de forma urgente y\ncolectivamente con APSE. <\/p>\n\n\n\n<figure class=\"wp-block-embed-facebook wp-block-embed is-type-rich is-provider-facebook\"><div class=\"wp-block-embed__wrapper\">\nhttps:\/\/www.facebook.com\/1581158015496942\/posts\/2352025778410158\/\n<\/div><\/figure>\n\n\n\n<p>Es necesario tambi\u00e9n apuntar elementos en\ntorno a esta huelga. Primero que todo, el hecho de que solamente un sindicato convoque\na la huelga en un punto d\u00e9bil, a pesar de la comprobada combatividad de las bases\napsinas. Dado que el resto de las principales organizaciones del magisterio,\ncomo la ANDE y SEC, no se sumaron de forma unitaria a esta lucha, se resta\nfuerza a la capacidad de movilizaci\u00f3n de las trabajadoras y trabajadores del\nsector educaci\u00f3n. Al cierre de estas edici\u00f3n, nos enteramos que la ANDE vot\u00f3\nmovilizarse dos d\u00edas en la segunda quincena de junio, aunque ser\u00e1 en d\u00edas diferentes\na los que ya hab\u00eda convocado la APSE. Esta decisi\u00f3n muestra una disputa entre\nc\u00fapulas nada beneficiosa para las trabajadoras y trabajadores, quienes al final\npagan los platos rotos de esta situaci\u00f3n. <\/p>\n\n\n\n<p>Desde el <strong>Nuevo Partido Socialista<\/strong> <strong>(NPS)<\/strong>\nnos sumamos a esta huelga en varios frentes de lucha, apoyando la movilizaci\u00f3n\npero tambi\u00e9n con la convicci\u00f3n de que es necesario emplear acciones m\u00e1s\ncontundentes y beligerantes para torcerles el brazo a los pol\u00edticos y empresarios,\nquienes no escatiman esfuerzos en sus ataques contra la clase trabajadora. Nos\nparece primordial que el movimiento tenga el norte de volcarse a la calle, de\nrealizar marchas lentas en las principales carreteras del pa\u00eds como\ncircunvalaci\u00f3n, rutas nacionales e incluso el aeropuerto Juan Santamar\u00eda. En\nmuchas regionales se organizan reuniones entre cuatro paredes donde no se tiene\ncontacto con la gente de las comunidades, perdiendo la posibilidad de convencer\na dichas personas a sumarse al movimiento de lucha. <\/p>\n\n\n\n<p>Llamamos\nal conjunto del sindicalismo a participar de lleno en la huelga contra los\nataques a la protesta social, de manera que se fortalezca el movimiento y se\nlogre el archivo de los proyectos de ley que tienen por objetivo restringir el\nderecho a la huelga. Consideramos pertinente\nque se realice un Encuentro Sindical Nacional en el que participen diferentes\nsectores, organizaciones sindicales, estudiantiles, entre otros, para definir y\ncoordinar un plan de lucha unitario que permita organizarnos y defender en las\ncalles el derecho a huelga, as\u00ed como derrotar los ataques del gobierno y la\njaur\u00eda neoliberal. En ese sentido, hacemos un llamado a la dirigencia de APSE\npara impulsar este encuentro y as\u00ed garantizar un espacio democr\u00e1tico que\nfortalezca la huelga y lucha en curso. <\/p>\n\n\n\n<p><strong>\u00a1Por la\nunidad de la clase trabajadora contra los ataques neoliberales!<\/strong><\/p>\n\n\n\n<p><strong>\u00a1Por un\nEncuentro Sindical Nacional para definir un plan de lucha!<\/strong><\/p>\n","protected":false},"excerpt":{"rendered":"<p>Por Marcela Ram\u00edrez Aguilar Coordinadora Regional 15-APSE En momentos en que el pa\u00eds afronta situaciones cr\u00edticas como el 12% de desempleo, un mill\u00f3n de personas en pobreza y los efectos del combo fiscal, se prepara una serie de ataques desde los pol\u00edticos y empresarios para restringir el derecho a participar en huelgas. Por eso, desde [&hellip;]<\/p>\n","protected":false},"author":101015,"featured_media":12483,"comment_status":"closed","ping_status":"closed","sticky":false,"template":"","format":"standard","meta":{"footnotes":""},"categories":[1662],"tags":[1931,1851,1894,1942],"class_list":{"0":"post-12482","1":"post","2":"type-post","3":"status-publish","4":"format-standard","5":"has-post-thumbnail","7":"category-costa-rica","8":"tag-apse","9":"tag-costa-rica","10":"tag-huelga","11":"tag-libertad-sindical"},"yoast_head":"<!-- This site is optimized with the Yoast SEO plugin v27.5 - https:\/\/yoast.com\/product\/yoast-seo-wordpress\/ -->\n<title>Participemos en la huelga para defender la protesta social - Socialismo o Barbarie<\/title>\n<meta name=\"robots\" content=\"index, follow, max-snippet:-1, max-image-preview:large, max-video-preview:-1\" \/>\n<link rel=\"canonical\" href=\"https:\/\/www.socialismoobarbarie.org\/?p=12482\" \/>\n<meta property=\"og:locale\" content=\"es_ES\" \/>\n<meta property=\"og:type\" content=\"article\" \/>\n<meta property=\"og:title\" content=\"Participemos en la huelga para defender la protesta social - Socialismo o Barbarie\" \/>\n<meta property=\"og:description\" content=\"Por Marcela Ram\u00edrez Aguilar Coordinadora Regional 15-APSE En momentos en que el pa\u00eds afronta situaciones cr\u00edticas como el 12% de desempleo, un mill\u00f3n de personas en pobreza y los efectos del combo fiscal, se prepara una serie de ataques desde los pol\u00edticos y empresarios para restringir el derecho a participar en huelgas. Por eso, desde [&hellip;]\" \/>\n<meta property=\"og:url\" content=\"https:\/\/www.socialismoobarbarie.org\/?p=12482\" \/>\n<meta property=\"og:site_name\" content=\"Socialismo o Barbarie\" \/>\n<meta property=\"article:published_time\" content=\"2019-06-20T01:43:32+00:00\" \/>\n<meta property=\"article:modified_time\" content=\"2019-06-20T01:43:35+00:00\" \/>\n<meta property=\"og:image\" content=\"https:\/\/www.socialismoobarbarie.org\/wp-content\/uploads\/2019\/06\/huelga1-1.jpg\" \/>\n\t<meta property=\"og:image:width\" content=\"991\" \/>\n\t<meta property=\"og:image:height\" content=\"574\" \/>\n\t<meta property=\"og:image:type\" content=\"image\/jpeg\" \/>\n<meta name=\"author\" content=\"Redacci\u00f3n\" \/>\n<meta name=\"twitter:card\" content=\"summary_large_image\" \/>\n<meta name=\"twitter:label1\" content=\"Escrito por\" \/>\n\t<meta name=\"twitter:data1\" content=\"Redacci\u00f3n\" \/>\n\t<meta name=\"twitter:label2\" content=\"Tiempo de lectura\" \/>\n\t<meta name=\"twitter:data2\" content=\"4 minutos\" \/>\n<script type=\"application\/ld+json\" class=\"yoast-schema-graph\">{\"@context\":\"https:\\\/\\\/schema.org\",\"@graph\":[{\"@type\":\"Article\",\"@id\":\"https:\\\/\\\/www.socialismoobarbarie.org\\\/?p=12482#article\",\"isPartOf\":{\"@id\":\"https:\\\/\\\/www.socialismoobarbarie.org\\\/?p=12482\"},\"author\":{\"name\":\"Redacci\u00f3n\",\"@id\":\"https:\\\/\\\/www.socialismoobarbarie.org\\\/#\\\/schema\\\/person\\\/cc4f599d5f96bedd8f25c32595586e43\"},\"headline\":\"Participemos en la huelga para defender la protesta social\",\"datePublished\":\"2019-06-20T01:43:32+00:00\",\"dateModified\":\"2019-06-20T01:43:35+00:00\",\"mainEntityOfPage\":{\"@id\":\"https:\\\/\\\/www.socialismoobarbarie.org\\\/?p=12482\"},\"wordCount\":739,\"publisher\":{\"@id\":\"https:\\\/\\\/www.socialismoobarbarie.org\\\/#organization\"},\"image\":{\"@id\":\"https:\\\/\\\/www.socialismoobarbarie.org\\\/?p=12482#primaryimage\"},\"thumbnailUrl\":\"https:\\\/\\\/www.socialismoobarbarie.org\\\/wp-content\\\/uploads\\\/2019\\\/06\\\/huelga1-1.jpg\",\"keywords\":[\"apse\",\"costa rica\",\"huelga\",\"libertad sindical\"],\"articleSection\":[\"Costa Rica\"],\"inLanguage\":\"es\"},{\"@type\":\"WebPage\",\"@id\":\"https:\\\/\\\/www.socialismoobarbarie.org\\\/?p=12482\",\"url\":\"https:\\\/\\\/www.socialismoobarbarie.org\\\/?p=12482\",\"name\":\"Participemos en la huelga para defender la protesta social - Socialismo o Barbarie\",\"isPartOf\":{\"@id\":\"https:\\\/\\\/www.socialismoobarbarie.org\\\/#website\"},\"primaryImageOfPage\":{\"@id\":\"https:\\\/\\\/www.socialismoobarbarie.org\\\/?p=12482#primaryimage\"},\"image\":{\"@id\":\"https:\\\/\\\/www.socialismoobarbarie.org\\\/?p=12482#primaryimage\"},\"thumbnailUrl\":\"https:\\\/\\\/www.socialismoobarbarie.org\\\/wp-content\\\/uploads\\\/2019\\\/06\\\/huelga1-1.jpg\",\"datePublished\":\"2019-06-20T01:43:32+00:00\",\"dateModified\":\"2019-06-20T01:43:35+00:00\",\"breadcrumb\":{\"@id\":\"https:\\\/\\\/www.socialismoobarbarie.org\\\/?p=12482#breadcrumb\"},\"inLanguage\":\"es\",\"potentialAction\":[{\"@type\":\"ReadAction\",\"target\":[\"https:\\\/\\\/www.socialismoobarbarie.org\\\/?p=12482\"]}]},{\"@type\":\"ImageObject\",\"inLanguage\":\"es\",\"@id\":\"https:\\\/\\\/www.socialismoobarbarie.org\\\/?p=12482#primaryimage\",\"url\":\"https:\\\/\\\/www.socialismoobarbarie.org\\\/wp-content\\\/uploads\\\/2019\\\/06\\\/huelga1-1.jpg\",\"contentUrl\":\"https:\\\/\\\/www.socialismoobarbarie.org\\\/wp-content\\\/uploads\\\/2019\\\/06\\\/huelga1-1.jpg\",\"width\":991,\"height\":574},{\"@type\":\"BreadcrumbList\",\"@id\":\"https:\\\/\\\/www.socialismoobarbarie.org\\\/?p=12482#breadcrumb\",\"itemListElement\":[{\"@type\":\"ListItem\",\"position\":1,\"name\":\"Portada\",\"item\":\"https:\\\/\\\/www.socialismoobarbarie.org\\\/\"},{\"@type\":\"ListItem\",\"position\":2,\"name\":\"Participemos en la huelga para defender la protesta social\"}]},{\"@type\":\"WebSite\",\"@id\":\"https:\\\/\\\/www.socialismoobarbarie.org\\\/#website\",\"url\":\"https:\\\/\\\/www.socialismoobarbarie.org\\\/\",\"name\":\"Socialismo o Barbarie\",\"description\":\"Sitio web de la corriente internacional Socialismo o Barbarie\",\"publisher\":{\"@id\":\"https:\\\/\\\/www.socialismoobarbarie.org\\\/#organization\"},\"potentialAction\":[{\"@type\":\"SearchAction\",\"target\":{\"@type\":\"EntryPoint\",\"urlTemplate\":\"https:\\\/\\\/www.socialismoobarbarie.org\\\/?s={search_term_string}\"},\"query-input\":{\"@type\":\"PropertyValueSpecification\",\"valueRequired\":true,\"valueName\":\"search_term_string\"}}],\"inLanguage\":\"es\"},{\"@type\":\"Organization\",\"@id\":\"https:\\\/\\\/www.socialismoobarbarie.org\\\/#organization\",\"name\":\"Socialismo o Barbarie\",\"url\":\"https:\\\/\\\/www.socialismoobarbarie.org\\\/\",\"logo\":{\"@type\":\"ImageObject\",\"inLanguage\":\"es\",\"@id\":\"https:\\\/\\\/www.socialismoobarbarie.org\\\/#\\\/schema\\\/logo\\\/image\\\/\",\"url\":\"https:\\\/\\\/www.socialismoobarbarie.org\\\/wp-content\\\/uploads\\\/2025\\\/02\\\/soblogoweb-2025.png\",\"contentUrl\":\"https:\\\/\\\/www.socialismoobarbarie.org\\\/wp-content\\\/uploads\\\/2025\\\/02\\\/soblogoweb-2025.png\",\"width\":450,\"height\":161,\"caption\":\"Socialismo o Barbarie\"},\"image\":{\"@id\":\"https:\\\/\\\/www.socialismoobarbarie.org\\\/#\\\/schema\\\/logo\\\/image\\\/\"}},{\"@type\":\"Person\",\"@id\":\"https:\\\/\\\/www.socialismoobarbarie.org\\\/#\\\/schema\\\/person\\\/cc4f599d5f96bedd8f25c32595586e43\",\"name\":\"Redacci\u00f3n\",\"url\":\"https:\\\/\\\/www.socialismoobarbarie.org\\\/?author=101015\"}]}<\/script>\n<!-- \/ Yoast SEO plugin. -->","yoast_head_json":{"title":"Participemos en la huelga para defender la protesta social - Socialismo o Barbarie","robots":{"index":"index","follow":"follow","max-snippet":"max-snippet:-1","max-image-preview":"max-image-preview:large","max-video-preview":"max-video-preview:-1"},"canonical":"https:\/\/www.socialismoobarbarie.org\/?p=12482","og_locale":"es_ES","og_type":"article","og_title":"Participemos en la huelga para defender la protesta social - Socialismo o Barbarie","og_description":"Por Marcela Ram\u00edrez Aguilar Coordinadora Regional 15-APSE En momentos en que el pa\u00eds afronta situaciones cr\u00edticas como el 12% de desempleo, un mill\u00f3n de personas en pobreza y los efectos del combo fiscal, se prepara una serie de ataques desde los pol\u00edticos y empresarios para restringir el derecho a participar en huelgas. Por eso, desde [&hellip;]","og_url":"https:\/\/www.socialismoobarbarie.org\/?p=12482","og_site_name":"Socialismo o Barbarie","article_published_time":"2019-06-20T01:43:32+00:00","article_modified_time":"2019-06-20T01:43:35+00:00","og_image":[{"width":991,"height":574,"url":"https:\/\/www.socialismoobarbarie.org\/wp-content\/uploads\/2019\/06\/huelga1-1.jpg","type":"image\/jpeg"}],"author":"Redacci\u00f3n","twitter_card":"summary_large_image","twitter_misc":{"Escrito por":"Redacci\u00f3n","Tiempo de lectura":"4 minutos"},"schema":{"@context":"https:\/\/schema.org","@graph":[{"@type":"Article","@id":"https:\/\/www.socialismoobarbarie.org\/?p=12482#article","isPartOf":{"@id":"https:\/\/www.socialismoobarbarie.org\/?p=12482"},"author":{"name":"Redacci\u00f3n","@id":"https:\/\/www.socialismoobarbarie.org\/#\/schema\/person\/cc4f599d5f96bedd8f25c32595586e43"},"headline":"Participemos en la huelga para defender la protesta social","datePublished":"2019-06-20T01:43:32+00:00","dateModified":"2019-06-20T01:43:35+00:00","mainEntityOfPage":{"@id":"https:\/\/www.socialismoobarbarie.org\/?p=12482"},"wordCount":739,"publisher":{"@id":"https:\/\/www.socialismoobarbarie.org\/#organization"},"image":{"@id":"https:\/\/www.socialismoobarbarie.org\/?p=12482#primaryimage"},"thumbnailUrl":"https:\/\/www.socialismoobarbarie.org\/wp-content\/uploads\/2019\/06\/huelga1-1.jpg","keywords":["apse","costa rica","huelga","libertad sindical"],"articleSection":["Costa Rica"],"inLanguage":"es"},{"@type":"WebPage","@id":"https:\/\/www.socialismoobarbarie.org\/?p=12482","url":"https:\/\/www.socialismoobarbarie.org\/?p=12482","name":"Participemos en la huelga para defender la protesta social - Socialismo o Barbarie","isPartOf":{"@id":"https:\/\/www.socialismoobarbarie.org\/#website"},"primaryImageOfPage":{"@id":"https:\/\/www.socialismoobarbarie.org\/?p=12482#primaryimage"},"image":{"@id":"https:\/\/www.socialismoobarbarie.org\/?p=12482#primaryimage"},"thumbnailUrl":"https:\/\/www.socialismoobarbarie.org\/wp-content\/uploads\/2019\/06\/huelga1-1.jpg","datePublished":"2019-06-20T01:43:32+00:00","dateModified":"2019-06-20T01:43:35+00:00","breadcrumb":{"@id":"https:\/\/www.socialismoobarbarie.org\/?p=12482#breadcrumb"},"inLanguage":"es","potentialAction":[{"@type":"ReadAction","target":["https:\/\/www.socialismoobarbarie.org\/?p=12482"]}]},{"@type":"ImageObject","inLanguage":"es","@id":"https:\/\/www.socialismoobarbarie.org\/?p=12482#primaryimage","url":"https:\/\/www.socialismoobarbarie.org\/wp-content\/uploads\/2019\/06\/huelga1-1.jpg","contentUrl":"https:\/\/www.socialismoobarbarie.org\/wp-content\/uploads\/2019\/06\/huelga1-1.jpg","width":991,"height":574},{"@type":"BreadcrumbList","@id":"https:\/\/www.socialismoobarbarie.org\/?p=12482#breadcrumb","itemListElement":[{"@type":"ListItem","position":1,"name":"Portada","item":"https:\/\/www.socialismoobarbarie.org\/"},{"@type":"ListItem","position":2,"name":"Participemos en la huelga para defender la protesta social"}]},{"@type":"WebSite","@id":"https:\/\/www.socialismoobarbarie.org\/#website","url":"https:\/\/www.socialismoobarbarie.org\/","name":"Socialismo o Barbarie","description":"Sitio web de la corriente internacional Socialismo o Barbarie","publisher":{"@id":"https:\/\/www.socialismoobarbarie.org\/#organization"},"potentialAction":[{"@type":"SearchAction","target":{"@type":"EntryPoint","urlTemplate":"https:\/\/www.socialismoobarbarie.org\/?s={search_term_string}"},"query-input":{"@type":"PropertyValueSpecification","valueRequired":true,"valueName":"search_term_string"}}],"inLanguage":"es"},{"@type":"Organization","@id":"https:\/\/www.socialismoobarbarie.org\/#organization","name":"Socialismo o Barbarie","url":"https:\/\/www.socialismoobarbarie.org\/","logo":{"@type":"ImageObject","inLanguage":"es","@id":"https:\/\/www.socialismoobarbarie.org\/#\/schema\/logo\/image\/","url":"https:\/\/www.socialismoobarbarie.org\/wp-content\/uploads\/2025\/02\/soblogoweb-2025.png","contentUrl":"https:\/\/www.socialismoobarbarie.org\/wp-content\/uploads\/2025\/02\/soblogoweb-2025.png","width":450,"height":161,"caption":"Socialismo o Barbarie"},"image":{"@id":"https:\/\/www.socialismoobarbarie.org\/#\/schema\/logo\/image\/"}},{"@type":"Person","@id":"https:\/\/www.socialismoobarbarie.org\/#\/schema\/person\/cc4f599d5f96bedd8f25c32595586e43","name":"Redacci\u00f3n","url":"https:\/\/www.socialismoobarbarie.org\/?author=101015"}]}},"_links":{"self":[{"href":"https:\/\/www.socialismoobarbarie.org\/index.php?rest_route=\/wp\/v2\/posts\/12482","targetHints":{"allow":["GET"]}}],"collection":[{"href":"https:\/\/www.socialismoobarbarie.org\/index.php?rest_route=\/wp\/v2\/posts"}],"about":[{"href":"https:\/\/www.socialismoobarbarie.org\/index.php?rest_route=\/wp\/v2\/types\/post"}],"author":[{"embeddable":true,"href":"https:\/\/www.socialismoobarbarie.org\/index.php?rest_route=\/wp\/v2\/users\/101015"}],"replies":[{"embeddable":true,"href":"https:\/\/www.socialismoobarbarie.org\/index.php?rest_route=%2Fwp%2Fv2%2Fcomments&post=12482"}],"version-history":[{"count":1,"href":"https:\/\/www.socialismoobarbarie.org\/index.php?rest_route=\/wp\/v2\/posts\/12482\/revisions"}],"predecessor-version":[{"id":12484,"href":"https:\/\/www.socialismoobarbarie.org\/index.php?rest_route=\/wp\/v2\/posts\/12482\/revisions\/12484"}],"wp:featuredmedia":[{"embeddable":true,"href":"https:\/\/www.socialismoobarbarie.org\/index.php?rest_route=\/wp\/v2\/media\/12483"}],"wp:attachment":[{"href":"https:\/\/www.socialismoobarbarie.org\/index.php?rest_route=%2Fwp%2Fv2%2Fmedia&parent=12482"}],"wp:term":[{"taxonomy":"category","embeddable":true,"href":"https:\/\/www.socialismoobarbarie.org\/index.php?rest_route=%2Fwp%2Fv2%2Fcategories&post=12482"},{"taxonomy":"post_tag","embeddable":true,"href":"https:\/\/www.socialismoobarbarie.org\/index.php?rest_route=%2Fwp%2Fv2%2Ftags&post=12482"}],"curies":[{"name":"wp","href":"https:\/\/api.w.org\/{rel}","templated":true}]}}