{"id":12590,"date":"2019-07-06T21:16:58","date_gmt":"2019-07-07T00:16:58","guid":{"rendered":"https:\/\/www.socialismoobarbarie.org\/?p=12590"},"modified":"2019-07-09T18:35:49","modified_gmt":"2019-07-09T21:35:49","slug":"federacion-de-estudiantes-de-la-ucr-la-voz-afonica-del-movimiento-estudiantil","status":"publish","type":"post","link":"https:\/\/www.socialismoobarbarie.org\/?p=12590","title":{"rendered":"Federaci\u00f3n de estudiantes de la UCR: La \u201cvoz\u201d af\u00f3nica del movimiento estudiantil"},"content":{"rendered":"\n<p>Por Sthefanny Z\u00fa\u00f1iga <\/p>\n\n\n\n<p>El a\u00f1o pasado se llev\u00f3 a cabo la huelga m\u00e1s grande en la historia de Costa Rica, la cual aglutin\u00f3 a diversos sectores de los explotados y oprimidos (comunidades de zonas rurales, agricultores, y los sindicatos del sector p\u00fablico). Y hace unas semanas sectores estudiantiles de secundaria, pescadores, sindicatos y transportistas volvieron a retomar las calles, sin embargo, en ambas ocasiones\u00a0 persiste un actor ausente: el movimiento estudiantil universitario. <\/p>\n\n\n\n<p>Al parecer ya no quedan rastros de aquel\nmovimiento que, en su momento se trajo al suelo la Concesi\u00f3n de ALCOA, nada de\naquel movimiento que&nbsp; luch\u00f3 en las calles\njunto a distintos sectores para defender el ICE durante el Combo, movilizarse\ncontra el monopolio de RITEVE, para tirar abajo Crucitas o luchar contra el\nTLC. <\/p>\n\n\n\n<p>A d\u00eda de hoy lo que resta es un peque\u00f1o sector\nque a\u00fan conserva ese esp\u00edritu cr\u00edtico hacia el statu quo y quienes detentan y\nejercen el poder. Y, entre ese grupo, no se encuentra \u2013lamentablemente- la\nFederaci\u00f3n de Estudiantes de la Universidad de Costa Rica (en adelante FEUCR).\nYa que desde hace a\u00f1os este ente federativo se ha convertido en una plataforma\nde los partidos pol\u00edticos electoralistas (con PROGRE del PAC y Alternativa del\nFA, principalmente) que sirve para foguear a sus juventudes en temas\nelectorales. Ello mismo ha causado una burocratizaci\u00f3n de los distintos\nespacios lo cual tambi\u00e9n ayuda a construir un clima de apat\u00eda y despolitizaci\u00f3n\ndel movimiento estudiantil.<\/p>\n\n\n\n<p>La actual federaci\u00f3n del partido PROGRE, inmersa\nen su burbuja burocr\u00e1tica no es capaz, siquiera, de informar sobre aspectos\nmedulares que afectan al Movimiento Estudiantil (ME), por ejemplo el que desde\nSemana Universitaria perdieron la autonom\u00eda de las finanzas del ME, a la vez\nque, desde el gobierno se amenazaba el presupuesto para las universidades y fue\nhasta el Consejo Superior Estudiantil realizado en junio que, tras el reclamo\nde militantes de Ya Basta y otros sectores estudiantiles, se oblig\u00f3 al\ndirectorio federativo a rendir cuentas sobre estas situaciones<a href=\"#_ftn1\"><sup>[1]<\/sup><\/a>. Tal es\nla crisis del directorio que, para este a\u00f1o, ni siquiera se ha convocado a la\ntradicional marcha por la defensa del FEES.<\/p>\n\n\n\n<p>Peor a\u00fan, hace unos d\u00edas sacaron un banner en el\ncu\u00e1l se autodenominan la \u201cVoz estudiantil en las Grandes Luchas y Debates\nNacionales\u201d, usando la imagen de la actual presidenta, prest\u00e1ndose con esto a\nuna pol\u00edtica personalista que no deber\u00eda ser propia del movimiento estudiantil.\nPor otra parte, sobre su auto denominaci\u00f3n como voz de los estudiantes hay\nvarias cosas: <\/p>\n\n\n\n<figure class=\"wp-block-image\"><img loading=\"lazy\" decoding=\"async\" width=\"390\" height=\"500\" src=\"https:\/\/www.socialismoobarbarie.org\/wp-content\/uploads\/2019\/07\/1-2-390x500.jpg\" alt=\"\" class=\"wp-image-12601\" srcset=\"https:\/\/www.socialismoobarbarie.org\/wp-content\/uploads\/2019\/07\/1-2-390x500.jpg 390w, https:\/\/www.socialismoobarbarie.org\/wp-content\/uploads\/2019\/07\/1-2-78x100.jpg 78w, https:\/\/www.socialismoobarbarie.org\/wp-content\/uploads\/2019\/07\/1-2-257x330.jpg 257w, https:\/\/www.socialismoobarbarie.org\/wp-content\/uploads\/2019\/07\/1-2.jpg 991w\" sizes=\"auto, (max-width: 390px) 100vw, 390px\" \/><\/figure>\n\n\n\n<p>Primero, en las elecciones pasadas seg\u00fan datos\ndel TEEU \u00fanicamente particip\u00f3 un 14.9% del total de la poblaci\u00f3n universitaria,\ny de ese porcentaje un 47% vot\u00f3 por PROGRE<a href=\"#_ftn2\"><sup>[2]<\/sup><\/a>.\nCon tan baja participaci\u00f3n estudiantil es sumamente temerario y forzado\nllamarse la voz del estudiantado. <\/p>\n\n\n\n<p>En segundo \u2013tal como se indic\u00f3 al inicio del\nart\u00edculo-, durante las recientes jornadas de lucha que llevaron a cabo por\npescadores, estudiantes de secundaria, traileros, sindicatos el movimiento\nestudiantil \u00fanicamente emiti\u00f3 un comunicado contra la violencia ejercida en un\ncolegio de Upala y llamando a la paz \u00a1A\u00fan cuando es el gobierno quien est\u00e1\nviolentando los derechos de los de abajo! Luego de esto la federaci\u00f3n se volvi\u00f3\na perder y ni tan siquiera se pronunci\u00f3 tras la violenta represi\u00f3n encabezada\npor el gobierno contra los traileros, estudiantes y las comunidades que\nmanten\u00edan bloqueos. Represi\u00f3n que dej\u00f3 como saldo a diez personas encarceladas,\ndos de ellas estudiantes menores de edad.<\/p>\n\n\n\n<p>Desde Ya Basta consideramos que es necesario la\nrefundaci\u00f3n y repolitizaci\u00f3n del Movimiento Estudiantil para que este pueda,\nverdaderamente y de forma democr\u00e1tica, organizarse para formar parte de las\ngrandes luchas nacionales, un ME que acuerpe las luchas de los explotados y\noprimidos y que vele por mantener su autonom\u00eda y proteger el FEES. Es necesario\nque los partidos pro gobierno salgan de los espacios estudiantiles y den\nespacio para una verdadera organizaci\u00f3n democr\u00e1tica, que no sean quienes est\u00e1n\nen el poder quienes se atribuyan ser la \u201cVoz de los estudiantes\u201d, sino que\ndesde abajo se levanten voces y se contruya con base a eso. <\/p>\n\n\n\n<p>Ya Basta se\nconstruye como una alternativa anticapitalista para luchar junto a los\nexplotados y oprimidos contra el gran capital que pretende quitarle los\nderechos hist\u00f3ricamente adquiridos por la clase trabajadora. Feminista, por un\nmovimiento de mujeres que luche por una norma t\u00e9cnica con los m\u00e1s altos\nest\u00e1ndares en derechos humanos, contra el acoso en las aulas &nbsp;y contra la violencia patriarcal estructural. Y\necologista para defender el medio ambiente del modelo extractivista\ncapitalista, por un alto en la construcci\u00f3n de represas, contra la pesca de\narrastre y los plaguicidas; todo esto para aportar en la tarea de posicionar a\nla izquierda en el panorama pol\u00edtico actual.<br \/><\/p>\n\n\n\n<hr class=\"wp-block-separator\" \/>\n\n\n\n<p><a href=\"#_ftnref1\"><sup>[1]<\/sup><\/a> \u00a1Ya Basta!. El Movimiento\nEstudiantil debe Prepararse para luchar contra los recortes a la educaci\u00f3n\nsuperior. https:\/\/m.facebook.com\/story.php?story_fbid=2105331892821010&amp;id=126199104067642<\/p>\n\n\n\n<p><a href=\"#_ftnref2\"><sup>[2]<\/sup><\/a> TEEU. Resultados de\nElecciones. 2018.\nhttps:\/\/m.facebook.com\/story.php?story_fbid=2105331892821010&amp;id=126199104067642<\/p>\n","protected":false},"excerpt":{"rendered":"<p>Por Sthefanny Z\u00fa\u00f1iga El a\u00f1o pasado se llev\u00f3 a cabo la huelga m\u00e1s grande en la historia de Costa Rica, la cual aglutin\u00f3 a diversos sectores de los explotados y oprimidos (comunidades de zonas rurales, agricultores, y los sindicatos del sector p\u00fablico). Y hace unas semanas sectores estudiantiles de secundaria, pescadores, sindicatos y transportistas volvieron [&hellip;]<\/p>\n","protected":false},"author":101015,"featured_media":12591,"comment_status":"closed","ping_status":"closed","sticky":false,"template":"","format":"standard","meta":{"footnotes":""},"categories":[1662],"tags":[1851,1947,1876,1888,2019,1892,1853],"class_list":{"0":"post-12590","1":"post","2":"type-post","3":"status-publish","4":"format-standard","5":"has-post-thumbnail","7":"category-costa-rica","8":"tag-costa-rica","9":"tag-feucr","10":"tag-juventud","11":"tag-pac","12":"tag-progre","13":"tag-ucr","14":"tag-ya-basta"},"yoast_head":"<!-- This site is optimized with the Yoast SEO plugin v27.5 - https:\/\/yoast.com\/product\/yoast-seo-wordpress\/ -->\n<title>Federaci\u00f3n de estudiantes de la UCR: La \u201cvoz\u201d af\u00f3nica del movimiento estudiantil - Socialismo o Barbarie<\/title>\n<meta name=\"robots\" content=\"index, follow, max-snippet:-1, max-image-preview:large, max-video-preview:-1\" \/>\n<link rel=\"canonical\" href=\"https:\/\/www.socialismoobarbarie.org\/?p=12590\" \/>\n<meta property=\"og:locale\" content=\"es_ES\" \/>\n<meta property=\"og:type\" content=\"article\" \/>\n<meta property=\"og:title\" content=\"Federaci\u00f3n de estudiantes de la UCR: La \u201cvoz\u201d af\u00f3nica del movimiento estudiantil - Socialismo o Barbarie\" \/>\n<meta property=\"og:description\" content=\"Por Sthefanny Z\u00fa\u00f1iga El a\u00f1o pasado se llev\u00f3 a cabo la huelga m\u00e1s grande en la historia de Costa Rica, la cual aglutin\u00f3 a diversos sectores de los explotados y oprimidos (comunidades de zonas rurales, agricultores, y los sindicatos del sector p\u00fablico). Y hace unas semanas sectores estudiantiles de secundaria, pescadores, sindicatos y transportistas volvieron [&hellip;]\" \/>\n<meta property=\"og:url\" content=\"https:\/\/www.socialismoobarbarie.org\/?p=12590\" \/>\n<meta property=\"og:site_name\" content=\"Socialismo o Barbarie\" \/>\n<meta property=\"article:published_time\" content=\"2019-07-07T00:16:58+00:00\" \/>\n<meta property=\"article:modified_time\" content=\"2019-07-09T21:35:49+00:00\" \/>\n<meta property=\"og:image\" content=\"https:\/\/www.socialismoobarbarie.org\/wp-content\/uploads\/2019\/07\/FEUCR1.jpg\" \/>\n\t<meta property=\"og:image:width\" content=\"991\" \/>\n\t<meta property=\"og:image:height\" content=\"657\" \/>\n\t<meta property=\"og:image:type\" content=\"image\/jpeg\" \/>\n<meta name=\"author\" content=\"Redacci\u00f3n\" \/>\n<meta name=\"twitter:card\" content=\"summary_large_image\" \/>\n<meta name=\"twitter:label1\" content=\"Escrito por\" \/>\n\t<meta name=\"twitter:data1\" content=\"Redacci\u00f3n\" \/>\n\t<meta name=\"twitter:label2\" content=\"Tiempo de lectura\" \/>\n\t<meta name=\"twitter:data2\" content=\"4 minutos\" \/>\n<script type=\"application\/ld+json\" class=\"yoast-schema-graph\">{\"@context\":\"https:\\\/\\\/schema.org\",\"@graph\":[{\"@type\":\"Article\",\"@id\":\"https:\\\/\\\/www.socialismoobarbarie.org\\\/?p=12590#article\",\"isPartOf\":{\"@id\":\"https:\\\/\\\/www.socialismoobarbarie.org\\\/?p=12590\"},\"author\":{\"name\":\"Redacci\u00f3n\",\"@id\":\"https:\\\/\\\/www.socialismoobarbarie.org\\\/#\\\/schema\\\/person\\\/cc4f599d5f96bedd8f25c32595586e43\"},\"headline\":\"Federaci\u00f3n de estudiantes de la UCR: La \u201cvoz\u201d af\u00f3nica del movimiento estudiantil\",\"datePublished\":\"2019-07-07T00:16:58+00:00\",\"dateModified\":\"2019-07-09T21:35:49+00:00\",\"mainEntityOfPage\":{\"@id\":\"https:\\\/\\\/www.socialismoobarbarie.org\\\/?p=12590\"},\"wordCount\":884,\"publisher\":{\"@id\":\"https:\\\/\\\/www.socialismoobarbarie.org\\\/#organization\"},\"image\":{\"@id\":\"https:\\\/\\\/www.socialismoobarbarie.org\\\/?p=12590#primaryimage\"},\"thumbnailUrl\":\"https:\\\/\\\/www.socialismoobarbarie.org\\\/wp-content\\\/uploads\\\/2019\\\/07\\\/FEUCR1.jpg\",\"keywords\":[\"costa rica\",\"feucr\",\"juventud\",\"pac\",\"progre\",\"ucr\",\"ya basta\"],\"articleSection\":[\"Costa Rica\"],\"inLanguage\":\"es\"},{\"@type\":\"WebPage\",\"@id\":\"https:\\\/\\\/www.socialismoobarbarie.org\\\/?p=12590\",\"url\":\"https:\\\/\\\/www.socialismoobarbarie.org\\\/?p=12590\",\"name\":\"Federaci\u00f3n de estudiantes de la UCR: La \u201cvoz\u201d af\u00f3nica del movimiento estudiantil - Socialismo o Barbarie\",\"isPartOf\":{\"@id\":\"https:\\\/\\\/www.socialismoobarbarie.org\\\/#website\"},\"primaryImageOfPage\":{\"@id\":\"https:\\\/\\\/www.socialismoobarbarie.org\\\/?p=12590#primaryimage\"},\"image\":{\"@id\":\"https:\\\/\\\/www.socialismoobarbarie.org\\\/?p=12590#primaryimage\"},\"thumbnailUrl\":\"https:\\\/\\\/www.socialismoobarbarie.org\\\/wp-content\\\/uploads\\\/2019\\\/07\\\/FEUCR1.jpg\",\"datePublished\":\"2019-07-07T00:16:58+00:00\",\"dateModified\":\"2019-07-09T21:35:49+00:00\",\"breadcrumb\":{\"@id\":\"https:\\\/\\\/www.socialismoobarbarie.org\\\/?p=12590#breadcrumb\"},\"inLanguage\":\"es\",\"potentialAction\":[{\"@type\":\"ReadAction\",\"target\":[\"https:\\\/\\\/www.socialismoobarbarie.org\\\/?p=12590\"]}]},{\"@type\":\"ImageObject\",\"inLanguage\":\"es\",\"@id\":\"https:\\\/\\\/www.socialismoobarbarie.org\\\/?p=12590#primaryimage\",\"url\":\"https:\\\/\\\/www.socialismoobarbarie.org\\\/wp-content\\\/uploads\\\/2019\\\/07\\\/FEUCR1.jpg\",\"contentUrl\":\"https:\\\/\\\/www.socialismoobarbarie.org\\\/wp-content\\\/uploads\\\/2019\\\/07\\\/FEUCR1.jpg\",\"width\":991,\"height\":657},{\"@type\":\"BreadcrumbList\",\"@id\":\"https:\\\/\\\/www.socialismoobarbarie.org\\\/?p=12590#breadcrumb\",\"itemListElement\":[{\"@type\":\"ListItem\",\"position\":1,\"name\":\"Portada\",\"item\":\"https:\\\/\\\/www.socialismoobarbarie.org\\\/\"},{\"@type\":\"ListItem\",\"position\":2,\"name\":\"Federaci\u00f3n de estudiantes de la UCR: La \u201cvoz\u201d af\u00f3nica del movimiento estudiantil\"}]},{\"@type\":\"WebSite\",\"@id\":\"https:\\\/\\\/www.socialismoobarbarie.org\\\/#website\",\"url\":\"https:\\\/\\\/www.socialismoobarbarie.org\\\/\",\"name\":\"Socialismo o Barbarie\",\"description\":\"Sitio web de la corriente internacional Socialismo o Barbarie\",\"publisher\":{\"@id\":\"https:\\\/\\\/www.socialismoobarbarie.org\\\/#organization\"},\"potentialAction\":[{\"@type\":\"SearchAction\",\"target\":{\"@type\":\"EntryPoint\",\"urlTemplate\":\"https:\\\/\\\/www.socialismoobarbarie.org\\\/?s={search_term_string}\"},\"query-input\":{\"@type\":\"PropertyValueSpecification\",\"valueRequired\":true,\"valueName\":\"search_term_string\"}}],\"inLanguage\":\"es\"},{\"@type\":\"Organization\",\"@id\":\"https:\\\/\\\/www.socialismoobarbarie.org\\\/#organization\",\"name\":\"Socialismo o Barbarie\",\"url\":\"https:\\\/\\\/www.socialismoobarbarie.org\\\/\",\"logo\":{\"@type\":\"ImageObject\",\"inLanguage\":\"es\",\"@id\":\"https:\\\/\\\/www.socialismoobarbarie.org\\\/#\\\/schema\\\/logo\\\/image\\\/\",\"url\":\"https:\\\/\\\/www.socialismoobarbarie.org\\\/wp-content\\\/uploads\\\/2025\\\/02\\\/soblogoweb-2025.png\",\"contentUrl\":\"https:\\\/\\\/www.socialismoobarbarie.org\\\/wp-content\\\/uploads\\\/2025\\\/02\\\/soblogoweb-2025.png\",\"width\":450,\"height\":161,\"caption\":\"Socialismo o Barbarie\"},\"image\":{\"@id\":\"https:\\\/\\\/www.socialismoobarbarie.org\\\/#\\\/schema\\\/logo\\\/image\\\/\"}},{\"@type\":\"Person\",\"@id\":\"https:\\\/\\\/www.socialismoobarbarie.org\\\/#\\\/schema\\\/person\\\/cc4f599d5f96bedd8f25c32595586e43\",\"name\":\"Redacci\u00f3n\",\"url\":\"https:\\\/\\\/www.socialismoobarbarie.org\\\/?author=101015\"}]}<\/script>\n<!-- \/ Yoast SEO plugin. -->","yoast_head_json":{"title":"Federaci\u00f3n de estudiantes de la UCR: La \u201cvoz\u201d af\u00f3nica del movimiento estudiantil - Socialismo o Barbarie","robots":{"index":"index","follow":"follow","max-snippet":"max-snippet:-1","max-image-preview":"max-image-preview:large","max-video-preview":"max-video-preview:-1"},"canonical":"https:\/\/www.socialismoobarbarie.org\/?p=12590","og_locale":"es_ES","og_type":"article","og_title":"Federaci\u00f3n de estudiantes de la UCR: La \u201cvoz\u201d af\u00f3nica del movimiento estudiantil - Socialismo o Barbarie","og_description":"Por Sthefanny Z\u00fa\u00f1iga El a\u00f1o pasado se llev\u00f3 a cabo la huelga m\u00e1s grande en la historia de Costa Rica, la cual aglutin\u00f3 a diversos sectores de los explotados y oprimidos (comunidades de zonas rurales, agricultores, y los sindicatos del sector p\u00fablico). Y hace unas semanas sectores estudiantiles de secundaria, pescadores, sindicatos y transportistas volvieron [&hellip;]","og_url":"https:\/\/www.socialismoobarbarie.org\/?p=12590","og_site_name":"Socialismo o Barbarie","article_published_time":"2019-07-07T00:16:58+00:00","article_modified_time":"2019-07-09T21:35:49+00:00","og_image":[{"width":991,"height":657,"url":"https:\/\/www.socialismoobarbarie.org\/wp-content\/uploads\/2019\/07\/FEUCR1.jpg","type":"image\/jpeg"}],"author":"Redacci\u00f3n","twitter_card":"summary_large_image","twitter_misc":{"Escrito por":"Redacci\u00f3n","Tiempo de lectura":"4 minutos"},"schema":{"@context":"https:\/\/schema.org","@graph":[{"@type":"Article","@id":"https:\/\/www.socialismoobarbarie.org\/?p=12590#article","isPartOf":{"@id":"https:\/\/www.socialismoobarbarie.org\/?p=12590"},"author":{"name":"Redacci\u00f3n","@id":"https:\/\/www.socialismoobarbarie.org\/#\/schema\/person\/cc4f599d5f96bedd8f25c32595586e43"},"headline":"Federaci\u00f3n de estudiantes de la UCR: La \u201cvoz\u201d af\u00f3nica del movimiento estudiantil","datePublished":"2019-07-07T00:16:58+00:00","dateModified":"2019-07-09T21:35:49+00:00","mainEntityOfPage":{"@id":"https:\/\/www.socialismoobarbarie.org\/?p=12590"},"wordCount":884,"publisher":{"@id":"https:\/\/www.socialismoobarbarie.org\/#organization"},"image":{"@id":"https:\/\/www.socialismoobarbarie.org\/?p=12590#primaryimage"},"thumbnailUrl":"https:\/\/www.socialismoobarbarie.org\/wp-content\/uploads\/2019\/07\/FEUCR1.jpg","keywords":["costa rica","feucr","juventud","pac","progre","ucr","ya basta"],"articleSection":["Costa Rica"],"inLanguage":"es"},{"@type":"WebPage","@id":"https:\/\/www.socialismoobarbarie.org\/?p=12590","url":"https:\/\/www.socialismoobarbarie.org\/?p=12590","name":"Federaci\u00f3n de estudiantes de la UCR: La \u201cvoz\u201d af\u00f3nica del movimiento estudiantil - Socialismo o Barbarie","isPartOf":{"@id":"https:\/\/www.socialismoobarbarie.org\/#website"},"primaryImageOfPage":{"@id":"https:\/\/www.socialismoobarbarie.org\/?p=12590#primaryimage"},"image":{"@id":"https:\/\/www.socialismoobarbarie.org\/?p=12590#primaryimage"},"thumbnailUrl":"https:\/\/www.socialismoobarbarie.org\/wp-content\/uploads\/2019\/07\/FEUCR1.jpg","datePublished":"2019-07-07T00:16:58+00:00","dateModified":"2019-07-09T21:35:49+00:00","breadcrumb":{"@id":"https:\/\/www.socialismoobarbarie.org\/?p=12590#breadcrumb"},"inLanguage":"es","potentialAction":[{"@type":"ReadAction","target":["https:\/\/www.socialismoobarbarie.org\/?p=12590"]}]},{"@type":"ImageObject","inLanguage":"es","@id":"https:\/\/www.socialismoobarbarie.org\/?p=12590#primaryimage","url":"https:\/\/www.socialismoobarbarie.org\/wp-content\/uploads\/2019\/07\/FEUCR1.jpg","contentUrl":"https:\/\/www.socialismoobarbarie.org\/wp-content\/uploads\/2019\/07\/FEUCR1.jpg","width":991,"height":657},{"@type":"BreadcrumbList","@id":"https:\/\/www.socialismoobarbarie.org\/?p=12590#breadcrumb","itemListElement":[{"@type":"ListItem","position":1,"name":"Portada","item":"https:\/\/www.socialismoobarbarie.org\/"},{"@type":"ListItem","position":2,"name":"Federaci\u00f3n de estudiantes de la UCR: La \u201cvoz\u201d af\u00f3nica del movimiento estudiantil"}]},{"@type":"WebSite","@id":"https:\/\/www.socialismoobarbarie.org\/#website","url":"https:\/\/www.socialismoobarbarie.org\/","name":"Socialismo o Barbarie","description":"Sitio web de la corriente internacional Socialismo o Barbarie","publisher":{"@id":"https:\/\/www.socialismoobarbarie.org\/#organization"},"potentialAction":[{"@type":"SearchAction","target":{"@type":"EntryPoint","urlTemplate":"https:\/\/www.socialismoobarbarie.org\/?s={search_term_string}"},"query-input":{"@type":"PropertyValueSpecification","valueRequired":true,"valueName":"search_term_string"}}],"inLanguage":"es"},{"@type":"Organization","@id":"https:\/\/www.socialismoobarbarie.org\/#organization","name":"Socialismo o Barbarie","url":"https:\/\/www.socialismoobarbarie.org\/","logo":{"@type":"ImageObject","inLanguage":"es","@id":"https:\/\/www.socialismoobarbarie.org\/#\/schema\/logo\/image\/","url":"https:\/\/www.socialismoobarbarie.org\/wp-content\/uploads\/2025\/02\/soblogoweb-2025.png","contentUrl":"https:\/\/www.socialismoobarbarie.org\/wp-content\/uploads\/2025\/02\/soblogoweb-2025.png","width":450,"height":161,"caption":"Socialismo o Barbarie"},"image":{"@id":"https:\/\/www.socialismoobarbarie.org\/#\/schema\/logo\/image\/"}},{"@type":"Person","@id":"https:\/\/www.socialismoobarbarie.org\/#\/schema\/person\/cc4f599d5f96bedd8f25c32595586e43","name":"Redacci\u00f3n","url":"https:\/\/www.socialismoobarbarie.org\/?author=101015"}]}},"_links":{"self":[{"href":"https:\/\/www.socialismoobarbarie.org\/index.php?rest_route=\/wp\/v2\/posts\/12590","targetHints":{"allow":["GET"]}}],"collection":[{"href":"https:\/\/www.socialismoobarbarie.org\/index.php?rest_route=\/wp\/v2\/posts"}],"about":[{"href":"https:\/\/www.socialismoobarbarie.org\/index.php?rest_route=\/wp\/v2\/types\/post"}],"author":[{"embeddable":true,"href":"https:\/\/www.socialismoobarbarie.org\/index.php?rest_route=\/wp\/v2\/users\/101015"}],"replies":[{"embeddable":true,"href":"https:\/\/www.socialismoobarbarie.org\/index.php?rest_route=%2Fwp%2Fv2%2Fcomments&post=12590"}],"version-history":[{"count":3,"href":"https:\/\/www.socialismoobarbarie.org\/index.php?rest_route=\/wp\/v2\/posts\/12590\/revisions"}],"predecessor-version":[{"id":12609,"href":"https:\/\/www.socialismoobarbarie.org\/index.php?rest_route=\/wp\/v2\/posts\/12590\/revisions\/12609"}],"wp:featuredmedia":[{"embeddable":true,"href":"https:\/\/www.socialismoobarbarie.org\/index.php?rest_route=\/wp\/v2\/media\/12591"}],"wp:attachment":[{"href":"https:\/\/www.socialismoobarbarie.org\/index.php?rest_route=%2Fwp%2Fv2%2Fmedia&parent=12590"}],"wp:term":[{"taxonomy":"category","embeddable":true,"href":"https:\/\/www.socialismoobarbarie.org\/index.php?rest_route=%2Fwp%2Fv2%2Fcategories&post=12590"},{"taxonomy":"post_tag","embeddable":true,"href":"https:\/\/www.socialismoobarbarie.org\/index.php?rest_route=%2Fwp%2Fv2%2Ftags&post=12590"}],"curies":[{"name":"wp","href":"https:\/\/api.w.org\/{rel}","templated":true}]}}