{"id":12684,"date":"2019-07-30T19:21:41","date_gmt":"2019-07-30T22:21:41","guid":{"rendered":"https:\/\/www.socialismoobarbarie.org\/?p=12684"},"modified":"2019-07-30T19:22:00","modified_gmt":"2019-07-30T22:22:00","slug":"nuevo-convenio-fees-se-profundizan-los-recortes-y-la-mercantilizacion-de-la-educacion-universitaria","status":"publish","type":"post","link":"https:\/\/www.socialismoobarbarie.org\/?p=12684","title":{"rendered":"Nuevo convenio FEES: se profundizan los recortes y la mercantilizaci\u00f3n de la educaci\u00f3n universitaria"},"content":{"rendered":"\n<p>Por Sthefanny\nZ\u00fa\u00f1iga <\/p>\n\n\n\n<p>El 18 de julio, durante la semana en la cual la mayor parte del\nestudiantado universitario se encontraba en vacaciones, sin mediar palabra y en\nhoras de la tarde; se dio a conocer que los rectores de las universidades\np\u00fablicas y el gobierno firmaron un nuevo convenio para el&nbsp; Fondo Especial para la Educaci\u00f3n Superior\n(FEES). <\/p>\n\n\n\n<p><strong>La mercantilizaci\u00f3n\nuniversitaria en Costa Rica<\/strong><\/p>\n\n\n\n<p>Seg\u00fan&nbsp;\nCaama\u00f1o principalmente luego de la firma del quinto convenio del FEES,\nque inclu\u00eda el pr\u00e9stamo del Banco Mundial (obliga a una centralizaci\u00f3n de\ninversiones en la productividad), se profundiza un proceso de gerencializaci\u00f3n\nde la Universidad (ella estudi\u00f3 a la Universidad de Costa Rica).<\/p>\n\n\n\n<p>En esa l\u00ednea, para el 2015 la Universidad se\ncompromete a reducir gastos operativos, anualidades, etc. Ya para el 2019 el\npresupuesto llega al m\u00ednimo establecido por la ley, paralelamente a esto se\nperpetua una pacificaci\u00f3n estudiantil as\u00ed como la despolitizaci\u00f3n. Esto\nfacilita los recortes que alcanzan distintas asignaciones: reducci\u00f3n al pago de\nhoras extra, reducci\u00f3n en las suplencias y prohibici\u00f3n para suplir en\ndirecci\u00f3n, no contratar m\u00e1s personal interino, disminuci\u00f3n del gasto en\ncombustible, del presupuesto para capacitaciones y pagos por divulgaci\u00f3n;\nadem\u00e1s del cierre del TCU en la Sede del Pacifico recortando la acci\u00f3n social<sup>1<\/sup>.<\/p>\n\n\n\n<p>A eso le sumamos los nuevos recortes: las\nuniversidades tendr\u00e1n que congelar plazas laborales y el ajuste salarial ser\u00eda\ndel 1.5% a partir de enero con una previsi\u00f3n igual a partir de julio<a href=\"#_ftn1\"><sup>[1]<\/sup><\/a>.\nJunto a esto las Universidades tendr\u00e1n que invertir&nbsp; 70.000 millones (un 12.76% del total) a\ninversiones de capital, que son para aumentar la productividad.<\/p>\n\n\n\n<p>En resumen se presenta un \u201cchoque entre dos\nmodelos de universidad\u201d<sup>1 <\/sup>el primero una universidad vinculada a las\ncomunidades, con cuestionamientos a los poderes y los gobiernos. Y el segundo\nun modelo que se impone, con gerencializaci\u00f3n, b\u00fasqueda por maximizar las\nganancias, un desprecio por la protesta social y, un abandono de las\ncomunidades. Como cr\u00edtica a la Federaci\u00f3n (FEUCR) cabe se\u00f1alar que este proceso\nse acrecienta en el periodo en el cu\u00e1l PROGRE (juventud del PAC) y Alternativa\n(Juventud del FA) se turnan el directorio. Y se llega al punto que ya, ni\nsiquiera se hace la marcha para exigir el 1.5% del PIB, adem\u00e1s la\nburocratizaci\u00f3n de los espacios estudiantiles, etc., contribuyen al desarme del\nMovimiento Estudiantil.<\/p>\n\n\n\n<p><strong>\u00daltimos acuerdos\nFEES<\/strong><\/p>\n\n\n\n<p>El presupuesto del FEES desde el 2016 presenta\nuna reducci\u00f3n con respecto al Producto Interno Bruto (PIB): en 2016 el monto\nfue de 1.42%, en 2018 de 1.37% y en el 2019 de un 1.32%, siendo el presupuesto\nm\u00e1s bajo de los \u00faltimos a\u00f1os, y corriendo el riesgo de volver a 1991, cuando el\nporcentaje del financiamiento fue de un 1.15% del PIB en educaci\u00f3n superior<sup>1<\/sup>.\nCon la firma del quinto convenio, m\u00e1s una reforma constitucional, se dio un\ncrecimiento vertiginoso del FEES en t\u00e9rminos nominales, sin embargo a partir\ndel 2017 este crecimiento se desacelera y ya entre el 2018 y el 2019 es casi\nnulo<sup>1<\/sup>, y para este a\u00f1o esa brecha de crecimiento se cierra a\u00fan m\u00e1s. <\/p>\n\n\n\n<p>En cuanto al FEES 2019 el monto acordado con el\nEjecutivo fue de 511.154,72 millones, pero la Asamblea\nLegislativa le recort\u00f3 10.000 millones. Ante esto la Universidad interpuso una\nacci\u00f3n de inconstitucionalidad, sin embargo, la misma puede tardar entre a\u00f1o y\nmedio o dos a\u00f1os en ser resuelta<a href=\"#_ftn2\"><sup>[2]<\/sup><\/a>.\nAs\u00ed el monto resultante fue de 501.154,7 millones (un recorte del 1.95%) y el\ncrecimiento del presupuesto se redujo a un 1%.<\/p>\n\n\n\n<p>Para el actual convenio se tom\u00f3 como base el\nmonto recortado el a\u00f1o pasado pactando un monto de 512.781,51 millones, con un\nincremento del 2.32% (11.626,79 millones) el cual seg\u00fan el mismo convenio se\nhace sobre la inflaci\u00f3n interanual a mayo del 2019 (2.32%), por lo tanto <strong>el crecimiento real, esperando que la\ninflaci\u00f3n no cambie, ser\u00eda de cero<\/strong>.<\/p>\n\n\n\n<p>Como un dato curioso, si tom\u00e1semos el monto\ninicial presupuestado del 2019 y el actual para el 2020, sin ning\u00fan tipo de\nrecorte, el incremento ser\u00eda apenas del 0.31% (1.626,79 millones).<\/p>\n\n\n\n<p>En cuanto a la UTN, primero cabe mencionar que\nsu presupuesto no se encuentra incluido en el FEES, sin embargo, seg\u00fan indica\nCarlos Araya, Hacienda no lo ve de la misma forma y hace las negociaciones\ncontando su presupuesto como parte del FEES. Pasando a los datos: para el 2019\nel monto presupuestado fue de 34.868,93 millones (este monto, seg\u00fan lo indica\nel Semanario Universidad, no se vio afectado por el recorte) y para el 2020 el\npresupuesto ser\u00e1 de 35.677,88, con un incremento nominal de 808,95 millones\n(2.31%).<\/p>\n\n\n\n<p>Ahora, retomando el aumento del 2.32% y tomando\nen cuenta lo establecido en el convenio: si la inflaci\u00f3n medida por el IPC\ndurante el 2020 supera el l\u00edmite superior proyectado en el Programa\nMacroecon\u00f3mico del Banco Central, las partes se reunir\u00e1n para revalorar el\nacuerdo<a href=\"#_ftn3\"><sup>[3]<\/sup><\/a>.\nSobre esto, la proyecci\u00f3n de la inflaci\u00f3n en el Programa para el 2020 es del 3%\n+\/- 1, o sea el l\u00edmite superior de la inflaci\u00f3n es del 4%.<\/p>\n\n\n\n<p>Esto, de entrada viene siendo un golpe al\npresupuesto ya que los Rectores negociaron sobre una inflaci\u00f3n que roza el\nl\u00edmite inferior, y con las tendencias macroecon\u00f3micas es dif\u00edcil mantener esa\ntendencia. Adem\u00e1s de ello, <strong>s\u00f3lo se puede\nrenegociar si supera el l\u00edmite superior de la inflaci\u00f3n proyectada (un 4%)<\/strong>\nlo cual dejar\u00eda un crecimiento negativo del 1.68% con graves repercusiones en\nlas universidades (hablamos de un fuerte incremento en los recortes).<\/p>\n\n\n\n<p>La situaci\u00f3n se torna m\u00e1s cr\u00edtica si recordamos\nel recorte que hizo la Asamblea, como ya se rese\u00f1\u00f3 la acci\u00f3n de inconstitucionalidad\npuede no estar resuelta, d\u00e1ndole tiempo a la Asamblea para efectuar un nuevo\nrecorte al presupuesto. Ahora, supongamos como escenario ficticio que la\nAsamblea vuelve a recortar el FEES (ganas no les faltan) y siendo \u201cbenevolentes\u201d\nrecortando el mimo porcentaje (el 1.95%) eso dejar\u00eda al presupuesto con un\nraqu\u00edtico 0.37% de \u201cincremento\u201d, siendo totalmente absorbido por la inflaci\u00f3n.\nY lo peor de este escenario es que es posible, la Asamblea maneja que: eso [el\nrecorte] es para que las Universidades se den cuenta de que en la Asamblea se\npuede violentar la Constituci\u00f3n Pol\u00edtica y no pasa nada; y pueden volver a\nrecortarlo porque no hay un movimiento estudiantil que salga a defender el\nmodelo universitario.<\/p>\n\n\n\n<p><strong>Para concluir:\nel gobierno perpet\u00faa el desfinanciamiento<\/strong><\/p>\n\n\n\n<p>El Gobierno del PAC en complicidad con los\nRectores universitarios \u2013y las Federaciones estudiantiles- firmaron un nuevo\nconvenio FEES. El mismo viene a profundizar el modelo gerencial y mercantilista\nque se est\u00e1 imponiendo sobre las universidades y con una alta posibilidad de\nquedarse por debajo de la inflaci\u00f3n, con persistentes violaciones a la\nConstituci\u00f3n como lo es la no firma del plan quinquenal. Fuera de esto, aunque\na\u00fan no se tiene el dato de cuanto representa el FEES con respecto al PIB, por\nla tendencia de los datos es plausible que se perpet\u00faen los recortes en\nrelaci\u00f3n al PIB.<\/p>\n\n\n\n<p>Ante todo esto desde \u00a1Ya Basta! Hacemos un\nllamado tanto al estudiantado como al personal docente y administrativo para\nsalir a luchar contra las medidas que pretenden privatizar las universidades,\npara exigir que se respete la autonom\u00eda universitaria, para exigir un FEES\nquinquenal y un mayor financiamiento, por el 8% de la educaci\u00f3n y el 1.5% para el\nFEES, as\u00ed como exigir la derogaci\u00f3n de la regla fiscal y la reincorporaci\u00f3n de\nlos destinos espec\u00edficos como ley y que se excluya al INA y la Red de Cuido del\npresupuesto para educaci\u00f3n. En este sentido planteamos un Encuentro\nUniversitario en Defensa del FEES y la autonom\u00eda universitaria, para preparar\nla lucha unitaria entre estudiantes, trabajadores y trabajadoras. <br \/><\/p>\n\n\n\n<hr class=\"wp-block-separator\" \/>\n\n\n\n<p><a href=\"#_ftnref1\"><sup>[1]<\/sup><\/a>Semanario.<a href=\"https:\/\/semanariouniversidad.com\/ultima-hora\/universidades-y-gobierno-firman-acuerdo-sobre-fees-2020\/\">https:\/\/semanariouniversidad.com\/ultima-hora\/universidades-y-gobierno-firman-acuerdo-sobre-fees-2020\/<\/a><\/p>\n\n\n\n<p><a href=\"#_ftnref2\"><sup>[2]<\/sup><\/a>Informa-tico. <a href=\"https:\/\/semanariouniversidad.com\/ultima-hora\/universidades-y-gobierno-firman-acuerdo-sobre-fees-2020\/\">https:\/\/semanariouniversidad.com\/ultima-hora\/universidades-y-gobierno-firman-acuerdo-sobre-fees-2020\/<\/a><\/p>\n\n\n\n<p><a href=\"#_ftnref3\"><sup>[3]<\/sup><\/a>BCCR.\nhttps:\/\/www.google.com\/url?sa=t&amp;source=web&amp;rct=j&amp;url=https:\/\/activos.bccr.fi.cr\/sitios\/bccr\/publicaciones\/DocPolticaMonetariaInflacin\/Programa_Macroeconomico_2019-2020.pdf&amp;ved=2ahUKEwjJk83ZocTjAhXBo1kKHf7sCNAQFjAAegQIBhAC&amp;usg=AOvVaw2Cj3VVwKJfUeG&#8211;PR9Mf_p<\/p>\n","protected":false},"excerpt":{"rendered":"<p>Por Sthefanny Z\u00fa\u00f1iga El 18 de julio, durante la semana en la cual la mayor parte del estudiantado universitario se encontraba en vacaciones, sin mediar palabra y en horas de la tarde; se dio a conocer que los rectores de las universidades p\u00fablicas y el gobierno firmaron un nuevo convenio para el&nbsp; Fondo Especial para [&hellip;]<\/p>\n","protected":false},"author":101015,"featured_media":12685,"comment_status":"closed","ping_status":"closed","sticky":false,"template":"","format":"standard","meta":{"footnotes":""},"categories":[1662],"tags":[1851,1925,1946,1947,1888,1920,2076,1853],"class_list":{"0":"post-12684","1":"post","2":"type-post","3":"status-publish","4":"format-standard","5":"has-post-thumbnail","7":"category-costa-rica","8":"tag-costa-rica","9":"tag-educacion","10":"tag-fees","11":"tag-feucr","12":"tag-pac","13":"tag-recortes","14":"tag-universidad","15":"tag-ya-basta"},"yoast_head":"<!-- This site is optimized with the Yoast SEO plugin v27.5 - https:\/\/yoast.com\/product\/yoast-seo-wordpress\/ -->\n<title>Nuevo convenio FEES: se profundizan los recortes y la mercantilizaci\u00f3n de la educaci\u00f3n universitaria - Socialismo o Barbarie<\/title>\n<meta name=\"robots\" content=\"index, follow, max-snippet:-1, max-image-preview:large, max-video-preview:-1\" \/>\n<link rel=\"canonical\" href=\"https:\/\/www.socialismoobarbarie.org\/?p=12684\" \/>\n<meta property=\"og:locale\" content=\"es_ES\" \/>\n<meta property=\"og:type\" content=\"article\" \/>\n<meta property=\"og:title\" content=\"Nuevo convenio FEES: se profundizan los recortes y la mercantilizaci\u00f3n de la educaci\u00f3n universitaria - Socialismo o Barbarie\" \/>\n<meta property=\"og:description\" content=\"Por Sthefanny Z\u00fa\u00f1iga El 18 de julio, durante la semana en la cual la mayor parte del estudiantado universitario se encontraba en vacaciones, sin mediar palabra y en horas de la tarde; se dio a conocer que los rectores de las universidades p\u00fablicas y el gobierno firmaron un nuevo convenio para el&nbsp; Fondo Especial para [&hellip;]\" \/>\n<meta property=\"og:url\" content=\"https:\/\/www.socialismoobarbarie.org\/?p=12684\" \/>\n<meta property=\"og:site_name\" content=\"Socialismo o Barbarie\" \/>\n<meta property=\"article:published_time\" content=\"2019-07-30T22:21:41+00:00\" \/>\n<meta property=\"article:modified_time\" content=\"2019-07-30T22:22:00+00:00\" \/>\n<meta property=\"og:image\" content=\"https:\/\/www.socialismoobarbarie.org\/wp-content\/uploads\/2019\/07\/fees1.png\" \/>\n\t<meta property=\"og:image:width\" content=\"991\" \/>\n\t<meta property=\"og:image:height\" content=\"387\" \/>\n\t<meta property=\"og:image:type\" content=\"image\/png\" \/>\n<meta name=\"author\" content=\"Redacci\u00f3n\" \/>\n<meta name=\"twitter:card\" content=\"summary_large_image\" \/>\n<meta name=\"twitter:label1\" content=\"Escrito por\" \/>\n\t<meta name=\"twitter:data1\" content=\"Redacci\u00f3n\" \/>\n\t<meta name=\"twitter:label2\" content=\"Tiempo de lectura\" \/>\n\t<meta name=\"twitter:data2\" content=\"7 minutos\" \/>\n<script type=\"application\/ld+json\" class=\"yoast-schema-graph\">{\"@context\":\"https:\\\/\\\/schema.org\",\"@graph\":[{\"@type\":\"Article\",\"@id\":\"https:\\\/\\\/www.socialismoobarbarie.org\\\/?p=12684#article\",\"isPartOf\":{\"@id\":\"https:\\\/\\\/www.socialismoobarbarie.org\\\/?p=12684\"},\"author\":{\"name\":\"Redacci\u00f3n\",\"@id\":\"https:\\\/\\\/www.socialismoobarbarie.org\\\/#\\\/schema\\\/person\\\/cc4f599d5f96bedd8f25c32595586e43\"},\"headline\":\"Nuevo convenio FEES: se profundizan los recortes y la mercantilizaci\u00f3n de la educaci\u00f3n universitaria\",\"datePublished\":\"2019-07-30T22:21:41+00:00\",\"dateModified\":\"2019-07-30T22:22:00+00:00\",\"mainEntityOfPage\":{\"@id\":\"https:\\\/\\\/www.socialismoobarbarie.org\\\/?p=12684\"},\"wordCount\":1379,\"publisher\":{\"@id\":\"https:\\\/\\\/www.socialismoobarbarie.org\\\/#organization\"},\"image\":{\"@id\":\"https:\\\/\\\/www.socialismoobarbarie.org\\\/?p=12684#primaryimage\"},\"thumbnailUrl\":\"https:\\\/\\\/www.socialismoobarbarie.org\\\/wp-content\\\/uploads\\\/2019\\\/07\\\/fees1.png\",\"keywords\":[\"costa rica\",\"educacion\",\"fees\",\"feucr\",\"pac\",\"recortes\",\"universidad\",\"ya basta\"],\"articleSection\":[\"Costa Rica\"],\"inLanguage\":\"es\"},{\"@type\":\"WebPage\",\"@id\":\"https:\\\/\\\/www.socialismoobarbarie.org\\\/?p=12684\",\"url\":\"https:\\\/\\\/www.socialismoobarbarie.org\\\/?p=12684\",\"name\":\"Nuevo convenio FEES: se profundizan los recortes y la mercantilizaci\u00f3n de la educaci\u00f3n universitaria - Socialismo o Barbarie\",\"isPartOf\":{\"@id\":\"https:\\\/\\\/www.socialismoobarbarie.org\\\/#website\"},\"primaryImageOfPage\":{\"@id\":\"https:\\\/\\\/www.socialismoobarbarie.org\\\/?p=12684#primaryimage\"},\"image\":{\"@id\":\"https:\\\/\\\/www.socialismoobarbarie.org\\\/?p=12684#primaryimage\"},\"thumbnailUrl\":\"https:\\\/\\\/www.socialismoobarbarie.org\\\/wp-content\\\/uploads\\\/2019\\\/07\\\/fees1.png\",\"datePublished\":\"2019-07-30T22:21:41+00:00\",\"dateModified\":\"2019-07-30T22:22:00+00:00\",\"breadcrumb\":{\"@id\":\"https:\\\/\\\/www.socialismoobarbarie.org\\\/?p=12684#breadcrumb\"},\"inLanguage\":\"es\",\"potentialAction\":[{\"@type\":\"ReadAction\",\"target\":[\"https:\\\/\\\/www.socialismoobarbarie.org\\\/?p=12684\"]}]},{\"@type\":\"ImageObject\",\"inLanguage\":\"es\",\"@id\":\"https:\\\/\\\/www.socialismoobarbarie.org\\\/?p=12684#primaryimage\",\"url\":\"https:\\\/\\\/www.socialismoobarbarie.org\\\/wp-content\\\/uploads\\\/2019\\\/07\\\/fees1.png\",\"contentUrl\":\"https:\\\/\\\/www.socialismoobarbarie.org\\\/wp-content\\\/uploads\\\/2019\\\/07\\\/fees1.png\",\"width\":991,\"height\":387},{\"@type\":\"BreadcrumbList\",\"@id\":\"https:\\\/\\\/www.socialismoobarbarie.org\\\/?p=12684#breadcrumb\",\"itemListElement\":[{\"@type\":\"ListItem\",\"position\":1,\"name\":\"Portada\",\"item\":\"https:\\\/\\\/www.socialismoobarbarie.org\\\/\"},{\"@type\":\"ListItem\",\"position\":2,\"name\":\"Nuevo convenio FEES: se profundizan los recortes y la mercantilizaci\u00f3n de la educaci\u00f3n universitaria\"}]},{\"@type\":\"WebSite\",\"@id\":\"https:\\\/\\\/www.socialismoobarbarie.org\\\/#website\",\"url\":\"https:\\\/\\\/www.socialismoobarbarie.org\\\/\",\"name\":\"Socialismo o Barbarie\",\"description\":\"Sitio web de la corriente internacional Socialismo o Barbarie\",\"publisher\":{\"@id\":\"https:\\\/\\\/www.socialismoobarbarie.org\\\/#organization\"},\"potentialAction\":[{\"@type\":\"SearchAction\",\"target\":{\"@type\":\"EntryPoint\",\"urlTemplate\":\"https:\\\/\\\/www.socialismoobarbarie.org\\\/?s={search_term_string}\"},\"query-input\":{\"@type\":\"PropertyValueSpecification\",\"valueRequired\":true,\"valueName\":\"search_term_string\"}}],\"inLanguage\":\"es\"},{\"@type\":\"Organization\",\"@id\":\"https:\\\/\\\/www.socialismoobarbarie.org\\\/#organization\",\"name\":\"Socialismo o Barbarie\",\"url\":\"https:\\\/\\\/www.socialismoobarbarie.org\\\/\",\"logo\":{\"@type\":\"ImageObject\",\"inLanguage\":\"es\",\"@id\":\"https:\\\/\\\/www.socialismoobarbarie.org\\\/#\\\/schema\\\/logo\\\/image\\\/\",\"url\":\"https:\\\/\\\/www.socialismoobarbarie.org\\\/wp-content\\\/uploads\\\/2025\\\/02\\\/soblogoweb-2025.png\",\"contentUrl\":\"https:\\\/\\\/www.socialismoobarbarie.org\\\/wp-content\\\/uploads\\\/2025\\\/02\\\/soblogoweb-2025.png\",\"width\":450,\"height\":161,\"caption\":\"Socialismo o Barbarie\"},\"image\":{\"@id\":\"https:\\\/\\\/www.socialismoobarbarie.org\\\/#\\\/schema\\\/logo\\\/image\\\/\"}},{\"@type\":\"Person\",\"@id\":\"https:\\\/\\\/www.socialismoobarbarie.org\\\/#\\\/schema\\\/person\\\/cc4f599d5f96bedd8f25c32595586e43\",\"name\":\"Redacci\u00f3n\",\"url\":\"https:\\\/\\\/www.socialismoobarbarie.org\\\/?author=101015\"}]}<\/script>\n<!-- \/ Yoast SEO plugin. -->","yoast_head_json":{"title":"Nuevo convenio FEES: se profundizan los recortes y la mercantilizaci\u00f3n de la educaci\u00f3n universitaria - Socialismo o Barbarie","robots":{"index":"index","follow":"follow","max-snippet":"max-snippet:-1","max-image-preview":"max-image-preview:large","max-video-preview":"max-video-preview:-1"},"canonical":"https:\/\/www.socialismoobarbarie.org\/?p=12684","og_locale":"es_ES","og_type":"article","og_title":"Nuevo convenio FEES: se profundizan los recortes y la mercantilizaci\u00f3n de la educaci\u00f3n universitaria - Socialismo o Barbarie","og_description":"Por Sthefanny Z\u00fa\u00f1iga El 18 de julio, durante la semana en la cual la mayor parte del estudiantado universitario se encontraba en vacaciones, sin mediar palabra y en horas de la tarde; se dio a conocer que los rectores de las universidades p\u00fablicas y el gobierno firmaron un nuevo convenio para el&nbsp; Fondo Especial para [&hellip;]","og_url":"https:\/\/www.socialismoobarbarie.org\/?p=12684","og_site_name":"Socialismo o Barbarie","article_published_time":"2019-07-30T22:21:41+00:00","article_modified_time":"2019-07-30T22:22:00+00:00","og_image":[{"width":991,"height":387,"url":"https:\/\/www.socialismoobarbarie.org\/wp-content\/uploads\/2019\/07\/fees1.png","type":"image\/png"}],"author":"Redacci\u00f3n","twitter_card":"summary_large_image","twitter_misc":{"Escrito por":"Redacci\u00f3n","Tiempo de lectura":"7 minutos"},"schema":{"@context":"https:\/\/schema.org","@graph":[{"@type":"Article","@id":"https:\/\/www.socialismoobarbarie.org\/?p=12684#article","isPartOf":{"@id":"https:\/\/www.socialismoobarbarie.org\/?p=12684"},"author":{"name":"Redacci\u00f3n","@id":"https:\/\/www.socialismoobarbarie.org\/#\/schema\/person\/cc4f599d5f96bedd8f25c32595586e43"},"headline":"Nuevo convenio FEES: se profundizan los recortes y la mercantilizaci\u00f3n de la educaci\u00f3n universitaria","datePublished":"2019-07-30T22:21:41+00:00","dateModified":"2019-07-30T22:22:00+00:00","mainEntityOfPage":{"@id":"https:\/\/www.socialismoobarbarie.org\/?p=12684"},"wordCount":1379,"publisher":{"@id":"https:\/\/www.socialismoobarbarie.org\/#organization"},"image":{"@id":"https:\/\/www.socialismoobarbarie.org\/?p=12684#primaryimage"},"thumbnailUrl":"https:\/\/www.socialismoobarbarie.org\/wp-content\/uploads\/2019\/07\/fees1.png","keywords":["costa rica","educacion","fees","feucr","pac","recortes","universidad","ya basta"],"articleSection":["Costa Rica"],"inLanguage":"es"},{"@type":"WebPage","@id":"https:\/\/www.socialismoobarbarie.org\/?p=12684","url":"https:\/\/www.socialismoobarbarie.org\/?p=12684","name":"Nuevo convenio FEES: se profundizan los recortes y la mercantilizaci\u00f3n de la educaci\u00f3n universitaria - Socialismo o Barbarie","isPartOf":{"@id":"https:\/\/www.socialismoobarbarie.org\/#website"},"primaryImageOfPage":{"@id":"https:\/\/www.socialismoobarbarie.org\/?p=12684#primaryimage"},"image":{"@id":"https:\/\/www.socialismoobarbarie.org\/?p=12684#primaryimage"},"thumbnailUrl":"https:\/\/www.socialismoobarbarie.org\/wp-content\/uploads\/2019\/07\/fees1.png","datePublished":"2019-07-30T22:21:41+00:00","dateModified":"2019-07-30T22:22:00+00:00","breadcrumb":{"@id":"https:\/\/www.socialismoobarbarie.org\/?p=12684#breadcrumb"},"inLanguage":"es","potentialAction":[{"@type":"ReadAction","target":["https:\/\/www.socialismoobarbarie.org\/?p=12684"]}]},{"@type":"ImageObject","inLanguage":"es","@id":"https:\/\/www.socialismoobarbarie.org\/?p=12684#primaryimage","url":"https:\/\/www.socialismoobarbarie.org\/wp-content\/uploads\/2019\/07\/fees1.png","contentUrl":"https:\/\/www.socialismoobarbarie.org\/wp-content\/uploads\/2019\/07\/fees1.png","width":991,"height":387},{"@type":"BreadcrumbList","@id":"https:\/\/www.socialismoobarbarie.org\/?p=12684#breadcrumb","itemListElement":[{"@type":"ListItem","position":1,"name":"Portada","item":"https:\/\/www.socialismoobarbarie.org\/"},{"@type":"ListItem","position":2,"name":"Nuevo convenio FEES: se profundizan los recortes y la mercantilizaci\u00f3n de la educaci\u00f3n universitaria"}]},{"@type":"WebSite","@id":"https:\/\/www.socialismoobarbarie.org\/#website","url":"https:\/\/www.socialismoobarbarie.org\/","name":"Socialismo o Barbarie","description":"Sitio web de la corriente internacional Socialismo o Barbarie","publisher":{"@id":"https:\/\/www.socialismoobarbarie.org\/#organization"},"potentialAction":[{"@type":"SearchAction","target":{"@type":"EntryPoint","urlTemplate":"https:\/\/www.socialismoobarbarie.org\/?s={search_term_string}"},"query-input":{"@type":"PropertyValueSpecification","valueRequired":true,"valueName":"search_term_string"}}],"inLanguage":"es"},{"@type":"Organization","@id":"https:\/\/www.socialismoobarbarie.org\/#organization","name":"Socialismo o Barbarie","url":"https:\/\/www.socialismoobarbarie.org\/","logo":{"@type":"ImageObject","inLanguage":"es","@id":"https:\/\/www.socialismoobarbarie.org\/#\/schema\/logo\/image\/","url":"https:\/\/www.socialismoobarbarie.org\/wp-content\/uploads\/2025\/02\/soblogoweb-2025.png","contentUrl":"https:\/\/www.socialismoobarbarie.org\/wp-content\/uploads\/2025\/02\/soblogoweb-2025.png","width":450,"height":161,"caption":"Socialismo o Barbarie"},"image":{"@id":"https:\/\/www.socialismoobarbarie.org\/#\/schema\/logo\/image\/"}},{"@type":"Person","@id":"https:\/\/www.socialismoobarbarie.org\/#\/schema\/person\/cc4f599d5f96bedd8f25c32595586e43","name":"Redacci\u00f3n","url":"https:\/\/www.socialismoobarbarie.org\/?author=101015"}]}},"_links":{"self":[{"href":"https:\/\/www.socialismoobarbarie.org\/index.php?rest_route=\/wp\/v2\/posts\/12684","targetHints":{"allow":["GET"]}}],"collection":[{"href":"https:\/\/www.socialismoobarbarie.org\/index.php?rest_route=\/wp\/v2\/posts"}],"about":[{"href":"https:\/\/www.socialismoobarbarie.org\/index.php?rest_route=\/wp\/v2\/types\/post"}],"author":[{"embeddable":true,"href":"https:\/\/www.socialismoobarbarie.org\/index.php?rest_route=\/wp\/v2\/users\/101015"}],"replies":[{"embeddable":true,"href":"https:\/\/www.socialismoobarbarie.org\/index.php?rest_route=%2Fwp%2Fv2%2Fcomments&post=12684"}],"version-history":[{"count":1,"href":"https:\/\/www.socialismoobarbarie.org\/index.php?rest_route=\/wp\/v2\/posts\/12684\/revisions"}],"predecessor-version":[{"id":12686,"href":"https:\/\/www.socialismoobarbarie.org\/index.php?rest_route=\/wp\/v2\/posts\/12684\/revisions\/12686"}],"wp:featuredmedia":[{"embeddable":true,"href":"https:\/\/www.socialismoobarbarie.org\/index.php?rest_route=\/wp\/v2\/media\/12685"}],"wp:attachment":[{"href":"https:\/\/www.socialismoobarbarie.org\/index.php?rest_route=%2Fwp%2Fv2%2Fmedia&parent=12684"}],"wp:term":[{"taxonomy":"category","embeddable":true,"href":"https:\/\/www.socialismoobarbarie.org\/index.php?rest_route=%2Fwp%2Fv2%2Fcategories&post=12684"},{"taxonomy":"post_tag","embeddable":true,"href":"https:\/\/www.socialismoobarbarie.org\/index.php?rest_route=%2Fwp%2Fv2%2Ftags&post=12684"}],"curies":[{"name":"wp","href":"https:\/\/api.w.org\/{rel}","templated":true}]}}