{"id":12777,"date":"2019-08-26T19:18:14","date_gmt":"2019-08-26T22:18:14","guid":{"rendered":"https:\/\/www.socialismoobarbarie.org\/?p=12777"},"modified":"2019-08-26T19:19:02","modified_gmt":"2019-08-26T22:19:02","slug":"concentracion-en-defensa-de-los-parques-nacionales-y-el-amazonas","status":"publish","type":"post","link":"https:\/\/www.socialismoobarbarie.org\/?p=12777","title":{"rendered":"Concentraci\u00f3n en defensa de los parques nacionales y el Amazonas"},"content":{"rendered":"\n<p>Por Deby Calder\u00f3n Vega<\/p>\n\n\n\n<p>El d\u00eda de los Parques Nacionales\n(24 de agosto) estuvo marcado por protestas de trabajadores y trabajadoras de\nparques nacionales y del sector ecologista\/ambientalista en la Plaza de la\nCultura. Los principales motivos de convocatoria fueron: 1) la defensa de\nnuestros parques nacionales ante los intentos privatizadores, 2) contra el\ndeterioro en las condiciones laborales del sector guardaparques, 3) sumar a la\nprotesta internacional por la defensa del Amazonas.<\/p>\n\n\n\n<p>La convocatoria estuvo precedida por\nun comunicado firmado por 42 organizaciones sociales que planteaba que ante las\nprotestas anunciadas por guardaparques el d\u00eda de los Parques Nacionales, \u201cdesde\nel sector ambiental nos solidarizamos con sus peticiones para mejorar sus\nsituaciones laborales que tienen impacto directo en el despe\u00f1o del pa\u00eds en la\nprotecci\u00f3n de las \u00c1reas Silvestres Protegidas.<\/p>\n\n\n\n<p>Denunciamos no solo las\ncondiciones de precariedad en las que trabajan las personas guardaparques sino\ntambi\u00e9n el abandono sistem\u00e1tico de las \u00c1reas Silvestres Protegidas por parte\ndel Estado\u201d.<\/p>\n\n\n\n<p>Uno de los sectores presentes en\nla concentraci\u00f3n fue el de guardaparques. Sobre las condiciones del sector\ntrabajador en las \u00e1reas silvestres protegidas uno de sus trabajadores explic\u00f3\nque \u201cdesde el a\u00f1o 1998 no se han creado plazas para guardaparques, se han\ncreado \u00e1reas silvestres protegidas y la cantidad de terreno a proteger es\ndemasiado, pues para cada guardaparque hay en promedios 5000 hect\u00e1reas\u201d. Adem\u00e1s\nla infraestructura est\u00e1 muy mal, algunos puestos de vigilancia est\u00e1n en\ncondiciones precarias, explic\u00f3 Roberto Molina Ugalde, secretario general del\nsindicato de guardaparques SITRAMINAE. <\/p>\n\n\n\n<p>Adem\u00e1s agreg\u00f3 que \u201ceste ministro\nde ambiente, Carlos Manuel Rodr\u00edguez anda ofreci\u00e9ndole las \u00e1reas silvestres\nprotegidas a las organizaciones no gubernamentales y a las asociaciones de\ndesarrollo integral, impulsando proyectos en esta l\u00ednea en la Asamblea\nLegislativa\u201d. Entre los mensajes que se dejaron en la concentraci\u00f3n estuvo la\nalerta a rechazar estos intentos privatizadores de los parques nacionales, que\nimplicar\u00eda ir quit\u00e1ndonos poco a poco nuestras \u00e1reas protegidas, para que\ngeneren riquezas para los capitalistas.<\/p>\n\n\n\n<p>Otro aspecto a denunciar es que\ncon la entrada en vigencia de la regla fiscal, este gobierno estanc\u00f3 el\npresupuesto para el Sistema Nacional de \u00c1reas de Conservaci\u00f3n, por lo que m\u00e1s\nbien el sector guardaparques deber\u00e1 socarse la faja, cuando lo m\u00e1s urgente es\nla creciente inversi\u00f3n y fortalecimiento de la protecci\u00f3n ambiental. <\/p>\n\n\n\n<p>La otra tem\u00e1tica que convoc\u00f3 a la\nconcentraci\u00f3n fue la defensa del Amazonas. Desde hace 20 d\u00edas el llamado pulm\u00f3n\ndel mundo arde en las llamas de los intereses por destruir los bosques para\ntransformarlos en miner\u00eda, ganader\u00eda y monocultivos; una cat\u00e1strofe de este\nsistema capitalista que destruye la naturaleza con tal de generar riquezas para\nunos cuantos. <\/p>\n\n\n\n<p>Desde \u00a1Ya Basta! sostuvimos una\npostura desde el ecologismo anticapitalista que plante\u00f3 que la crisis ecol\u00f3gica\nes producto de este sistema que privilegia siempre el lucro individual en manos\nde los ricos, millonarios y corruptos. No les importa la vida, les importan sus\nganancias, as\u00ed tengan que destruir y explotar la naturaleza,&nbsp; los bienes naturales, las mujeres, los\npueblos ind\u00edgenas o la clase trabajadora. No faltaron los se\u00f1alamientos a los\npol\u00edticos de la derecha empresarial, colonizadora y capitalista, encabezados\npor los gobiernos de Bolsonaro y compa\u00f1\u00eda, pero ejemplificados tambi\u00e9n en el\ngobierno de Carlos Alvarado y sus pol\u00edticas anti-ambientales.<\/p>\n\n\n\n<p>La actividad aunque hizo \u00e9nfasis\nen estos temas estuvo cargada de muchos contenidos, luchas, tem\u00e1ticas y\nsectores sociales que dieron un mensaje para apoyar las causas e incluso\nplantear otras discusiones. Hay crecientes sectores juveniles que se levantan a\nnivel mundial con hartazgo, rebeld\u00eda y cr\u00edticas al sistema capitalista, sus\ngobiernos y empresas, exigiendo soluciones reales ante la crisis ecol\u00f3gica\ninternacional, pero teniendo claro que bajo el capitalismo no hay\nsustentabilidad ecol\u00f3gica posible. <\/p>\n","protected":false},"excerpt":{"rendered":"<p>Por Deby Calder\u00f3n Vega El d\u00eda de los Parques Nacionales (24 de agosto) estuvo marcado por protestas de trabajadores y trabajadoras de parques nacionales y del sector ecologista\/ambientalista en la Plaza de la Cultura. Los principales motivos de convocatoria fueron: 1) la defensa de nuestros parques nacionales ante los intentos privatizadores, 2) contra el deterioro [&hellip;]<\/p>\n","protected":false},"author":101015,"featured_media":12778,"comment_status":"closed","ping_status":"closed","sticky":false,"template":"","format":"standard","meta":{"footnotes":""},"categories":[1662],"tags":[2121,1851,2115],"class_list":{"0":"post-12777","1":"post","2":"type-post","3":"status-publish","4":"format-standard","5":"has-post-thumbnail","7":"category-costa-rica","8":"tag-amazonas","9":"tag-costa-rica","10":"tag-parques-nacionales"},"yoast_head":"<!-- This site is optimized with the Yoast SEO plugin v27.5 - https:\/\/yoast.com\/product\/yoast-seo-wordpress\/ -->\n<title>Concentraci\u00f3n en defensa de los parques nacionales y el Amazonas - Socialismo o Barbarie<\/title>\n<meta name=\"robots\" content=\"index, follow, max-snippet:-1, max-image-preview:large, max-video-preview:-1\" \/>\n<link rel=\"canonical\" href=\"https:\/\/www.socialismoobarbarie.org\/?p=12777\" \/>\n<meta property=\"og:locale\" content=\"es_ES\" \/>\n<meta property=\"og:type\" content=\"article\" \/>\n<meta property=\"og:title\" content=\"Concentraci\u00f3n en defensa de los parques nacionales y el Amazonas - Socialismo o Barbarie\" \/>\n<meta property=\"og:description\" content=\"Por Deby Calder\u00f3n Vega El d\u00eda de los Parques Nacionales (24 de agosto) estuvo marcado por protestas de trabajadores y trabajadoras de parques nacionales y del sector ecologista\/ambientalista en la Plaza de la Cultura. Los principales motivos de convocatoria fueron: 1) la defensa de nuestros parques nacionales ante los intentos privatizadores, 2) contra el deterioro [&hellip;]\" \/>\n<meta property=\"og:url\" content=\"https:\/\/www.socialismoobarbarie.org\/?p=12777\" \/>\n<meta property=\"og:site_name\" content=\"Socialismo o Barbarie\" \/>\n<meta property=\"article:published_time\" content=\"2019-08-26T22:18:14+00:00\" \/>\n<meta property=\"article:modified_time\" content=\"2019-08-26T22:19:02+00:00\" \/>\n<meta property=\"og:image\" content=\"https:\/\/www.socialismoobarbarie.org\/wp-content\/uploads\/2019\/08\/11.png\" \/>\n\t<meta property=\"og:image:width\" content=\"991\" \/>\n\t<meta property=\"og:image:height\" content=\"540\" \/>\n\t<meta property=\"og:image:type\" content=\"image\/png\" \/>\n<meta name=\"author\" content=\"Redacci\u00f3n\" \/>\n<meta name=\"twitter:card\" content=\"summary_large_image\" \/>\n<meta name=\"twitter:label1\" content=\"Escrito por\" \/>\n\t<meta name=\"twitter:data1\" content=\"Redacci\u00f3n\" \/>\n\t<meta name=\"twitter:label2\" content=\"Tiempo de lectura\" \/>\n\t<meta name=\"twitter:data2\" content=\"3 minutos\" \/>\n<script type=\"application\/ld+json\" class=\"yoast-schema-graph\">{\"@context\":\"https:\\\/\\\/schema.org\",\"@graph\":[{\"@type\":\"Article\",\"@id\":\"https:\\\/\\\/www.socialismoobarbarie.org\\\/?p=12777#article\",\"isPartOf\":{\"@id\":\"https:\\\/\\\/www.socialismoobarbarie.org\\\/?p=12777\"},\"author\":{\"name\":\"Redacci\u00f3n\",\"@id\":\"https:\\\/\\\/www.socialismoobarbarie.org\\\/#\\\/schema\\\/person\\\/cc4f599d5f96bedd8f25c32595586e43\"},\"headline\":\"Concentraci\u00f3n en defensa de los parques nacionales y el Amazonas\",\"datePublished\":\"2019-08-26T22:18:14+00:00\",\"dateModified\":\"2019-08-26T22:19:02+00:00\",\"mainEntityOfPage\":{\"@id\":\"https:\\\/\\\/www.socialismoobarbarie.org\\\/?p=12777\"},\"wordCount\":656,\"publisher\":{\"@id\":\"https:\\\/\\\/www.socialismoobarbarie.org\\\/#organization\"},\"image\":{\"@id\":\"https:\\\/\\\/www.socialismoobarbarie.org\\\/?p=12777#primaryimage\"},\"thumbnailUrl\":\"https:\\\/\\\/www.socialismoobarbarie.org\\\/wp-content\\\/uploads\\\/2019\\\/08\\\/11.png\",\"keywords\":[\"amazonas\",\"costa rica\",\"parques nacionales\"],\"articleSection\":[\"Costa Rica\"],\"inLanguage\":\"es\"},{\"@type\":\"WebPage\",\"@id\":\"https:\\\/\\\/www.socialismoobarbarie.org\\\/?p=12777\",\"url\":\"https:\\\/\\\/www.socialismoobarbarie.org\\\/?p=12777\",\"name\":\"Concentraci\u00f3n en defensa de los parques nacionales y el Amazonas - Socialismo o Barbarie\",\"isPartOf\":{\"@id\":\"https:\\\/\\\/www.socialismoobarbarie.org\\\/#website\"},\"primaryImageOfPage\":{\"@id\":\"https:\\\/\\\/www.socialismoobarbarie.org\\\/?p=12777#primaryimage\"},\"image\":{\"@id\":\"https:\\\/\\\/www.socialismoobarbarie.org\\\/?p=12777#primaryimage\"},\"thumbnailUrl\":\"https:\\\/\\\/www.socialismoobarbarie.org\\\/wp-content\\\/uploads\\\/2019\\\/08\\\/11.png\",\"datePublished\":\"2019-08-26T22:18:14+00:00\",\"dateModified\":\"2019-08-26T22:19:02+00:00\",\"breadcrumb\":{\"@id\":\"https:\\\/\\\/www.socialismoobarbarie.org\\\/?p=12777#breadcrumb\"},\"inLanguage\":\"es\",\"potentialAction\":[{\"@type\":\"ReadAction\",\"target\":[\"https:\\\/\\\/www.socialismoobarbarie.org\\\/?p=12777\"]}]},{\"@type\":\"ImageObject\",\"inLanguage\":\"es\",\"@id\":\"https:\\\/\\\/www.socialismoobarbarie.org\\\/?p=12777#primaryimage\",\"url\":\"https:\\\/\\\/www.socialismoobarbarie.org\\\/wp-content\\\/uploads\\\/2019\\\/08\\\/11.png\",\"contentUrl\":\"https:\\\/\\\/www.socialismoobarbarie.org\\\/wp-content\\\/uploads\\\/2019\\\/08\\\/11.png\",\"width\":991,\"height\":540},{\"@type\":\"BreadcrumbList\",\"@id\":\"https:\\\/\\\/www.socialismoobarbarie.org\\\/?p=12777#breadcrumb\",\"itemListElement\":[{\"@type\":\"ListItem\",\"position\":1,\"name\":\"Portada\",\"item\":\"https:\\\/\\\/www.socialismoobarbarie.org\\\/\"},{\"@type\":\"ListItem\",\"position\":2,\"name\":\"Concentraci\u00f3n en defensa de los parques nacionales y el Amazonas\"}]},{\"@type\":\"WebSite\",\"@id\":\"https:\\\/\\\/www.socialismoobarbarie.org\\\/#website\",\"url\":\"https:\\\/\\\/www.socialismoobarbarie.org\\\/\",\"name\":\"Socialismo o Barbarie\",\"description\":\"Sitio web de la corriente internacional Socialismo o Barbarie\",\"publisher\":{\"@id\":\"https:\\\/\\\/www.socialismoobarbarie.org\\\/#organization\"},\"potentialAction\":[{\"@type\":\"SearchAction\",\"target\":{\"@type\":\"EntryPoint\",\"urlTemplate\":\"https:\\\/\\\/www.socialismoobarbarie.org\\\/?s={search_term_string}\"},\"query-input\":{\"@type\":\"PropertyValueSpecification\",\"valueRequired\":true,\"valueName\":\"search_term_string\"}}],\"inLanguage\":\"es\"},{\"@type\":\"Organization\",\"@id\":\"https:\\\/\\\/www.socialismoobarbarie.org\\\/#organization\",\"name\":\"Socialismo o Barbarie\",\"url\":\"https:\\\/\\\/www.socialismoobarbarie.org\\\/\",\"logo\":{\"@type\":\"ImageObject\",\"inLanguage\":\"es\",\"@id\":\"https:\\\/\\\/www.socialismoobarbarie.org\\\/#\\\/schema\\\/logo\\\/image\\\/\",\"url\":\"https:\\\/\\\/www.socialismoobarbarie.org\\\/wp-content\\\/uploads\\\/2025\\\/02\\\/soblogoweb-2025.png\",\"contentUrl\":\"https:\\\/\\\/www.socialismoobarbarie.org\\\/wp-content\\\/uploads\\\/2025\\\/02\\\/soblogoweb-2025.png\",\"width\":450,\"height\":161,\"caption\":\"Socialismo o Barbarie\"},\"image\":{\"@id\":\"https:\\\/\\\/www.socialismoobarbarie.org\\\/#\\\/schema\\\/logo\\\/image\\\/\"}},{\"@type\":\"Person\",\"@id\":\"https:\\\/\\\/www.socialismoobarbarie.org\\\/#\\\/schema\\\/person\\\/cc4f599d5f96bedd8f25c32595586e43\",\"name\":\"Redacci\u00f3n\",\"url\":\"https:\\\/\\\/www.socialismoobarbarie.org\\\/?author=101015\"}]}<\/script>\n<!-- \/ Yoast SEO plugin. -->","yoast_head_json":{"title":"Concentraci\u00f3n en defensa de los parques nacionales y el Amazonas - Socialismo o Barbarie","robots":{"index":"index","follow":"follow","max-snippet":"max-snippet:-1","max-image-preview":"max-image-preview:large","max-video-preview":"max-video-preview:-1"},"canonical":"https:\/\/www.socialismoobarbarie.org\/?p=12777","og_locale":"es_ES","og_type":"article","og_title":"Concentraci\u00f3n en defensa de los parques nacionales y el Amazonas - Socialismo o Barbarie","og_description":"Por Deby Calder\u00f3n Vega El d\u00eda de los Parques Nacionales (24 de agosto) estuvo marcado por protestas de trabajadores y trabajadoras de parques nacionales y del sector ecologista\/ambientalista en la Plaza de la Cultura. Los principales motivos de convocatoria fueron: 1) la defensa de nuestros parques nacionales ante los intentos privatizadores, 2) contra el deterioro [&hellip;]","og_url":"https:\/\/www.socialismoobarbarie.org\/?p=12777","og_site_name":"Socialismo o Barbarie","article_published_time":"2019-08-26T22:18:14+00:00","article_modified_time":"2019-08-26T22:19:02+00:00","og_image":[{"width":991,"height":540,"url":"https:\/\/www.socialismoobarbarie.org\/wp-content\/uploads\/2019\/08\/11.png","type":"image\/png"}],"author":"Redacci\u00f3n","twitter_card":"summary_large_image","twitter_misc":{"Escrito por":"Redacci\u00f3n","Tiempo de lectura":"3 minutos"},"schema":{"@context":"https:\/\/schema.org","@graph":[{"@type":"Article","@id":"https:\/\/www.socialismoobarbarie.org\/?p=12777#article","isPartOf":{"@id":"https:\/\/www.socialismoobarbarie.org\/?p=12777"},"author":{"name":"Redacci\u00f3n","@id":"https:\/\/www.socialismoobarbarie.org\/#\/schema\/person\/cc4f599d5f96bedd8f25c32595586e43"},"headline":"Concentraci\u00f3n en defensa de los parques nacionales y el Amazonas","datePublished":"2019-08-26T22:18:14+00:00","dateModified":"2019-08-26T22:19:02+00:00","mainEntityOfPage":{"@id":"https:\/\/www.socialismoobarbarie.org\/?p=12777"},"wordCount":656,"publisher":{"@id":"https:\/\/www.socialismoobarbarie.org\/#organization"},"image":{"@id":"https:\/\/www.socialismoobarbarie.org\/?p=12777#primaryimage"},"thumbnailUrl":"https:\/\/www.socialismoobarbarie.org\/wp-content\/uploads\/2019\/08\/11.png","keywords":["amazonas","costa rica","parques nacionales"],"articleSection":["Costa Rica"],"inLanguage":"es"},{"@type":"WebPage","@id":"https:\/\/www.socialismoobarbarie.org\/?p=12777","url":"https:\/\/www.socialismoobarbarie.org\/?p=12777","name":"Concentraci\u00f3n en defensa de los parques nacionales y el Amazonas - Socialismo o Barbarie","isPartOf":{"@id":"https:\/\/www.socialismoobarbarie.org\/#website"},"primaryImageOfPage":{"@id":"https:\/\/www.socialismoobarbarie.org\/?p=12777#primaryimage"},"image":{"@id":"https:\/\/www.socialismoobarbarie.org\/?p=12777#primaryimage"},"thumbnailUrl":"https:\/\/www.socialismoobarbarie.org\/wp-content\/uploads\/2019\/08\/11.png","datePublished":"2019-08-26T22:18:14+00:00","dateModified":"2019-08-26T22:19:02+00:00","breadcrumb":{"@id":"https:\/\/www.socialismoobarbarie.org\/?p=12777#breadcrumb"},"inLanguage":"es","potentialAction":[{"@type":"ReadAction","target":["https:\/\/www.socialismoobarbarie.org\/?p=12777"]}]},{"@type":"ImageObject","inLanguage":"es","@id":"https:\/\/www.socialismoobarbarie.org\/?p=12777#primaryimage","url":"https:\/\/www.socialismoobarbarie.org\/wp-content\/uploads\/2019\/08\/11.png","contentUrl":"https:\/\/www.socialismoobarbarie.org\/wp-content\/uploads\/2019\/08\/11.png","width":991,"height":540},{"@type":"BreadcrumbList","@id":"https:\/\/www.socialismoobarbarie.org\/?p=12777#breadcrumb","itemListElement":[{"@type":"ListItem","position":1,"name":"Portada","item":"https:\/\/www.socialismoobarbarie.org\/"},{"@type":"ListItem","position":2,"name":"Concentraci\u00f3n en defensa de los parques nacionales y el Amazonas"}]},{"@type":"WebSite","@id":"https:\/\/www.socialismoobarbarie.org\/#website","url":"https:\/\/www.socialismoobarbarie.org\/","name":"Socialismo o Barbarie","description":"Sitio web de la corriente internacional Socialismo o Barbarie","publisher":{"@id":"https:\/\/www.socialismoobarbarie.org\/#organization"},"potentialAction":[{"@type":"SearchAction","target":{"@type":"EntryPoint","urlTemplate":"https:\/\/www.socialismoobarbarie.org\/?s={search_term_string}"},"query-input":{"@type":"PropertyValueSpecification","valueRequired":true,"valueName":"search_term_string"}}],"inLanguage":"es"},{"@type":"Organization","@id":"https:\/\/www.socialismoobarbarie.org\/#organization","name":"Socialismo o Barbarie","url":"https:\/\/www.socialismoobarbarie.org\/","logo":{"@type":"ImageObject","inLanguage":"es","@id":"https:\/\/www.socialismoobarbarie.org\/#\/schema\/logo\/image\/","url":"https:\/\/www.socialismoobarbarie.org\/wp-content\/uploads\/2025\/02\/soblogoweb-2025.png","contentUrl":"https:\/\/www.socialismoobarbarie.org\/wp-content\/uploads\/2025\/02\/soblogoweb-2025.png","width":450,"height":161,"caption":"Socialismo o Barbarie"},"image":{"@id":"https:\/\/www.socialismoobarbarie.org\/#\/schema\/logo\/image\/"}},{"@type":"Person","@id":"https:\/\/www.socialismoobarbarie.org\/#\/schema\/person\/cc4f599d5f96bedd8f25c32595586e43","name":"Redacci\u00f3n","url":"https:\/\/www.socialismoobarbarie.org\/?author=101015"}]}},"_links":{"self":[{"href":"https:\/\/www.socialismoobarbarie.org\/index.php?rest_route=\/wp\/v2\/posts\/12777","targetHints":{"allow":["GET"]}}],"collection":[{"href":"https:\/\/www.socialismoobarbarie.org\/index.php?rest_route=\/wp\/v2\/posts"}],"about":[{"href":"https:\/\/www.socialismoobarbarie.org\/index.php?rest_route=\/wp\/v2\/types\/post"}],"author":[{"embeddable":true,"href":"https:\/\/www.socialismoobarbarie.org\/index.php?rest_route=\/wp\/v2\/users\/101015"}],"replies":[{"embeddable":true,"href":"https:\/\/www.socialismoobarbarie.org\/index.php?rest_route=%2Fwp%2Fv2%2Fcomments&post=12777"}],"version-history":[{"count":1,"href":"https:\/\/www.socialismoobarbarie.org\/index.php?rest_route=\/wp\/v2\/posts\/12777\/revisions"}],"predecessor-version":[{"id":12779,"href":"https:\/\/www.socialismoobarbarie.org\/index.php?rest_route=\/wp\/v2\/posts\/12777\/revisions\/12779"}],"wp:featuredmedia":[{"embeddable":true,"href":"https:\/\/www.socialismoobarbarie.org\/index.php?rest_route=\/wp\/v2\/media\/12778"}],"wp:attachment":[{"href":"https:\/\/www.socialismoobarbarie.org\/index.php?rest_route=%2Fwp%2Fv2%2Fmedia&parent=12777"}],"wp:term":[{"taxonomy":"category","embeddable":true,"href":"https:\/\/www.socialismoobarbarie.org\/index.php?rest_route=%2Fwp%2Fv2%2Fcategories&post=12777"},{"taxonomy":"post_tag","embeddable":true,"href":"https:\/\/www.socialismoobarbarie.org\/index.php?rest_route=%2Fwp%2Fv2%2Ftags&post=12777"}],"curies":[{"name":"wp","href":"https:\/\/api.w.org\/{rel}","templated":true}]}}