{"id":1642,"date":"2008-12-10T10:05:17","date_gmt":"2008-12-10T12:05:17","guid":{"rendered":"https:\/\/www.socialismoobarbarie.org\/?p=1642"},"modified":"2015-10-06T23:57:24","modified_gmt":"2015-10-07T02:57:24","slug":"la-caida-del-muro-de-berlin-del-capitalismo-4","status":"publish","type":"post","link":"https:\/\/www.socialismoobarbarie.org\/?p=1642","title":{"rendered":"La \u201cca\u00edda del Muro de Berl\u00edn\u201d del capitalismo"},"content":{"rendered":"<address><span style=\"color: #993300;\"><b><i><span style=\"font-family: Verdana; font-size: small;\">Declaraci\u00f3n de la corriente<br \/>\nSocialismo o Barbarie Internacional<\/span><\/i><\/b><\/span><\/address>\n<address>\u00a0<\/address>\n<address><b><span style=\"color: #cc0000; font-family: Verdana; font-size: medium;\">El crack financiero global abre una nueva situaci\u00f3n mundial<\/span><\/b><\/address>\n<address><b><span style=\"color: #464239; font-family: Verdana; font-size: medium;\">\u00a0 \u00a0 \u00a0 \u00a0 \u00a0 \u00a0 \u00a0 \u00a0 \u00a0 \u00a0 \u00a0 \u00a0 \u00a0 \u00a0 <\/span><\/b><\/address>\n<address><b><span style=\"color: #464239; font-family: Verdana; font-size: medium;\">\u00a0 \u00a0 \u00a0 \u00a0 \u00a0 \u00a0 \u00a0 \u00a0 \u00a0 \u00a0 \u00a0 \u00a0 \u00a0 \u00a0 \u00a0 \u00a0 \u00a0 \u00a0 \u00a0 \u00a0 \u00a0<a href=\"https:\/\/www.socialismoobarbarie.org\/wp-content\/uploads\/2013\/12\/081012_lenin.gif\"><img loading=\"lazy\" decoding=\"async\" class=\"alignnone size-medium wp-image-1579\" alt=\"081012_lenin\" src=\"https:\/\/www.socialismoobarbarie.org\/wp-content\/uploads\/2013\/12\/081012_lenin-220x213.gif\" width=\"220\" height=\"213\" \/><\/a><\/span><\/b><\/address>\n<address><b><span style=\"color: #464239; font-family: Verdana; font-size: medium;\">\u00a0 \u00a0 \u00a0 \u00a0 \u00a0 \u00a0 \u00a0 \u00a0 \u00a0 \u00a0 \u00a0 \u00a0 \u00a0 \u00a0 \u00a0 \u00a0 \u00a0 \u00a0 \u00a0 \u00a0 \u00a0 \u00a0 \u00a0 \u00a0 \u00a0 \u00a0 \u00a0Parte I<\/span><\/b><\/address>\n<address>\u00a0<\/address>\n<address>\n<p align=\"justify\"><span style=\"font-family: Verdana; font-size: small;\">La crisis financiera y econ\u00f3mica detonada en el centro del capitalismo mundial es un acontecimiento de\u00a0<b>importancia y consecuencias inconmensurables, que ha abierto una nueva situaci\u00f3n internacional<\/b>. Despu\u00e9s de los primeros temblores registrados hace m\u00e1s de un a\u00f1o, la crisis ha dado un\u00a0<b>salto<\/b>\u00a0<b>cualitativo.<\/b>\u00a0Se ha producido el\u00a0<i>crash<\/i>\u00a0de Wall Street, el centro financiero del mundo, y el incendio lleg\u00f3 tambi\u00e9n simult\u00e1neamente a todos los mercados financieros de Europa, Jap\u00f3n, China y el resto del planeta.<\/span><\/p>\n<p align=\"justify\"><span style=\"font-family: Verdana; font-size: small;\">Los \u201cbomberos\u201d de los gobiernos de esos pa\u00edses y sus bancos centrales ya han rociado el incendio con billones y billones de d\u00f3lares, euros, libras y yenes, pero el fuego\u00a0<b>no se apaga<\/b>. Se arman \u201crescates\u201d colosales a costos incalculables, pero ninguno han impedido que entidades financieras inmensas \u2013que hasta hace pocas semanas eran presentadas al mundo como ejemplos de buen capitalismo, eficiencia y libre empresa\u2013 se desplomen como\u00a0<b>castillos de naipes<\/b>. Los que aparec\u00edan como\u00a0<b>altares del capitalismo mundial\u00a0<\/b>en su etapa neoliberal \u2013los cinco bancos de inversi\u00f3n de Wall Street\u2013 han\u00a0<b>desaparecido de la faz de la tierra<\/b>, devorados por la crisis, en cuesti\u00f3n de semanas.<\/span><\/p>\n<p align=\"justify\"><span style=\"font-family: Verdana; font-size: small;\">Los m\u00e1s ac\u00e9rrimos neoliberales, los gobiernos de EEUU y la Uni\u00f3n Europea que todo lo privatizaban, ahora han salido al ruedo a\u00a0<b>nacionalizar<\/b>\u00a0decenas y decenas de bancos, entidades hipotecarias o papeles financieros. Los banqueros, financistas, empresarios y el propio FMI, que durante d\u00e9cadas protestaron contra la intervenci\u00f3n del estado en la econom\u00eda, ahora\u00a0<b>lloran implorando que el estado intervenga<\/b>\u00a0para salvarlos. Por supuesto, a costa de monta\u00f1as de dinero que saldr\u00e1n de los impuestos que paga el resto de la poblaci\u00f3n, de recortar violentamente los gastos sociales, del desempleo masivo, de pensiones de retiro reducidas a la nada y de salarios de hambre para los que a\u00fan tengan la suerte de seguir siendo superexplotados en un empleo&#8230;<\/span><\/p>\n<p align=\"justify\"><span style=\"font-family: Verdana; font-size: small;\">Es la hora de la\u00a0<b>reducci\u00f3n al absurdo del capitalismo en su versi\u00f3n neoliberal<\/b>. De la<b>\u00a0privatizaci\u00f3n de las ganancias<\/b>, pretenden pasar ahora a la<b>\u00a0\u201csocializaci\u00f3n\u201d de las p\u00e9rdidas<\/b>. \u00a1Pero est\u00e1 por verse si las masas trabajadoras de EEUU y del resto de mundo van a aceptar tranquilamente sacrificarse para salvar a los tiburones de Wall Street!<\/span><\/p>\n<p align=\"justify\"><span style=\"font-family: Verdana; font-size: small;\">Porque este inmenso cataclismo financiero y econ\u00f3mico, que adem\u00e1s ocurre\u00a0<b>en el centro del mundo<\/b>, marca un antes y un despu\u00e9s. Tienen raz\u00f3n los que han se\u00f1alado que se trata del\u00a0<b>\u201cMuro de Berl\u00edn del capitalismo\u201d en su versi\u00f3n neoliberal<\/b>, \u201cmodelo\u201d que se impuso mundialmente desde la \u201crevoluci\u00f3n conservadora\u201d de Reagan y Margaret Thatcher. Luego de un terremoto como \u00e9ste en el centro econ\u00f3mico y geopol\u00edtico del mundo,\u00a0<b>las cosas no pueden seguir igual<\/b>.<\/span><\/p>\n<p align=\"justify\"><span style=\"font-family: Verdana; font-size: small;\">Esta \u201cca\u00edda del Muro del Berl\u00edn del neoliberalismo\u201d ya ha abierto una nueva situaci\u00f3n mundial:\u00a0<b>ha hecho saltar por los aires los dos pilares de la estabilizaci\u00f3n mundial de las \u00faltimas d\u00e9cadas<\/b>. Por un lado, la propia forma de organizaci\u00f3n del capitalismo mundial anudada alrededor de una libertad irrestricta para que el mercado haga valer su ley de explotaci\u00f3n, tomando al mundo como campo de valorizaci\u00f3n del capital pr\u00e1cticamente sin freno alguno; por el otro, la ambici\u00f3n de una hegemon\u00eda mundial \u201cimperial\u201d que se pretend\u00eda incuestionable por parte del (hasta ahora) jefe de los imperialismos, el imperialismo norteamericano.<\/span><\/p>\n<p align=\"justify\"><span style=\"font-family: Verdana; font-size: small;\">El fin de estas bases de la estabilizaci\u00f3n post 1989 ha abierto un panorama o situaci\u00f3n mundial profundamente\u00a0<b>distinto<\/b>, que estar\u00e1 marcado por m\u00e1s contradicciones, polarizaci\u00f3n social y pol\u00edtica, m\u00e1s disputas entre econom\u00edas y Estados, divisiones entre los de arriba y, sobre todo,\u00a0<b>m\u00e1s luchas entre las clases.<\/b>\u00a0Una situaci\u00f3n mundial donde es muy probable que presenciemos el\u00a0<b>retorno a los rasgos m\u00e1s cl\u00e1sicos del capitalismo<\/b>, marcado por tremendas\u00a0<b>crisis, guerras y revoluciones.<\/b><\/span><\/p>\n<p align=\"justify\"><b><span style=\"color: #cc0000; font-family: Verdana; font-size: small;\">Una combinaci\u00f3n de diversas crisis, con la econom\u00eda en el centro<\/span><\/b><\/p>\n<p align=\"justify\"><span style=\"font-family: Verdana; font-size: small;\">La crisis que hoy ocupa el centro de la escena, la situaci\u00f3n financiera y econ\u00f3mica,\u00a0<b>no es sin embargo el \u00fanico nudo de \u00e9sta a escala mundial<\/b>. Hoy, a distintos niveles y dimensiones,\u00a0<b>se entrecruzan diversos conflictos y situaciones cr\u00edticas<\/b>\u00a0que configuran un contexto mundial muy distinto \u2013para tomar un punto de referencia clave\u2013 del que aparec\u00eda en 1989-91, con el derrumbe de la ex URSS y la restauraci\u00f3n del capitalismo en todos los pa\u00edses \u201csocialistas\u201d de Europa y Asia.<\/span><\/p>\n<p align=\"justify\"><span style=\"font-family: Verdana; font-size: small;\">\u00a1Parece incre\u00edble que estamos a tan poco tiempo \u00ad\u2013en perspectiva hist\u00f3rica\u2013 de ese momento en que se lleg\u00f3 a hablar del \u201cfin de la historia\u201d, de la clase obrera, de la lucha de clases y de la perspectiva misma del socialismo! Una sociedad mundial inmovilizada por los siglos de los siglos en el capitalismo neoliberal globalizado, que abarcaba (y unificaba) todo el planeta; un sistema de estados \u201cunipolar\u201d, regido por el superimperialismo de EEUU, que dictaba las normas del orden mundial; una extensi\u00f3n universal de la \u201cdemocracia\u201d de los ricos, un \u201cpensamiento \u00fanico\u201d para todos los seres humanos, y as\u00ed hasta el infinito\u2026<\/span><\/p>\n<p align=\"justify\"><span style=\"font-family: Verdana; font-size: small;\">Es importante, entonces, pasar en limpio estos nuevos elementos y factores cr\u00edticos que no se presentaban en 1989-91, y que son parte de\u00a0\u00a0un panorama mundial tan diferente, marcado ahora no por la \u201cca\u00edda del comunismo\u201d\u2026 sino por lo que amenaza ser la\u00a0<b>m\u00e1s grave crisis de la econom\u00eda capitalista en casi un siglo.<\/b><\/span><\/p>\n<p align=\"justify\"><b><span style=\"color: #cc0000; font-family: Verdana; font-size: small;\">Una crisis financiera y econ\u00f3mica mundial comparable a la de 1929<\/span><\/b><\/p>\n<p align=\"justify\"><span style=\"font-family: Verdana; font-size: small;\">No s\u00f3lo desde la izquierda y el marxismo, sino tambi\u00e9n desde la derecha, ya se caracteriza a la actual crisis como\u00a0<b>la m\u00e1s grave desde la de 1929<\/b>. Como dijo Alan Greenspan \u2013uno de los \u201cpadres de la criatura\u201d\u2013, \u201c\u00e9ste es un hecho que sucede probablemente\u00a0<b>una vez cada siglo<\/b>&#8230; esto est\u00e1 sobrepasando cualquier cosa que yo haya visto&#8230;\u00a0\u00a0no lo puedo creer\u201d. Efectivamente, para establecer comparaciones de la presente crisis, hay que referirse a la de 1929 o la Gran Depresi\u00f3n de 1873.<\/span><\/p>\n<p align=\"justify\"><span style=\"font-family: Verdana; font-size: small;\">El mecanismo esencial es com\u00fan con la crisis del 1929: la\u00a0<b>pl\u00e9tora de capital ficticio<\/b>\u00a0hace estallar todo, en la medida en que\u00a0<b>la ca\u00edda de la tasa de ganancia no da ya para remunerar a estos capitales dedicados a la especulaci\u00f3n financiera<\/b>. Aunque con otros tipos de \u201cinstrumentos financieros\u201d, la org\u00eda de especulaci\u00f3n que precedi\u00f3 al derrumbe, tambi\u00e9n es parecida con la de 1929.<\/span><\/p>\n<p align=\"justify\"><span style=\"font-family: Verdana; font-size: small;\">Pero, el derrumbe\u00a0<b>no s\u00f3lo afecta a los capitales ficticios sino al capital en su totalidad,<\/b>\u00a0que no es otra cosa que acumulaci\u00f3n de trabajo humano, que ahora es\u00a0<b>destruido<\/b>\u00a0en enormes proporciones. Las consecuencias golpean sobre\u00a0<b>el conjunto del ciclo de reproducci\u00f3n del capital.<\/b>Es decir, no s\u00f3lo sobre el ciclo del capital-dinero, sino tambi\u00e9n del\u00a0<b>capital productivo<\/b>. Esto nos lleva a la\u00a0<b>gravedad de las consecuencias<\/b>\u00a0que tendr\u00e1 la crisis financiera en la llamada \u201ceconom\u00eda real\u201d; es decir, en la esfera de la\u00a0<b>producci\u00f3n<\/b>.<\/span><\/p>\n<p align=\"justify\"><span style=\"font-family: Verdana; font-size: small;\">Los resultados ya se sienten<b>\u00a0en todas partes<\/b>, aunque\u00a0<b>con<\/b>\u00a0<b>desigualdades<\/b>\u00a0seg\u00fan los pa\u00edses. Hoy es\u00a0<b>imposible<\/b>\u00a0de responder con certeza es\u00a0<b>hasta d\u00f3nde llegar\u00e1 esto.<\/b>\u00a0Pero el hecho innegable de la extensi\u00f3n mundial de la crisis financiera, con la inmensa destrucci\u00f3n de capital-dinero que esto conlleva,\u00a0<b>agiganta las posibilidades no s\u00f3lo de una recesi\u00f3n a escala mundial, sino incluso de una depresi\u00f3n al estilo de los a\u00f1os 30, que podr\u00eda tener incalculables consecuencias.<\/b><\/span><\/p>\n<p align=\"justify\"><span style=\"font-family: Verdana; font-size: small;\">A esta altura, el escenario\u00a0<b>\u201coptimista\u201d<\/b>\u00a0es el de una\u00a0<b>recesi\u00f3n m\u00e1s o menos severa,<\/b>\u00a0que afecte en primer lugar a EEUU, Europa y los pa\u00edses de la periferia m\u00e1s dependientes del ciclo estadounidense, as\u00ed como tambi\u00e9n de sus enredos financieros.<\/span><\/p>\n<p align=\"justify\"><span style=\"font-family: Verdana; font-size: small;\">Sin embargo, no pueden excluirse situaciones\u00a0<b>mucho m\u00e1s dram\u00e1ticas<\/b>\u00a0\u2013y m\u00e1s parecidas a la situaci\u00f3n posterior al\u00a0<i>crash<\/i>\u00a0de 1929\u2013 si llegara a producirse un\u00a0<b>colapso sist\u00e9mico<\/b>\u00a0de las finanzas estadounidenses y mundiales (un peligro que ya viene siendo advertido por varios analistas). Tal colapso dejar\u00eda sin financiamiento a los intercambios que se producen en la econom\u00eda real y podr\u00eda, entonces, abrirse un escenario cualitativamente distinto: el de una\u00a0<b>depresi\u00f3n<\/b>\u00a0mundial.<\/span><\/p>\n<p align=\"justify\"><span style=\"font-family: Verdana; font-size: small;\">En todo caso, hay que prever que\u00a0<b>de una crisis de estas dimensiones no se sale f\u00e1cilmente<\/b>. Los \u201cplanes de rescate\u201d \u2013al estilo del que est\u00e1 implementando Bush\u2013 son una piedra al cuello de los trabajadores y el pueblo, pero eso no significa autom\u00e1ticamente que sean el m\u00e1gico salvavidas mediante el cual el capitalismo saldr\u00e1 r\u00e1pidamente a flote y despu\u00e9s todo seguir\u00e1 como antes.<\/span><\/p>\n<p align=\"justify\"><span style=\"font-family: Verdana; font-size: small;\">M\u00e1s bien, por el contrario, la continuidad de la crisis marca hasta el momento el\u00a0<b>fracaso<\/b>\u00a0de las recetas que se est\u00e1n aplicando desde los gobiernos de los pa\u00edses capitalistas centrales.<\/span><\/p>\n<p align=\"justify\"><span style=\"font-family: Verdana; font-size: small;\">Esto es as\u00ed porque ante el quebranto multimillonario de \u201cpapeles t\u00f3xicos\u201d (cuya valuaci\u00f3n \u2013aunque nadie tiene datos fidedignos\u2013 rondar\u00eda los 228 billones de d\u00f3lares, varias veces el PBI mundial) un paquete de \u201crescate\u201d de \u201cs\u00f3lo\u201d 700.000 millones de d\u00f3lares aparece como completamente insuficiente por decir lo menos.<\/span><\/p>\n<p align=\"justify\"><b><span style=\"color: #cc0000; font-family: Verdana; font-size: small;\">Ahora lo afectado es el n\u00facleo del capitalismo mundial<\/span><\/b><\/p>\n<p align=\"justify\"><span style=\"font-family: Verdana; font-size: small;\">Este es un aspecto de inmensa importancia de esta crisis. Por diversos motivos, despu\u00e9s de la Segunda Guerra Mundial, las grandes crisis capitalistas hab\u00edan cambiado de epicentro. En 1929, se ubic\u00f3 en los dos pa\u00edses capitalistas m\u00e1s avanzados del planeta: EEUU y Alemania. En cambio, en toda la segunda posguerra, el epicentro de las grandes crisis, de los\u00a0<i>crash<\/i>\u00a0financieros y econ\u00f3micos, se alej\u00f3 de los pa\u00edses centrales para trasladarse a la periferia, a las tierras de los salvajes del \u201cTercer Mundo\u201d y de los no menos b\u00e1rbaros \u201ccomunistas\u201d. En efecto, la crisis que acab\u00f3 con la ex URSS, los defaults financieros y de la deuda que se sucedieron desde 1982 en Am\u00e9rica Latina, la crisis del sudeste asi\u00e1tico de 1997, la de Rusia en 1998, la de Turqu\u00eda (2000\u201301), el derrumbe de Argentina en 2001\u2026\u00a0<b>todo pasaba convenientemente alejado de Wall Street<\/b>.<\/span><\/p>\n<p align=\"justify\"><span style=\"font-family: Verdana; font-size: small;\">Desde all\u00ed no s\u00f3lo se daban lecciones y sermones a los \u201cb\u00e1rbaros\u201d sobre c\u00f3mo evitar las crisis, sino que tambi\u00e9n aprovechaban la oportunidad para hacer jugosas ganancias.<\/span><\/p>\n<p align=\"justify\"><span style=\"font-family: Verdana; font-size: small;\">El\u00a0<b>cambio de epicentro<\/b>\u00a0que presenta la actual crisis no s\u00f3lo tiene un profundo significado. Lo m\u00e1s importante ser\u00e1n sus dram\u00e1ticas consecuencias. Que se derrumben Tailandia o Corea, Turqu\u00eda o Argentina puede generar algunos problemas. Pero semejante crisis en el\u00a0<b>centro econ\u00f3mico\u2013financiero y geopol\u00edtico del mundo<\/b>\u00a0es otra cosa\u00a0<b>cualitativamente distinta<\/b>.<\/span><\/p>\n<p align=\"justify\"><span style=\"font-family: Verdana; font-size: small;\">Esto tiene que ver con el papel econ\u00f3mico-financiero ya\u00a0<b>insostenible<\/b>\u00a0que viene jugando EEUU desde la Segunda Guerra Mundial.<\/span><\/p>\n<p align=\"justify\"><b><span style=\"color: #cc0000; font-family: Verdana; font-size: small;\">Est\u00e1 en cuesti\u00f3n el rol de EEUU como centro financiero y econ\u00f3mico<\/span><\/b><\/p>\n<p align=\"justify\"><span style=\"font-family: Verdana; font-size: small;\">EEUU emergi\u00f3 de la Segunda Guerra Mundial como el centro econ\u00f3mico, financiero y pol\u00edtico del planeta. Pero esto ya ven\u00eda en decadencia, y ahora la crisis\u00a0<b>pone en tela de juicio la estructura \u201cyanquic\u00e9ntrica\u201d de las finanzas y la econom\u00eda mundial.<\/b><\/span><\/p>\n<p align=\"justify\"><span style=\"font-family: Verdana; font-size: small;\">Cuando EEUU ocup\u00f3 ese lugar, no s\u00f3lo hab\u00eda sido (junto con la URSS) el gran vencedor de la guerra, sino que era tambi\u00e9n indiscutiblemente la<b>superpotencia econ\u00f3mica<\/b>, con el 50% del PBI mundial, los mayores avances cient\u00edficos, tecnol\u00f3gicos y de productividad en sus manos, las reservas de oro del planeta en sus arcas y, adem\u00e1s, el\u00a0<b>gran acreedor<\/b>\u00a0del resto del mundo. Todo eso hab\u00eda, adem\u00e1s, convertido al d\u00f3lar en la<b>moneda mundial<\/b>, incluso antes de que se legalizara eso en los acuerdos de Bretton Woods.<\/span><\/p>\n<p align=\"justify\"><span style=\"font-family: Verdana; font-size: small;\">Hoy la situaci\u00f3n es\u00a0<b>muy diferente<\/b>. No s\u00f3lo EEUU ya no ocupa esa posici\u00f3n a nivel productivo, sino que se ha convertido en el\u00a0<b>gran deudor<\/b>\u00a0del planeta. Un deudor, adem\u00e1s,\u00a0<b>insolvente<\/b>, mientras mantenga el escandaloso d\u00e9ficit de cuenta corriente que arrastra desde hace largo tiempo, que hace juego con la astron\u00f3mica deuda p\u00fablica, tanto del gobierno federal como de los estados y municipios. El nivel de consumo de EEUU \u2013que lo hab\u00eda convertido en el \u201cconsumidor de \u00faltima instancia\u201d a nivel mundial\u2013 s\u00f3lo se viene sosteniendo con\u00a0<b>m\u00e1s y m\u00e1s endeudamiento p\u00fablico, empresario y familiar<\/b>. Lo de las hipotecas es apenas un rubro de este endeudamiento universal (e insolvente).<\/span><\/p>\n<p align=\"justify\"><span style=\"font-family: Verdana; font-size: small;\">Estos problemas\u00a0<b>estructurales<\/b>\u00a0han encendido luces rojas desde hace tiempo. Pero no se hizo nada para solucionarlos, entre otros motivos porque la \u201csoluci\u00f3n\u201d, en t\u00e9rminos capitalistas, implica un\u00a0<b>ajuste brutal<\/b>, lo que podr\u00eda desencadenar reacciones pol\u00edticas y sociales imprevisibles.<\/span><\/p>\n<p align=\"justify\"><span style=\"font-family: Verdana; font-size: small;\">Ahora la crisis pone al rojo vivo el cuestionamiento del papel central que ocupa EEUU en las finanzas mundiales. Antes, frente a las diversas crisis que asolaban la periferia, desde Washington y Wall Street se exig\u00edan perentoriamente sacrificios y \u201cajustes\u201d a los pa\u00edses en desgracia.\u00a0<b>Ahora le toca a EEUU ser \u201cajustado\u201d<\/b>. Desde Europa, se le exige que \u201casuma sus responsabilidades\u201d.<\/span><\/p>\n<p align=\"justify\"><b><span style=\"color: #cc0000; font-family: Verdana; font-size: small;\">Crisis del d\u00f3lar como moneda de reserva y del comercio mundial<\/span><\/b><\/p>\n<p align=\"justify\"><span style=\"font-family: Verdana; font-size: small;\">Esta situaci\u00f3n cr\u00edtica, tanto coyuntural como estructural de EEUU, tiene una implicaci\u00f3n particular y muy importante en la situaci\u00f3n del d\u00f3lar como moneda de reserva y comercio mundial. En relaci\u00f3n con esto, ya se ven\u00edan presentando\u00a0<b>dos contradicciones graves<\/b>\u00a0que ahora pueden estallar:<\/span><\/p>\n<p align=\"justify\"><span style=\"font-family: Verdana; font-size: small;\">a) En las \u00faltimas d\u00e9cadas, de la mano del neoliberalismo, se acentu\u00f3 cualitativamente un rasgo esencial del capitalismo desde sus or\u00edgenes: su car\u00e1cter\u00a0<b>mundial<\/b>. Las operaciones productivas, comerciales y financieras del capitalismo se\u00a0<b>internacionalizaron<\/b>\u00a0a gran escala. Es la mal llamada \u201cglobalizaci\u00f3n\u201d. Pero este cambio desnuda la contradicci\u00f3n de un capitalismo\u00a0<b>globalizado<\/b>\u00a0cuya moneda de reserva, comercio y finanzas \u2013el d\u00f3lar\u2013 no es \u201cglobal\u201d, sino que la emite un estado\u00a0<b>nacional<\/b>.<\/span><\/p>\n<p align=\"justify\"><span style=\"font-family: Verdana; font-size: small;\">b) Esta contradicci\u00f3n se pone hoy al rojo vivo porque el estado que emite la moneda mundial es\u00a0<b>el mayor deudor<\/b>\u00a0<b>del planeta<\/b>. Y, peor a\u00fan, es un deudor\u00a0<b>insolvente<\/b>.<\/span><\/p>\n<p align=\"justify\"><span style=\"font-family: Verdana; font-size: small;\">Si este deudor insolvente no ha sido a\u00fan \u201cdeclarado en quiebra\u201d es porque sus acreedores temen, con raz\u00f3n, que su bancarrota los arrastre<b>tambi\u00e9n a ellos<\/b>\u00a0al abismo. Pero la crisis ahora va a tensar m\u00e1s esta contradicci\u00f3n.<\/span><\/p>\n<p align=\"justify\"><span style=\"font-family: Verdana; font-size: small;\">Por otra parte, el problema de la moneda del comercio mundial siempre se ha resuelto en la historia no por deliberaciones pac\u00edficas sino por\u00a0<b>cambios en las relaciones de fuerza<\/b>\u00a0entre las potencias mundiales. El d\u00f3lar asumi\u00f3 la corona porque EEUU gan\u00f3 la Segunda Guerra Mundial. La libra esterlina (que hasta 1914 ten\u00eda adem\u00e1s respaldo oro) perdi\u00f3 la primac\u00eda cuando Gran Breta\u00f1a sali\u00f3 maltrecha de ambas contiendas.<\/span><\/p>\n<p align=\"justify\"><span style=\"font-family: Verdana; font-size: small;\">Que el d\u00f3lar se mantenga en pie como moneda de reserva y del comercio est\u00e1 estrechamente ligado a que\u00a0<b>el resto del mundo le siga prestando dinero a EEUU<\/b>\u00a0y sosteniendo as\u00ed los d\u00e9ficits de cuenta corriente y fiscal. Si los montos inauditos de los \u201crescates\u201d se fuesen agrandando m\u00e1s y m\u00e1s, el Tesoro de EEUU y el banco central (la Reserva Federal) pueden ver comprometida su situaci\u00f3n al punto que el d\u00f3lar vaya siendo, preventivamente, dejado de lado como moneda de reserva y comercio internacional. Si se llegase a esa situaci\u00f3n (en la que a\u00fan no estamos), pocos van a querer seguir prestando a EEUU para que pueda sostener sus d\u00e9ficits.<\/span><\/p>\n<p align=\"justify\"><span style=\"font-family: Verdana; font-size: small;\">Los problemas del d\u00f3lar est\u00e1n relacionados tambi\u00e9n con el problema m\u00e1s amplio de\u00a0<b>c\u00f3mo se va a sostener el actual grado de \u201cglobalizaci\u00f3n\u201d de la econom\u00eda y las finanzas<\/b>.<\/span><\/p>\n<p align=\"justify\"><b><span style=\"color: #cc0000; font-family: Verdana; font-size: small;\">La \u201cglobalizaci\u00f3n\u201d y las acciones defensivas de estados y regiones en tiempos de crisis<\/span><\/b><\/p>\n<p align=\"justify\"><span style=\"font-family: Verdana; font-size: small;\">El capitalismo, desde sus inicios, constituy\u00f3 un mercado\u00a0<b>mundial<\/b>, una \u201ceconom\u00eda-mundo\u201d.\u00a0\u00a0La tan mentada globalizaci\u00f3n no fue otra cosa que\u00a0<b>dar un salto<\/b>\u00a0en esa tendencia secular del capitalismo. Hubo avances notables en ese sentido a varios niveles: de la producci\u00f3n, del comercio, de las finanzas, del entrelazamiento de inversiones mutuas entre los distintos pa\u00edses centrales, etc.<\/span><\/p>\n<p align=\"justify\"><span style=\"font-family: Verdana; font-size: small;\">Sin embargo, esta realidad de ninguna manera resolvi\u00f3 una tremenda contradicci\u00f3n hist\u00f3rica propia del capitalismo: la\u00a0<b>subsistencia de los Estados y fronteras nacionales,<\/b>\u00a0ni, por ende, el hecho de que, finalmente, y a pesar de todo, las corporaciones econ\u00f3micas multinacionales no dejan de tener \u201cpatria\u201d. Un supuesto \u201cImperio\u201d sin fronteras donde se habr\u00eda acabado con todo esto que s\u00f3lo pod\u00eda estar en la cabeza de superficiales intelectuales \u201cposmarxistas\u201d y\/o posmodernos a la moda.<\/span><\/p>\n<p align=\"justify\"><span style=\"font-family: Verdana; font-size: small;\">Pero, desmintiendo lo anterior, las grandes crisis, como la de 1929, ya implicaron \u2013en su momento\u2013\u00a0<b>saltos hacia atr\u00e1s<\/b>\u00a0en los procesos de \u201cglobalizaci\u00f3n\u201d. Para defender sus respectivos intereses, las burgues\u00edas de EEUU y Europa alzaron\u00a0<b>barreras proteccionistas<\/b>\u00a0que potenciaron un<b>dislocamiento del mercado mundial<\/b>\u00a0que ya de por s\u00ed el\u00a0<i>crash<\/i>\u00a0de Wall Street hab\u00eda desatado. Junto con la restricci\u00f3n crediticia, esto fue fundamental para generar un escenario de\u00a0<b>depresi\u00f3n<\/b>\u00a0mundial en los a\u00f1os 30.<\/span><\/p>\n<p align=\"justify\"><span style=\"font-family: Verdana; font-size: small;\">No decimos que ahora vaya a suceder exactamente lo mismo. Tanto la producci\u00f3n como los capitales a nivel mundial est\u00e1n hoy cualitativamente m\u00e1s entrelazados y en cierta medida \u201cfusionados\u201d. Sin embargo, repetimos que eso no ha terminado con las rivalidades, las diferencias de intereses y la competencia feroz entre las corporaciones de los distintos pa\u00edses imperialistas, as\u00ed como sus estados y agrupamientos regionales. Y, como siempre,\u00a0<b>la crisis exacerba todo eso<\/b>.<\/span><\/p>\n<p align=\"justify\"><span style=\"font-family: Verdana; font-size: small;\">Contra la tendencia a la globalizaci\u00f3n que hab\u00eda sido predominante hasta la reciente crisis de la OMC (Organizaci\u00f3n Mundial de Comercio), ahora seguramente va a operar\u00a0<b>una tendencia en sentido contrario<\/b>, la del\u00a0<b>\u201cs\u00e1lvese quien pueda\u201d<\/b>. Es decir, si la crisis arrecia,\u00a0<b>atrincherarse a nivel de estados y\/o bloques regionales.<\/b><\/span><\/p>\n<p align=\"justify\"><span style=\"font-family: Verdana; font-size: small;\">Por lo pronto, EEUU y Europa no han logrado acordar un plan un\u00e1nime para encarar la crisis. Por el contrario, se est\u00e1n manifestando profundas diferencias. Desde Europa se exige a EEUU que \u201casuma sus responsabilidades\u201d; es decir, que proceda a un\u00a0<b>ajuste feroz<\/b>. Asimismo, protestan contra la eventual (y casi inevitable a futuro) devaluaci\u00f3n del d\u00f3lar, que no s\u00f3lo es una estafa a los acreedores de EEUU, sino tambi\u00e9n una maniobra \u201cdesleal\u201d para hacer perder competitividad a la UE en el mercado mundial.<\/span><\/p>\n<p align=\"justify\"><span style=\"font-family: Verdana; font-size: small;\">Por si esto fuera poco, ni siquiera a nivel de la misma UE han podido acordar otra cosa que un gen\u00e9rico \u201capoyo\u201d a la respuesta nacional que cada pa\u00eds miembro pueda dar a \u201csus\u201d problemas\u2026<\/span><\/p>\n<p align=\"justify\"><b><span style=\"color: #cc0000; font-family: Verdana; font-size: small;\">Crisis del sistema mundial de estados<\/span><\/b><\/p>\n<p align=\"justify\"><span style=\"font-family: Verdana; font-size: small;\">La zozobra actual llega para profundizar a\u00fan m\u00e1s la\u00a0<b>crisis del sistema mundial de estados<\/b>; es decir, del orden pol\u00edtico mundial. Los fracasos de EEUU en sus aventuras militares en Afganist\u00e1n e Iraq han sido un factor fundamental (aunque no el \u00fanico) para que se desvaneciese el delirio neoconservador del \u201cNuevo Siglo Americano\u201d que trat\u00f3 de llevar adelante la administraci\u00f3n Bush.<\/span><\/p>\n<p align=\"justify\"><span style=\"font-family: Verdana; font-size: small;\">La ca\u00edda de la ex URSS y el fin de la \u201cguerra fr\u00eda\u201d produjeron un\u00a0<b>espejismo.<\/b>\u00a0EEUU, la gran potencia del capitalismo (pero que ven\u00eda en verdad en un curso de declive), pareci\u00f3 recobrar una absoluta primac\u00eda mundial, mayor a\u00fan que la de 1945, porque ya no exist\u00eda el rival del Kremlin.<\/span><\/p>\n<p align=\"justify\"><span style=\"font-family: Verdana; font-size: small;\">En verdad, EEUU estaba\u00a0<b>muy lejos de eso<\/b>. La estrategia de los neoconservadores para afirmar a EEUU como la superpotencia que iba a ejercer una hegemon\u00eda absoluta en el siglo XXI, estableciendo un imperio colonial-petrolero en Medio Oriente y Asia central, fue\u00a0<b>un<\/b>\u00a0<b>fracaso que nadie sabe c\u00f3mo resolver<\/b>\u00a0sin que signifique una retirada vergonzosa. Peor a\u00fan, EEUU est\u00e1 ante la perspectiva de\u00a0<b>empantanarse en una tercera guerra<\/b>, interviniendo tambi\u00e9n en Pakist\u00e1n.<\/span><\/p>\n<p align=\"justify\"><span style=\"font-family: Verdana; font-size: small;\">La ilusi\u00f3n de un sistema unipolar, con capital en Washington, ha sido reemplazada por la realidad de un mundo\u00a0<b>multipolar,<\/b>\u00a0donde numerosos estados ya no obedecen \u00f3rdenes y act\u00faan por\u00a0<b>cuenta propia<\/b>. Y, lo que es m\u00e1s, muchas veces lo hacen, en mayor o menor medida, contra los intereses de EEUU.<\/span><\/p>\n<p align=\"justify\"><span style=\"font-family: Verdana; font-size: small;\">EEUU enfrenta en todos lados \u201cdesobediencias\u201d que hubieran sido\u00a0<b>inconcebibles<\/b>\u00a0pocos a\u00f1os atr\u00e1s. \u00a1Que a menos de 20 a\u00f1os del derrumbe de la ex URSS, una flota rusa llegue al Caribe \u2013al que EEUU considera como\u00a0<b>su mar interior<\/b>\u2013 para hacer maniobras militares con Venezuela, es uno de los tantos s\u00edntomas de la presente situaci\u00f3n geopol\u00edtica!<\/span><\/p>\n<p><span style=\"font-family: Verdana; font-size: small;\">\u00a0<\/span><\/p>\n<\/address>\n","protected":false},"excerpt":{"rendered":"<p>Declaraci\u00f3n de la corriente Socialismo o Barbarie Internacional \u00a0 El crack financiero global abre una nueva situaci\u00f3n mundial \u00a0 \u00a0 \u00a0 \u00a0 \u00a0 \u00a0 \u00a0 \u00a0 \u00a0 \u00a0 \u00a0 \u00a0 \u00a0 \u00a0 \u00a0 \u00a0 \u00a0 \u00a0 \u00a0 \u00a0 \u00a0 \u00a0 \u00a0 \u00a0 \u00a0 \u00a0 \u00a0 \u00a0 \u00a0 \u00a0 \u00a0 \u00a0 \u00a0 \u00a0 \u00a0 \u00a0 \u00a0 [&hellip;]<\/p>\n","protected":false},"author":8,"featured_media":0,"comment_status":"closed","ping_status":"open","sticky":false,"template":"","format":"standard","meta":{"footnotes":""},"categories":[1377],"tags":[33],"class_list":{"0":"post-1642","1":"post","2":"type-post","3":"status-publish","4":"format-standard","6":"category-declaraciones","7":"tag-formacion"},"yoast_head":"<!-- This site is optimized with the Yoast SEO plugin v27.5 - https:\/\/yoast.com\/product\/yoast-seo-wordpress\/ -->\n<title>La \u201cca\u00edda del Muro de Berl\u00edn\u201d del capitalismo - Socialismo o Barbarie<\/title>\n<meta name=\"robots\" content=\"index, follow, max-snippet:-1, max-image-preview:large, max-video-preview:-1\" \/>\n<link rel=\"canonical\" href=\"https:\/\/www.socialismoobarbarie.org\/?p=1642\" \/>\n<meta property=\"og:locale\" content=\"es_ES\" \/>\n<meta property=\"og:type\" content=\"article\" \/>\n<meta property=\"og:title\" content=\"La \u201cca\u00edda del Muro de Berl\u00edn\u201d del capitalismo - Socialismo o Barbarie\" \/>\n<meta property=\"og:description\" content=\"Declaraci\u00f3n de la corriente Socialismo o Barbarie Internacional \u00a0 El crack financiero global abre una nueva situaci\u00f3n mundial \u00a0 \u00a0 \u00a0 \u00a0 \u00a0 \u00a0 \u00a0 \u00a0 \u00a0 \u00a0 \u00a0 \u00a0 \u00a0 \u00a0 \u00a0 \u00a0 \u00a0 \u00a0 \u00a0 \u00a0 \u00a0 \u00a0 \u00a0 \u00a0 \u00a0 \u00a0 \u00a0 \u00a0 \u00a0 \u00a0 \u00a0 \u00a0 \u00a0 \u00a0 \u00a0 \u00a0 \u00a0 [&hellip;]\" \/>\n<meta property=\"og:url\" content=\"https:\/\/www.socialismoobarbarie.org\/?p=1642\" \/>\n<meta property=\"og:site_name\" content=\"Socialismo o Barbarie\" \/>\n<meta property=\"article:published_time\" content=\"2008-12-10T12:05:17+00:00\" \/>\n<meta property=\"article:modified_time\" content=\"2015-10-07T02:57:24+00:00\" \/>\n<meta property=\"og:image\" content=\"https:\/\/www.socialismoobarbarie.org\/wp-content\/uploads\/2013\/12\/081012_lenin.gif\" \/>\n\t<meta property=\"og:image:width\" content=\"330\" \/>\n\t<meta property=\"og:image:height\" content=\"320\" \/>\n\t<meta property=\"og:image:type\" content=\"image\/gif\" \/>\n<meta name=\"author\" content=\"SOB\" \/>\n<meta name=\"twitter:card\" content=\"summary_large_image\" \/>\n<meta name=\"twitter:label1\" content=\"Escrito por\" \/>\n\t<meta name=\"twitter:data1\" content=\"SOB\" \/>\n\t<meta name=\"twitter:label2\" content=\"Tiempo de lectura\" \/>\n\t<meta name=\"twitter:data2\" content=\"17 minutos\" \/>\n<script type=\"application\/ld+json\" class=\"yoast-schema-graph\">{\"@context\":\"https:\\\/\\\/schema.org\",\"@graph\":[{\"@type\":\"Article\",\"@id\":\"https:\\\/\\\/www.socialismoobarbarie.org\\\/?p=1642#article\",\"isPartOf\":{\"@id\":\"https:\\\/\\\/www.socialismoobarbarie.org\\\/?p=1642\"},\"author\":{\"name\":\"SOB\",\"@id\":\"https:\\\/\\\/www.socialismoobarbarie.org\\\/#\\\/schema\\\/person\\\/bc1c3b321d47ed092405949c77e35a8e\"},\"headline\":\"La \u201cca\u00edda del Muro de Berl\u00edn\u201d del capitalismo\",\"datePublished\":\"2008-12-10T12:05:17+00:00\",\"dateModified\":\"2015-10-07T02:57:24+00:00\",\"mainEntityOfPage\":{\"@id\":\"https:\\\/\\\/www.socialismoobarbarie.org\\\/?p=1642\"},\"wordCount\":3484,\"publisher\":{\"@id\":\"https:\\\/\\\/www.socialismoobarbarie.org\\\/#organization\"},\"image\":{\"@id\":\"https:\\\/\\\/www.socialismoobarbarie.org\\\/?p=1642#primaryimage\"},\"thumbnailUrl\":\"https:\\\/\\\/www.socialismoobarbarie.org\\\/wp-content\\\/uploads\\\/2013\\\/12\\\/081012_lenin-220x213.gif\",\"keywords\":[\"Formaci\u00f3n\"],\"articleSection\":[\"Declaraciones\"],\"inLanguage\":\"es\"},{\"@type\":\"WebPage\",\"@id\":\"https:\\\/\\\/www.socialismoobarbarie.org\\\/?p=1642\",\"url\":\"https:\\\/\\\/www.socialismoobarbarie.org\\\/?p=1642\",\"name\":\"La \u201cca\u00edda del Muro de Berl\u00edn\u201d del capitalismo - Socialismo o Barbarie\",\"isPartOf\":{\"@id\":\"https:\\\/\\\/www.socialismoobarbarie.org\\\/#website\"},\"primaryImageOfPage\":{\"@id\":\"https:\\\/\\\/www.socialismoobarbarie.org\\\/?p=1642#primaryimage\"},\"image\":{\"@id\":\"https:\\\/\\\/www.socialismoobarbarie.org\\\/?p=1642#primaryimage\"},\"thumbnailUrl\":\"https:\\\/\\\/www.socialismoobarbarie.org\\\/wp-content\\\/uploads\\\/2013\\\/12\\\/081012_lenin-220x213.gif\",\"datePublished\":\"2008-12-10T12:05:17+00:00\",\"dateModified\":\"2015-10-07T02:57:24+00:00\",\"breadcrumb\":{\"@id\":\"https:\\\/\\\/www.socialismoobarbarie.org\\\/?p=1642#breadcrumb\"},\"inLanguage\":\"es\",\"potentialAction\":[{\"@type\":\"ReadAction\",\"target\":[\"https:\\\/\\\/www.socialismoobarbarie.org\\\/?p=1642\"]}]},{\"@type\":\"ImageObject\",\"inLanguage\":\"es\",\"@id\":\"https:\\\/\\\/www.socialismoobarbarie.org\\\/?p=1642#primaryimage\",\"url\":\"https:\\\/\\\/www.socialismoobarbarie.org\\\/wp-content\\\/uploads\\\/2013\\\/12\\\/081012_lenin.gif\",\"contentUrl\":\"https:\\\/\\\/www.socialismoobarbarie.org\\\/wp-content\\\/uploads\\\/2013\\\/12\\\/081012_lenin.gif\",\"width\":330,\"height\":320},{\"@type\":\"BreadcrumbList\",\"@id\":\"https:\\\/\\\/www.socialismoobarbarie.org\\\/?p=1642#breadcrumb\",\"itemListElement\":[{\"@type\":\"ListItem\",\"position\":1,\"name\":\"Portada\",\"item\":\"https:\\\/\\\/www.socialismoobarbarie.org\\\/\"},{\"@type\":\"ListItem\",\"position\":2,\"name\":\"La \u201cca\u00edda del Muro de Berl\u00edn\u201d del capitalismo\"}]},{\"@type\":\"WebSite\",\"@id\":\"https:\\\/\\\/www.socialismoobarbarie.org\\\/#website\",\"url\":\"https:\\\/\\\/www.socialismoobarbarie.org\\\/\",\"name\":\"Socialismo o Barbarie\",\"description\":\"Sitio web de la corriente internacional Socialismo o Barbarie\",\"publisher\":{\"@id\":\"https:\\\/\\\/www.socialismoobarbarie.org\\\/#organization\"},\"potentialAction\":[{\"@type\":\"SearchAction\",\"target\":{\"@type\":\"EntryPoint\",\"urlTemplate\":\"https:\\\/\\\/www.socialismoobarbarie.org\\\/?s={search_term_string}\"},\"query-input\":{\"@type\":\"PropertyValueSpecification\",\"valueRequired\":true,\"valueName\":\"search_term_string\"}}],\"inLanguage\":\"es\"},{\"@type\":\"Organization\",\"@id\":\"https:\\\/\\\/www.socialismoobarbarie.org\\\/#organization\",\"name\":\"Socialismo o Barbarie\",\"url\":\"https:\\\/\\\/www.socialismoobarbarie.org\\\/\",\"logo\":{\"@type\":\"ImageObject\",\"inLanguage\":\"es\",\"@id\":\"https:\\\/\\\/www.socialismoobarbarie.org\\\/#\\\/schema\\\/logo\\\/image\\\/\",\"url\":\"https:\\\/\\\/www.socialismoobarbarie.org\\\/wp-content\\\/uploads\\\/2025\\\/02\\\/soblogoweb-2025.png\",\"contentUrl\":\"https:\\\/\\\/www.socialismoobarbarie.org\\\/wp-content\\\/uploads\\\/2025\\\/02\\\/soblogoweb-2025.png\",\"width\":450,\"height\":161,\"caption\":\"Socialismo o Barbarie\"},\"image\":{\"@id\":\"https:\\\/\\\/www.socialismoobarbarie.org\\\/#\\\/schema\\\/logo\\\/image\\\/\"}},{\"@type\":\"Person\",\"@id\":\"https:\\\/\\\/www.socialismoobarbarie.org\\\/#\\\/schema\\\/person\\\/bc1c3b321d47ed092405949c77e35a8e\",\"name\":\"SOB\",\"url\":\"https:\\\/\\\/www.socialismoobarbarie.org\\\/?author=8\"}]}<\/script>\n<!-- \/ Yoast SEO plugin. -->","yoast_head_json":{"title":"La \u201cca\u00edda del Muro de Berl\u00edn\u201d del capitalismo - Socialismo o Barbarie","robots":{"index":"index","follow":"follow","max-snippet":"max-snippet:-1","max-image-preview":"max-image-preview:large","max-video-preview":"max-video-preview:-1"},"canonical":"https:\/\/www.socialismoobarbarie.org\/?p=1642","og_locale":"es_ES","og_type":"article","og_title":"La \u201cca\u00edda del Muro de Berl\u00edn\u201d del capitalismo - Socialismo o Barbarie","og_description":"Declaraci\u00f3n de la corriente Socialismo o Barbarie Internacional \u00a0 El crack financiero global abre una nueva situaci\u00f3n mundial \u00a0 \u00a0 \u00a0 \u00a0 \u00a0 \u00a0 \u00a0 \u00a0 \u00a0 \u00a0 \u00a0 \u00a0 \u00a0 \u00a0 \u00a0 \u00a0 \u00a0 \u00a0 \u00a0 \u00a0 \u00a0 \u00a0 \u00a0 \u00a0 \u00a0 \u00a0 \u00a0 \u00a0 \u00a0 \u00a0 \u00a0 \u00a0 \u00a0 \u00a0 \u00a0 \u00a0 \u00a0 [&hellip;]","og_url":"https:\/\/www.socialismoobarbarie.org\/?p=1642","og_site_name":"Socialismo o Barbarie","article_published_time":"2008-12-10T12:05:17+00:00","article_modified_time":"2015-10-07T02:57:24+00:00","og_image":[{"width":330,"height":320,"url":"https:\/\/www.socialismoobarbarie.org\/wp-content\/uploads\/2013\/12\/081012_lenin.gif","type":"image\/gif"}],"author":"SOB","twitter_card":"summary_large_image","twitter_misc":{"Escrito por":"SOB","Tiempo de lectura":"17 minutos"},"schema":{"@context":"https:\/\/schema.org","@graph":[{"@type":"Article","@id":"https:\/\/www.socialismoobarbarie.org\/?p=1642#article","isPartOf":{"@id":"https:\/\/www.socialismoobarbarie.org\/?p=1642"},"author":{"name":"SOB","@id":"https:\/\/www.socialismoobarbarie.org\/#\/schema\/person\/bc1c3b321d47ed092405949c77e35a8e"},"headline":"La \u201cca\u00edda del Muro de Berl\u00edn\u201d del capitalismo","datePublished":"2008-12-10T12:05:17+00:00","dateModified":"2015-10-07T02:57:24+00:00","mainEntityOfPage":{"@id":"https:\/\/www.socialismoobarbarie.org\/?p=1642"},"wordCount":3484,"publisher":{"@id":"https:\/\/www.socialismoobarbarie.org\/#organization"},"image":{"@id":"https:\/\/www.socialismoobarbarie.org\/?p=1642#primaryimage"},"thumbnailUrl":"https:\/\/www.socialismoobarbarie.org\/wp-content\/uploads\/2013\/12\/081012_lenin-220x213.gif","keywords":["Formaci\u00f3n"],"articleSection":["Declaraciones"],"inLanguage":"es"},{"@type":"WebPage","@id":"https:\/\/www.socialismoobarbarie.org\/?p=1642","url":"https:\/\/www.socialismoobarbarie.org\/?p=1642","name":"La \u201cca\u00edda del Muro de Berl\u00edn\u201d del capitalismo - Socialismo o Barbarie","isPartOf":{"@id":"https:\/\/www.socialismoobarbarie.org\/#website"},"primaryImageOfPage":{"@id":"https:\/\/www.socialismoobarbarie.org\/?p=1642#primaryimage"},"image":{"@id":"https:\/\/www.socialismoobarbarie.org\/?p=1642#primaryimage"},"thumbnailUrl":"https:\/\/www.socialismoobarbarie.org\/wp-content\/uploads\/2013\/12\/081012_lenin-220x213.gif","datePublished":"2008-12-10T12:05:17+00:00","dateModified":"2015-10-07T02:57:24+00:00","breadcrumb":{"@id":"https:\/\/www.socialismoobarbarie.org\/?p=1642#breadcrumb"},"inLanguage":"es","potentialAction":[{"@type":"ReadAction","target":["https:\/\/www.socialismoobarbarie.org\/?p=1642"]}]},{"@type":"ImageObject","inLanguage":"es","@id":"https:\/\/www.socialismoobarbarie.org\/?p=1642#primaryimage","url":"https:\/\/www.socialismoobarbarie.org\/wp-content\/uploads\/2013\/12\/081012_lenin.gif","contentUrl":"https:\/\/www.socialismoobarbarie.org\/wp-content\/uploads\/2013\/12\/081012_lenin.gif","width":330,"height":320},{"@type":"BreadcrumbList","@id":"https:\/\/www.socialismoobarbarie.org\/?p=1642#breadcrumb","itemListElement":[{"@type":"ListItem","position":1,"name":"Portada","item":"https:\/\/www.socialismoobarbarie.org\/"},{"@type":"ListItem","position":2,"name":"La \u201cca\u00edda del Muro de Berl\u00edn\u201d del capitalismo"}]},{"@type":"WebSite","@id":"https:\/\/www.socialismoobarbarie.org\/#website","url":"https:\/\/www.socialismoobarbarie.org\/","name":"Socialismo o Barbarie","description":"Sitio web de la corriente internacional Socialismo o Barbarie","publisher":{"@id":"https:\/\/www.socialismoobarbarie.org\/#organization"},"potentialAction":[{"@type":"SearchAction","target":{"@type":"EntryPoint","urlTemplate":"https:\/\/www.socialismoobarbarie.org\/?s={search_term_string}"},"query-input":{"@type":"PropertyValueSpecification","valueRequired":true,"valueName":"search_term_string"}}],"inLanguage":"es"},{"@type":"Organization","@id":"https:\/\/www.socialismoobarbarie.org\/#organization","name":"Socialismo o Barbarie","url":"https:\/\/www.socialismoobarbarie.org\/","logo":{"@type":"ImageObject","inLanguage":"es","@id":"https:\/\/www.socialismoobarbarie.org\/#\/schema\/logo\/image\/","url":"https:\/\/www.socialismoobarbarie.org\/wp-content\/uploads\/2025\/02\/soblogoweb-2025.png","contentUrl":"https:\/\/www.socialismoobarbarie.org\/wp-content\/uploads\/2025\/02\/soblogoweb-2025.png","width":450,"height":161,"caption":"Socialismo o Barbarie"},"image":{"@id":"https:\/\/www.socialismoobarbarie.org\/#\/schema\/logo\/image\/"}},{"@type":"Person","@id":"https:\/\/www.socialismoobarbarie.org\/#\/schema\/person\/bc1c3b321d47ed092405949c77e35a8e","name":"SOB","url":"https:\/\/www.socialismoobarbarie.org\/?author=8"}]}},"_links":{"self":[{"href":"https:\/\/www.socialismoobarbarie.org\/index.php?rest_route=\/wp\/v2\/posts\/1642","targetHints":{"allow":["GET"]}}],"collection":[{"href":"https:\/\/www.socialismoobarbarie.org\/index.php?rest_route=\/wp\/v2\/posts"}],"about":[{"href":"https:\/\/www.socialismoobarbarie.org\/index.php?rest_route=\/wp\/v2\/types\/post"}],"author":[{"embeddable":true,"href":"https:\/\/www.socialismoobarbarie.org\/index.php?rest_route=\/wp\/v2\/users\/8"}],"replies":[{"embeddable":true,"href":"https:\/\/www.socialismoobarbarie.org\/index.php?rest_route=%2Fwp%2Fv2%2Fcomments&post=1642"}],"version-history":[{"count":2,"href":"https:\/\/www.socialismoobarbarie.org\/index.php?rest_route=\/wp\/v2\/posts\/1642\/revisions"}],"predecessor-version":[{"id":1644,"href":"https:\/\/www.socialismoobarbarie.org\/index.php?rest_route=\/wp\/v2\/posts\/1642\/revisions\/1644"}],"wp:attachment":[{"href":"https:\/\/www.socialismoobarbarie.org\/index.php?rest_route=%2Fwp%2Fv2%2Fmedia&parent=1642"}],"wp:term":[{"taxonomy":"category","embeddable":true,"href":"https:\/\/www.socialismoobarbarie.org\/index.php?rest_route=%2Fwp%2Fv2%2Fcategories&post=1642"},{"taxonomy":"post_tag","embeddable":true,"href":"https:\/\/www.socialismoobarbarie.org\/index.php?rest_route=%2Fwp%2Fv2%2Ftags&post=1642"}],"curies":[{"name":"wp","href":"https:\/\/api.w.org\/{rel}","templated":true}]}}