{"id":2282,"date":"2014-04-24T20:51:44","date_gmt":"2014-04-24T23:51:44","guid":{"rendered":"https:\/\/www.socialismoobarbarie.org\/?p=2282"},"modified":"2019-11-20T11:25:05","modified_gmt":"2019-11-20T14:25:05","slug":"importante-movilizacion-contra-la-politica-del-gobierno","status":"publish","type":"post","link":"https:\/\/www.socialismoobarbarie.org\/?p=2282","title":{"rendered":"Importante movilizaci\u00f3n contra la pol\u00edtica del gobierno"},"content":{"rendered":"<p><span style=\"line-height: 1.5em;\">Par\u00eds.- Como se\u00f1alamos en art\u00edculos anteriores, las elecciones municipales en Francia se saldaron con una <\/span><b style=\"line-height: 1.5em;\">fuerte derrota<\/b><span style=\"line-height: 1.5em;\"> para el gobierno del PS, y el consecuente progreso de la derechista UMP y de la extrema derecha de Marine Le Pen. Como respuesta a esto, el gobierno <\/span><b style=\"line-height: 1.5em;\">continu\u00f3 con su giro a la derecha<\/b><span style=\"line-height: 1.5em;\">, nombrando al reaccionario Manuel Valls[<\/span><a style=\"line-height: 1.5em;\" title=\"\" href=\"file:\/\/\/C:\/Users\/pastora\/Documents\/000_%20A%20materiales-pagina-sob\/140426\/a_para%20examinar\/SoB%20286\/10a%20FRANCIA-%20movilizacion%2012%20Abril-ARTICULO%204400.doc#_ftn1\">[1]<\/a><span style=\"line-height: 1.5em;\">] como primer ministro, y anunciando exoneraciones fiscales a las empresas y ajustes en el gasto del Estado.<\/span><\/p>\n<p>En este marco, la movilizaci\u00f3n del 12 de abril, que se ven\u00eda preparando desde antes de las elecciones, cobraba una <b>importancia central<\/b>. Lanzada inicialmente por el NPA (Noveau Parti Anticapitaliste) como una iniciativa para retomar la calle que hab\u00eda sido ocupada mayoritariamente por la derecha y la extrema derecha los \u00faltimos meses, se sumaron a la misma el Parti de Gauche de M\u00e9lenchon y el PCF. A partir de all\u00ed se realiz\u00f3 una <b>convocatoria com\u00fan<\/b> a la que se fueron sumando personalidades, asociaciones feministas y de inmigrantes, secciones sindicales de la CGT y de Solidaires.<\/p>\n<p>El resultado fue <b>una movilizaci\u00f3n que reuni\u00f3 a cerca de 100 mil personas<\/b> y permiti\u00f3 reflejar una <b>oposici\u00f3n por izquierda<\/b> a las pol\u00edticas gubernamentales, aunque estuvo marcada por los <b>l\u00edmites<\/b> que le imprimieron algunos de sus convocantes.<\/p>\n<p><b>Una importante movilizaci\u00f3n unitaria, con presencia de sectores en lucha<\/b><\/p>\n<p>Los anuncios del gobierno fueron un impulso importante para la movilizaci\u00f3n y ayudaron a convertirla en <b>un hecho objetivo a nivel nacional<\/b>, como se vio reflejado por los diferentes medios masivos de comunicaci\u00f3n que dieron cuenta de la misma. Esto se vio tambi\u00e9n en la <b>adhesi\u00f3n de diferentes secciones locales de sindicatos<\/b>, lo cual permiti\u00f3 darle una base social a la movilizaci\u00f3n.<\/p>\n<p>Diferentes \u201cuniones departamentales\u201d (que agrupan a todos\u00a0 los sindicatos de un mismo departamento) de la CGT llamaron a movilizarse el 12, aun contra la pol\u00edtica de la direcci\u00f3n nacional de la CGT, que <b>se neg\u00f3 expl\u00edcitamente a sumarse a la manifestaci\u00f3n<\/b> con la excusa de que a\u00fan hab\u00eda que \u201cesperar\u201d y no saltar la etapa del \u201can\u00e1lisis\u201d.<\/p>\n<p>\u00bfCu\u00e1nto puede tardarse en analizar una pol\u00edtica que prev\u00e9 50 mil millones de reducci\u00f3n del gasto estatal, y 30 mil millones de euros de exenci\u00f3n de impuestos a las empresas? No queremos pecar de malpensados: tal vez los bur\u00f3cratas de la CGT no son muy buenos en matem\u00e1ticas. A pesar de esto, dirigentes sindicales de la CGT (Industrias Qu\u00edmicas, estatales, gr\u00e1ficos, etc.), de f\u00e1bricas en lucha (Fralib, Conti, Prestalis),\u00a0 as\u00ed como diversos sindicatos que pertenecen a la confederaci\u00f3n \u201cSolidaires\u201d, llamaron a manifestarse.<\/p>\n<p>Una columna de sectores en lucha hizo confluir a los trabajadores de Correos de la zona oeste de Par\u00eds (el departamento 92), en huelga desde hace m\u00e1s de dos meses, a los trabajadores precarizados de la industria del \u201cespect\u00e1culo\u201d (cine, televisi\u00f3n, teatro), y a los estudiantes de la Universidad Par\u00eds 8, en lucha contra el cierre de carreras y la pol\u00edtica represiva al interior de la Universidad. La columna, que reuni\u00f3 unas 1.500 personas, fue una de las m\u00e1s animadas de la manifestaci\u00f3n, y cientos de personas se acercaron a contribuir con el fondo de huelga de los trabajadores postales.<\/p>\n<p>El grueso de los manifestantes lo aportaron las organizaciones pol\u00edticas, en especial el PCF y el Front de Gauche como tal. Adem\u00e1s se organizaron micros desde el interior del pa\u00eds, a partir de los sindicatos o de las organizaciones pol\u00edticas locales. El NPA, por su parte, realiz\u00f3 una importante columna de cerca de mil compa\u00f1eros, muy din\u00e1mica y juvenil, adem\u00e1s de haberse jugado a la organizaci\u00f3n de la columna de los sectores en lucha, a trav\u00e9s de los compa\u00f1eros del NPA que juegan un rol de direcci\u00f3n en esos sectores.<\/p>\n<p>La movilizaci\u00f3n apareci\u00f3 objetivamente como una <b>cr\u00edtica por la izquierda a la pol\u00edtica del gobierno<\/b>, d\u00edas despu\u00e9s de la asunci\u00f3n de Valls como primer ministro y del anuncio de sus pol\u00edticas econ\u00f3micas. La pol\u00edtica que el gobierno Valls pretende llevar adelante es un <b>ataque en toda la <\/b>l\u00ednea contra las condiciones de vida y de trabajo de millones de franceses, mientras sigue haci\u00e9ndole \u201cregalos\u201d a la patronal. <b>Oponerse de manera frontal al gobierno<\/b> es la principal tarea para la izquierda. Lamentablemente (y previsiblemente), esa <b>no es<\/b> la perspectiva del PCF o del PG de M\u00e9lenchon.<\/p>\n<div><br clear=\"all\" \/><\/p>\n<hr align=\"left\" size=\"1\" width=\"33%\" \/>\n<div>\n<p><a title=\"\" href=\"file:\/\/\/C:\/Users\/pastora\/Documents\/000_%20A%20materiales-pagina-sob\/140426\/a_para%20examinar\/SoB%20286\/10a%20FRANCIA-%20movilizacion%2012%20Abril-ARTICULO%204400.doc#_ftnref1\">[1]<\/a>.- Ver en <i>Socialismo o Barbarie<\/i> N\u00ba 284, 11\/04\/2014, \u201cFrancia \u2013 Un gobierno de \u2018combate\u2019\u2026 contra los trabajadores los inmigrantes y los j\u00f3venes\u201d.<\/p>\n<\/div>\n<\/div>\n","protected":false},"excerpt":{"rendered":"<p>Par\u00eds.- Como se\u00f1alamos en art\u00edculos anteriores, las elecciones municipales en Francia se saldaron con una fuerte derrota para el gobierno del PS, y el consecuente progreso de la derechista UMP y de la extrema derecha de Marine Le Pen. Como respuesta a esto, el gobierno continu\u00f3 con su giro a la derecha, nombrando al reaccionario [&hellip;]<\/p>\n","protected":false},"author":8,"featured_media":2285,"comment_status":"closed","ping_status":"closed","sticky":false,"template":"","format":"standard","meta":{"footnotes":""},"categories":[1690,1665,14],"tags":[1146,16],"class_list":{"0":"post-2282","1":"post","2":"type-post","3":"status-publish","4":"format-standard","5":"has-post-thumbnail","7":"category-europa","8":"category-francia","9":"category-movimiento-obrero","10":"tag-ale-vinet","11":"tag-sob-france"},"yoast_head":"<!-- This site is optimized with the Yoast SEO plugin v28.2 - https:\/\/yoast.com\/product\/yoast-seo-wordpress\/ -->\n<title>Importante movilizaci\u00f3n contra la pol\u00edtica del gobierno - Socialismo o Barbarie<\/title>\n<meta name=\"robots\" content=\"index, follow, max-snippet:-1, max-image-preview:large, max-video-preview:-1\" \/>\n<link rel=\"canonical\" href=\"https:\/\/www.socialismoobarbarie.org\/?p=2282\" \/>\n<meta property=\"og:locale\" content=\"es_ES\" \/>\n<meta property=\"og:type\" content=\"article\" \/>\n<meta property=\"og:title\" content=\"Importante movilizaci\u00f3n contra la pol\u00edtica del gobierno - Socialismo o Barbarie\" \/>\n<meta property=\"og:description\" content=\"Par\u00eds.- Como se\u00f1alamos en art\u00edculos anteriores, las elecciones municipales en Francia se saldaron con una fuerte derrota para el gobierno del PS, y el consecuente progreso de la derechista UMP y de la extrema derecha de Marine Le Pen. Como respuesta a esto, el gobierno continu\u00f3 con su giro a la derecha, nombrando al reaccionario [&hellip;]\" \/>\n<meta property=\"og:url\" content=\"https:\/\/www.socialismoobarbarie.org\/?p=2282\" \/>\n<meta property=\"og:site_name\" content=\"Socialismo o Barbarie\" \/>\n<meta property=\"article:published_time\" content=\"2014-04-24T23:51:44+00:00\" \/>\n<meta property=\"article:modified_time\" content=\"2019-11-20T14:25:05+00:00\" \/>\n<meta property=\"og:image\" content=\"https:\/\/www.socialismoobarbarie.org\/wp-content\/uploads\/2014\/04\/140422-francia-npa-manif-12-abril-600x370.jpg\" \/>\n\t<meta property=\"og:image:width\" content=\"628\" \/>\n\t<meta property=\"og:image:height\" content=\"370\" \/>\n\t<meta property=\"og:image:type\" content=\"image\/jpeg\" \/>\n<meta name=\"author\" content=\"SOB\" \/>\n<meta name=\"twitter:card\" content=\"summary_large_image\" \/>\n<meta name=\"twitter:label1\" content=\"Escrito por\" \/>\n\t<meta name=\"twitter:data1\" content=\"SOB\" \/>\n\t<meta name=\"twitter:label2\" content=\"Tiempo de lectura\" \/>\n\t<meta name=\"twitter:data2\" content=\"4 minutos\" \/>\n<script type=\"application\/ld+json\" class=\"yoast-schema-graph\">{\"@context\":\"https:\\\/\\\/schema.org\",\"@graph\":[{\"@type\":\"Article\",\"@id\":\"https:\\\/\\\/www.socialismoobarbarie.org\\\/?p=2282#article\",\"isPartOf\":{\"@id\":\"https:\\\/\\\/www.socialismoobarbarie.org\\\/?p=2282\"},\"author\":{\"name\":\"SOB\",\"@id\":\"https:\\\/\\\/www.socialismoobarbarie.org\\\/#\\\/schema\\\/person\\\/bc1c3b321d47ed092405949c77e35a8e\"},\"headline\":\"Importante movilizaci\u00f3n contra la pol\u00edtica del gobierno\",\"datePublished\":\"2014-04-24T23:51:44+00:00\",\"dateModified\":\"2019-11-20T14:25:05+00:00\",\"mainEntityOfPage\":{\"@id\":\"https:\\\/\\\/www.socialismoobarbarie.org\\\/?p=2282\"},\"wordCount\":791,\"publisher\":{\"@id\":\"https:\\\/\\\/www.socialismoobarbarie.org\\\/#organization\"},\"image\":{\"@id\":\"https:\\\/\\\/www.socialismoobarbarie.org\\\/?p=2282#primaryimage\"},\"thumbnailUrl\":\"https:\\\/\\\/www.socialismoobarbarie.org\\\/wp-content\\\/uploads\\\/2014\\\/04\\\/140422-francia-npa-manif-12-abril-600x370.jpg\",\"keywords\":[\"Ale Vinet\",\"SOB France\"],\"articleSection\":[\"Europa\",\"Francia\",\"Movimiento obrero\"],\"inLanguage\":\"es\"},{\"@type\":\"WebPage\",\"@id\":\"https:\\\/\\\/www.socialismoobarbarie.org\\\/?p=2282\",\"url\":\"https:\\\/\\\/www.socialismoobarbarie.org\\\/?p=2282\",\"name\":\"Importante movilizaci\u00f3n contra la pol\u00edtica del gobierno - Socialismo o Barbarie\",\"isPartOf\":{\"@id\":\"https:\\\/\\\/www.socialismoobarbarie.org\\\/#website\"},\"primaryImageOfPage\":{\"@id\":\"https:\\\/\\\/www.socialismoobarbarie.org\\\/?p=2282#primaryimage\"},\"image\":{\"@id\":\"https:\\\/\\\/www.socialismoobarbarie.org\\\/?p=2282#primaryimage\"},\"thumbnailUrl\":\"https:\\\/\\\/www.socialismoobarbarie.org\\\/wp-content\\\/uploads\\\/2014\\\/04\\\/140422-francia-npa-manif-12-abril-600x370.jpg\",\"datePublished\":\"2014-04-24T23:51:44+00:00\",\"dateModified\":\"2019-11-20T14:25:05+00:00\",\"breadcrumb\":{\"@id\":\"https:\\\/\\\/www.socialismoobarbarie.org\\\/?p=2282#breadcrumb\"},\"inLanguage\":\"es\",\"potentialAction\":[{\"@type\":\"ReadAction\",\"target\":[\"https:\\\/\\\/www.socialismoobarbarie.org\\\/?p=2282\"]}]},{\"@type\":\"ImageObject\",\"inLanguage\":\"es\",\"@id\":\"https:\\\/\\\/www.socialismoobarbarie.org\\\/?p=2282#primaryimage\",\"url\":\"https:\\\/\\\/www.socialismoobarbarie.org\\\/wp-content\\\/uploads\\\/2014\\\/04\\\/140422-francia-npa-manif-12-abril-600x370.jpg\",\"contentUrl\":\"https:\\\/\\\/www.socialismoobarbarie.org\\\/wp-content\\\/uploads\\\/2014\\\/04\\\/140422-francia-npa-manif-12-abril-600x370.jpg\",\"width\":628,\"height\":370},{\"@type\":\"BreadcrumbList\",\"@id\":\"https:\\\/\\\/www.socialismoobarbarie.org\\\/?p=2282#breadcrumb\",\"itemListElement\":[{\"@type\":\"ListItem\",\"position\":1,\"name\":\"Portada\",\"item\":\"https:\\\/\\\/www.socialismoobarbarie.org\\\/\"},{\"@type\":\"ListItem\",\"position\":2,\"name\":\"Importante movilizaci\u00f3n contra la pol\u00edtica del gobierno\"}]},{\"@type\":\"WebSite\",\"@id\":\"https:\\\/\\\/www.socialismoobarbarie.org\\\/#website\",\"url\":\"https:\\\/\\\/www.socialismoobarbarie.org\\\/\",\"name\":\"Socialismo o Barbarie\",\"description\":\"Sitio web de la corriente internacional Socialismo o Barbarie\",\"publisher\":{\"@id\":\"https:\\\/\\\/www.socialismoobarbarie.org\\\/#organization\"},\"potentialAction\":[{\"@type\":\"SearchAction\",\"target\":{\"@type\":\"EntryPoint\",\"urlTemplate\":\"https:\\\/\\\/www.socialismoobarbarie.org\\\/?s={search_term_string}\"},\"query-input\":{\"@type\":\"PropertyValueSpecification\",\"valueRequired\":true,\"valueName\":\"search_term_string\"}}],\"inLanguage\":\"es\"},{\"@type\":\"Organization\",\"@id\":\"https:\\\/\\\/www.socialismoobarbarie.org\\\/#organization\",\"name\":\"Socialismo o Barbarie\",\"url\":\"https:\\\/\\\/www.socialismoobarbarie.org\\\/\",\"logo\":{\"@type\":\"ImageObject\",\"inLanguage\":\"es\",\"@id\":\"https:\\\/\\\/www.socialismoobarbarie.org\\\/#\\\/schema\\\/logo\\\/image\\\/\",\"url\":\"https:\\\/\\\/www.socialismoobarbarie.org\\\/wp-content\\\/uploads\\\/2025\\\/02\\\/soblogoweb-2025.png\",\"contentUrl\":\"https:\\\/\\\/www.socialismoobarbarie.org\\\/wp-content\\\/uploads\\\/2025\\\/02\\\/soblogoweb-2025.png\",\"width\":450,\"height\":161,\"caption\":\"Socialismo o Barbarie\"},\"image\":{\"@id\":\"https:\\\/\\\/www.socialismoobarbarie.org\\\/#\\\/schema\\\/logo\\\/image\\\/\"}},{\"@type\":\"Person\",\"@id\":\"https:\\\/\\\/www.socialismoobarbarie.org\\\/#\\\/schema\\\/person\\\/bc1c3b321d47ed092405949c77e35a8e\",\"name\":\"SOB\",\"url\":\"https:\\\/\\\/www.socialismoobarbarie.org\\\/?author=8\"}]}<\/script>\n<!-- \/ Yoast SEO plugin. -->","yoast_head_json":{"title":"Importante movilizaci\u00f3n contra la pol\u00edtica del gobierno - Socialismo o Barbarie","robots":{"index":"index","follow":"follow","max-snippet":"max-snippet:-1","max-image-preview":"max-image-preview:large","max-video-preview":"max-video-preview:-1"},"canonical":"https:\/\/www.socialismoobarbarie.org\/?p=2282","og_locale":"es_ES","og_type":"article","og_title":"Importante movilizaci\u00f3n contra la pol\u00edtica del gobierno - Socialismo o Barbarie","og_description":"Par\u00eds.- Como se\u00f1alamos en art\u00edculos anteriores, las elecciones municipales en Francia se saldaron con una fuerte derrota para el gobierno del PS, y el consecuente progreso de la derechista UMP y de la extrema derecha de Marine Le Pen. Como respuesta a esto, el gobierno continu\u00f3 con su giro a la derecha, nombrando al reaccionario [&hellip;]","og_url":"https:\/\/www.socialismoobarbarie.org\/?p=2282","og_site_name":"Socialismo o Barbarie","article_published_time":"2014-04-24T23:51:44+00:00","article_modified_time":"2019-11-20T14:25:05+00:00","og_image":[{"width":628,"height":370,"url":"https:\/\/www.socialismoobarbarie.org\/wp-content\/uploads\/2014\/04\/140422-francia-npa-manif-12-abril-600x370.jpg","type":"image\/jpeg"}],"author":"SOB","twitter_card":"summary_large_image","twitter_misc":{"Escrito por":"SOB","Tiempo de lectura":"4 minutos"},"schema":{"@context":"https:\/\/schema.org","@graph":[{"@type":"Article","@id":"https:\/\/www.socialismoobarbarie.org\/?p=2282#article","isPartOf":{"@id":"https:\/\/www.socialismoobarbarie.org\/?p=2282"},"author":{"name":"SOB","@id":"https:\/\/www.socialismoobarbarie.org\/#\/schema\/person\/bc1c3b321d47ed092405949c77e35a8e"},"headline":"Importante movilizaci\u00f3n contra la pol\u00edtica del gobierno","datePublished":"2014-04-24T23:51:44+00:00","dateModified":"2019-11-20T14:25:05+00:00","mainEntityOfPage":{"@id":"https:\/\/www.socialismoobarbarie.org\/?p=2282"},"wordCount":791,"publisher":{"@id":"https:\/\/www.socialismoobarbarie.org\/#organization"},"image":{"@id":"https:\/\/www.socialismoobarbarie.org\/?p=2282#primaryimage"},"thumbnailUrl":"https:\/\/www.socialismoobarbarie.org\/wp-content\/uploads\/2014\/04\/140422-francia-npa-manif-12-abril-600x370.jpg","keywords":["Ale Vinet","SOB France"],"articleSection":["Europa","Francia","Movimiento obrero"],"inLanguage":"es"},{"@type":"WebPage","@id":"https:\/\/www.socialismoobarbarie.org\/?p=2282","url":"https:\/\/www.socialismoobarbarie.org\/?p=2282","name":"Importante movilizaci\u00f3n contra la pol\u00edtica del gobierno - Socialismo o Barbarie","isPartOf":{"@id":"https:\/\/www.socialismoobarbarie.org\/#website"},"primaryImageOfPage":{"@id":"https:\/\/www.socialismoobarbarie.org\/?p=2282#primaryimage"},"image":{"@id":"https:\/\/www.socialismoobarbarie.org\/?p=2282#primaryimage"},"thumbnailUrl":"https:\/\/www.socialismoobarbarie.org\/wp-content\/uploads\/2014\/04\/140422-francia-npa-manif-12-abril-600x370.jpg","datePublished":"2014-04-24T23:51:44+00:00","dateModified":"2019-11-20T14:25:05+00:00","breadcrumb":{"@id":"https:\/\/www.socialismoobarbarie.org\/?p=2282#breadcrumb"},"inLanguage":"es","potentialAction":[{"@type":"ReadAction","target":["https:\/\/www.socialismoobarbarie.org\/?p=2282"]}]},{"@type":"ImageObject","inLanguage":"es","@id":"https:\/\/www.socialismoobarbarie.org\/?p=2282#primaryimage","url":"https:\/\/www.socialismoobarbarie.org\/wp-content\/uploads\/2014\/04\/140422-francia-npa-manif-12-abril-600x370.jpg","contentUrl":"https:\/\/www.socialismoobarbarie.org\/wp-content\/uploads\/2014\/04\/140422-francia-npa-manif-12-abril-600x370.jpg","width":628,"height":370},{"@type":"BreadcrumbList","@id":"https:\/\/www.socialismoobarbarie.org\/?p=2282#breadcrumb","itemListElement":[{"@type":"ListItem","position":1,"name":"Portada","item":"https:\/\/www.socialismoobarbarie.org\/"},{"@type":"ListItem","position":2,"name":"Importante movilizaci\u00f3n contra la pol\u00edtica del gobierno"}]},{"@type":"WebSite","@id":"https:\/\/www.socialismoobarbarie.org\/#website","url":"https:\/\/www.socialismoobarbarie.org\/","name":"Socialismo o Barbarie","description":"Sitio web de la corriente internacional Socialismo o Barbarie","publisher":{"@id":"https:\/\/www.socialismoobarbarie.org\/#organization"},"potentialAction":[{"@type":"SearchAction","target":{"@type":"EntryPoint","urlTemplate":"https:\/\/www.socialismoobarbarie.org\/?s={search_term_string}"},"query-input":{"@type":"PropertyValueSpecification","valueRequired":true,"valueName":"search_term_string"}}],"inLanguage":"es"},{"@type":"Organization","@id":"https:\/\/www.socialismoobarbarie.org\/#organization","name":"Socialismo o Barbarie","url":"https:\/\/www.socialismoobarbarie.org\/","logo":{"@type":"ImageObject","inLanguage":"es","@id":"https:\/\/www.socialismoobarbarie.org\/#\/schema\/logo\/image\/","url":"https:\/\/www.socialismoobarbarie.org\/wp-content\/uploads\/2025\/02\/soblogoweb-2025.png","contentUrl":"https:\/\/www.socialismoobarbarie.org\/wp-content\/uploads\/2025\/02\/soblogoweb-2025.png","width":450,"height":161,"caption":"Socialismo o Barbarie"},"image":{"@id":"https:\/\/www.socialismoobarbarie.org\/#\/schema\/logo\/image\/"}},{"@type":"Person","@id":"https:\/\/www.socialismoobarbarie.org\/#\/schema\/person\/bc1c3b321d47ed092405949c77e35a8e","name":"SOB","url":"https:\/\/www.socialismoobarbarie.org\/?author=8"}]}},"_links":{"self":[{"href":"https:\/\/www.socialismoobarbarie.org\/index.php?rest_route=\/wp\/v2\/posts\/2282","targetHints":{"allow":["GET"]}}],"collection":[{"href":"https:\/\/www.socialismoobarbarie.org\/index.php?rest_route=\/wp\/v2\/posts"}],"about":[{"href":"https:\/\/www.socialismoobarbarie.org\/index.php?rest_route=\/wp\/v2\/types\/post"}],"author":[{"embeddable":true,"href":"https:\/\/www.socialismoobarbarie.org\/index.php?rest_route=\/wp\/v2\/users\/8"}],"replies":[{"embeddable":true,"href":"https:\/\/www.socialismoobarbarie.org\/index.php?rest_route=%2Fwp%2Fv2%2Fcomments&post=2282"}],"version-history":[{"count":2,"href":"https:\/\/www.socialismoobarbarie.org\/index.php?rest_route=\/wp\/v2\/posts\/2282\/revisions"}],"predecessor-version":[{"id":2284,"href":"https:\/\/www.socialismoobarbarie.org\/index.php?rest_route=\/wp\/v2\/posts\/2282\/revisions\/2284"}],"wp:featuredmedia":[{"embeddable":true,"href":"https:\/\/www.socialismoobarbarie.org\/index.php?rest_route=\/wp\/v2\/media\/2285"}],"wp:attachment":[{"href":"https:\/\/www.socialismoobarbarie.org\/index.php?rest_route=%2Fwp%2Fv2%2Fmedia&parent=2282"}],"wp:term":[{"taxonomy":"category","embeddable":true,"href":"https:\/\/www.socialismoobarbarie.org\/index.php?rest_route=%2Fwp%2Fv2%2Fcategories&post=2282"},{"taxonomy":"post_tag","embeddable":true,"href":"https:\/\/www.socialismoobarbarie.org\/index.php?rest_route=%2Fwp%2Fv2%2Ftags&post=2282"}],"curies":[{"name":"wp","href":"https:\/\/api.w.org\/{rel}","templated":true}]}}