{"id":2610,"date":"2014-06-05T11:33:45","date_gmt":"2014-06-05T14:33:45","guid":{"rendered":"https:\/\/www.socialismoobarbarie.org\/?p=2610"},"modified":"2018-07-12T19:47:51","modified_gmt":"2018-07-12T22:47:51","slug":"reunion-en-el-bauen-de-organizaciones-obreras-estudiantiles-de-dd-hh-sociales-y-politicas-convoco-al-acto","status":"publish","type":"post","link":"https:\/\/www.socialismoobarbarie.org\/?p=2610","title":{"rendered":"Reuni\u00f3n en el Bauen de organizaciones obreras, estudiantiles, de DD HH, sociales y pol\u00edticas convoc\u00f3 al acto"},"content":{"rendered":"<p>Los trabajadores de Gestamp informamos que hoy mi\u00e9rcoles nos reunimos en el Bauen Hotel recuperado con una cantidad muy grande de organizaciones obreras, estudiantiles, de DD HH, sociales y pol\u00edticas. Comentamos la situaci\u00f3n que estamos viviendo, con la militarizaci\u00f3n de la planta, con la patota del SMATA apretando a nuestros compa\u00f1eros, las puertas todas cerradas, toda la situaci\u00f3n nos llev\u00f3 a entrar a la f\u00e1brica y subirnos al puente gr\u00faa en defensa de nuestro trabajo.<\/p>\n<p>Conseguimos la Conciliaci\u00f3n y ahora Scioli borra con el codo lo que firm\u00f3 con la mano. Es un ataque directo para que nos callemos, pero nosotros vamos a dar pelea, y le pedimos la solidaridad y el apoyo a los presentes, porque si nuestra lucha, que est\u00e1 siendo vista con simpat\u00eda por la mayor\u00eda de los laburantes, sale para adelante ser\u00e1 un freno para las suspensiones y despidos que la patronal automotriz y otras tienen preparados.<\/p>\n<p>El apoyo a nuestra lucha fue completo y se resolvi\u00f3 realizar un acto en las puertas de Gestamp el pr\u00f3ximo viernes a las 16 hs para denunciar todo lo que nos est\u00e1 pasando por la reincorporaci\u00f3n de todos los despedidos y que se vaya la polic\u00eda y la patota del SMATA de la f\u00e1brica.<\/p>\n<p>Invitamos a todas las personas que defiendan los derechos humanos, democr\u00e1ticos y por la fuente de trabajo. \u00a1\u00a1Basta de despidos y dictadura en Gestamp!!<\/p>\n<p>Estuvieron presentes compa\u00f1eros, delegados y agrupaciones de Lear, CTA, Emfer, Ferroviarios del Sarmiento, Judiciales Clasistas, Suteba&#8217;s combativos, Donelley, Subte B, Kraft, Telef\u00f3nicos, Sutna, AGD-UBA, Ademys, Aerona\u00faticos, Frigor\u00edfico Rioplatense, estatales Ate Lomas, Senasa, Prom. Social, INDEC, Inti, Garraham, Ecotrans, FUBA, Centros de estudiantes, Sociales, Filosof\u00eda y Letras, Psicolog\u00eda, AEDD, Ceprodh, Correpi, Exactas, AyL, PRML, CCUR, PCO, CRCR, TPR, DO, COR, MST, IS, PTS, PO, Nuevo MAS y siguen&#8230;.<\/p>\n<p><b>REPRODUCIMOS UNA CARTA REDACTADA POR UN COMPA\u00d1ERO DIRIGIDA A LOS COMPA\u00d1EROS DE ADENTRO Y A LA OPINI\u00d3N P\u00daBLICA<\/b><\/p>\n<p><b>Carta a los compa\u00f1eros de Gestamp y a la opini\u00f3n p\u00fablica de los 67 despedidos<\/b><\/p>\n<p>Suspensiones sin criterio o mejor dicho con el criterio de la empresa: gente con enfermedades profesionales, hernias, esguinces, etc. Y por parte del gremio: gente con inquietudes o que reclamaron algo con convicci\u00f3n, por ejemplo el pago de 100 hs. por la p\u00e9rdida del salario.<\/p>\n<p>La empresa y el gremio realizaron una lista negra como en la peor dictadura y suspendieron un mes, luego quisieron seguir un mes m\u00e1s.<\/p>\n<p>No se tuvieron en cuenta la Constituci\u00f3n Nacional y la Ley de Contrato de Trabajo de la Argentina (donde dice que se debe tener en cuenta antig\u00fcedad o carga social de familia para efectuar dichas suspensiones) con el Ministerio de Trabajo de c\u00f3mplice.<\/p>\n<p>El gremio quien deb\u00eda protegernos, fue quien nos suspendi\u00f3 y luego despidi\u00f3. Hasta se puso causa y ni siquiera se nos pag\u00f3 la indemnizaci\u00f3n. Tremendo Abuso de Poder e Injusticia!!!<\/p>\n<p>Un mes acampando en la puerta en forma pac\u00edfica acorralados y con un legajo que se nos ensuci\u00f3 para agravar nuestra situaci\u00f3n y no podamos conseguir un empleo.<\/p>\n<p>Para un Padre de familia no poder mantener ni dar de comer a sus hijos es una situaci\u00f3n extrema y de desesperaci\u00f3n. Y extrema fue la acci\u00f3n espont\u00e1nea de entrar y recuperar nuestros empleos algunos luchamos adentro otros afuera arriesgando nuestras vidas<\/p>\n<p>Jam\u00e1s se puso en riesgo ni la integridad f\u00edsica ni el trabajo de los compa\u00f1eros como dicen. Todo lo contrario ya que si no van a continuar con esta metodolog\u00eda te lesionas. o reclamas algo&#8230;te despiden.<\/p>\n<p>Se lo hizo Para que el ministerio vea el problema. El objetivo se \u00ablogr\u00f3\u201d, el ministro vino, vio el problema, nos mir\u00f3 a los ojos, nos dio la raz\u00f3n y DICT\u00d3 LA CONCILIACI\u00d3N OBLIGATORIA. Confiamos y acatamos la dicha conciliaci\u00f3n.<\/p>\n<p>La empresa no la acat\u00f3 el lunes, ni martes y el mi\u00e9rcoles la conciliaci\u00f3n que firm\u00f3 el Ministro delante de un juez y un fiscal. Tras la presi\u00f3n del gremio SMATA y gobierno, la rompi\u00f3 realizando un abuso e injusticia a\u00fan mayor contra los trabajadores.<\/p>\n<p>Es tremendo y cobarde el miedo y terror que les metieron a ustedes compa\u00f1eros que todav\u00eda est\u00e1n trabajando, que saben que si nos apoyan y hasta saludan pueden perder sus puestos de trabajo y no podr\u00edan mantener sus familias. La patota, RRHH y la polic\u00eda sembraron el terror.<\/p>\n<p>Yo me pregunt\u00f3 \u00bfse puede vivir y trabajar as\u00ed? \u00bfD\u00f3nde queda la Dignidad de una persona?<\/p>\n<p>Quiero decirle a mi compa\u00f1ero y amigo SL con quien trabaj\u00e9 5 a\u00f1os y quien conoci\u00f3 mi familia y yo la suya y que declar\u00f3 que lo defraudamos, que entiendo su miedo aunque no lo justifico, que me hubiera gustado y alcanzado, si tan solo me enviaba un mensaje preguntando por m\u00ed y mi familia.<\/p>\n<p>S\u00e9 que a ustedes adentro les gustar\u00eda vernos juntos, tomando un mate, porque tanto ustedes como yo sabemos que somos solo trabajadores y padres de familia que queremos trabajar y estar lo mejor posible y no en las actuales condiciones que ellos han generado<\/p>\n<p>La lucha es despareja y sabemos del miedo que tienen y los entendemos. Solo queremos decirles que no bajen los brazos y piensen qu\u00e9 Argentina quieren para sus hijos.<\/p>\n<p><b>TRABAJADORES DESPEDIDOS DE GESTAMP<\/b><\/p>\n<p>Los trabajadores solicitamos difusi\u00f3n de la convocatoria.<\/p>\n<p><b>Contactos:<\/b><\/p>\n<p>Dami\u00e1n Calci, delegado de Gestamp: 15 32 90 44 07<\/p>\n<p>Franco Conti , despedido de Gestamp: 34 84 51 05 08<\/p>\n","protected":false},"excerpt":{"rendered":"<p>Los trabajadores de Gestamp informamos que hoy mi\u00e9rcoles nos reunimos en el Bauen Hotel recuperado con una cantidad muy grande de organizaciones obreras, estudiantiles, de DD HH, sociales y pol\u00edticas. Comentamos la situaci\u00f3n que estamos viviendo, con la militarizaci\u00f3n de la planta, con la patota del SMATA apretando a nuestros compa\u00f1eros, las puertas todas cerradas, [&hellip;]<\/p>\n","protected":false},"author":8,"featured_media":2614,"comment_status":"closed","ping_status":"closed","sticky":false,"template":"","format":"standard","meta":{"footnotes":""},"categories":[122,14],"tags":[282],"class_list":{"0":"post-2610","1":"post","2":"type-post","3":"status-publish","4":"format-standard","5":"has-post-thumbnail","7":"category-america-latina-y-el-caribe","8":"category-movimiento-obrero","9":"tag-gestamp"},"yoast_head":"<!-- This site is optimized with the Yoast SEO plugin v27.5 - https:\/\/yoast.com\/product\/yoast-seo-wordpress\/ -->\n<title>Reuni\u00f3n en el Bauen de organizaciones obreras, estudiantiles, de DD HH, sociales y pol\u00edticas convoc\u00f3 al acto - Socialismo o Barbarie<\/title>\n<meta name=\"robots\" content=\"index, follow, max-snippet:-1, max-image-preview:large, max-video-preview:-1\" \/>\n<link rel=\"canonical\" href=\"https:\/\/www.socialismoobarbarie.org\/?p=2610\" \/>\n<meta property=\"og:locale\" content=\"es_ES\" \/>\n<meta property=\"og:type\" content=\"article\" \/>\n<meta property=\"og:title\" content=\"Reuni\u00f3n en el Bauen de organizaciones obreras, estudiantiles, de DD HH, sociales y pol\u00edticas convoc\u00f3 al acto - Socialismo o Barbarie\" \/>\n<meta property=\"og:description\" content=\"Los trabajadores de Gestamp informamos que hoy mi\u00e9rcoles nos reunimos en el Bauen Hotel recuperado con una cantidad muy grande de organizaciones obreras, estudiantiles, de DD HH, sociales y pol\u00edticas. Comentamos la situaci\u00f3n que estamos viviendo, con la militarizaci\u00f3n de la planta, con la patota del SMATA apretando a nuestros compa\u00f1eros, las puertas todas cerradas, [&hellip;]\" \/>\n<meta property=\"og:url\" content=\"https:\/\/www.socialismoobarbarie.org\/?p=2610\" \/>\n<meta property=\"og:site_name\" content=\"Socialismo o Barbarie\" \/>\n<meta property=\"article:published_time\" content=\"2014-06-05T14:33:45+00:00\" \/>\n<meta property=\"article:modified_time\" content=\"2018-07-12T22:47:51+00:00\" \/>\n<meta property=\"og:image\" content=\"https:\/\/www.socialismoobarbarie.org\/wp-content\/uploads\/2014\/06\/140605-gestamp-reunion-bauen-690x460.jpg\" \/>\n\t<meta property=\"og:image:width\" content=\"690\" \/>\n\t<meta property=\"og:image:height\" content=\"460\" \/>\n\t<meta property=\"og:image:type\" content=\"image\/jpeg\" \/>\n<meta name=\"author\" content=\"SOB\" \/>\n<meta name=\"twitter:card\" content=\"summary_large_image\" \/>\n<meta name=\"twitter:label1\" content=\"Escrito por\" \/>\n\t<meta name=\"twitter:data1\" content=\"SOB\" \/>\n\t<meta name=\"twitter:label2\" content=\"Tiempo de lectura\" \/>\n\t<meta name=\"twitter:data2\" content=\"5 minutos\" \/>\n<script type=\"application\/ld+json\" class=\"yoast-schema-graph\">{\"@context\":\"https:\\\/\\\/schema.org\",\"@graph\":[{\"@type\":\"Article\",\"@id\":\"https:\\\/\\\/www.socialismoobarbarie.org\\\/?p=2610#article\",\"isPartOf\":{\"@id\":\"https:\\\/\\\/www.socialismoobarbarie.org\\\/?p=2610\"},\"author\":{\"name\":\"SOB\",\"@id\":\"https:\\\/\\\/www.socialismoobarbarie.org\\\/#\\\/schema\\\/person\\\/bc1c3b321d47ed092405949c77e35a8e\"},\"headline\":\"Reuni\u00f3n en el Bauen de organizaciones obreras, estudiantiles, de DD HH, sociales y pol\u00edticas convoc\u00f3 al acto\",\"datePublished\":\"2014-06-05T14:33:45+00:00\",\"dateModified\":\"2018-07-12T22:47:51+00:00\",\"mainEntityOfPage\":{\"@id\":\"https:\\\/\\\/www.socialismoobarbarie.org\\\/?p=2610\"},\"wordCount\":958,\"publisher\":{\"@id\":\"https:\\\/\\\/www.socialismoobarbarie.org\\\/#organization\"},\"image\":{\"@id\":\"https:\\\/\\\/www.socialismoobarbarie.org\\\/?p=2610#primaryimage\"},\"thumbnailUrl\":\"https:\\\/\\\/www.socialismoobarbarie.org\\\/wp-content\\\/uploads\\\/2014\\\/06\\\/140605-gestamp-reunion-bauen-690x460.jpg\",\"keywords\":[\"Gestamp\"],\"articleSection\":[\"Am\u00e9rica Latina\",\"Movimiento obrero\"],\"inLanguage\":\"es\"},{\"@type\":\"WebPage\",\"@id\":\"https:\\\/\\\/www.socialismoobarbarie.org\\\/?p=2610\",\"url\":\"https:\\\/\\\/www.socialismoobarbarie.org\\\/?p=2610\",\"name\":\"Reuni\u00f3n en el Bauen de organizaciones obreras, estudiantiles, de DD HH, sociales y pol\u00edticas convoc\u00f3 al acto - Socialismo o Barbarie\",\"isPartOf\":{\"@id\":\"https:\\\/\\\/www.socialismoobarbarie.org\\\/#website\"},\"primaryImageOfPage\":{\"@id\":\"https:\\\/\\\/www.socialismoobarbarie.org\\\/?p=2610#primaryimage\"},\"image\":{\"@id\":\"https:\\\/\\\/www.socialismoobarbarie.org\\\/?p=2610#primaryimage\"},\"thumbnailUrl\":\"https:\\\/\\\/www.socialismoobarbarie.org\\\/wp-content\\\/uploads\\\/2014\\\/06\\\/140605-gestamp-reunion-bauen-690x460.jpg\",\"datePublished\":\"2014-06-05T14:33:45+00:00\",\"dateModified\":\"2018-07-12T22:47:51+00:00\",\"breadcrumb\":{\"@id\":\"https:\\\/\\\/www.socialismoobarbarie.org\\\/?p=2610#breadcrumb\"},\"inLanguage\":\"es\",\"potentialAction\":[{\"@type\":\"ReadAction\",\"target\":[\"https:\\\/\\\/www.socialismoobarbarie.org\\\/?p=2610\"]}]},{\"@type\":\"ImageObject\",\"inLanguage\":\"es\",\"@id\":\"https:\\\/\\\/www.socialismoobarbarie.org\\\/?p=2610#primaryimage\",\"url\":\"https:\\\/\\\/www.socialismoobarbarie.org\\\/wp-content\\\/uploads\\\/2014\\\/06\\\/140605-gestamp-reunion-bauen-690x460.jpg\",\"contentUrl\":\"https:\\\/\\\/www.socialismoobarbarie.org\\\/wp-content\\\/uploads\\\/2014\\\/06\\\/140605-gestamp-reunion-bauen-690x460.jpg\",\"width\":690,\"height\":460},{\"@type\":\"BreadcrumbList\",\"@id\":\"https:\\\/\\\/www.socialismoobarbarie.org\\\/?p=2610#breadcrumb\",\"itemListElement\":[{\"@type\":\"ListItem\",\"position\":1,\"name\":\"Portada\",\"item\":\"https:\\\/\\\/www.socialismoobarbarie.org\\\/\"},{\"@type\":\"ListItem\",\"position\":2,\"name\":\"Reuni\u00f3n en el Bauen de organizaciones obreras, estudiantiles, de DD HH, sociales y pol\u00edticas convoc\u00f3 al acto\"}]},{\"@type\":\"WebSite\",\"@id\":\"https:\\\/\\\/www.socialismoobarbarie.org\\\/#website\",\"url\":\"https:\\\/\\\/www.socialismoobarbarie.org\\\/\",\"name\":\"Socialismo o Barbarie\",\"description\":\"Sitio web de la corriente internacional Socialismo o Barbarie\",\"publisher\":{\"@id\":\"https:\\\/\\\/www.socialismoobarbarie.org\\\/#organization\"},\"potentialAction\":[{\"@type\":\"SearchAction\",\"target\":{\"@type\":\"EntryPoint\",\"urlTemplate\":\"https:\\\/\\\/www.socialismoobarbarie.org\\\/?s={search_term_string}\"},\"query-input\":{\"@type\":\"PropertyValueSpecification\",\"valueRequired\":true,\"valueName\":\"search_term_string\"}}],\"inLanguage\":\"es\"},{\"@type\":\"Organization\",\"@id\":\"https:\\\/\\\/www.socialismoobarbarie.org\\\/#organization\",\"name\":\"Socialismo o Barbarie\",\"url\":\"https:\\\/\\\/www.socialismoobarbarie.org\\\/\",\"logo\":{\"@type\":\"ImageObject\",\"inLanguage\":\"es\",\"@id\":\"https:\\\/\\\/www.socialismoobarbarie.org\\\/#\\\/schema\\\/logo\\\/image\\\/\",\"url\":\"https:\\\/\\\/www.socialismoobarbarie.org\\\/wp-content\\\/uploads\\\/2025\\\/02\\\/soblogoweb-2025.png\",\"contentUrl\":\"https:\\\/\\\/www.socialismoobarbarie.org\\\/wp-content\\\/uploads\\\/2025\\\/02\\\/soblogoweb-2025.png\",\"width\":450,\"height\":161,\"caption\":\"Socialismo o Barbarie\"},\"image\":{\"@id\":\"https:\\\/\\\/www.socialismoobarbarie.org\\\/#\\\/schema\\\/logo\\\/image\\\/\"}},{\"@type\":\"Person\",\"@id\":\"https:\\\/\\\/www.socialismoobarbarie.org\\\/#\\\/schema\\\/person\\\/bc1c3b321d47ed092405949c77e35a8e\",\"name\":\"SOB\",\"url\":\"https:\\\/\\\/www.socialismoobarbarie.org\\\/?author=8\"}]}<\/script>\n<!-- \/ Yoast SEO plugin. -->","yoast_head_json":{"title":"Reuni\u00f3n en el Bauen de organizaciones obreras, estudiantiles, de DD HH, sociales y pol\u00edticas convoc\u00f3 al acto - Socialismo o Barbarie","robots":{"index":"index","follow":"follow","max-snippet":"max-snippet:-1","max-image-preview":"max-image-preview:large","max-video-preview":"max-video-preview:-1"},"canonical":"https:\/\/www.socialismoobarbarie.org\/?p=2610","og_locale":"es_ES","og_type":"article","og_title":"Reuni\u00f3n en el Bauen de organizaciones obreras, estudiantiles, de DD HH, sociales y pol\u00edticas convoc\u00f3 al acto - Socialismo o Barbarie","og_description":"Los trabajadores de Gestamp informamos que hoy mi\u00e9rcoles nos reunimos en el Bauen Hotel recuperado con una cantidad muy grande de organizaciones obreras, estudiantiles, de DD HH, sociales y pol\u00edticas. Comentamos la situaci\u00f3n que estamos viviendo, con la militarizaci\u00f3n de la planta, con la patota del SMATA apretando a nuestros compa\u00f1eros, las puertas todas cerradas, [&hellip;]","og_url":"https:\/\/www.socialismoobarbarie.org\/?p=2610","og_site_name":"Socialismo o Barbarie","article_published_time":"2014-06-05T14:33:45+00:00","article_modified_time":"2018-07-12T22:47:51+00:00","og_image":[{"width":690,"height":460,"url":"https:\/\/www.socialismoobarbarie.org\/wp-content\/uploads\/2014\/06\/140605-gestamp-reunion-bauen-690x460.jpg","type":"image\/jpeg"}],"author":"SOB","twitter_card":"summary_large_image","twitter_misc":{"Escrito por":"SOB","Tiempo de lectura":"5 minutos"},"schema":{"@context":"https:\/\/schema.org","@graph":[{"@type":"Article","@id":"https:\/\/www.socialismoobarbarie.org\/?p=2610#article","isPartOf":{"@id":"https:\/\/www.socialismoobarbarie.org\/?p=2610"},"author":{"name":"SOB","@id":"https:\/\/www.socialismoobarbarie.org\/#\/schema\/person\/bc1c3b321d47ed092405949c77e35a8e"},"headline":"Reuni\u00f3n en el Bauen de organizaciones obreras, estudiantiles, de DD HH, sociales y pol\u00edticas convoc\u00f3 al acto","datePublished":"2014-06-05T14:33:45+00:00","dateModified":"2018-07-12T22:47:51+00:00","mainEntityOfPage":{"@id":"https:\/\/www.socialismoobarbarie.org\/?p=2610"},"wordCount":958,"publisher":{"@id":"https:\/\/www.socialismoobarbarie.org\/#organization"},"image":{"@id":"https:\/\/www.socialismoobarbarie.org\/?p=2610#primaryimage"},"thumbnailUrl":"https:\/\/www.socialismoobarbarie.org\/wp-content\/uploads\/2014\/06\/140605-gestamp-reunion-bauen-690x460.jpg","keywords":["Gestamp"],"articleSection":["Am\u00e9rica Latina","Movimiento obrero"],"inLanguage":"es"},{"@type":"WebPage","@id":"https:\/\/www.socialismoobarbarie.org\/?p=2610","url":"https:\/\/www.socialismoobarbarie.org\/?p=2610","name":"Reuni\u00f3n en el Bauen de organizaciones obreras, estudiantiles, de DD HH, sociales y pol\u00edticas convoc\u00f3 al acto - Socialismo o Barbarie","isPartOf":{"@id":"https:\/\/www.socialismoobarbarie.org\/#website"},"primaryImageOfPage":{"@id":"https:\/\/www.socialismoobarbarie.org\/?p=2610#primaryimage"},"image":{"@id":"https:\/\/www.socialismoobarbarie.org\/?p=2610#primaryimage"},"thumbnailUrl":"https:\/\/www.socialismoobarbarie.org\/wp-content\/uploads\/2014\/06\/140605-gestamp-reunion-bauen-690x460.jpg","datePublished":"2014-06-05T14:33:45+00:00","dateModified":"2018-07-12T22:47:51+00:00","breadcrumb":{"@id":"https:\/\/www.socialismoobarbarie.org\/?p=2610#breadcrumb"},"inLanguage":"es","potentialAction":[{"@type":"ReadAction","target":["https:\/\/www.socialismoobarbarie.org\/?p=2610"]}]},{"@type":"ImageObject","inLanguage":"es","@id":"https:\/\/www.socialismoobarbarie.org\/?p=2610#primaryimage","url":"https:\/\/www.socialismoobarbarie.org\/wp-content\/uploads\/2014\/06\/140605-gestamp-reunion-bauen-690x460.jpg","contentUrl":"https:\/\/www.socialismoobarbarie.org\/wp-content\/uploads\/2014\/06\/140605-gestamp-reunion-bauen-690x460.jpg","width":690,"height":460},{"@type":"BreadcrumbList","@id":"https:\/\/www.socialismoobarbarie.org\/?p=2610#breadcrumb","itemListElement":[{"@type":"ListItem","position":1,"name":"Portada","item":"https:\/\/www.socialismoobarbarie.org\/"},{"@type":"ListItem","position":2,"name":"Reuni\u00f3n en el Bauen de organizaciones obreras, estudiantiles, de DD HH, sociales y pol\u00edticas convoc\u00f3 al acto"}]},{"@type":"WebSite","@id":"https:\/\/www.socialismoobarbarie.org\/#website","url":"https:\/\/www.socialismoobarbarie.org\/","name":"Socialismo o Barbarie","description":"Sitio web de la corriente internacional Socialismo o Barbarie","publisher":{"@id":"https:\/\/www.socialismoobarbarie.org\/#organization"},"potentialAction":[{"@type":"SearchAction","target":{"@type":"EntryPoint","urlTemplate":"https:\/\/www.socialismoobarbarie.org\/?s={search_term_string}"},"query-input":{"@type":"PropertyValueSpecification","valueRequired":true,"valueName":"search_term_string"}}],"inLanguage":"es"},{"@type":"Organization","@id":"https:\/\/www.socialismoobarbarie.org\/#organization","name":"Socialismo o Barbarie","url":"https:\/\/www.socialismoobarbarie.org\/","logo":{"@type":"ImageObject","inLanguage":"es","@id":"https:\/\/www.socialismoobarbarie.org\/#\/schema\/logo\/image\/","url":"https:\/\/www.socialismoobarbarie.org\/wp-content\/uploads\/2025\/02\/soblogoweb-2025.png","contentUrl":"https:\/\/www.socialismoobarbarie.org\/wp-content\/uploads\/2025\/02\/soblogoweb-2025.png","width":450,"height":161,"caption":"Socialismo o Barbarie"},"image":{"@id":"https:\/\/www.socialismoobarbarie.org\/#\/schema\/logo\/image\/"}},{"@type":"Person","@id":"https:\/\/www.socialismoobarbarie.org\/#\/schema\/person\/bc1c3b321d47ed092405949c77e35a8e","name":"SOB","url":"https:\/\/www.socialismoobarbarie.org\/?author=8"}]}},"_links":{"self":[{"href":"https:\/\/www.socialismoobarbarie.org\/index.php?rest_route=\/wp\/v2\/posts\/2610","targetHints":{"allow":["GET"]}}],"collection":[{"href":"https:\/\/www.socialismoobarbarie.org\/index.php?rest_route=\/wp\/v2\/posts"}],"about":[{"href":"https:\/\/www.socialismoobarbarie.org\/index.php?rest_route=\/wp\/v2\/types\/post"}],"author":[{"embeddable":true,"href":"https:\/\/www.socialismoobarbarie.org\/index.php?rest_route=\/wp\/v2\/users\/8"}],"replies":[{"embeddable":true,"href":"https:\/\/www.socialismoobarbarie.org\/index.php?rest_route=%2Fwp%2Fv2%2Fcomments&post=2610"}],"version-history":[{"count":1,"href":"https:\/\/www.socialismoobarbarie.org\/index.php?rest_route=\/wp\/v2\/posts\/2610\/revisions"}],"predecessor-version":[{"id":2611,"href":"https:\/\/www.socialismoobarbarie.org\/index.php?rest_route=\/wp\/v2\/posts\/2610\/revisions\/2611"}],"wp:featuredmedia":[{"embeddable":true,"href":"https:\/\/www.socialismoobarbarie.org\/index.php?rest_route=\/wp\/v2\/media\/2614"}],"wp:attachment":[{"href":"https:\/\/www.socialismoobarbarie.org\/index.php?rest_route=%2Fwp%2Fv2%2Fmedia&parent=2610"}],"wp:term":[{"taxonomy":"category","embeddable":true,"href":"https:\/\/www.socialismoobarbarie.org\/index.php?rest_route=%2Fwp%2Fv2%2Fcategories&post=2610"},{"taxonomy":"post_tag","embeddable":true,"href":"https:\/\/www.socialismoobarbarie.org\/index.php?rest_route=%2Fwp%2Fv2%2Ftags&post=2610"}],"curies":[{"name":"wp","href":"https:\/\/api.w.org\/{rel}","templated":true}]}}