{"id":3094,"date":"2014-08-08T16:38:38","date_gmt":"2014-08-08T19:38:38","guid":{"rendered":"https:\/\/www.socialismoobarbarie.org\/?p=3094"},"modified":"2018-07-12T19:47:50","modified_gmt":"2018-07-12T22:47:50","slug":"lear-redoblar-los-esfuerzos-imponerle-al-gobierno-la-reincorporacion-de-los-delegados","status":"publish","type":"post","link":"https:\/\/www.socialismoobarbarie.org\/?p=3094","title":{"rendered":"LEAR: redoblar los esfuerzos &#8211; Imponerle al gobierno la reincorporaci\u00f3n de los delegados"},"content":{"rendered":"<p style=\"text-align: left;\">.<\/p>\n<p style=\"text-align: left;\">Esta semana los trabajadores continuaron la lucha con la expectativa que el Ministerio de Trabajo cumpla con un nuevo fallo a favor de las reinstalaciones de los delgados, y mande a un veedor para que haga efectivo su ingreso, cosa que al cierre de esta edici\u00f3n no hab\u00eda ocurrido.<\/p>\n<p style=\"text-align: left;\">La semana pasada, el Juzgado del Trabajo de la Capital Federal \u00a0a cargo de la Jueza Mar\u00eda Stella Vulcano dictamin\u00f3, en medio de la feria judicial, que se deje sin efecto la asamblea \u201ctrucha\u201d realizada por el SMATA y le orden\u00f3 al sindicato que restablezca en el cargo a los delegados en un plazo de veinticuatro horas. El fallo del Tribunal dice: \u201cResuelvo: 1- Ordenar al sindicato SMATA <strong>no innovar en el cargo gremial y condici\u00f3n de delegados gremiales<\/strong> de los actores Rub\u00e9n Dar\u00edo Matu, Silvio Dar\u00edo Fanti, Gustavo Daniel Far\u00edas y Gustavo Enrique Troccaioli, suspendi\u00e9ndose los efectos de las resoluciones que habr\u00edan sido tomadas en la asamblea convocada por el consejo directivo nacional del SMATA de fecha 17 de julio de 2014 y hasta tanto no se dicte sentencia en la cuesti\u00f3n de fondo\u201d.<\/p>\n<p style=\"text-align: left;\">Seg\u00fan la sentencia esta deb\u00eda ser cumplida en el plazo de 24 horas por la burocracia sindical bajo apercibimiento de aplic\u00e1rsele una multa de dos mil pesos por cada trabajador y por cada d\u00eda de incumplimiento.<\/p>\n<p style=\"text-align: left;\">Tambi\u00e9n orden\u00f3 que las reinstalaciones deben efectivizarse a trav\u00e9s del Ministerio de Trabajo y que este puede usar la fuerza p\u00fablica.<\/p>\n<p style=\"text-align: left;\">El lunes 4 el Ministerio de Trabajo informa en un comunicado de Prensa que: \u201c1) Desde el principio ha intervenido en este conflicto en el marco de sus facultades, incluso desestimando el Procedimiento Preventivo de Crisis pedido por Lear, porque la empresa no acredit\u00f3 la situaci\u00f3n de crisis, quedando invalidadas las suspensiones y despidos que se hubieran implementado invocando dicha causa.<\/p>\n<p style=\"text-align: left;\">2) Frente a los posteriores despidos, este Ministerio convoc\u00f3 a las partes (al SMATA y a la empresa), a sucesivas audiencias para lograr la reincorporaci\u00f3n de los trabajadores.<\/p>\n<p style=\"text-align: left;\">3) Se deja constancia que el Ministerio de Trabajo, no ha emitido ninguna Resoluci\u00f3n convalidando la legalidad de la Asamblea efectuada para la revocaci\u00f3n del mandato de los delegados.<\/p>\n<p style=\"text-align: left;\">4) Como surge de las actas, exhort\u00f3 a las partes \u201ca avanzar en la normalizaci\u00f3n del empleo en la Empresa, as\u00ed como garantizar el pleno respeto de la ley N\u00b0 23.551 de Asociaciones Sindicales, con el fin de resolver en forma definitiva el conflicto.\u201d Principio que seguimos sosteniendo.<\/p>\n<p style=\"text-align: left;\">5) A la fecha, como resultado de las gestiones realizadas, hay 61 trabajadores reincorporados y 123 han decidido retirarse.<\/p>\n<p style=\"text-align: left;\">6) Con relaci\u00f3n a los delegados, estos han recurrido a la Justicia, la que ha dictaminado su reingreso y encomendado \u2013el d\u00eda viernes 1\u00b0 a la tarde\u2013 al Ministerio de Trabajo, el cumplimiento de la manda de acompa\u00f1ar al delegado. Acatando de inmediato el fallo, este Ministerio en el d\u00eda de la fecha, procedi\u00f3 a designar los funcionarios competentes y solicit\u00f3 el libramiento del mandamiento correspondiente, donde deber\u00e1 consignarse expresamente el auxilio de la fuerza p\u00fablica para el resguardo de la integridad f\u00edsica de los funcionarios y trabajadores.\u201d<\/p>\n<p style=\"text-align: left;\">Seg\u00fan el Ministerio son m\u00e1s buenos que \u201cLassie\u201d y siempre actuaron a favor de los trabajadores. Nada m\u00e1s lejano de la verdad.<\/p>\n<p style=\"text-align: left;\"><strong>El SMATA y el gobierno: un solo coraz\u00f3n<\/strong><\/p>\n<p style=\"text-align: left;\">El gobierno nacional est\u00e1 aplicando un brutal ajuste a los trabajadores en general pero en el SMATA adquiere la particularidad de una ofensiva contra los delegados independientes, este ataque de la burocracia de Pignanelli tiene pleno acuerdo del gobierno nacional y provincial.<\/p>\n<p style=\"text-align: left;\">Recordemos que en el conflicto de Gestamp el ministerio de Trabajo de provincia lleg\u00f3 al bochorno de hacer la maniobra escandalosa de revocar la conciliaci\u00f3n obligatoria dictada por ellos mismo unos d\u00edas antes. <strong>Tomada puede cuidar m\u00e1s las formas pero el contenido es el mismo: ayudar a la empresa y al SMATA a que pasen los despidos y la revocatoria de los delegados.<\/strong><\/p>\n<p style=\"text-align: left;\">En el comunicado del Ministerio, que reproducimos completo, lo que no dice Tomada es por qu\u00e9 despu\u00e9s de casi dos meses de una lucha que es p\u00fablica y notaria, no dict\u00f3 la conciliaci\u00f3n obligatoria y en los hechos mantiene la situaci\u00f3n como un conflicto pluri individual, es decir, no como lo que es: un conflicto colectivo.<\/p>\n<p style=\"text-align: left;\">El ministerio es una parte fundamental de la pol\u00edtica de la empresa y el SMATA de llevar a los compa\u00f1eros al arreglo econ\u00f3mico individual y de llevar a la lucha a la larga apostando al desgaste y la desmoralizaci\u00f3n de los compa\u00f1eros.<\/p>\n<p style=\"text-align: left;\">En relaci\u00f3n a los delegados tambi\u00e9n la pol\u00edtica es dejar que el SMATA descabece a la interna. Recordemos que antes de este fallo, hace m\u00e1s de un mes los delegados tienen medidas cautelares a su favor y que jam\u00e1s hizo nada para que se cumplan.<\/p>\n<p style=\"text-align: left;\">M\u00e1s aun el ministerio en el punto dos reconoce que convoc\u00f3 a las partes (empresa y SMATA) pero no convoco a la comisi\u00f3n interna, una cuesti\u00f3n democr\u00e1tica elemental, es decir, recibir en el mismo acto a la parte que directamente es afectada. <strong>Tomada cuida las formas pero est\u00e1n buitre como Lear.<\/strong><\/p>\n<p style=\"text-align: left;\"><strong>Imponerle al gobierno que reingresen los delegados<\/strong><\/p>\n<p style=\"text-align: left;\">Lograr efectivamente que entren los delegados seria un importante logro de la lucha pero para lograrlo hay que impon\u00e9rselo al gobierno que no s\u00f3lo es parte de la pol\u00edtica de la Verde y la empresa sino que se hace el distra\u00eddo y mira para otro lado cuando los fallos no le gustan, m\u00e1s debe ayudar al SMATA hacer las apelaciones. Por eso mientras se sigue con el fondo de lucha, mientras se sigue trabajando con los compa\u00f1eros de adentro para unir a los despedidos con los no despedidos, hay que empezar a preparar una gran marcha plaza de Mayo de todos las luchas y encabezada por los compa\u00f1eros de Lear para apuntarle y responsabilizar al Gobierno de Cristina sobre los despedidos, las suspensiones, la represi\u00f3n y el ataque a las comisiones internas y delegados independientes.<\/p>\n","protected":false},"excerpt":{"rendered":"<p>. Esta semana los trabajadores continuaron la lucha con la expectativa que el Ministerio de Trabajo cumpla con un nuevo fallo a favor de las reinstalaciones de los delgados, y mande a un veedor para que haga efectivo su ingreso, cosa que al cierre de esta edici\u00f3n no hab\u00eda ocurrido. La semana pasada, el Juzgado [&hellip;]<\/p>\n","protected":false},"author":8,"featured_media":0,"comment_status":"closed","ping_status":"closed","sticky":false,"template":"","format":"standard","meta":{"footnotes":""},"categories":[122,14],"tags":[1360],"class_list":{"0":"post-3094","1":"post","2":"type-post","3":"status-publish","4":"format-standard","6":"category-america-latina-y-el-caribe","7":"category-movimiento-obrero","8":"tag-rodolfo-torres"},"yoast_head":"<!-- This site is optimized with the Yoast SEO plugin v28.2 - https:\/\/yoast.com\/product\/yoast-seo-wordpress\/ -->\n<title>LEAR: redoblar los esfuerzos - Imponerle al gobierno la reincorporaci\u00f3n de los delegados - Socialismo o Barbarie<\/title>\n<meta name=\"robots\" content=\"index, follow, max-snippet:-1, max-image-preview:large, max-video-preview:-1\" \/>\n<link rel=\"canonical\" href=\"https:\/\/www.socialismoobarbarie.org\/?p=3094\" \/>\n<meta property=\"og:locale\" content=\"es_ES\" \/>\n<meta property=\"og:type\" content=\"article\" \/>\n<meta property=\"og:title\" content=\"LEAR: redoblar los esfuerzos - Imponerle al gobierno la reincorporaci\u00f3n de los delegados - Socialismo o Barbarie\" \/>\n<meta property=\"og:description\" content=\". Esta semana los trabajadores continuaron la lucha con la expectativa que el Ministerio de Trabajo cumpla con un nuevo fallo a favor de las reinstalaciones de los delgados, y mande a un veedor para que haga efectivo su ingreso, cosa que al cierre de esta edici\u00f3n no hab\u00eda ocurrido. La semana pasada, el Juzgado [&hellip;]\" \/>\n<meta property=\"og:url\" content=\"https:\/\/www.socialismoobarbarie.org\/?p=3094\" \/>\n<meta property=\"og:site_name\" content=\"Socialismo o Barbarie\" \/>\n<meta property=\"article:published_time\" content=\"2014-08-08T19:38:38+00:00\" \/>\n<meta property=\"article:modified_time\" content=\"2018-07-12T22:47:50+00:00\" \/>\n<meta property=\"og:image\" content=\"https:\/\/www.socialismoobarbarie.org\/wp-content\/uploads\/2025\/03\/logo-color-sob.png\" \/>\n\t<meta property=\"og:image:width\" content=\"358\" \/>\n\t<meta property=\"og:image:height\" content=\"128\" \/>\n\t<meta property=\"og:image:type\" content=\"image\/png\" \/>\n<meta name=\"author\" content=\"SOB\" \/>\n<meta name=\"twitter:card\" content=\"summary_large_image\" \/>\n<meta name=\"twitter:label1\" content=\"Escrito por\" \/>\n\t<meta name=\"twitter:data1\" content=\"SOB\" \/>\n\t<meta name=\"twitter:label2\" content=\"Tiempo de lectura\" \/>\n\t<meta name=\"twitter:data2\" content=\"5 minutos\" \/>\n<script type=\"application\/ld+json\" class=\"yoast-schema-graph\">{\"@context\":\"https:\\\/\\\/schema.org\",\"@graph\":[{\"@type\":\"Article\",\"@id\":\"https:\\\/\\\/www.socialismoobarbarie.org\\\/?p=3094#article\",\"isPartOf\":{\"@id\":\"https:\\\/\\\/www.socialismoobarbarie.org\\\/?p=3094\"},\"author\":{\"name\":\"SOB\",\"@id\":\"https:\\\/\\\/www.socialismoobarbarie.org\\\/#\\\/schema\\\/person\\\/bc1c3b321d47ed092405949c77e35a8e\"},\"headline\":\"LEAR: redoblar los esfuerzos &#8211; Imponerle al gobierno la reincorporaci\u00f3n de los delegados\",\"datePublished\":\"2014-08-08T19:38:38+00:00\",\"dateModified\":\"2018-07-12T22:47:50+00:00\",\"mainEntityOfPage\":{\"@id\":\"https:\\\/\\\/www.socialismoobarbarie.org\\\/?p=3094\"},\"wordCount\":1048,\"publisher\":{\"@id\":\"https:\\\/\\\/www.socialismoobarbarie.org\\\/#organization\"},\"keywords\":[\"Rodolfo Torres\"],\"articleSection\":[\"Am\u00e9rica Latina\",\"Movimiento obrero\"],\"inLanguage\":\"es\"},{\"@type\":\"WebPage\",\"@id\":\"https:\\\/\\\/www.socialismoobarbarie.org\\\/?p=3094\",\"url\":\"https:\\\/\\\/www.socialismoobarbarie.org\\\/?p=3094\",\"name\":\"LEAR: redoblar los esfuerzos - Imponerle al gobierno la reincorporaci\u00f3n de los delegados - Socialismo o Barbarie\",\"isPartOf\":{\"@id\":\"https:\\\/\\\/www.socialismoobarbarie.org\\\/#website\"},\"datePublished\":\"2014-08-08T19:38:38+00:00\",\"dateModified\":\"2018-07-12T22:47:50+00:00\",\"breadcrumb\":{\"@id\":\"https:\\\/\\\/www.socialismoobarbarie.org\\\/?p=3094#breadcrumb\"},\"inLanguage\":\"es\",\"potentialAction\":[{\"@type\":\"ReadAction\",\"target\":[\"https:\\\/\\\/www.socialismoobarbarie.org\\\/?p=3094\"]}]},{\"@type\":\"BreadcrumbList\",\"@id\":\"https:\\\/\\\/www.socialismoobarbarie.org\\\/?p=3094#breadcrumb\",\"itemListElement\":[{\"@type\":\"ListItem\",\"position\":1,\"name\":\"Portada\",\"item\":\"https:\\\/\\\/www.socialismoobarbarie.org\\\/\"},{\"@type\":\"ListItem\",\"position\":2,\"name\":\"LEAR: redoblar los esfuerzos &#8211; Imponerle al gobierno la reincorporaci\u00f3n de los delegados\"}]},{\"@type\":\"WebSite\",\"@id\":\"https:\\\/\\\/www.socialismoobarbarie.org\\\/#website\",\"url\":\"https:\\\/\\\/www.socialismoobarbarie.org\\\/\",\"name\":\"Socialismo o Barbarie\",\"description\":\"Sitio web de la corriente internacional Socialismo o Barbarie\",\"publisher\":{\"@id\":\"https:\\\/\\\/www.socialismoobarbarie.org\\\/#organization\"},\"potentialAction\":[{\"@type\":\"SearchAction\",\"target\":{\"@type\":\"EntryPoint\",\"urlTemplate\":\"https:\\\/\\\/www.socialismoobarbarie.org\\\/?s={search_term_string}\"},\"query-input\":{\"@type\":\"PropertyValueSpecification\",\"valueRequired\":true,\"valueName\":\"search_term_string\"}}],\"inLanguage\":\"es\"},{\"@type\":\"Organization\",\"@id\":\"https:\\\/\\\/www.socialismoobarbarie.org\\\/#organization\",\"name\":\"Socialismo o Barbarie\",\"url\":\"https:\\\/\\\/www.socialismoobarbarie.org\\\/\",\"logo\":{\"@type\":\"ImageObject\",\"inLanguage\":\"es\",\"@id\":\"https:\\\/\\\/www.socialismoobarbarie.org\\\/#\\\/schema\\\/logo\\\/image\\\/\",\"url\":\"https:\\\/\\\/www.socialismoobarbarie.org\\\/wp-content\\\/uploads\\\/2025\\\/02\\\/soblogoweb-2025.png\",\"contentUrl\":\"https:\\\/\\\/www.socialismoobarbarie.org\\\/wp-content\\\/uploads\\\/2025\\\/02\\\/soblogoweb-2025.png\",\"width\":450,\"height\":161,\"caption\":\"Socialismo o Barbarie\"},\"image\":{\"@id\":\"https:\\\/\\\/www.socialismoobarbarie.org\\\/#\\\/schema\\\/logo\\\/image\\\/\"}},{\"@type\":\"Person\",\"@id\":\"https:\\\/\\\/www.socialismoobarbarie.org\\\/#\\\/schema\\\/person\\\/bc1c3b321d47ed092405949c77e35a8e\",\"name\":\"SOB\",\"url\":\"https:\\\/\\\/www.socialismoobarbarie.org\\\/?author=8\"}]}<\/script>\n<!-- \/ Yoast SEO plugin. -->","yoast_head_json":{"title":"LEAR: redoblar los esfuerzos - Imponerle al gobierno la reincorporaci\u00f3n de los delegados - Socialismo o Barbarie","robots":{"index":"index","follow":"follow","max-snippet":"max-snippet:-1","max-image-preview":"max-image-preview:large","max-video-preview":"max-video-preview:-1"},"canonical":"https:\/\/www.socialismoobarbarie.org\/?p=3094","og_locale":"es_ES","og_type":"article","og_title":"LEAR: redoblar los esfuerzos - Imponerle al gobierno la reincorporaci\u00f3n de los delegados - Socialismo o Barbarie","og_description":". Esta semana los trabajadores continuaron la lucha con la expectativa que el Ministerio de Trabajo cumpla con un nuevo fallo a favor de las reinstalaciones de los delgados, y mande a un veedor para que haga efectivo su ingreso, cosa que al cierre de esta edici\u00f3n no hab\u00eda ocurrido. La semana pasada, el Juzgado [&hellip;]","og_url":"https:\/\/www.socialismoobarbarie.org\/?p=3094","og_site_name":"Socialismo o Barbarie","article_published_time":"2014-08-08T19:38:38+00:00","article_modified_time":"2018-07-12T22:47:50+00:00","og_image":[{"width":358,"height":128,"url":"https:\/\/www.socialismoobarbarie.org\/wp-content\/uploads\/2025\/03\/logo-color-sob.png","type":"image\/png"}],"author":"SOB","twitter_card":"summary_large_image","twitter_misc":{"Escrito por":"SOB","Tiempo de lectura":"5 minutos"},"schema":{"@context":"https:\/\/schema.org","@graph":[{"@type":"Article","@id":"https:\/\/www.socialismoobarbarie.org\/?p=3094#article","isPartOf":{"@id":"https:\/\/www.socialismoobarbarie.org\/?p=3094"},"author":{"name":"SOB","@id":"https:\/\/www.socialismoobarbarie.org\/#\/schema\/person\/bc1c3b321d47ed092405949c77e35a8e"},"headline":"LEAR: redoblar los esfuerzos &#8211; Imponerle al gobierno la reincorporaci\u00f3n de los delegados","datePublished":"2014-08-08T19:38:38+00:00","dateModified":"2018-07-12T22:47:50+00:00","mainEntityOfPage":{"@id":"https:\/\/www.socialismoobarbarie.org\/?p=3094"},"wordCount":1048,"publisher":{"@id":"https:\/\/www.socialismoobarbarie.org\/#organization"},"keywords":["Rodolfo Torres"],"articleSection":["Am\u00e9rica Latina","Movimiento obrero"],"inLanguage":"es"},{"@type":"WebPage","@id":"https:\/\/www.socialismoobarbarie.org\/?p=3094","url":"https:\/\/www.socialismoobarbarie.org\/?p=3094","name":"LEAR: redoblar los esfuerzos - Imponerle al gobierno la reincorporaci\u00f3n de los delegados - Socialismo o Barbarie","isPartOf":{"@id":"https:\/\/www.socialismoobarbarie.org\/#website"},"datePublished":"2014-08-08T19:38:38+00:00","dateModified":"2018-07-12T22:47:50+00:00","breadcrumb":{"@id":"https:\/\/www.socialismoobarbarie.org\/?p=3094#breadcrumb"},"inLanguage":"es","potentialAction":[{"@type":"ReadAction","target":["https:\/\/www.socialismoobarbarie.org\/?p=3094"]}]},{"@type":"BreadcrumbList","@id":"https:\/\/www.socialismoobarbarie.org\/?p=3094#breadcrumb","itemListElement":[{"@type":"ListItem","position":1,"name":"Portada","item":"https:\/\/www.socialismoobarbarie.org\/"},{"@type":"ListItem","position":2,"name":"LEAR: redoblar los esfuerzos &#8211; Imponerle al gobierno la reincorporaci\u00f3n de los delegados"}]},{"@type":"WebSite","@id":"https:\/\/www.socialismoobarbarie.org\/#website","url":"https:\/\/www.socialismoobarbarie.org\/","name":"Socialismo o Barbarie","description":"Sitio web de la corriente internacional Socialismo o Barbarie","publisher":{"@id":"https:\/\/www.socialismoobarbarie.org\/#organization"},"potentialAction":[{"@type":"SearchAction","target":{"@type":"EntryPoint","urlTemplate":"https:\/\/www.socialismoobarbarie.org\/?s={search_term_string}"},"query-input":{"@type":"PropertyValueSpecification","valueRequired":true,"valueName":"search_term_string"}}],"inLanguage":"es"},{"@type":"Organization","@id":"https:\/\/www.socialismoobarbarie.org\/#organization","name":"Socialismo o Barbarie","url":"https:\/\/www.socialismoobarbarie.org\/","logo":{"@type":"ImageObject","inLanguage":"es","@id":"https:\/\/www.socialismoobarbarie.org\/#\/schema\/logo\/image\/","url":"https:\/\/www.socialismoobarbarie.org\/wp-content\/uploads\/2025\/02\/soblogoweb-2025.png","contentUrl":"https:\/\/www.socialismoobarbarie.org\/wp-content\/uploads\/2025\/02\/soblogoweb-2025.png","width":450,"height":161,"caption":"Socialismo o Barbarie"},"image":{"@id":"https:\/\/www.socialismoobarbarie.org\/#\/schema\/logo\/image\/"}},{"@type":"Person","@id":"https:\/\/www.socialismoobarbarie.org\/#\/schema\/person\/bc1c3b321d47ed092405949c77e35a8e","name":"SOB","url":"https:\/\/www.socialismoobarbarie.org\/?author=8"}]}},"_links":{"self":[{"href":"https:\/\/www.socialismoobarbarie.org\/index.php?rest_route=\/wp\/v2\/posts\/3094","targetHints":{"allow":["GET"]}}],"collection":[{"href":"https:\/\/www.socialismoobarbarie.org\/index.php?rest_route=\/wp\/v2\/posts"}],"about":[{"href":"https:\/\/www.socialismoobarbarie.org\/index.php?rest_route=\/wp\/v2\/types\/post"}],"author":[{"embeddable":true,"href":"https:\/\/www.socialismoobarbarie.org\/index.php?rest_route=\/wp\/v2\/users\/8"}],"replies":[{"embeddable":true,"href":"https:\/\/www.socialismoobarbarie.org\/index.php?rest_route=%2Fwp%2Fv2%2Fcomments&post=3094"}],"version-history":[{"count":3,"href":"https:\/\/www.socialismoobarbarie.org\/index.php?rest_route=\/wp\/v2\/posts\/3094\/revisions"}],"predecessor-version":[{"id":3097,"href":"https:\/\/www.socialismoobarbarie.org\/index.php?rest_route=\/wp\/v2\/posts\/3094\/revisions\/3097"}],"wp:attachment":[{"href":"https:\/\/www.socialismoobarbarie.org\/index.php?rest_route=%2Fwp%2Fv2%2Fmedia&parent=3094"}],"wp:term":[{"taxonomy":"category","embeddable":true,"href":"https:\/\/www.socialismoobarbarie.org\/index.php?rest_route=%2Fwp%2Fv2%2Fcategories&post=3094"},{"taxonomy":"post_tag","embeddable":true,"href":"https:\/\/www.socialismoobarbarie.org\/index.php?rest_route=%2Fwp%2Fv2%2Ftags&post=3094"}],"curies":[{"name":"wp","href":"https:\/\/api.w.org\/{rel}","templated":true}]}}