{"id":3283,"date":"2014-09-06T14:11:04","date_gmt":"2014-09-06T23:11:04","guid":{"rendered":"https:\/\/www.socialismoobarbarie.org\/?p=3283"},"modified":"2015-03-31T12:13:32","modified_gmt":"2015-03-31T21:13:32","slug":"argentine-28-aout-importante-greve-generale","status":"publish","type":"post","link":"https:\/\/www.socialismoobarbarie.org\/?p=3283","title":{"rendered":"[Argentine] 28 Aout &#8211; Importante gr\u00e8ve g\u00e9n\u00e9rale"},"content":{"rendered":"<p style=\"text-align: justify;\"><b><i>Au moment d\u2019\u00e9crire cette \u00e9ditoriale, la troisi\u00e8me gr\u00e8ve g\u00e9n\u00e9rale contre le gouvernement est en train de se d\u00e9rouler. La gr\u00e8ve a \u00e9t\u00e9 tr\u00e8s suivie. La grande majorit\u00e9 n\u2019est pas all\u00e9e travailler. Il y a des bus, mais ils circulent vides. La trahison du syndicat des chauffeurs de bus (qui n\u2019a pas appel\u00e9 \u00e0 la gr\u00e8ve), n\u2019a pas eu d\u2019effets. Les rues semblent celles d&#8217;un dimanche. La raison de fond de la force de gr\u00e8ve est \u00e9vidente : la col\u00e8re grandissante des travailleurs due \u00e0 la d\u00e9t\u00e9rioration \u00e9conomique croissante.<\/i><\/b><b>\u00a0<\/b><\/p>\n<p style=\"text-align: justify;\">Les prix flambent, les salaires ne couvrent rien. Le ch\u00f4mage technique et les licenciements semultiplient. Et le prix du dollar \u00ab\u00a0parall\u00e8le\u00a0\u00bb (c\u2019est-\u00e0-dire, dans le march\u00e9 noir) est mont\u00e9 jusqu\u2019\u00e0 14 pesos. La question qui se pose est comment vont continuer les choses, de quel c\u00f4t\u00e9 va basculer la situation \u00e9conomique. Cela d\u00e9pend en grande mesure de si le gouvernement r\u00e9ussit \u00e0 avoir une situation \u00e9conomique plus calme. <b>Parce que sinon on pourrait revoir une crise g\u00e9n\u00e9rale comme celle du d\u00e9but de l&#8217;ann\u00e9e.<\/b><\/p>\n<p style=\"text-align: justify;\">L&#8217;autre point important est que la gauche a encore une r\u00e9alis\u00e9 des piquets de gr\u00e8ve r\u00e9ussis. Notre parti a eu un r\u00f4le d&#8217;avant-garde dans les deux les plus importants : Panamericana et Henry Ford (au c\u0153ur de la zone industrielle du nord de Buenos Aires)\u00a0 et le Pont Pueyrredon (qui lie la Capitale avec la banlieue sud)\u00a0: au total, nous avons particip\u00e9 \u00e0 plus d&#8217;une dizaine de piquets de gr\u00e8ve dans tout le pays<a id=\"ref1\" title=\"\" href=\"#f1\">\u00a0[1]<\/a>. Les piquets ont \u00e9t\u00e9 un peu moins \u00ab chauds \u00bb que dans la journ\u00e9e du 10 avril, o\u00f9 le gouvernement a essay\u00e9 sans succ\u00e8s d\u2019emp\u00eacher le piquet de Panamericana.<\/p>\n<p style=\"text-align: justify;\">Habilement et voyant que la situation \u00e9tait tendue, il a \u00e9vit\u00e9 toute polarisation. Il a seulement lutt\u00e9 un peu quand on a mont\u00e9 dans le Pont Pueyrred\u00f3n, mais sans conviction. Il a plut\u00f4t essay\u00e9 \u00e0 passer tranquillement la journ\u00e9e.<\/p>\n<p style=\"text-align: justify;\">Le fait que les bus fonctionnent et que les gens ne sortent pas de chez eux a fait que l&#8217;effet des piquets soit, en tout cas, un peu moins important. Et pourtant les m\u00e9dias ont remarqu\u00e9 la \u00ab gr\u00e8ve de Moyano, Barrionuevo, Micheli<a id=\"ref1\" title=\"\" href=\"#f1\">\u00a0<\/a>et la gauche <a id=\"ref2\" title=\"\" href=\"#f2\">\u00a0[2]\u00a0<\/a>\u00bb, ce qui rend compte de son r\u00f4le croissant, syndical et\u00a0 politique, dans la r\u00e9alit\u00e9 politique du pays.<b>\u00a0<\/b><\/p>\n<p style=\"text-align: justify;\"><span style=\"font-size: medium;\"><b>Le pari de Moyano<\/b><\/span><\/p>\n<p style=\"text-align: justify;\"><span style=\"font-size: small;\">En tout cas, on peut dire qu\u2019il n\u2019y a pas eu de grands d\u00e9bordements : la gr\u00e8ve a \u00e9t\u00e9 contr\u00f4l\u00e9e, malgr\u00e9 les piquets r\u00e9alis\u00e9s. Puisque Moyano a agi intelligemment pour \u00e9viter que la gr\u00e8ve ne soit pas chaude. Apr\u00e8s avoir fait semblant de l\u2019appeler pendant des mois, il a appel\u00e9 \u00e0 la gr\u00e8ve en essayant que celle-ci soit le plus \u00ab\u00a0froide\u00a0\u00bb possible : entre l&#8217;appel \u00e0 la gr\u00e8ve et de sa r\u00e9alisation, il ne s\u2019est pass\u00e9 qu\u2019une semaine.\u00a0<\/span><\/p>\n<p style=\"text-align: justify;\"><span style=\"font-size: small;\">Il a eu le probl\u00e8me &#8211; pas du tout pr\u00e9vu &#8211; que le Syndicat des Chauffeurs a enfin refus\u00e9 d\u2019appeler \u00e0 la gr\u00e8ve. L&#8217;argument du dirigeant de ce syndicat a \u00e9t\u00e9 que \u00ab ce n&#8217;\u00e9tait pas le moment pour une gr\u00e8ve g\u00e9n\u00e9rale\u00a0\u00bb, avec l\u2019excuse de la bagarre contre les \u00ab\u00a0fonds vautours\u00a0\u00bb.\u00a0<\/span><\/p>\n<p style=\"text-align: justify;\">Malgr\u00e9 cela, la gr\u00e8ve a \u00e9t\u00e9 <b>tr\u00e8s importante et suivie<\/b>, parce que la situation \u00e9conomique s&#8217;est d\u00e9t\u00e9rior\u00e9e, parce que l\u2019aust\u00e9rit\u00e9 impose ses effets, parce la gr\u00e8ve se r\u00e9alise sur la base d\u2019une situation pr\u00e9existante de d\u00e9sillusion de larges secteurs avec le gouvernement ; d\u00e9sillusion qui s\u2019est agrandi tout au long de l\u2019ann\u00e9e, au-del\u00e0 d&#8217;une certaine remont\u00e9e dans la popularit\u00e9 de Cristina en juillet ; popularit\u00e9 qui pourrait maintenant avoir atteint \u00e0 nouveau un plafond et commencer \u00e0 s\u2019effriter.<\/p>\n<p style=\"text-align: justify;\">En donnant si peu de temps pour le pr\u00e9parer, cependant, Moyano a essay\u00e9 (et en grande partie r\u00e9ussi), <b>de faire la gr\u00e8ve la plus passive possible<\/b>. Ceci afin de ne pas \u00eatre contraint d\u2019appeler des nouvelles gr\u00e8ves, de ne pas faire que la gr\u00e8ve ait l\u2019effet &#8211; ne pas voulu pour lui \u2013 de d\u00e9border le calendrier \u00e9lectoral ou de d\u00e9stabiliser la situation plus largement.<\/p>\n<p style=\"text-align: justify;\">C&#8217;est l\u00e0 o\u00f9 nous pouvons essayer une comparaison de cette gr\u00e8ve g\u00e9n\u00e9rale avec les deux pr\u00e9c\u00e9dentes. Nous pourrions dire qu\u2019elle a \u00e9t\u00e9 un point <b>interm\u00e9diaire<\/b> entre le 10 Avril et le 20 Novembre. Au sujet d&#8217;avril dernier, nous pensons qu\u2019elle a \u00e9t\u00e9 un peu moins forte, moins \u00ab chaude \u00bb que cette derni\u00e8re dans la mesure o\u00f9 la gr\u00e8ve d\u2019avril a \u00e9t\u00e9 r\u00e9alis\u00e9e au d\u00e9but des attaques brutales du gouvernement, lorsque il n\u2019\u00e9tait pas s\u00fbr que ces attaques s\u2019imposeraient ; le climat politique g\u00e9n\u00e9ral \u00e9tait tendu d\u2019une fa\u00e7on plus profonde qu\u2019aujourd\u2019hui (bien qu&#8217;il pourrait bient\u00f4t devenir critique avec le d\u00e9veloppement de la crise).<\/p>\n<p style=\"text-align: justify;\">Par rapport au 20 novembre 2012, n&#8217;oublions pas que c&#8217;\u00e9tait la gr\u00e8ve g\u00e9n\u00e9rale contre le gouvernement Kirchner. Mais en quelque sorte sa r\u00e9ussite a \u00e9t\u00e9 plus <b>in\u00e9gale<\/b>, bien qu&#8217;avec l\u2019\u00e9l\u00e9ment qu\u2019il y a eu, pour la premi\u00e8re fois, les piquets de gr\u00e8ve de la gauche, en modifiant en partie, plus ou moins \u00ab symboliquement \u00bb, le caract\u00e8re passif des gr\u00e8ves de la CGT.<\/p>\n<p style=\"text-align: justify;\">Cela ne veut pas dire que la gr\u00e8ve d&#8217;aujourd&#8217;hui n\u2019ait pas eu des situations in\u00e9gales. Il a \u00e9t\u00e9 tr\u00e8s fort dans les syndicats qui y appelaient, ainsi que dans les usines d\u2019assemblage automobile de la r\u00e9gion Nord du grand Buenos Aires et de Cordoba (la plupart d&#8217;entre elles ont suspendu l\u2019activit\u00e9 ou ont donn\u00e9 un jour de \u00ab repos \u00bb puisque l\u2019organisation de travail \u2018just in time\u2019 fait qu\u2019ils perdent plus d&#8217;argent s\u2019ils travaillent irr\u00e9guli\u00e8rement que s\u2019ils ne produisent pas), et dans le syndicat de l\u2019agroalimentaire au niveau national. Toutefois, il a \u00e9t\u00e9 plus parmi les m\u00e9tallos. Beaucoup d\u2019usines de sous-traitance de l\u2019automobile ont travaill\u00e9 normalement. Valeo \u00e0 C\u00f3rdoba, qui vient de r\u00e9aliser des luttes importantes, a travaill\u00e9. Situation identique \u00e0 Materfer, o\u00f9 la bureaucratie syndicale avait appel\u00e9 \u00e0 des actions contre les licenciements. Dans la fabrication de pneus, la bureaucratie kirchneriste de Pedro Wasiejko a appel\u00e9 \u00e0 travailler. Mais en Fate, l\u2019usine la plus importante de pneus du pays, la grande majorit\u00e9 des travailleurs a fait gr\u00e8ve.<\/p>\n<p style=\"text-align: justify;\">Moyano et Barrionuevo disent qu&#8217;encore une fois \u00ab ils vont donner au gouvernement le temps de r\u00e9pondre \u00bb. Mais ils savent que Cristina <b>ne r\u00e9pondra rien<\/b>. Et le gouvernement sait aussi que Moyano n\u2019ira pas plus loin&#8230;<b>\u00a0<\/b><\/p>\n<p style=\"text-align: justify;\">De toute fa\u00e7on, la dynamique g\u00e9n\u00e9rale de la situation ne d\u00e9pendra pas de ce que veut Moyano. M\u00eame pas de ce qui veut le gouvernement. <b>Le rythme des choses d\u00e9pendra du cours l&#8217;\u00e9conomie qui, en ce moment, semble entrer dans une nouvelle spirale de crise.<\/b><b>\u00a0<\/b><\/p>\n<p style=\"text-align: justify;\"><span style=\"font-size: medium;\"><b>Micheli soutient l\u2019opposition de droite<\/b>\u00a0<\/span><\/p>\n<p style=\"text-align: justify;\"><span style=\"font-size: small;\">D&#8217;autre part le michelismo a pr\u00e9par\u00e9 la mobilisation du 27 mais n\u2019a pas \u00e9t\u00e9 pr\u00e9sent dans les piquets du 28. La CCC (mao\u00efstes) et le MST, tr\u00e8s faibles pendant les piquets le jour de la gr\u00e8ve, sont all\u00e9 \u00e0 la remorque dans la mobilisation du 27, \u00e0 laquelle s\u2019est joint, \u00e0 tort \u00e0 notre avis, le PO. Une mobilisation politiquement <b>confuse<\/b> pour dire le moins.\u00a0<\/span><\/p>\n<p style=\"text-align: justify;\"><span style=\"font-size: small;\">Puisqu&#8217;une mobilisation effectu\u00e9e la veille de la gr\u00e8ve g\u00e9n\u00e9rale, centr\u00e9e sur le Congr\u00e8s et non \u00e0 la Plaza de Mayo (o\u00f9 se trouve le Palais Pr\u00e9sidentiel) et en cr\u00e9ant l&#8217;illusion que de la main d&#8217;opposition de droite on pourrait avoir des r\u00e9ponses pour les travailleurs\u00a0 (l&#8217;interdiction du ch\u00f4mage technique et des licenciements pendant un an, l&#8217;\u00e9limination de l&#8217;imp\u00f4t sur le revenu&#8230;), ne peut \u00eatre d\u00e9finie que comme une op\u00e9ration opportuniste qui cherche \u00e0 abandonner l&#8217;ind\u00e9pendance politique des travailleurs. Au lieu de mettre l&#8217;accent sur la confiance dans l&#8217;action directe des travailleurs, les solutions vendraient d\u2019une sorte de \u00ab\u00a0lutte parlementaire\u00a0\u00bb de l\u2019opposition de droite. Un exemple de ceci est l\u2019illusion cr\u00e9\u00e9e par Micheli dans son discours en disant que \u00ab\u00a0comme le gouvernement serait sur le point de perdre sa majorit\u00e9 parlementaire, l&#8217;opposition aurait la possibilit\u00e9 de voter des lois en faveur des travailleurs\u00a0\u00bb\u2026\u00a0<\/span><\/p>\n<p style=\"text-align: justify;\">Ind\u00e9pendamment de ce qui pr\u00e9c\u00e8de, la gr\u00e8ve du 27 a \u00e9t\u00e9 tr\u00e8s suivie dans la fonction publique et cela a contribu\u00e9 \u00e0 sa mani\u00e8re dans la cr\u00e9ation du climat g\u00e9n\u00e9ral de \u00ab\u00a0anomalie\u00a0\u00bb vers la gr\u00e8ve g\u00e9n\u00e9rale, dans le fait que beaucoup de gens d\u00e9cidassent de ne pas aller travailler en voyant les piquets de gr\u00e8ve du 27.<\/p>\n<p style=\"text-align: justify;\"><span style=\"font-size: medium;\"><b>Le r\u00f4le de la gauche<\/b>\u00a0<\/span><\/p>\n<p style=\"text-align: justify;\"><span style=\"font-size: small;\">C&#8217;est dans ce contexte que le r\u00f4le de la gauche dans les piquets doit \u00eatre \u00e9valu\u00e9. Le premier blocage et le plus strat\u00e9gique, a \u00e9t\u00e9 celui de Henry Ford et la Panamericana. Il a \u00e9t\u00e9 r\u00e9alis\u00e9 \u00e0 0515 heures du matin par un accord entre notre parti et le PO (auquel se sont joints d\u2019autres organisations et des secteurs d\u2019avant-garde des travailleurs).<b>\u00a0<\/b><\/span><\/p>\n<p style=\"text-align: justify;\"><span style=\"font-size: small;\">Il s&#8217;agit <b>d\u00e9j\u00e0 d&#8217;une conqu\u00eate \u00e9norme de la p\u00e9riode.<\/b> Les m\u00e9dias ont annonc\u00e9 la gr\u00e8ve comme \u00e9tant men\u00e9e par par \u00ab Moyano, Barrionuevo, Micheli et la gauche \u00bb. Pendant ce temps, Pignanelli, bureaucrate du syndicat de l\u2019automobile, le SMATA, s&#8217;est plaint dans le journal La Naci\u00f3n en disant \u00ab il est trop facile de faire des blocages sous ce gouvernement \u00bb. Il est clair que le chef du SMATA a une vocation de tra\u00eetre\u00a0: <b>la seule r\u00e9ponse qu\u2019il trouve toujours est de demander plus de r\u00e9pression\u00a0!<\/b>\u00a0<\/span><\/p>\n<p style=\"text-align: justify;\">En g\u00e9n\u00e9ral, il n&#8217;y a eu aucun probl\u00e8me pour r\u00e9aliser des piquets. Ce n\u2019est pas clair pourquoi le gouvernement a cherch\u00e9 \u00e0 retarder les choses dans le pont de Pueyrred\u00f3n. C&#8217;est peut-\u00eatre parce qu\u2019il voulait garantir les acc\u00e8s vers la Capitale F\u00e9d\u00e9rale. Mais lorsque la situation a commenc\u00e9 \u00e0 se chauffer, lorsqu\u2019encore plus de camarades sont arriv\u00e9s au piquet, il a d\u00fb permettre le blocage, en \u00e9chouant m\u00eame dans sa tentative de laisser une voie livre.<\/p>\n<p style=\"text-align: justify;\">En outre, la gr\u00e8ve est arriv\u00e9e dans un moment o\u00f9 la gauche est \u00e0 la t\u00eate des luttes ouvri\u00e8res, mais non sans difficult\u00e9s pour autant. Avec les d\u00e9faites de Gestamp et Lear encore \u00ab r\u00e9centes \u00bb, il faut voir comment cela influence le sc\u00e9nario de d\u00e9bordements des luttes ouvri\u00e8res men\u00e9s par la nouvelle g\u00e9n\u00e9ration ouvri\u00e8re. La lutte de Donnelley est ouverte et il y aura du ch\u00f4mage technique impos\u00e9 dans l\u2019industrie du pneu, o\u00f9 la gauche a une \u00e9norme pr\u00e9sence.<\/p>\n<p style=\"text-align: justify;\"><span style=\"font-size: medium;\"><b>Vers une nouvelle d\u00e9valuation g\u00e9n\u00e9rale ?<\/b>\u00a0<\/span><\/p>\n<p style=\"text-align: justify;\"><span style=\"font-size: small;\">De toute fa\u00e7on, le fait est que le gouvernement n&#8217;a pas fait le pari de polariser contre la gr\u00e8ve. Capitanich a essaie lundi de faire une amalgame entre la gr\u00e8ve et les fonds vautours (qui auraient financ\u00e9 la gr\u00e8ve\u00a0selon lui!), mais il n\u2019a convaincu personne. Cristina a consid\u00e9r\u00e9 que la gr\u00e8ve aurait une forte adh\u00e9sion, que la col\u00e8re au sujet de la situation \u00e9conomique se d\u00e9veloppe, donc le co\u00fbt politique de polariser contre cette mesure allait \u00eatre sup\u00e9rieur aux avantages qu\u2019elle pouvait en tirer.\u00a0<\/span><\/p>\n<p style=\"text-align: justify;\"><span style=\"font-size: small;\">Puisque le gouvernement n\u2019arrive pas \u00e0 la gr\u00e8ve g\u00e9n\u00e9rale dans son meilleur moment. Il a sembl\u00e9 r\u00e9cup\u00e9rer de la popularit\u00e9 en juillet, mais tout s\u2019est \u00e9croul\u00e9 apr\u00e8s l\u2019\u00e9chec des n\u00e9gociations avec les fonds vautours. Il est impossible d&#8217;arbitrer les conflits avec les poches vides. Sans r\u00e9serves dans la banque centrale et sans accord avec les fonds vautours, avec le prix du dollar qui flambe dans le march\u00e9 noir, <b>ce qui se pr\u00e9pare est une nouvelle crise g\u00e9n\u00e9rale.<\/b>\u00a0<\/span><\/p>\n<p style=\"text-align: justify;\">Il y a deux semaines le gouvernement avait essay\u00e9 un discours d\u2019arbitrage des questions nationales. Il l&#8217;a fait en s&#8217;appuyant sur la popularit\u00e9 r\u00e9cup\u00e9r\u00e9e il y a un mois. Mais ce discours s\u2019est \u00e9vapor\u00e9 tr\u00e8s rapidement. La patronale l\u2019a d\u00e9bord\u00e9 par la droite en questionnant la Loi d\u2019approvisionnemet (le gouvernement a d\u00e9j\u00e0 recul\u00e9 dans pratiquement tout cela) et par la gauche, il y a eu l\u2019appel \u00e0 la gr\u00e8ve g\u00e9n\u00e9rale et la continuit\u00e9 des durs conflits d\u2019avant-garde.<\/p>\n<p style=\"text-align: justify;\">M\u00eame si l\u2019opposition ne va pas jusqu\u2019au bout, si elle veut que tout s\u2019oriente vers les \u00e9lections de 2015, et si elle soutient les plans d\u2019aust\u00e9rit\u00e9 du gouvernement (c\u2019est-\u00e0-dire, elle agit comme un facteur de stabilit\u00e9<b>), la question est que essayer d\u2019avoir une capacit\u00e9 d\u2019arbitrage n\u00e9cessite, comme on l\u2019a dit, de l\u2019argent.<\/b> Et voil\u00e0 ce qui le gouvernement n\u2019a pas.<\/p>\n<p style=\"text-align: justify;\">Les caisses de la Banque centrale sont vides, elles n\u2019ont pas de devises. Et \u00e0 cela s&#8217;ajoute le fait que, n\u2019ayant pas r\u00e9ussi \u00e0 trouver un accord avec les fonds vautours, le dollar est mont\u00e9 dans le march\u00e9 noir jusqu\u2019\u00e0 14,38 pesos, la cotisation la plus haute de toute sa gestion.<\/p>\n<p style=\"text-align: justify;\">Un dollar parall\u00e8le hors de contr\u00f4le ne fait que grandit <b>l\u2019incertitude<\/b> sur l&#8217;avenir du pays en remettant \u00e0 l&#8217;ordre du jour une d\u00e9valuation du peso comme celle de janvier et en laissant la conjoncture dans son ensemble en question: vers l&#8217;\u00e9lection de 2015 ou vers un sc\u00e9nario de crise g\u00e9n\u00e9rale renouvel\u00e9e ?<b>\u00a0<\/b><\/p>\n<p style=\"text-align: justify;\"><span style=\"font-size: medium;\"><b>Il faut un grand rencontre national unifi\u00e9<\/b>\u00a0<\/span><\/p>\n<p style=\"text-align: justify;\"><span style=\"font-size: small;\">La gauche a eu du retard pour r\u00e9pondre \u00e0 la conjoncture. Elle a eu des r\u00e9flexes lents pour faire face \u00e0 l\u2019aust\u00e9rit\u00e9 \u00a0dans la premi\u00e8re moiti\u00e9 de l&#8217;ann\u00e9e. Le PO n&#8217;avait \u00e0 l&#8217;esprit que les \u00e9lections pr\u00e9sidentielles de l&#8217;ann\u00e9e 2015. Le PTS a concentr\u00e9 toute son activit\u00e9 dans sa campagne pour les p\u00e9troliers de Las Heras. Aucun des deux n&#8217;a ordonn\u00e9 sa politique autour de la lutte contre l\u2019aust\u00e9rit\u00e9 kirchneriste, comme il le fallait. Ils n\u2019ont donn\u00e9 aucune r\u00e9ponse \u00e0 la question de la dette, et, encore moins de mani\u00e8re unifi\u00e9e, aux durs conflits en cours. Le FIT a montr\u00e9 ce qu\u2019il est : une \u00ab machine \u00e0 emp\u00eacher \u00bb des initiatives conjointes. Il n&#8217;a jamais r\u00e9ussi \u00e0 \u00eatre un p\u00f4le de regroupement r\u00e9el\u00a0; il ne s\u2019agit que d\u2019une coop\u00e9rative \u00e9lectorale.\u00a0<\/span><\/p>\n<p style=\"text-align: justify;\"><span style=\"font-size: small;\">Dans le m\u00eame temps, les conflits de Gestamp et de Lear ont mis la nouvelle g\u00e9n\u00e9ration ouvri\u00e8re dans le centre de la sc\u00e8ne ; ils ont ouvert aussi un d\u00e9bat strat\u00e9gique profond sur la fa\u00e7on de faire face \u00e0 cette conjoncture de luttes dures, sur la strat\u00e9gie \u00e0 adopter pour les orienter.\u00a0<\/span><\/p>\n<p style=\"text-align: justify;\">Ces derni\u00e8res semaines, la lutte de Lear a \u00e9t\u00e9 au centre de la sc\u00e8ne, \u00e9tant largement repris par les m\u00e9dias. Mais maintenant nous vivons une tr\u00e8s grave d\u00e9faite et ce qui suit est une campagne pour la r\u00e9int\u00e9gration des coll\u00e8gues licenci\u00e9s et pour qu\u2019ils ne pourrissent pas la vie des camarades ex-d\u00e9l\u00e9gu\u00e9s.<\/p>\n<p style=\"text-align: justify;\">Il faut arr\u00eater de tourner en rond, il faut arr\u00eater le nombrilisme. Apr\u00e8s la gr\u00e8ve g\u00e9n\u00e9rale et face \u00e0 l&#8217;hypoth\u00e8se d&#8217;un sc\u00e9nario de <b>crise renouvel\u00e9e<\/b>, il est n\u00e9cessaire d&#8217;organiser un rencontre nationale unifi\u00e9e des activistes ouvriers d&#8217;Atlanta et du SUTNA San Fernando <a id=\"ref3\" title=\"\" href=\"#f3\"> [3] <\/a>\u00a0pour donner une r\u00e9ponse unifi\u00e9e. Et se pose la question aussi, d\u2019ouvrir un d\u00e9bat g\u00e9n\u00e9ral entre le FIT et notre parti (qui avance vers l\u2019obtention de la l\u00e9galit\u00e9 \u00e9lectorale nationale) autour des alliances de la gauche qui laisse derri\u00e8re l\u2019impasse de l\u2019\u00e9lectoralisme.<\/p>\n<div>\n<p>&nbsp;<\/p>\n<hr align=\"left\" size=\"1\" width=\"33%\" \/>\n<div>\n<p><a id=\"f1\" title=\"\" href=\"#ref1\">[1]<\/a>\u00a0Le PTS a \u00e9t\u00e9 \u00e0 l&#8217;arri\u00e8re-garde dans le deux blocages, en arrivant en retard, notre parti est arriv\u00e9 le premier aux deux blocages, avec le PO.<\/p>\n<p><a id=\"f2\" title=\"\" href=\"#ref2\">[2]<\/a>\u00a0Respectifment, dirigeants de la CGT, de la \u00ab\u00a0CGT bleue et blanche\u00a0\u00bb et de la CTA.<\/p>\n<\/div>\n<div>\n<p><a id=\"f3\" title=\"\" href=\"#ref3\">[3]<\/a>\u00a0Le Rencontre d\u2019Atlanta a \u00e9t\u00e9 un rencontre d\u2019activiste ouvriers appel\u00e9 par des syndicats antibureaucratiques et des organisations de la gauche comme notre parti\u00a0; le SUTNA San Fernando est la section syndicale de l\u2019usine de pneus FATE, influenc\u00e9 par la gauche.<\/p>\n<\/div>\n<\/div>\n","protected":false},"excerpt":{"rendered":"<p>Au moment d\u2019\u00e9crire cette \u00e9ditoriale, la troisi\u00e8me gr\u00e8ve g\u00e9n\u00e9rale contre le gouvernement est en train de se d\u00e9rouler. La gr\u00e8ve a \u00e9t\u00e9 tr\u00e8s suivie. La grande majorit\u00e9 n\u2019est pas all\u00e9e travailler. Il y a des bus, mais ils circulent vides. La trahison du syndicat des chauffeurs de bus (qui n\u2019a pas appel\u00e9 \u00e0 la gr\u00e8ve), [&hellip;]<\/p>\n","protected":false},"author":8,"featured_media":3284,"comment_status":"closed","ping_status":"closed","sticky":false,"template":"","format":"standard","meta":{"footnotes":""},"categories":[467],"tags":[120],"class_list":{"0":"post-3283","1":"post","2":"type-post","3":"status-publish","4":"format-standard","5":"has-post-thumbnail","7":"category-french","8":"tag-fit"},"yoast_head":"<!-- This site is optimized with the Yoast SEO plugin v27.5 - https:\/\/yoast.com\/product\/yoast-seo-wordpress\/ -->\n<title>[Argentine] 28 Aout - Importante gr\u00e8ve g\u00e9n\u00e9rale - Socialismo o Barbarie<\/title>\n<meta name=\"robots\" content=\"index, follow, max-snippet:-1, max-image-preview:large, max-video-preview:-1\" \/>\n<link rel=\"canonical\" href=\"https:\/\/www.socialismoobarbarie.org\/?p=3283\" \/>\n<meta property=\"og:locale\" content=\"es_ES\" \/>\n<meta property=\"og:type\" content=\"article\" \/>\n<meta property=\"og:title\" content=\"[Argentine] 28 Aout - Importante gr\u00e8ve g\u00e9n\u00e9rale - Socialismo o Barbarie\" \/>\n<meta property=\"og:description\" content=\"Au moment d\u2019\u00e9crire cette \u00e9ditoriale, la troisi\u00e8me gr\u00e8ve g\u00e9n\u00e9rale contre le gouvernement est en train de se d\u00e9rouler. La gr\u00e8ve a \u00e9t\u00e9 tr\u00e8s suivie. La grande majorit\u00e9 n\u2019est pas all\u00e9e travailler. Il y a des bus, mais ils circulent vides. La trahison du syndicat des chauffeurs de bus (qui n\u2019a pas appel\u00e9 \u00e0 la gr\u00e8ve), [&hellip;]\" \/>\n<meta property=\"og:url\" content=\"https:\/\/www.socialismoobarbarie.org\/?p=3283\" \/>\n<meta property=\"og:site_name\" content=\"Socialismo o Barbarie\" \/>\n<meta property=\"article:published_time\" content=\"2014-09-06T23:11:04+00:00\" \/>\n<meta property=\"article:modified_time\" content=\"2015-03-31T21:13:32+00:00\" \/>\n<meta property=\"og:image\" content=\"https:\/\/www.socialismoobarbarie.org\/wp-content\/uploads\/2014\/09\/paro-general-2808-panamericana.jpg\" \/>\n\t<meta property=\"og:image:width\" content=\"960\" \/>\n\t<meta property=\"og:image:height\" content=\"604\" \/>\n\t<meta property=\"og:image:type\" content=\"image\/jpeg\" \/>\n<meta name=\"author\" content=\"SOB\" \/>\n<meta name=\"twitter:card\" content=\"summary_large_image\" \/>\n<meta name=\"twitter:label1\" content=\"Escrito por\" \/>\n\t<meta name=\"twitter:data1\" content=\"SOB\" \/>\n\t<meta name=\"twitter:label2\" content=\"Tiempo de lectura\" \/>\n\t<meta name=\"twitter:data2\" content=\"14 minutos\" \/>\n<script type=\"application\/ld+json\" class=\"yoast-schema-graph\">{\"@context\":\"https:\\\/\\\/schema.org\",\"@graph\":[{\"@type\":\"Article\",\"@id\":\"https:\\\/\\\/www.socialismoobarbarie.org\\\/?p=3283#article\",\"isPartOf\":{\"@id\":\"https:\\\/\\\/www.socialismoobarbarie.org\\\/?p=3283\"},\"author\":{\"name\":\"SOB\",\"@id\":\"https:\\\/\\\/www.socialismoobarbarie.org\\\/#\\\/schema\\\/person\\\/bc1c3b321d47ed092405949c77e35a8e\"},\"headline\":\"[Argentine] 28 Aout &#8211; Importante gr\u00e8ve g\u00e9n\u00e9rale\",\"datePublished\":\"2014-09-06T23:11:04+00:00\",\"dateModified\":\"2015-03-31T21:13:32+00:00\",\"mainEntityOfPage\":{\"@id\":\"https:\\\/\\\/www.socialismoobarbarie.org\\\/?p=3283\"},\"wordCount\":2835,\"publisher\":{\"@id\":\"https:\\\/\\\/www.socialismoobarbarie.org\\\/#organization\"},\"image\":{\"@id\":\"https:\\\/\\\/www.socialismoobarbarie.org\\\/?p=3283#primaryimage\"},\"thumbnailUrl\":\"https:\\\/\\\/www.socialismoobarbarie.org\\\/wp-content\\\/uploads\\\/2014\\\/09\\\/paro-general-2808-panamericana.jpg\",\"keywords\":[\"FIT\"],\"articleSection\":[\"Fran\u00e7ais\"],\"inLanguage\":\"es\"},{\"@type\":\"WebPage\",\"@id\":\"https:\\\/\\\/www.socialismoobarbarie.org\\\/?p=3283\",\"url\":\"https:\\\/\\\/www.socialismoobarbarie.org\\\/?p=3283\",\"name\":\"[Argentine] 28 Aout - Importante gr\u00e8ve g\u00e9n\u00e9rale - Socialismo o Barbarie\",\"isPartOf\":{\"@id\":\"https:\\\/\\\/www.socialismoobarbarie.org\\\/#website\"},\"primaryImageOfPage\":{\"@id\":\"https:\\\/\\\/www.socialismoobarbarie.org\\\/?p=3283#primaryimage\"},\"image\":{\"@id\":\"https:\\\/\\\/www.socialismoobarbarie.org\\\/?p=3283#primaryimage\"},\"thumbnailUrl\":\"https:\\\/\\\/www.socialismoobarbarie.org\\\/wp-content\\\/uploads\\\/2014\\\/09\\\/paro-general-2808-panamericana.jpg\",\"datePublished\":\"2014-09-06T23:11:04+00:00\",\"dateModified\":\"2015-03-31T21:13:32+00:00\",\"breadcrumb\":{\"@id\":\"https:\\\/\\\/www.socialismoobarbarie.org\\\/?p=3283#breadcrumb\"},\"inLanguage\":\"es\",\"potentialAction\":[{\"@type\":\"ReadAction\",\"target\":[\"https:\\\/\\\/www.socialismoobarbarie.org\\\/?p=3283\"]}]},{\"@type\":\"ImageObject\",\"inLanguage\":\"es\",\"@id\":\"https:\\\/\\\/www.socialismoobarbarie.org\\\/?p=3283#primaryimage\",\"url\":\"https:\\\/\\\/www.socialismoobarbarie.org\\\/wp-content\\\/uploads\\\/2014\\\/09\\\/paro-general-2808-panamericana.jpg\",\"contentUrl\":\"https:\\\/\\\/www.socialismoobarbarie.org\\\/wp-content\\\/uploads\\\/2014\\\/09\\\/paro-general-2808-panamericana.jpg\",\"width\":960,\"height\":604},{\"@type\":\"BreadcrumbList\",\"@id\":\"https:\\\/\\\/www.socialismoobarbarie.org\\\/?p=3283#breadcrumb\",\"itemListElement\":[{\"@type\":\"ListItem\",\"position\":1,\"name\":\"Portada\",\"item\":\"https:\\\/\\\/www.socialismoobarbarie.org\\\/\"},{\"@type\":\"ListItem\",\"position\":2,\"name\":\"[Argentine] 28 Aout &#8211; Importante gr\u00e8ve g\u00e9n\u00e9rale\"}]},{\"@type\":\"WebSite\",\"@id\":\"https:\\\/\\\/www.socialismoobarbarie.org\\\/#website\",\"url\":\"https:\\\/\\\/www.socialismoobarbarie.org\\\/\",\"name\":\"Socialismo o Barbarie\",\"description\":\"Sitio web de la corriente internacional Socialismo o Barbarie\",\"publisher\":{\"@id\":\"https:\\\/\\\/www.socialismoobarbarie.org\\\/#organization\"},\"potentialAction\":[{\"@type\":\"SearchAction\",\"target\":{\"@type\":\"EntryPoint\",\"urlTemplate\":\"https:\\\/\\\/www.socialismoobarbarie.org\\\/?s={search_term_string}\"},\"query-input\":{\"@type\":\"PropertyValueSpecification\",\"valueRequired\":true,\"valueName\":\"search_term_string\"}}],\"inLanguage\":\"es\"},{\"@type\":\"Organization\",\"@id\":\"https:\\\/\\\/www.socialismoobarbarie.org\\\/#organization\",\"name\":\"Socialismo o Barbarie\",\"url\":\"https:\\\/\\\/www.socialismoobarbarie.org\\\/\",\"logo\":{\"@type\":\"ImageObject\",\"inLanguage\":\"es\",\"@id\":\"https:\\\/\\\/www.socialismoobarbarie.org\\\/#\\\/schema\\\/logo\\\/image\\\/\",\"url\":\"https:\\\/\\\/www.socialismoobarbarie.org\\\/wp-content\\\/uploads\\\/2025\\\/02\\\/soblogoweb-2025.png\",\"contentUrl\":\"https:\\\/\\\/www.socialismoobarbarie.org\\\/wp-content\\\/uploads\\\/2025\\\/02\\\/soblogoweb-2025.png\",\"width\":450,\"height\":161,\"caption\":\"Socialismo o Barbarie\"},\"image\":{\"@id\":\"https:\\\/\\\/www.socialismoobarbarie.org\\\/#\\\/schema\\\/logo\\\/image\\\/\"}},{\"@type\":\"Person\",\"@id\":\"https:\\\/\\\/www.socialismoobarbarie.org\\\/#\\\/schema\\\/person\\\/bc1c3b321d47ed092405949c77e35a8e\",\"name\":\"SOB\",\"url\":\"https:\\\/\\\/www.socialismoobarbarie.org\\\/?author=8\"}]}<\/script>\n<!-- \/ Yoast SEO plugin. -->","yoast_head_json":{"title":"[Argentine] 28 Aout - Importante gr\u00e8ve g\u00e9n\u00e9rale - Socialismo o Barbarie","robots":{"index":"index","follow":"follow","max-snippet":"max-snippet:-1","max-image-preview":"max-image-preview:large","max-video-preview":"max-video-preview:-1"},"canonical":"https:\/\/www.socialismoobarbarie.org\/?p=3283","og_locale":"es_ES","og_type":"article","og_title":"[Argentine] 28 Aout - Importante gr\u00e8ve g\u00e9n\u00e9rale - Socialismo o Barbarie","og_description":"Au moment d\u2019\u00e9crire cette \u00e9ditoriale, la troisi\u00e8me gr\u00e8ve g\u00e9n\u00e9rale contre le gouvernement est en train de se d\u00e9rouler. La gr\u00e8ve a \u00e9t\u00e9 tr\u00e8s suivie. La grande majorit\u00e9 n\u2019est pas all\u00e9e travailler. Il y a des bus, mais ils circulent vides. La trahison du syndicat des chauffeurs de bus (qui n\u2019a pas appel\u00e9 \u00e0 la gr\u00e8ve), [&hellip;]","og_url":"https:\/\/www.socialismoobarbarie.org\/?p=3283","og_site_name":"Socialismo o Barbarie","article_published_time":"2014-09-06T23:11:04+00:00","article_modified_time":"2015-03-31T21:13:32+00:00","og_image":[{"width":960,"height":604,"url":"https:\/\/www.socialismoobarbarie.org\/wp-content\/uploads\/2014\/09\/paro-general-2808-panamericana.jpg","type":"image\/jpeg"}],"author":"SOB","twitter_card":"summary_large_image","twitter_misc":{"Escrito por":"SOB","Tiempo de lectura":"14 minutos"},"schema":{"@context":"https:\/\/schema.org","@graph":[{"@type":"Article","@id":"https:\/\/www.socialismoobarbarie.org\/?p=3283#article","isPartOf":{"@id":"https:\/\/www.socialismoobarbarie.org\/?p=3283"},"author":{"name":"SOB","@id":"https:\/\/www.socialismoobarbarie.org\/#\/schema\/person\/bc1c3b321d47ed092405949c77e35a8e"},"headline":"[Argentine] 28 Aout &#8211; Importante gr\u00e8ve g\u00e9n\u00e9rale","datePublished":"2014-09-06T23:11:04+00:00","dateModified":"2015-03-31T21:13:32+00:00","mainEntityOfPage":{"@id":"https:\/\/www.socialismoobarbarie.org\/?p=3283"},"wordCount":2835,"publisher":{"@id":"https:\/\/www.socialismoobarbarie.org\/#organization"},"image":{"@id":"https:\/\/www.socialismoobarbarie.org\/?p=3283#primaryimage"},"thumbnailUrl":"https:\/\/www.socialismoobarbarie.org\/wp-content\/uploads\/2014\/09\/paro-general-2808-panamericana.jpg","keywords":["FIT"],"articleSection":["Fran\u00e7ais"],"inLanguage":"es"},{"@type":"WebPage","@id":"https:\/\/www.socialismoobarbarie.org\/?p=3283","url":"https:\/\/www.socialismoobarbarie.org\/?p=3283","name":"[Argentine] 28 Aout - Importante gr\u00e8ve g\u00e9n\u00e9rale - Socialismo o Barbarie","isPartOf":{"@id":"https:\/\/www.socialismoobarbarie.org\/#website"},"primaryImageOfPage":{"@id":"https:\/\/www.socialismoobarbarie.org\/?p=3283#primaryimage"},"image":{"@id":"https:\/\/www.socialismoobarbarie.org\/?p=3283#primaryimage"},"thumbnailUrl":"https:\/\/www.socialismoobarbarie.org\/wp-content\/uploads\/2014\/09\/paro-general-2808-panamericana.jpg","datePublished":"2014-09-06T23:11:04+00:00","dateModified":"2015-03-31T21:13:32+00:00","breadcrumb":{"@id":"https:\/\/www.socialismoobarbarie.org\/?p=3283#breadcrumb"},"inLanguage":"es","potentialAction":[{"@type":"ReadAction","target":["https:\/\/www.socialismoobarbarie.org\/?p=3283"]}]},{"@type":"ImageObject","inLanguage":"es","@id":"https:\/\/www.socialismoobarbarie.org\/?p=3283#primaryimage","url":"https:\/\/www.socialismoobarbarie.org\/wp-content\/uploads\/2014\/09\/paro-general-2808-panamericana.jpg","contentUrl":"https:\/\/www.socialismoobarbarie.org\/wp-content\/uploads\/2014\/09\/paro-general-2808-panamericana.jpg","width":960,"height":604},{"@type":"BreadcrumbList","@id":"https:\/\/www.socialismoobarbarie.org\/?p=3283#breadcrumb","itemListElement":[{"@type":"ListItem","position":1,"name":"Portada","item":"https:\/\/www.socialismoobarbarie.org\/"},{"@type":"ListItem","position":2,"name":"[Argentine] 28 Aout &#8211; Importante gr\u00e8ve g\u00e9n\u00e9rale"}]},{"@type":"WebSite","@id":"https:\/\/www.socialismoobarbarie.org\/#website","url":"https:\/\/www.socialismoobarbarie.org\/","name":"Socialismo o Barbarie","description":"Sitio web de la corriente internacional Socialismo o Barbarie","publisher":{"@id":"https:\/\/www.socialismoobarbarie.org\/#organization"},"potentialAction":[{"@type":"SearchAction","target":{"@type":"EntryPoint","urlTemplate":"https:\/\/www.socialismoobarbarie.org\/?s={search_term_string}"},"query-input":{"@type":"PropertyValueSpecification","valueRequired":true,"valueName":"search_term_string"}}],"inLanguage":"es"},{"@type":"Organization","@id":"https:\/\/www.socialismoobarbarie.org\/#organization","name":"Socialismo o Barbarie","url":"https:\/\/www.socialismoobarbarie.org\/","logo":{"@type":"ImageObject","inLanguage":"es","@id":"https:\/\/www.socialismoobarbarie.org\/#\/schema\/logo\/image\/","url":"https:\/\/www.socialismoobarbarie.org\/wp-content\/uploads\/2025\/02\/soblogoweb-2025.png","contentUrl":"https:\/\/www.socialismoobarbarie.org\/wp-content\/uploads\/2025\/02\/soblogoweb-2025.png","width":450,"height":161,"caption":"Socialismo o Barbarie"},"image":{"@id":"https:\/\/www.socialismoobarbarie.org\/#\/schema\/logo\/image\/"}},{"@type":"Person","@id":"https:\/\/www.socialismoobarbarie.org\/#\/schema\/person\/bc1c3b321d47ed092405949c77e35a8e","name":"SOB","url":"https:\/\/www.socialismoobarbarie.org\/?author=8"}]}},"_links":{"self":[{"href":"https:\/\/www.socialismoobarbarie.org\/index.php?rest_route=\/wp\/v2\/posts\/3283","targetHints":{"allow":["GET"]}}],"collection":[{"href":"https:\/\/www.socialismoobarbarie.org\/index.php?rest_route=\/wp\/v2\/posts"}],"about":[{"href":"https:\/\/www.socialismoobarbarie.org\/index.php?rest_route=\/wp\/v2\/types\/post"}],"author":[{"embeddable":true,"href":"https:\/\/www.socialismoobarbarie.org\/index.php?rest_route=\/wp\/v2\/users\/8"}],"replies":[{"embeddable":true,"href":"https:\/\/www.socialismoobarbarie.org\/index.php?rest_route=%2Fwp%2Fv2%2Fcomments&post=3283"}],"version-history":[{"count":1,"href":"https:\/\/www.socialismoobarbarie.org\/index.php?rest_route=\/wp\/v2\/posts\/3283\/revisions"}],"predecessor-version":[{"id":3285,"href":"https:\/\/www.socialismoobarbarie.org\/index.php?rest_route=\/wp\/v2\/posts\/3283\/revisions\/3285"}],"wp:featuredmedia":[{"embeddable":true,"href":"https:\/\/www.socialismoobarbarie.org\/index.php?rest_route=\/wp\/v2\/media\/3284"}],"wp:attachment":[{"href":"https:\/\/www.socialismoobarbarie.org\/index.php?rest_route=%2Fwp%2Fv2%2Fmedia&parent=3283"}],"wp:term":[{"taxonomy":"category","embeddable":true,"href":"https:\/\/www.socialismoobarbarie.org\/index.php?rest_route=%2Fwp%2Fv2%2Fcategories&post=3283"},{"taxonomy":"post_tag","embeddable":true,"href":"https:\/\/www.socialismoobarbarie.org\/index.php?rest_route=%2Fwp%2Fv2%2Ftags&post=3283"}],"curies":[{"name":"wp","href":"https:\/\/api.w.org\/{rel}","templated":true}]}}