{"id":3406,"date":"2014-09-19T17:32:18","date_gmt":"2014-09-19T20:32:18","guid":{"rendered":"https:\/\/www.socialismoobarbarie.org\/?p=3406"},"modified":"2019-11-20T10:44:04","modified_gmt":"2019-11-20T13:44:04","slug":"en-duda-la-realizacion-del-referendum-del-9-de-noviembre","status":"publish","type":"post","link":"https:\/\/www.socialismoobarbarie.org\/?p=3406","title":{"rendered":"En duda la realizaci\u00f3n del refer\u00e9ndum del 9 de noviembre sobre la independencia"},"content":{"rendered":"<p>.<\/p>\n<p style=\"text-align: left;\">Barcelona.- El 11 de septiembre tuvo lugar una de las m\u00e1s grandes movilizaciones que recuerde la historia catalana. Casi dos millones de personas, en una regi\u00f3n de poco m\u00e1s de siete millones de habitantes, salieron a la calle para exigir que\u00a0<strong>el 9 de noviembre pr\u00f3ximo se realice un refer\u00e9ndum<\/strong> para votar, por s\u00ed o por no, la <strong>independencia del Estado espa\u00f1ol<\/strong>.<\/p>\n<p style=\"text-align: left;\">El 11 de septiembre es la <strong>Diada<\/strong>, como se llama el <strong>D\u00eda Nacional de Catalunya<\/strong>. Parad\u00f3jicamente, a diferencia de otros pa\u00edses, su \u201cd\u00eda nacional\u201d no recuerda un \u201ctriunfo de la naci\u00f3n\u201d, como en Francia el 14 de julio (toma de la Bastilla), en EEUU el 4 de julio (Declaraci\u00f3n de la Independencia) o en Argentina el 25 de mayo (Revoluci\u00f3n de Mayo).<\/p>\n<p style=\"text-align: left;\">Por el contrario, en Catalunya <strong>se conmemora una sangrienta derrota<\/strong>. El 11 de septiembre de 1714, despu\u00e9s de una dura resistencia, Barcelona fue tomada por las tropas de los borbones, cuyos descendientes son hoy monarcas del Estado espa\u00f1ol. La derrota implic\u00f3 la liquidaci\u00f3n de las instituciones catalanas y la p\u00e9rdida de la relativa independencia que hab\u00eda logrado desde hac\u00eda tiempo.<\/p>\n<p style=\"text-align: left;\">Pero, en este caso,conmemorar una derrota tiene su l\u00f3gica, si se tiene en cuenta que, en un contexto econ\u00f3mico-social y pol\u00edtico profundamente distinto al del siglo XVIII, los borbones siguen reinando en Madrid y Catalunya sigue sin ser independiente.<\/p>\n<p style=\"text-align: left;\">La inmensa multitud que particip\u00f3 en la pasada Diada fue una expresi\u00f3n clara y contundente de la voluntad de la mayor\u00eda del pueblo catal\u00e1n de ver concretado su <strong>derecho a decidir <\/strong>sobre su independencia de Madrid. Los casi dos millones de personas que marchando dibujaron la \u201cV\u201d en las avenidas de Barcelona, dejaron claro el mensaje: \u00a1<strong>queremos votar el 9N!<\/strong> Y se lo dijeron a la \u201ccomunidad internacional\u201d, al gobierno de Rajoy en Madrid y tambi\u00e9n al gobierno catal\u00e1n de CiU (Converg\u00e8ncia i Uni\u00f3) y sus socios de ERC (Esquerra Republicana de Catalunya).<\/p>\n<p style=\"text-align: left;\"><strong>En duda la consulta del 9N<\/strong><\/p>\n<p style=\"text-align: left;\">Justamente, por \u00a0la magnitud y el significado pol\u00edtico de la demostraci\u00f3n del pasado 11 de septiembre, la posibilidad de hacer efectiva la consulta el 9N <strong>est\u00e1 en duda<\/strong> por varios motivos.<\/p>\n<p style=\"text-align: left;\">El primero, es la cerrada, intolerante y decidida postura del gobierno de Madrid de no ceder ni un mil\u00edmetro<strong>, ni permitir consulta alguna<\/strong>, sea o no\u201cvinculante\u201d. Adem\u00e1s,est\u00e1 el previsible fallo del Tribunal Constitucional de Madrid de <strong>prohibir el refer\u00e9ndum por considerarlo anticonstitucional<\/strong>. Por \u00faltimo, est\u00e1 en duda la consulta porque la coalici\u00f3n pol\u00edtica que gobierna Catalunya (CiU y ERC) \u2013que encabeza la \u201clucha por la independencia\u201d\u2013 viene atravesada por una serie de tensiones y temores que <strong>ponen en cuesti\u00f3n\u00a0<\/strong>de que est\u00e9n <strong>dispuestos a ir hasta el final<\/strong> en el proceso de autodeterminaci\u00f3n.<\/p>\n<p style=\"text-align: left;\">Simplemente, el escenario <strong>es incierto<\/strong>. Eventualmente, todo esto podr\u00eda desencadenar una ruptura \u201cdesordenada\u201d y violenta de la Espa\u00f1a de hoy, heredera del r\u00e9gimen del \u201878 (la Constituci\u00f3n que encauz\u00f3 la \u201ctransici\u00f3n\u201d desde la dictadura de Franco). Pero esto es algo que en \u00faltima instancia dif\u00edcilmente deseen ni Rajoy en Madrid, ni Mas ni Junqueras al frente de CiU y ERC en Barcelona. Por m\u00e1s nacionalistas que se reclamen, deber\u00edan estar <strong>dispuestos a un dur\u00edsimo enfrentamiento<\/strong> con Madrid\u2026 en todos los terrenos.<\/p>\n<p style=\"text-align: left;\">Por eso, \u201c\u00bfqu\u00e9 pasar\u00e1 el 9N?\u201d es todav\u00eda\u00a0<strong>un interrogante abierto<\/strong>. Si el gobierno de Rajoy no da el brazo a torcer, como hasta ahora, \u00bfsacar\u00e1 igualmente Mas las urnas a la calle? Y si Mas pone las urnas para poder votar, \u00bfenviar\u00e1 el gobierno central fuerzas represivas y militares para impedirlo? Y si la consulta se realiza, \u00bfen qu\u00e9 condiciones y c\u00f3mo se har\u00e1?<\/p>\n<p style=\"text-align: left;\">En este marco y ante la proximidad de la fecha y la presi\u00f3n social, <strong>todas las fuerzas pol\u00edticas est\u00e1n entre la espada y la pared <\/strong>frente a un proceso que ya inici\u00f3 su marcha en 2012. Hoy, tanto frenarlo como desconocerlo acarrea enormes costos pol\u00edticos. Pero, al mismo tiempo, si se vota, <strong>estar\u00eda descontado el triunfo del s\u00ed<\/strong> a la independencia.<\/p>\n<p style=\"text-align: left;\">Lo cierto es que el 9N los catalanes quieren votar y decidir. Pero el gobierno de Rajoy est\u00e1 dispuesto a impedirlo hasta por la fuerza, y los partidos representantes de la burgues\u00eda catalana parecen no poder ni querer garantizarlo\u2026 por lo menos en ese terreno.<\/p>\n<p style=\"text-align: left;\"><strong>Los aprendices de brujo y las cuestiones nacionales que ponen en peligro al Estado espa\u00f1ol<\/strong><\/p>\n<p style=\"text-align: left;\">Existe una seria\u00a0<strong>cuesti\u00f3n nacional<\/strong> en el Estado espa\u00f1ol mismo. Es decir que bajo el r\u00e9gimen estatal, su monarqu\u00eda, su gobierno y sus instituciones, existen varias\u00a0<strong>nacionalidades hist\u00f3ricas<\/strong> con personalidad propia, que <strong>fueron integradas m\u00e1s o menos a la fuerza<\/strong>. Eso tambi\u00e9n sucedi\u00f3 con los catalanes.<\/p>\n<p style=\"text-align: left;\">Esa cuesti\u00f3n nacional era clara durante la Segunda Rep\u00fablica(1931-1939). Luego fue falsamente escondida mediante la represi\u00f3n bajo la dictadura de Franco (1939-1975). Luego, con la \u201ctransici\u00f3n\u201d, fue mal solucionada mediante la Constituci\u00f3n de las Autonom\u00edas. Hoy, bajo los golpes de la crisis, tanto de la econom\u00eda como del r\u00e9gimen pol\u00edtico, el Pacto Constitucional se agrieta y la cuesti\u00f3n nacional recobra fuerza.<\/p>\n<p style=\"text-align: left;\">El nacionalismo catal\u00e1n, que exist\u00eda desde antes, ahora <strong>recobra inusitada fuerza<\/strong>. Han operado <strong>dos actitudes antag\u00f3nicas<\/strong> pero que han generado <strong>el mismo resultado<\/strong>: darle fuerza de masas y radicalizar los planteamientos independentistas. Estas dos actitudes antag\u00f3nicas han sido, de un lado, la propaganda consciente y subvencionada por el dinero p\u00fablico del gobierno de la Generalitat a favor de la \u201cnaci\u00f3n catalana\u201d; y del otro, la cerraz\u00f3n del gobierno central, igualmente subvencionada con dinero p\u00fablico y su campa\u00f1a provocativa contra el \u201csecesionismo catal\u00e1n\u201d.<\/p>\n<p style=\"text-align: left;\">Efectivamente, desde Madrid, la actitud del gobierno de Rajoy no ha hecho sino <strong>fortalecer el nacionalismo catal\u00e1n<\/strong>. Pero es preciso tambi\u00e9n reconocer que ha conseguido <strong>aislar ese nacionalismo<\/strong> del resto del Estado espa\u00f1ol cuyos pueblos hoy no simpatizan en general con la causa catalana.<\/p>\n<p style=\"text-align: left;\">Por su parte, el t\u00e1ndem CiU-ERC desde el gobierno de la Generalitat han utilizado y propagado el fervor nacionalista a modo de cortina de humo para ocultar su pol\u00edtica ante la crisis. En esencia, es la misma que la del gobierno central de Madrid: recortes del estado del bienestar, rescates bancarios, reducci\u00f3n de derechos democr\u00e1ticos, represi\u00f3n de las movilizaciones\u2026 Esa cortina de humo ha tenido un resultado contradictorio.<\/p>\n<p style=\"text-align: left;\">De un lado, ha confundido en gran medida al pueblo catal\u00e1n sobre la identidad del enemigo: no ser\u00eda el gobierno de Arthur Mas sino s\u00f3lo el gobierno central. Por eso, la crisis electoral del bipartidismo se ha traducido en Madrid en la debacle tanto del partido del gobierno (PP) como el de la oposici\u00f3n (PSOE). Por el contrario, en Catalunya, eso no tiene parang\u00f3n,ni con la menor perdida electoral de CiU, ni mucho menos con el notable crecimiento de ERC.<\/p>\n<p style=\"text-align: left;\">Pero, por otro lado, esto <strong>ha generado radicalismo independentista<\/strong> que ni CiU ni la gran patronal catalana (que dif\u00edcilmente quieran la independencia), saben hoy c\u00f3mo revertir. Cual <strong>aprendices de brujo<\/strong>, han despertado un genio que ahora no se sabe si podr\u00e1n controlar.<\/p>\n<p style=\"text-align: left;\"><strong>Con la movilizaci\u00f3n en las calles exijamos el derecho a decidir<\/strong><\/p>\n<p style=\"text-align: left;\">La \u00fanica garant\u00eda para que no se vea frustrada la voluntad del pueblo catal\u00e1n de ejercer su derecho a decidir el 9N, es con la <strong>movilizaci\u00f3n independiente en las calles<\/strong>. Esto implica <strong>enfrentar en serio<\/strong> al gobierno central de Madrid,que le niega al pueblo catal\u00e1n su derecho a la autodeterminaci\u00f3n. Pero tambi\u00e9n, hacer frente a las maniobras de CiU-ERC, representantes de burgues\u00eda catalana.<\/p>\n<p style=\"text-align: left;\">No puede depositarse confianza alguna en esas fuerzas pol\u00edticas, en ning\u00fan sentido. Incluso, aunque formalmente no capitulen a las presiones de Madrid, no pueden caber ilusiones en que vayan a enfrentar consecuente a Rajoy con la \u00fanica arma eficaz en \u00faltima instancia, que es la movilizaci\u00f3n permanente de las masas trabajadoras y populares.<\/p>\n<p style=\"text-align: left;\">En medio de la crisis econ\u00f3mica y social \u2013que sigue sin solucionarse tanto en el Estado espa\u00f1ol como en la UE\u2013 dieron impulso al \u201csoberanismo\u201d como medio presi\u00f3n en las disputas por arriba de una \u201ctorta\u201d cada vez m\u00e1s peque\u00f1a.<\/p>\n<p style=\"text-align: left;\">Pero, asimismo, la pol\u00edtica con que han conducido este conflicto ha contribuido a enajenar o reducir el necesario apoyo a Catalunya de los otros pueblos del Estado espa\u00f1ol.<\/p>\n<p style=\"text-align: left;\">Esto es doblemente decisivo, porque tiene que ver con la <strong>salida de fondo<\/strong>. En ese sentido, <strong>a<\/strong><strong>poyamos incondicionalmente el derecho a la autodeterminaci\u00f3n del pueblo catal\u00e1n <\/strong>(como tambi\u00e9n de los vascos, gallegos, etc.), que adem\u00e1s implicar\u00eda el fin de una monarqu\u00eda impuesta por la dictadura de Franco. Pero la salida de fondo<strong> no es la fragmentaci\u00f3n en peque\u00f1os estados<\/strong>, bajo la bota de una Uni\u00f3n Europa que significa la dictadura, desde Berl\u00edn y Bruselas, del gran capital financiero. La \u00fanica salida favorable a nuestros intereses es la <strong>libre asociaci\u00f3n de nuestros pueblos<\/strong> en una <strong>Rep\u00fablica Federal de los Trabajadores y Socialista<\/strong>.<\/p>\n","protected":false},"excerpt":{"rendered":"<p>. Barcelona.- El 11 de septiembre tuvo lugar una de las m\u00e1s grandes movilizaciones que recuerde la historia catalana. Casi dos millones de personas, en una regi\u00f3n de poco m\u00e1s de siete millones de habitantes, salieron a la calle para exigir que\u00a0el 9 de noviembre pr\u00f3ximo se realice un refer\u00e9ndum para votar, por s\u00ed o [&hellip;]<\/p>\n","protected":false},"author":8,"featured_media":3417,"comment_status":"closed","ping_status":"closed","sticky":false,"template":"","format":"standard","meta":{"footnotes":""},"categories":[206,1690],"tags":[1121,562],"class_list":{"0":"post-3406","1":"post","2":"type-post","3":"status-publish","4":"format-standard","5":"has-post-thumbnail","7":"category-espana","8":"category-europa","9":"tag-carla-tog","10":"tag-catalunya"},"yoast_head":"<!-- This site is optimized with the Yoast SEO plugin v28.2 - https:\/\/yoast.com\/product\/yoast-seo-wordpress\/ -->\n<title>En duda la realizaci\u00f3n del refer\u00e9ndum del 9 de noviembre sobre la independencia - Socialismo o Barbarie<\/title>\n<meta name=\"robots\" content=\"index, follow, max-snippet:-1, max-image-preview:large, max-video-preview:-1\" \/>\n<link rel=\"canonical\" href=\"https:\/\/www.socialismoobarbarie.org\/?p=3406\" \/>\n<meta property=\"og:locale\" content=\"es_ES\" \/>\n<meta property=\"og:type\" content=\"article\" \/>\n<meta property=\"og:title\" content=\"En duda la realizaci\u00f3n del refer\u00e9ndum del 9 de noviembre sobre la independencia - Socialismo o Barbarie\" \/>\n<meta property=\"og:description\" content=\". Barcelona.- El 11 de septiembre tuvo lugar una de las m\u00e1s grandes movilizaciones que recuerde la historia catalana. Casi dos millones de personas, en una regi\u00f3n de poco m\u00e1s de siete millones de habitantes, salieron a la calle para exigir que\u00a0el 9 de noviembre pr\u00f3ximo se realice un refer\u00e9ndum para votar, por s\u00ed o [&hellip;]\" \/>\n<meta property=\"og:url\" content=\"https:\/\/www.socialismoobarbarie.org\/?p=3406\" \/>\n<meta property=\"og:site_name\" content=\"Socialismo o Barbarie\" \/>\n<meta property=\"article:published_time\" content=\"2014-09-19T20:32:18+00:00\" \/>\n<meta property=\"article:modified_time\" content=\"2019-11-20T13:44:04+00:00\" \/>\n<meta property=\"og:image\" content=\"https:\/\/www.socialismoobarbarie.org\/wp-content\/uploads\/2014\/09\/140918-diada-11-septiembre-2014-690px.jpg\" \/>\n\t<meta property=\"og:image:width\" content=\"690\" \/>\n\t<meta property=\"og:image:height\" content=\"460\" \/>\n\t<meta property=\"og:image:type\" content=\"image\/jpeg\" \/>\n<meta name=\"author\" content=\"SOB\" \/>\n<meta name=\"twitter:card\" content=\"summary_large_image\" \/>\n<meta name=\"twitter:label1\" content=\"Escrito por\" \/>\n\t<meta name=\"twitter:data1\" content=\"SOB\" \/>\n\t<meta name=\"twitter:label2\" content=\"Tiempo de lectura\" \/>\n\t<meta name=\"twitter:data2\" content=\"8 minutos\" \/>\n<script type=\"application\/ld+json\" class=\"yoast-schema-graph\">{\"@context\":\"https:\\\/\\\/schema.org\",\"@graph\":[{\"@type\":\"Article\",\"@id\":\"https:\\\/\\\/www.socialismoobarbarie.org\\\/?p=3406#article\",\"isPartOf\":{\"@id\":\"https:\\\/\\\/www.socialismoobarbarie.org\\\/?p=3406\"},\"author\":{\"name\":\"SOB\",\"@id\":\"https:\\\/\\\/www.socialismoobarbarie.org\\\/#\\\/schema\\\/person\\\/bc1c3b321d47ed092405949c77e35a8e\"},\"headline\":\"En duda la realizaci\u00f3n del refer\u00e9ndum del 9 de noviembre sobre la independencia\",\"datePublished\":\"2014-09-19T20:32:18+00:00\",\"dateModified\":\"2019-11-20T13:44:04+00:00\",\"mainEntityOfPage\":{\"@id\":\"https:\\\/\\\/www.socialismoobarbarie.org\\\/?p=3406\"},\"wordCount\":1572,\"publisher\":{\"@id\":\"https:\\\/\\\/www.socialismoobarbarie.org\\\/#organization\"},\"image\":{\"@id\":\"https:\\\/\\\/www.socialismoobarbarie.org\\\/?p=3406#primaryimage\"},\"thumbnailUrl\":\"https:\\\/\\\/www.socialismoobarbarie.org\\\/wp-content\\\/uploads\\\/2014\\\/09\\\/140918-diada-11-septiembre-2014-690px.jpg\",\"keywords\":[\"Carla Tog\",\"Catalunya\"],\"articleSection\":[\"Estado espa\u00f1ol\",\"Europa\"],\"inLanguage\":\"es\"},{\"@type\":\"WebPage\",\"@id\":\"https:\\\/\\\/www.socialismoobarbarie.org\\\/?p=3406\",\"url\":\"https:\\\/\\\/www.socialismoobarbarie.org\\\/?p=3406\",\"name\":\"En duda la realizaci\u00f3n del refer\u00e9ndum del 9 de noviembre sobre la independencia - Socialismo o Barbarie\",\"isPartOf\":{\"@id\":\"https:\\\/\\\/www.socialismoobarbarie.org\\\/#website\"},\"primaryImageOfPage\":{\"@id\":\"https:\\\/\\\/www.socialismoobarbarie.org\\\/?p=3406#primaryimage\"},\"image\":{\"@id\":\"https:\\\/\\\/www.socialismoobarbarie.org\\\/?p=3406#primaryimage\"},\"thumbnailUrl\":\"https:\\\/\\\/www.socialismoobarbarie.org\\\/wp-content\\\/uploads\\\/2014\\\/09\\\/140918-diada-11-septiembre-2014-690px.jpg\",\"datePublished\":\"2014-09-19T20:32:18+00:00\",\"dateModified\":\"2019-11-20T13:44:04+00:00\",\"breadcrumb\":{\"@id\":\"https:\\\/\\\/www.socialismoobarbarie.org\\\/?p=3406#breadcrumb\"},\"inLanguage\":\"es\",\"potentialAction\":[{\"@type\":\"ReadAction\",\"target\":[\"https:\\\/\\\/www.socialismoobarbarie.org\\\/?p=3406\"]}]},{\"@type\":\"ImageObject\",\"inLanguage\":\"es\",\"@id\":\"https:\\\/\\\/www.socialismoobarbarie.org\\\/?p=3406#primaryimage\",\"url\":\"https:\\\/\\\/www.socialismoobarbarie.org\\\/wp-content\\\/uploads\\\/2014\\\/09\\\/140918-diada-11-septiembre-2014-690px.jpg\",\"contentUrl\":\"https:\\\/\\\/www.socialismoobarbarie.org\\\/wp-content\\\/uploads\\\/2014\\\/09\\\/140918-diada-11-septiembre-2014-690px.jpg\",\"width\":690,\"height\":460},{\"@type\":\"BreadcrumbList\",\"@id\":\"https:\\\/\\\/www.socialismoobarbarie.org\\\/?p=3406#breadcrumb\",\"itemListElement\":[{\"@type\":\"ListItem\",\"position\":1,\"name\":\"Portada\",\"item\":\"https:\\\/\\\/www.socialismoobarbarie.org\\\/\"},{\"@type\":\"ListItem\",\"position\":2,\"name\":\"En duda la realizaci\u00f3n del refer\u00e9ndum del 9 de noviembre sobre la independencia\"}]},{\"@type\":\"WebSite\",\"@id\":\"https:\\\/\\\/www.socialismoobarbarie.org\\\/#website\",\"url\":\"https:\\\/\\\/www.socialismoobarbarie.org\\\/\",\"name\":\"Socialismo o Barbarie\",\"description\":\"Sitio web de la corriente internacional Socialismo o Barbarie\",\"publisher\":{\"@id\":\"https:\\\/\\\/www.socialismoobarbarie.org\\\/#organization\"},\"potentialAction\":[{\"@type\":\"SearchAction\",\"target\":{\"@type\":\"EntryPoint\",\"urlTemplate\":\"https:\\\/\\\/www.socialismoobarbarie.org\\\/?s={search_term_string}\"},\"query-input\":{\"@type\":\"PropertyValueSpecification\",\"valueRequired\":true,\"valueName\":\"search_term_string\"}}],\"inLanguage\":\"es\"},{\"@type\":\"Organization\",\"@id\":\"https:\\\/\\\/www.socialismoobarbarie.org\\\/#organization\",\"name\":\"Socialismo o Barbarie\",\"url\":\"https:\\\/\\\/www.socialismoobarbarie.org\\\/\",\"logo\":{\"@type\":\"ImageObject\",\"inLanguage\":\"es\",\"@id\":\"https:\\\/\\\/www.socialismoobarbarie.org\\\/#\\\/schema\\\/logo\\\/image\\\/\",\"url\":\"https:\\\/\\\/www.socialismoobarbarie.org\\\/wp-content\\\/uploads\\\/2025\\\/02\\\/soblogoweb-2025.png\",\"contentUrl\":\"https:\\\/\\\/www.socialismoobarbarie.org\\\/wp-content\\\/uploads\\\/2025\\\/02\\\/soblogoweb-2025.png\",\"width\":450,\"height\":161,\"caption\":\"Socialismo o Barbarie\"},\"image\":{\"@id\":\"https:\\\/\\\/www.socialismoobarbarie.org\\\/#\\\/schema\\\/logo\\\/image\\\/\"}},{\"@type\":\"Person\",\"@id\":\"https:\\\/\\\/www.socialismoobarbarie.org\\\/#\\\/schema\\\/person\\\/bc1c3b321d47ed092405949c77e35a8e\",\"name\":\"SOB\",\"url\":\"https:\\\/\\\/www.socialismoobarbarie.org\\\/?author=8\"}]}<\/script>\n<!-- \/ Yoast SEO plugin. -->","yoast_head_json":{"title":"En duda la realizaci\u00f3n del refer\u00e9ndum del 9 de noviembre sobre la independencia - Socialismo o Barbarie","robots":{"index":"index","follow":"follow","max-snippet":"max-snippet:-1","max-image-preview":"max-image-preview:large","max-video-preview":"max-video-preview:-1"},"canonical":"https:\/\/www.socialismoobarbarie.org\/?p=3406","og_locale":"es_ES","og_type":"article","og_title":"En duda la realizaci\u00f3n del refer\u00e9ndum del 9 de noviembre sobre la independencia - Socialismo o Barbarie","og_description":". Barcelona.- El 11 de septiembre tuvo lugar una de las m\u00e1s grandes movilizaciones que recuerde la historia catalana. Casi dos millones de personas, en una regi\u00f3n de poco m\u00e1s de siete millones de habitantes, salieron a la calle para exigir que\u00a0el 9 de noviembre pr\u00f3ximo se realice un refer\u00e9ndum para votar, por s\u00ed o [&hellip;]","og_url":"https:\/\/www.socialismoobarbarie.org\/?p=3406","og_site_name":"Socialismo o Barbarie","article_published_time":"2014-09-19T20:32:18+00:00","article_modified_time":"2019-11-20T13:44:04+00:00","og_image":[{"width":690,"height":460,"url":"https:\/\/www.socialismoobarbarie.org\/wp-content\/uploads\/2014\/09\/140918-diada-11-septiembre-2014-690px.jpg","type":"image\/jpeg"}],"author":"SOB","twitter_card":"summary_large_image","twitter_misc":{"Escrito por":"SOB","Tiempo de lectura":"8 minutos"},"schema":{"@context":"https:\/\/schema.org","@graph":[{"@type":"Article","@id":"https:\/\/www.socialismoobarbarie.org\/?p=3406#article","isPartOf":{"@id":"https:\/\/www.socialismoobarbarie.org\/?p=3406"},"author":{"name":"SOB","@id":"https:\/\/www.socialismoobarbarie.org\/#\/schema\/person\/bc1c3b321d47ed092405949c77e35a8e"},"headline":"En duda la realizaci\u00f3n del refer\u00e9ndum del 9 de noviembre sobre la independencia","datePublished":"2014-09-19T20:32:18+00:00","dateModified":"2019-11-20T13:44:04+00:00","mainEntityOfPage":{"@id":"https:\/\/www.socialismoobarbarie.org\/?p=3406"},"wordCount":1572,"publisher":{"@id":"https:\/\/www.socialismoobarbarie.org\/#organization"},"image":{"@id":"https:\/\/www.socialismoobarbarie.org\/?p=3406#primaryimage"},"thumbnailUrl":"https:\/\/www.socialismoobarbarie.org\/wp-content\/uploads\/2014\/09\/140918-diada-11-septiembre-2014-690px.jpg","keywords":["Carla Tog","Catalunya"],"articleSection":["Estado espa\u00f1ol","Europa"],"inLanguage":"es"},{"@type":"WebPage","@id":"https:\/\/www.socialismoobarbarie.org\/?p=3406","url":"https:\/\/www.socialismoobarbarie.org\/?p=3406","name":"En duda la realizaci\u00f3n del refer\u00e9ndum del 9 de noviembre sobre la independencia - Socialismo o Barbarie","isPartOf":{"@id":"https:\/\/www.socialismoobarbarie.org\/#website"},"primaryImageOfPage":{"@id":"https:\/\/www.socialismoobarbarie.org\/?p=3406#primaryimage"},"image":{"@id":"https:\/\/www.socialismoobarbarie.org\/?p=3406#primaryimage"},"thumbnailUrl":"https:\/\/www.socialismoobarbarie.org\/wp-content\/uploads\/2014\/09\/140918-diada-11-septiembre-2014-690px.jpg","datePublished":"2014-09-19T20:32:18+00:00","dateModified":"2019-11-20T13:44:04+00:00","breadcrumb":{"@id":"https:\/\/www.socialismoobarbarie.org\/?p=3406#breadcrumb"},"inLanguage":"es","potentialAction":[{"@type":"ReadAction","target":["https:\/\/www.socialismoobarbarie.org\/?p=3406"]}]},{"@type":"ImageObject","inLanguage":"es","@id":"https:\/\/www.socialismoobarbarie.org\/?p=3406#primaryimage","url":"https:\/\/www.socialismoobarbarie.org\/wp-content\/uploads\/2014\/09\/140918-diada-11-septiembre-2014-690px.jpg","contentUrl":"https:\/\/www.socialismoobarbarie.org\/wp-content\/uploads\/2014\/09\/140918-diada-11-septiembre-2014-690px.jpg","width":690,"height":460},{"@type":"BreadcrumbList","@id":"https:\/\/www.socialismoobarbarie.org\/?p=3406#breadcrumb","itemListElement":[{"@type":"ListItem","position":1,"name":"Portada","item":"https:\/\/www.socialismoobarbarie.org\/"},{"@type":"ListItem","position":2,"name":"En duda la realizaci\u00f3n del refer\u00e9ndum del 9 de noviembre sobre la independencia"}]},{"@type":"WebSite","@id":"https:\/\/www.socialismoobarbarie.org\/#website","url":"https:\/\/www.socialismoobarbarie.org\/","name":"Socialismo o Barbarie","description":"Sitio web de la corriente internacional Socialismo o Barbarie","publisher":{"@id":"https:\/\/www.socialismoobarbarie.org\/#organization"},"potentialAction":[{"@type":"SearchAction","target":{"@type":"EntryPoint","urlTemplate":"https:\/\/www.socialismoobarbarie.org\/?s={search_term_string}"},"query-input":{"@type":"PropertyValueSpecification","valueRequired":true,"valueName":"search_term_string"}}],"inLanguage":"es"},{"@type":"Organization","@id":"https:\/\/www.socialismoobarbarie.org\/#organization","name":"Socialismo o Barbarie","url":"https:\/\/www.socialismoobarbarie.org\/","logo":{"@type":"ImageObject","inLanguage":"es","@id":"https:\/\/www.socialismoobarbarie.org\/#\/schema\/logo\/image\/","url":"https:\/\/www.socialismoobarbarie.org\/wp-content\/uploads\/2025\/02\/soblogoweb-2025.png","contentUrl":"https:\/\/www.socialismoobarbarie.org\/wp-content\/uploads\/2025\/02\/soblogoweb-2025.png","width":450,"height":161,"caption":"Socialismo o Barbarie"},"image":{"@id":"https:\/\/www.socialismoobarbarie.org\/#\/schema\/logo\/image\/"}},{"@type":"Person","@id":"https:\/\/www.socialismoobarbarie.org\/#\/schema\/person\/bc1c3b321d47ed092405949c77e35a8e","name":"SOB","url":"https:\/\/www.socialismoobarbarie.org\/?author=8"}]}},"_links":{"self":[{"href":"https:\/\/www.socialismoobarbarie.org\/index.php?rest_route=\/wp\/v2\/posts\/3406","targetHints":{"allow":["GET"]}}],"collection":[{"href":"https:\/\/www.socialismoobarbarie.org\/index.php?rest_route=\/wp\/v2\/posts"}],"about":[{"href":"https:\/\/www.socialismoobarbarie.org\/index.php?rest_route=\/wp\/v2\/types\/post"}],"author":[{"embeddable":true,"href":"https:\/\/www.socialismoobarbarie.org\/index.php?rest_route=\/wp\/v2\/users\/8"}],"replies":[{"embeddable":true,"href":"https:\/\/www.socialismoobarbarie.org\/index.php?rest_route=%2Fwp%2Fv2%2Fcomments&post=3406"}],"version-history":[{"count":4,"href":"https:\/\/www.socialismoobarbarie.org\/index.php?rest_route=\/wp\/v2\/posts\/3406\/revisions"}],"predecessor-version":[{"id":3426,"href":"https:\/\/www.socialismoobarbarie.org\/index.php?rest_route=\/wp\/v2\/posts\/3406\/revisions\/3426"}],"wp:featuredmedia":[{"embeddable":true,"href":"https:\/\/www.socialismoobarbarie.org\/index.php?rest_route=\/wp\/v2\/media\/3417"}],"wp:attachment":[{"href":"https:\/\/www.socialismoobarbarie.org\/index.php?rest_route=%2Fwp%2Fv2%2Fmedia&parent=3406"}],"wp:term":[{"taxonomy":"category","embeddable":true,"href":"https:\/\/www.socialismoobarbarie.org\/index.php?rest_route=%2Fwp%2Fv2%2Fcategories&post=3406"},{"taxonomy":"post_tag","embeddable":true,"href":"https:\/\/www.socialismoobarbarie.org\/index.php?rest_route=%2Fwp%2Fv2%2Ftags&post=3406"}],"curies":[{"name":"wp","href":"https:\/\/api.w.org\/{rel}","templated":true}]}}