{"id":4122,"date":"2014-12-27T11:53:40","date_gmt":"2014-12-27T21:53:40","guid":{"rendered":"https:\/\/www.socialismoobarbarie.org\/?p=4122"},"modified":"2015-03-31T12:17:23","modified_gmt":"2015-03-31T21:17:23","slug":"assemblee-citoyenne-de-podemos-course-a-la-moncloa-avec-programme-reformiste-podemos-le-filtre-de-lindignation","status":"publish","type":"post","link":"https:\/\/www.socialismoobarbarie.org\/?p=4122","title":{"rendered":"Assembl\u00e9e Citoyenne de Podemos: course \u00e0 la Moncloa avec programme r\u00e9formiste &#8211; \u00ab Podemos \u00bb, le filtre de l&#8217;indignation"},"content":{"rendered":"<p style=\"text-align: justify;\">Les jours 18 et 19 octobre, Podemos \u2013 la formation dirig\u00e9e par Pablo Iglesias, qui \u00a0obtenu 1,2 millions de votes et cinq d\u00e9put\u00e9s dans les derni\u00e8res europ\u00e9enness du 25 mai \u2013 a r\u00e9alis\u00e9 son Assembl\u00e9e Citoyenne. Il a \u00e9t\u00e9 l&#8217;acte fondateur apr\u00e8s lequel Podemos est devenu un \u00ab parti \u00bb et Pablo Iglesias son s\u00e9cretaire g\u00e9n\u00e9ral. Le \u00ab nouveau \u00bb parti a adopt\u00e9 le \u00ab mod\u00e8le organisationnel \u00bb pr\u00e9sent\u00e9 par l&#8217;\u00e9quipe de collaborateurs d\u2019Iglesias. Et environ 100 000 personnes l\u2019ont vot\u00e9 par \u00a0internet. Cet \u00e9v\u00e9nement a soulev\u00e9 plusieurs discussions et d\u00e9bats.<\/p>\n<p style=\"text-align: justify;\">La v\u00e9rit\u00e9 est que Podemos \u00a0appara\u00eet en t\u00eate dans l&#8217;intention vote dans les derniers sondages, surpassant le PP, qui gouverne, et le PSOE, qui est \u00e0 la t\u00eate de \u00a0\u00ab l\u2019opposition \u00bb. Cela ne serait jamais arriv\u00e9 avec une formation si jeune, de seulement huit mois d&#8217;existence.<\/p>\n<p style=\"text-align: justify;\">Podemos a d\u00e9j\u00e0 obtenu un r\u00e9sultat spectaculaire dans les europ\u00e9ennes en mai dernier. Et maintenant il renforce son lancement \u00e0 sept mois des \u00e9lections r\u00e9gionales et municipales et \u00e0 un an des \u00e9lections g\u00e9n\u00e9rales. Aux municipales il ne participera pas avec\u00a0 sa marque, mais int\u00e9grera d&#8217;autres candidatures. Et il est vrai que Podemos a \u00e9branl\u00e9 la sc\u00e8ne politique espagnole, pouvant faire basculer le jeu \u00e9lectoral et permettant d\u2019entrevoir une fin de cycle dans la politique espagnole si se confirment les pr\u00e9dictions des sondages.<\/p>\n<p style=\"text-align: justify;\">Pour cette raison, tout le monde fait r\u00e9f\u00e9rence \u00e0 Podemos comme un \u00ab ph\u00e9nom\u00e8ne \u00bb. Et de la m\u00eame fa\u00e7on qu&#8217;il \u00e9veille des illusions et des espoirs, il d\u00e9clenche \u00e9galement des craintes et des pr\u00e9occupations. En laissant de c\u00f4t\u00e9 les craintes qui viennent de la \u00a0\u00ab\u00a0caste\u00a0\u00bb \u00a0(terme utilis\u00e9 par Iglesias afin d&#8217;\u00e9viter de parler de classes sociales, les pauvres, les riches, ou de gauche et de droite) qui se sent menac\u00e9e dans ses positions et ses privil\u00e8ges, les illusions qui soul\u00e8ve Podemos atteignent de larges segments de la population mais aussi de l&#8217;activisme et de la gauche.<\/p>\n<p style=\"text-align: justify;\">De mani\u00e8re d\u00e9sint\u00e9ress\u00e9e beaucoup de gens parlent de Podemos comme \u00ab la revanche des indign\u00e9s \u00bb ou les \u00ab h\u00e9ritiers du 15M \u00bb, le 15 mai 2011, lorsque le mouvement des indign\u00e9s a \u00e9clat\u00e9. Cette \u00a0a suscit\u00e9 des protestations dans tout le pays contre les politiques d&#8217;aust\u00e9rit\u00e9, les coupes budg\u00e9taires, le bipartisme, la monarchie et la corruption. Rajoy a a d\u00e9fi\u00e9 le mouvement \u00e0 former un parti et se pr\u00e9senter aux \u00e9lections pour se battre pour ses propositions.<\/p>\n<p style=\"text-align: justify;\">Pour beaucoup de gens, ce parti existe aujourd&#8217;hui existe et s&#8217;appelle Podemos. Et la possibilit\u00e9 de plus en plus concr\u00e8te que Podemos ait une place au Congr\u00e8s, nourrit des espoirs d\u2019opposer\u00a0 quelque chose de \u00ab nouveau \u00bb ou de \u00ab diff\u00e9rent \u00bb \u00e0 la canaille qui gouverne l&#8217;Espagne depuis le retrait du r\u00e9gime franquiste. Cela a \u00e9t\u00e9 l&#8217;esprit et le moteur du 15M, la remise en cause des piliers fondamentaux de l&#8217;Espagne de la transition, la confrontation dans les rues contre les cons\u00e9quences des coupes budg\u00e9taires et l&#8217;app\u00e9tit et le d\u00e9sir que quelque chose change.<\/p>\n<p style=\"text-align: justify;\">Depuis sa cr\u00e9ation, \u00ab Podemos \u00bb a repris une grande partie de cet esprit dans son discours et dans son programme et en fait l\u2019a approuv\u00e9 dans les propositions avec lesquelles il a \u00a0obtenu cinq eurod\u00e9put\u00e9s. Mais il est \u00e9galement vrai que, depuis sa consolidation en tant que force politique, on remarque un cours d\u2019adaptation et un virage clair vers le centre dans ses propositions programmatiques, dans son discours et sa politique. Tout cela d\u00e9finit une strat\u00e9gie purement \u00e9lectorale et qui incarne un projet qui, faussement, cherche \u00e0 changer les conditions de vie des espagnols au sein du Parlement par des r\u00e9formes ti\u00e8des au niveau du r\u00e9gime. Et cela est incompatible avec l&#8217;esprit, les principes, les m\u00e9thodes, les demandes et les revendications que le 15M mis sur la table.<\/p>\n<h3 style=\"text-align: justify;\">Basculant le jeu \u00e9lectoral et glissant vers le centre de l\u2019\u00e9chiquier politique<\/h3>\n<p style=\"text-align: justify;\">On peut dire globalement que l&#8217;Assembl\u00e9e Citoyenne a constitu\u00e9 un \u00e9v\u00e9nement o\u00f9 la discussion s&#8217;est concentr\u00e9e autour des questions d&#8217;organisation, mettant le d\u00e9bat politique au deuxi\u00e8me plan. Bien que les deux questions qui ont pris le centre de l&#8217;attention ont \u00e9t\u00e9 le \u00ab mod\u00e8le d&#8217;organisation \u00bb et la question de la possibilit\u00e9 de se pr\u00e9senter aux \u00e9lections municipales en 2015 avec le nom Podemos, \u00a0c\u2019est le premier qui s\u2019est \u00e9t\u00e9 impos\u00e9 et qui a domin\u00e9 la sc\u00e8ne. En bref, beaucoup a \u00e9t\u00e9 discut\u00e9 et r\u00e9solu sur la \u00ab forme \u00bb d&#8217;organisation de Podemos, mais peu ou rien n&#8217;a \u00e9t\u00e9 discut\u00e9e sur sa politique, sa strat\u00e9gie et son programme.<\/p>\n<p style=\"text-align: justify;\">Toutefois, dans le discours d&#8217;ouverture de l&#8217;Assembl\u00e9e et dans ses apparitions m\u00e9diatiques suivantes et permanentes, le Secr\u00e9taire g\u00e9n\u00e9ral lui-m\u00eame s\u2019est charg\u00e9 charg\u00e9 de donner l&#8217;orientation du projet programmatique qui commence \u00e0 s\u2019esquisser et \u00e0 se fixer. Comme tout le monde l&#8217;a not\u00e9, il exprime un virage rapide et clair vers la mod\u00e9ration. La mod\u00e9ration dans le discours, la pr\u00e9caution dans les propositions et la prudence dans la politique, montrent que Podemos s\u2019\u00e9loigne de plus en plus des propositions programmatiques avec lesquelles il a obtenu non seulement cinq d\u00e9put\u00e9s europ\u00e9ens, mais aussi la confiance de ceux qui ont vot\u00e9 pour eux et voient en Podemos une possibilit\u00e9 de changement r\u00e9el.<\/p>\n<p style=\"text-align: justify;\">\u00ab Nous sommes ici pour gagner! non pas pour \u00eatre une force sans importance. Le pays tout entier nous regarde. La caste est vraiment inqui\u00e8te! N&#8217;est-ce pas? Nous n&#8217;avons pas peur de discuter parce que nous nous jouons un pays\u00bb.\u00a0 \u00bb Ce sont les mots avec lesquels Pablo Iglesias a ouvert l&#8217;Assembl\u00e9e. Et au milieu des cris de \u00ab Oui on peut!\u00a0\u00bb il a insist\u00e9 sur la possibilit\u00e9 r\u00e9elle de conqu\u00e9rir le pouvoir face aux partis de la \u00a0\u00ab\u00a0caste\u00a0\u00bb. Il a reconnu que le d\u00e9fi est \u00ab tr\u00e8s difficile \u00bb et il a dit que \u00ab nous ne pouvons nous permettre aucune erreur \u00bb&#8230; sans pr\u00e9ciser le caract\u00e8re politique de cette \u00ab erreur \u00bb possible.<\/p>\n<p style=\"text-align: justify;\">Il a ajout\u00e9 \u00e9galement que Podemos veut occuper \u00ab le centre de l\u2019\u00e9chiquier politique \u00bb espagnol: l&#8217;espace de \u00ab une majorit\u00e9 sociale qui fait le pari de la d\u00e9cence \u00bb et pour que \u00a0\u00ab\u00a0les riches paient des imp\u00f4ts, pour que nous d\u00e9mocratisons l\u2019\u00e9conomie et ne la laissons pas entre les mains de voleurs\u00a0\u00bb. Il a dit que ceux qui gouvernent aujourd\u2019hui \u00abn&#8217;ont comme patrie que leurs comptes bancaires en Suisse ou Andorre \u00bb, lorsque la patrie des citoyens n&#8217;est qu&#8217;un pays dot\u00e9 des meilleurs services. \u00ab Patrie c\u2019est se sentir fier d&#8217;avoir les meilleures \u00e9coles et les meilleurs h\u00f4pitaux. \u00bb Parce que \u00a0\u00ab\u00a0ce n&#8217;est pas la caste ce qui fait marcher le pays, c&#8217;est les gens \u00bb il a dit et il a exclam\u00e9: \u00ab C&#8217;est \u00e7a notre patrie, les gens! \u00bb. Iglesias a promis une campagne (pour les \u00e9lections g\u00e9n\u00e9rales) \u00ab qui sera \u00e9tudi\u00e9e dans les facult\u00e9s de Politique \u00bb. Et il a conclu: \u00ab le ciel ne se prend pas par consensus, il se prend d&#8217;assaut \u00bb.<\/p>\n<p style=\"text-align: justify;\">En effet, le ciel se prend d&#8217;assaut. Mais cet assaut \u00a0ne se produira pas avec une politique comme celle que Iglesias propose maintenant. Il s\u2019agit d\u2019une d\u00e9finition claire du virage vers le centre et d\u2019une version \u00ab\u00a0light\u00a0\u00bb du programme original, qui met de c\u00f4t\u00e9 les grands exigences structurelles et profile un programme r\u00e9formiste. C&#8217;est-\u00e0-dire: un programme de r\u00e9formes superficielles, de changements cosm\u00e9tiques au niveau du r\u00e9gime, sans toucher trop la structure capitaliste, sur laquelle repose l&#8217;\u00c9tat espagnol h\u00e9rit\u00e9 du 78. Puisque si on ne combat pas le syst\u00e8me, la position strat\u00e9gique de Podemos de conqu\u00e9rir des places au sein du gouvernement et de mettre en \u0153uvre des r\u00e9formes, se r\u00e9duisent \u00e0 une fin en soi; tout au plus, \u00e0 une administration r\u00e9formiste du pays.<\/p>\n<p style=\"text-align: justify;\">Ce mouvement vers le centre s\u2019est confirm\u00e9 dans le silence scandaleux de Podemos face \u00e0 deux grandes questions soulev\u00e9es dans la r\u00e9alit\u00e9 du pays l&#8217;an dernier; la Loi de l&#8217;Avortement et le droit de d\u00e9cider des Catalans. Ces deux questions ont cliv\u00e9 la soci\u00e9t\u00e9, ont mobilis\u00e9 et ont attir\u00e9 l&#8217;attention de tout le monde. Mais Podemos n\u2019a rien dit \u00e0 cet \u00e9gard, ni en faveur des femmes \u00e0 d\u00e9cider de leur propre corps, ou en faveur des catalans de d\u00e9cider de leur avenir.<\/p>\n<p style=\"text-align: justify;\">Iglesias ne s\u2019est m\u00eame pas prononc\u00e9 dans l\u2019\u00e9mission de Ana Pastor, \u00ab L&#8217;objectif \u00bb (qui a battu le record d&#8217;audience), quand elle lui a demand\u00e9 si oui ou non dans un r\u00e9f\u00e9rendum Monarchie-R\u00e9publique. Il a parl\u00e9 de \u00ab processus constituant \u00bb et a d\u00e9clar\u00e9 que \u00abmonarchie ou R\u00e9publique est un d\u00e9bat us\u00e9 \u00bb. Et que, de toute fa\u00e7on, \u00ab la question devrait \u00eatre si les espagnols sommes assez responsables pour d\u00e9cider si le chef de l&#8217;Etat doit \u00eatre \u00e9lu dans les urnes ou par le sang bleu \u00bb. L&#8217;abdication r\u00e9cente du Bourbon et les manifestations qui lui ont succ\u00e9d\u00e9 \u00a0demandant un r\u00e9f\u00e9rendum pour \u00a0la R\u00e9publique ou la fin de la monarchie semblent \u00eatre \u00ab us\u00e9 \u00bb pour Iglesias. Cependant, ils \u00e9taient plus \u00e0 gauche que lui, en mettant en question ou en demandant la fin d&#8217;une des institutions h\u00e9rit\u00e9es de Franco.<\/p>\n<p style=\"text-align: justify;\">Un autre exemple de cette politique de plus en plus de centre, est la question de la dette ext\u00e9rieure. Bien que dans le programme original pr\u00e9sent\u00e9 dans les derniers europ\u00e9ennes \u00a0on parlait du\u00ab non paiement \u00bb de la dette, maintenant on parle du \u00ab non paiement de la partie ill\u00e9gitime apr\u00e8s un audit citoyen \u00bb. Face \u00e0 cette question la question d\u2019Ana Pastor a \u00e9t\u00e9 lapidaire: \u00ab \u00a0vous ne reconnaissez pas que vous \u00eates en train de mod\u00e9rer le message? \u00bb Iglesias a dit que \u00ab c&#8217;est un moyen d&#8217;\u00e9viter qu\u2019ils disent (\u00abla caste\u00bb), que nous ne voulons pas payer \u00bb. Mais il est clair que payer n&#8217;est pas la m\u00eame chose que ne pas le faire, m\u00eame s\u2019il s\u2019agit seulement 50 euros. Et cela donne plus de tranquillit\u00e9 \u00e0 la caste, que d\u2019espoirs et des avantages concrets aux espagnols.<\/p>\n<p style=\"text-align: justify;\">Bien s\u00fbr, conform\u00e9ment \u00e0 ce qui pr\u00e9c\u00e8de et non par erreur ou oubli, les grands absents dans le discours et dans la politique de Podemos sont les travailleurs. Et il n\u2019a m\u00eame pas eu un soutien minuscule de Podemos aux luttes ouvri\u00e8res importantes, tels que celles des compagnons de Panrico et Coca Cola, par exemple.<\/p>\n<p style=\"text-align: justify;\">Ce glissement vers le centre de l\u2019\u00e9chiquier politique, qui montre l&#8217;abandon et le renoncement des grandes exigences structurelles, indique \u00a0tout simplement que la strat\u00e9gie pr\u00e9sent\u00e9e par Podemos qui, selon les mots d\u2019Iglesias, peut se r\u00e9sumer par \u00ab gagner les \u00e9lections \u00bb et parvenir \u00e0 un \u00ab gouvernement des gens \u00bb. C&#8217;est-\u00e0-dire appliquer une strat\u00e9gie purement \u00e9lectorale avec un programme clairement r\u00e9formiste, qui \u00a0ne peut signifier que des changements superficiels au niveau du r\u00e9gime, laissant tout le reste tel quel&#8230;<\/p>\n<h3 style=\"text-align: justify;\">Pour un regroupement des r\u00e9volutionnaires<\/h3>\n<p style=\"text-align: justify;\">A cela s\u2019ajoute la cons\u00e9cration d&#8217;un r\u00e9gime interne totalement anti-d\u00e9mocratique. Commen\u00e7ant par le mode de votation de l&#8217;Assembl\u00e9e Citoyenne qui, en semblant \u00eatre \u00ab d\u00e9mocratique \u00bb cache tout le contraire: le vote \u00e9lectronique avec lequel les propositions ont \u00e9t\u00e9 valid\u00e9s met au m\u00eame niveau ceux qui ont fait un simple clic depuis chez eux et ceux qui militent quotidiennement au sein de l&#8217;organisation. Il contribue \u00e9galement \u00e0 donner un poids disproportionn\u00e9 \u00e0 Pablo Iglesias, personnage hautement m\u00e9diatis\u00e9. Cela s\u2019ajoute aux r\u00e9solutions prises: choisir la direction national \u00e0 travers une liste ferm\u00e9e, emp\u00eacher les cercles locales de se pr\u00e9senter aux municipales et emp\u00eacher la double appartenance &#8211; c&#8217;est-\u00e0-dire, appartenir \u00e0 la fois \u00e0 Podemos et \u00e0 un autre parti &#8211; r\u00e9solution visant directement les militants d\u2019Izquierda Anticapitalista.<\/p>\n<p style=\"text-align: justify;\">Ce programme vise \u00e0 faire taire l&#8217;opposition interne, afin d&#8217;\u00e9vacuer tout d\u00e9bat d\u00e9mocratique par le biais de l&#8217;appel au \u00a0\u00ab\u00a0caudillo\u00a0\u00bb m\u00e9diatique Iglesias, ma\u00eetre et seigneur de Podemos. Il vise \u00e9galement \u00e0 emp\u00eacher une v\u00e9ritable \u00e9laboration collective au sein d&#8217;une formation qui a attir\u00e9 des centaines de personnes qui ont fait partie des mouvements sociaux et qui font leur premi\u00e8re exp\u00e9rience politique, isolant ainsi cette audience de la gauche r\u00e9volutionnaire.<\/p>\n<p style=\"text-align: justify;\">Dans ce contexte, o\u00f9 la crise \u00e9conomique fait\u00a0 encore des ravages, face \u00e0 la crise aigu\u00eb du r\u00e9gime et du bipartisme et face \u00e0 l&#8217;option fausse et trompeuse d\u2019issue r\u00e9formiste qui\u00a0 propose la direction de Podemos de changer les choses au sein du Parlement et avec des r\u00e9formes, il est n\u00e9cessaire et urgent de remettre dans le centre de la sc\u00e8ne la classe ouvri\u00e8re, ses luttes, ses m\u00e9thodes et son programme, comme la garantie unique de vraiment am\u00e9liorer nos conditions mat\u00e9rielles de vie.<\/p>\n<p style=\"text-align: justify;\">Pour d\u00e9fendre cette perspective, il est imp\u00e9ratif de discuter une intervention commune de tous ceux qui nous r\u00e9clamons du marxisme r\u00e9volutionnaire, comme un point de d\u00e9part fondamental pour avancer dans le regroupement des r\u00e9volutionnaires.<\/p>\n","protected":false},"excerpt":{"rendered":"<p>Les jours 18 et 19 octobre, Podemos \u2013 la formation dirig\u00e9e par Pablo Iglesias, qui \u00a0obtenu 1,2 millions de votes et cinq d\u00e9put\u00e9s dans les derni\u00e8res europ\u00e9enness du 25 mai \u2013 a r\u00e9alis\u00e9 son Assembl\u00e9e Citoyenne. Il a \u00e9t\u00e9 l&#8217;acte fondateur apr\u00e8s lequel Podemos est devenu un \u00ab parti \u00bb et Pablo Iglesias son s\u00e9cretaire [&hellip;]<\/p>\n","protected":false},"author":8,"featured_media":3984,"comment_status":"closed","ping_status":"closed","sticky":false,"template":"","format":"standard","meta":{"footnotes":""},"categories":[467],"tags":[],"class_list":{"0":"post-4122","1":"post","2":"type-post","3":"status-publish","4":"format-standard","5":"has-post-thumbnail","7":"category-french"},"yoast_head":"<!-- This site is optimized with the Yoast SEO plugin v28.2 - https:\/\/yoast.com\/product\/yoast-seo-wordpress\/ -->\n<title>Assembl\u00e9e Citoyenne de Podemos: course \u00e0 la Moncloa avec programme r\u00e9formiste - \u00ab Podemos \u00bb, le filtre de l&#039;indignation - Socialismo o Barbarie<\/title>\n<meta name=\"robots\" content=\"index, follow, max-snippet:-1, max-image-preview:large, max-video-preview:-1\" \/>\n<link rel=\"canonical\" href=\"https:\/\/www.socialismoobarbarie.org\/?p=4122\" \/>\n<meta property=\"og:locale\" content=\"es_ES\" \/>\n<meta property=\"og:type\" content=\"article\" \/>\n<meta property=\"og:title\" content=\"Assembl\u00e9e Citoyenne de Podemos: course \u00e0 la Moncloa avec programme r\u00e9formiste - \u00ab Podemos \u00bb, le filtre de l&#039;indignation - Socialismo o Barbarie\" \/>\n<meta property=\"og:description\" content=\"Les jours 18 et 19 octobre, Podemos \u2013 la formation dirig\u00e9e par Pablo Iglesias, qui \u00a0obtenu 1,2 millions de votes et cinq d\u00e9put\u00e9s dans les derni\u00e8res europ\u00e9enness du 25 mai \u2013 a r\u00e9alis\u00e9 son Assembl\u00e9e Citoyenne. Il a \u00e9t\u00e9 l&#8217;acte fondateur apr\u00e8s lequel Podemos est devenu un \u00ab parti \u00bb et Pablo Iglesias son s\u00e9cretaire [&hellip;]\" \/>\n<meta property=\"og:url\" content=\"https:\/\/www.socialismoobarbarie.org\/?p=4122\" \/>\n<meta property=\"og:site_name\" content=\"Socialismo o Barbarie\" \/>\n<meta property=\"article:published_time\" content=\"2014-12-27T21:53:40+00:00\" \/>\n<meta property=\"article:modified_time\" content=\"2015-03-31T21:17:23+00:00\" \/>\n<meta property=\"og:image\" content=\"https:\/\/www.socialismoobarbarie.org\/wp-content\/uploads\/2014\/12\/141210-logo-podemos-690x377.jpg\" \/>\n\t<meta property=\"og:image:width\" content=\"690\" \/>\n\t<meta property=\"og:image:height\" content=\"377\" \/>\n\t<meta property=\"og:image:type\" content=\"image\/jpeg\" \/>\n<meta name=\"author\" content=\"SOB\" \/>\n<meta name=\"twitter:card\" content=\"summary_large_image\" \/>\n<meta name=\"twitter:label1\" content=\"Escrito por\" \/>\n\t<meta name=\"twitter:data1\" content=\"SOB\" \/>\n\t<meta name=\"twitter:label2\" content=\"Tiempo de lectura\" \/>\n\t<meta name=\"twitter:data2\" content=\"11 minutos\" \/>\n<script type=\"application\/ld+json\" class=\"yoast-schema-graph\">{\"@context\":\"https:\\\/\\\/schema.org\",\"@graph\":[{\"@type\":\"Article\",\"@id\":\"https:\\\/\\\/www.socialismoobarbarie.org\\\/?p=4122#article\",\"isPartOf\":{\"@id\":\"https:\\\/\\\/www.socialismoobarbarie.org\\\/?p=4122\"},\"author\":{\"name\":\"SOB\",\"@id\":\"https:\\\/\\\/www.socialismoobarbarie.org\\\/#\\\/schema\\\/person\\\/bc1c3b321d47ed092405949c77e35a8e\"},\"headline\":\"Assembl\u00e9e Citoyenne de Podemos: course \u00e0 la Moncloa avec programme r\u00e9formiste &#8211; \u00ab Podemos \u00bb, le filtre de l&#8217;indignation\",\"datePublished\":\"2014-12-27T21:53:40+00:00\",\"dateModified\":\"2015-03-31T21:17:23+00:00\",\"mainEntityOfPage\":{\"@id\":\"https:\\\/\\\/www.socialismoobarbarie.org\\\/?p=4122\"},\"wordCount\":2287,\"publisher\":{\"@id\":\"https:\\\/\\\/www.socialismoobarbarie.org\\\/#organization\"},\"image\":{\"@id\":\"https:\\\/\\\/www.socialismoobarbarie.org\\\/?p=4122#primaryimage\"},\"thumbnailUrl\":\"https:\\\/\\\/www.socialismoobarbarie.org\\\/wp-content\\\/uploads\\\/2014\\\/12\\\/141210-logo-podemos-690x377.jpg\",\"articleSection\":[\"Fran\u00e7ais\"],\"inLanguage\":\"es\"},{\"@type\":\"WebPage\",\"@id\":\"https:\\\/\\\/www.socialismoobarbarie.org\\\/?p=4122\",\"url\":\"https:\\\/\\\/www.socialismoobarbarie.org\\\/?p=4122\",\"name\":\"Assembl\u00e9e Citoyenne de Podemos: course \u00e0 la Moncloa avec programme r\u00e9formiste - \u00ab Podemos \u00bb, le filtre de l'indignation - Socialismo o Barbarie\",\"isPartOf\":{\"@id\":\"https:\\\/\\\/www.socialismoobarbarie.org\\\/#website\"},\"primaryImageOfPage\":{\"@id\":\"https:\\\/\\\/www.socialismoobarbarie.org\\\/?p=4122#primaryimage\"},\"image\":{\"@id\":\"https:\\\/\\\/www.socialismoobarbarie.org\\\/?p=4122#primaryimage\"},\"thumbnailUrl\":\"https:\\\/\\\/www.socialismoobarbarie.org\\\/wp-content\\\/uploads\\\/2014\\\/12\\\/141210-logo-podemos-690x377.jpg\",\"datePublished\":\"2014-12-27T21:53:40+00:00\",\"dateModified\":\"2015-03-31T21:17:23+00:00\",\"breadcrumb\":{\"@id\":\"https:\\\/\\\/www.socialismoobarbarie.org\\\/?p=4122#breadcrumb\"},\"inLanguage\":\"es\",\"potentialAction\":[{\"@type\":\"ReadAction\",\"target\":[\"https:\\\/\\\/www.socialismoobarbarie.org\\\/?p=4122\"]}]},{\"@type\":\"ImageObject\",\"inLanguage\":\"es\",\"@id\":\"https:\\\/\\\/www.socialismoobarbarie.org\\\/?p=4122#primaryimage\",\"url\":\"https:\\\/\\\/www.socialismoobarbarie.org\\\/wp-content\\\/uploads\\\/2014\\\/12\\\/141210-logo-podemos-690x377.jpg\",\"contentUrl\":\"https:\\\/\\\/www.socialismoobarbarie.org\\\/wp-content\\\/uploads\\\/2014\\\/12\\\/141210-logo-podemos-690x377.jpg\",\"width\":690,\"height\":377},{\"@type\":\"BreadcrumbList\",\"@id\":\"https:\\\/\\\/www.socialismoobarbarie.org\\\/?p=4122#breadcrumb\",\"itemListElement\":[{\"@type\":\"ListItem\",\"position\":1,\"name\":\"Portada\",\"item\":\"https:\\\/\\\/www.socialismoobarbarie.org\\\/\"},{\"@type\":\"ListItem\",\"position\":2,\"name\":\"Assembl\u00e9e Citoyenne de Podemos: course \u00e0 la Moncloa avec programme r\u00e9formiste &#8211; \u00ab Podemos \u00bb, le filtre de l&#8217;indignation\"}]},{\"@type\":\"WebSite\",\"@id\":\"https:\\\/\\\/www.socialismoobarbarie.org\\\/#website\",\"url\":\"https:\\\/\\\/www.socialismoobarbarie.org\\\/\",\"name\":\"Socialismo o Barbarie\",\"description\":\"Sitio web de la corriente internacional Socialismo o Barbarie\",\"publisher\":{\"@id\":\"https:\\\/\\\/www.socialismoobarbarie.org\\\/#organization\"},\"potentialAction\":[{\"@type\":\"SearchAction\",\"target\":{\"@type\":\"EntryPoint\",\"urlTemplate\":\"https:\\\/\\\/www.socialismoobarbarie.org\\\/?s={search_term_string}\"},\"query-input\":{\"@type\":\"PropertyValueSpecification\",\"valueRequired\":true,\"valueName\":\"search_term_string\"}}],\"inLanguage\":\"es\"},{\"@type\":\"Organization\",\"@id\":\"https:\\\/\\\/www.socialismoobarbarie.org\\\/#organization\",\"name\":\"Socialismo o Barbarie\",\"url\":\"https:\\\/\\\/www.socialismoobarbarie.org\\\/\",\"logo\":{\"@type\":\"ImageObject\",\"inLanguage\":\"es\",\"@id\":\"https:\\\/\\\/www.socialismoobarbarie.org\\\/#\\\/schema\\\/logo\\\/image\\\/\",\"url\":\"https:\\\/\\\/www.socialismoobarbarie.org\\\/wp-content\\\/uploads\\\/2025\\\/02\\\/soblogoweb-2025.png\",\"contentUrl\":\"https:\\\/\\\/www.socialismoobarbarie.org\\\/wp-content\\\/uploads\\\/2025\\\/02\\\/soblogoweb-2025.png\",\"width\":450,\"height\":161,\"caption\":\"Socialismo o Barbarie\"},\"image\":{\"@id\":\"https:\\\/\\\/www.socialismoobarbarie.org\\\/#\\\/schema\\\/logo\\\/image\\\/\"}},{\"@type\":\"Person\",\"@id\":\"https:\\\/\\\/www.socialismoobarbarie.org\\\/#\\\/schema\\\/person\\\/bc1c3b321d47ed092405949c77e35a8e\",\"name\":\"SOB\",\"url\":\"https:\\\/\\\/www.socialismoobarbarie.org\\\/?author=8\"}]}<\/script>\n<!-- \/ Yoast SEO plugin. -->","yoast_head_json":{"title":"Assembl\u00e9e Citoyenne de Podemos: course \u00e0 la Moncloa avec programme r\u00e9formiste - \u00ab Podemos \u00bb, le filtre de l'indignation - Socialismo o Barbarie","robots":{"index":"index","follow":"follow","max-snippet":"max-snippet:-1","max-image-preview":"max-image-preview:large","max-video-preview":"max-video-preview:-1"},"canonical":"https:\/\/www.socialismoobarbarie.org\/?p=4122","og_locale":"es_ES","og_type":"article","og_title":"Assembl\u00e9e Citoyenne de Podemos: course \u00e0 la Moncloa avec programme r\u00e9formiste - \u00ab Podemos \u00bb, le filtre de l'indignation - Socialismo o Barbarie","og_description":"Les jours 18 et 19 octobre, Podemos \u2013 la formation dirig\u00e9e par Pablo Iglesias, qui \u00a0obtenu 1,2 millions de votes et cinq d\u00e9put\u00e9s dans les derni\u00e8res europ\u00e9enness du 25 mai \u2013 a r\u00e9alis\u00e9 son Assembl\u00e9e Citoyenne. Il a \u00e9t\u00e9 l&#8217;acte fondateur apr\u00e8s lequel Podemos est devenu un \u00ab parti \u00bb et Pablo Iglesias son s\u00e9cretaire [&hellip;]","og_url":"https:\/\/www.socialismoobarbarie.org\/?p=4122","og_site_name":"Socialismo o Barbarie","article_published_time":"2014-12-27T21:53:40+00:00","article_modified_time":"2015-03-31T21:17:23+00:00","og_image":[{"width":690,"height":377,"url":"https:\/\/www.socialismoobarbarie.org\/wp-content\/uploads\/2014\/12\/141210-logo-podemos-690x377.jpg","type":"image\/jpeg"}],"author":"SOB","twitter_card":"summary_large_image","twitter_misc":{"Escrito por":"SOB","Tiempo de lectura":"11 minutos"},"schema":{"@context":"https:\/\/schema.org","@graph":[{"@type":"Article","@id":"https:\/\/www.socialismoobarbarie.org\/?p=4122#article","isPartOf":{"@id":"https:\/\/www.socialismoobarbarie.org\/?p=4122"},"author":{"name":"SOB","@id":"https:\/\/www.socialismoobarbarie.org\/#\/schema\/person\/bc1c3b321d47ed092405949c77e35a8e"},"headline":"Assembl\u00e9e Citoyenne de Podemos: course \u00e0 la Moncloa avec programme r\u00e9formiste &#8211; \u00ab Podemos \u00bb, le filtre de l&#8217;indignation","datePublished":"2014-12-27T21:53:40+00:00","dateModified":"2015-03-31T21:17:23+00:00","mainEntityOfPage":{"@id":"https:\/\/www.socialismoobarbarie.org\/?p=4122"},"wordCount":2287,"publisher":{"@id":"https:\/\/www.socialismoobarbarie.org\/#organization"},"image":{"@id":"https:\/\/www.socialismoobarbarie.org\/?p=4122#primaryimage"},"thumbnailUrl":"https:\/\/www.socialismoobarbarie.org\/wp-content\/uploads\/2014\/12\/141210-logo-podemos-690x377.jpg","articleSection":["Fran\u00e7ais"],"inLanguage":"es"},{"@type":"WebPage","@id":"https:\/\/www.socialismoobarbarie.org\/?p=4122","url":"https:\/\/www.socialismoobarbarie.org\/?p=4122","name":"Assembl\u00e9e Citoyenne de Podemos: course \u00e0 la Moncloa avec programme r\u00e9formiste - \u00ab Podemos \u00bb, le filtre de l'indignation - Socialismo o Barbarie","isPartOf":{"@id":"https:\/\/www.socialismoobarbarie.org\/#website"},"primaryImageOfPage":{"@id":"https:\/\/www.socialismoobarbarie.org\/?p=4122#primaryimage"},"image":{"@id":"https:\/\/www.socialismoobarbarie.org\/?p=4122#primaryimage"},"thumbnailUrl":"https:\/\/www.socialismoobarbarie.org\/wp-content\/uploads\/2014\/12\/141210-logo-podemos-690x377.jpg","datePublished":"2014-12-27T21:53:40+00:00","dateModified":"2015-03-31T21:17:23+00:00","breadcrumb":{"@id":"https:\/\/www.socialismoobarbarie.org\/?p=4122#breadcrumb"},"inLanguage":"es","potentialAction":[{"@type":"ReadAction","target":["https:\/\/www.socialismoobarbarie.org\/?p=4122"]}]},{"@type":"ImageObject","inLanguage":"es","@id":"https:\/\/www.socialismoobarbarie.org\/?p=4122#primaryimage","url":"https:\/\/www.socialismoobarbarie.org\/wp-content\/uploads\/2014\/12\/141210-logo-podemos-690x377.jpg","contentUrl":"https:\/\/www.socialismoobarbarie.org\/wp-content\/uploads\/2014\/12\/141210-logo-podemos-690x377.jpg","width":690,"height":377},{"@type":"BreadcrumbList","@id":"https:\/\/www.socialismoobarbarie.org\/?p=4122#breadcrumb","itemListElement":[{"@type":"ListItem","position":1,"name":"Portada","item":"https:\/\/www.socialismoobarbarie.org\/"},{"@type":"ListItem","position":2,"name":"Assembl\u00e9e Citoyenne de Podemos: course \u00e0 la Moncloa avec programme r\u00e9formiste &#8211; \u00ab Podemos \u00bb, le filtre de l&#8217;indignation"}]},{"@type":"WebSite","@id":"https:\/\/www.socialismoobarbarie.org\/#website","url":"https:\/\/www.socialismoobarbarie.org\/","name":"Socialismo o Barbarie","description":"Sitio web de la corriente internacional Socialismo o Barbarie","publisher":{"@id":"https:\/\/www.socialismoobarbarie.org\/#organization"},"potentialAction":[{"@type":"SearchAction","target":{"@type":"EntryPoint","urlTemplate":"https:\/\/www.socialismoobarbarie.org\/?s={search_term_string}"},"query-input":{"@type":"PropertyValueSpecification","valueRequired":true,"valueName":"search_term_string"}}],"inLanguage":"es"},{"@type":"Organization","@id":"https:\/\/www.socialismoobarbarie.org\/#organization","name":"Socialismo o Barbarie","url":"https:\/\/www.socialismoobarbarie.org\/","logo":{"@type":"ImageObject","inLanguage":"es","@id":"https:\/\/www.socialismoobarbarie.org\/#\/schema\/logo\/image\/","url":"https:\/\/www.socialismoobarbarie.org\/wp-content\/uploads\/2025\/02\/soblogoweb-2025.png","contentUrl":"https:\/\/www.socialismoobarbarie.org\/wp-content\/uploads\/2025\/02\/soblogoweb-2025.png","width":450,"height":161,"caption":"Socialismo o Barbarie"},"image":{"@id":"https:\/\/www.socialismoobarbarie.org\/#\/schema\/logo\/image\/"}},{"@type":"Person","@id":"https:\/\/www.socialismoobarbarie.org\/#\/schema\/person\/bc1c3b321d47ed092405949c77e35a8e","name":"SOB","url":"https:\/\/www.socialismoobarbarie.org\/?author=8"}]}},"_links":{"self":[{"href":"https:\/\/www.socialismoobarbarie.org\/index.php?rest_route=\/wp\/v2\/posts\/4122","targetHints":{"allow":["GET"]}}],"collection":[{"href":"https:\/\/www.socialismoobarbarie.org\/index.php?rest_route=\/wp\/v2\/posts"}],"about":[{"href":"https:\/\/www.socialismoobarbarie.org\/index.php?rest_route=\/wp\/v2\/types\/post"}],"author":[{"embeddable":true,"href":"https:\/\/www.socialismoobarbarie.org\/index.php?rest_route=\/wp\/v2\/users\/8"}],"replies":[{"embeddable":true,"href":"https:\/\/www.socialismoobarbarie.org\/index.php?rest_route=%2Fwp%2Fv2%2Fcomments&post=4122"}],"version-history":[{"count":1,"href":"https:\/\/www.socialismoobarbarie.org\/index.php?rest_route=\/wp\/v2\/posts\/4122\/revisions"}],"predecessor-version":[{"id":4123,"href":"https:\/\/www.socialismoobarbarie.org\/index.php?rest_route=\/wp\/v2\/posts\/4122\/revisions\/4123"}],"wp:featuredmedia":[{"embeddable":true,"href":"https:\/\/www.socialismoobarbarie.org\/index.php?rest_route=\/wp\/v2\/media\/3984"}],"wp:attachment":[{"href":"https:\/\/www.socialismoobarbarie.org\/index.php?rest_route=%2Fwp%2Fv2%2Fmedia&parent=4122"}],"wp:term":[{"taxonomy":"category","embeddable":true,"href":"https:\/\/www.socialismoobarbarie.org\/index.php?rest_route=%2Fwp%2Fv2%2Fcategories&post=4122"},{"taxonomy":"post_tag","embeddable":true,"href":"https:\/\/www.socialismoobarbarie.org\/index.php?rest_route=%2Fwp%2Fv2%2Ftags&post=4122"}],"curies":[{"name":"wp","href":"https:\/\/api.w.org\/{rel}","templated":true}]}}