{"id":4253,"date":"2015-02-13T03:39:55","date_gmt":"2015-02-13T06:39:55","guid":{"rendered":"https:\/\/www.socialismoobarbarie.org\/?p=4253"},"modified":"2019-11-20T10:40:58","modified_gmt":"2019-11-20T13:40:58","slug":"grecia-y-syriza-en-el-centro-de-las-expectativas-europeas-movilizacion-o-capitulacion","status":"publish","type":"post","link":"https:\/\/www.socialismoobarbarie.org\/?p=4253","title":{"rendered":"\u25ba Negociaciones de Tsipras y Varoufakis con la UE: movilizaci\u00f3n o capitulaci\u00f3n"},"content":{"rendered":"<p style=\"text-align: right;\">.<\/p>\n<p style=\"text-align: right;\"><em>\u201cLa aparici\u00f3n del nuevo ministro de Finanzas griego, <strong>Yanis Varoufakis<\/strong>, provoc\u00f3 tal conmoci\u00f3n en los europeos que su popularidad incluso est\u00e1 logrando eclipsar al primer ministro de su pa\u00eds, <strong>Alexis Tsipras<\/strong>. Cada vez que sale de una cita oficial, tanto en Grecia como en el resto de Europa, decenas de mujeres j\u00f3venes lo esperan para aplaudirlo y tomarse selfies con \u00e9l.<\/em><\/p>\n<p style=\"text-align: right;\"><em>\u201cLo extra\u00f1o ser\u00eda que no fuera as\u00ed. Dentro de Grecia es admirado por el inusual coraje que demostr\u00f3 para tomar las riendas econ\u00f3micas de ese pa\u00eds al borde del precipicio. En el mundo causa fascinaci\u00f3n por su prestigio acad\u00e9mico, su ingl\u00e9s impecable y el glamour de su imagen: buen mozo, sexy e iconoclasta hasta en la forma de vestir, tambi\u00e9n integra el jet set intelectual europeo junto con su esposa, la brillante artista pl\u00e1stica D\u00e1nae Stratou.<\/em><\/p>\n<p style=\"text-align: right;\"><em>\u201cSin escolta, invariablemente montado en una potente moto Yamaha, vestido de jeans y camisa fuera del pantal\u00f3n, ese economista de 53 a\u00f1os, con la cabeza rapada y mand\u00edbulas de Jackaroe, es capaz de decir \u00abqu\u00e9 d\u00eda espectacular\u00bb y \u00abpagaremos nuestras deudas, pero como podamos\u00bb con la misma cara y sin que se le mueva un m\u00fasculo.<\/em><\/p>\n<p style=\"text-align: right;\"><em>\u201cEn un continente donde la gente ha dejado de creer en los funcionarios internacionales de traje gris y en el discurso formateado de los pol\u00edticos que prometen y despu\u00e9s parecen hacerle el juego \u00fanicamente al gran capital, la estela heroica dejada por la Yamaha de Varoufakis es como un soplo de aire fresco que renueva esperanzas adormecidas.\u201d <\/em>(Luisa Corradini, \u201cVarufakis: el transgresor que desaf\u00eda a la ortodoxia y encandila a Europa\u201d, <em>La Naci\u00f3n<\/em>, 08\/02\/2015)<\/p>\n<p style=\"text-align: left;\">Esta oda (algo extravagante) dedicada al flamante ministro de econom\u00eda de Tsipras \u2013un gobierno al que muchos califican como de \u201cextrema izquierda\u201d o \u201cradical\u201d\u2013, la escribe la corresponsal en Europa de un diario conservador, insospechable del menor pecado \u201cprogresista\u201d. Pero, al mismo tiempo, la corresponsal de <em>La Naci\u00f3n<\/em> es una periodista seria que, a su modo, suele captar <strong>desde d\u00f3nde sopla el viento<\/strong>. Y, en este caso, a dos niveles distintos: c\u00f3mo sopla en la \u201copini\u00f3n p\u00fablica\u201d y para donde apuntan Syriza y su ministro de econom\u00eda, que mano a mano con Tsipras han comenzado a negociar con los patrones de la Uni\u00f3n Europea (l\u00e9ase, Alemania en primer\u00edsimo lugar).<\/p>\n<p style=\"text-align: left;\"><strong>M\u00e1s all\u00e1 de los \u201cselfies\u201d\u2026 una ola europea de simpat\u00eda y apoyo, y de rechazo a prepotencia de Berl\u00edn y la Comisi\u00f3n Europea<\/strong><\/p>\n<p style=\"text-align: left;\">Efectivamente, no s\u00f3lo en Grecia sino en gran parte del resto de Europa, especialmente en las masas trabajadoras y populares de los pa\u00edses m\u00e1s golpeados por la crisis y las medidas de \u201causteridad\u201d, hay un <strong>fuerte viento de simpat\u00eda a favor de Syriza<\/strong>. Y tambi\u00e9n un fuerte viento contra \u201clos pol\u00edticos que prometen y despu\u00e9s parecen hacerle el juego \u00fanicamente al gran capital\u201d. Esto da hoy a Syriza un <strong>margen pol\u00edtico notable\u2026<\/strong> pero <strong>\u201cgaseoso\u201d<\/strong>, como veremos luego.<\/p>\n<p style=\"text-align: left;\">Esto se refleja, sobre todo en los pa\u00edses del sur de Europa, pero tambi\u00e9n en Francia y otras regiones. Es el hartazgo de la \u201causteridad\u201d que golpea s\u00f3lo a los trabajadores y los m\u00e1s pobres, y la evidente falsedad de que as\u00ed se lograr\u00eda revertir la crisis, \u201cvolver al crecimiento\u201d y \u201crecuperar el empleo\u201d. Un verso en el que la gente cree cada vez menos.<\/p>\n<p style=\"text-align: left;\">A varios a\u00f1os de esta pol\u00edtica, no s\u00f3lo reinan el estancamiento y el desempleo, sino que ha ido avanzando un <strong>cambio hist\u00f3rico<\/strong>: el arrasamiento de las conquistas obreras y populares logradas en la postguerra. Cada vez son m\u00e1s los que comprueban que est\u00e1n viviendo peor que sus padres\u2026 y que sus hijos vivir\u00e1n peor que ellos\u2026<\/p>\n<p style=\"text-align: left;\">Se habla, equivocadamente, del \u201cfracaso\u201d de los planes econ\u00f3micos dictados desde Bruselas y Berl\u00edn. Esto es falso, en cierta medida. Es que sus verdaderos objetivos eran salvar al capital financiero, recuperar sus ganancias y lograr mayor \u201ccompetitividad\u201d mundial: para eso, obligatoriamente, hay que arrasar con las conquistas, hacer volver a los trabajadores europeos a la situaci\u00f3n de un siglo atr\u00e1s.<\/p>\n<p style=\"text-align: left;\">Grecia es simplemente el pa\u00eds de la Uni\u00f3n Europea donde esta degradaci\u00f3n ha llegado al colmo, un verdadero \u201cdescenso a los infiernos\u201d, un genocidio social, dictado por los due\u00f1os de la Uni\u00f3n Europea y la Eurozona, el capital financiero principalmente alem\u00e1n y franc\u00e9s.<\/p>\n<p style=\"text-align: left;\">Es por esos motivos que Syriza no s\u00f3lo gana las elecciones en su pa\u00eds, sino que, adem\u00e1s, como dec\u00edamos, <strong>conquista un margen pol\u00edtico importante<\/strong>, una gran cuota de simpat\u00eda, \u201cen un continente donde la gente ha dejado de creer en los funcionarios internacionales de traje gris\u201d.<\/p>\n<p style=\"text-align: left;\"><strong>\u201cRenegociar\u2026\u201d para seguir pagando<\/strong><\/p>\n<p style=\"text-align: left;\">Es con ese <strong>viento pol\u00edtico a favor<\/strong> que sopla en Europa, que Alexis Tsipras y Yanis Varoufakis se sientan a <strong>negociar<\/strong> con los patrones de la Uni\u00f3n Europea y la Eurozona, en primer lugar con los alemanes y su sargento, Jean-Claude Juncker, luxemburgu\u00e9s y presidente de la UE. Veamos c\u00f3mo Varoufakis, la nueva estrella de la econom\u00eda y la pol\u00edtica griega y europea, explicaba esta perspectiva en una larga entrevista semanas atr\u00e1s:<\/p>\n<p style=\"text-align: left;\">\u201cLa <strong>mayor arma<\/strong> que podemos oponer a la Troika[<a href=\"#_ftn1\" name=\"_ftnref1\">[1]<\/a>] \u2013dice Varoufakis\u2013 consiste en tener <strong>un gobierno electo<\/strong> que disponga de una buena mayor\u00eda. Una vez elegido el gobierno, me parece que deber\u00edamos ser capaces de <strong>sentarnos a una mesa para debatir la resoluci\u00f3n final de la crisis<\/strong> y <strong>desarrollar un nuevo enfoque<\/strong> desde el resto de Europa. Porque esta crisis no es una crisis \u00abgriega\u00bb, es tambi\u00e9n una crisis de Europa. Si Grecia no hubiera estado en la zona euro, no se encontrar\u00eda donde est\u00e1. Sin duda estar\u00eda en dificultades, pero no en esta medida. Si Francia se halla estancada, dada su situaci\u00f3n pol\u00edtica y social, se debe tambi\u00e9n a la actual organizaci\u00f3n de la eurozona.\u201d[<a href=\"#_ftn2\" name=\"_ftnref2\">[2]<\/a>] Como vemos, en el arsenal de Syriza, las masas trabajadoras y populares, su organizaci\u00f3n y movilizaci\u00f3n para la lucha, no se contabilizan como \u201carmas\u201d. \u00a1Ni se mencionan!<\/p>\n<p style=\"text-align: left;\">A continuaci\u00f3n, a lo largo de toda la entrevista, se exponen diversas recetas para la \u201cresoluci\u00f3n final de la crisis\u201d europea, basadas \u2013t\u00e1citamente\u2013 en que habr\u00eda un <strong>inter\u00e9s com\u00fan<\/strong> en lograr eso. Desde Alemania y Francia hasta Grecia, y desde la gran patronal hasta los trabajadores, podr\u00edan coincidir en un plan europeo para salir del pozo, <strong>\u201cun verdadero \u00abNew Deal\u00bb para Europa\u201d<\/strong>. Recordemos que el \u00abNew Deal\u00bb fueron las medidas de est\u00edmulo a la econom\u00eda aplicadas en Estados Unidos por el presidente Roosevelt durante la durante la \u201cGran Depresi\u00f3n\u201d de los a\u00f1os \u201930 del siglo pasado.<\/p>\n<p style=\"text-align: left;\">En Europa se tratar\u00eda, entonces, esencialmente, de corregir una pol\u00edtica y planes \u201cequivocados\u201d\u2026 aunque al pasar se reconoce que, dentro de esos \u201cerrores\u201d, Alemania est\u00e1 haciendo el gran negocio de estrangular a Francia\u2026 y no s\u00f3lo a Grecia.<\/p>\n<p style=\"text-align: left;\">Desde hace mucho tiempo Syriza viene suavizando su discurso. Tiempos atr\u00e1s, hablaba de <strong>interrumpir el pago de la deuda<\/strong>, eje de la sangr\u00eda de los vampiros de la UE. Esto se cambi\u00f3 por una <strong>\u201creestructuraci\u00f3n\u201d<\/strong> y, ahora, simplemente se negocia un \u201cacuerdo puente\u201d por unos meses hasta que se rediscuta un nuevo programa de pagos.<\/p>\n<p style=\"text-align: left;\">A esto se suma la promesa de mantenerse en la Uni\u00f3n Europea y el euro, cueste lo que cueste. Pero mantener el euro y el sometimiento a la UE, y simult\u00e1neamente decir que se rechazan las medidas de austeridad, es una <strong>contradicci\u00f3n insalvable<\/strong>.<\/p>\n<p style=\"text-align: left;\"><strong>\u201cSi quieres la paz, prep\u00e1rate para la guerra\u201d<\/strong><\/p>\n<p style=\"text-align: left;\">El gran problema es que los patrones de la Uni\u00f3n Europea, en primer lugar Alemania, <strong>no parecen dispuestos a aflojar<\/strong> a Grecia nada significativo. Hasta ahora, s\u00f3lo han cedido en una formalidad: disolver la Troika, que ya tiene muy mala imagen en toda Europa. Su rol de verdugo lo asumir\u00eda exclusivamente el FMI\u2026 Esto permitir\u00eda a las instituciones europeas \u201clavarse las manos\u201d, sin que por eso los condenados \u2013como Grecia, Portugal, Espa\u00f1a, etc.\u2013 sean indultados. El FMI se har\u00e1 cargo en exclusiva\u2026<\/p>\n<p style=\"text-align: left;\">Tsipras y la mayor parte de Syriza hace tiempo que dejaron de ser socialistas y revolucionarios. Varufakis, por su parte, nunca lo fue. Pero por lo menos deber\u00edan recordar un refr\u00e1n romano de mucho antes de Marx: \u201cSi quieres la paz, prep\u00e1rate para la guerra\u201d. Y, en este caso, \u201cprepararse para la guerra\u201d se resume en pocas palabras: <strong>organizar sectores de masas<\/strong> y <strong>movilizarlos<\/strong>, en primer lugar la clase trabajadora.<\/p>\n<p style=\"text-align: left;\">Incluso para lograr <strong>concesiones<\/strong> que no sean meras formalidades como la de \u201cdisolver la Troika\u201d \u2013por ejemplo, una quita significativa en la deuda\u2013, est\u00e1n obligados a <strong>ejercer alguna presi\u00f3n<\/strong> sobre los amos de Europa. \u00bfVan a lograr eso <strong>s\u00f3lo con discursos<\/strong> en el parlamento y en los medios europeos? \u00bfS\u00f3lo <strong>argumentando<\/strong> en la mesa de negociaciones?<\/p>\n<p style=\"text-align: left;\">Hasta ahora no hay se\u00f1ales de parte de Syriza de intentar aprovechar este viento pol\u00edtico, esa simpat\u00eda generalizada en gran parte de Europa, para transformarla en una <strong>fuerza org\u00e1nica<\/strong>. Es decir, una fuerza capaz de <strong>salir a la calle y dar batalla<\/strong>. Syriza, como venimos advirtiendo desde hace mucho, es ante todo un <strong>fen\u00f3meno electoral<\/strong>. Pero est\u00e1 frente a una encrucijada: incluso si s\u00f3lo pretende negociar en condiciones favorables, debe ser capaz de presionar con algo m\u00e1s que discursos. Y para eso es imprescindible la acci\u00f3n, la movilizaci\u00f3n.<\/p>\n<p style=\"text-align: left;\">En eso Syriza se diferencia de los diversos movimientos latinoamericanos \u2013que en verdad no son ni socialistas ni revolucionarios\u2013 pero que, si es necesario, pueden movilizar sectores de masas en las calles\u2026 y no s\u00f3lo lograr su voto. O, aunque no los movilicen, tienen ra\u00edces <strong>org\u00e1nicas<\/strong>, ya sea en el movimiento obrero, en el campesinado, en sectores populares, etc. Estos son los casos de Bolivia, Venezuela, incluso Argentina, y otros.<\/p>\n<p style=\"text-align: left;\">En la citada entrevista, Varufakis termina diciendo que los griegos \u201cdebemos recobrar nuestra dignidad y el esp\u00edritu que, el 28 de octubre de 1940, nos impuls\u00f3 a contestar que \u00abno\u00bb al ultim\u00e1tum de la Italia de Mussolini. En aquel momento, no ten\u00edamos medios para decir \u00abno\u00bb y, sin embargo, eso fue lo que respondimos\u201d.<\/p>\n<p style=\"text-align: left;\">En verdad, Grecia ten\u00eda \u201cmedios\u201d, moviliz\u00f3 su ej\u00e9rcito y le dio una paliza a Mussolini. Luego Hitler corri\u00f3 en su ayuda y logr\u00f3 invadir Grecia\u2026 pero la colosal guerra revolucionaria desatada por el pueblo griego volvi\u00f3 locos a los ocupantes y finalmente los derrot\u00f3.<\/p>\n<p style=\"text-align: left;\">Ese ejemplo hist\u00f3rico es muy bueno\u2026 <strong>Decir \u201cno\u201d<\/strong>, y <strong>organizar<\/strong> y <strong>poner en pie de guerra<\/strong> a las masas griegas hartas de austeridad, ser\u00eda prioritario\u2026 hasta para poder negociar en condiciones favorables\u2026 Y aprovechar as\u00ed el clima propicio que hay en el resto de Europa\u2026 Sin embargo, tengamos claro que, hasta ahora, la pol\u00edtica de Syriza <strong>no va en ese sentido<\/strong>.<\/p>\n<p style=\"text-align: left;\"><strong>En resumen\u2026<\/strong><\/p>\n<p style=\"text-align: left;\">Como dijimos, hay un sentimiento anti-Troika y anti-austeridad importante en Europa, y el gobierno de Syriza genera mucha simpat\u00eda en las masas populares, la clase trabajadora y tambi\u00e9n los amplios sectores de \u201cclases medias\u201d afectados por las crisis. El problema es que por ahora esa simpat\u00eda <strong>no se expres\u00f3 en movilizaci\u00f3n<\/strong>. Las primeras marchas y concentraciones espont\u00e1neas \u00a0 en Grecia fueron muy peque\u00f1as en comparaci\u00f3n con las enormes y combativas manifestaciones que se vieron en los \u00faltimos a\u00f1os. Adem\u00e1s, no producto de ninguna convocatoria expresa de Syriza y, menos a\u00fan, del nuevo gobierno: no movieron un dedo para darles volumen. En el resto de Europa no hubo casi nada, m\u00e1s all\u00e1 de algunos piquetes expresando apoyo a Grecia.<\/p>\n<p style=\"text-align: left;\">Subrayamos que esto se ve agravado (y en gran medida determinado) por el hecho de que, efectivamente, Syriza <strong>no apuesta<\/strong> a la movilizaci\u00f3n, como s\u00ed lo han hecho los nacionalismos \u201cde izquierda\u201d latinoamericanos en distintas ocasiones.<\/p>\n<p style=\"text-align: left;\">Hasta para conseguir un m\u00ednimo margen de negociaci\u00f3n, Syriza tendr\u00eda que aumentar el nivel de enfrentamiento, y para eso, movilizar, asustar un poco a las burgues\u00edas imperialistas de la UE. Es que la Uni\u00f3n Europea no s\u00f3lo <strong>est\u00e1 preparada para la guerra<\/strong>, sino que <strong>ya lanzo los primeros misiles<\/strong>: cort\u00f3 el cr\u00e9dito a los bancos griegos, una medida fuerte, que hundi\u00f3 varios d\u00edas a la bolsa griega y alienta una corrida bancaria. La UE entra a las negociaciones siguiendo el refr\u00e1n: \u201chabla suavemente, pero lleva un gran garrote\u201d. Syriza, no.<\/p>\n<p style=\"text-align: left;\"><a href=\"#_ftnref1\" name=\"_ftn1\">[1]<\/a>.- La \u201cTroika\u201d que dise\u00f1a los planes de hambre, est\u00e1 formada por la Comisi\u00f3n Europea (presidida por Juncker), el Banco Central Europeo (BCE) y el FMI.<\/p>\n<p style=\"text-align: left;\"><a href=\"#_ftnref2\" name=\"_ftn2\">[2]<\/a>.- Yanis Varoufakis (entrevista), \u201cGrecia puede obligar a Europa a que cambie\u201d, <em>La Tribune<\/em>, 20\/01\/2015, <em>Sin Permiso<\/em>, 08\/02\/2015.<\/p>\n","protected":false},"excerpt":{"rendered":"<p>. \u201cLa aparici\u00f3n del nuevo ministro de Finanzas griego, Yanis Varoufakis, provoc\u00f3 tal conmoci\u00f3n en los europeos que su popularidad incluso est\u00e1 logrando eclipsar al primer ministro de su pa\u00eds, Alexis Tsipras. Cada vez que sale de una cita oficial, tanto en Grecia como en el resto de Europa, decenas de mujeres j\u00f3venes lo esperan [&hellip;]<\/p>\n","protected":false},"author":8,"featured_media":4260,"comment_status":"closed","ping_status":"closed","sticky":false,"template":"","format":"standard","meta":{"footnotes":""},"categories":[1690,14],"tags":[165,1666,218],"class_list":{"0":"post-4253","1":"post","2":"type-post","3":"status-publish","4":"format-standard","5":"has-post-thumbnail","7":"category-europa","8":"category-movimiento-obrero","9":"tag-claudio-testa","10":"tag-grecia","11":"tag-syriza"},"yoast_head":"<!-- This site is optimized with the Yoast SEO plugin v27.5 - https:\/\/yoast.com\/product\/yoast-seo-wordpress\/ -->\n<title>\u25ba Negociaciones de Tsipras y Varoufakis con la UE: movilizaci\u00f3n o capitulaci\u00f3n - Socialismo o Barbarie<\/title>\n<meta name=\"robots\" content=\"index, follow, max-snippet:-1, max-image-preview:large, max-video-preview:-1\" \/>\n<link rel=\"canonical\" href=\"https:\/\/www.socialismoobarbarie.org\/?p=4253\" \/>\n<meta property=\"og:locale\" content=\"es_ES\" \/>\n<meta property=\"og:type\" content=\"article\" \/>\n<meta property=\"og:title\" content=\"\u25ba Negociaciones de Tsipras y Varoufakis con la UE: movilizaci\u00f3n o capitulaci\u00f3n - Socialismo o Barbarie\" \/>\n<meta property=\"og:description\" content=\". \u201cLa aparici\u00f3n del nuevo ministro de Finanzas griego, Yanis Varoufakis, provoc\u00f3 tal conmoci\u00f3n en los europeos que su popularidad incluso est\u00e1 logrando eclipsar al primer ministro de su pa\u00eds, Alexis Tsipras. Cada vez que sale de una cita oficial, tanto en Grecia como en el resto de Europa, decenas de mujeres j\u00f3venes lo esperan [&hellip;]\" \/>\n<meta property=\"og:url\" content=\"https:\/\/www.socialismoobarbarie.org\/?p=4253\" \/>\n<meta property=\"og:site_name\" content=\"Socialismo o Barbarie\" \/>\n<meta property=\"article:published_time\" content=\"2015-02-13T06:39:55+00:00\" \/>\n<meta property=\"article:modified_time\" content=\"2019-11-20T13:40:58+00:00\" \/>\n<meta property=\"og:image\" content=\"https:\/\/www.socialismoobarbarie.org\/wp-content\/uploads\/2015\/02\/150213-varoufakis-tsipras-690x403.jpg\" \/>\n\t<meta property=\"og:image:width\" content=\"690\" \/>\n\t<meta property=\"og:image:height\" content=\"403\" \/>\n\t<meta property=\"og:image:type\" content=\"image\/jpeg\" \/>\n<meta name=\"author\" content=\"SOB\" \/>\n<meta name=\"twitter:card\" content=\"summary_large_image\" \/>\n<meta name=\"twitter:label1\" content=\"Escrito por\" \/>\n\t<meta name=\"twitter:data1\" content=\"SOB\" \/>\n\t<meta name=\"twitter:label2\" content=\"Tiempo de lectura\" \/>\n\t<meta name=\"twitter:data2\" content=\"11 minutos\" \/>\n<script type=\"application\/ld+json\" class=\"yoast-schema-graph\">{\"@context\":\"https:\\\/\\\/schema.org\",\"@graph\":[{\"@type\":\"Article\",\"@id\":\"https:\\\/\\\/www.socialismoobarbarie.org\\\/?p=4253#article\",\"isPartOf\":{\"@id\":\"https:\\\/\\\/www.socialismoobarbarie.org\\\/?p=4253\"},\"author\":{\"name\":\"SOB\",\"@id\":\"https:\\\/\\\/www.socialismoobarbarie.org\\\/#\\\/schema\\\/person\\\/bc1c3b321d47ed092405949c77e35a8e\"},\"headline\":\"\u25ba Negociaciones de Tsipras y Varoufakis con la UE: movilizaci\u00f3n o capitulaci\u00f3n\",\"datePublished\":\"2015-02-13T06:39:55+00:00\",\"dateModified\":\"2019-11-20T13:40:58+00:00\",\"mainEntityOfPage\":{\"@id\":\"https:\\\/\\\/www.socialismoobarbarie.org\\\/?p=4253\"},\"wordCount\":2194,\"publisher\":{\"@id\":\"https:\\\/\\\/www.socialismoobarbarie.org\\\/#organization\"},\"image\":{\"@id\":\"https:\\\/\\\/www.socialismoobarbarie.org\\\/?p=4253#primaryimage\"},\"thumbnailUrl\":\"https:\\\/\\\/www.socialismoobarbarie.org\\\/wp-content\\\/uploads\\\/2015\\\/02\\\/150213-varoufakis-tsipras-690x403.jpg\",\"keywords\":[\"Claudio Testa\",\"Grecia\",\"Syriza\"],\"articleSection\":[\"Europa\",\"Movimiento obrero\"],\"inLanguage\":\"es\"},{\"@type\":\"WebPage\",\"@id\":\"https:\\\/\\\/www.socialismoobarbarie.org\\\/?p=4253\",\"url\":\"https:\\\/\\\/www.socialismoobarbarie.org\\\/?p=4253\",\"name\":\"\u25ba Negociaciones de Tsipras y Varoufakis con la UE: movilizaci\u00f3n o capitulaci\u00f3n - Socialismo o Barbarie\",\"isPartOf\":{\"@id\":\"https:\\\/\\\/www.socialismoobarbarie.org\\\/#website\"},\"primaryImageOfPage\":{\"@id\":\"https:\\\/\\\/www.socialismoobarbarie.org\\\/?p=4253#primaryimage\"},\"image\":{\"@id\":\"https:\\\/\\\/www.socialismoobarbarie.org\\\/?p=4253#primaryimage\"},\"thumbnailUrl\":\"https:\\\/\\\/www.socialismoobarbarie.org\\\/wp-content\\\/uploads\\\/2015\\\/02\\\/150213-varoufakis-tsipras-690x403.jpg\",\"datePublished\":\"2015-02-13T06:39:55+00:00\",\"dateModified\":\"2019-11-20T13:40:58+00:00\",\"breadcrumb\":{\"@id\":\"https:\\\/\\\/www.socialismoobarbarie.org\\\/?p=4253#breadcrumb\"},\"inLanguage\":\"es\",\"potentialAction\":[{\"@type\":\"ReadAction\",\"target\":[\"https:\\\/\\\/www.socialismoobarbarie.org\\\/?p=4253\"]}]},{\"@type\":\"ImageObject\",\"inLanguage\":\"es\",\"@id\":\"https:\\\/\\\/www.socialismoobarbarie.org\\\/?p=4253#primaryimage\",\"url\":\"https:\\\/\\\/www.socialismoobarbarie.org\\\/wp-content\\\/uploads\\\/2015\\\/02\\\/150213-varoufakis-tsipras-690x403.jpg\",\"contentUrl\":\"https:\\\/\\\/www.socialismoobarbarie.org\\\/wp-content\\\/uploads\\\/2015\\\/02\\\/150213-varoufakis-tsipras-690x403.jpg\",\"width\":690,\"height\":403},{\"@type\":\"BreadcrumbList\",\"@id\":\"https:\\\/\\\/www.socialismoobarbarie.org\\\/?p=4253#breadcrumb\",\"itemListElement\":[{\"@type\":\"ListItem\",\"position\":1,\"name\":\"Portada\",\"item\":\"https:\\\/\\\/www.socialismoobarbarie.org\\\/\"},{\"@type\":\"ListItem\",\"position\":2,\"name\":\"\u25ba Negociaciones de Tsipras y Varoufakis con la UE: movilizaci\u00f3n o capitulaci\u00f3n\"}]},{\"@type\":\"WebSite\",\"@id\":\"https:\\\/\\\/www.socialismoobarbarie.org\\\/#website\",\"url\":\"https:\\\/\\\/www.socialismoobarbarie.org\\\/\",\"name\":\"Socialismo o Barbarie\",\"description\":\"Sitio web de la corriente internacional Socialismo o Barbarie\",\"publisher\":{\"@id\":\"https:\\\/\\\/www.socialismoobarbarie.org\\\/#organization\"},\"potentialAction\":[{\"@type\":\"SearchAction\",\"target\":{\"@type\":\"EntryPoint\",\"urlTemplate\":\"https:\\\/\\\/www.socialismoobarbarie.org\\\/?s={search_term_string}\"},\"query-input\":{\"@type\":\"PropertyValueSpecification\",\"valueRequired\":true,\"valueName\":\"search_term_string\"}}],\"inLanguage\":\"es\"},{\"@type\":\"Organization\",\"@id\":\"https:\\\/\\\/www.socialismoobarbarie.org\\\/#organization\",\"name\":\"Socialismo o Barbarie\",\"url\":\"https:\\\/\\\/www.socialismoobarbarie.org\\\/\",\"logo\":{\"@type\":\"ImageObject\",\"inLanguage\":\"es\",\"@id\":\"https:\\\/\\\/www.socialismoobarbarie.org\\\/#\\\/schema\\\/logo\\\/image\\\/\",\"url\":\"https:\\\/\\\/www.socialismoobarbarie.org\\\/wp-content\\\/uploads\\\/2025\\\/02\\\/soblogoweb-2025.png\",\"contentUrl\":\"https:\\\/\\\/www.socialismoobarbarie.org\\\/wp-content\\\/uploads\\\/2025\\\/02\\\/soblogoweb-2025.png\",\"width\":450,\"height\":161,\"caption\":\"Socialismo o Barbarie\"},\"image\":{\"@id\":\"https:\\\/\\\/www.socialismoobarbarie.org\\\/#\\\/schema\\\/logo\\\/image\\\/\"}},{\"@type\":\"Person\",\"@id\":\"https:\\\/\\\/www.socialismoobarbarie.org\\\/#\\\/schema\\\/person\\\/bc1c3b321d47ed092405949c77e35a8e\",\"name\":\"SOB\",\"url\":\"https:\\\/\\\/www.socialismoobarbarie.org\\\/?author=8\"}]}<\/script>\n<!-- \/ Yoast SEO plugin. -->","yoast_head_json":{"title":"\u25ba Negociaciones de Tsipras y Varoufakis con la UE: movilizaci\u00f3n o capitulaci\u00f3n - Socialismo o Barbarie","robots":{"index":"index","follow":"follow","max-snippet":"max-snippet:-1","max-image-preview":"max-image-preview:large","max-video-preview":"max-video-preview:-1"},"canonical":"https:\/\/www.socialismoobarbarie.org\/?p=4253","og_locale":"es_ES","og_type":"article","og_title":"\u25ba Negociaciones de Tsipras y Varoufakis con la UE: movilizaci\u00f3n o capitulaci\u00f3n - Socialismo o Barbarie","og_description":". \u201cLa aparici\u00f3n del nuevo ministro de Finanzas griego, Yanis Varoufakis, provoc\u00f3 tal conmoci\u00f3n en los europeos que su popularidad incluso est\u00e1 logrando eclipsar al primer ministro de su pa\u00eds, Alexis Tsipras. Cada vez que sale de una cita oficial, tanto en Grecia como en el resto de Europa, decenas de mujeres j\u00f3venes lo esperan [&hellip;]","og_url":"https:\/\/www.socialismoobarbarie.org\/?p=4253","og_site_name":"Socialismo o Barbarie","article_published_time":"2015-02-13T06:39:55+00:00","article_modified_time":"2019-11-20T13:40:58+00:00","og_image":[{"width":690,"height":403,"url":"https:\/\/www.socialismoobarbarie.org\/wp-content\/uploads\/2015\/02\/150213-varoufakis-tsipras-690x403.jpg","type":"image\/jpeg"}],"author":"SOB","twitter_card":"summary_large_image","twitter_misc":{"Escrito por":"SOB","Tiempo de lectura":"11 minutos"},"schema":{"@context":"https:\/\/schema.org","@graph":[{"@type":"Article","@id":"https:\/\/www.socialismoobarbarie.org\/?p=4253#article","isPartOf":{"@id":"https:\/\/www.socialismoobarbarie.org\/?p=4253"},"author":{"name":"SOB","@id":"https:\/\/www.socialismoobarbarie.org\/#\/schema\/person\/bc1c3b321d47ed092405949c77e35a8e"},"headline":"\u25ba Negociaciones de Tsipras y Varoufakis con la UE: movilizaci\u00f3n o capitulaci\u00f3n","datePublished":"2015-02-13T06:39:55+00:00","dateModified":"2019-11-20T13:40:58+00:00","mainEntityOfPage":{"@id":"https:\/\/www.socialismoobarbarie.org\/?p=4253"},"wordCount":2194,"publisher":{"@id":"https:\/\/www.socialismoobarbarie.org\/#organization"},"image":{"@id":"https:\/\/www.socialismoobarbarie.org\/?p=4253#primaryimage"},"thumbnailUrl":"https:\/\/www.socialismoobarbarie.org\/wp-content\/uploads\/2015\/02\/150213-varoufakis-tsipras-690x403.jpg","keywords":["Claudio Testa","Grecia","Syriza"],"articleSection":["Europa","Movimiento obrero"],"inLanguage":"es"},{"@type":"WebPage","@id":"https:\/\/www.socialismoobarbarie.org\/?p=4253","url":"https:\/\/www.socialismoobarbarie.org\/?p=4253","name":"\u25ba Negociaciones de Tsipras y Varoufakis con la UE: movilizaci\u00f3n o capitulaci\u00f3n - Socialismo o Barbarie","isPartOf":{"@id":"https:\/\/www.socialismoobarbarie.org\/#website"},"primaryImageOfPage":{"@id":"https:\/\/www.socialismoobarbarie.org\/?p=4253#primaryimage"},"image":{"@id":"https:\/\/www.socialismoobarbarie.org\/?p=4253#primaryimage"},"thumbnailUrl":"https:\/\/www.socialismoobarbarie.org\/wp-content\/uploads\/2015\/02\/150213-varoufakis-tsipras-690x403.jpg","datePublished":"2015-02-13T06:39:55+00:00","dateModified":"2019-11-20T13:40:58+00:00","breadcrumb":{"@id":"https:\/\/www.socialismoobarbarie.org\/?p=4253#breadcrumb"},"inLanguage":"es","potentialAction":[{"@type":"ReadAction","target":["https:\/\/www.socialismoobarbarie.org\/?p=4253"]}]},{"@type":"ImageObject","inLanguage":"es","@id":"https:\/\/www.socialismoobarbarie.org\/?p=4253#primaryimage","url":"https:\/\/www.socialismoobarbarie.org\/wp-content\/uploads\/2015\/02\/150213-varoufakis-tsipras-690x403.jpg","contentUrl":"https:\/\/www.socialismoobarbarie.org\/wp-content\/uploads\/2015\/02\/150213-varoufakis-tsipras-690x403.jpg","width":690,"height":403},{"@type":"BreadcrumbList","@id":"https:\/\/www.socialismoobarbarie.org\/?p=4253#breadcrumb","itemListElement":[{"@type":"ListItem","position":1,"name":"Portada","item":"https:\/\/www.socialismoobarbarie.org\/"},{"@type":"ListItem","position":2,"name":"\u25ba Negociaciones de Tsipras y Varoufakis con la UE: movilizaci\u00f3n o capitulaci\u00f3n"}]},{"@type":"WebSite","@id":"https:\/\/www.socialismoobarbarie.org\/#website","url":"https:\/\/www.socialismoobarbarie.org\/","name":"Socialismo o Barbarie","description":"Sitio web de la corriente internacional Socialismo o Barbarie","publisher":{"@id":"https:\/\/www.socialismoobarbarie.org\/#organization"},"potentialAction":[{"@type":"SearchAction","target":{"@type":"EntryPoint","urlTemplate":"https:\/\/www.socialismoobarbarie.org\/?s={search_term_string}"},"query-input":{"@type":"PropertyValueSpecification","valueRequired":true,"valueName":"search_term_string"}}],"inLanguage":"es"},{"@type":"Organization","@id":"https:\/\/www.socialismoobarbarie.org\/#organization","name":"Socialismo o Barbarie","url":"https:\/\/www.socialismoobarbarie.org\/","logo":{"@type":"ImageObject","inLanguage":"es","@id":"https:\/\/www.socialismoobarbarie.org\/#\/schema\/logo\/image\/","url":"https:\/\/www.socialismoobarbarie.org\/wp-content\/uploads\/2025\/02\/soblogoweb-2025.png","contentUrl":"https:\/\/www.socialismoobarbarie.org\/wp-content\/uploads\/2025\/02\/soblogoweb-2025.png","width":450,"height":161,"caption":"Socialismo o Barbarie"},"image":{"@id":"https:\/\/www.socialismoobarbarie.org\/#\/schema\/logo\/image\/"}},{"@type":"Person","@id":"https:\/\/www.socialismoobarbarie.org\/#\/schema\/person\/bc1c3b321d47ed092405949c77e35a8e","name":"SOB","url":"https:\/\/www.socialismoobarbarie.org\/?author=8"}]}},"_links":{"self":[{"href":"https:\/\/www.socialismoobarbarie.org\/index.php?rest_route=\/wp\/v2\/posts\/4253","targetHints":{"allow":["GET"]}}],"collection":[{"href":"https:\/\/www.socialismoobarbarie.org\/index.php?rest_route=\/wp\/v2\/posts"}],"about":[{"href":"https:\/\/www.socialismoobarbarie.org\/index.php?rest_route=\/wp\/v2\/types\/post"}],"author":[{"embeddable":true,"href":"https:\/\/www.socialismoobarbarie.org\/index.php?rest_route=\/wp\/v2\/users\/8"}],"replies":[{"embeddable":true,"href":"https:\/\/www.socialismoobarbarie.org\/index.php?rest_route=%2Fwp%2Fv2%2Fcomments&post=4253"}],"version-history":[{"count":13,"href":"https:\/\/www.socialismoobarbarie.org\/index.php?rest_route=\/wp\/v2\/posts\/4253\/revisions"}],"predecessor-version":[{"id":5323,"href":"https:\/\/www.socialismoobarbarie.org\/index.php?rest_route=\/wp\/v2\/posts\/4253\/revisions\/5323"}],"wp:featuredmedia":[{"embeddable":true,"href":"https:\/\/www.socialismoobarbarie.org\/index.php?rest_route=\/wp\/v2\/media\/4260"}],"wp:attachment":[{"href":"https:\/\/www.socialismoobarbarie.org\/index.php?rest_route=%2Fwp%2Fv2%2Fmedia&parent=4253"}],"wp:term":[{"taxonomy":"category","embeddable":true,"href":"https:\/\/www.socialismoobarbarie.org\/index.php?rest_route=%2Fwp%2Fv2%2Fcategories&post=4253"},{"taxonomy":"post_tag","embeddable":true,"href":"https:\/\/www.socialismoobarbarie.org\/index.php?rest_route=%2Fwp%2Fv2%2Ftags&post=4253"}],"curies":[{"name":"wp","href":"https:\/\/api.w.org\/{rel}","templated":true}]}}