{"id":4263,"date":"2015-02-13T05:07:42","date_gmt":"2015-02-13T08:07:42","guid":{"rendered":"https:\/\/www.socialismoobarbarie.org\/?p=4263"},"modified":"2019-11-20T11:21:33","modified_gmt":"2019-11-20T14:21:33","slug":"4263","status":"publish","type":"post","link":"https:\/\/www.socialismoobarbarie.org\/?p=4263","title":{"rendered":"Cumbre de Minsk: \u00bfOtro acuerdo por arriba que dejar\u00e1 todo peor por abajo?"},"content":{"rendered":"<p>.<\/p>\n<p>Al cerrar esta edici\u00f3n, mi\u00e9rcoles 11, se iniciaba\u00a0en Minsk \u2013capital de Belarus (Bielorrusia)\u2013 la primera reuni\u00f3n de la cumbre para llegar a un acuerdo de cese del fuego en la guerra civil de Ucrania y, si fuese posible, pactar un arreglo m\u00e1s duradero de este conflicto. Las conversaciones seguir\u00e1n ma\u00f1ana, y no est\u00e1 claro que se llegue a un acuerdo\u2026 ni menos que lo que se firme tenga viabilidad en el terreno.<\/p>\n<p>A esta reuni\u00f3n asisten Vladimir Putin (Rusia), Petr\u00f3 Poroshenko (presidente de Ucrania o, m\u00e1s exactamente de parte de ella), \u00c1ngela Merkel y Fran\u00e7ois Hollande (en representaci\u00f3n de la Uni\u00f3n Europea). Representantes de las rep\u00fablicas populares de Donetsk y Lugansk (que conforman la Novorossia) est\u00e1n presentes pero no tendr\u00eda acceso directo a las reuniones. Su representaci\u00f3n pasa por el filtro\u00a0de Putin.<\/p>\n<p>Sin pretender hacer una pintura completa de la situaci\u00f3n en Ucrania (y sus hilos a nivel internacional), se\u00f1alemos algunos hechos importantes.<\/p>\n<p><strong>Diferencias (relativas) entre la Uni\u00f3n Europea y EEUU<\/strong><\/p>\n<p>La Uni\u00f3n Europea \u2013o mejor dicho, los que mandan en la UE, Alemania, primero, y muy por detr\u00e1s, Francia\u2013 tiene una diferencia parcial pero importante con el imperialismo yanqui.<\/p>\n<p>Ambos coinciden en apoyar al r\u00e9gimen de Kiev. Pero Alemania y Francia desean lograr a toda costa un arreglo negociado v\u00eda Rusia que logre el cese de la guerra. En ese sentido, se oponen a echar m\u00e1s le\u00f1a al fuego armando masivamente a Ucrania y mucho m\u00e1s a que la OTAN se involucre en el asunto.<\/p>\n<p>Adem\u00e1s de los problemas econ\u00f3micos y pol\u00edticos, Alemania y Francia dudan \u2013con toda raz\u00f3n\u2013 que el gobierno de Kiev, por m\u00e1s armamento que se le provea, sea capaz de ganar una guerra contra Novorossia, en la medida que ella cuente con el suficiente respaldo de Mosc\u00fa. Hasta ahora, todas las ofensivas lanzadas por Kiev terminaron derrotadas. Ahora, en estos momentos, est\u00e1n fracasando la \u00faltima de ellas.<\/p>\n<figure id=\"attachment_4269\" aria-describedby=\"caption-attachment-4269\" style=\"width: 600px\" class=\"wp-caption aligncenter\"><a href=\"https:\/\/www.socialismoobarbarie.org\/wp-content\/uploads\/2015\/02\/150213-ucrania-tropas-de-novorossia-06-Logvinovo-encirclement-of-Debaltsevo-group-of-Ukrainian-army.jpg\"><img loading=\"lazy\" decoding=\"async\" class=\"wp-image-4269 size-full\" src=\"https:\/\/www.socialismoobarbarie.org\/wp-content\/uploads\/2015\/02\/150213-ucrania-tropas-de-novorossia-06-Logvinovo-encirclement-of-Debaltsevo-group-of-Ukrainian-army.jpg\" alt=\"150213--ucrania-tropas-de-novorossia-06-Logvinovo encirclement of Debaltsevo group of Ukrainian army\" width=\"600\" height=\"450\" srcset=\"https:\/\/www.socialismoobarbarie.org\/wp-content\/uploads\/2015\/02\/150213-ucrania-tropas-de-novorossia-06-Logvinovo-encirclement-of-Debaltsevo-group-of-Ukrainian-army.jpg 600w, https:\/\/www.socialismoobarbarie.org\/wp-content\/uploads\/2015\/02\/150213-ucrania-tropas-de-novorossia-06-Logvinovo-encirclement-of-Debaltsevo-group-of-Ukrainian-army-220x165.jpg 220w, https:\/\/www.socialismoobarbarie.org\/wp-content\/uploads\/2015\/02\/150213-ucrania-tropas-de-novorossia-06-Logvinovo-encirclement-of-Debaltsevo-group-of-Ukrainian-army-350x262.jpg 350w\" sizes=\"auto, (max-width: 600px) 100vw, 600px\" \/><\/a><figcaption id=\"caption-attachment-4269\" class=\"wp-caption-text\">Tropas de Novorossia en ofensiva, toman la poblaci\u00f3n de Logvinovo, en el cerco a unidades del ej\u00e9rcito de Kiev.<\/figcaption><\/figure>\n<p>Si la UE y la OTAN se involucraran en una intervenci\u00f3n m\u00e1s amplia, Alemania y Francia temen que un colapso de las tropas de Kiev deje a las fuerzas europeas ante la perspectiva de tener que intervenir de una u otra manera. Por eso, tambi\u00e9n se oponen de plano a que la Ucrania de Kiev ingrese a la OTAN\u2026 lo que acarrear\u00eda un compromiso formal de \u201cdefenderla\u201d militarmente.<\/p>\n<p>Por el contrario, EEUU plantea jugarse el todo por el todo\u2026 a costa de la piel de sus aliados europeos\u2026 Salvo que Angela Merkel y Fran\u00e7ois Hollande logren una capitulaci\u00f3n completa en Minsk, EEUU pretende volcar en Ucrania abundante armamento y \u201casesores\u201d de la OTAN. Ser\u00eda un negocio redondo para Washington si tuviese \u00e9xito&#8230; y si fracasara, los platos rotos los pagar\u00eda en primer lugar la Uni\u00f3n Europea.<\/p>\n<p>Esta situaci\u00f3n pone en dificultades no s\u00f3lo a Mosc\u00fa, sino tambi\u00e9n a la misma Uni\u00f3n Europea, y particularmente a los imperialismos que la conducen: Alemania y Francia. Pero, en ese sentido, la pol\u00edtica de EEUU se resume en la famosa frase \u2013grabada y difundida por los\u00a0esp\u00edas\u00a0del Kremlin\u2013 <strong>\u201cFuck the EU (EuropeanUnion)!\u201d<\/strong>, de Victoria Nuland, funcionaria del Departamento de Estado a cargo de los Asuntos Europeos. Ahora, adem\u00e1s , un buen enfrentamiento de la Uni\u00f3n Europea con Mosc\u00fa, le vendr\u00eda bien a Washington para poner en su lugar a sus socios menores.<\/p>\n<p><strong>A un a\u00f1o del \u201cEuro-Maidan\u201d, todo est\u00e1 mucho peor<\/strong><\/p>\n<p>Sin embargo, hay un serio obst\u00e1culo para los planes de Washington y sus aliado europeos. La secesi\u00f3n del Este ruso-hablante y la consiguiente guerra desatada por Kiev para impedirlo, no son los \u00fanicos problemas en Ucrania. Todo, de conjunto, ha empeorado. La econom\u00eda es una cat\u00e1strofe, y no s\u00f3lo por la guerra ni porque en este conflicto Ucrania ha perdido su principales zonas industriales (el Donbass, donde est\u00e1n Donetsk y Lugansk). Tambi\u00e9n el sometimiento a la Uni\u00f3n Europea no ha tra\u00eddo la bonanza que muchos esperaban. Ni siquiera se ha facilitado la emigraci\u00f3n, aunque sea temporaria, para buscar trabajo en la UE. Por el contrario, la UE ha endurecido las normas para el ingreso al Espacio Schengen de los portadores de pasaportes ucranianos.<\/p>\n<p>Ucrania est\u00e1 virtualmente en cesaci\u00f3n de pagos. Los planes del FMI sumados a los gastos de guerra, han implicado severos ajustes recesivos. Desde el aumento de un 150% de los pasajes del metro de Kiev hasta la disparada de los precios de los alimentos, han achatado el salario real. A fines de oto\u00f1o del 2014, el precio del pan triplicaba al del a\u00f1o anterior. Al mismo tiempo, con el pretexto de financiar la guerra, el gobierno, impuso un gran impuesto especial.<\/p>\n<p>La nueva administraci\u00f3n tampoco no ha modificado un rasgo que fue uno de los detonantes del Maidan: la <strong>fenomenal corrupci\u00f3n<\/strong> del aparato del Estado. Pilar Bonet, la corresponsal del diario <em>El Pa\u00eds<\/em> de Madrid, que apoya fervorosamente al actual r\u00e9gimen, lo resume en este t\u00edtulo: <strong>\u201cLa guerra y la corrupci\u00f3n no dejan respirar a Kiev\u201d<\/strong>.[<a href=\"#_ftn1\" name=\"_ftnref1\">[1]<\/a>] Y a\u00f1ade: \u201cLos ucranianos urgen a sus l\u00edderes a <strong>poner fin al conflicto<\/strong> y <strong>cumplir las promesas econ\u00f3micas<\/strong>\u201d.<\/p>\n<p>Pero sucede que Poroshenko, por el contrario, siguiendo m\u00e1s bien el libreto de Washington s\u00f3lo viene tomando medidas para ampliar la guerra y, simult\u00e1neamente, poner mordaza a los que protestan.<\/p>\n<p>Esta situaci\u00f3n, en las \u00faltimas semanas ha agravado un fen\u00f3meno que viene desde el principio: las <strong>deserciones<\/strong> y sobre todo la <strong>resistencia al reclutamiento<\/strong>. En lo que va de 2015, esto \u00faltimo <strong>se ha vuelto masivo<\/strong>.<\/p>\n<p><strong>Un rechazo masivo al servicio militar<\/strong><\/p>\n<p>La \u00abcarne de ca\u00f1\u00f3n\u00bb de las fuerzas armadas de Kiev la proveen principalmente los j\u00f3venes obligados a hacer el servicio militar. Desde que comenz\u00f3 el conflicto en el Este, ha habido varias llamadas a filas. Y tambi\u00e9n ha ido creciendo a saltos el porcentaje que desobedece.<\/p>\n<p>Un art\u00edculo publicado en <em>CounterPunch<\/em> de un periodista de Kiev, Dmitry Kolesnik, pinta as\u00ed la situaci\u00f3n;<\/p>\n<p>\u201cLa presente situaci\u00f3n de guerra en el Este de Ucrania y la decisi\u00f3n del gobierno de Kiev de comenzarla de nuevo haciendo otra ola de reclutamiento, ha desencadenado una tormenta de rehusarse a combatir. Las protestas est\u00e1n creciendo en todos las regiones. Por supuesto hay todav\u00eda nacionalistas fan\u00e1ticos y militaristas de extrema derecha que ejercen la violencia y la intimidaci\u00f3n a las protestas anti-guerra, pero su capacidad de acallarlas ha disminuido.\u201d[<a href=\"#_ftn2\" name=\"_ftnref2\">[2]<\/a>]<\/p>\n<p>Es que gran parte de los j\u00f3venes convocados, aunque no protesten, est\u00e1n \u201cvotando con los pies\u201d, huyendo o escondi\u00e9ndose para evitar ir a filas:<\/p>\n<p>\u201cEl hecho impactante \u2013prosigue Kolesnik\u2013 es que pr\u00e1cticamente nadie se presenta voluntariamente a las oficinas de reclutamiento. Por eso, esta \u00faltima ronda de conscripci\u00f3n est\u00e1 causando p\u00e1nico en el gobierno y en el alto mando del ej\u00e9rcito. Est\u00e1n apelando, como siempre, a los sentimientos patri\u00f3ticos, pero eso est\u00e1 cayendo cada vez m\u00e1s en o\u00eddos sordos.<\/p>\n<p>\u201cLos hombres en edad de conscripci\u00f3n, est\u00e1n huyendo por miles, cruzando las fronteras en todas direcciones o escondi\u00e9ndose para escapar de las garras de los reclutadores.<\/p>\n<p>\u201cEl diario ucraniano <em>Korrespondent <\/em>describe as\u00ed la situaci\u00f3n: \u2018Con nuevos datos sobre la mesa, se ve que cada d\u00eda la evasi\u00f3n va creciendo. En la primera ola de movilizaci\u00f3n militar, m\u00e1s del 20% de los convocados se presento voluntariamente. En la segunda convocatoria, fue s\u00f3lo el 10%. Este a\u00f1os, s\u00f3lo el 6% de los reclutas ha ido voluntariamente\u2019.\u201d<\/p>\n<p>La lista de lugares donde los j\u00f3venes se han fugado y\/o ha habido enfrentamientos es interminable. S\u00f3lo citamos algunos ejemplos que da Kolesnik, tomados del diario <em>Korrespondent <\/em>y otras publicaciones:<\/p>\n<p>\u201cEn el oblast de Transcarpatia, en Ucrania occidental, aldeas enteras se han dispersado a trav\u00e9s de varias fronteras[<a href=\"#_ftn3\" name=\"_ftnref3\">[3]<\/a>] para escapar el reclutamiento de sus hombres.<\/p>\n<p>\u201cEl jefe del consejo de la aldea de Kosiv en el oblast de Ivano-Frankivsk informa que toda la poblaci\u00f3n de la aldea alquil\u00f3 autobuses y se fue a Rusia a esperar que acabe la guerra.En la aldea de Colchino, las autoridades s\u00f3lo pudieron encontrar a tres de los 105 hombres que deb\u00edan ser reclutados.<\/p>\n<p>\u201cEl Jefe de Reclutamiento de Transcarpatia, O.Boyko, dijo a\u00a0<em>Korrespondent<\/em>: \u2018Puede parecer una paradoja, pero en el oblast occidental de Ternopyl, las personas para escapar del reclutamiento, han huido a Rusia\u2019.<\/p>\n<p>\u201cMucha otra gente ha optado por irse a pa\u00edses del Este europeo, como refugiados temporales. Yuri Biryukov, asesor del presidente Poroshenko, adimiti\u00f3: \u2018En los \u00faltimos 30 d\u00edas, el 17% del total de reservistas de todo el oblast de Chernivtsy (Ucrania occidental) ha cruzado las fronteras a otros pa\u00edses\u2019. Seg\u00fan distintos informes, los hostels y moteles de la vecina Rumania est\u00e1n repletos de reservistas ucranianos evadidos.\u201d<\/p>\n<p>Al sur de Ucrania, la situaci\u00f3n parece la misma: \u201cEl diario de Odessa <em>Timer<\/em> informa el 23 de enero que en la aldea de Kulevchi en Saratsky, distrito de la regi\u00f3n de Odessa, la poblaci\u00f3n local se rebel\u00f3 contra el reclutamiento militar y echaron a patadas a los funcionarios de la oficina de reclutamiento local.\u201d<\/p>\n<p>El gobierno ha comenzado a reprimir estas protestas, amenazando incluso con la promulgaci\u00f3n de ley marcial. Un ejemplo de esta represi\u00f3n lo relata la AFP (Agence-France Press)[<a href=\"#_ftn4\" name=\"_ftnref4\">[4]<\/a>]:<\/p>\n<p>\u201cEl servicio de seguridad arrest\u00f3 a periodista con cargos de \u2018alta traici\u00f3n\u2019. Es RuslanKotsaba \u2013conocido periodista de TV de la regi\u00f3n occidental de Ivano-Frankivsk, que difundi\u00f3 un video por diversos medios y redes sociales, denunciando el nuevo reclutamiento. Llamaba a eludirlo y oponerse a la guerra\u2026 \u2018Prefiero ir a prisi\u00f3n \u2013dice Kotsaba\u2013 a participar en esta guerra fratricida\u2019. El video subido a Youtube logr\u00f3 300.000 entradas\u2026\u201d<\/p>\n<p><strong>Ratificamos nuestra posici\u00f3n<\/strong><\/p>\n<p>No podemos saber, con exactitud qu\u00e9 saldr\u00e1 finalmente de la reuni\u00f3n de Minsk. Lo m\u00e1s probable es que acuerde una <strong>tregua<\/strong> \u2013probablemente<strong> precaria<\/strong>\u2013, ya que la situaci\u00f3n militar de las tropas de Kiev parece insostenible y, por otro lado, el Kremlin est\u00e1 m\u00e1s interesado que nunca que en poner \u201cpa\u00f1os fr\u00edos\u201d a la situaci\u00f3n. La coyuntura de crisis econ\u00f3mica y la amenaza de m\u00e1s sanciones de Occidente lo presionan en ese sentido. Pero el gobierno de Putin no puede aparecer ante la opini\u00f3n p\u00fablica rusa como entregando a las rep\u00fablicas insurrectas del Este. Tampoco desea incorporarlas a Rusia (como Crimea) porque ser\u00eda importar una situaci\u00f3n pol\u00edtico-social de dif\u00edcil control.<\/p>\n<p>En este marco, como venimos sosteniendo, defendemos el<strong> derecho a la autodeterminaci\u00f3n <\/strong>de los pueblos del Este, incluyendo su <strong>derecho a la separaci\u00f3n<\/strong>. Pero la<strong> partici\u00f3n de Ucrania no es nuestro programa<\/strong>. Estamos por una <strong>Ucrania unida, de los trabajadores<\/strong>, en el marco de una <strong>rep\u00fablica federal y socialista<\/strong>.<\/p>\n<p>Sostenemos <strong>incondicionalmente<\/strong> el derecho de los pueblos del Este de Ucrania a defenderse de los atropellos de gobierno de Kiev, incluyendo su <strong>derecho a la autodeterminaci\u00f3n<\/strong>. Pero tambi\u00e9n, m\u00e1s que nunca, advertimos que su separaci\u00f3n, la partici\u00f3n de Ucrania en dos, no traer\u00e1 a la larga beneficios.<\/p>\n<p>El rechazo popular en las regiones del Este a continuar bajo la bota del gobierno de Kiev, que medio pa\u00eds no vot\u00f3, es <strong>justificable y comprensible<\/strong>. El oligarca Poroshenko pretende imponer un centralismo absoluto, la proscripci\u00f3n del idioma ruso, el plan de ajuste ordenado por el FMI y el acuerdo econ\u00f3mico con la Uni\u00f3n Europea, etc.<\/p>\n<p>Por todos esos motivos, desde la corriente internacional <em>Socialismo o Barbarie <\/em><strong>respetamos y defendemos incondicionalmente la lucha de las regiones del Donetsk y Lugansk<\/strong>, y de todo el Este de Ucrania por su <strong>autodeterminaci\u00f3n<\/strong>.<\/p>\n<p>Pero, al mismo tiempo, advertimos que las esperanzas de que la salvaci\u00f3n pueda venir de la secesi\u00f3n de Ucrania y de la incorporaci\u00f3n o asociaci\u00f3n a la Rusia de Putin, es un <strong>camino ilusorio<\/strong>. Putin ha demostrado una y mil veces que lo del Este de Ucrania es s\u00f3lo un pe\u00f3n que utiliza frente a los imperialismos de Occidente, en una situaci\u00f3n mundial en que las fricciones geopol\u00edticas tienden a exacerbarse.<\/p>\n<p>La \u00fanica soluci\u00f3n a este atolladero, es una salida que sea <strong>independiente<\/strong> tanto de los oligarcas ucranianos como de los imperialismos de Occidente y del Kremlin. Para eso es imprescindible luchar por una salida independiente: que la clase obrera y trabajadora se ponga de pie con <strong>una alternativa propia<\/strong>.<\/p>\n<p><strong>&#8230;&#8230;&#8230;&#8230;&#8230;&#8230;&#8230;&#8230;&#8230;&#8230;<\/strong><\/p>\n<p><a href=\"#_ftnref1\" name=\"_ftn1\">[1]<\/a>.- Pilar Bonet, \u201cLa guerra y la corrupci\u00f3n no dejan respirar a Kiev\u201d, reproducido por <em>La Naci\u00f3n<\/em>, 09\/02\/2015.<\/p>\n<p><a href=\"#_ftnref2\" name=\"_ftn2\">[2]<\/a> Dmitry Kolesnik,\u201cWhen Ukrainians Choose Not to Die in a War\u201d, CounterPunch, February 6-8, 2015.<\/p>\n<p><a href=\"#_ftnref3\" name=\"_ftn3\">[3]<\/a>.- Este oblast es fronterizo con Rumania, Hungr\u00eda y Eslovaquia.<\/p>\n<p><a href=\"#_ftnref4\" name=\"_ftn4\">[4]<\/a>.- \u201cUkraine arrests journalist after call to dodge draft\u201d, <em>AFP en Japan Times<\/em>, Feb 9, 2015.<\/p>\n","protected":false},"excerpt":{"rendered":"<p>. Al cerrar esta edici\u00f3n, mi\u00e9rcoles 11, se iniciaba\u00a0en Minsk \u2013capital de Belarus (Bielorrusia)\u2013 la primera reuni\u00f3n de la cumbre para llegar a un acuerdo de cese del fuego en la guerra civil de Ucrania y, si fuese posible, pactar un arreglo m\u00e1s duradero de este conflicto. Las conversaciones seguir\u00e1n ma\u00f1ana, y no est\u00e1 claro [&hellip;]<\/p>\n","protected":false},"author":8,"featured_media":4289,"comment_status":"closed","ping_status":"closed","sticky":false,"template":"","format":"standard","meta":{"footnotes":""},"categories":[1690],"tags":[260,1353,1682],"class_list":{"0":"post-4263","1":"post","2":"type-post","3":"status-publish","4":"format-standard","5":"has-post-thumbnail","7":"category-europa","8":"tag-donetsk","9":"tag-elias-saadi","10":"tag-ucrania"},"yoast_head":"<!-- This site is optimized with the Yoast SEO plugin v27.5 - https:\/\/yoast.com\/product\/yoast-seo-wordpress\/ -->\n<title>Cumbre de Minsk: \u00bfOtro acuerdo por arriba que dejar\u00e1 todo peor por abajo? - Socialismo o Barbarie<\/title>\n<meta name=\"robots\" content=\"index, follow, max-snippet:-1, max-image-preview:large, max-video-preview:-1\" \/>\n<link rel=\"canonical\" href=\"https:\/\/www.socialismoobarbarie.org\/?p=4263\" \/>\n<meta property=\"og:locale\" content=\"es_ES\" \/>\n<meta property=\"og:type\" content=\"article\" \/>\n<meta property=\"og:title\" content=\"Cumbre de Minsk: \u00bfOtro acuerdo por arriba que dejar\u00e1 todo peor por abajo? - Socialismo o Barbarie\" \/>\n<meta property=\"og:description\" content=\". Al cerrar esta edici\u00f3n, mi\u00e9rcoles 11, se iniciaba\u00a0en Minsk \u2013capital de Belarus (Bielorrusia)\u2013 la primera reuni\u00f3n de la cumbre para llegar a un acuerdo de cese del fuego en la guerra civil de Ucrania y, si fuese posible, pactar un arreglo m\u00e1s duradero de este conflicto. Las conversaciones seguir\u00e1n ma\u00f1ana, y no est\u00e1 claro [&hellip;]\" \/>\n<meta property=\"og:url\" content=\"https:\/\/www.socialismoobarbarie.org\/?p=4263\" \/>\n<meta property=\"og:site_name\" content=\"Socialismo o Barbarie\" \/>\n<meta property=\"article:published_time\" content=\"2015-02-13T08:07:42+00:00\" \/>\n<meta property=\"article:modified_time\" content=\"2019-11-20T14:21:33+00:00\" \/>\n<meta property=\"og:image\" content=\"https:\/\/www.socialismoobarbarie.org\/wp-content\/uploads\/2015\/02\/150211-minsk-reunion-x-ucrania-01-690x450.jpg\" \/>\n\t<meta property=\"og:image:width\" content=\"688\" \/>\n\t<meta property=\"og:image:height\" content=\"450\" \/>\n\t<meta property=\"og:image:type\" content=\"image\/jpeg\" \/>\n<meta name=\"author\" content=\"SOB\" \/>\n<meta name=\"twitter:card\" content=\"summary_large_image\" \/>\n<meta name=\"twitter:label1\" content=\"Escrito por\" \/>\n\t<meta name=\"twitter:data1\" content=\"SOB\" \/>\n\t<meta name=\"twitter:label2\" content=\"Tiempo de lectura\" \/>\n\t<meta name=\"twitter:data2\" content=\"11 minutos\" \/>\n<script type=\"application\/ld+json\" class=\"yoast-schema-graph\">{\"@context\":\"https:\\\/\\\/schema.org\",\"@graph\":[{\"@type\":\"Article\",\"@id\":\"https:\\\/\\\/www.socialismoobarbarie.org\\\/?p=4263#article\",\"isPartOf\":{\"@id\":\"https:\\\/\\\/www.socialismoobarbarie.org\\\/?p=4263\"},\"author\":{\"name\":\"SOB\",\"@id\":\"https:\\\/\\\/www.socialismoobarbarie.org\\\/#\\\/schema\\\/person\\\/bc1c3b321d47ed092405949c77e35a8e\"},\"headline\":\"Cumbre de Minsk: \u00bfOtro acuerdo por arriba que dejar\u00e1 todo peor por abajo?\",\"datePublished\":\"2015-02-13T08:07:42+00:00\",\"dateModified\":\"2019-11-20T14:21:33+00:00\",\"mainEntityOfPage\":{\"@id\":\"https:\\\/\\\/www.socialismoobarbarie.org\\\/?p=4263\"},\"wordCount\":2226,\"publisher\":{\"@id\":\"https:\\\/\\\/www.socialismoobarbarie.org\\\/#organization\"},\"image\":{\"@id\":\"https:\\\/\\\/www.socialismoobarbarie.org\\\/?p=4263#primaryimage\"},\"thumbnailUrl\":\"https:\\\/\\\/www.socialismoobarbarie.org\\\/wp-content\\\/uploads\\\/2015\\\/02\\\/150211-minsk-reunion-x-ucrania-01-690x450.jpg\",\"keywords\":[\"Donetsk\",\"El\u00edas Saadi\",\"Ucrania\"],\"articleSection\":[\"Europa\"],\"inLanguage\":\"es\"},{\"@type\":\"WebPage\",\"@id\":\"https:\\\/\\\/www.socialismoobarbarie.org\\\/?p=4263\",\"url\":\"https:\\\/\\\/www.socialismoobarbarie.org\\\/?p=4263\",\"name\":\"Cumbre de Minsk: \u00bfOtro acuerdo por arriba que dejar\u00e1 todo peor por abajo? - Socialismo o Barbarie\",\"isPartOf\":{\"@id\":\"https:\\\/\\\/www.socialismoobarbarie.org\\\/#website\"},\"primaryImageOfPage\":{\"@id\":\"https:\\\/\\\/www.socialismoobarbarie.org\\\/?p=4263#primaryimage\"},\"image\":{\"@id\":\"https:\\\/\\\/www.socialismoobarbarie.org\\\/?p=4263#primaryimage\"},\"thumbnailUrl\":\"https:\\\/\\\/www.socialismoobarbarie.org\\\/wp-content\\\/uploads\\\/2015\\\/02\\\/150211-minsk-reunion-x-ucrania-01-690x450.jpg\",\"datePublished\":\"2015-02-13T08:07:42+00:00\",\"dateModified\":\"2019-11-20T14:21:33+00:00\",\"breadcrumb\":{\"@id\":\"https:\\\/\\\/www.socialismoobarbarie.org\\\/?p=4263#breadcrumb\"},\"inLanguage\":\"es\",\"potentialAction\":[{\"@type\":\"ReadAction\",\"target\":[\"https:\\\/\\\/www.socialismoobarbarie.org\\\/?p=4263\"]}]},{\"@type\":\"ImageObject\",\"inLanguage\":\"es\",\"@id\":\"https:\\\/\\\/www.socialismoobarbarie.org\\\/?p=4263#primaryimage\",\"url\":\"https:\\\/\\\/www.socialismoobarbarie.org\\\/wp-content\\\/uploads\\\/2015\\\/02\\\/150211-minsk-reunion-x-ucrania-01-690x450.jpg\",\"contentUrl\":\"https:\\\/\\\/www.socialismoobarbarie.org\\\/wp-content\\\/uploads\\\/2015\\\/02\\\/150211-minsk-reunion-x-ucrania-01-690x450.jpg\",\"width\":688,\"height\":450},{\"@type\":\"BreadcrumbList\",\"@id\":\"https:\\\/\\\/www.socialismoobarbarie.org\\\/?p=4263#breadcrumb\",\"itemListElement\":[{\"@type\":\"ListItem\",\"position\":1,\"name\":\"Portada\",\"item\":\"https:\\\/\\\/www.socialismoobarbarie.org\\\/\"},{\"@type\":\"ListItem\",\"position\":2,\"name\":\"Cumbre de Minsk: \u00bfOtro acuerdo por arriba que dejar\u00e1 todo peor por abajo?\"}]},{\"@type\":\"WebSite\",\"@id\":\"https:\\\/\\\/www.socialismoobarbarie.org\\\/#website\",\"url\":\"https:\\\/\\\/www.socialismoobarbarie.org\\\/\",\"name\":\"Socialismo o Barbarie\",\"description\":\"Sitio web de la corriente internacional Socialismo o Barbarie\",\"publisher\":{\"@id\":\"https:\\\/\\\/www.socialismoobarbarie.org\\\/#organization\"},\"potentialAction\":[{\"@type\":\"SearchAction\",\"target\":{\"@type\":\"EntryPoint\",\"urlTemplate\":\"https:\\\/\\\/www.socialismoobarbarie.org\\\/?s={search_term_string}\"},\"query-input\":{\"@type\":\"PropertyValueSpecification\",\"valueRequired\":true,\"valueName\":\"search_term_string\"}}],\"inLanguage\":\"es\"},{\"@type\":\"Organization\",\"@id\":\"https:\\\/\\\/www.socialismoobarbarie.org\\\/#organization\",\"name\":\"Socialismo o Barbarie\",\"url\":\"https:\\\/\\\/www.socialismoobarbarie.org\\\/\",\"logo\":{\"@type\":\"ImageObject\",\"inLanguage\":\"es\",\"@id\":\"https:\\\/\\\/www.socialismoobarbarie.org\\\/#\\\/schema\\\/logo\\\/image\\\/\",\"url\":\"https:\\\/\\\/www.socialismoobarbarie.org\\\/wp-content\\\/uploads\\\/2025\\\/02\\\/soblogoweb-2025.png\",\"contentUrl\":\"https:\\\/\\\/www.socialismoobarbarie.org\\\/wp-content\\\/uploads\\\/2025\\\/02\\\/soblogoweb-2025.png\",\"width\":450,\"height\":161,\"caption\":\"Socialismo o Barbarie\"},\"image\":{\"@id\":\"https:\\\/\\\/www.socialismoobarbarie.org\\\/#\\\/schema\\\/logo\\\/image\\\/\"}},{\"@type\":\"Person\",\"@id\":\"https:\\\/\\\/www.socialismoobarbarie.org\\\/#\\\/schema\\\/person\\\/bc1c3b321d47ed092405949c77e35a8e\",\"name\":\"SOB\",\"url\":\"https:\\\/\\\/www.socialismoobarbarie.org\\\/?author=8\"}]}<\/script>\n<!-- \/ Yoast SEO plugin. -->","yoast_head_json":{"title":"Cumbre de Minsk: \u00bfOtro acuerdo por arriba que dejar\u00e1 todo peor por abajo? - Socialismo o Barbarie","robots":{"index":"index","follow":"follow","max-snippet":"max-snippet:-1","max-image-preview":"max-image-preview:large","max-video-preview":"max-video-preview:-1"},"canonical":"https:\/\/www.socialismoobarbarie.org\/?p=4263","og_locale":"es_ES","og_type":"article","og_title":"Cumbre de Minsk: \u00bfOtro acuerdo por arriba que dejar\u00e1 todo peor por abajo? - Socialismo o Barbarie","og_description":". Al cerrar esta edici\u00f3n, mi\u00e9rcoles 11, se iniciaba\u00a0en Minsk \u2013capital de Belarus (Bielorrusia)\u2013 la primera reuni\u00f3n de la cumbre para llegar a un acuerdo de cese del fuego en la guerra civil de Ucrania y, si fuese posible, pactar un arreglo m\u00e1s duradero de este conflicto. Las conversaciones seguir\u00e1n ma\u00f1ana, y no est\u00e1 claro [&hellip;]","og_url":"https:\/\/www.socialismoobarbarie.org\/?p=4263","og_site_name":"Socialismo o Barbarie","article_published_time":"2015-02-13T08:07:42+00:00","article_modified_time":"2019-11-20T14:21:33+00:00","og_image":[{"width":688,"height":450,"url":"https:\/\/www.socialismoobarbarie.org\/wp-content\/uploads\/2015\/02\/150211-minsk-reunion-x-ucrania-01-690x450.jpg","type":"image\/jpeg"}],"author":"SOB","twitter_card":"summary_large_image","twitter_misc":{"Escrito por":"SOB","Tiempo de lectura":"11 minutos"},"schema":{"@context":"https:\/\/schema.org","@graph":[{"@type":"Article","@id":"https:\/\/www.socialismoobarbarie.org\/?p=4263#article","isPartOf":{"@id":"https:\/\/www.socialismoobarbarie.org\/?p=4263"},"author":{"name":"SOB","@id":"https:\/\/www.socialismoobarbarie.org\/#\/schema\/person\/bc1c3b321d47ed092405949c77e35a8e"},"headline":"Cumbre de Minsk: \u00bfOtro acuerdo por arriba que dejar\u00e1 todo peor por abajo?","datePublished":"2015-02-13T08:07:42+00:00","dateModified":"2019-11-20T14:21:33+00:00","mainEntityOfPage":{"@id":"https:\/\/www.socialismoobarbarie.org\/?p=4263"},"wordCount":2226,"publisher":{"@id":"https:\/\/www.socialismoobarbarie.org\/#organization"},"image":{"@id":"https:\/\/www.socialismoobarbarie.org\/?p=4263#primaryimage"},"thumbnailUrl":"https:\/\/www.socialismoobarbarie.org\/wp-content\/uploads\/2015\/02\/150211-minsk-reunion-x-ucrania-01-690x450.jpg","keywords":["Donetsk","El\u00edas Saadi","Ucrania"],"articleSection":["Europa"],"inLanguage":"es"},{"@type":"WebPage","@id":"https:\/\/www.socialismoobarbarie.org\/?p=4263","url":"https:\/\/www.socialismoobarbarie.org\/?p=4263","name":"Cumbre de Minsk: \u00bfOtro acuerdo por arriba que dejar\u00e1 todo peor por abajo? - Socialismo o Barbarie","isPartOf":{"@id":"https:\/\/www.socialismoobarbarie.org\/#website"},"primaryImageOfPage":{"@id":"https:\/\/www.socialismoobarbarie.org\/?p=4263#primaryimage"},"image":{"@id":"https:\/\/www.socialismoobarbarie.org\/?p=4263#primaryimage"},"thumbnailUrl":"https:\/\/www.socialismoobarbarie.org\/wp-content\/uploads\/2015\/02\/150211-minsk-reunion-x-ucrania-01-690x450.jpg","datePublished":"2015-02-13T08:07:42+00:00","dateModified":"2019-11-20T14:21:33+00:00","breadcrumb":{"@id":"https:\/\/www.socialismoobarbarie.org\/?p=4263#breadcrumb"},"inLanguage":"es","potentialAction":[{"@type":"ReadAction","target":["https:\/\/www.socialismoobarbarie.org\/?p=4263"]}]},{"@type":"ImageObject","inLanguage":"es","@id":"https:\/\/www.socialismoobarbarie.org\/?p=4263#primaryimage","url":"https:\/\/www.socialismoobarbarie.org\/wp-content\/uploads\/2015\/02\/150211-minsk-reunion-x-ucrania-01-690x450.jpg","contentUrl":"https:\/\/www.socialismoobarbarie.org\/wp-content\/uploads\/2015\/02\/150211-minsk-reunion-x-ucrania-01-690x450.jpg","width":688,"height":450},{"@type":"BreadcrumbList","@id":"https:\/\/www.socialismoobarbarie.org\/?p=4263#breadcrumb","itemListElement":[{"@type":"ListItem","position":1,"name":"Portada","item":"https:\/\/www.socialismoobarbarie.org\/"},{"@type":"ListItem","position":2,"name":"Cumbre de Minsk: \u00bfOtro acuerdo por arriba que dejar\u00e1 todo peor por abajo?"}]},{"@type":"WebSite","@id":"https:\/\/www.socialismoobarbarie.org\/#website","url":"https:\/\/www.socialismoobarbarie.org\/","name":"Socialismo o Barbarie","description":"Sitio web de la corriente internacional Socialismo o Barbarie","publisher":{"@id":"https:\/\/www.socialismoobarbarie.org\/#organization"},"potentialAction":[{"@type":"SearchAction","target":{"@type":"EntryPoint","urlTemplate":"https:\/\/www.socialismoobarbarie.org\/?s={search_term_string}"},"query-input":{"@type":"PropertyValueSpecification","valueRequired":true,"valueName":"search_term_string"}}],"inLanguage":"es"},{"@type":"Organization","@id":"https:\/\/www.socialismoobarbarie.org\/#organization","name":"Socialismo o Barbarie","url":"https:\/\/www.socialismoobarbarie.org\/","logo":{"@type":"ImageObject","inLanguage":"es","@id":"https:\/\/www.socialismoobarbarie.org\/#\/schema\/logo\/image\/","url":"https:\/\/www.socialismoobarbarie.org\/wp-content\/uploads\/2025\/02\/soblogoweb-2025.png","contentUrl":"https:\/\/www.socialismoobarbarie.org\/wp-content\/uploads\/2025\/02\/soblogoweb-2025.png","width":450,"height":161,"caption":"Socialismo o Barbarie"},"image":{"@id":"https:\/\/www.socialismoobarbarie.org\/#\/schema\/logo\/image\/"}},{"@type":"Person","@id":"https:\/\/www.socialismoobarbarie.org\/#\/schema\/person\/bc1c3b321d47ed092405949c77e35a8e","name":"SOB","url":"https:\/\/www.socialismoobarbarie.org\/?author=8"}]}},"_links":{"self":[{"href":"https:\/\/www.socialismoobarbarie.org\/index.php?rest_route=\/wp\/v2\/posts\/4263","targetHints":{"allow":["GET"]}}],"collection":[{"href":"https:\/\/www.socialismoobarbarie.org\/index.php?rest_route=\/wp\/v2\/posts"}],"about":[{"href":"https:\/\/www.socialismoobarbarie.org\/index.php?rest_route=\/wp\/v2\/types\/post"}],"author":[{"embeddable":true,"href":"https:\/\/www.socialismoobarbarie.org\/index.php?rest_route=\/wp\/v2\/users\/8"}],"replies":[{"embeddable":true,"href":"https:\/\/www.socialismoobarbarie.org\/index.php?rest_route=%2Fwp%2Fv2%2Fcomments&post=4263"}],"version-history":[{"count":9,"href":"https:\/\/www.socialismoobarbarie.org\/index.php?rest_route=\/wp\/v2\/posts\/4263\/revisions"}],"predecessor-version":[{"id":4288,"href":"https:\/\/www.socialismoobarbarie.org\/index.php?rest_route=\/wp\/v2\/posts\/4263\/revisions\/4288"}],"wp:featuredmedia":[{"embeddable":true,"href":"https:\/\/www.socialismoobarbarie.org\/index.php?rest_route=\/wp\/v2\/media\/4289"}],"wp:attachment":[{"href":"https:\/\/www.socialismoobarbarie.org\/index.php?rest_route=%2Fwp%2Fv2%2Fmedia&parent=4263"}],"wp:term":[{"taxonomy":"category","embeddable":true,"href":"https:\/\/www.socialismoobarbarie.org\/index.php?rest_route=%2Fwp%2Fv2%2Fcategories&post=4263"},{"taxonomy":"post_tag","embeddable":true,"href":"https:\/\/www.socialismoobarbarie.org\/index.php?rest_route=%2Fwp%2Fv2%2Ftags&post=4263"}],"curies":[{"name":"wp","href":"https:\/\/api.w.org\/{rel}","templated":true}]}}