{"id":4427,"date":"2015-03-17T12:01:45","date_gmt":"2015-03-17T15:01:45","guid":{"rendered":"https:\/\/www.socialismoobarbarie.org\/?p=4427"},"modified":"2015-09-25T15:21:16","modified_gmt":"2015-09-25T18:21:16","slug":"construir-a-unidade-dos-trabalhadores-contra-ataques-aos-direitos-arrocho-salarial-e-desemprego","status":"publish","type":"post","link":"https:\/\/www.socialismoobarbarie.org\/?p=4427","title":{"rendered":"Construir a unidade dos trabalhadores contra ataques aos direitos, arrocho salarial e desemprego"},"content":{"rendered":"<p>.<\/p>\n<p>As manifesta\u00e7\u00f5es do \u00faltimo domingo, 15 de mar\u00e7o, reafirmam que entramos em uma nova conjuntura que requer da esquerda um esfor\u00e7o de interpreta\u00e7\u00e3o e de supera\u00e7\u00e3o da in\u00e9rcia pol\u00edtica se n\u00e3o se quer ser ultrapassado totalmente pela realidade.<\/p>\n<p><strong>Atos da direita mobilizam milh\u00f5es por todo o pa\u00eds<\/strong><\/p>\n<p>No domingo, dia 15 de Mar\u00e7o, estima-se que cerca de 2 milh\u00f5es de pessoas estiveram presentes nos atos de oposi\u00e7\u00e3o ao governo. Em todos os 26 estados da federa\u00e7\u00e3o, em 160 cidades e em algumas cidades fora do pa\u00eds houve manifesta\u00e7\u00f5es que levantavam a bandeira da luta contra a corrup\u00e7\u00e3o na Petrobr\u00e1s e pelo impeachment de Dilma Rousseff.Grandes manifesta\u00e7\u00f5es ocorreram em v\u00e1rias capitais. Dados da Pol\u00edcia Militar (PM)- n\u00e3o confi\u00e1veis &#8211; d\u00e3o conta de 80 mil manifestantes em Curitiba, 40 mil em Bras\u00edlia, 24 mil em Belo Horizonte e 15 mil no Rio de Janeiro. Em outras cidades a concentra\u00e7\u00e3o foi menor.<\/p>\n<p>Em S\u00e3o Paulo aconteceu a mobiliza\u00e7\u00e3o mais numerosa. Por uma diferen\u00e7a metodol\u00f3gica a PM deu 1 milh\u00e3o de pessoas e o Instituto Data Folha 210 mil. Esses atos,apesar do total apoio pol\u00edtico n\u00e3o foram convocados diretamente pelos partidos da oposi\u00e7\u00e3o burguesa (PSDB ou DEM) mas sim pelas redes sociais atrav\u00e9s de movimentos neoconservadores intitulados como \u201cBrasil Livre\u201d, \u201cVem pra rua\u201d e outros. \u00c9 ineg\u00e1vel que o sucesso das convoca\u00e7\u00f5es contou com a participa\u00e7\u00e3o da grande m\u00eddia que dava notas constantes sobre as manifesta\u00e7\u00f5es com tom de convoca\u00e7\u00e3o.<\/p>\n<p>No domingo \u00e0 noite, ap\u00f3s as manifesta\u00e7\u00f5es, dois ministros de Dilma Rousseff, Miguel Rosseto (Secretaria Geral) e Jos\u00e9 Eduardo Cardoso (justi\u00e7a), foram destacados para dar entrevista coletiva sobre os protestos. O centro da entrevista foi dizer que as manifesta\u00e7\u00f5es vinham de setores que n\u00e3o tinham votado em Dilma (Rosseto), que o governo apoia as investiga\u00e7\u00f5es de corrup\u00e7\u00e3o, que est\u00e1 aberto ao di\u00e1logo com todos os setores (Cardoso) e que ir\u00e1 enviar ao Congresso um pacote de combate a corrup\u00e7\u00e3o e impunidade.<\/p>\n<p>Da mesma forma que ocorreu no domingo passado, quando Dilma falava em Rede Nacional de R\u00e1dio e TV, durante a entrevista coletiva houve panela\u00e7o e buzina\u00e7o em v\u00e1rias cidades. Diante ainda do impacto das manifesta\u00e7\u00f5es, na segunda-feira, dia 16 de Mar\u00e7o, a pr\u00f3pria presidente, ap\u00f3s um ato oficial para anunciar o novo C\u00f3digo Civil, acabou dando uma entrevista coletiva sobre o tema. Reafirmou o discurso dos ministros no domingo e acrescentou que o ajuste fiscal era fundamental para o Brasil e que ir\u00e1 anunciar medidas de combate \u00e0 corrup\u00e7\u00e3o e breve.<\/p>\n<p><strong>Polariza\u00e7\u00e3o pol\u00edtica que tem como pano de fundo o esgotamento do \u201cpacto lulista\u201d<\/strong><\/p>\n<p>A derrota da greve dos metrovi\u00e1rios, a dura repress\u00e3o policial contra as manifesta\u00e7\u00f5es na Copa do Mundo e o processo eleitoral cumpriram o papel de arrefecer as mobiliza\u00e7\u00f5es populares. Mas, apesar da ofensiva do governo e dos patr\u00f5es contra os trabalhadores durante a Copa e da vit\u00f3ria (apertada) de Dilma nas elei\u00e7\u00f5es os problemas pol\u00edticos s\u00f3 se acumulam.<\/p>\n<p>Ap\u00f3s o processo eleitoral, no qual o governo foi reeleito com uma margem estreita de votos com o argumento que a oposi\u00e7\u00e3o iria aplicar pol\u00edticas neoliberais, cortar direitos e acabar com pol\u00edticas sociais, a primeira medida do governo foi elevar a taxa de juros. Em seguida foi escolhido o not\u00f3rio economista neoliberal Joaquim Levy para como Ministro da Fazenda e anunciado um pacote que medidas que restringe o acesso ao seguro desemprego, pens\u00e3o por morte e outros benef\u00edcios. Para coroar a linha abertamente neoliberal, o governo no final do ano contingenciou 30% do or\u00e7amento federal.<\/p>\n<p>Al\u00e9m dos problemas econ\u00f4micos, o governo vem perdendo sistematicamente a sua base de sustenta\u00e7\u00e3o pol\u00edtica. Arecess\u00e3o, associada \u00e0 alta inflacion\u00e1ria e \u00e0 desvaloriza\u00e7\u00e3o cambial, encontra no r\u00e1pido crescimento do desemprego um componente potencialmente explosivo. As baixas taxas de desemprego eram um forte ponto de apoio do governo entre as massas trabalhadoras.<\/p>\n<p>Agora, al\u00e9m das den\u00fancias de corrup\u00e7\u00e3o na Petrobr\u00e1s, que atingem diretamente altos dirigentes petistas eda perda de controle da base governista no Congresso Nacional, o governo enfrenta milh\u00f5es pedindo o seu impeachment nas ruas.<\/p>\n<p>As manifesta\u00e7\u00f5es de domingo tiveram como componentes indiscut\u00edveis uma composi\u00e7\u00e3o social de classe m\u00e9dia, eleitores da oposi\u00e7\u00e3o burguesa (em S\u00e3o Paulo pesquisa do Data Folha informa que 82% dos participantes votaram em A\u00e9cio Neves nas \u00faltimas elei\u00e7\u00f5es presidenciais) e que foram mobilizados a partir da defesa do impeachment e de um programa anticorrup\u00e7\u00e3o conservador.<\/p>\n<p>Por motivos \u00f3bvios, os organizadores do 15M e os grandes meios de comunica\u00e7\u00e3o quiseram dar um car\u00e1ter \u201capartid\u00e1rio\u201d para as manifesta\u00e7\u00f5es. N\u00e3o teve espa\u00e7o para figuras de ultra direita, como o Deputado Jair Bolsonaro (PP) que foi vaiado e impedido de falar durante o ato no Rio de Janeiro, e para outros representantes dos partidos burgueses.<\/p>\n<p>Apesar do disfarce \u201cdemocr\u00e1tico\u201d e \u201cantigovernista\u201d das manifesta\u00e7\u00f5es de Domingo elas jogam \u00e1gua no moinho do que h\u00e1 de mais conservador no cen\u00e1rio pol\u00edtico nacional.<\/p>\n<p>Al\u00e9m disso, fortalecem a linha do governo federal no sentido de impor duras medidas contra direitos dos trabalhadores, bem como cortes or\u00e7ament\u00e1rios e congelamento do sal\u00e1rio dos funcion\u00e1rios p\u00fablicos.<\/p>\n<p>N\u00e3o foi por acaso que o centro da fala de Dilma Rousseff na entrevista coletiva de segunda-feira foi que a pol\u00edtica de ajuste fiscal \u00e9 fundamental para o pa\u00eds. O governo, contraditoriamente, se apoia nas manifesta\u00e7\u00f5es conservadoras para se fortalecer e aprovar no Congresso o ajuste fiscal que, como j\u00e1 apontamos anteriormente, tem centralmente um car\u00e1ter antioper\u00e1rio.<\/p>\n<p><strong>Romper in\u00e9rcia da esquerda socialista \u00e9 decisivo<\/strong><\/p>\n<p>Para al\u00e9m da massividade e do car\u00e1ter pol\u00edtico direitista das manifesta\u00e7\u00f5es, o mais perigoso na conjuntura atual e o que mais causa preocupa\u00e7\u00e3o\u00e9 que as manifesta\u00e7\u00f5es galvanizaram n\u00e3o apenas a classe m\u00e9dia branca e psdebista.<\/p>\n<p>A conjuntura atual guarda uma importante dose de perigo, isto porque sem uma interven\u00e7\u00e3o pol\u00edtica da classe trabalhadora e da juventude se corre o risco de que a situa\u00e7\u00e3o de maior polariza\u00e7\u00e3o e politiza\u00e7\u00e3o aberta em Junho\/2013 seja sequestrada pela direita. Esse, a nosso ver, \u00e9 o principal problema com o qual deve se preocupar a esquerda independente.<\/p>\n<p>Repetindo nas ruas o fen\u00f4meno das \u00faltimas elei\u00e7\u00f5es, na qual o PT perdeu apoio eleitoral em todas as regi\u00f5es oper\u00e1rias, setores da classe trabalhadora descontentes tamb\u00e9m foram mobilizados pelas redes sociais e pela grande m\u00eddia nos atos de Domingo.<\/p>\n<p>Por outro lado, desde o come\u00e7o do ano uma s\u00e9rie de lutas dos trabalhadores ocorre por todo o pa\u00eds. Podemos citar brevemente as greves, com ocupa\u00e7\u00e3o parcial das f\u00e1bricas, dos metal\u00fargicos da Volks (S\u00e3o Bernardo do Campo) e da GM (S\u00e3o Jos\u00e9 dos Campos) contra demiss\u00f5es em massa, greves e lutas dos trabalhadores da constru\u00e7\u00e3o civil, a greve radicalizada dos professores do Paran\u00e1, a atual greve dos professores de S\u00e3o Paulo e outras lutas.<\/p>\n<p>Mesmo na manifesta\u00e7\u00e3o em defesa da Petrobr\u00e1s e contra o impeachment no \u00faltimo dia 13 de junho foi trabalhoso para a CUT esconder o descontentamento com as pol\u00edticas antioper\u00e1rias de ajuste que o governo quer impor.<\/p>\n<p>Ent\u00e3o, o problema que temos aqui \u00e9 que, apesar da classe trabalhadora estar mobilizada e at\u00e9 utilizando m\u00e9todos radicalizados de luta, n\u00e3o dispomos at\u00e9 o momento de um instrumento capaz de organizar o descontentamento de amplas massas trabalhadores e populares com o governo pela esquerda e com uma plataforma pol\u00edtica independente dos patr\u00f5es e do governo.<\/p>\n<p>O mais dram\u00e1tico do atual momento \u00e9 que essa situa\u00e7\u00e3o, na qual as for\u00e7as reacion\u00e1rias conseguem colocar milh\u00f5es nas ruas enquanto a esquerda coloca poucas centenas, n\u00e3o acontece por raz\u00f5es de ordem objetiva, pela derrota da classe ou pela aus\u00eancia de condi\u00e7\u00f5es objetivas. A grande ausente aqui s\u00e3o as condi\u00e7\u00f5es subjetivas, pois amplos setores das massas trabalhadoras j\u00e1 est\u00e3o em marcha contra os ataques as suas condi\u00e7\u00f5es de vida nas greves por emprego, sal\u00e1rio ou direitos.<\/p>\n<p>Por isso, \u00e9 necess\u00e1rio construir um espa\u00e7o de mobiliza\u00e7\u00e3o pol\u00edtica que seja independente dos patr\u00f5es e do governo. Espa\u00e7o este que aglutine os setores que est\u00e3o mobilizados e os que n\u00e3o est\u00e3o diretamente para que se possa realizar a\u00e7\u00f5es pol\u00edticas de massa e dar uma alternativa aos setores da classe trabalhadora que est\u00e1 sendo seriamente disputados pela direita.<\/p>\n<p>Est\u00e1 conjuntura pol\u00edtica tende a se estender, pois as condi\u00e7\u00f5es pol\u00edticas e econ\u00f4micas n\u00e3o permitem uma solu\u00e7\u00e3o r\u00e1pida para este ou para aquele lado. Assim, a polariza\u00e7\u00e3o entre governo e oposi\u00e7\u00e3o de direita ir\u00e1 marcar o cen\u00e1rio pol\u00edtico nacional nos pr\u00f3ximos meses. O que n\u00e3o podemos permitir \u00e9 que os trabalhadores fiquem encurralados ou mesmo sendo disputados pelo governo ou pela direita tradicional sem que uma alternativa classista seja constru\u00edda em um momento de efervesc\u00eancia de lutas.<\/p>\n<p>As maiores organiza\u00e7\u00f5es da esquerda, como o PSTU e o PSOL, t\u00eam uma enorme responsabilidade na tarefa de lutar pela constru\u00e7\u00e3o de uma alternativa classista ampla para os trabalhadores e para a juventude combativa. Precisamos romper com a in\u00e9rcia e dar passos concretos para nesse momento criar uma ampla frente de luta e uma plataforma pol\u00edtica que represente os interesses fundamentais da classe trabalhadora.<\/p>\n<p>N\u00e3o podemos desconsiderar que hoje \u00e9 a CUT que dirige a ampla maioria dos sindicatos e das categorias mais importantes dos trabalhadores. Em um momento de polariza\u00e7\u00e3o dos trabalhadores pela direita temos que exigir que essa burocracia rompa com a pol\u00edtica do governo e defenda os interesses dos trabalhadores. Sabemos que essa burocracia governista e pelega vai ter que dar alguma satisfa\u00e7\u00e3o para a sua base diante das demiss\u00f5es, arrocho salarial e perda de direitos. Mas, n\u00e3o se trata de fazer uma exig\u00eancia diplom\u00e1tica para que a CUT mobilize contra os ataques, temos que fazer essa exig\u00eancia diretamente em sua base, nas fabricas e demais locais de trabalho e de estudo.<\/p>\n<p>Pensamos que \u00e9 necess\u00e1rio criar uma alavanca para mobilizar setores mais amplos dos trabalhadores e da juventude para poder exigir que os principais sindicatos mobilizem contra os ataques do governo. Assim, para criar as condi\u00e7\u00f5es necess\u00e1rias e disputar parte da base da CUT e do PT, CSP-Conlutas, Intersindical e demais organiza\u00e7\u00f5es independentes devem convocar com urg\u00eancia um encontro para organizar um calend\u00e1rio de lutas e uma plataforma pol\u00edtica m\u00ednima alternativa frente o avan\u00e7o da direita.<\/p>\n","protected":false},"excerpt":{"rendered":"<p>. As manifesta\u00e7\u00f5es do \u00faltimo domingo, 15 de mar\u00e7o, reafirmam que entramos em uma nova conjuntura que requer da esquerda um esfor\u00e7o de interpreta\u00e7\u00e3o e de supera\u00e7\u00e3o da in\u00e9rcia pol\u00edtica se n\u00e3o se quer ser ultrapassado totalmente pela realidade. Atos da direita mobilizam milh\u00f5es por todo o pa\u00eds No domingo, dia 15 de Mar\u00e7o, estima-se [&hellip;]<\/p>\n","protected":false},"author":8,"featured_media":4433,"comment_status":"closed","ping_status":"closed","sticky":false,"template":"","format":"standard","meta":{"footnotes":""},"categories":[1686],"tags":[649,549,386],"class_list":{"0":"post-4427","1":"post","2":"type-post","3":"status-publish","4":"format-standard","5":"has-post-thumbnail","7":"category-portugues","8":"tag-conlutas","9":"tag-psol","10":"tag-pstu"},"yoast_head":"<!-- This site is optimized with the Yoast SEO plugin v28.2 - https:\/\/yoast.com\/product\/yoast-seo-wordpress\/ -->\n<title>Construir a unidade dos trabalhadores contra ataques aos direitos, arrocho salarial e desemprego - Socialismo o Barbarie<\/title>\n<meta name=\"robots\" content=\"index, follow, max-snippet:-1, max-image-preview:large, max-video-preview:-1\" \/>\n<link rel=\"canonical\" href=\"https:\/\/www.socialismoobarbarie.org\/?p=4427\" \/>\n<meta property=\"og:locale\" content=\"es_ES\" \/>\n<meta property=\"og:type\" content=\"article\" \/>\n<meta property=\"og:title\" content=\"Construir a unidade dos trabalhadores contra ataques aos direitos, arrocho salarial e desemprego - Socialismo o Barbarie\" \/>\n<meta property=\"og:description\" content=\". As manifesta\u00e7\u00f5es do \u00faltimo domingo, 15 de mar\u00e7o, reafirmam que entramos em uma nova conjuntura que requer da esquerda um esfor\u00e7o de interpreta\u00e7\u00e3o e de supera\u00e7\u00e3o da in\u00e9rcia pol\u00edtica se n\u00e3o se quer ser ultrapassado totalmente pela realidade. Atos da direita mobilizam milh\u00f5es por todo o pa\u00eds No domingo, dia 15 de Mar\u00e7o, estima-se [&hellip;]\" \/>\n<meta property=\"og:url\" content=\"https:\/\/www.socialismoobarbarie.org\/?p=4427\" \/>\n<meta property=\"og:site_name\" content=\"Socialismo o Barbarie\" \/>\n<meta property=\"article:published_time\" content=\"2015-03-17T15:01:45+00:00\" \/>\n<meta property=\"article:modified_time\" content=\"2015-09-25T18:21:16+00:00\" \/>\n<meta property=\"og:image\" content=\"https:\/\/www.socialismoobarbarie.org\/wp-content\/uploads\/2015\/03\/150315-manifestaciones-brasil-06-690x500.jpg\" \/>\n\t<meta property=\"og:image:width\" content=\"690\" \/>\n\t<meta property=\"og:image:height\" content=\"500\" \/>\n\t<meta property=\"og:image:type\" content=\"image\/jpeg\" \/>\n<meta name=\"author\" content=\"SOB\" \/>\n<meta name=\"twitter:card\" content=\"summary_large_image\" \/>\n<meta name=\"twitter:label1\" content=\"Escrito por\" \/>\n\t<meta name=\"twitter:data1\" content=\"SOB\" \/>\n\t<meta name=\"twitter:label2\" content=\"Tiempo de lectura\" \/>\n\t<meta name=\"twitter:data2\" content=\"9 minutos\" \/>\n<script type=\"application\/ld+json\" class=\"yoast-schema-graph\">{\"@context\":\"https:\\\/\\\/schema.org\",\"@graph\":[{\"@type\":\"Article\",\"@id\":\"https:\\\/\\\/www.socialismoobarbarie.org\\\/?p=4427#article\",\"isPartOf\":{\"@id\":\"https:\\\/\\\/www.socialismoobarbarie.org\\\/?p=4427\"},\"author\":{\"name\":\"SOB\",\"@id\":\"https:\\\/\\\/www.socialismoobarbarie.org\\\/#\\\/schema\\\/person\\\/bc1c3b321d47ed092405949c77e35a8e\"},\"headline\":\"Construir a unidade dos trabalhadores contra ataques aos direitos, arrocho salarial e desemprego\",\"datePublished\":\"2015-03-17T15:01:45+00:00\",\"dateModified\":\"2015-09-25T18:21:16+00:00\",\"mainEntityOfPage\":{\"@id\":\"https:\\\/\\\/www.socialismoobarbarie.org\\\/?p=4427\"},\"wordCount\":1858,\"publisher\":{\"@id\":\"https:\\\/\\\/www.socialismoobarbarie.org\\\/#organization\"},\"image\":{\"@id\":\"https:\\\/\\\/www.socialismoobarbarie.org\\\/?p=4427#primaryimage\"},\"thumbnailUrl\":\"https:\\\/\\\/www.socialismoobarbarie.org\\\/wp-content\\\/uploads\\\/2015\\\/03\\\/150315-manifestaciones-brasil-06-690x500.jpg\",\"keywords\":[\"Conlutas\",\"PSOL\",\"PSTU\"],\"articleSection\":[\"Portugu\u00eas\"],\"inLanguage\":\"es\"},{\"@type\":\"WebPage\",\"@id\":\"https:\\\/\\\/www.socialismoobarbarie.org\\\/?p=4427\",\"url\":\"https:\\\/\\\/www.socialismoobarbarie.org\\\/?p=4427\",\"name\":\"Construir a unidade dos trabalhadores contra ataques aos direitos, arrocho salarial e desemprego - Socialismo o Barbarie\",\"isPartOf\":{\"@id\":\"https:\\\/\\\/www.socialismoobarbarie.org\\\/#website\"},\"primaryImageOfPage\":{\"@id\":\"https:\\\/\\\/www.socialismoobarbarie.org\\\/?p=4427#primaryimage\"},\"image\":{\"@id\":\"https:\\\/\\\/www.socialismoobarbarie.org\\\/?p=4427#primaryimage\"},\"thumbnailUrl\":\"https:\\\/\\\/www.socialismoobarbarie.org\\\/wp-content\\\/uploads\\\/2015\\\/03\\\/150315-manifestaciones-brasil-06-690x500.jpg\",\"datePublished\":\"2015-03-17T15:01:45+00:00\",\"dateModified\":\"2015-09-25T18:21:16+00:00\",\"breadcrumb\":{\"@id\":\"https:\\\/\\\/www.socialismoobarbarie.org\\\/?p=4427#breadcrumb\"},\"inLanguage\":\"es\",\"potentialAction\":[{\"@type\":\"ReadAction\",\"target\":[\"https:\\\/\\\/www.socialismoobarbarie.org\\\/?p=4427\"]}]},{\"@type\":\"ImageObject\",\"inLanguage\":\"es\",\"@id\":\"https:\\\/\\\/www.socialismoobarbarie.org\\\/?p=4427#primaryimage\",\"url\":\"https:\\\/\\\/www.socialismoobarbarie.org\\\/wp-content\\\/uploads\\\/2015\\\/03\\\/150315-manifestaciones-brasil-06-690x500.jpg\",\"contentUrl\":\"https:\\\/\\\/www.socialismoobarbarie.org\\\/wp-content\\\/uploads\\\/2015\\\/03\\\/150315-manifestaciones-brasil-06-690x500.jpg\",\"width\":690,\"height\":500},{\"@type\":\"BreadcrumbList\",\"@id\":\"https:\\\/\\\/www.socialismoobarbarie.org\\\/?p=4427#breadcrumb\",\"itemListElement\":[{\"@type\":\"ListItem\",\"position\":1,\"name\":\"Portada\",\"item\":\"https:\\\/\\\/www.socialismoobarbarie.org\\\/\"},{\"@type\":\"ListItem\",\"position\":2,\"name\":\"Construir a unidade dos trabalhadores contra ataques aos direitos, arrocho salarial e desemprego\"}]},{\"@type\":\"WebSite\",\"@id\":\"https:\\\/\\\/www.socialismoobarbarie.org\\\/#website\",\"url\":\"https:\\\/\\\/www.socialismoobarbarie.org\\\/\",\"name\":\"Socialismo o Barbarie\",\"description\":\"Sitio web de la corriente internacional Socialismo o Barbarie\",\"publisher\":{\"@id\":\"https:\\\/\\\/www.socialismoobarbarie.org\\\/#organization\"},\"potentialAction\":[{\"@type\":\"SearchAction\",\"target\":{\"@type\":\"EntryPoint\",\"urlTemplate\":\"https:\\\/\\\/www.socialismoobarbarie.org\\\/?s={search_term_string}\"},\"query-input\":{\"@type\":\"PropertyValueSpecification\",\"valueRequired\":true,\"valueName\":\"search_term_string\"}}],\"inLanguage\":\"es\"},{\"@type\":\"Organization\",\"@id\":\"https:\\\/\\\/www.socialismoobarbarie.org\\\/#organization\",\"name\":\"Socialismo o Barbarie\",\"url\":\"https:\\\/\\\/www.socialismoobarbarie.org\\\/\",\"logo\":{\"@type\":\"ImageObject\",\"inLanguage\":\"es\",\"@id\":\"https:\\\/\\\/www.socialismoobarbarie.org\\\/#\\\/schema\\\/logo\\\/image\\\/\",\"url\":\"https:\\\/\\\/www.socialismoobarbarie.org\\\/wp-content\\\/uploads\\\/2025\\\/02\\\/soblogoweb-2025.png\",\"contentUrl\":\"https:\\\/\\\/www.socialismoobarbarie.org\\\/wp-content\\\/uploads\\\/2025\\\/02\\\/soblogoweb-2025.png\",\"width\":450,\"height\":161,\"caption\":\"Socialismo o Barbarie\"},\"image\":{\"@id\":\"https:\\\/\\\/www.socialismoobarbarie.org\\\/#\\\/schema\\\/logo\\\/image\\\/\"}},{\"@type\":\"Person\",\"@id\":\"https:\\\/\\\/www.socialismoobarbarie.org\\\/#\\\/schema\\\/person\\\/bc1c3b321d47ed092405949c77e35a8e\",\"name\":\"SOB\",\"url\":\"https:\\\/\\\/www.socialismoobarbarie.org\\\/?author=8\"}]}<\/script>\n<!-- \/ Yoast SEO plugin. -->","yoast_head_json":{"title":"Construir a unidade dos trabalhadores contra ataques aos direitos, arrocho salarial e desemprego - Socialismo o Barbarie","robots":{"index":"index","follow":"follow","max-snippet":"max-snippet:-1","max-image-preview":"max-image-preview:large","max-video-preview":"max-video-preview:-1"},"canonical":"https:\/\/www.socialismoobarbarie.org\/?p=4427","og_locale":"es_ES","og_type":"article","og_title":"Construir a unidade dos trabalhadores contra ataques aos direitos, arrocho salarial e desemprego - Socialismo o Barbarie","og_description":". As manifesta\u00e7\u00f5es do \u00faltimo domingo, 15 de mar\u00e7o, reafirmam que entramos em uma nova conjuntura que requer da esquerda um esfor\u00e7o de interpreta\u00e7\u00e3o e de supera\u00e7\u00e3o da in\u00e9rcia pol\u00edtica se n\u00e3o se quer ser ultrapassado totalmente pela realidade. Atos da direita mobilizam milh\u00f5es por todo o pa\u00eds No domingo, dia 15 de Mar\u00e7o, estima-se [&hellip;]","og_url":"https:\/\/www.socialismoobarbarie.org\/?p=4427","og_site_name":"Socialismo o Barbarie","article_published_time":"2015-03-17T15:01:45+00:00","article_modified_time":"2015-09-25T18:21:16+00:00","og_image":[{"width":690,"height":500,"url":"https:\/\/www.socialismoobarbarie.org\/wp-content\/uploads\/2015\/03\/150315-manifestaciones-brasil-06-690x500.jpg","type":"image\/jpeg"}],"author":"SOB","twitter_card":"summary_large_image","twitter_misc":{"Escrito por":"SOB","Tiempo de lectura":"9 minutos"},"schema":{"@context":"https:\/\/schema.org","@graph":[{"@type":"Article","@id":"https:\/\/www.socialismoobarbarie.org\/?p=4427#article","isPartOf":{"@id":"https:\/\/www.socialismoobarbarie.org\/?p=4427"},"author":{"name":"SOB","@id":"https:\/\/www.socialismoobarbarie.org\/#\/schema\/person\/bc1c3b321d47ed092405949c77e35a8e"},"headline":"Construir a unidade dos trabalhadores contra ataques aos direitos, arrocho salarial e desemprego","datePublished":"2015-03-17T15:01:45+00:00","dateModified":"2015-09-25T18:21:16+00:00","mainEntityOfPage":{"@id":"https:\/\/www.socialismoobarbarie.org\/?p=4427"},"wordCount":1858,"publisher":{"@id":"https:\/\/www.socialismoobarbarie.org\/#organization"},"image":{"@id":"https:\/\/www.socialismoobarbarie.org\/?p=4427#primaryimage"},"thumbnailUrl":"https:\/\/www.socialismoobarbarie.org\/wp-content\/uploads\/2015\/03\/150315-manifestaciones-brasil-06-690x500.jpg","keywords":["Conlutas","PSOL","PSTU"],"articleSection":["Portugu\u00eas"],"inLanguage":"es"},{"@type":"WebPage","@id":"https:\/\/www.socialismoobarbarie.org\/?p=4427","url":"https:\/\/www.socialismoobarbarie.org\/?p=4427","name":"Construir a unidade dos trabalhadores contra ataques aos direitos, arrocho salarial e desemprego - Socialismo o Barbarie","isPartOf":{"@id":"https:\/\/www.socialismoobarbarie.org\/#website"},"primaryImageOfPage":{"@id":"https:\/\/www.socialismoobarbarie.org\/?p=4427#primaryimage"},"image":{"@id":"https:\/\/www.socialismoobarbarie.org\/?p=4427#primaryimage"},"thumbnailUrl":"https:\/\/www.socialismoobarbarie.org\/wp-content\/uploads\/2015\/03\/150315-manifestaciones-brasil-06-690x500.jpg","datePublished":"2015-03-17T15:01:45+00:00","dateModified":"2015-09-25T18:21:16+00:00","breadcrumb":{"@id":"https:\/\/www.socialismoobarbarie.org\/?p=4427#breadcrumb"},"inLanguage":"es","potentialAction":[{"@type":"ReadAction","target":["https:\/\/www.socialismoobarbarie.org\/?p=4427"]}]},{"@type":"ImageObject","inLanguage":"es","@id":"https:\/\/www.socialismoobarbarie.org\/?p=4427#primaryimage","url":"https:\/\/www.socialismoobarbarie.org\/wp-content\/uploads\/2015\/03\/150315-manifestaciones-brasil-06-690x500.jpg","contentUrl":"https:\/\/www.socialismoobarbarie.org\/wp-content\/uploads\/2015\/03\/150315-manifestaciones-brasil-06-690x500.jpg","width":690,"height":500},{"@type":"BreadcrumbList","@id":"https:\/\/www.socialismoobarbarie.org\/?p=4427#breadcrumb","itemListElement":[{"@type":"ListItem","position":1,"name":"Portada","item":"https:\/\/www.socialismoobarbarie.org\/"},{"@type":"ListItem","position":2,"name":"Construir a unidade dos trabalhadores contra ataques aos direitos, arrocho salarial e desemprego"}]},{"@type":"WebSite","@id":"https:\/\/www.socialismoobarbarie.org\/#website","url":"https:\/\/www.socialismoobarbarie.org\/","name":"Socialismo o Barbarie","description":"Sitio web de la corriente internacional Socialismo o Barbarie","publisher":{"@id":"https:\/\/www.socialismoobarbarie.org\/#organization"},"potentialAction":[{"@type":"SearchAction","target":{"@type":"EntryPoint","urlTemplate":"https:\/\/www.socialismoobarbarie.org\/?s={search_term_string}"},"query-input":{"@type":"PropertyValueSpecification","valueRequired":true,"valueName":"search_term_string"}}],"inLanguage":"es"},{"@type":"Organization","@id":"https:\/\/www.socialismoobarbarie.org\/#organization","name":"Socialismo o Barbarie","url":"https:\/\/www.socialismoobarbarie.org\/","logo":{"@type":"ImageObject","inLanguage":"es","@id":"https:\/\/www.socialismoobarbarie.org\/#\/schema\/logo\/image\/","url":"https:\/\/www.socialismoobarbarie.org\/wp-content\/uploads\/2025\/02\/soblogoweb-2025.png","contentUrl":"https:\/\/www.socialismoobarbarie.org\/wp-content\/uploads\/2025\/02\/soblogoweb-2025.png","width":450,"height":161,"caption":"Socialismo o Barbarie"},"image":{"@id":"https:\/\/www.socialismoobarbarie.org\/#\/schema\/logo\/image\/"}},{"@type":"Person","@id":"https:\/\/www.socialismoobarbarie.org\/#\/schema\/person\/bc1c3b321d47ed092405949c77e35a8e","name":"SOB","url":"https:\/\/www.socialismoobarbarie.org\/?author=8"}]}},"_links":{"self":[{"href":"https:\/\/www.socialismoobarbarie.org\/index.php?rest_route=\/wp\/v2\/posts\/4427","targetHints":{"allow":["GET"]}}],"collection":[{"href":"https:\/\/www.socialismoobarbarie.org\/index.php?rest_route=\/wp\/v2\/posts"}],"about":[{"href":"https:\/\/www.socialismoobarbarie.org\/index.php?rest_route=\/wp\/v2\/types\/post"}],"author":[{"embeddable":true,"href":"https:\/\/www.socialismoobarbarie.org\/index.php?rest_route=\/wp\/v2\/users\/8"}],"replies":[{"embeddable":true,"href":"https:\/\/www.socialismoobarbarie.org\/index.php?rest_route=%2Fwp%2Fv2%2Fcomments&post=4427"}],"version-history":[{"count":4,"href":"https:\/\/www.socialismoobarbarie.org\/index.php?rest_route=\/wp\/v2\/posts\/4427\/revisions"}],"predecessor-version":[{"id":4432,"href":"https:\/\/www.socialismoobarbarie.org\/index.php?rest_route=\/wp\/v2\/posts\/4427\/revisions\/4432"}],"wp:featuredmedia":[{"embeddable":true,"href":"https:\/\/www.socialismoobarbarie.org\/index.php?rest_route=\/wp\/v2\/media\/4433"}],"wp:attachment":[{"href":"https:\/\/www.socialismoobarbarie.org\/index.php?rest_route=%2Fwp%2Fv2%2Fmedia&parent=4427"}],"wp:term":[{"taxonomy":"category","embeddable":true,"href":"https:\/\/www.socialismoobarbarie.org\/index.php?rest_route=%2Fwp%2Fv2%2Fcategories&post=4427"},{"taxonomy":"post_tag","embeddable":true,"href":"https:\/\/www.socialismoobarbarie.org\/index.php?rest_route=%2Fwp%2Fv2%2Ftags&post=4427"}],"curies":[{"name":"wp","href":"https:\/\/api.w.org\/{rel}","templated":true}]}}