{"id":4437,"date":"2015-03-18T17:10:31","date_gmt":"2015-03-19T02:10:31","guid":{"rendered":"https:\/\/www.socialismoobarbarie.org\/?p=4437"},"modified":"2015-03-31T12:06:56","modified_gmt":"2015-03-31T21:06:56","slug":"le-bilan-du-pts-sur-lear-discutons-serieusement","status":"publish","type":"post","link":"https:\/\/www.socialismoobarbarie.org\/?p=4437","title":{"rendered":"Le bilan du PTS sur Lear: Discutons s\u00e9rieusement"},"content":{"rendered":"<p style=\"text-align: justify;\">Forc\u00e9 par la d\u00e9cision d\u00e9favorable\u00a0 de la chambre X du 26 f\u00e9vrier dernier (qui a donn\u00e9 raison \u00e0 l\u2019entreprise en ce qui concerne les licenciements) et aussi par la pression de l&#8217;activisme ouvrier et \u00a0de notre parti sur la n\u00e9cessit\u00e9 d&#8217;avancer dans le bilan de la lutte de Lear (combat qui se poursuit aujourd&#8217;hui par le r\u00e9tablissement des travailleurs qui ont refus\u00e9 de partir [1]), le PTS a \u00e9t\u00e9 contraint de publier un long texte qui pr\u00e9sente un premier bilan: \u00a0\u00ab\u00a0Notes pour un bilan initiale. Lear, une lutte exemplaire contre vents et mar\u00e9es\u00a0\u00bb (En espagnol, notre traduction du titre<a href=\"#_ftn1\" name=\"_ftnref1\">[1]<\/a>).<\/p>\n<p style=\"text-align: justify;\">Le texte attire l&#8217;attention par plusieurs questions. D\u2019abord, par son caract\u00e8re g\u00e9n\u00e9ral descriptif dans lequel le PTS ne tire aucune conclusion et il fait de nombreuses affirmations improuvables. Deuxi\u00e8mement, comment le texte r\u00e9ussi \u00e0 oubliter les mois critiques du conflit (juin, juillet et ao\u00fbt), sur lesquels aucun bilan n\u2019est fait. Attire l\u2019attention qu\u2019aux mois centraux de la lutte le PTS ne consacre qu\u2019un dixi\u00e8me d\u2019un long article. L&#8217;auteur fait cela pour passer \u00e0 la vitesse de l&#8217;\u00e9clair \u00e0 ce que le PTS consid\u00e8re comme le \u00ab point fort \u00bb de son bilan, \u00a0la campagne politique apr\u00e8s la destitution des d\u00e9l\u00e9gu\u00e9s<a href=\"#_ftn2\" name=\"_ftnref2\">[2]<\/a>. La troisi\u00e8me chose qui attire l&#8217;attention, m\u00eame si c\u2019est une caract\u00e9ristique du PTS, est le caract\u00e8re autoproclamatoire du texte, o\u00f9 ils se d\u00e9finissent\u00a0 comme le \u00ab seul courant pour lequel le centre de son activit\u00e9 est la lutte des classes \u00bb.<\/p>\n<p style=\"text-align: justify;\">Quatri\u00e8mement, c\u2019est que dans un texte consacr\u00e9 presque enti\u00e8rement \u00e0 notre parti (qui a fait \u00a0un contrepoint permanent \u00e0 sa strat\u00e9gie en particulier dans les moments chauds de la lutte), le PTS essaye de cacher cela et pour des raisons de convenance, il\u00a0 de ne nommer que le PO (m\u00eame dans un article r\u00e9cent du quotidien Clarin, cela appara\u00eet ainsi): \u00a1une cible facile, parce que le PO a une d\u00e9rive \u00e9lectoraliste dramatique, ne s\u2019est pas engag\u00e9 \u00a0dans la lutte de Gestamp et quand il a dit quelque chose de Lear, cela n&#8217;a jamais \u00e9t\u00e9 pour remettre en question la strat\u00e9gie du conflit!<\/p>\n<p style=\"text-align: justify;\">Notre parti est all\u00e9 jusqu\u2019au bout \u00a0dans le conflit de Gestamp (la responsabilit\u00e9 \u00e9tait, centralement, entre nos mains), et il s\u2019est \u00e9galement attel\u00e9 \u00a0sur la lutte de Lear dans ses moments les plus d\u00e9cisifs. Aussi, nous nous sommes efforc\u00e9s de tirer des conclusions strat\u00e9giques d\u00e9taill\u00e9es des deux combats avec un bulletin long, donc nous ne r\u00e9p\u00e9terons pas ici tout ce qui a \u00e9t\u00e9 dit. Seulement nous ajouterons nos \u00ab notes \u00bb au texte de bilan du PTS, dans le but d\u2019ajouter encore quelques \u00e9l\u00e9ments \u00e0 ce d\u00e9bat qui sert \u00e0 la perspective de la r\u00e9cup\u00e9ration des m\u00e9thodes historiques de lutte de notre classe.<\/p>\n<p style=\"text-align: justify;\">Une description n&#8217;est pas un bilan<\/p>\n<p style=\"text-align: justify;\">Le texte pr\u00e9sent\u00e9 par Jonathan Ros se caract\u00e9rise par son caract\u00e8re descriptif. Il n&#8217;a pas d&#8217;enseignements, il ne d\u00e9montre m\u00eame pas ce qu\u2019il affirme. \u00a0Le texte est caract\u00e9ris\u00e9 par un ensemble d&#8217;affirmations \u00ab contre factuelles \u00bb qui ont le probl\u00e8me d\u2019\u00eatre \u00a0improuvables. Dans les sciences humaines en g\u00e9n\u00e9ral et le marxisme en particulier, les affirmations de ce type sont consid\u00e9r\u00e9es comme non scientifiques, pr\u00e9cis\u00e9ment parce qu&#8217;ils ne font rien pour affirmer ce que l\u2019on veut d\u00e9montrer: le m\u00e9rite de ce que nous voulons d\u00e9montrer doit se trouver dans les faits m\u00eames et non pas discuter sur ce qui se serait pass\u00e9 si une telle chose ou une telle autre avait eu lieu&#8230;<\/p>\n<p style=\"text-align: justify;\">Le probl\u00e8me g\u00e9n\u00e9ral du texte, surtout dans ses parties les plus pol\u00e9miques, c\u2019est qu\u2019il fait des affirmations comme si elles \u00e9taient des d\u00e9monstrations quand ce qui se passe\u00a0 c&#8217;est le contraire: il ne parvient pas \u00e0 expliquer pourquoi les choses se sont d\u00e9roul\u00e9 ainsi et pas autrement.<\/p>\n<p style=\"text-align: justify;\">Ce qui suit en est un exemple parmi tant d&#8217;autres: \u00a0\u00ab\u00a0Le blocage de portes cherchait le m\u00eame effet que l\u2019occupation ou la gr\u00e8ve totale, mais avec le dialogue avec la base, car une occupation aurait \u00e9t\u00e9 uniquement de l&#8217;activisme, sans la base et par cons\u00e9quent impuissant, le chemin le plus rapide vers la d\u00e9faite\u00a0\u00bb. Mais le PTS ne peut pas d\u00e9montrer ce qu&#8217;il dit, tout simplement parce qu&#8217;il n&#8217;a pas suivi cette voie et c\u2019est impossible de savoir ce que l\u2019occupation aurait donn\u00e9. Cela finit par \u00eatre un peu fallacieux surtout quand le PTS s\u2019est attach\u00e9 \u00e0 affirmer, \u00e0 travers l&#8217;un de ses principaux dirigeants nationaux et pendant des semaines, que le conflit se gagnerait \u00a0\u00ab\u00a0de l&#8217;ext\u00e9rieur\u00a0\u00bb&#8230;<\/p>\n<p style=\"text-align: justify;\">Le PTS d\u00e9crit que la base de l\u2019usine a \u00e9t\u00e9 perdue par la direction antibureaucratique, mais il ne parvient pas \u00e0 expliquer pourquoi: pourquoi cela est arriv\u00e9 ? qu\u2019est-ce qu\u2019ils auraient pu faire pour l&#8217;emp\u00eacher?, \u00e7a leur int\u00e9resse pas: \u00a0\u00ab\u00a0(&#8230;) Le 20 ao\u00fbt est organis\u00e9 une nouvelle assembl\u00e9e fausse, o\u00f9 la bureaucratie am\u00e8ne son gang, qui filme ce que chaque travailleur vote quand ils\u00a0 formulent la \u00ab motion \u00bb pour r\u00e9voquer les d\u00e9l\u00e9gu\u00e9s (&#8230;) dans cette situation, on pourrait arr\u00eater et abandonner le combat ou d\u00e9terminer que, comme on peut le voir, un combat rapide qui d\u00e9finit le conflit d&#8217;une mani\u00e8re favorable \u00e9tait impossible et chercher d\u2019autres alternatives de lutte\u00bb.<\/p>\n<p style=\"text-align: justify;\">Il ne fallait pas abandonner le combat et il \u00e9tait n\u00e9cessaire\u00a0 de poursuivre la lutte pour le r\u00e9tablissement des travailleurs licenci\u00e9s. Mais ce \u00ab bilan \u00bb n&#8217;explique pas pourquoi on est arriv\u00e9 \u00e0 cette situation, pourquoi on n&#8217;a pas pu emp\u00eacher la destitution des d\u00e9l\u00e9gu\u00e9s combatifs, pourquoi on a perdu la base, qu\u2019est-ce qu\u2019on aurait pu faire pour que cette \u00e9tape d\u00e9cisive du conflit n\u2019ait pas ce r\u00e9sultat. Et il ne l\u2019explique pas parce que le texte a pour but de balayer sous le tapis ce bilan!<\/p>\n<p style=\"text-align: justify;\">L&#8217;exemple de Volkswagen au Br\u00e9sil<\/p>\n<p style=\"text-align: justify;\">Nous le r\u00e9p\u00e9tons. Si on recherche un \u00e9l\u00e9ment de bilan de ce que le PTS a fait au cours de ces trois mois, on ne va pas le trouver. Le texte contient une man\u0153uvre controvers\u00e9e: toute \u00a0la \u00a0\u00ab\u00a0preuve\u00a0\u00bb de comment \u00ab se bat \u00bb le PTS est mis dans la campagne men\u00e9e \u00e0 partir de&#8230; septembre. Dans notre journal, nous avons fait remarquer que la campagne a \u00e9t\u00e9 tr\u00e8s correcte. Que le PTS a mis toutes ses ressources (l\u00e9gislatives et financi\u00e8res) pour faire que ce soit ainsi [2], afin que les t\u00e2ches auxiliaires de la lutte soient\u00a0 men\u00e9es.<\/p>\n<p style=\"text-align: justify;\">Mais s&#8217;il y a quelque chose que le PTS ne r\u00e9pond pas et qu\u2019il \u00e9vite tout au long de son \u00ab bilan \u00bb c&#8217;est pr\u00e9cis\u00e9ment son strat\u00e9gie dans ces trois mois; et cela arrive parce que clairement, c&#8217;est le point faible de sa position, ce qui pourrait avoir donn\u00e9 un r\u00e9sultat diff\u00e9rent au d\u00e9roulement du conflit.<\/p>\n<p style=\"text-align: justify;\">Nous voulons illustrer ici sous un autre angle notre argumentation. Nous n&#8217;allons pas r\u00e9p\u00e9ter ce qui a \u00e9t\u00e9 dit sur le fait que le PTS n&#8217;est pas all\u00e9 jusqu&#8217;au bout de la lutte, qu\u2019il n&#8217;a pas profit\u00e9 de toutes les possibilit\u00e9s de celle-ci, y compris, \u00a0l&#8217;occupation de l\u2019usine.Nous voulons par contre recourir \u00e0 deux exemples r\u00e9cents du Br\u00e9sil, qui sont d&#8217;une importance \u00e9norme pour l&#8217;exp\u00e9rience dans le processus de recomposition ouvri\u00e8re dans notre pays et pour illustrer notre position g\u00e9n\u00e9rale sur l&#8217;importance strat\u00e9gique de r\u00e9cup\u00e9rer les m\u00e9thodes historiques de lutte de notre classe.<\/p>\n<p style=\"text-align: justify;\">Il y a eu deux conflits tr\u00e8s importants cet \u00e9t\u00e9 contre les licenciements dans l&#8217;industrie automobile du pays: l\u2019un \u00e0 Volkswagen (dirig\u00e9 par la bureaucratie de la CUT) et l&#8217;autre \u00e0 General Motors (dirig\u00e9 par le CONLUTAS sous l&#8217;inspiration du triomphe dans VW); tous les deux se sont finies avec des grandes victoires.<\/p>\n<p style=\"text-align: justify;\">Quel a \u00e9t\u00e9 le caract\u00e8re distinctif de ceux-ci? Que pour la premi\u00e8re fois en plus d&#8217;une d\u00e9cennie (voir article s\u00e9par\u00e9 dans cette \u00e9dition), le levier pour le triomphe a \u00e9t\u00e9 que tous les travailleurs (non-licenci\u00e9s et licenci\u00e9s), ont entr\u00e9 dans l&#8217;usine pour combattre de l&#8217;int\u00e9rieur. Il y a eu des caract\u00e9ristiques\u00a0 de semi-occupation avec tout le monde \u00e0 l&#8217;int\u00e9rieur, et \u00e9tant donn\u00e9 l&#8217;unit\u00e9 et la force montr\u00e9e par la base, le combat a \u00e9t\u00e9 gagn\u00e9.<\/p>\n<p style=\"text-align: justify;\">Bien s\u00fbr, il y a plusieurs consid\u00e9rations sp\u00e9cifiques \u00e0 faire, que la bureaucratie \u00e0 Gestamp et \u00e0 Lear faisait partie de nos ennemis, que les conditions \u00e9taient diff\u00e9rentes, etc.. Mais ce qui reste est la morale de l\u2019histoire : que, pour la premi\u00e8re fois depuis des ann\u00e9es au Br\u00e9sil, la bureaucratie de la CUT a d\u00fb impulser un conflit ouvrier, ce qui a \u00e9t\u00e9 la cl\u00e9 du triomphe !<\/p>\n<p style=\"text-align: justify;\">La tradition de lutte du Nuevo MAS<\/p>\n<p style=\"text-align: justify;\">Apr\u00e8s il y a le caract\u00e8re autoproclamatoire insupportable du texte: le PTS se vend comme le \u00ab seul parti dont le centre est la lutte directe entre les classes \u00bb. Il s&#8217;agit d&#8217;un mensonge total. Dans les courants du trotskisme de gauche dans notre pays, il est vrai que le PO a une d\u00e9rive \u00e9lectoraliste acc\u00e9l\u00e9r\u00e9e qui le met hors du axe de la lutte des classes, sans responsabilit\u00e9s concr\u00e8tes dans les principales luttes ouvri\u00e8res de 2014 (Gestamp et Lear)<\/p>\n<p style=\"text-align: justify;\">Mais quand il parle de notre parti (m\u00eame sans nous mentionner), le PTS doit y penser avant de dire quelque chose: le nouveau MAS a \u00e9t\u00e9 \u00e0 l&#8217;avant-garde de la lutte, les 19 et 20 d\u00e9cembre 2001 quand on a renvers\u00e9 De la Rua (avec uncort\u00e8ge form\u00e9 principalement de jeunes camarades). Par la suite, lors de la journ\u00e9e de lutte dans le Pont Pueyrred\u00f3n\u00a0 o\u00f9 ont \u00e9t\u00e9 tu\u00e9s Kosteky et Santillan<a href=\"#_ftn3\" name=\"_ftnref3\">[3]<\/a>, nous avons \u00e9t\u00e9 au premier rang de cette confrontation avec nos camarades du FTC<a href=\"#_ftn4\" name=\"_ftnref4\">[4]<\/a> (m\u00eame si \u00e0 l&#8217;Assembl\u00e9e Nationale des Travailleurs quelques semaines avant, nous avions vot\u00e9 contre cette mobilisation, nous avons particip\u00e9 quand m\u00eame de celle-ci en respectant la d\u00e9mocratie ouvri\u00e8re; d\u2019autre part, le PTS n&#8217;a pas particip\u00e9 de cette mobilisation). Par la suite, nous avons \u00e9t\u00e9 \u00e0 la t\u00eate du conflit le plus dur du journal Cronica de la derni\u00e8re d\u00e9cennie, quand des camarades membres de notre parti ont \u00e9t\u00e9 des acteurs centraux dans l&#8217;occupation du b\u00e2timent central du journal pendant plusieurs jours.<\/p>\n<p style=\"text-align: justify;\">En 2007 et 2008, \u00a0le Nuevo MAS a \u00e9t\u00e9 protagoniste des conflits les plus difficiles de l\u2019industrie du pneumatique de la derni\u00e8re d\u00e9cennie et demi, o\u00f9 a \u00e9t\u00e9 r\u00e9cup\u00e9r\u00e9 le syndicat de San Fernando (o\u00f9 est bas\u00e9e l\u2019usine FATE), chassant \u00a0Pedro Wasiejko (bureaucrate du syndicat) litt\u00e9ralement en lui rouant de coups quand il a voulu m\u00e9connaitre les d\u00e9cissions d\u2019une assembl\u00e9e de base, et nous avons disput\u00e9 pair-\u00e0-pair la direction du syndicat dans le conflit le plus historique du pneumatique dans ces derni\u00e8res d\u00e9cennies.<\/p>\n<p style=\"text-align: justify;\">Dans le cadre de notre tradition de lutte, nous avons subi la mort de notre camarade Carlos Fuentealba<a href=\"#_ftn5\" name=\"_ftnref5\">[5]<\/a> \u00e0 Neuqu\u00e9n. Par la suite, nous avons \u00a0\u00e9t\u00e9 les protagonistes de la r\u00e9int\u00e9gration de plus de 15 travailleurs dans FATE, une campagne difficile qui a d\u00e9mand\u00e9 des ann\u00e9es d&#8217;efforts, et apr\u00e8s trois ann\u00e9es d&#8217;efforts presque dans la solitude, la r\u00e9int\u00e9gration de Maximiliano Cisneros, militant du Nuevo MAS, \u00e0 Firestone. Pas pour rien les avocats de notre parti (membres du ALI) ont certains des affaires avec jurisprudence de la Court Supr\u00eame de Justice en mati\u00e8re de r\u00e9int\u00e9gration de travailleurs licenci\u00e9s.<\/p>\n<p style=\"text-align: justify;\">Apr\u00e8s le cycle des luttes du pneumatique, notre parti a jou\u00e9 un r\u00f4le tr\u00e8s important dans la lutte des travailleurs de Pilkintong, qui s\u2019est sold\u00e9 avec une victoire \u00e0 partir de la d\u00e9cision\u00a0 impuls\u00e9e par notre organisation (qui a travaill\u00e9 de fa\u00e7on concr\u00e8te dans celle-ci) que les travailleurs entrent dans l&#8217;usine (mesure, comme cela ne pouvait en \u00eatre autrement, qui \u00e9tait rejet\u00e9 par le PTS).<\/p>\n<p style=\"text-align: justify;\">En 2014 nous avons \u00e9t\u00e9 les protagonistes du conflit historique de Gestamp et son geste du pont-roulant, qui a jet\u00e9 les bases pour la r\u00e9cup\u00e9ration des m\u00e9thodes historiques de lutte de notre classe, un combat \u00e0 mort o\u00f9 la jeune g\u00e9n\u00e9ration de notre parti s\u2019est engag\u00e9e \u00a0fortement pendant pr\u00e8s de deux mois et qui a r\u00e9ussi \u00e0 paralyser l&#8217;industrie automobile, for\u00e7ant Cristina Kirchner dans la t\u00e9l\u00e9vision \u00e0 affirmer que la \u00ab prise du Palais d&#8217;hiver faisait partie du pass\u00e9\u00a0\u00bb (cela tout en soulignant que nous avons agi impitoyablement et publiquement face \u00e0 toute l&#8217;avant-garde en expulsant du parti \u00e0 Damian Calci quand il a fait un accord avec le patrons lorsque la lutte continuait).<\/p>\n<p style=\"text-align: justify;\">Et \u00e0 cela nous pouvons ajouter \u00e9norm\u00e9ment d&#8217;autres combats de classe et pour l&#8217;\u00e9mergence de la nouvelle g\u00e9n\u00e9ration ouvri\u00e8re \u00a0que notre parti a impuls\u00e9 depuis sa fondation. Par exemple, notre r\u00f4le d&#8217;avant-garde dans les piquets de gr\u00e8ve des deux derni\u00e8res gr\u00e8ves g\u00e9n\u00e9rales, en n&#8217;oubliant pas la fiert\u00e9\u00a0 que nous avons par nos camarades de Las Rojas, l&#8217;organisation la plus coh\u00e9rente et combattante du mouvement des femmes aujourd&#8217;hui.<\/p>\n<p style=\"text-align: justify;\">Que le PTS baisse, donc, ses pr\u00e9tentions et se content \u00e0 discuter s\u00e9rieusement le bilan des luttes de Lear et Gestamp avec des organisations qui, comme le n\u00f4tre, sont caract\u00e9ris\u00e9s par sa coh\u00e9rence dans la lutte et ne font pas partie d&#8217;une coop\u00e9rative \u00e9lectorale que l&#8217;ann\u00e9e derni\u00e8re n&#8217;a pas pu \u00e9mettre une simple d\u00e9claration de soutien pour les gr\u00e8ves g\u00e9n\u00e9rales et, encore moins, convoquer un rencontre ouvrier en commun pour le triomphe de Gestamp et Lear.<\/p>\n<p style=\"text-align: justify;\">Sur cette derni\u00e8re question nous pourrions ajouter que le PTS s\u2019est conduit avec un sectarisme et opportunisme criminel, d\u2019abord lors di rencontre ouvrier dans la banlieue nord autour de Gestamp refusant la participation du PO (et donnant une excuse \u00e0 la directive de FATE, influenc\u00e9 par le PO et qui a refus\u00e9 d\u2019y participer, pour se laver les mains!) et le deuxi\u00e8me lorsque avec la Gauche Socialiste ils ont refus\u00e9 d&#8217;appeler au Rencontre Ouvrier d\u2019Atlanta \u00e0 la mi- ann\u00e9e\u00a0 quand il aurait pu prendre en main la lutte de Lear en lui donnant une plus grande projection.<\/p>\n<p style=\"text-align: justify;\">La m\u00e9thode des r\u00e9volutionnaires<\/p>\n<p style=\"text-align: justify;\">Enfin, nous avons le bilan triomphaliste du PTS \u00e0 la fin de d\u00e9cembre dernier, lors de la d\u00e9cision de la chambre X<a href=\"#_ftn6\" name=\"_ftnref6\">[6]<\/a>. Comparons les\u00a0 deux m\u00e9thodes: avec son l\u00e9galisme inv\u00e9t\u00e9r\u00e9, le PTS l\u2019a annonc\u00e9 comme \u00ab une victoire historique de la lutte \u00bb&#8230; Dans notre cas, lorsque les travailleurs sont descendus du pont-roulant avec la conciliation obligatoire en main<a href=\"#_ftn7\" name=\"_ftnref7\">[7]<\/a> (et le grand triomphe qui ne leur reste aucune affaire criminelle!), nous avons dit que c&#8217;\u00e9tait un pas en avant mais le triomphe devait \u00eatre concr\u00e9t\u00e9 avec les travailleurs r\u00e9int\u00e9gr\u00e9s. Le PTS fait valoir pour sa d\u00e9fense, que, de toute fa\u00e7on, il a continu\u00e9 \u00e0 appeler \u00e0 l&#8217;action (ce que nous avons fait aussi \u00e0 Gestamp, cons\u00e9quents, avec notre d\u00e9finition que le conflit n&#8217;\u00e9tait pas fini jusqu&#8217;\u00e0 ce que les travailleurs soient entr\u00e9s. Qu\u2019est-ce qu\u2019a fait le PTS? Il s\u2019est consacr\u00e9 \u00e0 boycotter l&#8217;activit\u00e9 pr\u00e9vue pour le lundi d\u2019apr\u00e8s la d\u00e9cision de la Chambre X quand il fallait pousser pour que les travailleurs rentrent dans l&#8217;usine!).<\/p>\n<p style=\"text-align: justify;\">Mais la diff\u00e9rence est que le PTS a annonc\u00e9 \u00ab une victoire historique \u00bb qui n\u2019existait pas et cela est un erreur, cela enseigne mal et confond les travailleurs et ouvre la route \u00e0 la d\u00e9moralisation (et le sentiment anti-parti, comme c&#8217;est d\u00e9j\u00e0 le cas parmi de nombreux anciens militants de la Celeste, la liste antibureaucratique qui dirigeait LEAR) lorsque, enfin, ces grandes victoires tant annonc\u00e9s, ne se sont pas mat\u00e9rialis\u00e9es.<\/p>\n<p style=\"text-align: justify;\">Comme digression ajoutons que le PTS remarque dans son \u00ab bilan \u00bb que la proposition d\u2019occuper le pont-roulant a \u00e9t\u00e9 r\u00e9alis\u00e9e par un \u00a0\u00ab\u00a0ind\u00e9pendant\u00a0\u00bb (soulignant que cette action a \u00e9t\u00e9 correcte). Mais ce qu\u2019ils n\u2019expliquent pas c\u2019est pourquoi pendant trois longues semaines ils ont lutt\u00e9 contre cette action et si elle a \u00e9t\u00e9 r\u00e9alis\u00e9e, c\u2019est parce que notre parti l\u2019a d\u00e9fendu inconditionnellement comme une tentative de trouver un chemin d&#8217;acc\u00e8s \u00e0 tous les travailleurs qui \u00e9taient dans l\u2019usine soumis \u00e0 la militarisation de la plante.<\/p>\n<p style=\"text-align: justify;\">Il est temps de regarder la r\u00e9alit\u00e9 en face, d\u2019arr\u00eater avec les man\u0153uvres et d\u00e9robades et de faire face jusqu\u2019au bout au bilan de la strat\u00e9gie men\u00e9e pour \u00a0tirer les le\u00e7ons de la lutte tandis que les efforts \u00a0se poursuivent pour la r\u00e9int\u00e9gration des travailleurs licenci\u00e9s qui restent fermes par cet objectif.<\/p>\n<p style=\"text-align: justify;\">________________________________________<\/p>\n<p style=\"text-align: justify;\"><a href=\"#_ftnref1\" name=\"_ftn1\">[1]<\/a> Il faut noter, juste en passant, que tandis que les articles concernant la soi-disant \u00ab\u00a0victoire\u00a0\u00bb des ouvriers de\u00a0Lear en D\u00e9cembre ont \u00e9t\u00e9 traduits et partag\u00e9s tr\u00e8s rapidement par le CCR, le groupe du PTS en France (Les ouvriers de Lear ont remport\u00e9 \u00ab le conflit de l\u2019ann\u00e9e \u00bb, publi\u00e9 le 17\/12 en espagnol et traduit le 19\/12\u00a0; Lear, un conflit historique (et surtout victorieux !), publi\u00e9 le 17\/12 et traduit le jour m\u00eame), aucune trace pour le moment de cet article de bilan de la lutte qui a \u00e9t\u00e9 vaincue, article pourtant apparu il y a presque deux semaines (le 06\/03). Nous esp\u00e9rons qu\u2019il s\u2019agisse d\u2019un probl\u00e8me temporaire des traducteurs du CCR et non pas d\u2019une volont\u00e9 de cacher le d\u00e9bat sur cette lutte\u2026<\/p>\n<p style=\"text-align: justify;\"><a href=\"#_ftnref2\" name=\"_ftn2\">[2]<\/a> Apr\u00e8s avoir \u00e9t\u00e9 coup\u00e9s de la base de l\u2019usine par la politique de l\u2019entreprise de ne pas les laisser rentrer et le refus du PTS \u00e0 occuper l\u2019usine, les d\u00e9l\u00e9gu\u00e9s ont \u00e9t\u00e9 destitu\u00e9s par une Assembl\u00e9e G\u00e9n\u00e9rale dirig\u00e9e par la bureaucratie.<\/p>\n<p style=\"text-align: justify;\"><a href=\"#_ftnref3\" name=\"_ftn3\">[3]<\/a> Le 26 Juin 2012, encore dans une situation politique marqu\u00e9e par la r\u00e9volte populaire de 2001, une brutale r\u00e9pression d\u00e9chain\u00e9e contre un blocage d\u2019autoroute du mouvement piquetero s\u2019est finie avec l\u2019assasinat de Kosteki et Santillon, deux militants du mouvement piquetero MTD.<\/p>\n<p style=\"text-align: justify;\"><a href=\"#_ftnref4\" name=\"_ftn4\">[4]<\/a> Front de Travailleurs Combatifs, organisation de piqueteros (ch\u00f4meurs) impuls\u00e9e par le Nuevo MAS.<\/p>\n<p style=\"text-align: justify;\"><a href=\"#_ftnref5\" name=\"_ftn5\">[5]<\/a> Professeur du primaire et militant du Nuevo MAS, tu\u00e9 par la r\u00e9pression polici\u00e8re lors d\u2019un blocage d\u2019autoroute qui a \u00e9t\u00e9 fait pendant une gr\u00e8ve de professeurs dans la province de Neuquen.<\/p>\n<p style=\"text-align: justify;\"><a href=\"#_ftnref6\" name=\"_ftn6\">[6]<\/a> Cette d\u00e9cision de justice, avec l\u2019argument que l\u2019entreprise n\u2019avait pas mis en place la Proc\u00e9dure Pr\u00e9ventive de Crise qui permet de licencier, avait annul\u00e9 <strong>temporairement<\/strong> les licenciements, jusqu\u2019\u00e0 ce que l\u2019entreprise fasse cette proc\u00e9dure. Une fois que l\u2019entreprise a fait la proc\u00e9dure, la m\u00eame Chambre X a valid\u00e9 les licenciements.<\/p>\n<p style=\"text-align: justify;\"><a href=\"#_ftnref7\" name=\"_ftn7\">[7]<\/a> Les travailleurs licenci\u00e9s de Gestamp, qui avaient occup\u00e9 le pont-roulant de l\u2019usine, bloqueant ainsi sa production et en cons\u00e9quence la production de VolksWagen, General Motors et Ford, ont d\u00e9cid\u00e9 d\u2019arr\u00eater l\u2019occupation lorsque le Minist\u00e8re de Travail a sign\u00e9 un d\u00e9cret qui r\u00e9int\u00e9grait tous les travailleurs licenci\u00e9s. Le Minist\u00e8re lui-m\u00eame est revenu sur cette d\u00e9cision quelques jours apr\u00e8s, pour battre la lutte.<\/p>\n","protected":false},"excerpt":{"rendered":"<p>Forc\u00e9 par la d\u00e9cision d\u00e9favorable\u00a0 de la chambre X du 26 f\u00e9vrier dernier (qui a donn\u00e9 raison \u00e0 l\u2019entreprise en ce qui concerne les licenciements) et aussi par la pression de l&#8217;activisme ouvrier et \u00a0de notre parti sur la n\u00e9cessit\u00e9 d&#8217;avancer dans le bilan de la lutte de Lear (combat qui se poursuit aujourd&#8217;hui par [&hellip;]<\/p>\n","protected":false},"author":8,"featured_media":4398,"comment_status":"closed","ping_status":"closed","sticky":false,"template":"","format":"standard","meta":{"footnotes":""},"categories":[467],"tags":[120,282,585,25,669,594],"class_list":{"0":"post-4437","1":"post","2":"type-post","3":"status-publish","4":"format-standard","5":"has-post-thumbnail","7":"category-french","8":"tag-fit","9":"tag-gestamp","10":"tag-lear","11":"tag-nuevo-mas","12":"tag-po","13":"tag-pts"},"yoast_head":"<!-- This site is optimized with the Yoast SEO plugin v27.5 - https:\/\/yoast.com\/product\/yoast-seo-wordpress\/ -->\n<title>Le bilan du PTS sur Lear: Discutons s\u00e9rieusement - Socialismo o Barbarie<\/title>\n<meta name=\"robots\" content=\"index, follow, max-snippet:-1, max-image-preview:large, max-video-preview:-1\" \/>\n<link rel=\"canonical\" href=\"https:\/\/www.socialismoobarbarie.org\/?p=4437\" \/>\n<meta property=\"og:locale\" content=\"es_ES\" \/>\n<meta property=\"og:type\" content=\"article\" \/>\n<meta property=\"og:title\" content=\"Le bilan du PTS sur Lear: Discutons s\u00e9rieusement - Socialismo o Barbarie\" \/>\n<meta property=\"og:description\" content=\"Forc\u00e9 par la d\u00e9cision d\u00e9favorable\u00a0 de la chambre X du 26 f\u00e9vrier dernier (qui a donn\u00e9 raison \u00e0 l\u2019entreprise en ce qui concerne les licenciements) et aussi par la pression de l&#8217;activisme ouvrier et \u00a0de notre parti sur la n\u00e9cessit\u00e9 d&#8217;avancer dans le bilan de la lutte de Lear (combat qui se poursuit aujourd&#8217;hui par [&hellip;]\" \/>\n<meta property=\"og:url\" content=\"https:\/\/www.socialismoobarbarie.org\/?p=4437\" \/>\n<meta property=\"og:site_name\" content=\"Socialismo o Barbarie\" \/>\n<meta property=\"article:published_time\" content=\"2015-03-19T02:10:31+00:00\" \/>\n<meta property=\"article:modified_time\" content=\"2015-03-31T21:06:56+00:00\" \/>\n<meta property=\"og:image\" content=\"https:\/\/www.socialismoobarbarie.org\/wp-content\/uploads\/2015\/03\/150312-ganaron-los-indomables-600x343.jpg\" \/>\n\t<meta property=\"og:image:width\" content=\"600\" \/>\n\t<meta property=\"og:image:height\" content=\"343\" \/>\n\t<meta property=\"og:image:type\" content=\"image\/jpeg\" \/>\n<meta name=\"author\" content=\"SOB\" \/>\n<meta name=\"twitter:card\" content=\"summary_large_image\" \/>\n<meta name=\"twitter:label1\" content=\"Escrito por\" \/>\n\t<meta name=\"twitter:data1\" content=\"SOB\" \/>\n\t<meta name=\"twitter:label2\" content=\"Tiempo de lectura\" \/>\n\t<meta name=\"twitter:data2\" content=\"16 minutos\" \/>\n<script type=\"application\/ld+json\" class=\"yoast-schema-graph\">{\"@context\":\"https:\\\/\\\/schema.org\",\"@graph\":[{\"@type\":\"Article\",\"@id\":\"https:\\\/\\\/www.socialismoobarbarie.org\\\/?p=4437#article\",\"isPartOf\":{\"@id\":\"https:\\\/\\\/www.socialismoobarbarie.org\\\/?p=4437\"},\"author\":{\"name\":\"SOB\",\"@id\":\"https:\\\/\\\/www.socialismoobarbarie.org\\\/#\\\/schema\\\/person\\\/bc1c3b321d47ed092405949c77e35a8e\"},\"headline\":\"Le bilan du PTS sur Lear: Discutons s\u00e9rieusement\",\"datePublished\":\"2015-03-19T02:10:31+00:00\",\"dateModified\":\"2015-03-31T21:06:56+00:00\",\"mainEntityOfPage\":{\"@id\":\"https:\\\/\\\/www.socialismoobarbarie.org\\\/?p=4437\"},\"wordCount\":3363,\"publisher\":{\"@id\":\"https:\\\/\\\/www.socialismoobarbarie.org\\\/#organization\"},\"image\":{\"@id\":\"https:\\\/\\\/www.socialismoobarbarie.org\\\/?p=4437#primaryimage\"},\"thumbnailUrl\":\"https:\\\/\\\/www.socialismoobarbarie.org\\\/wp-content\\\/uploads\\\/2015\\\/03\\\/150312-ganaron-los-indomables-600x343.jpg\",\"keywords\":[\"FIT\",\"Gestamp\",\"Lear\",\"Nuevo MAS\",\"PO\",\"PTS\"],\"articleSection\":[\"Fran\u00e7ais\"],\"inLanguage\":\"es\"},{\"@type\":\"WebPage\",\"@id\":\"https:\\\/\\\/www.socialismoobarbarie.org\\\/?p=4437\",\"url\":\"https:\\\/\\\/www.socialismoobarbarie.org\\\/?p=4437\",\"name\":\"Le bilan du PTS sur Lear: Discutons s\u00e9rieusement - Socialismo o Barbarie\",\"isPartOf\":{\"@id\":\"https:\\\/\\\/www.socialismoobarbarie.org\\\/#website\"},\"primaryImageOfPage\":{\"@id\":\"https:\\\/\\\/www.socialismoobarbarie.org\\\/?p=4437#primaryimage\"},\"image\":{\"@id\":\"https:\\\/\\\/www.socialismoobarbarie.org\\\/?p=4437#primaryimage\"},\"thumbnailUrl\":\"https:\\\/\\\/www.socialismoobarbarie.org\\\/wp-content\\\/uploads\\\/2015\\\/03\\\/150312-ganaron-los-indomables-600x343.jpg\",\"datePublished\":\"2015-03-19T02:10:31+00:00\",\"dateModified\":\"2015-03-31T21:06:56+00:00\",\"breadcrumb\":{\"@id\":\"https:\\\/\\\/www.socialismoobarbarie.org\\\/?p=4437#breadcrumb\"},\"inLanguage\":\"es\",\"potentialAction\":[{\"@type\":\"ReadAction\",\"target\":[\"https:\\\/\\\/www.socialismoobarbarie.org\\\/?p=4437\"]}]},{\"@type\":\"ImageObject\",\"inLanguage\":\"es\",\"@id\":\"https:\\\/\\\/www.socialismoobarbarie.org\\\/?p=4437#primaryimage\",\"url\":\"https:\\\/\\\/www.socialismoobarbarie.org\\\/wp-content\\\/uploads\\\/2015\\\/03\\\/150312-ganaron-los-indomables-600x343.jpg\",\"contentUrl\":\"https:\\\/\\\/www.socialismoobarbarie.org\\\/wp-content\\\/uploads\\\/2015\\\/03\\\/150312-ganaron-los-indomables-600x343.jpg\",\"width\":600,\"height\":343},{\"@type\":\"BreadcrumbList\",\"@id\":\"https:\\\/\\\/www.socialismoobarbarie.org\\\/?p=4437#breadcrumb\",\"itemListElement\":[{\"@type\":\"ListItem\",\"position\":1,\"name\":\"Portada\",\"item\":\"https:\\\/\\\/www.socialismoobarbarie.org\\\/\"},{\"@type\":\"ListItem\",\"position\":2,\"name\":\"Le bilan du PTS sur Lear: Discutons s\u00e9rieusement\"}]},{\"@type\":\"WebSite\",\"@id\":\"https:\\\/\\\/www.socialismoobarbarie.org\\\/#website\",\"url\":\"https:\\\/\\\/www.socialismoobarbarie.org\\\/\",\"name\":\"Socialismo o Barbarie\",\"description\":\"Sitio web de la corriente internacional Socialismo o Barbarie\",\"publisher\":{\"@id\":\"https:\\\/\\\/www.socialismoobarbarie.org\\\/#organization\"},\"potentialAction\":[{\"@type\":\"SearchAction\",\"target\":{\"@type\":\"EntryPoint\",\"urlTemplate\":\"https:\\\/\\\/www.socialismoobarbarie.org\\\/?s={search_term_string}\"},\"query-input\":{\"@type\":\"PropertyValueSpecification\",\"valueRequired\":true,\"valueName\":\"search_term_string\"}}],\"inLanguage\":\"es\"},{\"@type\":\"Organization\",\"@id\":\"https:\\\/\\\/www.socialismoobarbarie.org\\\/#organization\",\"name\":\"Socialismo o Barbarie\",\"url\":\"https:\\\/\\\/www.socialismoobarbarie.org\\\/\",\"logo\":{\"@type\":\"ImageObject\",\"inLanguage\":\"es\",\"@id\":\"https:\\\/\\\/www.socialismoobarbarie.org\\\/#\\\/schema\\\/logo\\\/image\\\/\",\"url\":\"https:\\\/\\\/www.socialismoobarbarie.org\\\/wp-content\\\/uploads\\\/2025\\\/02\\\/soblogoweb-2025.png\",\"contentUrl\":\"https:\\\/\\\/www.socialismoobarbarie.org\\\/wp-content\\\/uploads\\\/2025\\\/02\\\/soblogoweb-2025.png\",\"width\":450,\"height\":161,\"caption\":\"Socialismo o Barbarie\"},\"image\":{\"@id\":\"https:\\\/\\\/www.socialismoobarbarie.org\\\/#\\\/schema\\\/logo\\\/image\\\/\"}},{\"@type\":\"Person\",\"@id\":\"https:\\\/\\\/www.socialismoobarbarie.org\\\/#\\\/schema\\\/person\\\/bc1c3b321d47ed092405949c77e35a8e\",\"name\":\"SOB\",\"url\":\"https:\\\/\\\/www.socialismoobarbarie.org\\\/?author=8\"}]}<\/script>\n<!-- \/ Yoast SEO plugin. -->","yoast_head_json":{"title":"Le bilan du PTS sur Lear: Discutons s\u00e9rieusement - Socialismo o Barbarie","robots":{"index":"index","follow":"follow","max-snippet":"max-snippet:-1","max-image-preview":"max-image-preview:large","max-video-preview":"max-video-preview:-1"},"canonical":"https:\/\/www.socialismoobarbarie.org\/?p=4437","og_locale":"es_ES","og_type":"article","og_title":"Le bilan du PTS sur Lear: Discutons s\u00e9rieusement - Socialismo o Barbarie","og_description":"Forc\u00e9 par la d\u00e9cision d\u00e9favorable\u00a0 de la chambre X du 26 f\u00e9vrier dernier (qui a donn\u00e9 raison \u00e0 l\u2019entreprise en ce qui concerne les licenciements) et aussi par la pression de l&#8217;activisme ouvrier et \u00a0de notre parti sur la n\u00e9cessit\u00e9 d&#8217;avancer dans le bilan de la lutte de Lear (combat qui se poursuit aujourd&#8217;hui par [&hellip;]","og_url":"https:\/\/www.socialismoobarbarie.org\/?p=4437","og_site_name":"Socialismo o Barbarie","article_published_time":"2015-03-19T02:10:31+00:00","article_modified_time":"2015-03-31T21:06:56+00:00","og_image":[{"width":600,"height":343,"url":"https:\/\/www.socialismoobarbarie.org\/wp-content\/uploads\/2015\/03\/150312-ganaron-los-indomables-600x343.jpg","type":"image\/jpeg"}],"author":"SOB","twitter_card":"summary_large_image","twitter_misc":{"Escrito por":"SOB","Tiempo de lectura":"16 minutos"},"schema":{"@context":"https:\/\/schema.org","@graph":[{"@type":"Article","@id":"https:\/\/www.socialismoobarbarie.org\/?p=4437#article","isPartOf":{"@id":"https:\/\/www.socialismoobarbarie.org\/?p=4437"},"author":{"name":"SOB","@id":"https:\/\/www.socialismoobarbarie.org\/#\/schema\/person\/bc1c3b321d47ed092405949c77e35a8e"},"headline":"Le bilan du PTS sur Lear: Discutons s\u00e9rieusement","datePublished":"2015-03-19T02:10:31+00:00","dateModified":"2015-03-31T21:06:56+00:00","mainEntityOfPage":{"@id":"https:\/\/www.socialismoobarbarie.org\/?p=4437"},"wordCount":3363,"publisher":{"@id":"https:\/\/www.socialismoobarbarie.org\/#organization"},"image":{"@id":"https:\/\/www.socialismoobarbarie.org\/?p=4437#primaryimage"},"thumbnailUrl":"https:\/\/www.socialismoobarbarie.org\/wp-content\/uploads\/2015\/03\/150312-ganaron-los-indomables-600x343.jpg","keywords":["FIT","Gestamp","Lear","Nuevo MAS","PO","PTS"],"articleSection":["Fran\u00e7ais"],"inLanguage":"es"},{"@type":"WebPage","@id":"https:\/\/www.socialismoobarbarie.org\/?p=4437","url":"https:\/\/www.socialismoobarbarie.org\/?p=4437","name":"Le bilan du PTS sur Lear: Discutons s\u00e9rieusement - Socialismo o Barbarie","isPartOf":{"@id":"https:\/\/www.socialismoobarbarie.org\/#website"},"primaryImageOfPage":{"@id":"https:\/\/www.socialismoobarbarie.org\/?p=4437#primaryimage"},"image":{"@id":"https:\/\/www.socialismoobarbarie.org\/?p=4437#primaryimage"},"thumbnailUrl":"https:\/\/www.socialismoobarbarie.org\/wp-content\/uploads\/2015\/03\/150312-ganaron-los-indomables-600x343.jpg","datePublished":"2015-03-19T02:10:31+00:00","dateModified":"2015-03-31T21:06:56+00:00","breadcrumb":{"@id":"https:\/\/www.socialismoobarbarie.org\/?p=4437#breadcrumb"},"inLanguage":"es","potentialAction":[{"@type":"ReadAction","target":["https:\/\/www.socialismoobarbarie.org\/?p=4437"]}]},{"@type":"ImageObject","inLanguage":"es","@id":"https:\/\/www.socialismoobarbarie.org\/?p=4437#primaryimage","url":"https:\/\/www.socialismoobarbarie.org\/wp-content\/uploads\/2015\/03\/150312-ganaron-los-indomables-600x343.jpg","contentUrl":"https:\/\/www.socialismoobarbarie.org\/wp-content\/uploads\/2015\/03\/150312-ganaron-los-indomables-600x343.jpg","width":600,"height":343},{"@type":"BreadcrumbList","@id":"https:\/\/www.socialismoobarbarie.org\/?p=4437#breadcrumb","itemListElement":[{"@type":"ListItem","position":1,"name":"Portada","item":"https:\/\/www.socialismoobarbarie.org\/"},{"@type":"ListItem","position":2,"name":"Le bilan du PTS sur Lear: Discutons s\u00e9rieusement"}]},{"@type":"WebSite","@id":"https:\/\/www.socialismoobarbarie.org\/#website","url":"https:\/\/www.socialismoobarbarie.org\/","name":"Socialismo o Barbarie","description":"Sitio web de la corriente internacional Socialismo o Barbarie","publisher":{"@id":"https:\/\/www.socialismoobarbarie.org\/#organization"},"potentialAction":[{"@type":"SearchAction","target":{"@type":"EntryPoint","urlTemplate":"https:\/\/www.socialismoobarbarie.org\/?s={search_term_string}"},"query-input":{"@type":"PropertyValueSpecification","valueRequired":true,"valueName":"search_term_string"}}],"inLanguage":"es"},{"@type":"Organization","@id":"https:\/\/www.socialismoobarbarie.org\/#organization","name":"Socialismo o Barbarie","url":"https:\/\/www.socialismoobarbarie.org\/","logo":{"@type":"ImageObject","inLanguage":"es","@id":"https:\/\/www.socialismoobarbarie.org\/#\/schema\/logo\/image\/","url":"https:\/\/www.socialismoobarbarie.org\/wp-content\/uploads\/2025\/02\/soblogoweb-2025.png","contentUrl":"https:\/\/www.socialismoobarbarie.org\/wp-content\/uploads\/2025\/02\/soblogoweb-2025.png","width":450,"height":161,"caption":"Socialismo o Barbarie"},"image":{"@id":"https:\/\/www.socialismoobarbarie.org\/#\/schema\/logo\/image\/"}},{"@type":"Person","@id":"https:\/\/www.socialismoobarbarie.org\/#\/schema\/person\/bc1c3b321d47ed092405949c77e35a8e","name":"SOB","url":"https:\/\/www.socialismoobarbarie.org\/?author=8"}]}},"_links":{"self":[{"href":"https:\/\/www.socialismoobarbarie.org\/index.php?rest_route=\/wp\/v2\/posts\/4437","targetHints":{"allow":["GET"]}}],"collection":[{"href":"https:\/\/www.socialismoobarbarie.org\/index.php?rest_route=\/wp\/v2\/posts"}],"about":[{"href":"https:\/\/www.socialismoobarbarie.org\/index.php?rest_route=\/wp\/v2\/types\/post"}],"author":[{"embeddable":true,"href":"https:\/\/www.socialismoobarbarie.org\/index.php?rest_route=\/wp\/v2\/users\/8"}],"replies":[{"embeddable":true,"href":"https:\/\/www.socialismoobarbarie.org\/index.php?rest_route=%2Fwp%2Fv2%2Fcomments&post=4437"}],"version-history":[{"count":1,"href":"https:\/\/www.socialismoobarbarie.org\/index.php?rest_route=\/wp\/v2\/posts\/4437\/revisions"}],"predecessor-version":[{"id":4438,"href":"https:\/\/www.socialismoobarbarie.org\/index.php?rest_route=\/wp\/v2\/posts\/4437\/revisions\/4438"}],"wp:featuredmedia":[{"embeddable":true,"href":"https:\/\/www.socialismoobarbarie.org\/index.php?rest_route=\/wp\/v2\/media\/4398"}],"wp:attachment":[{"href":"https:\/\/www.socialismoobarbarie.org\/index.php?rest_route=%2Fwp%2Fv2%2Fmedia&parent=4437"}],"wp:term":[{"taxonomy":"category","embeddable":true,"href":"https:\/\/www.socialismoobarbarie.org\/index.php?rest_route=%2Fwp%2Fv2%2Fcategories&post=4437"},{"taxonomy":"post_tag","embeddable":true,"href":"https:\/\/www.socialismoobarbarie.org\/index.php?rest_route=%2Fwp%2Fv2%2Ftags&post=4437"}],"curies":[{"name":"wp","href":"https:\/\/api.w.org\/{rel}","templated":true}]}}