{"id":4522,"date":"2015-03-29T08:10:15","date_gmt":"2015-03-29T17:10:15","guid":{"rendered":"https:\/\/www.socialismoobarbarie.org\/?p=4522"},"modified":"2015-03-31T12:04:33","modified_gmt":"2015-03-31T21:04:33","slug":"24-mars-la-place-appartient-a-ceux-qui-luttent-le-nuevo-mas-sest-mobilise-dans-tout-le-pays","status":"publish","type":"post","link":"https:\/\/www.socialismoobarbarie.org\/?p=4522","title":{"rendered":"24 mars: la place appartient \u00e0 ceux qui luttent &#8211; Le Nuevo MAS s\u2019est mobilis\u00e9 dans tout le pays."},"content":{"rendered":"<p style=\"text-align: justify;\">\u00c0 39 ans du coup d&#8217;\u00c9tat g\u00e9nocide la mobilisation du 24 mars a montr\u00e9 deux Places<a href=\"#_ftn1\" name=\"_ftnref1\">[1]<\/a>, qui \u00a0repr\u00e9sentent deux politiques distinctes. L\u2019une a \u00e9t\u00e9 la Place des Kirchneristes et des organismes de droits de l&#8217;homme coopt\u00e9s par l&#8217;\u00c9tat, la Place qui rend hommage aux 30.000 disparus, mais qui cache les drapeaux que ceux-ci ont lev\u00e9s, une Place de ceux qui ont c\u00e9l\u00e9br\u00e9 le jour f\u00e9ri\u00e9 et qui font des barbecues aux centres de torture<a href=\"#_ftn2\" name=\"_ftnref2\">[2]<\/a>, une Place qui n&#8217;a pas eu honte de transformer le 24 mars dans un acte de campagne \u00e9lectorale o\u00f9 il n&#8217;a pas m\u00eame manqu\u00e9 le bus o\u00f9 les candidats K se sont promen\u00e9s avec une impunit\u00e9 totale et la permission complice de la autrefois combative Hebe de Bonafini<a href=\"#_ftn3\" name=\"_ftnref3\">[3]<\/a>. L&#8217;autre \u00e9tait la Place des organisations de droits de l&#8217;homme ind\u00e9pendants, celles qui ne se sont pas fait dominer par les pr\u00e9bendes de l&#8217;\u00c9tat, celles qui d\u00e9noncent les attaques contre les travailleurs, les femmes et la jeunesse, celles qui ne prot\u00e8gent pas un r\u00e9presseur comme Milani<a href=\"#_ftn4\" name=\"_ftnref4\">[4]<\/a>, la Place de la Gauche et les activistes. Apr\u00e8s douze ans de gouvernement kirchneriste le Rencontre\u00a0 M\u00e9moire, V\u00e9rit\u00e9 et Justice<a href=\"#_ftn5\" name=\"_ftnref5\">[5]<\/a> a le m\u00e9rite de ne pas avoir laiss\u00e9 tomber aucun de ses drapeaux ni avoir c\u00e9d\u00e9 \u00e0 l&#8217;\u00c9tat patronat. Cet \u00e9norme m\u00e9rite lui a permis de soutenir avec orgueil les lutte historiques contre la r\u00e9pression d&#8217;Hier et d&#8217;aujourd&#8217;hui<\/p>\n<p style=\"text-align: justify;\">Le Rencontre \u00a0M\u00e9moire, V\u00e9rit\u00e9 et Justice a convoqu\u00e9 une marche massive qui a d\u00e9montr\u00e9 tr\u00e8s clairement au Gouvernement National et \u00e0 l&#8217;opposition de droite que nous n&#8217;abandonnons pas le chemin que les 30.000 compagnons d\u00e9tenus et disparus nous ont l\u00e9gu\u00e9; que nous allons continuer d&#8217;exiger la Justice pour Carlos Fuentealba<a href=\"#_ftn6\" name=\"_ftnref6\">[6]<\/a>, pour l&#8217;apparition de Jorge Julio L\u00f3pez<a href=\"#_ftn7\" name=\"_ftnref7\">[7]<\/a>, et de tous les activistes disparus pendant la d\u00e9mocratie; que nous n&#8217;allons pas nous arr\u00eater jusqu&#8217;\u00e0 obtenir la justice d\u00e9finitive et le ch\u00e2timent des responsables du meurtre de Mariano Ferreyra, de Kosteki Maxi, Dar\u00edo Santill\u00e1n<a href=\"#_ftn8\" name=\"_ftnref8\">[8]<\/a> et de tous les compagnons morts par l&#8217;appareil r\u00e9pressif de l&#8217;\u00c9tat.<\/p>\n<p style=\"text-align: justify;\">\u00a0\u00ab\u00a0Non \u00e0 l&#8217;impunit\u00e9 d&#8217;hier et d&#8217;aujourd&#8217;hui &#8211; Dehors Milani\u00a0\u00bb c&#8217;\u00e9tait la consigne qui a d\u00e9fendu la mobilisation populaire, dans laquelle le Nuevo MAS a apport\u00e9 avec l\u2019appel, l&#8217;organisation, la direction et le meeting final de celle-ci, ainsi qu\u2019avec un cort\u00e8ge tr\u00e8s beau et remarquablement militante, plein de travailleurs, d&#8217;\u00e9tudiants, d&#8217;activistes par les droits de l&#8217;homme et des femmes combatives qui se distinguent par son activit\u00e9 militante permanente. Nous avons mis dans la rue un \u00e9norme cort\u00e8ge qui s&#8217;est soutenu avec l&#8217;intensit\u00e9 et la joie de la jeunesse du parti. Notre percussion \u00a0n&#8217;a pas arr\u00eat\u00e9 de faire du bruit et de chanter m\u00eame pas pendant un second, montrant l&#8217;\u00e9nergie que chaque camarade de notre organisation a apport\u00e9e pour que le parti se mette au service de construire une mobilisation qui d\u00e9montrasse au Gouvernement kirchneriste et \u00e0 l&#8217;opposition de droite que la place appartient \u00e0 ceux qui ne font des accords \u00a0avec aucun secteur du patronat, de ceux qui luttent dans les rues de tout le pays, avec ind\u00e9pendance de classe, \u00e0 c\u00f4t\u00e9 des travailleurs et du peuple. Parmi le plus de mille personnes qui se sont mobilis\u00e9es dans le cort\u00e8ge de notre parti, il y a eu des activistes reconnus des Droits de l&#8217;homme en g\u00e9n\u00e9ral et des femmes en particulier, comme Iara Carmona<a href=\"#_ftn9\" name=\"_ftnref9\">[9]<\/a> et sa m\u00e8re, deux activistes aguerries contre l&#8217;abus et la violence vers les femmes : et dans Mar Del Plata a particip\u00e9 de notre cort\u00e8ge une autre reconnue activiste comme c&#8217;est Rocio Girat<a href=\"#_ftn10\" name=\"_ftnref10\">[10]<\/a>. La d\u00e9cision des compagnes de se mobiliser avec le cort\u00e8ge de notre parti montre que le Nuevo MAS et Las Rojas ont forg\u00e9 une r\u00e9putation parmi les activistes qui connaissent les principes et la trajectoire de lutte de notre organisation.<\/p>\n<p style=\"text-align: justify;\">C\u2019est ainsi que tout au long de notre cort\u00e8ge on a pu concr\u00e9tiser la synth\u00e8se de l&#8217;une de nos t\u00e2ches fondamentales, celle qui constitue l&#8217;un des objectifs les plus importants de notre militantisme quotidien, qui est de r\u00e9ussir \u00e0 faire que de plus en plus de compagnons et compagnes nous rejoignent pour lutter pour une soci\u00e9t\u00e9 sans opprim\u00e9s ni exploit\u00e9s pour que finalement gouvernent ceux qui ne l&#8217;ont fait jamais : les travailleurs, pour une alternative socialiste.<\/p>\n<p style=\"text-align: justify;\">Nous avons fait partie d&#8217;une \u00e9norme mobilisation qui a eu le m\u00e9rite de disputer la place au kirchnerisme. Malgr\u00e9 le fait que le Gouvernement a fait le pari avec tout son appareil de faire du 24 mars un acte de campagne \u00e9lectorale, les secteurs ind\u00e9pendants et la gauche lui avons emp\u00each\u00e9 et nous ne les avons pas laiss\u00e9s accaparer la Place comme ils l&#8217;avaient projet\u00e9. \u00c0 la chaleur de l&#8217;apr\u00e8s-midi, la mobilisation de la rencontre M\u00e9moire Verit\u00e9 et Justice a d\u00e9montr\u00e9 que la Place ne doit pas \u00eatre de ceux qui se r\u00e9concilient avec les r\u00e9presseurs, ni de ceux qui veulent nous imposer l\u2019aust\u00e9rit\u00e9 contre les travailleurs, la Place est des activistes qui luttons tous les jours pour en finir avec ce r\u00e9gime bourgeois de faim et de mis\u00e8re qui se perp\u00e9tue gr\u00e2ce \u00e0 l&#8217;exploitation du peuple travailleur.<\/p>\n<p style=\"text-align: justify;\">Le Nuevo MAS, a aussi fait partie des mobilisations qui ont eu lieu dans tout le pays, comme les mobilisations importantes qui ont \u00e9t\u00e9 r\u00e9alis\u00e9es \u00e1 Rosario, Cordoba, Neuqu\u00e9n et Mar Del Plata o\u00f9 nous nous sommes mobilis\u00e9s en d\u00e9fendant des consignes contre le Gouvernement national et l&#8217;opposition bourgeoise, o\u00f9 nous avons revendiqu\u00e9 la lutte de Carlos Fuentealba, Mariano Ferreyra et \u00a0Dar\u00edo et Maxi; ainsi que la lutte que les 30.000 compagnons disparus ont men\u00e9 il y quatre d\u00e9cennies.<\/p>\n<p style=\"text-align: justify;\">La mobilisation a pris fin dans la Place de Mai avec la lecture d&#8217;un document qui a \u00e9t\u00e9 approuv\u00e9 \u00a0par le Recontre et a \u00e9t\u00e9 lu par des repr\u00e9sentants des principales organisations qui y appelaient. Notre candidat \u00e0 l\u00e9gislateur Martin Gonz\u00e1lez Bay\u00f3n qui accompagne la liste du Nuevo MAS qui a Manuela Casta\u00f1eira \u00e0 la t\u00eate comme candidate \u00e0 Maire de la Capital Federal, a particip\u00e9 de la lecture du document<\/p>\n<p style=\"text-align: justify;\">__________________________________________<\/p>\n<p style=\"text-align: justify;\"><a href=\"#_ftnref1\" name=\"_ftn1\">[1]<\/a> La Place de Mayo (Plaza de Mayo) est la principale place du pays, face au Palais du Gouvernement. Les principales mobilisations finissent l\u00e0, et c\u2019est parfois l\u2019enjeu de luttes politiques, par exemple lors du 24 Mars alors qu\u2019autant les organisations pro-gouvernementales que celles qui s\u2019y opposent d\u00e9cident d\u2019y faire leurs meetings.<\/p>\n<p style=\"text-align: justify;\"><a href=\"#_ftnref2\" name=\"_ftn2\">[2]<\/a> A la fin de l\u2019ann\u00e9e 2013, un scandale publique s\u2019est fait jours lorsqu\u2019on a appris que des militants kirchneristes avaient organis\u00e9e une barbecue (un \u00ab\u00a0asado\u00a0\u00bb, repas classique argentin) dans l\u2019Ecole de l\u2019Arm\u00e9e qui avait fonctionn\u00e9 comme centre clandestin et de torture pendant la derni\u00e8re dictature militaire.<\/p>\n<p style=\"text-align: justify;\"><a href=\"#_ftnref3\" name=\"_ftn3\">[3]<\/a> Hebe de Bonafini, militante de l\u2019organisation de droits de l\u2019homme \u00ab\u00a0Grand-m\u00e8res de la Place de Mai\u00a0\u00bb, est pass\u00e9 du c\u00f4t\u00e9 du gouvernement il y a quelques ann\u00e9es.<\/p>\n<p style=\"text-align: justify;\"><a href=\"#_ftnref4\" name=\"_ftn4\">[4]<\/a> Milani, militaire et responsable de crimes pendant la derni\u00e8re dictature, a \u00e9t\u00e9 nomm\u00e9e Chef de l\u2019Arm\u00e9e\u00a0 en 2013 par le gouvernement de Cristina Kirchner. Cette d\u00e9signation, tr\u00e8s critiqu\u00e9e par les organisations de droits de l\u2019homme ind\u00e9pendantes, a \u00e9t\u00e9 cautionn\u00e9e par Hebe de Bonafini et d\u2019autres figures copt\u00e9es par le gouvernement.<\/p>\n<p style=\"text-align: justify;\"><a href=\"#_ftnref5\" name=\"_ftn5\">[5]<\/a> Rencontre d\u2019organisations de droits de l\u2019homme, de syndicats, de partis de la gauche qui organise historiquement la mobilisation du 24 Mars.<\/p>\n<p style=\"text-align: justify;\"><a href=\"#_ftnref6\" name=\"_ftn6\">[6]<\/a> Prof de primaire et militant du Nuevo MAS de la province de Neuqu\u00e9n, assassin\u00e9 par la r\u00e9pression polici\u00e8re lorsqu\u2019il participait \u00e0 un blocage d\u2019autoroute dans le cadre d\u2019une gr\u00e8ve des profs de cette province.<\/p>\n<p style=\"text-align: justify;\"><a href=\"#_ftnref7\" name=\"_ftn7\">[7]<\/a> D\u00e9tenu ill\u00e9galement pendant la dictature militaire (\u00ab\u00a0disparu\u00a0\u00bb), Jorge Julio Lopez est disparu le 18 Septembre 2006, apr\u00e8s avoir t\u00e9moign\u00e9 dans des proc\u00e8s contre des militaires. Il s\u2019agit du premier \u00ab\u00a0disparu\u00a0\u00bb en d\u00e9mocratie.<\/p>\n<p style=\"text-align: justify;\"><a href=\"#_ftnref8\" name=\"_ftn8\">[8]<\/a> Mariano Ferreyra, militant du PO assassin\u00e9 par un gang de la bureaucratie du syndicat des cheminots lors d\u2019un blocage de voies ferr\u00e9s\u00a0; Kosteki et Santillan, militants du mouvement de ch\u00f4meurs MTD, assassin\u00e9s par la police lors d\u2019un blocage d\u2019autoroute en 2002.<\/p>\n<p style=\"text-align: justify;\"><a href=\"#_ftnref9\" name=\"_ftn9\">[9]<\/a> Iara Carmona, activiste f\u00e9ministe qui se bat pour mettre en prison l\u2019ex-compagne de sa m\u00e8re, qui l\u2019a viol\u00e9 lorsqu\u2019elle avait entre onze et quinze ans.<\/p>\n<p style=\"text-align: justify;\"><a href=\"#_ftnref10\" name=\"_ftn10\">[10]<\/a> Rocio Girat, activiste f\u00e9ministe qui lutte pour l\u2019emprisonnement de son p\u00e8re, officier de la Marine, qui l\u2019a viol\u00e9 pendant des ann\u00e9es.<\/p>\n","protected":false},"excerpt":{"rendered":"<p>\u00c0 39 ans du coup d&#8217;\u00c9tat g\u00e9nocide la mobilisation du 24 mars a montr\u00e9 deux Places[1], qui \u00a0repr\u00e9sentent deux politiques distinctes. L\u2019une a \u00e9t\u00e9 la Place des Kirchneristes et des organismes de droits de l&#8217;homme coopt\u00e9s par l&#8217;\u00c9tat, la Place qui rend hommage aux 30.000 disparus, mais qui cache les drapeaux que ceux-ci ont lev\u00e9s, [&hellip;]<\/p>\n","protected":false},"author":8,"featured_media":4523,"comment_status":"closed","ping_status":"closed","sticky":false,"template":"","format":"standard","meta":{"footnotes":""},"categories":[467],"tags":[25],"class_list":{"0":"post-4522","1":"post","2":"type-post","3":"status-publish","4":"format-standard","5":"has-post-thumbnail","7":"category-french","8":"tag-nuevo-mas"},"yoast_head":"<!-- This site is optimized with the Yoast SEO plugin v27.4 - https:\/\/yoast.com\/product\/yoast-seo-wordpress\/ -->\n<title>24 mars: la place appartient \u00e0 ceux qui luttent - Le Nuevo MAS s\u2019est mobilis\u00e9 dans tout le pays. - Socialismo o Barbarie<\/title>\n<meta name=\"robots\" content=\"index, follow, max-snippet:-1, max-image-preview:large, max-video-preview:-1\" \/>\n<link rel=\"canonical\" href=\"https:\/\/www.socialismoobarbarie.org\/?p=4522\" \/>\n<meta property=\"og:locale\" content=\"es_ES\" \/>\n<meta property=\"og:type\" content=\"article\" \/>\n<meta property=\"og:title\" content=\"24 mars: la place appartient \u00e0 ceux qui luttent - Le Nuevo MAS s\u2019est mobilis\u00e9 dans tout le pays. - Socialismo o Barbarie\" \/>\n<meta property=\"og:description\" content=\"\u00c0 39 ans du coup d&#8217;\u00c9tat g\u00e9nocide la mobilisation du 24 mars a montr\u00e9 deux Places[1], qui \u00a0repr\u00e9sentent deux politiques distinctes. L\u2019une a \u00e9t\u00e9 la Place des Kirchneristes et des organismes de droits de l&#8217;homme coopt\u00e9s par l&#8217;\u00c9tat, la Place qui rend hommage aux 30.000 disparus, mais qui cache les drapeaux que ceux-ci ont lev\u00e9s, [&hellip;]\" \/>\n<meta property=\"og:url\" content=\"https:\/\/www.socialismoobarbarie.org\/?p=4522\" \/>\n<meta property=\"og:site_name\" content=\"Socialismo o Barbarie\" \/>\n<meta property=\"article:published_time\" content=\"2015-03-29T17:10:15+00:00\" \/>\n<meta property=\"article:modified_time\" content=\"2015-03-31T21:04:33+00:00\" \/>\n<meta property=\"og:image\" content=\"https:\/\/www.socialismoobarbarie.org\/wp-content\/uploads\/2015\/03\/150329-nuevo-mas-24-de-marzo.jpg\" \/>\n\t<meta property=\"og:image:width\" content=\"681\" \/>\n\t<meta property=\"og:image:height\" content=\"303\" \/>\n\t<meta property=\"og:image:type\" content=\"image\/jpeg\" \/>\n<meta name=\"author\" content=\"SOB\" \/>\n<meta name=\"twitter:card\" content=\"summary_large_image\" \/>\n<meta name=\"twitter:label1\" content=\"Escrito por\" \/>\n\t<meta name=\"twitter:data1\" content=\"SOB\" \/>\n\t<meta name=\"twitter:label2\" content=\"Tiempo de lectura\" \/>\n\t<meta name=\"twitter:data2\" content=\"7 minutos\" \/>\n<script type=\"application\/ld+json\" class=\"yoast-schema-graph\">{\"@context\":\"https:\\\/\\\/schema.org\",\"@graph\":[{\"@type\":\"Article\",\"@id\":\"https:\\\/\\\/www.socialismoobarbarie.org\\\/?p=4522#article\",\"isPartOf\":{\"@id\":\"https:\\\/\\\/www.socialismoobarbarie.org\\\/?p=4522\"},\"author\":{\"name\":\"SOB\",\"@id\":\"https:\\\/\\\/www.socialismoobarbarie.org\\\/#\\\/schema\\\/person\\\/bc1c3b321d47ed092405949c77e35a8e\"},\"headline\":\"24 mars: la place appartient \u00e0 ceux qui luttent &#8211; Le Nuevo MAS s\u2019est mobilis\u00e9 dans tout le pays.\",\"datePublished\":\"2015-03-29T17:10:15+00:00\",\"dateModified\":\"2015-03-31T21:04:33+00:00\",\"mainEntityOfPage\":{\"@id\":\"https:\\\/\\\/www.socialismoobarbarie.org\\\/?p=4522\"},\"wordCount\":1517,\"publisher\":{\"@id\":\"https:\\\/\\\/www.socialismoobarbarie.org\\\/#organization\"},\"image\":{\"@id\":\"https:\\\/\\\/www.socialismoobarbarie.org\\\/?p=4522#primaryimage\"},\"thumbnailUrl\":\"https:\\\/\\\/www.socialismoobarbarie.org\\\/wp-content\\\/uploads\\\/2015\\\/03\\\/150329-nuevo-mas-24-de-marzo.jpg\",\"keywords\":[\"Nuevo MAS\"],\"articleSection\":[\"Fran\u00e7ais\"],\"inLanguage\":\"es\"},{\"@type\":\"WebPage\",\"@id\":\"https:\\\/\\\/www.socialismoobarbarie.org\\\/?p=4522\",\"url\":\"https:\\\/\\\/www.socialismoobarbarie.org\\\/?p=4522\",\"name\":\"24 mars: la place appartient \u00e0 ceux qui luttent - Le Nuevo MAS s\u2019est mobilis\u00e9 dans tout le pays. - Socialismo o Barbarie\",\"isPartOf\":{\"@id\":\"https:\\\/\\\/www.socialismoobarbarie.org\\\/#website\"},\"primaryImageOfPage\":{\"@id\":\"https:\\\/\\\/www.socialismoobarbarie.org\\\/?p=4522#primaryimage\"},\"image\":{\"@id\":\"https:\\\/\\\/www.socialismoobarbarie.org\\\/?p=4522#primaryimage\"},\"thumbnailUrl\":\"https:\\\/\\\/www.socialismoobarbarie.org\\\/wp-content\\\/uploads\\\/2015\\\/03\\\/150329-nuevo-mas-24-de-marzo.jpg\",\"datePublished\":\"2015-03-29T17:10:15+00:00\",\"dateModified\":\"2015-03-31T21:04:33+00:00\",\"breadcrumb\":{\"@id\":\"https:\\\/\\\/www.socialismoobarbarie.org\\\/?p=4522#breadcrumb\"},\"inLanguage\":\"es\",\"potentialAction\":[{\"@type\":\"ReadAction\",\"target\":[\"https:\\\/\\\/www.socialismoobarbarie.org\\\/?p=4522\"]}]},{\"@type\":\"ImageObject\",\"inLanguage\":\"es\",\"@id\":\"https:\\\/\\\/www.socialismoobarbarie.org\\\/?p=4522#primaryimage\",\"url\":\"https:\\\/\\\/www.socialismoobarbarie.org\\\/wp-content\\\/uploads\\\/2015\\\/03\\\/150329-nuevo-mas-24-de-marzo.jpg\",\"contentUrl\":\"https:\\\/\\\/www.socialismoobarbarie.org\\\/wp-content\\\/uploads\\\/2015\\\/03\\\/150329-nuevo-mas-24-de-marzo.jpg\",\"width\":681,\"height\":303},{\"@type\":\"BreadcrumbList\",\"@id\":\"https:\\\/\\\/www.socialismoobarbarie.org\\\/?p=4522#breadcrumb\",\"itemListElement\":[{\"@type\":\"ListItem\",\"position\":1,\"name\":\"Portada\",\"item\":\"https:\\\/\\\/www.socialismoobarbarie.org\\\/\"},{\"@type\":\"ListItem\",\"position\":2,\"name\":\"24 mars: la place appartient \u00e0 ceux qui luttent &#8211; Le Nuevo MAS s\u2019est mobilis\u00e9 dans tout le pays.\"}]},{\"@type\":\"WebSite\",\"@id\":\"https:\\\/\\\/www.socialismoobarbarie.org\\\/#website\",\"url\":\"https:\\\/\\\/www.socialismoobarbarie.org\\\/\",\"name\":\"Socialismo o Barbarie\",\"description\":\"Sitio web de la corriente internacional Socialismo o Barbarie\",\"publisher\":{\"@id\":\"https:\\\/\\\/www.socialismoobarbarie.org\\\/#organization\"},\"potentialAction\":[{\"@type\":\"SearchAction\",\"target\":{\"@type\":\"EntryPoint\",\"urlTemplate\":\"https:\\\/\\\/www.socialismoobarbarie.org\\\/?s={search_term_string}\"},\"query-input\":{\"@type\":\"PropertyValueSpecification\",\"valueRequired\":true,\"valueName\":\"search_term_string\"}}],\"inLanguage\":\"es\"},{\"@type\":\"Organization\",\"@id\":\"https:\\\/\\\/www.socialismoobarbarie.org\\\/#organization\",\"name\":\"Socialismo o Barbarie\",\"url\":\"https:\\\/\\\/www.socialismoobarbarie.org\\\/\",\"logo\":{\"@type\":\"ImageObject\",\"inLanguage\":\"es\",\"@id\":\"https:\\\/\\\/www.socialismoobarbarie.org\\\/#\\\/schema\\\/logo\\\/image\\\/\",\"url\":\"https:\\\/\\\/www.socialismoobarbarie.org\\\/wp-content\\\/uploads\\\/2025\\\/02\\\/soblogoweb-2025.png\",\"contentUrl\":\"https:\\\/\\\/www.socialismoobarbarie.org\\\/wp-content\\\/uploads\\\/2025\\\/02\\\/soblogoweb-2025.png\",\"width\":450,\"height\":161,\"caption\":\"Socialismo o Barbarie\"},\"image\":{\"@id\":\"https:\\\/\\\/www.socialismoobarbarie.org\\\/#\\\/schema\\\/logo\\\/image\\\/\"}},{\"@type\":\"Person\",\"@id\":\"https:\\\/\\\/www.socialismoobarbarie.org\\\/#\\\/schema\\\/person\\\/bc1c3b321d47ed092405949c77e35a8e\",\"name\":\"SOB\",\"url\":\"https:\\\/\\\/www.socialismoobarbarie.org\\\/?author=8\"}]}<\/script>\n<!-- \/ Yoast SEO plugin. -->","yoast_head_json":{"title":"24 mars: la place appartient \u00e0 ceux qui luttent - Le Nuevo MAS s\u2019est mobilis\u00e9 dans tout le pays. - Socialismo o Barbarie","robots":{"index":"index","follow":"follow","max-snippet":"max-snippet:-1","max-image-preview":"max-image-preview:large","max-video-preview":"max-video-preview:-1"},"canonical":"https:\/\/www.socialismoobarbarie.org\/?p=4522","og_locale":"es_ES","og_type":"article","og_title":"24 mars: la place appartient \u00e0 ceux qui luttent - Le Nuevo MAS s\u2019est mobilis\u00e9 dans tout le pays. - Socialismo o Barbarie","og_description":"\u00c0 39 ans du coup d&#8217;\u00c9tat g\u00e9nocide la mobilisation du 24 mars a montr\u00e9 deux Places[1], qui \u00a0repr\u00e9sentent deux politiques distinctes. L\u2019une a \u00e9t\u00e9 la Place des Kirchneristes et des organismes de droits de l&#8217;homme coopt\u00e9s par l&#8217;\u00c9tat, la Place qui rend hommage aux 30.000 disparus, mais qui cache les drapeaux que ceux-ci ont lev\u00e9s, [&hellip;]","og_url":"https:\/\/www.socialismoobarbarie.org\/?p=4522","og_site_name":"Socialismo o Barbarie","article_published_time":"2015-03-29T17:10:15+00:00","article_modified_time":"2015-03-31T21:04:33+00:00","og_image":[{"width":681,"height":303,"url":"https:\/\/www.socialismoobarbarie.org\/wp-content\/uploads\/2015\/03\/150329-nuevo-mas-24-de-marzo.jpg","type":"image\/jpeg"}],"author":"SOB","twitter_card":"summary_large_image","twitter_misc":{"Escrito por":"SOB","Tiempo de lectura":"7 minutos"},"schema":{"@context":"https:\/\/schema.org","@graph":[{"@type":"Article","@id":"https:\/\/www.socialismoobarbarie.org\/?p=4522#article","isPartOf":{"@id":"https:\/\/www.socialismoobarbarie.org\/?p=4522"},"author":{"name":"SOB","@id":"https:\/\/www.socialismoobarbarie.org\/#\/schema\/person\/bc1c3b321d47ed092405949c77e35a8e"},"headline":"24 mars: la place appartient \u00e0 ceux qui luttent &#8211; Le Nuevo MAS s\u2019est mobilis\u00e9 dans tout le pays.","datePublished":"2015-03-29T17:10:15+00:00","dateModified":"2015-03-31T21:04:33+00:00","mainEntityOfPage":{"@id":"https:\/\/www.socialismoobarbarie.org\/?p=4522"},"wordCount":1517,"publisher":{"@id":"https:\/\/www.socialismoobarbarie.org\/#organization"},"image":{"@id":"https:\/\/www.socialismoobarbarie.org\/?p=4522#primaryimage"},"thumbnailUrl":"https:\/\/www.socialismoobarbarie.org\/wp-content\/uploads\/2015\/03\/150329-nuevo-mas-24-de-marzo.jpg","keywords":["Nuevo MAS"],"articleSection":["Fran\u00e7ais"],"inLanguage":"es"},{"@type":"WebPage","@id":"https:\/\/www.socialismoobarbarie.org\/?p=4522","url":"https:\/\/www.socialismoobarbarie.org\/?p=4522","name":"24 mars: la place appartient \u00e0 ceux qui luttent - Le Nuevo MAS s\u2019est mobilis\u00e9 dans tout le pays. - Socialismo o Barbarie","isPartOf":{"@id":"https:\/\/www.socialismoobarbarie.org\/#website"},"primaryImageOfPage":{"@id":"https:\/\/www.socialismoobarbarie.org\/?p=4522#primaryimage"},"image":{"@id":"https:\/\/www.socialismoobarbarie.org\/?p=4522#primaryimage"},"thumbnailUrl":"https:\/\/www.socialismoobarbarie.org\/wp-content\/uploads\/2015\/03\/150329-nuevo-mas-24-de-marzo.jpg","datePublished":"2015-03-29T17:10:15+00:00","dateModified":"2015-03-31T21:04:33+00:00","breadcrumb":{"@id":"https:\/\/www.socialismoobarbarie.org\/?p=4522#breadcrumb"},"inLanguage":"es","potentialAction":[{"@type":"ReadAction","target":["https:\/\/www.socialismoobarbarie.org\/?p=4522"]}]},{"@type":"ImageObject","inLanguage":"es","@id":"https:\/\/www.socialismoobarbarie.org\/?p=4522#primaryimage","url":"https:\/\/www.socialismoobarbarie.org\/wp-content\/uploads\/2015\/03\/150329-nuevo-mas-24-de-marzo.jpg","contentUrl":"https:\/\/www.socialismoobarbarie.org\/wp-content\/uploads\/2015\/03\/150329-nuevo-mas-24-de-marzo.jpg","width":681,"height":303},{"@type":"BreadcrumbList","@id":"https:\/\/www.socialismoobarbarie.org\/?p=4522#breadcrumb","itemListElement":[{"@type":"ListItem","position":1,"name":"Portada","item":"https:\/\/www.socialismoobarbarie.org\/"},{"@type":"ListItem","position":2,"name":"24 mars: la place appartient \u00e0 ceux qui luttent &#8211; Le Nuevo MAS s\u2019est mobilis\u00e9 dans tout le pays."}]},{"@type":"WebSite","@id":"https:\/\/www.socialismoobarbarie.org\/#website","url":"https:\/\/www.socialismoobarbarie.org\/","name":"Socialismo o Barbarie","description":"Sitio web de la corriente internacional Socialismo o Barbarie","publisher":{"@id":"https:\/\/www.socialismoobarbarie.org\/#organization"},"potentialAction":[{"@type":"SearchAction","target":{"@type":"EntryPoint","urlTemplate":"https:\/\/www.socialismoobarbarie.org\/?s={search_term_string}"},"query-input":{"@type":"PropertyValueSpecification","valueRequired":true,"valueName":"search_term_string"}}],"inLanguage":"es"},{"@type":"Organization","@id":"https:\/\/www.socialismoobarbarie.org\/#organization","name":"Socialismo o Barbarie","url":"https:\/\/www.socialismoobarbarie.org\/","logo":{"@type":"ImageObject","inLanguage":"es","@id":"https:\/\/www.socialismoobarbarie.org\/#\/schema\/logo\/image\/","url":"https:\/\/www.socialismoobarbarie.org\/wp-content\/uploads\/2025\/02\/soblogoweb-2025.png","contentUrl":"https:\/\/www.socialismoobarbarie.org\/wp-content\/uploads\/2025\/02\/soblogoweb-2025.png","width":450,"height":161,"caption":"Socialismo o Barbarie"},"image":{"@id":"https:\/\/www.socialismoobarbarie.org\/#\/schema\/logo\/image\/"}},{"@type":"Person","@id":"https:\/\/www.socialismoobarbarie.org\/#\/schema\/person\/bc1c3b321d47ed092405949c77e35a8e","name":"SOB","url":"https:\/\/www.socialismoobarbarie.org\/?author=8"}]}},"_links":{"self":[{"href":"https:\/\/www.socialismoobarbarie.org\/index.php?rest_route=\/wp\/v2\/posts\/4522","targetHints":{"allow":["GET"]}}],"collection":[{"href":"https:\/\/www.socialismoobarbarie.org\/index.php?rest_route=\/wp\/v2\/posts"}],"about":[{"href":"https:\/\/www.socialismoobarbarie.org\/index.php?rest_route=\/wp\/v2\/types\/post"}],"author":[{"embeddable":true,"href":"https:\/\/www.socialismoobarbarie.org\/index.php?rest_route=\/wp\/v2\/users\/8"}],"replies":[{"embeddable":true,"href":"https:\/\/www.socialismoobarbarie.org\/index.php?rest_route=%2Fwp%2Fv2%2Fcomments&post=4522"}],"version-history":[{"count":1,"href":"https:\/\/www.socialismoobarbarie.org\/index.php?rest_route=\/wp\/v2\/posts\/4522\/revisions"}],"predecessor-version":[{"id":4524,"href":"https:\/\/www.socialismoobarbarie.org\/index.php?rest_route=\/wp\/v2\/posts\/4522\/revisions\/4524"}],"wp:featuredmedia":[{"embeddable":true,"href":"https:\/\/www.socialismoobarbarie.org\/index.php?rest_route=\/wp\/v2\/media\/4523"}],"wp:attachment":[{"href":"https:\/\/www.socialismoobarbarie.org\/index.php?rest_route=%2Fwp%2Fv2%2Fmedia&parent=4522"}],"wp:term":[{"taxonomy":"category","embeddable":true,"href":"https:\/\/www.socialismoobarbarie.org\/index.php?rest_route=%2Fwp%2Fv2%2Fcategories&post=4522"},{"taxonomy":"post_tag","embeddable":true,"href":"https:\/\/www.socialismoobarbarie.org\/index.php?rest_route=%2Fwp%2Fv2%2Ftags&post=4522"}],"curies":[{"name":"wp","href":"https:\/\/api.w.org\/{rel}","templated":true}]}}