{"id":5113,"date":"2015-06-05T07:29:07","date_gmt":"2015-06-05T16:29:07","guid":{"rendered":"https:\/\/www.socialismoobarbarie.org\/?p=5113"},"modified":"2015-06-05T07:29:07","modified_gmt":"2015-06-05T16:29:07","slug":"500-000-personnes-se-mobilisent-a-la-capitale-federale-une-journee-historique-contre-la-violence-faite-aux-femmes","status":"publish","type":"post","link":"https:\/\/www.socialismoobarbarie.org\/?p=5113","title":{"rendered":"500.000 personnes se mobilisent \u00e0 la Capitale F\u00e9d\u00e9rale &#8211; Une journ\u00e9e historique contre la violence faite aux femmes"},"content":{"rendered":"<p style=\"text-align: justify;\">A l&#8217;issue de cette \u00e9dition, nous retournons de l\u2019impressionnante mobilisation dans Plaza Congreso. C&#8217;\u00e9tait, en fait, une mobilisation historique parce que 500 000 personnes se sont mobilis\u00e9es autour d&#8217;une revendication tr\u00e8s ressentie dans la population comme le rejet de la violence contre les femmes.<\/p>\n<h3 style=\"text-align: justify;\"><strong>Une mobilisation populaire<\/strong><\/h3>\n<p style=\"text-align: justify;\">Il y a plusieurs choses \u00e0 dire pour caract\u00e9riser cette mobilisation<\/p>\n<p style=\"text-align: justify;\">La premi\u00e8re chose est que c&#8217;\u00e9tait une action qui a eu lieu aux quatre coins de l&#8217;Argentine : plus de cent rassemblements \u00a0dans tout le pays, dans de nombreux cas \u00a0des mobilisations et des rassemblements qui ont vraiment d\u00e9pass\u00e9 toutes les expectatives : comme les 50 000 qui \u00e9taient rassembl\u00e9s \u00e0 C\u00f3rdoba et Rosario, 20.000 personnes dans La Plata et des chiffres semblables dans toutes les latitudes du pays.<\/p>\n<p style=\"text-align: justify;\">Bien s\u00fbr, la concentration la plus grande a \u00e9t\u00e9 celle de la Plaza Congreso, \u00e0 Buenos Aires o\u00f9, vraiment, il y avait 500.000 personnes ou plus. Non seulement la Plaza en elle-m\u00eame \u00e9tait litt\u00e9ralement <strong>d\u00e9bord\u00e9e<\/strong>, mais en outre toutes les grandes art\u00e8res (avenues et boulevards) qui y convergent \u00e9taient remplies des masses qui ont \u00e9t\u00e9 les protagonistes de <strong>cette journ\u00e9e historique.<\/strong><\/p>\n<p style=\"text-align: justify;\">Un \u00e9l\u00e9ment est \u00e0 souligner et, en fin de compte, il est logique que ce soit comme \u00e7a (en raison du poids de ce fl\u00e9au de la violence familiale): c&#8217;est la composition <strong>populaire<\/strong> de mobilisation, des femmes et des familles de travailleurs qui se sont rassembl\u00e9s \u00e0 la Plaza Congreso tr\u00e8s t\u00f4t, en n&#8217;oubliant pas les syndicats et les secteurs de travailleurs qui ont particip\u00e9, m\u00eame organis\u00e9s.<\/p>\n<p style=\"text-align: justify;\">Cette composition sociale, \u00e0 laquelle se sont ajout\u00e9s des \u00e9normes contingents d&#8217;\u00e9tudiants de toutes les latitudes de la Capitale F\u00e9d\u00e9rale et du grand Buenos Aires, ainsi que les secteurs de la classes moyenne progressiste, a radicalement d\u00e9mentie la campagne du gouvernement qui avait dit \u00e0 demi-mot, ce qui serait une mobilisation \u00ab\u00a0r\u00e9actionnaire\u00a0\u00bb comme celle pour le procureur Nisman<a href=\"#_ftn1\" name=\"_ftnref1\">[1]<\/a>.<\/p>\n<p style=\"text-align: justify;\">Rien plus \u00e9loign\u00e9 de la r\u00e9alit\u00e9 : c&#8217;\u00e9tait une mobilisation vraiment populaire, \u00e9norm\u00e9ment progressive et qui, par ailleurs, s\u2019est caract\u00e9ris\u00e9e par son caract\u00e8re <strong>ind\u00e9pendant<\/strong>.<\/p>\n<p style=\"text-align: justify;\">Ceci a \u00e9t\u00e9 un autre \u00e9l\u00e9ment important, m\u00eame contre certains qui avaient des r\u00e9flexes sectaires face \u00e0 la concentration : le meeting a dur\u00e9 \u00e0 peine une heure. Mais personne ne s\u2019est int\u00e9ress\u00e9 \u00e0 la dur\u00e9e du meeting lui-m\u00eame <strong>: la mobilisation a eu un caract\u00e8re m\u00eame festif, de joie, de lutte<\/strong>, de l&#8217;expression des revendications des femmes et de rejet de la violence \u00e0 leur encontre qui non seulement est all\u00e9 beaucoup plus loin que les organisateurs ; en r\u00e9alit\u00e9, ne s\u2019est souci\u00e9 de qui appelait : les gens ont trouv\u00e9 dans l&#8217;appel simplement un canal pour s&#8217;exprimer et pour exprimer leurs revendications.<\/p>\n<p style=\"text-align: justify;\">D&#8217;ahi que bien avant 17 h. des foules ont commenc\u00e9 \u00e0 arriver \u00e0 la place et que lorsque la tribune du meeting (\u00e0 18 h) a invit\u00e9 \u00e0 \u00ab partir \u00bb, non seulement la grande majorit\u00e9 n\u2019est pas parti, mais des masses et des masses de monde continuaient \u00e0 arriver. Il \u00e9tait 21h et il y avait toujours des gens sur la Plaza.<\/p>\n<h3 style=\"text-align: justify;\"><strong>Les probl\u00e8mes des femmes, sont \u00e0 l\u2019agenda au niveau national<\/strong><\/h3>\n<p style=\"text-align: justify;\">On a beaucoup parle et dit sur ce qui \u00ab\u00a0resterait\u00a0\u00bb apr\u00e8s la mobilisation. En r\u00e9alit\u00e9, c&#8217;\u00e9tait une ligne des militants pro-gouvernement, qui voulait rester de l\u2019importance \u00e0 une mobilisation qu\u2019ils ne pouvaient pas contr\u00f4ler.<\/p>\n<p style=\"text-align: justify;\">M\u00eame des secteurs de la \u00ab gauche \u00bb ont pr\u00e9tendu conditionner leur soutien \u00e0 la mobilisation au nom du caract\u00e8re \u00ab limit\u00e9 \u00bb de son programme. Mais, comme l\u2019a dit le vieux Marx il y a un si\u00e8cle et demi, <strong>tout pas en avant r\u00e9el des exploit\u00e9s et des opprim\u00e9s vaut plus que n&#8217;importe quel programme !<\/strong><\/p>\n<p style=\"text-align: justify;\">En outre, toute mobilisation massive comme celle-ci s&#8217;installe, d\u00e9finitivement, comme un fait objectif de la lutte des classes. Cela fait qu\u2019au-del\u00e0 de son programme explicite, ou de ce qui feront les \u00ab leaders \u00bb circonstancielles de la mobilisation, le fait \u00e9norm\u00e9ment progressif de cette mobilisation \u00e9norm\u00e9ment progressive, c\u2019est qu\u2019elle a install\u00e9 (nous pourrions dire que d\u00e9finitivement), <strong>l\u2019agenda des droits des femmes dans la sc\u00e8ne nationale.<\/strong><\/p>\n<p style=\"text-align: justify;\">Pas parce que nous l\u2019avons v\u00e9cu il est moins important et surprenant que quelque chose bouge dans les profondeurs de la soci\u00e9t\u00e9 autour des probl\u00e8mes de cette nature (comme autour d&#8217;autres probl\u00e8mes dans cette Argentine o\u00f9 les rapports de forces cr\u00e9\u00e9es il y a dix ans et demi sont toujours pr\u00e9sents).<\/p>\n<p style=\"text-align: justify;\">Bien s\u00fbr que l\u2019appel des journalistes et des personnalit\u00e9s du spectacle (\u00ab les c\u00e9l\u00e9brit\u00e9s \u00bb) \u00e0 se mobiliser a aid\u00e9 ; bien s\u00fbr que c&#8217;\u00e9tait presque \u00ab politiquement correct \u00bb de soutenir le \u00ab\u00a0Ni una menos\u00a0\u00bb (Pas une en moins, slogan central de la mobilisation). Mais que ce soit le cas est <strong>extr\u00eamement progressif<\/strong> ! Que quelque chose d&#8217;aussi progressive que le rejet de la violence contre les femmes soit si massif et attire cette adh\u00e9sion, est un fait vraiment <strong>r\u00e9volutionnaire<\/strong> !<\/p>\n<p style=\"text-align: justify;\">L&#8217;attitude du gouvernement par rapport \u00e0 la mobilisation a \u00e9t\u00e9, pour le moins honteuse. Cristina a commenc\u00e9 \u00e0 parler sur Twitter seulement \u00e0 partir du mardi soir et dans l&#8217;un de ses nombreux discours par la t\u00e9l\u00e9vision il a fait une sorte \u00ab\u00a0d\u2019appel\u00a0\u00bb \u00e0 soutenir le meeting d\u2019aujourd\u2019hui.<\/p>\n<p style=\"text-align: justify;\">Mais le gouvernement ne pouvait pas cacher qu&#8217;il se m\u00e9fiait de la mobilisation ; par le biais de certains de ses porte-parole il l\u2019avait accus\u00e9e d\u2019\u00eatre une mobilisation \u00ab\u00a0r\u00e9actionnaire\u00a0\u00bb ; qu\u2019il a m\u00eame d\u00e9fendu qu\u2019il fallait se mobiliser devant les tribunaux et des choses comme \u00e7a.<\/p>\n<p style=\"text-align: justify;\">Cette politique du gouvernement, combin\u00e9e au fait que la mobilisation n\u2019a pas eu de \u00ab propri\u00e9taire \u00bb ; qu\u2019elle a \u00e9t\u00e9 une mobilisation de masses et populaire plac\u00e9e dans les faits \u00e0 la gauche de l&#8217;\u00e9chiquier politique, ont donn\u00e9 un caract\u00e8re ind\u00e9pendant \u00e0 la journ\u00e9e.<\/p>\n<p style=\"text-align: justify;\">D\u2019autre part, le gouvernement cherche \u00e0 imposer l&#8217;id\u00e9e que la violence sexiste est un probl\u00e8me \u00ab \u00e9ducatif \u00bb, \u00ab culturel \u00bb, qu&#8217;aucune autorit\u00e9 et aucune institution n\u2019ont la responsabilit\u00e9 de celle-ci.<\/p>\n<p style=\"text-align: justify;\">Les centaines de milliers de personnes qui se sont exprim\u00e9es aujourd&#8217;hui dans tout le pays ne pensent pas ceci. De l\u00e0 aussi que la mobilisation ait eu ce caract\u00e8re ind\u00e9pendant, que le gouvernement ait d\u00fb finalement participer \u00e0 demi-mot et que l\u2019opposition de droite n\u2019ait pas r\u00e9ussi \u00e0 la capitaliser non plus.<\/p>\n<p style=\"text-align: justify;\">L\u2019expulsion de Piombo (juge critiqu\u00e9 par ses jugements sexistes et homophobes) des universit\u00e9s et du syst\u00e8me judiciaire a marqu\u00e9 le contraire et trace un chemin : les autorit\u00e9s ont une responsabilit\u00e9 dans la violence. Le gouvernement a la responsabilit\u00e9 de \u00ab d\u00e9tourner le regard \u00bb. Les juges et d\u2019autres autorit\u00e9s qui prot\u00e8gent les femicides et les violeurs sont responsables de ce fl\u00e9au. Un fl\u00e9au qui n&#8217;est pas quelque chose qui d\u00e9coule de la \u00ab\u00a0vie priv\u00e9e\u00a0\u00bb des gens, <strong>mais qui est un probl\u00e8me social et politique de premier ordre dans le pays.<\/strong><\/p>\n<p style=\"text-align: justify;\">Entre la mobilisation d\u2019aujourd&#8217;hui et la gr\u00e8ve g\u00e9n\u00e9rale du 9, le gouvernement aura, en moins de dix jours, deux grandes expressions de protestation qu\u2019il avait peut-\u00eatre pas pr\u00e9vu dans sa marche \u00ab triomphale \u00bb vers les urnes.<\/p>\n<h3 style=\"text-align: justify;\"><strong>Une participation historique de Las Rojas et le Nuevo MAS<\/strong><\/h3>\n<p style=\"text-align: justify;\">C&#8217;est dans ce contexte que nous devons situer la participation de notre parti dans la journ\u00e9e. Nous avons eu <strong>raison<\/strong> de nous mettre \u00e0 l&#8217;avant-garde de cet appel d\u00e8s la premi\u00e8re minute apr\u00e8s qu\u2019il a \u00e9t\u00e9 annonc\u00e9.<\/p>\n<p style=\"text-align: justify;\">Sans sectarisme ou \u00ab\u00a0r\u00e9ticence\u00a0\u00bb (bien qu&#8217;avec nos propres revendications), nous avons pr\u00e9par\u00e9 \u00a0avec toute notre force la mobilisation, <strong>de l\u00e0 les cort\u00e8ges historiques que Las Rojas et le Nuevo MAS ont r\u00e9ussi \u00e0 rassembler dans tout le pays.<\/strong><\/p>\n<p style=\"text-align: justify;\">En effet, notre parti et Las Rojas continuent \u00e0 s\u2019implanter \u00e0 l\u2019\u00e9chelle nationale, et nous avons vu cela dans la pratique aujourd&#8217;hui, en organisation de tr\u00e8s importantes participations dans plusieurs provinces et capitales de l&#8217;int\u00e9rieur du pays, mais aussi en faisant notre \u00ab pr\u00e9sentation en soci\u00e9t\u00e9 \u00bb pour la premi\u00e8re fois \u00e0 plusieurs endroits.<\/p>\n<p style=\"text-align: justify;\">On ne peut pas dire la m\u00eame chose du Front de Gauche et des Travailleurs (FIT), qui une fois de plus, comme pour chaque \u00e9v\u00e9nement de la lutte des classes de ce pays, <strong>\u00e9tait absent<\/strong>. Le plus grave a \u00e9t\u00e9 l\u2019attitude du Parti Ouvrier, qui \u00e9tait pratiquement absent (ou avec une tr\u00e8s petite d\u00e9l\u00e9gation) lors de la mobilisation au Congr\u00e8s.<\/p>\n<p style=\"text-align: justify;\">Le PO et les Parti des Travailleurs Socialistes (PTS) n&#8217;ont pas eu une intervention commune dans cette journ\u00e9e ; ils n\u2019ont m\u00eame pas \u00e9t\u00e9 capables de faire une d\u00e9claration commune, quelque chose qui caract\u00e9rise de plus en plus cette \u00ab\u00a0coop\u00e9rative \u00e9lectorale \u00bb, maintenant concernant quelque chose tellement ressenti comme la violence contre les femmes.<\/p>\n<p style=\"text-align: justify;\">Engag\u00e9 dans un combat interne insupportable pour les \u00ab\u00a0postes \u00e9ligibles\u00a0\u00bb lors des prochaines \u00e9lections, le FIT encore une fois a rat\u00e9 l\u2019occasion et n\u2019a pas \u00e9t\u00e9 \u00e0 la hauteur des circonstances.<\/p>\n<p style=\"text-align: justify;\">Notre bilan est exactement le contraire : <strong>nous avons \u00e9t\u00e9 \u00e0 l&#8217;avant-garde de cette journ\u00e9e historique dans tout le pays et ceci s\u2019est exprim\u00e9 dans nos cort\u00e8ges et dans la possibilit\u00e9 de recruter des nouvelles et des nouveaux camarades pour le parti dans les prochaines semaines.<\/strong><\/p>\n<p style=\"text-align: justify;\">Le caract\u00e8re massif de la mobilisation a signifi\u00e9 \u00e9galement la ratification de comment il faut faire de la politique r\u00e9volutionnaire: <strong>\u00e0 partir de la lutte des classes, d\u2019un dialogue avec celle-ci<\/strong> ; C&#8217;est pourquoi quand une organisation r\u00e9volutionnaire pense m\u00eame dans ses candidatures pour les \u00e9lections, il doit le faire \u00e0 partir de ce \u00ab dialogue \u00bb avec la r\u00e9alit\u00e9.<\/p>\n<p style=\"text-align: justify;\">Les revendications des femmes sont au centre de l&#8217;agenda national, ainsi que les revendications des travailleurs (tel que cela s\u2019exprimera dans la prochaine gr\u00e8ve g\u00e9n\u00e9rale du 9): \u00e0 partir de notre formule pr\u00e9sidentielle, Manuela Casta\u00f1eira et Jorge Ayala, nous cherchons \u00e0 faire une synth\u00e8se de ces processus qui \u00e9mergent par en bas, en postulant une alternative socialiste contre les candidats de l\u2019aust\u00e9rit\u00e9.<\/p>\n<p style=\"text-align: justify;\"><strong>La t\u00e2che de l&#8217;heure actuelle est d&#8217;ouvrir nos \u00e9quipes \u00e0 travers le pays pour int\u00e9grer les nouvelles et les nouveaux camarades ; se pr\u00e9parer \u00e0 participer aux piquets de la gr\u00e8ve g\u00e9n\u00e9rale 9 partout au pays et \u00e0 lancer une grande campagne pr\u00e9sidentielle pour une alternative socialiste.<\/strong><\/p>\n<p style=\"text-align: justify;\">___________________<\/p>\n<p style=\"text-align: justify;\"><a href=\"#_ftnref1\" name=\"_ftn1\">[1]<\/a> http:\/\/sobfrance.unblog.fr\/2015\/01\/26\/les-institutions-sont-pourries-lissue-de-fond-est-une-assemblee-constituante-souveraine-qui-comme-premiere-mesure-elimine-lancien-side-et-les-autres-appareils-repressifs\/<\/p>\n","protected":false},"excerpt":{"rendered":"<p>A l&#8217;issue de cette \u00e9dition, nous retournons de l\u2019impressionnante mobilisation dans Plaza Congreso. C&#8217;\u00e9tait, en fait, une mobilisation historique parce que 500 000 personnes se sont mobilis\u00e9es autour d&#8217;une revendication tr\u00e8s ressentie dans la population comme le rejet de la violence contre les femmes. Une mobilisation populaire Il y a plusieurs choses \u00e0 dire pour [&hellip;]<\/p>\n","protected":false},"author":8,"featured_media":5114,"comment_status":"closed","ping_status":"closed","sticky":false,"template":"","format":"standard","meta":{"footnotes":""},"categories":[467],"tags":[146,25],"class_list":{"0":"post-5113","1":"post","2":"type-post","3":"status-publish","4":"format-standard","5":"has-post-thumbnail","7":"category-french","8":"tag-las-rojas","9":"tag-nuevo-mas"},"yoast_head":"<!-- This site is optimized with the Yoast SEO plugin v27.5 - https:\/\/yoast.com\/product\/yoast-seo-wordpress\/ -->\n<title>500.000 personnes se mobilisent \u00e0 la Capitale F\u00e9d\u00e9rale - Une journ\u00e9e historique contre la violence faite aux femmes - Socialismo o Barbarie<\/title>\n<meta name=\"robots\" content=\"index, follow, max-snippet:-1, max-image-preview:large, max-video-preview:-1\" \/>\n<link rel=\"canonical\" href=\"https:\/\/www.socialismoobarbarie.org\/?p=5113\" \/>\n<meta property=\"og:locale\" content=\"es_ES\" \/>\n<meta property=\"og:type\" content=\"article\" \/>\n<meta property=\"og:title\" content=\"500.000 personnes se mobilisent \u00e0 la Capitale F\u00e9d\u00e9rale - Une journ\u00e9e historique contre la violence faite aux femmes - Socialismo o Barbarie\" \/>\n<meta property=\"og:description\" content=\"A l&#8217;issue de cette \u00e9dition, nous retournons de l\u2019impressionnante mobilisation dans Plaza Congreso. C&#8217;\u00e9tait, en fait, une mobilisation historique parce que 500 000 personnes se sont mobilis\u00e9es autour d&#8217;une revendication tr\u00e8s ressentie dans la population comme le rejet de la violence contre les femmes. Une mobilisation populaire Il y a plusieurs choses \u00e0 dire pour [&hellip;]\" \/>\n<meta property=\"og:url\" content=\"https:\/\/www.socialismoobarbarie.org\/?p=5113\" \/>\n<meta property=\"og:site_name\" content=\"Socialismo o Barbarie\" \/>\n<meta property=\"article:published_time\" content=\"2015-06-05T16:29:07+00:00\" \/>\n<meta property=\"og:image\" content=\"https:\/\/www.socialismoobarbarie.org\/wp-content\/uploads\/2015\/06\/150605-foto-cr\u00e9dito-Ni-una-Menos.jpg\" \/>\n\t<meta property=\"og:image:width\" content=\"629\" \/>\n\t<meta property=\"og:image:height\" content=\"420\" \/>\n\t<meta property=\"og:image:type\" content=\"image\/jpeg\" \/>\n<meta name=\"author\" content=\"SOB\" \/>\n<meta name=\"twitter:card\" content=\"summary_large_image\" \/>\n<meta name=\"twitter:label1\" content=\"Escrito por\" \/>\n\t<meta name=\"twitter:data1\" content=\"SOB\" \/>\n\t<meta name=\"twitter:label2\" content=\"Tiempo de lectura\" \/>\n\t<meta name=\"twitter:data2\" content=\"9 minutos\" \/>\n<script type=\"application\/ld+json\" class=\"yoast-schema-graph\">{\"@context\":\"https:\\\/\\\/schema.org\",\"@graph\":[{\"@type\":\"Article\",\"@id\":\"https:\\\/\\\/www.socialismoobarbarie.org\\\/?p=5113#article\",\"isPartOf\":{\"@id\":\"https:\\\/\\\/www.socialismoobarbarie.org\\\/?p=5113\"},\"author\":{\"name\":\"SOB\",\"@id\":\"https:\\\/\\\/www.socialismoobarbarie.org\\\/#\\\/schema\\\/person\\\/bc1c3b321d47ed092405949c77e35a8e\"},\"headline\":\"500.000 personnes se mobilisent \u00e0 la Capitale F\u00e9d\u00e9rale &#8211; Une journ\u00e9e historique contre la violence faite aux femmes\",\"datePublished\":\"2015-06-05T16:29:07+00:00\",\"mainEntityOfPage\":{\"@id\":\"https:\\\/\\\/www.socialismoobarbarie.org\\\/?p=5113\"},\"wordCount\":1810,\"publisher\":{\"@id\":\"https:\\\/\\\/www.socialismoobarbarie.org\\\/#organization\"},\"image\":{\"@id\":\"https:\\\/\\\/www.socialismoobarbarie.org\\\/?p=5113#primaryimage\"},\"thumbnailUrl\":\"https:\\\/\\\/www.socialismoobarbarie.org\\\/wp-content\\\/uploads\\\/2015\\\/06\\\/150605-foto-cr\u00e9dito-Ni-una-Menos.jpg\",\"keywords\":[\"Las Rojas\",\"Nuevo MAS\"],\"articleSection\":[\"Fran\u00e7ais\"],\"inLanguage\":\"es\"},{\"@type\":\"WebPage\",\"@id\":\"https:\\\/\\\/www.socialismoobarbarie.org\\\/?p=5113\",\"url\":\"https:\\\/\\\/www.socialismoobarbarie.org\\\/?p=5113\",\"name\":\"500.000 personnes se mobilisent \u00e0 la Capitale F\u00e9d\u00e9rale - Une journ\u00e9e historique contre la violence faite aux femmes - Socialismo o Barbarie\",\"isPartOf\":{\"@id\":\"https:\\\/\\\/www.socialismoobarbarie.org\\\/#website\"},\"primaryImageOfPage\":{\"@id\":\"https:\\\/\\\/www.socialismoobarbarie.org\\\/?p=5113#primaryimage\"},\"image\":{\"@id\":\"https:\\\/\\\/www.socialismoobarbarie.org\\\/?p=5113#primaryimage\"},\"thumbnailUrl\":\"https:\\\/\\\/www.socialismoobarbarie.org\\\/wp-content\\\/uploads\\\/2015\\\/06\\\/150605-foto-cr\u00e9dito-Ni-una-Menos.jpg\",\"datePublished\":\"2015-06-05T16:29:07+00:00\",\"breadcrumb\":{\"@id\":\"https:\\\/\\\/www.socialismoobarbarie.org\\\/?p=5113#breadcrumb\"},\"inLanguage\":\"es\",\"potentialAction\":[{\"@type\":\"ReadAction\",\"target\":[\"https:\\\/\\\/www.socialismoobarbarie.org\\\/?p=5113\"]}]},{\"@type\":\"ImageObject\",\"inLanguage\":\"es\",\"@id\":\"https:\\\/\\\/www.socialismoobarbarie.org\\\/?p=5113#primaryimage\",\"url\":\"https:\\\/\\\/www.socialismoobarbarie.org\\\/wp-content\\\/uploads\\\/2015\\\/06\\\/150605-foto-cr\u00e9dito-Ni-una-Menos.jpg\",\"contentUrl\":\"https:\\\/\\\/www.socialismoobarbarie.org\\\/wp-content\\\/uploads\\\/2015\\\/06\\\/150605-foto-cr\u00e9dito-Ni-una-Menos.jpg\",\"width\":629,\"height\":420},{\"@type\":\"BreadcrumbList\",\"@id\":\"https:\\\/\\\/www.socialismoobarbarie.org\\\/?p=5113#breadcrumb\",\"itemListElement\":[{\"@type\":\"ListItem\",\"position\":1,\"name\":\"Portada\",\"item\":\"https:\\\/\\\/www.socialismoobarbarie.org\\\/\"},{\"@type\":\"ListItem\",\"position\":2,\"name\":\"500.000 personnes se mobilisent \u00e0 la Capitale F\u00e9d\u00e9rale &#8211; Une journ\u00e9e historique contre la violence faite aux femmes\"}]},{\"@type\":\"WebSite\",\"@id\":\"https:\\\/\\\/www.socialismoobarbarie.org\\\/#website\",\"url\":\"https:\\\/\\\/www.socialismoobarbarie.org\\\/\",\"name\":\"Socialismo o Barbarie\",\"description\":\"Sitio web de la corriente internacional Socialismo o Barbarie\",\"publisher\":{\"@id\":\"https:\\\/\\\/www.socialismoobarbarie.org\\\/#organization\"},\"potentialAction\":[{\"@type\":\"SearchAction\",\"target\":{\"@type\":\"EntryPoint\",\"urlTemplate\":\"https:\\\/\\\/www.socialismoobarbarie.org\\\/?s={search_term_string}\"},\"query-input\":{\"@type\":\"PropertyValueSpecification\",\"valueRequired\":true,\"valueName\":\"search_term_string\"}}],\"inLanguage\":\"es\"},{\"@type\":\"Organization\",\"@id\":\"https:\\\/\\\/www.socialismoobarbarie.org\\\/#organization\",\"name\":\"Socialismo o Barbarie\",\"url\":\"https:\\\/\\\/www.socialismoobarbarie.org\\\/\",\"logo\":{\"@type\":\"ImageObject\",\"inLanguage\":\"es\",\"@id\":\"https:\\\/\\\/www.socialismoobarbarie.org\\\/#\\\/schema\\\/logo\\\/image\\\/\",\"url\":\"https:\\\/\\\/www.socialismoobarbarie.org\\\/wp-content\\\/uploads\\\/2025\\\/02\\\/soblogoweb-2025.png\",\"contentUrl\":\"https:\\\/\\\/www.socialismoobarbarie.org\\\/wp-content\\\/uploads\\\/2025\\\/02\\\/soblogoweb-2025.png\",\"width\":450,\"height\":161,\"caption\":\"Socialismo o Barbarie\"},\"image\":{\"@id\":\"https:\\\/\\\/www.socialismoobarbarie.org\\\/#\\\/schema\\\/logo\\\/image\\\/\"}},{\"@type\":\"Person\",\"@id\":\"https:\\\/\\\/www.socialismoobarbarie.org\\\/#\\\/schema\\\/person\\\/bc1c3b321d47ed092405949c77e35a8e\",\"name\":\"SOB\",\"url\":\"https:\\\/\\\/www.socialismoobarbarie.org\\\/?author=8\"}]}<\/script>\n<!-- \/ Yoast SEO plugin. -->","yoast_head_json":{"title":"500.000 personnes se mobilisent \u00e0 la Capitale F\u00e9d\u00e9rale - Une journ\u00e9e historique contre la violence faite aux femmes - Socialismo o Barbarie","robots":{"index":"index","follow":"follow","max-snippet":"max-snippet:-1","max-image-preview":"max-image-preview:large","max-video-preview":"max-video-preview:-1"},"canonical":"https:\/\/www.socialismoobarbarie.org\/?p=5113","og_locale":"es_ES","og_type":"article","og_title":"500.000 personnes se mobilisent \u00e0 la Capitale F\u00e9d\u00e9rale - Une journ\u00e9e historique contre la violence faite aux femmes - Socialismo o Barbarie","og_description":"A l&#8217;issue de cette \u00e9dition, nous retournons de l\u2019impressionnante mobilisation dans Plaza Congreso. C&#8217;\u00e9tait, en fait, une mobilisation historique parce que 500 000 personnes se sont mobilis\u00e9es autour d&#8217;une revendication tr\u00e8s ressentie dans la population comme le rejet de la violence contre les femmes. Une mobilisation populaire Il y a plusieurs choses \u00e0 dire pour [&hellip;]","og_url":"https:\/\/www.socialismoobarbarie.org\/?p=5113","og_site_name":"Socialismo o Barbarie","article_published_time":"2015-06-05T16:29:07+00:00","og_image":[{"width":629,"height":420,"url":"https:\/\/www.socialismoobarbarie.org\/wp-content\/uploads\/2015\/06\/150605-foto-cr\u00e9dito-Ni-una-Menos.jpg","type":"image\/jpeg"}],"author":"SOB","twitter_card":"summary_large_image","twitter_misc":{"Escrito por":"SOB","Tiempo de lectura":"9 minutos"},"schema":{"@context":"https:\/\/schema.org","@graph":[{"@type":"Article","@id":"https:\/\/www.socialismoobarbarie.org\/?p=5113#article","isPartOf":{"@id":"https:\/\/www.socialismoobarbarie.org\/?p=5113"},"author":{"name":"SOB","@id":"https:\/\/www.socialismoobarbarie.org\/#\/schema\/person\/bc1c3b321d47ed092405949c77e35a8e"},"headline":"500.000 personnes se mobilisent \u00e0 la Capitale F\u00e9d\u00e9rale &#8211; Une journ\u00e9e historique contre la violence faite aux femmes","datePublished":"2015-06-05T16:29:07+00:00","mainEntityOfPage":{"@id":"https:\/\/www.socialismoobarbarie.org\/?p=5113"},"wordCount":1810,"publisher":{"@id":"https:\/\/www.socialismoobarbarie.org\/#organization"},"image":{"@id":"https:\/\/www.socialismoobarbarie.org\/?p=5113#primaryimage"},"thumbnailUrl":"https:\/\/www.socialismoobarbarie.org\/wp-content\/uploads\/2015\/06\/150605-foto-cr\u00e9dito-Ni-una-Menos.jpg","keywords":["Las Rojas","Nuevo MAS"],"articleSection":["Fran\u00e7ais"],"inLanguage":"es"},{"@type":"WebPage","@id":"https:\/\/www.socialismoobarbarie.org\/?p=5113","url":"https:\/\/www.socialismoobarbarie.org\/?p=5113","name":"500.000 personnes se mobilisent \u00e0 la Capitale F\u00e9d\u00e9rale - Une journ\u00e9e historique contre la violence faite aux femmes - Socialismo o Barbarie","isPartOf":{"@id":"https:\/\/www.socialismoobarbarie.org\/#website"},"primaryImageOfPage":{"@id":"https:\/\/www.socialismoobarbarie.org\/?p=5113#primaryimage"},"image":{"@id":"https:\/\/www.socialismoobarbarie.org\/?p=5113#primaryimage"},"thumbnailUrl":"https:\/\/www.socialismoobarbarie.org\/wp-content\/uploads\/2015\/06\/150605-foto-cr\u00e9dito-Ni-una-Menos.jpg","datePublished":"2015-06-05T16:29:07+00:00","breadcrumb":{"@id":"https:\/\/www.socialismoobarbarie.org\/?p=5113#breadcrumb"},"inLanguage":"es","potentialAction":[{"@type":"ReadAction","target":["https:\/\/www.socialismoobarbarie.org\/?p=5113"]}]},{"@type":"ImageObject","inLanguage":"es","@id":"https:\/\/www.socialismoobarbarie.org\/?p=5113#primaryimage","url":"https:\/\/www.socialismoobarbarie.org\/wp-content\/uploads\/2015\/06\/150605-foto-cr\u00e9dito-Ni-una-Menos.jpg","contentUrl":"https:\/\/www.socialismoobarbarie.org\/wp-content\/uploads\/2015\/06\/150605-foto-cr\u00e9dito-Ni-una-Menos.jpg","width":629,"height":420},{"@type":"BreadcrumbList","@id":"https:\/\/www.socialismoobarbarie.org\/?p=5113#breadcrumb","itemListElement":[{"@type":"ListItem","position":1,"name":"Portada","item":"https:\/\/www.socialismoobarbarie.org\/"},{"@type":"ListItem","position":2,"name":"500.000 personnes se mobilisent \u00e0 la Capitale F\u00e9d\u00e9rale &#8211; Une journ\u00e9e historique contre la violence faite aux femmes"}]},{"@type":"WebSite","@id":"https:\/\/www.socialismoobarbarie.org\/#website","url":"https:\/\/www.socialismoobarbarie.org\/","name":"Socialismo o Barbarie","description":"Sitio web de la corriente internacional Socialismo o Barbarie","publisher":{"@id":"https:\/\/www.socialismoobarbarie.org\/#organization"},"potentialAction":[{"@type":"SearchAction","target":{"@type":"EntryPoint","urlTemplate":"https:\/\/www.socialismoobarbarie.org\/?s={search_term_string}"},"query-input":{"@type":"PropertyValueSpecification","valueRequired":true,"valueName":"search_term_string"}}],"inLanguage":"es"},{"@type":"Organization","@id":"https:\/\/www.socialismoobarbarie.org\/#organization","name":"Socialismo o Barbarie","url":"https:\/\/www.socialismoobarbarie.org\/","logo":{"@type":"ImageObject","inLanguage":"es","@id":"https:\/\/www.socialismoobarbarie.org\/#\/schema\/logo\/image\/","url":"https:\/\/www.socialismoobarbarie.org\/wp-content\/uploads\/2025\/02\/soblogoweb-2025.png","contentUrl":"https:\/\/www.socialismoobarbarie.org\/wp-content\/uploads\/2025\/02\/soblogoweb-2025.png","width":450,"height":161,"caption":"Socialismo o Barbarie"},"image":{"@id":"https:\/\/www.socialismoobarbarie.org\/#\/schema\/logo\/image\/"}},{"@type":"Person","@id":"https:\/\/www.socialismoobarbarie.org\/#\/schema\/person\/bc1c3b321d47ed092405949c77e35a8e","name":"SOB","url":"https:\/\/www.socialismoobarbarie.org\/?author=8"}]}},"_links":{"self":[{"href":"https:\/\/www.socialismoobarbarie.org\/index.php?rest_route=\/wp\/v2\/posts\/5113","targetHints":{"allow":["GET"]}}],"collection":[{"href":"https:\/\/www.socialismoobarbarie.org\/index.php?rest_route=\/wp\/v2\/posts"}],"about":[{"href":"https:\/\/www.socialismoobarbarie.org\/index.php?rest_route=\/wp\/v2\/types\/post"}],"author":[{"embeddable":true,"href":"https:\/\/www.socialismoobarbarie.org\/index.php?rest_route=\/wp\/v2\/users\/8"}],"replies":[{"embeddable":true,"href":"https:\/\/www.socialismoobarbarie.org\/index.php?rest_route=%2Fwp%2Fv2%2Fcomments&post=5113"}],"version-history":[{"count":1,"href":"https:\/\/www.socialismoobarbarie.org\/index.php?rest_route=\/wp\/v2\/posts\/5113\/revisions"}],"predecessor-version":[{"id":5115,"href":"https:\/\/www.socialismoobarbarie.org\/index.php?rest_route=\/wp\/v2\/posts\/5113\/revisions\/5115"}],"wp:featuredmedia":[{"embeddable":true,"href":"https:\/\/www.socialismoobarbarie.org\/index.php?rest_route=\/wp\/v2\/media\/5114"}],"wp:attachment":[{"href":"https:\/\/www.socialismoobarbarie.org\/index.php?rest_route=%2Fwp%2Fv2%2Fmedia&parent=5113"}],"wp:term":[{"taxonomy":"category","embeddable":true,"href":"https:\/\/www.socialismoobarbarie.org\/index.php?rest_route=%2Fwp%2Fv2%2Fcategories&post=5113"},{"taxonomy":"post_tag","embeddable":true,"href":"https:\/\/www.socialismoobarbarie.org\/index.php?rest_route=%2Fwp%2Fv2%2Ftags&post=5113"}],"curies":[{"name":"wp","href":"https:\/\/api.w.org\/{rel}","templated":true}]}}