{"id":5249,"date":"2015-06-19T11:48:51","date_gmt":"2015-06-19T14:48:51","guid":{"rendered":"https:\/\/www.socialismoobarbarie.org\/?p=5249"},"modified":"2015-09-25T15:20:12","modified_gmt":"2015-09-25T18:20:12","slug":"congresso-nao-arma-para-os-desafios-atuais-pois-que-esbarra-nas-inercias-politicas-da-direcao-majoritaria","status":"publish","type":"post","link":"https:\/\/www.socialismoobarbarie.org\/?p=5249","title":{"rendered":"Congresso n\u00e3o arma para os desafios atuais pois que esbarra nas in\u00e9rcias pol\u00edticas da dire\u00e7\u00e3o majorit\u00e1ria"},"content":{"rendered":"<p>.<\/p>\n<p>Entres os dias 4 a 7 de junho se realizou, na cidade de Sumar\u00e9 (SP), o II Congresso da CSP-Conlutas. O congresso contou com a participa\u00e7\u00e3o de aproximadamente 1.700 delegados, representando 373 organiza\u00e7\u00f5es sindicais, movimentos populares, estudantil e contra as opress\u00f5es. Segundo os organizadores, houve um crescimento na ades\u00e3o \u00e0 Conlutas na ordem de 30%, o que n\u00e3o \u00e9 desprez\u00edvel, por\u00e9m o que n\u00e3o deixam claro qual \u00e9 o peso social desse crescimento, o que diz respeito ao movimento oper\u00e1rio e aos setores que tem peso pol\u00edtico na realidade.<a href=\"#_ftn1\" name=\"_ftnref1\">[1]<\/a><\/p>\n<p>O congresso tamb\u00e9m contou com delega\u00e7\u00f5es dos professores das redes estaduais de S\u00e3o Paulo, Par\u00e1 e Paran\u00e1, al\u00e9m de grevistas das universidades federais. Um setor minorit\u00e1rio da classe oper\u00e1ria tamb\u00e9m se fez presente atrav\u00e9s de delega\u00e7\u00f5es dos metal\u00fargicos de S\u00e3o Jos\u00e9 dos Campos e trabalhadores da constru\u00e7\u00e3o civil, petroleiros do Rio de Janeiro e outros setores da classe trabalhadora. Mas, apesar do crescimento org\u00e2nico e representa\u00e7\u00e3o de setores em luta, infelizmente, a Conlutas n\u00e3o sai armada com pol\u00edticas para enfrentar os principais desafios do pr\u00f3ximo per\u00edodo da luta de classes.<\/p>\n<p><strong>\u00c9 preciso superar as in\u00e9rcias pol\u00edticas da dire\u00e7\u00e3o da Conlutas<\/strong><\/p>\n<p>Em uma conjuntura de ofensiva patronal contra os trabalhadores, de resist\u00eancia fragmentada atrav\u00e9s de greves salariais, como a dos professores estaduais, dos oper\u00e1rios da constru\u00e7\u00e3o civil, dos metal\u00fargicos e, agora, dos trabalhadores da das universidades federais &#8211; lutas que exigem a total solidariedade dos trabalhadores e a unifica\u00e7\u00e3o das diversas organiza\u00e7\u00f5es independentes -, o II Congresso da CSP-Conlutas n\u00e3o consegue romper com a in\u00e9rcia pol\u00edtica da sua dire\u00e7\u00e3o majorit\u00e1ria (PSTU).<\/p>\n<p>A dire\u00e7\u00e3o da Conlutas combina uma linha <strong>economicista<\/strong>, verificada sistematicamente na falta de campanhas pol\u00edticas nacionais e iniciativas concretas em defesa das principais lutas, <strong>superestrutura\u00e7\u00e3o<\/strong><em>, <\/em>o que se configura como insensibilidade para a organiza\u00e7\u00e3o de base e unifica\u00e7\u00e3o da esquerda independente, e <strong>hegemonismo<\/strong>, o que n\u00e3o se sustenta no peso real que sua dire\u00e7\u00e3o (PSTU) tem na realidade e torna a dire\u00e7\u00e3o da central cega para a necessidade de unifica\u00e7\u00e3o com as demais organiza\u00e7\u00f5es independentes com o governo e patr\u00f5es, como a Intersindical, por exemplo.<\/p>\n<p>Infelizmente esses tr\u00eas elementos estruturais durante ocongresso s\u00f3 veio a confirmar-se. Ao ler o Manifesto k\u201dC<em>onstruir a Greve Geral em defesa dos direitos dos trabalhadores\u00bb!\u201d<\/em><a href=\"#_ftn2\" name=\"_ftnref2\">[2]<\/a><em>,<\/em>votado no congresso, podemos verificar as in\u00e9rcias pol\u00edticas da sua dire\u00e7\u00e3o de maneira bastante evidente. Ao contr\u00e1rio do que pretende fazer crer aos leitores, os principais desafios dos trabalhadores e da juventude n\u00e3o encontram respostas pol\u00edtica \u00e0 altura neste texto.<\/p>\n<p>Apesar de considerar que v\u00e1rios setores da classe trabalhadora e da juventude estarem realizando importantes movimentos de resist\u00eancia \u00e0 ofensiva patronal, o Manifesto n\u00e3o tira uma conclus\u00e3o \u00f3bvia, ou seja: de que essas lutas est\u00e3o correndo <strong>de maneira fragmentada<\/strong> e que \u00e9 preciso que a Conlutas realize campanhas pol\u00edticas em torno das principais lutas que est\u00e3o em curso. N\u00e3o se trata apenas da unifica\u00e7\u00e3o por cima. Nas greves de categorias onde a central se faz presente seria poss\u00edvel organizar setores amplos do ativismo para organizar a luta e enfrentar a burocracia. Esse foi o caso da greve dos professores de S\u00e3o Paulo onde a Conlutas tem peso, mas, como em outras categorias, <strong>n\u00e3o houve nenhuma iniciativa<\/strong> para <strong>organizar o ativismo independente por baixo<\/strong>.<\/p>\n<p>\u00c9 verdade, como afirma o Manifesto, que pela atual correla\u00e7\u00e3o de for\u00e7as uma greve geral s\u00f3 acontece de fato se convocada pela CUT. Por\u00e9m, \u00e9 totalmente inaceit\u00e1vel que a Conlutas n\u00e3o realize campanhas nacionais e a\u00e7\u00f5es concretas <strong>em defesa das greves que est\u00e3o em curso<\/strong>, contra as demiss\u00f5es e a redu\u00e7\u00e3o da maioridade penal, eixos fundamentais para o atual momento. Por outro lado, a correta exig\u00eancia de que a CUT organize uma greve geral n\u00e3o pode se confundir com a <strong>total falta de den\u00fancia do papel que a burocracia est\u00e1 cumprindo<\/strong> para que Dilma e os patr\u00f5es imponham o ajuste econ\u00f4mico contra os trabalhadores.<\/p>\n<p><strong>Organizar um bloco de oposi\u00e7\u00e3o de esquerda no interior da Conlutas<\/strong><\/p>\n<p>A in\u00e9rcia da dire\u00e7\u00e3o pol\u00edtica da central n\u00e3o se refere apenas \u00e0s quest\u00f5es mais candentes para os trabalhadores e para a juventude. Tamb\u00e9m h\u00e1 in\u00e9rcia em rela\u00e7\u00e3o \u00e0 necessidade de <strong>construir uma pol\u00edtica de frente \u00fanica<\/strong> que seja capaz de dar resposta \u00e0s demandas mais imediatas dos trabalhadores e em rela\u00e7\u00e3o a necessidade de dar passos no sentido de construir uma entidade nacional da esquerda independente unificada.<\/p>\n<p>Por outro lado, <strong>unificar <\/strong><strong>os setores independentes em uma s\u00f3 organiza\u00e7\u00e3o sindical<\/strong> \u00e9 condi\u00e7\u00e3o necess\u00e1ria para que uma verdadeira press\u00e3o pol\u00edtico-social se fa\u00e7a sobre a CUT e as demais centrais burocr\u00e1ticas. Esse tema estrat\u00e9gico para a organiza\u00e7\u00e3o e luta dos trabalhadores no Brasil <strong>passou ao largo<\/strong> da discuss\u00e3o no congresso.<\/p>\n<p>Apesar do crescimento quantitativo verificado, a Conlutas <strong>n\u00e3o sai armada<\/strong> para enfrentar os enormes desafios da luta de classes. Por isso, pensamos que \u00e9 necess\u00e1rio que os militantes e organiza\u00e7\u00f5es que atuam no interior da central rompam de forma organizada com essa orienta\u00e7\u00e3o e passem a exigir da dire\u00e7\u00e3o majorit\u00e1ria da central <strong>que mude o curso pol\u00edtico <\/strong>que vem desenvolvendo desde a sua funda\u00e7\u00e3o. Para organizar esse descontentamento \u00e9 necess\u00e1rio que as principais correntes de oposi\u00e7\u00e3o no interior da Conlutas <strong>organizem um verdadeiro bloco de oposi\u00e7\u00e3o<\/strong> no seu interior.<\/p>\n<p>A nosso ver, esse bloco teria como tarefa central no pr\u00f3ximo per\u00edodo da luta de classes trabalhar para que a central realize <strong>campanhas pol\u00edticas e de solidariedade pr\u00e1tica<\/strong> aos setores que est\u00e3o em luta, como os trabalhadores das universidades federais, os metal\u00fargicos em luta contra a demiss\u00e3o e a juventude, que nessa semana enfrentou os deputados federais contra a tramita\u00e7\u00e3o da lei que prev\u00ea a redu\u00e7\u00e3o da maioridade penal. Finalmente, pensamos, tamb\u00e9m, que, al\u00e9m de lutar politicamente no interior da central e realizar a\u00e7\u00f5es pr\u00e1ticas em apoio \u00e0s lutas em curso, \u00e9 fundamental fomentar no interior da Conlutas, e nas suas bases de atua\u00e7\u00e3o, uma <strong>campanha sistem\u00e1tica para a unifica\u00e7\u00e3o das centrais e organiza\u00e7\u00f5es independes<\/strong>.<\/p>\n<p><strong>\u2026\u2026\u2026&#8230;&#8230;&#8230;&#8230;&#8230;&#8230;&#8230;&#8230;&#8230;&#8230;&#8230;&#8230;&#8230;&#8230;&#8230;&#8230;&#8230;&#8230;&#8230;&#8230;.<\/strong><\/p>\n<p><a href=\"#_ftnref1\" name=\"_ftn1\">[1]<\/a>.- O que parece ser uma ades\u00e3o importantes \u00e9 a do Sindicato dos Trabalhadores Rurais de Xapuri (AC), sindicato com tradi\u00e7\u00e3o de enfrentamento e que foi dirigido por Chico Mendes.<\/p>\n<p><a href=\"#_ftnref2\" name=\"_ftn2\">[2]<\/a>.- <a href=\"http:\/\/cspconlutas.org.br\/\">http:\/\/cspconlutas.org.br\/<\/a><\/p>\n","protected":false},"excerpt":{"rendered":"<p>. Entres os dias 4 a 7 de junho se realizou, na cidade de Sumar\u00e9 (SP), o II Congresso da CSP-Conlutas. O congresso contou com a participa\u00e7\u00e3o de aproximadamente 1.700 delegados, representando 373 organiza\u00e7\u00f5es sindicais, movimentos populares, estudantil e contra as opress\u00f5es. Segundo os organizadores, houve um crescimento na ades\u00e3o \u00e0 Conlutas na ordem de [&hellip;]<\/p>\n","protected":false},"author":8,"featured_media":5252,"comment_status":"closed","ping_status":"closed","sticky":false,"template":"","format":"standard","meta":{"footnotes":""},"categories":[1686],"tags":[649],"class_list":{"0":"post-5249","1":"post","2":"type-post","3":"status-publish","4":"format-standard","5":"has-post-thumbnail","7":"category-portugues","8":"tag-conlutas"},"yoast_head":"<!-- This site is optimized with the Yoast SEO plugin v28.2 - https:\/\/yoast.com\/product\/yoast-seo-wordpress\/ -->\n<title>Congresso n\u00e3o arma para os desafios atuais pois que esbarra nas in\u00e9rcias pol\u00edticas da dire\u00e7\u00e3o majorit\u00e1ria - Socialismo o Barbarie<\/title>\n<meta name=\"robots\" content=\"index, follow, max-snippet:-1, max-image-preview:large, max-video-preview:-1\" \/>\n<link rel=\"canonical\" href=\"https:\/\/www.socialismoobarbarie.org\/?p=5249\" \/>\n<meta property=\"og:locale\" content=\"es_ES\" \/>\n<meta property=\"og:type\" content=\"article\" \/>\n<meta property=\"og:title\" content=\"Congresso n\u00e3o arma para os desafios atuais pois que esbarra nas in\u00e9rcias pol\u00edticas da dire\u00e7\u00e3o majorit\u00e1ria - Socialismo o Barbarie\" \/>\n<meta property=\"og:description\" content=\". Entres os dias 4 a 7 de junho se realizou, na cidade de Sumar\u00e9 (SP), o II Congresso da CSP-Conlutas. O congresso contou com a participa\u00e7\u00e3o de aproximadamente 1.700 delegados, representando 373 organiza\u00e7\u00f5es sindicais, movimentos populares, estudantil e contra as opress\u00f5es. Segundo os organizadores, houve um crescimento na ades\u00e3o \u00e0 Conlutas na ordem de [&hellip;]\" \/>\n<meta property=\"og:url\" content=\"https:\/\/www.socialismoobarbarie.org\/?p=5249\" \/>\n<meta property=\"og:site_name\" content=\"Socialismo o Barbarie\" \/>\n<meta property=\"article:published_time\" content=\"2015-06-19T14:48:51+00:00\" \/>\n<meta property=\"article:modified_time\" content=\"2015-09-25T18:20:12+00:00\" \/>\n<meta property=\"og:image\" content=\"https:\/\/www.socialismoobarbarie.org\/wp-content\/uploads\/2015\/06\/150618-greve-dos-professores-sao-paulo-690x475.jpg\" \/>\n\t<meta property=\"og:image:width\" content=\"690\" \/>\n\t<meta property=\"og:image:height\" content=\"475\" \/>\n\t<meta property=\"og:image:type\" content=\"image\/jpeg\" \/>\n<meta name=\"author\" content=\"SOB\" \/>\n<meta name=\"twitter:card\" content=\"summary_large_image\" \/>\n<meta name=\"twitter:label1\" content=\"Escrito por\" \/>\n\t<meta name=\"twitter:data1\" content=\"SOB\" \/>\n\t<meta name=\"twitter:label2\" content=\"Tiempo de lectura\" \/>\n\t<meta name=\"twitter:data2\" content=\"6 minutos\" \/>\n<script type=\"application\/ld+json\" class=\"yoast-schema-graph\">{\"@context\":\"https:\\\/\\\/schema.org\",\"@graph\":[{\"@type\":\"Article\",\"@id\":\"https:\\\/\\\/www.socialismoobarbarie.org\\\/?p=5249#article\",\"isPartOf\":{\"@id\":\"https:\\\/\\\/www.socialismoobarbarie.org\\\/?p=5249\"},\"author\":{\"name\":\"SOB\",\"@id\":\"https:\\\/\\\/www.socialismoobarbarie.org\\\/#\\\/schema\\\/person\\\/bc1c3b321d47ed092405949c77e35a8e\"},\"headline\":\"Congresso n\u00e3o arma para os desafios atuais pois que esbarra nas in\u00e9rcias pol\u00edticas da dire\u00e7\u00e3o majorit\u00e1ria\",\"datePublished\":\"2015-06-19T14:48:51+00:00\",\"dateModified\":\"2015-09-25T18:20:12+00:00\",\"mainEntityOfPage\":{\"@id\":\"https:\\\/\\\/www.socialismoobarbarie.org\\\/?p=5249\"},\"wordCount\":1143,\"publisher\":{\"@id\":\"https:\\\/\\\/www.socialismoobarbarie.org\\\/#organization\"},\"image\":{\"@id\":\"https:\\\/\\\/www.socialismoobarbarie.org\\\/?p=5249#primaryimage\"},\"thumbnailUrl\":\"https:\\\/\\\/www.socialismoobarbarie.org\\\/wp-content\\\/uploads\\\/2015\\\/06\\\/150618-greve-dos-professores-sao-paulo-690x475.jpg\",\"keywords\":[\"Conlutas\"],\"articleSection\":[\"Portugu\u00eas\"],\"inLanguage\":\"es\"},{\"@type\":\"WebPage\",\"@id\":\"https:\\\/\\\/www.socialismoobarbarie.org\\\/?p=5249\",\"url\":\"https:\\\/\\\/www.socialismoobarbarie.org\\\/?p=5249\",\"name\":\"Congresso n\u00e3o arma para os desafios atuais pois que esbarra nas in\u00e9rcias pol\u00edticas da dire\u00e7\u00e3o majorit\u00e1ria - Socialismo o Barbarie\",\"isPartOf\":{\"@id\":\"https:\\\/\\\/www.socialismoobarbarie.org\\\/#website\"},\"primaryImageOfPage\":{\"@id\":\"https:\\\/\\\/www.socialismoobarbarie.org\\\/?p=5249#primaryimage\"},\"image\":{\"@id\":\"https:\\\/\\\/www.socialismoobarbarie.org\\\/?p=5249#primaryimage\"},\"thumbnailUrl\":\"https:\\\/\\\/www.socialismoobarbarie.org\\\/wp-content\\\/uploads\\\/2015\\\/06\\\/150618-greve-dos-professores-sao-paulo-690x475.jpg\",\"datePublished\":\"2015-06-19T14:48:51+00:00\",\"dateModified\":\"2015-09-25T18:20:12+00:00\",\"breadcrumb\":{\"@id\":\"https:\\\/\\\/www.socialismoobarbarie.org\\\/?p=5249#breadcrumb\"},\"inLanguage\":\"es\",\"potentialAction\":[{\"@type\":\"ReadAction\",\"target\":[\"https:\\\/\\\/www.socialismoobarbarie.org\\\/?p=5249\"]}]},{\"@type\":\"ImageObject\",\"inLanguage\":\"es\",\"@id\":\"https:\\\/\\\/www.socialismoobarbarie.org\\\/?p=5249#primaryimage\",\"url\":\"https:\\\/\\\/www.socialismoobarbarie.org\\\/wp-content\\\/uploads\\\/2015\\\/06\\\/150618-greve-dos-professores-sao-paulo-690x475.jpg\",\"contentUrl\":\"https:\\\/\\\/www.socialismoobarbarie.org\\\/wp-content\\\/uploads\\\/2015\\\/06\\\/150618-greve-dos-professores-sao-paulo-690x475.jpg\",\"width\":690,\"height\":475},{\"@type\":\"BreadcrumbList\",\"@id\":\"https:\\\/\\\/www.socialismoobarbarie.org\\\/?p=5249#breadcrumb\",\"itemListElement\":[{\"@type\":\"ListItem\",\"position\":1,\"name\":\"Portada\",\"item\":\"https:\\\/\\\/www.socialismoobarbarie.org\\\/\"},{\"@type\":\"ListItem\",\"position\":2,\"name\":\"Congresso n\u00e3o arma para os desafios atuais pois que esbarra nas in\u00e9rcias pol\u00edticas da dire\u00e7\u00e3o majorit\u00e1ria\"}]},{\"@type\":\"WebSite\",\"@id\":\"https:\\\/\\\/www.socialismoobarbarie.org\\\/#website\",\"url\":\"https:\\\/\\\/www.socialismoobarbarie.org\\\/\",\"name\":\"Socialismo o Barbarie\",\"description\":\"Sitio web de la corriente internacional Socialismo o Barbarie\",\"publisher\":{\"@id\":\"https:\\\/\\\/www.socialismoobarbarie.org\\\/#organization\"},\"potentialAction\":[{\"@type\":\"SearchAction\",\"target\":{\"@type\":\"EntryPoint\",\"urlTemplate\":\"https:\\\/\\\/www.socialismoobarbarie.org\\\/?s={search_term_string}\"},\"query-input\":{\"@type\":\"PropertyValueSpecification\",\"valueRequired\":true,\"valueName\":\"search_term_string\"}}],\"inLanguage\":\"es\"},{\"@type\":\"Organization\",\"@id\":\"https:\\\/\\\/www.socialismoobarbarie.org\\\/#organization\",\"name\":\"Socialismo o Barbarie\",\"url\":\"https:\\\/\\\/www.socialismoobarbarie.org\\\/\",\"logo\":{\"@type\":\"ImageObject\",\"inLanguage\":\"es\",\"@id\":\"https:\\\/\\\/www.socialismoobarbarie.org\\\/#\\\/schema\\\/logo\\\/image\\\/\",\"url\":\"https:\\\/\\\/www.socialismoobarbarie.org\\\/wp-content\\\/uploads\\\/2025\\\/02\\\/soblogoweb-2025.png\",\"contentUrl\":\"https:\\\/\\\/www.socialismoobarbarie.org\\\/wp-content\\\/uploads\\\/2025\\\/02\\\/soblogoweb-2025.png\",\"width\":450,\"height\":161,\"caption\":\"Socialismo o Barbarie\"},\"image\":{\"@id\":\"https:\\\/\\\/www.socialismoobarbarie.org\\\/#\\\/schema\\\/logo\\\/image\\\/\"}},{\"@type\":\"Person\",\"@id\":\"https:\\\/\\\/www.socialismoobarbarie.org\\\/#\\\/schema\\\/person\\\/bc1c3b321d47ed092405949c77e35a8e\",\"name\":\"SOB\",\"url\":\"https:\\\/\\\/www.socialismoobarbarie.org\\\/?author=8\"}]}<\/script>\n<!-- \/ Yoast SEO plugin. -->","yoast_head_json":{"title":"Congresso n\u00e3o arma para os desafios atuais pois que esbarra nas in\u00e9rcias pol\u00edticas da dire\u00e7\u00e3o majorit\u00e1ria - Socialismo o Barbarie","robots":{"index":"index","follow":"follow","max-snippet":"max-snippet:-1","max-image-preview":"max-image-preview:large","max-video-preview":"max-video-preview:-1"},"canonical":"https:\/\/www.socialismoobarbarie.org\/?p=5249","og_locale":"es_ES","og_type":"article","og_title":"Congresso n\u00e3o arma para os desafios atuais pois que esbarra nas in\u00e9rcias pol\u00edticas da dire\u00e7\u00e3o majorit\u00e1ria - Socialismo o Barbarie","og_description":". Entres os dias 4 a 7 de junho se realizou, na cidade de Sumar\u00e9 (SP), o II Congresso da CSP-Conlutas. O congresso contou com a participa\u00e7\u00e3o de aproximadamente 1.700 delegados, representando 373 organiza\u00e7\u00f5es sindicais, movimentos populares, estudantil e contra as opress\u00f5es. Segundo os organizadores, houve um crescimento na ades\u00e3o \u00e0 Conlutas na ordem de [&hellip;]","og_url":"https:\/\/www.socialismoobarbarie.org\/?p=5249","og_site_name":"Socialismo o Barbarie","article_published_time":"2015-06-19T14:48:51+00:00","article_modified_time":"2015-09-25T18:20:12+00:00","og_image":[{"width":690,"height":475,"url":"https:\/\/www.socialismoobarbarie.org\/wp-content\/uploads\/2015\/06\/150618-greve-dos-professores-sao-paulo-690x475.jpg","type":"image\/jpeg"}],"author":"SOB","twitter_card":"summary_large_image","twitter_misc":{"Escrito por":"SOB","Tiempo de lectura":"6 minutos"},"schema":{"@context":"https:\/\/schema.org","@graph":[{"@type":"Article","@id":"https:\/\/www.socialismoobarbarie.org\/?p=5249#article","isPartOf":{"@id":"https:\/\/www.socialismoobarbarie.org\/?p=5249"},"author":{"name":"SOB","@id":"https:\/\/www.socialismoobarbarie.org\/#\/schema\/person\/bc1c3b321d47ed092405949c77e35a8e"},"headline":"Congresso n\u00e3o arma para os desafios atuais pois que esbarra nas in\u00e9rcias pol\u00edticas da dire\u00e7\u00e3o majorit\u00e1ria","datePublished":"2015-06-19T14:48:51+00:00","dateModified":"2015-09-25T18:20:12+00:00","mainEntityOfPage":{"@id":"https:\/\/www.socialismoobarbarie.org\/?p=5249"},"wordCount":1143,"publisher":{"@id":"https:\/\/www.socialismoobarbarie.org\/#organization"},"image":{"@id":"https:\/\/www.socialismoobarbarie.org\/?p=5249#primaryimage"},"thumbnailUrl":"https:\/\/www.socialismoobarbarie.org\/wp-content\/uploads\/2015\/06\/150618-greve-dos-professores-sao-paulo-690x475.jpg","keywords":["Conlutas"],"articleSection":["Portugu\u00eas"],"inLanguage":"es"},{"@type":"WebPage","@id":"https:\/\/www.socialismoobarbarie.org\/?p=5249","url":"https:\/\/www.socialismoobarbarie.org\/?p=5249","name":"Congresso n\u00e3o arma para os desafios atuais pois que esbarra nas in\u00e9rcias pol\u00edticas da dire\u00e7\u00e3o majorit\u00e1ria - Socialismo o Barbarie","isPartOf":{"@id":"https:\/\/www.socialismoobarbarie.org\/#website"},"primaryImageOfPage":{"@id":"https:\/\/www.socialismoobarbarie.org\/?p=5249#primaryimage"},"image":{"@id":"https:\/\/www.socialismoobarbarie.org\/?p=5249#primaryimage"},"thumbnailUrl":"https:\/\/www.socialismoobarbarie.org\/wp-content\/uploads\/2015\/06\/150618-greve-dos-professores-sao-paulo-690x475.jpg","datePublished":"2015-06-19T14:48:51+00:00","dateModified":"2015-09-25T18:20:12+00:00","breadcrumb":{"@id":"https:\/\/www.socialismoobarbarie.org\/?p=5249#breadcrumb"},"inLanguage":"es","potentialAction":[{"@type":"ReadAction","target":["https:\/\/www.socialismoobarbarie.org\/?p=5249"]}]},{"@type":"ImageObject","inLanguage":"es","@id":"https:\/\/www.socialismoobarbarie.org\/?p=5249#primaryimage","url":"https:\/\/www.socialismoobarbarie.org\/wp-content\/uploads\/2015\/06\/150618-greve-dos-professores-sao-paulo-690x475.jpg","contentUrl":"https:\/\/www.socialismoobarbarie.org\/wp-content\/uploads\/2015\/06\/150618-greve-dos-professores-sao-paulo-690x475.jpg","width":690,"height":475},{"@type":"BreadcrumbList","@id":"https:\/\/www.socialismoobarbarie.org\/?p=5249#breadcrumb","itemListElement":[{"@type":"ListItem","position":1,"name":"Portada","item":"https:\/\/www.socialismoobarbarie.org\/"},{"@type":"ListItem","position":2,"name":"Congresso n\u00e3o arma para os desafios atuais pois que esbarra nas in\u00e9rcias pol\u00edticas da dire\u00e7\u00e3o majorit\u00e1ria"}]},{"@type":"WebSite","@id":"https:\/\/www.socialismoobarbarie.org\/#website","url":"https:\/\/www.socialismoobarbarie.org\/","name":"Socialismo o Barbarie","description":"Sitio web de la corriente internacional Socialismo o Barbarie","publisher":{"@id":"https:\/\/www.socialismoobarbarie.org\/#organization"},"potentialAction":[{"@type":"SearchAction","target":{"@type":"EntryPoint","urlTemplate":"https:\/\/www.socialismoobarbarie.org\/?s={search_term_string}"},"query-input":{"@type":"PropertyValueSpecification","valueRequired":true,"valueName":"search_term_string"}}],"inLanguage":"es"},{"@type":"Organization","@id":"https:\/\/www.socialismoobarbarie.org\/#organization","name":"Socialismo o Barbarie","url":"https:\/\/www.socialismoobarbarie.org\/","logo":{"@type":"ImageObject","inLanguage":"es","@id":"https:\/\/www.socialismoobarbarie.org\/#\/schema\/logo\/image\/","url":"https:\/\/www.socialismoobarbarie.org\/wp-content\/uploads\/2025\/02\/soblogoweb-2025.png","contentUrl":"https:\/\/www.socialismoobarbarie.org\/wp-content\/uploads\/2025\/02\/soblogoweb-2025.png","width":450,"height":161,"caption":"Socialismo o Barbarie"},"image":{"@id":"https:\/\/www.socialismoobarbarie.org\/#\/schema\/logo\/image\/"}},{"@type":"Person","@id":"https:\/\/www.socialismoobarbarie.org\/#\/schema\/person\/bc1c3b321d47ed092405949c77e35a8e","name":"SOB","url":"https:\/\/www.socialismoobarbarie.org\/?author=8"}]}},"_links":{"self":[{"href":"https:\/\/www.socialismoobarbarie.org\/index.php?rest_route=\/wp\/v2\/posts\/5249","targetHints":{"allow":["GET"]}}],"collection":[{"href":"https:\/\/www.socialismoobarbarie.org\/index.php?rest_route=\/wp\/v2\/posts"}],"about":[{"href":"https:\/\/www.socialismoobarbarie.org\/index.php?rest_route=\/wp\/v2\/types\/post"}],"author":[{"embeddable":true,"href":"https:\/\/www.socialismoobarbarie.org\/index.php?rest_route=\/wp\/v2\/users\/8"}],"replies":[{"embeddable":true,"href":"https:\/\/www.socialismoobarbarie.org\/index.php?rest_route=%2Fwp%2Fv2%2Fcomments&post=5249"}],"version-history":[{"count":3,"href":"https:\/\/www.socialismoobarbarie.org\/index.php?rest_route=\/wp\/v2\/posts\/5249\/revisions"}],"predecessor-version":[{"id":5253,"href":"https:\/\/www.socialismoobarbarie.org\/index.php?rest_route=\/wp\/v2\/posts\/5249\/revisions\/5253"}],"wp:featuredmedia":[{"embeddable":true,"href":"https:\/\/www.socialismoobarbarie.org\/index.php?rest_route=\/wp\/v2\/media\/5252"}],"wp:attachment":[{"href":"https:\/\/www.socialismoobarbarie.org\/index.php?rest_route=%2Fwp%2Fv2%2Fmedia&parent=5249"}],"wp:term":[{"taxonomy":"category","embeddable":true,"href":"https:\/\/www.socialismoobarbarie.org\/index.php?rest_route=%2Fwp%2Fv2%2Fcategories&post=5249"},{"taxonomy":"post_tag","embeddable":true,"href":"https:\/\/www.socialismoobarbarie.org\/index.php?rest_route=%2Fwp%2Fv2%2Ftags&post=5249"}],"curies":[{"name":"wp","href":"https:\/\/api.w.org\/{rel}","templated":true}]}}