{"id":5565,"date":"2015-07-27T14:03:27","date_gmt":"2015-07-27T17:03:27","guid":{"rendered":"https:\/\/www.socialismoobarbarie.org\/?p=5565"},"modified":"2019-11-20T01:01:24","modified_gmt":"2019-11-20T04:01:24","slug":"5565","status":"publish","type":"post","link":"https:\/\/www.socialismoobarbarie.org\/?p=5565","title":{"rendered":"Erdogan le declara la guerra al pueblo kurdo y a la izquierda"},"content":{"rendered":"<p>.<\/p>\n<p>Esta \u00faltima semana, el Estado turco emprendi\u00f3 un <strong>doble giro<\/strong> en su pol\u00edtica regional. Por un lado, dice haber realizado por primera vez <strong>bombardeos contra el \u201cEstado Isl\u00e1mico\u201d<\/strong> en Siria. Se trata de un elemento novedoso ya que Turqu\u00eda viene siendo uno de los principales \u201csponsors\u201d del EI, permiti\u00e9ndole el libre tr\u00e1nsito por su frontera y el refugio y abastecimiento en su interior. Sin embargo, se trata de un giro enga\u00f1oso, incluso aunque alguno de esos ataques sean ciertos.<\/p>\n<p>El segundo giro es el comienzo de una campa\u00f1a de <strong>bombardeos contra el PKK (Partido de los Trabajadores Kurdos)<\/strong>, organizaci\u00f3n que impulsa las distintas guerrillas pro-kurdas de izquierda que operan en la regi\u00f3n. Asimismo, el PKK es el inspirador pol\u00edtico-ideol\u00f3gico tanto del partido turco HDP (que obtuvo un important\u00edsimo 12 por ciento de los votos en las \u00faltimas elecciones parlamentarias turcas), como de la experiencia de <strong>autogobierno kurdo en el norte de Siria<\/strong>, conocido como Rojava. All\u00ed es donde las milicias del YPG-YPJ vienen propin\u00e1ndole una resonante paliza al Estado Isl\u00e1mico, continuando con los enormes triunfos de Kobane y de Tel Abyad.<\/p>\n<p>El reinicio de las agresiones contra el PKK se vio acompa\u00f1ada por una campa\u00f1a masiva de arrestos contra simpatizantes pro-kurdos en toda Turqu\u00eda\u2026 bajo el pretexto de \u201ccombatir el extremismo del Estado Isl\u00e1mico\u201d. Es decir, para enfrentar al EI, <strong>encarcelan a la \u00fanica fuerza<\/strong> de Medio Oriente que est\u00e1 <strong>plantado cara contra el EI<\/strong> y <strong>lo est\u00e1 derrotando<\/strong> de manera sistem\u00e1tica.<\/p>\n<p>Los bombardeos contra el PKK significan el recomienzo de la larga guerra civil del Estado turco contra su minor\u00eda kurda, referenciada mayormente por partidos de izquierda. Guerra civil que ya lleva unas tres d\u00e9cadas de existencia y que dej\u00f3 miles de muertos. Hasta el momento, este enfrentamiento se encontraba suspendido por la <strong>vigencia de un \u201ccese de fuego\u201d<\/strong> y de <strong>negociaciones para una paz definitiva<\/strong>. El presidente islamista de Turqu\u00eda, Erdogan, decidi\u00f3 dar por tierra con las opciones de paz y volver a la carnicer\u00eda.<\/p>\n<p>Comparando estos dos \u201cgiros\u201d, uno puede hacerse una idea m\u00e1s acabada de la magnitud de cada uno. Tanto en la cantidad e intensidad de los bombardeos que han sido informados como en la cantidad de arrestos, los kurdos <strong>fueron mucho m\u00e1s golpeados por el estado turco<\/strong> que el EI\u2026 si es que realmente Erdogan lo est\u00e1 atacando. \u00a0Por su significado pol\u00edtico, la guerra contra el PKK arrastra a toda Turqu\u00eda hacia una confrontaci\u00f3n may\u00fascula, mientras que el ataque al EI parece cumplir una funci\u00f3n m\u00e1s bien simb\u00f3lica.<\/p>\n<p>Es decir, de los dos \u201cgiros\u201d, el ataque al PKK tiene much\u00edsima mayor envergadura pol\u00edtica, lo cual da a entender cual es el verdadero significado de este \u201cgolpe de efecto\u201d de Turqu\u00eda. La campa\u00f1a contra el EI es solo una mascarada, una cortina de humo medi\u00e1tica para legitimar su verdadero objetivo: lanzar una guerra civil, o por lo menos una provocaci\u00f3n en gran escala, contra la izquierda kurda.<\/p>\n<p><strong>Turqu\u00eda intenta frenar el ascenso pol\u00edtico de la izquierda kurda<\/strong><\/p>\n<p>Como mencion\u00e1bamos m\u00e1s arriba, la izquierda kurda viene <strong>dos triunfos pol\u00edticos resonantes<\/strong>. El primero de ellos tiene como escenario al norte de Siria, tambi\u00e9n conocido como Rojava. All\u00ed las milicias del YPG\/YPJ lograron expulsar al Estado Isl\u00e1mico de gran parte de la regi\u00f3n, provoc\u00e1ndole miles de bajas y poni\u00e9ndolo a la defensiva por primera vez desde su formaci\u00f3n.<\/p>\n<p>Como producto de estas victorias militares, los kurdos del norte de Siria <strong>establecieron su auto-gobierno a lo largo de una importante franja territorial <\/strong>que abarca gran parte de la frontera turco-siria. M\u00e1s a\u00fan, la din\u00e1mica ininterrumpida de triunfos plantea la posibilidad en el corto-mediano plazo de extender el corredor kurdo <strong>hasta abarcar la totalidad de la frontera<\/strong>.<\/p>\n<p>Eso significar\u00eda no solo conectar entre s\u00ed territorialmente lo tres cantones que conforman Rojava (Kobane, Jazira y Efrin), sino establecer <strong>un aut\u00e9ntico \u201ctap\u00f3n\u201d que sellar\u00eda el norte de Siria contra las filtraciones jihadistas<\/strong> desde Turqu\u00eda\u2026 sobre la que Erdogan hace la \u201cvista gorda\u201d.<\/p>\n<p>Por \u00faltimo, significar\u00eda establecer una <strong>entidad pol\u00edtica kurda independiente<\/strong> situada inmediatamente al lado de la poblaci\u00f3n kurda de Turqu\u00eda: ser\u00eda un aliciente para el autogobierno de esta comunidad tambi\u00e9n en ese pa\u00eds.<\/p>\n<p>El segundo de los grandes \u00e9xitos pol\u00edticos de la izquierda kurda fueron los <strong>resultados electorales obtenidos por el partido HDP<\/strong> en Turqu\u00eda: el 12 por ciento de los votos, que les permiti\u00f3 ingresar al parlamento con gran cantidad de diputados.<\/p>\n<p>Pero m\u00e1s a\u00fan, los transform\u00f3 en una <strong>referencia pol\u00edtica objetiva<\/strong> no s\u00f3lo de la comunidad kurda y la lucha por su autodeterminaci\u00f3n, sino de <strong>toda la izquierda de Turqu\u00eda<\/strong>, inclusive porciones importantes de la juventud y algunos sectores obreros.<\/p>\n<p>Es decir: signific\u00f3 la puesta en pie de un <strong>polo pol\u00edtico de oposici\u00f3n por izquierda a Erdogan<\/strong>, que combina la cr\u00edtica democr\u00e1tica, laica, feminista, ecologista, de las minor\u00edas oprimidas y anti-neoliberal. Un polo de esas caracter\u00edsticas, m\u00e1s all\u00e1 de sus l\u00edmites program\u00e1ticos y estrat\u00e9gicos, significa un aut\u00e9ntico dolor de cabeza para un r\u00e9gimen cada vez m\u00e1s cuestionado\u2026 y m\u00e1s reaccionario.<\/p>\n<p>El ascenso ininterrumpido de la izquierda kurda se convirti\u00f3 en un aut\u00e9ntico problema pol\u00edtico para el gobierno islamista, profundamente neoliberal y pro-imperialista de Erdogan.<\/p>\n<p>Hasta el momento, la principal herramienta con la que contaba Erdogan para frenar a los kurdos, era el desarrollo del Estado Isl\u00e1mico en Siria, que amenazaba con ocupar los territorios kurdos de ese pa\u00eds y hacer desaparecer su autogobierno\u2026 y hasta a su misma poblaci\u00f3n mediante otra \u201climpieza \u00e9tnica\u201d como la que barri\u00f3 a otras confesiones y\/o etnias en el territorio que dominan en Irak.<\/p>\n<p>Pero esta estrategia fracas\u00f3 de manera estrepitosa: no solo las YPG-YPJ pudieron rechazar la invasi\u00f3n, sino que al iniciar la contraofensiva, lograron expandir su control territorial y llevarlo m\u00e1s lejos de lo que nunca hubiera sido posible sin la existencia del EI.<\/p>\n<p>En las \u00faltimas semanas, se desarroll\u00f3 una nueva tanda de \u00e9xitos militares de las YPG-YPJ, que lograron conectar los cantones de Kobane y Jazira (con el triunfo en Tel Abyad), que lograron limpiar a gran parte de la ciudad de Hasakah (capital provincial del noreste de Siria) de la presencia del EI, y que en este mismo momento est\u00e1n eliminando uno de los principales bastiones defensivos del EI en el r\u00edo \u00c9ufrates (Sarrin). Esta fue la gota que colm\u00f3 el vaso de la paciencia de Erdogan.<\/p>\n<p><strong>Atentados reaccionarios y maniobras desesperadas<\/strong><\/p>\n<p>La semana pasada se vio el primer gran efecto de la preocupaci\u00f3n del gobierno turco. En la ciudad turca de Suru\u00e7, lim\u00edtrofe con Kobane, una bomba puesta por el Estado Isl\u00e1mico se llev\u00f3 la vida de m\u00e1s de treinta voluntarios m\u00e9dicos que iban a ayudar a la reconstrucci\u00f3n de la ciudad siria devastada por la guerra. Un atentado profundamente repudiable, odioso, que <strong>no podr\u00eda haberse llevado a cabo sin la complicidad de los servicios secretos turcos<\/strong>.<\/p>\n<p>El atentado de Suru\u00e7 ocurri\u00f3 luego de varias semanas en las que los medios de comunicaci\u00f3n turcos vienen llevando adelante una <strong>campa\u00f1a sistem\u00e1tica de provocaciones<\/strong> contra la izquierda kurda. Esta campa\u00f1a ya hab\u00eda logrado generar un clima de profunda polarizaci\u00f3n pol\u00edtica, que el atentado de Suru\u00e7 termin\u00f3 de caldear. Se sucedieron por lo tanto importantes movilizaciones de la izquierda y los kurdos contra el r\u00e9gimen de Erdogan.<\/p>\n<p>Una de las primeras medidas de Erdogan despu\u00e9s del atentado fue\u2026 suspender el uso de Twitter, para que no se difundieran las im\u00e1genes de la masacre cometida por sus protegidos del Estado Isl\u00e1mico.<\/p>\n<p>Es en este contexto pol\u00edtico que el gobierno islamista turco lanz\u00f3 su \u201cdoble giro pol\u00edtico\u201d. A la luz de todos estos hechos, se entiende que <strong>su \u00fanico y verdadero objetivo <\/strong>es lanzar una<strong> guerra de exterminio contra la izquierda kurda<\/strong>, o por lo menos intentar frenar su ascenso a trav\u00e9s de una serie de ataques sistem\u00e1ticos.<\/p>\n<p>La respuesta de los kurdos y la izquierda ya se est\u00e1 haciendo o\u00edr: <strong>movilizaciones masivas y enfrentamientos<\/strong> contra las fuerzas de seguridad en gran parte de Turqu\u00eda. Es fundamental la <strong>solidaridad internacional <\/strong>para frenarle la mano al reaccionario gobierno de Erdogan, enemigo de los pueblos de Medio Oriente y c\u00f3mplice del Estado Isl\u00e1mico (m\u00e1s all\u00e1 de toda apariencia).<\/p>\n","protected":false},"excerpt":{"rendered":"<p>. Esta \u00faltima semana, el Estado turco emprendi\u00f3 un doble giro en su pol\u00edtica regional. Por un lado, dice haber realizado por primera vez bombardeos contra el \u201cEstado Isl\u00e1mico\u201d en Siria. Se trata de un elemento novedoso ya que Turqu\u00eda viene siendo uno de los principales \u201csponsors\u201d del EI, permiti\u00e9ndole el libre tr\u00e1nsito por su [&hellip;]<\/p>\n","protected":false},"author":8,"featured_media":5568,"comment_status":"closed","ping_status":"closed","sticky":false,"template":"","format":"standard","meta":{"footnotes":""},"categories":[1688],"tags":[1168,1681],"class_list":{"0":"post-5565","1":"post","2":"type-post","3":"status-publish","4":"format-standard","5":"has-post-thumbnail","7":"category-medio-oriente","8":"tag-ale-kur","9":"tag-turquia"},"yoast_head":"<!-- This site is optimized with the Yoast SEO plugin v27.5 - https:\/\/yoast.com\/product\/yoast-seo-wordpress\/ -->\n<title>Erdogan le declara la guerra al pueblo kurdo y a la izquierda - Socialismo o Barbarie<\/title>\n<meta name=\"robots\" content=\"index, follow, max-snippet:-1, max-image-preview:large, max-video-preview:-1\" \/>\n<link rel=\"canonical\" href=\"https:\/\/www.socialismoobarbarie.org\/?p=5565\" \/>\n<meta property=\"og:locale\" content=\"es_ES\" \/>\n<meta property=\"og:type\" content=\"article\" \/>\n<meta property=\"og:title\" content=\"Erdogan le declara la guerra al pueblo kurdo y a la izquierda - Socialismo o Barbarie\" \/>\n<meta property=\"og:description\" content=\". Esta \u00faltima semana, el Estado turco emprendi\u00f3 un doble giro en su pol\u00edtica regional. Por un lado, dice haber realizado por primera vez bombardeos contra el \u201cEstado Isl\u00e1mico\u201d en Siria. Se trata de un elemento novedoso ya que Turqu\u00eda viene siendo uno de los principales \u201csponsors\u201d del EI, permiti\u00e9ndole el libre tr\u00e1nsito por su [&hellip;]\" \/>\n<meta property=\"og:url\" content=\"https:\/\/www.socialismoobarbarie.org\/?p=5565\" \/>\n<meta property=\"og:site_name\" content=\"Socialismo o Barbarie\" \/>\n<meta property=\"article:published_time\" content=\"2015-07-27T17:03:27+00:00\" \/>\n<meta property=\"article:modified_time\" content=\"2019-11-20T04:01:24+00:00\" \/>\n<meta property=\"og:image\" content=\"https:\/\/www.socialismoobarbarie.org\/wp-content\/uploads\/2015\/07\/150727-suruc-explosion-20-07-2015-690x405.jpg\" \/>\n\t<meta property=\"og:image:width\" content=\"690\" \/>\n\t<meta property=\"og:image:height\" content=\"405\" \/>\n\t<meta property=\"og:image:type\" content=\"image\/jpeg\" \/>\n<meta name=\"author\" content=\"SOB\" \/>\n<meta name=\"twitter:card\" content=\"summary_large_image\" \/>\n<meta name=\"twitter:label1\" content=\"Escrito por\" \/>\n\t<meta name=\"twitter:data1\" content=\"SOB\" \/>\n\t<meta name=\"twitter:label2\" content=\"Tiempo de lectura\" \/>\n\t<meta name=\"twitter:data2\" content=\"7 minutos\" \/>\n<script type=\"application\/ld+json\" class=\"yoast-schema-graph\">{\"@context\":\"https:\\\/\\\/schema.org\",\"@graph\":[{\"@type\":\"Article\",\"@id\":\"https:\\\/\\\/www.socialismoobarbarie.org\\\/?p=5565#article\",\"isPartOf\":{\"@id\":\"https:\\\/\\\/www.socialismoobarbarie.org\\\/?p=5565\"},\"author\":{\"name\":\"SOB\",\"@id\":\"https:\\\/\\\/www.socialismoobarbarie.org\\\/#\\\/schema\\\/person\\\/bc1c3b321d47ed092405949c77e35a8e\"},\"headline\":\"Erdogan le declara la guerra al pueblo kurdo y a la izquierda\",\"datePublished\":\"2015-07-27T17:03:27+00:00\",\"dateModified\":\"2019-11-20T04:01:24+00:00\",\"mainEntityOfPage\":{\"@id\":\"https:\\\/\\\/www.socialismoobarbarie.org\\\/?p=5565\"},\"wordCount\":1467,\"publisher\":{\"@id\":\"https:\\\/\\\/www.socialismoobarbarie.org\\\/#organization\"},\"image\":{\"@id\":\"https:\\\/\\\/www.socialismoobarbarie.org\\\/?p=5565#primaryimage\"},\"thumbnailUrl\":\"https:\\\/\\\/www.socialismoobarbarie.org\\\/wp-content\\\/uploads\\\/2015\\\/07\\\/150727-suruc-explosion-20-07-2015-690x405.jpg\",\"keywords\":[\"Ale Kur\",\"Turqu\u00eda\"],\"articleSection\":[\"Medio Oriente\"],\"inLanguage\":\"es\"},{\"@type\":\"WebPage\",\"@id\":\"https:\\\/\\\/www.socialismoobarbarie.org\\\/?p=5565\",\"url\":\"https:\\\/\\\/www.socialismoobarbarie.org\\\/?p=5565\",\"name\":\"Erdogan le declara la guerra al pueblo kurdo y a la izquierda - Socialismo o Barbarie\",\"isPartOf\":{\"@id\":\"https:\\\/\\\/www.socialismoobarbarie.org\\\/#website\"},\"primaryImageOfPage\":{\"@id\":\"https:\\\/\\\/www.socialismoobarbarie.org\\\/?p=5565#primaryimage\"},\"image\":{\"@id\":\"https:\\\/\\\/www.socialismoobarbarie.org\\\/?p=5565#primaryimage\"},\"thumbnailUrl\":\"https:\\\/\\\/www.socialismoobarbarie.org\\\/wp-content\\\/uploads\\\/2015\\\/07\\\/150727-suruc-explosion-20-07-2015-690x405.jpg\",\"datePublished\":\"2015-07-27T17:03:27+00:00\",\"dateModified\":\"2019-11-20T04:01:24+00:00\",\"breadcrumb\":{\"@id\":\"https:\\\/\\\/www.socialismoobarbarie.org\\\/?p=5565#breadcrumb\"},\"inLanguage\":\"es\",\"potentialAction\":[{\"@type\":\"ReadAction\",\"target\":[\"https:\\\/\\\/www.socialismoobarbarie.org\\\/?p=5565\"]}]},{\"@type\":\"ImageObject\",\"inLanguage\":\"es\",\"@id\":\"https:\\\/\\\/www.socialismoobarbarie.org\\\/?p=5565#primaryimage\",\"url\":\"https:\\\/\\\/www.socialismoobarbarie.org\\\/wp-content\\\/uploads\\\/2015\\\/07\\\/150727-suruc-explosion-20-07-2015-690x405.jpg\",\"contentUrl\":\"https:\\\/\\\/www.socialismoobarbarie.org\\\/wp-content\\\/uploads\\\/2015\\\/07\\\/150727-suruc-explosion-20-07-2015-690x405.jpg\",\"width\":690,\"height\":405},{\"@type\":\"BreadcrumbList\",\"@id\":\"https:\\\/\\\/www.socialismoobarbarie.org\\\/?p=5565#breadcrumb\",\"itemListElement\":[{\"@type\":\"ListItem\",\"position\":1,\"name\":\"Portada\",\"item\":\"https:\\\/\\\/www.socialismoobarbarie.org\\\/\"},{\"@type\":\"ListItem\",\"position\":2,\"name\":\"Erdogan le declara la guerra al pueblo kurdo y a la izquierda\"}]},{\"@type\":\"WebSite\",\"@id\":\"https:\\\/\\\/www.socialismoobarbarie.org\\\/#website\",\"url\":\"https:\\\/\\\/www.socialismoobarbarie.org\\\/\",\"name\":\"Socialismo o Barbarie\",\"description\":\"Sitio web de la corriente internacional Socialismo o Barbarie\",\"publisher\":{\"@id\":\"https:\\\/\\\/www.socialismoobarbarie.org\\\/#organization\"},\"potentialAction\":[{\"@type\":\"SearchAction\",\"target\":{\"@type\":\"EntryPoint\",\"urlTemplate\":\"https:\\\/\\\/www.socialismoobarbarie.org\\\/?s={search_term_string}\"},\"query-input\":{\"@type\":\"PropertyValueSpecification\",\"valueRequired\":true,\"valueName\":\"search_term_string\"}}],\"inLanguage\":\"es\"},{\"@type\":\"Organization\",\"@id\":\"https:\\\/\\\/www.socialismoobarbarie.org\\\/#organization\",\"name\":\"Socialismo o Barbarie\",\"url\":\"https:\\\/\\\/www.socialismoobarbarie.org\\\/\",\"logo\":{\"@type\":\"ImageObject\",\"inLanguage\":\"es\",\"@id\":\"https:\\\/\\\/www.socialismoobarbarie.org\\\/#\\\/schema\\\/logo\\\/image\\\/\",\"url\":\"https:\\\/\\\/www.socialismoobarbarie.org\\\/wp-content\\\/uploads\\\/2025\\\/02\\\/soblogoweb-2025.png\",\"contentUrl\":\"https:\\\/\\\/www.socialismoobarbarie.org\\\/wp-content\\\/uploads\\\/2025\\\/02\\\/soblogoweb-2025.png\",\"width\":450,\"height\":161,\"caption\":\"Socialismo o Barbarie\"},\"image\":{\"@id\":\"https:\\\/\\\/www.socialismoobarbarie.org\\\/#\\\/schema\\\/logo\\\/image\\\/\"}},{\"@type\":\"Person\",\"@id\":\"https:\\\/\\\/www.socialismoobarbarie.org\\\/#\\\/schema\\\/person\\\/bc1c3b321d47ed092405949c77e35a8e\",\"name\":\"SOB\",\"url\":\"https:\\\/\\\/www.socialismoobarbarie.org\\\/?author=8\"}]}<\/script>\n<!-- \/ Yoast SEO plugin. -->","yoast_head_json":{"title":"Erdogan le declara la guerra al pueblo kurdo y a la izquierda - Socialismo o Barbarie","robots":{"index":"index","follow":"follow","max-snippet":"max-snippet:-1","max-image-preview":"max-image-preview:large","max-video-preview":"max-video-preview:-1"},"canonical":"https:\/\/www.socialismoobarbarie.org\/?p=5565","og_locale":"es_ES","og_type":"article","og_title":"Erdogan le declara la guerra al pueblo kurdo y a la izquierda - Socialismo o Barbarie","og_description":". Esta \u00faltima semana, el Estado turco emprendi\u00f3 un doble giro en su pol\u00edtica regional. Por un lado, dice haber realizado por primera vez bombardeos contra el \u201cEstado Isl\u00e1mico\u201d en Siria. Se trata de un elemento novedoso ya que Turqu\u00eda viene siendo uno de los principales \u201csponsors\u201d del EI, permiti\u00e9ndole el libre tr\u00e1nsito por su [&hellip;]","og_url":"https:\/\/www.socialismoobarbarie.org\/?p=5565","og_site_name":"Socialismo o Barbarie","article_published_time":"2015-07-27T17:03:27+00:00","article_modified_time":"2019-11-20T04:01:24+00:00","og_image":[{"width":690,"height":405,"url":"https:\/\/www.socialismoobarbarie.org\/wp-content\/uploads\/2015\/07\/150727-suruc-explosion-20-07-2015-690x405.jpg","type":"image\/jpeg"}],"author":"SOB","twitter_card":"summary_large_image","twitter_misc":{"Escrito por":"SOB","Tiempo de lectura":"7 minutos"},"schema":{"@context":"https:\/\/schema.org","@graph":[{"@type":"Article","@id":"https:\/\/www.socialismoobarbarie.org\/?p=5565#article","isPartOf":{"@id":"https:\/\/www.socialismoobarbarie.org\/?p=5565"},"author":{"name":"SOB","@id":"https:\/\/www.socialismoobarbarie.org\/#\/schema\/person\/bc1c3b321d47ed092405949c77e35a8e"},"headline":"Erdogan le declara la guerra al pueblo kurdo y a la izquierda","datePublished":"2015-07-27T17:03:27+00:00","dateModified":"2019-11-20T04:01:24+00:00","mainEntityOfPage":{"@id":"https:\/\/www.socialismoobarbarie.org\/?p=5565"},"wordCount":1467,"publisher":{"@id":"https:\/\/www.socialismoobarbarie.org\/#organization"},"image":{"@id":"https:\/\/www.socialismoobarbarie.org\/?p=5565#primaryimage"},"thumbnailUrl":"https:\/\/www.socialismoobarbarie.org\/wp-content\/uploads\/2015\/07\/150727-suruc-explosion-20-07-2015-690x405.jpg","keywords":["Ale Kur","Turqu\u00eda"],"articleSection":["Medio Oriente"],"inLanguage":"es"},{"@type":"WebPage","@id":"https:\/\/www.socialismoobarbarie.org\/?p=5565","url":"https:\/\/www.socialismoobarbarie.org\/?p=5565","name":"Erdogan le declara la guerra al pueblo kurdo y a la izquierda - Socialismo o Barbarie","isPartOf":{"@id":"https:\/\/www.socialismoobarbarie.org\/#website"},"primaryImageOfPage":{"@id":"https:\/\/www.socialismoobarbarie.org\/?p=5565#primaryimage"},"image":{"@id":"https:\/\/www.socialismoobarbarie.org\/?p=5565#primaryimage"},"thumbnailUrl":"https:\/\/www.socialismoobarbarie.org\/wp-content\/uploads\/2015\/07\/150727-suruc-explosion-20-07-2015-690x405.jpg","datePublished":"2015-07-27T17:03:27+00:00","dateModified":"2019-11-20T04:01:24+00:00","breadcrumb":{"@id":"https:\/\/www.socialismoobarbarie.org\/?p=5565#breadcrumb"},"inLanguage":"es","potentialAction":[{"@type":"ReadAction","target":["https:\/\/www.socialismoobarbarie.org\/?p=5565"]}]},{"@type":"ImageObject","inLanguage":"es","@id":"https:\/\/www.socialismoobarbarie.org\/?p=5565#primaryimage","url":"https:\/\/www.socialismoobarbarie.org\/wp-content\/uploads\/2015\/07\/150727-suruc-explosion-20-07-2015-690x405.jpg","contentUrl":"https:\/\/www.socialismoobarbarie.org\/wp-content\/uploads\/2015\/07\/150727-suruc-explosion-20-07-2015-690x405.jpg","width":690,"height":405},{"@type":"BreadcrumbList","@id":"https:\/\/www.socialismoobarbarie.org\/?p=5565#breadcrumb","itemListElement":[{"@type":"ListItem","position":1,"name":"Portada","item":"https:\/\/www.socialismoobarbarie.org\/"},{"@type":"ListItem","position":2,"name":"Erdogan le declara la guerra al pueblo kurdo y a la izquierda"}]},{"@type":"WebSite","@id":"https:\/\/www.socialismoobarbarie.org\/#website","url":"https:\/\/www.socialismoobarbarie.org\/","name":"Socialismo o Barbarie","description":"Sitio web de la corriente internacional Socialismo o Barbarie","publisher":{"@id":"https:\/\/www.socialismoobarbarie.org\/#organization"},"potentialAction":[{"@type":"SearchAction","target":{"@type":"EntryPoint","urlTemplate":"https:\/\/www.socialismoobarbarie.org\/?s={search_term_string}"},"query-input":{"@type":"PropertyValueSpecification","valueRequired":true,"valueName":"search_term_string"}}],"inLanguage":"es"},{"@type":"Organization","@id":"https:\/\/www.socialismoobarbarie.org\/#organization","name":"Socialismo o Barbarie","url":"https:\/\/www.socialismoobarbarie.org\/","logo":{"@type":"ImageObject","inLanguage":"es","@id":"https:\/\/www.socialismoobarbarie.org\/#\/schema\/logo\/image\/","url":"https:\/\/www.socialismoobarbarie.org\/wp-content\/uploads\/2025\/02\/soblogoweb-2025.png","contentUrl":"https:\/\/www.socialismoobarbarie.org\/wp-content\/uploads\/2025\/02\/soblogoweb-2025.png","width":450,"height":161,"caption":"Socialismo o Barbarie"},"image":{"@id":"https:\/\/www.socialismoobarbarie.org\/#\/schema\/logo\/image\/"}},{"@type":"Person","@id":"https:\/\/www.socialismoobarbarie.org\/#\/schema\/person\/bc1c3b321d47ed092405949c77e35a8e","name":"SOB","url":"https:\/\/www.socialismoobarbarie.org\/?author=8"}]}},"_links":{"self":[{"href":"https:\/\/www.socialismoobarbarie.org\/index.php?rest_route=\/wp\/v2\/posts\/5565","targetHints":{"allow":["GET"]}}],"collection":[{"href":"https:\/\/www.socialismoobarbarie.org\/index.php?rest_route=\/wp\/v2\/posts"}],"about":[{"href":"https:\/\/www.socialismoobarbarie.org\/index.php?rest_route=\/wp\/v2\/types\/post"}],"author":[{"embeddable":true,"href":"https:\/\/www.socialismoobarbarie.org\/index.php?rest_route=\/wp\/v2\/users\/8"}],"replies":[{"embeddable":true,"href":"https:\/\/www.socialismoobarbarie.org\/index.php?rest_route=%2Fwp%2Fv2%2Fcomments&post=5565"}],"version-history":[{"count":3,"href":"https:\/\/www.socialismoobarbarie.org\/index.php?rest_route=\/wp\/v2\/posts\/5565\/revisions"}],"predecessor-version":[{"id":5569,"href":"https:\/\/www.socialismoobarbarie.org\/index.php?rest_route=\/wp\/v2\/posts\/5565\/revisions\/5569"}],"wp:featuredmedia":[{"embeddable":true,"href":"https:\/\/www.socialismoobarbarie.org\/index.php?rest_route=\/wp\/v2\/media\/5568"}],"wp:attachment":[{"href":"https:\/\/www.socialismoobarbarie.org\/index.php?rest_route=%2Fwp%2Fv2%2Fmedia&parent=5565"}],"wp:term":[{"taxonomy":"category","embeddable":true,"href":"https:\/\/www.socialismoobarbarie.org\/index.php?rest_route=%2Fwp%2Fv2%2Fcategories&post=5565"},{"taxonomy":"post_tag","embeddable":true,"href":"https:\/\/www.socialismoobarbarie.org\/index.php?rest_route=%2Fwp%2Fv2%2Ftags&post=5565"}],"curies":[{"name":"wp","href":"https:\/\/api.w.org\/{rel}","templated":true}]}}