{"id":5661,"date":"2015-08-05T06:56:21","date_gmt":"2015-08-05T15:56:21","guid":{"rendered":"https:\/\/www.socialismoobarbarie.org\/?p=5661"},"modified":"2015-08-09T07:17:00","modified_gmt":"2015-08-09T16:17:00","slug":"erdogan-declare-la-guerre-a-la-population-kurde-et-a-la-gauche","status":"publish","type":"post","link":"https:\/\/www.socialismoobarbarie.org\/?p=5661","title":{"rendered":"Erdogan d\u00e9clare la guerre \u00e0 la population kurde et \u00e0 la gauche"},"content":{"rendered":"<p style=\"text-align: justify;\">La semaine derni\u00e8re, le gouvernement turc a entrepris une double tournure dans sa politique r\u00e9gionale. D&#8217;une part, il dit avoir r\u00e9alis\u00e9 des bombardements contre l&#8217;Etat islamique pour la premi\u00e8re fois en Syrie. C&#8217;est un nouvel \u00e9l\u00e9ment, parce que la Turquie est, actuellement, l\u2019un des principaux \u00ab sponsors \u00bb de l\u2019Etat Islamique, lui permettant le libre transit dans sa fronti\u00e8re et les possibilit\u00e9s de se r\u00e9fugier et de r\u00e9-provisionner \u00e0 l&#8217;int\u00e9rieur de la Turquie. Cependant, c&#8217;est une tournure trompeuse, m\u00eame si certaines de ces attaques ont lieu v\u00e9ritablement.<\/p>\n<p style=\"text-align: justify;\">Le deuxi\u00e8me tournant est le d\u00e9but d&#8217;une campagne <strong>de bombardements contre le PKK (Parti des Travailleurs du Kurdistan)<\/strong>, organisation qui est \u00e0 la base des diverses gu\u00e9rillas de gauche pro-kurdes qui op\u00e8rent dans la r\u00e9gion. Le PKK est \u00e9galement la r\u00e9f\u00e9rence politique et id\u00e9ologique du parti turc HDP (qui a remport\u00e9 l\u2019important score de 12 pour cent des voix lors des derni\u00e8res \u00e9lections parlementaires turques) ainsi que de l&#8217;exp\u00e9rience de <strong>autogouvernement kurde dans le nord de la Syrie<\/strong>, connu sous le nom de \u00a0Rojava. C\u2019est l\u00e0 que les milices de la YPG-YPJ viennent d\u2019obtenir une victorie importante face \u00e0 l&#8217;\u00c9tat islamique, en donnant suite aux triomphes \u00e9normes de Kobane, et Tel Abyad.<\/p>\n<p style=\"text-align: justify;\">La reprise des attaques contre le PKK s&#8217;est accompagn\u00e9e d&#8217;une vaste campagne d&#8217;arrestations contre les partisans pro-kurdes dans toute la Turquie&#8230; sous le pr\u00e9texte de \u00ab lutter contre l&#8217;extr\u00e9misme de l&#8217;Etat islamique \u00bb. C&#8217;est-\u00e0-dire, pour faire face \u00e0 l\u2019Etat islamique, ils <strong>emprisonnent \u00a0la seule force<\/strong> du Moyen Orient qui <strong>lui fait face concr\u00e8tement<\/strong> et <strong>qui l\u2019a battu<\/strong> syst\u00e9matiquement.<\/p>\n<p style=\"text-align: justify;\">Les bombardements contre le PKK impliquent la reprise de la longue guerre civile de l&#8217;\u00c9tat turc contre sa minorit\u00e9 kurde, pour la plupart r\u00e9f\u00e9renc\u00e9e dans les partis de gauche. Une guerre civile qui a d\u00e9j\u00e0 trois d\u00e9cennies d&#8217;existence et qui a fait des milliers de morts. Jusqu&#8217;\u00e0 pr\u00e9sent, cette confrontation a \u00e9t\u00e9 suspendue pendant <strong>la dur\u00e9e d&#8217;un \u00ab cessez-le-feu \u00bb<\/strong> et des <strong>n\u00e9gociations pour une paix d\u00e9finitive<\/strong>. Le Pr\u00e9sident islamiste de la Turquie, Erdogan, a d\u00e9cid\u00e9 d\u2019en finir avec des options de paix et de reprendre le carnage.<\/p>\n<p style=\"text-align: justify;\">En comparant ces deux \u00ab\u00a0virages \u00bb, on peut avoir une image plus compl\u00e8te de l\u2019ordre de grandeur de chacun d\u2019entre eux. Autant par rapport au nombre et \u00e0 l&#8217;intensit\u00e9 des bombardements qui ont \u00e9t\u00e9 signal\u00e9s que par rapport au nombre d&#8217;arrestations, les Kurdes <strong>ont \u00e9t\u00e9 beaucoup plus frapp\u00e9s par l&#8217;\u00c9tat turc que l\u2019Etat islamique<\/strong>&#8230; si vraiment Erdogan est en train d\u2019attaquer l\u2019Etat islamique.\u00a0 Du fait de sa signification politique, la guerre contre le PKK entra\u00eenera toute la Turquie vers une confrontation importante, tandis que les attaques \u00e0 l\u2019Etat islamique semblent exercer une fonction plut\u00f4t symbolique.<\/p>\n<p style=\"text-align: justify;\">C&#8217;est-\u00e0-dire, des deux \u00ab tournures \u00bb, l&#8217;attaque du PKK a une importance politique beaucoup plus grande, ce qui nous permet de comprendre quel est le vrai sens des derniers \u00e9v\u00e9nements en Turquie. La campagne contre l\u2019Etat islamique n&#8217;est qu&#8217;une mascarade, un \u00e9cran de fum\u00e9e m\u00e9diatique pour l\u00e9gitimer le v\u00e9ritable but du gouvernement: le lancement d&#8217;une guerre civile, ou au moins d\u2019une provocation \u00e0 grande \u00e9chelle contre la gauche kurde.<\/p>\n<h3 style=\"text-align: justify;\"><strong>La Turquie essaie d&#8217;arr\u00eater l&#8217;ascension politique de la gauche kurde<\/strong><\/h3>\n<p style=\"text-align: justify;\">Comme mentionn\u00e9 plus haut, la gauche kurde vient d\u2019avoir <strong>deux triomphes politiques r\u00e9sonnants<\/strong>. Le premier d&#8217;entre eux a eu lieu dans le nord de la Syrie, dans la r\u00e9gion \u00e9galement connue sous le nom de Rojava. L\u00e0 les milices de la YPG-YPJ ont r\u00e9ussi \u00e0 chasser l&#8217;\u00c9tat islamique d\u2019une partie importante de la r\u00e9gion, en lui causant des milliers de bless\u00e9s et en lui mettant sur la d\u00e9fensive pour la premi\u00e8re fois depuis sa cr\u00e9ation.<\/p>\n<p style=\"text-align: justify;\">\u00c0 la suite de ces victoires militaires, les Kurdes du nord de la Syrie <strong>ont \u00e9tabli<\/strong> <strong>son autogouvernement le long d&#8217;une bande territoriale importante<\/strong> qui couvre une grande partie de la fronti\u00e8re turco-syrienne. Par ailleurs, la dynamique ininterrompue des triomphes soul\u00e8ve la possibilit\u00e9 d&#8217;\u00e9tendre le territoire contr\u00f4l\u00e9 par les kurdes <strong>jusqu&#8217;\u00e0 couvrir l&#8217;ensemble de la fronti\u00e8re.<\/strong><\/p>\n<p style=\"text-align: justify;\">Cela signifierait non seulement de connecter territorialement les trois cantons comprenant Rojava (Kobane, Jazira et Efrin), mais aussi d\u2019\u00e9tablir <strong>un v\u00e9ritable \u00ab bouchon \u00bb qui prot\u00e8gerait contre les fuites djihadistes qui arrivent au nord de la Syrie depuis la Turquie<\/strong>&#8230; fuites sur lesquelles Erdogan ferme les yeux.<\/p>\n<p style=\"text-align: justify;\">Enfin, ceci signifierait d\u2019\u00e9tablit <strong>une entit\u00e9 politique kurde ind\u00e9pendante<\/strong> situ\u00e9e imm\u00e9diatement \u00e0 c\u00f4t\u00e9 de la population kurde de la Turquie : ce serait \u00e9galement une incitation pour l\u2019autogouvernement de cette communaut\u00e9 dans ce pays.<\/p>\n<p style=\"text-align: justify;\">Le second des grands succ\u00e8s politiques de la gauche kurde ont \u00e9t\u00e9 les <strong>r\u00e9sultats \u00e9lectoraux par le parti HDP en Turquie<\/strong> : le 12 % des voix, ce qui leur a permis d&#8217;entrer au Parlement avec beaucoup de d\u00e9put\u00e9s.<\/p>\n<p style=\"text-align: justify;\">Mais encore plus, cela leur a transform\u00e9s en une <strong>r\u00e9f\u00e9rence politique objective<\/strong> \u00a0non seulement la communaut\u00e9 kurde et de la lutte pour leur droit \u00e0 l&#8217;autod\u00e9termination, mais aussi de toute la gauche de la Turquie, y compris des portions importantes des secteurs de la jeunesse et de la classe ouvri\u00e8re.<\/p>\n<p style=\"text-align: justify;\">C&#8217;est-\u00e0-dire: cela a signifi\u00e9 la mise sur pied <strong>d&#8217;un p\u00f4le politique d&#8217;opposition de gauche \u00e0 Erdogan<\/strong>, qui combine la critique d\u00e9mocratique, \u00e9cologiste, f\u00e9ministe, la\u00efque, en faveur des minorit\u00e9s opprim\u00e9es et anti n\u00e9o-lib\u00e9rale. Un p\u00f4le de ces caract\u00e9ristiques, au-del\u00e0 de ses limites strat\u00e9giques et programmatiques, signifie un v\u00e9ritable casse-t\u00eate pour un r\u00e9gime de plus en plus remis en question&#8230; et de plus en plus r\u00e9actionnaire.<\/p>\n<p style=\"text-align: justify;\">La mont\u00e9e continuelle de la gauche kurde est devenu un v\u00e9ritable probl\u00e8me politique pour le gouvernement islamiste, profond\u00e9ment n\u00e9o-lib\u00e9rale et pro-imperialiste d&#8217;Erdogan.<\/p>\n<p style=\"text-align: justify;\">Jusqu&#8217;ici, le principal outil avec laquelle Erdogan comptait dans son objectif de freiner la mont\u00e9e des Kurdes, \u00e9tait le d\u00e9veloppement de l&#8217;\u00c9tat islamique en Syrie, qui tentait d&#8217;occuper les territoires kurdes de ce pays et de faire dispara\u00eetre son autogouvernement&#8230; et m\u00eame la population elle-m\u00eame \u00e0 travers encore un \u00ab\u00a0nettoyage ethnique\u00a0\u00bb comme celui qui a balay\u00e9 d\u2019autres groupes r\u00e9ligieux ou ethniques sur le territoire que l\u2019Etat islamique contr\u00f4le en Irak.<\/p>\n<p style=\"text-align: justify;\">Mais cette strat\u00e9gie a \u00e9chou\u00e9 : non seulement les YPG-YPJ ont r\u00e9ussi \u00e0 rejeter l&#8217;invasion, mais en plus avec la contre-offensive ils ont pu \u00e9tendre leur contr\u00f4le territorial et le porter plus loin que ce qui aurait \u00e9t\u00e9 possible sans l&#8217;existence de l\u2019Etat Islamique.<\/p>\n<p style=\"text-align: justify;\">Ces derni\u00e8res semaines, a eu lieu une nouvelle s\u00e9rie de succ\u00e8s militaires des YPG-YPJ, qui ont r\u00e9ussi \u00e0 relier les cantons de Kobane et Jazira (avec le triomphe dans Tel Abyad), qui ont r\u00e9ussi \u00e0 chasser l\u2019Etat Islamique d\u2019une grande partie de la ville de Hasakah (capitale provinciale du nord-est de la Syrie), et qu&#8217;\u00e0 cet instant pr\u00e9cis sont en train d\u2019\u00e9liminer l&#8217;un des principale bastions d\u00e9fensifs de l\u2019Etat Islamique dans le fleuve de l&#8217;Euphrate (Sarr\u00edn). Ce fut la goutte qui a fait d\u00e9border le vase de la patience d&#8217;Erdogan.<\/p>\n<h3 style=\"text-align: justify;\"><strong>Des attentats r\u00e9actionnaires et des man\u0153uvres d\u00e9sesp\u00e9r\u00e9es<\/strong><\/h3>\n<p style=\"text-align: justify;\">La semaine derni\u00e8re nous avons vu ke premier grand r\u00e9sultat concret de \u00a0la pr\u00e9occupation du gouvernement turc. Dans la ville turque de Suruc, ville limitrophe de Kobane, une bombe plac\u00e9e par l&#8217;Etat islamique a tu\u00e9 plus d&#8217;une trentaine de m\u00e9decins b\u00e9n\u00e9voles qui allaient aider \u00e0 la reconstruction de la ville d\u00e9vast\u00e9e par la guerre. Un attentat profond\u00e9ment condamnable, haineux, qui <strong>n\u2019a pas pu \u00eatre effectu\u00e9 qu\u2019avec la complicit\u00e9 des services secrets turcs.<\/strong><\/p>\n<p style=\"text-align: justify;\">L\u2019attentat de Suruc a eu lieu apr\u00e8s plusieurs semaines dans lesquelles les m\u00e9dias turcs ont men\u00e9 une <strong>campagne syst\u00e9matique de provocations<\/strong> contre la gauche kurde. Cette campagne avait d\u00e9j\u00e0 r\u00e9ussi \u00e0 cr\u00e9er un climat de polarisation politique profonde, que l&#8217;attaque de Suruc fini de faire exploser. Des mobilisations importantes de la gauche et des Kurdes contre le r\u00e9gime d&#8217;Erdogan ont donc eu lieu.<\/p>\n<p style=\"text-align: justify;\">Une des premi\u00e8res mesures d&#8217;Erdogan apr\u00e8s l&#8217;attaque a \u00e9t\u00e9&#8230; de suspendre l&#8217;utilisation de Twitter, pour emp\u00eacher la diffussio d&#8217;images du massacre commis par ses prot\u00e9g\u00e9s de l&#8217;Etat Islamique.<\/p>\n<p style=\"text-align: justify;\">C&#8217;est dans ce contexte politique que le gouvernement islamiste turc a lanc\u00e9 son \u00ab double virage politique \u00bb. \u00c0 la lumi\u00e8re de tous ces faits, nous comprenons que <strong>son seul et seul v\u00e9ritable objectif<\/strong> est de lancer <strong>une guerre d&#8217;extermination contre la gauche kurde<\/strong>, ou du moins essayer de stopper son ascension \u00e0 travers une s\u00e9rie d&#8217;attaques syst\u00e9matiques.<\/p>\n<p style=\"text-align: justify;\">La r\u00e9ponse des Kurdes et de la gauche se fait d\u00e9j\u00e0 entendre : des <strong>mobilisations de masse et des affrontements<\/strong> contre les forces de s\u00e9curit\u00e9 dans une grande partie de la Turquie. La <strong>solidarit\u00e9 internationale<\/strong> est fondamentale pour stopper le gouvernement r\u00e9actionnaire de Erdogan, ennemi des peuples du Moyen-Orient et complice de l&#8217;\u00c9tat islamique (malgr\u00e9 les apparences).<\/p>\n","protected":false},"excerpt":{"rendered":"<p>La semaine derni\u00e8re, le gouvernement turc a entrepris une double tournure dans sa politique r\u00e9gionale. D&#8217;une part, il dit avoir r\u00e9alis\u00e9 des bombardements contre l&#8217;Etat islamique pour la premi\u00e8re fois en Syrie. C&#8217;est un nouvel \u00e9l\u00e9ment, parce que la Turquie est, actuellement, l\u2019un des principaux \u00ab sponsors \u00bb de l\u2019Etat Islamique, lui permettant le libre [&hellip;]<\/p>\n","protected":false},"author":8,"featured_media":5663,"comment_status":"closed","ping_status":"closed","sticky":false,"template":"","format":"standard","meta":{"footnotes":""},"categories":[467],"tags":[834],"class_list":{"0":"post-5661","1":"post","2":"type-post","3":"status-publish","4":"format-standard","5":"has-post-thumbnail","7":"category-french","8":"tag-rojava"},"yoast_head":"<!-- This site is optimized with the Yoast SEO plugin v27.5 - https:\/\/yoast.com\/product\/yoast-seo-wordpress\/ -->\n<title>Erdogan d\u00e9clare la guerre \u00e0 la population kurde et \u00e0 la gauche - Socialismo o Barbarie<\/title>\n<meta name=\"robots\" content=\"index, follow, max-snippet:-1, max-image-preview:large, max-video-preview:-1\" \/>\n<link rel=\"canonical\" href=\"https:\/\/www.socialismoobarbarie.org\/?p=5661\" \/>\n<meta property=\"og:locale\" content=\"es_ES\" \/>\n<meta property=\"og:type\" content=\"article\" \/>\n<meta property=\"og:title\" content=\"Erdogan d\u00e9clare la guerre \u00e0 la population kurde et \u00e0 la gauche - Socialismo o Barbarie\" \/>\n<meta property=\"og:description\" content=\"La semaine derni\u00e8re, le gouvernement turc a entrepris une double tournure dans sa politique r\u00e9gionale. D&#8217;une part, il dit avoir r\u00e9alis\u00e9 des bombardements contre l&#8217;Etat islamique pour la premi\u00e8re fois en Syrie. C&#8217;est un nouvel \u00e9l\u00e9ment, parce que la Turquie est, actuellement, l\u2019un des principaux \u00ab sponsors \u00bb de l\u2019Etat Islamique, lui permettant le libre [&hellip;]\" \/>\n<meta property=\"og:url\" content=\"https:\/\/www.socialismoobarbarie.org\/?p=5661\" \/>\n<meta property=\"og:site_name\" content=\"Socialismo o Barbarie\" \/>\n<meta property=\"article:published_time\" content=\"2015-08-05T15:56:21+00:00\" \/>\n<meta property=\"article:modified_time\" content=\"2015-08-09T16:17:00+00:00\" \/>\n<meta property=\"og:image\" content=\"https:\/\/www.socialismoobarbarie.org\/wp-content\/uploads\/2015\/08\/150809-manifestation-kurdes-paris.jpg\" \/>\n\t<meta property=\"og:image:width\" content=\"690\" \/>\n\t<meta property=\"og:image:height\" content=\"416\" \/>\n\t<meta property=\"og:image:type\" content=\"image\/jpeg\" \/>\n<meta name=\"author\" content=\"SOB\" \/>\n<meta name=\"twitter:card\" content=\"summary_large_image\" \/>\n<meta name=\"twitter:label1\" content=\"Escrito por\" \/>\n\t<meta name=\"twitter:data1\" content=\"SOB\" \/>\n\t<meta name=\"twitter:label2\" content=\"Tiempo de lectura\" \/>\n\t<meta name=\"twitter:data2\" content=\"8 minutos\" \/>\n<script type=\"application\/ld+json\" class=\"yoast-schema-graph\">{\"@context\":\"https:\\\/\\\/schema.org\",\"@graph\":[{\"@type\":\"Article\",\"@id\":\"https:\\\/\\\/www.socialismoobarbarie.org\\\/?p=5661#article\",\"isPartOf\":{\"@id\":\"https:\\\/\\\/www.socialismoobarbarie.org\\\/?p=5661\"},\"author\":{\"name\":\"SOB\",\"@id\":\"https:\\\/\\\/www.socialismoobarbarie.org\\\/#\\\/schema\\\/person\\\/bc1c3b321d47ed092405949c77e35a8e\"},\"headline\":\"Erdogan d\u00e9clare la guerre \u00e0 la population kurde et \u00e0 la gauche\",\"datePublished\":\"2015-08-05T15:56:21+00:00\",\"dateModified\":\"2015-08-09T16:17:00+00:00\",\"mainEntityOfPage\":{\"@id\":\"https:\\\/\\\/www.socialismoobarbarie.org\\\/?p=5661\"},\"wordCount\":1610,\"publisher\":{\"@id\":\"https:\\\/\\\/www.socialismoobarbarie.org\\\/#organization\"},\"image\":{\"@id\":\"https:\\\/\\\/www.socialismoobarbarie.org\\\/?p=5661#primaryimage\"},\"thumbnailUrl\":\"https:\\\/\\\/www.socialismoobarbarie.org\\\/wp-content\\\/uploads\\\/2015\\\/08\\\/150809-manifestation-kurdes-paris.jpg\",\"keywords\":[\"Rojava\"],\"articleSection\":[\"Fran\u00e7ais\"],\"inLanguage\":\"es\"},{\"@type\":\"WebPage\",\"@id\":\"https:\\\/\\\/www.socialismoobarbarie.org\\\/?p=5661\",\"url\":\"https:\\\/\\\/www.socialismoobarbarie.org\\\/?p=5661\",\"name\":\"Erdogan d\u00e9clare la guerre \u00e0 la population kurde et \u00e0 la gauche - Socialismo o Barbarie\",\"isPartOf\":{\"@id\":\"https:\\\/\\\/www.socialismoobarbarie.org\\\/#website\"},\"primaryImageOfPage\":{\"@id\":\"https:\\\/\\\/www.socialismoobarbarie.org\\\/?p=5661#primaryimage\"},\"image\":{\"@id\":\"https:\\\/\\\/www.socialismoobarbarie.org\\\/?p=5661#primaryimage\"},\"thumbnailUrl\":\"https:\\\/\\\/www.socialismoobarbarie.org\\\/wp-content\\\/uploads\\\/2015\\\/08\\\/150809-manifestation-kurdes-paris.jpg\",\"datePublished\":\"2015-08-05T15:56:21+00:00\",\"dateModified\":\"2015-08-09T16:17:00+00:00\",\"breadcrumb\":{\"@id\":\"https:\\\/\\\/www.socialismoobarbarie.org\\\/?p=5661#breadcrumb\"},\"inLanguage\":\"es\",\"potentialAction\":[{\"@type\":\"ReadAction\",\"target\":[\"https:\\\/\\\/www.socialismoobarbarie.org\\\/?p=5661\"]}]},{\"@type\":\"ImageObject\",\"inLanguage\":\"es\",\"@id\":\"https:\\\/\\\/www.socialismoobarbarie.org\\\/?p=5661#primaryimage\",\"url\":\"https:\\\/\\\/www.socialismoobarbarie.org\\\/wp-content\\\/uploads\\\/2015\\\/08\\\/150809-manifestation-kurdes-paris.jpg\",\"contentUrl\":\"https:\\\/\\\/www.socialismoobarbarie.org\\\/wp-content\\\/uploads\\\/2015\\\/08\\\/150809-manifestation-kurdes-paris.jpg\",\"width\":690,\"height\":416},{\"@type\":\"BreadcrumbList\",\"@id\":\"https:\\\/\\\/www.socialismoobarbarie.org\\\/?p=5661#breadcrumb\",\"itemListElement\":[{\"@type\":\"ListItem\",\"position\":1,\"name\":\"Portada\",\"item\":\"https:\\\/\\\/www.socialismoobarbarie.org\\\/\"},{\"@type\":\"ListItem\",\"position\":2,\"name\":\"Erdogan d\u00e9clare la guerre \u00e0 la population kurde et \u00e0 la gauche\"}]},{\"@type\":\"WebSite\",\"@id\":\"https:\\\/\\\/www.socialismoobarbarie.org\\\/#website\",\"url\":\"https:\\\/\\\/www.socialismoobarbarie.org\\\/\",\"name\":\"Socialismo o Barbarie\",\"description\":\"Sitio web de la corriente internacional Socialismo o Barbarie\",\"publisher\":{\"@id\":\"https:\\\/\\\/www.socialismoobarbarie.org\\\/#organization\"},\"potentialAction\":[{\"@type\":\"SearchAction\",\"target\":{\"@type\":\"EntryPoint\",\"urlTemplate\":\"https:\\\/\\\/www.socialismoobarbarie.org\\\/?s={search_term_string}\"},\"query-input\":{\"@type\":\"PropertyValueSpecification\",\"valueRequired\":true,\"valueName\":\"search_term_string\"}}],\"inLanguage\":\"es\"},{\"@type\":\"Organization\",\"@id\":\"https:\\\/\\\/www.socialismoobarbarie.org\\\/#organization\",\"name\":\"Socialismo o Barbarie\",\"url\":\"https:\\\/\\\/www.socialismoobarbarie.org\\\/\",\"logo\":{\"@type\":\"ImageObject\",\"inLanguage\":\"es\",\"@id\":\"https:\\\/\\\/www.socialismoobarbarie.org\\\/#\\\/schema\\\/logo\\\/image\\\/\",\"url\":\"https:\\\/\\\/www.socialismoobarbarie.org\\\/wp-content\\\/uploads\\\/2025\\\/02\\\/soblogoweb-2025.png\",\"contentUrl\":\"https:\\\/\\\/www.socialismoobarbarie.org\\\/wp-content\\\/uploads\\\/2025\\\/02\\\/soblogoweb-2025.png\",\"width\":450,\"height\":161,\"caption\":\"Socialismo o Barbarie\"},\"image\":{\"@id\":\"https:\\\/\\\/www.socialismoobarbarie.org\\\/#\\\/schema\\\/logo\\\/image\\\/\"}},{\"@type\":\"Person\",\"@id\":\"https:\\\/\\\/www.socialismoobarbarie.org\\\/#\\\/schema\\\/person\\\/bc1c3b321d47ed092405949c77e35a8e\",\"name\":\"SOB\",\"url\":\"https:\\\/\\\/www.socialismoobarbarie.org\\\/?author=8\"}]}<\/script>\n<!-- \/ Yoast SEO plugin. -->","yoast_head_json":{"title":"Erdogan d\u00e9clare la guerre \u00e0 la population kurde et \u00e0 la gauche - Socialismo o Barbarie","robots":{"index":"index","follow":"follow","max-snippet":"max-snippet:-1","max-image-preview":"max-image-preview:large","max-video-preview":"max-video-preview:-1"},"canonical":"https:\/\/www.socialismoobarbarie.org\/?p=5661","og_locale":"es_ES","og_type":"article","og_title":"Erdogan d\u00e9clare la guerre \u00e0 la population kurde et \u00e0 la gauche - Socialismo o Barbarie","og_description":"La semaine derni\u00e8re, le gouvernement turc a entrepris une double tournure dans sa politique r\u00e9gionale. D&#8217;une part, il dit avoir r\u00e9alis\u00e9 des bombardements contre l&#8217;Etat islamique pour la premi\u00e8re fois en Syrie. C&#8217;est un nouvel \u00e9l\u00e9ment, parce que la Turquie est, actuellement, l\u2019un des principaux \u00ab sponsors \u00bb de l\u2019Etat Islamique, lui permettant le libre [&hellip;]","og_url":"https:\/\/www.socialismoobarbarie.org\/?p=5661","og_site_name":"Socialismo o Barbarie","article_published_time":"2015-08-05T15:56:21+00:00","article_modified_time":"2015-08-09T16:17:00+00:00","og_image":[{"width":690,"height":416,"url":"https:\/\/www.socialismoobarbarie.org\/wp-content\/uploads\/2015\/08\/150809-manifestation-kurdes-paris.jpg","type":"image\/jpeg"}],"author":"SOB","twitter_card":"summary_large_image","twitter_misc":{"Escrito por":"SOB","Tiempo de lectura":"8 minutos"},"schema":{"@context":"https:\/\/schema.org","@graph":[{"@type":"Article","@id":"https:\/\/www.socialismoobarbarie.org\/?p=5661#article","isPartOf":{"@id":"https:\/\/www.socialismoobarbarie.org\/?p=5661"},"author":{"name":"SOB","@id":"https:\/\/www.socialismoobarbarie.org\/#\/schema\/person\/bc1c3b321d47ed092405949c77e35a8e"},"headline":"Erdogan d\u00e9clare la guerre \u00e0 la population kurde et \u00e0 la gauche","datePublished":"2015-08-05T15:56:21+00:00","dateModified":"2015-08-09T16:17:00+00:00","mainEntityOfPage":{"@id":"https:\/\/www.socialismoobarbarie.org\/?p=5661"},"wordCount":1610,"publisher":{"@id":"https:\/\/www.socialismoobarbarie.org\/#organization"},"image":{"@id":"https:\/\/www.socialismoobarbarie.org\/?p=5661#primaryimage"},"thumbnailUrl":"https:\/\/www.socialismoobarbarie.org\/wp-content\/uploads\/2015\/08\/150809-manifestation-kurdes-paris.jpg","keywords":["Rojava"],"articleSection":["Fran\u00e7ais"],"inLanguage":"es"},{"@type":"WebPage","@id":"https:\/\/www.socialismoobarbarie.org\/?p=5661","url":"https:\/\/www.socialismoobarbarie.org\/?p=5661","name":"Erdogan d\u00e9clare la guerre \u00e0 la population kurde et \u00e0 la gauche - Socialismo o Barbarie","isPartOf":{"@id":"https:\/\/www.socialismoobarbarie.org\/#website"},"primaryImageOfPage":{"@id":"https:\/\/www.socialismoobarbarie.org\/?p=5661#primaryimage"},"image":{"@id":"https:\/\/www.socialismoobarbarie.org\/?p=5661#primaryimage"},"thumbnailUrl":"https:\/\/www.socialismoobarbarie.org\/wp-content\/uploads\/2015\/08\/150809-manifestation-kurdes-paris.jpg","datePublished":"2015-08-05T15:56:21+00:00","dateModified":"2015-08-09T16:17:00+00:00","breadcrumb":{"@id":"https:\/\/www.socialismoobarbarie.org\/?p=5661#breadcrumb"},"inLanguage":"es","potentialAction":[{"@type":"ReadAction","target":["https:\/\/www.socialismoobarbarie.org\/?p=5661"]}]},{"@type":"ImageObject","inLanguage":"es","@id":"https:\/\/www.socialismoobarbarie.org\/?p=5661#primaryimage","url":"https:\/\/www.socialismoobarbarie.org\/wp-content\/uploads\/2015\/08\/150809-manifestation-kurdes-paris.jpg","contentUrl":"https:\/\/www.socialismoobarbarie.org\/wp-content\/uploads\/2015\/08\/150809-manifestation-kurdes-paris.jpg","width":690,"height":416},{"@type":"BreadcrumbList","@id":"https:\/\/www.socialismoobarbarie.org\/?p=5661#breadcrumb","itemListElement":[{"@type":"ListItem","position":1,"name":"Portada","item":"https:\/\/www.socialismoobarbarie.org\/"},{"@type":"ListItem","position":2,"name":"Erdogan d\u00e9clare la guerre \u00e0 la population kurde et \u00e0 la gauche"}]},{"@type":"WebSite","@id":"https:\/\/www.socialismoobarbarie.org\/#website","url":"https:\/\/www.socialismoobarbarie.org\/","name":"Socialismo o Barbarie","description":"Sitio web de la corriente internacional Socialismo o Barbarie","publisher":{"@id":"https:\/\/www.socialismoobarbarie.org\/#organization"},"potentialAction":[{"@type":"SearchAction","target":{"@type":"EntryPoint","urlTemplate":"https:\/\/www.socialismoobarbarie.org\/?s={search_term_string}"},"query-input":{"@type":"PropertyValueSpecification","valueRequired":true,"valueName":"search_term_string"}}],"inLanguage":"es"},{"@type":"Organization","@id":"https:\/\/www.socialismoobarbarie.org\/#organization","name":"Socialismo o Barbarie","url":"https:\/\/www.socialismoobarbarie.org\/","logo":{"@type":"ImageObject","inLanguage":"es","@id":"https:\/\/www.socialismoobarbarie.org\/#\/schema\/logo\/image\/","url":"https:\/\/www.socialismoobarbarie.org\/wp-content\/uploads\/2025\/02\/soblogoweb-2025.png","contentUrl":"https:\/\/www.socialismoobarbarie.org\/wp-content\/uploads\/2025\/02\/soblogoweb-2025.png","width":450,"height":161,"caption":"Socialismo o Barbarie"},"image":{"@id":"https:\/\/www.socialismoobarbarie.org\/#\/schema\/logo\/image\/"}},{"@type":"Person","@id":"https:\/\/www.socialismoobarbarie.org\/#\/schema\/person\/bc1c3b321d47ed092405949c77e35a8e","name":"SOB","url":"https:\/\/www.socialismoobarbarie.org\/?author=8"}]}},"_links":{"self":[{"href":"https:\/\/www.socialismoobarbarie.org\/index.php?rest_route=\/wp\/v2\/posts\/5661","targetHints":{"allow":["GET"]}}],"collection":[{"href":"https:\/\/www.socialismoobarbarie.org\/index.php?rest_route=\/wp\/v2\/posts"}],"about":[{"href":"https:\/\/www.socialismoobarbarie.org\/index.php?rest_route=\/wp\/v2\/types\/post"}],"author":[{"embeddable":true,"href":"https:\/\/www.socialismoobarbarie.org\/index.php?rest_route=\/wp\/v2\/users\/8"}],"replies":[{"embeddable":true,"href":"https:\/\/www.socialismoobarbarie.org\/index.php?rest_route=%2Fwp%2Fv2%2Fcomments&post=5661"}],"version-history":[{"count":1,"href":"https:\/\/www.socialismoobarbarie.org\/index.php?rest_route=\/wp\/v2\/posts\/5661\/revisions"}],"predecessor-version":[{"id":5664,"href":"https:\/\/www.socialismoobarbarie.org\/index.php?rest_route=\/wp\/v2\/posts\/5661\/revisions\/5664"}],"wp:featuredmedia":[{"embeddable":true,"href":"https:\/\/www.socialismoobarbarie.org\/index.php?rest_route=\/wp\/v2\/media\/5663"}],"wp:attachment":[{"href":"https:\/\/www.socialismoobarbarie.org\/index.php?rest_route=%2Fwp%2Fv2%2Fmedia&parent=5661"}],"wp:term":[{"taxonomy":"category","embeddable":true,"href":"https:\/\/www.socialismoobarbarie.org\/index.php?rest_route=%2Fwp%2Fv2%2Fcategories&post=5661"},{"taxonomy":"post_tag","embeddable":true,"href":"https:\/\/www.socialismoobarbarie.org\/index.php?rest_route=%2Fwp%2Fv2%2Ftags&post=5661"}],"curies":[{"name":"wp","href":"https:\/\/api.w.org\/{rel}","templated":true}]}}