{"id":6055,"date":"2015-09-10T15:03:26","date_gmt":"2015-09-10T18:03:26","guid":{"rendered":"https:\/\/www.socialismoobarbarie.org\/?p=6055"},"modified":"2019-11-20T10:40:06","modified_gmt":"2019-11-20T13:40:06","slug":"6055","status":"publish","type":"post","link":"https:\/\/www.socialismoobarbarie.org\/?p=6055","title":{"rendered":"Mucho m\u00e1s que Europa"},"content":{"rendered":"<p><b>.<\/b><\/p>\n<p style=\"text-align: left;\">Las oleadas de cientos de miles de refugiados o simples migrantes que llegan a Europa, ya no son olas sino <strong>casi un tsunami<\/strong>.<\/p>\n<p style=\"text-align: left;\">Sin embargo, todo es <strong>cuesti\u00f3n de proporciones<\/strong>. En verdad, este tsunami migratorio en territorio europeo es todav\u00eda <strong>una miniatura<\/strong> si lo comparamos con el <strong>fen\u00f3meno global <\/strong>de <strong>desplazamientos masivos<\/strong> \u2013forzados por la combinaci\u00f3n de motivos econ\u00f3micos y pol\u00edticos\u2013 que caracteriza nuestra \u00e9poca.<\/p>\n<p style=\"text-align: left;\">Ahora suenan tard\u00edamente las campanas de alarma sobre un fen\u00f3meno que en verdad viene desde mucho antes y no se reduce al sector del mundo que rodea al Mediterr\u00e1neo.<\/p>\n<p style=\"text-align: left;\">Aqu\u00ed veremos, primero, c\u00f3mo la alababa \u201cglobalizaci\u00f3n\u201d neoliberal, en lo econ\u00f3mico, combinado con diversos procesos pol\u00edticos afines, han sido la cocina infernal de las presente tragedia y de muchas otras, menos publicitadas. Es que hay una combinaci\u00f3n de causas que act\u00faan a escala global, y que tienen que ver con la configuraci\u00f3n econ\u00f3mica y pol\u00edtica del mundo \u201cpos-Muro de Berl\u00edn\u201d. Luego, en otro art\u00edculo, examinaremos en particular el caso de Europa hoy.<\/p>\n<p style=\"text-align: left;\"><strong>Globalizaci\u00f3n neoliberal: todo es \u201clibre\u201d de circular\u2026 menos los seres humanos<\/strong><\/p>\n<p style=\"text-align: left;\">La globalizaci\u00f3n neoliberal ha ido imponiendo el modelo de un capitalismo que consagra la <strong>\u201clibre circulaci\u00f3n de los capitales y la mercanc\u00edas\u201d<\/strong>.<\/p>\n<p style=\"text-align: left;\">Aunque esto no es a\u00fan total ni absoluto, ha habido un <strong>cambio cualitativo<\/strong> en relaci\u00f3n a \u00e9pocas previas en las que, por un lado, en un tercio del planeta exist\u00edan los (mal llamados) \u201cpa\u00edses socialistas\u201d y en gran parte del resto, por ejemplo, en los\u201cpa\u00edses en desarrollo\u201d, hab\u00eda una combinaci\u00f3n de pol\u00edticas de \u201csubstituci\u00f3n de importaciones\u201d y promoci\u00f3n de los mercados internos.<\/p>\n<p style=\"text-align: left;\"><strong>\u00a1Pero hoy reina al fin la \u201clibertad\u201d!<\/strong> Capitales y mercanc\u00edas pueden ir de la ceca a meca, sin mayores restricciones ni molestias. \u00a1Al fin son \u201clibres\u201d! Claro que, en contraste, <strong>los seres humanos no gozan de las mismas libertades\u2026<\/strong> sobre todo si son pobres. Y la cosa ha ido de mal en peor en ese sentido.<\/p>\n<p style=\"text-align: left;\">Por supuesto, no estamos hablando de turismo, sino de <strong>migraci\u00f3n<\/strong>. Para un mexicano pobre, hoy es much\u00edsimo m\u00e1s dif\u00edcil que hace 50 a\u00f1os ir a vivir legalmente en EEUU. Lo mismo, para un magreb\u00ed o un senegal\u00e9s sin fortuna, hacerlo en Francia.<\/p>\n<p style=\"text-align: left;\">Pero eso no ser\u00eda lo m\u00e1s grave. Lo peor es que esa \u201clibre circulaci\u00f3n de capitales y mercanc\u00edas\u201d \u2013que ha sido impuesta como una indiscutible ley de Dios o de la naturaleza\u2013 tiene consecuencias nefastas para la gran mayor\u00eda. Ha arruinado tanto al mexicano pobre, como al magreb\u00ed o al senegal\u00e9s para que no vean otra salida que irse.<\/p>\n<p style=\"text-align: left;\">En otras palabras: la \u201clibre circulaci\u00f3n de capitales y mercanc\u00edas\u201d de la globalizaci\u00f3n ha arrasado con gran parte de las estructuras productivas de esos pa\u00edses (que conforman la mayor\u00eda de la poblaci\u00f3n del planeta), sin reemplazarlas por otras capaces de ofrecer empleo y un m\u00ednimo bienestar. Esto, desde las estructuras precapitalistas hasta las modernas industrias sustitutivas de importaciones.<\/p>\n<p style=\"text-align: left;\">En ese contexto, M\u00e9xico, donde probablemente el hombre cre\u00f3 el ma\u00edz hace miles de a\u00f1os, compra a EEUU casi todo el ma\u00edz que consume, gracias al bendito Tratado de Libre Comercio.En contrapartida, las masas campesinas mexicanasest\u00e1n cada vez peor. Y en las ciudades tampoco hay salidas.La industria es ante todo maquila subsidiaria sat\u00e9lite de EEUU. Todo est\u00e1 en manos de corporaciones extranjeras y sus socios menores de la mafiosa burgues\u00eda mexicana.Y, no por casualidad, hay una cat\u00e1strofe social de miseria y desempleo, mal disimulada por la venta ambulante y otros \u201cemprendimientos\u201d de la miseria\u2026<\/p>\n<p style=\"text-align: left;\">De la creciente masa de excluidos y marginados que genera, surge la columna de desesperados que se juega la vida para pasar a EEUU, donde se sumar\u00e1n a los 11.000.000 millones de \u201cilegales\u201d que trabajan por monedas, y que en cualquier momento pueden ser capturados y deportados.<\/p>\n<p style=\"text-align: left;\">Pero no est\u00e1n solos. Desde varios pa\u00edses de Centroam\u00e9rica \u2013como Honduras y El Salvador en primer lugar\u2013 miles y miles emprenden el mismo camino en condiciones aun peores. Su ruta est\u00e1 marcada con incontables maltratos, violaciones y asesinatos.<\/p>\n<p style=\"text-align: left;\"><strong>Un problema mundial con circuitos principales\u2026 y con factores pol\u00edticos que lo agudizan hasta el colmo<\/strong><\/p>\n<p style=\"text-align: left;\">A escala mundial, hay <strong>dos circuitos principales de migraci\u00f3n masiva<\/strong>, el mencionado de Centroam\u00e9rica-M\u00e9xico-Estados Unidos y el que ahora est\u00e1 en primera plana, que converge en Europa desde el \u201cGran Medio Oriente\u201d y \u00c1frica, cruzando en distintos puntos el Mediterr\u00e1neo. Y posiblemente m\u00e1s, si contabilizamos algunos circutos de Asia que no van a esos centros del capitalismo mundial.<\/p>\n<figure id=\"attachment_6061\" aria-describedby=\"caption-attachment-6061\" style=\"width: 615px\" class=\"wp-caption aligncenter\"><a href=\"https:\/\/www.socialismoobarbarie.org\/wp-content\/uploads\/2015\/09\/150910-rutas-migrantes-615x665.jpg\"><img loading=\"lazy\" decoding=\"async\" class=\"size-full wp-image-6061\" src=\"https:\/\/www.socialismoobarbarie.org\/wp-content\/uploads\/2015\/09\/150910-rutas-migrantes-615x665.jpg\" alt=\"Rutas de los migrantes a Europa. Hoy la m\u00e1s nutrida es que la viene de Turqu\u00eda, para atravesar Grecia y los Balcanes. \" width=\"615\" height=\"665\" srcset=\"https:\/\/www.socialismoobarbarie.org\/wp-content\/uploads\/2015\/09\/150910-rutas-migrantes-615x665.jpg 615w, https:\/\/www.socialismoobarbarie.org\/wp-content\/uploads\/2015\/09\/150910-rutas-migrantes-615x665-203x220.jpg 203w, https:\/\/www.socialismoobarbarie.org\/wp-content\/uploads\/2015\/09\/150910-rutas-migrantes-615x665-323x350.jpg 323w\" sizes=\"auto, (max-width: 615px) 100vw, 615px\" \/><\/a><figcaption id=\"caption-attachment-6061\" class=\"wp-caption-text\">Rutas de los migrantes a Europa. Hoy la m\u00e1s nutrida es la que viene de Turqu\u00eda, para atravesar Grecia y los Balcanes.<\/figcaption><\/figure>\n<p style=\"text-align: left;\">Antes de hablar de la ola migratoria que sacude a Europa citamos el caso de la ruta Centroam\u00e9rica-M\u00e9xico-Estados Unidos, precisamente para subrayar que estamos ante un problema <strong>mundial<\/strong> y <strong>estructural<\/strong>&#8230; aunque, por supuesto,\u00e9ste se combina con <strong>agravantes pol\u00edticos de distintas naturalezas<\/strong> seg\u00fan los casos. En el de la guerra de Siria, hoy esto llega al colmo. Sin embargo, en otros casos aparentemente menos \u201cextremos\u201d, el <strong>componente pol\u00edtico<\/strong> tampoco est\u00e1 ausente.<\/p>\n<p style=\"text-align: left;\">Y este componente pol\u00edtico, implica tambi\u00e9n <strong>responsabilidades pol\u00edticas<\/strong>, que recaen \u2013directa o indirectamente\u2013 en las mismas potencias imperialistas que impusieron la \u201cglobalizaci\u00f3n\u201d, y que salieron ganando con la \u201clibre circulaci\u00f3n de capitales y mercanc\u00edas\u201d\u2026 y\u00a0<strong>con los muros<\/strong> para que no circulen libremente los seres humanos.<\/p>\n<p style=\"text-align: left;\">\u00bfEs que acaso las actuales guerras de Siria, de Irak y tambi\u00e9n de Afganist\u00e1n se hubiesen producido sin las intervenciones militares imperialistasde la d\u00e9cada pasada?<\/p>\n<p style=\"text-align: left;\">\u00bfNo ha sido acaso la pol\u00edtica expresa de EEUU \u2013por ejemplo, en Irak\u2013 promover los enfrentamientos sectario-religiosos chi\u00edtas versus sunnitas (y tantos otros), para mejor dominar a todos? \u00a1Sin la invasi\u00f3n y ocupaci\u00f3n occidental iniciada por Bush con la guerra de Irak, jam\u00e1s hubiese surgido monstruos como el \u201cEstado Isl\u00e1mico\u201d, en sociedades que con todas sus contradicciones ya hab\u00edan logrado un amplio avance laico!<\/p>\n<p style=\"text-align: left;\">\u00bfLa inicial rebeli\u00f3n democr\u00e1tica en Siria, no fue liquidada mediante una militarizaci\u00f3n en que los socios menores de EEUU y Europa (como Turqu\u00eda, Arabia saudita, Qatar, etc.) sostuvieron a todo tipo de sectas islamistas, una m\u00e1s b\u00e1rbara que la otra\u2026, hasta que a todas las super\u00f3 en barbarie el Estado Isl\u00e1mico?<\/p>\n<p style=\"text-align: left;\">Y la \u201csoluci\u00f3n final\u201d la da ahora Hollande, el presidente \u201csocialista\u201d del imperialismo franc\u00e9s. Para que no vengan m\u00e1s refugiados \u2013sostiene\u2013 hay que <strong>redoblar los bombardeos en Siria!!!<\/strong><\/p>\n<p style=\"text-align: left;\">Pero Siria no es el \u00fanico proveedor de migrantes. Ahora llegan hasta de Afganist\u00e1n, a pesar de la distancia.Tambi\u00e9n vienen de Etiop\u00eda, aunque all\u00ed no hay guerra. Escapan no s\u00f3lo de la miseria sino tambi\u00e9n de su r\u00e9gimen brutalmente autoritario\u2026 Claro que de eso no se habla. Es que Obama acaba de viajar en julio pasado a Ad\u00eds Abeba para absolver de sus pecados al presidente Teshome y al primer ministro Desalegn.<\/p>\n<p style=\"text-align: left;\">Y ya est\u00e1 en marcha otro probable volc\u00e1n de refugiados. Con apoyo de EEUU, sus amigos, Arabia saudita y las petro-monarqu\u00edas del Golfo, llevan adelante una guerra de exterminio en Yemen. Han ido arrasando la capital con aviones y bombas proporcionado por EEUU y la UE, masacrando a la poblaci\u00f3n indefensa y destruyendo edificios no menos hist\u00f3ricos que los templos de Palmira, volados por el Estado Isl\u00e1mico.<\/p>\n<p style=\"text-align: left;\">Por \u00faltimo, un detalle no menor. Las monarqu\u00edas billonarias del Golfo han sido los <strong>colaboradores hist\u00f3ricos de EEUU y los imperialismos europeos<\/strong> en Medio Oriente. Tienen <strong>responsabilidad directa<\/strong> en las guerras que alimentan la actual ola de migrantes, en especial la de Siria. Pero, hasta ahora,<strong>no han recibido un solo refugiado<\/strong>\u2026 ni dan la menor se\u00f1al de interesarse por ellos, aunque se trata, adem\u00e1s, en su mayor\u00eda de musulmanes.<\/p>\n<p style=\"text-align: left;\">\u201cSeg\u00fan datos del Alto Comisionado de la ONU para los Refugiados (ACNUR), Turqu\u00eda alberga a 1,9 millones de sirios, el L\u00edbano a 1,1 millones, Jordania a 629.000, Irak a 249.000 y Egipto a casi 133.000. Para estos pa\u00edses, algunos con serias dificultades econ\u00f3micas, acoger a tantos refugiados supone un esfuerzo que los gobiernos \u00e1rabes del Golfo P\u00e9rsico han eludido. Un informe de la Amnist\u00eda Internacional se\u00f1ala que \u00abseis pa\u00edses del Golfo \u2013Catar, Emiratos \u00c1rabes Unidos (EAU), Arabia Saudita, Kuwait, Om\u00e1n y Bar\u00e9in\u2013, han ofrecido <strong>cero plazas de acogida<\/strong> a los refugiados sirios\u00bb.\u201d (Agence France-Press, 07\/09\/2015)<\/p>\n<p style=\"text-align: left;\">No ofrecen refugio ni mucho menos puestos de trabajo. Es que \u201cla mayor\u00eda de los estados del Golfo se nutren de trabajadores extranjeros del sureste asi\u00e1tico como mano de obra no cualificada y que sufren abusos brutales\u201d(cit.).<\/p>\n<p style=\"text-align: left;\"><strong>\u00a1Por los plenos derechos de migrantes y refugiados!<\/strong><\/p>\n<p style=\"text-align: left;\">La ola de refugiados y migrantes \u201cilegales\u201d que desembarca en Europa no es un fen\u00f3meno \u201cexcepcional\u201d. Expresa el estallido de una gran contradicci\u00f3n\u2026 que muy probablemente vaya en crecimiento.<\/p>\n<p style=\"text-align: left;\">Por lado, un capitalismo globalizado, que <strong>tiene la mayor libertad para ir de una punta a otra del planeta<\/strong> explotando a los trabajadores de la ciudad y del campo, saqueando las riquezas naturales y castigando a un pa\u00eds tras otro con guerras y dictaduras\u2026<\/p>\n<p style=\"text-align: left;\">Por el otro, las masas trabajadoras y populares, que <strong>no tienen libertad de traspasar una frontera<\/strong>, aunque se van arrojadas a la miseria y muchas veces a las atrocidades de las dictaduras y las guerras.<\/p>\n<p style=\"text-align: left;\">\u00a1La lucha por los <strong>plenos derechos de los migrantes y refugiados<\/strong>, se ha puesto al orden del d\u00eda!<\/p>\n","protected":false},"excerpt":{"rendered":"<p>. Las oleadas de cientos de miles de refugiados o simples migrantes que llegan a Europa, ya no son olas sino casi un tsunami. Sin embargo, todo es cuesti\u00f3n de proporciones. En verdad, este tsunami migratorio en territorio europeo es todav\u00eda una miniatura si lo comparamos con el fen\u00f3meno global de desplazamientos masivos \u2013forzados por [&hellip;]<\/p>\n","protected":false},"author":8,"featured_media":6060,"comment_status":"closed","ping_status":"closed","sticky":false,"template":"","format":"standard","meta":{"footnotes":""},"categories":[1690],"tags":[165],"class_list":{"0":"post-6055","1":"post","2":"type-post","3":"status-publish","4":"format-standard","5":"has-post-thumbnail","7":"category-europa","8":"tag-claudio-testa"},"yoast_head":"<!-- This site is optimized with the Yoast SEO plugin v28.2 - https:\/\/yoast.com\/product\/yoast-seo-wordpress\/ -->\n<title>Mucho m\u00e1s que Europa - Socialismo o Barbarie<\/title>\n<meta name=\"robots\" content=\"index, follow, max-snippet:-1, max-image-preview:large, max-video-preview:-1\" \/>\n<link rel=\"canonical\" href=\"https:\/\/www.socialismoobarbarie.org\/?p=6055\" \/>\n<meta property=\"og:locale\" content=\"es_ES\" \/>\n<meta property=\"og:type\" content=\"article\" \/>\n<meta property=\"og:title\" content=\"Mucho m\u00e1s que Europa - Socialismo o Barbarie\" \/>\n<meta property=\"og:description\" content=\". Las oleadas de cientos de miles de refugiados o simples migrantes que llegan a Europa, ya no son olas sino casi un tsunami. Sin embargo, todo es cuesti\u00f3n de proporciones. En verdad, este tsunami migratorio en territorio europeo es todav\u00eda una miniatura si lo comparamos con el fen\u00f3meno global de desplazamientos masivos \u2013forzados por [&hellip;]\" \/>\n<meta property=\"og:url\" content=\"https:\/\/www.socialismoobarbarie.org\/?p=6055\" \/>\n<meta property=\"og:site_name\" content=\"Socialismo o Barbarie\" \/>\n<meta property=\"article:published_time\" content=\"2015-09-10T18:03:26+00:00\" \/>\n<meta property=\"article:modified_time\" content=\"2019-11-20T13:40:06+00:00\" \/>\n<meta property=\"og:image\" content=\"https:\/\/www.socialismoobarbarie.org\/wp-content\/uploads\/2015\/09\/150910-crisis-migracion-04-macedonia-refugiado-sirio-690x403.jpg\" \/>\n\t<meta property=\"og:image:width\" content=\"690\" \/>\n\t<meta property=\"og:image:height\" content=\"403\" \/>\n\t<meta property=\"og:image:type\" content=\"image\/jpeg\" \/>\n<meta name=\"author\" content=\"SOB\" \/>\n<meta name=\"twitter:card\" content=\"summary_large_image\" \/>\n<meta name=\"twitter:label1\" content=\"Escrito por\" \/>\n\t<meta name=\"twitter:data1\" content=\"SOB\" \/>\n\t<meta name=\"twitter:label2\" content=\"Tiempo de lectura\" \/>\n\t<meta name=\"twitter:data2\" content=\"8 minutos\" \/>\n<script type=\"application\/ld+json\" class=\"yoast-schema-graph\">{\"@context\":\"https:\\\/\\\/schema.org\",\"@graph\":[{\"@type\":\"Article\",\"@id\":\"https:\\\/\\\/www.socialismoobarbarie.org\\\/?p=6055#article\",\"isPartOf\":{\"@id\":\"https:\\\/\\\/www.socialismoobarbarie.org\\\/?p=6055\"},\"author\":{\"name\":\"SOB\",\"@id\":\"https:\\\/\\\/www.socialismoobarbarie.org\\\/#\\\/schema\\\/person\\\/bc1c3b321d47ed092405949c77e35a8e\"},\"headline\":\"Mucho m\u00e1s que Europa\",\"datePublished\":\"2015-09-10T18:03:26+00:00\",\"dateModified\":\"2019-11-20T13:40:06+00:00\",\"mainEntityOfPage\":{\"@id\":\"https:\\\/\\\/www.socialismoobarbarie.org\\\/?p=6055\"},\"wordCount\":1660,\"publisher\":{\"@id\":\"https:\\\/\\\/www.socialismoobarbarie.org\\\/#organization\"},\"image\":{\"@id\":\"https:\\\/\\\/www.socialismoobarbarie.org\\\/?p=6055#primaryimage\"},\"thumbnailUrl\":\"https:\\\/\\\/www.socialismoobarbarie.org\\\/wp-content\\\/uploads\\\/2015\\\/09\\\/150910-crisis-migracion-04-macedonia-refugiado-sirio-690x403.jpg\",\"keywords\":[\"Claudio Testa\"],\"articleSection\":[\"Europa\"],\"inLanguage\":\"es\"},{\"@type\":\"WebPage\",\"@id\":\"https:\\\/\\\/www.socialismoobarbarie.org\\\/?p=6055\",\"url\":\"https:\\\/\\\/www.socialismoobarbarie.org\\\/?p=6055\",\"name\":\"Mucho m\u00e1s que Europa - Socialismo o Barbarie\",\"isPartOf\":{\"@id\":\"https:\\\/\\\/www.socialismoobarbarie.org\\\/#website\"},\"primaryImageOfPage\":{\"@id\":\"https:\\\/\\\/www.socialismoobarbarie.org\\\/?p=6055#primaryimage\"},\"image\":{\"@id\":\"https:\\\/\\\/www.socialismoobarbarie.org\\\/?p=6055#primaryimage\"},\"thumbnailUrl\":\"https:\\\/\\\/www.socialismoobarbarie.org\\\/wp-content\\\/uploads\\\/2015\\\/09\\\/150910-crisis-migracion-04-macedonia-refugiado-sirio-690x403.jpg\",\"datePublished\":\"2015-09-10T18:03:26+00:00\",\"dateModified\":\"2019-11-20T13:40:06+00:00\",\"breadcrumb\":{\"@id\":\"https:\\\/\\\/www.socialismoobarbarie.org\\\/?p=6055#breadcrumb\"},\"inLanguage\":\"es\",\"potentialAction\":[{\"@type\":\"ReadAction\",\"target\":[\"https:\\\/\\\/www.socialismoobarbarie.org\\\/?p=6055\"]}]},{\"@type\":\"ImageObject\",\"inLanguage\":\"es\",\"@id\":\"https:\\\/\\\/www.socialismoobarbarie.org\\\/?p=6055#primaryimage\",\"url\":\"https:\\\/\\\/www.socialismoobarbarie.org\\\/wp-content\\\/uploads\\\/2015\\\/09\\\/150910-crisis-migracion-04-macedonia-refugiado-sirio-690x403.jpg\",\"contentUrl\":\"https:\\\/\\\/www.socialismoobarbarie.org\\\/wp-content\\\/uploads\\\/2015\\\/09\\\/150910-crisis-migracion-04-macedonia-refugiado-sirio-690x403.jpg\",\"width\":690,\"height\":403},{\"@type\":\"BreadcrumbList\",\"@id\":\"https:\\\/\\\/www.socialismoobarbarie.org\\\/?p=6055#breadcrumb\",\"itemListElement\":[{\"@type\":\"ListItem\",\"position\":1,\"name\":\"Portada\",\"item\":\"https:\\\/\\\/www.socialismoobarbarie.org\\\/\"},{\"@type\":\"ListItem\",\"position\":2,\"name\":\"Mucho m\u00e1s que Europa\"}]},{\"@type\":\"WebSite\",\"@id\":\"https:\\\/\\\/www.socialismoobarbarie.org\\\/#website\",\"url\":\"https:\\\/\\\/www.socialismoobarbarie.org\\\/\",\"name\":\"Socialismo o Barbarie\",\"description\":\"Sitio web de la corriente internacional Socialismo o Barbarie\",\"publisher\":{\"@id\":\"https:\\\/\\\/www.socialismoobarbarie.org\\\/#organization\"},\"potentialAction\":[{\"@type\":\"SearchAction\",\"target\":{\"@type\":\"EntryPoint\",\"urlTemplate\":\"https:\\\/\\\/www.socialismoobarbarie.org\\\/?s={search_term_string}\"},\"query-input\":{\"@type\":\"PropertyValueSpecification\",\"valueRequired\":true,\"valueName\":\"search_term_string\"}}],\"inLanguage\":\"es\"},{\"@type\":\"Organization\",\"@id\":\"https:\\\/\\\/www.socialismoobarbarie.org\\\/#organization\",\"name\":\"Socialismo o Barbarie\",\"url\":\"https:\\\/\\\/www.socialismoobarbarie.org\\\/\",\"logo\":{\"@type\":\"ImageObject\",\"inLanguage\":\"es\",\"@id\":\"https:\\\/\\\/www.socialismoobarbarie.org\\\/#\\\/schema\\\/logo\\\/image\\\/\",\"url\":\"https:\\\/\\\/www.socialismoobarbarie.org\\\/wp-content\\\/uploads\\\/2025\\\/02\\\/soblogoweb-2025.png\",\"contentUrl\":\"https:\\\/\\\/www.socialismoobarbarie.org\\\/wp-content\\\/uploads\\\/2025\\\/02\\\/soblogoweb-2025.png\",\"width\":450,\"height\":161,\"caption\":\"Socialismo o Barbarie\"},\"image\":{\"@id\":\"https:\\\/\\\/www.socialismoobarbarie.org\\\/#\\\/schema\\\/logo\\\/image\\\/\"}},{\"@type\":\"Person\",\"@id\":\"https:\\\/\\\/www.socialismoobarbarie.org\\\/#\\\/schema\\\/person\\\/bc1c3b321d47ed092405949c77e35a8e\",\"name\":\"SOB\",\"url\":\"https:\\\/\\\/www.socialismoobarbarie.org\\\/?author=8\"}]}<\/script>\n<!-- \/ Yoast SEO plugin. -->","yoast_head_json":{"title":"Mucho m\u00e1s que Europa - Socialismo o Barbarie","robots":{"index":"index","follow":"follow","max-snippet":"max-snippet:-1","max-image-preview":"max-image-preview:large","max-video-preview":"max-video-preview:-1"},"canonical":"https:\/\/www.socialismoobarbarie.org\/?p=6055","og_locale":"es_ES","og_type":"article","og_title":"Mucho m\u00e1s que Europa - Socialismo o Barbarie","og_description":". Las oleadas de cientos de miles de refugiados o simples migrantes que llegan a Europa, ya no son olas sino casi un tsunami. Sin embargo, todo es cuesti\u00f3n de proporciones. En verdad, este tsunami migratorio en territorio europeo es todav\u00eda una miniatura si lo comparamos con el fen\u00f3meno global de desplazamientos masivos \u2013forzados por [&hellip;]","og_url":"https:\/\/www.socialismoobarbarie.org\/?p=6055","og_site_name":"Socialismo o Barbarie","article_published_time":"2015-09-10T18:03:26+00:00","article_modified_time":"2019-11-20T13:40:06+00:00","og_image":[{"width":690,"height":403,"url":"https:\/\/www.socialismoobarbarie.org\/wp-content\/uploads\/2015\/09\/150910-crisis-migracion-04-macedonia-refugiado-sirio-690x403.jpg","type":"image\/jpeg"}],"author":"SOB","twitter_card":"summary_large_image","twitter_misc":{"Escrito por":"SOB","Tiempo de lectura":"8 minutos"},"schema":{"@context":"https:\/\/schema.org","@graph":[{"@type":"Article","@id":"https:\/\/www.socialismoobarbarie.org\/?p=6055#article","isPartOf":{"@id":"https:\/\/www.socialismoobarbarie.org\/?p=6055"},"author":{"name":"SOB","@id":"https:\/\/www.socialismoobarbarie.org\/#\/schema\/person\/bc1c3b321d47ed092405949c77e35a8e"},"headline":"Mucho m\u00e1s que Europa","datePublished":"2015-09-10T18:03:26+00:00","dateModified":"2019-11-20T13:40:06+00:00","mainEntityOfPage":{"@id":"https:\/\/www.socialismoobarbarie.org\/?p=6055"},"wordCount":1660,"publisher":{"@id":"https:\/\/www.socialismoobarbarie.org\/#organization"},"image":{"@id":"https:\/\/www.socialismoobarbarie.org\/?p=6055#primaryimage"},"thumbnailUrl":"https:\/\/www.socialismoobarbarie.org\/wp-content\/uploads\/2015\/09\/150910-crisis-migracion-04-macedonia-refugiado-sirio-690x403.jpg","keywords":["Claudio Testa"],"articleSection":["Europa"],"inLanguage":"es"},{"@type":"WebPage","@id":"https:\/\/www.socialismoobarbarie.org\/?p=6055","url":"https:\/\/www.socialismoobarbarie.org\/?p=6055","name":"Mucho m\u00e1s que Europa - Socialismo o Barbarie","isPartOf":{"@id":"https:\/\/www.socialismoobarbarie.org\/#website"},"primaryImageOfPage":{"@id":"https:\/\/www.socialismoobarbarie.org\/?p=6055#primaryimage"},"image":{"@id":"https:\/\/www.socialismoobarbarie.org\/?p=6055#primaryimage"},"thumbnailUrl":"https:\/\/www.socialismoobarbarie.org\/wp-content\/uploads\/2015\/09\/150910-crisis-migracion-04-macedonia-refugiado-sirio-690x403.jpg","datePublished":"2015-09-10T18:03:26+00:00","dateModified":"2019-11-20T13:40:06+00:00","breadcrumb":{"@id":"https:\/\/www.socialismoobarbarie.org\/?p=6055#breadcrumb"},"inLanguage":"es","potentialAction":[{"@type":"ReadAction","target":["https:\/\/www.socialismoobarbarie.org\/?p=6055"]}]},{"@type":"ImageObject","inLanguage":"es","@id":"https:\/\/www.socialismoobarbarie.org\/?p=6055#primaryimage","url":"https:\/\/www.socialismoobarbarie.org\/wp-content\/uploads\/2015\/09\/150910-crisis-migracion-04-macedonia-refugiado-sirio-690x403.jpg","contentUrl":"https:\/\/www.socialismoobarbarie.org\/wp-content\/uploads\/2015\/09\/150910-crisis-migracion-04-macedonia-refugiado-sirio-690x403.jpg","width":690,"height":403},{"@type":"BreadcrumbList","@id":"https:\/\/www.socialismoobarbarie.org\/?p=6055#breadcrumb","itemListElement":[{"@type":"ListItem","position":1,"name":"Portada","item":"https:\/\/www.socialismoobarbarie.org\/"},{"@type":"ListItem","position":2,"name":"Mucho m\u00e1s que Europa"}]},{"@type":"WebSite","@id":"https:\/\/www.socialismoobarbarie.org\/#website","url":"https:\/\/www.socialismoobarbarie.org\/","name":"Socialismo o Barbarie","description":"Sitio web de la corriente internacional Socialismo o Barbarie","publisher":{"@id":"https:\/\/www.socialismoobarbarie.org\/#organization"},"potentialAction":[{"@type":"SearchAction","target":{"@type":"EntryPoint","urlTemplate":"https:\/\/www.socialismoobarbarie.org\/?s={search_term_string}"},"query-input":{"@type":"PropertyValueSpecification","valueRequired":true,"valueName":"search_term_string"}}],"inLanguage":"es"},{"@type":"Organization","@id":"https:\/\/www.socialismoobarbarie.org\/#organization","name":"Socialismo o Barbarie","url":"https:\/\/www.socialismoobarbarie.org\/","logo":{"@type":"ImageObject","inLanguage":"es","@id":"https:\/\/www.socialismoobarbarie.org\/#\/schema\/logo\/image\/","url":"https:\/\/www.socialismoobarbarie.org\/wp-content\/uploads\/2025\/02\/soblogoweb-2025.png","contentUrl":"https:\/\/www.socialismoobarbarie.org\/wp-content\/uploads\/2025\/02\/soblogoweb-2025.png","width":450,"height":161,"caption":"Socialismo o Barbarie"},"image":{"@id":"https:\/\/www.socialismoobarbarie.org\/#\/schema\/logo\/image\/"}},{"@type":"Person","@id":"https:\/\/www.socialismoobarbarie.org\/#\/schema\/person\/bc1c3b321d47ed092405949c77e35a8e","name":"SOB","url":"https:\/\/www.socialismoobarbarie.org\/?author=8"}]}},"_links":{"self":[{"href":"https:\/\/www.socialismoobarbarie.org\/index.php?rest_route=\/wp\/v2\/posts\/6055","targetHints":{"allow":["GET"]}}],"collection":[{"href":"https:\/\/www.socialismoobarbarie.org\/index.php?rest_route=\/wp\/v2\/posts"}],"about":[{"href":"https:\/\/www.socialismoobarbarie.org\/index.php?rest_route=\/wp\/v2\/types\/post"}],"author":[{"embeddable":true,"href":"https:\/\/www.socialismoobarbarie.org\/index.php?rest_route=\/wp\/v2\/users\/8"}],"replies":[{"embeddable":true,"href":"https:\/\/www.socialismoobarbarie.org\/index.php?rest_route=%2Fwp%2Fv2%2Fcomments&post=6055"}],"version-history":[{"count":6,"href":"https:\/\/www.socialismoobarbarie.org\/index.php?rest_route=\/wp\/v2\/posts\/6055\/revisions"}],"predecessor-version":[{"id":6063,"href":"https:\/\/www.socialismoobarbarie.org\/index.php?rest_route=\/wp\/v2\/posts\/6055\/revisions\/6063"}],"wp:featuredmedia":[{"embeddable":true,"href":"https:\/\/www.socialismoobarbarie.org\/index.php?rest_route=\/wp\/v2\/media\/6060"}],"wp:attachment":[{"href":"https:\/\/www.socialismoobarbarie.org\/index.php?rest_route=%2Fwp%2Fv2%2Fmedia&parent=6055"}],"wp:term":[{"taxonomy":"category","embeddable":true,"href":"https:\/\/www.socialismoobarbarie.org\/index.php?rest_route=%2Fwp%2Fv2%2Fcategories&post=6055"},{"taxonomy":"post_tag","embeddable":true,"href":"https:\/\/www.socialismoobarbarie.org\/index.php?rest_route=%2Fwp%2Fv2%2Ftags&post=6055"}],"curies":[{"name":"wp","href":"https:\/\/api.w.org\/{rel}","templated":true}]}}