{"id":6346,"date":"2015-10-01T18:48:41","date_gmt":"2015-10-01T21:48:41","guid":{"rendered":"https:\/\/www.socialismoobarbarie.org\/?p=6346"},"modified":"2019-11-19T23:07:57","modified_gmt":"2019-11-20T02:07:57","slug":"trabajadores-burocracia-e-izquierda-frente-al-ajuste-que-viene","status":"publish","type":"post","link":"https:\/\/www.socialismoobarbarie.org\/?p=6346","title":{"rendered":"Trabajadores, burocracia e izquierda frente al ajuste que viene"},"content":{"rendered":"<h1><strong>Con la mirada puesta en el 2016<\/strong><\/h1>\n<p><strong><em>\u201cSi hay ajuste, los platos rotos los pagar\u00e1n los trabajadores, pero tambi\u00e9n la dirigencia que avale al pr\u00f3ximo presidente. La \u2018zurda loca\u2019, como llamaba al trotskismo el metal\u00fargico Bel\u00e9n, hace ese c\u00e1lculo de lo m\u00e1s cuerdo\u201d<\/em><\/strong> (\u201cEl ajuste y el favor de los sindicalistas\u201d, Ricardo C\u00e1rpena, Clar\u00edn, 28-9-15).<\/p>\n<p>Uno de los interrogantes para el pr\u00f3ximo gobierno ser\u00e1 la respuesta de los trabajadores frente a las medidas que tome.<\/p>\n<p>Ocurre que, cada d\u00eda que pasa, la escalada del d\u00f3lar paralelo y el deterioro econ\u00f3mico general adelantan que algunas medidas de ajuste se deber\u00e1n tomar. Scioli ha dejado trascender que, eventualmente, la aplicaci\u00f3n de las medidas deber\u00e1 ser menos \u201cgradual\u201d de lo que se esperaba.<\/p>\n<p>Este interrogante ha llevado al centro de la escena a la direcci\u00f3n sindical tradicional, la que ha demostrado un comportamiento perfecto durante la \u201ctemporada electoral\u201d: <strong>se ha ausentado totalmente del escenario a la espera de que surjan las nuevas autoridades. <\/strong><\/p>\n<p><strong>Haciendo buena letra<\/strong><\/p>\n<p>Como venimos se\u00f1alado, la burocracia en sus cinco vertientes (tres CGT\u2019s y dos CTA\u2019s) se ha mostrado durante el a\u00f1o electoral con un comportamiento acorde a lo que la patronal espera de ella: <strong>como factor de estabilidad. <\/strong><\/p>\n<p>Es cierto que en la primera mitad del a\u00f1o, cuando todav\u00eda los \u201cmotores electorales\u201d no estaban a pleno, Moyano, Barrionuevo y Micheli convocaron a dos paros generales; estos se caracterizaron, de todos modos, por su car\u00e1cter \u201cdominguero\u201d y no tuvieron continuidad (a pesar de que no obtuvieron lo reclamado: la eliminaci\u00f3n del impuesto al trabajo y mayores aumentos en paritarias).<\/p>\n<p>Pero con la carrera presidencial a pleno se llamaron a un <strong>cauto silencio<\/strong>. La idea \u201cnaturalizada\u201d es que los sindicatos \u201cno deben meterse\u201d cuando se trata de elegir las autoridades del pa\u00eds; ellos se ocupan de las relaciones <strong>econ\u00f3micas <\/strong>entre obreros y patrones, y dejan que los asuntos <strong>pol\u00edticos<\/strong> se resuelvan por sus \u201ccanales habituales\u201d: las elecciones.<\/p>\n<p>Una coartada fant\u00e1stica que refuerza la idea de que los trabajadores no deben tener ni arte ni parte en los asuntos generales \u2013es decir, en los asuntos pol\u00edticos del gobierno del pa\u00eds\u2013, que de eso se ocupan los que est\u00e1n llamados a tal asunto: <strong>los pol\u00edticos patronales. <\/strong><\/p>\n<p>Pero a no confundirse: los sindicalistas no est\u00e1n inactivos; nada de eso. Tras bambalinas crece la discusi\u00f3n (en el seno de las expresiones de la CGT) acerca de que ser\u00eda hora de \u201cunificar\u201d al movimiento obrero. Obvio que cuando hablan de este tipo de \u201cunificaci\u00f3n\u201d no se est\u00e1n refiriendo a la base trabajadora, <strong>sino a la inconveniencia de seguir separados los dirigentes frente al nuevo gobierno. <\/strong><\/p>\n<p>Las razones que empujan para el lado de una <strong>unificaci\u00f3n<\/strong> (se concrete o no) son b\u00e1sicamente dos. La primera, el duro trabajo que les espera (en aras de la estabilidad del nuevo gobierno) <strong>avalando medidas de ajuste econ\u00f3mico que no caer\u00e1n simp\u00e1ticas en la base trabajadora.<\/strong><\/p>\n<p>Un frente unido de todos los sindicalistas ayudar\u00eda a <strong>legitimar <\/strong>la aplicaci\u00f3n de dichas medidas. Y tambi\u00e9n les servir\u00eda para obtener algo a cambio: <strong>alg\u00fan tipo de \u201cconcesi\u00f3n\u201d a sus aparatos sindicales. <\/strong><\/p>\n<p>A estos efectos se est\u00e1 hablando, en el caso de ganar Scioli (el escenario m\u00e1s probable), de la eventualidad de un \u201cpacto social\u201d que establezca \u201cpautas\u201d en materia de salarios, inflaci\u00f3n, inversiones, productividad, etc\u00e9tera; es decir, <strong>que legitime bajo la forma de un \u201cacuerdo entre empresarios y trabajadores\u201d la aplicaci\u00f3n de duras medidas. <\/strong><\/p>\n<p>Un pacto as\u00ed siempre es muy complejo de suscribir, porque invariablemente apunta a beneficiar a los patrones: de ah\u00ed la renuencia de los dirigentes a firmarlo, para no quedar en evidencia. De todas maneras, la unificaci\u00f3n de la CGT facilitar\u00eda un acuerdo as\u00ed, permiti\u00e9ndole hacer causa com\u00fan para obtener algo a cambio, as\u00ed como para legitimarlo frente a la base.<\/p>\n<p>Y es precisamente por ese lado donde viene la segunda raz\u00f3n de una posible unificaci\u00f3n: fortalecerse frente a la base y, sobre todo,<strong> frente a la vanguardia y la izquierda que en los \u00faltimos a\u00f1os le viene disputando importantes lugares de trabajo. <\/strong><\/p>\n<p><strong>La crisis del \u201cmodelo sindical\u201d <\/strong><\/p>\n<p>En todo caso, el \u201cmundo pol\u00edtico\u201d recuerda hoy el papel <strong>estrat\u00e9gico<\/strong> que cumpli\u00f3 Moyano a comienzos del gobierno de N\u00e9stor Kirchner en el 2003; incluso c\u00f3mo durante las jornadas del 19 y 20 de diciembre (en conjunto con V\u00edctor De Gennaro) cumpli\u00f3 el papel de \u201cestabilizador\u201d de la situaci\u00f3n inhibi\u00e9ndose de llamar a medidas de lucha.<\/p>\n<p>En aquella oportunidad el camionero pudo exhibir como conquista el retorno de las paritarias, mecanismo que si bien hace a una institucionalizaci\u00f3n conservadora de los reclamos, al mismo tiempo permite una discusi\u00f3n centralizada (lo que es un avance respecto de la negociaci\u00f3n lugar por lugar, mecanismo de atomizaci\u00f3n caracter\u00edstico de la dictadura militar, y que Menem repuso en los \u201890).<\/p>\n<p>Nadie sabe qu\u00e9 \u201cconquista\u201d podr\u00edan conceder ahora Scioli o Macri, los que deber\u00e1n debutar aplicando un duro ajuste econ\u00f3mico (salvo que decidieran tomar medidas contra los empresarios, que obviamente no es el caso).<\/p>\n<p>De todas maneras, el papel que vaya a cumplir la burocracia es una de las variables en juego bajo el pr\u00f3ximo gobierno; la otra, de igual o mayor importancia, <strong>tendr\u00e1 que ver con el papel que cumplan en la resistencia obrera frente al ajuste las direcciones independientes. <\/strong><\/p>\n<p>Aqu\u00ed tambi\u00e9n hay varios factores en juego. M\u00e1s all\u00e1 de la vanguardia, ata\u00f1e a las relaciones de fuerzas obrero-patronales en su conjunto. La clase trabajadora obtuvo un conjunto de <strong>conquistas <\/strong>que no le ser\u00e1 f\u00e1cil al pr\u00f3ximo gobierno <strong>arrebatarle<\/strong>; conquistas que ser\u00eda fundamental para la patronal liquidar o, al menos, circunscribir, esto para que la Argentina se transforme en aquel \u201cpa\u00eds normal\u201d con el que so\u00f1aba N\u00e9stor Kirchner.<\/p>\n<p>Ocurre que los trabajadores argentinos no est\u00e1n derrotados, m\u00e1s bien lo contrario. Aunque no se han logrado recuperar las experiencias estrat\u00e9gicas de los a\u00f1os \u201870, ni tampoco se vive un proceso de radicalizaci\u00f3n y politizaci\u00f3n en su seno, las filas de los trabajadores se han <strong>engrosado<\/strong> en la \u00faltima d\u00e9cada (lleg\u00e1ndose a una situaci\u00f3n de casi \u201cpleno empleo\u201d), al tiempo que se ha hecho un aprendizaje alrededor de m\u00e9todos de lucha heredados del Argentinazo: huelgas, cortes de ruta, escraches, movilizaciones, bloqueos en puerta de f\u00e1brica e incluso, aunque mucho m\u00e1s incipientemente, ocupaciones de f\u00e1brica.<\/p>\n<p>Las filas obreras se han recuperado y, si bien campea la fragmentaci\u00f3n en las condiciones de contrataci\u00f3n y no se vive un ascenso de las luchas,<strong> hay una acumulaci\u00f3n de experiencias cuyo valor ser\u00eda un error desmerecer. <\/strong><\/p>\n<p>Esto nos lleva a un elemento m\u00e1s: al proceso de recomposici\u00f3n que se vive en la amplia vanguardia obrera. Atenci\u00f3n: los d\u00e9ficits de este proceso, sus carencias, hacen que a nivel de gremios de conjunto <strong>la burocracia siga ostentando el monopolio de la representaci\u00f3n. <\/strong><\/p>\n<p>De ah\u00ed que, adem\u00e1s, a ninguna de las vertientes de la CGT le interese escuchar palabra acerca de \u201ccambios en el modelo sindical\u201d: podr\u00e1 estar dividida a nivel \u201cconfederal\u201d (sindicatos de \u201ctercer grado\u201d que son la suma de sindicatos nacionales); otra cosa muy distinta es abrir la mano en lo que hace a su monopolio para decretar huelgas (como mostraron Gestamp y Lear, es muy distinto el reconocimiento de \u201cconflicto colectivo\u201d que uno meramente \u201cpluri-individual\u201d), negociar paritarias, obtener los descuentos sindicales y otros aspectos fundamentales del <strong>unicato sindical. <\/strong><\/p>\n<p><strong>Avances y retrocesos<\/strong><\/p>\n<p>Aun as\u00ed, el cuestionamiento a la burocracia sindical se ha venido abriendo paso desde la base en los \u00faltimos a\u00f1os: <strong>un proceso profundo, cualitativo, eventualmente hist\u00f3rico, que m\u00e1s all\u00e1 de avances y retrocesos ha llegado para quedarse. <\/strong><\/p>\n<p>Y no hace falta ser muy avispado para observar c\u00f3mo la burocracia, la patronal y el gobierno le han venido prestando una atenci\u00f3n creciente al proceso de fortalecimiento de la \u201czurda loca\u201d entre los trabajadores: \u201cun contexto en el que los poderes pol\u00edticos y econ\u00f3micos entraron en p\u00e1nico por la \u2018marea roja\u2019 sindical\u201d, como se\u00f1ala, un poco exageradamente pero reflejando algo muy real, Ricardo C\u00e1rpena, el editorialista sindical de Clar\u00edn.<\/p>\n<p>Este es otro aspecto de importancia a destacar en el an\u00e1lisis: junto a unas relaciones de fuerzas que no son desfavorables para los trabajadores, se vive en la amplia vanguardia un proceso de recomposici\u00f3n: un avance en la disputa de comisiones internas y seccionales en importantes lugares de trabajo, llegando incluso a amenazar \u2013en pocos casos todav\u00eda\u2013 gremios de conjunto.<\/p>\n<p>Claro que este proceso tiene sus <strong>alzas y bajas<\/strong>. Ah\u00ed es donde debe colocarse lo ocurrido en el \u00faltimo a\u00f1o (que de todos modos debe ser estudiado m\u00e1s en profundidad de lo que podemos hacer aqu\u00ed).<\/p>\n<p>Pasa que la disputa de los organismos de base de los trabajadores no es un camino de \u201cuna sola v\u00eda\u201d: <strong>as\u00ed como hay progresos puede haber retrocesos<\/strong>; sobre todo si no se logra que un amplio sector de compa\u00f1eros y compa\u00f1eras se politicen, pasen a un plano no s\u00f3lo sindical sino pol\u00edtico m\u00e1s activo, llenen de contenido las comisiones internas y cuerpos de delegados, etc\u00e9tera.<\/p>\n<p>Un <strong>retroceso<\/strong> as\u00ed es el que se est\u00e1 viviendo a partir de la contraofensiva de la Santa Alianza patronal, burocr\u00e1tica y gubernamental para desalojar a la izquierda de las f\u00e1bricas. Ofensiva que comenz\u00f3 con el conflicto de Gestamp (como lo planteamos en su momento), se tradujo luego en la derrota en Lear, se expres\u00f3 en los cierres de la Emfer (aqu\u00ed el balance es m\u00e1s mediatizado porque los compa\u00f1eros fueron reubicados en el ferrocarril), Paty, las quiebras de Donneley y World Color (la primera con el logro de ser ocupada y puesta a producir por sus trabajadores), el desalojo de los delegados independientes en Ford, Volkswagen, Metalsa, Sealy, etc\u00e9tera, para circunscribirnos a la zona norte del Gran Buenos Aires.<\/p>\n<p>La derrota de la interna comandada por el PTS en Kraft se puede colocar dentro de esta misma coyuntura, m\u00e1s all\u00e1 del an\u00e1lisis espec\u00edfico de esta experiencia que no podemos hacer aqu\u00ed (ver nota aparte): <strong>su parad\u00f3jico nacimiento como producto de una derrota y no de un triunfo de los trabajadores de dicha planta, que seguramente no dej\u00f3 de tener consecuencias a lo largo del proceso. <\/strong><\/p>\n<h3>De todos modos, tampoco se debe abusar en el an\u00e1lisis de esta coyuntura adversa: en sentido contrario ha ido el reciente triunfo clasista en Pilkington (ver en esta misma edici\u00f3n), as\u00ed como tambi\u00e9n se eligieron recientemente nuevos delegados antiburocr\u00e1ticos en Kromberg &amp; Schubert, al tiempo que no es factible que bastiones de la nueva generaci\u00f3n obrera y la izquierda, como FATE, se encuentren por ahora amenazados.<\/h3>\n<p>El proceso de la recomposici\u00f3n obrera lleg\u00f3 para quedarse y se pondr\u00e1 a prueba seguramente en las peleas contra el ajuste que se viene en el 2016.<\/p>\n<p><strong>\u201cIr ganando la cabeza de los compa\u00f1eros\u201d<\/strong><\/p>\n<p>En todo caso, esta \u00faltima es la conclusi\u00f3n general que debemos sacar: preparar a los trabajadores para las luchas que vienen; aprovechar la campa\u00f1a electoral de la izquierda (en este caso el FIT) para este mismo objetivo.<\/p>\n<p>A 25 d\u00edas de la elecci\u00f3n presidencial, el gran tema es el deterioro econ\u00f3mico y c\u00f3mo el gobierno que viene se prepara para tomar duras medidas de ajuste. Independientemente de las expectativas que despierte, del \u201ccomp\u00e1s de espera\u201d que habitualmente se abre frente a un nuevo gobierno, este tomar\u00e1 medidas antipopulares que despertar\u00e1n bronca y eventualmente luchas.<\/p>\n<p>No hay tarea m\u00e1s importante para la nueva generaci\u00f3n obrera y la izquierda que alertar en la campa\u00f1a y prepararse desde ahora para ese escenario: \u201cUno piensa que los compa\u00f1eros son atrasados y no es tan as\u00ed, el obrero se da cuenta de todo pero quiere conservar su trabajo por encima de todo; <strong>hay que tener paciencia, hay que esperar y organizar por abajo<\/strong>. Ahora se dio y estamos ac\u00e1, muy contentos, <strong>prepar\u00e1ndonos para enfrentar el ajuste que viene y ganando cabezas\u201d<\/strong> (Roberto, secretario general de la nueva interna de Pilkington).<\/p>\n<p>&nbsp;<\/p>\n","protected":false},"excerpt":{"rendered":"<p>Con la mirada puesta en el 2016 \u201cSi hay ajuste, los platos rotos los pagar\u00e1n los trabajadores, pero tambi\u00e9n la dirigencia que avale al pr\u00f3ximo presidente. La \u2018zurda loca\u2019, como llamaba al trotskismo el metal\u00fargico Bel\u00e9n, hace ese c\u00e1lculo de lo m\u00e1s cuerdo\u201d (\u201cEl ajuste y el favor de los sindicalistas\u201d, Ricardo C\u00e1rpena, Clar\u00edn, 28-9-15). [&hellip;]<\/p>\n","protected":false},"author":8,"featured_media":6347,"comment_status":"closed","ping_status":"closed","sticky":false,"template":"","format":"standard","meta":{"footnotes":""},"categories":[122,1656],"tags":[1343,35],"class_list":{"0":"post-6346","1":"post","2":"type-post","3":"status-publish","4":"format-standard","5":"has-post-thumbnail","7":"category-america-latina-y-el-caribe","8":"category-argentina","9":"tag-edicion-1","10":"tag-roberto-saenz"},"yoast_head":"<!-- This site is optimized with the Yoast SEO plugin v27.5 - https:\/\/yoast.com\/product\/yoast-seo-wordpress\/ -->\n<title>Trabajadores, burocracia e izquierda frente al ajuste que viene - Socialismo o Barbarie<\/title>\n<meta name=\"robots\" content=\"index, follow, max-snippet:-1, max-image-preview:large, max-video-preview:-1\" \/>\n<link rel=\"canonical\" href=\"https:\/\/www.socialismoobarbarie.org\/?p=6346\" \/>\n<meta property=\"og:locale\" content=\"es_ES\" \/>\n<meta property=\"og:type\" content=\"article\" \/>\n<meta property=\"og:title\" content=\"Trabajadores, burocracia e izquierda frente al ajuste que viene - Socialismo o Barbarie\" \/>\n<meta property=\"og:description\" content=\"Con la mirada puesta en el 2016 \u201cSi hay ajuste, los platos rotos los pagar\u00e1n los trabajadores, pero tambi\u00e9n la dirigencia que avale al pr\u00f3ximo presidente. La \u2018zurda loca\u2019, como llamaba al trotskismo el metal\u00fargico Bel\u00e9n, hace ese c\u00e1lculo de lo m\u00e1s cuerdo\u201d (\u201cEl ajuste y el favor de los sindicalistas\u201d, Ricardo C\u00e1rpena, Clar\u00edn, 28-9-15). [&hellip;]\" \/>\n<meta property=\"og:url\" content=\"https:\/\/www.socialismoobarbarie.org\/?p=6346\" \/>\n<meta property=\"og:site_name\" content=\"Socialismo o Barbarie\" \/>\n<meta property=\"article:published_time\" content=\"2015-10-01T21:48:41+00:00\" \/>\n<meta property=\"article:modified_time\" content=\"2019-11-20T02:07:57+00:00\" \/>\n<meta property=\"og:image\" content=\"https:\/\/www.socialismoobarbarie.org\/wp-content\/uploads\/2015\/10\/macri-moyano.jpg\" \/>\n\t<meta property=\"og:image:width\" content=\"660\" \/>\n\t<meta property=\"og:image:height\" content=\"370\" \/>\n\t<meta property=\"og:image:type\" content=\"image\/jpeg\" \/>\n<meta name=\"author\" content=\"SOB\" \/>\n<meta name=\"twitter:card\" content=\"summary_large_image\" \/>\n<meta name=\"twitter:label1\" content=\"Escrito por\" \/>\n\t<meta name=\"twitter:data1\" content=\"SOB\" \/>\n\t<meta name=\"twitter:label2\" content=\"Tiempo de lectura\" \/>\n\t<meta name=\"twitter:data2\" content=\"10 minutos\" \/>\n<script type=\"application\/ld+json\" class=\"yoast-schema-graph\">{\"@context\":\"https:\\\/\\\/schema.org\",\"@graph\":[{\"@type\":\"Article\",\"@id\":\"https:\\\/\\\/www.socialismoobarbarie.org\\\/?p=6346#article\",\"isPartOf\":{\"@id\":\"https:\\\/\\\/www.socialismoobarbarie.org\\\/?p=6346\"},\"author\":{\"name\":\"SOB\",\"@id\":\"https:\\\/\\\/www.socialismoobarbarie.org\\\/#\\\/schema\\\/person\\\/bc1c3b321d47ed092405949c77e35a8e\"},\"headline\":\"Trabajadores, burocracia e izquierda frente al ajuste que viene\",\"datePublished\":\"2015-10-01T21:48:41+00:00\",\"dateModified\":\"2019-11-20T02:07:57+00:00\",\"mainEntityOfPage\":{\"@id\":\"https:\\\/\\\/www.socialismoobarbarie.org\\\/?p=6346\"},\"wordCount\":2098,\"publisher\":{\"@id\":\"https:\\\/\\\/www.socialismoobarbarie.org\\\/#organization\"},\"image\":{\"@id\":\"https:\\\/\\\/www.socialismoobarbarie.org\\\/?p=6346#primaryimage\"},\"thumbnailUrl\":\"https:\\\/\\\/www.socialismoobarbarie.org\\\/wp-content\\\/uploads\\\/2015\\\/10\\\/macri-moyano.jpg\",\"keywords\":[\"Edicion 1\",\"Roberto S\u00e1enz\"],\"articleSection\":[\"Am\u00e9rica Latina\",\"Argentina\"],\"inLanguage\":\"es\"},{\"@type\":\"WebPage\",\"@id\":\"https:\\\/\\\/www.socialismoobarbarie.org\\\/?p=6346\",\"url\":\"https:\\\/\\\/www.socialismoobarbarie.org\\\/?p=6346\",\"name\":\"Trabajadores, burocracia e izquierda frente al ajuste que viene - Socialismo o Barbarie\",\"isPartOf\":{\"@id\":\"https:\\\/\\\/www.socialismoobarbarie.org\\\/#website\"},\"primaryImageOfPage\":{\"@id\":\"https:\\\/\\\/www.socialismoobarbarie.org\\\/?p=6346#primaryimage\"},\"image\":{\"@id\":\"https:\\\/\\\/www.socialismoobarbarie.org\\\/?p=6346#primaryimage\"},\"thumbnailUrl\":\"https:\\\/\\\/www.socialismoobarbarie.org\\\/wp-content\\\/uploads\\\/2015\\\/10\\\/macri-moyano.jpg\",\"datePublished\":\"2015-10-01T21:48:41+00:00\",\"dateModified\":\"2019-11-20T02:07:57+00:00\",\"breadcrumb\":{\"@id\":\"https:\\\/\\\/www.socialismoobarbarie.org\\\/?p=6346#breadcrumb\"},\"inLanguage\":\"es\",\"potentialAction\":[{\"@type\":\"ReadAction\",\"target\":[\"https:\\\/\\\/www.socialismoobarbarie.org\\\/?p=6346\"]}]},{\"@type\":\"ImageObject\",\"inLanguage\":\"es\",\"@id\":\"https:\\\/\\\/www.socialismoobarbarie.org\\\/?p=6346#primaryimage\",\"url\":\"https:\\\/\\\/www.socialismoobarbarie.org\\\/wp-content\\\/uploads\\\/2015\\\/10\\\/macri-moyano.jpg\",\"contentUrl\":\"https:\\\/\\\/www.socialismoobarbarie.org\\\/wp-content\\\/uploads\\\/2015\\\/10\\\/macri-moyano.jpg\",\"width\":660,\"height\":370},{\"@type\":\"BreadcrumbList\",\"@id\":\"https:\\\/\\\/www.socialismoobarbarie.org\\\/?p=6346#breadcrumb\",\"itemListElement\":[{\"@type\":\"ListItem\",\"position\":1,\"name\":\"Portada\",\"item\":\"https:\\\/\\\/www.socialismoobarbarie.org\\\/\"},{\"@type\":\"ListItem\",\"position\":2,\"name\":\"Trabajadores, burocracia e izquierda frente al ajuste que viene\"}]},{\"@type\":\"WebSite\",\"@id\":\"https:\\\/\\\/www.socialismoobarbarie.org\\\/#website\",\"url\":\"https:\\\/\\\/www.socialismoobarbarie.org\\\/\",\"name\":\"Socialismo o Barbarie\",\"description\":\"Sitio web de la corriente internacional Socialismo o Barbarie\",\"publisher\":{\"@id\":\"https:\\\/\\\/www.socialismoobarbarie.org\\\/#organization\"},\"potentialAction\":[{\"@type\":\"SearchAction\",\"target\":{\"@type\":\"EntryPoint\",\"urlTemplate\":\"https:\\\/\\\/www.socialismoobarbarie.org\\\/?s={search_term_string}\"},\"query-input\":{\"@type\":\"PropertyValueSpecification\",\"valueRequired\":true,\"valueName\":\"search_term_string\"}}],\"inLanguage\":\"es\"},{\"@type\":\"Organization\",\"@id\":\"https:\\\/\\\/www.socialismoobarbarie.org\\\/#organization\",\"name\":\"Socialismo o Barbarie\",\"url\":\"https:\\\/\\\/www.socialismoobarbarie.org\\\/\",\"logo\":{\"@type\":\"ImageObject\",\"inLanguage\":\"es\",\"@id\":\"https:\\\/\\\/www.socialismoobarbarie.org\\\/#\\\/schema\\\/logo\\\/image\\\/\",\"url\":\"https:\\\/\\\/www.socialismoobarbarie.org\\\/wp-content\\\/uploads\\\/2025\\\/02\\\/soblogoweb-2025.png\",\"contentUrl\":\"https:\\\/\\\/www.socialismoobarbarie.org\\\/wp-content\\\/uploads\\\/2025\\\/02\\\/soblogoweb-2025.png\",\"width\":450,\"height\":161,\"caption\":\"Socialismo o Barbarie\"},\"image\":{\"@id\":\"https:\\\/\\\/www.socialismoobarbarie.org\\\/#\\\/schema\\\/logo\\\/image\\\/\"}},{\"@type\":\"Person\",\"@id\":\"https:\\\/\\\/www.socialismoobarbarie.org\\\/#\\\/schema\\\/person\\\/bc1c3b321d47ed092405949c77e35a8e\",\"name\":\"SOB\",\"url\":\"https:\\\/\\\/www.socialismoobarbarie.org\\\/?author=8\"}]}<\/script>\n<!-- \/ Yoast SEO plugin. -->","yoast_head_json":{"title":"Trabajadores, burocracia e izquierda frente al ajuste que viene - Socialismo o Barbarie","robots":{"index":"index","follow":"follow","max-snippet":"max-snippet:-1","max-image-preview":"max-image-preview:large","max-video-preview":"max-video-preview:-1"},"canonical":"https:\/\/www.socialismoobarbarie.org\/?p=6346","og_locale":"es_ES","og_type":"article","og_title":"Trabajadores, burocracia e izquierda frente al ajuste que viene - Socialismo o Barbarie","og_description":"Con la mirada puesta en el 2016 \u201cSi hay ajuste, los platos rotos los pagar\u00e1n los trabajadores, pero tambi\u00e9n la dirigencia que avale al pr\u00f3ximo presidente. La \u2018zurda loca\u2019, como llamaba al trotskismo el metal\u00fargico Bel\u00e9n, hace ese c\u00e1lculo de lo m\u00e1s cuerdo\u201d (\u201cEl ajuste y el favor de los sindicalistas\u201d, Ricardo C\u00e1rpena, Clar\u00edn, 28-9-15). [&hellip;]","og_url":"https:\/\/www.socialismoobarbarie.org\/?p=6346","og_site_name":"Socialismo o Barbarie","article_published_time":"2015-10-01T21:48:41+00:00","article_modified_time":"2019-11-20T02:07:57+00:00","og_image":[{"width":660,"height":370,"url":"https:\/\/www.socialismoobarbarie.org\/wp-content\/uploads\/2015\/10\/macri-moyano.jpg","type":"image\/jpeg"}],"author":"SOB","twitter_card":"summary_large_image","twitter_misc":{"Escrito por":"SOB","Tiempo de lectura":"10 minutos"},"schema":{"@context":"https:\/\/schema.org","@graph":[{"@type":"Article","@id":"https:\/\/www.socialismoobarbarie.org\/?p=6346#article","isPartOf":{"@id":"https:\/\/www.socialismoobarbarie.org\/?p=6346"},"author":{"name":"SOB","@id":"https:\/\/www.socialismoobarbarie.org\/#\/schema\/person\/bc1c3b321d47ed092405949c77e35a8e"},"headline":"Trabajadores, burocracia e izquierda frente al ajuste que viene","datePublished":"2015-10-01T21:48:41+00:00","dateModified":"2019-11-20T02:07:57+00:00","mainEntityOfPage":{"@id":"https:\/\/www.socialismoobarbarie.org\/?p=6346"},"wordCount":2098,"publisher":{"@id":"https:\/\/www.socialismoobarbarie.org\/#organization"},"image":{"@id":"https:\/\/www.socialismoobarbarie.org\/?p=6346#primaryimage"},"thumbnailUrl":"https:\/\/www.socialismoobarbarie.org\/wp-content\/uploads\/2015\/10\/macri-moyano.jpg","keywords":["Edicion 1","Roberto S\u00e1enz"],"articleSection":["Am\u00e9rica Latina","Argentina"],"inLanguage":"es"},{"@type":"WebPage","@id":"https:\/\/www.socialismoobarbarie.org\/?p=6346","url":"https:\/\/www.socialismoobarbarie.org\/?p=6346","name":"Trabajadores, burocracia e izquierda frente al ajuste que viene - Socialismo o Barbarie","isPartOf":{"@id":"https:\/\/www.socialismoobarbarie.org\/#website"},"primaryImageOfPage":{"@id":"https:\/\/www.socialismoobarbarie.org\/?p=6346#primaryimage"},"image":{"@id":"https:\/\/www.socialismoobarbarie.org\/?p=6346#primaryimage"},"thumbnailUrl":"https:\/\/www.socialismoobarbarie.org\/wp-content\/uploads\/2015\/10\/macri-moyano.jpg","datePublished":"2015-10-01T21:48:41+00:00","dateModified":"2019-11-20T02:07:57+00:00","breadcrumb":{"@id":"https:\/\/www.socialismoobarbarie.org\/?p=6346#breadcrumb"},"inLanguage":"es","potentialAction":[{"@type":"ReadAction","target":["https:\/\/www.socialismoobarbarie.org\/?p=6346"]}]},{"@type":"ImageObject","inLanguage":"es","@id":"https:\/\/www.socialismoobarbarie.org\/?p=6346#primaryimage","url":"https:\/\/www.socialismoobarbarie.org\/wp-content\/uploads\/2015\/10\/macri-moyano.jpg","contentUrl":"https:\/\/www.socialismoobarbarie.org\/wp-content\/uploads\/2015\/10\/macri-moyano.jpg","width":660,"height":370},{"@type":"BreadcrumbList","@id":"https:\/\/www.socialismoobarbarie.org\/?p=6346#breadcrumb","itemListElement":[{"@type":"ListItem","position":1,"name":"Portada","item":"https:\/\/www.socialismoobarbarie.org\/"},{"@type":"ListItem","position":2,"name":"Trabajadores, burocracia e izquierda frente al ajuste que viene"}]},{"@type":"WebSite","@id":"https:\/\/www.socialismoobarbarie.org\/#website","url":"https:\/\/www.socialismoobarbarie.org\/","name":"Socialismo o Barbarie","description":"Sitio web de la corriente internacional Socialismo o Barbarie","publisher":{"@id":"https:\/\/www.socialismoobarbarie.org\/#organization"},"potentialAction":[{"@type":"SearchAction","target":{"@type":"EntryPoint","urlTemplate":"https:\/\/www.socialismoobarbarie.org\/?s={search_term_string}"},"query-input":{"@type":"PropertyValueSpecification","valueRequired":true,"valueName":"search_term_string"}}],"inLanguage":"es"},{"@type":"Organization","@id":"https:\/\/www.socialismoobarbarie.org\/#organization","name":"Socialismo o Barbarie","url":"https:\/\/www.socialismoobarbarie.org\/","logo":{"@type":"ImageObject","inLanguage":"es","@id":"https:\/\/www.socialismoobarbarie.org\/#\/schema\/logo\/image\/","url":"https:\/\/www.socialismoobarbarie.org\/wp-content\/uploads\/2025\/02\/soblogoweb-2025.png","contentUrl":"https:\/\/www.socialismoobarbarie.org\/wp-content\/uploads\/2025\/02\/soblogoweb-2025.png","width":450,"height":161,"caption":"Socialismo o Barbarie"},"image":{"@id":"https:\/\/www.socialismoobarbarie.org\/#\/schema\/logo\/image\/"}},{"@type":"Person","@id":"https:\/\/www.socialismoobarbarie.org\/#\/schema\/person\/bc1c3b321d47ed092405949c77e35a8e","name":"SOB","url":"https:\/\/www.socialismoobarbarie.org\/?author=8"}]}},"_links":{"self":[{"href":"https:\/\/www.socialismoobarbarie.org\/index.php?rest_route=\/wp\/v2\/posts\/6346","targetHints":{"allow":["GET"]}}],"collection":[{"href":"https:\/\/www.socialismoobarbarie.org\/index.php?rest_route=\/wp\/v2\/posts"}],"about":[{"href":"https:\/\/www.socialismoobarbarie.org\/index.php?rest_route=\/wp\/v2\/types\/post"}],"author":[{"embeddable":true,"href":"https:\/\/www.socialismoobarbarie.org\/index.php?rest_route=\/wp\/v2\/users\/8"}],"replies":[{"embeddable":true,"href":"https:\/\/www.socialismoobarbarie.org\/index.php?rest_route=%2Fwp%2Fv2%2Fcomments&post=6346"}],"version-history":[{"count":1,"href":"https:\/\/www.socialismoobarbarie.org\/index.php?rest_route=\/wp\/v2\/posts\/6346\/revisions"}],"predecessor-version":[{"id":6348,"href":"https:\/\/www.socialismoobarbarie.org\/index.php?rest_route=\/wp\/v2\/posts\/6346\/revisions\/6348"}],"wp:featuredmedia":[{"embeddable":true,"href":"https:\/\/www.socialismoobarbarie.org\/index.php?rest_route=\/wp\/v2\/media\/6347"}],"wp:attachment":[{"href":"https:\/\/www.socialismoobarbarie.org\/index.php?rest_route=%2Fwp%2Fv2%2Fmedia&parent=6346"}],"wp:term":[{"taxonomy":"category","embeddable":true,"href":"https:\/\/www.socialismoobarbarie.org\/index.php?rest_route=%2Fwp%2Fv2%2Fcategories&post=6346"},{"taxonomy":"post_tag","embeddable":true,"href":"https:\/\/www.socialismoobarbarie.org\/index.php?rest_route=%2Fwp%2Fv2%2Ftags&post=6346"}],"curies":[{"name":"wp","href":"https:\/\/api.w.org\/{rel}","templated":true}]}}