{"id":6625,"date":"2015-10-22T18:25:59","date_gmt":"2015-10-22T21:25:59","guid":{"rendered":"https:\/\/www.socialismoobarbarie.org\/?p=6625"},"modified":"2019-11-20T11:08:50","modified_gmt":"2019-11-20T14:08:50","slug":"netanyahu-y-la-verdad-sobre-el-nazismo","status":"publish","type":"post","link":"https:\/\/www.socialismoobarbarie.org\/?p=6625","title":{"rendered":"Netanyahu y la verdad sobre el nazismo"},"content":{"rendered":"<p><strong><em>\u201cHitler no quer\u00eda exterminar a los jud\u00edos en aquel momento [noviembre de 1941], quer\u00eda expulsarlos\u201d<\/em><\/strong>(Benjam\u00edn Netanyahu, Primer Ministro de Israel, hablando en el 27\u00ba Congreso Sionista).<\/p>\n<p>Lo que acaba de ocurrir podr\u00eda parecer rid\u00edculo si no fuera la expresi\u00f3n destilada del <strong>car\u00e1cter genocida de la poblaci\u00f3n palestina<\/strong> que es caracter\u00edstico del Estado de Israel.<\/p>\n<p>Su primer ministro, Benjam\u00ednNetanyahu acaba de declarar, horas atr\u00e1s y ante un \u201cCongreso Sionista\u201d, que no ser\u00eda Hitler el que decidi\u00f3 la \u201cSoluci\u00f3n final\u201d de la poblaci\u00f3n jud\u00eda de Europa, sino el Muft\u00ed de Jerusal\u00e9n, Haj Amin Al-Husseini, el que lo empuj\u00f3 a ello, una <strong>exculpaci\u00f3n <\/strong>escandalosa del nazismo que no resiste la menor prueba hist\u00f3rica.<\/p>\n<p>En realidad, aunque sorprenda, la sorpresa no deber\u00eda ser tan grande, porque integrantes del mismo partido del Primer Ministro (o de su coalici\u00f3n de gobierno), han declarado en otras oportunidades que Israel \u201cdeber\u00eda hacer como Hitler\u201d y exterminar de una vez por todas a la poblaci\u00f3n palestina.<\/p>\n<p>Como se\u00f1alamos, estas declaraciones lo \u00fanico que expresan es, parad\u00f3jicamente, <strong>el propio car\u00e1cter genocida del Estado de Israel<\/strong>; el hecho que se haya fundado sobre la expulsi\u00f3ny opresi\u00f3n de la poblaci\u00f3n originaria de Palestina.Pueblo palestino que, a pesar de todo, desde 1948 ala fecha, viene dando pelea, como parece expresarse ahora en la emergencia de una tercera <em>Intifada<\/em>.<\/p>\n<p>De ah\u00ed, entonces, estas aberrantes declaraciones, que pr\u00e1cticamente exculpa a Hitler y el nazismo por el genocidio jud\u00edo, posiblemente el m\u00e1s inmenso crimen contra la humanidad de la historia, resultando ser que su autor habr\u00eda sido una autoridad palestina de Jerusal\u00e9n de aquellos a\u00f1os.<\/p>\n<p>Es verdad que como subproducto de la demagogia hitlerista sobre algunas nacionalidades oprimidas del \u201ctercer mundo\u201d durante la Segunda Guerra Mundial, figuras como el Muft\u00ed hayan \u201ccoqueteado\u201d con el nazismo(llegando a aberraciones como poner en pie una divisi\u00f3n musulmana croata para pelear contra las guerrillas comunistas de Tito en Yugoeslavia).<\/p>\n<p>Pero desconocer a Haj Amin Al-Husseini como una autoridad del pueblo palestina (guste o no, lo fue) y, para colmo, hacerlo responsable de la \u201cSoluci\u00f3n final\u201d, es un esc\u00e1ndalo que solo puede estar expresando, insistimos, el verdadero car\u00e1cter de limpieza \u00e9tnica del Estado de Israel.<\/p>\n<p><strong>La verdad hist\u00f3rica <\/strong><\/p>\n<p>Pero deteng\u00e1monos ahora, sumariamente, en la verdad hist\u00f3rica de los acontecimientos que rodearon la \u201cSoluci\u00f3n final\u201d. Es conocido que el plan de exterminio final del juda\u00edsmo en Europa oriental (luego cada vez m\u00e1s extensivo al resto de Europa), se resolvi\u00f3 en la famosa \u201cConferencia de Wannsee\u201d a comienzos de 1942.<\/p>\n<p>Varios analistas han se\u00f1alado que esta \u201csoluci\u00f3n\u201d exterminadora se revolvi\u00f3 en funci\u00f3n de necesidades no solo ideol\u00f3gicas sino \u201cmateriales\u201d: conforme la guerra en el \u201cFrente oriental\u201d se hac\u00eda interminable y, a la vez, no se encontraba d\u00f3nde desplazar a la poblaci\u00f3n jud\u00eda \u201csobrante\u201d, se resolvi\u00f3, lisa y llanamente,<strong>eliminarla. <\/strong><\/p>\n<p>Es a partir de ah\u00ed donde se ponen en pie los<strong>campos de exterminio<\/strong> (diferenciados de los campos de concentraci\u00f3n, a priori no dedicados espec\u00edficamente al exterminio de sus detenidos), se montan las c\u00e1maras de gas y los crematorios.<\/p>\n<p>Historiadores serios del nazismo como Kershaw tambi\u00e9n se\u00f1alan, como el giro abiertamente genocida del nazismo se va <strong>radicalizando<\/strong> conforme comienza a perder la contienda. En realidad, toda la campa\u00f1a de Rusia, la <em>Operaci\u00f3n Barbarroja<\/em>, fue planificada desde el comienzo como una guerra de una nueva naturaleza, no convencional, sino <strong>contrarrevolucionaria y de exterminio. <\/strong><\/p>\n<p>El avance de la <em>Wehrmacht <\/em>hacia el Este fue seguido de cerca por los siniestros <em>Eitzangruppen<\/em>, que no eran otra cosa que \u201cgrupo de tareas\u201d encargados de asesinar masivamente a los comisarios pol\u00edticos del Ej\u00e9rcito Rojo, a jud\u00edos, gitanos y a la poblaci\u00f3n eslava en general.<\/p>\n<p>Dichos grupos genocidas llegaron a producir <strong>asesinatos en masa<\/strong> de una magnitud inconmensurable, como la masacre de Babi Yar, Ucrania, cuando en las jornadas del 29 y 30 de septiembre de 1941 (\u00a1antes que Hitler se re\u00fana con el Muft\u00ed!) <strong>asesinaron 35.000 personas. <\/strong><\/p>\n<p>Sin embargo, con estos m\u00e9todos no se daba abasto para eliminar una poblaci\u00f3n de millones de seres humanos. De ah\u00ed que en la \u201cConferencia de Wannsee\u201d se haya resuelto, finalmente, un m\u00e9todo m\u00e1s racional de asesinato: <strong>la masacre industrializada de los campos de exterminio. <\/strong><\/p>\n<p>El genocidio tuvo su apogeo durante los a\u00f1os 1942, 1943 y 1944, lleg\u00e1ndoseeste \u00faltimo a\u00f1o a la tragedia del pueblo jud\u00edo de Hungr\u00eda y Rumania, donde fueron exterminados casi medio mill\u00f3n pocos meses antes del final de la guerra.<\/p>\n<p>Esto no quita, sin embargo, que como figura burguesa que era, el Muft\u00ed de Jerusal\u00e9n no hubiera apelado a las componendas con Hitler y que, a la vez, deje de ser hist\u00f3ricamente cierto que haya colaborado con la puesta en pie de una divisi\u00f3n de las SS de musulmanes croatas que masacraron poblaciones y enfrentaron a las guerrillas comunistas de Tito.<\/p>\n<p>En todo caso, las autoridades del Estado de Israel deber\u00edan prestarle atenci\u00f3n a sus cr\u00edmenes actuales contra el pueblo palestino y, adem\u00e1s, dejar de esconder bajo la mesa <strong>la responsabilidad siniestra de las autoridades jud\u00edas<\/strong> que en toda Europa ocupada por los nazis, colaboraron con estos (\u00a1salvo contadas excepciones!) en censar, empadronar, reunir en guetos y luego deportar a los campos de exterminio a la mayor\u00eda de la poblaci\u00f3n jud\u00eda a su cargo\u2026<\/p>\n<p>Esta es una verdad hist\u00f3rica <strong>probada<\/strong>; as\u00ed como tambi\u00e9n est\u00e1n probas las responsabilidades del nazismo en los campos de exterminio que <strong>desmienten el renovado \u201cnegacionismo\u201d del primer ministro israel\u00ed. <\/strong><\/p>\n<p>Las escandalosas declaraci\u00f3n de Netanyahu, en todo caso,aparecen como una muestra m\u00e1s del verdadero car\u00e1cter genocida del Estado de Israel, cuyas autoridades llegan al extremo exculpar al nazismo con el objetivo de legitimar su opresi\u00f3n sobre el pueblo palestino.<\/p>\n<p>&nbsp;<\/p>\n","protected":false},"excerpt":{"rendered":"<p>\u201cHitler no quer\u00eda exterminar a los jud\u00edos en aquel momento [noviembre de 1941], quer\u00eda expulsarlos\u201d(Benjam\u00edn Netanyahu, Primer Ministro de Israel, hablando en el 27\u00ba Congreso Sionista). Lo que acaba de ocurrir podr\u00eda parecer rid\u00edculo si no fuera la expresi\u00f3n destilada del car\u00e1cter genocida de la poblaci\u00f3n palestina que es caracter\u00edstico del Estado de Israel. Su [&hellip;]<\/p>\n","protected":false},"author":8,"featured_media":6626,"comment_status":"closed","ping_status":"closed","sticky":false,"template":"","format":"standard","meta":{"footnotes":""},"categories":[1368],"tags":[1391,29,422,1361],"class_list":{"0":"post-6625","1":"post","2":"type-post","3":"status-publish","4":"format-standard","5":"has-post-thumbnail","7":"category-historia-y-teoria","8":"tag-edicion-4","9":"tag-historia","10":"tag-israel","11":"tag-luis-bermudez"},"yoast_head":"<!-- This site is optimized with the Yoast SEO plugin v28.2 - https:\/\/yoast.com\/product\/yoast-seo-wordpress\/ -->\n<title>Netanyahu y la verdad sobre el nazismo - Socialismo o Barbarie<\/title>\n<meta name=\"robots\" content=\"index, follow, max-snippet:-1, max-image-preview:large, max-video-preview:-1\" \/>\n<link rel=\"canonical\" href=\"https:\/\/www.socialismoobarbarie.org\/?p=6625\" \/>\n<meta property=\"og:locale\" content=\"es_ES\" \/>\n<meta property=\"og:type\" content=\"article\" \/>\n<meta property=\"og:title\" content=\"Netanyahu y la verdad sobre el nazismo - Socialismo o Barbarie\" \/>\n<meta property=\"og:description\" content=\"\u201cHitler no quer\u00eda exterminar a los jud\u00edos en aquel momento [noviembre de 1941], quer\u00eda expulsarlos\u201d(Benjam\u00edn Netanyahu, Primer Ministro de Israel, hablando en el 27\u00ba Congreso Sionista). Lo que acaba de ocurrir podr\u00eda parecer rid\u00edculo si no fuera la expresi\u00f3n destilada del car\u00e1cter genocida de la poblaci\u00f3n palestina que es caracter\u00edstico del Estado de Israel. Su [&hellip;]\" \/>\n<meta property=\"og:url\" content=\"https:\/\/www.socialismoobarbarie.org\/?p=6625\" \/>\n<meta property=\"og:site_name\" content=\"Socialismo o Barbarie\" \/>\n<meta property=\"article:published_time\" content=\"2015-10-22T21:25:59+00:00\" \/>\n<meta property=\"article:modified_time\" content=\"2019-11-20T14:08:50+00:00\" \/>\n<meta property=\"og:image\" content=\"https:\/\/www.socialismoobarbarie.org\/wp-content\/uploads\/2015\/10\/netanyahu.jpg\" \/>\n\t<meta property=\"og:image:width\" content=\"798\" \/>\n\t<meta property=\"og:image:height\" content=\"449\" \/>\n\t<meta property=\"og:image:type\" content=\"image\/jpeg\" \/>\n<meta name=\"author\" content=\"SOB\" \/>\n<meta name=\"twitter:card\" content=\"summary_large_image\" \/>\n<meta name=\"twitter:label1\" content=\"Escrito por\" \/>\n\t<meta name=\"twitter:data1\" content=\"SOB\" \/>\n\t<meta name=\"twitter:label2\" content=\"Tiempo de lectura\" \/>\n\t<meta name=\"twitter:data2\" content=\"5 minutos\" \/>\n<script type=\"application\/ld+json\" class=\"yoast-schema-graph\">{\"@context\":\"https:\\\/\\\/schema.org\",\"@graph\":[{\"@type\":\"Article\",\"@id\":\"https:\\\/\\\/www.socialismoobarbarie.org\\\/?p=6625#article\",\"isPartOf\":{\"@id\":\"https:\\\/\\\/www.socialismoobarbarie.org\\\/?p=6625\"},\"author\":{\"name\":\"SOB\",\"@id\":\"https:\\\/\\\/www.socialismoobarbarie.org\\\/#\\\/schema\\\/person\\\/bc1c3b321d47ed092405949c77e35a8e\"},\"headline\":\"Netanyahu y la verdad sobre el nazismo\",\"datePublished\":\"2015-10-22T21:25:59+00:00\",\"dateModified\":\"2019-11-20T14:08:50+00:00\",\"mainEntityOfPage\":{\"@id\":\"https:\\\/\\\/www.socialismoobarbarie.org\\\/?p=6625\"},\"wordCount\":1015,\"publisher\":{\"@id\":\"https:\\\/\\\/www.socialismoobarbarie.org\\\/#organization\"},\"image\":{\"@id\":\"https:\\\/\\\/www.socialismoobarbarie.org\\\/?p=6625#primaryimage\"},\"thumbnailUrl\":\"https:\\\/\\\/www.socialismoobarbarie.org\\\/wp-content\\\/uploads\\\/2015\\\/10\\\/netanyahu.jpg\",\"keywords\":[\"Edicion 4\",\"Historia\",\"Israel\",\"Luis Berm\u00fadez\"],\"articleSection\":[\"Historia y Teor\u00eda\"],\"inLanguage\":\"es\"},{\"@type\":\"WebPage\",\"@id\":\"https:\\\/\\\/www.socialismoobarbarie.org\\\/?p=6625\",\"url\":\"https:\\\/\\\/www.socialismoobarbarie.org\\\/?p=6625\",\"name\":\"Netanyahu y la verdad sobre el nazismo - Socialismo o Barbarie\",\"isPartOf\":{\"@id\":\"https:\\\/\\\/www.socialismoobarbarie.org\\\/#website\"},\"primaryImageOfPage\":{\"@id\":\"https:\\\/\\\/www.socialismoobarbarie.org\\\/?p=6625#primaryimage\"},\"image\":{\"@id\":\"https:\\\/\\\/www.socialismoobarbarie.org\\\/?p=6625#primaryimage\"},\"thumbnailUrl\":\"https:\\\/\\\/www.socialismoobarbarie.org\\\/wp-content\\\/uploads\\\/2015\\\/10\\\/netanyahu.jpg\",\"datePublished\":\"2015-10-22T21:25:59+00:00\",\"dateModified\":\"2019-11-20T14:08:50+00:00\",\"breadcrumb\":{\"@id\":\"https:\\\/\\\/www.socialismoobarbarie.org\\\/?p=6625#breadcrumb\"},\"inLanguage\":\"es\",\"potentialAction\":[{\"@type\":\"ReadAction\",\"target\":[\"https:\\\/\\\/www.socialismoobarbarie.org\\\/?p=6625\"]}]},{\"@type\":\"ImageObject\",\"inLanguage\":\"es\",\"@id\":\"https:\\\/\\\/www.socialismoobarbarie.org\\\/?p=6625#primaryimage\",\"url\":\"https:\\\/\\\/www.socialismoobarbarie.org\\\/wp-content\\\/uploads\\\/2015\\\/10\\\/netanyahu.jpg\",\"contentUrl\":\"https:\\\/\\\/www.socialismoobarbarie.org\\\/wp-content\\\/uploads\\\/2015\\\/10\\\/netanyahu.jpg\",\"width\":798,\"height\":449},{\"@type\":\"BreadcrumbList\",\"@id\":\"https:\\\/\\\/www.socialismoobarbarie.org\\\/?p=6625#breadcrumb\",\"itemListElement\":[{\"@type\":\"ListItem\",\"position\":1,\"name\":\"Portada\",\"item\":\"https:\\\/\\\/www.socialismoobarbarie.org\\\/\"},{\"@type\":\"ListItem\",\"position\":2,\"name\":\"Netanyahu y la verdad sobre el nazismo\"}]},{\"@type\":\"WebSite\",\"@id\":\"https:\\\/\\\/www.socialismoobarbarie.org\\\/#website\",\"url\":\"https:\\\/\\\/www.socialismoobarbarie.org\\\/\",\"name\":\"Socialismo o Barbarie\",\"description\":\"Sitio web de la corriente internacional Socialismo o Barbarie\",\"publisher\":{\"@id\":\"https:\\\/\\\/www.socialismoobarbarie.org\\\/#organization\"},\"potentialAction\":[{\"@type\":\"SearchAction\",\"target\":{\"@type\":\"EntryPoint\",\"urlTemplate\":\"https:\\\/\\\/www.socialismoobarbarie.org\\\/?s={search_term_string}\"},\"query-input\":{\"@type\":\"PropertyValueSpecification\",\"valueRequired\":true,\"valueName\":\"search_term_string\"}}],\"inLanguage\":\"es\"},{\"@type\":\"Organization\",\"@id\":\"https:\\\/\\\/www.socialismoobarbarie.org\\\/#organization\",\"name\":\"Socialismo o Barbarie\",\"url\":\"https:\\\/\\\/www.socialismoobarbarie.org\\\/\",\"logo\":{\"@type\":\"ImageObject\",\"inLanguage\":\"es\",\"@id\":\"https:\\\/\\\/www.socialismoobarbarie.org\\\/#\\\/schema\\\/logo\\\/image\\\/\",\"url\":\"https:\\\/\\\/www.socialismoobarbarie.org\\\/wp-content\\\/uploads\\\/2025\\\/02\\\/soblogoweb-2025.png\",\"contentUrl\":\"https:\\\/\\\/www.socialismoobarbarie.org\\\/wp-content\\\/uploads\\\/2025\\\/02\\\/soblogoweb-2025.png\",\"width\":450,\"height\":161,\"caption\":\"Socialismo o Barbarie\"},\"image\":{\"@id\":\"https:\\\/\\\/www.socialismoobarbarie.org\\\/#\\\/schema\\\/logo\\\/image\\\/\"}},{\"@type\":\"Person\",\"@id\":\"https:\\\/\\\/www.socialismoobarbarie.org\\\/#\\\/schema\\\/person\\\/bc1c3b321d47ed092405949c77e35a8e\",\"name\":\"SOB\",\"url\":\"https:\\\/\\\/www.socialismoobarbarie.org\\\/?author=8\"}]}<\/script>\n<!-- \/ Yoast SEO plugin. -->","yoast_head_json":{"title":"Netanyahu y la verdad sobre el nazismo - Socialismo o Barbarie","robots":{"index":"index","follow":"follow","max-snippet":"max-snippet:-1","max-image-preview":"max-image-preview:large","max-video-preview":"max-video-preview:-1"},"canonical":"https:\/\/www.socialismoobarbarie.org\/?p=6625","og_locale":"es_ES","og_type":"article","og_title":"Netanyahu y la verdad sobre el nazismo - Socialismo o Barbarie","og_description":"\u201cHitler no quer\u00eda exterminar a los jud\u00edos en aquel momento [noviembre de 1941], quer\u00eda expulsarlos\u201d(Benjam\u00edn Netanyahu, Primer Ministro de Israel, hablando en el 27\u00ba Congreso Sionista). Lo que acaba de ocurrir podr\u00eda parecer rid\u00edculo si no fuera la expresi\u00f3n destilada del car\u00e1cter genocida de la poblaci\u00f3n palestina que es caracter\u00edstico del Estado de Israel. Su [&hellip;]","og_url":"https:\/\/www.socialismoobarbarie.org\/?p=6625","og_site_name":"Socialismo o Barbarie","article_published_time":"2015-10-22T21:25:59+00:00","article_modified_time":"2019-11-20T14:08:50+00:00","og_image":[{"width":798,"height":449,"url":"https:\/\/www.socialismoobarbarie.org\/wp-content\/uploads\/2015\/10\/netanyahu.jpg","type":"image\/jpeg"}],"author":"SOB","twitter_card":"summary_large_image","twitter_misc":{"Escrito por":"SOB","Tiempo de lectura":"5 minutos"},"schema":{"@context":"https:\/\/schema.org","@graph":[{"@type":"Article","@id":"https:\/\/www.socialismoobarbarie.org\/?p=6625#article","isPartOf":{"@id":"https:\/\/www.socialismoobarbarie.org\/?p=6625"},"author":{"name":"SOB","@id":"https:\/\/www.socialismoobarbarie.org\/#\/schema\/person\/bc1c3b321d47ed092405949c77e35a8e"},"headline":"Netanyahu y la verdad sobre el nazismo","datePublished":"2015-10-22T21:25:59+00:00","dateModified":"2019-11-20T14:08:50+00:00","mainEntityOfPage":{"@id":"https:\/\/www.socialismoobarbarie.org\/?p=6625"},"wordCount":1015,"publisher":{"@id":"https:\/\/www.socialismoobarbarie.org\/#organization"},"image":{"@id":"https:\/\/www.socialismoobarbarie.org\/?p=6625#primaryimage"},"thumbnailUrl":"https:\/\/www.socialismoobarbarie.org\/wp-content\/uploads\/2015\/10\/netanyahu.jpg","keywords":["Edicion 4","Historia","Israel","Luis Berm\u00fadez"],"articleSection":["Historia y Teor\u00eda"],"inLanguage":"es"},{"@type":"WebPage","@id":"https:\/\/www.socialismoobarbarie.org\/?p=6625","url":"https:\/\/www.socialismoobarbarie.org\/?p=6625","name":"Netanyahu y la verdad sobre el nazismo - Socialismo o Barbarie","isPartOf":{"@id":"https:\/\/www.socialismoobarbarie.org\/#website"},"primaryImageOfPage":{"@id":"https:\/\/www.socialismoobarbarie.org\/?p=6625#primaryimage"},"image":{"@id":"https:\/\/www.socialismoobarbarie.org\/?p=6625#primaryimage"},"thumbnailUrl":"https:\/\/www.socialismoobarbarie.org\/wp-content\/uploads\/2015\/10\/netanyahu.jpg","datePublished":"2015-10-22T21:25:59+00:00","dateModified":"2019-11-20T14:08:50+00:00","breadcrumb":{"@id":"https:\/\/www.socialismoobarbarie.org\/?p=6625#breadcrumb"},"inLanguage":"es","potentialAction":[{"@type":"ReadAction","target":["https:\/\/www.socialismoobarbarie.org\/?p=6625"]}]},{"@type":"ImageObject","inLanguage":"es","@id":"https:\/\/www.socialismoobarbarie.org\/?p=6625#primaryimage","url":"https:\/\/www.socialismoobarbarie.org\/wp-content\/uploads\/2015\/10\/netanyahu.jpg","contentUrl":"https:\/\/www.socialismoobarbarie.org\/wp-content\/uploads\/2015\/10\/netanyahu.jpg","width":798,"height":449},{"@type":"BreadcrumbList","@id":"https:\/\/www.socialismoobarbarie.org\/?p=6625#breadcrumb","itemListElement":[{"@type":"ListItem","position":1,"name":"Portada","item":"https:\/\/www.socialismoobarbarie.org\/"},{"@type":"ListItem","position":2,"name":"Netanyahu y la verdad sobre el nazismo"}]},{"@type":"WebSite","@id":"https:\/\/www.socialismoobarbarie.org\/#website","url":"https:\/\/www.socialismoobarbarie.org\/","name":"Socialismo o Barbarie","description":"Sitio web de la corriente internacional Socialismo o Barbarie","publisher":{"@id":"https:\/\/www.socialismoobarbarie.org\/#organization"},"potentialAction":[{"@type":"SearchAction","target":{"@type":"EntryPoint","urlTemplate":"https:\/\/www.socialismoobarbarie.org\/?s={search_term_string}"},"query-input":{"@type":"PropertyValueSpecification","valueRequired":true,"valueName":"search_term_string"}}],"inLanguage":"es"},{"@type":"Organization","@id":"https:\/\/www.socialismoobarbarie.org\/#organization","name":"Socialismo o Barbarie","url":"https:\/\/www.socialismoobarbarie.org\/","logo":{"@type":"ImageObject","inLanguage":"es","@id":"https:\/\/www.socialismoobarbarie.org\/#\/schema\/logo\/image\/","url":"https:\/\/www.socialismoobarbarie.org\/wp-content\/uploads\/2025\/02\/soblogoweb-2025.png","contentUrl":"https:\/\/www.socialismoobarbarie.org\/wp-content\/uploads\/2025\/02\/soblogoweb-2025.png","width":450,"height":161,"caption":"Socialismo o Barbarie"},"image":{"@id":"https:\/\/www.socialismoobarbarie.org\/#\/schema\/logo\/image\/"}},{"@type":"Person","@id":"https:\/\/www.socialismoobarbarie.org\/#\/schema\/person\/bc1c3b321d47ed092405949c77e35a8e","name":"SOB","url":"https:\/\/www.socialismoobarbarie.org\/?author=8"}]}},"_links":{"self":[{"href":"https:\/\/www.socialismoobarbarie.org\/index.php?rest_route=\/wp\/v2\/posts\/6625","targetHints":{"allow":["GET"]}}],"collection":[{"href":"https:\/\/www.socialismoobarbarie.org\/index.php?rest_route=\/wp\/v2\/posts"}],"about":[{"href":"https:\/\/www.socialismoobarbarie.org\/index.php?rest_route=\/wp\/v2\/types\/post"}],"author":[{"embeddable":true,"href":"https:\/\/www.socialismoobarbarie.org\/index.php?rest_route=\/wp\/v2\/users\/8"}],"replies":[{"embeddable":true,"href":"https:\/\/www.socialismoobarbarie.org\/index.php?rest_route=%2Fwp%2Fv2%2Fcomments&post=6625"}],"version-history":[{"count":1,"href":"https:\/\/www.socialismoobarbarie.org\/index.php?rest_route=\/wp\/v2\/posts\/6625\/revisions"}],"predecessor-version":[{"id":6627,"href":"https:\/\/www.socialismoobarbarie.org\/index.php?rest_route=\/wp\/v2\/posts\/6625\/revisions\/6627"}],"wp:featuredmedia":[{"embeddable":true,"href":"https:\/\/www.socialismoobarbarie.org\/index.php?rest_route=\/wp\/v2\/media\/6626"}],"wp:attachment":[{"href":"https:\/\/www.socialismoobarbarie.org\/index.php?rest_route=%2Fwp%2Fv2%2Fmedia&parent=6625"}],"wp:term":[{"taxonomy":"category","embeddable":true,"href":"https:\/\/www.socialismoobarbarie.org\/index.php?rest_route=%2Fwp%2Fv2%2Fcategories&post=6625"},{"taxonomy":"post_tag","embeddable":true,"href":"https:\/\/www.socialismoobarbarie.org\/index.php?rest_route=%2Fwp%2Fv2%2Ftags&post=6625"}],"curies":[{"name":"wp","href":"https:\/\/api.w.org\/{rel}","templated":true}]}}