{"id":6711,"date":"2015-10-29T19:57:56","date_gmt":"2015-10-29T22:57:56","guid":{"rendered":"https:\/\/www.socialismoobarbarie.org\/?p=6711"},"modified":"2019-11-20T10:59:13","modified_gmt":"2019-11-20T13:59:13","slug":"acuerdos-de-paz-gobierno-colombiano-farc","status":"publish","type":"post","link":"https:\/\/www.socialismoobarbarie.org\/?p=6711","title":{"rendered":"Colombia &#8211; Investigaci\u00f3n y castigo cero a los genocidas"},"content":{"rendered":"<h2>Acuerdos de paz gobierno colombiano-FARC<\/h2>\n<p>En el marco de las negociaciones entabladas a partir del acuerdo firmado en La Habana, que incluye la creaci\u00f3n de un \u201cAcuerdo de Jurisdicci\u00f3n Especial para la Justicia\u201d, el gobierno colombiano y las FARC dieron un paso m\u00e1s en su concreci\u00f3n. Establecieron el tratamiento que se dar\u00e1 al tema \u201cdesaparecidos\u201d durante los enfrentamientos, mediante la formaci\u00f3n de una Unidad especial abocada al tema.<\/p>\n<p>La magnitud de la represi\u00f3n desatada en Colombia revela la cifra, seg\u00fan la Fiscal\u00eda General de Colombia, de 52.000 desaparecidos como producto de la guerra. Pero este n\u00famero es muy superior, si se consideran como parte de lo cotidiano, y de la acci\u00f3n a cargo de fuerzas ilegales permanentes (llegar\u00edan a 109.000 seg\u00fan datos aportados por la Cruz Roja). Un desaparecido cada hora es la escala colombiana de esta atrocidad cotidiana.<\/p>\n<p>M\u00e1s all\u00e1 de la cifra, la resoluci\u00f3n adoptada, aclararon los responsables, es de car\u00e1cter \u201chumanitario, no judicial\u201d. La informaci\u00f3n recabada por esta Unidad especial, con la ayuda de la siempre benem\u00e9rita Cruz Roja a trav\u00e9s de su Comit\u00e9 Internacional, es para ayudar a remover los cementerios clandestinos y las fosas comunes diseminadas en el pa\u00eds, en la b\u00fasqueda de restos humanos para su identificaci\u00f3n y entrega a los familiares. Y ah\u00ed terminan los derechos de las v\u00edctimas, sus familias y compa\u00f1eros de lucha si los hubiere vivos.<\/p>\n<p>Por su parte, las FARC se comprometen a entregar los restos de los fallecidos en su poder, sean en combate o durante el cautiverio.<\/p>\n<p>Este proyecto, santificado por la burocracia cubana y el Papa, ser\u00eda uno de los m\u00e1s avanzados en materia de impunidad en Am\u00e9rica latina. Nos recuerda a los intentos fallidos de la \u00faltima dictadura militar en la Argentina para \u201cliquidar\u201d el tema \u201cdesaparecidos\u201d. Uno de ellos fue la figura del \u201cdesaparecido con presunci\u00f3n de fallecimiento\u201d que impuso el general Viola el 12 de setiembre de 1979 mediante la ley 22.068, para intentar desarticular al movimiento de familiares por medio del otorgamiento de una pensi\u00f3n, objetivo que estuvo lejos de lograr. Posteriormente, durante los a\u00f1os 80, 81, el gobierno militar consider\u00f3 la posibilidad de hacer p\u00fablica una lista de desaparecidos, que fue descartada ante la probabilidad de que, en lugar de apagar el fuego, avivara la lucha democr\u00e1tica ya instalada en el pa\u00eds, en la que ten\u00edan injerencia organismos de derechos humanos independientes.<\/p>\n<p>En el mejor de los casos, en Colombia quieren saldar el tema \u201cdesaparecidos\u201d con la entrega de los cuerpos a los familiares acompa\u00f1ados de un p\u00e9same.<\/p>\n<p><strong>Sin lucha en las calles no hay forma de derrotar la impunidad<\/strong><\/p>\n<p>Las dictaduras y los gobiernos m\u00e1s desp\u00f3ticos en Am\u00e9rica latina, aunque cambiaron sus reg\u00edmenes dejaron, con contadas excepciones, una estela detr\u00e1s de los principales jefes y miembros de las fuerzas represivas sin ninguna condena por sus cr\u00edmenes. El pa\u00eds donde m\u00e1s se avanz\u00f3 fue Argentina, donde a pesar de marchas y contramarchas, la ca\u00edda de la dictadura con la movilizaci\u00f3n popular y el Argentinazo posteriormente, abrieron per\u00edodos en los cuales se juzg\u00f3 a las c\u00fapulas de las Juntas Militares y a centenares de militares genocidas, algunos de los cuales murieron en prisi\u00f3n y otros no llegaron a ser condenados.<\/p>\n<p>En Colombia se quiere repetir la misma tr\u00e1gica historia que otros pa\u00edses latinoamericanos, como el caso de Guatemala, donde el dictador Jos\u00e9 Efra\u00edn R\u00edos Montt, despu\u00e9s de ser condenado a 80 a\u00f1os de prisi\u00f3n\u2026 a los 10 d\u00edas fue declarada nula la sentencia. Las FARC deber\u00edan ser la fuerza que se niegue a firmar este aberrante acuerdo. Lamentablemente, hasta ahora son parte de \u00e9l.<\/p>\n<p>La \u00fanica forma de impedirlo es si los familiares de las v\u00edctimas, los luchadores de la ciudad y el campo, los compa\u00f1eros de la izquierda revolucionaria, se plantan y salen a repudiar esta \u201centregada\u201d y a luchar por juicio y castigo a los represores. S\u00f3lo de esta forma la \u201cpaz\u201d no ser\u00e1 de los cementerios, sino la lograda por la movilizaci\u00f3n de todos los explotados y oprimidos en la b\u00fasqueda de sus demandas de justicia.<\/p>\n<p>&nbsp;<\/p>\n","protected":false},"excerpt":{"rendered":"<p>Acuerdos de paz gobierno colombiano-FARC En el marco de las negociaciones entabladas a partir del acuerdo firmado en La Habana, que incluye la creaci\u00f3n de un \u201cAcuerdo de Jurisdicci\u00f3n Especial para la Justicia\u201d, el gobierno colombiano y las FARC dieron un paso m\u00e1s en su concreci\u00f3n. Establecieron el tratamiento que se dar\u00e1 al tema \u201cdesaparecidos\u201d [&hellip;]<\/p>\n","protected":false},"author":8,"featured_media":6712,"comment_status":"closed","ping_status":"closed","sticky":false,"template":"","format":"standard","meta":{"footnotes":""},"categories":[122],"tags":[1355,1661,1392],"class_list":{"0":"post-6711","1":"post","2":"type-post","3":"status-publish","4":"format-standard","5":"has-post-thumbnail","7":"category-america-latina-y-el-caribe","8":"tag-ana-vazquez","9":"tag-colombia","10":"tag-edicion-5"},"yoast_head":"<!-- This site is optimized with the Yoast SEO plugin v27.5 - https:\/\/yoast.com\/product\/yoast-seo-wordpress\/ -->\n<title>Colombia - Investigaci\u00f3n y castigo cero a los genocidas - Socialismo o Barbarie<\/title>\n<meta name=\"robots\" content=\"index, follow, max-snippet:-1, max-image-preview:large, max-video-preview:-1\" \/>\n<link rel=\"canonical\" href=\"https:\/\/www.socialismoobarbarie.org\/?p=6711\" \/>\n<meta property=\"og:locale\" content=\"es_ES\" \/>\n<meta property=\"og:type\" content=\"article\" \/>\n<meta property=\"og:title\" content=\"Colombia - Investigaci\u00f3n y castigo cero a los genocidas - Socialismo o Barbarie\" \/>\n<meta property=\"og:description\" content=\"Acuerdos de paz gobierno colombiano-FARC En el marco de las negociaciones entabladas a partir del acuerdo firmado en La Habana, que incluye la creaci\u00f3n de un \u201cAcuerdo de Jurisdicci\u00f3n Especial para la Justicia\u201d, el gobierno colombiano y las FARC dieron un paso m\u00e1s en su concreci\u00f3n. Establecieron el tratamiento que se dar\u00e1 al tema \u201cdesaparecidos\u201d [&hellip;]\" \/>\n<meta property=\"og:url\" content=\"https:\/\/www.socialismoobarbarie.org\/?p=6711\" \/>\n<meta property=\"og:site_name\" content=\"Socialismo o Barbarie\" \/>\n<meta property=\"article:published_time\" content=\"2015-10-29T22:57:56+00:00\" \/>\n<meta property=\"article:modified_time\" content=\"2019-11-20T13:59:13+00:00\" \/>\n<meta property=\"og:image\" content=\"https:\/\/www.socialismoobarbarie.org\/wp-content\/uploads\/2015\/10\/santos1.jpg\" \/>\n\t<meta property=\"og:image:width\" content=\"600\" \/>\n\t<meta property=\"og:image:height\" content=\"415\" \/>\n\t<meta property=\"og:image:type\" content=\"image\/jpeg\" \/>\n<meta name=\"author\" content=\"SOB\" \/>\n<meta name=\"twitter:card\" content=\"summary_large_image\" \/>\n<meta name=\"twitter:label1\" content=\"Escrito por\" \/>\n\t<meta name=\"twitter:data1\" content=\"SOB\" \/>\n\t<meta name=\"twitter:label2\" content=\"Tiempo de lectura\" \/>\n\t<meta name=\"twitter:data2\" content=\"4 minutos\" \/>\n<script type=\"application\/ld+json\" class=\"yoast-schema-graph\">{\"@context\":\"https:\\\/\\\/schema.org\",\"@graph\":[{\"@type\":\"Article\",\"@id\":\"https:\\\/\\\/www.socialismoobarbarie.org\\\/?p=6711#article\",\"isPartOf\":{\"@id\":\"https:\\\/\\\/www.socialismoobarbarie.org\\\/?p=6711\"},\"author\":{\"name\":\"SOB\",\"@id\":\"https:\\\/\\\/www.socialismoobarbarie.org\\\/#\\\/schema\\\/person\\\/bc1c3b321d47ed092405949c77e35a8e\"},\"headline\":\"Colombia &#8211; Investigaci\u00f3n y castigo cero a los genocidas\",\"datePublished\":\"2015-10-29T22:57:56+00:00\",\"dateModified\":\"2019-11-20T13:59:13+00:00\",\"mainEntityOfPage\":{\"@id\":\"https:\\\/\\\/www.socialismoobarbarie.org\\\/?p=6711\"},\"wordCount\":731,\"publisher\":{\"@id\":\"https:\\\/\\\/www.socialismoobarbarie.org\\\/#organization\"},\"image\":{\"@id\":\"https:\\\/\\\/www.socialismoobarbarie.org\\\/?p=6711#primaryimage\"},\"thumbnailUrl\":\"https:\\\/\\\/www.socialismoobarbarie.org\\\/wp-content\\\/uploads\\\/2015\\\/10\\\/santos1.jpg\",\"keywords\":[\"Ana V\u00e1zquez\",\"Colombia\",\"Edicion 5\"],\"articleSection\":[\"Am\u00e9rica Latina\"],\"inLanguage\":\"es\"},{\"@type\":\"WebPage\",\"@id\":\"https:\\\/\\\/www.socialismoobarbarie.org\\\/?p=6711\",\"url\":\"https:\\\/\\\/www.socialismoobarbarie.org\\\/?p=6711\",\"name\":\"Colombia - Investigaci\u00f3n y castigo cero a los genocidas - Socialismo o Barbarie\",\"isPartOf\":{\"@id\":\"https:\\\/\\\/www.socialismoobarbarie.org\\\/#website\"},\"primaryImageOfPage\":{\"@id\":\"https:\\\/\\\/www.socialismoobarbarie.org\\\/?p=6711#primaryimage\"},\"image\":{\"@id\":\"https:\\\/\\\/www.socialismoobarbarie.org\\\/?p=6711#primaryimage\"},\"thumbnailUrl\":\"https:\\\/\\\/www.socialismoobarbarie.org\\\/wp-content\\\/uploads\\\/2015\\\/10\\\/santos1.jpg\",\"datePublished\":\"2015-10-29T22:57:56+00:00\",\"dateModified\":\"2019-11-20T13:59:13+00:00\",\"breadcrumb\":{\"@id\":\"https:\\\/\\\/www.socialismoobarbarie.org\\\/?p=6711#breadcrumb\"},\"inLanguage\":\"es\",\"potentialAction\":[{\"@type\":\"ReadAction\",\"target\":[\"https:\\\/\\\/www.socialismoobarbarie.org\\\/?p=6711\"]}]},{\"@type\":\"ImageObject\",\"inLanguage\":\"es\",\"@id\":\"https:\\\/\\\/www.socialismoobarbarie.org\\\/?p=6711#primaryimage\",\"url\":\"https:\\\/\\\/www.socialismoobarbarie.org\\\/wp-content\\\/uploads\\\/2015\\\/10\\\/santos1.jpg\",\"contentUrl\":\"https:\\\/\\\/www.socialismoobarbarie.org\\\/wp-content\\\/uploads\\\/2015\\\/10\\\/santos1.jpg\",\"width\":600,\"height\":415},{\"@type\":\"BreadcrumbList\",\"@id\":\"https:\\\/\\\/www.socialismoobarbarie.org\\\/?p=6711#breadcrumb\",\"itemListElement\":[{\"@type\":\"ListItem\",\"position\":1,\"name\":\"Portada\",\"item\":\"https:\\\/\\\/www.socialismoobarbarie.org\\\/\"},{\"@type\":\"ListItem\",\"position\":2,\"name\":\"Colombia &#8211; Investigaci\u00f3n y castigo cero a los genocidas\"}]},{\"@type\":\"WebSite\",\"@id\":\"https:\\\/\\\/www.socialismoobarbarie.org\\\/#website\",\"url\":\"https:\\\/\\\/www.socialismoobarbarie.org\\\/\",\"name\":\"Socialismo o Barbarie\",\"description\":\"Sitio web de la corriente internacional Socialismo o Barbarie\",\"publisher\":{\"@id\":\"https:\\\/\\\/www.socialismoobarbarie.org\\\/#organization\"},\"potentialAction\":[{\"@type\":\"SearchAction\",\"target\":{\"@type\":\"EntryPoint\",\"urlTemplate\":\"https:\\\/\\\/www.socialismoobarbarie.org\\\/?s={search_term_string}\"},\"query-input\":{\"@type\":\"PropertyValueSpecification\",\"valueRequired\":true,\"valueName\":\"search_term_string\"}}],\"inLanguage\":\"es\"},{\"@type\":\"Organization\",\"@id\":\"https:\\\/\\\/www.socialismoobarbarie.org\\\/#organization\",\"name\":\"Socialismo o Barbarie\",\"url\":\"https:\\\/\\\/www.socialismoobarbarie.org\\\/\",\"logo\":{\"@type\":\"ImageObject\",\"inLanguage\":\"es\",\"@id\":\"https:\\\/\\\/www.socialismoobarbarie.org\\\/#\\\/schema\\\/logo\\\/image\\\/\",\"url\":\"https:\\\/\\\/www.socialismoobarbarie.org\\\/wp-content\\\/uploads\\\/2025\\\/02\\\/soblogoweb-2025.png\",\"contentUrl\":\"https:\\\/\\\/www.socialismoobarbarie.org\\\/wp-content\\\/uploads\\\/2025\\\/02\\\/soblogoweb-2025.png\",\"width\":450,\"height\":161,\"caption\":\"Socialismo o Barbarie\"},\"image\":{\"@id\":\"https:\\\/\\\/www.socialismoobarbarie.org\\\/#\\\/schema\\\/logo\\\/image\\\/\"}},{\"@type\":\"Person\",\"@id\":\"https:\\\/\\\/www.socialismoobarbarie.org\\\/#\\\/schema\\\/person\\\/bc1c3b321d47ed092405949c77e35a8e\",\"name\":\"SOB\",\"url\":\"https:\\\/\\\/www.socialismoobarbarie.org\\\/?author=8\"}]}<\/script>\n<!-- \/ Yoast SEO plugin. -->","yoast_head_json":{"title":"Colombia - Investigaci\u00f3n y castigo cero a los genocidas - Socialismo o Barbarie","robots":{"index":"index","follow":"follow","max-snippet":"max-snippet:-1","max-image-preview":"max-image-preview:large","max-video-preview":"max-video-preview:-1"},"canonical":"https:\/\/www.socialismoobarbarie.org\/?p=6711","og_locale":"es_ES","og_type":"article","og_title":"Colombia - Investigaci\u00f3n y castigo cero a los genocidas - Socialismo o Barbarie","og_description":"Acuerdos de paz gobierno colombiano-FARC En el marco de las negociaciones entabladas a partir del acuerdo firmado en La Habana, que incluye la creaci\u00f3n de un \u201cAcuerdo de Jurisdicci\u00f3n Especial para la Justicia\u201d, el gobierno colombiano y las FARC dieron un paso m\u00e1s en su concreci\u00f3n. Establecieron el tratamiento que se dar\u00e1 al tema \u201cdesaparecidos\u201d [&hellip;]","og_url":"https:\/\/www.socialismoobarbarie.org\/?p=6711","og_site_name":"Socialismo o Barbarie","article_published_time":"2015-10-29T22:57:56+00:00","article_modified_time":"2019-11-20T13:59:13+00:00","og_image":[{"width":600,"height":415,"url":"https:\/\/www.socialismoobarbarie.org\/wp-content\/uploads\/2015\/10\/santos1.jpg","type":"image\/jpeg"}],"author":"SOB","twitter_card":"summary_large_image","twitter_misc":{"Escrito por":"SOB","Tiempo de lectura":"4 minutos"},"schema":{"@context":"https:\/\/schema.org","@graph":[{"@type":"Article","@id":"https:\/\/www.socialismoobarbarie.org\/?p=6711#article","isPartOf":{"@id":"https:\/\/www.socialismoobarbarie.org\/?p=6711"},"author":{"name":"SOB","@id":"https:\/\/www.socialismoobarbarie.org\/#\/schema\/person\/bc1c3b321d47ed092405949c77e35a8e"},"headline":"Colombia &#8211; Investigaci\u00f3n y castigo cero a los genocidas","datePublished":"2015-10-29T22:57:56+00:00","dateModified":"2019-11-20T13:59:13+00:00","mainEntityOfPage":{"@id":"https:\/\/www.socialismoobarbarie.org\/?p=6711"},"wordCount":731,"publisher":{"@id":"https:\/\/www.socialismoobarbarie.org\/#organization"},"image":{"@id":"https:\/\/www.socialismoobarbarie.org\/?p=6711#primaryimage"},"thumbnailUrl":"https:\/\/www.socialismoobarbarie.org\/wp-content\/uploads\/2015\/10\/santos1.jpg","keywords":["Ana V\u00e1zquez","Colombia","Edicion 5"],"articleSection":["Am\u00e9rica Latina"],"inLanguage":"es"},{"@type":"WebPage","@id":"https:\/\/www.socialismoobarbarie.org\/?p=6711","url":"https:\/\/www.socialismoobarbarie.org\/?p=6711","name":"Colombia - Investigaci\u00f3n y castigo cero a los genocidas - Socialismo o Barbarie","isPartOf":{"@id":"https:\/\/www.socialismoobarbarie.org\/#website"},"primaryImageOfPage":{"@id":"https:\/\/www.socialismoobarbarie.org\/?p=6711#primaryimage"},"image":{"@id":"https:\/\/www.socialismoobarbarie.org\/?p=6711#primaryimage"},"thumbnailUrl":"https:\/\/www.socialismoobarbarie.org\/wp-content\/uploads\/2015\/10\/santos1.jpg","datePublished":"2015-10-29T22:57:56+00:00","dateModified":"2019-11-20T13:59:13+00:00","breadcrumb":{"@id":"https:\/\/www.socialismoobarbarie.org\/?p=6711#breadcrumb"},"inLanguage":"es","potentialAction":[{"@type":"ReadAction","target":["https:\/\/www.socialismoobarbarie.org\/?p=6711"]}]},{"@type":"ImageObject","inLanguage":"es","@id":"https:\/\/www.socialismoobarbarie.org\/?p=6711#primaryimage","url":"https:\/\/www.socialismoobarbarie.org\/wp-content\/uploads\/2015\/10\/santos1.jpg","contentUrl":"https:\/\/www.socialismoobarbarie.org\/wp-content\/uploads\/2015\/10\/santos1.jpg","width":600,"height":415},{"@type":"BreadcrumbList","@id":"https:\/\/www.socialismoobarbarie.org\/?p=6711#breadcrumb","itemListElement":[{"@type":"ListItem","position":1,"name":"Portada","item":"https:\/\/www.socialismoobarbarie.org\/"},{"@type":"ListItem","position":2,"name":"Colombia &#8211; Investigaci\u00f3n y castigo cero a los genocidas"}]},{"@type":"WebSite","@id":"https:\/\/www.socialismoobarbarie.org\/#website","url":"https:\/\/www.socialismoobarbarie.org\/","name":"Socialismo o Barbarie","description":"Sitio web de la corriente internacional Socialismo o Barbarie","publisher":{"@id":"https:\/\/www.socialismoobarbarie.org\/#organization"},"potentialAction":[{"@type":"SearchAction","target":{"@type":"EntryPoint","urlTemplate":"https:\/\/www.socialismoobarbarie.org\/?s={search_term_string}"},"query-input":{"@type":"PropertyValueSpecification","valueRequired":true,"valueName":"search_term_string"}}],"inLanguage":"es"},{"@type":"Organization","@id":"https:\/\/www.socialismoobarbarie.org\/#organization","name":"Socialismo o Barbarie","url":"https:\/\/www.socialismoobarbarie.org\/","logo":{"@type":"ImageObject","inLanguage":"es","@id":"https:\/\/www.socialismoobarbarie.org\/#\/schema\/logo\/image\/","url":"https:\/\/www.socialismoobarbarie.org\/wp-content\/uploads\/2025\/02\/soblogoweb-2025.png","contentUrl":"https:\/\/www.socialismoobarbarie.org\/wp-content\/uploads\/2025\/02\/soblogoweb-2025.png","width":450,"height":161,"caption":"Socialismo o Barbarie"},"image":{"@id":"https:\/\/www.socialismoobarbarie.org\/#\/schema\/logo\/image\/"}},{"@type":"Person","@id":"https:\/\/www.socialismoobarbarie.org\/#\/schema\/person\/bc1c3b321d47ed092405949c77e35a8e","name":"SOB","url":"https:\/\/www.socialismoobarbarie.org\/?author=8"}]}},"_links":{"self":[{"href":"https:\/\/www.socialismoobarbarie.org\/index.php?rest_route=\/wp\/v2\/posts\/6711","targetHints":{"allow":["GET"]}}],"collection":[{"href":"https:\/\/www.socialismoobarbarie.org\/index.php?rest_route=\/wp\/v2\/posts"}],"about":[{"href":"https:\/\/www.socialismoobarbarie.org\/index.php?rest_route=\/wp\/v2\/types\/post"}],"author":[{"embeddable":true,"href":"https:\/\/www.socialismoobarbarie.org\/index.php?rest_route=\/wp\/v2\/users\/8"}],"replies":[{"embeddable":true,"href":"https:\/\/www.socialismoobarbarie.org\/index.php?rest_route=%2Fwp%2Fv2%2Fcomments&post=6711"}],"version-history":[{"count":2,"href":"https:\/\/www.socialismoobarbarie.org\/index.php?rest_route=\/wp\/v2\/posts\/6711\/revisions"}],"predecessor-version":[{"id":6714,"href":"https:\/\/www.socialismoobarbarie.org\/index.php?rest_route=\/wp\/v2\/posts\/6711\/revisions\/6714"}],"wp:featuredmedia":[{"embeddable":true,"href":"https:\/\/www.socialismoobarbarie.org\/index.php?rest_route=\/wp\/v2\/media\/6712"}],"wp:attachment":[{"href":"https:\/\/www.socialismoobarbarie.org\/index.php?rest_route=%2Fwp%2Fv2%2Fmedia&parent=6711"}],"wp:term":[{"taxonomy":"category","embeddable":true,"href":"https:\/\/www.socialismoobarbarie.org\/index.php?rest_route=%2Fwp%2Fv2%2Fcategories&post=6711"},{"taxonomy":"post_tag","embeddable":true,"href":"https:\/\/www.socialismoobarbarie.org\/index.php?rest_route=%2Fwp%2Fv2%2Ftags&post=6711"}],"curies":[{"name":"wp","href":"https:\/\/api.w.org\/{rel}","templated":true}]}}