{"id":6719,"date":"2015-10-29T18:00:00","date_gmt":"2015-10-29T21:00:00","guid":{"rendered":"https:\/\/www.socialismoobarbarie.org\/?p=6719"},"modified":"2019-11-20T01:01:13","modified_gmt":"2019-11-20T04:01:13","slug":"por-que-avanzo-la-derecha-en-estas-elecciones","status":"publish","type":"post","link":"https:\/\/www.socialismoobarbarie.org\/?p=6719","title":{"rendered":"\u00bfPor qu\u00e9 avanz\u00f3 la derecha en estas elecciones?"},"content":{"rendered":"<p>M\u00e1s all\u00e1 de que Scioli obtuvo el primer puesto en las elecciones del domingo pasado, resulta evidente a todas luces que fue el gran derrotado de la votaci\u00f3n. No s\u00f3lo fracas\u00f3 el operativo \u201ctriunfo en primera vuelta\u201d, sino que qued\u00f3 pr\u00e1cticamente empatado con Macri. El triunfo del PRO a la gobernaci\u00f3n de Provincia de Buenos Aires remata la derrota pol\u00edtica del kirchnerismo. Todo esto m\u00e1s all\u00e1 de c\u00f3mo vaya a resultar el ballotage: a\u00fan en el caso\u00a0 -cada vez m\u00e1s dif\u00edcil- de que se termine imponiendo Scioli, es evidente que desde todos los criterios el kirchnerismo sufri\u00f3 un dur\u00edsimo golpe.<\/p>\n<p>El triunfador real de la elecci\u00f3n es entonces el PRO, que se queda con la principal gobernaci\u00f3n del pa\u00eds y entra el ballotage con serias chances de ganarlo. Triunfo que fue posible por el voto de m\u00e1s de 8 millones de personas en la categor\u00eda presidencial en todo el pa\u00eds (34 por ciento del voto v\u00e1lido emitido).<\/p>\n<p>El PRO es un partido derechista<a href=\"https:\/\/www.mas.org.ar\/?p=7037#_ftn1\" name=\"_ftnref1\">[1]<\/a>, en el sentido de que se opone por el v\u00e9rtice a los intereses de los trabajadores, la juventud, las mujeres, y todos los explotados y oprimidos (m\u00e1s all\u00e1 de que camufle su verdadero programa con globos y frases sobre la alegr\u00eda). El triunfo del PRO significa un golpe pol\u00edtico no s\u00f3lo al kirchnerismo, sino a toda persona con una sensibilidad de izquierda o progresista. Por esta raz\u00f3n, el resultado de las elecciones produjo un estado de conmoci\u00f3n pol\u00edtica en muchos sectores pol\u00edticos y sociales. Y por eso mismo, abri\u00f3 inmediatamente la puerta a todo tipo de balances, que intentan dar explicaci\u00f3n a lo que ocurri\u00f3. A continuaci\u00f3n daremos nuestro propio punto de vista para responder a ese interrogante.<\/p>\n<p><strong>\u00bfFue una d\u00e9cada ganada?<\/strong><\/p>\n<p>Todo balance serio del resultado electoral debe partir de una consideraci\u00f3n m\u00e1s global sobre qu\u00e9 es lo que ocurri\u00f3 en la \u00faltima d\u00e9cada en la Argentina. D\u00e9cada que tiene como punto de partida la rebeli\u00f3n popular de diciembre de 2001: las masas en las calles exigiendo \u201cque se vayan todos\u201d, el auge del movimiento piquetero, las asambleas barriales, las f\u00e1bricas recuperadas, etc.<\/p>\n<p>Cuando el kirchnerismo lleg\u00f3 al poder en mayo de 2003, el pa\u00eds todav\u00eda estaba signado por la rebeli\u00f3n popular. Si bien el duhaldismo hab\u00eda logrado contener los ribetes m\u00e1s explosivos de la situaci\u00f3n (a fuerza de represi\u00f3n, planes sociales y acabar con la convertibilidad), el Argentinazo segu\u00eda latente en las venas del pueblo. La masacre del Puente Pueyrred\u00f3n en junio de 2002 y la masiva reacci\u00f3n popular posterior mostraron que lo que estaba en juego era ni m\u00e1s ni menos que la posibilidad de una escalada en la confrontaci\u00f3n social. El actual \u201ch\u00e9roe\u201d del kirchnerismo (derrotado en las elecciones), An\u00edbal Fern\u00e1ndez, era entonces secretario de la presidencia de Duhalde, y hab\u00eda definido al plan de lucha del movimiento piquetero como un \u201ccronograma de hostilidades\u201d contra el Estado.<\/p>\n<p>En ese momento, la popularidad de las instituciones del Estado burgu\u00e9s estaba en un m\u00ednimo hist\u00f3rico. Era cuestionada la Justicia (empezando por la Corte Suprema), el Parlamento, la Presidencia. Pero especialmente, era cuestionado el bipartidismo tradicional (PJ-UCR), los punteros pol\u00edticos de todo color, y los bur\u00f3cratas sindicales en todas sus expresiones. \u00a0\u00a0\u00a0\u00a0\u00a0\u00a0\u00a0\u00a0\u00a0\u00a0\u00a0\u00a0\u00a0\u00a0\u00a0\u00a0\u00a0\u00a0\u00a0\u00a0\u00a0\u00a0\u00a0\u00a0\u00a0\u00a0\u00a0\u00a0\u00a0\u00a0\u00a0\u00a0\u00a0\u00a0\u00a0 Se trataba de un punto de inflexi\u00f3n en la historia argentina: las masas estaban hartas de los responsables de las crisis, y si las cosas se sal\u00edan de control, la rebeli\u00f3n popular pod\u00eda regresar y pegar un salto en calidad (acerc\u00e1ndose m\u00e1s a una aut\u00e9ntica revoluci\u00f3n).<\/p>\n<p>El kirchnerismo lleg\u00f3 al poder con el objetivo expl\u00edcito de desarmar ese estado generalizado de rebeld\u00eda, para <strong>normalizar el pa\u00eds. <\/strong>Eso no pod\u00eda significar otra cosa que <strong>restaurar <\/strong>todos los odiosos pilares de la institucionalidad del pa\u00eds: empezando por el m\u00e1s importante de todos, el <strong>Partido Justicialista.<\/strong> Un partido que era visto por millones como uno de los principales responsables del desempleo de masas y la bancarrota generalizada, por ser el partido del mism\u00edsimo <strong>Carlos Menem.<\/strong> El primer gran m\u00e9rito de N\u00e9stor Kirchner fue lograr recuperar la confianza en el PJ y en sus podridos punteros pol\u00edticos, su aparato de intendentes y bur\u00f3cratas sindicales.<\/p>\n<p>As\u00ed empez\u00f3 entonces la \u201cd\u00e9cada ganada\u201d. Una por una, las instituciones del r\u00e9gimen fueron rehabilitadas ante los ojos de la poblaci\u00f3n: por ejemplo, as\u00ed\u00a0 se logr\u00f3 recuperar la nefasta CGT, que hab\u00eda sido c\u00f3mplice de la entrega de todas las conquistas obreras bajo el menemismo. El Argentinazo fue quedando cada vez m\u00e1s atr\u00e1s. El gobierno K lleg\u00f3 hasta a legitimar el odioso pago de la deuda externa (ampliamente repudiado por las masas en 2001), bajo el eufemismo del \u201cdesendeudamiento\u201d.<\/p>\n<p><strong>No hubo transformaciones estructurales<\/strong><\/p>\n<p>Si esto es lo que ocurri\u00f3 en el terreno pol\u00edtico, falta explicar lo que ocurri\u00f3 en el terreno econ\u00f3mico-social. Los primeros a\u00f1os del kirchnerismo transcurrieron en el marco de una situaci\u00f3n econ\u00f3mica global muy favorable, y contando con un muy alto consenso interno. Miles de millones de d\u00f3lares ingresaron al pa\u00eds, centralmente gracias a la exportaci\u00f3n de soja. El Banco Central llen\u00f3 ampliamente sus arcas, y comenz\u00f3 una \u201c\u00e9poca dorada\u201d para la burgues\u00eda argentina, que se llev\u00f3 millonadas. La econom\u00eda se reactiv\u00f3, la clase media se recompuso y se recuper\u00f3 parcialmente el empleo.<\/p>\n<p>Sin embargo, la matriz productiva y social del neoliberalismo no fue modificada. Si bien cayeron en t\u00e9rminos relativos y absolutos las tasas de pobreza y desempleo, no fueron perforados en ning\u00fan momento los grandes bolsones de pobreza estructural: las enormes villas miseria que pueden encontrarse en cualquier rinc\u00f3n del pa\u00eds. Al d\u00eda de hoy, en cualquier lugar y momento pueden encontrarse por doquier cartoneros, personas sin techo e indigentes de todo tipo.<\/p>\n<p>El pa\u00eds sigui\u00f3 dependiendo esencialmente de la exportaci\u00f3n de materias primas. La infraestructura permaneci\u00f3 en un estado deplorable (como puede observarse en el estado de la provisi\u00f3n de energ\u00eda, en el transporte p\u00fablico, en las inundaciones recurrentes, etc.). La salud y la educaci\u00f3n p\u00fablicas siguieron hundidas en el desfinanciamiento, como puede observarse en casi todos lados en los niveles primario y secundario, en el estado de los hospitales, etc. Se multiplic\u00f3 el trabajo en negro y precarizado, las tercerizaciones y los contratos basura. Las empresas m\u00e1s importantes siguieron en su enorme mayor\u00eda en manos extranjeras. No fue tocada la propiedad de la principal fuente de riqueza en el pa\u00eds: la tierra.<\/p>\n<p>Con el impacto de la crisis mundial de 2008, empez\u00f3 a cambiar el \u201cviento favorable\u201d, y las variables econ\u00f3micas volvieron a tener una tendencia descendente. Con el paso del tiempo, el super\u00e1vit tendi\u00f3 a convertirse en d\u00e9ficit. Lentamente se vieron erosionadas las mejoras del per\u00edodo anterior.<\/p>\n<p>Los problemas latentes, que hab\u00edan quedado sin resolver, se manifestaron de manera dram\u00e1tica en muchas oportunidades. Los episodios agudos de saqueos en masa, los grandes apagones, las inundaciones, los reiterados \u201caccidentes\u201d ferroviarios. La crisis del Parque Indoamericano, los reiterados estudiantazos secundarios, etc., revelaron que en el mejor de los casos la \u201cd\u00e9cada ganada\u201d dej\u00f3 enormes agujeros.<\/p>\n<p>La inflaci\u00f3n creciente, el esquema de recaudaci\u00f3n impositiva retr\u00f3grada (que confisca a los trabajadores, tanto con el IVA como con el impuesto al salario), y el declive de los \u00faltimos a\u00f1os en la actividad econ\u00f3mica \u2013llevando a suspensiones y despidos por doquier-, perjudicaron la situaci\u00f3n econ\u00f3mica inclusive entre los trabajadores con empleo, llevando concretamente a una marcada ca\u00edda en el poder adquisitivo del salario y por ende del nivel de vida.<\/p>\n<p><strong>La derecha capitaliza los problemas sin resolver<\/strong><\/p>\n<p>El kirchnerismo, por lo tanto, fue desgastando su propia base social: los trabajadores y los sectores populares. No como producto de \u201chaber elevado el nivel de vida\u201d y \u201cgenerado una clase media que ahora se cree olig\u00e1rquica\u201d (como reza un falso balance c\u00edclico kirchnerista que circula por las redes sociales), sino precisamente por no haber logrado generar una transformaci\u00f3n cualitativa, por no haber cambiado de ra\u00edz la matriz econ\u00f3mica, la estructura social, las instituciones pol\u00edticas (m\u00e1s all\u00e1 de las mejoras parciales y temporales que se puedan haber obtenido en algunos sectores).<\/p>\n<p>Por otro lado, a lo largo de la d\u00e9cada se fue abriendo paso un movimiento pol\u00edtico-social de un fuerte contenido <strong>conservador,<\/strong> estructurado alrededor de sectores tradicionales de la clase alta y media-alta: los propietarios rurales (millonarios en muchos casos), la famosa \u201ccorpo\u201d (determinados grupos econ\u00f3micos y medi\u00e1ticos de oposici\u00f3n), grupos institucionales (sectores del propio aparato de Estado como el Poder Judicial), etc. Sectores pol\u00edtico-sociales que pudieron avanzar durante estos doce a\u00f1os porque el kirchnerismo no tom\u00f3 ninguna medida de fondo que avanzara contra su poder econ\u00f3mico, pol\u00edtico, social, medi\u00e1tico. Por el contrario, como reconoce el propio kirchnerismo, <strong>se enriquecieron m\u00e1s que nunca<\/strong>.<\/p>\n<p>Estos sectores, que socialmente son <strong>minoritarios <\/strong>(ya que, a diferencia de las fantas\u00edas kirchneristas, no existen en el pa\u00eds millones de personas acaudaladas), lograron dominar las calles en varias ocasiones: en 2008 con el conflicto gobierno-campo, en 2012 con los cacerolazos contra el cepo al d\u00f3lar, en 2015 con el caso Nisman, etc. Este movimiento pol\u00edtico-social conservador en diferentes momentos logr\u00f3 capitalizar el desgaste del gobierno en su propia base social. As\u00ed es como la derecha gan\u00f3 en 2009 las elecciones legislativas en la Provincia de Buenos Aires (De Narv\u00e1ez), y volvi\u00f3 a hacerlo nuevamente en 2013 (Massa).<\/p>\n<p>Lo que ocurri\u00f3 en las elecciones del domingo pasado va en el mismo sentido. La derecha consigui\u00f3, a trav\u00e9s de la mediaci\u00f3n de ese movimiento pol\u00edtico-social conservador, ocupar el vac\u00edo pol\u00edtico que el kirchnerismo dej\u00f3 con su desgaste y su crisis. Sectores populares (no necesariamente \u201cclase media\u201d y mucho menos \u201cque se cree oligarqu\u00eda\u201d) votaron a Macri porque no creen m\u00e1s en el gobierno K,\u00a0 y porque quieren un cambio en el rumbo del pa\u00eds. Que esto se haya expresado por derecha es producto de la ausencia en las calles de un amplio movimiento pol\u00edtico-social progresivo, que ponga en el centro los reclamos de los trabajadores, las mujeres y la juventud.<\/p>\n<p>En s\u00edntesis, lo que fracas\u00f3 con el kirchnerismo es la estrategia de intentar hacer peque\u00f1os cambios en el marco de lo existente, sin hacer ninguna transformaci\u00f3n estructural en ninguno de los terrenos m\u00e1s importantes.<\/p>\n<p><strong>Preparar una salida independiente<\/strong><\/p>\n<p>El escenario que queda planteado para el ballotage es por lo tanto el de la contraposici\u00f3n entre un kirchnerismo en plena decadencia, comandado por su ala m\u00e1s derechista y noventista (Scioli), y el de la derecha cl\u00e1sica (Macri). El voto a Scioli en ning\u00fan caso permitir\u00eda frenar la crisis pol\u00edtica del kirchnerismo, ni solucionar los problemas econ\u00f3micos y sociales que el kirchnerismo no solucion\u00f3 en doce a\u00f1os. Por el contrario, el rumbo conservador del sciolismo agravar\u00eda todos los problemas. Por eso, no s\u00f3lo Scioli no es una salida para los trabajadores y los sectores populares, sino que ni siquiera sirve realmente como un freno contra el macrismo.<\/p>\n<p>Por eso desde el Nuevo MAS nos mantenemos firmes en nuestro llamado al voto en blanco, para preparar una verdadera salida a la crisis y los ajustes, tomando las calles con los trabajadores, las mujeres y la juventud. La salida pasa por una refundaci\u00f3n completa del pa\u00eds sobre bases opuestas a las actuales: por una alternativa socialista.<\/p>\n<p><a href=\"https:\/\/www.mas.org.ar\/?p=7037#_ftnref1\" name=\"_ftn1\">[1]<\/a> Hay que aclarar sin embargo que no nos referimos a esto con un partido de tipo \u201cfascista\u201d, que implicar\u00eda otro tipo de elementos \u2013grupos de choque, aplastamiento f\u00edsico de la oposici\u00f3n, etc-. Se trata m\u00e1s exactamente de un partido de \u201cderecha republicana\u201d o institucional, de ideolog\u00eda neoliberal en lo econ\u00f3mico y liberal-burgu\u00e9s en lo pol\u00edtico. Podr\u00eda usarse en ese sentido la etiqueta de \u201ccentroderecha\u201d.<\/p>\n<p>&nbsp;<\/p>\n","protected":false},"excerpt":{"rendered":"<p>M\u00e1s all\u00e1 de que Scioli obtuvo el primer puesto en las elecciones del domingo pasado, resulta evidente a todas luces que fue el gran derrotado de la votaci\u00f3n. No s\u00f3lo fracas\u00f3 el operativo \u201ctriunfo en primera vuelta\u201d, sino que qued\u00f3 pr\u00e1cticamente empatado con Macri. El triunfo del PRO a la gobernaci\u00f3n de Provincia de Buenos [&hellip;]<\/p>\n","protected":false},"author":8,"featured_media":6720,"comment_status":"closed","ping_status":"closed","sticky":false,"template":"","format":"standard","meta":{"footnotes":""},"categories":[122,1656],"tags":[1168,1392],"class_list":{"0":"post-6719","1":"post","2":"type-post","3":"status-publish","4":"format-standard","5":"has-post-thumbnail","7":"category-america-latina-y-el-caribe","8":"category-argentina","9":"tag-ale-kur","10":"tag-edicion-5"},"yoast_head":"<!-- This site is optimized with the Yoast SEO plugin v27.5 - https:\/\/yoast.com\/product\/yoast-seo-wordpress\/ -->\n<title>\u00bfPor qu\u00e9 avanz\u00f3 la derecha en estas elecciones? - Socialismo o Barbarie<\/title>\n<meta name=\"robots\" content=\"index, follow, max-snippet:-1, max-image-preview:large, max-video-preview:-1\" \/>\n<link rel=\"canonical\" href=\"https:\/\/www.socialismoobarbarie.org\/?p=6719\" \/>\n<meta property=\"og:locale\" content=\"es_ES\" \/>\n<meta property=\"og:type\" content=\"article\" \/>\n<meta property=\"og:title\" content=\"\u00bfPor qu\u00e9 avanz\u00f3 la derecha en estas elecciones? - Socialismo o Barbarie\" \/>\n<meta property=\"og:description\" content=\"M\u00e1s all\u00e1 de que Scioli obtuvo el primer puesto en las elecciones del domingo pasado, resulta evidente a todas luces que fue el gran derrotado de la votaci\u00f3n. No s\u00f3lo fracas\u00f3 el operativo \u201ctriunfo en primera vuelta\u201d, sino que qued\u00f3 pr\u00e1cticamente empatado con Macri. El triunfo del PRO a la gobernaci\u00f3n de Provincia de Buenos [&hellip;]\" \/>\n<meta property=\"og:url\" content=\"https:\/\/www.socialismoobarbarie.org\/?p=6719\" \/>\n<meta property=\"og:site_name\" content=\"Socialismo o Barbarie\" \/>\n<meta property=\"article:published_time\" content=\"2015-10-29T21:00:00+00:00\" \/>\n<meta property=\"article:modified_time\" content=\"2019-11-20T04:01:13+00:00\" \/>\n<meta property=\"og:image\" content=\"https:\/\/www.socialismoobarbarie.org\/wp-content\/uploads\/2015\/10\/macri-e1446136265406.jpg\" \/>\n\t<meta property=\"og:image:width\" content=\"700\" \/>\n\t<meta property=\"og:image:height\" content=\"393\" \/>\n\t<meta property=\"og:image:type\" content=\"image\/jpeg\" \/>\n<meta name=\"author\" content=\"SOB\" \/>\n<meta name=\"twitter:card\" content=\"summary_large_image\" \/>\n<meta name=\"twitter:label1\" content=\"Escrito por\" \/>\n\t<meta name=\"twitter:data1\" content=\"SOB\" \/>\n\t<meta name=\"twitter:label2\" content=\"Tiempo de lectura\" \/>\n\t<meta name=\"twitter:data2\" content=\"10 minutos\" \/>\n<script type=\"application\/ld+json\" class=\"yoast-schema-graph\">{\"@context\":\"https:\\\/\\\/schema.org\",\"@graph\":[{\"@type\":\"Article\",\"@id\":\"https:\\\/\\\/www.socialismoobarbarie.org\\\/?p=6719#article\",\"isPartOf\":{\"@id\":\"https:\\\/\\\/www.socialismoobarbarie.org\\\/?p=6719\"},\"author\":{\"name\":\"SOB\",\"@id\":\"https:\\\/\\\/www.socialismoobarbarie.org\\\/#\\\/schema\\\/person\\\/bc1c3b321d47ed092405949c77e35a8e\"},\"headline\":\"\u00bfPor qu\u00e9 avanz\u00f3 la derecha en estas elecciones?\",\"datePublished\":\"2015-10-29T21:00:00+00:00\",\"dateModified\":\"2019-11-20T04:01:13+00:00\",\"mainEntityOfPage\":{\"@id\":\"https:\\\/\\\/www.socialismoobarbarie.org\\\/?p=6719\"},\"wordCount\":2060,\"publisher\":{\"@id\":\"https:\\\/\\\/www.socialismoobarbarie.org\\\/#organization\"},\"image\":{\"@id\":\"https:\\\/\\\/www.socialismoobarbarie.org\\\/?p=6719#primaryimage\"},\"thumbnailUrl\":\"https:\\\/\\\/www.socialismoobarbarie.org\\\/wp-content\\\/uploads\\\/2015\\\/10\\\/macri-e1446136265406.jpg\",\"keywords\":[\"Ale Kur\",\"Edicion 5\"],\"articleSection\":[\"Am\u00e9rica Latina\",\"Argentina\"],\"inLanguage\":\"es\"},{\"@type\":\"WebPage\",\"@id\":\"https:\\\/\\\/www.socialismoobarbarie.org\\\/?p=6719\",\"url\":\"https:\\\/\\\/www.socialismoobarbarie.org\\\/?p=6719\",\"name\":\"\u00bfPor qu\u00e9 avanz\u00f3 la derecha en estas elecciones? - Socialismo o Barbarie\",\"isPartOf\":{\"@id\":\"https:\\\/\\\/www.socialismoobarbarie.org\\\/#website\"},\"primaryImageOfPage\":{\"@id\":\"https:\\\/\\\/www.socialismoobarbarie.org\\\/?p=6719#primaryimage\"},\"image\":{\"@id\":\"https:\\\/\\\/www.socialismoobarbarie.org\\\/?p=6719#primaryimage\"},\"thumbnailUrl\":\"https:\\\/\\\/www.socialismoobarbarie.org\\\/wp-content\\\/uploads\\\/2015\\\/10\\\/macri-e1446136265406.jpg\",\"datePublished\":\"2015-10-29T21:00:00+00:00\",\"dateModified\":\"2019-11-20T04:01:13+00:00\",\"breadcrumb\":{\"@id\":\"https:\\\/\\\/www.socialismoobarbarie.org\\\/?p=6719#breadcrumb\"},\"inLanguage\":\"es\",\"potentialAction\":[{\"@type\":\"ReadAction\",\"target\":[\"https:\\\/\\\/www.socialismoobarbarie.org\\\/?p=6719\"]}]},{\"@type\":\"ImageObject\",\"inLanguage\":\"es\",\"@id\":\"https:\\\/\\\/www.socialismoobarbarie.org\\\/?p=6719#primaryimage\",\"url\":\"https:\\\/\\\/www.socialismoobarbarie.org\\\/wp-content\\\/uploads\\\/2015\\\/10\\\/macri-e1446136265406.jpg\",\"contentUrl\":\"https:\\\/\\\/www.socialismoobarbarie.org\\\/wp-content\\\/uploads\\\/2015\\\/10\\\/macri-e1446136265406.jpg\",\"width\":700,\"height\":393},{\"@type\":\"BreadcrumbList\",\"@id\":\"https:\\\/\\\/www.socialismoobarbarie.org\\\/?p=6719#breadcrumb\",\"itemListElement\":[{\"@type\":\"ListItem\",\"position\":1,\"name\":\"Portada\",\"item\":\"https:\\\/\\\/www.socialismoobarbarie.org\\\/\"},{\"@type\":\"ListItem\",\"position\":2,\"name\":\"\u00bfPor qu\u00e9 avanz\u00f3 la derecha en estas elecciones?\"}]},{\"@type\":\"WebSite\",\"@id\":\"https:\\\/\\\/www.socialismoobarbarie.org\\\/#website\",\"url\":\"https:\\\/\\\/www.socialismoobarbarie.org\\\/\",\"name\":\"Socialismo o Barbarie\",\"description\":\"Sitio web de la corriente internacional Socialismo o Barbarie\",\"publisher\":{\"@id\":\"https:\\\/\\\/www.socialismoobarbarie.org\\\/#organization\"},\"potentialAction\":[{\"@type\":\"SearchAction\",\"target\":{\"@type\":\"EntryPoint\",\"urlTemplate\":\"https:\\\/\\\/www.socialismoobarbarie.org\\\/?s={search_term_string}\"},\"query-input\":{\"@type\":\"PropertyValueSpecification\",\"valueRequired\":true,\"valueName\":\"search_term_string\"}}],\"inLanguage\":\"es\"},{\"@type\":\"Organization\",\"@id\":\"https:\\\/\\\/www.socialismoobarbarie.org\\\/#organization\",\"name\":\"Socialismo o Barbarie\",\"url\":\"https:\\\/\\\/www.socialismoobarbarie.org\\\/\",\"logo\":{\"@type\":\"ImageObject\",\"inLanguage\":\"es\",\"@id\":\"https:\\\/\\\/www.socialismoobarbarie.org\\\/#\\\/schema\\\/logo\\\/image\\\/\",\"url\":\"https:\\\/\\\/www.socialismoobarbarie.org\\\/wp-content\\\/uploads\\\/2025\\\/02\\\/soblogoweb-2025.png\",\"contentUrl\":\"https:\\\/\\\/www.socialismoobarbarie.org\\\/wp-content\\\/uploads\\\/2025\\\/02\\\/soblogoweb-2025.png\",\"width\":450,\"height\":161,\"caption\":\"Socialismo o Barbarie\"},\"image\":{\"@id\":\"https:\\\/\\\/www.socialismoobarbarie.org\\\/#\\\/schema\\\/logo\\\/image\\\/\"}},{\"@type\":\"Person\",\"@id\":\"https:\\\/\\\/www.socialismoobarbarie.org\\\/#\\\/schema\\\/person\\\/bc1c3b321d47ed092405949c77e35a8e\",\"name\":\"SOB\",\"url\":\"https:\\\/\\\/www.socialismoobarbarie.org\\\/?author=8\"}]}<\/script>\n<!-- \/ Yoast SEO plugin. -->","yoast_head_json":{"title":"\u00bfPor qu\u00e9 avanz\u00f3 la derecha en estas elecciones? - Socialismo o Barbarie","robots":{"index":"index","follow":"follow","max-snippet":"max-snippet:-1","max-image-preview":"max-image-preview:large","max-video-preview":"max-video-preview:-1"},"canonical":"https:\/\/www.socialismoobarbarie.org\/?p=6719","og_locale":"es_ES","og_type":"article","og_title":"\u00bfPor qu\u00e9 avanz\u00f3 la derecha en estas elecciones? - Socialismo o Barbarie","og_description":"M\u00e1s all\u00e1 de que Scioli obtuvo el primer puesto en las elecciones del domingo pasado, resulta evidente a todas luces que fue el gran derrotado de la votaci\u00f3n. No s\u00f3lo fracas\u00f3 el operativo \u201ctriunfo en primera vuelta\u201d, sino que qued\u00f3 pr\u00e1cticamente empatado con Macri. El triunfo del PRO a la gobernaci\u00f3n de Provincia de Buenos [&hellip;]","og_url":"https:\/\/www.socialismoobarbarie.org\/?p=6719","og_site_name":"Socialismo o Barbarie","article_published_time":"2015-10-29T21:00:00+00:00","article_modified_time":"2019-11-20T04:01:13+00:00","og_image":[{"width":700,"height":393,"url":"https:\/\/www.socialismoobarbarie.org\/wp-content\/uploads\/2015\/10\/macri-e1446136265406.jpg","type":"image\/jpeg"}],"author":"SOB","twitter_card":"summary_large_image","twitter_misc":{"Escrito por":"SOB","Tiempo de lectura":"10 minutos"},"schema":{"@context":"https:\/\/schema.org","@graph":[{"@type":"Article","@id":"https:\/\/www.socialismoobarbarie.org\/?p=6719#article","isPartOf":{"@id":"https:\/\/www.socialismoobarbarie.org\/?p=6719"},"author":{"name":"SOB","@id":"https:\/\/www.socialismoobarbarie.org\/#\/schema\/person\/bc1c3b321d47ed092405949c77e35a8e"},"headline":"\u00bfPor qu\u00e9 avanz\u00f3 la derecha en estas elecciones?","datePublished":"2015-10-29T21:00:00+00:00","dateModified":"2019-11-20T04:01:13+00:00","mainEntityOfPage":{"@id":"https:\/\/www.socialismoobarbarie.org\/?p=6719"},"wordCount":2060,"publisher":{"@id":"https:\/\/www.socialismoobarbarie.org\/#organization"},"image":{"@id":"https:\/\/www.socialismoobarbarie.org\/?p=6719#primaryimage"},"thumbnailUrl":"https:\/\/www.socialismoobarbarie.org\/wp-content\/uploads\/2015\/10\/macri-e1446136265406.jpg","keywords":["Ale Kur","Edicion 5"],"articleSection":["Am\u00e9rica Latina","Argentina"],"inLanguage":"es"},{"@type":"WebPage","@id":"https:\/\/www.socialismoobarbarie.org\/?p=6719","url":"https:\/\/www.socialismoobarbarie.org\/?p=6719","name":"\u00bfPor qu\u00e9 avanz\u00f3 la derecha en estas elecciones? - Socialismo o Barbarie","isPartOf":{"@id":"https:\/\/www.socialismoobarbarie.org\/#website"},"primaryImageOfPage":{"@id":"https:\/\/www.socialismoobarbarie.org\/?p=6719#primaryimage"},"image":{"@id":"https:\/\/www.socialismoobarbarie.org\/?p=6719#primaryimage"},"thumbnailUrl":"https:\/\/www.socialismoobarbarie.org\/wp-content\/uploads\/2015\/10\/macri-e1446136265406.jpg","datePublished":"2015-10-29T21:00:00+00:00","dateModified":"2019-11-20T04:01:13+00:00","breadcrumb":{"@id":"https:\/\/www.socialismoobarbarie.org\/?p=6719#breadcrumb"},"inLanguage":"es","potentialAction":[{"@type":"ReadAction","target":["https:\/\/www.socialismoobarbarie.org\/?p=6719"]}]},{"@type":"ImageObject","inLanguage":"es","@id":"https:\/\/www.socialismoobarbarie.org\/?p=6719#primaryimage","url":"https:\/\/www.socialismoobarbarie.org\/wp-content\/uploads\/2015\/10\/macri-e1446136265406.jpg","contentUrl":"https:\/\/www.socialismoobarbarie.org\/wp-content\/uploads\/2015\/10\/macri-e1446136265406.jpg","width":700,"height":393},{"@type":"BreadcrumbList","@id":"https:\/\/www.socialismoobarbarie.org\/?p=6719#breadcrumb","itemListElement":[{"@type":"ListItem","position":1,"name":"Portada","item":"https:\/\/www.socialismoobarbarie.org\/"},{"@type":"ListItem","position":2,"name":"\u00bfPor qu\u00e9 avanz\u00f3 la derecha en estas elecciones?"}]},{"@type":"WebSite","@id":"https:\/\/www.socialismoobarbarie.org\/#website","url":"https:\/\/www.socialismoobarbarie.org\/","name":"Socialismo o Barbarie","description":"Sitio web de la corriente internacional Socialismo o Barbarie","publisher":{"@id":"https:\/\/www.socialismoobarbarie.org\/#organization"},"potentialAction":[{"@type":"SearchAction","target":{"@type":"EntryPoint","urlTemplate":"https:\/\/www.socialismoobarbarie.org\/?s={search_term_string}"},"query-input":{"@type":"PropertyValueSpecification","valueRequired":true,"valueName":"search_term_string"}}],"inLanguage":"es"},{"@type":"Organization","@id":"https:\/\/www.socialismoobarbarie.org\/#organization","name":"Socialismo o Barbarie","url":"https:\/\/www.socialismoobarbarie.org\/","logo":{"@type":"ImageObject","inLanguage":"es","@id":"https:\/\/www.socialismoobarbarie.org\/#\/schema\/logo\/image\/","url":"https:\/\/www.socialismoobarbarie.org\/wp-content\/uploads\/2025\/02\/soblogoweb-2025.png","contentUrl":"https:\/\/www.socialismoobarbarie.org\/wp-content\/uploads\/2025\/02\/soblogoweb-2025.png","width":450,"height":161,"caption":"Socialismo o Barbarie"},"image":{"@id":"https:\/\/www.socialismoobarbarie.org\/#\/schema\/logo\/image\/"}},{"@type":"Person","@id":"https:\/\/www.socialismoobarbarie.org\/#\/schema\/person\/bc1c3b321d47ed092405949c77e35a8e","name":"SOB","url":"https:\/\/www.socialismoobarbarie.org\/?author=8"}]}},"_links":{"self":[{"href":"https:\/\/www.socialismoobarbarie.org\/index.php?rest_route=\/wp\/v2\/posts\/6719","targetHints":{"allow":["GET"]}}],"collection":[{"href":"https:\/\/www.socialismoobarbarie.org\/index.php?rest_route=\/wp\/v2\/posts"}],"about":[{"href":"https:\/\/www.socialismoobarbarie.org\/index.php?rest_route=\/wp\/v2\/types\/post"}],"author":[{"embeddable":true,"href":"https:\/\/www.socialismoobarbarie.org\/index.php?rest_route=\/wp\/v2\/users\/8"}],"replies":[{"embeddable":true,"href":"https:\/\/www.socialismoobarbarie.org\/index.php?rest_route=%2Fwp%2Fv2%2Fcomments&post=6719"}],"version-history":[{"count":1,"href":"https:\/\/www.socialismoobarbarie.org\/index.php?rest_route=\/wp\/v2\/posts\/6719\/revisions"}],"predecessor-version":[{"id":6721,"href":"https:\/\/www.socialismoobarbarie.org\/index.php?rest_route=\/wp\/v2\/posts\/6719\/revisions\/6721"}],"wp:featuredmedia":[{"embeddable":true,"href":"https:\/\/www.socialismoobarbarie.org\/index.php?rest_route=\/wp\/v2\/media\/6720"}],"wp:attachment":[{"href":"https:\/\/www.socialismoobarbarie.org\/index.php?rest_route=%2Fwp%2Fv2%2Fmedia&parent=6719"}],"wp:term":[{"taxonomy":"category","embeddable":true,"href":"https:\/\/www.socialismoobarbarie.org\/index.php?rest_route=%2Fwp%2Fv2%2Fcategories&post=6719"},{"taxonomy":"post_tag","embeddable":true,"href":"https:\/\/www.socialismoobarbarie.org\/index.php?rest_route=%2Fwp%2Fv2%2Ftags&post=6719"}],"curies":[{"name":"wp","href":"https:\/\/api.w.org\/{rel}","templated":true}]}}