{"id":6814,"date":"2015-11-14T14:41:46","date_gmt":"2015-11-14T17:41:46","guid":{"rendered":"https:\/\/www.socialismoobarbarie.org\/?p=6814"},"modified":"2015-12-24T15:53:46","modified_gmt":"2015-12-24T18:53:46","slug":"nous-condamnons-le-barbare-attentat-terroriste-a-paris","status":"publish","type":"post","link":"https:\/\/www.socialismoobarbarie.org\/?p=6814","title":{"rendered":"Nous condamnons le barbare attentat terroriste \u00e0 Paris"},"content":{"rendered":"<p style=\"text-align: justify;\">Il y a quelques heures, ces r\u00e9actionnaires ont mis des bombes dans les rues d\u2019un quartier populaire de Beyrouth, provocant autour d\u2019une cinquantaine de morts. Maintenant ils sont en train de commettre une autre massacre qui peut surpasser la premi\u00e8re.<\/p>\n<p style=\"text-align: justify;\">En outre, ils ont pris l\u2019historique th\u00e9\u00e2tre\u00a0 Bataclan, o\u00f9 ils auraient pris en otages des centaines de spectateurs qui courent le risque d\u2019\u00eatre tu\u00e9s [le bilan \u00e0 l\u2019h\u00e9ure de traduire ce communiqu\u00e9 est de plus de 120 morts].<\/p>\n<p style=\"text-align: justify;\">Le Courant International Socialisme ou Barbarie r\u00e9pudie fermement cette attaque inf\u00e2me et l\u00e2che, ainsi que celle de Beyrouth.<\/p>\n<p style=\"text-align: justify;\">Il n&#8217;y a aucune excuse qui puisse justifier cette barbarie. La seule cons\u00e9quence de ces massacres, en plus rivi\u00e8res de sang qu\u2019elles causent, c\u2019est de renforcer en Europe (et en Occident) \u00e0 l\u2019extr\u00eame droite, ennemie des travailleurs de toutes les religions et nationalit\u00e9s, qui capitalise le racisme et l&#8217;islamophobie que renforcent ces attaques. Et au Moyen Orient, les autres grands b\u00e9n\u00e9ficiaires sont des dictatures militaires, tels que celle d&#8217;Al-Sisi en Egypte, qui, gr\u00e2ce au fascisme islamiste peuvent se montrer comme \u00ab\u00a0d\u00e9fenseurs\u00a0\u00bb des droits de l&#8217;homme et des libert\u00e9s.<\/p>\n<p style=\"text-align: justify;\">Maintenant, gr\u00e2ce \u00e0 ces attaques et \u00e0 ces bestialit\u00e9s, Washington, les imp\u00e9rialismes europ\u00e9ens, et \u00e9galement le Kremlin auront des arguments pour justifier une intervention militaire au Moyen-Orient et aussi des mesures pour renforcer la police et l&#8217;appareil r\u00e9pressif dans leurs propres pays&#8230; Quelque chose qui leur convient beaucoup, dans une situation dans laquelle tous cherchent \u00e0 imposer de plus en plus \u00ab l\u2019aust\u00e9rit\u00e9 \u00bb, les salaires de mis\u00e8re, la d\u00e9r\u00e9glementation du travail et la liquidation des derniers vestiges de \u00ab l\u2019\u00c9tat-providence \u00bb !<\/p>\n<p style=\"text-align: justify;\">Ce n&#8217;est pas par hasard que, \u00e0 ces heures, soit d\u00e9cr\u00e9t\u00e9 l\u2019\u00e9tat d\u2019urgence, qui est pr\u00e9sent\u00e9 comme justifi\u00e9 du fait de l&#8217;attaque en cours, mais qui peut \u00e9galement \u00eatre utilis\u00e9 contre toute manifestation ou l\u00e9gitime revendication qui vienne d&#8217;en bas.<\/p>\n<p style=\"text-align: justify;\">Pour tout cela, en m\u00eame temps que nous appelons \u00e0 r\u00e9pudier les attaques massivement, nous appelons \u00e0 serrer les rangs contre le cours vers la droite qui va \u00eatre encourag\u00e9 en profitant de la barbarie islamiste. Le moyen de d\u00e9noncer cette barbarie, ce n&#8217;est pas \u00ab l\u2019unit\u00e9 nationale \u00bb \u00e0 laquelle s\u00fbrement appellera \u00a0le gouvernement d\u2019Hollande \u00a0et les organisations de ceux d\u2019en haut, mais la r\u00e9pudiation et la mobilisation par en bas.<\/p>\n<p style=\"text-align: justify;\">Les travailleurs, les jeunes et l\u2019extr\u00eame gauche, devons imm\u00e9diatement nous unir et nous faire entendre, pour faire face \u00e0 cette situation d&#8217;une mani\u00e8re totalement ind\u00e9pendante des gouvernements et des partis du r\u00e9gime et des capitalistes.<\/p>\n","protected":false},"excerpt":{"rendered":"<p>Il y a quelques heures, ces r\u00e9actionnaires ont mis des bombes dans les rues d\u2019un quartier populaire de Beyrouth, provocant autour d\u2019une cinquantaine de morts. Maintenant ils sont en train de commettre une autre massacre qui peut surpasser la premi\u00e8re. En outre, ils ont pris l\u2019historique th\u00e9\u00e2tre\u00a0 Bataclan, o\u00f9 ils auraient pris en otages des [&hellip;]<\/p>\n","protected":false},"author":8,"featured_media":6815,"comment_status":"closed","ping_status":"closed","sticky":false,"template":"","format":"standard","meta":{"footnotes":""},"categories":[467],"tags":[],"class_list":{"0":"post-6814","1":"post","2":"type-post","3":"status-publish","4":"format-standard","5":"has-post-thumbnail","7":"category-french"},"yoast_head":"<!-- This site is optimized with the Yoast SEO plugin v28.2 - https:\/\/yoast.com\/product\/yoast-seo-wordpress\/ -->\n<title>Nous condamnons le barbare attentat terroriste \u00e0 Paris - Socialismo o Barbarie<\/title>\n<meta name=\"robots\" content=\"index, follow, max-snippet:-1, max-image-preview:large, max-video-preview:-1\" \/>\n<link rel=\"canonical\" href=\"https:\/\/www.socialismoobarbarie.org\/?p=6814\" \/>\n<meta property=\"og:locale\" content=\"es_ES\" \/>\n<meta property=\"og:type\" content=\"article\" \/>\n<meta property=\"og:title\" content=\"Nous condamnons le barbare attentat terroriste \u00e0 Paris - Socialismo o Barbarie\" \/>\n<meta property=\"og:description\" content=\"Il y a quelques heures, ces r\u00e9actionnaires ont mis des bombes dans les rues d\u2019un quartier populaire de Beyrouth, provocant autour d\u2019une cinquantaine de morts. Maintenant ils sont en train de commettre une autre massacre qui peut surpasser la premi\u00e8re. En outre, ils ont pris l\u2019historique th\u00e9\u00e2tre\u00a0 Bataclan, o\u00f9 ils auraient pris en otages des [&hellip;]\" \/>\n<meta property=\"og:url\" content=\"https:\/\/www.socialismoobarbarie.org\/?p=6814\" \/>\n<meta property=\"og:site_name\" content=\"Socialismo o Barbarie\" \/>\n<meta property=\"article:published_time\" content=\"2015-11-14T17:41:46+00:00\" \/>\n<meta property=\"article:modified_time\" content=\"2015-12-24T18:53:46+00:00\" \/>\n<meta property=\"og:image\" content=\"https:\/\/www.socialismoobarbarie.org\/wp-content\/uploads\/2015\/11\/151114-atentados-paris.jpg\" \/>\n\t<meta property=\"og:image:width\" content=\"700\" \/>\n\t<meta property=\"og:image:height\" content=\"474\" \/>\n\t<meta property=\"og:image:type\" content=\"image\/jpeg\" \/>\n<meta name=\"author\" content=\"SOB\" \/>\n<meta name=\"twitter:card\" content=\"summary_large_image\" \/>\n<meta name=\"twitter:label1\" content=\"Escrito por\" \/>\n\t<meta name=\"twitter:data1\" content=\"SOB\" \/>\n\t<meta name=\"twitter:label2\" content=\"Tiempo de lectura\" \/>\n\t<meta name=\"twitter:data2\" content=\"2 minutos\" \/>\n<script type=\"application\/ld+json\" class=\"yoast-schema-graph\">{\"@context\":\"https:\\\/\\\/schema.org\",\"@graph\":[{\"@type\":\"Article\",\"@id\":\"https:\\\/\\\/www.socialismoobarbarie.org\\\/?p=6814#article\",\"isPartOf\":{\"@id\":\"https:\\\/\\\/www.socialismoobarbarie.org\\\/?p=6814\"},\"author\":{\"name\":\"SOB\",\"@id\":\"https:\\\/\\\/www.socialismoobarbarie.org\\\/#\\\/schema\\\/person\\\/bc1c3b321d47ed092405949c77e35a8e\"},\"headline\":\"Nous condamnons le barbare attentat terroriste \u00e0 Paris\",\"datePublished\":\"2015-11-14T17:41:46+00:00\",\"dateModified\":\"2015-12-24T18:53:46+00:00\",\"mainEntityOfPage\":{\"@id\":\"https:\\\/\\\/www.socialismoobarbarie.org\\\/?p=6814\"},\"wordCount\":469,\"publisher\":{\"@id\":\"https:\\\/\\\/www.socialismoobarbarie.org\\\/#organization\"},\"image\":{\"@id\":\"https:\\\/\\\/www.socialismoobarbarie.org\\\/?p=6814#primaryimage\"},\"thumbnailUrl\":\"https:\\\/\\\/www.socialismoobarbarie.org\\\/wp-content\\\/uploads\\\/2015\\\/11\\\/151114-atentados-paris.jpg\",\"articleSection\":[\"Fran\u00e7ais\"],\"inLanguage\":\"es\"},{\"@type\":\"WebPage\",\"@id\":\"https:\\\/\\\/www.socialismoobarbarie.org\\\/?p=6814\",\"url\":\"https:\\\/\\\/www.socialismoobarbarie.org\\\/?p=6814\",\"name\":\"Nous condamnons le barbare attentat terroriste \u00e0 Paris - Socialismo o Barbarie\",\"isPartOf\":{\"@id\":\"https:\\\/\\\/www.socialismoobarbarie.org\\\/#website\"},\"primaryImageOfPage\":{\"@id\":\"https:\\\/\\\/www.socialismoobarbarie.org\\\/?p=6814#primaryimage\"},\"image\":{\"@id\":\"https:\\\/\\\/www.socialismoobarbarie.org\\\/?p=6814#primaryimage\"},\"thumbnailUrl\":\"https:\\\/\\\/www.socialismoobarbarie.org\\\/wp-content\\\/uploads\\\/2015\\\/11\\\/151114-atentados-paris.jpg\",\"datePublished\":\"2015-11-14T17:41:46+00:00\",\"dateModified\":\"2015-12-24T18:53:46+00:00\",\"breadcrumb\":{\"@id\":\"https:\\\/\\\/www.socialismoobarbarie.org\\\/?p=6814#breadcrumb\"},\"inLanguage\":\"es\",\"potentialAction\":[{\"@type\":\"ReadAction\",\"target\":[\"https:\\\/\\\/www.socialismoobarbarie.org\\\/?p=6814\"]}]},{\"@type\":\"ImageObject\",\"inLanguage\":\"es\",\"@id\":\"https:\\\/\\\/www.socialismoobarbarie.org\\\/?p=6814#primaryimage\",\"url\":\"https:\\\/\\\/www.socialismoobarbarie.org\\\/wp-content\\\/uploads\\\/2015\\\/11\\\/151114-atentados-paris.jpg\",\"contentUrl\":\"https:\\\/\\\/www.socialismoobarbarie.org\\\/wp-content\\\/uploads\\\/2015\\\/11\\\/151114-atentados-paris.jpg\",\"width\":700,\"height\":474},{\"@type\":\"BreadcrumbList\",\"@id\":\"https:\\\/\\\/www.socialismoobarbarie.org\\\/?p=6814#breadcrumb\",\"itemListElement\":[{\"@type\":\"ListItem\",\"position\":1,\"name\":\"Portada\",\"item\":\"https:\\\/\\\/www.socialismoobarbarie.org\\\/\"},{\"@type\":\"ListItem\",\"position\":2,\"name\":\"Nous condamnons le barbare attentat terroriste \u00e0 Paris\"}]},{\"@type\":\"WebSite\",\"@id\":\"https:\\\/\\\/www.socialismoobarbarie.org\\\/#website\",\"url\":\"https:\\\/\\\/www.socialismoobarbarie.org\\\/\",\"name\":\"Socialismo o Barbarie\",\"description\":\"Sitio web de la corriente internacional Socialismo o Barbarie\",\"publisher\":{\"@id\":\"https:\\\/\\\/www.socialismoobarbarie.org\\\/#organization\"},\"potentialAction\":[{\"@type\":\"SearchAction\",\"target\":{\"@type\":\"EntryPoint\",\"urlTemplate\":\"https:\\\/\\\/www.socialismoobarbarie.org\\\/?s={search_term_string}\"},\"query-input\":{\"@type\":\"PropertyValueSpecification\",\"valueRequired\":true,\"valueName\":\"search_term_string\"}}],\"inLanguage\":\"es\"},{\"@type\":\"Organization\",\"@id\":\"https:\\\/\\\/www.socialismoobarbarie.org\\\/#organization\",\"name\":\"Socialismo o Barbarie\",\"url\":\"https:\\\/\\\/www.socialismoobarbarie.org\\\/\",\"logo\":{\"@type\":\"ImageObject\",\"inLanguage\":\"es\",\"@id\":\"https:\\\/\\\/www.socialismoobarbarie.org\\\/#\\\/schema\\\/logo\\\/image\\\/\",\"url\":\"https:\\\/\\\/www.socialismoobarbarie.org\\\/wp-content\\\/uploads\\\/2025\\\/02\\\/soblogoweb-2025.png\",\"contentUrl\":\"https:\\\/\\\/www.socialismoobarbarie.org\\\/wp-content\\\/uploads\\\/2025\\\/02\\\/soblogoweb-2025.png\",\"width\":450,\"height\":161,\"caption\":\"Socialismo o Barbarie\"},\"image\":{\"@id\":\"https:\\\/\\\/www.socialismoobarbarie.org\\\/#\\\/schema\\\/logo\\\/image\\\/\"}},{\"@type\":\"Person\",\"@id\":\"https:\\\/\\\/www.socialismoobarbarie.org\\\/#\\\/schema\\\/person\\\/bc1c3b321d47ed092405949c77e35a8e\",\"name\":\"SOB\",\"url\":\"https:\\\/\\\/www.socialismoobarbarie.org\\\/?author=8\"}]}<\/script>\n<!-- \/ Yoast SEO plugin. -->","yoast_head_json":{"title":"Nous condamnons le barbare attentat terroriste \u00e0 Paris - Socialismo o Barbarie","robots":{"index":"index","follow":"follow","max-snippet":"max-snippet:-1","max-image-preview":"max-image-preview:large","max-video-preview":"max-video-preview:-1"},"canonical":"https:\/\/www.socialismoobarbarie.org\/?p=6814","og_locale":"es_ES","og_type":"article","og_title":"Nous condamnons le barbare attentat terroriste \u00e0 Paris - Socialismo o Barbarie","og_description":"Il y a quelques heures, ces r\u00e9actionnaires ont mis des bombes dans les rues d\u2019un quartier populaire de Beyrouth, provocant autour d\u2019une cinquantaine de morts. Maintenant ils sont en train de commettre une autre massacre qui peut surpasser la premi\u00e8re. En outre, ils ont pris l\u2019historique th\u00e9\u00e2tre\u00a0 Bataclan, o\u00f9 ils auraient pris en otages des [&hellip;]","og_url":"https:\/\/www.socialismoobarbarie.org\/?p=6814","og_site_name":"Socialismo o Barbarie","article_published_time":"2015-11-14T17:41:46+00:00","article_modified_time":"2015-12-24T18:53:46+00:00","og_image":[{"width":700,"height":474,"url":"https:\/\/www.socialismoobarbarie.org\/wp-content\/uploads\/2015\/11\/151114-atentados-paris.jpg","type":"image\/jpeg"}],"author":"SOB","twitter_card":"summary_large_image","twitter_misc":{"Escrito por":"SOB","Tiempo de lectura":"2 minutos"},"schema":{"@context":"https:\/\/schema.org","@graph":[{"@type":"Article","@id":"https:\/\/www.socialismoobarbarie.org\/?p=6814#article","isPartOf":{"@id":"https:\/\/www.socialismoobarbarie.org\/?p=6814"},"author":{"name":"SOB","@id":"https:\/\/www.socialismoobarbarie.org\/#\/schema\/person\/bc1c3b321d47ed092405949c77e35a8e"},"headline":"Nous condamnons le barbare attentat terroriste \u00e0 Paris","datePublished":"2015-11-14T17:41:46+00:00","dateModified":"2015-12-24T18:53:46+00:00","mainEntityOfPage":{"@id":"https:\/\/www.socialismoobarbarie.org\/?p=6814"},"wordCount":469,"publisher":{"@id":"https:\/\/www.socialismoobarbarie.org\/#organization"},"image":{"@id":"https:\/\/www.socialismoobarbarie.org\/?p=6814#primaryimage"},"thumbnailUrl":"https:\/\/www.socialismoobarbarie.org\/wp-content\/uploads\/2015\/11\/151114-atentados-paris.jpg","articleSection":["Fran\u00e7ais"],"inLanguage":"es"},{"@type":"WebPage","@id":"https:\/\/www.socialismoobarbarie.org\/?p=6814","url":"https:\/\/www.socialismoobarbarie.org\/?p=6814","name":"Nous condamnons le barbare attentat terroriste \u00e0 Paris - Socialismo o Barbarie","isPartOf":{"@id":"https:\/\/www.socialismoobarbarie.org\/#website"},"primaryImageOfPage":{"@id":"https:\/\/www.socialismoobarbarie.org\/?p=6814#primaryimage"},"image":{"@id":"https:\/\/www.socialismoobarbarie.org\/?p=6814#primaryimage"},"thumbnailUrl":"https:\/\/www.socialismoobarbarie.org\/wp-content\/uploads\/2015\/11\/151114-atentados-paris.jpg","datePublished":"2015-11-14T17:41:46+00:00","dateModified":"2015-12-24T18:53:46+00:00","breadcrumb":{"@id":"https:\/\/www.socialismoobarbarie.org\/?p=6814#breadcrumb"},"inLanguage":"es","potentialAction":[{"@type":"ReadAction","target":["https:\/\/www.socialismoobarbarie.org\/?p=6814"]}]},{"@type":"ImageObject","inLanguage":"es","@id":"https:\/\/www.socialismoobarbarie.org\/?p=6814#primaryimage","url":"https:\/\/www.socialismoobarbarie.org\/wp-content\/uploads\/2015\/11\/151114-atentados-paris.jpg","contentUrl":"https:\/\/www.socialismoobarbarie.org\/wp-content\/uploads\/2015\/11\/151114-atentados-paris.jpg","width":700,"height":474},{"@type":"BreadcrumbList","@id":"https:\/\/www.socialismoobarbarie.org\/?p=6814#breadcrumb","itemListElement":[{"@type":"ListItem","position":1,"name":"Portada","item":"https:\/\/www.socialismoobarbarie.org\/"},{"@type":"ListItem","position":2,"name":"Nous condamnons le barbare attentat terroriste \u00e0 Paris"}]},{"@type":"WebSite","@id":"https:\/\/www.socialismoobarbarie.org\/#website","url":"https:\/\/www.socialismoobarbarie.org\/","name":"Socialismo o Barbarie","description":"Sitio web de la corriente internacional Socialismo o Barbarie","publisher":{"@id":"https:\/\/www.socialismoobarbarie.org\/#organization"},"potentialAction":[{"@type":"SearchAction","target":{"@type":"EntryPoint","urlTemplate":"https:\/\/www.socialismoobarbarie.org\/?s={search_term_string}"},"query-input":{"@type":"PropertyValueSpecification","valueRequired":true,"valueName":"search_term_string"}}],"inLanguage":"es"},{"@type":"Organization","@id":"https:\/\/www.socialismoobarbarie.org\/#organization","name":"Socialismo o Barbarie","url":"https:\/\/www.socialismoobarbarie.org\/","logo":{"@type":"ImageObject","inLanguage":"es","@id":"https:\/\/www.socialismoobarbarie.org\/#\/schema\/logo\/image\/","url":"https:\/\/www.socialismoobarbarie.org\/wp-content\/uploads\/2025\/02\/soblogoweb-2025.png","contentUrl":"https:\/\/www.socialismoobarbarie.org\/wp-content\/uploads\/2025\/02\/soblogoweb-2025.png","width":450,"height":161,"caption":"Socialismo o Barbarie"},"image":{"@id":"https:\/\/www.socialismoobarbarie.org\/#\/schema\/logo\/image\/"}},{"@type":"Person","@id":"https:\/\/www.socialismoobarbarie.org\/#\/schema\/person\/bc1c3b321d47ed092405949c77e35a8e","name":"SOB","url":"https:\/\/www.socialismoobarbarie.org\/?author=8"}]}},"_links":{"self":[{"href":"https:\/\/www.socialismoobarbarie.org\/index.php?rest_route=\/wp\/v2\/posts\/6814","targetHints":{"allow":["GET"]}}],"collection":[{"href":"https:\/\/www.socialismoobarbarie.org\/index.php?rest_route=\/wp\/v2\/posts"}],"about":[{"href":"https:\/\/www.socialismoobarbarie.org\/index.php?rest_route=\/wp\/v2\/types\/post"}],"author":[{"embeddable":true,"href":"https:\/\/www.socialismoobarbarie.org\/index.php?rest_route=\/wp\/v2\/users\/8"}],"replies":[{"embeddable":true,"href":"https:\/\/www.socialismoobarbarie.org\/index.php?rest_route=%2Fwp%2Fv2%2Fcomments&post=6814"}],"version-history":[{"count":1,"href":"https:\/\/www.socialismoobarbarie.org\/index.php?rest_route=\/wp\/v2\/posts\/6814\/revisions"}],"predecessor-version":[{"id":6816,"href":"https:\/\/www.socialismoobarbarie.org\/index.php?rest_route=\/wp\/v2\/posts\/6814\/revisions\/6816"}],"wp:featuredmedia":[{"embeddable":true,"href":"https:\/\/www.socialismoobarbarie.org\/index.php?rest_route=\/wp\/v2\/media\/6815"}],"wp:attachment":[{"href":"https:\/\/www.socialismoobarbarie.org\/index.php?rest_route=%2Fwp%2Fv2%2Fmedia&parent=6814"}],"wp:term":[{"taxonomy":"category","embeddable":true,"href":"https:\/\/www.socialismoobarbarie.org\/index.php?rest_route=%2Fwp%2Fv2%2Fcategories&post=6814"},{"taxonomy":"post_tag","embeddable":true,"href":"https:\/\/www.socialismoobarbarie.org\/index.php?rest_route=%2Fwp%2Fv2%2Ftags&post=6814"}],"curies":[{"name":"wp","href":"https:\/\/api.w.org\/{rel}","templated":true}]}}