{"id":6899,"date":"2015-11-27T17:24:35","date_gmt":"2015-11-27T20:24:35","guid":{"rendered":"https:\/\/www.socialismoobarbarie.org\/?p=6899"},"modified":"2015-11-27T17:27:20","modified_gmt":"2015-11-27T20:27:20","slug":"largentine-qui-vient-avec-macri-un-gouvernement-reactionnaire-qui-prepare-des-durs-affrontements-de-classe","status":"publish","type":"post","link":"https:\/\/www.socialismoobarbarie.org\/?p=6899","title":{"rendered":"L\u2019Argentine qui vient avec Macri &#8211; Un gouvernement \u00a0r\u00e9actionnaire qui pr\u00e9pare des durs affrontements de classe"},"content":{"rendered":"<p style=\"text-align: justify;\"><strong>\u00ab\u00a0(\u2026) l&#8217;in\u00e9vitable, dit avec la logique politique brute, est que le pouvoir a chang\u00e9 de mains en Argentine (&#8230;) C&#8217;est un moment o\u00f9 l&#8217;\u00e9cosyst\u00e8me politique enregistre une mutation importante ce qui a ensuite un effet domino sur le reste des institutions et sur la soci\u00e9t\u00e9 elle-m\u00eame (&#8230;) Le pouvoir reste toujours entre les mains de celui qui gagne (&#8230;) Ici et maintenant Macri a gagn\u00e9 (&#8230;) Il aura la possibilit\u00e9 d&#8217;appliquer ces (ses) politiques, sans plus de contraintes que celles qui surgissent des rapports de forces parlementaires\u00a0\u00bb(<\/strong>La Naci\u00f3n, Joaquin Morales Sola, 24 novembre 2015<a href=\"#_ftn1\" name=\"_ftnref1\">[1]<\/a>).<\/p>\n<p style=\"text-align: justify;\">Apr\u00e8s une longue ann\u00e9e \u00e9lectorale il y a en Argentine un nouveau pr\u00e9sident \u00e9lu: Mauricio Macri. Ce r\u00e9sultat est, en soi, toute une d\u00e9finition: <strong>12 ans d&#8217;h\u00e9g\u00e9monie kirchneriste ont termin\u00e9s<\/strong>, ce n&#8217;est pas peu de choses. Nous nous concentrerons ensuite \u00e0 essayer d&#8217;\u00e9valuer l&#8217;ampleur de ce r\u00e9sultat.<\/p>\n<h2 style=\"text-align: justify;\"><strong>Un virage conservateur<\/strong><\/h2>\n<p style=\"text-align: justify;\">La premi\u00e8re chose \u00e0 souligner est que le triomphe de Cambiemos r\u00e9f\u00e8re \u00e0 des questions de\u00a0 court et long terme. En ce qui concerne les aspects de fond, nous pourrions r\u00e9p\u00e9ter ici ce que nous avions soulign\u00e9 lors du r\u00e9sultat du premier tour: le triomphe possible de Macri qui se profilait d\u00e9j\u00e0<strong>, est le produit conservateur de la somme de toutes les tendances \u00e0 la stabilisation du pays.<\/strong><\/p>\n<p style=\"text-align: justify;\">Le kirchnerisme s\u2019est occup\u00e9, avec succ\u00e8s, de r\u00e9absorber la ferveur populaire du 2001, ce qui, en conjonction avec un climat \u00e9conomique international favorable depuis longtemps pour les producteurs de mati\u00e8res premi\u00e8res<strong>, a r\u00e9ussi \u00e0 r\u00e9-institutionnaliser en grande partie<\/strong> <strong>la vie politique du pays<\/strong>, en \u00e9vitant le d\u00e9veloppement de grandes luttes massives ces derni\u00e8res ann\u00e9es.<\/p>\n<p style=\"text-align: justify;\">De l\u00e0 qu\u2019un premier fait \u00e0 souligner le fait que cette transition politique a \u00e9t\u00e9 inhabituellement calme par rapport \u00e0 d&#8217;autres survenues dans le pays, quelque chose que nous avions d\u00e9j\u00e0 signal\u00e9 dans nos analyses. Nous ne voulons pas pr\u00e9sager un \u00ablit de roses \u00bb pour le gouvernement qui vient. Au contraire : \u00e9tant donn\u00e9 le \u00ab cabinet du terreur \u00bb qui est en train de mettre en pied Macri, conservateur, n\u00e9olib\u00e9rale, et r\u00e9actionnaire, il faut s\u2019attendre, plus t\u00f4t ou plus tard, <strong>\u00e0<\/strong> <strong>des importants chocs de classe<\/strong>, question \u00e0 laquelle nous ferons r\u00e9f\u00e9rence plus tard.<\/p>\n<p style=\"text-align: justify;\">Pour l&#8217;instant, ce que nous voulons, c&#8217;est de souligner le fait que la somme des tendances stabilisatrices ont rendu possible <strong>la reconstruction de la l\u00e9gitimit\u00e9 des institutions du r\u00e9gime politique<\/strong>, ont reconstruit les m\u00e9canismes de la repr\u00e9sentation \u00e9lectorale et, en cons\u00e9quence, ont donn\u00e9 lieu \u00e0 un rechange pr\u00e9sidentiel, une fin de cycle et le d\u00e9but d&#8217;un autre qualitativement plus conservateur: <strong>rechange r\u00e9ussie qui exprime une recomposition des institutions de la d\u00e9mocratie patronale<\/strong>.<\/p>\n<p style=\"text-align: justify;\">Mais en m\u00eame temps qu&#8217;on peut voir une tendance \u00e0 la stabilisation de longue port\u00e9e, \u00a0il y a eu aussi une tendance \u00e0 court terme qui a contribu\u00e9 \u00e0 ce que ce r\u00e9sultat ait eu lieu: <strong>l\u2019habilit\u00e9 <\/strong>montr\u00e9 par le kirchnerisme \u00e0 l\u2019heure de faire en sorte que cette ann\u00e9e s\u2019\u00e9coule sans grands probl\u00e8mes, reportant pour plus tard la crise \u00e9conomique qui se profile.<\/p>\n<p style=\"text-align: justify;\">Toute l\u2019incapacit\u00e9 montr\u00e9e par le kirchnerisme sur le plan de la campagne \u00e9lectorale (la sortie de Randazzo<a href=\"#_ftn2\" name=\"_ftnref2\">[2]<\/a>, la candidature d\u2019An\u00edbal Fern\u00e1ndez, etc.), et qui a collabor\u00e9 \u00e0\u00a0 perdre une \u00e9lection qui semblait \u00ab gagn\u00e9e \u00bb, a contrast\u00e9 avec sa capacit\u00e9 \u00e0 g\u00e9rer la situation, malgr\u00e9 le nombre consid\u00e9rable de probl\u00e8mes accumul\u00e9s.<\/p>\n<p style=\"text-align: justify;\">Soyons justes: en r\u00e9alit\u00e9, il s\u2019agissait d\u2019une initiative conjointe de l&#8217;ensemble de la classe dirigeante, des principaux partis bourgeois, de la bureaucratie syndicale dans toutes ses expressions, pour que l\u2019\u00e9lection se d\u00e9roul\u00e2t\u00a0 normalement.<\/p>\n<p style=\"text-align: justify;\">Tout le monde s\u2019est adapt\u00e9 \u00e0 un calendrier \u00e9lectoral long (y compris le FIT, qui n\u2019a fait une seule critique publique de la loi \u00e9lectorale!) qui a eu l\u2019astuce de <strong>mettre en place un \u00ab seuil de l\u00e9gitimit\u00e9 \u00bb \u00e0 toutes les autorit\u00e9s et aux \u00e9lus des instances repr\u00e9sentatives du pays<a href=\"#_ftn3\" name=\"_ftnref3\"><strong>[3]<\/strong><\/a><\/strong>. On verra, dans un pays avec la culture politique et de lutte de classe qu\u2019a l\u2019Argentine, quel poids sp\u00e9cifique r\u00e9el aura cela, mais de toute fa\u00e7on il ne faut pas le sous-estimer.<\/p>\n<p style=\"text-align: justify;\">Cette longue ann\u00e9e \u00e9lectorale \u00a0a consacr\u00e9 <strong>un nouveau gouvernement conservateur, n\u00e9olib\u00e9ral et m\u00eame r\u00e9actionnaire caract\u00e9ris\u00e9 par des technocrates et d&#8217;anciens responsables de grands holdings<\/strong>, apr\u00e8s une longue h\u00e9g\u00e9monie progressiste.<\/p>\n<p style=\"text-align: justify;\">En ce qui concerne le virage \u00e0 droite \u00e9lectoral qui a ent\u00e9rin\u00e9 ces r\u00e9sultats, nous n\u2019avons pas eu raison dans nos pr\u00e9visions pr\u00e9c\u00e9dentes: nous attendons que domine un vote \u00a0\u00ab\u00a0conservateur-progressiste\u00a0\u00bb. Mais malgr\u00e9 cela, nous avons eu <strong>raison au plan m\u00e9thodologique<\/strong> de souligner que l\u2019extr\u00eame stabilit\u00e9 qui marquait l&#8217;ann\u00e9e \u00e9lectorale influencerait in\u00e9vitablement les r\u00e9sultats.<\/p>\n<p style=\"text-align: justify;\">Plus important encore: <strong>nous avons r\u00e9alis\u00e9 une analyse juste dans l&#8217;\u00e9valuation du processus politique dans le pays dans son ensemble<\/strong>. Tant dans ses aspects de classe (notre position ni\/ni lors de la crise avec les latifundistes agraires en 2008<a href=\"#_ftn4\" name=\"_ftnref4\">[4]<\/a>), comme dans l&#8217;\u00e9valuation politique des \u00e9v\u00e9nements, ne nous laissant pas impressionner et tomber dans des analyses catastrophistes ou auto-proclamatrices.<\/p>\n<p style=\"text-align: justify;\">Il est vrai que le r\u00e9sultat de l&#8217;\u00e9lection a renvoy\u00e9 une image de polarisation: Macri gagne par seulement 700 000 votes sur Scioli. Mais il ne faut pas se tromper: celui qui a gagn\u00e9 est Macri, et d\u00e9j\u00e0, il b\u00e9n\u00e9ficie de \u00ab l\u2019effet domino \u00bb du vainqueur;<strong> le nouveau gouvernement est celui qui donnera le ton \u00e0 l&#8217;\u00e9volution de la situation imm\u00e9diate.<\/strong><\/p>\n<p style=\"text-align: justify;\">\u00c0 moyen terme, cette division \u00e9lectorale par moiti\u00e9s, bien que pas m\u00e9caniquement, s\u00fbrement aura des cons\u00e9quences en ce qui concerne le processus de la lutte de classes, m\u00eame par le fait que ce premier cabinet qui est en train de former Macri semble trop <strong>r\u00e9actionnaire<\/strong> par rapport au processus politique duquel vient le pays, et si le macrisme ne fait pas preuve de flexibilit\u00e9 politique, cela va provoquer<strong> des \u00e9normes chocs de classe \u00e0 l&#8217;avenir.<\/strong><\/p>\n<h2 style=\"text-align: justify;\"><strong>L\u2019\u00e9pilogue du long cycle de l&#8217;Argentinazo<\/strong><\/h2>\n<p style=\"text-align: justify;\">Mais il faut aller vers une plus grande profondeur dans l&#8217;analyse des \u00e9v\u00e9nements que nous vivons.<\/p>\n<p style=\"text-align: justify;\">Ce qui nous int\u00e9resse ici est de poser un regard plus global des questions, m\u00eame si nous soulignons que, comme nous sommes en train de vivre le d\u00e9veloppement des \u00e9v\u00e9nements et que, en plus, il s\u2019agit d\u2019\u00e9v\u00e9nements \u00e9lectoraux, <strong>un miroir d\u00e9form\u00e9 de la r\u00e9alit\u00e9<\/strong>, la dynamique plus g\u00e9n\u00e9rale ne pourra pas \u00eatre appr\u00e9ci\u00e9 qu\u2019avec le d\u00e9veloppement concret de la lutte des classes , question sur laquelle nous reviendrons plus tard.<\/p>\n<p style=\"text-align: justify;\">Malgr\u00e9 cet avertissement, les r\u00e9sultats des \u00e9lections donnent d\u00e9j\u00e0 lieu \u00e0 la \u00ab cristallisation \u00bb de nouvelles relations politiques. Et un gouvernement est pr\u00e9cis\u00e9ment,<strong> l&#8217;une des formes de cristallisation par excellence des relations politiques.<\/strong><\/p>\n<p style=\"text-align: justify;\">Quel est l\u2019\u00e9l\u00e9ment le plus profond qu\u2019exprime le triomphe de Macri ? <strong>Il signale la fin du cycle long de l&#8217;Argentinazo<\/strong>. R\u00e9bellion populaire que m\u00eame si elle a \u00e9t\u00e9 r\u00e9absorb\u00e9e par les Kirchner, \u00e9tant donn\u00e9 que le gouvernement kirchneriste (dont Scioli \u00e9tait l\u2019expression dans ces \u00e9lections) \u00e9tait le \u00ab fils bourgeois de l&#8217;Argentinazo \u00bb, la fin de ce gouvernement est l&#8217;expression gouvernementale du fait que le cycle politique de 2001 est termin\u00e9e.<\/p>\n<p style=\"text-align: justify;\">Il est vrai que ces rapports de forces avaient vari\u00e9 de mani\u00e8res diverses. Les masses populaires ont \u00e9t\u00e9 retir\u00e9es de la sc\u00e8ne rapidement. Cependant, est rest\u00e9 pendant longtemps un large \u00ab avant-garde de masses \u00bb, qui elle aussi, il est juste de le signaler,\u00a0 a \u00e9t\u00e9 retir\u00e9e de la sc\u00e8ne en tant que ph\u00e9nom\u00e8ne ind\u00e9pendant. Les fun\u00e9railles de N\u00e9stor Kirchner ont montr\u00e9 \u00e0 quel point une partie importante de ce mouvement populaire<strong> avait \u00e9t\u00e9 coopt\u00e9 depuis l&#8217;\u00c9tat par les Kirchner.<\/strong><\/p>\n<p style=\"text-align: justify;\">Mais cela ne signifiait pas que les rapports\u00a0 de forces plus g\u00e9n\u00e9raux -r\u00e9els ou potentiels- avaient chang\u00e9 de la m\u00eame mani\u00e8re. L\u2019hypoth\u00e8se de la continuit\u00e9 du kirchnerisme reposait sur l&#8217;id\u00e9e qu\u2019il fallait faire attention \u00e0 pas \u00ab r\u00e9veiller le peuple \u00bb. Qu&#8217;un gouvernement de m\u00e9diation, bien que plac\u00e9 sous une figure conservatrice comme Scioli, \u00e9tait encore n\u00e9cessaire. Est-ce que cela reste encore vrai? Est-ce que le triomphe de Macri a ni\u00e9 cette affirmation?<\/p>\n<p style=\"text-align: justify;\">Seule la lutte de classes donnera le verdict. En soi, une \u00e9lection, m\u00eame une \u00e9lection pr\u00e9sidentielle, ne peut pas r\u00e9soudre en soi cette question.<\/p>\n<p style=\"text-align: justify;\">En tout cas, le fait qu\u2019ait \u00e9t\u00e9 impos\u00e9 un gouvernement dont la mission est de <strong>tester la voie d&#8217;un gouvernement<\/strong> <strong>bourgeois normal<\/strong> (et m\u00eame r\u00e9actionnaire!), montre que le gouvernement kirchneriste quitte la sc\u00e8ne, pr\u00e9cis\u00e9ment, parce que les circonstances qui l\u2019ont rendu n\u00e9cessaire<strong>, ne sont plus l\u00e0.<\/strong><\/p>\n<p style=\"text-align: justify;\">Ceci nous renvoie aux probl\u00e8mes du r\u00e9gime politique. Si quelque chose a caract\u00e9rise la crise de 2001 a \u00e9t\u00e9 le mot d\u2019ordre \u00ab Qu\u2019ils s\u2019en aillent, qu\u2019il n\u2019en reste pas un seul \u00bb. Une politique qui se faisait dans les rues, en dehors des institutions, dans le rejet des entreprises de services privatis\u00e9s, en cassant des banques qui imposaient le control des capitaux aux petits \u00e9pargnants et travailleurs, dans les blocages de routes, avec les mouvements de ch\u00f4meurs qui se mobilisaient avec des barres en m\u00e9tal et les visages couverts, dans les occupations d\u2019usines&#8230;<\/p>\n<p style=\"text-align: justify;\">L&#8217;Argentine est un pays avec d\u2019\u00e9normes traditions de lutte et le paradoxe de la prise de fonctions du nouveau gouvernement<strong>, c&#8217;est que<\/strong> <strong>le mouvement de masse n&#8217;a pas re\u00e7u une d\u00e9faite d&#8217;ensemble<\/strong>. \u00c0 cette situation s\u2019ajoute le fait que les rangs des travailleurs se sont renforc\u00e9s structurellement: voir la r\u00e9cup\u00e9ration massive de l&#8217;emploi et l&#8217;\u00e9mergence d&#8217;une nouvelle g\u00e9n\u00e9ration ouvri\u00e8re dans la derni\u00e8re d\u00e9cennie.<\/p>\n<p style=\"text-align: justify;\">Cependant, le fait politique d\u00e9cisif de 2015 a \u00e9t\u00e9 (malgr\u00e9 la contre-tendance du #Ni una menos (\u00ab\u00a0Pas une en moins\u00a0\u00bb, mobilisation contre les violences sexistes et des gr\u00e8ves g\u00e9n\u00e9rales), c\u2019est qu\u2019a \u00e9t\u00e9 effectu\u00e9 un <strong>rechange complet des autorit\u00e9s<\/strong>.<\/p>\n<p style=\"text-align: justify;\">Macri assume dans une circonstance qui se caract\u00e9rise par<strong> l&#8217;absence d&#8217;une crise g\u00e9n\u00e9rale <\/strong>(bien que l&#8217;accumulation de probl\u00e8mes est \u00e9norme et pourrait donner lieu \u00e0 une crise!), dans le contexte de rapports des forces qui ont \u00e9t\u00e9 \u00a0\u00ab\u00a0endormis\u00a0\u00bb et d\u2019une soci\u00e9t\u00e9 qui a gliss\u00e9, imperceptiblement,<strong> vers un \u00e9tat d\u2019esprit plus conservateur.<\/strong><\/p>\n<p style=\"text-align: justify;\">La contradiction implicite dans tout ce processus est que les rapports de force n\u2019ont pas \u00e9t\u00e9 vraiment prouv\u00e9s; la r\u00e9absorption de la ferveur de 2001 s\u2019est faite en grande partie sans affrontements majeurs, et \u00e0 n&#8217;importe quel tour de la route, un manque de \u00ab syntonie \u00bb dans les mesures prises<strong> pourrait rouvrir une grave crise.<\/strong><\/p>\n<h2 style=\"text-align: justify;\"><strong>La tentative d&#8217;un gouvernement bourgeois normal<\/strong><\/h2>\n<p style=\"text-align: justify;\">Quelle est l&#8217;expression gouvernementale de ce que nous disons? Le fait que Macri incarne la tentative d&#8217;un gouvernement bourgeois <strong>\u00ab normal \u00bb: mettre fin aux gouvernements de \u00ab m\u00e9diation \u00bb entre les classes.<\/strong><\/p>\n<p style=\"text-align: justify;\">N&#8217;oublions pas que le gouvernement Kirchner nous l\u2019avons toujours d\u00e9fini comme un gouvernement 100 % capitaliste, qui par les circonstances \u00e9tait oblig\u00e9 de faire un <strong>arbitrage<\/strong> \u00a0\u00ab\u00a0au-dessus des classes\u00a0\u00bb en accordant des concessions ici et l\u00e0.<\/p>\n<p style=\"text-align: justify;\">Pour faire ces concessions il a d\u00fb mener<strong> des affrontements partiels<\/strong> avec l&#8217;imp\u00e9rialisme en certains moments (avec une autonomie plus grande que les \u00ab relations charnelles\u00a0\u00bb des ann\u00e9es 90) et avec un ou des autres secteurs du patronat. D&#8217;o\u00f9 le \u00ab non au ALCA \u00bb en 2005, le non-paiement de la dette ext\u00e9rieure, la confrontation avec le multim\u00e9dia Clar\u00edn, Aranguren de Shell, la nationalisation de YPF et les AFJP (Caisses de Retraites). Et surtout, le conflit autour des imp\u00f4ts sur les exportations agricoles en 2008.<\/p>\n<p style=\"text-align: justify;\">Quand Macri et le ch\u0153ur des opposants politiques bourgeois accusent le kirchnerisme \u00ab d\u2019avoir divis\u00e9 le pays \u00bb ils se r\u00e9f\u00e8rent \u00e0 ces questions. Il arrive que, effectivement, sauf si l\u2019on est un gouvernement adapt\u00e9 absolument aux pouvoirs existants, une sorte de polarisation appara\u00eetra in\u00e9vitablement.<\/p>\n<p style=\"text-align: justify;\">Il est vrai aussi que, comme le montre l\u2019exp\u00e9rience de ce genre de gouvernements populistes, cette polarisation (tactiquement r\u00e9elle, mais strat\u00e9giquement fausse!), est utile pour masquer la vraie polarisation de la soci\u00e9t\u00e9<strong>, qui est celle de classe contre classe<\/strong>, subordonnant ainsi les travailleurs, les exploit\u00e9s et les opprim\u00e9s, derri\u00e8re un secteur bourgeois.<\/p>\n<p style=\"text-align: justify;\">Dans ce type de gouvernements <strong>bourgeois anormaux<\/strong> cette polarisation est un effet in\u00e9vitable du type de mesures qu\u2019ils sont oblig\u00e9s de prendre, touchant, si l\u2019on veut, aux int\u00e9r\u00eats tactiques de certains secteurs bourgeois, <strong>toujours dans l&#8217;int\u00e9r\u00eat strat\u00e9gique de la classe dirigeante dans son ensemble, <\/strong>dans ses int\u00e9r\u00eats g\u00e9n\u00e9raux en tant que classe exploiteuse.<\/p>\n<p style=\"text-align: justify;\">Ainsi: s\u2019il s\u2019agit d\u2019essayer un gouvernement bourgeois normal, ces \u00e9l\u00e9ments caract\u00e9ristiques d\u2019un gouvernement de m\u00e9diation ne seront pas pr\u00e9sents; en tout cas ceux qui seront pr\u00e9sents ce seront les \u00e9l\u00e9ments classiques de polarisation:<strong> ceux de classe contre classe.<\/strong><\/p>\n<p style=\"text-align: justify;\">D\u2019o\u00f9 le discours sur la n\u00e9cessit\u00e9 de \u00ab unir les argentins \u00bb, de \u00ab travailler en \u00e9quipe \u00bb, ce qui n&#8217;est\u00a0 qu\u2019une <strong>imposture<\/strong> d&#8217;un gouvernement bourgeois qui revient \u00e0 la normalit\u00e9, ou essayera de le faire.<\/p>\n<p style=\"text-align: justify;\">Une imposture parce que, en r\u00e9alit\u00e9, le gouvernement de Macri in\u00e9vitablement fera une redistribution r\u00e9gressive des revenus (un transfert de la plus-value plus r\u00e9gressive que celui de nos jours!) qui renvoie, en fin de compte, \u00e0 la polarisation r\u00e9elle<strong>: celle, nous r\u00e9p\u00e9tons, de l&#8217;exploitation d&#8217;une classe sur l&#8217;autre.<\/strong><\/p>\n<p style=\"text-align: justify;\">Au-del\u00e0 des belles paroles, le gouvernement de Macri devra <strong>choisir<\/strong>. Et il choisira pour l\u2019option que choisit habituellement un gouvernement bourgeois normal: non pas pour exercer une m\u00e9diation en donnant des concessions, mais le contraire:<strong> voir comment faire chaque jour pour exprimer encore plus les exploit\u00e9s et opprim\u00e9s!<\/strong><\/p>\n<p style=\"text-align: justify;\">Que ceci se fasse progressivement ou par choc, cela repose sur le rapport des forces. En tout cas, Macri ne va pas se soustraire de ce qui est la logique de tout gouvernement bourgeois normal du monde et qui a \u00e0 voir -dans notre cas\u2013 avec la perspective d\u2019inverser la dynamique de la derni\u00e8re d\u00e9cennie:<strong> retirer de la sc\u00e8ne les concessions que la r\u00e9bellion populaire a oblig\u00e9 \u00e0 faire sur le terrain \u00e9conomique-social et aussi en termes de \u00a0\u00ab\u00a0tol\u00e9rance\u00a0\u00bb envers les luttes.<\/strong><\/p>\n<h2 style=\"text-align: justify;\"><strong>Un discours lib\u00e9ral<\/strong><\/h2>\n<p style=\"text-align: justify;\">Une question d&#8217;importance pour pr\u00e9ciser la nature du gouvernement qui vient est d\u2019analyser le discours que Macri a r\u00e9p\u00e9t\u00e9 pendant la campagne et qui se r\u00e9f\u00e8re \u00e0 des traits politiques et id\u00e9ologiques sp\u00e9cifiques de son futur gouvernement, tr\u00e8s diff\u00e9rente de celui des kirchneriste.<\/p>\n<p style=\"text-align: justify;\">En phase avec le monde de la mondialisation n\u00e9olib\u00e9rale, Macri a test\u00e9 dans sa campagne un <strong>discours \u00ab lib\u00e9ral \u00bb.<\/strong> C&#8217;est un facteur important, car elle fait aussi \u00e0 la \u00ab normalit\u00e9 \u00bb qu\u2019il essaye d&#8217;\u00e9tablir.<\/p>\n<p style=\"text-align: justify;\">Il y a deux aspects que nous voulons souligner. Le premier est la pr\u00e9dication de \u00ab l\u2019effort individuel \u00bb. Dans le discours de Macri il ne semble pas y avoir des <strong>groupes sociaux<\/strong>: il y a dans son discours quelque chose de ce que Thatcher disait:<strong> \u00ab pour moi, la soci\u00e9t\u00e9 n&#8217;existe pas : tout ce qui existe ce sont des individus\u00a0\u00bb&#8230;<\/strong><\/p>\n<p style=\"text-align: justify;\">Pour le kirchnerisme, au contraire, il y avait bien des \u00ab groupes sociaux \u00bb, seulement que, de toute \u00e9vidence, comme des groupes sociaux <strong>non ind\u00e9pendants<\/strong>: comme la \u00ab colonne vert\u00e9brale mais pas la t\u00eate du mouvement \u00bb.<\/p>\n<p style=\"text-align: justify;\">Une autre caract\u00e9ristique de la \u00ab normalit\u00e9 \u00bb, c&#8217;est que le macrisme ne mobilise pas les masses. Cela ne signifie pas qu\u2019il n\u2019ait pas \u00e9t\u00e9 \u00ab projet\u00e9 \u00bb, indirectement, par des grands mouvements sociaux. Si les Kirchner ont \u00e9t\u00e9 \u00ab les fils bourgeois de l&#8217;argentinazo \u00bb, Macri est<strong> le fils de la coalition conservatrice qui a \u00e9merg\u00e9 lors la crise de 2008 autour du patronat agraire.<\/strong><\/p>\n<p style=\"text-align: justify;\">D&#8217;o\u00f9 l&#8217;importance, plus symbolique que r\u00e9elle, de figures telles que De Angelis, Carrio et les radicaux dans sa version pro-agraire. Une coalition conservatrice qui s\u2019est recr\u00e9\u00e9 autour de la mort de Nisman et si \u00e0 ce moment-l\u00e0 elle a \u00e9t\u00e9 r\u00e9absorb\u00e9e<strong>, elle a eu maintenant son expression \u00e9lectorale.<\/strong><\/p>\n<p style=\"text-align: justify;\">De m\u00eame, en dehors des discours de Cristina, nous ne croyons pas que viendra imm\u00e9diatement le type de confrontation entre des fractions bourgeoises qui a \u00e9t\u00e9 v\u00e9cu en 2008.<\/p>\n<p style=\"text-align: justify;\">Malgr\u00e9 la mise en sc\u00e8ne du kirchnerisme, la polarisation qui va marquer l&#8217;\u00e9volution de la situation sera certainement la polarisation classique<strong>: des attaques de la part du nouveau gouvernement bourgeois \u00ab technocratique \u00bb contre les exploit\u00e9s et les opprim\u00e9s, cons\u00e9quences l\u2019ajustement et d&#8217;autres \u00e9l\u00e9ments r\u00e9actionnaires de l\u2019agenda de Macri.<\/strong><\/p>\n<p style=\"text-align: justify;\">Il y a un deuxi\u00e8me probl\u00e8me: la promesse de \u00ab pauvret\u00e9 z\u00e9ro\u00bb. Attention puisque c&#8217;est le pi\u00e8ge typique du \u00ab conservatisme populaire \u00bb: sa pr\u00e9tendue \u00ab sensibilit\u00e9 \u00bb pour les pauvres&#8230;<\/p>\n<p style=\"text-align: justify;\">La man\u0153uvre est \u00e9vidente: il ne fait pas r\u00e9f\u00e9rence aux travailleurs, \u00e0 la classe ouvri\u00e8re, \u00e0 l&#8217;exploitation du travail. <strong>Notez que Macri a \u00e9t\u00e9 tr\u00e8s laconique \u00e0 l\u2019heure de parler des revendications des travailleurs<\/strong>. Il a soulign\u00e9 qu\u2019il \u00ab remonterait le seuil \u00bb \u00e0 partir duquel les travailleurs paient l\u2019imp\u00f4t sur les revenus, mais n&#8217;a jamais donn\u00e9 de d\u00e9tails sur la question.<\/p>\n<p style=\"text-align: justify;\">Le discours sur les \u00ab pauvres \u00bb est \u00e0 moiti\u00e9 un discours contre le \u00ab client\u00e9lisme \u00bb de l\u2019appareil contraire (celui des Kirchner, ce qui n&#8217;exclut pas que Macri utilise des formes identiques!). Et surtout, une man\u0153uvre pour\u00a0 appara\u00eetre comme un \u00ab gouvernement sensible \u00bb:<strong> la formule d&#8217;un gouvernement conservateur qui cherche \u00e0 se l\u00e9gitimer.<\/strong><\/p>\n<p style=\"text-align: justify;\">\u00c0 cet \u00e9gard, il est possible que Macri s\u2019inspire du gouvernement du PT et son plan \u00ab Bolsa familia \u00bb (une allocation pour les familles les plus pauvres), ce qui a fait du PT une puissance dans le nord-est du Br\u00e9sil, tandis qu\u2019il perd de plus en plus le vote ouvrier dans l\u2019ABC, cordon industriel de San Pablo.<\/p>\n<p style=\"text-align: justify;\"><strong>Mener des politiques d\u2019assistance sociale envers les pauvres peut-\u00eatre concomitante avec la perspective serrer le tourniquet de l&#8217;exploitation des travailleurs!,<\/strong> un discours au service de la l\u00e9gitimation de ce dernier.<\/p>\n<p style=\"text-align: justify;\">Il est important de comprendre que le discours de \u00ab pauvret\u00e9 z\u00e9ro\u00bb est inh\u00e9rent \u00e0 redoubler l&#8217;exploitation des travailleurs, \u00e0 la naturaliser: il y a des riches et des pauvres, des exploiteurs et des exploit\u00e9s, \u00ab \u00e0 ce sujet on ne peut rien faire \u00bb.<\/p>\n<p style=\"text-align: justify;\">Il est possible de montrer de la \u00ab charit\u00e9 \u00bb comme l&#8217;\u00e9glise catholique pr\u00eache. Inh\u00e9rente \u00e0 cela est l&#8217;id\u00e9e des pauvres comme \u00ab d\u00e9munis \u00bb incapables de toute action ind\u00e9pendante.<\/p>\n<h2 style=\"text-align: justify;\"><strong>L\u2019impact r\u00e9gional<\/strong><\/h2>\n<p style=\"text-align: justify;\">Cependant, <strong>le triomphe de Macri n&#8217;est pas un coup de tonnerre dans un ciel serein<\/strong>. La d\u00e9t\u00e9rioration du progressisme r\u00e9gional n&#8217;est pas nouvelle, mais elle a de longues ann\u00e9es. A priori, le gouvernement Kirchner ne semblait le plus d\u00e9t\u00e9rior\u00e9. Et c&#8217;est vrai que personne ne pouvait pr\u00e9voir, au d\u00e9but de l&#8217;ann\u00e9e, qu&#8217;il serait \u00e9lectoralement vaincu.<\/p>\n<p style=\"text-align: justify;\">Pr\u00e9visions \u00e0 part, le fait se r\u00e9f\u00e8re \u00e0 la situation dans laquelle les gouvernements du Venezuela, Equateur, Br\u00e9sil et Bolivie se trouvent actuellement.<\/p>\n<p style=\"text-align: justify;\">Nous avons \u00e9crit longuement sur leurs nuances ; il est \u00e9galement vrai que leur dynamique n&#8217;est pas homog\u00e8ne ; de toute fa\u00e7on, ce qui les unifie, c&#8217;est que tous ont \u00e9t\u00e9 des gouvernements bourgeois anormaux.<\/p>\n<p style=\"text-align: justify;\">Ainsi, sauf la Bolivie, pays o\u00f9 la r\u00e9bellion populaire a \u00e9t\u00e9 la plus profonde (la destruction de l&#8217;ancien syst\u00e8me de partis a \u00e9t\u00e9 totale, et l&#8217;opposition bourgeoise n&#8217;a pas r\u00e9ussi jusqu&#8217;\u00e0 pr\u00e9sent \u00e0 se recomposer), et le cas de l&#8217;\u00c9quateur que nous n&#8217;avons pas \u00e9t\u00e9 assez suivi, le Venezuela vit l&#8217;effondrement du chavisme (si celui-ci a r\u00e9sist\u00e9 jusqu&#8217;\u00e0 pr\u00e9sent c\u2019est gr\u00e2ce au profond rejet que le caract\u00e8re extr\u00eamement pro-imp\u00e9rialiste de l\u2019opposition g\u00e9n\u00e8re chez les masses populaires). Et au Br\u00e9sil, m\u00eame avec Dilma qui a r\u00e9ussi sa r\u00e9\u00e9lection, la crise de son gouvernement est extr\u00eamement profonde. En outre, Dilma fait ce qu\u2019aurait fait Scioli : appliquer un dur ajustement \u00e9conomique anti-ouvrier et antipopulaire.<\/p>\n<p style=\"text-align: justify;\">Dans tous les cas, <strong>la victoire de Macri exprime un virage \u00e0 droite r\u00e9gional<\/strong>, ce qui fait partie \u00e0 son tour d\u2019une situation \u00a0mondiale qui semble d\u00e9favorable, marqu\u00e9e par des attentats \u00e0 Paris, le bombardement imp\u00e9rialiste en Syrie et la d\u00e9gradation profond\u00e9ment r\u00e9actionnaire du printemps arabe.<\/p>\n<p style=\"text-align: justify;\">Attention, nous parlons d\u2019une conjoncture, nous ne disons pas que le cycle des international de r\u00e9voltes populaires soit fini. Cohabitent dans le monde entier des tendances r\u00e9actionnaires et progressistes, et c\u2019est en ce moment les premi\u00e8res qui dominent la situation.<\/p>\n<h3 style=\"text-align: justify;\"><strong>Les probl\u00e8mes de la conscience ouvri\u00e8re<\/strong><\/h3>\n<p style=\"text-align: justify;\">Un \u00e9l\u00e9ment sp\u00e9cifique d&#8217;importance strat\u00e9gique est celui de <strong>la conscience ouvri\u00e8re<\/strong>. \u00c0 cet \u00e9gard, le panorama semble trop contradictoire, pour dire le moins.<\/p>\n<p style=\"text-align: justify;\">Nous avons toujours soulign\u00e9 que le processus de naissance d&#8217;une nouvelle g\u00e9n\u00e9ration d\u2019activistes concerne plut\u00f4t une avant-garde large que l&#8217;ensemble de la classe. Dans le m\u00eame temps, il est clair que le processus, m\u00eame au sein de l&#8217;avant-garde, il est plus antibureaucratique que clairement lutte de classes, plus syndical que politique, au-del\u00e0 du fait non sans importance que plus d\u2019un million d&#8217;\u00e9lecteurs votent pour la gauche r\u00e9volutionnaire, dont certains font partie de l&#8217;avant-garde ouvri\u00e8re.<\/p>\n<p style=\"text-align: justify;\">En tout cas, il faut souligner \u00e9galement que m\u00eame le ph\u00e9nom\u00e8ne des scores de la gauche n&#8217;a pas grande chose \u00e0 voir avec celui des ann\u00e9es 80 lorsqu\u2019il s\u2019agissait surtout des voix des franges les plus exploit\u00e9es et opprim\u00e9es.<\/p>\n<p style=\"text-align: justify;\">Aujourd&#8217;hui, ce n&#8217;est pas tout \u00e0 fait ainsi : le ph\u00e9nom\u00e8ne \u00e9lectoral part du classique secteur qui vote pour la gauche r\u00e9volutionnaire, se projette de l\u00e0 vers les classes moyennes et seulement \u00e0 partir de l\u00e0 vers des secteurs de l\u2019avant-garde ouvri\u00e8re.<\/p>\n<p style=\"text-align: justify;\">Cependant, ce qui nous int\u00e9resse ici n&#8217;est pas le vote de l&#8217;avant-garde, mais quelque chose de plus important (et inqui\u00e9tant!):<strong> le vote de l&#8217;ensemble de la classe ouvri\u00e8re.<\/strong><\/p>\n<p style=\"text-align: justify;\">La \u00ab\u00a0manque d\u2019ind\u00e9pendance\u00a0\u00bb exprim\u00e9e \u00e0 cet \u00e9gard a \u00e9t\u00e9 extraordinaire : la classe ouvri\u00e8re ou une partie tr\u00e8s importante de celle-ci, a simplement suivi \u00e9lectoralement les classes moyennes. Le vote ouvrier a \u00e9t\u00e9 comme un \u00ab kal\u00e9idoscope \u00bb des options \u00e9lectorales : <strong>il vot\u00e9 de fa\u00e7on plus h\u00e9t\u00e9rog\u00e8ne que les autres classes.<\/strong><\/p>\n<p style=\"text-align: justify;\">Au deuxi\u00e8me tour, une partie de l\u2019\u00e9lectorat ouvrier est revenu vers Scioli: celui-ci a r\u00e9ussi \u00e0 arriver en t\u00eate dans la province de Buenos Aires.<\/p>\n<p style=\"text-align: justify;\">Mais la difficult\u00e9 de la classe ouvri\u00e8re en argentine pour faire quelques pas vers l&#8217;ind\u00e9pendance de classe, la contradiction historique entre sa combativit\u00e9 syndicale et son retard politique, s\u2019est exprim\u00e9 \u00e0 nouveau en cette ann\u00e9e \u00e9lectorale, mis \u00e0 part le fait qu&#8217;il est \u00e9galement vraie que les identit\u00e9s politiques sont aujourd\u2019hui beaucoup plus \u00ab\u00a0souples\u00a0\u00bb que dans le pass\u00e9e: elles ont pratiquement disparu, ce qui pourrait rendre les choses plus faciles demain.<\/p>\n<p style=\"text-align: justify;\">M\u00eame sans parler d&#8217;une conscience de classe stricte, lorsque la classe ouvri\u00e8re \u00e9tait p\u00e9roniste cela aurait \u00e9t\u00e9 pratiquement impossible qu&#8217;un travailleur vote pour un gros bourge comme Macri. Aujourd&#8217;hui non : <strong>beaucoup de travailleurs ont affirm\u00e9 fi\u00e8rement avoir vot\u00e9 pour celui-ci&#8230;<\/strong><\/p>\n<p style=\"text-align: justify;\">Ce n&#8217;est pas que la classe ouvri\u00e8re n&#8217;ait aucune conscience de <strong>ses int\u00e9r\u00eats imm\u00e9diats<\/strong>. Un travailleur \u00e0 la porte d&#8217;une grande usine de pneus grand nous a parl\u00e9 de sa \u00a0\u00ab joie \u00bb d\u2019avoir vot\u00e9 pour Macri. Mais quand on lui a demand\u00e9 ce qu\u2019il ferait si le nouveau gouvernement lance un ajustement \u00e9conomique, il nous a dit convaincu : \u00ab Ah non, s\u2019il lance un ajustement \u00e9conomique on va tout p\u00e9ter \u00bb&#8230;<\/p>\n<p style=\"text-align: justify;\">Le probl\u00e8me de fond est que la classe ouvri\u00e8re n\u2019a pas r\u00e9ussi \u00e0 faire des pas dans la compression de ses <strong>int\u00e9r\u00eats historiques<\/strong>. C&#8217;est le probl\u00e8me classique dans la t\u00eate des travailleurs argentins : <strong>ils ne sont pas capables d\u2019avancer d&#8217;un millim\u00e8tre dans la compression de leurs int\u00e9r\u00eats strat\u00e9giques<\/strong>!<\/p>\n<p style=\"text-align: justify;\">Il faut souligner ceci face \u00e0 toutes b\u00eatises sur la \u00ab rupture \u00e9lectorale avec le p\u00e9ronisme\u00bb sur la perspective imm\u00e9diate que les travailleur \u00ab\u00a0d\u00e9passent cette barri\u00e8re et aillent vers l\u2019extr\u00eame gauche\u00a0\u00bb (Parti Ouvrier dixit), ou que dans ces \u00e9lections la gauche allait \u00ab\u00a0faire histoire\u00a0\u00bb (selon le PTS)\u00a0:<strong> toutes ces unilat\u00e9ralit\u00e9s ne sont qu\u2019un reflet de l\u2019\u00e9lectoralisme\u00a0!<\/strong><\/p>\n<p style=\"text-align: justify;\">Comme l&#8217;exp\u00e9rience l\u2019a montr\u00e9 un millier de fois<strong>, il ne peut pas y avoir de rupture de la conscience dans le terrain purement \u00e9lectorale<\/strong>. Il peut y avoir des avanc\u00e9es, m\u00eame tr\u00e8s importantes par rapport \u00e0 ce qui est le \u00ab\u00a0espace\u00a0\u00bb habituel de la gauche r\u00e9volutionnaire. Mais pour qu\u2019ait lieu un bond <strong>historique<\/strong> dans la conscience, qui cr\u00e9e les conditions pour qu\u2019\u00e9merge une base des masses pour nos organisations, <strong>doivent se produire d\u2019abord des \u00e9v\u00e9nements r\u00e9volutionnaires.<\/strong><\/p>\n<p style=\"text-align: justify;\">D&#8217;o\u00f9 le double ou le triple crime du FIT : <strong>ne pas avoir profit\u00e9 des campagnes \u00e9lectorales pour essayer d\u2019avancer, m\u00eame un pas, dans l&#8217;\u00e9ducation socialiste de la conscience des travailleurs.<\/strong><\/p>\n<p style=\"text-align: justify;\">Le vote h\u00e9t\u00e9rog\u00e8ne des travailleurs, la confusion qui existe dans la conscience de larges secteurs, peut \u00eatre un facteur qui affaiblisse la r\u00e9action ouvri\u00e8re face aux attaques qui viendront.<\/p>\n<p style=\"text-align: justify;\">Nous esp\u00e9rons, toutefois, que finalement la compr\u00e9hension des \u00ab dures n\u00e9cessit\u00e9s \u00bb s\u2019imposera : la conscience des int\u00e9r\u00eats touch\u00e9s par l&#8217;ajustement \u00e9conomique qui vient, ce qu&#8217;\u00e0 un moment donn\u00e9 va d\u00e9clencher, s\u00fbrement, des <strong>chocs violents de classe.<\/strong><\/p>\n<h2 style=\"text-align: justify;\"><strong>Le r\u00f4le sinistre de la bureaucratie<\/strong><\/h2>\n<p style=\"text-align: justify;\">C\u2019est dans ce contexte qu\u2019il faut placer le r\u00f4le sinistre de la bureaucratie syndicale. Son comportement tout au long de l&#8217;ann\u00e9e \u00e9tait <strong>pr\u00e9visible<\/strong>. Sa logique est plus ou moins comme suit : ils respectent une certaine \u00ab division du travail \u00bb avec les partis bourgeois: \u00ab ce n\u2019est pas aux travailleurs de se projeter au pouvoir \u00bb. <strong>Leur r\u00f4le, celui des syndicats, est purement syndicaliste.<\/strong> C&#8217;est-\u00e0-dire: \u00ab nous ne contestons pas l&#8217;ordre des choses \u00bb, \u00ab nous ne contestons pas l&#8217;exploitation des travailleurs \u00bb: \u00ab nous voulons simplement une partie plus importante du g\u00e2teau dans le cadre du syst\u00e8me actuel \u00a0\u00bb (et parfois m\u00eame pas cela, les tra\u00eetres!).<\/p>\n<p style=\"text-align: justify;\">Ainsi les choses, il est naturel que les fractions bureaucraties aient d\u00e9sert\u00e9 le champ de bataille. Ils ont impuls\u00e9 deux gr\u00e8ves g\u00e9n\u00e9rales passives au premier semestre de l&#8217;ann\u00e9e, puis ils se sont retir\u00e9s de la sc\u00e8ne.<\/p>\n<p style=\"text-align: justify;\">La pr\u00e9dication est le m\u00eame dans l&#8217;ensemble : laisser le champ libre pour les partis bourgeois, pour les \u00e9lections, pour que dans celles-ci soit d\u00e9cid\u00e9 qui gouverne le pays. Une fois que le nouveau gouvernement ait \u00e9t\u00e9 \u00e9lu sans le concours de la classe ouvri\u00e8re, ou avec la participation passive de \u00ab un homme, une voix \u00bb, <strong>ils reviennent sur sc\u00e8ne pour voir comment ils se trouvent une place dans le nouveau casting politique.<\/strong><\/p>\n<p style=\"text-align: justify;\">La logique est la logique classique du p\u00e9ronisme : <strong>la classe ouvri\u00e8re peut \u00eatre la colonne vert\u00e9brale, mais jamais la t\u00eate<\/strong>. Et sous le nouveau gouvernement, m\u00eame pas \u00e7a, parce que <strong>c&#8217;est un gouvernement bourgeois presque directement compos\u00e9 de patrons, dont la base sociale principale sera compos\u00e9e par l&#8217;imp\u00e9rialisme, la cr\u00e8me de la cr\u00e8me de la bourgeoisie et les classes moyennes.<\/strong><\/p>\n<p style=\"text-align: justify;\">Dans ce sc\u00e9nario, il semble difficile, dans l\u2019imm\u00e9diat, une r\u00e9unification de la CGT. Tr\u00e8s rapidement, Moyano [principal bureaucrate syndical du pays, qui a pass\u00e9 de soutenir le gouvernement \u00e0 s\u2019y opposer il y a deux ans] a couru pour se mettre la casquette du nouveau parti au pouvoir. Un Moyano qui est plus \u00e0 droite que dans le pass\u00e9 : <strong>il justifie le nouvel ajustement avec le discours de \u00ab harmoniser les variables \u00e9conomiques \u00bb&#8230;<\/strong><\/p>\n<p style=\"text-align: justify;\">S\u00fbrement aussi Calo [du syndicat de la m\u00e9tallurgie], Pignanelli [du syndicat de l\u2019automobile] et beaucoup d&#8217;autres sont d\u00e9j\u00e0 en train de voir ce qu\u2019ils font, de regarder les marges de la l\u00e9gitimit\u00e9 du nouveau gouvernement, les mesures prises, la possibilit\u00e9 d&#8217;\u00e9tablir un \u00ab pacte social \u00bb qui dissimule l&#8217;attaque sur les salaires et sur la productivit\u00e9 r\u00e9elle, sans perdre de vue le probl\u00e8me de quel sera le niveau de ch\u00f4mage dans la prochaine p\u00e9riode.<\/p>\n<p style=\"text-align: justify;\">Pour le moment et en vue de garantir la \u00ab gouvernabilit\u00e9 \u00bb, il n\u2019y aura pas des nouvelles journ\u00e9es d\u2019action. Le r\u00f4le de la bureaucratie dans le syst\u00e8me des institutions argentines (et la bureaucratie est non seulement une institution du r\u00e9gime, mais de l&#8217;\u00c9tat!), <strong>c\u2019est pr\u00e9cis\u00e9ment d&#8217;\u00eatre le garant de la gouvernabilit\u00e9.<\/strong><\/p>\n<p style=\"text-align: justify;\">L&#8217;excuse sera \u00e9vidente: \u00ab Le nouveau gouvernement vient de prendre ses fonctions \u00bb, \u00ab\u00a0il faut lui donner quelque\u00a0\u00bb, \u00ab il a \u00e9t\u00e9 \u00e9lu par la moiti\u00e9 plus un du peuple argentin \u00bb, \u00ab\u00a0si t\u2019as vot\u00e9 pour lui, pourquoi tu te plains\u00a0\u00bb, etc\u00e9t\u00e9ra\u2026<\/p>\n<p style=\"text-align: justify;\">La bureaucratie trouvera beaucoup d\u2019excuses, <strong>ce qui fera les premi\u00e8res luttes contre le gouvernement de Macri seront tr\u00e8s probablement d\u2019avant-garde et tr\u00e8s dures.<\/strong><\/p>\n<h2 style=\"text-align: justify;\"><strong>L\u2019ajustement \u00e9conomique qui vient<\/strong><\/h2>\n<p style=\"text-align: justify;\">Allons maintenant vers l\u2019un des terrains centraux : l&#8217;\u00e9conomie. Terrain qui marquera les <strong>limites<\/strong> de la mascarade d\u00e9politis\u00e9 qui vise \u00e0 r\u00e9duire les probl\u00e8mes politiques et sociaux \u00e0 des probl\u00e8mes de \u00ab gestion \u00bb. Comme si l&#8217;administration des contradictions \u00e9tait quelque chose de purement \u00ab technique \u00bb, n\u2019obligeant \u00e0 aucune \u00ab choix social \u00bb: une question uniquement de \u00ab efficacit\u00e9 \u00bb.<\/p>\n<p style=\"text-align: justify;\">En ce qui concerne la situation \u00e9conomique que laissent le Kirchner, les choses semblent <strong>complexes<\/strong>. Le gouvernement de Cristina laisse les caisses vides : il n\u2019y aura plus de r\u00e9serves dans la Banque Centrale depuis que le gouvernement a rembours\u00e9 jusqu\u2019au dernier sou de ses obligations internationales.<\/p>\n<p style=\"text-align: justify;\">Le pays n\u2019est \u00ab en faillite \u00bb: il est <strong>d\u00e9capitalis\u00e9<\/strong>, ce qui n&#8217;est pas exactement la m\u00eame chose. Le fait est que le niveau de la dette ext\u00e9rieure est tr\u00e8s faible, <strong>ce qui ouvre des larges possibilit\u00e9s de contracter de nouvelles dettes<\/strong>.<\/p>\n<p style=\"text-align: justify;\">Nous le r\u00e9p\u00e9tons : les Kirchner ont \u00ab d\u00e9sendett\u00e9 \u00bb le pays, mais ils l\u2019ont aussi d\u00e9capitalis\u00e9. \u00ab L\u2019achat de souverainet\u00e9 \u00bb a \u00e9t\u00e9 l&#8217;un des aspects les plus mensongers de leur discours, parce qu\u2019un pays qui n&#8217;a pas de r\u00e9serves pour les \u00e9changes avec le monde ne peut pas \u00eatre<strong> \u00ab souverain \u00bb: ils ont d\u00e9capitalis\u00e9 l&#8217;Argentine en payant\u00a0 l\u2019\u00e9norme somme de 200.000 millions de dollars, hypoth\u00e9quant ainsi toute possibilit\u00e9 d&#8217;ind\u00e9pendance \u00e9conomique.<\/strong><\/p>\n<p style=\"text-align: justify;\">Le pays n\u2019a pas de r\u00e9serves. C&#8217;est le premier probl\u00e8me que devra affronter le nouveau gouvernement, le d\u00e9clencheur de toutes les mesures qu&#8217;il m\u00e8nera dans le domaine \u00e9conomique.<\/p>\n<p style=\"text-align: justify;\">Le <strong>marge de man\u0153uvres<\/strong> qu\u2019il aura est qu\u2019en \u00e9tant \u00ab un bon \u00e9l\u00e8ve \u00bb <strong>il pourrait recommencer rapidement un nouveau cycle d&#8217;endettement<\/strong>.<\/p>\n<p style=\"text-align: justify;\">En tout cas, la feuille de route de ce nouvel endettement n&#8217;est pas si simple. C&#8217;est pourquoi maintenant Macri a mod\u00e9r\u00e9 son discours sur la sortie du contr\u00f4le impos\u00e9 sur l\u2019achat de dollars, qu\u2019il promettait faire \u00ab\u00a0en 24 heures\u00a0\u00bb. Il testera probablement une sortie progressive des restrictions \u00e0 l&#8217;achat de devises pour donner du temps \u00e0 la Banque Centrale pour r\u00e9cup\u00e9rer de la \u00ab puissance de feu \u00bb: c&#8217;est-\u00e0-dire, trouver dollars pour \u00eatre en mesure de r\u00e9guler le taux de change.<\/p>\n<p style=\"text-align: justify;\">Dans la feuille de route la premi\u00e8re chose \u00e0 faire serait d\u2019accorder avec la Chine la transformation du <em>swap<\/em> octroy\u00e9 par le gouvernement oriental dans des dollars en m\u00e9tallique, quelque chose qu&#8217;on ne sait pas si les chinois accepteront.<\/p>\n<p style=\"text-align: justify;\">Ensuite il s\u2019agirait d\u2019obtenir des cr\u00e9dits \u00e0 l&#8217;\u00e9tranger. \u00c0 cette fin, il faudrait r\u00e9soudre d&#8217;abord le diff\u00e9rend avec les \u00ab\u00a0fonds vautours\u00a0\u00bb, qui connaissant leur pouvoir de chantage ne seront pas \u00ab\u00a0souples\u00a0\u00bb avec le nouveau gouvernement (m\u00eame \u00e0 un gouvernement n\u00e9o-lib\u00e9ral comme celui de Macri : les affaires sont les affaires!).<\/p>\n<p style=\"text-align: justify;\">Une autre possibilit\u00e9 serait que les exportateurs de produits agricoles d\u00e9clarent les devises pour 8000 millions de dollars. Mais pour que cela arrive, un nouveau taux de change devrait \u00eatre \u00e9tabli \u00e0 un niveau plus \u00e9lev\u00e9 que le dollar officiel actuel, ce qui n\u2019est pas si simple, parce ce signifierait consacrer une d\u00e9valuation, <strong>ce que Macri craint de faire pour le moment<\/strong>.<\/p>\n<p style=\"text-align: justify;\">La \u00ab quadrature du cercle \u00bb, c&#8217;est que <strong>tout le monde exige et se bat pour ses propres int\u00e9r\u00eats<\/strong>. Mais le nouveau gouvernement, m\u00eame s\u2019il le souhaite, sera incapable de satisfaire tout le monde en m\u00eame temps : <strong>il devra choisi<\/strong>r.<\/p>\n<p style=\"text-align: justify;\">Il y a bien une premi\u00e8re mesure \u00e9conomique que Macri a ratifi\u00e9<strong>: il a dit que le 11 d\u00e9cembre, il \u00e9liminera les imp\u00f4ts sur les exportations, sauf sur celles de soja<\/strong>. C\u2019est connu, cela inclut le bl\u00e9 et la viande (et le lait?). <strong>Mais il est moins connu que ces imp\u00f4ts sur l\u2019exportation \u00e9vitent l&#8217;augmentation des prix int\u00e9rieurs.<\/strong><\/p>\n<p style=\"text-align: justify;\">Parce que les prix int\u00e9rieurs sont les prix d\u2019exportation moins l\u2019imp\u00f4t\u00a0: c\u2019est le prix que les exportateurs touchent, qu\u2019ils vendent dans le march\u00e9 int\u00e9rieur ou ext\u00e9rieur (si il n&#8217;y avait pas ces imp\u00f4ts, ils exporteraient tout et laisserait le march\u00e9 int\u00e9rieur sans stock, ou avec des prix exorbitants!).<\/p>\n<p style=\"text-align: justify;\">Pr\u00e9cis\u00e9ment : \u00e9liminer ces imp\u00f4ts \u00e0 l\u2019exportation lib\u00e8re le march\u00e9. Son effet ? Celui que nous venons de souligner : <strong>augmenter dans le march\u00e9 int\u00e9rieur le prix du pain, du lait et de la viande dans un pourcentage \u00e9gal \u00e0 celui de l&#8217;imp\u00f4t \u00e9limin\u00e9 !<\/strong><\/p>\n<p style=\"text-align: justify;\">Donc, la premi\u00e8re mesure annonc\u00e9e par Macri a pour but de satisfaire une partie de sa base sociale : les gros producteurs agraires, ce qui signifiera un transfert de ressources des travailleurs vers eux de 30%\u00a0!<\/p>\n<p style=\"text-align: justify;\">Ceci montre de mani\u00e8re claire, si c\u2019\u00e9tait n\u00e9cessaire, <strong>le caract\u00e8re de classe du nouveau gouvernement<\/strong>, en plus du fait que cette mesure sera, lorsqu\u2019elle sera impl\u00e9ment\u00e9e, le d\u00e9but de l\u2019ajustement \u00e9conomique qui vient.<\/p>\n<p style=\"text-align: justify;\">Une expression claire de ce que nous disons, c&#8217;est que pour le poste de Ministre de l&#8217;Agriculture Macri avait pens\u00e9 au d\u00e9part, \u00e0 l&#8217;actuel pr\u00e9sident de la Soci\u00e9t\u00e9 Rurale, conf\u00e9d\u00e9ration des grands propri\u00e9taires terriens.<\/p>\n<p style=\"text-align: justify;\">Avec l&#8217;\u00e9limination des imp\u00f4ts sur les exportations agricoles on aura une premi\u00e8re mesure de l&#8217;ajustement \u00e9conomique qui vient. Pour le moment, YPF et d\u2019autres multinationales p\u00e9troli\u00e8res ont augment\u00e9 le prix de l&#8217;essence de 5 %, d\u00e9marrant ainsi l&#8217;escalade des prix.<\/p>\n<p style=\"text-align: justify;\">Quelle est la logique de l\u2019ajustement \u00e9conomique \u00e0 venir ? Macri essayera de r\u00e9cup\u00e9rer de la comp\u00e9titivit\u00e9 \u00e9conomique en r\u00e9duisant les d\u00e9penses (publiques et priv\u00e9es) et en augmentant les revenus (priv\u00e9s et publics).<\/p>\n<p style=\"text-align: justify;\">Il cherchera \u00e0 augmenter les profits des patrons, l\u2019entr\u00e9e des devises \u00e0 l\u2019Etat et aussi \u00e0 r\u00e9duire le d\u00e9ficit de l&#8217;\u00c9tat, condition en outre de la baisse de l&#8217;inflation tout en limitant l\u2019\u00e9mission mon\u00e9taire (voir l&#8217;\u00e9limination des subventions \u00e0 la consommation qui vient).<\/p>\n<p style=\"text-align: justify;\">C&#8217;est un ajustement que nous pourrions qualifier de <strong>classique<\/strong> : typique d&#8217;un gouvernement bourgeois plut\u00f4t que normal, presque r\u00e9actionnaire gouvernement : <strong>un conseil de ministres plein de dirigeants de multinationales et des grandes holdings habitu\u00e9s \u00e0 regarder d\u2019en haut les travailleurs !<\/strong><\/p>\n<p style=\"text-align: justify;\">Ajustement orthodoxe, car en m\u00eame temps que se d\u00e9value la monnaie et les Prix augmentent, elle vise la chute des salaires r\u00e9els, \u00e0 faire en sorte que la diff\u00e9rence entre les revenus et les d\u00e9penses des patrons se maintienne, <strong>afin d\u2019avoir de la comp\u00e9titivit\u00e9 en termes d\u2019exportation afin de faire rentrer des devises<\/strong>.<\/p>\n<p style=\"text-align: justify;\">Dans quelle mesure un plan comme ceci pourra s&#8217;appliquer, <strong>cela d\u00e9pend non pas d\u2019une \u00ab \u00e9quation \u00e9conomique \u00bb mais de la lutte des classes<\/strong>. C\u2019est pourquoi nous disons que la mesure de toute chose <strong>sera le degr\u00e9 de r\u00e9sistance des travailleurs et d\u2019autres secteurs populaires aux mesures que tentera de mettre en place le nouveau gouvernement.<\/strong><\/p>\n<p style=\"text-align: justify;\">Vu de l&#8217;autre c\u00f4t\u00e9 du comptoir, il faudra \u00e9galement \u00e9valuer le degr\u00e9 de \u00ab\u00a0mesure\u00a0\u00bb qu\u2019exprimera Macri dans la mise en \u0153uvre de ces mesures afin d\u2019emp\u00eacher un saut dans les conflits sociaux. Il faut voir aussi le financement externe qu\u2019il r\u00e9ussisse \u00e0 obtenir et qui lui permette de manier avec plus de marges la conjoncture \u00e9conomique.<\/p>\n<h2 style=\"text-align: justify;\"><strong>L\u2019interrogation autour de la gouvernabilit\u00e9<\/strong><\/h2>\n<p style=\"text-align: justify;\">Passons maintenant au probl\u00e8me de la gouvernabilit\u00e9.<\/p>\n<p style=\"text-align: justify;\">Quel sc\u00e9nario s\u2019ouvre maintenant ? Un sc\u00e9nario de polarisation des clases traditionnel, ou un marqu\u00e9e par des disputes entre ceux d&#8217;en haut ?<\/p>\n<p style=\"text-align: justify;\">En principe, nous pensons que le sc\u00e9nario, au moins au d\u00e9but de la gestion du nouveau gouvernement, sera un sc\u00e9nario assez classique. Cristina s\u2019en va avec le capital politique d&#8217;une gestion r\u00e9ussie (en termes capitalistes) de douze ans, quelque chose sans pr\u00e9c\u00e9dent dans le pays. C&#8217;est un capital qui donnera lieu \u00e0 des nouveaux d\u00e9veloppements : <strong>il est clair qu\u2019il ne s\u2019agit pas d\u2019un cadavre politique.<\/strong><\/p>\n<p style=\"text-align: justify;\">Toutefois, il est \u00e9galement clair qu&#8217;il n&#8217;y a de nombreux pr\u00e9tendants au tr\u00f4ne du Parti Justicialiste [le\u00a0\u00ab\u00a0parti p\u00e9roniste\u00a0\u00bb]. La survie du Front pour la Victoire [alliance \u00e9lectorale des Kirchner qui dans certains villes et provinces et int\u00e9gr\u00e9 par l\u2019appareil historique du PJ et dans d\u2019autres non] loin du contr\u00f4le de l&#8217;appareil d&#8217;\u00c9tat n&#8217;est pas si \u00e9vidente. Mais nous insistons : le kirchnerisme aura une survie quelconque en tant que courant de masses. Mais le pouvoir \u00e0 l&#8217;int\u00e9rieur du PJ, tout le monde dit qu&#8217;il va maintenant passer aux gouverneurs des diff\u00e9rentes provinces.<\/p>\n<p style=\"text-align: justify;\">De l\u00e0 qu&#8217;il reste \u00e0 savoir quels secteurs repr\u00e9sente le \u00ab\u00a0cristinisme [par Cristina Kirchner] dur \u00bb quand il s&#8217;agira de s&#8217;opposer au gouvernement de Macri.<\/p>\n<p style=\"text-align: justify;\">La plupart du PJ et de la bureaucratie syndicale, au moins au d\u00e9but, certainement vont s&#8217;aligner avec l&#8217;id\u00e9e de \u00ab ne pas remettre en question la gouvernabilit\u00e9 \u00bb, comme le montrent les d\u00e9clarations de Scioli et de Moyano.<\/p>\n<p style=\"text-align: justify;\">Apr\u00e8s, il y a la question de la base du nouveau gouvernement. Il y a un premier \u00e9l\u00e9ment \u00e0 souligner : du point de vue institutionnel, la \u00ab\u00a0tro\u00efka\u00a0\u00bb constitu\u00e9 par l&#8217;ex\u00e9cutif national, le gouvernement dans la province de Buenos Aires et dans la Capitale F\u00e9d\u00e9rale [tous les trois dans les mains du \u00ab\u00a0macrisme\u00a0\u00bb], compense le fait qu\u2019il soit en minorit\u00e9 dans les deux chambres [avec une majorit\u00e9 \u00ab\u00a0kircherniste\u00a0\u00bb aujourd\u2019hui].<\/p>\n<p style=\"text-align: justify;\">Ce n&#8217;est pas que la question parlementaire soit sans importance. Mais cette <strong>\u00ab\u00a0tro\u00efka\u00a0\u00bb\u00a0 du pouvoir institutionnel et territorial est tr\u00e8s importante.<\/strong><\/p>\n<p style=\"text-align: justify;\">En m\u00eame temps, il y a deux probl\u00e8mes. Premi\u00e8rement, que le PRO [le parti de Macri] n&#8217;a pas d\u2019influence dans les syndicats. Et il y a une autre question que nous tenons \u00e0 souligner : <strong>on ne va pas vers un gouvernement de coalition<\/strong>. Cambiemos [alliance \u00e9lectorale qui a emport\u00e9 Macri au pouvoir] c&#8217;\u00e9tait une coalition pour gagner l&#8217;\u00e9lection, mais elle n\u2019aura pas une grande expression dans le casting du nouveau gouvernement.<\/p>\n<p style=\"text-align: justify;\">Le \u00ab renoncement \u00bb honteux de Sanz [dirigeant du Parti Radical (membre de l\u2019alliance Cambiemos) qui a refus\u00e9 la proposition d\u2019\u00eatre Ministre de Justice] \u00e0 la politique a des raisons profondes : <strong>le scandale que le radicalisme ait contribu\u00e9 \u00e0 la victoire Macri et sans rien obtenir en retour.<\/strong><\/p>\n<p style=\"text-align: justify;\">Pour l&#8217;instant, au moins en ce qui concerne les ministres annonc\u00e9s, la mise en sc\u00e8ne semble superbe : <strong>un cabinet de ministres technocratique dont on ne sait pas quelle capacit\u00e9 politique il aura pour g\u00e9rer les probl\u00e8mes.<\/strong><\/p>\n<p style=\"text-align: justify;\">Dans tous les cas, le principal probl\u00e8me de la gouvernabilit\u00e9 n&#8217;est pas la constitution du nouveau cabinet de ministres: ce sont les rapports des forces qui seront test\u00e9s <strong>entre le nouveau gouvernement et les masses.<\/strong><\/p>\n<p style=\"text-align: justify;\">Nous avons parl\u00e9 des rapports des forces dans tout le texte. Nous voulons juste souligner ici <strong>la contradiction que semble repr\u00e9senter un cabinet de ministre \u00e0 droite du \u00ab point \u00bb dans lequel sont les rapports de forces aujourd&#8217;hui<\/strong> (mais aussi plus \u00e0 droite que ce que la majorit\u00e9 des gens attendait).<\/p>\n<p style=\"text-align: justify;\">Lorsque nous avons parl\u00e9 de \u00ab choc des attentes \u00bb dans d&#8217;autres textes nous avions en t\u00eate, plut\u00f4t, le vote \u00ab conservateur-progressiste \u00bb confront\u00e9 \u00e0 la gestion conservatrice d&#8217;un Scioli. Mais maintenant, \u00e9tant donn\u00e9 la \u00ab\u00a0confusion\u00a0\u00bb dans la t\u00eate des travailleurs, rendant difficile de savoir quelles attentes ils ont dans leur t\u00eate, il y a quand m\u00eame le probl\u00e8me que <strong>le nouveau cabinet de ministre ouvre trop de fronts de bataille en m\u00eame temps<\/strong>.<\/p>\n<p style=\"text-align: justify;\">Nous nous expliquons : dans une guerre, il est toujours pr\u00e9f\u00e9rable de se battre dans un seul front plut\u00f4t que dans plusieurs en m\u00eame temps. Donc, si s\u2019applique un ajustement \u00e9conomique, si le Ministre de l\u2019Education attaque les enseignants, si le Ministre de la Sant\u00e9 est un r\u00e9actionnaire sexiste dans le pays du #Ni una menos, si la politique \u00e9trang\u00e8re est celle d&#8217;un alignement avec les putschistes au Venezuela,<strong> ceci signifie de se battre avec tout le monde en m\u00eame temps.<\/strong><\/p>\n<p style=\"text-align: justify;\">Les rapports de forces permettront d\u2019aller aussi loin ? L&#8217;institutionnalisation du pays sera-t-elle suffisante pour un virage \u00e0 droite aussi fort ? Cela reste \u00e0 voir.<strong> Il n&#8217;y a pas de l\u00e9gitimit\u00e9 suffisante pour partir avec une telle attaque contre toutes les positions acquises par les exploit\u00e9s et les opprim\u00e9s<\/strong>. Dans ce cas des tr\u00e8s durs affrontements viendront. Des affrontements encore plus grands dans la mesure o\u00f9, en outre, il ne faut pas oublier qu\u2019un des points centraux du gouvernement de Macri est de mettre en \u0153uvre <strong>\u00ab une nouvelle politique de s\u00e9curit\u00e9 \u00bb consistant \u00e0 r\u00e9primer les mobilisations<\/strong>.<\/p>\n<p style=\"text-align: justify;\">Il ne faut pas prendre ce dernier point \u00e0 la l\u00e9g\u00e8re. Ceci pourrait s\u2019appuyer dans une l\u00e9gitimit\u00e9 autour de l\u2019id\u00e9e de \u00ab\u00a0ne plus emmerder les gens\u00a0\u00bb (lors des blocages d\u2019autoroutes ou d\u2019avenues, fr\u00e9quents en Argentine), surtout s\u2019il s\u2019agit de luttes isol\u00e9es.<\/p>\n<p style=\"text-align: justify;\">Voil\u00e0 la perspective \u00e0 laquelle on doit se pr\u00e9parer aujourd&#8217;hui : <strong>des durs combats d&#8217;avant-garde qui seront confront\u00e9s \u00e0 la nouvelle politique de s\u00e9curit\u00e9 \u00ab\u00a0antiblocages\u00a0\u00bb que va essayer d\u2019appliquer, sans aucun doute, le nouveau gouvernement.<\/strong><\/p>\n<p style=\"text-align: justify;\">Si des secteurs importants rentrent en lutte, ce sera une chose. Mais si cette mobilisation g\u00e9n\u00e9rale est entrav\u00e9e par la bureaucratie syndicale, les attentes dans le nouveau gouvernement ou autre chose,<strong> le combat ne sera pas facile<\/strong>.<\/p>\n<p style=\"text-align: justify;\"><strong>C&#8217;est pourquoi nous devons nous pr\u00e9parer \u00e0 des luttes dures (ou tr\u00e8s dures!) au d\u00e9but du gouvernement de Macri.<\/strong><\/p>\n<p style=\"text-align: justify;\">La gouvernance en g\u00e9n\u00e9ral d\u00e9pendra de ce que fera ou non Macri lui-m\u00eame : s\u2019il va vers une attaque sur tous les fronts, la gouvernabilit\u00e9 ne sera pas facile : <strong>nous sommes en Argentine, un pays avec d\u2019\u00e9normes traditions de lutte dont il faut tenir compte avant de lancer des attaques g\u00e9n\u00e9ralis\u00e9s contre les exploit\u00e9s et les opprim\u00e9s.<\/strong><\/p>\n<p style=\"text-align: justify;\">C\u2019est pourquoi <strong>nous d\u00e9vons \u00eatre fins vis-\u00e0-vis des nouveaux d\u00e9veloppements<\/strong>. D&#8217;une part il faut rejeter la superficialit\u00e9, l\u2019objectivisme de croire qu&#8217;ici \u00ab rien n\u2019est arriv\u00e9 \u00bb: Il y a bien quelque chose qui est arriv\u00e9, et pas des moindres : <strong>il y a un nouveau gouvernement r\u00e9actionnaire qui n\u2019apportera rien de bon pour les exploit\u00e9s et les opprim\u00e9s, et qui pourrait \u00eatre plus fort que les gouvernements qui l&#8217;ont pr\u00e9c\u00e9d\u00e9.<\/strong><\/p>\n<p style=\"text-align: justify;\">Dans le m\u00eame temps, nous ne devons pas \u00eatre impressionn\u00e9s : il ne faut jamais perdre de vue que les \u00e9lections sont une expression <strong>d\u00e9form\u00e9e<\/strong> de la lutte de classes. Les \u00e9lections consacrent des gouvernements ensuite il faut les prouver dans le terrain r\u00e9el. Et la mesure r\u00e9elle des rapports des forces pour eux et pour nous va \u00eatre dans la lutte des classes de la prochaine p\u00e9riode, dans les petits et grands affrontements qui auront lieu, o\u00f9 devra se forger la nouvelle g\u00e9n\u00e9ration ouvri\u00e8re, \u00e9tudiante et militante.<\/p>\n<h2 style=\"text-align: justify;\"><strong>Unifier la lutte contre le nouveau gouvernement<\/strong><\/h2>\n<p style=\"text-align: justify;\">C\u2019est dans ce contexte qu\u2019il faut placer le r\u00f4le de la gauche dans la prochaine p\u00e9riode. L&#8217;ann\u00e9e \u00e9lectorale est termin\u00e9e. Termin\u00e9e la situation \u00ab\u00a0anormale\u00a0\u00bb o\u00f9 les \u00ab\u00a0luttes\u00a0\u00bb avaient lieu dans les m\u00e9dias. Maintenant les combats auront lieu dans le terrain concret, r\u00e9el, mat\u00e9riel, de la lutte des classes.<\/p>\n<p style=\"text-align: justify;\">Nous avons d\u00e9j\u00e0 \u00e9crit ailleurs sur le bilan \u00e9lectoral de la gauche. Ce n&#8217;est pas un texte de bilan de l&#8217;ann\u00e9e, mais un premier brouillon dont le but est de transmettre des \u00e9l\u00e9ments du contexte politique aux militants.<\/p>\n<p style=\"text-align: justify;\">La gauche a une responsabilit\u00e9. Elle a r\u00e9ussi \u00e0 conqu\u00e9rir une repr\u00e9sentativit\u00e9 sociale, syndicale et \u00e9lectorale qui sera d\u00e9sormais en jeu dans les luttes qui viennent.<\/p>\n<p style=\"text-align: justify;\">Et comme partie int\u00e9grante de la gauche en g\u00e9n\u00e9ral, le m\u00eame est vrai pour notre parti, qui s\u2019est fait une place plus importante au sein de la gauche l\u2019ann\u00e9e derni\u00e8re, non seulement en mati\u00e8re \u00e9lectorale, mais aussi au sein des travailleurs, du mouvement \u00e9tudiant, et dans le mouvement f\u00e9ministe.<\/p>\n<p style=\"text-align: justify;\">Quelle est l&#8217;orientation politique g\u00e9n\u00e9rale que nous allons d\u00e9fendre contre le nouveau gouvernement ? Celle que nous avons pos\u00e9 dans le communiqu\u00e9 du dimanche 22 : la n\u00e9cessit\u00e9 d&#8217;abandonner tout sectarisme, d\u2019avancer dans l\u2019unit\u00e9 d\u2019action et dans des fronts unis pour unifier les luttes des travailleurs, populaires, des \u00e9tudiants et du mouvement des femmes.<\/p>\n<p style=\"text-align: justify;\">Ici notre proposition d\u2019organiser une rencontr\u00e9 ouvri\u00e8re est d\u2019\u00e9norme importance. Il est \u00e9vident que cette proposition n&#8217;exclut pas un terrain de lutte au sein de l&#8217;avant-garde. D\u00e9j\u00e0 certains initiatives sont prises \u00e0 cet \u00e9gard et notre parti commence, aussi, \u00e0 d\u00e9ployer ses orientations dans ce domaine, autant contre des propositions d\u2019appareil, de rencontres superstructurales qui ne refl\u00e8tent pas le processus par en bas, que contre des politiques d\u2019auto-proclamation sans aucune base dans la r\u00e9alit\u00e9.<\/p>\n<p style=\"text-align: justify;\">Dans ce domaine, comme toujours, le parti commence en se renfor\u00e7ant par en bas, en appuyant les luttes, en s&#8217;appuyant sur des repr\u00e9sentations syndicales conquises. Mais il est \u00e9galement essentiel que nous apprenions \u00e0 faire de la politique, que nous apprenions \u00e0 pour \u00e9viter tout risque de \u00ab\u00a0auto-exclusion\u00a0\u00bb.<\/p>\n<p style=\"text-align: justify;\">Dans tous les cas, nous ne pouvons faire ici que des consid\u00e9rations g\u00e9n\u00e9rales, pas en d\u00e9tail. Par exemple, se pr\u00e9pare d\u00e9j\u00e0 une mobilisation le 14 d\u00e9cembre (lors de la visite de fonctionnaires de l\u2019OIT qui recommanderont des moyens pour mettre en place un \u00ab pacte social \u00bb), il semble qu\u2019elle suscite une adh\u00e9sion large parmi l&#8217;avant-garde ouvri\u00e8re et ce serait la premi\u00e8re mobilisation unitaire des travailleurs sous Macri.<\/p>\n<p style=\"text-align: justify;\">Voici donc le premier \u00ab\u00a0reflex\u00a0\u00bb d&#8217;une politique r\u00e9volutionnaire aujourd\u2019hui : promouvoir la plus large unit\u00e9 d&#8217;action contre l\u2019ajustement du nouveau gouvernement, face \u00e0 la r\u00e9pression qui va s\u00fbrement lui \u00eatre inh\u00e9rente.<\/p>\n<p style=\"text-align: justify;\">Dans ce contexte, il semble assez \u00e9vident qu&#8217;il y a deux ou trois axes pr\u00e9pond\u00e9rants de l&#8217;action politique. Le premier consiste \u00e0 unifier la lutte contre l&#8217;ajustement de Macri : dans la d\u00e9fense du salaire, contre les licenciements, contre l&#8217;attaque sur les salaires des enseignants et des fonctionnaires, \u00e9viter que soient introduits des reculs dans la l\u00e9gislation contre la discrimination syndicale, etc\u00e9t\u00e9ra.<\/p>\n<p style=\"text-align: justify;\">Le deuxi\u00e8me, affronter tous les c\u00f4t\u00e9s r\u00e9actionnaires du gouvernement : la r\u00e9pression et la tentative de faire sortir les luttes de la rue, le attaques qui peuvent venir dans le domaine de l&#8217;\u00e9ducation, de l&#8217;enseignement et du mouvement \u00e9tudiant, des attaques contre les droits des femmes.<\/p>\n<p style=\"text-align: justify;\">Troisi\u00e8mement, il est important d\u2019\u00eatre alerte et d\u2019avoir une sensibilit\u00e9 face \u00e0 la nouvelle politique ext\u00e9rieure du gouvernement, par exemple en nous mobilisant contre la tentative d\u2019exclure le Venezuela du Mercosur.<\/p>\n<p style=\"text-align: justify;\">Fait partie \u00e9galement de cette orientation la pr\u00e9paration pour le 24 mars de la mobilisation pour le 40e anniversaire du dernier coup d\u2019Etat militaire, d\u00e9fendre la poursuite des proc\u00e8s contre les militaires responsables, d\u2019\u00eatre vigilants \u00e0 l&#8217;\u00e9gard des coups r\u00e9actionnaires comme celui du journal La Nacion du lundi 23 [le lendemain de ces \u00e9lections, ce journal de droite a demand\u00e9 la lib\u00e9ration de militaires emprisonn\u00e9s par des crimes contre l\u2019humanit\u00e9].<\/p>\n<p style=\"text-align: justify;\">Il s\u2019agit d\u2019un ensemble de lignes directrices que nous devrons pr\u00e9ciser au fur et \u00e0 mesure que prenne forme la nouvelle situation ; dans tous les cas, certaines des lignes directrices g\u00e9n\u00e9rales d\u00e9crites ici sont une premi\u00e8re \u00e9tape sur ce chemin, <strong>o\u00f9 le centre ne sera plus une politique \u00ab ni \/ ni \u00bb comme dans ces derni\u00e8res ann\u00e9es, mais un affrontement concentr\u00e9e contre le nouveau gouvernement de Macri.<\/strong><\/p>\n<h2 style=\"text-align: justify;\"><strong>Une forte organisation nationale d\u2019avant-garde<\/strong><\/h2>\n<p style=\"text-align: justify;\">Pour conclure, ce que nous posons au parti est au fond tr\u00e8s simple. Nous ne serons pas face \u00e0 des temps de stabilit\u00e9. Le virage \u00e0 droite et le triomphe de Macri devront \u00eatre test\u00e9s dans le domaine concret des luttes de tous les jours. <strong>Comme nous l&#8217;avons d\u00e9j\u00e0 soulign\u00e9, c&#8217;est l\u00e0 o\u00f9 la port\u00e9e et les limites du virage conservateur que le pays vit seront test\u00e9es.<\/strong><\/p>\n<p style=\"text-align: justify;\">La question concr\u00e8te est que l\u2019on ne peut gouverner pour \u00ab tous les Argentins, pour ceux qui ont vot\u00e9 moi et pour ceux qui ne l\u2019ont pas fait \u00bb. Le nouveau gouvernement de Macri devra choisir et il choisira sans doute de<strong> supprimer les conqu\u00eates des masses.<\/strong><\/p>\n<p style=\"text-align: justify;\">S\u00fbrement sera d\u00e9clench\u00e9e une dure conflictivit\u00e9 sociale. C&#8217;est ce qui est d\u00e9j\u00e0 le cas, par exemple, dans le cas des travailleurs municipaux de la ville de C\u00f3rdoba. Mestre (gouverneur de Cordoba) a commenc\u00e9 son nouveau avec un plan de privatisation sous le bras, ce qui est d\u00e9j\u00e0 en train de donner lieu \u00e0 de luttes et \u00e0 de la r\u00e9sistance.<\/p>\n<p style=\"text-align: justify;\">C&#8217;est l\u00e0 o\u00f9 est devra se forger le parti, o\u00f9 il devra faire son exp\u00e9rience. Tous nos jeunes militants doivent assumer que nous construisons un <strong>parti r\u00e9volutionnaire<\/strong>, un parti de lutte des classes. Luttes qui doivent \u00eatre \u00ab notre \u00e9l\u00e9ment \u00bb: <strong>ce qui signifie que nous devons orienter toute notre activit\u00e9 \u00e0 y participer \u00e0 fond.<\/strong><\/p>\n<p style=\"text-align: justify;\">Pas n\u2019importe comment : il n&#8217;y a aucun parti qui puisse participer dans toutes les combats. Mais chaque f\u00e9d\u00e9ration et le parti dans son ensemble, doivent faire l&#8217;exp\u00e9rience dans certaines des luttes les plus importantes dans la prochaine p\u00e9riode et s\u2019y construire.<\/p>\n<p style=\"text-align: justify;\">Il s\u2019agira de massifier les luttes autant que possible, de multiplier les points d&#8217;appui, de r\u00e9aliser les plus les plus larges initiatives de fronts unis et unit\u00e9 d&#8217;action, ne laissant pas de c\u00f4t\u00e9, de fa\u00e7on sectaire,<strong> aucune des questions d\u00e9mocratiques qui se posent.<\/strong><\/p>\n<p style=\"text-align: justify;\">Et dans cette exp\u00e9rience, le groupe apprendra \u00e0 se concevoir comme une organisation de lutte : comme un parti r\u00e9volutionnaire pour lequel se pose, \u00e0 partir de maintenant, une tournure de son activit\u00e9 par rapport \u00e0 ce qui a \u00e9t\u00e9 2015. M\u00eame s&#8217;il ne faut pas perdre de vue, m\u00eame pas pour un instant, que les obligations \u00e9lectorales continueront d&#8217;\u00eatre pr\u00e9sentes en 2016 sous la forme de <strong>d\u00e9fendre de mani\u00e8re intransigeante la l\u00e9galit\u00e9 nationale de notre parti.<\/strong><\/p>\n<p style=\"text-align: justify;\">Cela ne signifie pas non plus de laisser de c\u00f4t\u00e9 nos conqu\u00eates de l&#8217;ann\u00e9e derni\u00e8re, par exemple en termes de figures politiques publiques et d&#8217;acc\u00e8s aux m\u00e9dias. Il s\u2019agit tout simplement de faire en sorte que nos figures politiques ainsi que les camarades qui s\u2019occupent des m\u00e9dias devront s&#8217;efforcer et se forger comme le reste du parti, dans le domaine des luttes quotidiennes.<\/p>\n<p style=\"text-align: justify;\">Une nouvelle exp\u00e9rience s&#8217;ouvre pour notre parti, un cycle politique s\u2019est ferm\u00e9 et un autre commence : un nouveau cycle o\u00f9 le parti devra se tester et apprendre en tant que parti r\u00e9volutionnaire, en tant que parti qui avec une extension nationale accrue devra continuer \u00e0 se transformer en une v\u00e9ritable organisation d\u2019avant-garde, d\u00e9fi que la place conquise par le Nouveau MAS au sein de la gauche de notre pays, et nos r\u00e9ussites constructives, mettent de plus en plus \u00e0 l\u2019ordre du jour.<\/p>\n<p style=\"text-align: justify;\">_______________________________<\/p>\n<p style=\"text-align: justify;\"><a href=\"#_ftnref1\" name=\"_ftn1\">[1]<\/a> Attention, il s\u2019agit d\u2019un \u00e9ditorialiste r\u00e9actionnaire et qu\u2019en g\u00e9n\u00e9ral fait des moiti\u00e9 analyses moiti\u00e9 campagnes politiques autour des int\u00e9r\u00eats qu\u2019il d\u00e9fend; de toute fa\u00e7on, de temps en temps, il fait des analyses assez fines, m\u00eame si ces analyses servent toujours \u00e0 aller contre les Kirchner, \u00e0 en finir avec eux, comme dans ce cas. De toute fa\u00e7on, la citation est int\u00e9ressant, au-del\u00e0 du fait qu\u2019il parle de \u00ab\u00a0rapports de force parlementaires\u00a0\u00bb alors que nous parlerons, plus loin, <strong>de rapports de force plut\u00f4t extraparlementaires.<\/strong><\/p>\n<p style=\"text-align: justify;\"><a href=\"#_ftnref2\" name=\"_ftn2\">[2]<\/a> Ministre de transports et candidat de la \u00ab\u00a0gauche\u00a0\u00bb kircherniste, il ne s\u2019est pas pr\u00e9sent\u00e9 aux primaires contre Scioli (plus clairement marqu\u00e9 \u00e0 droite), sous ordres strictes de Cristina Kirchner.<\/p>\n<p style=\"text-align: justify;\"><a href=\"#_ftnref3\" name=\"_ftn3\">[3]<\/a> Nous parlons ici du seuil minimum de voix qu\u2019il fallait obtenir dans les primaires pour pouvoir pr\u00e9senter des candidats aux \u00e9lections g\u00e9n\u00e9rales.<\/p>\n<p style=\"text-align: justify;\"><a href=\"#_ftnref4\" name=\"_ftn4\">[4]<\/a> Lors de la crise qui a oppos\u00e9 le gouvernement Kirchner aux latifundistes agraires en 2008 autour des imp\u00f4ts sur les exportations de grains, le Nouveau MAS a d\u00e9fendu la position \u00ab\u00a0Ni avec le gouvernement ni avec les patrons agraires\u00a0\u00bb.<\/p>\n","protected":false},"excerpt":{"rendered":"<p>\u00ab\u00a0(\u2026) l&#8217;in\u00e9vitable, dit avec la logique politique brute, est que le pouvoir a chang\u00e9 de mains en Argentine (&#8230;) C&#8217;est un moment o\u00f9 l&#8217;\u00e9cosyst\u00e8me politique enregistre une mutation importante ce qui a ensuite un effet domino sur le reste des institutions et sur la soci\u00e9t\u00e9 elle-m\u00eame (&#8230;) Le pouvoir reste toujours entre les mains de [&hellip;]<\/p>\n","protected":false},"author":8,"featured_media":6900,"comment_status":"closed","ping_status":"closed","sticky":false,"template":"","format":"standard","meta":{"footnotes":""},"categories":[467],"tags":[],"class_list":{"0":"post-6899","1":"post","2":"type-post","3":"status-publish","4":"format-standard","5":"has-post-thumbnail","7":"category-french"},"yoast_head":"<!-- This site is optimized with the Yoast SEO plugin v27.5 - https:\/\/yoast.com\/product\/yoast-seo-wordpress\/ -->\n<title>L\u2019Argentine qui vient avec Macri - Un gouvernement \u00a0r\u00e9actionnaire qui pr\u00e9pare des durs affrontements de classe - Socialismo o Barbarie<\/title>\n<meta name=\"robots\" content=\"index, follow, max-snippet:-1, max-image-preview:large, max-video-preview:-1\" \/>\n<link rel=\"canonical\" href=\"https:\/\/www.socialismoobarbarie.org\/?p=6899\" \/>\n<meta property=\"og:locale\" content=\"es_ES\" \/>\n<meta property=\"og:type\" content=\"article\" \/>\n<meta property=\"og:title\" content=\"L\u2019Argentine qui vient avec Macri - Un gouvernement \u00a0r\u00e9actionnaire qui pr\u00e9pare des durs affrontements de classe - Socialismo o Barbarie\" \/>\n<meta property=\"og:description\" content=\"\u00ab\u00a0(\u2026) l&#8217;in\u00e9vitable, dit avec la logique politique brute, est que le pouvoir a chang\u00e9 de mains en Argentine (&#8230;) C&#8217;est un moment o\u00f9 l&#8217;\u00e9cosyst\u00e8me politique enregistre une mutation importante ce qui a ensuite un effet domino sur le reste des institutions et sur la soci\u00e9t\u00e9 elle-m\u00eame (&#8230;) Le pouvoir reste toujours entre les mains de [&hellip;]\" \/>\n<meta property=\"og:url\" content=\"https:\/\/www.socialismoobarbarie.org\/?p=6899\" \/>\n<meta property=\"og:site_name\" content=\"Socialismo o Barbarie\" \/>\n<meta property=\"article:published_time\" content=\"2015-11-27T20:24:35+00:00\" \/>\n<meta property=\"article:modified_time\" content=\"2015-11-27T20:27:20+00:00\" \/>\n<meta property=\"og:image\" content=\"https:\/\/www.socialismoobarbarie.org\/wp-content\/uploads\/2015\/11\/151127-gabinete-macri.jpg\" \/>\n\t<meta property=\"og:image:width\" content=\"605\" \/>\n\t<meta property=\"og:image:height\" content=\"339\" \/>\n\t<meta property=\"og:image:type\" content=\"image\/jpeg\" \/>\n<meta name=\"author\" content=\"SOB\" \/>\n<meta name=\"twitter:card\" content=\"summary_large_image\" \/>\n<meta name=\"twitter:label1\" content=\"Escrito por\" \/>\n\t<meta name=\"twitter:data1\" content=\"SOB\" \/>\n\t<meta name=\"twitter:label2\" content=\"Tiempo de lectura\" \/>\n\t<meta name=\"twitter:data2\" content=\"45 minutos\" \/>\n<script type=\"application\/ld+json\" class=\"yoast-schema-graph\">{\"@context\":\"https:\\\/\\\/schema.org\",\"@graph\":[{\"@type\":\"Article\",\"@id\":\"https:\\\/\\\/www.socialismoobarbarie.org\\\/?p=6899#article\",\"isPartOf\":{\"@id\":\"https:\\\/\\\/www.socialismoobarbarie.org\\\/?p=6899\"},\"author\":{\"name\":\"SOB\",\"@id\":\"https:\\\/\\\/www.socialismoobarbarie.org\\\/#\\\/schema\\\/person\\\/bc1c3b321d47ed092405949c77e35a8e\"},\"headline\":\"L\u2019Argentine qui vient avec Macri &#8211; Un gouvernement \u00a0r\u00e9actionnaire qui pr\u00e9pare des durs affrontements de classe\",\"datePublished\":\"2015-11-27T20:24:35+00:00\",\"dateModified\":\"2015-11-27T20:27:20+00:00\",\"mainEntityOfPage\":{\"@id\":\"https:\\\/\\\/www.socialismoobarbarie.org\\\/?p=6899\"},\"wordCount\":9213,\"publisher\":{\"@id\":\"https:\\\/\\\/www.socialismoobarbarie.org\\\/#organization\"},\"image\":{\"@id\":\"https:\\\/\\\/www.socialismoobarbarie.org\\\/?p=6899#primaryimage\"},\"thumbnailUrl\":\"https:\\\/\\\/www.socialismoobarbarie.org\\\/wp-content\\\/uploads\\\/2015\\\/11\\\/151127-gabinete-macri.jpg\",\"articleSection\":[\"Fran\u00e7ais\"],\"inLanguage\":\"es\"},{\"@type\":\"WebPage\",\"@id\":\"https:\\\/\\\/www.socialismoobarbarie.org\\\/?p=6899\",\"url\":\"https:\\\/\\\/www.socialismoobarbarie.org\\\/?p=6899\",\"name\":\"L\u2019Argentine qui vient avec Macri - Un gouvernement \u00a0r\u00e9actionnaire qui pr\u00e9pare des durs affrontements de classe - Socialismo o Barbarie\",\"isPartOf\":{\"@id\":\"https:\\\/\\\/www.socialismoobarbarie.org\\\/#website\"},\"primaryImageOfPage\":{\"@id\":\"https:\\\/\\\/www.socialismoobarbarie.org\\\/?p=6899#primaryimage\"},\"image\":{\"@id\":\"https:\\\/\\\/www.socialismoobarbarie.org\\\/?p=6899#primaryimage\"},\"thumbnailUrl\":\"https:\\\/\\\/www.socialismoobarbarie.org\\\/wp-content\\\/uploads\\\/2015\\\/11\\\/151127-gabinete-macri.jpg\",\"datePublished\":\"2015-11-27T20:24:35+00:00\",\"dateModified\":\"2015-11-27T20:27:20+00:00\",\"breadcrumb\":{\"@id\":\"https:\\\/\\\/www.socialismoobarbarie.org\\\/?p=6899#breadcrumb\"},\"inLanguage\":\"es\",\"potentialAction\":[{\"@type\":\"ReadAction\",\"target\":[\"https:\\\/\\\/www.socialismoobarbarie.org\\\/?p=6899\"]}]},{\"@type\":\"ImageObject\",\"inLanguage\":\"es\",\"@id\":\"https:\\\/\\\/www.socialismoobarbarie.org\\\/?p=6899#primaryimage\",\"url\":\"https:\\\/\\\/www.socialismoobarbarie.org\\\/wp-content\\\/uploads\\\/2015\\\/11\\\/151127-gabinete-macri.jpg\",\"contentUrl\":\"https:\\\/\\\/www.socialismoobarbarie.org\\\/wp-content\\\/uploads\\\/2015\\\/11\\\/151127-gabinete-macri.jpg\",\"width\":605,\"height\":339},{\"@type\":\"BreadcrumbList\",\"@id\":\"https:\\\/\\\/www.socialismoobarbarie.org\\\/?p=6899#breadcrumb\",\"itemListElement\":[{\"@type\":\"ListItem\",\"position\":1,\"name\":\"Portada\",\"item\":\"https:\\\/\\\/www.socialismoobarbarie.org\\\/\"},{\"@type\":\"ListItem\",\"position\":2,\"name\":\"L\u2019Argentine qui vient avec Macri &#8211; Un gouvernement \u00a0r\u00e9actionnaire qui pr\u00e9pare des durs affrontements de classe\"}]},{\"@type\":\"WebSite\",\"@id\":\"https:\\\/\\\/www.socialismoobarbarie.org\\\/#website\",\"url\":\"https:\\\/\\\/www.socialismoobarbarie.org\\\/\",\"name\":\"Socialismo o Barbarie\",\"description\":\"Sitio web de la corriente internacional Socialismo o Barbarie\",\"publisher\":{\"@id\":\"https:\\\/\\\/www.socialismoobarbarie.org\\\/#organization\"},\"potentialAction\":[{\"@type\":\"SearchAction\",\"target\":{\"@type\":\"EntryPoint\",\"urlTemplate\":\"https:\\\/\\\/www.socialismoobarbarie.org\\\/?s={search_term_string}\"},\"query-input\":{\"@type\":\"PropertyValueSpecification\",\"valueRequired\":true,\"valueName\":\"search_term_string\"}}],\"inLanguage\":\"es\"},{\"@type\":\"Organization\",\"@id\":\"https:\\\/\\\/www.socialismoobarbarie.org\\\/#organization\",\"name\":\"Socialismo o Barbarie\",\"url\":\"https:\\\/\\\/www.socialismoobarbarie.org\\\/\",\"logo\":{\"@type\":\"ImageObject\",\"inLanguage\":\"es\",\"@id\":\"https:\\\/\\\/www.socialismoobarbarie.org\\\/#\\\/schema\\\/logo\\\/image\\\/\",\"url\":\"https:\\\/\\\/www.socialismoobarbarie.org\\\/wp-content\\\/uploads\\\/2025\\\/02\\\/soblogoweb-2025.png\",\"contentUrl\":\"https:\\\/\\\/www.socialismoobarbarie.org\\\/wp-content\\\/uploads\\\/2025\\\/02\\\/soblogoweb-2025.png\",\"width\":450,\"height\":161,\"caption\":\"Socialismo o Barbarie\"},\"image\":{\"@id\":\"https:\\\/\\\/www.socialismoobarbarie.org\\\/#\\\/schema\\\/logo\\\/image\\\/\"}},{\"@type\":\"Person\",\"@id\":\"https:\\\/\\\/www.socialismoobarbarie.org\\\/#\\\/schema\\\/person\\\/bc1c3b321d47ed092405949c77e35a8e\",\"name\":\"SOB\",\"url\":\"https:\\\/\\\/www.socialismoobarbarie.org\\\/?author=8\"}]}<\/script>\n<!-- \/ Yoast SEO plugin. -->","yoast_head_json":{"title":"L\u2019Argentine qui vient avec Macri - Un gouvernement \u00a0r\u00e9actionnaire qui pr\u00e9pare des durs affrontements de classe - Socialismo o Barbarie","robots":{"index":"index","follow":"follow","max-snippet":"max-snippet:-1","max-image-preview":"max-image-preview:large","max-video-preview":"max-video-preview:-1"},"canonical":"https:\/\/www.socialismoobarbarie.org\/?p=6899","og_locale":"es_ES","og_type":"article","og_title":"L\u2019Argentine qui vient avec Macri - Un gouvernement \u00a0r\u00e9actionnaire qui pr\u00e9pare des durs affrontements de classe - Socialismo o Barbarie","og_description":"\u00ab\u00a0(\u2026) l&#8217;in\u00e9vitable, dit avec la logique politique brute, est que le pouvoir a chang\u00e9 de mains en Argentine (&#8230;) C&#8217;est un moment o\u00f9 l&#8217;\u00e9cosyst\u00e8me politique enregistre une mutation importante ce qui a ensuite un effet domino sur le reste des institutions et sur la soci\u00e9t\u00e9 elle-m\u00eame (&#8230;) Le pouvoir reste toujours entre les mains de [&hellip;]","og_url":"https:\/\/www.socialismoobarbarie.org\/?p=6899","og_site_name":"Socialismo o Barbarie","article_published_time":"2015-11-27T20:24:35+00:00","article_modified_time":"2015-11-27T20:27:20+00:00","og_image":[{"width":605,"height":339,"url":"https:\/\/www.socialismoobarbarie.org\/wp-content\/uploads\/2015\/11\/151127-gabinete-macri.jpg","type":"image\/jpeg"}],"author":"SOB","twitter_card":"summary_large_image","twitter_misc":{"Escrito por":"SOB","Tiempo de lectura":"45 minutos"},"schema":{"@context":"https:\/\/schema.org","@graph":[{"@type":"Article","@id":"https:\/\/www.socialismoobarbarie.org\/?p=6899#article","isPartOf":{"@id":"https:\/\/www.socialismoobarbarie.org\/?p=6899"},"author":{"name":"SOB","@id":"https:\/\/www.socialismoobarbarie.org\/#\/schema\/person\/bc1c3b321d47ed092405949c77e35a8e"},"headline":"L\u2019Argentine qui vient avec Macri &#8211; Un gouvernement \u00a0r\u00e9actionnaire qui pr\u00e9pare des durs affrontements de classe","datePublished":"2015-11-27T20:24:35+00:00","dateModified":"2015-11-27T20:27:20+00:00","mainEntityOfPage":{"@id":"https:\/\/www.socialismoobarbarie.org\/?p=6899"},"wordCount":9213,"publisher":{"@id":"https:\/\/www.socialismoobarbarie.org\/#organization"},"image":{"@id":"https:\/\/www.socialismoobarbarie.org\/?p=6899#primaryimage"},"thumbnailUrl":"https:\/\/www.socialismoobarbarie.org\/wp-content\/uploads\/2015\/11\/151127-gabinete-macri.jpg","articleSection":["Fran\u00e7ais"],"inLanguage":"es"},{"@type":"WebPage","@id":"https:\/\/www.socialismoobarbarie.org\/?p=6899","url":"https:\/\/www.socialismoobarbarie.org\/?p=6899","name":"L\u2019Argentine qui vient avec Macri - Un gouvernement \u00a0r\u00e9actionnaire qui pr\u00e9pare des durs affrontements de classe - Socialismo o Barbarie","isPartOf":{"@id":"https:\/\/www.socialismoobarbarie.org\/#website"},"primaryImageOfPage":{"@id":"https:\/\/www.socialismoobarbarie.org\/?p=6899#primaryimage"},"image":{"@id":"https:\/\/www.socialismoobarbarie.org\/?p=6899#primaryimage"},"thumbnailUrl":"https:\/\/www.socialismoobarbarie.org\/wp-content\/uploads\/2015\/11\/151127-gabinete-macri.jpg","datePublished":"2015-11-27T20:24:35+00:00","dateModified":"2015-11-27T20:27:20+00:00","breadcrumb":{"@id":"https:\/\/www.socialismoobarbarie.org\/?p=6899#breadcrumb"},"inLanguage":"es","potentialAction":[{"@type":"ReadAction","target":["https:\/\/www.socialismoobarbarie.org\/?p=6899"]}]},{"@type":"ImageObject","inLanguage":"es","@id":"https:\/\/www.socialismoobarbarie.org\/?p=6899#primaryimage","url":"https:\/\/www.socialismoobarbarie.org\/wp-content\/uploads\/2015\/11\/151127-gabinete-macri.jpg","contentUrl":"https:\/\/www.socialismoobarbarie.org\/wp-content\/uploads\/2015\/11\/151127-gabinete-macri.jpg","width":605,"height":339},{"@type":"BreadcrumbList","@id":"https:\/\/www.socialismoobarbarie.org\/?p=6899#breadcrumb","itemListElement":[{"@type":"ListItem","position":1,"name":"Portada","item":"https:\/\/www.socialismoobarbarie.org\/"},{"@type":"ListItem","position":2,"name":"L\u2019Argentine qui vient avec Macri &#8211; Un gouvernement \u00a0r\u00e9actionnaire qui pr\u00e9pare des durs affrontements de classe"}]},{"@type":"WebSite","@id":"https:\/\/www.socialismoobarbarie.org\/#website","url":"https:\/\/www.socialismoobarbarie.org\/","name":"Socialismo o Barbarie","description":"Sitio web de la corriente internacional Socialismo o Barbarie","publisher":{"@id":"https:\/\/www.socialismoobarbarie.org\/#organization"},"potentialAction":[{"@type":"SearchAction","target":{"@type":"EntryPoint","urlTemplate":"https:\/\/www.socialismoobarbarie.org\/?s={search_term_string}"},"query-input":{"@type":"PropertyValueSpecification","valueRequired":true,"valueName":"search_term_string"}}],"inLanguage":"es"},{"@type":"Organization","@id":"https:\/\/www.socialismoobarbarie.org\/#organization","name":"Socialismo o Barbarie","url":"https:\/\/www.socialismoobarbarie.org\/","logo":{"@type":"ImageObject","inLanguage":"es","@id":"https:\/\/www.socialismoobarbarie.org\/#\/schema\/logo\/image\/","url":"https:\/\/www.socialismoobarbarie.org\/wp-content\/uploads\/2025\/02\/soblogoweb-2025.png","contentUrl":"https:\/\/www.socialismoobarbarie.org\/wp-content\/uploads\/2025\/02\/soblogoweb-2025.png","width":450,"height":161,"caption":"Socialismo o Barbarie"},"image":{"@id":"https:\/\/www.socialismoobarbarie.org\/#\/schema\/logo\/image\/"}},{"@type":"Person","@id":"https:\/\/www.socialismoobarbarie.org\/#\/schema\/person\/bc1c3b321d47ed092405949c77e35a8e","name":"SOB","url":"https:\/\/www.socialismoobarbarie.org\/?author=8"}]}},"_links":{"self":[{"href":"https:\/\/www.socialismoobarbarie.org\/index.php?rest_route=\/wp\/v2\/posts\/6899","targetHints":{"allow":["GET"]}}],"collection":[{"href":"https:\/\/www.socialismoobarbarie.org\/index.php?rest_route=\/wp\/v2\/posts"}],"about":[{"href":"https:\/\/www.socialismoobarbarie.org\/index.php?rest_route=\/wp\/v2\/types\/post"}],"author":[{"embeddable":true,"href":"https:\/\/www.socialismoobarbarie.org\/index.php?rest_route=\/wp\/v2\/users\/8"}],"replies":[{"embeddable":true,"href":"https:\/\/www.socialismoobarbarie.org\/index.php?rest_route=%2Fwp%2Fv2%2Fcomments&post=6899"}],"version-history":[{"count":4,"href":"https:\/\/www.socialismoobarbarie.org\/index.php?rest_route=\/wp\/v2\/posts\/6899\/revisions"}],"predecessor-version":[{"id":6904,"href":"https:\/\/www.socialismoobarbarie.org\/index.php?rest_route=\/wp\/v2\/posts\/6899\/revisions\/6904"}],"wp:featuredmedia":[{"embeddable":true,"href":"https:\/\/www.socialismoobarbarie.org\/index.php?rest_route=\/wp\/v2\/media\/6900"}],"wp:attachment":[{"href":"https:\/\/www.socialismoobarbarie.org\/index.php?rest_route=%2Fwp%2Fv2%2Fmedia&parent=6899"}],"wp:term":[{"taxonomy":"category","embeddable":true,"href":"https:\/\/www.socialismoobarbarie.org\/index.php?rest_route=%2Fwp%2Fv2%2Fcategories&post=6899"},{"taxonomy":"post_tag","embeddable":true,"href":"https:\/\/www.socialismoobarbarie.org\/index.php?rest_route=%2Fwp%2Fv2%2Ftags&post=6899"}],"curies":[{"name":"wp","href":"https:\/\/api.w.org\/{rel}","templated":true}]}}