{"id":6949,"date":"2015-12-10T19:35:52","date_gmt":"2015-12-10T22:35:52","guid":{"rendered":"https:\/\/www.socialismoobarbarie.org\/?p=6949"},"modified":"2019-11-20T11:23:11","modified_gmt":"2019-11-20T14:23:11","slug":"francia-importante-eleccion-del-front-national-como-explicarla-como-combatirla","status":"publish","type":"post","link":"https:\/\/www.socialismoobarbarie.org\/?p=6949","title":{"rendered":"Francia \u2013 Importante elecci\u00f3n del Front National: c\u00f3mo explicarla, c\u00f3mo combatirla"},"content":{"rendered":"<p>El pasado domingo 6 de diciembre tuvo lugar la primera vuelta de las elecciones regionales en Francia. Las mismas dieron como gran ganador al Front National, que se alz\u00f3 con cerca del 28% de los votos, frente al 26,89% de la uni\u00f3n entre Les R\u00e9publicains (nueva denominaci\u00f3n de la UMP, derecha) y los partidos centristas UDI y MoDem, y el 23% del PS. Esto implica concretamente el FN se encuentra a la cabeza en 6 regiones, contra 4 de Les R\u00e9publicains et 3 del PS. \u00a0Aunque a\u00fan queda definir los resultados concretos luego de la segunda vuelta, es posible que el FN gane dos o tres regiones, y en todo caso el <strong>impacto pol\u00edtico <\/strong>de la primera vuelta ha sido enorme: se trata de la segunda elecci\u00f3n m\u00e1s importante en t\u00e9rminos absolutos (seis millones de votos, contra 6.400.000 en las presidenciales de 2012), pero de las m\u00e1s importantes en porcentaje (en 2012 hab\u00eda obtenido el 18%).<\/p>\n<p>Hay que se\u00f1alar como un dato de enorme relevancia la <strong>importante abstenci\u00f3n <\/strong>que cruz\u00f3 las elecciones. La misma lleg\u00f3 al <strong>50% <\/strong>a nivel nacional y al 55% en la regi\u00f3n de Ile-de-France, es decir el \u00e1rea urbana de Paris. Esta no es una novedad en este tipo de elecciones: en las elecciones departamentales de principios de este a\u00f1o la abstenci\u00f3n tambi\u00e9n lleg\u00f3 a esas cifras. Sin embargo, no deja de ser significativo a la hora de ponderar los resultados de la elecci\u00f3n: por ejemplo, mientras los medios hablaban de que \u201cun tercio de los j\u00f3venes vot\u00f3 por el Front National\u201d, hay que saber que se trata de un tercio de los j\u00f3venes que votaron: en la franja entre 18 y 24 a\u00f1os, la abstenci\u00f3n fue de\u2026<strong>76%! <\/strong>Si de manera general las elecciones son un reflejo deformado del estado de \u00e1nimo y de la relaci\u00f3n de fuerzas entre las clases, esto es particularmente cierto con cifras tan altas de abstencionismo.<\/p>\n<p>No nos detendremos aqu\u00ed en un an\u00e1lisis pormenorizado de los resultados: los mismos son f\u00e1cilmente consultables y de manera general queda claro que se trata de una gran victoria del FN, que la derecha se encuentra golpeada al perder una parte de su electorado frente al mismo, y que el PS contin\u00faa su lento \u201cdescenso a los infiernos\u201d. Nos interesa aqu\u00ed dar cuenta de los elementos m\u00e1s pol\u00edticos de la elecci\u00f3n, de dar una explicaci\u00f3n del progreso del Front National y ciertos elementos que permitir\u00edan combatirlo.<\/p>\n<p><strong>Las bases electorales del Front National<\/strong><\/p>\n<p>Hay que destacar que hay varias fuentes de votantes del Front National. Sin poder detenernos en un an\u00e1lisis extenso de la composici\u00f3n social, regional o etaria de sus votantes, o de sus diversas motivaciones, queremos destacar algunos rasgos generales que permiten entender su \u00e9xito actual.<\/p>\n<p>En primer lugar, hay que destacar que el Front National se nutre esencialmente de un sector hist\u00f3rico de la sociedad francesa de corte reaccionario y de extrema derecha. La extrema derecha no es una novedad en Francia : se remonta a los tiempos del intelectual Maurras, al colaboracionismo con el nazismo y el gobierno de P\u00e9tain, a las corrientes reaccionarias que defendieron hasta el final la \u201cArgelia francesa\u201d como la organizaci\u00f3n paramilitar de extrema derecha OAS, surgida del fallido \u201cputsch de los generales\u201d en Argel en 1961. En los \u00faltimos tiempos, este sector reaccionario ha mostrado su poder de fuego en ocasi\u00f3n de las manifestaciones contra el matrimonio igualitario, movilizando decenas (o cientos) de miles de persona a trav\u00e9s de las redes cat\u00f3licas integristas, reaccionarias, \u201cidentitarias\u201d, etc<a href=\"https:\/\/www.mas.org.ar\/?p=7445#_edn1\" name=\"_ednref1\">[i]<\/a>.<\/p>\n<p>Es por eso que no puede dejarse de lado el hecho de que el \u00e9xito electoral del Front National se apoya en un fen\u00f3meno hist\u00f3rico, en una persistencia de la extrema derecha en la sociedad francesa. Incluso como fen\u00f3meno electoral, el FN tiene una larga data: en 1988 ya obten\u00eda en las elecciones presidenciales m\u00e1s de 4.300.000 votos y en 2002 lograba la \u201chaza\u00f1a\u201d de pasar a la segunda vuelta con 5.500.000 votos (y sobre la base, hay que aclararlo, de una elecci\u00f3n catastr\u00f3fica del PS) <a href=\"https:\/\/www.mas.org.ar\/?p=7445#_edn2\" name=\"_ednref2\">[ii]<\/a>.<\/p>\n<p>Esto no significa que haya que minimizar el impacto pol\u00edtico de la victoria del FN, que realiza la mejor elecci\u00f3n de su historia y es la primera fuerza en 6 de las 13 regiones. Pero s\u00ed que hay que comprender que una parte importante de su electorado es persistente y que no puede reducirse a un fen\u00f3meno de \u201cvoto bronca\u201d. Dicho esto, la gran elecci\u00f3n del FN se explica tambi\u00e9n por el hecho de que ha logrado conquistar nuevas franjas del electorado que justamente no forman parte de este tronco hist\u00f3rico y que anteriormente votaban a la UMP, al PS o incluso al PC. Intentaremos dar elementos sobre el fen\u00f3meno que existe detr\u00e1s de esta \u201cconquista electoral\u201d, que es cuantitativa y cualitativamente no menor.<\/p>\n<p>Un primer elemento es la erosi\u00f3n hist\u00f3rica del bipartidismo franc\u00e9s, que se ha profundizado en los \u00faltimos a\u00f1os. El gobierno de Sarkozy, del UMP, se encarg\u00f3 de \u201cgestionar\u201d el comienzo de la crisis internacional de 2008, que le impact\u00f3 en pleno mandato (2007-2012). A la cabeza del gobierno, lanz\u00f3 importantes ataques contra los trabajadores y los sectores populares (am\u00e9n de su pol\u00edtica represiva y racista), entre ellos la reforma de las jubilaciones de 2010 que desat\u00f3 la lucha obrera nacional m\u00e1s importante de los \u00faltimos quince a\u00f1os. Sobre la base de este desgaste y de la incapacidad de Sarkozy de sacar al pa\u00eds de la crisis econ\u00f3mica (durante su presidencia el desempleo pas\u00f3 de 8,5% a 9,7%) Hollande se impuso en las elecciones de 2012. Desde ese momento, la situaci\u00f3n econ\u00f3mica y social no ha dejado de deteriorarse, y el gobierno del PS se convirti\u00f3 en el campe\u00f3n de los ataques anti-obreros (volveremos sobre esto a continuaci\u00f3n).<\/p>\n<p>Es por esto que un discurso que aparece con frecuencia por parte de los electores del Front National es precisamente ese: \u201cya intentamos con la UMP, ya intentamos con el PS, qu\u00e9 perdemos al intentar con el Front National?\u201d. La situaci\u00f3n de fragilidad econ\u00f3mica y social (el desempleo, la destrucci\u00f3n de los servicios p\u00fablicos, una precariedad laboral brutal donde un contrato estable se ha convertido en un lujo) hace que mucha gente se diga que \u201cde todas formas no se puede estar peor\u201d. A este fen\u00f3meno ayuda sin duda la estrategia de \u201cdes-diabolizaci\u00f3n\u201d emprendida por Marine Le Pen, que ha buscado hacer del FN un \u201cpartido normal\u201d, como los otros (esto m\u00e1s all\u00e1 de sus profundas matrices racistas, xen\u00f3fobas e islam\u00f3fobas, reforzadas a\u00fan m\u00e1s luego de los recientes atentados). Sobre la base de la erosi\u00f3n del bipartidismo cl\u00e1sico, el FN aparece como una \u201copci\u00f3n v\u00e1lida\u201d (son sintom\u00e1ticas las declaraciones de votantes del FN que se\u00f1alaban \u201cvotarlo a escondidas\u201d hace unos a\u00f1os y hacerlo \u201cabiertamente y con orgullo\u201d hoy en d\u00eda). El propio FN se apoya adem\u00e1s en esto, denunciando el \u201csistema pol\u00edtico tradicional\u201d, el bloque \u201cUMPS\u201d y posando en ese sentido de \u201canti-sistema\u201d.<\/p>\n<p>El segundo elemento han sido los atentados del 13 de noviembre y el giro a la derecha que lo sucedi\u00f3. Todas las medidas pol\u00edticas que lo sucedieron, la continuaci\u00f3n de la guerra, el cierre de fronteras, el reforzamiento de la presencia policial y militar, adem\u00e1s del discurso guerrero, securitario y xen\u00f3fobo difundido por los medios de comunicaci\u00f3n dominantes y el personal pol\u00edtico no han hecho que abrir el terreno a la victoria del Front National. Sin duda, los atentados han constituido un traumatismo importante para la sociedad y un sector de la misma ha girado (o ha profundizado su giro) a la derecha: Le Monde se\u00f1alaba por ejemplo que desde los atentados el n\u00famero de j\u00f3venes que contactan el ej\u00e9rcito para devenir soldados pas\u00f3 de 150 por d\u00eda a 1500\u2026<\/p>\n<p>Sin embargo, no puede atribu\u00edrsele un efecto \u201cautom\u00e1tico\u201d a los atentados, como si los mismos debieran, de manera fatalista, alimentar al FN. Si la organizaci\u00f3n de extrema derecha sale fortalecida, es tambi\u00e9n porque <strong>el conjunto del arco pol\u00edtico ha girado a la derecha <\/strong>y asumido una serie de sus propuestas. Uno de los votantes del FN declaraba: \u201cEl gobierno est\u00e1 aplicando el programa del FN: cierre de fronteras, estado de urgencia, perdida de la nacionalidad francesa para los condenados por terrorismo. El FN viene proponiendo esto desde hace una d\u00e9cada: si lo hubi\u00e9ramos escuchado, todo esto no habr\u00eda pasado. Adem\u00e1s, si fue visionario respecto a esto, por qu\u00e9 se equivocar\u00eda respecto de otros temas\u201d.<\/p>\n<p><strong>La responsabilidad del gobierno y del resto del arco pol\u00edtico<\/strong><\/p>\n<p>La victoria del FN es entonces en gran parte la responsabilidad indirecta y directa del gobierno actual y de sus aliados. Por un lado, porque precisamente el gobierno, electo sobre la base de la esperanza de que acabar\u00eda con las medidas anti-obreras y anti-sociales de Sarkozy, <strong>no ha hecho sino<\/strong> profundizarlas. El Acuerdo Nacional Interprofesional que abarata despidos y permite que los patrones rompan unilateralmente las convenciones colectivas de trabajo, la Loi Macron<a href=\"https:\/\/www.mas.org.ar\/?p=7445#_edn3\" name=\"_ednref3\">[iii]<\/a>, la voluntad de reformar el C\u00f3digo de Trabajo en favor de las empresas son algunos de los ataques lanzados contra la clase obrera. A esto hay que sumarle la austeridad en los servicios p\u00fablicos como la salud y la educaci\u00f3n, los transportes, las comunas\u2026<\/p>\n<p>Esto ha llevado a un claro <strong>divorcio<\/strong> entre la izquierda en sentido amplio y los sectores obreros y populares, que se dirigen entonces hacia el Front National, que mantiene un discurso soberanista, de defensa de la \u201cindustria nacional\u201d, de los \u201ctrabajadores franceses\u201d. Es significativo que una de las alcald\u00edas ganadas por el FN recientemente fuera en una localidad obrera afectada por el cierre de los altos hornos de Florange de la sider\u00fargica Arcelor-Mittal, que el gobierno de Hollande hab\u00eda prometido salvar\u2026 Es \u00e9sta pol\u00edtica pro-patronal hasta la m\u00e9dula que ha desacreditado a la izquierda frente a los trabajadores y el pueblo, que se sienten traicionados y sin un rumbo claro. Como podr\u00eda ser de otra manera si el secretario general del Partido Comunista Franc\u00e9s, Pierre Laurent, declara que los atentados son el producto no de la guerra imperialista y de la guerra social en Francia, sino del hecho que la \u201causteridad afecta tambi\u00e9n servicios como la polic\u00eda y la gendarmer\u00eda, que deben ver sus efectivos aumentar y m\u00e1s comisarias deben ser abiertas\u2026\u201d.<\/p>\n<p>Junto a esto, como hemos dicho, se encuentra el giro reaccionario del gobierno luego de los atentados. Como se\u00f1alamos en otros art\u00edculos<a href=\"https:\/\/www.mas.org.ar\/?p=7445#_edn4\" name=\"_ednref4\">[iv]<\/a>, la respuesta del gobierno a los atentados ha sido la de continuar la guerra en Medio Oriente, decretar el estado de urgencia y reprimir las movilizaciones sociales, aumentar el despliegue del aparato represivo y reforzar el discurso contra el \u201cenemigo interior\u201d, con cientos de allanamientos y \u201casignaciones a residencia\u201d realizados a diestra y siniestra desde el 13 de Noviembre. El gobierno ha retomado una serie de proposiciones del Front National que hasta hace unos meses eran tachadas de \u201cindignas\u201d o \u201ccontrarias al esp\u00edritu republicano\u201d\u2026<\/p>\n<p>Sin duda, la derecha tambi\u00e9n ha jugado su rol en alimentar a la formaci\u00f3n de extrema derecha. Se ha dedicado a correr detr\u00e1s de Le Pen, a endurecer su discurso securitario y xen\u00f3fobo. Como calificar sino las declaraciones de Sarkozy que comparaba los refugiados de guerra a una \u201cgotera\u201d que no puede solucionarse \u201crepartiendo el agua que gotea entre el ba\u00f1o, el living y el cuarto\u201d: es decir, la soluci\u00f3n no es acoger a los refugiados en los diferentes pa\u00edses de Europa sino \u201cfrenar el goteo\u201d. O de Christian Estrosi, candidato de Les Republicains (nuevo nombre de la UMP) en la regi\u00f3n PACA, que se\u00f1alaba que \u201cnuestra civilizaci\u00f3n judeo-cristiana est\u00e1 amenazada (\u2026) el islamo-fascismo tambi\u00e9n est\u00e1 presente con su quinta-columna en Francia\u201d.<\/p>\n<p><strong>El callej\u00f3n sin salida del \u201cfrente republicano\u201d vuela por los aires<\/strong><\/p>\n<p>Es por eso que ninguna alternativa puede venir de los enjuagues electorales por arriba entre el PS y el UMP. La respuesta que el gobierno del PS ha dado a la dura derrota en las elecciones es la de poner en pie \u201cfrentes republicanos\u201d para hacerle frente al FN (como fue el caso en 2002 cuando el PS llam\u00f3 a votar por Chirac, de la UMP, contra el FN en la segunda vuelta). Esto implicar\u00eda, concretamente que Les R\u00e9publicains o el PS retire sus listas cuando es el otro partido el que tiene posibilidades de ganar.<\/p>\n<p>Por un lado, esta idea ha sin embargo saltado por los aires. Les R\u00e9publicains, bajo el impulso de Sarkozy, aprobaron el lunes la pol\u00edtica de <strong>no retirar ninguna lista<\/strong> en la segunda vuelta. Si el PS ha impulsado por boca del Primer Ministro mismo la necesidad de retirar sus listas para impedir una victoria del FN, no est\u00e1 claro que esta pol\u00edtica sea seguida por las bases. El candidato del PS de la regi\u00f3n Grand Est se ha negado a retirar su lista, y la presi\u00f3n central del PS no ha logrado forzar la renuncia de la mitad de los candidatos de la lista, en cuyo caso la misma ser\u00eda anulada. Tampoco est\u00e1 garantizado que las bases del PS sigan al pie la consigna de voto de la direcci\u00f3n: la noche misma de las elecciones, muchos votantes del PS declaraban en el bunker de la regi\u00f3n PACA que \u201cde ninguna manera iban a votar por Christian Estrosi\u201d.<\/p>\n<p>Por otra parte, la estrategia del \u201cfrente republicano\u201d tiene un efecto contraproducente. En primer lugar, refuerza el discurso del FN de un frente \u00fanico \u201cUMPS\u201d contra \u00e9l, de parte de la \u201cvieja casta\u201d, del \u201csistema pol\u00edtico tradicional\u201d. En segundo lugar: \u00bfc\u00f3mo explicarle a los electores que \u201cno pueden votar\u201d por un partido legal, habilitado a presentarse elecciones, que tiene diputados, consejeros departamentales, que dirige alcald\u00edas? El problema del \u201cfrente republicano\u201d es que intenta resolver con un discurso \u201cmoral\u201d y con c\u00e1lculos matem\u00e1ticos electoralistas por arriba lo que es un problema de fondo: la progresi\u00f3n del Front National sobre la base de la grave situaci\u00f3n econ\u00f3mica y social que vive el pa\u00eds. As\u00ed, los grandes partidos burgueses se evitan de se\u00f1alar sus propias responsabilidades en la situaci\u00f3n actual.<\/p>\n<p><strong>Construir la movilizaci\u00f3n en las calles<\/strong><\/p>\n<p>En verdad, no hay ninguna \u201caritm\u00e9tica electoral\u201d que pueda frenar al Front National. La \u00fanica manera de combatirlo eficazmente es destruyendo las bases materiales de su desarrollo: el retroceso y la descomposici\u00f3n econ\u00f3mica y social, el debilitamiento cr\u00f3nico de las organizaciones obreras, los desastres producidos por la guerra imperialista en medio oriente. En ese camino, ninguna soluci\u00f3n puede venir de aquellos que son responsables justamente de todas estas calamidades: el gobierno del PS y la oposici\u00f3n burguesa de Les R\u00e9publicains.<\/p>\n<p>La presencia de Jean Marie Le Pen en la segunda vuelta en 2002 dio lugar a una reacci\u00f3n enormemente progresiva de sectores importantes de la poblaci\u00f3n, particularmente de la juventud, que se organizaron y se movilizaron contra el Front National y su discurso reaccionario, xen\u00f3fobo, anti-musulman y anti-obrero. Hoy en d\u00eda puede haber una reacci\u00f3n similar, fen\u00f3meno frente al cual la extrema izquierda debe ser sensible y al que debe jugarse a construir.<\/p>\n<p>En efecto, la \u00fanica manera de hacer frente al giro reaccionario es tomando las calles. Tom\u00e1ndolas contra el FN y sus pol\u00edticas, como aquellas que pondr\u00e1n en pie en caso de hacerse con el gobierno de algunas regiones. Tom\u00e1ndolas contra el giro reaccionario del gobierno, contra su guerra imperialista en Medio Oriente y su voluntad de acallar toda voz alternativa mediante la represi\u00f3n: seguir desafiando el estado de urgencia y moviliz\u00e1ndose es una tarea central. Tom\u00e1ndolas en fin contra toda la pol\u00edtica anti-obrera y anti-social del gobierno actual y de los gobiernos a venir, que solo traen m\u00e1s descomposici\u00f3n y miseria y crean las bases materiales del desarrollo de la extrema derecha.<\/p>\n<p>Solo mediante la lucha por los derechos y las conquistas de los trabajadores, de la juventud, de las mujeres, de los sectores oprimidos de la poblaci\u00f3n a causa de su origen \u00e9tnico, religioso o nacional (real o supuesto) podremos poner en pie un fuerte movimiento que cambie el clima actual y abra la perspectiva de una salida progresiva de la crisis capitalista internacional.<\/p>\n<p><a href=\"https:\/\/www.mas.org.ar\/?p=7445#_ednref1\" name=\"_edn1\">[i]<\/a> Se puede destacar por ejemplo que una de las consignas del Front National en la regi\u00f3n Ile-de-France es el cierre de centros de \u201cplanificaci\u00f3n familiar\u201d, dirigidos hist\u00f3ricamente por organizaciones feministas que hacen as\u00ed la anticoncepci\u00f3n accesible a todos.\u00a0 Esto ha generado una importante reacci\u00f3n entre las organizaciones de mujeres<\/p>\n<p><a href=\"https:\/\/www.mas.org.ar\/?p=7445#_ednref2\" name=\"_edn2\">[ii]<\/a> Hay que aclarar sin embargo que en 1988 esto representaba un porcentaje de 14,38% y en 2002 de 16,86%. La \u201cexplosi\u00f3n\u201d porcentual del FN en estas elecciones es la consecuencia del hecho de que a pesar de la alt\u00edsima abstenci\u00f3n, el FN logra mantener una base estable de votos e incluso aumentarla en t\u00e9rminos cuantitativos)<\/p>\n<p><a href=\"https:\/\/www.mas.org.ar\/?p=7445#_ednref3\" name=\"_edn3\">[iii]<\/a> Ver <em>La Unidad Nacional de la burgues\u00eda para avanzar contra los trabajadores y el pueblo, <\/em>disponible en : https:\/\/www.socialismoobarbarie.org\/?p=4237<\/p>\n<p><a href=\"https:\/\/www.mas.org.ar\/?p=7445#_ednref4\" name=\"_edn4\">[iv]<\/a> Ver <em>Francia: Barbarie terrorista y utilizaci\u00f3n pol\u00edtica derechista, <\/em>https:\/\/www.socialismoobarbarie.org\/?p=6824<\/p>\n<p>&nbsp;<\/p>\n","protected":false},"excerpt":{"rendered":"<p>El pasado domingo 6 de diciembre tuvo lugar la primera vuelta de las elecciones regionales en Francia. Las mismas dieron como gran ganador al Front National, que se alz\u00f3 con cerca del 28% de los votos, frente al 26,89% de la uni\u00f3n entre Les R\u00e9publicains (nueva denominaci\u00f3n de la UMP, derecha) y los partidos centristas [&hellip;]<\/p>\n","protected":false},"author":8,"featured_media":6959,"comment_status":"closed","ping_status":"closed","sticky":false,"template":"","format":"standard","meta":{"footnotes":""},"categories":[1690,1665],"tags":[1146,1405],"class_list":{"0":"post-6949","1":"post","2":"type-post","3":"status-publish","4":"format-standard","5":"has-post-thumbnail","7":"category-europa","8":"category-francia","9":"tag-ale-vinet","10":"tag-edicion-11"},"yoast_head":"<!-- This site is optimized with the Yoast SEO plugin v27.5 - https:\/\/yoast.com\/product\/yoast-seo-wordpress\/ -->\n<title>Francia \u2013 Importante elecci\u00f3n del Front National: c\u00f3mo explicarla, c\u00f3mo combatirla - Socialismo o Barbarie<\/title>\n<meta name=\"robots\" content=\"index, follow, max-snippet:-1, max-image-preview:large, max-video-preview:-1\" \/>\n<link rel=\"canonical\" href=\"https:\/\/www.socialismoobarbarie.org\/?p=6949\" \/>\n<meta property=\"og:locale\" content=\"es_ES\" \/>\n<meta property=\"og:type\" content=\"article\" \/>\n<meta property=\"og:title\" content=\"Francia \u2013 Importante elecci\u00f3n del Front National: c\u00f3mo explicarla, c\u00f3mo combatirla - Socialismo o Barbarie\" \/>\n<meta property=\"og:description\" content=\"El pasado domingo 6 de diciembre tuvo lugar la primera vuelta de las elecciones regionales en Francia. Las mismas dieron como gran ganador al Front National, que se alz\u00f3 con cerca del 28% de los votos, frente al 26,89% de la uni\u00f3n entre Les R\u00e9publicains (nueva denominaci\u00f3n de la UMP, derecha) y los partidos centristas [&hellip;]\" \/>\n<meta property=\"og:url\" content=\"https:\/\/www.socialismoobarbarie.org\/?p=6949\" \/>\n<meta property=\"og:site_name\" content=\"Socialismo o Barbarie\" \/>\n<meta property=\"article:published_time\" content=\"2015-12-10T22:35:52+00:00\" \/>\n<meta property=\"article:modified_time\" content=\"2019-11-20T14:23:11+00:00\" \/>\n<meta property=\"og:image\" content=\"https:\/\/www.socialismoobarbarie.org\/wp-content\/uploads\/2015\/12\/Front-National.jpg\" \/>\n\t<meta property=\"og:image:width\" content=\"668\" \/>\n\t<meta property=\"og:image:height\" content=\"445\" \/>\n\t<meta property=\"og:image:type\" content=\"image\/jpeg\" \/>\n<meta name=\"author\" content=\"SOB\" \/>\n<meta name=\"twitter:card\" content=\"summary_large_image\" \/>\n<meta name=\"twitter:label1\" content=\"Escrito por\" \/>\n\t<meta name=\"twitter:data1\" content=\"SOB\" \/>\n\t<meta name=\"twitter:label2\" content=\"Tiempo de lectura\" \/>\n\t<meta name=\"twitter:data2\" content=\"15 minutos\" \/>\n<script type=\"application\/ld+json\" class=\"yoast-schema-graph\">{\"@context\":\"https:\\\/\\\/schema.org\",\"@graph\":[{\"@type\":\"Article\",\"@id\":\"https:\\\/\\\/www.socialismoobarbarie.org\\\/?p=6949#article\",\"isPartOf\":{\"@id\":\"https:\\\/\\\/www.socialismoobarbarie.org\\\/?p=6949\"},\"author\":{\"name\":\"SOB\",\"@id\":\"https:\\\/\\\/www.socialismoobarbarie.org\\\/#\\\/schema\\\/person\\\/bc1c3b321d47ed092405949c77e35a8e\"},\"headline\":\"Francia \u2013 Importante elecci\u00f3n del Front National: c\u00f3mo explicarla, c\u00f3mo combatirla\",\"datePublished\":\"2015-12-10T22:35:52+00:00\",\"dateModified\":\"2019-11-20T14:23:11+00:00\",\"mainEntityOfPage\":{\"@id\":\"https:\\\/\\\/www.socialismoobarbarie.org\\\/?p=6949\"},\"wordCount\":2957,\"publisher\":{\"@id\":\"https:\\\/\\\/www.socialismoobarbarie.org\\\/#organization\"},\"image\":{\"@id\":\"https:\\\/\\\/www.socialismoobarbarie.org\\\/?p=6949#primaryimage\"},\"thumbnailUrl\":\"https:\\\/\\\/www.socialismoobarbarie.org\\\/wp-content\\\/uploads\\\/2015\\\/12\\\/Front-National.jpg\",\"keywords\":[\"Ale Vinet\",\"Edicion 11\"],\"articleSection\":[\"Europa\",\"Francia\"],\"inLanguage\":\"es\"},{\"@type\":\"WebPage\",\"@id\":\"https:\\\/\\\/www.socialismoobarbarie.org\\\/?p=6949\",\"url\":\"https:\\\/\\\/www.socialismoobarbarie.org\\\/?p=6949\",\"name\":\"Francia \u2013 Importante elecci\u00f3n del Front National: c\u00f3mo explicarla, c\u00f3mo combatirla - Socialismo o Barbarie\",\"isPartOf\":{\"@id\":\"https:\\\/\\\/www.socialismoobarbarie.org\\\/#website\"},\"primaryImageOfPage\":{\"@id\":\"https:\\\/\\\/www.socialismoobarbarie.org\\\/?p=6949#primaryimage\"},\"image\":{\"@id\":\"https:\\\/\\\/www.socialismoobarbarie.org\\\/?p=6949#primaryimage\"},\"thumbnailUrl\":\"https:\\\/\\\/www.socialismoobarbarie.org\\\/wp-content\\\/uploads\\\/2015\\\/12\\\/Front-National.jpg\",\"datePublished\":\"2015-12-10T22:35:52+00:00\",\"dateModified\":\"2019-11-20T14:23:11+00:00\",\"breadcrumb\":{\"@id\":\"https:\\\/\\\/www.socialismoobarbarie.org\\\/?p=6949#breadcrumb\"},\"inLanguage\":\"es\",\"potentialAction\":[{\"@type\":\"ReadAction\",\"target\":[\"https:\\\/\\\/www.socialismoobarbarie.org\\\/?p=6949\"]}]},{\"@type\":\"ImageObject\",\"inLanguage\":\"es\",\"@id\":\"https:\\\/\\\/www.socialismoobarbarie.org\\\/?p=6949#primaryimage\",\"url\":\"https:\\\/\\\/www.socialismoobarbarie.org\\\/wp-content\\\/uploads\\\/2015\\\/12\\\/Front-National.jpg\",\"contentUrl\":\"https:\\\/\\\/www.socialismoobarbarie.org\\\/wp-content\\\/uploads\\\/2015\\\/12\\\/Front-National.jpg\",\"width\":668,\"height\":445},{\"@type\":\"BreadcrumbList\",\"@id\":\"https:\\\/\\\/www.socialismoobarbarie.org\\\/?p=6949#breadcrumb\",\"itemListElement\":[{\"@type\":\"ListItem\",\"position\":1,\"name\":\"Portada\",\"item\":\"https:\\\/\\\/www.socialismoobarbarie.org\\\/\"},{\"@type\":\"ListItem\",\"position\":2,\"name\":\"Francia \u2013 Importante elecci\u00f3n del Front National: c\u00f3mo explicarla, c\u00f3mo combatirla\"}]},{\"@type\":\"WebSite\",\"@id\":\"https:\\\/\\\/www.socialismoobarbarie.org\\\/#website\",\"url\":\"https:\\\/\\\/www.socialismoobarbarie.org\\\/\",\"name\":\"Socialismo o Barbarie\",\"description\":\"Sitio web de la corriente internacional Socialismo o Barbarie\",\"publisher\":{\"@id\":\"https:\\\/\\\/www.socialismoobarbarie.org\\\/#organization\"},\"potentialAction\":[{\"@type\":\"SearchAction\",\"target\":{\"@type\":\"EntryPoint\",\"urlTemplate\":\"https:\\\/\\\/www.socialismoobarbarie.org\\\/?s={search_term_string}\"},\"query-input\":{\"@type\":\"PropertyValueSpecification\",\"valueRequired\":true,\"valueName\":\"search_term_string\"}}],\"inLanguage\":\"es\"},{\"@type\":\"Organization\",\"@id\":\"https:\\\/\\\/www.socialismoobarbarie.org\\\/#organization\",\"name\":\"Socialismo o Barbarie\",\"url\":\"https:\\\/\\\/www.socialismoobarbarie.org\\\/\",\"logo\":{\"@type\":\"ImageObject\",\"inLanguage\":\"es\",\"@id\":\"https:\\\/\\\/www.socialismoobarbarie.org\\\/#\\\/schema\\\/logo\\\/image\\\/\",\"url\":\"https:\\\/\\\/www.socialismoobarbarie.org\\\/wp-content\\\/uploads\\\/2025\\\/02\\\/soblogoweb-2025.png\",\"contentUrl\":\"https:\\\/\\\/www.socialismoobarbarie.org\\\/wp-content\\\/uploads\\\/2025\\\/02\\\/soblogoweb-2025.png\",\"width\":450,\"height\":161,\"caption\":\"Socialismo o Barbarie\"},\"image\":{\"@id\":\"https:\\\/\\\/www.socialismoobarbarie.org\\\/#\\\/schema\\\/logo\\\/image\\\/\"}},{\"@type\":\"Person\",\"@id\":\"https:\\\/\\\/www.socialismoobarbarie.org\\\/#\\\/schema\\\/person\\\/bc1c3b321d47ed092405949c77e35a8e\",\"name\":\"SOB\",\"url\":\"https:\\\/\\\/www.socialismoobarbarie.org\\\/?author=8\"}]}<\/script>\n<!-- \/ Yoast SEO plugin. -->","yoast_head_json":{"title":"Francia \u2013 Importante elecci\u00f3n del Front National: c\u00f3mo explicarla, c\u00f3mo combatirla - Socialismo o Barbarie","robots":{"index":"index","follow":"follow","max-snippet":"max-snippet:-1","max-image-preview":"max-image-preview:large","max-video-preview":"max-video-preview:-1"},"canonical":"https:\/\/www.socialismoobarbarie.org\/?p=6949","og_locale":"es_ES","og_type":"article","og_title":"Francia \u2013 Importante elecci\u00f3n del Front National: c\u00f3mo explicarla, c\u00f3mo combatirla - Socialismo o Barbarie","og_description":"El pasado domingo 6 de diciembre tuvo lugar la primera vuelta de las elecciones regionales en Francia. Las mismas dieron como gran ganador al Front National, que se alz\u00f3 con cerca del 28% de los votos, frente al 26,89% de la uni\u00f3n entre Les R\u00e9publicains (nueva denominaci\u00f3n de la UMP, derecha) y los partidos centristas [&hellip;]","og_url":"https:\/\/www.socialismoobarbarie.org\/?p=6949","og_site_name":"Socialismo o Barbarie","article_published_time":"2015-12-10T22:35:52+00:00","article_modified_time":"2019-11-20T14:23:11+00:00","og_image":[{"width":668,"height":445,"url":"https:\/\/www.socialismoobarbarie.org\/wp-content\/uploads\/2015\/12\/Front-National.jpg","type":"image\/jpeg"}],"author":"SOB","twitter_card":"summary_large_image","twitter_misc":{"Escrito por":"SOB","Tiempo de lectura":"15 minutos"},"schema":{"@context":"https:\/\/schema.org","@graph":[{"@type":"Article","@id":"https:\/\/www.socialismoobarbarie.org\/?p=6949#article","isPartOf":{"@id":"https:\/\/www.socialismoobarbarie.org\/?p=6949"},"author":{"name":"SOB","@id":"https:\/\/www.socialismoobarbarie.org\/#\/schema\/person\/bc1c3b321d47ed092405949c77e35a8e"},"headline":"Francia \u2013 Importante elecci\u00f3n del Front National: c\u00f3mo explicarla, c\u00f3mo combatirla","datePublished":"2015-12-10T22:35:52+00:00","dateModified":"2019-11-20T14:23:11+00:00","mainEntityOfPage":{"@id":"https:\/\/www.socialismoobarbarie.org\/?p=6949"},"wordCount":2957,"publisher":{"@id":"https:\/\/www.socialismoobarbarie.org\/#organization"},"image":{"@id":"https:\/\/www.socialismoobarbarie.org\/?p=6949#primaryimage"},"thumbnailUrl":"https:\/\/www.socialismoobarbarie.org\/wp-content\/uploads\/2015\/12\/Front-National.jpg","keywords":["Ale Vinet","Edicion 11"],"articleSection":["Europa","Francia"],"inLanguage":"es"},{"@type":"WebPage","@id":"https:\/\/www.socialismoobarbarie.org\/?p=6949","url":"https:\/\/www.socialismoobarbarie.org\/?p=6949","name":"Francia \u2013 Importante elecci\u00f3n del Front National: c\u00f3mo explicarla, c\u00f3mo combatirla - Socialismo o Barbarie","isPartOf":{"@id":"https:\/\/www.socialismoobarbarie.org\/#website"},"primaryImageOfPage":{"@id":"https:\/\/www.socialismoobarbarie.org\/?p=6949#primaryimage"},"image":{"@id":"https:\/\/www.socialismoobarbarie.org\/?p=6949#primaryimage"},"thumbnailUrl":"https:\/\/www.socialismoobarbarie.org\/wp-content\/uploads\/2015\/12\/Front-National.jpg","datePublished":"2015-12-10T22:35:52+00:00","dateModified":"2019-11-20T14:23:11+00:00","breadcrumb":{"@id":"https:\/\/www.socialismoobarbarie.org\/?p=6949#breadcrumb"},"inLanguage":"es","potentialAction":[{"@type":"ReadAction","target":["https:\/\/www.socialismoobarbarie.org\/?p=6949"]}]},{"@type":"ImageObject","inLanguage":"es","@id":"https:\/\/www.socialismoobarbarie.org\/?p=6949#primaryimage","url":"https:\/\/www.socialismoobarbarie.org\/wp-content\/uploads\/2015\/12\/Front-National.jpg","contentUrl":"https:\/\/www.socialismoobarbarie.org\/wp-content\/uploads\/2015\/12\/Front-National.jpg","width":668,"height":445},{"@type":"BreadcrumbList","@id":"https:\/\/www.socialismoobarbarie.org\/?p=6949#breadcrumb","itemListElement":[{"@type":"ListItem","position":1,"name":"Portada","item":"https:\/\/www.socialismoobarbarie.org\/"},{"@type":"ListItem","position":2,"name":"Francia \u2013 Importante elecci\u00f3n del Front National: c\u00f3mo explicarla, c\u00f3mo combatirla"}]},{"@type":"WebSite","@id":"https:\/\/www.socialismoobarbarie.org\/#website","url":"https:\/\/www.socialismoobarbarie.org\/","name":"Socialismo o Barbarie","description":"Sitio web de la corriente internacional Socialismo o Barbarie","publisher":{"@id":"https:\/\/www.socialismoobarbarie.org\/#organization"},"potentialAction":[{"@type":"SearchAction","target":{"@type":"EntryPoint","urlTemplate":"https:\/\/www.socialismoobarbarie.org\/?s={search_term_string}"},"query-input":{"@type":"PropertyValueSpecification","valueRequired":true,"valueName":"search_term_string"}}],"inLanguage":"es"},{"@type":"Organization","@id":"https:\/\/www.socialismoobarbarie.org\/#organization","name":"Socialismo o Barbarie","url":"https:\/\/www.socialismoobarbarie.org\/","logo":{"@type":"ImageObject","inLanguage":"es","@id":"https:\/\/www.socialismoobarbarie.org\/#\/schema\/logo\/image\/","url":"https:\/\/www.socialismoobarbarie.org\/wp-content\/uploads\/2025\/02\/soblogoweb-2025.png","contentUrl":"https:\/\/www.socialismoobarbarie.org\/wp-content\/uploads\/2025\/02\/soblogoweb-2025.png","width":450,"height":161,"caption":"Socialismo o Barbarie"},"image":{"@id":"https:\/\/www.socialismoobarbarie.org\/#\/schema\/logo\/image\/"}},{"@type":"Person","@id":"https:\/\/www.socialismoobarbarie.org\/#\/schema\/person\/bc1c3b321d47ed092405949c77e35a8e","name":"SOB","url":"https:\/\/www.socialismoobarbarie.org\/?author=8"}]}},"_links":{"self":[{"href":"https:\/\/www.socialismoobarbarie.org\/index.php?rest_route=\/wp\/v2\/posts\/6949","targetHints":{"allow":["GET"]}}],"collection":[{"href":"https:\/\/www.socialismoobarbarie.org\/index.php?rest_route=\/wp\/v2\/posts"}],"about":[{"href":"https:\/\/www.socialismoobarbarie.org\/index.php?rest_route=\/wp\/v2\/types\/post"}],"author":[{"embeddable":true,"href":"https:\/\/www.socialismoobarbarie.org\/index.php?rest_route=\/wp\/v2\/users\/8"}],"replies":[{"embeddable":true,"href":"https:\/\/www.socialismoobarbarie.org\/index.php?rest_route=%2Fwp%2Fv2%2Fcomments&post=6949"}],"version-history":[{"count":1,"href":"https:\/\/www.socialismoobarbarie.org\/index.php?rest_route=\/wp\/v2\/posts\/6949\/revisions"}],"predecessor-version":[{"id":6950,"href":"https:\/\/www.socialismoobarbarie.org\/index.php?rest_route=\/wp\/v2\/posts\/6949\/revisions\/6950"}],"wp:featuredmedia":[{"embeddable":true,"href":"https:\/\/www.socialismoobarbarie.org\/index.php?rest_route=\/wp\/v2\/media\/6959"}],"wp:attachment":[{"href":"https:\/\/www.socialismoobarbarie.org\/index.php?rest_route=%2Fwp%2Fv2%2Fmedia&parent=6949"}],"wp:term":[{"taxonomy":"category","embeddable":true,"href":"https:\/\/www.socialismoobarbarie.org\/index.php?rest_route=%2Fwp%2Fv2%2Fcategories&post=6949"},{"taxonomy":"post_tag","embeddable":true,"href":"https:\/\/www.socialismoobarbarie.org\/index.php?rest_route=%2Fwp%2Fv2%2Ftags&post=6949"}],"curies":[{"name":"wp","href":"https:\/\/api.w.org\/{rel}","templated":true}]}}