{"id":6951,"date":"2015-12-10T19:42:31","date_gmt":"2015-12-10T22:42:31","guid":{"rendered":"https:\/\/www.socialismoobarbarie.org\/?p=6951"},"modified":"2018-07-12T19:16:02","modified_gmt":"2018-07-12T22:16:02","slug":"estudiantes-secundarios-en-lucha-hacen-retroceder-al-gobernador-alckmin","status":"publish","type":"post","link":"https:\/\/www.socialismoobarbarie.org\/?p=6951","title":{"rendered":"Estudiantes secundarios en lucha hacen retroceder al gobernador Alckmin"},"content":{"rendered":"<h2>Ninguna confianza en el gobierno estatal, vamos por la suspensi\u00f3n del decreto y revocaci\u00f3n del proyecto<\/h2>\n<p>Una nueva generaci\u00f3n de luchadores viene tomando por sorpresa al poder represivo del Estado de San Pablo y enfrentando al gobierno autoritario de\u00a0 Geraldo Alckmin, con mucha voluntad de lucha y resistencia los estudiantes mantienen la toma en cientos de escuelas de las afueras y de la Ciudad donde la represi\u00f3n policial es cada vez m\u00e1s fuerte.<\/p>\n<p>Esta movilizaci\u00f3n gan\u00f3 tanta importancia que se ha \u201cexportado\u201d al interior del Estado e incluso fuera del Estado, como en el caso de Mato Grosso. Y ha puesto en jaque un verdadero feudo electoral de los tucanes<a href=\"https:\/\/www.mas.org.ar\/?p=7433#_ftn1\" name=\"_ftnref1\">[1]<\/a>. Esta juventud inspirada en la experiencia de los movimientos en la rebeli\u00f3n de junio de 2013, donde parte de esta juventud estaba en las calles del pa\u00eds o incluso en las grandes protestas contra los aumentos en los boletos del transporte p\u00fablico o en contra de los gastos para la realizaci\u00f3n de la Copa Mundial. Fue ah\u00ed donde aprendieron los m\u00e9todos de lucha directa como el enfrentamiento con la polic\u00eda o los cortes de calles y avenidas.<\/p>\n<p>Nosotros, los Profesores en Movimiento y la Juventud de \u00a1Ya Basta! estamos hombro a hombro con los estudiantes secundarios. En el colegio p\u00fablico Mar\u00eda Osorio Teixeira vemos un ejemplo de lucha que emociona; en pocos d\u00edas los estudiantes instituyeron una organizaci\u00f3n interna que impresiona, lo que lleg\u00f3 a inspirar a compa\u00f1eros de otras escuelas como fue en el caso de la toma de una escuela vecina como la EE Jo\u00e3o Batista (JB) que recibe todo el apoyo y solidaridad de los estudiantes. La primera escuela fue tomada a ra\u00edz de la indignaci\u00f3n de los estudiantes, sus padres y profesores en contra del cierre de los turnos de ense\u00f1anza media y los segundos por la trasferencia de estas medidas a la ense\u00f1anza primaria y tanto el Colegio Mar\u00eda Osorio como el JB no est\u00e1n dispuestos a dar marcha atr\u00e1s hasta que la victoria sea completa.<\/p>\n<p><strong>En el camino a la victoria<\/strong><\/p>\n<p>Despu\u00e9s de casi un mes de movilizaci\u00f3n, los estudiantes secundarios del Estado de San Pablo le impusieron una derrota aunque sea moment\u00e1nea al gobierno de Geraldo Alckmin y su secretario de Educaci\u00f3n. La ca\u00edda del secretario de Educaci\u00f3n, Herman Voorwald, fue la primera gran victoria del movimiento; hace a\u00f1os que un evento no ten\u00eda tal impacto sobre la burocracia gubernamental. Las tomas crecen d\u00eda a d\u00eda y consecuentemente tambi\u00e9n aumentan la represi\u00f3n policial e\u00a0 institucional\u00a0 de las Unidades Escolares y las Direcciones de Educaci\u00f3n, sin embargo no hay ninguna perspectiva de retroceder por parte de los estudiantes.<\/p>\n<p>As\u00ed se inicia un proceso de desgaste tanto para el gobernador Alckmin como para sus funcionarios de Educaci\u00f3n. Se est\u00e1n dando cuenta que s\u00f3lo la represi\u00f3n y la persecuci\u00f3n no son suficientes para obstaculizar o impedir la lucha de los estudiantes. Las \u00f3rdenes de embargo emitidas por el Gobierno y la burocracia local han sido rechazadas por la justicia, los padres de los alumnos toman las escuelas junto con ellos; universidades, entidades de renombre y artistas env\u00edan su apoyo y se posicionan contra la medida del gobierno, asimismo la prensa burguesa no sabe ya c\u00f3mo negar la legitimidad de las tomas. Una vez m\u00e1s, de una manera u otra, la poblaci\u00f3n se da cuenta que la medida del Gobierno no fue pensada pedag\u00f3gicamente y afectar\u00e1 negativamente la vida de las personas m\u00e1s all\u00e1 de no aportar nada para mejorar la educaci\u00f3n.<\/p>\n<p>La t\u00e1ctica utilizada por el Gobernador del Estado hace d\u00edas atr\u00e1s fue la de aumentar la represi\u00f3n hacia la juventud y elaborar un plan para descalificar y asociar al movimiento con agrupaciones pol\u00edticas. Todo esto con el fin de aislar al movimiento y prevenir su crecimiento en otras ciudades, una t\u00e1ctica que no ha funcionado. La justicia burguesa que por m\u00e1s de veinte a\u00f1os estuvo al servicio del gobierno del PSDB rechaza las solicitudes para la evacuaci\u00f3n de las escuelas y cuestiona la capacidad de negociaci\u00f3n de los representantes de la secretar\u00eda de Educaci\u00f3n y al propio proyecto de reorganizaci\u00f3n educativa. Tal desgaste llev\u00f3 al gobernador Geraldo Alckmin a despedir tambi\u00e9n al Jefe de Gabinete y al Secretario de Seguridad en las \u00faltimas negociaciones con los estudiantes, porque ya no hab\u00eda ninguna posibilidad de negociaci\u00f3n que no fuese retroceder la implementaci\u00f3n del proyecto.<\/p>\n<p><strong>Luchar por la revocaci\u00f3n definitiva del proyecto<\/strong><\/p>\n<p>Este \u00faltimo viernes 4 de diciembre uno de los representantes m\u00e1s truculentos del Estado le indic\u00f3 al gobernador que no hay otra salida que no sea la suspensi\u00f3n del Proyecto de Reorganizaci\u00f3n de las Escuelas Estatales. Y apareci\u00f3 en la televisi\u00f3n nacional para explicar c\u00f3mo una juventud compuesta por estudiantes secundarios, en sus amplias mayor\u00edas menores de edad y ni\u00f1os, estaban resistiendo al mayor aparato represivo del pa\u00eds sin demostrar ninguna intenci\u00f3n de retroceder, aun despu\u00e9s de una semana de ocupaci\u00f3n de las principales avenidas y calles del centro de San Pablo. Los gobernantes ya no se pod\u00edan esconder debajo de la mesa frente a los actos diarios y cortes de las principales avenidas y calles de la ciudad con la cobertura en vivo de la prensa.<\/p>\n<p>Este es un importante rev\u00e9s pero no una categ\u00f3rica victoria. No es por nada que al gobernador le dicen Pinocho, es decir, por mentir y distorsionar la realidad. Su medida no fue revocar por tiempo indeterminado el proyecto sino apenas suspender moment\u00e1neamente su tratamiento (para desempolvarlo en cualquier momento) y as\u00ed lograr desmovilizar a los estudiantes. A condici\u00f3n de presentar el proyecto para el pr\u00f3ximo 9 de diciembre, durante la realizaci\u00f3n de una audiencia p\u00fablica para debatir el proyecto que ser\u00e1 realizada en el Memorial de Am\u00e9rica Latina. En nuestra opini\u00f3n, esta comunicaci\u00f3n del gobernador es una maniobra para dispersar y vaciar el movimiento y comprometer a los estudiantes y sus familias para abrir un canal de di\u00e1logo favorable al Gobierno.<\/p>\n<p>Es preciso continuar en la lucha. A\u00fan no se trata de una victoria definitiva, el simple hecho del anuncio del gobernador y su decreto no garantiza que ser\u00e1 revocado definitivamente el proyecto. Por lo que es necesario mantener las tomas en las escuelas. No retroceder hasta que se haga concreto que todos los estudiantes ser\u00e1n mantenidos en sus escuelas y que no habr\u00e1 ning\u00fan tipo de represalia hacia los j\u00f3venes luchadores y los profesores que participaron de las movilizaciones.<\/p>\n<p><a href=\"https:\/\/www.mas.org.ar\/?p=7433#_ftnref1\" name=\"_ftn1\">[1]<\/a> Se llama as\u00ed a los integrantes del Partido da Social Democracia Brasileira en alusi\u00f3n al dibujo de su logotipo.<\/p>\n<p>&nbsp;<\/p>\n","protected":false},"excerpt":{"rendered":"<p>Ninguna confianza en el gobierno estatal, vamos por la suspensi\u00f3n del decreto y revocaci\u00f3n del proyecto Una nueva generaci\u00f3n de luchadores viene tomando por sorpresa al poder represivo del Estado de San Pablo y enfrentando al gobierno autoritario de\u00a0 Geraldo Alckmin, con mucha voluntad de lucha y resistencia los estudiantes mantienen la toma en cientos [&hellip;]<\/p>\n","protected":false},"author":8,"featured_media":6925,"comment_status":"closed","ping_status":"closed","sticky":false,"template":"","format":"standard","meta":{"footnotes":""},"categories":[122,1657],"tags":[1405,1406],"class_list":{"0":"post-6951","1":"post","2":"type-post","3":"status-publish","4":"format-standard","5":"has-post-thumbnail","7":"category-america-latina-y-el-caribe","8":"category-brasil","9":"tag-edicion-11","10":"tag-severino-ramos"},"yoast_head":"<!-- This site is optimized with the Yoast SEO plugin v27.5 - https:\/\/yoast.com\/product\/yoast-seo-wordpress\/ -->\n<title>Estudiantes secundarios en lucha hacen retroceder al gobernador Alckmin - Socialismo o Barbarie<\/title>\n<meta name=\"robots\" content=\"index, follow, max-snippet:-1, max-image-preview:large, max-video-preview:-1\" \/>\n<link rel=\"canonical\" href=\"https:\/\/www.socialismoobarbarie.org\/?p=6951\" \/>\n<meta property=\"og:locale\" content=\"es_ES\" \/>\n<meta property=\"og:type\" content=\"article\" \/>\n<meta property=\"og:title\" content=\"Estudiantes secundarios en lucha hacen retroceder al gobernador Alckmin - Socialismo o Barbarie\" \/>\n<meta property=\"og:description\" content=\"Ninguna confianza en el gobierno estatal, vamos por la suspensi\u00f3n del decreto y revocaci\u00f3n del proyecto Una nueva generaci\u00f3n de luchadores viene tomando por sorpresa al poder represivo del Estado de San Pablo y enfrentando al gobierno autoritario de\u00a0 Geraldo Alckmin, con mucha voluntad de lucha y resistencia los estudiantes mantienen la toma en cientos [&hellip;]\" \/>\n<meta property=\"og:url\" content=\"https:\/\/www.socialismoobarbarie.org\/?p=6951\" \/>\n<meta property=\"og:site_name\" content=\"Socialismo o Barbarie\" \/>\n<meta property=\"article:published_time\" content=\"2015-12-10T22:42:31+00:00\" \/>\n<meta property=\"article:modified_time\" content=\"2018-07-12T22:16:02+00:00\" \/>\n<meta property=\"og:image\" content=\"https:\/\/www.socialismoobarbarie.org\/wp-content\/uploads\/2015\/12\/CUbxAb1WoAE-HsH-e1449194096270.jpg\" \/>\n\t<meta property=\"og:image:width\" content=\"700\" \/>\n\t<meta property=\"og:image:height\" content=\"463\" \/>\n\t<meta property=\"og:image:type\" content=\"image\/jpeg\" \/>\n<meta name=\"author\" content=\"SOB\" \/>\n<meta name=\"twitter:card\" content=\"summary_large_image\" \/>\n<meta name=\"twitter:label1\" content=\"Escrito por\" \/>\n\t<meta name=\"twitter:data1\" content=\"SOB\" \/>\n\t<meta name=\"twitter:label2\" content=\"Tiempo de lectura\" \/>\n\t<meta name=\"twitter:data2\" content=\"6 minutos\" \/>\n<script type=\"application\/ld+json\" class=\"yoast-schema-graph\">{\"@context\":\"https:\\\/\\\/schema.org\",\"@graph\":[{\"@type\":\"Article\",\"@id\":\"https:\\\/\\\/www.socialismoobarbarie.org\\\/?p=6951#article\",\"isPartOf\":{\"@id\":\"https:\\\/\\\/www.socialismoobarbarie.org\\\/?p=6951\"},\"author\":{\"name\":\"SOB\",\"@id\":\"https:\\\/\\\/www.socialismoobarbarie.org\\\/#\\\/schema\\\/person\\\/bc1c3b321d47ed092405949c77e35a8e\"},\"headline\":\"Estudiantes secundarios en lucha hacen retroceder al gobernador Alckmin\",\"datePublished\":\"2015-12-10T22:42:31+00:00\",\"dateModified\":\"2018-07-12T22:16:02+00:00\",\"mainEntityOfPage\":{\"@id\":\"https:\\\/\\\/www.socialismoobarbarie.org\\\/?p=6951\"},\"wordCount\":1174,\"publisher\":{\"@id\":\"https:\\\/\\\/www.socialismoobarbarie.org\\\/#organization\"},\"image\":{\"@id\":\"https:\\\/\\\/www.socialismoobarbarie.org\\\/?p=6951#primaryimage\"},\"thumbnailUrl\":\"https:\\\/\\\/www.socialismoobarbarie.org\\\/wp-content\\\/uploads\\\/2015\\\/12\\\/CUbxAb1WoAE-HsH-e1449194096270.jpg\",\"keywords\":[\"Edicion 11\",\"Severino Ramos\"],\"articleSection\":[\"Am\u00e9rica Latina\",\"Brasil\"],\"inLanguage\":\"es\"},{\"@type\":\"WebPage\",\"@id\":\"https:\\\/\\\/www.socialismoobarbarie.org\\\/?p=6951\",\"url\":\"https:\\\/\\\/www.socialismoobarbarie.org\\\/?p=6951\",\"name\":\"Estudiantes secundarios en lucha hacen retroceder al gobernador Alckmin - Socialismo o Barbarie\",\"isPartOf\":{\"@id\":\"https:\\\/\\\/www.socialismoobarbarie.org\\\/#website\"},\"primaryImageOfPage\":{\"@id\":\"https:\\\/\\\/www.socialismoobarbarie.org\\\/?p=6951#primaryimage\"},\"image\":{\"@id\":\"https:\\\/\\\/www.socialismoobarbarie.org\\\/?p=6951#primaryimage\"},\"thumbnailUrl\":\"https:\\\/\\\/www.socialismoobarbarie.org\\\/wp-content\\\/uploads\\\/2015\\\/12\\\/CUbxAb1WoAE-HsH-e1449194096270.jpg\",\"datePublished\":\"2015-12-10T22:42:31+00:00\",\"dateModified\":\"2018-07-12T22:16:02+00:00\",\"breadcrumb\":{\"@id\":\"https:\\\/\\\/www.socialismoobarbarie.org\\\/?p=6951#breadcrumb\"},\"inLanguage\":\"es\",\"potentialAction\":[{\"@type\":\"ReadAction\",\"target\":[\"https:\\\/\\\/www.socialismoobarbarie.org\\\/?p=6951\"]}]},{\"@type\":\"ImageObject\",\"inLanguage\":\"es\",\"@id\":\"https:\\\/\\\/www.socialismoobarbarie.org\\\/?p=6951#primaryimage\",\"url\":\"https:\\\/\\\/www.socialismoobarbarie.org\\\/wp-content\\\/uploads\\\/2015\\\/12\\\/CUbxAb1WoAE-HsH-e1449194096270.jpg\",\"contentUrl\":\"https:\\\/\\\/www.socialismoobarbarie.org\\\/wp-content\\\/uploads\\\/2015\\\/12\\\/CUbxAb1WoAE-HsH-e1449194096270.jpg\",\"width\":700,\"height\":463},{\"@type\":\"BreadcrumbList\",\"@id\":\"https:\\\/\\\/www.socialismoobarbarie.org\\\/?p=6951#breadcrumb\",\"itemListElement\":[{\"@type\":\"ListItem\",\"position\":1,\"name\":\"Portada\",\"item\":\"https:\\\/\\\/www.socialismoobarbarie.org\\\/\"},{\"@type\":\"ListItem\",\"position\":2,\"name\":\"Estudiantes secundarios en lucha hacen retroceder al gobernador Alckmin\"}]},{\"@type\":\"WebSite\",\"@id\":\"https:\\\/\\\/www.socialismoobarbarie.org\\\/#website\",\"url\":\"https:\\\/\\\/www.socialismoobarbarie.org\\\/\",\"name\":\"Socialismo o Barbarie\",\"description\":\"Sitio web de la corriente internacional Socialismo o Barbarie\",\"publisher\":{\"@id\":\"https:\\\/\\\/www.socialismoobarbarie.org\\\/#organization\"},\"potentialAction\":[{\"@type\":\"SearchAction\",\"target\":{\"@type\":\"EntryPoint\",\"urlTemplate\":\"https:\\\/\\\/www.socialismoobarbarie.org\\\/?s={search_term_string}\"},\"query-input\":{\"@type\":\"PropertyValueSpecification\",\"valueRequired\":true,\"valueName\":\"search_term_string\"}}],\"inLanguage\":\"es\"},{\"@type\":\"Organization\",\"@id\":\"https:\\\/\\\/www.socialismoobarbarie.org\\\/#organization\",\"name\":\"Socialismo o Barbarie\",\"url\":\"https:\\\/\\\/www.socialismoobarbarie.org\\\/\",\"logo\":{\"@type\":\"ImageObject\",\"inLanguage\":\"es\",\"@id\":\"https:\\\/\\\/www.socialismoobarbarie.org\\\/#\\\/schema\\\/logo\\\/image\\\/\",\"url\":\"https:\\\/\\\/www.socialismoobarbarie.org\\\/wp-content\\\/uploads\\\/2025\\\/02\\\/soblogoweb-2025.png\",\"contentUrl\":\"https:\\\/\\\/www.socialismoobarbarie.org\\\/wp-content\\\/uploads\\\/2025\\\/02\\\/soblogoweb-2025.png\",\"width\":450,\"height\":161,\"caption\":\"Socialismo o Barbarie\"},\"image\":{\"@id\":\"https:\\\/\\\/www.socialismoobarbarie.org\\\/#\\\/schema\\\/logo\\\/image\\\/\"}},{\"@type\":\"Person\",\"@id\":\"https:\\\/\\\/www.socialismoobarbarie.org\\\/#\\\/schema\\\/person\\\/bc1c3b321d47ed092405949c77e35a8e\",\"name\":\"SOB\",\"url\":\"https:\\\/\\\/www.socialismoobarbarie.org\\\/?author=8\"}]}<\/script>\n<!-- \/ Yoast SEO plugin. -->","yoast_head_json":{"title":"Estudiantes secundarios en lucha hacen retroceder al gobernador Alckmin - Socialismo o Barbarie","robots":{"index":"index","follow":"follow","max-snippet":"max-snippet:-1","max-image-preview":"max-image-preview:large","max-video-preview":"max-video-preview:-1"},"canonical":"https:\/\/www.socialismoobarbarie.org\/?p=6951","og_locale":"es_ES","og_type":"article","og_title":"Estudiantes secundarios en lucha hacen retroceder al gobernador Alckmin - Socialismo o Barbarie","og_description":"Ninguna confianza en el gobierno estatal, vamos por la suspensi\u00f3n del decreto y revocaci\u00f3n del proyecto Una nueva generaci\u00f3n de luchadores viene tomando por sorpresa al poder represivo del Estado de San Pablo y enfrentando al gobierno autoritario de\u00a0 Geraldo Alckmin, con mucha voluntad de lucha y resistencia los estudiantes mantienen la toma en cientos [&hellip;]","og_url":"https:\/\/www.socialismoobarbarie.org\/?p=6951","og_site_name":"Socialismo o Barbarie","article_published_time":"2015-12-10T22:42:31+00:00","article_modified_time":"2018-07-12T22:16:02+00:00","og_image":[{"width":700,"height":463,"url":"https:\/\/www.socialismoobarbarie.org\/wp-content\/uploads\/2015\/12\/CUbxAb1WoAE-HsH-e1449194096270.jpg","type":"image\/jpeg"}],"author":"SOB","twitter_card":"summary_large_image","twitter_misc":{"Escrito por":"SOB","Tiempo de lectura":"6 minutos"},"schema":{"@context":"https:\/\/schema.org","@graph":[{"@type":"Article","@id":"https:\/\/www.socialismoobarbarie.org\/?p=6951#article","isPartOf":{"@id":"https:\/\/www.socialismoobarbarie.org\/?p=6951"},"author":{"name":"SOB","@id":"https:\/\/www.socialismoobarbarie.org\/#\/schema\/person\/bc1c3b321d47ed092405949c77e35a8e"},"headline":"Estudiantes secundarios en lucha hacen retroceder al gobernador Alckmin","datePublished":"2015-12-10T22:42:31+00:00","dateModified":"2018-07-12T22:16:02+00:00","mainEntityOfPage":{"@id":"https:\/\/www.socialismoobarbarie.org\/?p=6951"},"wordCount":1174,"publisher":{"@id":"https:\/\/www.socialismoobarbarie.org\/#organization"},"image":{"@id":"https:\/\/www.socialismoobarbarie.org\/?p=6951#primaryimage"},"thumbnailUrl":"https:\/\/www.socialismoobarbarie.org\/wp-content\/uploads\/2015\/12\/CUbxAb1WoAE-HsH-e1449194096270.jpg","keywords":["Edicion 11","Severino Ramos"],"articleSection":["Am\u00e9rica Latina","Brasil"],"inLanguage":"es"},{"@type":"WebPage","@id":"https:\/\/www.socialismoobarbarie.org\/?p=6951","url":"https:\/\/www.socialismoobarbarie.org\/?p=6951","name":"Estudiantes secundarios en lucha hacen retroceder al gobernador Alckmin - Socialismo o Barbarie","isPartOf":{"@id":"https:\/\/www.socialismoobarbarie.org\/#website"},"primaryImageOfPage":{"@id":"https:\/\/www.socialismoobarbarie.org\/?p=6951#primaryimage"},"image":{"@id":"https:\/\/www.socialismoobarbarie.org\/?p=6951#primaryimage"},"thumbnailUrl":"https:\/\/www.socialismoobarbarie.org\/wp-content\/uploads\/2015\/12\/CUbxAb1WoAE-HsH-e1449194096270.jpg","datePublished":"2015-12-10T22:42:31+00:00","dateModified":"2018-07-12T22:16:02+00:00","breadcrumb":{"@id":"https:\/\/www.socialismoobarbarie.org\/?p=6951#breadcrumb"},"inLanguage":"es","potentialAction":[{"@type":"ReadAction","target":["https:\/\/www.socialismoobarbarie.org\/?p=6951"]}]},{"@type":"ImageObject","inLanguage":"es","@id":"https:\/\/www.socialismoobarbarie.org\/?p=6951#primaryimage","url":"https:\/\/www.socialismoobarbarie.org\/wp-content\/uploads\/2015\/12\/CUbxAb1WoAE-HsH-e1449194096270.jpg","contentUrl":"https:\/\/www.socialismoobarbarie.org\/wp-content\/uploads\/2015\/12\/CUbxAb1WoAE-HsH-e1449194096270.jpg","width":700,"height":463},{"@type":"BreadcrumbList","@id":"https:\/\/www.socialismoobarbarie.org\/?p=6951#breadcrumb","itemListElement":[{"@type":"ListItem","position":1,"name":"Portada","item":"https:\/\/www.socialismoobarbarie.org\/"},{"@type":"ListItem","position":2,"name":"Estudiantes secundarios en lucha hacen retroceder al gobernador Alckmin"}]},{"@type":"WebSite","@id":"https:\/\/www.socialismoobarbarie.org\/#website","url":"https:\/\/www.socialismoobarbarie.org\/","name":"Socialismo o Barbarie","description":"Sitio web de la corriente internacional Socialismo o Barbarie","publisher":{"@id":"https:\/\/www.socialismoobarbarie.org\/#organization"},"potentialAction":[{"@type":"SearchAction","target":{"@type":"EntryPoint","urlTemplate":"https:\/\/www.socialismoobarbarie.org\/?s={search_term_string}"},"query-input":{"@type":"PropertyValueSpecification","valueRequired":true,"valueName":"search_term_string"}}],"inLanguage":"es"},{"@type":"Organization","@id":"https:\/\/www.socialismoobarbarie.org\/#organization","name":"Socialismo o Barbarie","url":"https:\/\/www.socialismoobarbarie.org\/","logo":{"@type":"ImageObject","inLanguage":"es","@id":"https:\/\/www.socialismoobarbarie.org\/#\/schema\/logo\/image\/","url":"https:\/\/www.socialismoobarbarie.org\/wp-content\/uploads\/2025\/02\/soblogoweb-2025.png","contentUrl":"https:\/\/www.socialismoobarbarie.org\/wp-content\/uploads\/2025\/02\/soblogoweb-2025.png","width":450,"height":161,"caption":"Socialismo o Barbarie"},"image":{"@id":"https:\/\/www.socialismoobarbarie.org\/#\/schema\/logo\/image\/"}},{"@type":"Person","@id":"https:\/\/www.socialismoobarbarie.org\/#\/schema\/person\/bc1c3b321d47ed092405949c77e35a8e","name":"SOB","url":"https:\/\/www.socialismoobarbarie.org\/?author=8"}]}},"_links":{"self":[{"href":"https:\/\/www.socialismoobarbarie.org\/index.php?rest_route=\/wp\/v2\/posts\/6951","targetHints":{"allow":["GET"]}}],"collection":[{"href":"https:\/\/www.socialismoobarbarie.org\/index.php?rest_route=\/wp\/v2\/posts"}],"about":[{"href":"https:\/\/www.socialismoobarbarie.org\/index.php?rest_route=\/wp\/v2\/types\/post"}],"author":[{"embeddable":true,"href":"https:\/\/www.socialismoobarbarie.org\/index.php?rest_route=\/wp\/v2\/users\/8"}],"replies":[{"embeddable":true,"href":"https:\/\/www.socialismoobarbarie.org\/index.php?rest_route=%2Fwp%2Fv2%2Fcomments&post=6951"}],"version-history":[{"count":1,"href":"https:\/\/www.socialismoobarbarie.org\/index.php?rest_route=\/wp\/v2\/posts\/6951\/revisions"}],"predecessor-version":[{"id":6952,"href":"https:\/\/www.socialismoobarbarie.org\/index.php?rest_route=\/wp\/v2\/posts\/6951\/revisions\/6952"}],"wp:featuredmedia":[{"embeddable":true,"href":"https:\/\/www.socialismoobarbarie.org\/index.php?rest_route=\/wp\/v2\/media\/6925"}],"wp:attachment":[{"href":"https:\/\/www.socialismoobarbarie.org\/index.php?rest_route=%2Fwp%2Fv2%2Fmedia&parent=6951"}],"wp:term":[{"taxonomy":"category","embeddable":true,"href":"https:\/\/www.socialismoobarbarie.org\/index.php?rest_route=%2Fwp%2Fv2%2Fcategories&post=6951"},{"taxonomy":"post_tag","embeddable":true,"href":"https:\/\/www.socialismoobarbarie.org\/index.php?rest_route=%2Fwp%2Fv2%2Ftags&post=6951"}],"curies":[{"name":"wp","href":"https:\/\/api.w.org\/{rel}","templated":true}]}}