{"id":6953,"date":"2015-12-10T19:47:21","date_gmt":"2015-12-10T22:47:21","guid":{"rendered":"https:\/\/www.socialismoobarbarie.org\/?p=6953"},"modified":"2019-11-19T23:07:57","modified_gmt":"2019-11-20T02:07:57","slug":"la-crisis-del-traspaso-presidencial","status":"publish","type":"post","link":"https:\/\/www.socialismoobarbarie.org\/?p=6953","title":{"rendered":"La crisis del traspaso presidencial"},"content":{"rendered":"<h1>Una gran cortina de humo<\/h1>\n<p><strong><em>\u201cS\u00f3lo le pido a dios una cosa: que quienes nos suceden por imperio de la voluntad popular, a la que hay que respetar, yo espero que dentro de cuatro a\u00f1os, quien tiene la responsabilidad de conducir los destinos de la patria, pueda frente a una plaza como esta, decirle a todos los argentinos que tambi\u00e9n puede mirarlos a los ojos como yo\u201d <\/em><\/strong>(Cristina Kirchner en su discurso de despedida en Plaza de Mayo).<\/p>\n<p>Cerramos este editorial en el momento del discurso de despedida de Cristina y mientras estamos cerca del ep\u00edlogo de la crisis abierta por el traspaso presidencial.<\/p>\n<p>Macri, pretendiendo un \u201cgesto de autoridad\u201d, se mantuvo firme en que la entrega de los atributos se hiciera en la Casa Rosada. Cristina, erigi\u00e9ndose en jefa de la oposici\u00f3n, encontr\u00f3 en el recurso judicial presentado en su contra la excusa perfecta para ausentarse del traspaso (as\u00ed como para, atenci\u00f3n, retirar el acto que en su favor se iba a hacer el 10 en el Congreso).<\/p>\n<p>Dej\u00f3 el camino despejado a Macri para que la jornada de asunci\u00f3n fuera solo suya, pero tambi\u00e9n le marc\u00f3 la cancha con su acto en la Plaza haciendo en \u00e9l una demostraci\u00f3n de fuerza de un gobierno saliente luego de 12 a\u00f1os, que todav\u00eda cuenta con una base social de importancia, algo sin muchos precedentes en el pa\u00eds.<\/p>\n<p>De todas maneras, no hay que confundirse: como dec\u00eda Marx, la pol\u00edtica burguesa es siempre y en primer lugar, <strong>una<\/strong> <strong>teatralizaci\u00f3n para esconder los verdaderos intereses en juego <\/strong>(de manera tal que no hay que sacar del moderado discurso de Cristina, una declaraci\u00f3n de guerra a Macri. Volveremos sobre esto m\u00e1s abajo).<\/p>\n<p>Trataremos de explicar a continuaci\u00f3n qu\u00e9 es lo que ha estado detr\u00e1s de la crisis del traspaso.<\/p>\n<p><strong>Una cortina de humo <\/strong><\/p>\n<p>Lo primero a se\u00f1alar es que esta crisis conviene, en cierto modo, tanto a Macri como a Cristina: <strong>levanta una cortina de humo ante el ajuste que se est\u00e1 poniendo en marcha<\/strong>, y que es responsabilidad de ambos.<\/p>\n<p>Cristina es responsable porque fue bajo su presidencia que se crearon las condiciones para el ajuste que viene. Un gobierno saliente que en doce a\u00f1os no fue capaz de impulsar ning\u00fan cambio de fondo en la estructura dependiente del capitalismo argentino. Y que en la \u00faltima etapa se las arregl\u00f3 para \u201catar con alambre\u201d la coyuntura econ\u00f3mica: <strong>contuvo el d\u00f3lar oficial para evitar que aumenten los precios durante las elecciones.\u00a0 <\/strong><\/p>\n<p>Al mismo tiempo, no dej\u00f3 de pagar un peso de los intereses de la deuda externa, circunstancia que se dio simult\u00e1neamente con una baja en el valor y volumen de las exportaciones como producto de la ca\u00edda de los precios de las materias primas y la crisis econ\u00f3mica en Brasil.<\/p>\n<p>Conclusi\u00f3n: lleg\u00f3 al final de su mando sin un d\u00f3lar en el BCRA, factor que est\u00e1 por detr\u00e1s de todos los rumores devaluatorios, devaluaci\u00f3n que, como es un secreto a voces, ocurrir\u00e1 en los pr\u00f3ximos d\u00edas bajo Macri (pero que hubiera sido igualmente inevitable con Scioli).<\/p>\n<p>Es que si bien el ex motonauta termin\u00f3 haciendo campa\u00f1a \u201ccontra el ajuste\u201d, era inevitable que se desdijera tomando medidas similares a las que se apresta a tomar Macri. Sencillamente porque no habr\u00eda tenido margen para otra cosa: el ejemplo de Dilma Rousseff en Brasil es m\u00e1s que elocuente a este respecto: prometi\u00f3 una cosa en las elecciones e hizo lo opuesto al asumir.<\/p>\n<p>Veamos el caso de Macri. Su manejo de las medidas que vienen se asemeja a un mamarracho: <strong>la falta de <em>timing<\/em> del gobierno entrante podr\u00eda estar adelantando una carencia de \u201ccintura pol\u00edtica\u201d para manejar los asuntos, lo que no har\u00e1 m\u00e1s que polarizar las cosas. <\/strong><\/p>\n<p>Primer barquinazo: el anunciado \u201clevantamiento del cepo en 24 horas\u201d. Mientras que la mayor\u00eda de los operadores econ\u00f3micos se han adelantado a remarcar los precios a la espera de una suba del d\u00f3lar oficial que los convalide, otros est\u00e1n haciendo ping\u00fces negocios jugando con los valores de d\u00f3lar actual y futuro.<\/p>\n<p>Segundo barquinazo: Macri desliz\u00f3 que una de sus primeras medidas ser\u00eda elevar el piso para pagar ganancias a 30.000 $, agregando que los aguinaldos de fin de a\u00f1o de los trabajadores que reciben de salario hasta esa cifra tampoco pagar\u00edan. Luego se desdijo, y dada la conmoci\u00f3n causada (Moyano hab\u00eda salido a decir que Macri le hab\u00eda prometido eso), finalmente anunci\u00f3 que no pagaran ganancias en el aguinaldo de fin de a\u00f1o los que reciban 30.000 $ en bruto (25.000 pesos netos), mientras que la suba del m\u00ednimo sobre los sueldos deber\u00e1 esperar a las sesiones ordinarias que comienzan el 1\u00ba de marzo\u2026<\/p>\n<p>Manejarse como \u201celefante en un bazar\u201d nunca ha sido un buen recurso en pol\u00edtica. A Macri tampoco le viene mal este <em>minu\u00e9<\/em> como forma de esconder estos desaguisados, traslad\u00e1ndole la responsabilidad por el ajuste al gobierno saliente.<\/p>\n<p>De todas maneras, semejante comportamiento \u201cpoco pol\u00edtico\u201d nada bueno augura para su gobernabilidad.<\/p>\n<p><strong>El futuro de los K en juego<\/strong><\/p>\n<p>Al mismo tiempo, con ser un sainete el traspaso presidencial, no se puede negar que contiene elementos de una crisis real: no es la mejor manera de asumir para el gobierno entrante.<\/p>\n<p>Macri ser\u00e1 el primer presidente constitucional desde 1983 que asuma sin la presencia de su predecesor. Significa un problema en la medida en que el traspaso es la entrega de las riendas del poder: el reconocimiento institucional de que alguien est\u00e1 a cargo, reconocimiento que se hace bajo una forma un\u00e1nime entre las fuerzas pol\u00edticas patronales.<\/p>\n<p>Al no presentarse Cristina al traspaso haciendo responsable a Macri por su ausencia, est\u00e1 quit\u00e1ndole legitimidad a su asunci\u00f3n, ampar\u00e1ndose en que el \u201cdestrato\u201d a su persona significa el desconocimiento del otro 49% que se volc\u00f3 por el peronismo en el balotaje, lo que no es un elemento menor (aunque habr\u00e1 que ver su din\u00e1mica real).<\/p>\n<p>\u00bfQu\u00e9 es lo que est\u00e1 por detr\u00e1s de la crisis del traspaso? No se trata realmente de una divisi\u00f3n entre los de arriba: <strong>la flor y nata del imperialismo y la patronal han cerrado filas detr\u00e1s del gobierno de Macri. \u00a0<\/strong><\/p>\n<p>Lo m\u00e1s granado de la burgues\u00eda quiere el ajuste y est\u00e1 contenta con el nuevo gobierno \u201camigable a los mercados\u201d que encarna el ingeniero Macri.<\/p>\n<p>Es verdad que hay sectores de la \u201cburgues\u00eda nacional\u201d preocupados por las medidas liberalizadoras de Macri (quieren que la protecci\u00f3n de que gozaron bajo los K se mantenga). Nos referimos a casos como el de De Mendiguren, ex jefe de la UIA y dirigente textil, o los empresarios de la industria electr\u00f3nica con negocios en Tierra del Fuego, entre otros ejemplos.<\/p>\n<p>Pero estas son contradicciones estrictamente <strong>econ\u00f3micas <\/strong>que nada tienen que ver con alguna intensi\u00f3n de afectar la gobernabilidad o de no ser parte del frente \u00fanico de los de arriba feliz por el triunfo de Macri.<\/p>\n<p><strong>El nudo del problema est\u00e1<\/strong> <strong>en el futuro del kirchnerismo como corriente pol\u00edtica<\/strong>. La escenificaci\u00f3n de este futuro, el salir por la puerta grande de manera \u201ccombativa\u201d como se puso en escena en Plaza de Mayo, es lo que est\u00e1 detr\u00e1s del comportamiento de Cristina.<\/p>\n<p>Se trata de un t\u00f3pico que ha abierto un interrogante en la izquierda: \u00bfc\u00f3mo se comportara el kirchnerismo de aqu\u00ed en m\u00e1s? El primer problema a entender es que en el PJ se ha abierto una crisis de direcci\u00f3n. El FpV es solo una de sus corrientes internas: existen muchas otras, tanto dentro como fuera del PJ, que aspiran a conducirlo y \u201crenovarlo\u201d en el sentido de \u201cuna oposici\u00f3n constructiva y moderna\u201d al nuevo gobierno: pensamos en los casos que van desde Urtubey hasta Massa y De la Sota.<\/p>\n<p>Atenci\u00f3n: dif\u00edcilmente el kirchnerismo pueda pasar a cumplir un rol de oposici\u00f3n dura a Macri sin que esto comprometa su futuro ante la burgues\u00eda. Esperar que Cristina lleve adelante una oposici\u00f3n consecuente a Macri, su gobierno y su ajuste, <strong>plante el problema de su car\u00e1cter de clase como corriente, los intereses a los cuales sirve. \u00a0<\/strong><\/p>\n<p>En otras palabras: que se d\u00e9 el caso at\u00edpico de una corriente burguesa que se \u201cautonomiza\u201d de tal manera que deviene en una peque\u00f1oburguesa; un s\u00edmil de John William Cooke cuando encabezaba la resistencia peronista mientras Per\u00f3n se refugiaba en su mansi\u00f3n madrile\u00f1a de Guardia de Hierro.<\/p>\n<p>Las cosas no est\u00e1n como entonces, ni son tan radicalizados los desarrollos. Para aspirar a volver al poder, los K deben hacer una <strong>doble escenificaci\u00f3n<\/strong>. Aparecer como \u201copositores\u201d a Macri y, al mismo tiempo, aspirar a recuperar los favores de la burgues\u00eda haciendo buena letra.<\/p>\n<p>No es descartable que la impericia de Macri le facilite las cosas. En todo caso, no ser\u00e1 Cristina la que marque los desarrollos de las cosas, sino la din\u00e1mica de la lucha de clases: <strong>depositar la confianza en que los K ser\u00e1n la cabeza de la oposici\u00f3n, de las luchas sociales, solo puede llevar al oportunismo.\u00a0\u00a0 <\/strong><\/p>\n<p><strong>El domin\u00f3 regional <\/strong><\/p>\n<p>Conviene no perder de vista, adem\u00e1s, el cuadro regional: <strong>el progresismo tiende a salir de la escena, llegan gobiernos burgueses m\u00e1s normales, neoliberales, escu\u00e1lidos, reaccionarios.<\/strong><\/p>\n<p>La asunci\u00f3n de Macri se da sobre el trasfondo de una serie de acontecimientos regionales de relevancia, que parecen estar indicando un giro a la derecha de conjunto o al menos en algunos de sus pa\u00edses m\u00e1s importantes.<\/p>\n<p>Veamos los casos m\u00e1s rutilantes de los \u00faltimos d\u00edas: Venezuela y Brasil.<\/p>\n<p>En Venezuela el chavismo acaba de recibir una paliza electoral hist\u00f3rica. En esta misma edici\u00f3n hay una amplia cobertura de esa derrota que le ha dado mayor\u00eda calificada a la oposici\u00f3n patronal.<\/p>\n<p>Desde hace a\u00f1os la situaci\u00f3n de Maduro viene siendo insostenible. El chavismo fue incapaz de llevar adelante ninguna reforma estructural: la idea de que en Venezuela estuviera en curso una \u201crevoluci\u00f3n\u201d siempre fue una mascarada solo para esconder que el chavismo se negaba a avanzar realmente contra la burgues\u00eda, a expropiarla y quitarle el poder.<\/p>\n<p>La realidad es que ni siquiera acab\u00f3 con la hist\u00f3rica dependencia del pa\u00eds de la exportaci\u00f3n del petr\u00f3leo, petr\u00f3leo que le permiti\u00f3 gobernar de una manera cuando el barril estaba por encima de los 100 d\u00f3lares, y de otra muy distinta hoy, cuando roza los 35.<\/p>\n<p>El pa\u00eds importa todos los productos de consumo popular; en estas circunstancias, es imposible que no haya colas cuando el tesoro del Estado luce quebrado (\u00a1atenci\u00f3n que tanto el chavismo como el kirchnerismo pagaron puntualmente las deudas externas bajo su gesti\u00f3n!).<\/p>\n<p>El voto castigo contra Maduro ha sido fenomenal, al punto que nadie sabe a ciencia cierta c\u00f3mo har\u00e1 para sostenerse en el poder hasta el 2019 (cuando formalmente expira su mandato).<\/p>\n<p>Veamos el caso de Brasil, verdadero bar\u00f3metro pol\u00edtico de la regi\u00f3n. Dilma Rousseff hizo campa\u00f1a contra el ajuste que se vendr\u00eda si se hubiera impuesto el candidato opositor, solo para descargar un brutal ajuste ortodoxo al asumir, el que ha causado enorme repudio popular.<\/p>\n<p>Simult\u00e1neamente, se ha abierto una crisis pol\u00edtica e institucional alrededor de tremendos casos de enriquecimiento a calor del estado, cuesti\u00f3n que ha derivado ahora en un juicio pol\u00edtico en su contra de incierto resultado.<\/p>\n<p>El triunfo de Macri, la derrota electoral del chavismo y el juicio pol\u00edtico a Rousseff est\u00e1n mostrando el agotamiento del ciclo de los gobiernos progresistas, aunque es incierto el \u00e9xito que podr\u00e1n tener sus recambios por derecha.<\/p>\n<p>En la medida en que no ha habido un desborde de masas por la izquierda a estos gobiernos, su desgaste est\u00e1 siendo capitalizado por las oposiciones patronales de derecha, elemento que da un contexto a los desarrollos en nuestro pa\u00eds fortaleciendo, a priori, la posici\u00f3n de Macri.<\/p>\n<p>De todas maneras, lo parad\u00f3jico del caso es que las relaciones de fuerzas no han sido probadas. Se trata de recambios electorales de gobiernos que son productos indirectos de rebeliones populares, lo que augura, tarde o temprano, fuertes choques de clase ante el car\u00e1cter profundamente reaccionario de los nuevos gobiernos que est\u00e1n llegando.<\/p>\n<h2><strong>Vamos por la derrota del gobierno de Macri<\/strong><\/h2>\n<p>En estas p\u00e1ginas hemos definido al gobierno de Macri como un gobierno reaccionario que prepara un duro ataque sobre las posiciones conquistadas de los trabajadores en los \u00faltimos a\u00f1os.<\/p>\n<p>Esta misma caracterizaci\u00f3n fue la que domin\u00f3 los debates de nuestro reciente plenario nacional de cuadros, el que mostr\u00f3 a nuestro partido como una organizaci\u00f3n en ascenso a nivel nacional, con enorme fuerza a pesar de su juventud para encarar los desaf\u00edos que vienen.<\/p>\n<p>Las noticias de los \u00faltimos d\u00edas <strong>ratifican<\/strong> este car\u00e1cter de un gobierno que pretende poner en marcha un duro ajuste econ\u00f3mico al tiempo que se prepara, globalmente, <strong>para impulsar medidas reaccionarias en casi todos los planos.\u00a0 <\/strong><\/p>\n<p>Sin embargo, la falta de cintura pol\u00edtica que exhibir\u00e1, sumado a que los trabajadores, a pesar de sus confusiones, no se dejar\u00e1n despojar f\u00e1cilmente de lo que consideran sus conquistas, plantear\u00e1 tarde o temprano grandes enfrentamientos de clase.<\/p>\n<p><strong>Prepararnos para enfrentarlo es la tarea m\u00e1s importante de la hora<\/strong>. Como dijimos en el plenario nacional, lo m\u00e1s peligroso seria desconocer la seriedad del ataque que viene, irse por elucubraciones facilistas que desarmen a nuestra clase y a la vanguardia.<\/p>\n<p>Si se pretende ganar la \u201cguerra\u201d que se viene (\u00a1y hay posibilidades de que dicha guerra se gane!), si se pretende orientar nuestras filas para el lado de la pelea por derrotar al gobierno de Macri, lo primero que hay que hacer es prepararse para el ataque que viene, <strong>no subestimarlo<\/strong>. Esta fue la conclusi\u00f3n principal del plenario de nuestro partido.<\/p>\n<p>De ah\u00ed que hayamos definido dos iniciativas inmediatas: marchar el lunes 14 a la UIA en un amplio frente \u00fanico en repudio al pacto social que viene, al tiempo que colocamos todos los esfuerzos para la realizaci\u00f3n de un gran encuentro nacional de luchadores a realizarse entre los meses de febrero y marzo.<\/p>\n<p>Para organizar estas tareas estamos apoyando, tambi\u00e9n, la convocatoria a un plenario abierto de comisiones internas y cuerpos de delegados encabezada por los compa\u00f1eros de la comisi\u00f3n interna de Pilkington, as\u00ed como la Lista Marr\u00f3n del neum\u00e1tico, a realizarse este s\u00e1bado 12.<\/p>\n<p><strong>Manos a la obra, a poner en pie la lucha por derrotar el gobierno de Macri, su ajuste y sus medidas reaccionarias. Esta ser\u00e1 la tarea principal de la militancia del nuevo MAS el pr\u00f3ximo periodo al tiempo que damos pasos para seguir fortaleciendo nuestro partido, el que podr\u00eda pegar un salto cualitativo en materia constructiva al calor de estas luchas.<br \/>\n<\/strong><\/p>\n<p>&nbsp;<\/p>\n","protected":false},"excerpt":{"rendered":"<p>Una gran cortina de humo \u201cS\u00f3lo le pido a dios una cosa: que quienes nos suceden por imperio de la voluntad popular, a la que hay que respetar, yo espero que dentro de cuatro a\u00f1os, quien tiene la responsabilidad de conducir los destinos de la patria, pueda frente a una plaza como esta, decirle a [&hellip;]<\/p>\n","protected":false},"author":8,"featured_media":6954,"comment_status":"closed","ping_status":"closed","sticky":false,"template":"","format":"standard","meta":{"footnotes":""},"categories":[122,1656],"tags":[1405,1339,35],"class_list":{"0":"post-6953","1":"post","2":"type-post","3":"status-publish","4":"format-standard","5":"has-post-thumbnail","7":"category-america-latina-y-el-caribe","8":"category-argentina","9":"tag-edicion-11","10":"tag-editorial-sob-argentina","11":"tag-roberto-saenz"},"yoast_head":"<!-- This site is optimized with the Yoast SEO plugin v27.5 - https:\/\/yoast.com\/product\/yoast-seo-wordpress\/ -->\n<title>La crisis del traspaso presidencial - Socialismo o Barbarie<\/title>\n<meta name=\"robots\" content=\"index, follow, max-snippet:-1, max-image-preview:large, max-video-preview:-1\" \/>\n<link rel=\"canonical\" href=\"https:\/\/www.socialismoobarbarie.org\/?p=6953\" \/>\n<meta property=\"og:locale\" content=\"es_ES\" \/>\n<meta property=\"og:type\" content=\"article\" \/>\n<meta property=\"og:title\" content=\"La crisis del traspaso presidencial - Socialismo o Barbarie\" \/>\n<meta property=\"og:description\" content=\"Una gran cortina de humo \u201cS\u00f3lo le pido a dios una cosa: que quienes nos suceden por imperio de la voluntad popular, a la que hay que respetar, yo espero que dentro de cuatro a\u00f1os, quien tiene la responsabilidad de conducir los destinos de la patria, pueda frente a una plaza como esta, decirle a [&hellip;]\" \/>\n<meta property=\"og:url\" content=\"https:\/\/www.socialismoobarbarie.org\/?p=6953\" \/>\n<meta property=\"og:site_name\" content=\"Socialismo o Barbarie\" \/>\n<meta property=\"article:published_time\" content=\"2015-12-10T22:47:21+00:00\" \/>\n<meta property=\"article:modified_time\" content=\"2019-11-20T02:07:57+00:00\" \/>\n<meta property=\"og:image\" content=\"https:\/\/www.socialismoobarbarie.org\/wp-content\/uploads\/2015\/12\/baston-presidencial.jpg\" \/>\n\t<meta property=\"og:image:width\" content=\"640\" \/>\n\t<meta property=\"og:image:height\" content=\"360\" \/>\n\t<meta property=\"og:image:type\" content=\"image\/jpeg\" \/>\n<meta name=\"author\" content=\"SOB\" \/>\n<meta name=\"twitter:card\" content=\"summary_large_image\" \/>\n<meta name=\"twitter:label1\" content=\"Escrito por\" \/>\n\t<meta name=\"twitter:data1\" content=\"SOB\" \/>\n\t<meta name=\"twitter:label2\" content=\"Tiempo de lectura\" \/>\n\t<meta name=\"twitter:data2\" content=\"13 minutos\" \/>\n<script type=\"application\/ld+json\" class=\"yoast-schema-graph\">{\"@context\":\"https:\\\/\\\/schema.org\",\"@graph\":[{\"@type\":\"Article\",\"@id\":\"https:\\\/\\\/www.socialismoobarbarie.org\\\/?p=6953#article\",\"isPartOf\":{\"@id\":\"https:\\\/\\\/www.socialismoobarbarie.org\\\/?p=6953\"},\"author\":{\"name\":\"SOB\",\"@id\":\"https:\\\/\\\/www.socialismoobarbarie.org\\\/#\\\/schema\\\/person\\\/bc1c3b321d47ed092405949c77e35a8e\"},\"headline\":\"La crisis del traspaso presidencial\",\"datePublished\":\"2015-12-10T22:47:21+00:00\",\"dateModified\":\"2019-11-20T02:07:57+00:00\",\"mainEntityOfPage\":{\"@id\":\"https:\\\/\\\/www.socialismoobarbarie.org\\\/?p=6953\"},\"wordCount\":2533,\"publisher\":{\"@id\":\"https:\\\/\\\/www.socialismoobarbarie.org\\\/#organization\"},\"image\":{\"@id\":\"https:\\\/\\\/www.socialismoobarbarie.org\\\/?p=6953#primaryimage\"},\"thumbnailUrl\":\"https:\\\/\\\/www.socialismoobarbarie.org\\\/wp-content\\\/uploads\\\/2015\\\/12\\\/baston-presidencial.jpg\",\"keywords\":[\"Edicion 11\",\"Editorial SoB Argentina\",\"Roberto S\u00e1enz\"],\"articleSection\":[\"Am\u00e9rica Latina\",\"Argentina\"],\"inLanguage\":\"es\"},{\"@type\":\"WebPage\",\"@id\":\"https:\\\/\\\/www.socialismoobarbarie.org\\\/?p=6953\",\"url\":\"https:\\\/\\\/www.socialismoobarbarie.org\\\/?p=6953\",\"name\":\"La crisis del traspaso presidencial - Socialismo o Barbarie\",\"isPartOf\":{\"@id\":\"https:\\\/\\\/www.socialismoobarbarie.org\\\/#website\"},\"primaryImageOfPage\":{\"@id\":\"https:\\\/\\\/www.socialismoobarbarie.org\\\/?p=6953#primaryimage\"},\"image\":{\"@id\":\"https:\\\/\\\/www.socialismoobarbarie.org\\\/?p=6953#primaryimage\"},\"thumbnailUrl\":\"https:\\\/\\\/www.socialismoobarbarie.org\\\/wp-content\\\/uploads\\\/2015\\\/12\\\/baston-presidencial.jpg\",\"datePublished\":\"2015-12-10T22:47:21+00:00\",\"dateModified\":\"2019-11-20T02:07:57+00:00\",\"breadcrumb\":{\"@id\":\"https:\\\/\\\/www.socialismoobarbarie.org\\\/?p=6953#breadcrumb\"},\"inLanguage\":\"es\",\"potentialAction\":[{\"@type\":\"ReadAction\",\"target\":[\"https:\\\/\\\/www.socialismoobarbarie.org\\\/?p=6953\"]}]},{\"@type\":\"ImageObject\",\"inLanguage\":\"es\",\"@id\":\"https:\\\/\\\/www.socialismoobarbarie.org\\\/?p=6953#primaryimage\",\"url\":\"https:\\\/\\\/www.socialismoobarbarie.org\\\/wp-content\\\/uploads\\\/2015\\\/12\\\/baston-presidencial.jpg\",\"contentUrl\":\"https:\\\/\\\/www.socialismoobarbarie.org\\\/wp-content\\\/uploads\\\/2015\\\/12\\\/baston-presidencial.jpg\",\"width\":640,\"height\":360},{\"@type\":\"BreadcrumbList\",\"@id\":\"https:\\\/\\\/www.socialismoobarbarie.org\\\/?p=6953#breadcrumb\",\"itemListElement\":[{\"@type\":\"ListItem\",\"position\":1,\"name\":\"Portada\",\"item\":\"https:\\\/\\\/www.socialismoobarbarie.org\\\/\"},{\"@type\":\"ListItem\",\"position\":2,\"name\":\"La crisis del traspaso presidencial\"}]},{\"@type\":\"WebSite\",\"@id\":\"https:\\\/\\\/www.socialismoobarbarie.org\\\/#website\",\"url\":\"https:\\\/\\\/www.socialismoobarbarie.org\\\/\",\"name\":\"Socialismo o Barbarie\",\"description\":\"Sitio web de la corriente internacional Socialismo o Barbarie\",\"publisher\":{\"@id\":\"https:\\\/\\\/www.socialismoobarbarie.org\\\/#organization\"},\"potentialAction\":[{\"@type\":\"SearchAction\",\"target\":{\"@type\":\"EntryPoint\",\"urlTemplate\":\"https:\\\/\\\/www.socialismoobarbarie.org\\\/?s={search_term_string}\"},\"query-input\":{\"@type\":\"PropertyValueSpecification\",\"valueRequired\":true,\"valueName\":\"search_term_string\"}}],\"inLanguage\":\"es\"},{\"@type\":\"Organization\",\"@id\":\"https:\\\/\\\/www.socialismoobarbarie.org\\\/#organization\",\"name\":\"Socialismo o Barbarie\",\"url\":\"https:\\\/\\\/www.socialismoobarbarie.org\\\/\",\"logo\":{\"@type\":\"ImageObject\",\"inLanguage\":\"es\",\"@id\":\"https:\\\/\\\/www.socialismoobarbarie.org\\\/#\\\/schema\\\/logo\\\/image\\\/\",\"url\":\"https:\\\/\\\/www.socialismoobarbarie.org\\\/wp-content\\\/uploads\\\/2025\\\/02\\\/soblogoweb-2025.png\",\"contentUrl\":\"https:\\\/\\\/www.socialismoobarbarie.org\\\/wp-content\\\/uploads\\\/2025\\\/02\\\/soblogoweb-2025.png\",\"width\":450,\"height\":161,\"caption\":\"Socialismo o Barbarie\"},\"image\":{\"@id\":\"https:\\\/\\\/www.socialismoobarbarie.org\\\/#\\\/schema\\\/logo\\\/image\\\/\"}},{\"@type\":\"Person\",\"@id\":\"https:\\\/\\\/www.socialismoobarbarie.org\\\/#\\\/schema\\\/person\\\/bc1c3b321d47ed092405949c77e35a8e\",\"name\":\"SOB\",\"url\":\"https:\\\/\\\/www.socialismoobarbarie.org\\\/?author=8\"}]}<\/script>\n<!-- \/ Yoast SEO plugin. -->","yoast_head_json":{"title":"La crisis del traspaso presidencial - Socialismo o Barbarie","robots":{"index":"index","follow":"follow","max-snippet":"max-snippet:-1","max-image-preview":"max-image-preview:large","max-video-preview":"max-video-preview:-1"},"canonical":"https:\/\/www.socialismoobarbarie.org\/?p=6953","og_locale":"es_ES","og_type":"article","og_title":"La crisis del traspaso presidencial - Socialismo o Barbarie","og_description":"Una gran cortina de humo \u201cS\u00f3lo le pido a dios una cosa: que quienes nos suceden por imperio de la voluntad popular, a la que hay que respetar, yo espero que dentro de cuatro a\u00f1os, quien tiene la responsabilidad de conducir los destinos de la patria, pueda frente a una plaza como esta, decirle a [&hellip;]","og_url":"https:\/\/www.socialismoobarbarie.org\/?p=6953","og_site_name":"Socialismo o Barbarie","article_published_time":"2015-12-10T22:47:21+00:00","article_modified_time":"2019-11-20T02:07:57+00:00","og_image":[{"width":640,"height":360,"url":"https:\/\/www.socialismoobarbarie.org\/wp-content\/uploads\/2015\/12\/baston-presidencial.jpg","type":"image\/jpeg"}],"author":"SOB","twitter_card":"summary_large_image","twitter_misc":{"Escrito por":"SOB","Tiempo de lectura":"13 minutos"},"schema":{"@context":"https:\/\/schema.org","@graph":[{"@type":"Article","@id":"https:\/\/www.socialismoobarbarie.org\/?p=6953#article","isPartOf":{"@id":"https:\/\/www.socialismoobarbarie.org\/?p=6953"},"author":{"name":"SOB","@id":"https:\/\/www.socialismoobarbarie.org\/#\/schema\/person\/bc1c3b321d47ed092405949c77e35a8e"},"headline":"La crisis del traspaso presidencial","datePublished":"2015-12-10T22:47:21+00:00","dateModified":"2019-11-20T02:07:57+00:00","mainEntityOfPage":{"@id":"https:\/\/www.socialismoobarbarie.org\/?p=6953"},"wordCount":2533,"publisher":{"@id":"https:\/\/www.socialismoobarbarie.org\/#organization"},"image":{"@id":"https:\/\/www.socialismoobarbarie.org\/?p=6953#primaryimage"},"thumbnailUrl":"https:\/\/www.socialismoobarbarie.org\/wp-content\/uploads\/2015\/12\/baston-presidencial.jpg","keywords":["Edicion 11","Editorial SoB Argentina","Roberto S\u00e1enz"],"articleSection":["Am\u00e9rica Latina","Argentina"],"inLanguage":"es"},{"@type":"WebPage","@id":"https:\/\/www.socialismoobarbarie.org\/?p=6953","url":"https:\/\/www.socialismoobarbarie.org\/?p=6953","name":"La crisis del traspaso presidencial - Socialismo o Barbarie","isPartOf":{"@id":"https:\/\/www.socialismoobarbarie.org\/#website"},"primaryImageOfPage":{"@id":"https:\/\/www.socialismoobarbarie.org\/?p=6953#primaryimage"},"image":{"@id":"https:\/\/www.socialismoobarbarie.org\/?p=6953#primaryimage"},"thumbnailUrl":"https:\/\/www.socialismoobarbarie.org\/wp-content\/uploads\/2015\/12\/baston-presidencial.jpg","datePublished":"2015-12-10T22:47:21+00:00","dateModified":"2019-11-20T02:07:57+00:00","breadcrumb":{"@id":"https:\/\/www.socialismoobarbarie.org\/?p=6953#breadcrumb"},"inLanguage":"es","potentialAction":[{"@type":"ReadAction","target":["https:\/\/www.socialismoobarbarie.org\/?p=6953"]}]},{"@type":"ImageObject","inLanguage":"es","@id":"https:\/\/www.socialismoobarbarie.org\/?p=6953#primaryimage","url":"https:\/\/www.socialismoobarbarie.org\/wp-content\/uploads\/2015\/12\/baston-presidencial.jpg","contentUrl":"https:\/\/www.socialismoobarbarie.org\/wp-content\/uploads\/2015\/12\/baston-presidencial.jpg","width":640,"height":360},{"@type":"BreadcrumbList","@id":"https:\/\/www.socialismoobarbarie.org\/?p=6953#breadcrumb","itemListElement":[{"@type":"ListItem","position":1,"name":"Portada","item":"https:\/\/www.socialismoobarbarie.org\/"},{"@type":"ListItem","position":2,"name":"La crisis del traspaso presidencial"}]},{"@type":"WebSite","@id":"https:\/\/www.socialismoobarbarie.org\/#website","url":"https:\/\/www.socialismoobarbarie.org\/","name":"Socialismo o Barbarie","description":"Sitio web de la corriente internacional Socialismo o Barbarie","publisher":{"@id":"https:\/\/www.socialismoobarbarie.org\/#organization"},"potentialAction":[{"@type":"SearchAction","target":{"@type":"EntryPoint","urlTemplate":"https:\/\/www.socialismoobarbarie.org\/?s={search_term_string}"},"query-input":{"@type":"PropertyValueSpecification","valueRequired":true,"valueName":"search_term_string"}}],"inLanguage":"es"},{"@type":"Organization","@id":"https:\/\/www.socialismoobarbarie.org\/#organization","name":"Socialismo o Barbarie","url":"https:\/\/www.socialismoobarbarie.org\/","logo":{"@type":"ImageObject","inLanguage":"es","@id":"https:\/\/www.socialismoobarbarie.org\/#\/schema\/logo\/image\/","url":"https:\/\/www.socialismoobarbarie.org\/wp-content\/uploads\/2025\/02\/soblogoweb-2025.png","contentUrl":"https:\/\/www.socialismoobarbarie.org\/wp-content\/uploads\/2025\/02\/soblogoweb-2025.png","width":450,"height":161,"caption":"Socialismo o Barbarie"},"image":{"@id":"https:\/\/www.socialismoobarbarie.org\/#\/schema\/logo\/image\/"}},{"@type":"Person","@id":"https:\/\/www.socialismoobarbarie.org\/#\/schema\/person\/bc1c3b321d47ed092405949c77e35a8e","name":"SOB","url":"https:\/\/www.socialismoobarbarie.org\/?author=8"}]}},"_links":{"self":[{"href":"https:\/\/www.socialismoobarbarie.org\/index.php?rest_route=\/wp\/v2\/posts\/6953","targetHints":{"allow":["GET"]}}],"collection":[{"href":"https:\/\/www.socialismoobarbarie.org\/index.php?rest_route=\/wp\/v2\/posts"}],"about":[{"href":"https:\/\/www.socialismoobarbarie.org\/index.php?rest_route=\/wp\/v2\/types\/post"}],"author":[{"embeddable":true,"href":"https:\/\/www.socialismoobarbarie.org\/index.php?rest_route=\/wp\/v2\/users\/8"}],"replies":[{"embeddable":true,"href":"https:\/\/www.socialismoobarbarie.org\/index.php?rest_route=%2Fwp%2Fv2%2Fcomments&post=6953"}],"version-history":[{"count":1,"href":"https:\/\/www.socialismoobarbarie.org\/index.php?rest_route=\/wp\/v2\/posts\/6953\/revisions"}],"predecessor-version":[{"id":6955,"href":"https:\/\/www.socialismoobarbarie.org\/index.php?rest_route=\/wp\/v2\/posts\/6953\/revisions\/6955"}],"wp:featuredmedia":[{"embeddable":true,"href":"https:\/\/www.socialismoobarbarie.org\/index.php?rest_route=\/wp\/v2\/media\/6954"}],"wp:attachment":[{"href":"https:\/\/www.socialismoobarbarie.org\/index.php?rest_route=%2Fwp%2Fv2%2Fmedia&parent=6953"}],"wp:term":[{"taxonomy":"category","embeddable":true,"href":"https:\/\/www.socialismoobarbarie.org\/index.php?rest_route=%2Fwp%2Fv2%2Fcategories&post=6953"},{"taxonomy":"post_tag","embeddable":true,"href":"https:\/\/www.socialismoobarbarie.org\/index.php?rest_route=%2Fwp%2Fv2%2Ftags&post=6953"}],"curies":[{"name":"wp","href":"https:\/\/api.w.org\/{rel}","templated":true}]}}