{"id":6956,"date":"2015-12-10T19:53:42","date_gmt":"2015-12-10T22:53:42","guid":{"rendered":"https:\/\/www.socialismoobarbarie.org\/?p=6956"},"modified":"2019-11-20T10:34:49","modified_gmt":"2019-11-20T13:34:49","slug":"primeros-apuntes-del-plenario-nacional-de-5-y-6-de-diciembre","status":"publish","type":"post","link":"https:\/\/www.socialismoobarbarie.org\/?p=6956","title":{"rendered":"Primeros apuntes del Plenario Nacional de 5 y 6 de diciembre"},"content":{"rendered":"<h1>\u201cEl Bauen nos qued\u00f3 chico\u201d<\/h1>\n<p>Esta fue la primera conclusi\u00f3n de las delegaciones de todo el pa\u00eds presentes en el plenario del partido en el Bauen. Con representaci\u00f3n de 18 regionales, 110 delegados, 300 compa\u00f1eros y compa\u00f1eras de la barra siguiendo las deliberaciones, <strong>fue evidente para todos los presentes que nuestro partido ha avanzado en extensi\u00f3n nacional y que se prepara para un salto constructivo en el pr\u00f3ximo periodo<\/strong> (subrayando que se trat\u00f3 del segundo evento nacional del partido en el a\u00f1o luego de la conferencia de marzo pasado).<\/p>\n<p>A continuaci\u00f3n presentaremos algunas de las principales conclusiones del evento, a la espera de una cobertura mayor en las pr\u00f3ximas ediciones.<\/p>\n<p><strong>\u00a0<a href=\"https:\/\/www.mas.org.ar\/wp-content\/uploads\/2015\/12\/juventud.jpg\"><img loading=\"lazy\" decoding=\"async\" class=\"alignnone wp-image-7451 \" src=\"https:\/\/www.mas.org.ar\/wp-content\/uploads\/2015\/12\/juventud.jpg\" alt=\"juventud\" width=\"703\" height=\"465\" \/><\/a><\/strong><\/p>\n<p><strong>Guerra de clases en el horizonte \u00a0<\/strong><\/p>\n<p>El debate gir\u00f3 en torno de algunas definiciones principales: el car\u00e1cter del gobierno que viene, los problemas de la conciencia obrera y el escenario de la lucha de clases para la cual prepararse.<\/p>\n<p>Desde el informe se alert\u00f3 que para desarrollos m\u00e1s generales se requiere de una determinada distancia con los acontecimientos en curso que no podemos tener hoy, pero s\u00ed estar\u00e1n presentes en abril pr\u00f3ximo, cuando realicemos el congreso partidario.<\/p>\n<p>La clave de la discusi\u00f3n estuvo en tomar nota, caracterizar, <strong>que el gobierno de Macri se prepara para lanzar un enorme ataque sobre los trabajadores. <\/strong><\/p>\n<p>Cuando lo definimos no solo como un gobierno que viene a hacer un ajuste sino que, a la vez, tiene una connotaci\u00f3n <strong>reaccionaria<\/strong>, lo que estamos se\u00f1alando es que, independientemente del resultado de la pelea, <strong>de lo que se trata ahora es de prepararse para enfrentar los ataques que vienen. <\/strong><\/p>\n<p>Esto parte de la comprensi\u00f3n de que el gabinete formado por Macri expresa toda una \u201cdeclaraci\u00f3n de intenciones\u201d. Si el bando enemigo prepara un ataque, desconocerlo ser\u00eda una imprudencia, por decir lo menos.<\/p>\n<p>En el plenario llegamos a colocar el ejemplo de la <em>Operaci\u00f3n Barbarroja<\/em> durante la Segunda Guerra Mundial para ejemplificar lo que quer\u00edamos decir. Como es conocido, Hitler le puso en las fronteras a Stalin 3.000.000 de soldados (juntamente con los pertrechos m\u00e1s modernos del armamento militar del momento), lo que evidentemente significaba que el ataque se vendr\u00eda de manera inminente.<\/p>\n<p>Sin embargo, desconociendo estos hechos, e incluso los informes llegados de esp\u00edas que trabajaban para la ex URSS en Alemania y Jap\u00f3n, Stalin se neg\u00f3 a reconocer la realidad, <strong>lo que termin\u00f3 causando enormes p\u00e9rdidas para el pa\u00eds. <\/strong><\/p>\n<p>El desenlace de la guerra fue, finalmente, que la ex URSS derrot\u00f3 al nazismo gracias a la conquista que todav\u00eda subsist\u00eda de las ventajas de la econom\u00eda planificada, y gracias a que los explotados y oprimidos tomaron en sus manos la guerra contra el invasor nazi.<\/p>\n<p>Sin embargo, si Stalin no hubiera desconocido el ataque que se ven\u00eda, no se hubiera perdido la vida de los 3.000.000 de soldados que murieron solo en los primeros seis meses de la guerra.<\/p>\n<p>Conclusi\u00f3n: <strong>cuando se viene un ataque hay prepararse para \u00e9l, independientemente de cualquier \u201celucubraci\u00f3n\u201d que podamos hacer; esa es la primera tarea si no se quiere perder la pelea. <\/strong><\/p>\n<p><strong>\u00a0<img loading=\"lazy\" decoding=\"async\" class=\"alignnone wp-image-7452 \" src=\"https:\/\/www.mas.org.ar\/wp-content\/uploads\/2015\/12\/lista-gris.jpg\" alt=\"lista gris\" width=\"706\" height=\"408\" \/><\/strong><\/p>\n<p><strong>Los avatares de la conciencia obrera<\/strong><\/p>\n<p>El segundo elemento que se destac\u00f3 es lo confundida que arranca la clase trabajadora respecto del car\u00e1cter del gobierno de Macri, sobre todo entre los trabajadores industriales de la zona norte del Gran Buenos Aires y de C\u00f3rdoba, los n\u00facleos obreros m\u00e1s concentrados del pa\u00eds.<\/p>\n<p>En el plenario se avanz\u00f3 en comprender que existi\u00f3 un elemento de \u201cvoto castigo\u201d contra el kirchnerismo de parte de la clase obrera cuando vot\u00f3 a Macri.<\/p>\n<p>No es que los trabajadores no repitieran las mismas motivaciones que cruzan la cabeza de las clases medias (\u201cacabar con la cretina\u201d, \u201cdejar de bancar a los \u00f1oquis\u201d, que \u201cla C\u00e1mpora vaya a trabajar\u201d y cosas por el estilo).<\/p>\n<p>Pero no se debe perder de vista que a la vez, de manera distorsionada, los trabajadores dieron cuenta de que a pesar de que consideran el nivel de empleo actual como una conquista, de todas maneras, gobierne quien gobierne, ellos siguen siendo explotados:<strong> siguen con la rutina de ir a trabajar, siguen \u201cencerrados\u201d en las f\u00e1bricas, siguen siendo, por as\u00ed decirlo, \u201cel \u00faltimo orej\u00f3n del tarro\u201d. <\/strong><\/p>\n<p>No es cualquier cosa para las expectativas de los explotados un gobierno que dura 12 a\u00f1os y que en este aspecto esencial no modifica un \u00e1pice las cosas.<\/p>\n<p>De ah\u00ed que, de manera equivocada, expresando los elementos de su conciencia falsa, creyeran que cualquier otro que venga podr\u00e1 mejorar las cosas.<\/p>\n<p>El reverso de este sentimiento, marcado tambi\u00e9n en el plenario, es que los trabajadores tienen en su haber aspectos muy concretos que consideran parte de sus conquistas.<\/p>\n<p>Es verdad que al comienzo del gobierno de Macri las cosas no ser\u00e1n tan simples; sobre todo si logra el apoyo de la burocracia sindical, especialista en garantizar la gobernabilidad. De ser esto as\u00ed, las primeras luchas ser\u00e1n seguramente muy duras y de vanguardia.<\/p>\n<p>Pero de todos modos, en alg\u00fan momento llegar\u00e1 la \u201chora de la verdad\u201d. Varios compa\u00f1eros obreros del partido plantearon que cre\u00edan que dicho momento llegar\u00e1 con las paritarias: <strong>ah\u00ed s\u00ed podr\u00edan desatarse luchas m\u00e1s de conjunto cuando los trabajadores sientan afectado directamente su bolsillo.<\/strong><\/p>\n<p>Es decir, como se se\u00f1alaba en el documento preparatorio del plenario nacional, una cosa es que a los trabajadores les cueste tener conciencia de sus intereses hist\u00f3ricos como clase, y otra muy distinta que no tengan <strong>una fina conciencia de sus intereses inmediatos. <\/strong><\/p>\n<p>El gobierno de Macri intentar\u00e1 hacer valer un elemento contra el otro, intentar\u00e1 apoyarse en la legitimidad electoral obtenida para pasar por arriba de las conquistas de los trabajadores; de todas maneras, la cosa no le resultar\u00e1 tan sencilla: la clase trabajadora viene de una recuperaci\u00f3n estructural en la \u00faltima d\u00e9cada y sin mayores derrotas; las que han ocurrido en el \u00faltimo periodo, incluso graves como las de Gestamp y Lear, han sido mayormente de vanguardia, <strong>no de la clase en su conjunto. <\/strong><\/p>\n<p>Es esta realidad la que augura grandes enfrentamientos en el horizonte, horizonte para el cual los trabajadores, la izquierda clasista y nuestro partido debemos prepararnos.<\/p>\n<p><strong>Analog\u00edas hist\u00f3ricas <\/strong><\/p>\n<p>Si bien en el plenario se insisti\u00f3 en esperar un tiempo para dar definiciones categ\u00f3ricas, el segundo elemento subrayado fue el otro polo de la relaci\u00f3n de fuerzas. Por un lado, el gobierno reaccionario con la legitimidad obtenida, <strong>por el otro el problema de que las relaciones de fuerzas no han sido saldadas en la lucha de clases directa. <\/strong><\/p>\n<p>En este punto el plenario apel\u00f3 a una serie de analog\u00edas hist\u00f3ricas, a modo ilustrativo. Por ejemplo, la comparaci\u00f3n con el menemismo.<\/p>\n<p>Compa\u00f1eros delegados recordaron c\u00f3mo en los primeros a\u00f1os de Menem hubo grandes luchas: el destino no estaba sellado, ocurrieron dos grandes hiperinflaciones (trauma social que facilit\u00f3 la tarea del ajuste) pero tambi\u00e9n grandes luchas como las de los ferroviarios, docentes, telef\u00f3nicos, sider\u00fargicos, etc\u00e9tera, luchas dirigidas por la burocracia sindical que las llev\u00f3 a la derrota.<\/p>\n<p>Pues bien: no es tan simple llevar al terreno de la lucha de clases un resultado electoral; incluso si ese resultado viene acompa\u00f1ado por una serie de desarrollos similares en el resto de la regi\u00f3n y es acompa\u00f1ado de una coyuntura mundial desfavorable.<\/p>\n<p>Tambi\u00e9n se remarc\u00f3 la falta de \u201ccintura pol\u00edtica\u201d del gabinete de Macri, la preocupaci\u00f3n reflejada por analistas burgueses como Orlando Ferreres acerca de la <strong>\u201cfalta de verdaderos pol\u00edticos en su gabinete\u201d. <\/strong><\/p>\n<p>Macri gan\u00f3 y tiene el gobierno en sus manos. Pero su triunfo electoral estuvo lej\u00edsimos de ser por \u201cabrumadora mayor\u00eda\u201d y, m\u00e1s all\u00e1 del papel que vaya a cumplir el kirchnerismo (ver editorial en esta misma edici\u00f3n), <strong>las fuerzas deben a\u00fan ser probadas. \u00a0\u00a0\u00a0<\/strong><\/p>\n<p><strong>\u00a0<\/strong><\/p>\n<p><a href=\"https:\/\/www.mas.org.ar\/wp-content\/uploads\/2015\/12\/mesa.jpg\"><img loading=\"lazy\" decoding=\"async\" class=\"alignnone wp-image-7453 \" src=\"https:\/\/www.mas.org.ar\/wp-content\/uploads\/2015\/12\/mesa.jpg\" alt=\"mesa\" width=\"699\" height=\"466\" \/><\/a><\/p>\n<p><strong>La hip\u00f3tesis de una radicalizaci\u00f3n en la experiencia de lucha \u00a0<\/strong><\/p>\n<p>&nbsp;<\/p>\n<p>La definici\u00f3n m\u00e1s importante del plenario, en definitiva, fue la del centro de nuestra pol\u00edtica: se acab\u00f3 la pol\u00edtica del ni\/ni: se trata de concentrar la pelea en derrotar al gobierno de Macri.<\/p>\n<p>Que se entienda bien: no solamente derrotar su ajuste, obvio aspecto central de la pelea, <strong>sino de derrotarlo de conjunto de manera de reabrir el ciclo que Macri pretende venir a clausurar. <\/strong><\/p>\n<p>Adem\u00e1s, dado el car\u00e1cter de gobierno representante directo de los empresarios, y dado su car\u00e1cter reaccionario, <strong>podr\u00eda llevar a una radicalizaci\u00f3n y experiencia m\u00e1s profundas de amplios sectores que la ocurrida bajo los K. <\/strong><\/p>\n<p>Es verdad que atendiendo al rol del kirchnerismo, habr\u00e1 que ver si este emerge, nuevamente, como una nueva mediaci\u00f3n. Por lo pronto, dado el car\u00e1cter burgu\u00e9s de esta corriente, ser\u00eda un grave error oportunista esperar que desde sus filas venga la verdadera oposici\u00f3n a Macri (otro cosa es que hay que dialogar con su base social, tener una pol\u00edtica de exigencias y denuncias en relaci\u00f3n a ella).<\/p>\n<p>En todo caso, de lo que se trata para los revolucionarios no es dar \u201cgrandes batallas parlamentarias\u201d (como de manera oportunista parece haber definido el PO), o tener referencias caprichosas y autoproclamatorias que impidan unificar las peleas (PTS), sino colocar el centro de nuestra pol\u00edtica en la lucha de clases: <strong>impulsar la m\u00e1s amplia unidad de acci\u00f3n al tiempo que se redoblan los esfuerzos por la realizaci\u00f3n de un encuentro nacional unificado de los trabajadores contra el ajuste.\u00a0\u00a0 <\/strong><\/p>\n<p><strong>Hacia un salto cualitativo del nuevo MAS<\/strong><\/p>\n<p>En el plenario nacional se tomaron una serie de resoluciones pol\u00edticas y de construcci\u00f3n. <strong>Lo que se \u201crespir\u00f3\u201d en el plenario es que nuestro partido est\u00e1 m\u00e1s cerca de un salto cualitativo como organizaci\u00f3n. <\/strong><\/p>\n<p>No es algo f\u00e1cil. Siguen por delante multiplicados esfuerzos por nuestra inserci\u00f3n obrera y laboral (\u00a1aunque el plenario tambi\u00e9n verific\u00f3 avances en este sentido!), multiplicar la extensi\u00f3n estudiantil, as\u00ed como avanzar en la formaci\u00f3n en las luchas de toda la nueva generaci\u00f3n partidaria que se ha sumado a nuestras filas, sin olvidarnos de la defensa de nuestra legalidad nacional (\u00a1que tambi\u00e9n ser\u00e1 un \u00edndice de crecimiento, apuntando a superar la decena de legalidades!).<\/p>\n<p>En todo caso, como \u201cno hay mal que por bien no venga\u201d, <strong>el vuelco a un ciclo de luchas endurecido en el pr\u00f3ximo periodo puede ser una escuela para la formaci\u00f3n en la lucha de clases directa de nuestra militancia. <\/strong><\/p>\n<p>En otro orden de cosas, el plenario tomo nota de que terminamos el 2015 con el enorme triunfo de los 100.000 votos obtenidos en las PASO, la proyecci\u00f3n nacional de una figura como la de Manuela, la conquista de la interna de la Pilkington, la hist\u00f3rica delegaci\u00f3n de nuestras compa\u00f1eras de Las Rojas al encuentro en Mar del Plata, todo lo que explica el salto en las filas militantes que estamos experimentando, y que el plenario rebozante de compa\u00f1eros y compa\u00f1eras en el Bauen expres\u00f3.<\/p>\n<p><strong>\u00a1Definitivamente los salones del Bauen nos han quedado chicos!\u00a0\u00a0 <\/strong><\/p>\n<h2>Voces del plenario nacional del Nuevo MAS<\/h2>\n<p><a href=\"https:\/\/www.mas.org.ar\/wp-content\/uploads\/2015\/12\/mesa.jpg\"><img loading=\"lazy\" decoding=\"async\" class=\"alignnone wp-image-7453 \" src=\"https:\/\/www.mas.org.ar\/wp-content\/uploads\/2015\/12\/mesa.jpg\" alt=\"mesa\" width=\"698\" height=\"465\" \/><\/a><\/p>\n<p><span style=\"text-decoration: underline;\">Jorge \u201cChupete\u201d Ayala<\/span><\/p>\n<p>Todas las expectativas est\u00e1n en el Plenario. Prepar\u00e1ndonos para lo que venimos analizando, el futuro ajuste macrista, porque es evidente que el macrismo viene para ajustar a los trabajadores, a los sectores m\u00e1s d\u00e9biles, m\u00e1s vulnerables. Desde el partido, como revolucionarios, nos preparamos para lo que estamos caracterizando como una guerra de clases, decimos. Se va a ver reflejado en los lugares de trabajo, con respecto a la movilizaci\u00f3n tambi\u00e9n, si es que nos tocan alguna concesi\u00f3n que hicieron justamente a estos sectores vulnerables que estamos diciendo. El Plenario nos est\u00e1 armando justamente para esta guerra, pero m\u00e1s que nada justamente pensando c\u00f3mo va a responder la clase trabajadora. Prepar\u00e1ndonos para lo que se viene.<\/p>\n<p><span style=\"text-decoration: underline;\">Marcos MDP<\/span><\/p>\n<p>Este Plenario tiene una importancia muy grande, ya que estamos en una nueva etapa. Se termin\u00f3 la era del kirchnerismo, vamos a una \u00e9poca mucho m\u00e1s aguda, de enfrentamientos m\u00e1s duros de clase contra clase, as\u00ed que tambi\u00e9n la importancia de discutir con todos los compa\u00f1eros del partido a nivel nacional. Teniendo en cuenta que la elaboraci\u00f3n pol\u00edtica la hacemos de conjunto y que la construcci\u00f3n partidaria tambi\u00e9n la hacemos de conjunto. Y tambi\u00e9n educar en c\u00f3mo salir a enfrentar este dur\u00edsimo ajuste que se viene con el macrismo, que ya el gabinete est\u00e1 reflejando la pol\u00edtica que quiere implementar Macri. De todas formas, la agenda que quiere implementar va a tener que pasar por la prueba de la realidad, la lucha de clases, en la cual, discutiendo con compa\u00f1eros, sobre todo de otras organizaciones, yo digo que no es volver a los 90, teniendo en cuenta que hay una recomposici\u00f3n obrera a partir de lo que fue la rebeli\u00f3n del 2001. Hay una posici\u00f3n ganada por los trabajadores y es esta recomposici\u00f3n obrera la que va a tener que hacer frente y probar tambi\u00e9n en la realidad para que no pase el duro ajuste de Macri. Lo importante es seguir discutiendo con todos los compa\u00f1eros c\u00f3mo salimos a enfrentar justamente eso, buscando la m\u00e1s amplia unidad en todas las luchas, de cara a lo que se viene.<\/p>\n<p><span style=\"text-decoration: underline;\">Manuela Casta\u00f1eira<\/span><\/p>\n<p>Estamos en el Plenario Nacional del Nuevo MAS que viene siendo un \u00e9xito, con centenares de compa\u00f1eros y compa\u00f1eras de todo el pa\u00eds. Un verdadero orgullo haber podido poner en pie un evento nacional de estas caracter\u00edsticas. Y tiene que ver con que el Nuevo MAS es muy responsable y se prepara para enfrentar al gobierno que viene. Hemos venido haciendo un an\u00e1lisis muy exhaustivo del tipo de gabinete con el cual Macri intenta gobernar la Argentina: un gabinete al servicio del imperialismo, de los holdouts, de todo lo m\u00e1s granado de la burgues\u00eda, de los sectores m\u00e1s rancios del empresariado argentino puestos a gobernar. Eso es un gabinete, por parte del macrismo, para ir a la guerra contra la clase trabajadora y los sectores populares. Desde el Nuevo MAS entendemos que hay que alertar a estos sectores: a los trabajadores, a las mujeres, a la juventud, que se han\u00a0 movilizado a lo largo de esta d\u00e9cada sobre qu\u00e9 caracter\u00edsticas tiene el gobierno de Macri y qu\u00e9 busca hacer. Desde ese punto de vista, al discusi\u00f3n viene siendo muy interesante, hay much\u00edsimas representaciones sindicales de trabajadores, del movimiento obrero, de estatales, docentes, estudiantiles, del movimiento de mujeres, que est\u00e1n mostrando c\u00f3mo sus sectores empiezan a dar la discusi\u00f3n para prepararse para esta situaci\u00f3n. Es muy interesante escuchara a los compa\u00f1eros trabajadores de las distintas zonas industriales de nuestro pa\u00eds: la Zona Norte de la Provincia de Buenos Aires, de C\u00f3rdoba, de la zona del cord\u00f3n de San Lorenzo, Rosario, Villa Constituci\u00f3n. Muy interesante c\u00f3mo discuten ya con sus compa\u00f1eros si ven que las burocracias, toda esa direcci\u00f3n sindical tradicional se acomoda para permitirle una gobernabilidad al macrismo y a todos no s\u00f3lo para imponer un ajuste, sino imponer nuevas coordenadas en la vida pol\u00edtica argentina, que es un gobierno mucho m\u00e1s conservador. No se trata s\u00f3lo del ajuste. Van m\u00e1s all\u00e1 que ajustar, que es imponer una Argentina m\u00e1s neoliberal, m\u00e1s hacia la derecha, con bajos salarios, con pocas conquistas democr\u00e1ticas.<\/p>\n<p>Vamos a enfrentar esta situaci\u00f3n, porque este Plenario tambi\u00e9n refleja que vivimos en el pa\u00eds del Argentinazo, vivimos en el pa\u00eds de los paros generales, en un pa\u00eds con mucha tradici\u00f3n de la clase obrera, donde tambi\u00e9n otros movimientos se suman a la lucha. Como fue este a\u00f1o el caso del NiUnaMenos en nuestro pa\u00eds o el Estudiantazo hace unos a\u00f1os nada m\u00e1s. Sobre todo eso nos vamos a apoyar y desde ese punto de vista, otra de las discusiones important\u00edsimas de este Plenario es un llamamiento al FIT a que d\u00e9 cuenta de esta nueva situaci\u00f3n, se ubique y junto al Nuevo MAS llame a Encuentros obreros de base para poder coordinar a los trabajadores y a las distintas internas a que salgan a enfrentar las condiciones que el macrismo quiere imponer a los trabajadores y a los de abajo en general. As\u00ed que, desde ese punto de vista, han sido muy interesantes las discusiones de este primer d\u00eda y nos seguimos preparando para cuando asuma el macrismo y el gobierno que viene. Para defender con u\u00f1as y dientes los derechos de los de abajo. Y todo esto con una perspectiva de cuestionarlo todo y revolucionarlo. Seguimos manteniendo que una alternativa socialista es necesaria para nuestro pa\u00eds y nuestra regi\u00f3n.<\/p>\n<p><span style=\"text-decoration: underline;\"><strong>Iara Carmona<\/strong><\/span><\/p>\n<p>Como mi primera experiencia en el Plenario del Nuevo MAS, nuevamente reiterar lo que hace hincapi\u00e9 el partido en la lucha de las clases, en enfrentar el gobierno que viene, sin importar de qu\u00e9 partido vengan. Todos los que est\u00e9n dispuestos para luchar, estar ah\u00ed acompa\u00f1ando la lucha de clases. Me pareci\u00f3 el Plenario muy interesante porque escuch\u00e9 a un mont\u00f3n de trabajadores, de sus experiencias en el trabajo y de lucha que tienen y de alguna forma, como que nos simpatiza en el sentido de que estamos todos bastante unidos y dispuestos y prepar\u00e1ndonos para lo que se venga.<\/p>\n<p><span style=\"text-decoration: underline;\"><strong>Marina Hidalgo<\/strong><\/span><\/p>\n<p>Estamos en el plenario de Nuevo MAS porque nos pareci\u00f3 una necesidad poder juntarnos para pensar y empezar a prepararnos para enfrentar este nuevo ciclo que va a encarnar este gobierno reaccionario de Macri que ya anunci\u00f3 que va a tacar a los trabajadores en primer lugar. Yo soy delegada estatal, tenemos adem\u00e1s el problema que vamos a ser los primeros en recibir los golpes del ajuste de este gobierno. Macri y todo su gabinete ya avisaron que \u201csobran\u201d miles de trabajadores; lo cierto es que no se est\u00e1n preparando para sacarse de encima a los \u201c\u00f1oquis\u201d, a las patotas que ellos tienen en el sindicato, sino a los trabajadores y los activistas que queremos enfrentar el ajuste. Obviamente, como trabajadores estatales no contamos con el apoyo del sindicato, ya todas las burocracias nos han advertido que se est\u00e1n alineando con el gobierno o que se van a tomar vacaciones de ac\u00e1 a marzo y van a esperar a ver qu\u00e9 pasa, as\u00ed que esto nos pone con la responsabilidad de salir a\u00a0 prepararnos para derrotar este gobierno.<\/p>\n<p>&nbsp;<\/p>\n","protected":false},"excerpt":{"rendered":"<p>\u201cEl Bauen nos qued\u00f3 chico\u201d Esta fue la primera conclusi\u00f3n de las delegaciones de todo el pa\u00eds presentes en el plenario del partido en el Bauen. Con representaci\u00f3n de 18 regionales, 110 delegados, 300 compa\u00f1eros y compa\u00f1eras de la barra siguiendo las deliberaciones, fue evidente para todos los presentes que nuestro partido ha avanzado en [&hellip;]<\/p>\n","protected":false},"author":8,"featured_media":6957,"comment_status":"closed","ping_status":"closed","sticky":false,"template":"","format":"standard","meta":{"footnotes":""},"categories":[122,1656],"tags":[1405,49,25],"class_list":{"0":"post-6956","1":"post","2":"type-post","3":"status-publish","4":"format-standard","5":"has-post-thumbnail","7":"category-america-latina-y-el-caribe","8":"category-argentina","9":"tag-edicion-11","10":"tag-jose-luis-rojo","11":"tag-nuevo-mas"},"yoast_head":"<!-- This site is optimized with the Yoast SEO plugin v27.5 - https:\/\/yoast.com\/product\/yoast-seo-wordpress\/ -->\n<title>Primeros apuntes del Plenario Nacional de 5 y 6 de diciembre - Socialismo o Barbarie<\/title>\n<meta name=\"robots\" content=\"index, follow, max-snippet:-1, max-image-preview:large, max-video-preview:-1\" \/>\n<link rel=\"canonical\" href=\"https:\/\/www.socialismoobarbarie.org\/?p=6956\" \/>\n<meta property=\"og:locale\" content=\"es_ES\" \/>\n<meta property=\"og:type\" content=\"article\" \/>\n<meta property=\"og:title\" content=\"Primeros apuntes del Plenario Nacional de 5 y 6 de diciembre - Socialismo o Barbarie\" \/>\n<meta property=\"og:description\" content=\"\u201cEl Bauen nos qued\u00f3 chico\u201d Esta fue la primera conclusi\u00f3n de las delegaciones de todo el pa\u00eds presentes en el plenario del partido en el Bauen. Con representaci\u00f3n de 18 regionales, 110 delegados, 300 compa\u00f1eros y compa\u00f1eras de la barra siguiendo las deliberaciones, fue evidente para todos los presentes que nuestro partido ha avanzado en [&hellip;]\" \/>\n<meta property=\"og:url\" content=\"https:\/\/www.socialismoobarbarie.org\/?p=6956\" \/>\n<meta property=\"og:site_name\" content=\"Socialismo o Barbarie\" \/>\n<meta property=\"article:published_time\" content=\"2015-12-10T22:53:42+00:00\" \/>\n<meta property=\"article:modified_time\" content=\"2019-11-20T13:34:49+00:00\" \/>\n<meta property=\"og:image\" content=\"https:\/\/www.socialismoobarbarie.org\/wp-content\/uploads\/2015\/12\/plenario-nacional-e1449762041461.jpg\" \/>\n\t<meta property=\"og:image:width\" content=\"700\" \/>\n\t<meta property=\"og:image:height\" content=\"337\" \/>\n\t<meta property=\"og:image:type\" content=\"image\/jpeg\" \/>\n<meta name=\"author\" content=\"SOB\" \/>\n<meta name=\"twitter:card\" content=\"summary_large_image\" \/>\n<meta name=\"twitter:label1\" content=\"Escrito por\" \/>\n\t<meta name=\"twitter:data1\" content=\"SOB\" \/>\n\t<meta name=\"twitter:label2\" content=\"Tiempo de lectura\" \/>\n\t<meta name=\"twitter:data2\" content=\"16 minutos\" \/>\n<script type=\"application\/ld+json\" class=\"yoast-schema-graph\">{\"@context\":\"https:\\\/\\\/schema.org\",\"@graph\":[{\"@type\":\"Article\",\"@id\":\"https:\\\/\\\/www.socialismoobarbarie.org\\\/?p=6956#article\",\"isPartOf\":{\"@id\":\"https:\\\/\\\/www.socialismoobarbarie.org\\\/?p=6956\"},\"author\":{\"name\":\"SOB\",\"@id\":\"https:\\\/\\\/www.socialismoobarbarie.org\\\/#\\\/schema\\\/person\\\/bc1c3b321d47ed092405949c77e35a8e\"},\"headline\":\"Primeros apuntes del Plenario Nacional de 5 y 6 de diciembre\",\"datePublished\":\"2015-12-10T22:53:42+00:00\",\"dateModified\":\"2019-11-20T13:34:49+00:00\",\"mainEntityOfPage\":{\"@id\":\"https:\\\/\\\/www.socialismoobarbarie.org\\\/?p=6956\"},\"wordCount\":3154,\"publisher\":{\"@id\":\"https:\\\/\\\/www.socialismoobarbarie.org\\\/#organization\"},\"image\":{\"@id\":\"https:\\\/\\\/www.socialismoobarbarie.org\\\/?p=6956#primaryimage\"},\"thumbnailUrl\":\"https:\\\/\\\/www.socialismoobarbarie.org\\\/wp-content\\\/uploads\\\/2015\\\/12\\\/plenario-nacional-e1449762041461.jpg\",\"keywords\":[\"Edicion 11\",\"Jos\u00e9 Luis Rojo\",\"Nuevo MAS\"],\"articleSection\":[\"Am\u00e9rica Latina\",\"Argentina\"],\"inLanguage\":\"es\"},{\"@type\":\"WebPage\",\"@id\":\"https:\\\/\\\/www.socialismoobarbarie.org\\\/?p=6956\",\"url\":\"https:\\\/\\\/www.socialismoobarbarie.org\\\/?p=6956\",\"name\":\"Primeros apuntes del Plenario Nacional de 5 y 6 de diciembre - Socialismo o Barbarie\",\"isPartOf\":{\"@id\":\"https:\\\/\\\/www.socialismoobarbarie.org\\\/#website\"},\"primaryImageOfPage\":{\"@id\":\"https:\\\/\\\/www.socialismoobarbarie.org\\\/?p=6956#primaryimage\"},\"image\":{\"@id\":\"https:\\\/\\\/www.socialismoobarbarie.org\\\/?p=6956#primaryimage\"},\"thumbnailUrl\":\"https:\\\/\\\/www.socialismoobarbarie.org\\\/wp-content\\\/uploads\\\/2015\\\/12\\\/plenario-nacional-e1449762041461.jpg\",\"datePublished\":\"2015-12-10T22:53:42+00:00\",\"dateModified\":\"2019-11-20T13:34:49+00:00\",\"breadcrumb\":{\"@id\":\"https:\\\/\\\/www.socialismoobarbarie.org\\\/?p=6956#breadcrumb\"},\"inLanguage\":\"es\",\"potentialAction\":[{\"@type\":\"ReadAction\",\"target\":[\"https:\\\/\\\/www.socialismoobarbarie.org\\\/?p=6956\"]}]},{\"@type\":\"ImageObject\",\"inLanguage\":\"es\",\"@id\":\"https:\\\/\\\/www.socialismoobarbarie.org\\\/?p=6956#primaryimage\",\"url\":\"https:\\\/\\\/www.socialismoobarbarie.org\\\/wp-content\\\/uploads\\\/2015\\\/12\\\/plenario-nacional-e1449762041461.jpg\",\"contentUrl\":\"https:\\\/\\\/www.socialismoobarbarie.org\\\/wp-content\\\/uploads\\\/2015\\\/12\\\/plenario-nacional-e1449762041461.jpg\",\"width\":700,\"height\":337},{\"@type\":\"BreadcrumbList\",\"@id\":\"https:\\\/\\\/www.socialismoobarbarie.org\\\/?p=6956#breadcrumb\",\"itemListElement\":[{\"@type\":\"ListItem\",\"position\":1,\"name\":\"Portada\",\"item\":\"https:\\\/\\\/www.socialismoobarbarie.org\\\/\"},{\"@type\":\"ListItem\",\"position\":2,\"name\":\"Primeros apuntes del Plenario Nacional de 5 y 6 de diciembre\"}]},{\"@type\":\"WebSite\",\"@id\":\"https:\\\/\\\/www.socialismoobarbarie.org\\\/#website\",\"url\":\"https:\\\/\\\/www.socialismoobarbarie.org\\\/\",\"name\":\"Socialismo o Barbarie\",\"description\":\"Sitio web de la corriente internacional Socialismo o Barbarie\",\"publisher\":{\"@id\":\"https:\\\/\\\/www.socialismoobarbarie.org\\\/#organization\"},\"potentialAction\":[{\"@type\":\"SearchAction\",\"target\":{\"@type\":\"EntryPoint\",\"urlTemplate\":\"https:\\\/\\\/www.socialismoobarbarie.org\\\/?s={search_term_string}\"},\"query-input\":{\"@type\":\"PropertyValueSpecification\",\"valueRequired\":true,\"valueName\":\"search_term_string\"}}],\"inLanguage\":\"es\"},{\"@type\":\"Organization\",\"@id\":\"https:\\\/\\\/www.socialismoobarbarie.org\\\/#organization\",\"name\":\"Socialismo o Barbarie\",\"url\":\"https:\\\/\\\/www.socialismoobarbarie.org\\\/\",\"logo\":{\"@type\":\"ImageObject\",\"inLanguage\":\"es\",\"@id\":\"https:\\\/\\\/www.socialismoobarbarie.org\\\/#\\\/schema\\\/logo\\\/image\\\/\",\"url\":\"https:\\\/\\\/www.socialismoobarbarie.org\\\/wp-content\\\/uploads\\\/2025\\\/02\\\/soblogoweb-2025.png\",\"contentUrl\":\"https:\\\/\\\/www.socialismoobarbarie.org\\\/wp-content\\\/uploads\\\/2025\\\/02\\\/soblogoweb-2025.png\",\"width\":450,\"height\":161,\"caption\":\"Socialismo o Barbarie\"},\"image\":{\"@id\":\"https:\\\/\\\/www.socialismoobarbarie.org\\\/#\\\/schema\\\/logo\\\/image\\\/\"}},{\"@type\":\"Person\",\"@id\":\"https:\\\/\\\/www.socialismoobarbarie.org\\\/#\\\/schema\\\/person\\\/bc1c3b321d47ed092405949c77e35a8e\",\"name\":\"SOB\",\"url\":\"https:\\\/\\\/www.socialismoobarbarie.org\\\/?author=8\"}]}<\/script>\n<!-- \/ Yoast SEO plugin. -->","yoast_head_json":{"title":"Primeros apuntes del Plenario Nacional de 5 y 6 de diciembre - Socialismo o Barbarie","robots":{"index":"index","follow":"follow","max-snippet":"max-snippet:-1","max-image-preview":"max-image-preview:large","max-video-preview":"max-video-preview:-1"},"canonical":"https:\/\/www.socialismoobarbarie.org\/?p=6956","og_locale":"es_ES","og_type":"article","og_title":"Primeros apuntes del Plenario Nacional de 5 y 6 de diciembre - Socialismo o Barbarie","og_description":"\u201cEl Bauen nos qued\u00f3 chico\u201d Esta fue la primera conclusi\u00f3n de las delegaciones de todo el pa\u00eds presentes en el plenario del partido en el Bauen. Con representaci\u00f3n de 18 regionales, 110 delegados, 300 compa\u00f1eros y compa\u00f1eras de la barra siguiendo las deliberaciones, fue evidente para todos los presentes que nuestro partido ha avanzado en [&hellip;]","og_url":"https:\/\/www.socialismoobarbarie.org\/?p=6956","og_site_name":"Socialismo o Barbarie","article_published_time":"2015-12-10T22:53:42+00:00","article_modified_time":"2019-11-20T13:34:49+00:00","og_image":[{"width":700,"height":337,"url":"https:\/\/www.socialismoobarbarie.org\/wp-content\/uploads\/2015\/12\/plenario-nacional-e1449762041461.jpg","type":"image\/jpeg"}],"author":"SOB","twitter_card":"summary_large_image","twitter_misc":{"Escrito por":"SOB","Tiempo de lectura":"16 minutos"},"schema":{"@context":"https:\/\/schema.org","@graph":[{"@type":"Article","@id":"https:\/\/www.socialismoobarbarie.org\/?p=6956#article","isPartOf":{"@id":"https:\/\/www.socialismoobarbarie.org\/?p=6956"},"author":{"name":"SOB","@id":"https:\/\/www.socialismoobarbarie.org\/#\/schema\/person\/bc1c3b321d47ed092405949c77e35a8e"},"headline":"Primeros apuntes del Plenario Nacional de 5 y 6 de diciembre","datePublished":"2015-12-10T22:53:42+00:00","dateModified":"2019-11-20T13:34:49+00:00","mainEntityOfPage":{"@id":"https:\/\/www.socialismoobarbarie.org\/?p=6956"},"wordCount":3154,"publisher":{"@id":"https:\/\/www.socialismoobarbarie.org\/#organization"},"image":{"@id":"https:\/\/www.socialismoobarbarie.org\/?p=6956#primaryimage"},"thumbnailUrl":"https:\/\/www.socialismoobarbarie.org\/wp-content\/uploads\/2015\/12\/plenario-nacional-e1449762041461.jpg","keywords":["Edicion 11","Jos\u00e9 Luis Rojo","Nuevo MAS"],"articleSection":["Am\u00e9rica Latina","Argentina"],"inLanguage":"es"},{"@type":"WebPage","@id":"https:\/\/www.socialismoobarbarie.org\/?p=6956","url":"https:\/\/www.socialismoobarbarie.org\/?p=6956","name":"Primeros apuntes del Plenario Nacional de 5 y 6 de diciembre - Socialismo o Barbarie","isPartOf":{"@id":"https:\/\/www.socialismoobarbarie.org\/#website"},"primaryImageOfPage":{"@id":"https:\/\/www.socialismoobarbarie.org\/?p=6956#primaryimage"},"image":{"@id":"https:\/\/www.socialismoobarbarie.org\/?p=6956#primaryimage"},"thumbnailUrl":"https:\/\/www.socialismoobarbarie.org\/wp-content\/uploads\/2015\/12\/plenario-nacional-e1449762041461.jpg","datePublished":"2015-12-10T22:53:42+00:00","dateModified":"2019-11-20T13:34:49+00:00","breadcrumb":{"@id":"https:\/\/www.socialismoobarbarie.org\/?p=6956#breadcrumb"},"inLanguage":"es","potentialAction":[{"@type":"ReadAction","target":["https:\/\/www.socialismoobarbarie.org\/?p=6956"]}]},{"@type":"ImageObject","inLanguage":"es","@id":"https:\/\/www.socialismoobarbarie.org\/?p=6956#primaryimage","url":"https:\/\/www.socialismoobarbarie.org\/wp-content\/uploads\/2015\/12\/plenario-nacional-e1449762041461.jpg","contentUrl":"https:\/\/www.socialismoobarbarie.org\/wp-content\/uploads\/2015\/12\/plenario-nacional-e1449762041461.jpg","width":700,"height":337},{"@type":"BreadcrumbList","@id":"https:\/\/www.socialismoobarbarie.org\/?p=6956#breadcrumb","itemListElement":[{"@type":"ListItem","position":1,"name":"Portada","item":"https:\/\/www.socialismoobarbarie.org\/"},{"@type":"ListItem","position":2,"name":"Primeros apuntes del Plenario Nacional de 5 y 6 de diciembre"}]},{"@type":"WebSite","@id":"https:\/\/www.socialismoobarbarie.org\/#website","url":"https:\/\/www.socialismoobarbarie.org\/","name":"Socialismo o Barbarie","description":"Sitio web de la corriente internacional Socialismo o Barbarie","publisher":{"@id":"https:\/\/www.socialismoobarbarie.org\/#organization"},"potentialAction":[{"@type":"SearchAction","target":{"@type":"EntryPoint","urlTemplate":"https:\/\/www.socialismoobarbarie.org\/?s={search_term_string}"},"query-input":{"@type":"PropertyValueSpecification","valueRequired":true,"valueName":"search_term_string"}}],"inLanguage":"es"},{"@type":"Organization","@id":"https:\/\/www.socialismoobarbarie.org\/#organization","name":"Socialismo o Barbarie","url":"https:\/\/www.socialismoobarbarie.org\/","logo":{"@type":"ImageObject","inLanguage":"es","@id":"https:\/\/www.socialismoobarbarie.org\/#\/schema\/logo\/image\/","url":"https:\/\/www.socialismoobarbarie.org\/wp-content\/uploads\/2025\/02\/soblogoweb-2025.png","contentUrl":"https:\/\/www.socialismoobarbarie.org\/wp-content\/uploads\/2025\/02\/soblogoweb-2025.png","width":450,"height":161,"caption":"Socialismo o Barbarie"},"image":{"@id":"https:\/\/www.socialismoobarbarie.org\/#\/schema\/logo\/image\/"}},{"@type":"Person","@id":"https:\/\/www.socialismoobarbarie.org\/#\/schema\/person\/bc1c3b321d47ed092405949c77e35a8e","name":"SOB","url":"https:\/\/www.socialismoobarbarie.org\/?author=8"}]}},"_links":{"self":[{"href":"https:\/\/www.socialismoobarbarie.org\/index.php?rest_route=\/wp\/v2\/posts\/6956","targetHints":{"allow":["GET"]}}],"collection":[{"href":"https:\/\/www.socialismoobarbarie.org\/index.php?rest_route=\/wp\/v2\/posts"}],"about":[{"href":"https:\/\/www.socialismoobarbarie.org\/index.php?rest_route=\/wp\/v2\/types\/post"}],"author":[{"embeddable":true,"href":"https:\/\/www.socialismoobarbarie.org\/index.php?rest_route=\/wp\/v2\/users\/8"}],"replies":[{"embeddable":true,"href":"https:\/\/www.socialismoobarbarie.org\/index.php?rest_route=%2Fwp%2Fv2%2Fcomments&post=6956"}],"version-history":[{"count":1,"href":"https:\/\/www.socialismoobarbarie.org\/index.php?rest_route=\/wp\/v2\/posts\/6956\/revisions"}],"predecessor-version":[{"id":6958,"href":"https:\/\/www.socialismoobarbarie.org\/index.php?rest_route=\/wp\/v2\/posts\/6956\/revisions\/6958"}],"wp:featuredmedia":[{"embeddable":true,"href":"https:\/\/www.socialismoobarbarie.org\/index.php?rest_route=\/wp\/v2\/media\/6957"}],"wp:attachment":[{"href":"https:\/\/www.socialismoobarbarie.org\/index.php?rest_route=%2Fwp%2Fv2%2Fmedia&parent=6956"}],"wp:term":[{"taxonomy":"category","embeddable":true,"href":"https:\/\/www.socialismoobarbarie.org\/index.php?rest_route=%2Fwp%2Fv2%2Fcategories&post=6956"},{"taxonomy":"post_tag","embeddable":true,"href":"https:\/\/www.socialismoobarbarie.org\/index.php?rest_route=%2Fwp%2Fv2%2Ftags&post=6956"}],"curies":[{"name":"wp","href":"https:\/\/api.w.org\/{rel}","templated":true}]}}