{"id":7160,"date":"2016-01-28T18:48:06","date_gmt":"2016-01-28T21:48:06","guid":{"rendered":"https:\/\/www.socialismoobarbarie.org\/?p=7160"},"modified":"2018-07-12T19:18:44","modified_gmt":"2018-07-12T22:18:44","slug":"macri-en-davos-si-mis-amos","status":"publish","type":"post","link":"https:\/\/www.socialismoobarbarie.org\/?p=7160","title":{"rendered":"Macri en Davos \u2013 \u201cSi, mis amos\u201d"},"content":{"rendered":"<p>El regreso de un presidente argentino al Foro Econ\u00f3mico Mundial de Davos, Suiza, cita obligada del establishment imperialista global, despu\u00e9s de m\u00e1s de una d\u00e9cada, dej\u00f3 poco saldo contante y sonante, algunas promesas y sobre todo una se\u00f1al simb\u00f3lica: <strong>Macri se propone llevar al redil de los pa\u00edses poderosos a la oveja que hab\u00eda \u201cdescarriado\u201d el kirchnerismo<\/strong>.<\/p>\n<p>Algunos analistas opositores se regodeaban con lo magro de la cosecha concreta que se llev\u00f3 Macri despu\u00e9s de una cargad\u00edsima agenda de reuniones con CEOs de grandes empresas multinacionales, as\u00ed como algunos de los figurones m\u00e1s de derecha de la pol\u00edtica internacional, como David Cameron, el premier brit\u00e1nico, y el primer ministro israel\u00ed Benjamin Netanyahu. Pero ser\u00eda un error subrayar demasiado eso, por dos razones. Una, que es temprano para decidir si las inversiones prometidas van a venir o no (es decir, no da para festejar pero tampoco para burlarse). Y la otra, la m\u00e1s importante, es que el principal objetivo de Macri en su visita a Davos no fue abrochar compromisos de inversi\u00f3n (aunque se buscaran), sino sobre todo <strong>emitir una se\u00f1al pol\u00edtica al establishment mundial<\/strong>: se\u00f1ores, se acab\u00f3 el kirchnerismo, el populismo y los malos modales contra los grandes capitales; a partir de ahora, vamos a \u201cnormalizar\u201d las relaciones con \u201cel mundo\u201d (de los garcas, claro est\u00e1), todos ustedes son bienvenidos, les pondremos la alfombra roja y estaremos a su disposici\u00f3n. Y el mensaje fue recibido con benepl\u00e1cito por esos poderes constituidos.<\/p>\n<p>Parte de esto fue comenzar por la <strong>redefinici\u00f3n de las relaciones con EEUU y con el Reino Unido<\/strong>, que a partir de ahora, seg\u00fan Macri, ser\u00e1n \u201cadultas y pragm\u00e1ticas\u201d, dando a entender que antes eran de un ideologismo adolescente, o infantil. En el caso de EEUU, el secretario del Tesoro, Jacob Lew, anunci\u00f3 que el amo del Norte dejar\u00eda de vetar la aprobaci\u00f3n de pr\u00e9stamos para Argentina ante el Banco Mundial y el Banco Interamericano de Desarrollo.<\/p>\n<p>Un gesto de buena voluntad que no cuesta mucho, ya que pese a ese voto en contra de los yanquis Argentina hab\u00eda logrado acceder de todos modos a varias l\u00edneas de cr\u00e9dito de esas entidades multilaterales. Se trata, como casi todo en Davos, de una se\u00f1al pol\u00edtica que no compromete a mucho, o en todo caso a mucho menos que el anuncio del ministro de Finanzas, Alfonso Prat Gay, de que Argentina \u201cno tiene nada que esconder en materia econ\u00f3mica\u201d, <strong>abriendo expl\u00edcitamente la puerta para el regreso de los informes del Fondo Monetario Internacional<\/strong>, conocidos como \u201cart\u00edculo IV\u201d, paso previo y condici\u00f3n para solicitar pr\u00e9stamos al organismo, discontinuados desde la presidencia de N\u00e9stor Kirchner.<\/p>\n<p>Justamente, Lew se deshizo en elogios a Prat Gay y a la hiperactividad de Macri, que en dos o tres d\u00edas mantuvo reuniones con los CEOs (o casi) de Coca Cola, Dow Chemical, Shell, Facebook, Mitsubishi, Microsoft, Nissan-Renault y otras mega compa\u00f1\u00edas globales, sin olvidarse de sus infaltables frivolidades como el saludito a la \u201creina\u201d M\u00e1xima y otras choluladas, adem\u00e1s de \u201cdisertar\u201d (a uno le cuesta imaginarse c\u00f3mo, conociendo al personaje) ante un auditorio nutrido de m\u00e1s CEOs como los de General Motors, Shell, Sony y Philips.<\/p>\n<p>En esa l\u00ednea, Macri y Prat Gay <strong>golpearon la puerta de la OCDE<\/strong> (Organizaci\u00f3n para la Cooperaci\u00f3n y el Desarrollo Econ\u00f3micos), un club de 34 pa\u00edses, la gran mayor\u00eda desarrollados, al que se considera una especie de elite internacional a la que Macri, abandonando el \u201cpopulismo estrat\u00e9gico\u201d del kirchnerismo, se muere por pertenecer. Fundada en 1961 por una mayor\u00eda de pa\u00edses europeos, EEUU y Canad\u00e1, y enseguida Jap\u00f3n, fue agregando miembros como Australia, Nueva Zelanda, M\u00e9xico y recientemente algunos pa\u00edses de Europa Oriental, Chile e Israel. A diferencia del G-20, que s\u00ed integra Argentina y cuyas funciones son m\u00e1s pol\u00edticas, la OCDE tiene <strong>un sesgo claramente econ\u00f3mico (y neoliberal).<\/strong><\/p>\n<p>De paso, el sainete de la costilla fisurada deja en claro <strong>cu\u00e1les son las prioridades<\/strong>: para la reuni\u00f3n de la CELAC (estados latinoamericanos), que son todos vecinos m\u00e1s bien pobres, y algunos ideol\u00f3gicamente sospechosos, los m\u00e9dicos \u201crecomiendan\u201d que no viaje \u201cpor la altura de Quito\u201d. Pero cuando se trata de los poderosos en serio, no hab\u00eda m\u00e9dico en el mundo que bajara a Macri del avi\u00f3n a Suiza. El hombre sabe a qui\u00e9nes se puede dejar esperando y a qui\u00e9nes no\u2026<\/p>\n<p>&nbsp;<\/p>\n<p><strong>Una \u201cagenda estrat\u00e9gica\u201d bien cipaya y de derecha<\/strong><\/p>\n<p>&nbsp;<\/p>\n<p>Uno de los puntos m\u00e1s salientes del paso de Macri por Davos fue el \u201crelanzamiento\u201d de las relaciones con el Reino Unido, a instancias de la reuni\u00f3n con Cameron, con el punto Malvinas en la agenda. El resultado concreto puede resumirse as\u00ed: <strong>se acabaron las presiones argentinas contra los brit\u00e1nicos en los foros internacionales<\/strong> y se busca reanudar a pleno las relaciones econ\u00f3micas, sin que el tema Malvinas sea un obst\u00e1culo. La figura del \u201cparaguas\u201d significa, en la pr\u00e1ctica, que aunque en lo formal el reclamo de soberan\u00eda se mantiene, lo que importa (a <strong>las dos<\/strong> partes) es <strong>seguir haciendo negocios<\/strong> sin que se entrometan esas molestas cuestiones \u201cpol\u00edticas\u201d.<\/p>\n<p>Ni Cameron ni Macri est\u00e1n interesados en poner el tema Malvinas en la agenda: el primero, obviamente, porque no puede decir otra cosa que \u201cno\u201d; el segundo, porque en el fondo prefiere sacarse el asunto de encima y concentrarse en los negocios. No tiene nada de raro: es sabido que a\u00f1os atr\u00e1s Macri hizo declaraciones de lo m\u00e1s despectivas sobre el reclamo de soberan\u00eda por las Malvinas, dando a entender que las islas eran algo as\u00ed como <strong>un engorro caro e in\u00fatil cuya \u00fanica funci\u00f3n real era obstaculizar las relaciones argentino-brit\u00e1nicas<\/strong>. Ahora es presidente y no lo puede decir, pero si por \u00e9l fuera, se desentender\u00eda definitivamente del asunto.<\/p>\n<p>De m\u00e1s est\u00e1 decirlo, la nueva posici\u00f3n \u201cdialoguista\u201d del gobierno argentino no s\u00f3lo no mover\u00e1 un mil\u00edmetro al Reino Unido de su actitud colonial, sino que le dar\u00e1 m\u00e1s fuerza: \u00bfpor qu\u00e9 deber\u00edan atender los brit\u00e1nicos un reclamo que ni el propio gobierno argentino toma muy en serio? As\u00ed, por ejemplo, Cameron pudo sacar a colaci\u00f3n el rid\u00edculo \u201crefer\u00e9ndum\u201d de Malvinas de marzo de 2013, por el cual los kelpers (cuya poblaci\u00f3n total no alcanza a llenar el teatro Gran Rex de Buenos Aires, como ironizaba un analista) decidieron que quer\u00edan seguir siendo brit\u00e1nicos. Macri no respondi\u00f3 una palabra a la alusi\u00f3n, siendo que la tal \u201cconsulta\u201d es un mamarracho sin el menor reconocimiento internacional.<\/p>\n<p>Se equivocan los que comparan esta pol\u00edtica con el \u201cparaguas de soberan\u00eda\u201d de la \u00e9poca de Menem: <strong>esta versi\u00f3n de cipayismo del siglo XXI es todav\u00eda peor<\/strong>. Veamos por qu\u00e9: \u201c[Hay] una diferencia sustancial con el \u2018paraguas\u2019 noventista. En aquella ocasi\u00f3n, el principio fue aceptado expl\u00edcitamente <strong>por ambos pa\u00edses<\/strong>, lo cual supon\u00eda un reconocimiento brit\u00e1nico, al menos t\u00e1cito, de la existencia del reclamo nacional. En este caso (\u2026), el \u2018paraguas\u2019 parece una <strong>decisi\u00f3n unilateral de la Argentina<\/strong>, lo que da cuenta de la inflexibilidad de Londres y de la <strong>debilidad relativa<\/strong> de nuestro pa\u00eds\u201d (M. Falak, <em>\u00c1mbito Financiero<\/em>, 22-1-16).<\/p>\n<p>En efecto, bajo el menemismo el acuerdo era que <strong>ambas partes<\/strong> dicen \u201csabemos que no estamos de acuerdo, hagamos negocios igual\u201d. La forma actual de la relaci\u00f3n es que <strong>Macri<\/strong> les dice a los brit\u00e1nicos \u201cya s\u00e9 que este tema les molesta, as\u00ed que lo saco yo de la agenda\u201d. \u00bfSe entiende la diferencia?<\/p>\n<p>Otro \u201clogro\u201d de Davos, siempre en la l\u00ednea de estrechar lazos con \u201cel mundo\u201d (empezando por EEUU, desde ya), es el desinteresado ofrecimiento de ayuda que le hizo el vicepresidente yanqui, Joe Biden, a Macri en la \u201clucha contra el narcotr\u00e1fico\u201d. Las comillas vienen a cuento porque, al margen de lo que se haga de verdad, ese tema es hace d\u00e9cadas la gran coartada para que los yanquis avancen en sus relaciones estrat\u00e9gicas con su \u201cpatio trasero\u201d (en otras \u00e9pocas, el objetivo, mucho m\u00e1s franco, era el \u201ccombate al comunismo\u201d). Seg\u00fan reza el comunicado oficial de la reuni\u00f3n entre Biden y Macri, ambas partes se complacen en \u201cla predisposici\u00f3n de Estados Unidos para <strong>colaborar en todos los campos, especialmente en innovaci\u00f3n, tecnolog\u00eda, defensa y seguridad<\/strong>\u201d. \u00bfHace falta ser m\u00e1s expl\u00edcito? Esta \u201ccolaboraci\u00f3n\u201d, a no dudarlo, se traducir\u00e1 en jugosos contratos de armamento, maniobras militares conjuntas y formas de espionaje que, por supuesto, no se limitar\u00e1n a los narcos sino a todo aquello que EEUU y Macri consideren de inter\u00e9s estrat\u00e9gico.<\/p>\n<p>La frutilla del postre es el resultado de la reuni\u00f3n con Netanyahu. Al principio, s\u00f3lo se habl\u00f3 de acercamiento en materia de inversiones en seguridad, tratamiento de agua y otros asuntos comerciales. Pero la conversaci\u00f3n debe haber ido mucho m\u00e1s all\u00e1, porque la embajadora israel\u00ed en Argentina, Dorit Shavit, reconoci\u00f3 en una entrevista que hay <strong>una ofensiva pol\u00edtica y diplom\u00e1tica israel\u00ed que apunta a que el gobierno de Macri deje de reconocer a Palestina como Estado<\/strong>, revirtiendo la postura adoptada por el kirchnerismo (<em>\u00c1mbito Financiero<\/em>, 27-1-16).<\/p>\n<p>Dejemos de lado por ahora las incre\u00edbles definiciones de la embajadora sobre la pol\u00edtica israel\u00ed en los territorios ocupados (\u201cCisjordania no pertenece a nadie\u201d, \u201chasta los a\u00f1os 20 el pueblo palestino no exist\u00eda\u201d y disparates similares). El hecho es que el cambio de pol\u00edtica que quiere Israel se apoya sobre ya varios gestos del gobierno, que parecen inocentes y simb\u00f3licos, pero que ahora pueden ser interpretados en esta clave.<\/p>\n<p>Cart\u00f3n lleno: lamebotas de los yanquis, acomodaticio con los ingleses y ahora punta de lanza del sionismo en la regi\u00f3n\u2026<\/p>\n","protected":false},"excerpt":{"rendered":"<p>El regreso de un presidente argentino al Foro Econ\u00f3mico Mundial de Davos, Suiza, cita obligada del establishment imperialista global, despu\u00e9s de m\u00e1s de una d\u00e9cada, dej\u00f3 poco saldo contante y sonante, algunas promesas y sobre todo una se\u00f1al simb\u00f3lica: Macri se propone llevar al redil de los pa\u00edses poderosos a la oveja que hab\u00eda \u201cdescarriado\u201d [&hellip;]<\/p>\n","protected":false},"author":8,"featured_media":7161,"comment_status":"closed","ping_status":"closed","sticky":false,"template":"","format":"standard","meta":{"footnotes":""},"categories":[122,1656],"tags":[1430],"class_list":{"0":"post-7160","1":"post","2":"type-post","3":"status-publish","4":"format-standard","5":"has-post-thumbnail","7":"category-america-latina-y-el-caribe","8":"category-argentina","9":"tag-edicion-15"},"yoast_head":"<!-- This site is optimized with the Yoast SEO plugin v27.5 - https:\/\/yoast.com\/product\/yoast-seo-wordpress\/ -->\n<title>Macri en Davos \u2013 \u201cSi, mis amos\u201d - Socialismo o Barbarie<\/title>\n<meta name=\"robots\" content=\"index, follow, max-snippet:-1, max-image-preview:large, max-video-preview:-1\" \/>\n<link rel=\"canonical\" href=\"https:\/\/www.socialismoobarbarie.org\/?p=7160\" \/>\n<meta property=\"og:locale\" content=\"es_ES\" \/>\n<meta property=\"og:type\" content=\"article\" \/>\n<meta property=\"og:title\" content=\"Macri en Davos \u2013 \u201cSi, mis amos\u201d - Socialismo o Barbarie\" \/>\n<meta property=\"og:description\" content=\"El regreso de un presidente argentino al Foro Econ\u00f3mico Mundial de Davos, Suiza, cita obligada del establishment imperialista global, despu\u00e9s de m\u00e1s de una d\u00e9cada, dej\u00f3 poco saldo contante y sonante, algunas promesas y sobre todo una se\u00f1al simb\u00f3lica: Macri se propone llevar al redil de los pa\u00edses poderosos a la oveja que hab\u00eda \u201cdescarriado\u201d [&hellip;]\" \/>\n<meta property=\"og:url\" content=\"https:\/\/www.socialismoobarbarie.org\/?p=7160\" \/>\n<meta property=\"og:site_name\" content=\"Socialismo o Barbarie\" \/>\n<meta property=\"article:published_time\" content=\"2016-01-28T21:48:06+00:00\" \/>\n<meta property=\"article:modified_time\" content=\"2018-07-12T22:18:44+00:00\" \/>\n<meta property=\"og:image\" content=\"https:\/\/www.socialismoobarbarie.org\/wp-content\/uploads\/2016\/01\/macri-davos.jpg\" \/>\n\t<meta property=\"og:image:width\" content=\"697\" \/>\n\t<meta property=\"og:image:height\" content=\"407\" \/>\n\t<meta property=\"og:image:type\" content=\"image\/jpeg\" \/>\n<meta name=\"author\" content=\"SOB\" \/>\n<meta name=\"twitter:card\" content=\"summary_large_image\" \/>\n<meta name=\"twitter:label1\" content=\"Escrito por\" \/>\n\t<meta name=\"twitter:data1\" content=\"SOB\" \/>\n\t<meta name=\"twitter:label2\" content=\"Tiempo de lectura\" \/>\n\t<meta name=\"twitter:data2\" content=\"8 minutos\" \/>\n<script type=\"application\/ld+json\" class=\"yoast-schema-graph\">{\"@context\":\"https:\\\/\\\/schema.org\",\"@graph\":[{\"@type\":\"Article\",\"@id\":\"https:\\\/\\\/www.socialismoobarbarie.org\\\/?p=7160#article\",\"isPartOf\":{\"@id\":\"https:\\\/\\\/www.socialismoobarbarie.org\\\/?p=7160\"},\"author\":{\"name\":\"SOB\",\"@id\":\"https:\\\/\\\/www.socialismoobarbarie.org\\\/#\\\/schema\\\/person\\\/bc1c3b321d47ed092405949c77e35a8e\"},\"headline\":\"Macri en Davos \u2013 \u201cSi, mis amos\u201d\",\"datePublished\":\"2016-01-28T21:48:06+00:00\",\"dateModified\":\"2018-07-12T22:18:44+00:00\",\"mainEntityOfPage\":{\"@id\":\"https:\\\/\\\/www.socialismoobarbarie.org\\\/?p=7160\"},\"wordCount\":1699,\"publisher\":{\"@id\":\"https:\\\/\\\/www.socialismoobarbarie.org\\\/#organization\"},\"image\":{\"@id\":\"https:\\\/\\\/www.socialismoobarbarie.org\\\/?p=7160#primaryimage\"},\"thumbnailUrl\":\"https:\\\/\\\/www.socialismoobarbarie.org\\\/wp-content\\\/uploads\\\/2016\\\/01\\\/macri-davos.jpg\",\"keywords\":[\"Edicion 15\"],\"articleSection\":[\"Am\u00e9rica Latina\",\"Argentina\"],\"inLanguage\":\"es\"},{\"@type\":\"WebPage\",\"@id\":\"https:\\\/\\\/www.socialismoobarbarie.org\\\/?p=7160\",\"url\":\"https:\\\/\\\/www.socialismoobarbarie.org\\\/?p=7160\",\"name\":\"Macri en Davos \u2013 \u201cSi, mis amos\u201d - Socialismo o Barbarie\",\"isPartOf\":{\"@id\":\"https:\\\/\\\/www.socialismoobarbarie.org\\\/#website\"},\"primaryImageOfPage\":{\"@id\":\"https:\\\/\\\/www.socialismoobarbarie.org\\\/?p=7160#primaryimage\"},\"image\":{\"@id\":\"https:\\\/\\\/www.socialismoobarbarie.org\\\/?p=7160#primaryimage\"},\"thumbnailUrl\":\"https:\\\/\\\/www.socialismoobarbarie.org\\\/wp-content\\\/uploads\\\/2016\\\/01\\\/macri-davos.jpg\",\"datePublished\":\"2016-01-28T21:48:06+00:00\",\"dateModified\":\"2018-07-12T22:18:44+00:00\",\"breadcrumb\":{\"@id\":\"https:\\\/\\\/www.socialismoobarbarie.org\\\/?p=7160#breadcrumb\"},\"inLanguage\":\"es\",\"potentialAction\":[{\"@type\":\"ReadAction\",\"target\":[\"https:\\\/\\\/www.socialismoobarbarie.org\\\/?p=7160\"]}]},{\"@type\":\"ImageObject\",\"inLanguage\":\"es\",\"@id\":\"https:\\\/\\\/www.socialismoobarbarie.org\\\/?p=7160#primaryimage\",\"url\":\"https:\\\/\\\/www.socialismoobarbarie.org\\\/wp-content\\\/uploads\\\/2016\\\/01\\\/macri-davos.jpg\",\"contentUrl\":\"https:\\\/\\\/www.socialismoobarbarie.org\\\/wp-content\\\/uploads\\\/2016\\\/01\\\/macri-davos.jpg\",\"width\":697,\"height\":407},{\"@type\":\"BreadcrumbList\",\"@id\":\"https:\\\/\\\/www.socialismoobarbarie.org\\\/?p=7160#breadcrumb\",\"itemListElement\":[{\"@type\":\"ListItem\",\"position\":1,\"name\":\"Portada\",\"item\":\"https:\\\/\\\/www.socialismoobarbarie.org\\\/\"},{\"@type\":\"ListItem\",\"position\":2,\"name\":\"Macri en Davos \u2013 \u201cSi, mis amos\u201d\"}]},{\"@type\":\"WebSite\",\"@id\":\"https:\\\/\\\/www.socialismoobarbarie.org\\\/#website\",\"url\":\"https:\\\/\\\/www.socialismoobarbarie.org\\\/\",\"name\":\"Socialismo o Barbarie\",\"description\":\"Sitio web de la corriente internacional Socialismo o Barbarie\",\"publisher\":{\"@id\":\"https:\\\/\\\/www.socialismoobarbarie.org\\\/#organization\"},\"potentialAction\":[{\"@type\":\"SearchAction\",\"target\":{\"@type\":\"EntryPoint\",\"urlTemplate\":\"https:\\\/\\\/www.socialismoobarbarie.org\\\/?s={search_term_string}\"},\"query-input\":{\"@type\":\"PropertyValueSpecification\",\"valueRequired\":true,\"valueName\":\"search_term_string\"}}],\"inLanguage\":\"es\"},{\"@type\":\"Organization\",\"@id\":\"https:\\\/\\\/www.socialismoobarbarie.org\\\/#organization\",\"name\":\"Socialismo o Barbarie\",\"url\":\"https:\\\/\\\/www.socialismoobarbarie.org\\\/\",\"logo\":{\"@type\":\"ImageObject\",\"inLanguage\":\"es\",\"@id\":\"https:\\\/\\\/www.socialismoobarbarie.org\\\/#\\\/schema\\\/logo\\\/image\\\/\",\"url\":\"https:\\\/\\\/www.socialismoobarbarie.org\\\/wp-content\\\/uploads\\\/2025\\\/02\\\/soblogoweb-2025.png\",\"contentUrl\":\"https:\\\/\\\/www.socialismoobarbarie.org\\\/wp-content\\\/uploads\\\/2025\\\/02\\\/soblogoweb-2025.png\",\"width\":450,\"height\":161,\"caption\":\"Socialismo o Barbarie\"},\"image\":{\"@id\":\"https:\\\/\\\/www.socialismoobarbarie.org\\\/#\\\/schema\\\/logo\\\/image\\\/\"}},{\"@type\":\"Person\",\"@id\":\"https:\\\/\\\/www.socialismoobarbarie.org\\\/#\\\/schema\\\/person\\\/bc1c3b321d47ed092405949c77e35a8e\",\"name\":\"SOB\",\"url\":\"https:\\\/\\\/www.socialismoobarbarie.org\\\/?author=8\"}]}<\/script>\n<!-- \/ Yoast SEO plugin. -->","yoast_head_json":{"title":"Macri en Davos \u2013 \u201cSi, mis amos\u201d - Socialismo o Barbarie","robots":{"index":"index","follow":"follow","max-snippet":"max-snippet:-1","max-image-preview":"max-image-preview:large","max-video-preview":"max-video-preview:-1"},"canonical":"https:\/\/www.socialismoobarbarie.org\/?p=7160","og_locale":"es_ES","og_type":"article","og_title":"Macri en Davos \u2013 \u201cSi, mis amos\u201d - Socialismo o Barbarie","og_description":"El regreso de un presidente argentino al Foro Econ\u00f3mico Mundial de Davos, Suiza, cita obligada del establishment imperialista global, despu\u00e9s de m\u00e1s de una d\u00e9cada, dej\u00f3 poco saldo contante y sonante, algunas promesas y sobre todo una se\u00f1al simb\u00f3lica: Macri se propone llevar al redil de los pa\u00edses poderosos a la oveja que hab\u00eda \u201cdescarriado\u201d [&hellip;]","og_url":"https:\/\/www.socialismoobarbarie.org\/?p=7160","og_site_name":"Socialismo o Barbarie","article_published_time":"2016-01-28T21:48:06+00:00","article_modified_time":"2018-07-12T22:18:44+00:00","og_image":[{"width":697,"height":407,"url":"https:\/\/www.socialismoobarbarie.org\/wp-content\/uploads\/2016\/01\/macri-davos.jpg","type":"image\/jpeg"}],"author":"SOB","twitter_card":"summary_large_image","twitter_misc":{"Escrito por":"SOB","Tiempo de lectura":"8 minutos"},"schema":{"@context":"https:\/\/schema.org","@graph":[{"@type":"Article","@id":"https:\/\/www.socialismoobarbarie.org\/?p=7160#article","isPartOf":{"@id":"https:\/\/www.socialismoobarbarie.org\/?p=7160"},"author":{"name":"SOB","@id":"https:\/\/www.socialismoobarbarie.org\/#\/schema\/person\/bc1c3b321d47ed092405949c77e35a8e"},"headline":"Macri en Davos \u2013 \u201cSi, mis amos\u201d","datePublished":"2016-01-28T21:48:06+00:00","dateModified":"2018-07-12T22:18:44+00:00","mainEntityOfPage":{"@id":"https:\/\/www.socialismoobarbarie.org\/?p=7160"},"wordCount":1699,"publisher":{"@id":"https:\/\/www.socialismoobarbarie.org\/#organization"},"image":{"@id":"https:\/\/www.socialismoobarbarie.org\/?p=7160#primaryimage"},"thumbnailUrl":"https:\/\/www.socialismoobarbarie.org\/wp-content\/uploads\/2016\/01\/macri-davos.jpg","keywords":["Edicion 15"],"articleSection":["Am\u00e9rica Latina","Argentina"],"inLanguage":"es"},{"@type":"WebPage","@id":"https:\/\/www.socialismoobarbarie.org\/?p=7160","url":"https:\/\/www.socialismoobarbarie.org\/?p=7160","name":"Macri en Davos \u2013 \u201cSi, mis amos\u201d - Socialismo o Barbarie","isPartOf":{"@id":"https:\/\/www.socialismoobarbarie.org\/#website"},"primaryImageOfPage":{"@id":"https:\/\/www.socialismoobarbarie.org\/?p=7160#primaryimage"},"image":{"@id":"https:\/\/www.socialismoobarbarie.org\/?p=7160#primaryimage"},"thumbnailUrl":"https:\/\/www.socialismoobarbarie.org\/wp-content\/uploads\/2016\/01\/macri-davos.jpg","datePublished":"2016-01-28T21:48:06+00:00","dateModified":"2018-07-12T22:18:44+00:00","breadcrumb":{"@id":"https:\/\/www.socialismoobarbarie.org\/?p=7160#breadcrumb"},"inLanguage":"es","potentialAction":[{"@type":"ReadAction","target":["https:\/\/www.socialismoobarbarie.org\/?p=7160"]}]},{"@type":"ImageObject","inLanguage":"es","@id":"https:\/\/www.socialismoobarbarie.org\/?p=7160#primaryimage","url":"https:\/\/www.socialismoobarbarie.org\/wp-content\/uploads\/2016\/01\/macri-davos.jpg","contentUrl":"https:\/\/www.socialismoobarbarie.org\/wp-content\/uploads\/2016\/01\/macri-davos.jpg","width":697,"height":407},{"@type":"BreadcrumbList","@id":"https:\/\/www.socialismoobarbarie.org\/?p=7160#breadcrumb","itemListElement":[{"@type":"ListItem","position":1,"name":"Portada","item":"https:\/\/www.socialismoobarbarie.org\/"},{"@type":"ListItem","position":2,"name":"Macri en Davos \u2013 \u201cSi, mis amos\u201d"}]},{"@type":"WebSite","@id":"https:\/\/www.socialismoobarbarie.org\/#website","url":"https:\/\/www.socialismoobarbarie.org\/","name":"Socialismo o Barbarie","description":"Sitio web de la corriente internacional Socialismo o Barbarie","publisher":{"@id":"https:\/\/www.socialismoobarbarie.org\/#organization"},"potentialAction":[{"@type":"SearchAction","target":{"@type":"EntryPoint","urlTemplate":"https:\/\/www.socialismoobarbarie.org\/?s={search_term_string}"},"query-input":{"@type":"PropertyValueSpecification","valueRequired":true,"valueName":"search_term_string"}}],"inLanguage":"es"},{"@type":"Organization","@id":"https:\/\/www.socialismoobarbarie.org\/#organization","name":"Socialismo o Barbarie","url":"https:\/\/www.socialismoobarbarie.org\/","logo":{"@type":"ImageObject","inLanguage":"es","@id":"https:\/\/www.socialismoobarbarie.org\/#\/schema\/logo\/image\/","url":"https:\/\/www.socialismoobarbarie.org\/wp-content\/uploads\/2025\/02\/soblogoweb-2025.png","contentUrl":"https:\/\/www.socialismoobarbarie.org\/wp-content\/uploads\/2025\/02\/soblogoweb-2025.png","width":450,"height":161,"caption":"Socialismo o Barbarie"},"image":{"@id":"https:\/\/www.socialismoobarbarie.org\/#\/schema\/logo\/image\/"}},{"@type":"Person","@id":"https:\/\/www.socialismoobarbarie.org\/#\/schema\/person\/bc1c3b321d47ed092405949c77e35a8e","name":"SOB","url":"https:\/\/www.socialismoobarbarie.org\/?author=8"}]}},"_links":{"self":[{"href":"https:\/\/www.socialismoobarbarie.org\/index.php?rest_route=\/wp\/v2\/posts\/7160","targetHints":{"allow":["GET"]}}],"collection":[{"href":"https:\/\/www.socialismoobarbarie.org\/index.php?rest_route=\/wp\/v2\/posts"}],"about":[{"href":"https:\/\/www.socialismoobarbarie.org\/index.php?rest_route=\/wp\/v2\/types\/post"}],"author":[{"embeddable":true,"href":"https:\/\/www.socialismoobarbarie.org\/index.php?rest_route=\/wp\/v2\/users\/8"}],"replies":[{"embeddable":true,"href":"https:\/\/www.socialismoobarbarie.org\/index.php?rest_route=%2Fwp%2Fv2%2Fcomments&post=7160"}],"version-history":[{"count":3,"href":"https:\/\/www.socialismoobarbarie.org\/index.php?rest_route=\/wp\/v2\/posts\/7160\/revisions"}],"predecessor-version":[{"id":7218,"href":"https:\/\/www.socialismoobarbarie.org\/index.php?rest_route=\/wp\/v2\/posts\/7160\/revisions\/7218"}],"wp:featuredmedia":[{"embeddable":true,"href":"https:\/\/www.socialismoobarbarie.org\/index.php?rest_route=\/wp\/v2\/media\/7161"}],"wp:attachment":[{"href":"https:\/\/www.socialismoobarbarie.org\/index.php?rest_route=%2Fwp%2Fv2%2Fmedia&parent=7160"}],"wp:term":[{"taxonomy":"category","embeddable":true,"href":"https:\/\/www.socialismoobarbarie.org\/index.php?rest_route=%2Fwp%2Fv2%2Fcategories&post=7160"},{"taxonomy":"post_tag","embeddable":true,"href":"https:\/\/www.socialismoobarbarie.org\/index.php?rest_route=%2Fwp%2Fv2%2Ftags&post=7160"}],"curies":[{"name":"wp","href":"https:\/\/api.w.org\/{rel}","templated":true}]}}