{"id":7563,"date":"2016-04-07T19:33:51","date_gmt":"2016-04-07T22:33:51","guid":{"rendered":"https:\/\/www.socialismoobarbarie.org\/?p=7563"},"modified":"2019-11-20T10:51:35","modified_gmt":"2019-11-20T13:51:35","slug":"avanza-la-ofensiva-reaccionaria-en-brasil","status":"publish","type":"post","link":"https:\/\/www.socialismoobarbarie.org\/?p=7563","title":{"rendered":"Avanza la ofensiva reaccionaria en Brasil"},"content":{"rendered":"<h2 style=\"text-align: justify;\"><em>El PMDB abandona el gobierno<\/em><\/h2>\n<h1 style=\"text-align: justify;\"><strong>Temer se coloca abiertamente al servicio de la ofensiva reaccionaria<\/strong><\/h1>\n<p style=\"text-align: justify;\">No a la ofensiva reaccionaria del juicio pol\u00edtico al gobierno y no a los ajustes anti obreros de Dilma.<\/p>\n<p style=\"text-align: justify;\">Es necesario unificar a la izquierda socialista para movilizar a los trabajadores y la juventud por una salida en la que el pueblo tenga voz. En este sentido, defendemos la creaci\u00f3n de una Asamblea Constituyente Democr\u00e1tica y Soberana impuesta por la movilizaci\u00f3n de las masas.<\/p>\n<p style=\"text-align: justify;\">El martes 29 de septiembre, en una ceremonia que dur\u00f3 s\u00f3lo cinco minutos, ocurri\u00f3 la retirada oficial del PMDB de la direcci\u00f3n del gobierno, lo que significa un paso m\u00e1s en la estrategia de destituci\u00f3n de Rousseff como salida burguesa a la crisis. Sin embargo, Dilma y el PT a\u00fan muestran cierta capacidad de respuesta, pues dispone del aparato del Estado y del control de las mayores organizaciones de masas del pa\u00eds, tornando incierto el desenlace de la crisis.<\/p>\n<p style=\"text-align: justify;\">Desde la salida \u201coficial\u201d del PMDB del gobierno, la mayor parte de la acci\u00f3n pol\u00edtica de Dilma gira alrededor de la unidad para su destituci\u00f3n y el nombramiento de nuevos \u201caliados\u201d para tratar de asegurar los 170 votos necesarios para rechazar la apertura de juicio pol\u00edtico en la C\u00e1mara de Diputados con\u00a0 fecha aproximada prevista para el 17 de abril. En esta sinton\u00eda, la maquinaria del gobierno est\u00e1 siendo utilizado para \u201ccomprar\u201d votos en contra del impeachment de los partidos que concentran lo m\u00e1s atrasado de la representaci\u00f3n pol\u00edtica de la clase dominante, la peor escoria de la pol\u00edtica burguesa, como ofrecer ministerios importantes para el PP y PR.<\/p>\n<p style=\"text-align: justify;\">El gobierno a trav\u00e9s del discurso de que la ofensiva pol\u00edtica derecha (materializada en el proceso de juicio pol\u00edtico) es un \u201cgolpe a la democracia\u201d ha sido capaz de movilizar en las calles una cantidad razonable de defensores a trav\u00e9s organizaciones sindicales y de movimientos populares. Las manifestaciones en toda las capitales del pa\u00eds, el pasado 31 de marzo, llegaron a movilizar a m\u00e1s de 700 mil personas, seg\u00fan los organizadores, o 140 000, de acuerdo con la PM. De cualquier forma, se trata de n\u00fameros significativos, que demuestran que, a pesar de ser m\u00e1s peque\u00f1as que las manifestaciones de la oposici\u00f3n de derecha, el gobierno tambi\u00e9n tiene una base social.<\/p>\n<p style=\"text-align: justify;\">Desde el punto de vista del sentimiento de grandes masas de trabajadores, estas protestas en las calles no los representan y tampoco son suficientes para resistir la ofensiva reaccionaria de la burgues\u00eda. El gobierno de Dilma es un gobierno burgu\u00e9s at\u00edpico, y ese hecho pone l\u00edmites a su acci\u00f3n, pero si PT, Lula y los dirigentes de la burocracia sindical y los movimientos populares no estuviesen tan a la derecha ser\u00eda posible tomar medidas populares que a grandes rasgos movilizar\u00edan a los trabajadores en defensa del gobierno. Pero a diferencia de tomar medidas populares que podr\u00edan poner una porci\u00f3n significativa de los trabajadores y el pueblo de su lado, creando as\u00ed las condiciones materiales para una resistencia eficaz contra la oposici\u00f3n burguesa, en medio del creciente desempleo, la p\u00e9rdida de salarios y la precarizaci\u00f3n del trabajo, el gobierno mantiene pol\u00edticas contra los intereses de los trabajadores y sus organizaciones independientes: los recortes presupuestarios y la sanci\u00f3n de la ley \u201cantiterrorista\u201d, son algunos ejemplos.<\/p>\n<p style=\"text-align: justify;\"><strong>El Juicio pol\u00edtico es una salida reaccionaria<\/strong><\/p>\n<p style=\"text-align: justify;\">La salida del PMDB \u00a0de la base de poder del gobierno es un movimiento que tiene como objetivo materializar a trav\u00e9s de la figura de Michel Temer (vicepresidente y sucesor natural Dilma) una coalici\u00f3n pol\u00edtica que tiene como proyecto superar la crisis econ\u00f3mica a trav\u00e9s de un plan econ\u00f3mico reaccionario: privatizaci\u00f3n de estado y del SUS (sistema \u00danico de salud), la tercerizaci\u00f3n generalizada de los contratos de trabajo, la contrarreforma del estado de bienestar y as\u00ed sucesivamente.<\/p>\n<p style=\"text-align: justify;\">Pero en un gobierno Temer, con el apoyo de A\u00e9cio Neves (PSDB), la paz social no est\u00e1 garantizada por la imposici\u00f3n de este proyecto regresivo, porque una cosa es derrocar Dilma y otra muy distinta es imponer todas las medidas reaccionarias que pacto regresivo est\u00e1 llamado a cumplir.<\/p>\n<p style=\"text-align: justify;\">La aplicaci\u00f3n de la ofensiva reaccionaria mediante el impeachment conducir\u00eda a un nuevo pacto pol\u00edtico que tiene como principales actores a los partidos y dirigentes burgueses que son igual o m\u00e1s responsables y beneficiarios de los esquemas de corrupci\u00f3n que se est\u00e1n investigando. Despu\u00e9s de una posible realizaci\u00f3n del juicio pol\u00edtico, el proceso de destituci\u00f3n de la f\u00f3rmula presidencial Dilma-Temer en el (Tribunal Supremo Electoral) TSE seguir\u00e1 alimentada d\u00eda a d\u00eda por un material din\u00e1mico y rico de eventos que podr\u00e1 bajo sospecha la soluci\u00f3n definitiva de la crisis a trav\u00e9s de juicio pol\u00edtico y de un \u00a0gobierno Temer.<\/p>\n<p style=\"text-align: justify;\">Por otra parte, la ofensiva reaccionaria es coyuntural, porque no ha estado en movimiento una derrota hist\u00f3rica o un conjunto de peque\u00f1as p\u00e9rdidas que hicieron que la situaci\u00f3n pol\u00edtica haya retrocedido a la correlaci\u00f3n de fuerzas que vivimos en los a\u00f1os antes de junio de 2013. Por lo tanto, la hip\u00f3tesis que queda es que si se da la ca\u00edda del gobierno de Dilma el nuevo gobierno deber\u00e1 hacer frente a un movimiento social que es capaz de polarizar la realidad pol\u00edtica, muestra distorsionada de esto son movilizaciones dirigidos por la burocracia oficialista \u201ccontra el golpe.\u201d<\/p>\n<p style=\"text-align: justify;\">El gran problema es que sin que los trabajadores y la gran mayor\u00eda del pueblo sean llamados a participar directamente el resultado de esta crisis no ser\u00e1 favorable. Las manifestaciones callejeras en contra o a favor del gobierno son enormes, pero est\u00e1n lejos de representar la voluntad y las necesidades de los trabajadores. En una crisis donde hay un cuestionamiento de todas las instituciones de la democracia y los partidos burgueses, resolver sin la participaci\u00f3n popular es un crimen pol\u00edtico que s\u00f3lo puede estar al servicio de las fuerzas conservadoras y reaccionarias. Por lo tanto, la construcci\u00f3n de una salida de los trabajadores pasa por la participaci\u00f3n masiva en la toma de decisiones y por la lucha por una salida en la el pueblo trabajador sea llamado a dar su opini\u00f3n. Luchar por esto no es un lujo pol\u00edtico, sino un deber fundamental de la izquierda socialista sino quiere tener su acci\u00f3n unida al estrecho horizonte de las instituciones burguesas.<\/p>\n<p style=\"text-align: justify;\"><strong>La izquierda se debate entre el \u201cgolpe\u201d y \u201cOff Dilma\u201d<\/strong><\/p>\n<p style=\"text-align: justify;\">Uno de los elementos m\u00e1s dram\u00e1ticos de la coyuntura pol\u00edtica es que la clase obrera no entr\u00f3 a\u00fan en escena de forma independiente de los patrones y el gobierno, este escenario hace que el destino del pa\u00eds est\u00e1 siendo decidido dentro de los l\u00edmites de las instituciones podridas y bajo el estricto campo de los intereses de la burgues\u00eda. Con Dilma, Temer o A\u00e9cio en el poder, la clase dominante continuar\u00e1 en el poder, si una inversi\u00f3n completa de la situaci\u00f3n no se produce a trav\u00e9s de la lucha de los trabajadores la arena de lo pol\u00edtico, e impondr\u00e1 a los de abajo el coste de la crisis.<\/p>\n<p style=\"text-align: justify;\">A pesar de un gran n\u00famero de posiciones que var\u00edan en su independencia de clase del gobierno, la izquierda socialista se debate sobre todo entre dos perspectivas problem\u00e1ticas: 1) la \u00a0que no tiene en cuenta la pol\u00edtica ofensiva reaccionaria (posici\u00f3n del PSTU y de algunas agrupaciones de izquierda dentro del PSOL) 2) la que afirma que se estar\u00eda frente a un \u201cgolpe a la democracia\u201d (posici\u00f3n mayoritaria dentro del PSOL).<\/p>\n<p style=\"text-align: justify;\">La primera perspectiva de la izquierda socialista mencionada anteriormente, no tiene en cuenta la ca\u00edda de un gobierno de conciliaci\u00f3n de clases y el asenso posterior de un gobierno neoliberal de l\u00ednea dura es parte fundamental de una hoja de ruta que nos conducir\u00e1, si la clase obrera y la juventud combativa no entran en juego en un nuevo junio, a una situaci\u00f3n de retroceso estructural (pol\u00edtica, econ\u00f3mica y social).<\/p>\n<p style=\"text-align: justify;\">Esta es exactamente la direcci\u00f3n de la pol\u00edtica de la CSP-Conlutas (dirigido por el PSTU y el \u201cFuera todos\u201d). Esta posici\u00f3n no considera las mediaciones fundamentales de la situaci\u00f3n pol\u00edtica actual: 1) los movimientos de masas por \u201cFuera Dilma\u201d tienen una direcci\u00f3n clara a la derecha y 2) entre un gobierno burgu\u00e9s t\u00edpico y un gobierno de conciliaci\u00f3n de clases, a pesar de que nunca tendr\u00e1n nuestro apoyo pol\u00edtico, hay diferencias importantes. Esta postura termina haciendo que estos sectores terminen siendo absorbidos en la \u00f3rbita pol\u00edtica de la oposici\u00f3n de derecha.<\/p>\n<p style=\"text-align: justify;\">Este tipo de pol\u00edtica, que desconoce por completo la ofensiva reaccionaria no puede movilizar a los sectores de masas, como se demostr\u00f3 en la manifestaci\u00f3n del 1 de abril<a href=\"https:\/\/www.mas.org.ar\/?p=8409#_ftn1\" name=\"_ftnref1\">[1]<\/a>, porque no discute con la sensaci\u00f3n obvia de que es necesario luchar contra los ajustes de Dilma, pero que un gobierno Temer \/ A\u00e9cio ser\u00eda a\u00fan m\u00e1s desfavorable para los trabajadores.<\/p>\n<p style=\"text-align: justify;\">La segunda posici\u00f3n de la izquierda socialista se enreda con la narrativa del gobierno de que el proceso de juicio pol\u00edtico es un \u201cgolpe a la democracia\u201d. Discurso que no es m\u00e1s que una predica ideol\u00f3gica oficialista y conservadora para alimentar pol\u00edticamente los aparatos sindicales, populares y estudiantes que apoyan a Dilma. La caracterizaci\u00f3n de \u201cgolpe de Estado\u201d no coincide con la realidad, no estamos ante ninguna ruptura con el r\u00e9gimen democr\u00e1tico burgu\u00e9s impulsado por un sector de los militares, ni siquiera de un \u201cgolpe institucional\u201d que significa cualquier rotura en el reglamento legal.<\/p>\n<p style=\"text-align: justify;\">Estamos m\u00e1s bien en medio de una ofensiva pol\u00edtica reaccionaria de la oposici\u00f3n burguesa que cuenta con el apoyo de parte significativa del Congreso, del sector judicial y un movimiento de masas de derecha. Una ofensiva pol\u00edtica que tiene como estrategia establecer un gobierno burgu\u00e9s t\u00edpico para normalizar la situaci\u00f3n pol\u00edtica. Por otra parte, Dilma incluso antes de caer al abismo no es ni siquiera capaz de hacer un gesto pol\u00edtico en el sentido intentar movilizar a la clase obrera a favor de su gobierno, como lo han hecho gobiernos de conciliaci\u00f3n de clases en el pasado, por el contrario, aplica disciplinadamente el programa econ\u00f3mico y pol\u00edtico del capital. Claramente, este gobierno tambi\u00e9n quiere que la situaci\u00f3n pol\u00edtica se normalice para que los trabajadores y la juventud combativa se pacifiquen.<\/p>\n<p style=\"text-align: justify;\">En este contexto, denunciar el Impeachment como parte de la ofensiva reaccionaria no puede significar en modo alguno apoyar Dilma pol\u00edticamente. La izquierda socialista debe presentar de forma unificada una propuesta de salida propia de los trabajadores, de lo contrario no podremos construir un campo masivo de independencia de clases en el que podamos resistir el desarrollo de la bestial crisis y m\u00e1s amargos a\u00f1os de un equilibrio de fuerzas totalmente desfavorable.<\/p>\n<p style=\"text-align: justify;\">Al establecer que estamos en una situaci\u00f3n de \u201cgolpe de Estado\u201d, sin que ello sea la din\u00e1mica real de los acontecimientos, la pol\u00edtica de muchos sectores honestos y \u00a0clasistas termina secuestrada por la pol\u00edtica \u00f3rbita del oficialismo. De la caracterizaci\u00f3n de que estamos en una coyuntura de \u201cgolpe contra la democracia\u201d (lo que requerir\u00eda una alineaci\u00f3n t\u00e1ctica con el gobierno en contra de este golpe si fuera esta caracterizaci\u00f3n) se desprende necesariamente la tarea de repeler la \u201camenaza a la democracia\u201d. Sin embargo, como esta caracterizaci\u00f3n es un se\u00f1uelo, hace que la tarea central hoy (construir su propia salida pol\u00edtica de los trabajadores) corra peligro de que ser completamente dejada de lado por estos sectores, que no contribuyen con la necesidad de unificar la izquierda socialista para competir con la burocracia la direcci\u00f3n pol\u00edtica de los trabajadores organizados y que hoy defienden el gobierno sobre la posibilidad de un juicio pol\u00edtico.<\/p>\n<p style=\"text-align: justify;\"><strong>Frente de Izquierda para unificar la lucha<\/strong><\/p>\n<p style=\"text-align: justify;\">En el campo de la izquierda socialista algunas corrientes, de la que somos parte, afirman la necesidad de construir un Frente de Izquierda Socialista en la lucha y para las elecciones. En un escenario de polarizaci\u00f3n entre el gobierno y la oposici\u00f3n de derecha, la pol\u00edtica de independencia de clase tiene serias dificultades en la realizaci\u00f3n de la visibilidad debido a los actos \u201ccontra el golpe\u201d, el control predominante \u00a0del oficialismo y los actos de \u201cFuera Dilma\u201d una masa indiscutiblemente de derecha.<\/p>\n<p style=\"text-align: justify;\">Se hace m\u00e1s evidente la necesidad de un Frente de Izquierda Socialista que se construya sin falsas hegemon\u00edas (como siempre quiere imponer la direcci\u00f3n del PSTU) se muestra m\u00e1s necesario que nunca antes la falta de pol\u00edtica que prevalece dentro de la CSP-Conlutas. Es necesario \u2013 y posible \u2013 empezar a construir un Frente de Izquierda Socialista para organizar los partidos socialistas y todos los sindicatos, los movimientos populares y estudiantiles independientes para desarrollar ideas y t\u00e1cticas que nos permitan participar en la disputa de los trabajadores y la juventud para la lucha por una pol\u00edtica de clase.<\/p>\n<p style=\"text-align: justify;\">Esta es la tarea central que las organizaciones que tienen peso en la vanguardia (PSOL y PSTU) necesitan tomar inmediatamente, si no se quiere perder totalmente la oportunidad de construir un tercer campo de los sectores de masas, condici\u00f3n fundamental para que la polarizaci\u00f3n entre el gobierno y la oposici\u00f3n reaccionaria puede ser rota. Pero creemos que la lucha contra la ofensiva reaccionaria, contra los ajustes neoliberales y la construcci\u00f3n de un Frente de Izquierda Socialista son s\u00f3lo una parte de una pol\u00edtica que tiene como objetivo superar la polarizaci\u00f3n entre el gobierno y la oposici\u00f3n burguesa.<\/p>\n<p style=\"text-align: justify;\"><strong>Contra la ofensiva reaccionaria: Asamblea Constituyente, Democr\u00e1tica y Soberana <\/strong><\/p>\n<p style=\"text-align: justify;\">Para nosotros, la propuesta de \u201cElecci\u00f3n General\u201d presentada por muchos sectores de la PSOL y PSTU, s\u00f3lo reproduce el sistema pol\u00edtico actual y no da cuenta de la necesidad de profundas reformas democr\u00e1ticas en todos los \u00e1mbitos de la vida nacional. Por otro lado, una salida como la del \u201cgobierno de los trabajadores con el apoyo de los consejos populares\u201d, seg\u00fan lo propuesto por el PSTU, es en este momento es tama\u00f1a abstracci\u00f3n, porque no se basa en el \u00fanico elemento de la din\u00e1mica real de hoy en d\u00eda que es la movilizaci\u00f3n de los trabajadores ni dialoga con ning\u00fan elemento de la consciencia.<\/p>\n<p style=\"text-align: justify;\">Sin embargo, es necesario no estar encerrado entre gobierno y oposici\u00f3n derecha y presentar la salida pol\u00edtica propia de los trabajadores. Hemos visto anteriormente c\u00f3mo la ausencia de una formulaci\u00f3n de la pol\u00edtica global hace que sectores independientes terminen en la \u00f3rbita de oficialismo u oposici\u00f3n burguesa, y esta ausencia se hace cada vez m\u00e1s grave en la cara de la probable ca\u00edda del gobierno de Rousseff y \u00a0de la asunci\u00f3n de Temer \/ A\u00e9cio.<\/p>\n<p style=\"text-align: justify;\">Por lo tanto, hemos insistido en la necesidad, dada la actual correlaci\u00f3n de fuerzas, de poner en marcha la construcci\u00f3n de una Asamblea Constituyente Democr\u00e1tica, soberana e impuesto por la movilizaci\u00f3n. Esta propuesta se entiende a menudo mal, porque en nuestro pa\u00eds hay una tradici\u00f3n\u00a0 de que la masa de los trabajadores, desde el proceso de la Independencia Nacional y la Constituci\u00f3n de la Rep\u00fablica, siempre han sido expulsados \u200b\u200bde la transformaci\u00f3n pol\u00edtica y los procesos de rebeli\u00f3n en los que las masas han participado siempre fueron derrotado o sus victorias (caso de la lucha contra la esclavitud) fueron distorsionadas por la historiograf\u00eda oficial.<\/p>\n<p style=\"text-align: justify;\">En nuestro pa\u00eds, es necesario respetar las reformas democr\u00e1ticas como las tareas centrales del movimiento. Para aquellos que alimentan los prejuicios en el sentido de que los socialistas revolucionarios no plantean cuestiones democr\u00e1ticas, queremos recordar que lo mejor de nuestra tradici\u00f3n siempre ha luchado en consecuencia por las consignas democr\u00e1ticas, de hecho, esa es la gran diferencia con los reformistas que toman las cuestiones democr\u00e1ticas solamente en los d\u00edas de fiesta.<\/p>\n<p style=\"text-align: justify;\">Adem\u00e1s de las enormes demandas democr\u00e1ticas pendientes, nos encontramos en una situaci\u00f3n en la cual la ofensiva burguesa amenaza los pocas conquistas y las condiciones inmediatas de la existencia. Sin embargo, esta situaci\u00f3n se produce en una situaci\u00f3n de profunda crisis que afecta a todo al conjunto de las fuerzas \u00a0pol\u00edticas pero los trabajadores no est\u00e1n derrotados y pueden mediante su movilizaci\u00f3n cambiar el rumbo y ser protagonistas de la construcci\u00f3n de una alternativa independiente de la pol\u00edtica del gobierno y la oposici\u00f3n burguesa. Una alternativa pol\u00edtica que pueda unificar a los trabajadores de la ciudad y el campo, la lucha de las mujeres, los negros, los j\u00f3venes LGTBI de todo el pa\u00eds pasa por las banderas democr\u00e1ticas que s\u00f3lo pueden ser conquistadas a trav\u00e9s de un proceso masivo de lucha por una Asamblea Constituyente, Democr\u00e1tica y Soberana que represente a todas las viejas y las nuevas demandas democr\u00e1ticas.<\/p>\n<p style=\"text-align: justify;\"><a href=\"https:\/\/www.mas.org.ar\/?p=8409#_ftnref1\" name=\"_ftn1\">[1]<\/a> Las manifestaciones convocadas por el Espacio de Unidad de Acci\u00f3n (CSP-Conlutas y la CUT Puede M\u00e1s) el 1 de abril fueron un buen ejemplo de la necesidad de hacer una reflexi\u00f3n profunda dentro de la izquierda socialista. Esta fecha podr\u00eda haber marcado fuertemente el inicio de un proceso de construcci\u00f3n efectiva de la independencia del campo de clase, pero no logr\u00f3 movilizar masivamente. Esto no quiere decir que la izquierda socialista no puede movilizar un mayor n\u00famero de trabajadores en un escenario politizaci\u00f3n generalizada, pero para ello tendr\u00e1 que hacer una nueva evaluaci\u00f3n exhaustiva de su pol\u00edtica.<\/p>\n<p style=\"text-align: justify;\">\n","protected":false},"excerpt":{"rendered":"<p>El PMDB abandona el gobierno Temer se coloca abiertamente al servicio de la ofensiva reaccionaria No a la ofensiva reaccionaria del juicio pol\u00edtico al gobierno y no a los ajustes anti obreros de Dilma. Es necesario unificar a la izquierda socialista para movilizar a los trabajadores y la juventud por una salida en la que [&hellip;]<\/p>\n","protected":false},"author":8,"featured_media":7564,"comment_status":"closed","ping_status":"closed","sticky":false,"template":"","format":"standard","meta":{"footnotes":""},"categories":[122,1657],"tags":[1119,1489,1334],"class_list":{"0":"post-7563","1":"post","2":"type-post","3":"status-publish","4":"format-standard","5":"has-post-thumbnail","7":"category-america-latina-y-el-caribe","8":"category-brasil","9":"tag-antonio-soler","10":"tag-edicion-24","11":"tag-sob-brasil"},"yoast_head":"<!-- This site is optimized with the Yoast SEO plugin v27.5 - https:\/\/yoast.com\/product\/yoast-seo-wordpress\/ -->\n<title>Avanza la ofensiva reaccionaria en Brasil - Socialismo o Barbarie<\/title>\n<meta name=\"robots\" content=\"index, follow, max-snippet:-1, max-image-preview:large, max-video-preview:-1\" \/>\n<link rel=\"canonical\" href=\"https:\/\/www.socialismoobarbarie.org\/?p=7563\" \/>\n<meta property=\"og:locale\" content=\"es_ES\" \/>\n<meta property=\"og:type\" content=\"article\" \/>\n<meta property=\"og:title\" content=\"Avanza la ofensiva reaccionaria en Brasil - Socialismo o Barbarie\" \/>\n<meta property=\"og:description\" content=\"El PMDB abandona el gobierno Temer se coloca abiertamente al servicio de la ofensiva reaccionaria No a la ofensiva reaccionaria del juicio pol\u00edtico al gobierno y no a los ajustes anti obreros de Dilma. Es necesario unificar a la izquierda socialista para movilizar a los trabajadores y la juventud por una salida en la que [&hellip;]\" \/>\n<meta property=\"og:url\" content=\"https:\/\/www.socialismoobarbarie.org\/?p=7563\" \/>\n<meta property=\"og:site_name\" content=\"Socialismo o Barbarie\" \/>\n<meta property=\"article:published_time\" content=\"2016-04-07T22:33:51+00:00\" \/>\n<meta property=\"article:modified_time\" content=\"2019-11-20T13:51:35+00:00\" \/>\n<meta property=\"og:image\" content=\"https:\/\/www.socialismoobarbarie.org\/wp-content\/uploads\/2016\/04\/brasil1-e1460045275293.jpg\" \/>\n\t<meta property=\"og:image:width\" content=\"700\" \/>\n\t<meta property=\"og:image:height\" content=\"352\" \/>\n\t<meta property=\"og:image:type\" content=\"image\/jpeg\" \/>\n<meta name=\"author\" content=\"SOB\" \/>\n<meta name=\"twitter:card\" content=\"summary_large_image\" \/>\n<meta name=\"twitter:label1\" content=\"Escrito por\" \/>\n\t<meta name=\"twitter:data1\" content=\"SOB\" \/>\n\t<meta name=\"twitter:label2\" content=\"Tiempo de lectura\" \/>\n\t<meta name=\"twitter:data2\" content=\"15 minutos\" \/>\n<script type=\"application\/ld+json\" class=\"yoast-schema-graph\">{\"@context\":\"https:\\\/\\\/schema.org\",\"@graph\":[{\"@type\":\"Article\",\"@id\":\"https:\\\/\\\/www.socialismoobarbarie.org\\\/?p=7563#article\",\"isPartOf\":{\"@id\":\"https:\\\/\\\/www.socialismoobarbarie.org\\\/?p=7563\"},\"author\":{\"name\":\"SOB\",\"@id\":\"https:\\\/\\\/www.socialismoobarbarie.org\\\/#\\\/schema\\\/person\\\/bc1c3b321d47ed092405949c77e35a8e\"},\"headline\":\"Avanza la ofensiva reaccionaria en Brasil\",\"datePublished\":\"2016-04-07T22:33:51+00:00\",\"dateModified\":\"2019-11-20T13:51:35+00:00\",\"mainEntityOfPage\":{\"@id\":\"https:\\\/\\\/www.socialismoobarbarie.org\\\/?p=7563\"},\"wordCount\":3034,\"publisher\":{\"@id\":\"https:\\\/\\\/www.socialismoobarbarie.org\\\/#organization\"},\"image\":{\"@id\":\"https:\\\/\\\/www.socialismoobarbarie.org\\\/?p=7563#primaryimage\"},\"thumbnailUrl\":\"https:\\\/\\\/www.socialismoobarbarie.org\\\/wp-content\\\/uploads\\\/2016\\\/04\\\/brasil1-e1460045275293.jpg\",\"keywords\":[\"Antonio Soler\",\"Edicion 24\",\"SoB Brasil\"],\"articleSection\":[\"Am\u00e9rica Latina\",\"Brasil\"],\"inLanguage\":\"es\"},{\"@type\":\"WebPage\",\"@id\":\"https:\\\/\\\/www.socialismoobarbarie.org\\\/?p=7563\",\"url\":\"https:\\\/\\\/www.socialismoobarbarie.org\\\/?p=7563\",\"name\":\"Avanza la ofensiva reaccionaria en Brasil - Socialismo o Barbarie\",\"isPartOf\":{\"@id\":\"https:\\\/\\\/www.socialismoobarbarie.org\\\/#website\"},\"primaryImageOfPage\":{\"@id\":\"https:\\\/\\\/www.socialismoobarbarie.org\\\/?p=7563#primaryimage\"},\"image\":{\"@id\":\"https:\\\/\\\/www.socialismoobarbarie.org\\\/?p=7563#primaryimage\"},\"thumbnailUrl\":\"https:\\\/\\\/www.socialismoobarbarie.org\\\/wp-content\\\/uploads\\\/2016\\\/04\\\/brasil1-e1460045275293.jpg\",\"datePublished\":\"2016-04-07T22:33:51+00:00\",\"dateModified\":\"2019-11-20T13:51:35+00:00\",\"breadcrumb\":{\"@id\":\"https:\\\/\\\/www.socialismoobarbarie.org\\\/?p=7563#breadcrumb\"},\"inLanguage\":\"es\",\"potentialAction\":[{\"@type\":\"ReadAction\",\"target\":[\"https:\\\/\\\/www.socialismoobarbarie.org\\\/?p=7563\"]}]},{\"@type\":\"ImageObject\",\"inLanguage\":\"es\",\"@id\":\"https:\\\/\\\/www.socialismoobarbarie.org\\\/?p=7563#primaryimage\",\"url\":\"https:\\\/\\\/www.socialismoobarbarie.org\\\/wp-content\\\/uploads\\\/2016\\\/04\\\/brasil1-e1460045275293.jpg\",\"contentUrl\":\"https:\\\/\\\/www.socialismoobarbarie.org\\\/wp-content\\\/uploads\\\/2016\\\/04\\\/brasil1-e1460045275293.jpg\",\"width\":700,\"height\":352},{\"@type\":\"BreadcrumbList\",\"@id\":\"https:\\\/\\\/www.socialismoobarbarie.org\\\/?p=7563#breadcrumb\",\"itemListElement\":[{\"@type\":\"ListItem\",\"position\":1,\"name\":\"Portada\",\"item\":\"https:\\\/\\\/www.socialismoobarbarie.org\\\/\"},{\"@type\":\"ListItem\",\"position\":2,\"name\":\"Avanza la ofensiva reaccionaria en Brasil\"}]},{\"@type\":\"WebSite\",\"@id\":\"https:\\\/\\\/www.socialismoobarbarie.org\\\/#website\",\"url\":\"https:\\\/\\\/www.socialismoobarbarie.org\\\/\",\"name\":\"Socialismo o Barbarie\",\"description\":\"Sitio web de la corriente internacional Socialismo o Barbarie\",\"publisher\":{\"@id\":\"https:\\\/\\\/www.socialismoobarbarie.org\\\/#organization\"},\"potentialAction\":[{\"@type\":\"SearchAction\",\"target\":{\"@type\":\"EntryPoint\",\"urlTemplate\":\"https:\\\/\\\/www.socialismoobarbarie.org\\\/?s={search_term_string}\"},\"query-input\":{\"@type\":\"PropertyValueSpecification\",\"valueRequired\":true,\"valueName\":\"search_term_string\"}}],\"inLanguage\":\"es\"},{\"@type\":\"Organization\",\"@id\":\"https:\\\/\\\/www.socialismoobarbarie.org\\\/#organization\",\"name\":\"Socialismo o Barbarie\",\"url\":\"https:\\\/\\\/www.socialismoobarbarie.org\\\/\",\"logo\":{\"@type\":\"ImageObject\",\"inLanguage\":\"es\",\"@id\":\"https:\\\/\\\/www.socialismoobarbarie.org\\\/#\\\/schema\\\/logo\\\/image\\\/\",\"url\":\"https:\\\/\\\/www.socialismoobarbarie.org\\\/wp-content\\\/uploads\\\/2025\\\/02\\\/soblogoweb-2025.png\",\"contentUrl\":\"https:\\\/\\\/www.socialismoobarbarie.org\\\/wp-content\\\/uploads\\\/2025\\\/02\\\/soblogoweb-2025.png\",\"width\":450,\"height\":161,\"caption\":\"Socialismo o Barbarie\"},\"image\":{\"@id\":\"https:\\\/\\\/www.socialismoobarbarie.org\\\/#\\\/schema\\\/logo\\\/image\\\/\"}},{\"@type\":\"Person\",\"@id\":\"https:\\\/\\\/www.socialismoobarbarie.org\\\/#\\\/schema\\\/person\\\/bc1c3b321d47ed092405949c77e35a8e\",\"name\":\"SOB\",\"url\":\"https:\\\/\\\/www.socialismoobarbarie.org\\\/?author=8\"}]}<\/script>\n<!-- \/ Yoast SEO plugin. -->","yoast_head_json":{"title":"Avanza la ofensiva reaccionaria en Brasil - Socialismo o Barbarie","robots":{"index":"index","follow":"follow","max-snippet":"max-snippet:-1","max-image-preview":"max-image-preview:large","max-video-preview":"max-video-preview:-1"},"canonical":"https:\/\/www.socialismoobarbarie.org\/?p=7563","og_locale":"es_ES","og_type":"article","og_title":"Avanza la ofensiva reaccionaria en Brasil - Socialismo o Barbarie","og_description":"El PMDB abandona el gobierno Temer se coloca abiertamente al servicio de la ofensiva reaccionaria No a la ofensiva reaccionaria del juicio pol\u00edtico al gobierno y no a los ajustes anti obreros de Dilma. Es necesario unificar a la izquierda socialista para movilizar a los trabajadores y la juventud por una salida en la que [&hellip;]","og_url":"https:\/\/www.socialismoobarbarie.org\/?p=7563","og_site_name":"Socialismo o Barbarie","article_published_time":"2016-04-07T22:33:51+00:00","article_modified_time":"2019-11-20T13:51:35+00:00","og_image":[{"width":700,"height":352,"url":"https:\/\/www.socialismoobarbarie.org\/wp-content\/uploads\/2016\/04\/brasil1-e1460045275293.jpg","type":"image\/jpeg"}],"author":"SOB","twitter_card":"summary_large_image","twitter_misc":{"Escrito por":"SOB","Tiempo de lectura":"15 minutos"},"schema":{"@context":"https:\/\/schema.org","@graph":[{"@type":"Article","@id":"https:\/\/www.socialismoobarbarie.org\/?p=7563#article","isPartOf":{"@id":"https:\/\/www.socialismoobarbarie.org\/?p=7563"},"author":{"name":"SOB","@id":"https:\/\/www.socialismoobarbarie.org\/#\/schema\/person\/bc1c3b321d47ed092405949c77e35a8e"},"headline":"Avanza la ofensiva reaccionaria en Brasil","datePublished":"2016-04-07T22:33:51+00:00","dateModified":"2019-11-20T13:51:35+00:00","mainEntityOfPage":{"@id":"https:\/\/www.socialismoobarbarie.org\/?p=7563"},"wordCount":3034,"publisher":{"@id":"https:\/\/www.socialismoobarbarie.org\/#organization"},"image":{"@id":"https:\/\/www.socialismoobarbarie.org\/?p=7563#primaryimage"},"thumbnailUrl":"https:\/\/www.socialismoobarbarie.org\/wp-content\/uploads\/2016\/04\/brasil1-e1460045275293.jpg","keywords":["Antonio Soler","Edicion 24","SoB Brasil"],"articleSection":["Am\u00e9rica Latina","Brasil"],"inLanguage":"es"},{"@type":"WebPage","@id":"https:\/\/www.socialismoobarbarie.org\/?p=7563","url":"https:\/\/www.socialismoobarbarie.org\/?p=7563","name":"Avanza la ofensiva reaccionaria en Brasil - Socialismo o Barbarie","isPartOf":{"@id":"https:\/\/www.socialismoobarbarie.org\/#website"},"primaryImageOfPage":{"@id":"https:\/\/www.socialismoobarbarie.org\/?p=7563#primaryimage"},"image":{"@id":"https:\/\/www.socialismoobarbarie.org\/?p=7563#primaryimage"},"thumbnailUrl":"https:\/\/www.socialismoobarbarie.org\/wp-content\/uploads\/2016\/04\/brasil1-e1460045275293.jpg","datePublished":"2016-04-07T22:33:51+00:00","dateModified":"2019-11-20T13:51:35+00:00","breadcrumb":{"@id":"https:\/\/www.socialismoobarbarie.org\/?p=7563#breadcrumb"},"inLanguage":"es","potentialAction":[{"@type":"ReadAction","target":["https:\/\/www.socialismoobarbarie.org\/?p=7563"]}]},{"@type":"ImageObject","inLanguage":"es","@id":"https:\/\/www.socialismoobarbarie.org\/?p=7563#primaryimage","url":"https:\/\/www.socialismoobarbarie.org\/wp-content\/uploads\/2016\/04\/brasil1-e1460045275293.jpg","contentUrl":"https:\/\/www.socialismoobarbarie.org\/wp-content\/uploads\/2016\/04\/brasil1-e1460045275293.jpg","width":700,"height":352},{"@type":"BreadcrumbList","@id":"https:\/\/www.socialismoobarbarie.org\/?p=7563#breadcrumb","itemListElement":[{"@type":"ListItem","position":1,"name":"Portada","item":"https:\/\/www.socialismoobarbarie.org\/"},{"@type":"ListItem","position":2,"name":"Avanza la ofensiva reaccionaria en Brasil"}]},{"@type":"WebSite","@id":"https:\/\/www.socialismoobarbarie.org\/#website","url":"https:\/\/www.socialismoobarbarie.org\/","name":"Socialismo o Barbarie","description":"Sitio web de la corriente internacional Socialismo o Barbarie","publisher":{"@id":"https:\/\/www.socialismoobarbarie.org\/#organization"},"potentialAction":[{"@type":"SearchAction","target":{"@type":"EntryPoint","urlTemplate":"https:\/\/www.socialismoobarbarie.org\/?s={search_term_string}"},"query-input":{"@type":"PropertyValueSpecification","valueRequired":true,"valueName":"search_term_string"}}],"inLanguage":"es"},{"@type":"Organization","@id":"https:\/\/www.socialismoobarbarie.org\/#organization","name":"Socialismo o Barbarie","url":"https:\/\/www.socialismoobarbarie.org\/","logo":{"@type":"ImageObject","inLanguage":"es","@id":"https:\/\/www.socialismoobarbarie.org\/#\/schema\/logo\/image\/","url":"https:\/\/www.socialismoobarbarie.org\/wp-content\/uploads\/2025\/02\/soblogoweb-2025.png","contentUrl":"https:\/\/www.socialismoobarbarie.org\/wp-content\/uploads\/2025\/02\/soblogoweb-2025.png","width":450,"height":161,"caption":"Socialismo o Barbarie"},"image":{"@id":"https:\/\/www.socialismoobarbarie.org\/#\/schema\/logo\/image\/"}},{"@type":"Person","@id":"https:\/\/www.socialismoobarbarie.org\/#\/schema\/person\/bc1c3b321d47ed092405949c77e35a8e","name":"SOB","url":"https:\/\/www.socialismoobarbarie.org\/?author=8"}]}},"_links":{"self":[{"href":"https:\/\/www.socialismoobarbarie.org\/index.php?rest_route=\/wp\/v2\/posts\/7563","targetHints":{"allow":["GET"]}}],"collection":[{"href":"https:\/\/www.socialismoobarbarie.org\/index.php?rest_route=\/wp\/v2\/posts"}],"about":[{"href":"https:\/\/www.socialismoobarbarie.org\/index.php?rest_route=\/wp\/v2\/types\/post"}],"author":[{"embeddable":true,"href":"https:\/\/www.socialismoobarbarie.org\/index.php?rest_route=\/wp\/v2\/users\/8"}],"replies":[{"embeddable":true,"href":"https:\/\/www.socialismoobarbarie.org\/index.php?rest_route=%2Fwp%2Fv2%2Fcomments&post=7563"}],"version-history":[{"count":1,"href":"https:\/\/www.socialismoobarbarie.org\/index.php?rest_route=\/wp\/v2\/posts\/7563\/revisions"}],"predecessor-version":[{"id":7565,"href":"https:\/\/www.socialismoobarbarie.org\/index.php?rest_route=\/wp\/v2\/posts\/7563\/revisions\/7565"}],"wp:featuredmedia":[{"embeddable":true,"href":"https:\/\/www.socialismoobarbarie.org\/index.php?rest_route=\/wp\/v2\/media\/7564"}],"wp:attachment":[{"href":"https:\/\/www.socialismoobarbarie.org\/index.php?rest_route=%2Fwp%2Fv2%2Fmedia&parent=7563"}],"wp:term":[{"taxonomy":"category","embeddable":true,"href":"https:\/\/www.socialismoobarbarie.org\/index.php?rest_route=%2Fwp%2Fv2%2Fcategories&post=7563"},{"taxonomy":"post_tag","embeddable":true,"href":"https:\/\/www.socialismoobarbarie.org\/index.php?rest_route=%2Fwp%2Fv2%2Ftags&post=7563"}],"curies":[{"name":"wp","href":"https:\/\/api.w.org\/{rel}","templated":true}]}}